{"id":10388,"date":"2019-06-28T17:30:47","date_gmt":"2019-06-28T15:30:47","guid":{"rendered":"https:\/\/www.mzone.cz\/?p=10388"},"modified":"2019-07-02T13:06:41","modified_gmt":"2019-07-02T11:06:41","slug":"blog-demonstrace-na-letne-me-stvala-a-znovu-uz-nepujdu","status":"publish","type":"post","link":"https:\/\/www.mzone.cz\/en\/blog-demonstrace-na-letne-me-stvala-a-znovu-uz-nepujdu\/","title":{"rendered":"Blog: Demonstrace na Letn\u00e9 m\u011b \u0161tvala a znovu u\u017e nep\u016fjdu"},"content":{"rendered":"<p><strong>Na Letn\u00e9 jsem byl. Pova\u017eoval jsem to za d\u016fle\u017eit\u00e9, uk\u00e1zat, \u017ee tak\u00e9 nesouhlas\u00edm. I kdy\u017e to ukazuji pr\u016fb\u011b\u017en\u011b u voleb. Ale kdy\u017e u\u017e se svol\u00e1v\u00e1 nejv\u011bt\u0161\u00ed demonstrace od Sametov\u00e9 revoluce, to u\u017e p\u0159ece n\u011bco znamen\u00e1, to by mohlo n\u011bco zm\u011bnit. A tak jsem \u0161el.<\/strong><\/p><br>\n\n\n\n<p>Vlastn\u011b to byla moje prvn\u00ed demonstrace v dosp\u011bl\u00e9m \u017eivot\u011b. Kdy\u017e mi byl jeden rok, byl jsem s m\u00e1mou na V\u00e1clav\u00e1ku a zvonil jsem kl\u00ed\u010demi. To si ale samoz\u0159ejm\u011b nepamatuji. Do minul\u00e9 ned\u011ble se mi pak demonstrace v\u00edcem\u00e9n\u011b vyh\u00fdbaly.<\/p><br>\n\n\n\n<p>Mus\u00edm \u0159\u00edct, \u017ee spolku Milion chvilek pro demokracii fand\u00edm. Souhlas\u00edm s jejich v\u00fdtkami i po\u017eadavky a obdivuji, \u017ee dok\u00e1zali v takov\u00e9m rozsahu mobilizovat \u010deskou spole\u010dnost. Posledn\u00ed demonstrace na Letensk\u00e9 pl\u00e1ni byla velkolepou uk\u00e1zkou toho, jak je t\u00fdm kolem Mikul\u00e1\u0161e Min\u00e1\u0159e schopn\u00fd. <\/p>\n\n\n\n<blockquote class=\"wp-block-quote is-layout-flow wp-block-quote-is-layout-flow\"><p>V neposledn\u00ed \u0159ad\u011b oce\u0148uji poklidn\u00fd p\u0159\u00edstup k demonstrac\u00edm a p\u0159\u00e1telskou atmosf\u00e9ru bez nen\u00e1visti, kter\u00e1 na nich panuje. I kdy\u017e nik\u00fdm nevolen\u00fd st\u00e1tn\u00ed \u00fa\u0159edn\u00edk to samoz\u0159ejm\u011b vid\u00ed \u00fapln\u011b jinak.<\/p><\/blockquote>\n\n\n\n<p>P\u0159esto se mi na Letn\u00e9 nel\u00edbilo. Nebylo to ani skladbou vystupuj\u00edc\u00edch, ani lidmi kolem m\u011b, ani obsahem sd\u011blen\u00ed, kter\u00e9 se valilo z p\u00f3dia. C\u00edtil jsem beznad\u011bj. Uv\u011bdomil jsem si toti\u017e, \u017ee je to zbyte\u010dn\u00e9. Je dobr\u00e9 uk\u00e1zat, \u017ee n\u00e1m to nen\u00ed jedno. Je dobr\u00e9 vytv\u00e1\u0159et tlak na premi\u00e9ra, ministryni spravedlnosti i prezidenta republiky. Je dobr\u00e9 jim uk\u00e1zat, \u017ee si nemohou d\u011blat, co se jim zl\u00edb\u00ed. Ale t\u00edm to bohu\u017eel kon\u010d\u00ed.<\/p><br>\n\n\n\n<div class=\"wp-block-image\"><figure class=\"alignleft is-resized\"><img loading=\"lazy\" decoding=\"async\" src=\"https:\/\/www.mzone.cz\/wp-content\/uploads\/2019\/06\/blog_filip-1024x689.jpg\" alt=\"\" class=\"wp-image-9589\" width=\"97\" height=\"65\" srcset=\"https:\/\/www.mzone.cz\/wp-content\/uploads\/2019\/06\/blog_filip-1024x689.jpg 1024w, https:\/\/www.mzone.cz\/wp-content\/uploads\/2019\/06\/blog_filip-300x202.jpg 300w, https:\/\/www.mzone.cz\/wp-content\/uploads\/2019\/06\/blog_filip-768x516.jpg 768w, https:\/\/www.mzone.cz\/wp-content\/uploads\/2019\/06\/blog_filip-800x533.jpg 800w, https:\/\/www.mzone.cz\/wp-content\/uploads\/2019\/06\/blog_filip-400x267.jpg 400w, https:\/\/www.mzone.cz\/wp-content\/uploads\/2019\/06\/blog_filip-500x333.jpg 500w, https:\/\/www.mzone.cz\/wp-content\/uploads\/2019\/06\/blog_filip-1170x780.jpg 1170w, https:\/\/www.mzone.cz\/wp-content\/uploads\/2019\/06\/blog_filip-590x397.jpg 590w, https:\/\/www.mzone.cz\/wp-content\/uploads\/2019\/06\/blog_filip.jpg 1667w\" sizes=\"auto, (max-width: 97px) 100vw, 97px\" \/><\/figure><\/div>\n\n\n\n<h4><a href=\"https:\/\/www.mzone.cz\/blog-filip-pry-vtipkoval-ale-odhalil-karty\/\">Blog: Filip pr\u00fd vtipkoval, ale odhalil karty<\/a><\/h4><br>\n\n\n\n<p>Pokud padne tato vl\u00e1da, dojde k p\u0159ed\u010dasn\u00fdm volb\u00e1m. A ty vyhraje op\u011bt Andrej Babi\u0161. I kdyby na Letn\u00e9 bylo p\u016fl milionu lid\u00ed. My, kte\u0159\u00ed s jeho politikou a praktikami, kter\u00e9 dlouhodob\u011b p\u0159edv\u00e1d\u00ed, nesouhlas\u00edme, m\u016f\u017eeme st\u00e1t na n\u00e1m\u011bst\u00edch t\u0159eba ka\u017edou ned\u011bli. K volb\u00e1m pak ale p\u0159ijdou dva miliony lid\u00ed, kter\u00fdm je to jedno. Je jim jedno, co se d\u011bje nejen na Letn\u00e9, ale i ve sn\u011bmovn\u011b, na \u00da\u0159adu vl\u00e1dy \u010di na jednotliv\u00fdch ministerstvech.<\/p>\n\n\n\n<blockquote class=\"wp-block-quote is-layout-flow wp-block-quote-is-layout-flow\"><p>Ve volb\u00e1ch toti\u017e rozhoduje j\u00edzdn\u00e9 zdarma, dv\u011b stovky k d\u016fchodu nav\u00edc a sem tam n\u011bjak\u00e9 to f\u0148uk\u00e1n\u00ed, jak jsou v\u0161ichni okolo zl\u00ed. M\u00edsto hodin str\u00e1ven\u00fdch na n\u00e1m\u011bst\u00edch \u010di Letensk\u00e9 pl\u00e1ni, bychom se m\u011bli bavit s voli\u010di hnut\u00ed ANO a vysv\u011btlit jim, v \u010dem je probl\u00e9m. Argumenty a trp\u011bliv\u00e1 diskuze s lidmi, kte\u0159\u00ed se o politiku nezaj\u00edmaj\u00ed, je cestou. Pln\u00e1 n\u00e1m\u011bst\u00ed ne.<\/p><\/blockquote>\n\n\n\n<p>Proto p\u0159\u00ed\u0161t\u011b u\u017e neodjedu v ned\u011bli odpoledne d\u0159\u00edv z chaty \u010di chalupy a nep\u016fjdu na Letnou. Rad\u0161i na koupali\u0161ti u piva p\u0159esv\u011bd\u010d\u00edm jednoho voli\u010de zla, ne\u017e abych sv\u016fj drahocenn\u00fd \u010das tr\u00e1vil v davu stejn\u011b sm\u00fd\u0161lej\u00edc\u00edch lid\u00ed p\u0159ed velkoplo\u0161n\u00fdmi obrazovkami. Lidi, kte\u0159\u00ed na demonstrace chod\u00ed, toti\u017e nepot\u0159ebuj\u00ed argumenty z p\u00f3dia, m\u011bli by si je ale vyslechnout ti, kte\u0159\u00ed Babi\u0161e a spol. vol\u00ed. A ti bohu\u017eel na demonstrace nep\u0159ijdou.<\/p><br>\n\n\n\n<p><strong>Chcete se tak\u00e9 na str\u00e1nk\u00e1ch Mzone.cz pod\u011blit o sv\u016fj n\u00e1zor nebo se vypsat z n\u011b\u010deho, co v\u00e1s tr\u00e1p\u00ed? Blogovat m\u016f\u017eete i vy! Sv\u00e9 p\u0159\u00edsp\u011bvky zas\u00edlejte na e-mail redakce@mzone.cz a do p\u0159edm\u011btu uve\u010fte heslo \u201eBlog\u201c.<\/strong><\/p>","protected":false},"excerpt":{"rendered":"<p>Na Letn\u00e9 jsem byl. Pova\u017eoval jsem to za d\u016fle\u017eit\u00e9, uk\u00e1zat, \u017ee tak\u00e9 nesouhlas\u00edm. I kdy\u017e to ukazuji pr\u016fb\u011b\u017en\u011b u voleb. Ale kdy\u017e u\u017e se svol\u00e1v\u00e1 nejv\u011bt\u0161\u00ed demonstrace od Sametov\u00e9 revoluce, to u\u017e p\u0159ece n\u011bco znamen\u00e1, to by mohlo n\u011bco zm\u011bnit. A tak jsem \u0161el. Vlastn\u011b to byla moje prvn\u00ed demonstrace v dosp\u011bl\u00e9m \u017eivot\u011b. Kdy\u017e mi [&hellip;]<\/p>\n","protected":false},"author":4,"featured_media":10389,"comment_status":"open","ping_status":"closed","sticky":false,"template":"","format":"standard","meta":{"kk_blocks_editor_width":"","_kiokenblocks_attr":"","_kiokenblocks_dimensions":"","footnotes":""},"categories":[385],"tags":[2042,59,2317,2045,2419,2420,1995,2421,787,2422,1018],"class_list":["post-10388","post","type-post","status-publish","format-standard","has-post-thumbnail","hentry","category-blog","tag-andrej-babis","tag-blog","tag-demonstrace","tag-hnuti-ano","tag-jakub-deml","tag-letenska-plan","tag-letna","tag-milion-chvilek-pro-demokracii","tag-nazor","tag-nespokojenost","tag-politika"],"yoast_head":"<!-- This site is optimized with the Yoast SEO plugin v27.5 - https:\/\/yoast.com\/product\/yoast-seo-wordpress\/ -->\n<title>Blog: Demonstrace na Letn\u00e9 m\u011b \u0161tvala a znovu u\u017e nep\u016fjdu - Mzone<\/title>\n<meta name=\"description\" content=\"Na Letn\u00e9 jsem byl. Pova\u017eoval jsem to za d\u016fle\u017eit\u00e9, uk\u00e1zat, \u017ee tak\u00e9 nesouhlas\u00edm. I kdy\u017e to ukazuji pr\u016fb\u011b\u017en\u011b u voleb. Ale kdy\u017e u\u017e se svol\u00e1v\u00e1 nejv\u011bt\u0161\u00ed demonstrace od Sametov\u00e9 revoluce, to u\u017e p\u0159ece n\u011bco znamen\u00e1, to by mohlo n\u011bco zm\u011bnit. A tak jsem \u0161el.\" \/>\n<meta name=\"robots\" content=\"index, follow, max-snippet:-1, max-image-preview:large, max-video-preview:-1\" \/>\n<link rel=\"canonical\" href=\"https:\/\/www.mzone.cz\/en\/blog-demonstrace-na-letne-me-stvala-a-znovu-uz-nepujdu\/\" \/>\n<meta property=\"og:locale\" content=\"en_US\" \/>\n<meta property=\"og:type\" content=\"article\" \/>\n<meta property=\"og:title\" content=\"Blog: Demonstrace na Letn\u00e9 m\u011b \u0161tvala a znovu u\u017e nep\u016fjdu - Mzone\" \/>\n<meta property=\"og:description\" content=\"Na Letn\u00e9 jsem byl. Pova\u017eoval jsem to za d\u016fle\u017eit\u00e9, uk\u00e1zat, \u017ee tak\u00e9 nesouhlas\u00edm. I kdy\u017e to ukazuji pr\u016fb\u011b\u017en\u011b u voleb. Ale kdy\u017e u\u017e se svol\u00e1v\u00e1 nejv\u011bt\u0161\u00ed demonstrace od Sametov\u00e9 revoluce, to u\u017e p\u0159ece n\u011bco znamen\u00e1, to by mohlo n\u011bco zm\u011bnit. A tak jsem \u0161el.\" \/>\n<meta property=\"og:url\" content=\"https:\/\/www.mzone.cz\/en\/blog-demonstrace-na-letne-me-stvala-a-znovu-uz-nepujdu\/\" \/>\n<meta property=\"og:site_name\" content=\"Mzone\" \/>\n<meta property=\"article:publisher\" content=\"https:\/\/www.facebook.com\/MzoneCZ\/\" \/>\n<meta property=\"article:published_time\" content=\"2019-06-28T15:30:47+00:00\" \/>\n<meta property=\"article:modified_time\" content=\"2019-07-02T11:06:41+00:00\" \/>\n<meta property=\"og:image\" content=\"https:\/\/www.mzone.cz\/wp-content\/uploads\/2019\/06\/704403.jpg\" \/>\n\t<meta property=\"og:image:width\" content=\"629\" \/>\n\t<meta property=\"og:image:height\" content=\"420\" \/>\n\t<meta property=\"og:image:type\" content=\"image\/jpeg\" \/>\n<meta name=\"author\" content=\"Mzone\" \/>\n<meta name=\"twitter:card\" content=\"summary_large_image\" \/>\n<meta name=\"twitter:label1\" content=\"Written by\" \/>\n\t<meta name=\"twitter:data1\" content=\"Mzone\" \/>\n\t<meta name=\"twitter:label2\" content=\"Est. reading time\" \/>\n\t<meta name=\"twitter:data2\" content=\"3 minutes\" \/>\n<script type=\"application\/ld+json\" class=\"yoast-schema-graph\">{\"@context\":\"https:\\\/\\\/schema.org\",\"@graph\":[{\"@type\":\"Article\",\"@id\":\"https:\\\/\\\/www.mzone.cz\\\/blog-demonstrace-na-letne-me-stvala-a-znovu-uz-nepujdu\\\/#article\",\"isPartOf\":{\"@id\":\"https:\\\/\\\/www.mzone.cz\\\/blog-demonstrace-na-letne-me-stvala-a-znovu-uz-nepujdu\\\/\"},\"author\":{\"name\":\"Mzone\",\"@id\":\"https:\\\/\\\/www.mzone.cz\\\/#\\\/schema\\\/person\\\/9bc20cc422a99cac4af6ff9297da32d4\"},\"headline\":\"Blog: Demonstrace na Letn\u00e9 m\u011b \u0161tvala a znovu u\u017e nep\u016fjdu\",\"datePublished\":\"2019-06-28T15:30:47+00:00\",\"dateModified\":\"2019-07-02T11:06:41+00:00\",\"mainEntityOfPage\":{\"@id\":\"https:\\\/\\\/www.mzone.cz\\\/blog-demonstrace-na-letne-me-stvala-a-znovu-uz-nepujdu\\\/\"},\"wordCount\":629,\"commentCount\":2,\"image\":{\"@id\":\"https:\\\/\\\/www.mzone.cz\\\/blog-demonstrace-na-letne-me-stvala-a-znovu-uz-nepujdu\\\/#primaryimage\"},\"thumbnailUrl\":\"https:\\\/\\\/www.mzone.cz\\\/wp-content\\\/uploads\\\/2019\\\/06\\\/704403.jpg\",\"keywords\":[\"Andrej Babi\u0161\",\"Blog\",\"demonstrace\",\"hnut\u00ed ANO\",\"Jakub Deml\",\"Letensk\u00e1 pl\u00e1\u0148\",\"Letn\u00e1\",\"Milion chvilek pro demokracii\",\"n\u00e1zor\",\"nespokojenost\",\"politika\"],\"articleSection\":[\"Blog\"],\"inLanguage\":\"en-US\",\"potentialAction\":[{\"@type\":\"CommentAction\",\"name\":\"Comment\",\"target\":[\"https:\\\/\\\/www.mzone.cz\\\/blog-demonstrace-na-letne-me-stvala-a-znovu-uz-nepujdu\\\/#respond\"]}]},{\"@type\":\"WebPage\",\"@id\":\"https:\\\/\\\/www.mzone.cz\\\/blog-demonstrace-na-letne-me-stvala-a-znovu-uz-nepujdu\\\/\",\"url\":\"https:\\\/\\\/www.mzone.cz\\\/blog-demonstrace-na-letne-me-stvala-a-znovu-uz-nepujdu\\\/\",\"name\":\"Blog: Demonstrace na Letn\u00e9 m\u011b \u0161tvala a znovu u\u017e nep\u016fjdu - Mzone\",\"isPartOf\":{\"@id\":\"https:\\\/\\\/www.mzone.cz\\\/#website\"},\"primaryImageOfPage\":{\"@id\":\"https:\\\/\\\/www.mzone.cz\\\/blog-demonstrace-na-letne-me-stvala-a-znovu-uz-nepujdu\\\/#primaryimage\"},\"image\":{\"@id\":\"https:\\\/\\\/www.mzone.cz\\\/blog-demonstrace-na-letne-me-stvala-a-znovu-uz-nepujdu\\\/#primaryimage\"},\"thumbnailUrl\":\"https:\\\/\\\/www.mzone.cz\\\/wp-content\\\/uploads\\\/2019\\\/06\\\/704403.jpg\",\"datePublished\":\"2019-06-28T15:30:47+00:00\",\"dateModified\":\"2019-07-02T11:06:41+00:00\",\"author\":{\"@id\":\"https:\\\/\\\/www.mzone.cz\\\/#\\\/schema\\\/person\\\/9bc20cc422a99cac4af6ff9297da32d4\"},\"description\":\"Na Letn\u00e9 jsem byl. Pova\u017eoval jsem to za d\u016fle\u017eit\u00e9, uk\u00e1zat, \u017ee tak\u00e9 nesouhlas\u00edm. I kdy\u017e to ukazuji pr\u016fb\u011b\u017en\u011b u voleb. Ale kdy\u017e u\u017e se svol\u00e1v\u00e1 nejv\u011bt\u0161\u00ed demonstrace od Sametov\u00e9 revoluce, to u\u017e p\u0159ece n\u011bco znamen\u00e1, to by mohlo n\u011bco zm\u011bnit. A tak jsem \u0161el.\",\"breadcrumb\":{\"@id\":\"https:\\\/\\\/www.mzone.cz\\\/blog-demonstrace-na-letne-me-stvala-a-znovu-uz-nepujdu\\\/#breadcrumb\"},\"inLanguage\":\"en-US\",\"potentialAction\":[{\"@type\":\"ReadAction\",\"target\":[\"https:\\\/\\\/www.mzone.cz\\\/blog-demonstrace-na-letne-me-stvala-a-znovu-uz-nepujdu\\\/\"]}]},{\"@type\":\"ImageObject\",\"inLanguage\":\"en-US\",\"@id\":\"https:\\\/\\\/www.mzone.cz\\\/blog-demonstrace-na-letne-me-stvala-a-znovu-uz-nepujdu\\\/#primaryimage\",\"url\":\"https:\\\/\\\/www.mzone.cz\\\/wp-content\\\/uploads\\\/2019\\\/06\\\/704403.jpg\",\"contentUrl\":\"https:\\\/\\\/www.mzone.cz\\\/wp-content\\\/uploads\\\/2019\\\/06\\\/704403.jpg\",\"width\":629,\"height\":420},{\"@type\":\"BreadcrumbList\",\"@id\":\"https:\\\/\\\/www.mzone.cz\\\/blog-demonstrace-na-letne-me-stvala-a-znovu-uz-nepujdu\\\/#breadcrumb\",\"itemListElement\":[{\"@type\":\"ListItem\",\"position\":1,\"name\":\"Dom\u016f\",\"item\":\"https:\\\/\\\/www.mzone.cz\\\/\"},{\"@type\":\"ListItem\",\"position\":2,\"name\":\"Blog: Demonstrace na Letn\u00e9 m\u011b \u0161tvala a znovu u\u017e nep\u016fjdu\"}]},{\"@type\":\"WebSite\",\"@id\":\"https:\\\/\\\/www.mzone.cz\\\/#website\",\"url\":\"https:\\\/\\\/www.mzone.cz\\\/\",\"name\":\"Mzone\",\"description\":\"Magaz\u00edn nejen pro mu\u017ee\",\"potentialAction\":[{\"@type\":\"SearchAction\",\"target\":{\"@type\":\"EntryPoint\",\"urlTemplate\":\"https:\\\/\\\/www.mzone.cz\\\/?s={search_term_string}\"},\"query-input\":{\"@type\":\"PropertyValueSpecification\",\"valueRequired\":true,\"valueName\":\"search_term_string\"}}],\"inLanguage\":\"en-US\"},{\"@type\":\"Person\",\"@id\":\"https:\\\/\\\/www.mzone.cz\\\/#\\\/schema\\\/person\\\/9bc20cc422a99cac4af6ff9297da32d4\",\"name\":\"Mzone\",\"image\":{\"@type\":\"ImageObject\",\"inLanguage\":\"en-US\",\"@id\":\"https:\\\/\\\/secure.gravatar.com\\\/avatar\\\/e780a8630f3182a3d06dd667ab6bea151a0d155b0951bc15fe22633acdac0676?s=96&d=mm&r=g\",\"url\":\"https:\\\/\\\/secure.gravatar.com\\\/avatar\\\/e780a8630f3182a3d06dd667ab6bea151a0d155b0951bc15fe22633acdac0676?s=96&d=mm&r=g\",\"contentUrl\":\"https:\\\/\\\/secure.gravatar.com\\\/avatar\\\/e780a8630f3182a3d06dd667ab6bea151a0d155b0951bc15fe22633acdac0676?s=96&d=mm&r=g\",\"caption\":\"Mzone\"},\"url\":\"https:\\\/\\\/www.mzone.cz\\\/en\\\/author\\\/jakub\\\/\"}]}<\/script>\n<!-- \/ Yoast SEO plugin. -->","yoast_head_json":{"title":"Blog: Demonstrace na Letn\u00e9 m\u011b \u0161tvala a znovu u\u017e nep\u016fjdu - Mzone","description":"Na Letn\u00e9 jsem byl. Pova\u017eoval jsem to za d\u016fle\u017eit\u00e9, uk\u00e1zat, \u017ee tak\u00e9 nesouhlas\u00edm. I kdy\u017e to ukazuji pr\u016fb\u011b\u017en\u011b u voleb. Ale kdy\u017e u\u017e se svol\u00e1v\u00e1 nejv\u011bt\u0161\u00ed demonstrace od Sametov\u00e9 revoluce, to u\u017e p\u0159ece n\u011bco znamen\u00e1, to by mohlo n\u011bco zm\u011bnit. A tak jsem \u0161el.","robots":{"index":"index","follow":"follow","max-snippet":"max-snippet:-1","max-image-preview":"max-image-preview:large","max-video-preview":"max-video-preview:-1"},"canonical":"https:\/\/www.mzone.cz\/en\/blog-demonstrace-na-letne-me-stvala-a-znovu-uz-nepujdu\/","og_locale":"en_US","og_type":"article","og_title":"Blog: Demonstrace na Letn\u00e9 m\u011b \u0161tvala a znovu u\u017e nep\u016fjdu - Mzone","og_description":"Na Letn\u00e9 jsem byl. Pova\u017eoval jsem to za d\u016fle\u017eit\u00e9, uk\u00e1zat, \u017ee tak\u00e9 nesouhlas\u00edm. I kdy\u017e to ukazuji pr\u016fb\u011b\u017en\u011b u voleb. Ale kdy\u017e u\u017e se svol\u00e1v\u00e1 nejv\u011bt\u0161\u00ed demonstrace od Sametov\u00e9 revoluce, to u\u017e p\u0159ece n\u011bco znamen\u00e1, to by mohlo n\u011bco zm\u011bnit. A tak jsem \u0161el.","og_url":"https:\/\/www.mzone.cz\/en\/blog-demonstrace-na-letne-me-stvala-a-znovu-uz-nepujdu\/","og_site_name":"Mzone","article_publisher":"https:\/\/www.facebook.com\/MzoneCZ\/","article_published_time":"2019-06-28T15:30:47+00:00","article_modified_time":"2019-07-02T11:06:41+00:00","og_image":[{"width":629,"height":420,"url":"https:\/\/www.mzone.cz\/wp-content\/uploads\/2019\/06\/704403.jpg","type":"image\/jpeg"}],"author":"Mzone","twitter_card":"summary_large_image","twitter_misc":{"Written by":"Mzone","Est. reading time":"3 minutes"},"schema":{"@context":"https:\/\/schema.org","@graph":[{"@type":"Article","@id":"https:\/\/www.mzone.cz\/blog-demonstrace-na-letne-me-stvala-a-znovu-uz-nepujdu\/#article","isPartOf":{"@id":"https:\/\/www.mzone.cz\/blog-demonstrace-na-letne-me-stvala-a-znovu-uz-nepujdu\/"},"author":{"name":"Mzone","@id":"https:\/\/www.mzone.cz\/#\/schema\/person\/9bc20cc422a99cac4af6ff9297da32d4"},"headline":"Blog: Demonstrace na Letn\u00e9 m\u011b \u0161tvala a znovu u\u017e nep\u016fjdu","datePublished":"2019-06-28T15:30:47+00:00","dateModified":"2019-07-02T11:06:41+00:00","mainEntityOfPage":{"@id":"https:\/\/www.mzone.cz\/blog-demonstrace-na-letne-me-stvala-a-znovu-uz-nepujdu\/"},"wordCount":629,"commentCount":2,"image":{"@id":"https:\/\/www.mzone.cz\/blog-demonstrace-na-letne-me-stvala-a-znovu-uz-nepujdu\/#primaryimage"},"thumbnailUrl":"https:\/\/www.mzone.cz\/wp-content\/uploads\/2019\/06\/704403.jpg","keywords":["Andrej Babi\u0161","Blog","demonstrace","hnut\u00ed ANO","Jakub Deml","Letensk\u00e1 pl\u00e1\u0148","Letn\u00e1","Milion chvilek pro demokracii","n\u00e1zor","nespokojenost","politika"],"articleSection":["Blog"],"inLanguage":"en-US","potentialAction":[{"@type":"CommentAction","name":"Comment","target":["https:\/\/www.mzone.cz\/blog-demonstrace-na-letne-me-stvala-a-znovu-uz-nepujdu\/#respond"]}]},{"@type":"WebPage","@id":"https:\/\/www.mzone.cz\/blog-demonstrace-na-letne-me-stvala-a-znovu-uz-nepujdu\/","url":"https:\/\/www.mzone.cz\/blog-demonstrace-na-letne-me-stvala-a-znovu-uz-nepujdu\/","name":"Blog: Demonstrace na Letn\u00e9 m\u011b \u0161tvala a znovu u\u017e nep\u016fjdu - Mzone","isPartOf":{"@id":"https:\/\/www.mzone.cz\/#website"},"primaryImageOfPage":{"@id":"https:\/\/www.mzone.cz\/blog-demonstrace-na-letne-me-stvala-a-znovu-uz-nepujdu\/#primaryimage"},"image":{"@id":"https:\/\/www.mzone.cz\/blog-demonstrace-na-letne-me-stvala-a-znovu-uz-nepujdu\/#primaryimage"},"thumbnailUrl":"https:\/\/www.mzone.cz\/wp-content\/uploads\/2019\/06\/704403.jpg","datePublished":"2019-06-28T15:30:47+00:00","dateModified":"2019-07-02T11:06:41+00:00","author":{"@id":"https:\/\/www.mzone.cz\/#\/schema\/person\/9bc20cc422a99cac4af6ff9297da32d4"},"description":"Na Letn\u00e9 jsem byl. Pova\u017eoval jsem to za d\u016fle\u017eit\u00e9, uk\u00e1zat, \u017ee tak\u00e9 nesouhlas\u00edm. I kdy\u017e to ukazuji pr\u016fb\u011b\u017en\u011b u voleb. Ale kdy\u017e u\u017e se svol\u00e1v\u00e1 nejv\u011bt\u0161\u00ed demonstrace od Sametov\u00e9 revoluce, to u\u017e p\u0159ece n\u011bco znamen\u00e1, to by mohlo n\u011bco zm\u011bnit. A tak jsem \u0161el.","breadcrumb":{"@id":"https:\/\/www.mzone.cz\/blog-demonstrace-na-letne-me-stvala-a-znovu-uz-nepujdu\/#breadcrumb"},"inLanguage":"en-US","potentialAction":[{"@type":"ReadAction","target":["https:\/\/www.mzone.cz\/blog-demonstrace-na-letne-me-stvala-a-znovu-uz-nepujdu\/"]}]},{"@type":"ImageObject","inLanguage":"en-US","@id":"https:\/\/www.mzone.cz\/blog-demonstrace-na-letne-me-stvala-a-znovu-uz-nepujdu\/#primaryimage","url":"https:\/\/www.mzone.cz\/wp-content\/uploads\/2019\/06\/704403.jpg","contentUrl":"https:\/\/www.mzone.cz\/wp-content\/uploads\/2019\/06\/704403.jpg","width":629,"height":420},{"@type":"BreadcrumbList","@id":"https:\/\/www.mzone.cz\/blog-demonstrace-na-letne-me-stvala-a-znovu-uz-nepujdu\/#breadcrumb","itemListElement":[{"@type":"ListItem","position":1,"name":"Dom\u016f","item":"https:\/\/www.mzone.cz\/"},{"@type":"ListItem","position":2,"name":"Blog: Demonstrace na Letn\u00e9 m\u011b \u0161tvala a znovu u\u017e nep\u016fjdu"}]},{"@type":"WebSite","@id":"https:\/\/www.mzone.cz\/#website","url":"https:\/\/www.mzone.cz\/","name":"Mzone","description":"Magaz\u00edn nejen pro mu\u017ee","potentialAction":[{"@type":"SearchAction","target":{"@type":"EntryPoint","urlTemplate":"https:\/\/www.mzone.cz\/?s={search_term_string}"},"query-input":{"@type":"PropertyValueSpecification","valueRequired":true,"valueName":"search_term_string"}}],"inLanguage":"en-US"},{"@type":"Person","@id":"https:\/\/www.mzone.cz\/#\/schema\/person\/9bc20cc422a99cac4af6ff9297da32d4","name":"Mzone","image":{"@type":"ImageObject","inLanguage":"en-US","@id":"https:\/\/secure.gravatar.com\/avatar\/e780a8630f3182a3d06dd667ab6bea151a0d155b0951bc15fe22633acdac0676?s=96&d=mm&r=g","url":"https:\/\/secure.gravatar.com\/avatar\/e780a8630f3182a3d06dd667ab6bea151a0d155b0951bc15fe22633acdac0676?s=96&d=mm&r=g","contentUrl":"https:\/\/secure.gravatar.com\/avatar\/e780a8630f3182a3d06dd667ab6bea151a0d155b0951bc15fe22633acdac0676?s=96&d=mm&r=g","caption":"Mzone"},"url":"https:\/\/www.mzone.cz\/en\/author\/jakub\/"}]}},"_links":{"self":[{"href":"https:\/\/www.mzone.cz\/en\/wp-json\/wp\/v2\/posts\/10388","targetHints":{"allow":["GET"]}}],"collection":[{"href":"https:\/\/www.mzone.cz\/en\/wp-json\/wp\/v2\/posts"}],"about":[{"href":"https:\/\/www.mzone.cz\/en\/wp-json\/wp\/v2\/types\/post"}],"author":[{"embeddable":true,"href":"https:\/\/www.mzone.cz\/en\/wp-json\/wp\/v2\/users\/4"}],"replies":[{"embeddable":true,"href":"https:\/\/www.mzone.cz\/en\/wp-json\/wp\/v2\/comments?post=10388"}],"version-history":[{"count":9,"href":"https:\/\/www.mzone.cz\/en\/wp-json\/wp\/v2\/posts\/10388\/revisions"}],"predecessor-version":[{"id":10575,"href":"https:\/\/www.mzone.cz\/en\/wp-json\/wp\/v2\/posts\/10388\/revisions\/10575"}],"wp:featuredmedia":[{"embeddable":true,"href":"https:\/\/www.mzone.cz\/en\/wp-json\/wp\/v2\/media\/10389"}],"wp:attachment":[{"href":"https:\/\/www.mzone.cz\/en\/wp-json\/wp\/v2\/media?parent=10388"}],"wp:term":[{"taxonomy":"category","embeddable":true,"href":"https:\/\/www.mzone.cz\/en\/wp-json\/wp\/v2\/categories?post=10388"},{"taxonomy":"post_tag","embeddable":true,"href":"https:\/\/www.mzone.cz\/en\/wp-json\/wp\/v2\/tags?post=10388"}],"curies":[{"name":"wp","href":"https:\/\/api.w.org\/{rel}","templated":true}]}}