{"id":10852,"date":"2019-07-27T06:00:53","date_gmt":"2019-07-27T04:00:53","guid":{"rendered":"https:\/\/www.mzone.cz\/?p=10852"},"modified":"2019-07-12T17:39:15","modified_gmt":"2019-07-12T15:39:15","slug":"5-veci-ktere-jste-netusili-o-kapele-metallica","status":"publish","type":"post","link":"https:\/\/www.mzone.cz\/en\/5-veci-ktere-jste-netusili-o-kapele-metallica\/","title":{"rendered":"5 v\u011bc\u00ed, kter\u00e9 jste netu\u0161ili o kapele Metallica"},"content":{"rendered":"<p><strong>Pra\u017esk\u00e9 let\u0148ansk\u00e9 leti\u0161t\u011b rozezvu\u010d\u00ed 18. srpna koncert kapely Metallica, kter\u00e1 sv\u00e9 fanou\u0161ky bav\u00ed u\u017e \u00fa\u017easn\u00fdch 38 let. Co mus\u00edte jako spr\u00e1vn\u00fd fanou\u0161ek o t\u00e9to trash metalov\u00e9 legend\u011b v\u011bd\u011bt?<\/strong><\/p><br>\n\n\n\n<h2 class=\"wp-block-heading\">Inzer\u00e1t v novin\u00e1ch<\/h2>\n\n\n\n<p>Kapela se dala dohromady d\u00edky inzer\u00e1tu v novin\u00e1ch. Ten podal do losangelesk\u00e9ho t\u00fdden\u00edku Recycler buben\u00edk Lars Ulrich v roce 1981, hledal v n\u011bm podobn\u00e9 nad\u0161ence do metalov\u00e9 hudby, kte\u0159\u00ed by cht\u011bli zalo\u017eit kapelu. Na inzer\u00e1t se mu ozval James Hetfield a za p\u011bt m\u011bs\u00edc\u016f spolu skute\u010dn\u011b vytvo\u0159ili dnes tak zn\u00e1mou kapelu.<\/p>\n\n\n\n<h2 class=\"wp-block-heading\"><br>Proklet\u00e1 baskytara<\/h2>\n\n\n\n<p>Od po\u010d\u00e1tku jsou v kapele jen zp\u011bv\u00e1k James Hetfield a buben\u00edk Lars Ulrich. Nejv\u00edce zm\u011bn za\u017eila pozice baskytaristy. Prvn\u00edm bas\u00e1kem kapely byl Ron McGovney, nevydr\u017eel ale ani rok. V po\u010d\u00e1tc\u00edch kapely byl ov\u0161em velmi d\u016fle\u017eit\u00fd, zkou\u0161elo se toti\u017e u nich doma v gar\u00e1\u017ei a i na cesty kapele p\u016fj\u010doval auto pr\u00e1v\u011b Ron\u016fv t\u00e1ta. Hudba ho ale nestrhla tolik, jako ostatn\u00ed, vadily mu i rozpory mezi \u010dleny kapely, a tak z\u00e1hy ode\u0161el.<\/p>\n\n\n\n<p><br>Na dal\u0161\u00ed \u010dty\u0159i roky ho vyst\u0159\u00eddal Cliff Burton, kter\u00fd bohu\u017eel v z\u00e1\u0159\u00ed 1986 tragicky zahynul p\u0159i nehod\u011b autobusu na cest\u011b ze Stockholmu do Kodan\u011b.<\/p>\n\n\n\n<blockquote class=\"wp-block-quote is-layout-flow wp-block-quote-is-layout-flow\"><p>Autobus kapely dostal smyk a Cliffa to vyhodilo z horn\u00edho l\u016f\u017eka, prol\u00e9tl oknem a havarovan\u00fd v\u016fz se na n\u011bj nakonec p\u0159evr\u00e1til. Na m\u00edst\u011b byl mrtv\u00fd.<\/p><\/blockquote>\n\n\n\n<p>Ostatn\u00edm \u010dlen\u016fm kapely se nic v\u00e1\u017en\u00e9ho nestalo: James Hetfield m\u011bl jen n\u011bkolik od\u0159enin, Lars Ulrich si zlomil prst u nohy, Kirk Hammett si poranil oko, na kter\u00e9 p\u00e1r dn\u00ed nevid\u011bl. P\u0159esto mohl mluvit o \u0161t\u011bst\u00ed: l\u016f\u017eko, na kter\u00e9m Cliff le\u017eel, toti\u017e m\u011blo b\u00fdt p\u016fvodn\u011b jeho.<\/p><br>\n\n\n\n<figure class=\"wp-block-image\"><img loading=\"lazy\" decoding=\"async\" width=\"1024\" height=\"683\" src=\"https:\/\/www.mzone.cz\/wp-content\/uploads\/2019\/07\/Depositphotos_107619714_l-2015-1024x683.jpg\" alt=\"\" class=\"wp-image-10859\" srcset=\"https:\/\/www.mzone.cz\/wp-content\/uploads\/2019\/07\/Depositphotos_107619714_l-2015-1024x683.jpg 1024w, https:\/\/www.mzone.cz\/wp-content\/uploads\/2019\/07\/Depositphotos_107619714_l-2015-300x200.jpg 300w, https:\/\/www.mzone.cz\/wp-content\/uploads\/2019\/07\/Depositphotos_107619714_l-2015-768x512.jpg 768w, https:\/\/www.mzone.cz\/wp-content\/uploads\/2019\/07\/Depositphotos_107619714_l-2015-800x533.jpg 800w, https:\/\/www.mzone.cz\/wp-content\/uploads\/2019\/07\/Depositphotos_107619714_l-2015-400x267.jpg 400w, https:\/\/www.mzone.cz\/wp-content\/uploads\/2019\/07\/Depositphotos_107619714_l-2015-500x333.jpg 500w, https:\/\/www.mzone.cz\/wp-content\/uploads\/2019\/07\/Depositphotos_107619714_l-2015-1170x780.jpg 1170w, https:\/\/www.mzone.cz\/wp-content\/uploads\/2019\/07\/Depositphotos_107619714_l-2015-590x394.jpg 590w, https:\/\/www.mzone.cz\/wp-content\/uploads\/2019\/07\/Depositphotos_107619714_l-2015.jpg 2000w\" sizes=\"auto, (max-width: 1024px) 100vw, 1024px\" \/><\/figure>\n\n\n\n<p><br>Jeho m\u00edsto v kapele z\u00edskal Jason Newsted, kter\u00fd s Metallicou hr\u00e1l a\u017e do roku 2001. Tehdej\u0161\u00ed odchod vysv\u011btloval zdravotn\u00edmi d\u016fvody, pozd\u011bji se ale mluvilo o nehod\u00e1ch, o tom, \u017ee jeho n\u00e1zor nebrali ostatn\u00ed \u010dlenov\u00e9 moc v\u00e1\u017en\u011b, posledn\u00ed kapkou pak byl z\u00e1kaz \u00fa\u010dasti na turn\u00e9 s jinou hudebn\u00ed kapelou.<\/p><br>\n\n\n\n<div class=\"wp-block-image\"><figure class=\"alignleft is-resized\"><img loading=\"lazy\" decoding=\"async\" src=\"https:\/\/www.mzone.cz\/wp-content\/uploads\/2019\/06\/sum41-oficial4-1024x682.jpg\" alt=\"\" class=\"wp-image-10131\" width=\"155\" height=\"103\" srcset=\"https:\/\/www.mzone.cz\/wp-content\/uploads\/2019\/06\/sum41-oficial4-1024x682.jpg 1024w, https:\/\/www.mzone.cz\/wp-content\/uploads\/2019\/06\/sum41-oficial4-300x200.jpg 300w, https:\/\/www.mzone.cz\/wp-content\/uploads\/2019\/06\/sum41-oficial4-768x512.jpg 768w, https:\/\/www.mzone.cz\/wp-content\/uploads\/2019\/06\/sum41-oficial4-800x533.jpg 800w, https:\/\/www.mzone.cz\/wp-content\/uploads\/2019\/06\/sum41-oficial4-400x267.jpg 400w, https:\/\/www.mzone.cz\/wp-content\/uploads\/2019\/06\/sum41-oficial4-500x333.jpg 500w, https:\/\/www.mzone.cz\/wp-content\/uploads\/2019\/06\/sum41-oficial4-1170x780.jpg 1170w, https:\/\/www.mzone.cz\/wp-content\/uploads\/2019\/06\/sum41-oficial4-590x393.jpg 590w, https:\/\/www.mzone.cz\/wp-content\/uploads\/2019\/06\/sum41-oficial4.jpg 1603w\" sizes=\"auto, (max-width: 155px) 100vw, 155px\" \/><\/figure><\/div>\n\n\n\n<h4 class=\"wp-block-heading\"><a href=\"https:\/\/www.mzone.cz\/punk-jeste-neni-mrtvej-sum-41-nechali-roztat-prazske-ledarny-a-ukazali-ze-porad-maji-formu-jako-hrom\/\">Punk je\u0161t\u011b nen\u00ed mrtvej! SUM 41 nechali rozt\u00e1t pra\u017esk\u00e9 led\u00e1rny a uk\u00e1zali, \u017ee po\u0159\u00e1d maj\u00ed formu jako hrom<\/a><\/h4>\n\n\n\n<p><br>Jeho n\u00e1stupce hledala kapela dlouh\u00e9 dva roky, nakonec padla volba na Roberta Trujillo, kter\u00fd hr\u00e1l v kapele Ozzyho Osbourna. Mimochodem, hudebn\u00ed nad\u00e1n\u00ed se v jejich rodin\u011b z\u0159ejm\u011b d\u011bd\u00ed, jeho syn Tye Trujillo je tak\u00e9 talentovan\u00fd bas\u00e1k, ve sv\u00fdch dvan\u00e1cti letech dokonce zaskakoval za bas\u00e1ka na jihoamerick\u00e9 \u010d\u00e1sti turn\u00e9 kapely Korn.<\/p>\n\n\n\n<h2 class=\"wp-block-heading\"><br>Metallica animovan\u00e1<\/h2>\n\n\n\n<p>Ka\u017ed\u00fd, kdo je opravdu slavn\u00fd, se objevil v seri\u00e1lu Simpsonovi. I \u010dlenov\u00e9 Metallicy se do\u010dkali. Konkr\u00e9tn\u011b jste je mohli vid\u011bt v d\u00edle \u201e\u017daba\u0159, kucha\u0159, man\u017eelka a jej\u00ed Homer\u201c v osmn\u00e1ct\u00e9 \u0159ad\u011b. Kapelu i s porouchan\u00fdm autobusem zahl\u00e9dne ze sv\u00e9ho \u0161koln\u00edho autobusu \u0159idi\u010d Otto, jejich velk\u00fd fanou\u0161ek. Jen\u017ee ne\u017e jim stihne nab\u00eddnout pomoc, frnkne mu i s autobusem pr\u016f\u0161vih\u00e1\u0159 Bart. Zachr\u00e1ncem kapely v nouzi se tak stane Hans Krtek.<\/p><br>\n\n\n\n<figure class=\"wp-block-image\"><img loading=\"lazy\" decoding=\"async\" width=\"1024\" height=\"642\" src=\"https:\/\/www.mzone.cz\/wp-content\/uploads\/2019\/07\/maxresdefault-1-1024x642.jpg\" alt=\"\" class=\"wp-image-10862\" srcset=\"https:\/\/www.mzone.cz\/wp-content\/uploads\/2019\/07\/maxresdefault-1-1024x642.jpg 1024w, https:\/\/www.mzone.cz\/wp-content\/uploads\/2019\/07\/maxresdefault-1-300x188.jpg 300w, https:\/\/www.mzone.cz\/wp-content\/uploads\/2019\/07\/maxresdefault-1-768x482.jpg 768w, https:\/\/www.mzone.cz\/wp-content\/uploads\/2019\/07\/maxresdefault-1-590x370.jpg 590w, https:\/\/www.mzone.cz\/wp-content\/uploads\/2019\/07\/maxresdefault-1.jpg 1148w\" sizes=\"auto, (max-width: 1024px) 100vw, 1024px\" \/><\/figure>\n\n\n\n<h2 class=\"wp-block-heading\"> <br>O2 Arena a Jo\u017ein z Ba\u017ein<\/h2>\n\n\n\n<p>Metallica se letos v srpnu pod\u00edv\u00e1 do Prahy po necel\u00e9m roce a p\u016fl od sv\u00e9ho posledn\u00edho koncertu pro \u010desk\u00e9 fanou\u0161ky. Vloni v dubnu rozezp\u00edvala vyprodanou O2 ar\u00e9nu, fanou\u0161ky rozhodn\u011b pobavila hitem Ivana Ml\u00e1dka Jo\u017ein z ba\u017ein. Jak pr\u00e1v\u011b k tomuto \u00fasm\u011bvn\u00e9mu n\u00e1p\u011bvu p\u0159i\u0161la?<\/p><br>\n\n\n\n<p>Pl\u00e1n zazp\u00edvat v ka\u017ed\u00e9m m\u011bst\u011b jejich evropsk\u00e9ho turn\u00e9 n\u011bjakou lok\u00e1ln\u00ed p\u00edsni\u010dku, m\u011bla kapela u\u017e p\u0159ed samotnou \u0161\u0148\u016frou. Pr\u00e1v\u011b \u010desk\u00e1 jim dala nejv\u00edc zabrat, naj\u00edt tu pravou se jim povedlo a\u017e po v\u0161ech ostatn\u00edch evropsk\u00fdch destinac\u00edch (v N\u011bmecku se vytasili s hitem Rock Me Like a Hurricane od Scorpions, v Rakousku zvolili Rock Me Amadeus od Falca).<\/p>\n\n\n\n<blockquote class=\"wp-block-quote is-layout-flow wp-block-quote-is-layout-flow\"><p>Kapela hledala zaru\u010denou hitovku, kterou si s nimi zazp\u00edv\u00e1 cel\u00e1 hala. Zat\u00edmco v ostatn\u00edch zem\u00edch figurovaly rockov\u00e9 hity ze 60. a 70. let, z \u010desk\u00e9ho hudebn\u00edho rybn\u00ed\u010dku si p\u0159\u00edli\u0161 vybrat neum\u011bli.<\/p><\/blockquote>\n\n\n\n<p>Nakonec oslovili Davida Karona, kter\u00fd m\u00e1 s kytaristou Kirkem Hammettem firmu KHDK, kter\u00e1 vyr\u00e1b\u00ed kytarov\u00e9 ped\u00e1ly pro muzikanty. David dlouhodob\u011b \u017eije v Praze a vybral jim seznam p\u00edsni\u010dek, kter\u00e9 si z \u010desk\u00e9 hudebn\u00ed sc\u00e9ny zamiloval i on. V hled\u00e1\u010dku tak Metallica m\u011bla hity jako Ohe\u0148 a \u010cern\u00ed and\u011bl\u00e9 od Lucie, Slune\u010dn\u00fd hrob od Blue Effect nebo Schelingerovy Jahody Mra\u017een\u00fd, na seznam se dokonce dostala klasika \u0160koda l\u00e1sky. Jo\u017ein z ba\u017ein byl David\u016fv osobn\u00ed favorit, a kdy\u017e si doporu\u010den\u00fd playlist pustil baskytarista Robert Trujillo, prohl\u00e1sil, \u017ee je to doslova &#8216;El Muerto Vivo&#8217;, ale po\u010desku.<\/p><br>\n\n\n\n<figure class=\"wp-block-image\"><img loading=\"lazy\" decoding=\"async\" width=\"1024\" height=\"682\" src=\"https:\/\/www.mzone.cz\/wp-content\/uploads\/2019\/07\/Depositphotos_107644554_l-2015-1024x682.jpg\" alt=\"\" class=\"wp-image-10872\" srcset=\"https:\/\/www.mzone.cz\/wp-content\/uploads\/2019\/07\/Depositphotos_107644554_l-2015-1024x682.jpg 1024w, https:\/\/www.mzone.cz\/wp-content\/uploads\/2019\/07\/Depositphotos_107644554_l-2015-300x200.jpg 300w, https:\/\/www.mzone.cz\/wp-content\/uploads\/2019\/07\/Depositphotos_107644554_l-2015-768x512.jpg 768w, https:\/\/www.mzone.cz\/wp-content\/uploads\/2019\/07\/Depositphotos_107644554_l-2015-800x533.jpg 800w, https:\/\/www.mzone.cz\/wp-content\/uploads\/2019\/07\/Depositphotos_107644554_l-2015-400x267.jpg 400w, https:\/\/www.mzone.cz\/wp-content\/uploads\/2019\/07\/Depositphotos_107644554_l-2015-500x333.jpg 500w, https:\/\/www.mzone.cz\/wp-content\/uploads\/2019\/07\/Depositphotos_107644554_l-2015-1170x780.jpg 1170w, https:\/\/www.mzone.cz\/wp-content\/uploads\/2019\/07\/Depositphotos_107644554_l-2015-590x393.jpg 590w, https:\/\/www.mzone.cz\/wp-content\/uploads\/2019\/07\/Depositphotos_107644554_l-2015.jpg 2000w\" sizes=\"auto, (max-width: 1024px) 100vw, 1024px\" \/><\/figure>\n\n\n\n<h2 class=\"wp-block-heading\"><br>Metallica k pit\u00ed<\/h2>\n\n\n\n<p>Co sly\u0161\u00edte v n\u00e1zvu americk\u00e9 whiskey \u201eBlackened American Whiskey\u201c? No jasn\u011b, hitovku z roku 1988 Blackened. B\u011bhem zr\u00e1n\u00ed v sudech t\u00e9to jedine\u010dn\u00e9 limitky na ni p\u016fsobily \u0159\u00edzn\u00e9 t\u00f3ny nejlep\u0161\u00edch song\u016f, kter\u00e9 vybrali samotn\u00ed \u010dlenov\u00e9 kapely. Hudebn\u00ed vibrace se m\u011bly podepsat na v\u00fdsledn\u00e9 chuti, n\u00e1poj m\u00e1 rozhodn\u011b barvu stejn\u011b temnou, jako jsou texty song\u016f Metallicy. Koupit ji m\u016f\u017eete od 115 dolar\u016f.<\/p>\n\n\n\n<h2 class=\"wp-block-heading\"><br>P\u0159\u00edb\u011bh Nothing Else Matters<\/h2>\n\n\n\n<p>Jeden z nejv\u011bt\u0161\u00edch hit\u016f Metallicy z\u0159ejm\u011b zazn\u00ed i na jejich srpnov\u00e9m pra\u017esk\u00e9m koncert\u011b. P\u00edse\u0148 slo\u017eil v roce 1190 James Hetfield pro svoji partnerku. V jedn\u00e9 ruce telefon, v druh\u00e9 oblig\u00e1tn\u00ed kytara, na kterou brnkal \u2013 a vznikly prvn\u00ed takty budouc\u00edho nesmrteln\u00e9ho hitu. M\u011bla b\u00fdt jen osobn\u00edm vyzn\u00e1n\u00edm a p\u016fvodn\u011b ji v\u016fbec necht\u011bl p\u0159edlo\u017eit kapele a hr\u00e1t ve\u0159ejn\u011b, ale jakmile ji Lars Ulrich usly\u0161el, p\u0159emlouval ho tak dlouho, dokud James nesouhlasil s t\u00edm, \u017ee ji p\u0159enech\u00e1 kapele. \u00davod textu \u201eSo close, no matter how far\u201c (tak bl\u00edzko, bez ohledu na to, jak daleko) je v\u011bnov\u00e1n pr\u00e1v\u011b jeho \u017een\u011b a m\u00e1 poukazovat na pouto, kter\u00e9 mezi sebou maj\u00ed, i kdy\u017e je kapela na turn\u00e9 a d\u011bl\u00ed je nekone\u010dn\u00e9 kilometry.<\/p><br>\n\n\n\n<div class=\"wp-block-image\"><figure class=\"alignleft is-resized\"><img loading=\"lazy\" decoding=\"async\" src=\"https:\/\/www.mzone.cz\/wp-content\/uploads\/2019\/05\/MUSE-OFFICIAL-1-3-1-1024x683.jpg\" alt=\"\" class=\"wp-image-9288\" width=\"156\" height=\"103\" srcset=\"https:\/\/www.mzone.cz\/wp-content\/uploads\/2019\/05\/MUSE-OFFICIAL-1-3-1-1024x683.jpg 1024w, https:\/\/www.mzone.cz\/wp-content\/uploads\/2019\/05\/MUSE-OFFICIAL-1-3-1-300x200.jpg 300w, https:\/\/www.mzone.cz\/wp-content\/uploads\/2019\/05\/MUSE-OFFICIAL-1-3-1-768x512.jpg 768w, https:\/\/www.mzone.cz\/wp-content\/uploads\/2019\/05\/MUSE-OFFICIAL-1-3-1-320x213.jpg 320w, https:\/\/www.mzone.cz\/wp-content\/uploads\/2019\/05\/MUSE-OFFICIAL-1-3-1-640x427.jpg 640w, https:\/\/www.mzone.cz\/wp-content\/uploads\/2019\/05\/MUSE-OFFICIAL-1-3-1-360x240.jpg 360w, https:\/\/www.mzone.cz\/wp-content\/uploads\/2019\/05\/MUSE-OFFICIAL-1-3-1-720x480.jpg 720w, https:\/\/www.mzone.cz\/wp-content\/uploads\/2019\/05\/MUSE-OFFICIAL-1-3-1.jpg 1080w, https:\/\/www.mzone.cz\/wp-content\/uploads\/2019\/05\/MUSE-OFFICIAL-1-3-1-800x533.jpg 800w, https:\/\/www.mzone.cz\/wp-content\/uploads\/2019\/05\/MUSE-OFFICIAL-1-3-1-400x267.jpg 400w, https:\/\/www.mzone.cz\/wp-content\/uploads\/2019\/05\/MUSE-OFFICIAL-1-3-1-500x333.jpg 500w, https:\/\/www.mzone.cz\/wp-content\/uploads\/2019\/05\/MUSE-OFFICIAL-1-3-1-590x393.jpg 590w\" sizes=\"auto, (max-width: 156px) 100vw, 156px\" \/><\/figure><\/div>\n\n\n\n<h4><a href=\"https:\/\/www.mzone.cz\/nejlepsi-nazivo-hrajici-kapela-sveta-muse-si-do-prahy-privezli-exoskelety-roboty-a-velkou-show\/\">Nejlep\u0161\u00ed na\u017eivo hraj\u00edc\u00ed kapela sv\u011bta? Muse si do Prahy p\u0159ivezli exoskelety, roboty a velkou show<\/a><\/h4><br>","protected":false},"excerpt":{"rendered":"<p>Pra\u017esk\u00e9 let\u0148ansk\u00e9 leti\u0161t\u011b rozezvu\u010d\u00ed 18. srpna koncert kapely Metallica, kter\u00e1 sv\u00e9 fanou\u0161ky bav\u00ed u\u017e \u00fa\u017easn\u00fdch 38 let. Co mus\u00edte jako spr\u00e1vn\u00fd fanou\u0161ek o t\u00e9to trash metalov\u00e9 legend\u011b v\u011bd\u011bt? Inzer\u00e1t v novin\u00e1ch Kapela se dala dohromady d\u00edky inzer\u00e1tu v novin\u00e1ch. Ten podal do losangelesk\u00e9ho t\u00fdden\u00edku Recycler buben\u00edk Lars Ulrich v roce 1981, hledal v n\u011bm podobn\u00e9 [&hellip;]<\/p>\n","protected":false},"author":4,"featured_media":10853,"comment_status":"open","ping_status":"closed","sticky":false,"template":"","format":"standard","meta":{"kk_blocks_editor_width":"","_kiokenblocks_attr":"","_kiokenblocks_dimensions":"","footnotes":""},"categories":[76,71],"tags":[1147,1584,1579,31,1586,2284,1580,1802,2484,1582,1538],"class_list":["post-10852","post","type-post","status-publish","format-standard","has-post-thumbnail","hentry","category-hudba","category-kultura","tag-hudba","tag-kapela","tag-koncert","tag-kultura","tag-metal","tag-metallica","tag-muzika","tag-skupina","tag-trash-metal","tag-vystoupeni","tag-zajimavosti"],"yoast_head":"<!-- This site is optimized with the Yoast SEO plugin v27.5 - https:\/\/yoast.com\/product\/yoast-seo-wordpress\/ -->\n<title>5 v\u011bc\u00ed, kter\u00e9 jste netu\u0161ili o kapele Metallica - Mzone<\/title>\n<meta name=\"description\" content=\"Pra\u017esk\u00e9 let\u0148ansk\u00e9 leti\u0161t\u011b rozezvu\u010d\u00ed 18. srpna koncert kapely Metallica, kter\u00e1 sv\u00e9 fanou\u0161ky bav\u00ed u\u017e \u00fa\u017easn\u00fdch 38 let. Co mus\u00edte jako spr\u00e1vn\u00fd fanou\u0161ek o t\u00e9to trash metalov\u00e9 legend\u011b v\u011bd\u011bt?\" \/>\n<meta name=\"robots\" content=\"index, follow, max-snippet:-1, max-image-preview:large, max-video-preview:-1\" \/>\n<link rel=\"canonical\" href=\"https:\/\/www.mzone.cz\/en\/5-veci-ktere-jste-netusili-o-kapele-metallica\/\" \/>\n<meta property=\"og:locale\" content=\"en_US\" \/>\n<meta property=\"og:type\" content=\"article\" \/>\n<meta property=\"og:title\" content=\"5 v\u011bc\u00ed, kter\u00e9 jste netu\u0161ili o kapele Metallica - Mzone\" \/>\n<meta property=\"og:description\" content=\"Pra\u017esk\u00e9 let\u0148ansk\u00e9 leti\u0161t\u011b rozezvu\u010d\u00ed 18. srpna koncert kapely Metallica, kter\u00e1 sv\u00e9 fanou\u0161ky bav\u00ed u\u017e \u00fa\u017easn\u00fdch 38 let. Co mus\u00edte jako spr\u00e1vn\u00fd fanou\u0161ek o t\u00e9to trash metalov\u00e9 legend\u011b v\u011bd\u011bt?\" \/>\n<meta property=\"og:url\" content=\"https:\/\/www.mzone.cz\/en\/5-veci-ktere-jste-netusili-o-kapele-metallica\/\" \/>\n<meta property=\"og:site_name\" content=\"Mzone\" \/>\n<meta property=\"article:publisher\" content=\"https:\/\/www.facebook.com\/MzoneCZ\/\" \/>\n<meta property=\"article:published_time\" content=\"2019-07-27T04:00:53+00:00\" \/>\n<meta property=\"og:image\" content=\"https:\/\/www.mzone.cz\/wp-content\/uploads\/2019\/07\/Depositphotos_235508428_l-2015.jpg\" \/>\n\t<meta property=\"og:image:width\" content=\"1330\" \/>\n\t<meta property=\"og:image:height\" content=\"887\" \/>\n\t<meta property=\"og:image:type\" content=\"image\/jpeg\" \/>\n<meta name=\"author\" content=\"Mzone\" \/>\n<meta name=\"twitter:card\" content=\"summary_large_image\" \/>\n<meta name=\"twitter:label1\" content=\"Written by\" \/>\n\t<meta name=\"twitter:data1\" content=\"Mzone\" \/>\n\t<meta name=\"twitter:label2\" content=\"Est. reading time\" \/>\n\t<meta name=\"twitter:data2\" content=\"5 minutes\" \/>\n<script type=\"application\/ld+json\" class=\"yoast-schema-graph\">{\"@context\":\"https:\\\/\\\/schema.org\",\"@graph\":[{\"@type\":\"Article\",\"@id\":\"https:\\\/\\\/www.mzone.cz\\\/5-veci-ktere-jste-netusili-o-kapele-metallica\\\/#article\",\"isPartOf\":{\"@id\":\"https:\\\/\\\/www.mzone.cz\\\/5-veci-ktere-jste-netusili-o-kapele-metallica\\\/\"},\"author\":{\"name\":\"Mzone\",\"@id\":\"https:\\\/\\\/www.mzone.cz\\\/#\\\/schema\\\/person\\\/9bc20cc422a99cac4af6ff9297da32d4\"},\"headline\":\"5 v\u011bc\u00ed, kter\u00e9 jste netu\u0161ili o kapele Metallica\",\"datePublished\":\"2019-07-27T04:00:53+00:00\",\"mainEntityOfPage\":{\"@id\":\"https:\\\/\\\/www.mzone.cz\\\/5-veci-ktere-jste-netusili-o-kapele-metallica\\\/\"},\"wordCount\":1107,\"commentCount\":0,\"image\":{\"@id\":\"https:\\\/\\\/www.mzone.cz\\\/5-veci-ktere-jste-netusili-o-kapele-metallica\\\/#primaryimage\"},\"thumbnailUrl\":\"https:\\\/\\\/www.mzone.cz\\\/wp-content\\\/uploads\\\/2019\\\/07\\\/Depositphotos_235508428_l-2015.jpg\",\"keywords\":[\"hudba\",\"kapela\",\"koncert\",\"Kultura\",\"metal\",\"Metallica\",\"muzika\",\"skupina\",\"trash metal\",\"vystoupen\u00ed\",\"zaj\u00edmavosti\"],\"articleSection\":[\"Hudba\",\"Kultura\"],\"inLanguage\":\"en-US\",\"potentialAction\":[{\"@type\":\"CommentAction\",\"name\":\"Comment\",\"target\":[\"https:\\\/\\\/www.mzone.cz\\\/5-veci-ktere-jste-netusili-o-kapele-metallica\\\/#respond\"]}]},{\"@type\":\"WebPage\",\"@id\":\"https:\\\/\\\/www.mzone.cz\\\/5-veci-ktere-jste-netusili-o-kapele-metallica\\\/\",\"url\":\"https:\\\/\\\/www.mzone.cz\\\/5-veci-ktere-jste-netusili-o-kapele-metallica\\\/\",\"name\":\"5 v\u011bc\u00ed, kter\u00e9 jste netu\u0161ili o kapele Metallica - Mzone\",\"isPartOf\":{\"@id\":\"https:\\\/\\\/www.mzone.cz\\\/#website\"},\"primaryImageOfPage\":{\"@id\":\"https:\\\/\\\/www.mzone.cz\\\/5-veci-ktere-jste-netusili-o-kapele-metallica\\\/#primaryimage\"},\"image\":{\"@id\":\"https:\\\/\\\/www.mzone.cz\\\/5-veci-ktere-jste-netusili-o-kapele-metallica\\\/#primaryimage\"},\"thumbnailUrl\":\"https:\\\/\\\/www.mzone.cz\\\/wp-content\\\/uploads\\\/2019\\\/07\\\/Depositphotos_235508428_l-2015.jpg\",\"datePublished\":\"2019-07-27T04:00:53+00:00\",\"author\":{\"@id\":\"https:\\\/\\\/www.mzone.cz\\\/#\\\/schema\\\/person\\\/9bc20cc422a99cac4af6ff9297da32d4\"},\"description\":\"Pra\u017esk\u00e9 let\u0148ansk\u00e9 leti\u0161t\u011b rozezvu\u010d\u00ed 18. srpna koncert kapely Metallica, kter\u00e1 sv\u00e9 fanou\u0161ky bav\u00ed u\u017e \u00fa\u017easn\u00fdch 38 let. Co mus\u00edte jako spr\u00e1vn\u00fd fanou\u0161ek o t\u00e9to trash metalov\u00e9 legend\u011b v\u011bd\u011bt?\",\"breadcrumb\":{\"@id\":\"https:\\\/\\\/www.mzone.cz\\\/5-veci-ktere-jste-netusili-o-kapele-metallica\\\/#breadcrumb\"},\"inLanguage\":\"en-US\",\"potentialAction\":[{\"@type\":\"ReadAction\",\"target\":[\"https:\\\/\\\/www.mzone.cz\\\/5-veci-ktere-jste-netusili-o-kapele-metallica\\\/\"]}]},{\"@type\":\"ImageObject\",\"inLanguage\":\"en-US\",\"@id\":\"https:\\\/\\\/www.mzone.cz\\\/5-veci-ktere-jste-netusili-o-kapele-metallica\\\/#primaryimage\",\"url\":\"https:\\\/\\\/www.mzone.cz\\\/wp-content\\\/uploads\\\/2019\\\/07\\\/Depositphotos_235508428_l-2015.jpg\",\"contentUrl\":\"https:\\\/\\\/www.mzone.cz\\\/wp-content\\\/uploads\\\/2019\\\/07\\\/Depositphotos_235508428_l-2015.jpg\",\"width\":1330,\"height\":887},{\"@type\":\"BreadcrumbList\",\"@id\":\"https:\\\/\\\/www.mzone.cz\\\/5-veci-ktere-jste-netusili-o-kapele-metallica\\\/#breadcrumb\",\"itemListElement\":[{\"@type\":\"ListItem\",\"position\":1,\"name\":\"Dom\u016f\",\"item\":\"https:\\\/\\\/www.mzone.cz\\\/\"},{\"@type\":\"ListItem\",\"position\":2,\"name\":\"5 v\u011bc\u00ed, kter\u00e9 jste netu\u0161ili o kapele Metallica\"}]},{\"@type\":\"WebSite\",\"@id\":\"https:\\\/\\\/www.mzone.cz\\\/#website\",\"url\":\"https:\\\/\\\/www.mzone.cz\\\/\",\"name\":\"Mzone\",\"description\":\"Magaz\u00edn nejen pro mu\u017ee\",\"potentialAction\":[{\"@type\":\"SearchAction\",\"target\":{\"@type\":\"EntryPoint\",\"urlTemplate\":\"https:\\\/\\\/www.mzone.cz\\\/?s={search_term_string}\"},\"query-input\":{\"@type\":\"PropertyValueSpecification\",\"valueRequired\":true,\"valueName\":\"search_term_string\"}}],\"inLanguage\":\"en-US\"},{\"@type\":\"Person\",\"@id\":\"https:\\\/\\\/www.mzone.cz\\\/#\\\/schema\\\/person\\\/9bc20cc422a99cac4af6ff9297da32d4\",\"name\":\"Mzone\",\"image\":{\"@type\":\"ImageObject\",\"inLanguage\":\"en-US\",\"@id\":\"https:\\\/\\\/secure.gravatar.com\\\/avatar\\\/e780a8630f3182a3d06dd667ab6bea151a0d155b0951bc15fe22633acdac0676?s=96&d=mm&r=g\",\"url\":\"https:\\\/\\\/secure.gravatar.com\\\/avatar\\\/e780a8630f3182a3d06dd667ab6bea151a0d155b0951bc15fe22633acdac0676?s=96&d=mm&r=g\",\"contentUrl\":\"https:\\\/\\\/secure.gravatar.com\\\/avatar\\\/e780a8630f3182a3d06dd667ab6bea151a0d155b0951bc15fe22633acdac0676?s=96&d=mm&r=g\",\"caption\":\"Mzone\"},\"url\":\"https:\\\/\\\/www.mzone.cz\\\/en\\\/author\\\/jakub\\\/\"}]}<\/script>\n<!-- \/ Yoast SEO plugin. -->","yoast_head_json":{"title":"5 v\u011bc\u00ed, kter\u00e9 jste netu\u0161ili o kapele Metallica - Mzone","description":"Pra\u017esk\u00e9 let\u0148ansk\u00e9 leti\u0161t\u011b rozezvu\u010d\u00ed 18. srpna koncert kapely Metallica, kter\u00e1 sv\u00e9 fanou\u0161ky bav\u00ed u\u017e \u00fa\u017easn\u00fdch 38 let. Co mus\u00edte jako spr\u00e1vn\u00fd fanou\u0161ek o t\u00e9to trash metalov\u00e9 legend\u011b v\u011bd\u011bt?","robots":{"index":"index","follow":"follow","max-snippet":"max-snippet:-1","max-image-preview":"max-image-preview:large","max-video-preview":"max-video-preview:-1"},"canonical":"https:\/\/www.mzone.cz\/en\/5-veci-ktere-jste-netusili-o-kapele-metallica\/","og_locale":"en_US","og_type":"article","og_title":"5 v\u011bc\u00ed, kter\u00e9 jste netu\u0161ili o kapele Metallica - Mzone","og_description":"Pra\u017esk\u00e9 let\u0148ansk\u00e9 leti\u0161t\u011b rozezvu\u010d\u00ed 18. srpna koncert kapely Metallica, kter\u00e1 sv\u00e9 fanou\u0161ky bav\u00ed u\u017e \u00fa\u017easn\u00fdch 38 let. Co mus\u00edte jako spr\u00e1vn\u00fd fanou\u0161ek o t\u00e9to trash metalov\u00e9 legend\u011b v\u011bd\u011bt?","og_url":"https:\/\/www.mzone.cz\/en\/5-veci-ktere-jste-netusili-o-kapele-metallica\/","og_site_name":"Mzone","article_publisher":"https:\/\/www.facebook.com\/MzoneCZ\/","article_published_time":"2019-07-27T04:00:53+00:00","og_image":[{"width":1330,"height":887,"url":"https:\/\/www.mzone.cz\/wp-content\/uploads\/2019\/07\/Depositphotos_235508428_l-2015.jpg","type":"image\/jpeg"}],"author":"Mzone","twitter_card":"summary_large_image","twitter_misc":{"Written by":"Mzone","Est. reading time":"5 minutes"},"schema":{"@context":"https:\/\/schema.org","@graph":[{"@type":"Article","@id":"https:\/\/www.mzone.cz\/5-veci-ktere-jste-netusili-o-kapele-metallica\/#article","isPartOf":{"@id":"https:\/\/www.mzone.cz\/5-veci-ktere-jste-netusili-o-kapele-metallica\/"},"author":{"name":"Mzone","@id":"https:\/\/www.mzone.cz\/#\/schema\/person\/9bc20cc422a99cac4af6ff9297da32d4"},"headline":"5 v\u011bc\u00ed, kter\u00e9 jste netu\u0161ili o kapele Metallica","datePublished":"2019-07-27T04:00:53+00:00","mainEntityOfPage":{"@id":"https:\/\/www.mzone.cz\/5-veci-ktere-jste-netusili-o-kapele-metallica\/"},"wordCount":1107,"commentCount":0,"image":{"@id":"https:\/\/www.mzone.cz\/5-veci-ktere-jste-netusili-o-kapele-metallica\/#primaryimage"},"thumbnailUrl":"https:\/\/www.mzone.cz\/wp-content\/uploads\/2019\/07\/Depositphotos_235508428_l-2015.jpg","keywords":["hudba","kapela","koncert","Kultura","metal","Metallica","muzika","skupina","trash metal","vystoupen\u00ed","zaj\u00edmavosti"],"articleSection":["Hudba","Kultura"],"inLanguage":"en-US","potentialAction":[{"@type":"CommentAction","name":"Comment","target":["https:\/\/www.mzone.cz\/5-veci-ktere-jste-netusili-o-kapele-metallica\/#respond"]}]},{"@type":"WebPage","@id":"https:\/\/www.mzone.cz\/5-veci-ktere-jste-netusili-o-kapele-metallica\/","url":"https:\/\/www.mzone.cz\/5-veci-ktere-jste-netusili-o-kapele-metallica\/","name":"5 v\u011bc\u00ed, kter\u00e9 jste netu\u0161ili o kapele Metallica - Mzone","isPartOf":{"@id":"https:\/\/www.mzone.cz\/#website"},"primaryImageOfPage":{"@id":"https:\/\/www.mzone.cz\/5-veci-ktere-jste-netusili-o-kapele-metallica\/#primaryimage"},"image":{"@id":"https:\/\/www.mzone.cz\/5-veci-ktere-jste-netusili-o-kapele-metallica\/#primaryimage"},"thumbnailUrl":"https:\/\/www.mzone.cz\/wp-content\/uploads\/2019\/07\/Depositphotos_235508428_l-2015.jpg","datePublished":"2019-07-27T04:00:53+00:00","author":{"@id":"https:\/\/www.mzone.cz\/#\/schema\/person\/9bc20cc422a99cac4af6ff9297da32d4"},"description":"Pra\u017esk\u00e9 let\u0148ansk\u00e9 leti\u0161t\u011b rozezvu\u010d\u00ed 18. srpna koncert kapely Metallica, kter\u00e1 sv\u00e9 fanou\u0161ky bav\u00ed u\u017e \u00fa\u017easn\u00fdch 38 let. Co mus\u00edte jako spr\u00e1vn\u00fd fanou\u0161ek o t\u00e9to trash metalov\u00e9 legend\u011b v\u011bd\u011bt?","breadcrumb":{"@id":"https:\/\/www.mzone.cz\/5-veci-ktere-jste-netusili-o-kapele-metallica\/#breadcrumb"},"inLanguage":"en-US","potentialAction":[{"@type":"ReadAction","target":["https:\/\/www.mzone.cz\/5-veci-ktere-jste-netusili-o-kapele-metallica\/"]}]},{"@type":"ImageObject","inLanguage":"en-US","@id":"https:\/\/www.mzone.cz\/5-veci-ktere-jste-netusili-o-kapele-metallica\/#primaryimage","url":"https:\/\/www.mzone.cz\/wp-content\/uploads\/2019\/07\/Depositphotos_235508428_l-2015.jpg","contentUrl":"https:\/\/www.mzone.cz\/wp-content\/uploads\/2019\/07\/Depositphotos_235508428_l-2015.jpg","width":1330,"height":887},{"@type":"BreadcrumbList","@id":"https:\/\/www.mzone.cz\/5-veci-ktere-jste-netusili-o-kapele-metallica\/#breadcrumb","itemListElement":[{"@type":"ListItem","position":1,"name":"Dom\u016f","item":"https:\/\/www.mzone.cz\/"},{"@type":"ListItem","position":2,"name":"5 v\u011bc\u00ed, kter\u00e9 jste netu\u0161ili o kapele Metallica"}]},{"@type":"WebSite","@id":"https:\/\/www.mzone.cz\/#website","url":"https:\/\/www.mzone.cz\/","name":"Mzone","description":"Magaz\u00edn nejen pro mu\u017ee","potentialAction":[{"@type":"SearchAction","target":{"@type":"EntryPoint","urlTemplate":"https:\/\/www.mzone.cz\/?s={search_term_string}"},"query-input":{"@type":"PropertyValueSpecification","valueRequired":true,"valueName":"search_term_string"}}],"inLanguage":"en-US"},{"@type":"Person","@id":"https:\/\/www.mzone.cz\/#\/schema\/person\/9bc20cc422a99cac4af6ff9297da32d4","name":"Mzone","image":{"@type":"ImageObject","inLanguage":"en-US","@id":"https:\/\/secure.gravatar.com\/avatar\/e780a8630f3182a3d06dd667ab6bea151a0d155b0951bc15fe22633acdac0676?s=96&d=mm&r=g","url":"https:\/\/secure.gravatar.com\/avatar\/e780a8630f3182a3d06dd667ab6bea151a0d155b0951bc15fe22633acdac0676?s=96&d=mm&r=g","contentUrl":"https:\/\/secure.gravatar.com\/avatar\/e780a8630f3182a3d06dd667ab6bea151a0d155b0951bc15fe22633acdac0676?s=96&d=mm&r=g","caption":"Mzone"},"url":"https:\/\/www.mzone.cz\/en\/author\/jakub\/"}]}},"_links":{"self":[{"href":"https:\/\/www.mzone.cz\/en\/wp-json\/wp\/v2\/posts\/10852","targetHints":{"allow":["GET"]}}],"collection":[{"href":"https:\/\/www.mzone.cz\/en\/wp-json\/wp\/v2\/posts"}],"about":[{"href":"https:\/\/www.mzone.cz\/en\/wp-json\/wp\/v2\/types\/post"}],"author":[{"embeddable":true,"href":"https:\/\/www.mzone.cz\/en\/wp-json\/wp\/v2\/users\/4"}],"replies":[{"embeddable":true,"href":"https:\/\/www.mzone.cz\/en\/wp-json\/wp\/v2\/comments?post=10852"}],"version-history":[{"count":13,"href":"https:\/\/www.mzone.cz\/en\/wp-json\/wp\/v2\/posts\/10852\/revisions"}],"predecessor-version":[{"id":10877,"href":"https:\/\/www.mzone.cz\/en\/wp-json\/wp\/v2\/posts\/10852\/revisions\/10877"}],"wp:featuredmedia":[{"embeddable":true,"href":"https:\/\/www.mzone.cz\/en\/wp-json\/wp\/v2\/media\/10853"}],"wp:attachment":[{"href":"https:\/\/www.mzone.cz\/en\/wp-json\/wp\/v2\/media?parent=10852"}],"wp:term":[{"taxonomy":"category","embeddable":true,"href":"https:\/\/www.mzone.cz\/en\/wp-json\/wp\/v2\/categories?post=10852"},{"taxonomy":"post_tag","embeddable":true,"href":"https:\/\/www.mzone.cz\/en\/wp-json\/wp\/v2\/tags?post=10852"}],"curies":[{"name":"wp","href":"https:\/\/api.w.org\/{rel}","templated":true}]}}