{"id":10878,"date":"2019-07-14T18:00:18","date_gmt":"2019-07-14T16:00:18","guid":{"rendered":"https:\/\/www.mzone.cz\/?p=10878"},"modified":"2019-07-14T09:44:09","modified_gmt":"2019-07-14T07:44:09","slug":"blog-rock-for-people-festival-krasnych-zen-a-dalsi-duvody-proc-na-nej-jet-kazdy-rok","status":"publish","type":"post","link":"https:\/\/www.mzone.cz\/en\/blog-rock-for-people-festival-krasnych-zen-a-dalsi-duvody-proc-na-nej-jet-kazdy-rok\/","title":{"rendered":"Blog: Rock for People &#8211; festival kr\u00e1sn\u00fdch \u017een a dal\u0161\u00ed d\u016fvody, pro\u010d na n\u011bj jet ka\u017ed\u00fd rok"},"content":{"rendered":"<p><strong>Jet na festival coby \u017eurnalista m\u00e1 mnoh\u00e9 v\u00fdhody a samoz\u0159ejm\u011b i sv\u00e1 \u00faskal\u00ed. Bu\u010fto jedete na festival ps\u00e1t, tr\u00e1v\u00edte koncerty zapisov\u00e1n\u00edm si pozn\u00e1mek a pak cel\u00e9 hodiny ohluchl\u00ed ve stanu ur\u010den\u00e9m pro novin\u00e1\u0159e lov\u00edte v pam\u011bti zm\u011b\u0165 pestrobarevn\u00fdch slov opisuj\u00edc\u00edch atmosf\u00e9ru (p\u0159i\u010dem\u017e ta skute\u010dn\u00e1 v\u00e1m v izolaci od okoln\u00edch lid\u00ed unik\u00e1), anebo si u\u017eijete festival se v\u0161\u00edm v\u0161udy, vr\u00e1t\u00edte se po t\u0159ech dnech dom\u016f bez hlasu, bez stanu a s podez\u0159el\u00fdm obnosem pen\u011bz, a pak cel\u00fd n\u00e1sleduj\u00edc\u00ed pracovn\u00ed t\u00fdden zp\u011bt v realit\u011b \u017eijete na sp\u00e1nkov\u00fd dluh a op\u011bt p\u0159em\u00fd\u0161l\u00edte (tentokr\u00e1t v pohodl\u00ed zimn\u00ed zahrady p\u0159ed domem) nad t\u00edm, jak spolehliv\u011b popsat atmosf\u00e9ru leto\u0161n\u00edho uplynul\u00e9ho 25. ro\u010dn\u00edku.<\/strong><\/p><br>\n\n\n\n<p>Jezd\u00edm na festival Rock for People ka\u017edoro\u010dn\u011b u\u017e od roku 2012, kdy jsem tehdy za\u017eila legend\u00e1rn\u00ed bou\u0159ku, po n\u00ed\u017e se spousta lid\u00ed v \u0161oku sna\u017eila na okoln\u00edch stromech naj\u00edt sv\u016fj stan a vz\u00e1p\u011bt\u00ed stihnout koncert Skrillexe, je\u017e se ze stage, kde se b\u011bhem pouh\u00e9 hodiny vytvo\u0159ila ob\u0159\u00ed kalu\u017e a\u017e do p\u016flky l\u00fdtek, p\u0159esunul do mal\u00e9ho Youtube stanu, kam se b\u011bhem p\u011bti minut od ozn\u00e1men\u00ed p\u0159esunu nahrnulo na deset tis\u00edc lid\u00ed. P\u0159ipom\u00edn\u00e1m jen, \u017ee kapacita stanu m\u011bla necelou polovinu.<\/p>\n\n\n\n<blockquote class=\"wp-block-quote is-layout-flow wp-block-quote-is-layout-flow\"><p>V dal\u0161\u00edch uplynul\u00fdch letech zase panovalo ne\u00fanosn\u00e9 vedro, je\u017e pro zm\u011bnu na cel\u00fd den a\u017e do ve\u010dera nahrnulo n\u00e1v\u0161t\u011bvn\u00edky k p\u0159ilehl\u00e9mu rybn\u00edku, p\u0159i\u010dem\u017e jen ti nejodv\u00e1\u017en\u011bj\u0161\u00ed se \u0161li znaven\u011b pohupovat na odpoledn\u00ed koncerty. Letos v\u0161ak bylo po\u010das\u00ed naprosto vynikaj\u00edc\u00ed a p\u0159\u00e1lo i plnohodnotn\u00e9mu neru\u0161en\u00e9mu sp\u00e1nku.<\/p><\/blockquote>\n\n\n\n<p>Nutn\u00e9 je tak\u00e9 vyzdvihnout celkovou organizaci festivalu, kter\u00e1 ji\u017e minul\u00fd rok dos\u00e1hla tak \u0161pi\u010dkov\u00e9 kvality, jakou v \u010cesk\u00e9 republice a dokonce i v okoln\u00edch st\u00e1tech nem\u00e1 t\u00e9m\u011b\u0159 \u017e\u00e1dn\u00fd festival. Bezbari\u00e9rov\u00fd p\u0159\u00edstup, p\u0159\u00edsun pitn\u00e9 vody, kamenn\u00e9 \u010dist\u00e9 z\u00e1chody a sprchy, funk\u010dn\u00ed bankomat, mnoho m\u00edst na dobit\u00ed telefon\u016f, p\u0159\u00edzniv\u00e9 ceny a kvalita j\u00eddla a n\u00e1poj\u016f, rozli\u010dn\u00e9 druhy piva (na mnoh\u00fdch festivalech jsou \u010dasto k dost\u00e1n\u00ed jen sponzorsk\u00e9 pivovary), \u010distota stanov\u00e9ho m\u011bste\u010dka a ide\u00e1ln\u00ed vzd\u00e1lenost od are\u00e1lu, je\u017e izoluje od okoln\u00edho ruchu a z\u00e1rove\u0148 nenut\u00ed n\u00e1v\u0161t\u011bvn\u00edky \u0161lapat stovky metr\u016f ke vstupn\u00ed br\u00e1n\u011b.<\/p><br>\n\n\n\n<figure class=\"wp-block-image\"><img loading=\"lazy\" decoding=\"async\" width=\"1024\" height=\"686\" src=\"https:\/\/www.mzone.cz\/wp-content\/uploads\/2019\/07\/Sn\u00edmek-obrazovky-2019-07-14-v-9.19.39-1024x686.png\" alt=\"\" class=\"wp-image-10884\" srcset=\"https:\/\/www.mzone.cz\/wp-content\/uploads\/2019\/07\/Sn\u00edmek-obrazovky-2019-07-14-v-9.19.39-1024x686.png 1024w, https:\/\/www.mzone.cz\/wp-content\/uploads\/2019\/07\/Sn\u00edmek-obrazovky-2019-07-14-v-9.19.39-300x201.png 300w, https:\/\/www.mzone.cz\/wp-content\/uploads\/2019\/07\/Sn\u00edmek-obrazovky-2019-07-14-v-9.19.39-768x514.png 768w, https:\/\/www.mzone.cz\/wp-content\/uploads\/2019\/07\/Sn\u00edmek-obrazovky-2019-07-14-v-9.19.39-400x267.png 400w, https:\/\/www.mzone.cz\/wp-content\/uploads\/2019\/07\/Sn\u00edmek-obrazovky-2019-07-14-v-9.19.39-590x395.png 590w, https:\/\/www.mzone.cz\/wp-content\/uploads\/2019\/07\/Sn\u00edmek-obrazovky-2019-07-14-v-9.19.39.png 1484w\" sizes=\"auto, (max-width: 1024px) 100vw, 1024px\" \/><\/figure><br>\n\n\n\n<p>Buzerace, z\u00e1kazy a na\u0159\u00edzen\u00ed jsou sice minim\u00e1ln\u00ed, ale celkov\u00e1 kvalita a p\u0159\u00edstup po\u0159adatel\u016f n\u00e1v\u0161t\u011bvn\u00edky natolik ovlivn\u00ed, \u017ee se lid\u00e9 nechovaj\u00ed jako zv\u00ed\u0159ata na festivalu, ale jako ve m\u011bst\u011b, co\u017e v podstat\u011b Rock for People je. Ka\u017edoro\u010dn\u011b toti\u017e na leti\u0161ti v Hradci Kr\u00e1lov\u00e9 skute\u010dn\u011b na t\u0159i dny vyroste plnohodnotn\u00e9 m\u011bsto, kter\u00e9 se zase slo\u017e\u00ed a za rok znovu vr\u00e1t\u00ed je\u0161t\u011b siln\u011bj\u0161\u00ed a strukturovan\u011bj\u0161\u00ed ne\u017e d\u0159\u00edv.<\/p>\n\n\n\n<p><br>R\u00e1da bych tak\u00e9 vyzdvihla kvalitu samotn\u00e9ho programu a harmonogramu. Lid\u0161t\u00ed po\u0159adatel\u00e9 pochopili na\u0161e pot\u0159eby a u\u017e necpou ta nejv\u011bt\u0161\u00ed l\u00e1kadla v t\u011bsn\u00e9m \u010dase, aby se nestalo, \u017ee si n\u00e1v\u0161t\u011bvn\u00edk p\u0159eje v jednu chv\u00edli rozdvojit a b\u00fdt ve stejn\u00e9m \u010dase na dvou m\u00edstech. Naopak, m\u00e1 v\u017edy dostatek \u010dasu na socializaci, dopln\u011bn\u00ed sil a hladiny alkoholu a je\u0161t\u011b n\u011bco nav\u00edc.<\/p>\n\n\n\n<blockquote class=\"wp-block-quote is-layout-flow wp-block-quote-is-layout-flow\"><p>A je tam tolik kr\u00e1sn\u00fdch \u017een! Proch\u00e1z\u00edm se hlavn\u00ed silnic\u00ed, prob\u00edr\u00e1m se organizovan\u00fdm davem lid\u00ed na koncertech a nest\u00edh\u00e1m se ot\u00e1\u010det a chv\u00e1lit sofistikovan\u00e9 outfity mlad\u00fdch i star\u0161\u00edch dam, ale i mu\u017e\u016f, je\u017e p\u0159ijeli na festival sv\u00fdm vzez\u0159en\u00edm demonstrovat smysl pro humor. Vid\u011bla jsem letos Je\u017e\u00ed\u0161e, ban\u00e1n i sle\u010dny v n\u00e1dhern\u00e9 ve\u010dern\u00ed r\u00f3b\u011b z viktori\u00e1nsk\u00e9 doby.<\/p><\/blockquote>\n\n\n\n<p>Rock for People m\u00e1 mimo multi\u017e\u00e1nrov\u00fd program i dal\u0161\u00ed v\u00fdhodu pro m\u00e9n\u011b privilegovan\u00e9. Mnoz\u00ed t\u011blesn\u011b posti\u017een\u00ed a neschopn\u00ed voln\u00e9ho pohybu se toti\u017e sj\u00ed\u017ed\u011bj\u00ed pr\u00e1v\u011b tam. Str\u00e1vila jsem letos festival v\u00edcem\u00e9n\u011b s jedn\u00edm voz\u00ed\u010dk\u00e1\u0159em, kter\u00fd si liboval v tom, \u017ee zrovna on m\u00e1 d\u00edky bezbari\u00e9rov\u00e9mu p\u0159\u00edstupu na koncertu ta nejlep\u0161\u00ed m\u00edsta v ide\u00e1ln\u00ed vzd\u00e1lenosti od p\u00f3dia, kde je akustika a dohled na stage pr\u00e1v\u011b tak akor\u00e1t.<\/p><br>\n\n\n\n<div class=\"wp-block-image\"><figure class=\"alignleft is-resized\"><img loading=\"lazy\" decoding=\"async\" src=\"https:\/\/www.mzone.cz\/wp-content\/uploads\/2019\/04\/40352541_1874536012608155_2628644418944499712_o-1024x682.jpg\" alt=\"\" class=\"wp-image-7883\" width=\"126\" height=\"84\" srcset=\"https:\/\/www.mzone.cz\/wp-content\/uploads\/2019\/04\/40352541_1874536012608155_2628644418944499712_o-1024x682.jpg 1024w, https:\/\/www.mzone.cz\/wp-content\/uploads\/2019\/04\/40352541_1874536012608155_2628644418944499712_o-300x200.jpg 300w, https:\/\/www.mzone.cz\/wp-content\/uploads\/2019\/04\/40352541_1874536012608155_2628644418944499712_o-768x512.jpg 768w, https:\/\/www.mzone.cz\/wp-content\/uploads\/2019\/04\/40352541_1874536012608155_2628644418944499712_o-800x533.jpg 800w, https:\/\/www.mzone.cz\/wp-content\/uploads\/2019\/04\/40352541_1874536012608155_2628644418944499712_o-400x267.jpg 400w, https:\/\/www.mzone.cz\/wp-content\/uploads\/2019\/04\/40352541_1874536012608155_2628644418944499712_o-500x333.jpg 500w, https:\/\/www.mzone.cz\/wp-content\/uploads\/2019\/04\/40352541_1874536012608155_2628644418944499712_o-1170x780.jpg 1170w, https:\/\/www.mzone.cz\/wp-content\/uploads\/2019\/04\/40352541_1874536012608155_2628644418944499712_o-590x393.jpg 590w, https:\/\/www.mzone.cz\/wp-content\/uploads\/2019\/04\/40352541_1874536012608155_2628644418944499712_o.jpg 1791w\" sizes=\"auto, (max-width: 126px) 100vw, 126px\" \/><\/figure><\/div>\n\n\n\n<h4><a href=\"https:\/\/www.mzone.cz\/v-rumunskem-banatu-probehne-opet-cesky-festival\/\">V rumunsk\u00e9m Ban\u00e1tu prob\u011bhne op\u011bt \u010desk\u00fd festival<\/a><\/h4><br>\n\n\n\n<p>U st\u00e1nk\u016f s j\u00eddlem pak mezi hardcorov\u00fdmi koncerty vid\u00edte post\u00e1vat star\u0161\u00ed p\u00e1ry, kte\u0159\u00ed p\u0159ihl\u00ed\u017eej\u00ed k hlavn\u00ed stagi, kde zrovna hraj\u00ed vyburcovan\u00ed In Flames a sly\u0161\u00edte je sna\u017en\u011b z d\u00e1lky p\u0159ikyvovat do rytmu hudby, je\u017e je jim i o pades\u00e1t let mlad\u0161\u00ed a vzd\u00e1len\u011bj\u0161\u00ed.<\/p><br>\n\n\n\n<figure class=\"wp-block-image\"><img loading=\"lazy\" decoding=\"async\" width=\"1024\" height=\"437\" src=\"https:\/\/www.mzone.cz\/wp-content\/uploads\/2019\/07\/Sn\u00edmek-obrazovky-2019-07-14-v-9.18.18-1-1024x437.png\" alt=\"\" class=\"wp-image-10896\" srcset=\"https:\/\/www.mzone.cz\/wp-content\/uploads\/2019\/07\/Sn\u00edmek-obrazovky-2019-07-14-v-9.18.18-1-1024x437.png 1024w, https:\/\/www.mzone.cz\/wp-content\/uploads\/2019\/07\/Sn\u00edmek-obrazovky-2019-07-14-v-9.18.18-1-300x128.png 300w, https:\/\/www.mzone.cz\/wp-content\/uploads\/2019\/07\/Sn\u00edmek-obrazovky-2019-07-14-v-9.18.18-1-768x328.png 768w, https:\/\/www.mzone.cz\/wp-content\/uploads\/2019\/07\/Sn\u00edmek-obrazovky-2019-07-14-v-9.18.18-1-590x252.png 590w\" sizes=\"auto, (max-width: 1024px) 100vw, 1024px\" \/><\/figure>\n\n\n\n<p><br>Letos jsem naplno ze strany po\u0159adatel\u016f poc\u00edtila otev\u0159enou n\u00e1ru\u010d v\u016f\u010di kontroverzi, nekonformn\u00edmu my\u0161len\u00ed interpret\u016f a svobod\u011b hudby nez\u00e1visl\u00e9 na politice \u010di n\u00e1bo\u017eenstv\u00ed. V sobotu p\u0159ed p\u016flnoc\u00ed jsem se z\u010distajasna objevila na koncert\u011b rusko-americk\u00e9ho rappera Tommyho Cashe, kter\u00fd ji\u017e z\u00a0 d\u0159\u00edve vydan\u00fdch videoklip\u016f zv\u011bstoval show, na jakou si troufne jen m\u00e1lokdo. \u010cekala jsem na p\u00f3diu v\u0161elijak\u00e9 bizarn\u00ed tane\u010dn\u00edky, kost\u00fdmy a vyk\u0159i\u010den\u00e9 proslovy, ale nic z toho se nekonalo.<\/p>\n\n\n\n<blockquote class=\"wp-block-quote is-layout-flow wp-block-quote-is-layout-flow\"><p>Tommy Cash demonstroval a vysv\u011btloval podtext\u00a0 sv\u00e9 tvorby v\u00fdhradn\u011b skrz prezentaci stovek fotek a vte\u0159inov\u011b kr\u00e1tk\u00fdch videoklip\u016f na televizn\u00edch obrazovk\u00e1ch, je\u017e zobrazovaly moment\u00e1ln\u00ed schizofrenick\u00e9 rozlo\u017een\u00ed spole\u010dnosti, pok\u0159iven\u00e9 vn\u00edm\u00e1n\u00ed reality a virtuality, laxn\u00ed p\u0159\u00edstup ke klimatick\u00fdm zm\u011bn\u00e1m, sklon k nevyhnuteln\u00e9mu futurismu a normalizaci obsc\u00e9nnosti.<\/p><\/blockquote>\n\n\n\n<p>Abych to posledn\u00ed p\u0159irovn\u00e1n\u00ed vysv\u011btlila n\u011bkolika jednoduch\u00fdmi slovy &#8211; posledn\u00ed dv\u011b p\u00edsni\u010dky jste se regul\u00e9rn\u011b v hledi\u0161ti d\u00edvali na porno. Je\u017e mimochodem ka\u017ed\u00fd sleduje, ka\u017ed\u00fd akceptuje, av\u0161ak ze soukrom\u00e9ho tajemstv\u00ed vlivem v\u00fd\u0161e zm\u00edn\u011bn\u00e9ho doslova zn\u00e1sil\u0148uje svobodu slova.<\/p>\n\n\n\n<p><br>Na Rock for People jsem letos zaznamenala jen dv\u011b nev\u00fdhody. A t\u011bmi jsou absence h\u00e1\u010dku na ru\u010dn\u00edk a oble\u010den\u00ed ve sprch\u00e1ch a VIP vstup, ze kter\u00e9ho jsem si bohu\u017eel moc neu\u017eila. I p\u0159es neust\u00e1l\u00e9 vyhled\u00e1v\u00e1n\u00ed jsem \u017e\u00e1dn\u00e9ho interpreta bohu\u017eel nezastihla. Ale p\u0159\u00ed\u0161t\u00ed rok jedu zas, a douf\u00e1m, \u017ee vy p\u0159\u00ed\u0161t\u00ed rok tak\u00e9!<\/p><br>\n\n\n\n<div class=\"wp-block-image\"><figure class=\"alignleft is-resized\"><img loading=\"lazy\" decoding=\"async\" src=\"https:\/\/www.mzone.cz\/wp-content\/uploads\/2019\/07\/Sn\u00edmek-obrazovky-2019-07-09-v-18.25.16-1024x683.png\" alt=\"\" class=\"wp-image-10760\" width=\"125\" height=\"82\" srcset=\"https:\/\/www.mzone.cz\/wp-content\/uploads\/2019\/07\/Sn\u00edmek-obrazovky-2019-07-09-v-18.25.16-1024x683.png 1024w, https:\/\/www.mzone.cz\/wp-content\/uploads\/2019\/07\/Sn\u00edmek-obrazovky-2019-07-09-v-18.25.16-300x200.png 300w, https:\/\/www.mzone.cz\/wp-content\/uploads\/2019\/07\/Sn\u00edmek-obrazovky-2019-07-09-v-18.25.16-768x512.png 768w, https:\/\/www.mzone.cz\/wp-content\/uploads\/2019\/07\/Sn\u00edmek-obrazovky-2019-07-09-v-18.25.16-800x533.png 800w, https:\/\/www.mzone.cz\/wp-content\/uploads\/2019\/07\/Sn\u00edmek-obrazovky-2019-07-09-v-18.25.16-400x267.png 400w, https:\/\/www.mzone.cz\/wp-content\/uploads\/2019\/07\/Sn\u00edmek-obrazovky-2019-07-09-v-18.25.16-500x333.png 500w, https:\/\/www.mzone.cz\/wp-content\/uploads\/2019\/07\/Sn\u00edmek-obrazovky-2019-07-09-v-18.25.16-1170x780.png 1170w, https:\/\/www.mzone.cz\/wp-content\/uploads\/2019\/07\/Sn\u00edmek-obrazovky-2019-07-09-v-18.25.16-590x393.png 590w, https:\/\/www.mzone.cz\/wp-content\/uploads\/2019\/07\/Sn\u00edmek-obrazovky-2019-07-09-v-18.25.16.png 1713w\" sizes=\"auto, (max-width: 125px) 100vw, 125px\" \/><\/figure><\/div>\n\n\n\n<h4><a href=\"https:\/\/www.mzone.cz\/top-ceske-kapely-i-skvele-pivo-to-je-festival-vesuf\/\">TOP \u010desk\u00e9 kapely i skv\u011bl\u00e9 pivo! To je festival Vesuf<\/a><\/h4><br>","protected":false},"excerpt":{"rendered":"<p>Jet na festival coby \u017eurnalista m\u00e1 mnoh\u00e9 v\u00fdhody a samoz\u0159ejm\u011b i sv\u00e1 \u00faskal\u00ed. Bu\u010fto jedete na festival ps\u00e1t, tr\u00e1v\u00edte koncerty zapisov\u00e1n\u00edm si pozn\u00e1mek a pak cel\u00e9 hodiny ohluchl\u00ed ve stanu ur\u010den\u00e9m pro novin\u00e1\u0159e lov\u00edte v pam\u011bti zm\u011b\u0165 pestrobarevn\u00fdch slov opisuj\u00edc\u00edch atmosf\u00e9ru (p\u0159i\u010dem\u017e ta skute\u010dn\u00e1 v\u00e1m v izolaci od okoln\u00edch lid\u00ed unik\u00e1), anebo si u\u017eijete festival [&hellip;]<\/p>\n","protected":false},"author":4,"featured_media":10879,"comment_status":"open","ping_status":"closed","sticky":false,"template":"","format":"standard","meta":{"kk_blocks_editor_width":"","_kiokenblocks_attr":"","_kiokenblocks_dimensions":"","footnotes":""},"categories":[385,76,71],"tags":[59,1009,153,2008,1147,31,1580,85,1825],"class_list":["post-10878","post","type-post","status-publish","format-standard","has-post-thumbnail","hentry","category-blog","category-hudba","category-kultura","tag-blog","tag-dojmy","tag-festival","tag-hradec-kralove","tag-hudba","tag-kultura","tag-muzika","tag-recenze","tag-rock-for-people"],"yoast_head":"<!-- This site is optimized with the Yoast SEO plugin v27.5 - https:\/\/yoast.com\/product\/yoast-seo-wordpress\/ -->\n<title>Blog: Rock for People - festival kr\u00e1sn\u00fdch \u017een a dal\u0161\u00ed d\u016fvody, pro\u010d na n\u011bj jet ka\u017ed\u00fd rok - Mzone<\/title>\n<meta name=\"description\" content=\"Jet na festival coby \u017eurnalista m\u00e1 mnoh\u00e9 v\u00fdhody a samoz\u0159ejm\u011b i sv\u00e1 \u00faskal\u00ed. Bu\u010fto jedete na festival ps\u00e1t, tr\u00e1v\u00edte koncerty zapisov\u00e1n\u00edm si pozn\u00e1mek a pak cel\u00e9 hodiny ohluchl\u00ed ve stanu ur\u010den\u00e9m pro novin\u00e1\u0159e lov\u00edte v pam\u011bti zm\u011b\u0165 pestrobarevn\u00fdch slov opisuj\u00edc\u00edch atmosf\u00e9ru (p\u0159i\u010dem\u017e ta skute\u010dn\u00e1 v\u00e1m v izolaci od okoln\u00edch lid\u00ed unik\u00e1), anebo si u\u017eijete festival se v\u0161\u00edm v\u0161udy, vr\u00e1t\u00edte se po t\u0159ech dnech dom\u016f bez hlasu, bez stanu a s podez\u0159el\u00fdm obnosem pen\u011bz, a pak cel\u00fd n\u00e1sleduj\u00edc\u00ed pracovn\u00ed t\u00fdden zp\u011bt v realit\u011b \u017eijete na sp\u00e1nkov\u00fd dluh a op\u011bt p\u0159em\u00fd\u0161l\u00edte (tentokr\u00e1t v pohodl\u00ed zimn\u00ed zahrady p\u0159ed domem) nad t\u00edm, jak spolehliv\u011b popsat atmosf\u00e9ru leto\u0161n\u00edho uplynul\u00e9ho 25.ro\u010dn\u00edku.\" \/>\n<meta name=\"robots\" content=\"index, follow, max-snippet:-1, max-image-preview:large, max-video-preview:-1\" \/>\n<link rel=\"canonical\" href=\"https:\/\/www.mzone.cz\/en\/blog-rock-for-people-festival-krasnych-zen-a-dalsi-duvody-proc-na-nej-jet-kazdy-rok\/\" \/>\n<meta property=\"og:locale\" content=\"en_US\" \/>\n<meta property=\"og:type\" content=\"article\" \/>\n<meta property=\"og:title\" content=\"Blog: Rock for People - festival kr\u00e1sn\u00fdch \u017een a dal\u0161\u00ed d\u016fvody, pro\u010d na n\u011bj jet ka\u017ed\u00fd rok - Mzone\" \/>\n<meta property=\"og:description\" content=\"Jet na festival coby \u017eurnalista m\u00e1 mnoh\u00e9 v\u00fdhody a samoz\u0159ejm\u011b i sv\u00e1 \u00faskal\u00ed. Bu\u010fto jedete na festival ps\u00e1t, tr\u00e1v\u00edte koncerty zapisov\u00e1n\u00edm si pozn\u00e1mek a pak cel\u00e9 hodiny ohluchl\u00ed ve stanu ur\u010den\u00e9m pro novin\u00e1\u0159e lov\u00edte v pam\u011bti zm\u011b\u0165 pestrobarevn\u00fdch slov opisuj\u00edc\u00edch atmosf\u00e9ru (p\u0159i\u010dem\u017e ta skute\u010dn\u00e1 v\u00e1m v izolaci od okoln\u00edch lid\u00ed unik\u00e1), anebo si u\u017eijete festival se v\u0161\u00edm v\u0161udy, vr\u00e1t\u00edte se po t\u0159ech dnech dom\u016f bez hlasu, bez stanu a s podez\u0159el\u00fdm obnosem pen\u011bz, a pak cel\u00fd n\u00e1sleduj\u00edc\u00ed pracovn\u00ed t\u00fdden zp\u011bt v realit\u011b \u017eijete na sp\u00e1nkov\u00fd dluh a op\u011bt p\u0159em\u00fd\u0161l\u00edte (tentokr\u00e1t v pohodl\u00ed zimn\u00ed zahrady p\u0159ed domem) nad t\u00edm, jak spolehliv\u011b popsat atmosf\u00e9ru leto\u0161n\u00edho uplynul\u00e9ho 25.ro\u010dn\u00edku.\" \/>\n<meta property=\"og:url\" content=\"https:\/\/www.mzone.cz\/en\/blog-rock-for-people-festival-krasnych-zen-a-dalsi-duvody-proc-na-nej-jet-kazdy-rok\/\" \/>\n<meta property=\"og:site_name\" content=\"Mzone\" \/>\n<meta property=\"article:publisher\" content=\"https:\/\/www.facebook.com\/MzoneCZ\/\" \/>\n<meta property=\"article:published_time\" content=\"2019-07-14T16:00:18+00:00\" \/>\n<meta property=\"og:image\" content=\"https:\/\/www.mzone.cz\/wp-content\/uploads\/2019\/07\/Sn\u00edmek-obrazovky-2019-07-14-v-9.20.28.png\" \/>\n\t<meta property=\"og:image:width\" content=\"1094\" \/>\n\t<meta property=\"og:image:height\" content=\"730\" \/>\n\t<meta property=\"og:image:type\" content=\"image\/png\" \/>\n<meta name=\"author\" content=\"Mzone\" \/>\n<meta name=\"twitter:card\" content=\"summary_large_image\" \/>\n<meta name=\"twitter:label1\" content=\"Written by\" \/>\n\t<meta name=\"twitter:data1\" content=\"Mzone\" \/>\n\t<meta name=\"twitter:label2\" content=\"Est. reading time\" \/>\n\t<meta name=\"twitter:data2\" content=\"6 minutes\" \/>\n<script type=\"application\/ld+json\" class=\"yoast-schema-graph\">{\"@context\":\"https:\\\/\\\/schema.org\",\"@graph\":[{\"@type\":\"Article\",\"@id\":\"https:\\\/\\\/www.mzone.cz\\\/blog-rock-for-people-festival-krasnych-zen-a-dalsi-duvody-proc-na-nej-jet-kazdy-rok\\\/#article\",\"isPartOf\":{\"@id\":\"https:\\\/\\\/www.mzone.cz\\\/blog-rock-for-people-festival-krasnych-zen-a-dalsi-duvody-proc-na-nej-jet-kazdy-rok\\\/\"},\"author\":{\"name\":\"Mzone\",\"@id\":\"https:\\\/\\\/www.mzone.cz\\\/#\\\/schema\\\/person\\\/9bc20cc422a99cac4af6ff9297da32d4\"},\"headline\":\"Blog: Rock for People &#8211; festival kr\u00e1sn\u00fdch \u017een a dal\u0161\u00ed d\u016fvody, pro\u010d na n\u011bj jet ka\u017ed\u00fd rok\",\"datePublished\":\"2019-07-14T16:00:18+00:00\",\"mainEntityOfPage\":{\"@id\":\"https:\\\/\\\/www.mzone.cz\\\/blog-rock-for-people-festival-krasnych-zen-a-dalsi-duvody-proc-na-nej-jet-kazdy-rok\\\/\"},\"wordCount\":1171,\"commentCount\":0,\"image\":{\"@id\":\"https:\\\/\\\/www.mzone.cz\\\/blog-rock-for-people-festival-krasnych-zen-a-dalsi-duvody-proc-na-nej-jet-kazdy-rok\\\/#primaryimage\"},\"thumbnailUrl\":\"https:\\\/\\\/www.mzone.cz\\\/wp-content\\\/uploads\\\/2019\\\/07\\\/Sn\u00edmek-obrazovky-2019-07-14-v-9.20.28.png\",\"keywords\":[\"Blog\",\"dojmy\",\"festival\",\"Hradec Kr\u00e1lov\u00e9\",\"hudba\",\"Kultura\",\"muzika\",\"Recenze\",\"Rock for People\"],\"articleSection\":[\"Blog\",\"Hudba\",\"Kultura\"],\"inLanguage\":\"en-US\",\"potentialAction\":[{\"@type\":\"CommentAction\",\"name\":\"Comment\",\"target\":[\"https:\\\/\\\/www.mzone.cz\\\/blog-rock-for-people-festival-krasnych-zen-a-dalsi-duvody-proc-na-nej-jet-kazdy-rok\\\/#respond\"]}]},{\"@type\":\"WebPage\",\"@id\":\"https:\\\/\\\/www.mzone.cz\\\/blog-rock-for-people-festival-krasnych-zen-a-dalsi-duvody-proc-na-nej-jet-kazdy-rok\\\/\",\"url\":\"https:\\\/\\\/www.mzone.cz\\\/blog-rock-for-people-festival-krasnych-zen-a-dalsi-duvody-proc-na-nej-jet-kazdy-rok\\\/\",\"name\":\"Blog: Rock for People - festival kr\u00e1sn\u00fdch \u017een a dal\u0161\u00ed d\u016fvody, pro\u010d na n\u011bj jet ka\u017ed\u00fd rok - Mzone\",\"isPartOf\":{\"@id\":\"https:\\\/\\\/www.mzone.cz\\\/#website\"},\"primaryImageOfPage\":{\"@id\":\"https:\\\/\\\/www.mzone.cz\\\/blog-rock-for-people-festival-krasnych-zen-a-dalsi-duvody-proc-na-nej-jet-kazdy-rok\\\/#primaryimage\"},\"image\":{\"@id\":\"https:\\\/\\\/www.mzone.cz\\\/blog-rock-for-people-festival-krasnych-zen-a-dalsi-duvody-proc-na-nej-jet-kazdy-rok\\\/#primaryimage\"},\"thumbnailUrl\":\"https:\\\/\\\/www.mzone.cz\\\/wp-content\\\/uploads\\\/2019\\\/07\\\/Sn\u00edmek-obrazovky-2019-07-14-v-9.20.28.png\",\"datePublished\":\"2019-07-14T16:00:18+00:00\",\"author\":{\"@id\":\"https:\\\/\\\/www.mzone.cz\\\/#\\\/schema\\\/person\\\/9bc20cc422a99cac4af6ff9297da32d4\"},\"description\":\"Jet na festival coby \u017eurnalista m\u00e1 mnoh\u00e9 v\u00fdhody a samoz\u0159ejm\u011b i sv\u00e1 \u00faskal\u00ed. Bu\u010fto jedete na festival ps\u00e1t, tr\u00e1v\u00edte koncerty zapisov\u00e1n\u00edm si pozn\u00e1mek a pak cel\u00e9 hodiny ohluchl\u00ed ve stanu ur\u010den\u00e9m pro novin\u00e1\u0159e lov\u00edte v pam\u011bti zm\u011b\u0165 pestrobarevn\u00fdch slov opisuj\u00edc\u00edch atmosf\u00e9ru (p\u0159i\u010dem\u017e ta skute\u010dn\u00e1 v\u00e1m v izolaci od okoln\u00edch lid\u00ed unik\u00e1), anebo si u\u017eijete festival se v\u0161\u00edm v\u0161udy, vr\u00e1t\u00edte se po t\u0159ech dnech dom\u016f bez hlasu, bez stanu a s podez\u0159el\u00fdm obnosem pen\u011bz, a pak cel\u00fd n\u00e1sleduj\u00edc\u00ed pracovn\u00ed t\u00fdden zp\u011bt v realit\u011b \u017eijete na sp\u00e1nkov\u00fd dluh a op\u011bt p\u0159em\u00fd\u0161l\u00edte (tentokr\u00e1t v pohodl\u00ed zimn\u00ed zahrady p\u0159ed domem) nad t\u00edm, jak spolehliv\u011b popsat atmosf\u00e9ru leto\u0161n\u00edho uplynul\u00e9ho 25.ro\u010dn\u00edku.\",\"breadcrumb\":{\"@id\":\"https:\\\/\\\/www.mzone.cz\\\/blog-rock-for-people-festival-krasnych-zen-a-dalsi-duvody-proc-na-nej-jet-kazdy-rok\\\/#breadcrumb\"},\"inLanguage\":\"en-US\",\"potentialAction\":[{\"@type\":\"ReadAction\",\"target\":[\"https:\\\/\\\/www.mzone.cz\\\/blog-rock-for-people-festival-krasnych-zen-a-dalsi-duvody-proc-na-nej-jet-kazdy-rok\\\/\"]}]},{\"@type\":\"ImageObject\",\"inLanguage\":\"en-US\",\"@id\":\"https:\\\/\\\/www.mzone.cz\\\/blog-rock-for-people-festival-krasnych-zen-a-dalsi-duvody-proc-na-nej-jet-kazdy-rok\\\/#primaryimage\",\"url\":\"https:\\\/\\\/www.mzone.cz\\\/wp-content\\\/uploads\\\/2019\\\/07\\\/Sn\u00edmek-obrazovky-2019-07-14-v-9.20.28.png\",\"contentUrl\":\"https:\\\/\\\/www.mzone.cz\\\/wp-content\\\/uploads\\\/2019\\\/07\\\/Sn\u00edmek-obrazovky-2019-07-14-v-9.20.28.png\",\"width\":1094,\"height\":730},{\"@type\":\"BreadcrumbList\",\"@id\":\"https:\\\/\\\/www.mzone.cz\\\/blog-rock-for-people-festival-krasnych-zen-a-dalsi-duvody-proc-na-nej-jet-kazdy-rok\\\/#breadcrumb\",\"itemListElement\":[{\"@type\":\"ListItem\",\"position\":1,\"name\":\"Dom\u016f\",\"item\":\"https:\\\/\\\/www.mzone.cz\\\/\"},{\"@type\":\"ListItem\",\"position\":2,\"name\":\"Blog: Rock for People &#8211; festival kr\u00e1sn\u00fdch \u017een a dal\u0161\u00ed d\u016fvody, pro\u010d na n\u011bj jet ka\u017ed\u00fd rok\"}]},{\"@type\":\"WebSite\",\"@id\":\"https:\\\/\\\/www.mzone.cz\\\/#website\",\"url\":\"https:\\\/\\\/www.mzone.cz\\\/\",\"name\":\"Mzone\",\"description\":\"Magaz\u00edn nejen pro mu\u017ee\",\"potentialAction\":[{\"@type\":\"SearchAction\",\"target\":{\"@type\":\"EntryPoint\",\"urlTemplate\":\"https:\\\/\\\/www.mzone.cz\\\/?s={search_term_string}\"},\"query-input\":{\"@type\":\"PropertyValueSpecification\",\"valueRequired\":true,\"valueName\":\"search_term_string\"}}],\"inLanguage\":\"en-US\"},{\"@type\":\"Person\",\"@id\":\"https:\\\/\\\/www.mzone.cz\\\/#\\\/schema\\\/person\\\/9bc20cc422a99cac4af6ff9297da32d4\",\"name\":\"Mzone\",\"image\":{\"@type\":\"ImageObject\",\"inLanguage\":\"en-US\",\"@id\":\"https:\\\/\\\/secure.gravatar.com\\\/avatar\\\/e780a8630f3182a3d06dd667ab6bea151a0d155b0951bc15fe22633acdac0676?s=96&d=mm&r=g\",\"url\":\"https:\\\/\\\/secure.gravatar.com\\\/avatar\\\/e780a8630f3182a3d06dd667ab6bea151a0d155b0951bc15fe22633acdac0676?s=96&d=mm&r=g\",\"contentUrl\":\"https:\\\/\\\/secure.gravatar.com\\\/avatar\\\/e780a8630f3182a3d06dd667ab6bea151a0d155b0951bc15fe22633acdac0676?s=96&d=mm&r=g\",\"caption\":\"Mzone\"},\"url\":\"https:\\\/\\\/www.mzone.cz\\\/en\\\/author\\\/jakub\\\/\"}]}<\/script>\n<!-- \/ Yoast SEO plugin. -->","yoast_head_json":{"title":"Blog: Rock for People - festival kr\u00e1sn\u00fdch \u017een a dal\u0161\u00ed d\u016fvody, pro\u010d na n\u011bj jet ka\u017ed\u00fd rok - Mzone","description":"Jet na festival coby \u017eurnalista m\u00e1 mnoh\u00e9 v\u00fdhody a samoz\u0159ejm\u011b i sv\u00e1 \u00faskal\u00ed. Bu\u010fto jedete na festival ps\u00e1t, tr\u00e1v\u00edte koncerty zapisov\u00e1n\u00edm si pozn\u00e1mek a pak cel\u00e9 hodiny ohluchl\u00ed ve stanu ur\u010den\u00e9m pro novin\u00e1\u0159e lov\u00edte v pam\u011bti zm\u011b\u0165 pestrobarevn\u00fdch slov opisuj\u00edc\u00edch atmosf\u00e9ru (p\u0159i\u010dem\u017e ta skute\u010dn\u00e1 v\u00e1m v izolaci od okoln\u00edch lid\u00ed unik\u00e1), anebo si u\u017eijete festival se v\u0161\u00edm v\u0161udy, vr\u00e1t\u00edte se po t\u0159ech dnech dom\u016f bez hlasu, bez stanu a s podez\u0159el\u00fdm obnosem pen\u011bz, a pak cel\u00fd n\u00e1sleduj\u00edc\u00ed pracovn\u00ed t\u00fdden zp\u011bt v realit\u011b \u017eijete na sp\u00e1nkov\u00fd dluh a op\u011bt p\u0159em\u00fd\u0161l\u00edte (tentokr\u00e1t v pohodl\u00ed zimn\u00ed zahrady p\u0159ed domem) nad t\u00edm, jak spolehliv\u011b popsat atmosf\u00e9ru leto\u0161n\u00edho uplynul\u00e9ho 25.ro\u010dn\u00edku.","robots":{"index":"index","follow":"follow","max-snippet":"max-snippet:-1","max-image-preview":"max-image-preview:large","max-video-preview":"max-video-preview:-1"},"canonical":"https:\/\/www.mzone.cz\/en\/blog-rock-for-people-festival-krasnych-zen-a-dalsi-duvody-proc-na-nej-jet-kazdy-rok\/","og_locale":"en_US","og_type":"article","og_title":"Blog: Rock for People - festival kr\u00e1sn\u00fdch \u017een a dal\u0161\u00ed d\u016fvody, pro\u010d na n\u011bj jet ka\u017ed\u00fd rok - Mzone","og_description":"Jet na festival coby \u017eurnalista m\u00e1 mnoh\u00e9 v\u00fdhody a samoz\u0159ejm\u011b i sv\u00e1 \u00faskal\u00ed. Bu\u010fto jedete na festival ps\u00e1t, tr\u00e1v\u00edte koncerty zapisov\u00e1n\u00edm si pozn\u00e1mek a pak cel\u00e9 hodiny ohluchl\u00ed ve stanu ur\u010den\u00e9m pro novin\u00e1\u0159e lov\u00edte v pam\u011bti zm\u011b\u0165 pestrobarevn\u00fdch slov opisuj\u00edc\u00edch atmosf\u00e9ru (p\u0159i\u010dem\u017e ta skute\u010dn\u00e1 v\u00e1m v izolaci od okoln\u00edch lid\u00ed unik\u00e1), anebo si u\u017eijete festival se v\u0161\u00edm v\u0161udy, vr\u00e1t\u00edte se po t\u0159ech dnech dom\u016f bez hlasu, bez stanu a s podez\u0159el\u00fdm obnosem pen\u011bz, a pak cel\u00fd n\u00e1sleduj\u00edc\u00ed pracovn\u00ed t\u00fdden zp\u011bt v realit\u011b \u017eijete na sp\u00e1nkov\u00fd dluh a op\u011bt p\u0159em\u00fd\u0161l\u00edte (tentokr\u00e1t v pohodl\u00ed zimn\u00ed zahrady p\u0159ed domem) nad t\u00edm, jak spolehliv\u011b popsat atmosf\u00e9ru leto\u0161n\u00edho uplynul\u00e9ho 25.ro\u010dn\u00edku.","og_url":"https:\/\/www.mzone.cz\/en\/blog-rock-for-people-festival-krasnych-zen-a-dalsi-duvody-proc-na-nej-jet-kazdy-rok\/","og_site_name":"Mzone","article_publisher":"https:\/\/www.facebook.com\/MzoneCZ\/","article_published_time":"2019-07-14T16:00:18+00:00","og_image":[{"width":1094,"height":730,"url":"https:\/\/www.mzone.cz\/wp-content\/uploads\/2019\/07\/Sn\u00edmek-obrazovky-2019-07-14-v-9.20.28.png","type":"image\/png"}],"author":"Mzone","twitter_card":"summary_large_image","twitter_misc":{"Written by":"Mzone","Est. reading time":"6 minutes"},"schema":{"@context":"https:\/\/schema.org","@graph":[{"@type":"Article","@id":"https:\/\/www.mzone.cz\/blog-rock-for-people-festival-krasnych-zen-a-dalsi-duvody-proc-na-nej-jet-kazdy-rok\/#article","isPartOf":{"@id":"https:\/\/www.mzone.cz\/blog-rock-for-people-festival-krasnych-zen-a-dalsi-duvody-proc-na-nej-jet-kazdy-rok\/"},"author":{"name":"Mzone","@id":"https:\/\/www.mzone.cz\/#\/schema\/person\/9bc20cc422a99cac4af6ff9297da32d4"},"headline":"Blog: Rock for People &#8211; festival kr\u00e1sn\u00fdch \u017een a dal\u0161\u00ed d\u016fvody, pro\u010d na n\u011bj jet ka\u017ed\u00fd rok","datePublished":"2019-07-14T16:00:18+00:00","mainEntityOfPage":{"@id":"https:\/\/www.mzone.cz\/blog-rock-for-people-festival-krasnych-zen-a-dalsi-duvody-proc-na-nej-jet-kazdy-rok\/"},"wordCount":1171,"commentCount":0,"image":{"@id":"https:\/\/www.mzone.cz\/blog-rock-for-people-festival-krasnych-zen-a-dalsi-duvody-proc-na-nej-jet-kazdy-rok\/#primaryimage"},"thumbnailUrl":"https:\/\/www.mzone.cz\/wp-content\/uploads\/2019\/07\/Sn\u00edmek-obrazovky-2019-07-14-v-9.20.28.png","keywords":["Blog","dojmy","festival","Hradec Kr\u00e1lov\u00e9","hudba","Kultura","muzika","Recenze","Rock for People"],"articleSection":["Blog","Hudba","Kultura"],"inLanguage":"en-US","potentialAction":[{"@type":"CommentAction","name":"Comment","target":["https:\/\/www.mzone.cz\/blog-rock-for-people-festival-krasnych-zen-a-dalsi-duvody-proc-na-nej-jet-kazdy-rok\/#respond"]}]},{"@type":"WebPage","@id":"https:\/\/www.mzone.cz\/blog-rock-for-people-festival-krasnych-zen-a-dalsi-duvody-proc-na-nej-jet-kazdy-rok\/","url":"https:\/\/www.mzone.cz\/blog-rock-for-people-festival-krasnych-zen-a-dalsi-duvody-proc-na-nej-jet-kazdy-rok\/","name":"Blog: Rock for People - festival kr\u00e1sn\u00fdch \u017een a dal\u0161\u00ed d\u016fvody, pro\u010d na n\u011bj jet ka\u017ed\u00fd rok - Mzone","isPartOf":{"@id":"https:\/\/www.mzone.cz\/#website"},"primaryImageOfPage":{"@id":"https:\/\/www.mzone.cz\/blog-rock-for-people-festival-krasnych-zen-a-dalsi-duvody-proc-na-nej-jet-kazdy-rok\/#primaryimage"},"image":{"@id":"https:\/\/www.mzone.cz\/blog-rock-for-people-festival-krasnych-zen-a-dalsi-duvody-proc-na-nej-jet-kazdy-rok\/#primaryimage"},"thumbnailUrl":"https:\/\/www.mzone.cz\/wp-content\/uploads\/2019\/07\/Sn\u00edmek-obrazovky-2019-07-14-v-9.20.28.png","datePublished":"2019-07-14T16:00:18+00:00","author":{"@id":"https:\/\/www.mzone.cz\/#\/schema\/person\/9bc20cc422a99cac4af6ff9297da32d4"},"description":"Jet na festival coby \u017eurnalista m\u00e1 mnoh\u00e9 v\u00fdhody a samoz\u0159ejm\u011b i sv\u00e1 \u00faskal\u00ed. Bu\u010fto jedete na festival ps\u00e1t, tr\u00e1v\u00edte koncerty zapisov\u00e1n\u00edm si pozn\u00e1mek a pak cel\u00e9 hodiny ohluchl\u00ed ve stanu ur\u010den\u00e9m pro novin\u00e1\u0159e lov\u00edte v pam\u011bti zm\u011b\u0165 pestrobarevn\u00fdch slov opisuj\u00edc\u00edch atmosf\u00e9ru (p\u0159i\u010dem\u017e ta skute\u010dn\u00e1 v\u00e1m v izolaci od okoln\u00edch lid\u00ed unik\u00e1), anebo si u\u017eijete festival se v\u0161\u00edm v\u0161udy, vr\u00e1t\u00edte se po t\u0159ech dnech dom\u016f bez hlasu, bez stanu a s podez\u0159el\u00fdm obnosem pen\u011bz, a pak cel\u00fd n\u00e1sleduj\u00edc\u00ed pracovn\u00ed t\u00fdden zp\u011bt v realit\u011b \u017eijete na sp\u00e1nkov\u00fd dluh a op\u011bt p\u0159em\u00fd\u0161l\u00edte (tentokr\u00e1t v pohodl\u00ed zimn\u00ed zahrady p\u0159ed domem) nad t\u00edm, jak spolehliv\u011b popsat atmosf\u00e9ru leto\u0161n\u00edho uplynul\u00e9ho 25.ro\u010dn\u00edku.","breadcrumb":{"@id":"https:\/\/www.mzone.cz\/blog-rock-for-people-festival-krasnych-zen-a-dalsi-duvody-proc-na-nej-jet-kazdy-rok\/#breadcrumb"},"inLanguage":"en-US","potentialAction":[{"@type":"ReadAction","target":["https:\/\/www.mzone.cz\/blog-rock-for-people-festival-krasnych-zen-a-dalsi-duvody-proc-na-nej-jet-kazdy-rok\/"]}]},{"@type":"ImageObject","inLanguage":"en-US","@id":"https:\/\/www.mzone.cz\/blog-rock-for-people-festival-krasnych-zen-a-dalsi-duvody-proc-na-nej-jet-kazdy-rok\/#primaryimage","url":"https:\/\/www.mzone.cz\/wp-content\/uploads\/2019\/07\/Sn\u00edmek-obrazovky-2019-07-14-v-9.20.28.png","contentUrl":"https:\/\/www.mzone.cz\/wp-content\/uploads\/2019\/07\/Sn\u00edmek-obrazovky-2019-07-14-v-9.20.28.png","width":1094,"height":730},{"@type":"BreadcrumbList","@id":"https:\/\/www.mzone.cz\/blog-rock-for-people-festival-krasnych-zen-a-dalsi-duvody-proc-na-nej-jet-kazdy-rok\/#breadcrumb","itemListElement":[{"@type":"ListItem","position":1,"name":"Dom\u016f","item":"https:\/\/www.mzone.cz\/"},{"@type":"ListItem","position":2,"name":"Blog: Rock for People &#8211; festival kr\u00e1sn\u00fdch \u017een a dal\u0161\u00ed d\u016fvody, pro\u010d na n\u011bj jet ka\u017ed\u00fd rok"}]},{"@type":"WebSite","@id":"https:\/\/www.mzone.cz\/#website","url":"https:\/\/www.mzone.cz\/","name":"Mzone","description":"Magaz\u00edn nejen pro mu\u017ee","potentialAction":[{"@type":"SearchAction","target":{"@type":"EntryPoint","urlTemplate":"https:\/\/www.mzone.cz\/?s={search_term_string}"},"query-input":{"@type":"PropertyValueSpecification","valueRequired":true,"valueName":"search_term_string"}}],"inLanguage":"en-US"},{"@type":"Person","@id":"https:\/\/www.mzone.cz\/#\/schema\/person\/9bc20cc422a99cac4af6ff9297da32d4","name":"Mzone","image":{"@type":"ImageObject","inLanguage":"en-US","@id":"https:\/\/secure.gravatar.com\/avatar\/e780a8630f3182a3d06dd667ab6bea151a0d155b0951bc15fe22633acdac0676?s=96&d=mm&r=g","url":"https:\/\/secure.gravatar.com\/avatar\/e780a8630f3182a3d06dd667ab6bea151a0d155b0951bc15fe22633acdac0676?s=96&d=mm&r=g","contentUrl":"https:\/\/secure.gravatar.com\/avatar\/e780a8630f3182a3d06dd667ab6bea151a0d155b0951bc15fe22633acdac0676?s=96&d=mm&r=g","caption":"Mzone"},"url":"https:\/\/www.mzone.cz\/en\/author\/jakub\/"}]}},"_links":{"self":[{"href":"https:\/\/www.mzone.cz\/en\/wp-json\/wp\/v2\/posts\/10878","targetHints":{"allow":["GET"]}}],"collection":[{"href":"https:\/\/www.mzone.cz\/en\/wp-json\/wp\/v2\/posts"}],"about":[{"href":"https:\/\/www.mzone.cz\/en\/wp-json\/wp\/v2\/types\/post"}],"author":[{"embeddable":true,"href":"https:\/\/www.mzone.cz\/en\/wp-json\/wp\/v2\/users\/4"}],"replies":[{"embeddable":true,"href":"https:\/\/www.mzone.cz\/en\/wp-json\/wp\/v2\/comments?post=10878"}],"version-history":[{"count":12,"href":"https:\/\/www.mzone.cz\/en\/wp-json\/wp\/v2\/posts\/10878\/revisions"}],"predecessor-version":[{"id":10897,"href":"https:\/\/www.mzone.cz\/en\/wp-json\/wp\/v2\/posts\/10878\/revisions\/10897"}],"wp:featuredmedia":[{"embeddable":true,"href":"https:\/\/www.mzone.cz\/en\/wp-json\/wp\/v2\/media\/10879"}],"wp:attachment":[{"href":"https:\/\/www.mzone.cz\/en\/wp-json\/wp\/v2\/media?parent=10878"}],"wp:term":[{"taxonomy":"category","embeddable":true,"href":"https:\/\/www.mzone.cz\/en\/wp-json\/wp\/v2\/categories?post=10878"},{"taxonomy":"post_tag","embeddable":true,"href":"https:\/\/www.mzone.cz\/en\/wp-json\/wp\/v2\/tags?post=10878"}],"curies":[{"name":"wp","href":"https:\/\/api.w.org\/{rel}","templated":true}]}}