{"id":11144,"date":"2019-08-07T06:00:51","date_gmt":"2019-08-07T04:00:51","guid":{"rendered":"https:\/\/www.mzone.cz\/?p=11144"},"modified":"2019-07-19T11:53:27","modified_gmt":"2019-07-19T09:53:27","slug":"kia-predstavila-novy-model-xceed-zname-pribeh-jeho-vzniku","status":"publish","type":"post","link":"https:\/\/www.mzone.cz\/en\/kia-predstavila-novy-model-xceed-zname-pribeh-jeho-vzniku\/","title":{"rendered":"Kia p\u0159edstavila nov\u00fd model XCeed. Zn\u00e1me p\u0159\u00edb\u011bh jeho vzniku!"},"content":{"rendered":"<p><strong>Automobilka Kia odhalila pozad\u00ed vzniku nov\u00e9ho m\u011bstsk\u00e9ho crossoveru Kia XCeed. V nov\u00e9m kr\u00e1tk\u00e9m filmu hovo\u0159\u00ed na kameru \u010dlenov\u00e9 evropsk\u00e9ho n\u00e1vrh\u00e1\u0159sk\u00e9ho t\u00fdmu zna\u010dky a stru\u010dn\u011b shrnuj\u00ed samotn\u00fd vznik nov\u00e9ho modelu.<\/strong><\/p><br>\n\n\n\n<p>Kia XCeed je nejnov\u011bj\u0161\u00edm p\u0159\u00edr\u016fstkem do modelov\u00e9 \u0159ady Ceed, kde dopl\u0148uje nov\u00fd p\u011btidve\u0159ov\u00fd hatchback, kombi Sportswagon a variantu ProCeed s karoseri\u00ed \u201ashooting brake\u2018. Kompletn\u00ed p\u0159\u00edb\u011bh stoj\u00edc\u00ed za postupn\u00fdm v\u00fdvojem v\u0161ech t\u0159\u00ed generac\u00ed modelu Ceed bude odhalen v limitovan\u00e9 edici nov\u00e9 knihy, kter\u00e1 bude vyd\u00e1na je\u0161t\u011b v leto\u0161n\u00edm roce a v n\u00ed\u017e se do\u010dteme, jak nov\u00e1 Kia XCeed a model ProCeed vlastn\u011b vznikly.<\/p>\n\n\n\n<figure class=\"wp-block-image\"><img loading=\"lazy\" decoding=\"async\" width=\"1024\" height=\"576\" src=\"https:\/\/www.mzone.cz\/wp-content\/uploads\/2019\/07\/XCeed_DesignStory_1-1024x576.jpg\" alt=\"\" class=\"wp-image-11149\" srcset=\"https:\/\/www.mzone.cz\/wp-content\/uploads\/2019\/07\/XCeed_DesignStory_1-1024x576.jpg 1024w, https:\/\/www.mzone.cz\/wp-content\/uploads\/2019\/07\/XCeed_DesignStory_1-300x169.jpg 300w, https:\/\/www.mzone.cz\/wp-content\/uploads\/2019\/07\/XCeed_DesignStory_1-768x432.jpg 768w, https:\/\/www.mzone.cz\/wp-content\/uploads\/2019\/07\/XCeed_DesignStory_1-590x332.jpg 590w, https:\/\/www.mzone.cz\/wp-content\/uploads\/2019\/07\/XCeed_DesignStory_1.jpg 1920w\" sizes=\"auto, (max-width: 1024px) 100vw, 1024px\" \/><\/figure>\n\n\n\n<p>Na celkovou podobu nov\u00e9 modelov\u00e9 \u0159ady Ceed dohl\u00ed\u017eel Gregory Guillaume, viceprezident pro design ze spole\u010dnosti Kia Motors Europe. Do sv\u00fdch \u00favah o nahrazen\u00ed d\u0159\u00edv\u011bj\u0161\u00edho t\u0159\u00eddve\u0159ov\u00e9ho hatchbacku pro_cee\u2019d p\u0159itom zna\u010dka zahrnula nejr\u016fzn\u011bj\u0161\u00ed varianty.<\/p>\n\n\n\n<blockquote class=\"wp-block-quote is-layout-flow wp-block-quote-is-layout-flow\"><p>\u201eP\u0159i vytv\u00e1\u0159en\u00ed dal\u0161\u00edho ProCeedu jsme si\u00a0uv\u011bdomili, \u017ee modelovou \u0159adu Ceed bychom mohli roz\u0161\u00ed\u0159it o \u010dtvrt\u00e9 karos\u00e1\u0159sk\u00e9 proveden\u00ed. A t\u00edm se stal XCeed,\u201c \u0159\u00edk\u00e1 Guillaume. \u201eKr\u00e1sa tohoto projektu spo\u010d\u00edvala v tom, \u017ee jsme vytvo\u0159en\u00ed crossoveru vlastn\u011b ani p\u016fvodn\u011b nepl\u00e1novali.\u201c<\/p><\/blockquote>\n\n\n\n<h2 class=\"wp-block-heading\">Sportovn\u00ed m\u011bstsk\u00e1 alternativa k tradi\u010dn\u00edm model\u016fm SUV<\/h2>\n\n\n\n<p>Nov\u00e1 Kia XCeed p\u0159edstavuje sportovn\u011bj\u0161\u00ed alternativu k tradi\u010dn\u00edm voz\u016fm SUV. Nov\u00fd model se sportovn\u011bj\u0161\u00edm vzhledem ne\u017e vy\u0161\u0161\u00ed konkurenti nab\u00edz\u00ed n\u011bco trochu jin\u00e9ho ne\u017e ostatn\u00ed modely \u0159ady Ceed. Jedin\u00fdmi panely karoserie p\u0159evzat\u00fdmi z\u00a0p\u011btidve\u0159ov\u00e9ho hatchbacku Ceed jsou p\u0159edn\u00ed dve\u0159e.<\/p>\n\n\n\n<figure class=\"wp-block-image\"><img loading=\"lazy\" decoding=\"async\" width=\"1024\" height=\"576\" src=\"https:\/\/www.mzone.cz\/wp-content\/uploads\/2019\/07\/XCeed_DesignStory_2-1024x576.jpg\" alt=\"\" class=\"wp-image-11152\" srcset=\"https:\/\/www.mzone.cz\/wp-content\/uploads\/2019\/07\/XCeed_DesignStory_2-1024x576.jpg 1024w, https:\/\/www.mzone.cz\/wp-content\/uploads\/2019\/07\/XCeed_DesignStory_2-300x169.jpg 300w, https:\/\/www.mzone.cz\/wp-content\/uploads\/2019\/07\/XCeed_DesignStory_2-768x432.jpg 768w, https:\/\/www.mzone.cz\/wp-content\/uploads\/2019\/07\/XCeed_DesignStory_2-590x332.jpg 590w, https:\/\/www.mzone.cz\/wp-content\/uploads\/2019\/07\/XCeed_DesignStory_2.jpg 1920w\" sizes=\"auto, (max-width: 1024px) 100vw, 1024px\" \/><\/figure>\n\n\n\n<p>\u201eU\u00a0nov\u00e9 modelov\u00e9 \u0159ady Ceed se n\u00e1m poda\u0159ilo vytvo\u0159it \u010dty\u0159i odli\u0161n\u00e9 vozy, z nich\u017e ka\u017ed\u00fd reaguje na specifick\u00e9 pot\u0159eby z\u00e1kazn\u00edk\u016f. Ani jeden nen\u00ed stejn\u00fd, p\u0159i\u010dem\u017e Kia XCeed se od sourozenc\u016f odli\u0161uje sv\u00fdm postojem,\u201c vysv\u011btluje Laurent Boulay, \u0159editel pro vn\u011bj\u0161\u00ed design ze spole\u010dnosti Kia Motors Europe.<\/p><br>\n\n\n\n<div class=\"wp-block-image\"><figure class=\"alignleft is-resized\"><img loading=\"lazy\" decoding=\"async\" src=\"https:\/\/www.mzone.cz\/wp-content\/uploads\/2019\/02\/FordFocusST_2019_22-1024x683.jpg\" alt=\"\" class=\"wp-image-5265\" width=\"157\" height=\"104\" srcset=\"https:\/\/www.mzone.cz\/wp-content\/uploads\/2019\/02\/FordFocusST_2019_22-1024x683.jpg 1024w, https:\/\/www.mzone.cz\/wp-content\/uploads\/2019\/02\/FordFocusST_2019_22-300x200.jpg 300w, https:\/\/www.mzone.cz\/wp-content\/uploads\/2019\/02\/FordFocusST_2019_22-768x512.jpg 768w, https:\/\/www.mzone.cz\/wp-content\/uploads\/2019\/02\/FordFocusST_2019_22-800x533.jpg 800w, https:\/\/www.mzone.cz\/wp-content\/uploads\/2019\/02\/FordFocusST_2019_22-400x267.jpg 400w, https:\/\/www.mzone.cz\/wp-content\/uploads\/2019\/02\/FordFocusST_2019_22-500x333.jpg 500w, https:\/\/www.mzone.cz\/wp-content\/uploads\/2019\/02\/FordFocusST_2019_22-1170x780.jpg 1170w, https:\/\/www.mzone.cz\/wp-content\/uploads\/2019\/02\/FordFocusST_2019_22-590x393.jpg 590w\" sizes=\"auto, (max-width: 157px) 100vw, 157px\" \/><\/figure><\/div>\n\n\n\n<h4><a href=\"https:\/\/www.mzone.cz\/poteseni-z-jizdy-i-prakticnost-v-kazdodennim-provozu-to-je-novy-ford-focus-st\/\">Pot\u011b\u0161en\u00ed z j\u00edzdy i prakti\u010dnost v ka\u017edodenn\u00edm provozu. To je nov\u00fd Ford Focus ST!<\/a><\/h4><br><br>\n\n\n\n<p>Silueta modelu XCeed s kabinou posunutou vzad a klesaj\u00edc\u00ed v\u00fdklopnou z\u00e1d\u00ed p\u016fsob\u00ed trochu jako kup\u00e9, \u010demu\u017e odpov\u00edd\u00e1 i relativn\u011b dlouh\u00e1 kapota motoru. Zat\u00edmco rozvor z\u016fstal stejn\u00fd jako u ostatn\u00edch z\u00e1stupc\u016f rodiny Ceed (2650 mm), p\u0159edn\u00ed a zadn\u00ed p\u0159evis XCeedu se oproti p\u011btidve\u0159ov\u00e9mu hatchbacku zv\u011bt\u0161il o 25 mm (na 905 mm), resp. 60 mm (na 840 mm).<\/p>\n\n\n\n<blockquote class=\"wp-block-quote is-layout-flow wp-block-quote-is-layout-flow\"><p>K celkov\u00e9mu vyzn\u011bn\u00ed vn\u011bj\u0161\u00edho vzhledu crossoveru p\u0159isp\u00edv\u00e1 strm\u00fd \u00fahel v\u00fdklopn\u00e9 z\u00e1d\u011b v\u00a0duchu fastbacku a zadn\u00ed hrana (v\u00edko kufru) posazen\u00e1 o 60 mm v\u00fd\u0161 ne\u017e v p\u0159\u00edpad\u011b p\u011btidve\u0159ov\u00e9ho hatchbacku Ceed.<\/p><\/blockquote>\n\n\n\n<p>Vy\u0161\u0161\u00ed sv\u011btl\u00e1 v\u00fd\u0161ka i karoserie maj\u00ed pod\u00edl na robustn\u00edm vzhledu, jen\u017e l\u00e1k\u00e1 z\u00e1jemce o r\u016fzn\u00e1 SUV z\u00a0 nab\u00eddky Kia. Sv\u011btl\u00e1 v\u00fd\u0161ka XCeedu \u010din\u00ed 172 mm (16&#8243; kola), resp. 184 mm (18&#8243; kola), co\u017e znamen\u00e1 n\u00e1r\u016fst a\u017e o 42 mm oproti p\u011btidve\u0159ov\u00e9mu hatchbacku Ceed. Lemov\u00e1n\u00ed kolem kol a n\u00e1stavce prah\u016f karoserie spole\u010dn\u011b se st\u0159\u00edbrn\u00fdmi st\u0159e\u0161n\u00edmi li\u017einami prop\u016fj\u010duj\u00ed vozu robustn\u011bj\u0161\u00ed vzhled v duchu SUV; tento efekt je je\u0161t\u011b umocn\u011bn metalick\u00fdm obkladem zadn\u00edho n\u00e1razn\u00edku.<\/p><br>\n\n\n\n<figure class=\"wp-block-image\"><img loading=\"lazy\" decoding=\"async\" width=\"1024\" height=\"683\" src=\"https:\/\/www.mzone.cz\/wp-content\/uploads\/2019\/07\/XCeed_DesignStory_3-1024x683.jpg\" alt=\"\" class=\"wp-image-11163\" srcset=\"https:\/\/www.mzone.cz\/wp-content\/uploads\/2019\/07\/XCeed_DesignStory_3-1024x683.jpg 1024w, https:\/\/www.mzone.cz\/wp-content\/uploads\/2019\/07\/XCeed_DesignStory_3-300x200.jpg 300w, https:\/\/www.mzone.cz\/wp-content\/uploads\/2019\/07\/XCeed_DesignStory_3-768x512.jpg 768w, https:\/\/www.mzone.cz\/wp-content\/uploads\/2019\/07\/XCeed_DesignStory_3-800x533.jpg 800w, https:\/\/www.mzone.cz\/wp-content\/uploads\/2019\/07\/XCeed_DesignStory_3-400x267.jpg 400w, https:\/\/www.mzone.cz\/wp-content\/uploads\/2019\/07\/XCeed_DesignStory_3-500x333.jpg 500w, https:\/\/www.mzone.cz\/wp-content\/uploads\/2019\/07\/XCeed_DesignStory_3-1170x780.jpg 1170w, https:\/\/www.mzone.cz\/wp-content\/uploads\/2019\/07\/XCeed_DesignStory_3-590x393.jpg 590w, https:\/\/www.mzone.cz\/wp-content\/uploads\/2019\/07\/XCeed_DesignStory_3.jpg 1500w\" sizes=\"auto, (max-width: 1024px) 100vw, 1024px\" \/><\/figure><br>\n\n\n\n<p>\u201eV\u016fz je zv\u00fd\u0161en\u00fd, av\u0161ak nen\u00ed to SUV. Je to v\u016fz s vysokou polohou sedadel, ale\u00a0mnohem v\u00edce p\u0159ipom\u00edn\u00e1 kup\u00e9. Je to \u0159e\u0161en\u00ed pro v\u0161echny, kte\u0159\u00ed netou\u017e\u00ed po v\u011bt\u0161\u00edm a impozantn\u011bj\u0161\u00edm SUV, zejm\u00e9na pak ve m\u011bst\u011b,\u201c dod\u00e1v\u00e1 Boulay.<\/p><br>\n\n\n\n<h3 class=\"wp-block-heading\">Vy\u0161\u0161\u00ed poloha za volantem \u2013 slad\u011bn\u00e1 se sportovn\u011bj\u0161\u00edm charakterem j\u00edzdy<\/h3>\n\n\n\n<p>Tent\u00fd\u017e p\u0159\u00edstup se odrazil i v\u00a0n\u00e1vrhu kabiny XCeedu. Nov\u00fd model si od sourozenc\u016f vyp\u016fj\u010dil stejnou modern\u00ed architekturu kabiny se zachov\u00e1n\u00edm st\u0159edov\u00e9ho panelu zam\u011b\u0159en\u00e9ho na \u0159idi\u010de. Kia XCeed v\u0161ak d\u00edky n\u00ed\u017ee polo\u017een\u00fdm sedadl\u016fm oproti vy\u0161\u0161\u00edm SUV a sou\u010dasn\u011b v\u011bt\u0161\u00ed sv\u011btl\u00e9 v\u00fd\u0161ce oproti tradi\u010dn\u00edm hatchback\u016fm dok\u00e1\u017ee \u0159idi\u010di nab\u00eddnout sportovn\u011bj\u0161\u00ed polohu za volantem s lep\u0161\u00edm v\u00fdhledem z vozu.<\/p>\n\n\n\n<blockquote class=\"wp-block-quote is-layout-flow wp-block-quote-is-layout-flow\"><p>\u201eMysl\u00edm si, \u017ee \u0159idi\u010d\u016fm se bude nov\u00e1 Kia XCeed l\u00edbit,\u201c komentuje Ralph Kluge, \u0159editel pro design interi\u00e9r\u016f, jen\u017e je duchovn\u00edm otcem prostoru pro cestuj\u00edc\u00ed u nov\u00e9 modelov\u00e9 \u0159ady Ceed. \u201e\u0158idi\u010di nab\u00edz\u00ed sportovn\u00ed charakter ve spojen\u00ed se zv\u00fd\u0161enou polohou za volantem, typickou pro crossovery, tak\u017ee si m\u016f\u017ee vychutnat to nejlep\u0161\u00ed od ka\u017ed\u00e9ho.\u201c<\/p><\/blockquote>\n\n\n\n<p>Podobn\u011b jako u sourozenc\u016f v t\u00e9to modelov\u00e9 \u0159ad\u011b zde z p\u0159\u00edstrojov\u00e9 desky n\u00e1padn\u011b vystupuje \u201aplovouc\u00ed\u2018 dotykov\u00fd displej palubn\u00edho infotainmentu, zat\u00edmco ve spodn\u00ed \u010d\u00e1sti p\u0159\u00edstrojov\u00e9ho panelu najdeme sestavu dotykov\u011b ovl\u00e1dan\u00fdch tla\u010d\u00edtek, kruhov\u00fdch ovlada\u010d\u016f a sp\u00edna\u010d\u016f k regulaci hlasitosti audiosyst\u00e9mu a topen\u00ed\/ventilace.<\/p><br>\n\n\n\n<figure class=\"wp-block-image\"><img loading=\"lazy\" decoding=\"async\" width=\"1024\" height=\"683\" src=\"https:\/\/www.mzone.cz\/wp-content\/uploads\/2019\/07\/XCeed_DesignStory_4-1024x683.jpg\" alt=\"\" class=\"wp-image-11167\" srcset=\"https:\/\/www.mzone.cz\/wp-content\/uploads\/2019\/07\/XCeed_DesignStory_4-1024x683.jpg 1024w, https:\/\/www.mzone.cz\/wp-content\/uploads\/2019\/07\/XCeed_DesignStory_4-300x200.jpg 300w, https:\/\/www.mzone.cz\/wp-content\/uploads\/2019\/07\/XCeed_DesignStory_4-768x512.jpg 768w, https:\/\/www.mzone.cz\/wp-content\/uploads\/2019\/07\/XCeed_DesignStory_4-800x533.jpg 800w, https:\/\/www.mzone.cz\/wp-content\/uploads\/2019\/07\/XCeed_DesignStory_4-400x267.jpg 400w, https:\/\/www.mzone.cz\/wp-content\/uploads\/2019\/07\/XCeed_DesignStory_4-500x333.jpg 500w, https:\/\/www.mzone.cz\/wp-content\/uploads\/2019\/07\/XCeed_DesignStory_4-1170x780.jpg 1170w, https:\/\/www.mzone.cz\/wp-content\/uploads\/2019\/07\/XCeed_DesignStory_4-590x393.jpg 590w, https:\/\/www.mzone.cz\/wp-content\/uploads\/2019\/07\/XCeed_DesignStory_4.jpg 1500w\" sizes=\"auto, (max-width: 1024px) 100vw, 1024px\" \/><\/figure><br>\n\n\n\n<p>Spole\u010dn\u011b s p\u0159\u00edchodem nov\u00e9ho modelu XCeed uvedla zna\u010dka sv\u016fj prvn\u00ed pln\u011b digit\u00e1ln\u00ed p\u0159\u00edstrojov\u00fd \u0161t\u00edt \u2013 jemn\u00fd displej o \u00fahlop\u0159\u00ed\u010dce 12,3&#8243;, jen\u017e vynik\u00e1 srozumiteln\u00fdm zprost\u0159edkov\u00e1n\u00edm \u00fadaj\u016f.<\/p><br>\n\n\n\n<p>Dal\u0161\u00ed novinkou v\u00a0r\u00e1mci \u0159ady Ceed je nov\u00fd dotykov\u00fd syst\u00e9m palubn\u00edho infotainmentu s\u00a0navigac\u00ed s \u00fahlop\u0159\u00ed\u010dkou 10,25&#8243; a\u00a0Kia UVO Connect. \u201eDigit\u00e1ln\u00ed p\u0159\u00edstrojov\u00fd \u0161t\u00edt v modelu Kia XCeed a velk\u00fd centr\u00e1ln\u00ed displej posouv\u00e1 \u0159adu Ceed do modern\u00edho sv\u011bta,\u201c komentuje Kluge. \u201eSpole\u010dn\u011b nab\u00edzej\u00ed \u017eiv\u011bj\u0161\u00ed a atraktivn\u011bj\u0161\u00ed p\u0159ed\u00e1v\u00e1n\u00ed informac\u00ed cel\u00e9 pos\u00e1dce a lad\u00ed s mladistv\u00fdm charakterem vozu zam\u011b\u0159en\u00e9ho na \u0159idi\u010de,\u201c dod\u00e1v\u00e1.<\/p><br>\n\n\n\n<h3 class=\"wp-block-heading\">Pestr\u00fd charakter<\/h3>\n\n\n\n<p>D\u016fraz na to nejlep\u0161\u00ed z nov\u00e9ho designu modelu XCeed stav\u00ed mimo jin\u00e9 na barevn\u00e9m proveden\u00ed. P\u0159\u00edr\u016fstek modelov\u00e9 \u0159ady podobn\u011b jako sourozenci p\u0159ich\u00e1z\u00ed s nab\u00eddkou a\u017e 12 r\u016fzn\u00fdch odst\u00edn\u016f karoserie. Av\u0161ak v\u00fdhradn\u011b pro tento nov\u00fd crossover bude k dispozici nov\u00fd pulzuj\u00edc\u00ed odst\u00edn &#8220;\u017elut\u00e1 Quantum&#8221;.<\/p>\n\n\n\n<blockquote class=\"wp-block-quote is-layout-flow wp-block-quote-is-layout-flow\"><p>\u201eZ\u00a0m\u00e9ho pohledu je d\u016fle\u017eit\u00e9 nab\u00edzet n\u011bco, k \u010demu ostatn\u00ed nemaj\u00ed odvahu. Tam, kde se jin\u00ed v\u00fdrobci chovaj\u00ed sp\u00ed\u0161e konzervativn\u011b, p\u0159ich\u00e1z\u00ed Kia se sv\u00fdm \u201apower to surprise\u2018 a nov\u00fdmi barevn\u00fdmi variantami. \u017dlut\u00e1 Quantum je dokonalou volbou,&#8221; vysv\u011btluje Barbara Scheffler, design\u00e9rka barev a st\u0159ih\u016f interi\u00e9r\u016f ze spole\u010dnosti Kia Motors Europe.<\/p><\/blockquote>\n\n\n\n<p>V\u00fdhradn\u011b pro XCeed je t\u00e9\u017e k dispozici nov\u00fd \u017elut\u00fd barevn\u00fd paket pro interi\u00e9r s \u010dern\u00fdm \u010daloun\u011bn\u00edm v&nbsp;kontrastu s energick\u00fdm \u017elut\u00fdm pro\u0161\u00edv\u00e1n\u00edm sedadel a dve\u0159\u00ed, \u017elut\u00fdm lemov\u00e1n\u00edm sedadel a mixem leskle \u010dern\u00fdch a metalick\u00fdch \u017elut\u00fdch akcent\u016f po cel\u00e9 kabin\u011b. \u201eTato z\u00e1le\u017eitost nesouvis\u00ed s v\u011bkem,\u201c \u0159\u00edk\u00e1&nbsp;Scheffler. \u201eJe to pro z\u00e1kazn\u00edky, kte\u0159\u00ed jsou st\u00e1le duchem mlad\u00ed, bez ohledu na stav \u010di&nbsp;postaven\u00ed.\u201c<\/p><br>\n\n\n\n<p>Nov\u00e1 Kia XCeed se na evropsk\u00fdch trz\u00edch za\u010dne prod\u00e1vat je\u0161t\u011b v pr\u016fb\u011bhu t\u0159et\u00edho \u010dtvrtlet\u00ed roku 2019.<\/p><br>\n\n\n\n<p><strong>Na video, kter\u00e9 ukazuje, jak nov\u00fd XCeed vznikal, se m\u016f\u017eete pod\u00edvat zde:<\/strong><\/p>\n\n\n\n<figure class=\"wp-block-embed-youtube wp-block-embed is-type-video is-provider-youtube wp-embed-aspect-16-9 wp-has-aspect-ratio\"><div class=\"wp-block-embed__wrapper\">\n<iframe loading=\"lazy\" title=\"Design Story | All-New Kia XCeed | Kia\" width=\"600\" height=\"338\" src=\"https:\/\/www.youtube.com\/embed\/Yh6qG9XO328?feature=oembed\" frameborder=\"0\" allow=\"accelerometer; autoplay; clipboard-write; encrypted-media; gyroscope; picture-in-picture; web-share\" referrerpolicy=\"strict-origin-when-cross-origin\" allowfullscreen><\/iframe>\n<\/div><\/figure><br>\n\n\n\n<div class=\"wp-block-image\"><figure class=\"alignleft is-resized\"><img loading=\"lazy\" decoding=\"async\" src=\"https:\/\/www.mzone.cz\/wp-content\/uploads\/2018\/12\/Suzuki-SX4-2014-1280-1f-1024x683.jpg\" alt=\"\" class=\"wp-image-2169\" width=\"127\" height=\"84\" srcset=\"https:\/\/www.mzone.cz\/wp-content\/uploads\/2018\/12\/Suzuki-SX4-2014-1280-1f-1024x683.jpg 1024w, https:\/\/www.mzone.cz\/wp-content\/uploads\/2018\/12\/Suzuki-SX4-2014-1280-1f-300x200.jpg 300w, https:\/\/www.mzone.cz\/wp-content\/uploads\/2018\/12\/Suzuki-SX4-2014-1280-1f-768x512.jpg 768w, https:\/\/www.mzone.cz\/wp-content\/uploads\/2018\/12\/Suzuki-SX4-2014-1280-1f-800x533.jpg 800w, https:\/\/www.mzone.cz\/wp-content\/uploads\/2018\/12\/Suzuki-SX4-2014-1280-1f-400x267.jpg 400w, https:\/\/www.mzone.cz\/wp-content\/uploads\/2018\/12\/Suzuki-SX4-2014-1280-1f-500x333.jpg 500w, https:\/\/www.mzone.cz\/wp-content\/uploads\/2018\/12\/Suzuki-SX4-2014-1280-1f-590x393.jpg 590w, https:\/\/www.mzone.cz\/wp-content\/uploads\/2018\/12\/Suzuki-SX4-2014-1280-1f.jpg 1161w\" sizes=\"auto, (max-width: 127px) 100vw, 127px\" \/><\/figure><\/div>\n\n\n\n<h4><a href=\"https:\/\/www.mzone.cz\/kupujete-nove-auto-tahle-jsou-nejspolehlivejsi\/\">Kupujete nov\u00e9 auto? Tahle jsou nejspolehliv\u011bj\u0161\u00ed!<\/a><\/h4><br>","protected":false},"excerpt":{"rendered":"<p>Automobilka Kia odhalila pozad\u00ed vzniku nov\u00e9ho m\u011bstsk\u00e9ho crossoveru Kia XCeed. V nov\u00e9m kr\u00e1tk\u00e9m filmu hovo\u0159\u00ed na kameru \u010dlenov\u00e9 evropsk\u00e9ho n\u00e1vrh\u00e1\u0159sk\u00e9ho t\u00fdmu zna\u010dky a stru\u010dn\u011b shrnuj\u00ed samotn\u00fd vznik nov\u00e9ho modelu. Kia XCeed je nejnov\u011bj\u0161\u00edm p\u0159\u00edr\u016fstkem do modelov\u00e9 \u0159ady Ceed, kde dopl\u0148uje nov\u00fd p\u011btidve\u0159ov\u00fd hatchback, kombi Sportswagon a variantu ProCeed s karoseri\u00ed \u201ashooting brake\u2018. Kompletn\u00ed p\u0159\u00edb\u011bh stoj\u00edc\u00ed [&hellip;]<\/p>\n","protected":false},"author":4,"featured_media":11145,"comment_status":"open","ping_status":"closed","sticky":false,"template":"","format":"standard","meta":{"kk_blocks_editor_width":"","_kiokenblocks_attr":"","_kiokenblocks_dimensions":"","footnotes":""},"categories":[69],"tags":[585,82,462,724,2520,2517,2518,16,2461,36,2519],"class_list":["post-11144","post","type-post","status-publish","format-standard","has-post-thumbnail","hentry","category-auto-moto","tag-auta","tag-auto","tag-auto-moto","tag-automobil","tag-crossover","tag-kia","tag-kia-xceed","tag-novinka","tag-novy-model","tag-video","tag-vznik"],"yoast_head":"<!-- This site is optimized with the Yoast SEO plugin v27.5 - https:\/\/yoast.com\/product\/yoast-seo-wordpress\/ -->\n<title>Kia p\u0159edstavila nov\u00fd model XCeed. Zn\u00e1me p\u0159\u00edb\u011bh jeho vzniku! - Mzone<\/title>\n<meta name=\"description\" content=\"Automobilka Kia odhalila pozad\u00ed vzniku nov\u00e9ho m\u011bstsk\u00e9ho crossoveru Kia XCeed. V nov\u00e9m kr\u00e1tk\u00e9m filmu hovo\u0159\u00ed na kameru \u010dlenov\u00e9 evropsk\u00e9ho n\u00e1vrh\u00e1\u0159sk\u00e9ho t\u00fdmu zna\u010dky a stru\u010dn\u011b shrnuj\u00ed samotn\u00fd vznik nov\u00e9ho modelu.\" \/>\n<meta name=\"robots\" content=\"index, follow, max-snippet:-1, max-image-preview:large, max-video-preview:-1\" \/>\n<link rel=\"canonical\" href=\"https:\/\/www.mzone.cz\/en\/kia-predstavila-novy-model-xceed-zname-pribeh-jeho-vzniku\/\" \/>\n<meta property=\"og:locale\" content=\"en_US\" \/>\n<meta property=\"og:type\" content=\"article\" \/>\n<meta property=\"og:title\" content=\"Kia p\u0159edstavila nov\u00fd model XCeed. Zn\u00e1me p\u0159\u00edb\u011bh jeho vzniku! - Mzone\" \/>\n<meta property=\"og:description\" content=\"Automobilka Kia odhalila pozad\u00ed vzniku nov\u00e9ho m\u011bstsk\u00e9ho crossoveru Kia XCeed. V nov\u00e9m kr\u00e1tk\u00e9m filmu hovo\u0159\u00ed na kameru \u010dlenov\u00e9 evropsk\u00e9ho n\u00e1vrh\u00e1\u0159sk\u00e9ho t\u00fdmu zna\u010dky a stru\u010dn\u011b shrnuj\u00ed samotn\u00fd vznik nov\u00e9ho modelu.\" \/>\n<meta property=\"og:url\" content=\"https:\/\/www.mzone.cz\/en\/kia-predstavila-novy-model-xceed-zname-pribeh-jeho-vzniku\/\" \/>\n<meta property=\"og:site_name\" content=\"Mzone\" \/>\n<meta property=\"article:publisher\" content=\"https:\/\/www.facebook.com\/MzoneCZ\/\" \/>\n<meta property=\"article:published_time\" content=\"2019-08-07T04:00:51+00:00\" \/>\n<meta property=\"og:image\" content=\"https:\/\/www.mzone.cz\/wp-content\/uploads\/2019\/07\/XCeed_DesignStory_4-kopie.jpg\" \/>\n\t<meta property=\"og:image:width\" content=\"1080\" \/>\n\t<meta property=\"og:image:height\" content=\"720\" \/>\n\t<meta property=\"og:image:type\" content=\"image\/jpeg\" \/>\n<meta name=\"author\" content=\"Mzone\" \/>\n<meta name=\"twitter:card\" content=\"summary_large_image\" \/>\n<meta name=\"twitter:label1\" content=\"Written by\" \/>\n\t<meta name=\"twitter:data1\" content=\"Mzone\" \/>\n\t<meta name=\"twitter:label2\" content=\"Est. reading time\" \/>\n\t<meta name=\"twitter:data2\" content=\"6 minutes\" \/>\n<script type=\"application\/ld+json\" class=\"yoast-schema-graph\">{\"@context\":\"https:\\\/\\\/schema.org\",\"@graph\":[{\"@type\":\"Article\",\"@id\":\"https:\\\/\\\/www.mzone.cz\\\/kia-predstavila-novy-model-xceed-zname-pribeh-jeho-vzniku\\\/#article\",\"isPartOf\":{\"@id\":\"https:\\\/\\\/www.mzone.cz\\\/kia-predstavila-novy-model-xceed-zname-pribeh-jeho-vzniku\\\/\"},\"author\":{\"name\":\"Mzone\",\"@id\":\"https:\\\/\\\/www.mzone.cz\\\/#\\\/schema\\\/person\\\/9bc20cc422a99cac4af6ff9297da32d4\"},\"headline\":\"Kia p\u0159edstavila nov\u00fd model XCeed. Zn\u00e1me p\u0159\u00edb\u011bh jeho vzniku!\",\"datePublished\":\"2019-08-07T04:00:51+00:00\",\"mainEntityOfPage\":{\"@id\":\"https:\\\/\\\/www.mzone.cz\\\/kia-predstavila-novy-model-xceed-zname-pribeh-jeho-vzniku\\\/\"},\"wordCount\":1239,\"commentCount\":0,\"image\":{\"@id\":\"https:\\\/\\\/www.mzone.cz\\\/kia-predstavila-novy-model-xceed-zname-pribeh-jeho-vzniku\\\/#primaryimage\"},\"thumbnailUrl\":\"https:\\\/\\\/www.mzone.cz\\\/wp-content\\\/uploads\\\/2019\\\/07\\\/XCeed_DesignStory_4-kopie.jpg\",\"keywords\":[\"auta\",\"Auto\",\"auto-moto\",\"automobil\",\"crossover\",\"Kia\",\"Kia XCeed\",\"Novinka\",\"nov\u00fd model\",\"Video\",\"vznik\"],\"articleSection\":[\"Auto-moto\"],\"inLanguage\":\"en-US\",\"potentialAction\":[{\"@type\":\"CommentAction\",\"name\":\"Comment\",\"target\":[\"https:\\\/\\\/www.mzone.cz\\\/kia-predstavila-novy-model-xceed-zname-pribeh-jeho-vzniku\\\/#respond\"]}]},{\"@type\":\"WebPage\",\"@id\":\"https:\\\/\\\/www.mzone.cz\\\/kia-predstavila-novy-model-xceed-zname-pribeh-jeho-vzniku\\\/\",\"url\":\"https:\\\/\\\/www.mzone.cz\\\/kia-predstavila-novy-model-xceed-zname-pribeh-jeho-vzniku\\\/\",\"name\":\"Kia p\u0159edstavila nov\u00fd model XCeed. Zn\u00e1me p\u0159\u00edb\u011bh jeho vzniku! - Mzone\",\"isPartOf\":{\"@id\":\"https:\\\/\\\/www.mzone.cz\\\/#website\"},\"primaryImageOfPage\":{\"@id\":\"https:\\\/\\\/www.mzone.cz\\\/kia-predstavila-novy-model-xceed-zname-pribeh-jeho-vzniku\\\/#primaryimage\"},\"image\":{\"@id\":\"https:\\\/\\\/www.mzone.cz\\\/kia-predstavila-novy-model-xceed-zname-pribeh-jeho-vzniku\\\/#primaryimage\"},\"thumbnailUrl\":\"https:\\\/\\\/www.mzone.cz\\\/wp-content\\\/uploads\\\/2019\\\/07\\\/XCeed_DesignStory_4-kopie.jpg\",\"datePublished\":\"2019-08-07T04:00:51+00:00\",\"author\":{\"@id\":\"https:\\\/\\\/www.mzone.cz\\\/#\\\/schema\\\/person\\\/9bc20cc422a99cac4af6ff9297da32d4\"},\"description\":\"Automobilka Kia odhalila pozad\u00ed vzniku nov\u00e9ho m\u011bstsk\u00e9ho crossoveru Kia XCeed. V nov\u00e9m kr\u00e1tk\u00e9m filmu hovo\u0159\u00ed na kameru \u010dlenov\u00e9 evropsk\u00e9ho n\u00e1vrh\u00e1\u0159sk\u00e9ho t\u00fdmu zna\u010dky a stru\u010dn\u011b shrnuj\u00ed samotn\u00fd vznik nov\u00e9ho modelu.\",\"breadcrumb\":{\"@id\":\"https:\\\/\\\/www.mzone.cz\\\/kia-predstavila-novy-model-xceed-zname-pribeh-jeho-vzniku\\\/#breadcrumb\"},\"inLanguage\":\"en-US\",\"potentialAction\":[{\"@type\":\"ReadAction\",\"target\":[\"https:\\\/\\\/www.mzone.cz\\\/kia-predstavila-novy-model-xceed-zname-pribeh-jeho-vzniku\\\/\"]}]},{\"@type\":\"ImageObject\",\"inLanguage\":\"en-US\",\"@id\":\"https:\\\/\\\/www.mzone.cz\\\/kia-predstavila-novy-model-xceed-zname-pribeh-jeho-vzniku\\\/#primaryimage\",\"url\":\"https:\\\/\\\/www.mzone.cz\\\/wp-content\\\/uploads\\\/2019\\\/07\\\/XCeed_DesignStory_4-kopie.jpg\",\"contentUrl\":\"https:\\\/\\\/www.mzone.cz\\\/wp-content\\\/uploads\\\/2019\\\/07\\\/XCeed_DesignStory_4-kopie.jpg\",\"width\":1080,\"height\":720},{\"@type\":\"BreadcrumbList\",\"@id\":\"https:\\\/\\\/www.mzone.cz\\\/kia-predstavila-novy-model-xceed-zname-pribeh-jeho-vzniku\\\/#breadcrumb\",\"itemListElement\":[{\"@type\":\"ListItem\",\"position\":1,\"name\":\"Dom\u016f\",\"item\":\"https:\\\/\\\/www.mzone.cz\\\/\"},{\"@type\":\"ListItem\",\"position\":2,\"name\":\"Kia p\u0159edstavila nov\u00fd model XCeed. Zn\u00e1me p\u0159\u00edb\u011bh jeho vzniku!\"}]},{\"@type\":\"WebSite\",\"@id\":\"https:\\\/\\\/www.mzone.cz\\\/#website\",\"url\":\"https:\\\/\\\/www.mzone.cz\\\/\",\"name\":\"Mzone\",\"description\":\"Magaz\u00edn nejen pro mu\u017ee\",\"potentialAction\":[{\"@type\":\"SearchAction\",\"target\":{\"@type\":\"EntryPoint\",\"urlTemplate\":\"https:\\\/\\\/www.mzone.cz\\\/?s={search_term_string}\"},\"query-input\":{\"@type\":\"PropertyValueSpecification\",\"valueRequired\":true,\"valueName\":\"search_term_string\"}}],\"inLanguage\":\"en-US\"},{\"@type\":\"Person\",\"@id\":\"https:\\\/\\\/www.mzone.cz\\\/#\\\/schema\\\/person\\\/9bc20cc422a99cac4af6ff9297da32d4\",\"name\":\"Mzone\",\"image\":{\"@type\":\"ImageObject\",\"inLanguage\":\"en-US\",\"@id\":\"https:\\\/\\\/secure.gravatar.com\\\/avatar\\\/e780a8630f3182a3d06dd667ab6bea151a0d155b0951bc15fe22633acdac0676?s=96&d=mm&r=g\",\"url\":\"https:\\\/\\\/secure.gravatar.com\\\/avatar\\\/e780a8630f3182a3d06dd667ab6bea151a0d155b0951bc15fe22633acdac0676?s=96&d=mm&r=g\",\"contentUrl\":\"https:\\\/\\\/secure.gravatar.com\\\/avatar\\\/e780a8630f3182a3d06dd667ab6bea151a0d155b0951bc15fe22633acdac0676?s=96&d=mm&r=g\",\"caption\":\"Mzone\"},\"url\":\"https:\\\/\\\/www.mzone.cz\\\/en\\\/author\\\/jakub\\\/\"}]}<\/script>\n<!-- \/ Yoast SEO plugin. -->","yoast_head_json":{"title":"Kia p\u0159edstavila nov\u00fd model XCeed. Zn\u00e1me p\u0159\u00edb\u011bh jeho vzniku! - Mzone","description":"Automobilka Kia odhalila pozad\u00ed vzniku nov\u00e9ho m\u011bstsk\u00e9ho crossoveru Kia XCeed. V nov\u00e9m kr\u00e1tk\u00e9m filmu hovo\u0159\u00ed na kameru \u010dlenov\u00e9 evropsk\u00e9ho n\u00e1vrh\u00e1\u0159sk\u00e9ho t\u00fdmu zna\u010dky a stru\u010dn\u011b shrnuj\u00ed samotn\u00fd vznik nov\u00e9ho modelu.","robots":{"index":"index","follow":"follow","max-snippet":"max-snippet:-1","max-image-preview":"max-image-preview:large","max-video-preview":"max-video-preview:-1"},"canonical":"https:\/\/www.mzone.cz\/en\/kia-predstavila-novy-model-xceed-zname-pribeh-jeho-vzniku\/","og_locale":"en_US","og_type":"article","og_title":"Kia p\u0159edstavila nov\u00fd model XCeed. Zn\u00e1me p\u0159\u00edb\u011bh jeho vzniku! - Mzone","og_description":"Automobilka Kia odhalila pozad\u00ed vzniku nov\u00e9ho m\u011bstsk\u00e9ho crossoveru Kia XCeed. V nov\u00e9m kr\u00e1tk\u00e9m filmu hovo\u0159\u00ed na kameru \u010dlenov\u00e9 evropsk\u00e9ho n\u00e1vrh\u00e1\u0159sk\u00e9ho t\u00fdmu zna\u010dky a stru\u010dn\u011b shrnuj\u00ed samotn\u00fd vznik nov\u00e9ho modelu.","og_url":"https:\/\/www.mzone.cz\/en\/kia-predstavila-novy-model-xceed-zname-pribeh-jeho-vzniku\/","og_site_name":"Mzone","article_publisher":"https:\/\/www.facebook.com\/MzoneCZ\/","article_published_time":"2019-08-07T04:00:51+00:00","og_image":[{"width":1080,"height":720,"url":"https:\/\/www.mzone.cz\/wp-content\/uploads\/2019\/07\/XCeed_DesignStory_4-kopie.jpg","type":"image\/jpeg"}],"author":"Mzone","twitter_card":"summary_large_image","twitter_misc":{"Written by":"Mzone","Est. reading time":"6 minutes"},"schema":{"@context":"https:\/\/schema.org","@graph":[{"@type":"Article","@id":"https:\/\/www.mzone.cz\/kia-predstavila-novy-model-xceed-zname-pribeh-jeho-vzniku\/#article","isPartOf":{"@id":"https:\/\/www.mzone.cz\/kia-predstavila-novy-model-xceed-zname-pribeh-jeho-vzniku\/"},"author":{"name":"Mzone","@id":"https:\/\/www.mzone.cz\/#\/schema\/person\/9bc20cc422a99cac4af6ff9297da32d4"},"headline":"Kia p\u0159edstavila nov\u00fd model XCeed. Zn\u00e1me p\u0159\u00edb\u011bh jeho vzniku!","datePublished":"2019-08-07T04:00:51+00:00","mainEntityOfPage":{"@id":"https:\/\/www.mzone.cz\/kia-predstavila-novy-model-xceed-zname-pribeh-jeho-vzniku\/"},"wordCount":1239,"commentCount":0,"image":{"@id":"https:\/\/www.mzone.cz\/kia-predstavila-novy-model-xceed-zname-pribeh-jeho-vzniku\/#primaryimage"},"thumbnailUrl":"https:\/\/www.mzone.cz\/wp-content\/uploads\/2019\/07\/XCeed_DesignStory_4-kopie.jpg","keywords":["auta","Auto","auto-moto","automobil","crossover","Kia","Kia XCeed","Novinka","nov\u00fd model","Video","vznik"],"articleSection":["Auto-moto"],"inLanguage":"en-US","potentialAction":[{"@type":"CommentAction","name":"Comment","target":["https:\/\/www.mzone.cz\/kia-predstavila-novy-model-xceed-zname-pribeh-jeho-vzniku\/#respond"]}]},{"@type":"WebPage","@id":"https:\/\/www.mzone.cz\/kia-predstavila-novy-model-xceed-zname-pribeh-jeho-vzniku\/","url":"https:\/\/www.mzone.cz\/kia-predstavila-novy-model-xceed-zname-pribeh-jeho-vzniku\/","name":"Kia p\u0159edstavila nov\u00fd model XCeed. Zn\u00e1me p\u0159\u00edb\u011bh jeho vzniku! - Mzone","isPartOf":{"@id":"https:\/\/www.mzone.cz\/#website"},"primaryImageOfPage":{"@id":"https:\/\/www.mzone.cz\/kia-predstavila-novy-model-xceed-zname-pribeh-jeho-vzniku\/#primaryimage"},"image":{"@id":"https:\/\/www.mzone.cz\/kia-predstavila-novy-model-xceed-zname-pribeh-jeho-vzniku\/#primaryimage"},"thumbnailUrl":"https:\/\/www.mzone.cz\/wp-content\/uploads\/2019\/07\/XCeed_DesignStory_4-kopie.jpg","datePublished":"2019-08-07T04:00:51+00:00","author":{"@id":"https:\/\/www.mzone.cz\/#\/schema\/person\/9bc20cc422a99cac4af6ff9297da32d4"},"description":"Automobilka Kia odhalila pozad\u00ed vzniku nov\u00e9ho m\u011bstsk\u00e9ho crossoveru Kia XCeed. V nov\u00e9m kr\u00e1tk\u00e9m filmu hovo\u0159\u00ed na kameru \u010dlenov\u00e9 evropsk\u00e9ho n\u00e1vrh\u00e1\u0159sk\u00e9ho t\u00fdmu zna\u010dky a stru\u010dn\u011b shrnuj\u00ed samotn\u00fd vznik nov\u00e9ho modelu.","breadcrumb":{"@id":"https:\/\/www.mzone.cz\/kia-predstavila-novy-model-xceed-zname-pribeh-jeho-vzniku\/#breadcrumb"},"inLanguage":"en-US","potentialAction":[{"@type":"ReadAction","target":["https:\/\/www.mzone.cz\/kia-predstavila-novy-model-xceed-zname-pribeh-jeho-vzniku\/"]}]},{"@type":"ImageObject","inLanguage":"en-US","@id":"https:\/\/www.mzone.cz\/kia-predstavila-novy-model-xceed-zname-pribeh-jeho-vzniku\/#primaryimage","url":"https:\/\/www.mzone.cz\/wp-content\/uploads\/2019\/07\/XCeed_DesignStory_4-kopie.jpg","contentUrl":"https:\/\/www.mzone.cz\/wp-content\/uploads\/2019\/07\/XCeed_DesignStory_4-kopie.jpg","width":1080,"height":720},{"@type":"BreadcrumbList","@id":"https:\/\/www.mzone.cz\/kia-predstavila-novy-model-xceed-zname-pribeh-jeho-vzniku\/#breadcrumb","itemListElement":[{"@type":"ListItem","position":1,"name":"Dom\u016f","item":"https:\/\/www.mzone.cz\/"},{"@type":"ListItem","position":2,"name":"Kia p\u0159edstavila nov\u00fd model XCeed. Zn\u00e1me p\u0159\u00edb\u011bh jeho vzniku!"}]},{"@type":"WebSite","@id":"https:\/\/www.mzone.cz\/#website","url":"https:\/\/www.mzone.cz\/","name":"Mzone","description":"Magaz\u00edn nejen pro mu\u017ee","potentialAction":[{"@type":"SearchAction","target":{"@type":"EntryPoint","urlTemplate":"https:\/\/www.mzone.cz\/?s={search_term_string}"},"query-input":{"@type":"PropertyValueSpecification","valueRequired":true,"valueName":"search_term_string"}}],"inLanguage":"en-US"},{"@type":"Person","@id":"https:\/\/www.mzone.cz\/#\/schema\/person\/9bc20cc422a99cac4af6ff9297da32d4","name":"Mzone","image":{"@type":"ImageObject","inLanguage":"en-US","@id":"https:\/\/secure.gravatar.com\/avatar\/e780a8630f3182a3d06dd667ab6bea151a0d155b0951bc15fe22633acdac0676?s=96&d=mm&r=g","url":"https:\/\/secure.gravatar.com\/avatar\/e780a8630f3182a3d06dd667ab6bea151a0d155b0951bc15fe22633acdac0676?s=96&d=mm&r=g","contentUrl":"https:\/\/secure.gravatar.com\/avatar\/e780a8630f3182a3d06dd667ab6bea151a0d155b0951bc15fe22633acdac0676?s=96&d=mm&r=g","caption":"Mzone"},"url":"https:\/\/www.mzone.cz\/en\/author\/jakub\/"}]}},"_links":{"self":[{"href":"https:\/\/www.mzone.cz\/en\/wp-json\/wp\/v2\/posts\/11144","targetHints":{"allow":["GET"]}}],"collection":[{"href":"https:\/\/www.mzone.cz\/en\/wp-json\/wp\/v2\/posts"}],"about":[{"href":"https:\/\/www.mzone.cz\/en\/wp-json\/wp\/v2\/types\/post"}],"author":[{"embeddable":true,"href":"https:\/\/www.mzone.cz\/en\/wp-json\/wp\/v2\/users\/4"}],"replies":[{"embeddable":true,"href":"https:\/\/www.mzone.cz\/en\/wp-json\/wp\/v2\/comments?post=11144"}],"version-history":[{"count":21,"href":"https:\/\/www.mzone.cz\/en\/wp-json\/wp\/v2\/posts\/11144\/revisions"}],"predecessor-version":[{"id":11178,"href":"https:\/\/www.mzone.cz\/en\/wp-json\/wp\/v2\/posts\/11144\/revisions\/11178"}],"wp:featuredmedia":[{"embeddable":true,"href":"https:\/\/www.mzone.cz\/en\/wp-json\/wp\/v2\/media\/11145"}],"wp:attachment":[{"href":"https:\/\/www.mzone.cz\/en\/wp-json\/wp\/v2\/media?parent=11144"}],"wp:term":[{"taxonomy":"category","embeddable":true,"href":"https:\/\/www.mzone.cz\/en\/wp-json\/wp\/v2\/categories?post=11144"},{"taxonomy":"post_tag","embeddable":true,"href":"https:\/\/www.mzone.cz\/en\/wp-json\/wp\/v2\/tags?post=11144"}],"curies":[{"name":"wp","href":"https:\/\/api.w.org\/{rel}","templated":true}]}}