{"id":11661,"date":"2019-11-11T05:00:54","date_gmt":"2019-11-11T04:00:54","guid":{"rendered":"https:\/\/www.mzone.cz\/?p=11661"},"modified":"2019-10-25T17:09:41","modified_gmt":"2019-10-25T15:09:41","slug":"nicime-nasimi-auty-planetu-emise-spalovaciho-motoru-nejsou-cernobyl","status":"publish","type":"post","link":"https:\/\/www.mzone.cz\/en\/nicime-nasimi-auty-planetu-emise-spalovaciho-motoru-nejsou-cernobyl\/","title":{"rendered":"Ni\u010d\u00edme na\u0161imi auty planetu? Emise spalovac\u00edho motoru nejsou \u010cernobyl!"},"content":{"rendered":"<p><strong>Klimatick\u00e9 zm\u011bny bezpochyby pro\u017e\u00edv\u00e1me. To u\u017e je snad jasn\u00e9 i V\u00e1clavu Klausovi star\u0161\u00edmu. Ka\u017ed\u00fd den si m\u016f\u017eeme p\u0159e\u010d\u00edst \u0159adu nov\u00fdch \u010dl\u00e1nk\u016f v\u011bnuj\u00edc\u00edch se t\u00e9to problematice. Ob\u010das se mo\u017en\u00e1 zastyd\u00edte, \u017ee k&nbsp;ni\u010den\u00ed \u017eivota a \u017eivotn\u00edch podm\u00ednek na planet\u011b Zemi p\u0159isp\u00edv\u00e1te i vy. Sv\u00fdm spalovac\u00edm motorem. Ale m\u00e1te se vlastn\u011b za co styd\u011bt?<\/strong><\/p><br>\n\n\n\n<h2 class=\"wp-block-heading\">Oxid uhli\u010dit\u00fd<\/h2>\n\n\n\n<p>Emise sem, emise tam, gram sem, gram tam. To, co va\u0161e vozidlo pou\u0161t\u00ed do ovzdu\u0161\u00ed (pokud jste se nezbavili filtru pevn\u00fdch \u010d\u00e1stic) nen\u00ed sice \u017e\u00e1dn\u00fd \u201erajsk\u00fd plyn\u201c, ale tak\u00e9 to nen\u00ed v\u00fdbuch \u010cernobylu. Oxid uhli\u010dit\u00fd je b\u011b\u017enou sou\u010d\u00e1st\u00ed na\u0161\u00ed atmosf\u00e9ry. Pro mnoho \u017eiv\u00fdch organism\u016f je dokonce pot\u0159ebn\u00fd. Mnohem agresivn\u011bj\u0161\u00ed a nebezpe\u010dn\u011bj\u0161\u00ed (sv\u00fdmi \u00fa\u010dinky na \u017eivotn\u00ed prost\u0159ed\u00ed) jsou zem\u011bd\u011blsk\u00e9 plyny poch\u00e1zej\u00edc\u00ed z&nbsp;chovu dobytka. Masov\u00e1 v\u00fdroba masa a dal\u0161\u00edch \u017eivo\u010di\u0161n\u00fdch produkt\u016f m\u00e1 na zm\u011bn\u00e1ch klimatu extr\u00e9mn\u00ed pod\u00edl.<\/p><br>\n\n\n\n<h2 class=\"wp-block-heading\">Elektromobilita<\/h2>\n\n\n\n<p>St\u00e1le nen\u00ed jasn\u00e9, zda je elektromobilita sp\u00e1sonosn\u00e1, a u\u017e je n\u00e1m de facto nucena v\u0161emo\u017en\u00fdmi normami a z\u00e1kony. M\u016f\u017ee to b\u00fdt p\u011bkn\u00e9, kdy\u017e auto nesmrd\u00ed, ale elekt\u0159ina, kter\u00e1 ho poh\u00e1n\u00ed, mus\u00ed b\u00fdt n\u011bkde vyrobena. Uheln\u00e9 elektr\u00e1rny st\u00e1le funguj\u00ed, tak\u017ee mo\u017en\u00e1 v\u00e1\u0161 elektromobil jen smrd\u00ed n\u011bkde jinde.<\/p>\n\n\n\n<blockquote class=\"wp-block-quote is-layout-flow wp-block-quote-is-layout-flow\"><p>Dal\u0161\u00edm probl\u00e9mem jsou baterie. Pro jejich v\u00fdrobu je zapot\u0159eb\u00ed lithium a to se dob\u00fdv\u00e1 z&nbsp;hlubin zem\u011b.<\/p><\/blockquote>\n\n\n\n<p>Nap\u0159\u00edklad v&nbsp;pou\u0161ti Atacama, kde kv\u016fli drancov\u00e1n\u00ed podzemn\u00edch z\u00e1sob lithia doslova miz\u00ed z\u00e1soby podzemn\u00ed vody a hyne ve\u0161ker\u00fd pou\u0161tn\u00ed \u017eivot. Ano, pod povrchem pou\u0161t\u011b byly ohromn\u00e9 z\u00e1soby vody, d\u00edky kter\u00fdm na pou\u0161ti byl i \u017eivot. Jen\u017ee lithia bude pot\u0159eba v\u00edc a v\u00edc. A je\u0161t\u011b v\u00edc.<\/p><br>\n\n\n\n<figure class=\"wp-block-image\"><img loading=\"lazy\" decoding=\"async\" width=\"1024\" height=\"683\" src=\"https:\/\/www.mzone.cz\/wp-content\/uploads\/2019\/08\/Depositphotos_53053501_l-2015-1024x683.jpg\" alt=\"\" class=\"wp-image-11668\" srcset=\"https:\/\/www.mzone.cz\/wp-content\/uploads\/2019\/08\/Depositphotos_53053501_l-2015-1024x683.jpg 1024w, https:\/\/www.mzone.cz\/wp-content\/uploads\/2019\/08\/Depositphotos_53053501_l-2015-300x200.jpg 300w, https:\/\/www.mzone.cz\/wp-content\/uploads\/2019\/08\/Depositphotos_53053501_l-2015-768x512.jpg 768w, https:\/\/www.mzone.cz\/wp-content\/uploads\/2019\/08\/Depositphotos_53053501_l-2015-800x533.jpg 800w, https:\/\/www.mzone.cz\/wp-content\/uploads\/2019\/08\/Depositphotos_53053501_l-2015-400x267.jpg 400w, https:\/\/www.mzone.cz\/wp-content\/uploads\/2019\/08\/Depositphotos_53053501_l-2015-500x333.jpg 500w, https:\/\/www.mzone.cz\/wp-content\/uploads\/2019\/08\/Depositphotos_53053501_l-2015-1170x780.jpg 1170w, https:\/\/www.mzone.cz\/wp-content\/uploads\/2019\/08\/Depositphotos_53053501_l-2015-590x393.jpg 590w, https:\/\/www.mzone.cz\/wp-content\/uploads\/2019\/08\/Depositphotos_53053501_l-2015.jpg 1999w\" sizes=\"auto, (max-width: 1024px) 100vw, 1024px\" \/><\/figure><br>\n\n\n\n<h2 class=\"wp-block-heading\">Vod\u00edk<\/h2>\n\n\n\n<p>Dlouho o\u010dek\u00e1van\u00fdm \u0159e\u0161en\u00edm je a je\u0161t\u011b dlouho asi bude b\u011b\u017en\u00fd pohon na vod\u00edk. Zcela ekologick\u00fd a levn\u00fd. Jen\u017ee v\u00fdvoj nejde kup\u0159edu tak rychle jak se o\u010dek\u00e1valo. Zl\u00ed jazykov\u00e9 dokonce tvrd\u00ed, \u017ee v\u0161e je ji\u017e zn\u00e1mo a mo\u017eno, ale je to ulo\u017eeno k&nbsp;ledu, zav\u0159eno v&nbsp;trezoru\u2026<\/p>\n\n\n\n<blockquote class=\"wp-block-quote is-layout-flow wp-block-quote-is-layout-flow\"><p>Proto\u017ee ropa (a dnes u\u017e i elekt\u0159ina) je zatracen\u011b dobr\u00fd byznys. Jedin\u00fd byznys, jeho\u017e pomoc\u00ed m\u016f\u017eete financovat ly\u017ea\u0159skou sjezdovku uprost\u0159ed pou\u0161t\u011b.<\/p><\/blockquote>\n\n\n\n<h2 class=\"wp-block-heading\">Motorsport a diskriminace b\u011b\u017en\u00fdch \u0159idi\u010d\u016f<\/h2>\n\n\n\n<p>Zv\u00fdhod\u0148ov\u00e1n\u00ed elektromobility a st\u00e1le d\u016frazn\u011bj\u0161\u00ed perzekuce spalovac\u00edch motor\u016f m\u016f\u017ee p\u016fsobit jako smyslupln\u00e9 po\u010d\u00edn\u00e1n\u00ed. Ale nezapom\u00ednaj\u00ed vl\u00e1dci tohoto sv\u011bta na n\u011bkoho? Rallye Dakar, WRC, F1, 24 hodin Le Mans\u2026 Z\u00e1vody, je\u017e jsme jako kluci milovali. Mnoz\u00ed z&nbsp;n\u00e1s jejich kouzlu propadaj\u00ed dodnes. O co je ale v\u00edce \u0161kodliv\u00fd v\u00e1\u0161 v\u016fz a va\u0161e cesty, ne\u017e jeden ro\u010dn\u00edk Dakaru? Pro\u010d jsou perzekuc\u00edm vystaveni nejprve (a pouze!) b\u011b\u017en\u00ed ob\u010dan\u00e9, autodopravci a slu\u017eby, ne\u017e spolky a akce spaluj\u00edc\u00ed ropu pro pouhopouh\u00e9 kr\u00e1tkodob\u00e9 pobaven\u00ed?<\/p><br>\n\n\n\n<figure class=\"wp-block-image\"><img loading=\"lazy\" decoding=\"async\" width=\"1024\" height=\"682\" src=\"https:\/\/www.mzone.cz\/wp-content\/uploads\/2019\/08\/DML_8947-1024x682.jpg\" alt=\"\" class=\"wp-image-11672\" srcset=\"https:\/\/www.mzone.cz\/wp-content\/uploads\/2019\/08\/DML_8947-1024x682.jpg 1024w, https:\/\/www.mzone.cz\/wp-content\/uploads\/2019\/08\/DML_8947-300x200.jpg 300w, https:\/\/www.mzone.cz\/wp-content\/uploads\/2019\/08\/DML_8947-768x512.jpg 768w, https:\/\/www.mzone.cz\/wp-content\/uploads\/2019\/08\/DML_8947-800x533.jpg 800w, https:\/\/www.mzone.cz\/wp-content\/uploads\/2019\/08\/DML_8947-400x267.jpg 400w, https:\/\/www.mzone.cz\/wp-content\/uploads\/2019\/08\/DML_8947-500x333.jpg 500w, https:\/\/www.mzone.cz\/wp-content\/uploads\/2019\/08\/DML_8947-1170x780.jpg 1170w, https:\/\/www.mzone.cz\/wp-content\/uploads\/2019\/08\/DML_8947-590x393.jpg 590w\" sizes=\"auto, (max-width: 1024px) 100vw, 1024px\" \/><figcaption>Automobilov\u00e9 z\u00e1vody m\u00e1me r\u00e1di. Pro\u010d ale my nesm\u00edme vypou\u0161t\u011bt splodiny ze sv\u00e9 fabie a dakarsk\u00e9 speci\u00e1ly mohou b\u011bhem jednoho ro\u010dn\u00edku vyprodukovat tolik emis\u00ed co cel\u00e9 men\u0161\u00ed m\u011bsto?<\/figcaption><\/figure>\n\n\n\n<p><br>T\u00edmto \u010dl\u00e1nkem v\u00e1s rozhodn\u011b nechceme ponoukat k&nbsp;tomu, abyste si do ve\u010derky za rohem jezdili pro no\u010dn\u00ed g\u00e1bl\u00edk vozem, ale chceme st\u0159\u00edzlivou optikou upozornit na komplikovanost a mnohovrstevnatost tohoto probl\u00e9mu.<\/p>\n\n\n\n<blockquote class=\"wp-block-quote is-layout-flow wp-block-quote-is-layout-flow\"><p>\u0158idi\u010d spalovac\u00edho motoru se za sv\u016fj zp\u016fsob dopravy opravdu nemus\u00ed styd\u011bt, i kdy\u017e mu to k\u00e1\u017ee establishment.<\/p><\/blockquote>\n\n\n\n<p>Samoz\u0159ejm\u011b je dobr\u00e9, kdy\u017e vyu\u017eije MHD nebo jin\u00e9 dopravn\u00ed prost\u0159edky, pokud m\u016f\u017ee, ale jsou situace, kdy je auto nenahraditeln\u00e9.<\/p><br>\n\n\n\n<div class=\"wp-block-image\"><figure class=\"alignleft is-resized\"><img loading=\"lazy\" decoding=\"async\" src=\"https:\/\/www.mzone.cz\/wp-content\/uploads\/2019\/07\/arid-barren-clay-1710813-1024x683.jpg\" alt=\"\" class=\"wp-image-11206\" width=\"96\" height=\"63\" srcset=\"https:\/\/www.mzone.cz\/wp-content\/uploads\/2019\/07\/arid-barren-clay-1710813-1024x683.jpg 1024w, https:\/\/www.mzone.cz\/wp-content\/uploads\/2019\/07\/arid-barren-clay-1710813-300x200.jpg 300w, https:\/\/www.mzone.cz\/wp-content\/uploads\/2019\/07\/arid-barren-clay-1710813-768x512.jpg 768w, https:\/\/www.mzone.cz\/wp-content\/uploads\/2019\/07\/arid-barren-clay-1710813-800x533.jpg 800w, https:\/\/www.mzone.cz\/wp-content\/uploads\/2019\/07\/arid-barren-clay-1710813-400x267.jpg 400w, https:\/\/www.mzone.cz\/wp-content\/uploads\/2019\/07\/arid-barren-clay-1710813-500x333.jpg 500w, https:\/\/www.mzone.cz\/wp-content\/uploads\/2019\/07\/arid-barren-clay-1710813-1170x780.jpg 1170w, https:\/\/www.mzone.cz\/wp-content\/uploads\/2019\/07\/arid-barren-clay-1710813-590x393.jpg 590w, https:\/\/www.mzone.cz\/wp-content\/uploads\/2019\/07\/arid-barren-clay-1710813.jpg 1920w\" sizes=\"auto, (max-width: 96px) 100vw, 96px\" \/><\/figure><\/div>\n\n\n\n<h4><a href=\"https:\/\/www.mzone.cz\/problem-stoleti-boj-o-uzitkovou-vodu\/\">Probl\u00e9m stolet\u00ed? Boj o u\u017eitkovou vodu!<\/a><\/h4><br><br>\n\n\n\n<p>Nenechme se proto op\u00edt rohl\u00edkem a uva\u017eujme v&nbsp;souvislostech. Budoucnost zcela jist\u011b spalovac\u00edm motor\u016fm nepat\u0159\u00ed, ale je to budoucnost vzd\u00e1len\u00e1. Je ot\u00e1zkou, zda bude hlavn\u00edm pohonem elekt\u0159ina, vod\u00edk nebo zcela jin\u00fd zdroj, ale do t\u00e9 doby se za sv\u016fj motor styd\u011bt nemus\u00edme.<\/p><br>","protected":false},"excerpt":{"rendered":"<p>Klimatick\u00e9 zm\u011bny bezpochyby pro\u017e\u00edv\u00e1me. To u\u017e je snad jasn\u00e9 i V\u00e1clavu Klausovi star\u0161\u00edmu. Ka\u017ed\u00fd den si m\u016f\u017eeme p\u0159e\u010d\u00edst \u0159adu nov\u00fdch \u010dl\u00e1nk\u016f v\u011bnuj\u00edc\u00edch se t\u00e9to problematice. Ob\u010das se mo\u017en\u00e1 zastyd\u00edte, \u017ee k&nbsp;ni\u010den\u00ed \u017eivota a \u017eivotn\u00edch podm\u00ednek na planet\u011b Zemi p\u0159isp\u00edv\u00e1te i vy. Sv\u00fdm spalovac\u00edm motorem. Ale m\u00e1te se vlastn\u011b za co styd\u011bt? Oxid uhli\u010dit\u00fd Emise sem, [&hellip;]<\/p>\n","protected":false},"author":4,"featured_media":11663,"comment_status":"open","ping_status":"closed","sticky":false,"template":"","format":"standard","meta":{"kk_blocks_editor_width":"","_kiokenblocks_attr":"","_kiokenblocks_dimensions":"","footnotes":""},"categories":[69,386],"tags":[585,82,462,552,593,2610,692,2613,2608,524,2611,2612,525,2609],"class_list":["post-11661","post","type-post","status-publish","format-standard","has-post-thumbnail","hentry","category-auto-moto","category-bez-obalu","tag-auta","tag-auto","tag-auto-moto","tag-automobily","tag-bez-obalu","tag-ekologie","tag-elektromobilita","tag-elektromobily","tag-emise","tag-planeta","tag-spalovaci-motor","tag-splodiny","tag-zeme","tag-zivotni-prostredi"],"yoast_head":"<!-- This site is optimized with the Yoast SEO plugin v27.5 - https:\/\/yoast.com\/product\/yoast-seo-wordpress\/ -->\n<title>Ni\u010d\u00edme na\u0161imi auty planetu? Emise spalovac\u00edho motoru nejsou \u010cernobyl! - Mzone<\/title>\n<meta name=\"description\" content=\"Klimatick\u00e9 zm\u011bny bezpochyby pro\u017e\u00edv\u00e1me. To u\u017e je snad jasn\u00e9 i V\u00e1clavu Klausovi star\u0161\u00edmu. Ka\u017ed\u00fd den si m\u016f\u017eeme p\u0159e\u010d\u00edst \u0159adu nov\u00fdch \u010dl\u00e1nk\u016f v\u011bnuj\u00edc\u00edch se t\u00e9to problematice. Ob\u010das se mo\u017en\u00e1 zastyd\u00edte, \u017ee k\u00a0ni\u010den\u00ed \u017eivota a \u017eivotn\u00edch podm\u00ednek na planet\u011b Zemi p\u0159isp\u00edv\u00e1te i vy. Sv\u00fdm spalovac\u00edm motorem. Ale m\u00e1te se vlastn\u011b za co styd\u011bt?\" \/>\n<meta name=\"robots\" content=\"index, follow, max-snippet:-1, max-image-preview:large, max-video-preview:-1\" \/>\n<link rel=\"canonical\" href=\"https:\/\/www.mzone.cz\/en\/nicime-nasimi-auty-planetu-emise-spalovaciho-motoru-nejsou-cernobyl\/\" \/>\n<meta property=\"og:locale\" content=\"en_US\" \/>\n<meta property=\"og:type\" content=\"article\" \/>\n<meta property=\"og:title\" content=\"Ni\u010d\u00edme na\u0161imi auty planetu? Emise spalovac\u00edho motoru nejsou \u010cernobyl! - Mzone\" \/>\n<meta property=\"og:description\" content=\"Klimatick\u00e9 zm\u011bny bezpochyby pro\u017e\u00edv\u00e1me. To u\u017e je snad jasn\u00e9 i V\u00e1clavu Klausovi star\u0161\u00edmu. Ka\u017ed\u00fd den si m\u016f\u017eeme p\u0159e\u010d\u00edst \u0159adu nov\u00fdch \u010dl\u00e1nk\u016f v\u011bnuj\u00edc\u00edch se t\u00e9to problematice. Ob\u010das se mo\u017en\u00e1 zastyd\u00edte, \u017ee k\u00a0ni\u010den\u00ed \u017eivota a \u017eivotn\u00edch podm\u00ednek na planet\u011b Zemi p\u0159isp\u00edv\u00e1te i vy. Sv\u00fdm spalovac\u00edm motorem. Ale m\u00e1te se vlastn\u011b za co styd\u011bt?\" \/>\n<meta property=\"og:url\" content=\"https:\/\/www.mzone.cz\/en\/nicime-nasimi-auty-planetu-emise-spalovaciho-motoru-nejsou-cernobyl\/\" \/>\n<meta property=\"og:site_name\" content=\"Mzone\" \/>\n<meta property=\"article:publisher\" content=\"https:\/\/www.facebook.com\/MzoneCZ\/\" \/>\n<meta property=\"article:published_time\" content=\"2019-11-11T04:00:54+00:00\" \/>\n<meta property=\"og:image\" content=\"https:\/\/www.mzone.cz\/wp-content\/uploads\/2019\/10\/Depositphotos_54059313_l-2015.jpg\" \/>\n\t<meta property=\"og:image:width\" content=\"2000\" \/>\n\t<meta property=\"og:image:height\" content=\"1333\" \/>\n\t<meta property=\"og:image:type\" content=\"image\/jpeg\" \/>\n<meta name=\"author\" content=\"Mzone\" \/>\n<meta name=\"twitter:card\" content=\"summary_large_image\" \/>\n<meta name=\"twitter:label1\" content=\"Written by\" \/>\n\t<meta name=\"twitter:data1\" content=\"Mzone\" \/>\n\t<meta name=\"twitter:label2\" content=\"Est. reading time\" \/>\n\t<meta name=\"twitter:data2\" content=\"4 minutes\" \/>\n<script type=\"application\/ld+json\" class=\"yoast-schema-graph\">{\"@context\":\"https:\\\/\\\/schema.org\",\"@graph\":[{\"@type\":\"Article\",\"@id\":\"https:\\\/\\\/www.mzone.cz\\\/nicime-nasimi-auty-planetu-emise-spalovaciho-motoru-nejsou-cernobyl\\\/#article\",\"isPartOf\":{\"@id\":\"https:\\\/\\\/www.mzone.cz\\\/nicime-nasimi-auty-planetu-emise-spalovaciho-motoru-nejsou-cernobyl\\\/\"},\"author\":{\"name\":\"Mzone\",\"@id\":\"https:\\\/\\\/www.mzone.cz\\\/#\\\/schema\\\/person\\\/9bc20cc422a99cac4af6ff9297da32d4\"},\"headline\":\"Ni\u010d\u00edme na\u0161imi auty planetu? Emise spalovac\u00edho motoru nejsou \u010cernobyl!\",\"datePublished\":\"2019-11-11T04:00:54+00:00\",\"mainEntityOfPage\":{\"@id\":\"https:\\\/\\\/www.mzone.cz\\\/nicime-nasimi-auty-planetu-emise-spalovaciho-motoru-nejsou-cernobyl\\\/\"},\"wordCount\":752,\"commentCount\":0,\"image\":{\"@id\":\"https:\\\/\\\/www.mzone.cz\\\/nicime-nasimi-auty-planetu-emise-spalovaciho-motoru-nejsou-cernobyl\\\/#primaryimage\"},\"thumbnailUrl\":\"https:\\\/\\\/www.mzone.cz\\\/wp-content\\\/uploads\\\/2019\\\/10\\\/Depositphotos_54059313_l-2015.jpg\",\"keywords\":[\"auta\",\"Auto\",\"auto-moto\",\"automobily\",\"bez obalu\",\"ekologie\",\"elektromobilita\",\"elektromobily\",\"emise\",\"planeta\",\"spalovac\u00ed motor\",\"splodiny\",\"Zem\u011b\",\"\u017eivotn\u00ed prost\u0159ed\u00ed\"],\"articleSection\":[\"Auto-moto\",\"Bez obalu\"],\"inLanguage\":\"en-US\",\"potentialAction\":[{\"@type\":\"CommentAction\",\"name\":\"Comment\",\"target\":[\"https:\\\/\\\/www.mzone.cz\\\/nicime-nasimi-auty-planetu-emise-spalovaciho-motoru-nejsou-cernobyl\\\/#respond\"]}]},{\"@type\":\"WebPage\",\"@id\":\"https:\\\/\\\/www.mzone.cz\\\/nicime-nasimi-auty-planetu-emise-spalovaciho-motoru-nejsou-cernobyl\\\/\",\"url\":\"https:\\\/\\\/www.mzone.cz\\\/nicime-nasimi-auty-planetu-emise-spalovaciho-motoru-nejsou-cernobyl\\\/\",\"name\":\"Ni\u010d\u00edme na\u0161imi auty planetu? Emise spalovac\u00edho motoru nejsou \u010cernobyl! - Mzone\",\"isPartOf\":{\"@id\":\"https:\\\/\\\/www.mzone.cz\\\/#website\"},\"primaryImageOfPage\":{\"@id\":\"https:\\\/\\\/www.mzone.cz\\\/nicime-nasimi-auty-planetu-emise-spalovaciho-motoru-nejsou-cernobyl\\\/#primaryimage\"},\"image\":{\"@id\":\"https:\\\/\\\/www.mzone.cz\\\/nicime-nasimi-auty-planetu-emise-spalovaciho-motoru-nejsou-cernobyl\\\/#primaryimage\"},\"thumbnailUrl\":\"https:\\\/\\\/www.mzone.cz\\\/wp-content\\\/uploads\\\/2019\\\/10\\\/Depositphotos_54059313_l-2015.jpg\",\"datePublished\":\"2019-11-11T04:00:54+00:00\",\"author\":{\"@id\":\"https:\\\/\\\/www.mzone.cz\\\/#\\\/schema\\\/person\\\/9bc20cc422a99cac4af6ff9297da32d4\"},\"description\":\"Klimatick\u00e9 zm\u011bny bezpochyby pro\u017e\u00edv\u00e1me. To u\u017e je snad jasn\u00e9 i V\u00e1clavu Klausovi star\u0161\u00edmu. Ka\u017ed\u00fd den si m\u016f\u017eeme p\u0159e\u010d\u00edst \u0159adu nov\u00fdch \u010dl\u00e1nk\u016f v\u011bnuj\u00edc\u00edch se t\u00e9to problematice. Ob\u010das se mo\u017en\u00e1 zastyd\u00edte, \u017ee k\u00a0ni\u010den\u00ed \u017eivota a \u017eivotn\u00edch podm\u00ednek na planet\u011b Zemi p\u0159isp\u00edv\u00e1te i vy. Sv\u00fdm spalovac\u00edm motorem. Ale m\u00e1te se vlastn\u011b za co styd\u011bt?\",\"breadcrumb\":{\"@id\":\"https:\\\/\\\/www.mzone.cz\\\/nicime-nasimi-auty-planetu-emise-spalovaciho-motoru-nejsou-cernobyl\\\/#breadcrumb\"},\"inLanguage\":\"en-US\",\"potentialAction\":[{\"@type\":\"ReadAction\",\"target\":[\"https:\\\/\\\/www.mzone.cz\\\/nicime-nasimi-auty-planetu-emise-spalovaciho-motoru-nejsou-cernobyl\\\/\"]}]},{\"@type\":\"ImageObject\",\"inLanguage\":\"en-US\",\"@id\":\"https:\\\/\\\/www.mzone.cz\\\/nicime-nasimi-auty-planetu-emise-spalovaciho-motoru-nejsou-cernobyl\\\/#primaryimage\",\"url\":\"https:\\\/\\\/www.mzone.cz\\\/wp-content\\\/uploads\\\/2019\\\/10\\\/Depositphotos_54059313_l-2015.jpg\",\"contentUrl\":\"https:\\\/\\\/www.mzone.cz\\\/wp-content\\\/uploads\\\/2019\\\/10\\\/Depositphotos_54059313_l-2015.jpg\",\"width\":2000,\"height\":1333},{\"@type\":\"BreadcrumbList\",\"@id\":\"https:\\\/\\\/www.mzone.cz\\\/nicime-nasimi-auty-planetu-emise-spalovaciho-motoru-nejsou-cernobyl\\\/#breadcrumb\",\"itemListElement\":[{\"@type\":\"ListItem\",\"position\":1,\"name\":\"Dom\u016f\",\"item\":\"https:\\\/\\\/www.mzone.cz\\\/\"},{\"@type\":\"ListItem\",\"position\":2,\"name\":\"Ni\u010d\u00edme na\u0161imi auty planetu? Emise spalovac\u00edho motoru nejsou \u010cernobyl!\"}]},{\"@type\":\"WebSite\",\"@id\":\"https:\\\/\\\/www.mzone.cz\\\/#website\",\"url\":\"https:\\\/\\\/www.mzone.cz\\\/\",\"name\":\"Mzone\",\"description\":\"Magaz\u00edn nejen pro mu\u017ee\",\"potentialAction\":[{\"@type\":\"SearchAction\",\"target\":{\"@type\":\"EntryPoint\",\"urlTemplate\":\"https:\\\/\\\/www.mzone.cz\\\/?s={search_term_string}\"},\"query-input\":{\"@type\":\"PropertyValueSpecification\",\"valueRequired\":true,\"valueName\":\"search_term_string\"}}],\"inLanguage\":\"en-US\"},{\"@type\":\"Person\",\"@id\":\"https:\\\/\\\/www.mzone.cz\\\/#\\\/schema\\\/person\\\/9bc20cc422a99cac4af6ff9297da32d4\",\"name\":\"Mzone\",\"image\":{\"@type\":\"ImageObject\",\"inLanguage\":\"en-US\",\"@id\":\"https:\\\/\\\/secure.gravatar.com\\\/avatar\\\/e780a8630f3182a3d06dd667ab6bea151a0d155b0951bc15fe22633acdac0676?s=96&d=mm&r=g\",\"url\":\"https:\\\/\\\/secure.gravatar.com\\\/avatar\\\/e780a8630f3182a3d06dd667ab6bea151a0d155b0951bc15fe22633acdac0676?s=96&d=mm&r=g\",\"contentUrl\":\"https:\\\/\\\/secure.gravatar.com\\\/avatar\\\/e780a8630f3182a3d06dd667ab6bea151a0d155b0951bc15fe22633acdac0676?s=96&d=mm&r=g\",\"caption\":\"Mzone\"},\"url\":\"https:\\\/\\\/www.mzone.cz\\\/en\\\/author\\\/jakub\\\/\"}]}<\/script>\n<!-- \/ Yoast SEO plugin. -->","yoast_head_json":{"title":"Ni\u010d\u00edme na\u0161imi auty planetu? Emise spalovac\u00edho motoru nejsou \u010cernobyl! - Mzone","description":"Klimatick\u00e9 zm\u011bny bezpochyby pro\u017e\u00edv\u00e1me. To u\u017e je snad jasn\u00e9 i V\u00e1clavu Klausovi star\u0161\u00edmu. Ka\u017ed\u00fd den si m\u016f\u017eeme p\u0159e\u010d\u00edst \u0159adu nov\u00fdch \u010dl\u00e1nk\u016f v\u011bnuj\u00edc\u00edch se t\u00e9to problematice. Ob\u010das se mo\u017en\u00e1 zastyd\u00edte, \u017ee k\u00a0ni\u010den\u00ed \u017eivota a \u017eivotn\u00edch podm\u00ednek na planet\u011b Zemi p\u0159isp\u00edv\u00e1te i vy. Sv\u00fdm spalovac\u00edm motorem. Ale m\u00e1te se vlastn\u011b za co styd\u011bt?","robots":{"index":"index","follow":"follow","max-snippet":"max-snippet:-1","max-image-preview":"max-image-preview:large","max-video-preview":"max-video-preview:-1"},"canonical":"https:\/\/www.mzone.cz\/en\/nicime-nasimi-auty-planetu-emise-spalovaciho-motoru-nejsou-cernobyl\/","og_locale":"en_US","og_type":"article","og_title":"Ni\u010d\u00edme na\u0161imi auty planetu? Emise spalovac\u00edho motoru nejsou \u010cernobyl! - Mzone","og_description":"Klimatick\u00e9 zm\u011bny bezpochyby pro\u017e\u00edv\u00e1me. To u\u017e je snad jasn\u00e9 i V\u00e1clavu Klausovi star\u0161\u00edmu. Ka\u017ed\u00fd den si m\u016f\u017eeme p\u0159e\u010d\u00edst \u0159adu nov\u00fdch \u010dl\u00e1nk\u016f v\u011bnuj\u00edc\u00edch se t\u00e9to problematice. Ob\u010das se mo\u017en\u00e1 zastyd\u00edte, \u017ee k\u00a0ni\u010den\u00ed \u017eivota a \u017eivotn\u00edch podm\u00ednek na planet\u011b Zemi p\u0159isp\u00edv\u00e1te i vy. Sv\u00fdm spalovac\u00edm motorem. Ale m\u00e1te se vlastn\u011b za co styd\u011bt?","og_url":"https:\/\/www.mzone.cz\/en\/nicime-nasimi-auty-planetu-emise-spalovaciho-motoru-nejsou-cernobyl\/","og_site_name":"Mzone","article_publisher":"https:\/\/www.facebook.com\/MzoneCZ\/","article_published_time":"2019-11-11T04:00:54+00:00","og_image":[{"width":2000,"height":1333,"url":"https:\/\/www.mzone.cz\/wp-content\/uploads\/2019\/10\/Depositphotos_54059313_l-2015.jpg","type":"image\/jpeg"}],"author":"Mzone","twitter_card":"summary_large_image","twitter_misc":{"Written by":"Mzone","Est. reading time":"4 minutes"},"schema":{"@context":"https:\/\/schema.org","@graph":[{"@type":"Article","@id":"https:\/\/www.mzone.cz\/nicime-nasimi-auty-planetu-emise-spalovaciho-motoru-nejsou-cernobyl\/#article","isPartOf":{"@id":"https:\/\/www.mzone.cz\/nicime-nasimi-auty-planetu-emise-spalovaciho-motoru-nejsou-cernobyl\/"},"author":{"name":"Mzone","@id":"https:\/\/www.mzone.cz\/#\/schema\/person\/9bc20cc422a99cac4af6ff9297da32d4"},"headline":"Ni\u010d\u00edme na\u0161imi auty planetu? Emise spalovac\u00edho motoru nejsou \u010cernobyl!","datePublished":"2019-11-11T04:00:54+00:00","mainEntityOfPage":{"@id":"https:\/\/www.mzone.cz\/nicime-nasimi-auty-planetu-emise-spalovaciho-motoru-nejsou-cernobyl\/"},"wordCount":752,"commentCount":0,"image":{"@id":"https:\/\/www.mzone.cz\/nicime-nasimi-auty-planetu-emise-spalovaciho-motoru-nejsou-cernobyl\/#primaryimage"},"thumbnailUrl":"https:\/\/www.mzone.cz\/wp-content\/uploads\/2019\/10\/Depositphotos_54059313_l-2015.jpg","keywords":["auta","Auto","auto-moto","automobily","bez obalu","ekologie","elektromobilita","elektromobily","emise","planeta","spalovac\u00ed motor","splodiny","Zem\u011b","\u017eivotn\u00ed prost\u0159ed\u00ed"],"articleSection":["Auto-moto","Bez obalu"],"inLanguage":"en-US","potentialAction":[{"@type":"CommentAction","name":"Comment","target":["https:\/\/www.mzone.cz\/nicime-nasimi-auty-planetu-emise-spalovaciho-motoru-nejsou-cernobyl\/#respond"]}]},{"@type":"WebPage","@id":"https:\/\/www.mzone.cz\/nicime-nasimi-auty-planetu-emise-spalovaciho-motoru-nejsou-cernobyl\/","url":"https:\/\/www.mzone.cz\/nicime-nasimi-auty-planetu-emise-spalovaciho-motoru-nejsou-cernobyl\/","name":"Ni\u010d\u00edme na\u0161imi auty planetu? Emise spalovac\u00edho motoru nejsou \u010cernobyl! - Mzone","isPartOf":{"@id":"https:\/\/www.mzone.cz\/#website"},"primaryImageOfPage":{"@id":"https:\/\/www.mzone.cz\/nicime-nasimi-auty-planetu-emise-spalovaciho-motoru-nejsou-cernobyl\/#primaryimage"},"image":{"@id":"https:\/\/www.mzone.cz\/nicime-nasimi-auty-planetu-emise-spalovaciho-motoru-nejsou-cernobyl\/#primaryimage"},"thumbnailUrl":"https:\/\/www.mzone.cz\/wp-content\/uploads\/2019\/10\/Depositphotos_54059313_l-2015.jpg","datePublished":"2019-11-11T04:00:54+00:00","author":{"@id":"https:\/\/www.mzone.cz\/#\/schema\/person\/9bc20cc422a99cac4af6ff9297da32d4"},"description":"Klimatick\u00e9 zm\u011bny bezpochyby pro\u017e\u00edv\u00e1me. To u\u017e je snad jasn\u00e9 i V\u00e1clavu Klausovi star\u0161\u00edmu. Ka\u017ed\u00fd den si m\u016f\u017eeme p\u0159e\u010d\u00edst \u0159adu nov\u00fdch \u010dl\u00e1nk\u016f v\u011bnuj\u00edc\u00edch se t\u00e9to problematice. Ob\u010das se mo\u017en\u00e1 zastyd\u00edte, \u017ee k\u00a0ni\u010den\u00ed \u017eivota a \u017eivotn\u00edch podm\u00ednek na planet\u011b Zemi p\u0159isp\u00edv\u00e1te i vy. Sv\u00fdm spalovac\u00edm motorem. Ale m\u00e1te se vlastn\u011b za co styd\u011bt?","breadcrumb":{"@id":"https:\/\/www.mzone.cz\/nicime-nasimi-auty-planetu-emise-spalovaciho-motoru-nejsou-cernobyl\/#breadcrumb"},"inLanguage":"en-US","potentialAction":[{"@type":"ReadAction","target":["https:\/\/www.mzone.cz\/nicime-nasimi-auty-planetu-emise-spalovaciho-motoru-nejsou-cernobyl\/"]}]},{"@type":"ImageObject","inLanguage":"en-US","@id":"https:\/\/www.mzone.cz\/nicime-nasimi-auty-planetu-emise-spalovaciho-motoru-nejsou-cernobyl\/#primaryimage","url":"https:\/\/www.mzone.cz\/wp-content\/uploads\/2019\/10\/Depositphotos_54059313_l-2015.jpg","contentUrl":"https:\/\/www.mzone.cz\/wp-content\/uploads\/2019\/10\/Depositphotos_54059313_l-2015.jpg","width":2000,"height":1333},{"@type":"BreadcrumbList","@id":"https:\/\/www.mzone.cz\/nicime-nasimi-auty-planetu-emise-spalovaciho-motoru-nejsou-cernobyl\/#breadcrumb","itemListElement":[{"@type":"ListItem","position":1,"name":"Dom\u016f","item":"https:\/\/www.mzone.cz\/"},{"@type":"ListItem","position":2,"name":"Ni\u010d\u00edme na\u0161imi auty planetu? Emise spalovac\u00edho motoru nejsou \u010cernobyl!"}]},{"@type":"WebSite","@id":"https:\/\/www.mzone.cz\/#website","url":"https:\/\/www.mzone.cz\/","name":"Mzone","description":"Magaz\u00edn nejen pro mu\u017ee","potentialAction":[{"@type":"SearchAction","target":{"@type":"EntryPoint","urlTemplate":"https:\/\/www.mzone.cz\/?s={search_term_string}"},"query-input":{"@type":"PropertyValueSpecification","valueRequired":true,"valueName":"search_term_string"}}],"inLanguage":"en-US"},{"@type":"Person","@id":"https:\/\/www.mzone.cz\/#\/schema\/person\/9bc20cc422a99cac4af6ff9297da32d4","name":"Mzone","image":{"@type":"ImageObject","inLanguage":"en-US","@id":"https:\/\/secure.gravatar.com\/avatar\/e780a8630f3182a3d06dd667ab6bea151a0d155b0951bc15fe22633acdac0676?s=96&d=mm&r=g","url":"https:\/\/secure.gravatar.com\/avatar\/e780a8630f3182a3d06dd667ab6bea151a0d155b0951bc15fe22633acdac0676?s=96&d=mm&r=g","contentUrl":"https:\/\/secure.gravatar.com\/avatar\/e780a8630f3182a3d06dd667ab6bea151a0d155b0951bc15fe22633acdac0676?s=96&d=mm&r=g","caption":"Mzone"},"url":"https:\/\/www.mzone.cz\/en\/author\/jakub\/"}]}},"_links":{"self":[{"href":"https:\/\/www.mzone.cz\/en\/wp-json\/wp\/v2\/posts\/11661","targetHints":{"allow":["GET"]}}],"collection":[{"href":"https:\/\/www.mzone.cz\/en\/wp-json\/wp\/v2\/posts"}],"about":[{"href":"https:\/\/www.mzone.cz\/en\/wp-json\/wp\/v2\/types\/post"}],"author":[{"embeddable":true,"href":"https:\/\/www.mzone.cz\/en\/wp-json\/wp\/v2\/users\/4"}],"replies":[{"embeddable":true,"href":"https:\/\/www.mzone.cz\/en\/wp-json\/wp\/v2\/comments?post=11661"}],"version-history":[{"count":12,"href":"https:\/\/www.mzone.cz\/en\/wp-json\/wp\/v2\/posts\/11661\/revisions"}],"predecessor-version":[{"id":11701,"href":"https:\/\/www.mzone.cz\/en\/wp-json\/wp\/v2\/posts\/11661\/revisions\/11701"}],"wp:featuredmedia":[{"embeddable":true,"href":"https:\/\/www.mzone.cz\/en\/wp-json\/wp\/v2\/media\/11663"}],"wp:attachment":[{"href":"https:\/\/www.mzone.cz\/en\/wp-json\/wp\/v2\/media?parent=11661"}],"wp:term":[{"taxonomy":"category","embeddable":true,"href":"https:\/\/www.mzone.cz\/en\/wp-json\/wp\/v2\/categories?post=11661"},{"taxonomy":"post_tag","embeddable":true,"href":"https:\/\/www.mzone.cz\/en\/wp-json\/wp\/v2\/tags?post=11661"}],"curies":[{"name":"wp","href":"https:\/\/api.w.org\/{rel}","templated":true}]}}