{"id":11960,"date":"2025-08-08T16:00:30","date_gmt":"2025-08-08T14:00:30","guid":{"rendered":"https:\/\/www.mzone.cz\/?p=11960"},"modified":"2025-08-08T16:38:25","modified_gmt":"2025-08-08T14:38:25","slug":"jak-by-vypadal-svet-kdyby-nacisticke-nemecko-vyhralo-druhou-svetovou-valku","status":"publish","type":"post","link":"https:\/\/www.mzone.cz\/en\/jak-by-vypadal-svet-kdyby-nacisticke-nemecko-vyhralo-druhou-svetovou-valku\/","title":{"rendered":"Jak by vypadal sv\u011bt, kdyby nacistick\u00e9 N\u011bmecko vyhr\u00e1lo druhou sv\u011btovou v\u00e1lku?"},"content":{"rendered":"<p><strong>Spojenci na Bl\u00edzk\u00e9m v\u00fdchod\u011b byli pora\u017eeni, arm\u00e1dy Osy vstupuj\u00ed do dalek\u00e9 Indie a sv\u011bt se za\u010d\u00edn\u00e1 m\u011bnit podle Hitlerov\u00fdch p\u0159edstav. Pod\u00edvejme se bl\u00ed\u017ee na mimo\u0159\u00e1dn\u011b zaj\u00edmav\u00e9 t\u00e9ma z ned\u00e1vn\u00e9 historie.<\/strong><\/p><br>\n\n\n\n<p>Nen\u00ed zn\u00e1m\u011bj\u0161\u00edho, rozs\u00e1hlej\u0161\u00edho \u010di d\u011bsiv\u011bj\u0161\u00edho konfliktu, ne\u017e jak\u00fdm byla druh\u00e1 sv\u011btov\u00e1 v\u00e1lka. M\u00e1me o n\u00ed k dispozici des\u00edtky dokument\u016f, film\u016f, knih \u010di dal\u0161\u00edch materi\u00e1l\u016f poukazuj\u00edc\u00edch na hr\u016fzy v\u00e1lky, kter\u00e1 paralyzovala evropsk\u00fd kontinent na dlouh\u00e1 l\u00e9ta a zanechala za sebou velkou stopu. Za ofici\u00e1ln\u00ed za\u010d\u00e1tek konfliktu se ale pova\u017euje \u00fatok na Polsko z 1. z\u00e1\u0159\u00ed roku 1939, kdy na jeho \u00fazem\u00ed vtrhla nejen vojska Wehrmachtu, ale i jejich tehdej\u0161\u00edch &#8220;koleg\u016f&#8221; ze Sov\u011btsk\u00e9ho svazu.<\/p><br>\n\n\n\n<p>V prvn\u00edm roce si N\u011bmecko za\u010dalo podrobovat Evropu a Afriku a n\u00e1sledn\u011b se obr\u00e1til proti sv\u00e9mu nejv\u011bt\u0161\u00edmu spojenci. 22. \u010dervna 1941 se 150 n\u011bmeck\u00fdch diviz\u00ed za podpory des\u00edtek po zuby vyzbrojen\u00fdch odd\u00edl\u016f od satelit\u016f vrhlo sm\u011brem do srdce Sov\u011btsk\u00e9ho svazu s c\u00edlem obsadit t\u0159i velk\u00e1 m\u011bsta (Leningrad, Moskvu a Stalingrad) a dostat se k ropn\u00fdm pol\u00edm na Kavkaze.<\/p>\n\n\n\n<blockquote class=\"wp-block-quote is-layout-flow wp-block-quote-is-layout-flow\"><p>N\u011bmc\u016fm se v postupu zpo\u010d\u00e1tku da\u0159ilo. Kdy\u017e u\u017e v\u0161ak Wehrmacht po n\u011bkolika m\u011bs\u00edc\u00edch boj\u016f za\u010dal stoupat na zasn\u011b\u017een\u00e9 kavkazsk\u00e9 kopce, Leningrad byl v oble\u017een\u00ed a Stalingrad t\u00e9m\u011b\u0159 srovn\u00e1n se zem\u00ed, zdrcen\u00e1 Rud\u00e1 arm\u00e1da se pomalu, ale jist\u011b za\u010d\u00ednala ot\u0159\u00e1sat a p\u0159eb\u00edrat iniciativu.<\/p><\/blockquote>\n\n\n\n<p>A po por\u00e1\u017ece na Volze N\u011bmci a\u017e do konce v\u00e1lky jen stahovali bl\u00ed\u017e a bl\u00ed\u017e k Berl\u00ednu. Aby toho nebylo m\u00e1lo, brzy (1944) se uskute\u010dnila operace Overlord. Jak z historie v\u00edme, postup Rud\u00e9 arm\u00e1dy byl p\u0159\u00edmo nezastaviteln\u00fd a otev\u0159en\u00ed z\u00e1padn\u00ed fronty \u010di por\u00e1\u017eka v Africe a na dal\u0161\u00edch front\u00e1ch znamenala pro T\u0159et\u00ed \u0159\u00ed\u0161i definitivn\u00ed por\u00e1\u017eku. <strong>Nicm\u00e9n\u011b, jak by to vypadalo, kdyby N\u011bmci a jejich spojenci zvl\u00e1dli kl\u00ed\u010dov\u00e9 st\u0159ety?<\/strong> Pod\u00edvejme se na to podrobn\u011bji.<\/p>\n\n\n\n<p>A sta\u010dilo by m\u00e1lo, kdyby Rommel, kter\u00fd se se sv\u00fdmi mu\u017ei z Afrika Korps vydal na \u010dern\u00fd kontinent, aby zabr\u00e1nil por\u00e1\u017ece sv\u00fdch italsk\u00fdch spojenc\u016f, vyhr\u00e1l dv\u011b bitvy. Po po\u010d\u00e1te\u010dn\u00edm postupu se dostal hloub\u011bji do egyptsk\u00e9ho \u00fazem\u00ed, kde nar\u00e1\u017eel na siln\u00fd britsk\u00fd odpor. Ke zlomu v cel\u00e9m ta\u017een\u00ed p\u0159i\u0161lo u m\u011bsta Al-Alamejn, kde se odehr\u00e1ly dv\u011b mimo\u0159\u00e1dn\u011b d\u016fle\u017eit\u00e9 bitvy. Jde o prvn\u00ed a druhou bitvu u Al-Alamejnu, kter\u00e9 Rommel prohr\u00e1l. Nicm\u00e9n\u011b, co by se d\u011blo, kdyby tu zv\u00edt\u011bzil a \u00fasp\u011b\u0161n\u011b by v ofenziv\u011b pokra\u010doval a\u017e do t\u00e9 doby, ne\u017e by obsadil strategicky mimo\u0159\u00e1dn\u011b d\u016fle\u017eit\u00fd Suezsk\u00fd pr\u016fplav?<\/p><br>\n\n\n\n<div class=\"wp-block-image\"><figure class=\"alignleft is-resized\"><img loading=\"lazy\" decoding=\"async\" src=\"https:\/\/www.mzone.cz\/wp-content\/uploads\/2018\/01\/Sturmabteilung-SA.png\" alt=\"Adolf Hitler\" class=\"wp-image-470\" width=\"134\" height=\"84\" srcset=\"https:\/\/www.mzone.cz\/wp-content\/uploads\/2018\/01\/Sturmabteilung-SA.png 1006w, https:\/\/www.mzone.cz\/wp-content\/uploads\/2018\/01\/Sturmabteilung-SA-300x190.png 300w, https:\/\/www.mzone.cz\/wp-content\/uploads\/2018\/01\/Sturmabteilung-SA-768x487.png 768w, https:\/\/www.mzone.cz\/wp-content\/uploads\/2018\/01\/Sturmabteilung-SA-590x374.png 590w\" sizes=\"auto, (max-width: 134px) 100vw, 134px\" \/><\/figure><\/div>\n\n\n\n<h4><a href=\"https:\/\/www.mzone.cz\/jednotky-sa-teror-musi-byt-zlomen-zase-jen-terorem\/\">Jednotky SA \u2013 \u201eTeror mus\u00ed b\u00fdt zlomen zase jen terorem\u201c<\/a><\/h4><br><br>\n\n\n\n<p>Podle mnoha expert\u016f by vypadalo n\u00e1sleduj\u00edc\u00ed d\u011bn\u00ed takto &#8211; Britov\u00e9 by museli st\u00e1hnout sv\u00e9 lo\u010fstvo do Rud\u00e9ho mo\u0159e, proto\u017ee by nedok\u00e1zali b\u00fdt nad\u00e1le z\u00e1sobov\u00e1ni a brzy by byli rozdrceni n\u011bmeck\u00fdmi a italsk\u00fdmi divizemi. Po sta\u017een\u00ed do Rud\u00e9ho mo\u0159e by se Ose otev\u0159ela cesta na Bl\u00edzk\u00fd v\u00fdchod, kde ji\u017e spojenci nem\u011bli vojensk\u00e9 jednotky.<\/p>\n\n\n\n<blockquote class=\"wp-block-quote is-layout-flow wp-block-quote-is-layout-flow\"><p>N\u011bmci by s minim\u00e1ln\u00edm \u00fasil\u00edm z\u00edskali pod svou kontrolu S\u00fdrii, okoln\u00ed st\u00e1ty v\u010detn\u011b Ir\u00e1ku a \u00cdr\u00e1nu, kde se nach\u00e1zela (a st\u00e1le nach\u00e1zej\u00ed) p\u0159\u00edmo \u017eivotn\u011b d\u016fle\u017eit\u00e1 ropn\u00e1 pole, kter\u00e1 Hitler prost\u011b pot\u0159eboval obsadit.<\/p><\/blockquote>\n\n\n\n<p>Turecku by t\u00edm p\u00e1dem nezbylo na v\u00fdb\u011br, ne\u017e se p\u0159idat k Ose, nebo b\u00fdt pora\u017eeno. Pokud by vojska Osy z\u00edskala cestu p\u0159es Bospor, ihned by klesl v\u00fdznam Malty a Gibraltaru. N\u00e1sledn\u011b by \u0160pan\u011blsko s nejvy\u0161\u0161\u00ed pravd\u011bpodobnost\u00ed uvolnilo N\u011bmc\u016fm cestu ke zm\u00edn\u011bn\u00e9mu Gibraltaru, proto\u017ee by se b\u00e1lo p\u0159\u00edm\u00e9 n\u011bmeck\u00e9 invaze do srdce jejich zem\u011b.<\/p><br>\n\n\n\n<figure class=\"wp-block-image\"><img loading=\"lazy\" decoding=\"async\" width=\"1024\" height=\"684\" src=\"https:\/\/www.mzone.cz\/wp-content\/uploads\/2019\/08\/rarehistoricalphotos.com-1-1024x684.jpg\" alt=\"\" class=\"wp-image-11961\" srcset=\"https:\/\/www.mzone.cz\/wp-content\/uploads\/2019\/08\/rarehistoricalphotos.com-1-1024x684.jpg 1024w, https:\/\/www.mzone.cz\/wp-content\/uploads\/2019\/08\/rarehistoricalphotos.com-1-300x200.jpg 300w, https:\/\/www.mzone.cz\/wp-content\/uploads\/2019\/08\/rarehistoricalphotos.com-1-768x513.jpg 768w, https:\/\/www.mzone.cz\/wp-content\/uploads\/2019\/08\/rarehistoricalphotos.com-1-800x533.jpg 800w, https:\/\/www.mzone.cz\/wp-content\/uploads\/2019\/08\/rarehistoricalphotos.com-1-400x267.jpg 400w, https:\/\/www.mzone.cz\/wp-content\/uploads\/2019\/08\/rarehistoricalphotos.com-1-500x333.jpg 500w, https:\/\/www.mzone.cz\/wp-content\/uploads\/2019\/08\/rarehistoricalphotos.com-1-1170x780.jpg 1170w, https:\/\/www.mzone.cz\/wp-content\/uploads\/2019\/08\/rarehistoricalphotos.com-1-590x394.jpg 590w, https:\/\/www.mzone.cz\/wp-content\/uploads\/2019\/08\/rarehistoricalphotos.com-1.jpg 1400w\" sizes=\"auto, (max-width: 1024px) 100vw, 1024px\" \/><\/figure><br>\n\n\n\n<p>D\u00edky \u00fapln\u00e9 kontrole St\u0159edomo\u0159\u00ed by Osa z\u00edskala v druh\u00e9 sv\u011btov\u00e9 v\u00e1lce obrovskou v\u00fdhodu. V\u00fdrazn\u011b by eliminovali britskou hrozbu a d\u00edky obsazen\u00ed \u00cdr\u00e1nu by zablokovali spojeneck\u00e9 z\u00e1sobovac\u00ed trasy pro Sov\u011btsk\u00fd svaz. Pr\u00e1v\u011b pro n\u011bj by \u0161lo o mimo\u0159\u00e1dn\u011b nep\u0159\u00edznivou situaci, proto\u017ee hlavn\u00ed sov\u011btsk\u00e9 ropn\u00e9 z\u00e1soby poch\u00e1zely z oblasti Kavkazu.<\/p><br>\n\n\n\n<p>K jejich sm\u016fle u\u017e N\u011bmci pomali\u010dku lezli do vysok\u00fdch kavkazsk\u00fdch kopc\u016f ze severu a brzy by se p\u0159i\u0159\u00edtili i z nechr\u00e1n\u011bn\u00e9ho jihu sm\u011brem od Bl\u00edzk\u00e9ho v\u00fdchodu. Po ztr\u00e1t\u011b t\u011bchto ropn\u00fdch pol\u00ed by se Sov\u011btsk\u00fd svaz ocitl na hran\u011b \u017eivota a smrti. Snadno se mohlo st\u00e1t, \u017ee by se Stalin poddal Hitlerovi a z donucen\u00ed by museli N\u011bmecku pos\u00edlat skrz Transsibi\u0159skou magistr\u00e1lu d\u016fle\u017eit\u00e9 suroviny nebo by d\u0159\u00edve \u010di pozd\u011bji musela ustoupit sov\u011btsk\u00e1 vojska a\u017e za Ural.<\/p>\n\n\n\n<blockquote class=\"wp-block-quote is-layout-flow wp-block-quote-is-layout-flow\"><p>N\u00e1sledn\u011b by se naskytla mo\u017enost intervence do Indie skrz Chajbarsk\u00fd pr\u016fsmyk spojuj\u00edc\u00ed Afgh\u00e1nist\u00e1n s Indi\u00ed, podobn\u011b jako to ud\u011blal Alexandr Velik\u00fd v roce 326 p\u0159ed na\u0161\u00edm letopo\u010dtem.<\/p><\/blockquote>\n\n\n\n<p>Velk\u00e1 Brit\u00e1nie by byla zcela paralyzov\u00e1na a zmohla by se akor\u00e1t na br\u00e1n\u011bn\u00ed Britsk\u00fdch ostrov\u016f, nato\u017e na n\u011bjakou ofenz\u00edvu na kontinent (operace Overlord by se neuskute\u010dnila a neotev\u0159ela by se druh\u00e1 fronta). V p\u0159\u00edpad\u011b, \u017ee by se n\u011bmeck\u00e9mu lo\u010fstvu poda\u0159ilo v\u00fdrazn\u011b zablokovat z\u00e1sobovac\u00ed trasy p\u0159es Atlantsk\u00fd oce\u00e1n sm\u011b\u0159uj\u00edc\u00ed od Spojen\u00fdch st\u00e1t\u016f americk\u00fdch do Brit\u00e1nie, por\u00e1\u017eka Lond\u00fdna by byla jen ot\u00e1zkou \u010dasu. Av\u0161ak kontrola tak velk\u00e9ho \u00fazem\u00ed by byla velmi n\u00e1ro\u010dn\u00e1, a proto by se postupn\u011b za\u010daly uplat\u0148ovat Hitlerovy vize o uspo\u0159\u00e1d\u00e1n\u00ed sv\u011bta, o kter\u00fdch si prozrad\u00edme bli\u017e\u0161\u00ed informace v n\u00e1sleduj\u00edc\u00edch odstavc\u00edch.<\/p><br>\n\n\n\n<div class=\"wp-block-image\"><figure class=\"alignleft is-resized\"><img loading=\"lazy\" decoding=\"async\" src=\"https:\/\/www.mzone.cz\/wp-content\/uploads\/2019\/06\/auschwitz-tl-1024x683.jpg\" alt=\"\" class=\"wp-image-7196\" width=\"152\" height=\"100\" srcset=\"https:\/\/www.mzone.cz\/wp-content\/uploads\/2019\/06\/auschwitz-tl-1024x683.jpg 1024w, https:\/\/www.mzone.cz\/wp-content\/uploads\/2019\/06\/auschwitz-tl-300x200.jpg 300w, https:\/\/www.mzone.cz\/wp-content\/uploads\/2019\/06\/auschwitz-tl-768x512.jpg 768w, https:\/\/www.mzone.cz\/wp-content\/uploads\/2019\/06\/auschwitz-tl-800x533.jpg 800w, https:\/\/www.mzone.cz\/wp-content\/uploads\/2019\/06\/auschwitz-tl-400x267.jpg 400w, https:\/\/www.mzone.cz\/wp-content\/uploads\/2019\/06\/auschwitz-tl-500x333.jpg 500w, https:\/\/www.mzone.cz\/wp-content\/uploads\/2019\/06\/auschwitz-tl-1170x780.jpg 1170w, https:\/\/www.mzone.cz\/wp-content\/uploads\/2019\/06\/auschwitz-tl-590x393.jpg 590w, https:\/\/www.mzone.cz\/wp-content\/uploads\/2019\/06\/auschwitz-tl.jpg 1200w\" sizes=\"auto, (max-width: 152px) 100vw, 152px\" \/><\/figure><\/div>\n\n\n\n<h4><a href=\"https:\/\/www.mzone.cz\/tragicky-osud-terezinskeho-rodinneho-tabora-nejvetsi-hromadna-vrazda-cechu-v-dejinach\/\">Tragick\u00fd osud Terez\u00ednsk\u00e9ho rodinn\u00e9ho t\u00e1bora: Nejv\u011bt\u0161\u00ed hromadn\u00e1 vra\u017eda \u010cech\u016f v d\u011bjin\u00e1ch<\/a><\/h4><br><br>\n\n\n\n<p>Po p\u00e1du bol\u0161evick\u00e9 hrozby a vzty\u010den\u00ed vlajky s h\u00e1kov\u00fdm k\u0159\u00ed\u017eem nad posledn\u00ed ba\u0161tou nep\u0159\u00edtele by se pravd\u011bpodobn\u011b za\u010dalo s napl\u0148ov\u00e1n\u00edm Generalplan Ost (Hlavn\u00ed pl\u00e1n pro V\u00fdchod), tajn\u00e9 koncepce Heinricha Himmlera o os\u00eddlov\u00e1n\u00ed Evropy germ\u00e1nskou rasou. Tato n\u00e1siln\u00e1 kolonizace m\u011bla v\u00e9st k vys\u00eddlen\u00ed \u201epodlid\u00ed\u201c za Ural a masov\u00e9 genocid\u011b 50 milion\u016f lid\u00ed, p\u0159edev\u0161\u00edm Rus\u016f, Pol\u00e1k\u016f, B\u011blorus\u016f, \u010cech\u016f, Ukrajinc\u016f a p\u0159\u00edslu\u0161n\u00edk\u016f pobaltsk\u00fdch n\u00e1rod\u016f.<\/p><br>\n\n\n\n<figure class=\"wp-block-image\"><img loading=\"lazy\" decoding=\"async\" width=\"603\" height=\"375\" src=\"https:\/\/www.mzone.cz\/wp-content\/uploads\/2019\/08\/rarehistoricalphotos.com-4.jpg\" alt=\"\" class=\"wp-image-11964\" srcset=\"https:\/\/www.mzone.cz\/wp-content\/uploads\/2019\/08\/rarehistoricalphotos.com-4.jpg 603w, https:\/\/www.mzone.cz\/wp-content\/uploads\/2019\/08\/rarehistoricalphotos.com-4-300x187.jpg 300w, https:\/\/www.mzone.cz\/wp-content\/uploads\/2019\/08\/rarehistoricalphotos.com-4-590x367.jpg 590w\" sizes=\"auto, (max-width: 603px) 100vw, 603px\" \/><\/figure><br>\n\n\n\n<p>S p\u0159e\u017eiv\u0161\u00edmi Slovany se n\u00e1sledn\u011b po\u010d\u00edtalo jako se \u017eivo\u0159\u00edc\u00edmi otroky, kte\u0159\u00ed m\u011bli v \u201en\u011bmeck\u00e9m \u017eivotn\u00edm prostoru\u201c sehr\u00e1t roli levn\u00e9 pracovn\u00ed s\u00edly, p\u0159i\u010dem\u017e by jim podle z\u00e1kona bylo zak\u00e1z\u00e1no plodit d\u011bti, co\u017e m\u011blo v\u00e9st k jejich postupn\u00e9mu a \u201ep\u0159irozen\u00e9mu vyhynut\u00ed\u201c. U \u010d\u00e1sti takzvan\u011b \u201erasov\u011b vhodn\u00fdch\u201c m\u011blo doj\u00edt naopak k jejich pon\u011bm\u010den\u00ed. Kone\u010dn\u00e1 verze tohoto pl\u00e1nu byla rozd\u011blena na dv\u011b \u010d\u00e1sti: Kleine Planung &#8211; mal\u00fd pl\u00e1n, jeho\u017e akce se uskute\u010d\u0148ovaly u\u017e b\u011bhem v\u00e1lky &#8211; v nejv\u011bt\u0161\u00ed m\u00ed\u0159e v Polsku, kde bylo b\u011bhem operace Tannenberg popraveno p\u0159es 20 000 p\u0159\u00edslu\u0161n\u00edk\u016f polsk\u00e9 elity (aktivist\u00e9, vzd\u011blanci, studenti, herci \u010di \u00fa\u0159edn\u00edci).<\/p>\n\n\n\n<blockquote class=\"wp-block-quote is-layout-flow wp-block-quote-is-layout-flow\"><p>Tyto \u010diny vedly v roce 1941 k rozhodnut\u00ed, \u017ee polsk\u00fd n\u00e1rod je t\u0159eba zcela vyhladit, po masov\u00fdch \u010distk\u00e1ch m\u011blo z\u016fstat na polsk\u00e9m \u00fazem\u00ed 3-4 milion\u016f lid\u00ed, kte\u0159\u00ed m\u011bli slou\u017eit n\u011bmeck\u00fdm kolonist\u016fm jako otroci.<\/p><\/blockquote>\n\n\n\n<p>Podobn\u00e1 budoucnost m\u011bla postihnout i ostatn\u00ed n\u00e1rody, a to pr\u00e1v\u011b v druh\u00e9 verzi pl\u00e1nu &#8211; Grosse Planung, kter\u00fd m\u011bl b\u00fdt uskute\u010dn\u011bn po kone\u010dn\u00e9m v\u00edt\u011bzstv\u00ed v \u010dasov\u00e9m horizontu 30 let.<\/p><br>\n\n\n\n<p>\u00dasp\u011b\u0161n\u00e9 v\u00edt\u011bzstv\u00ed na v\u00fdchod\u011b a nastolen\u00ed protektor\u00e1tn\u00edch \u010di loutkov\u00fdch vl\u00e1d by pravd\u011bpodobn\u011b znamenalo je\u0161t\u011b tvrd\u0161\u00ed nacizaci spole\u010dnosti. Na dobyt\u00fdch \u00fazem\u00edch se m\u011bla podle nacist\u016f uplat\u0148ovat politika Gleischaltnug, jej\u00edm\u017e c\u00edlem byla \u00fapln\u00e1 integrace kultury, n\u00e1bo\u017eenstv\u00ed a um\u011bn\u00ed do st\u00e1tn\u00ed ideologick\u00e9 ma\u0161in\u00e9rie. Nov\u011b kulturn\u00ed komory by po vzoru N\u011bmecka chr\u00e1nily p\u00e1len\u00edm knih \u010di ve\u0159ejn\u00fdm zesm\u011b\u0161\u0148ov\u00e1n\u00edm \u201ezdegenerovan\u00e9ho um\u011bn\u00ed\u201c svou (germ\u00e1nskou) kulturu p\u0159ed \u017eidovsk\u00fdm a liber\u00e1ln\u00edm vlivem.<\/p><br>\n\n\n\n<div class=\"wp-block-image\"><figure class=\"alignleft is-resized\"><img loading=\"lazy\" decoding=\"async\" src=\"https:\/\/www.mzone.cz\/wp-content\/uploads\/2019\/01\/Lahti_L-35-3-1024x682.jpg\" alt=\"\" class=\"wp-image-3377\" width=\"129\" height=\"86\" srcset=\"https:\/\/www.mzone.cz\/wp-content\/uploads\/2019\/01\/Lahti_L-35-3-1024x682.jpg 1024w, https:\/\/www.mzone.cz\/wp-content\/uploads\/2019\/01\/Lahti_L-35-3-300x200.jpg 300w, https:\/\/www.mzone.cz\/wp-content\/uploads\/2019\/01\/Lahti_L-35-3-768x512.jpg 768w, https:\/\/www.mzone.cz\/wp-content\/uploads\/2019\/01\/Lahti_L-35-3-800x533.jpg 800w, https:\/\/www.mzone.cz\/wp-content\/uploads\/2019\/01\/Lahti_L-35-3-400x267.jpg 400w, https:\/\/www.mzone.cz\/wp-content\/uploads\/2019\/01\/Lahti_L-35-3-500x333.jpg 500w, https:\/\/www.mzone.cz\/wp-content\/uploads\/2019\/01\/Lahti_L-35-3-1170x780.jpg 1170w, https:\/\/www.mzone.cz\/wp-content\/uploads\/2019\/01\/Lahti_L-35-3-590x393.jpg 590w, https:\/\/www.mzone.cz\/wp-content\/uploads\/2019\/01\/Lahti_L-35-3.jpg 1550w\" sizes=\"auto, (max-width: 129px) 100vw, 129px\" \/><\/figure><\/div>\n\n\n\n<h4><a href=\"https:\/\/www.mzone.cz\/nejen-pusky-a-kulomety-tohle-jsou-pistole-2-svetove-valky\/\">Nejen pu\u0161ky a kulomety! Tohle jsou pistole 2. sv\u011btov\u00e9 v\u00e1lky<\/a><\/h4><br><br>\n\n\n\n<p>Ter\u010dem nacistick\u00e9 nen\u00e1visti se stal p\u0159edev\u0161\u00edm jazz, jeliko\u017e se pova\u017eoval za zdegenerovanou hudbu Ameri\u010dan\u016f a \u010dernoch\u016f. Nerovnosti a vyu\u017e\u00edv\u00e1n\u00ed lidsk\u00fdch v\u00e1\u0161n\u00ed nem\u011bly uniknout ani filmy, ty u\u017e b\u011bhem Hitlerovy vl\u00e1dy zd\u016fraz\u0148ovaly ctnosti nacistick\u00e9 strany, glorifikovaly krvav\u00e9 boje a poukazovaly na m\u00e9n\u011bcenn\u00e9 n\u00e1rody. Svobodn\u00e1 tvo\u0159ivost by tak za vl\u00e1dy nacist\u016f byla nahrazena konformitou a cenzurou, um\u011bn\u00ed by p\u0159estalo b\u00fdt v\u00fdrazem individu\u00e1ln\u00ed svobody a prakticky by splynulo s propagandou, kter\u00e1 se stylem i formou velmi p\u0159ibli\u017eovala sov\u011btsk\u00e9mu ofici\u00e1ln\u00edmu um\u011bn\u00ed.<\/p>\n\n\n\n<blockquote class=\"wp-block-quote is-layout-flow wp-block-quote-is-layout-flow\"><p>Po bleskov\u00e9m a drtiv\u00e9m v\u00edt\u011bzstv\u00ed byla v pl\u00e1nu nacist\u016f i v\u00fdstavba nov\u00e9ho hlavn\u00edho m\u011bsta \u0159\u00ed\u0161e &#8211; Germanie, v jeho\u017e centru m\u011bla vyr\u016fst S\u00ed\u0148 n\u00e1roda, nejv\u011bt\u0161\u00ed kryt\u00fd prostor na sv\u011bt\u011b &#8211; 16kr\u00e1t v\u011bt\u0161\u00ed, ne\u017e Bazilika sv. Petra ve Vatik\u00e1nu. V\u00fd\u0161ka budovy m\u011bla b\u00fdt 290 metr\u016f a m\u011bla pojmout p\u0159es 180 000 lid\u00ed.<\/p><\/blockquote>\n\n\n\n<p>Na vrcholu megalomansk\u00e9 stavby m\u011bla podle pl\u00e1n\u016f st\u00e1t gigantick\u00e1 socha n\u011bmeck\u00e9 orlice, sv\u00edraj\u00edc\u00ed ve sv\u00fdch sp\u00e1rech planetu Zemi. \u201eM\u00edsto uct\u00edv\u00e1n\u00ed Hitlera\u201c by se nach\u00e1zelo p\u0159ed nov\u011b vybudovan\u00fdm n\u00e1m\u011bst\u00edm, na kter\u00e9m by se mohlo v p\u0159\u00edpad\u011b pot\u0159eby shrom\u00e1\u017edit milion lid\u00ed.<\/p><br>\n\n\n\n<p>Nedaleko m\u011bl vyr\u016fst i monument\u00e1ln\u00ed v\u00edt\u011bzn\u00fd oblouk (dvakr\u00e1t v\u011bt\u0161\u00ed ne\u017e ten v Pa\u0159\u00ed\u017ei), na n\u011bm m\u011bla b\u00fdt vytes\u00e1na v\u0161echna jm\u00e9na (1,8 milionu) padl\u00fdch n\u011bmeck\u00fdch voj\u00e1k\u016f v prvn\u00ed sv\u011btov\u00e9 v\u00e1lce. Sou\u010d\u00e1st\u00ed pl\u00e1nu byl i nov\u00fd Reichstag, olympijsk\u00fd stadion, univerzitn\u00ed m\u011bste\u010dko, muzea i mno\u017estv\u00ed budov a hrob\u016f p\u0159ipom\u00ednaj\u00edc\u00edch nacistickou ideologii. Samotn\u00fd interi\u00e9r budov m\u011bl b\u00fdt dokonal\u00fdm obrazem nacistick\u00e9 posedlosti moc\u00ed &#8211; obrazy vojensk\u00fdch hrdin\u016f, sochy svalnat\u00fdch mu\u017e\u016f po boku \u00e1rijsk\u00fdch panen, symboly nad\u0159azenosti b\u00edl\u00e9 rasy. I kdy\u017e se z tohoto \u0161\u00edlen\u00e9ho projektu zrealizovalo minimum, st\u00e1l pokus o vytvo\u0159en\u00ed hlavn\u00edho m\u011bsta sv\u011bta mnoho \u017eivot\u016f. Na \u201epomn\u00edku mizantropie\u201c pracovalo v krut\u00fdch podm\u00ednk\u00e1ch v\u00edce ne\u017e 130 000 lid\u00ed, v\u011bt\u0161inou v\u011bzni z t\u00e1bor\u016f \u010di v\u00e1le\u010dn\u00ed zajatci (zejm\u00e9na z \u0159ad Rud\u00e9 arm\u00e1dy).<\/p><br>\n\n\n\n<figure class=\"wp-block-image\"><img loading=\"lazy\" decoding=\"async\" width=\"603\" height=\"375\" src=\"https:\/\/www.mzone.cz\/wp-content\/uploads\/2019\/08\/rarehistoricalphotos.com-2.jpg\" alt=\"\" class=\"wp-image-11962\" srcset=\"https:\/\/www.mzone.cz\/wp-content\/uploads\/2019\/08\/rarehistoricalphotos.com-2.jpg 603w, https:\/\/www.mzone.cz\/wp-content\/uploads\/2019\/08\/rarehistoricalphotos.com-2-300x187.jpg 300w, https:\/\/www.mzone.cz\/wp-content\/uploads\/2019\/08\/rarehistoricalphotos.com-2-590x367.jpg 590w\" sizes=\"auto, (max-width: 603px) 100vw, 603px\" \/><\/figure><br>\n\n\n\n<p>Samotn\u00fd \u017eivot, a\u0165 u\u017e spole\u010densk\u00fd nebo soukrom\u00fd, by byl v Tis\u00edcilet\u00e9 \u0159\u00ed\u0161i nalinkovan\u00fd, st\u00e1t by zasahoval do ka\u017ed\u00e9ho aspektu jedince a sna\u017eil by se o jeho kontrolu, v krut\u00e9m totalitn\u00edm re\u017eimu m\u011bli m\u00edt v\u0161ichni ur\u010deno sv\u00e9 jasn\u00e9 a pevn\u00e9 m\u00edsto. V\u00fdjimkou nebylo ani postaven\u00ed mu\u017ee a \u017eeny v nov\u00e9 spole\u010dnosti. Hitler zast\u00e1val ne\u00fastupn\u00e9 stanovisko spo\u010d\u00edvaj\u00edc\u00ed v tom, \u017ee nejd\u016fle\u017eit\u011bj\u0161\u00ed funkc\u00ed ka\u017ed\u00e9 \u017eeny je reprodukce. Emancipaci a feminismus pova\u017eoval za dal\u0161\u00ed \u00fapadek prohnil\u00e9 parlamentn\u00ed demokracie.<\/p>\n\n\n\n<blockquote class=\"wp-block-quote is-layout-flow wp-block-quote-is-layout-flow\"><p>\u017dena tak p\u0159edstavovala pro T\u0159et\u00ed \u0159\u00ed\u0161i reproduk\u010dn\u00ed jednotku, jej\u00edm\u017e jedin\u00fdm \u00fakolem bylo plodit nov\u00e9 voj\u00e1ky, pom\u00e1haj\u00edc\u00ed Velkon\u011bmeck\u00e9 \u0159\u00ed\u0161i v dosa\u017een\u00ed mocensk\u00fdch c\u00edl\u016f.<\/p><\/blockquote>\n\n\n\n<p>Nacist\u00e9 cht\u011bli tuto absurditu dot\u00e1hnout do nejv\u011bt\u0161\u00edch extr\u00e9m\u016f, c\u00edlem budoucnosti byl toti\u017e chov lid\u00ed, organizace Plamen \u017eivota z\u0159izovala u\u017e b\u011bhem v\u00e1lky speci\u00e1ln\u00ed domovy, do kter\u00fdch byly p\u0159ijaty \u017eeny se stoprocentn\u00edm \u00e1rijsk\u00fdm p\u016fvodem. Jejich n\u00e1sledn\u00fdm c\u00edlem bylo b\u011bhem p\u016fsoben\u00ed v instituc\u00ed zplodit s p\u0159\u00edslu\u0161n\u00edky SS co nejv\u00edce &#8220;dokonal\u00fdch&#8221; d\u011bt\u00ed a ty n\u00e1sledn\u011b pos\u00edlat na adopci.<\/p><br>\n\n\n\n<p>Mu\u017eskou nad\u0159azenost zd\u016fraz\u0148oval ka\u017ed\u00fd prvek nacistick\u00e9 ideologie. Byli to pr\u00e1v\u011b mu\u017ei, kte\u0159\u00ed bojovali za n\u00e1rod se zbran\u011bmi v rukou a br\u00e1nili jeho hodnoty a svobodu. V rodinn\u00e9m \u017eivot\u011b zast\u00e1val otec roli neomezen\u00e9ho a neomyln\u00e9ho v\u016fdce, kter\u00e9mu byli v\u0161ichni \u010dlenov\u00e9 rodiny bezpodm\u00edne\u010dn\u011b pod\u0159\u00edzeni. Otec p\u0159in\u00e1\u0161el dom\u016f ob\u017eivu, matka naopak vytv\u00e1\u0159ela atmosf\u00e9ru domova. Od d\u00edvek se o\u010dek\u00e1valo, \u017ee napodob\u00ed svou matku, zat\u00edmco chlapci zasv\u011bt\u00ed svou dosp\u011blost st\u00e1tu.<\/p><br>\n\n\n\n<figure class=\"wp-block-image\"><img loading=\"lazy\" decoding=\"async\" width=\"603\" height=\"375\" src=\"https:\/\/www.mzone.cz\/wp-content\/uploads\/2019\/08\/rarehistoricalphotos.com-3.jpg\" alt=\"\" class=\"wp-image-11963\" srcset=\"https:\/\/www.mzone.cz\/wp-content\/uploads\/2019\/08\/rarehistoricalphotos.com-3.jpg 603w, https:\/\/www.mzone.cz\/wp-content\/uploads\/2019\/08\/rarehistoricalphotos.com-3-300x187.jpg 300w, https:\/\/www.mzone.cz\/wp-content\/uploads\/2019\/08\/rarehistoricalphotos.com-3-590x367.jpg 590w\" sizes=\"auto, (max-width: 603px) 100vw, 603px\" \/><\/figure><br>\n\n\n\n<p>Navzdory neutuchaj\u00edc\u00ed propagand\u011b, oslavuj\u00edc\u00ed ctnost a hodnoty mate\u0159stv\u00ed a \u017eenstv\u00ed, \u017eeny, kter\u00e9 se nacistick\u00e9mu dikt\u00e1tu odm\u00edtly pod\u0159\u00eddit \u010di kter\u00e9 nezapadly do obrazu Tis\u00edcilet\u00e9 \u0159\u00ed\u0161e, se velmi rychle ocitly ve speci\u00e1ln\u00edch \u017eensk\u00fdch koncentra\u010dn\u00edch t\u00e1borech, ve kter\u00fdch na\u0161lo smrt celkem 92 700 \u017een.<\/p><br>\n\n\n\n<div class=\"wp-block-image\"><figure class=\"alignleft is-resized\"><img loading=\"lazy\" decoding=\"async\" src=\"https:\/\/www.mzone.cz\/wp-content\/uploads\/2019\/04\/1599px-Josef_Mengele_Richard_Baer_Rudolf_Hoess_Auschwitz._Album_H\u00f6cker-1024x695.jpg\" alt=\"\" class=\"wp-image-5471\" width=\"128\" height=\"86\" srcset=\"https:\/\/www.mzone.cz\/wp-content\/uploads\/2019\/04\/1599px-Josef_Mengele_Richard_Baer_Rudolf_Hoess_Auschwitz._Album_H\u00f6cker-1024x695.jpg 1024w, https:\/\/www.mzone.cz\/wp-content\/uploads\/2019\/04\/1599px-Josef_Mengele_Richard_Baer_Rudolf_Hoess_Auschwitz._Album_H\u00f6cker-300x204.jpg 300w, https:\/\/www.mzone.cz\/wp-content\/uploads\/2019\/04\/1599px-Josef_Mengele_Richard_Baer_Rudolf_Hoess_Auschwitz._Album_H\u00f6cker-768x522.jpg 768w, https:\/\/www.mzone.cz\/wp-content\/uploads\/2019\/04\/1599px-Josef_Mengele_Richard_Baer_Rudolf_Hoess_Auschwitz._Album_H\u00f6cker-800x533.jpg 800w, https:\/\/www.mzone.cz\/wp-content\/uploads\/2019\/04\/1599px-Josef_Mengele_Richard_Baer_Rudolf_Hoess_Auschwitz._Album_H\u00f6cker-400x267.jpg 400w, https:\/\/www.mzone.cz\/wp-content\/uploads\/2019\/04\/1599px-Josef_Mengele_Richard_Baer_Rudolf_Hoess_Auschwitz._Album_H\u00f6cker-500x333.jpg 500w, https:\/\/www.mzone.cz\/wp-content\/uploads\/2019\/04\/1599px-Josef_Mengele_Richard_Baer_Rudolf_Hoess_Auschwitz._Album_H\u00f6cker-1170x780.jpg 1170w, https:\/\/www.mzone.cz\/wp-content\/uploads\/2019\/04\/1599px-Josef_Mengele_Richard_Baer_Rudolf_Hoess_Auschwitz._Album_H\u00f6cker-590x401.jpg 590w, https:\/\/www.mzone.cz\/wp-content\/uploads\/2019\/04\/1599px-Josef_Mengele_Richard_Baer_Rudolf_Hoess_Auschwitz._Album_H\u00f6cker.jpg 1599w\" sizes=\"auto, (max-width: 128px) 100vw, 128px\" \/><\/figure><\/div>\n\n\n\n<h4><a href=\"https:\/\/www.mzone.cz\/kdo-byl-doktor-josef-mengele-nemilosrdna-lidska-bestie\/\">Kdo byl doktor Josef Mengele? Nemilosrdn\u00e1 lidsk\u00e1 bestie<\/a><\/h4><br><br>\n\n\n\n<p>Jak\u00fd by byl tedy \u017eivot v Tis\u00edcilet\u00e9 \u0159\u00ed\u0161i? Pro v\u011bt\u0161inu \u00c1rijc\u016f klidn\u00fd, ve znamen\u00ed prosperity, po\u0159\u00e1dku a klidu, ov\u0161em za cenu pod\u0159\u00edzen\u00ed se jedin\u00e9 p\u0159\u00edstupn\u00e9 ideologii, kter\u00e1 by z pozice \u201eVelk\u00e9ho bratra\u201c zasahovala a \u0159\u00eddila v\u0161echny aspekty jejich \u017eivota. Naopak, pro ne\u017e\u00e1douc\u00ed parazity a m\u00e9n\u011bcenn\u00e9 n\u00e1rody by znamenala \u00e9ru temna, teroru, vra\u017ed a potla\u010dov\u00e1n\u00ed z\u00e1kladn\u00edch pr\u00e1v. Co v\u0161e by v\u0161ak vydr\u017eela \u0159\u00ed\u0161e postavena na takov\u00fdch z\u00e1kladech, je sporn\u00e9.<\/p>","protected":false},"excerpt":{"rendered":"<p>Spojenci na Bl\u00edzk\u00e9m v\u00fdchod\u011b byli pora\u017eeni, arm\u00e1dy Osy vstupuj\u00ed do dalek\u00e9 Indie a sv\u011bt se za\u010d\u00edn\u00e1 m\u011bnit podle Hitlerov\u00fdch p\u0159edstav. Pod\u00edvejme se bl\u00ed\u017ee na mimo\u0159\u00e1dn\u011b zaj\u00edmav\u00e9 t\u00e9ma z ned\u00e1vn\u00e9 historie. Nen\u00ed zn\u00e1m\u011bj\u0161\u00edho, rozs\u00e1hlej\u0161\u00edho \u010di d\u011bsiv\u011bj\u0161\u00edho konfliktu, ne\u017e jak\u00fdm byla druh\u00e1 sv\u011btov\u00e1 v\u00e1lka. M\u00e1me o n\u00ed k dispozici des\u00edtky dokument\u016f, film\u016f, knih \u010di dal\u0161\u00edch materi\u00e1l\u016f poukazuj\u00edc\u00edch [&hellip;]<\/p>\n","protected":false},"author":4,"featured_media":11962,"comment_status":"open","ping_status":"closed","sticky":false,"template":"","format":"standard","meta":{"kk_blocks_editor_width":"","_kiokenblocks_attr":"","_kiokenblocks_dimensions":"","footnotes":""},"categories":[387],"tags":[2656,1154,954,87,207,1556,2657,625,1018,2655,2658,1103],"class_list":["post-11960","post","type-post","status-publish","format-standard","has-post-thumbnail","hentry","category-historie","tag-adolf-hitler","tag-druha-svetova-valka","tag-fikce","tag-historie","tag-hitler","tag-nacismus","tag-nacisticke-nemecko","tag-nemecko","tag-politika","tag-svet","tag-treti-rise","tag-vyvoj"],"yoast_head":"<!-- This site is optimized with the Yoast SEO plugin v27.5 - https:\/\/yoast.com\/product\/yoast-seo-wordpress\/ -->\n<title>Jak by vypadal sv\u011bt, kdyby nacistick\u00e9 N\u011bmecko vyhr\u00e1lo druhou sv\u011btovou v\u00e1lku? - Mzone<\/title>\n<meta name=\"description\" content=\"Spojenci na Bl\u00edzk\u00e9m v\u00fdchod\u011b byli pora\u017eeni, arm\u00e1dy Osy vstupuj\u00ed do dalek\u00e9 Indie a sv\u011bt se za\u010d\u00edn\u00e1 m\u011bnit podle Hitlerov\u00fdch p\u0159edstav. Pod\u00edvejme se bl\u00ed\u017ee na mimo\u0159\u00e1dn\u011b zaj\u00edmav\u00e9 t\u00e9ma z ned\u00e1vn\u00e9 historie.\" \/>\n<meta name=\"robots\" content=\"index, follow, max-snippet:-1, max-image-preview:large, max-video-preview:-1\" \/>\n<link rel=\"canonical\" href=\"https:\/\/www.mzone.cz\/en\/jak-by-vypadal-svet-kdyby-nacisticke-nemecko-vyhralo-druhou-svetovou-valku\/\" \/>\n<meta property=\"og:locale\" content=\"en_US\" \/>\n<meta property=\"og:type\" content=\"article\" \/>\n<meta property=\"og:title\" content=\"Jak by vypadal sv\u011bt, kdyby nacistick\u00e9 N\u011bmecko vyhr\u00e1lo druhou sv\u011btovou v\u00e1lku? - Mzone\" \/>\n<meta property=\"og:description\" content=\"Spojenci na Bl\u00edzk\u00e9m v\u00fdchod\u011b byli pora\u017eeni, arm\u00e1dy Osy vstupuj\u00ed do dalek\u00e9 Indie a sv\u011bt se za\u010d\u00edn\u00e1 m\u011bnit podle Hitlerov\u00fdch p\u0159edstav. Pod\u00edvejme se bl\u00ed\u017ee na mimo\u0159\u00e1dn\u011b zaj\u00edmav\u00e9 t\u00e9ma z ned\u00e1vn\u00e9 historie.\" \/>\n<meta property=\"og:url\" content=\"https:\/\/www.mzone.cz\/en\/jak-by-vypadal-svet-kdyby-nacisticke-nemecko-vyhralo-druhou-svetovou-valku\/\" \/>\n<meta property=\"og:site_name\" content=\"Mzone\" \/>\n<meta property=\"article:publisher\" content=\"https:\/\/www.facebook.com\/MzoneCZ\/\" \/>\n<meta property=\"article:published_time\" content=\"2025-08-08T14:00:30+00:00\" \/>\n<meta property=\"article:modified_time\" content=\"2025-08-08T14:38:25+00:00\" \/>\n<meta property=\"og:image\" content=\"https:\/\/www.mzone.cz\/wp-content\/uploads\/2019\/08\/rarehistoricalphotos.com-2.jpg\" \/>\n\t<meta property=\"og:image:width\" content=\"603\" \/>\n\t<meta property=\"og:image:height\" content=\"375\" \/>\n\t<meta property=\"og:image:type\" content=\"image\/jpeg\" \/>\n<meta name=\"author\" content=\"Mzone\" \/>\n<meta name=\"twitter:card\" content=\"summary_large_image\" \/>\n<meta name=\"twitter:label1\" content=\"Written by\" \/>\n\t<meta name=\"twitter:data1\" content=\"Mzone\" \/>\n\t<meta name=\"twitter:label2\" content=\"Est. reading time\" \/>\n\t<meta name=\"twitter:data2\" content=\"12 minutes\" \/>\n<script type=\"application\/ld+json\" class=\"yoast-schema-graph\">{\"@context\":\"https:\\\/\\\/schema.org\",\"@graph\":[{\"@type\":\"Article\",\"@id\":\"https:\\\/\\\/www.mzone.cz\\\/jak-by-vypadal-svet-kdyby-nacisticke-nemecko-vyhralo-druhou-svetovou-valku\\\/#article\",\"isPartOf\":{\"@id\":\"https:\\\/\\\/www.mzone.cz\\\/jak-by-vypadal-svet-kdyby-nacisticke-nemecko-vyhralo-druhou-svetovou-valku\\\/\"},\"author\":{\"name\":\"Mzone\",\"@id\":\"https:\\\/\\\/www.mzone.cz\\\/#\\\/schema\\\/person\\\/9bc20cc422a99cac4af6ff9297da32d4\"},\"headline\":\"Jak by vypadal sv\u011bt, kdyby nacistick\u00e9 N\u011bmecko vyhr\u00e1lo druhou sv\u011btovou v\u00e1lku?\",\"datePublished\":\"2025-08-08T14:00:30+00:00\",\"dateModified\":\"2025-08-08T14:38:25+00:00\",\"mainEntityOfPage\":{\"@id\":\"https:\\\/\\\/www.mzone.cz\\\/jak-by-vypadal-svet-kdyby-nacisticke-nemecko-vyhralo-druhou-svetovou-valku\\\/\"},\"wordCount\":2392,\"commentCount\":1,\"image\":{\"@id\":\"https:\\\/\\\/www.mzone.cz\\\/jak-by-vypadal-svet-kdyby-nacisticke-nemecko-vyhralo-druhou-svetovou-valku\\\/#primaryimage\"},\"thumbnailUrl\":\"https:\\\/\\\/www.mzone.cz\\\/wp-content\\\/uploads\\\/2019\\\/08\\\/rarehistoricalphotos.com-2.jpg\",\"keywords\":[\"Adolf Hitler\",\"Druh\u00e1 sv\u011btov\u00e1 v\u00e1lka\",\"fikce\",\"Historie\",\"Hitler\",\"nacismus\",\"nacistick\u00e9 N\u011bmecko\",\"N\u011bmecko\",\"politika\",\"sv\u011bt\",\"T\u0159et\u00ed \u0159\u00ed\u0161e\",\"v\u00fdvoj\"],\"articleSection\":[\"Historie\"],\"inLanguage\":\"en-US\",\"potentialAction\":[{\"@type\":\"CommentAction\",\"name\":\"Comment\",\"target\":[\"https:\\\/\\\/www.mzone.cz\\\/jak-by-vypadal-svet-kdyby-nacisticke-nemecko-vyhralo-druhou-svetovou-valku\\\/#respond\"]}]},{\"@type\":\"WebPage\",\"@id\":\"https:\\\/\\\/www.mzone.cz\\\/jak-by-vypadal-svet-kdyby-nacisticke-nemecko-vyhralo-druhou-svetovou-valku\\\/\",\"url\":\"https:\\\/\\\/www.mzone.cz\\\/jak-by-vypadal-svet-kdyby-nacisticke-nemecko-vyhralo-druhou-svetovou-valku\\\/\",\"name\":\"Jak by vypadal sv\u011bt, kdyby nacistick\u00e9 N\u011bmecko vyhr\u00e1lo druhou sv\u011btovou v\u00e1lku? - Mzone\",\"isPartOf\":{\"@id\":\"https:\\\/\\\/www.mzone.cz\\\/#website\"},\"primaryImageOfPage\":{\"@id\":\"https:\\\/\\\/www.mzone.cz\\\/jak-by-vypadal-svet-kdyby-nacisticke-nemecko-vyhralo-druhou-svetovou-valku\\\/#primaryimage\"},\"image\":{\"@id\":\"https:\\\/\\\/www.mzone.cz\\\/jak-by-vypadal-svet-kdyby-nacisticke-nemecko-vyhralo-druhou-svetovou-valku\\\/#primaryimage\"},\"thumbnailUrl\":\"https:\\\/\\\/www.mzone.cz\\\/wp-content\\\/uploads\\\/2019\\\/08\\\/rarehistoricalphotos.com-2.jpg\",\"datePublished\":\"2025-08-08T14:00:30+00:00\",\"dateModified\":\"2025-08-08T14:38:25+00:00\",\"author\":{\"@id\":\"https:\\\/\\\/www.mzone.cz\\\/#\\\/schema\\\/person\\\/9bc20cc422a99cac4af6ff9297da32d4\"},\"description\":\"Spojenci na Bl\u00edzk\u00e9m v\u00fdchod\u011b byli pora\u017eeni, arm\u00e1dy Osy vstupuj\u00ed do dalek\u00e9 Indie a sv\u011bt se za\u010d\u00edn\u00e1 m\u011bnit podle Hitlerov\u00fdch p\u0159edstav. Pod\u00edvejme se bl\u00ed\u017ee na mimo\u0159\u00e1dn\u011b zaj\u00edmav\u00e9 t\u00e9ma z ned\u00e1vn\u00e9 historie.\",\"breadcrumb\":{\"@id\":\"https:\\\/\\\/www.mzone.cz\\\/jak-by-vypadal-svet-kdyby-nacisticke-nemecko-vyhralo-druhou-svetovou-valku\\\/#breadcrumb\"},\"inLanguage\":\"en-US\",\"potentialAction\":[{\"@type\":\"ReadAction\",\"target\":[\"https:\\\/\\\/www.mzone.cz\\\/jak-by-vypadal-svet-kdyby-nacisticke-nemecko-vyhralo-druhou-svetovou-valku\\\/\"]}]},{\"@type\":\"ImageObject\",\"inLanguage\":\"en-US\",\"@id\":\"https:\\\/\\\/www.mzone.cz\\\/jak-by-vypadal-svet-kdyby-nacisticke-nemecko-vyhralo-druhou-svetovou-valku\\\/#primaryimage\",\"url\":\"https:\\\/\\\/www.mzone.cz\\\/wp-content\\\/uploads\\\/2019\\\/08\\\/rarehistoricalphotos.com-2.jpg\",\"contentUrl\":\"https:\\\/\\\/www.mzone.cz\\\/wp-content\\\/uploads\\\/2019\\\/08\\\/rarehistoricalphotos.com-2.jpg\",\"width\":603,\"height\":375},{\"@type\":\"BreadcrumbList\",\"@id\":\"https:\\\/\\\/www.mzone.cz\\\/jak-by-vypadal-svet-kdyby-nacisticke-nemecko-vyhralo-druhou-svetovou-valku\\\/#breadcrumb\",\"itemListElement\":[{\"@type\":\"ListItem\",\"position\":1,\"name\":\"Dom\u016f\",\"item\":\"https:\\\/\\\/www.mzone.cz\\\/\"},{\"@type\":\"ListItem\",\"position\":2,\"name\":\"Jak by vypadal sv\u011bt, kdyby nacistick\u00e9 N\u011bmecko vyhr\u00e1lo druhou sv\u011btovou v\u00e1lku?\"}]},{\"@type\":\"WebSite\",\"@id\":\"https:\\\/\\\/www.mzone.cz\\\/#website\",\"url\":\"https:\\\/\\\/www.mzone.cz\\\/\",\"name\":\"Mzone\",\"description\":\"Magaz\u00edn nejen pro mu\u017ee\",\"potentialAction\":[{\"@type\":\"SearchAction\",\"target\":{\"@type\":\"EntryPoint\",\"urlTemplate\":\"https:\\\/\\\/www.mzone.cz\\\/?s={search_term_string}\"},\"query-input\":{\"@type\":\"PropertyValueSpecification\",\"valueRequired\":true,\"valueName\":\"search_term_string\"}}],\"inLanguage\":\"en-US\"},{\"@type\":\"Person\",\"@id\":\"https:\\\/\\\/www.mzone.cz\\\/#\\\/schema\\\/person\\\/9bc20cc422a99cac4af6ff9297da32d4\",\"name\":\"Mzone\",\"image\":{\"@type\":\"ImageObject\",\"inLanguage\":\"en-US\",\"@id\":\"https:\\\/\\\/secure.gravatar.com\\\/avatar\\\/e780a8630f3182a3d06dd667ab6bea151a0d155b0951bc15fe22633acdac0676?s=96&d=mm&r=g\",\"url\":\"https:\\\/\\\/secure.gravatar.com\\\/avatar\\\/e780a8630f3182a3d06dd667ab6bea151a0d155b0951bc15fe22633acdac0676?s=96&d=mm&r=g\",\"contentUrl\":\"https:\\\/\\\/secure.gravatar.com\\\/avatar\\\/e780a8630f3182a3d06dd667ab6bea151a0d155b0951bc15fe22633acdac0676?s=96&d=mm&r=g\",\"caption\":\"Mzone\"},\"url\":\"https:\\\/\\\/www.mzone.cz\\\/en\\\/author\\\/jakub\\\/\"}]}<\/script>\n<!-- \/ Yoast SEO plugin. -->","yoast_head_json":{"title":"Jak by vypadal sv\u011bt, kdyby nacistick\u00e9 N\u011bmecko vyhr\u00e1lo druhou sv\u011btovou v\u00e1lku? - Mzone","description":"Spojenci na Bl\u00edzk\u00e9m v\u00fdchod\u011b byli pora\u017eeni, arm\u00e1dy Osy vstupuj\u00ed do dalek\u00e9 Indie a sv\u011bt se za\u010d\u00edn\u00e1 m\u011bnit podle Hitlerov\u00fdch p\u0159edstav. Pod\u00edvejme se bl\u00ed\u017ee na mimo\u0159\u00e1dn\u011b zaj\u00edmav\u00e9 t\u00e9ma z ned\u00e1vn\u00e9 historie.","robots":{"index":"index","follow":"follow","max-snippet":"max-snippet:-1","max-image-preview":"max-image-preview:large","max-video-preview":"max-video-preview:-1"},"canonical":"https:\/\/www.mzone.cz\/en\/jak-by-vypadal-svet-kdyby-nacisticke-nemecko-vyhralo-druhou-svetovou-valku\/","og_locale":"en_US","og_type":"article","og_title":"Jak by vypadal sv\u011bt, kdyby nacistick\u00e9 N\u011bmecko vyhr\u00e1lo druhou sv\u011btovou v\u00e1lku? - Mzone","og_description":"Spojenci na Bl\u00edzk\u00e9m v\u00fdchod\u011b byli pora\u017eeni, arm\u00e1dy Osy vstupuj\u00ed do dalek\u00e9 Indie a sv\u011bt se za\u010d\u00edn\u00e1 m\u011bnit podle Hitlerov\u00fdch p\u0159edstav. Pod\u00edvejme se bl\u00ed\u017ee na mimo\u0159\u00e1dn\u011b zaj\u00edmav\u00e9 t\u00e9ma z ned\u00e1vn\u00e9 historie.","og_url":"https:\/\/www.mzone.cz\/en\/jak-by-vypadal-svet-kdyby-nacisticke-nemecko-vyhralo-druhou-svetovou-valku\/","og_site_name":"Mzone","article_publisher":"https:\/\/www.facebook.com\/MzoneCZ\/","article_published_time":"2025-08-08T14:00:30+00:00","article_modified_time":"2025-08-08T14:38:25+00:00","og_image":[{"width":603,"height":375,"url":"https:\/\/www.mzone.cz\/wp-content\/uploads\/2019\/08\/rarehistoricalphotos.com-2.jpg","type":"image\/jpeg"}],"author":"Mzone","twitter_card":"summary_large_image","twitter_misc":{"Written by":"Mzone","Est. reading time":"12 minutes"},"schema":{"@context":"https:\/\/schema.org","@graph":[{"@type":"Article","@id":"https:\/\/www.mzone.cz\/jak-by-vypadal-svet-kdyby-nacisticke-nemecko-vyhralo-druhou-svetovou-valku\/#article","isPartOf":{"@id":"https:\/\/www.mzone.cz\/jak-by-vypadal-svet-kdyby-nacisticke-nemecko-vyhralo-druhou-svetovou-valku\/"},"author":{"name":"Mzone","@id":"https:\/\/www.mzone.cz\/#\/schema\/person\/9bc20cc422a99cac4af6ff9297da32d4"},"headline":"Jak by vypadal sv\u011bt, kdyby nacistick\u00e9 N\u011bmecko vyhr\u00e1lo druhou sv\u011btovou v\u00e1lku?","datePublished":"2025-08-08T14:00:30+00:00","dateModified":"2025-08-08T14:38:25+00:00","mainEntityOfPage":{"@id":"https:\/\/www.mzone.cz\/jak-by-vypadal-svet-kdyby-nacisticke-nemecko-vyhralo-druhou-svetovou-valku\/"},"wordCount":2392,"commentCount":1,"image":{"@id":"https:\/\/www.mzone.cz\/jak-by-vypadal-svet-kdyby-nacisticke-nemecko-vyhralo-druhou-svetovou-valku\/#primaryimage"},"thumbnailUrl":"https:\/\/www.mzone.cz\/wp-content\/uploads\/2019\/08\/rarehistoricalphotos.com-2.jpg","keywords":["Adolf Hitler","Druh\u00e1 sv\u011btov\u00e1 v\u00e1lka","fikce","Historie","Hitler","nacismus","nacistick\u00e9 N\u011bmecko","N\u011bmecko","politika","sv\u011bt","T\u0159et\u00ed \u0159\u00ed\u0161e","v\u00fdvoj"],"articleSection":["Historie"],"inLanguage":"en-US","potentialAction":[{"@type":"CommentAction","name":"Comment","target":["https:\/\/www.mzone.cz\/jak-by-vypadal-svet-kdyby-nacisticke-nemecko-vyhralo-druhou-svetovou-valku\/#respond"]}]},{"@type":"WebPage","@id":"https:\/\/www.mzone.cz\/jak-by-vypadal-svet-kdyby-nacisticke-nemecko-vyhralo-druhou-svetovou-valku\/","url":"https:\/\/www.mzone.cz\/jak-by-vypadal-svet-kdyby-nacisticke-nemecko-vyhralo-druhou-svetovou-valku\/","name":"Jak by vypadal sv\u011bt, kdyby nacistick\u00e9 N\u011bmecko vyhr\u00e1lo druhou sv\u011btovou v\u00e1lku? - Mzone","isPartOf":{"@id":"https:\/\/www.mzone.cz\/#website"},"primaryImageOfPage":{"@id":"https:\/\/www.mzone.cz\/jak-by-vypadal-svet-kdyby-nacisticke-nemecko-vyhralo-druhou-svetovou-valku\/#primaryimage"},"image":{"@id":"https:\/\/www.mzone.cz\/jak-by-vypadal-svet-kdyby-nacisticke-nemecko-vyhralo-druhou-svetovou-valku\/#primaryimage"},"thumbnailUrl":"https:\/\/www.mzone.cz\/wp-content\/uploads\/2019\/08\/rarehistoricalphotos.com-2.jpg","datePublished":"2025-08-08T14:00:30+00:00","dateModified":"2025-08-08T14:38:25+00:00","author":{"@id":"https:\/\/www.mzone.cz\/#\/schema\/person\/9bc20cc422a99cac4af6ff9297da32d4"},"description":"Spojenci na Bl\u00edzk\u00e9m v\u00fdchod\u011b byli pora\u017eeni, arm\u00e1dy Osy vstupuj\u00ed do dalek\u00e9 Indie a sv\u011bt se za\u010d\u00edn\u00e1 m\u011bnit podle Hitlerov\u00fdch p\u0159edstav. Pod\u00edvejme se bl\u00ed\u017ee na mimo\u0159\u00e1dn\u011b zaj\u00edmav\u00e9 t\u00e9ma z ned\u00e1vn\u00e9 historie.","breadcrumb":{"@id":"https:\/\/www.mzone.cz\/jak-by-vypadal-svet-kdyby-nacisticke-nemecko-vyhralo-druhou-svetovou-valku\/#breadcrumb"},"inLanguage":"en-US","potentialAction":[{"@type":"ReadAction","target":["https:\/\/www.mzone.cz\/jak-by-vypadal-svet-kdyby-nacisticke-nemecko-vyhralo-druhou-svetovou-valku\/"]}]},{"@type":"ImageObject","inLanguage":"en-US","@id":"https:\/\/www.mzone.cz\/jak-by-vypadal-svet-kdyby-nacisticke-nemecko-vyhralo-druhou-svetovou-valku\/#primaryimage","url":"https:\/\/www.mzone.cz\/wp-content\/uploads\/2019\/08\/rarehistoricalphotos.com-2.jpg","contentUrl":"https:\/\/www.mzone.cz\/wp-content\/uploads\/2019\/08\/rarehistoricalphotos.com-2.jpg","width":603,"height":375},{"@type":"BreadcrumbList","@id":"https:\/\/www.mzone.cz\/jak-by-vypadal-svet-kdyby-nacisticke-nemecko-vyhralo-druhou-svetovou-valku\/#breadcrumb","itemListElement":[{"@type":"ListItem","position":1,"name":"Dom\u016f","item":"https:\/\/www.mzone.cz\/"},{"@type":"ListItem","position":2,"name":"Jak by vypadal sv\u011bt, kdyby nacistick\u00e9 N\u011bmecko vyhr\u00e1lo druhou sv\u011btovou v\u00e1lku?"}]},{"@type":"WebSite","@id":"https:\/\/www.mzone.cz\/#website","url":"https:\/\/www.mzone.cz\/","name":"Mzone","description":"Magaz\u00edn nejen pro mu\u017ee","potentialAction":[{"@type":"SearchAction","target":{"@type":"EntryPoint","urlTemplate":"https:\/\/www.mzone.cz\/?s={search_term_string}"},"query-input":{"@type":"PropertyValueSpecification","valueRequired":true,"valueName":"search_term_string"}}],"inLanguage":"en-US"},{"@type":"Person","@id":"https:\/\/www.mzone.cz\/#\/schema\/person\/9bc20cc422a99cac4af6ff9297da32d4","name":"Mzone","image":{"@type":"ImageObject","inLanguage":"en-US","@id":"https:\/\/secure.gravatar.com\/avatar\/e780a8630f3182a3d06dd667ab6bea151a0d155b0951bc15fe22633acdac0676?s=96&d=mm&r=g","url":"https:\/\/secure.gravatar.com\/avatar\/e780a8630f3182a3d06dd667ab6bea151a0d155b0951bc15fe22633acdac0676?s=96&d=mm&r=g","contentUrl":"https:\/\/secure.gravatar.com\/avatar\/e780a8630f3182a3d06dd667ab6bea151a0d155b0951bc15fe22633acdac0676?s=96&d=mm&r=g","caption":"Mzone"},"url":"https:\/\/www.mzone.cz\/en\/author\/jakub\/"}]}},"_links":{"self":[{"href":"https:\/\/www.mzone.cz\/en\/wp-json\/wp\/v2\/posts\/11960","targetHints":{"allow":["GET"]}}],"collection":[{"href":"https:\/\/www.mzone.cz\/en\/wp-json\/wp\/v2\/posts"}],"about":[{"href":"https:\/\/www.mzone.cz\/en\/wp-json\/wp\/v2\/types\/post"}],"author":[{"embeddable":true,"href":"https:\/\/www.mzone.cz\/en\/wp-json\/wp\/v2\/users\/4"}],"replies":[{"embeddable":true,"href":"https:\/\/www.mzone.cz\/en\/wp-json\/wp\/v2\/comments?post=11960"}],"version-history":[{"count":27,"href":"https:\/\/www.mzone.cz\/en\/wp-json\/wp\/v2\/posts\/11960\/revisions"}],"predecessor-version":[{"id":12002,"href":"https:\/\/www.mzone.cz\/en\/wp-json\/wp\/v2\/posts\/11960\/revisions\/12002"}],"wp:featuredmedia":[{"embeddable":true,"href":"https:\/\/www.mzone.cz\/en\/wp-json\/wp\/v2\/media\/11962"}],"wp:attachment":[{"href":"https:\/\/www.mzone.cz\/en\/wp-json\/wp\/v2\/media?parent=11960"}],"wp:term":[{"taxonomy":"category","embeddable":true,"href":"https:\/\/www.mzone.cz\/en\/wp-json\/wp\/v2\/categories?post=11960"},{"taxonomy":"post_tag","embeddable":true,"href":"https:\/\/www.mzone.cz\/en\/wp-json\/wp\/v2\/tags?post=11960"}],"curies":[{"name":"wp","href":"https:\/\/api.w.org\/{rel}","templated":true}]}}