{"id":12295,"date":"2019-08-25T06:00:12","date_gmt":"2019-08-25T04:00:12","guid":{"rendered":"https:\/\/www.mzone.cz\/?p=12295"},"modified":"2019-08-21T15:51:22","modified_gmt":"2019-08-21T13:51:22","slug":"mercedes-predstavil-prvni-plne-elektrickou-dodavku","status":"publish","type":"post","link":"https:\/\/www.mzone.cz\/en\/mercedes-predstavil-prvni-plne-elektrickou-dodavku\/","title":{"rendered":"Mercedes p\u0159edstavil prvn\u00ed pln\u011b elektrickou dod\u00e1vku"},"content":{"rendered":"<p><strong>Concept EQV odhalil Mercedes u\u017e na \u017eenevsk\u00e9 Motor Show letos v b\u0159eznu. Svou premi\u00e9ru nyn\u00ed slav\u00ed tak\u00e9 s\u00e9riov\u00e1 verze &#8211; Mercedes-Benz EQV. Nejmlad\u0161\u00ed \u010dlen mercedes\u00ed rodiny jako prvn\u00ed pln\u011b elektrick\u00e9 pr\u00e9miov\u00e9 MPV kombinuje bezemisn\u00ed p\u0159epravu s \u00fachvatn\u00fdmi j\u00edzdn\u00edmi vlastnostmi, vysokou funkcionalitou a v\u00fdrazn\u00fdm designem.<\/strong><\/p><br>\n\n\n\n<p>Ve\u0159ejnosti bude Mercedes-Benz EQV poprv\u00e9 p\u0159edstaven na leto\u0161n\u00edm IAA ve Frankfurtu (od 12. do 22. z\u00e1\u0159\u00ed).<\/p><br>\n\n\n\n<h2 class=\"wp-block-heading\">V\u00fdhody d\u00edky inteligentn\u00edmu designu<\/h2>\n\n\n\n<p>Elektrick\u00e1 pohonn\u00e1 jednotka (eATS) se v Mercedes-Benz EQV nach\u00e1z\u00ed na p\u0159edn\u00ed n\u00e1prav\u011b pod dynamicky vyhl\u00ed\u017eej\u00edc\u00ed \u010deln\u00ed maskou s p\u0159\u00edstupem k z\u00e1suvce pro dob\u00edjen\u00ed v p\u0159edn\u00edm n\u00e1razn\u00edku. M\u00e1 v\u00fdkon a\u017e 150 kW. Elektromotor, p\u0159evodovka s pevn\u00fdm p\u0159evodem, chladic\u00ed syst\u00e9m a elektronika tvo\u0159\u00ed integrovan\u00fd a kompaktn\u00ed celek. Energie je dod\u00e1v\u00e1na lithium-iontovou bateri\u00ed pod podlahou vozidla, jej\u00ed\u017e n\u00edzk\u00e1 a centr\u00e1ln\u00ed poloha m\u00e1 pozitivn\u00ed vliv na \u0159\u00edzen\u00ed EQV.<\/p>\n\n\n\n<blockquote class=\"wp-block-quote is-layout-flow wp-block-quote-is-layout-flow\"><p>Maxim\u00e1ln\u00ed rychlost 160 km\/h zaji\u0161\u0165uje, \u017ee se do sv\u00e9ho c\u00edle dostanete rychle i mimo m\u011bstsk\u00e9 prost\u0159ed\u00ed.<\/p><\/blockquote>\n\n\n\n<p>V z\u00e1kladn\u00ed v\u00fdbav\u011b je Mercedes-Benz EQV vybaven vodou chlazenou palubn\u00ed nab\u00edje\u010dkou (OBC) s kapacitou 11 kW, vhodnou jak k dom\u00e1c\u00edmu AC nab\u00edjen\u00ed, tak na nab\u00edjen\u00ed na ve\u0159ejn\u00fdch nab\u00edje\u010dk\u00e1ch.<\/p><br>\n\n\n\n<p>Baterie s vyu\u017eitelnou kapacitou 90 kWh poskytuje maxim\u00e1ln\u00ed dojezd 405 kilometr\u016f (p\u0159edb\u011b\u017en\u00e9 \u00fadaje). Instalace baterie v prostoru pod podlahou znamen\u00e1, \u017ee vnit\u0159n\u00ed prostor vozidla nedoznal zm\u011bn a pln\u011b elektrick\u00e9 MPV od Mercedes-Benz spl\u0148uje nejn\u00e1ro\u010dn\u011bj\u0161\u00ed po\u017eadavky na funk\u010dnost a variabilitu a je vhodn\u00e9 pro \u0161irokou \u0161k\u00e1lu vyu\u017eit\u00ed.<\/p><br>\n\n\n\n<h2 class=\"wp-block-heading\">Inteligentn\u00ed MBUX v EQV<\/h2>\n\n\n\n<p>\u00daprava syst\u00e9mu MBUX pro EQ je skute\u010dn\u00fdm mistrovsk\u00fdm kouskem. Na desetipalcov\u00e9m displeji s vysok\u00fdm rozli\u0161en\u00edm slou\u017e\u00ed dla\u017edice \u201eEQ\u201c jako centr\u00e1ln\u00ed p\u0159\u00edstupov\u00fd bod ke v\u0161em specifick\u00fdm zobrazen\u00edm a nastaven\u00edm, jako nap\u0159\u00edklad stav nab\u00edjen\u00ed, \u010das odjezdu, pop\u0159\u00edpad\u011b zn\u00e1zorn\u011bn\u00ed spot\u0159eby.<\/p><br>\n\n\n\n<figure class=\"wp-block-image\"><img loading=\"lazy\" decoding=\"async\" width=\"1024\" height=\"683\" src=\"https:\/\/www.mzone.cz\/wp-content\/uploads\/2019\/08\/19C0643_104-1024x683.jpg\" alt=\"\" class=\"wp-image-12289\" srcset=\"https:\/\/www.mzone.cz\/wp-content\/uploads\/2019\/08\/19C0643_104.jpg 1024w, https:\/\/www.mzone.cz\/wp-content\/uploads\/2019\/08\/19C0643_104-300x200.jpg 300w, https:\/\/www.mzone.cz\/wp-content\/uploads\/2019\/08\/19C0643_104-768x512.jpg 768w, https:\/\/www.mzone.cz\/wp-content\/uploads\/2019\/08\/19C0643_104-800x533.jpg 800w, https:\/\/www.mzone.cz\/wp-content\/uploads\/2019\/08\/19C0643_104-400x267.jpg 400w, https:\/\/www.mzone.cz\/wp-content\/uploads\/2019\/08\/19C0643_104-500x333.jpg 500w, https:\/\/www.mzone.cz\/wp-content\/uploads\/2019\/08\/19C0643_104-590x394.jpg 590w\" sizes=\"auto, (max-width: 1024px) 100vw, 1024px\" \/><\/figure><br>\n\n\n\n<p>Displej nav\u00edc m\u016f\u017ee b\u00fdt vyu\u017e\u00edv\u00e1n k nastaven\u00ed navigace, funkce Mercedes me Charge, nebo j\u00edzdn\u00edch m\u00f3d\u016f.<\/p>\n\n\n\n<blockquote class=\"wp-block-quote is-layout-flow wp-block-quote-is-layout-flow\"><p>Silnou str\u00e1nkou MBUX je inteligentn\u00ed hlasov\u00e9 ovl\u00e1d\u00e1n\u00ed aktivovan\u00e9 slovy \u201eHej Mercedesi\u201c, j\u00edm\u017e lze ovl\u00e1dat navigaci, telefon, hudbu, po\u010das\u00ed, stejn\u011b jako dal\u0161\u00ed funkce pro pohodl\u00ed, jako klimatizaci nebo osv\u011btlen\u00ed.<\/p><\/blockquote>\n\n\n\n<h2 class=\"wp-block-heading\">Maxim\u00e1ln\u00ed dojezd d\u00edky inteligentn\u00ed rekuperaci a j\u00edzdn\u00edm nastaven\u00edm<\/h2>\n\n\n\n<p>Pro to, aby byl dojezd vyu\u017eit na maximum, nab\u00edj\u00ed Mercedes-Benz EQV sv\u00e9 baterie i za j\u00edzdy. P\u0159i zrychlov\u00e1n\u00ed nebo br\u017ed\u011bn\u00ed je kinetick\u00e1 energie p\u0159em\u011b\u0148ov\u00e1na na elektrickou energii a d\u00e1le vyu\u017e\u00edvan\u00e1 k nab\u00edjen\u00ed vysokonap\u011b\u0165ov\u00e9 baterie (rekuperace). \u0158idi\u010d m\u00e1 na tento proces z\u00e1sadn\u00ed vliv, proto\u017ee je schopen rekuperaci regulovat pou\u017eit\u00edm p\u00e1del pod volantem, p\u0159i\u010dem\u017e p\u0159i vyu\u017eit\u00ed nejvy\u0161\u0161\u00edho stupn\u011b rekuperace lze v\u016fz ovl\u00e1dat jedin\u00fdm ped\u00e1lem, proto\u017ee p\u0159i brzdn\u00e9m efektu rekuperace je brzda t\u00e9m\u011b\u0159 zbyte\u010dn\u00e1.<\/p><br>\n\n\n\n<div class=\"wp-block-image\"><figure class=\"alignleft is-resized\"><img loading=\"lazy\" decoding=\"async\" src=\"https:\/\/www.mzone.cz\/wp-content\/uploads\/2019\/04\/2019_FORD_KUGA_SIDE_CHARGING-1024x683.jpg\" alt=\"\" class=\"wp-image-7120\" width=\"122\" height=\"80\" srcset=\"https:\/\/www.mzone.cz\/wp-content\/uploads\/2019\/04\/2019_FORD_KUGA_SIDE_CHARGING-1024x683.jpg 1024w, https:\/\/www.mzone.cz\/wp-content\/uploads\/2019\/04\/2019_FORD_KUGA_SIDE_CHARGING-300x200.jpg 300w, https:\/\/www.mzone.cz\/wp-content\/uploads\/2019\/04\/2019_FORD_KUGA_SIDE_CHARGING-768x512.jpg 768w, https:\/\/www.mzone.cz\/wp-content\/uploads\/2019\/04\/2019_FORD_KUGA_SIDE_CHARGING-800x533.jpg 800w, https:\/\/www.mzone.cz\/wp-content\/uploads\/2019\/04\/2019_FORD_KUGA_SIDE_CHARGING-400x267.jpg 400w, https:\/\/www.mzone.cz\/wp-content\/uploads\/2019\/04\/2019_FORD_KUGA_SIDE_CHARGING-500x333.jpg 500w, https:\/\/www.mzone.cz\/wp-content\/uploads\/2019\/04\/2019_FORD_KUGA_SIDE_CHARGING-1170x780.jpg 1170w, https:\/\/www.mzone.cz\/wp-content\/uploads\/2019\/04\/2019_FORD_KUGA_SIDE_CHARGING-590x393.jpg 590w\" sizes=\"auto, (max-width: 122px) 100vw, 122px\" \/><\/figure><\/div>\n\n\n\n<h4><a href=\"https:\/\/www.mzone.cz\/ford-se-opira-do-elektrifikace-predstavil-i-novy-model\/\">Ford jde ve velk\u00e9m do elektrifikace! P\u0159edstavil i nov\u00fd model<\/a><\/h4><br>\n\n\n\n<p>Stupe\u0148 rekuperace \u201eD Auto\u201c odr\u00e1\u017e\u00ed inteligenci EQV, proto\u017ee automaticky aktivovan\u00fd ECO Asistent \u0159idi\u010di napom\u00e1h\u00e1 k dosa\u017een\u00ed maxim\u00e1ln\u00ed mo\u017en\u00e9 j\u00edzdn\u00ed efektivity. Kombinuje data z navigace, asistenta rozpozn\u00e1v\u00e1n\u00ed dopravn\u00edho zna\u010den\u00ed a informace z\u00edskan\u00e9 d\u00edky inteligentn\u00edm bezpe\u010dnostn\u00edm asisten\u010dn\u00edm syst\u00e9m\u016fm (radar a kamera) a \u00farove\u0148 rekuperace s\u00e1m upravuje.<\/p><br>\n\n\n\n<figure class=\"wp-block-image\"><img loading=\"lazy\" decoding=\"async\" width=\"1024\" height=\"683\" src=\"https:\/\/www.mzone.cz\/wp-content\/uploads\/2019\/08\/19C0643_012-1024x683.jpg\" alt=\"\" class=\"wp-image-12282\" srcset=\"https:\/\/www.mzone.cz\/wp-content\/uploads\/2019\/08\/19C0643_012.jpg 1024w, https:\/\/www.mzone.cz\/wp-content\/uploads\/2019\/08\/19C0643_012-300x200.jpg 300w, https:\/\/www.mzone.cz\/wp-content\/uploads\/2019\/08\/19C0643_012-768x512.jpg 768w, https:\/\/www.mzone.cz\/wp-content\/uploads\/2019\/08\/19C0643_012-800x533.jpg 800w, https:\/\/www.mzone.cz\/wp-content\/uploads\/2019\/08\/19C0643_012-400x267.jpg 400w, https:\/\/www.mzone.cz\/wp-content\/uploads\/2019\/08\/19C0643_012-500x333.jpg 500w, https:\/\/www.mzone.cz\/wp-content\/uploads\/2019\/08\/19C0643_012-590x394.jpg 590w\" sizes=\"auto, (max-width: 1024px) 100vw, 1024px\" \/><\/figure><br>\n\n\n\n<p>V kombinaci s navigac\u00ed optimalizovanou pro EQ se aktivn\u00ed monitorov\u00e1n\u00ed dojezdu postar\u00e1 o to, aby \u0159idi\u010d bezpe\u010dn\u011b dos\u00e1hl sv\u00e9ho c\u00edle i v p\u0159\u00edpad\u011b, \u017ee mine nab\u00edjec\u00ed stanici. K dispozici m\u00e1 i j\u00edzdn\u00ed nastaven\u00ed E+, kter\u00e9 upravuje funkce vozu pro dosa\u017een\u00ed maxim\u00e1ln\u00edho mo\u017en\u00e9ho dojezdu.<\/p><br>\n\n\n\n<h2 class=\"wp-block-heading\">Design specifick\u00fd pro EQ<\/h2>\n\n\n\n<p>V\u0161echny \u010dleny rodiny EQ spojuje neot\u0159el\u00fd designov\u00fd jazyk. T\u00edm nejv\u00fdrazn\u011bj\u0161\u00edm je \u010dern\u00fd panel na masce chladi\u010de se st\u0159\u00edbrn\u00fdmi lamelami, stejn\u011b jako \u010dist\u00fd bo\u010dn\u00ed profil s osmn\u00e1ctipalcov\u00fdmi koly tak typick\u00fdmi pro \u0159adu EQ, kter\u00e9 vozu dod\u00e1vaj\u00ed dynamick\u00fd vzhled i ve chv\u00edli, kdy stoj\u00ed.<\/p><br>\n\n\n\n<p>Estetika exteri\u00e9ru je p\u0159enesena i dovnit\u0159 vozu, kde se atraktivn\u00ed design snoub\u00ed s h\u0159ejiv\u00fdmi t\u00f3ny \u2013 kup\u0159\u00edkladu s r\u016f\u017eov\u00fdm zlatem, kter\u00e9 interi\u00e9ru dod\u00e1v\u00e1 t\u00e9m\u011b\u0159 pohodl\u00ed domova. Hraje d\u016fle\u017eitou roli i na palubn\u00ed desce, kde perfektn\u011b dopl\u0148uje \u010daloun\u011bn\u00ed vyveden\u00e9 v modr\u00e9 k\u016f\u017ei. Vyu\u017eit\u00edm na or\u00e1mov\u00e1n\u00ed ovl\u00e1dac\u00edch prvk\u016f infotainmentu a zvukov\u00e9ho syst\u00e9mu, pop\u0159\u00edpad\u011b na pro\u0161\u00edv\u00e1n\u00ed sedadel, dod\u00e1v\u00e1 interi\u00e9ru pat\u0159i\u010dnou eleganci.<\/p><br>\n\n\n\n<table class=\"wp-block-table aligncenter\"><tbody><tr><td>Emise CO2<\/td><td>0 g\/km<\/td><\/tr><tr><td>Spot\u0159eba elekt\u0159iny<\/td><td>27,0 kWh\/100km<\/td><\/tr><tr><td>Dojezd<\/td><td>405 km<\/td><\/tr><tr><td>Doba dob\u00edjen\u00ed na Wallboxu nebo<br> ve\u0159ejn\u00e9 nab\u00edjec\u00ed stanici (AC, 11 kW)<\/td><td>100% za m\u00e9n\u011b ne\u017e 10 hodin<\/td><\/tr><tr><td>Doba dob\u00edjen\u00ed na nab\u00edjec\u00ed stanici s<br> rychlodob\u00edjen\u00edm<\/td><td>10-80% za m\u00e9n\u011b ne\u017e 45 minut<\/td><\/tr><tr><td>Pohon<\/td><td>p\u0159edn\u00edch kol<\/td><\/tr><tr><td>V\u00fdkon<\/td><td>150 kW (204 kon\u00ed)<\/td><\/tr><tr><td>To\u010div\u00fd moment<\/td><td>362 Nm<\/td><\/tr><tr><td>Maxim\u00e1ln\u00ed rychlost<\/td><td>160 km\/h<\/td><\/tr><tr><td>Baterie<\/td><td>lithium-iontov\u00e1<\/td><\/tr><tr><td>Kapacita bateri\u00ed<\/td><td>100 kWh<\/td><\/tr><tr><td>Vyu\u017eiteln\u00e1 kapacita bateri\u00ed<\/td><td>90 kWh<\/td><\/tr><tr><td>Rozvor<\/td><td>3200 mm<\/td><\/tr><tr><td>N\u00e1kladov\u00fd prostor<\/td><td>1030 l<\/td><\/tr><tr><td>Celkov\u00e1 hmotnost<\/td><td>3500 kg<\/td><\/tr><tr><td>Cena<\/td><td>zat\u00edm nen\u00ed zn\u00e1ma<\/td><\/tr><\/tbody><\/table><br>\n\n\n\n<ul class=\"wp-block-gallery columns-3 is-cropped wp-block-gallery-1 is-layout-flex wp-block-gallery-is-layout-flex\"><li class=\"blocks-gallery-item\"><figure><a href=\"https:\/\/www.mzone.cz\/wp-content\/uploads\/2019\/08\/19C0643_002-1024x683.jpg\"><img loading=\"lazy\" decoding=\"async\" width=\"1024\" height=\"683\" src=\"https:\/\/www.mzone.cz\/wp-content\/uploads\/2019\/08\/19C0643_002-1024x683.jpg\" alt=\"\" data-id=\"12279\" data-link=\"https:\/\/www.mzone.cz\/mercedes-benz-eqv-weltpremiere-fur-die-erste-premium-grosraumlimousine-mit-elektrischem-antriebmercedes-benz-eqv-world-premiere-for-the-first-fully-electric-premium-mpv\/\" class=\"wp-image-12279\" srcset=\"https:\/\/www.mzone.cz\/wp-content\/uploads\/2019\/08\/19C0643_002.jpg 1024w, https:\/\/www.mzone.cz\/wp-content\/uploads\/2019\/08\/19C0643_002-300x200.jpg 300w, https:\/\/www.mzone.cz\/wp-content\/uploads\/2019\/08\/19C0643_002-768x512.jpg 768w, https:\/\/www.mzone.cz\/wp-content\/uploads\/2019\/08\/19C0643_002-800x533.jpg 800w, https:\/\/www.mzone.cz\/wp-content\/uploads\/2019\/08\/19C0643_002-400x267.jpg 400w, https:\/\/www.mzone.cz\/wp-content\/uploads\/2019\/08\/19C0643_002-500x333.jpg 500w, https:\/\/www.mzone.cz\/wp-content\/uploads\/2019\/08\/19C0643_002-590x394.jpg 590w\" sizes=\"auto, (max-width: 1024px) 100vw, 1024px\" \/><\/a><\/figure><\/li><li class=\"blocks-gallery-item\"><figure><a href=\"https:\/\/www.mzone.cz\/wp-content\/uploads\/2019\/08\/19C0643_009-1024x683.jpg\"><img loading=\"lazy\" decoding=\"async\" width=\"1024\" height=\"683\" src=\"https:\/\/www.mzone.cz\/wp-content\/uploads\/2019\/08\/19C0643_009-1024x683.jpg\" alt=\"\" data-id=\"12281\" data-link=\"https:\/\/www.mzone.cz\/mercedes-benz-eqv-weltpremiere-fur-die-erste-premium-grosraumlimousine-mit-elektrischem-antriebmercedes-benz-eqv-world-premiere-for-the-first-fully-electric-premium-mpv-3\/\" class=\"wp-image-12281\" srcset=\"https:\/\/www.mzone.cz\/wp-content\/uploads\/2019\/08\/19C0643_009-1024x683.jpg 1024w, https:\/\/www.mzone.cz\/wp-content\/uploads\/2019\/08\/19C0643_009-300x200.jpg 300w, https:\/\/www.mzone.cz\/wp-content\/uploads\/2019\/08\/19C0643_009-768x512.jpg 768w, https:\/\/www.mzone.cz\/wp-content\/uploads\/2019\/08\/19C0643_009-800x533.jpg 800w, https:\/\/www.mzone.cz\/wp-content\/uploads\/2019\/08\/19C0643_009-400x267.jpg 400w, https:\/\/www.mzone.cz\/wp-content\/uploads\/2019\/08\/19C0643_009-500x333.jpg 500w, https:\/\/www.mzone.cz\/wp-content\/uploads\/2019\/08\/19C0643_009-1170x780.jpg 1170w, https:\/\/www.mzone.cz\/wp-content\/uploads\/2019\/08\/19C0643_009-590x393.jpg 590w\" sizes=\"auto, (max-width: 1024px) 100vw, 1024px\" \/><\/a><\/figure><\/li><li class=\"blocks-gallery-item\"><figure><a href=\"https:\/\/www.mzone.cz\/wp-content\/uploads\/2019\/08\/19C0643_012-1024x683.jpg\"><img loading=\"lazy\" decoding=\"async\" width=\"1024\" height=\"683\" src=\"https:\/\/www.mzone.cz\/wp-content\/uploads\/2019\/08\/19C0643_012-1024x683.jpg\" alt=\"\" data-id=\"12282\" data-link=\"https:\/\/www.mzone.cz\/mercedes-benz-eqv-weltpremiere-fur-die-erste-premium-grosraumlimousine-mit-elektrischem-antriebmercedes-benz-eqv-world-premiere-for-the-first-fully-electric-premium-mpv-4\/\" class=\"wp-image-12282\" srcset=\"https:\/\/www.mzone.cz\/wp-content\/uploads\/2019\/08\/19C0643_012.jpg 1024w, https:\/\/www.mzone.cz\/wp-content\/uploads\/2019\/08\/19C0643_012-300x200.jpg 300w, https:\/\/www.mzone.cz\/wp-content\/uploads\/2019\/08\/19C0643_012-768x512.jpg 768w, https:\/\/www.mzone.cz\/wp-content\/uploads\/2019\/08\/19C0643_012-800x533.jpg 800w, https:\/\/www.mzone.cz\/wp-content\/uploads\/2019\/08\/19C0643_012-400x267.jpg 400w, https:\/\/www.mzone.cz\/wp-content\/uploads\/2019\/08\/19C0643_012-500x333.jpg 500w, https:\/\/www.mzone.cz\/wp-content\/uploads\/2019\/08\/19C0643_012-590x394.jpg 590w\" sizes=\"auto, (max-width: 1024px) 100vw, 1024px\" \/><\/a><\/figure><\/li><li class=\"blocks-gallery-item\"><figure><a href=\"https:\/\/www.mzone.cz\/wp-content\/uploads\/2019\/08\/19C0643_018-1024x683.jpg\"><img loading=\"lazy\" decoding=\"async\" width=\"1024\" height=\"683\" src=\"https:\/\/www.mzone.cz\/wp-content\/uploads\/2019\/08\/19C0643_018-1024x683.jpg\" alt=\"\" data-id=\"12283\" data-link=\"https:\/\/www.mzone.cz\/mercedes-benz-eqv-weltpremiere-fur-die-erste-premium-grosraumlimousine-mit-elektrischem-antriebmercedes-benz-eqv-world-premiere-for-the-first-fully-electric-premium-mpv-5\/\" class=\"wp-image-12283\" srcset=\"https:\/\/www.mzone.cz\/wp-content\/uploads\/2019\/08\/19C0643_018.jpg 1024w, https:\/\/www.mzone.cz\/wp-content\/uploads\/2019\/08\/19C0643_018-300x200.jpg 300w, https:\/\/www.mzone.cz\/wp-content\/uploads\/2019\/08\/19C0643_018-768x512.jpg 768w, https:\/\/www.mzone.cz\/wp-content\/uploads\/2019\/08\/19C0643_018-800x533.jpg 800w, https:\/\/www.mzone.cz\/wp-content\/uploads\/2019\/08\/19C0643_018-400x267.jpg 400w, https:\/\/www.mzone.cz\/wp-content\/uploads\/2019\/08\/19C0643_018-500x333.jpg 500w, https:\/\/www.mzone.cz\/wp-content\/uploads\/2019\/08\/19C0643_018-590x394.jpg 590w\" sizes=\"auto, (max-width: 1024px) 100vw, 1024px\" \/><\/a><\/figure><\/li><li class=\"blocks-gallery-item\"><figure><a href=\"https:\/\/www.mzone.cz\/wp-content\/uploads\/2019\/08\/19C0643_025-1024x683.jpg\"><img loading=\"lazy\" decoding=\"async\" width=\"1024\" height=\"683\" src=\"https:\/\/www.mzone.cz\/wp-content\/uploads\/2019\/08\/19C0643_025-1024x683.jpg\" alt=\"\" data-id=\"12284\" data-link=\"https:\/\/www.mzone.cz\/mercedes-benz-eqv-weltpremiere-fur-die-erste-premium-grosraumlimousine-mit-elektrischem-antriebmercedes-benz-eqv-world-premiere-for-the-first-fully-electric-premium-mpv-6\/\" class=\"wp-image-12284\" srcset=\"https:\/\/www.mzone.cz\/wp-content\/uploads\/2019\/08\/19C0643_025.jpg 1024w, https:\/\/www.mzone.cz\/wp-content\/uploads\/2019\/08\/19C0643_025-300x200.jpg 300w, https:\/\/www.mzone.cz\/wp-content\/uploads\/2019\/08\/19C0643_025-768x512.jpg 768w, https:\/\/www.mzone.cz\/wp-content\/uploads\/2019\/08\/19C0643_025-800x533.jpg 800w, https:\/\/www.mzone.cz\/wp-content\/uploads\/2019\/08\/19C0643_025-400x267.jpg 400w, https:\/\/www.mzone.cz\/wp-content\/uploads\/2019\/08\/19C0643_025-500x333.jpg 500w, https:\/\/www.mzone.cz\/wp-content\/uploads\/2019\/08\/19C0643_025-590x394.jpg 590w\" sizes=\"auto, (max-width: 1024px) 100vw, 1024px\" \/><\/a><\/figure><\/li><li class=\"blocks-gallery-item\"><figure><a href=\"https:\/\/www.mzone.cz\/wp-content\/uploads\/2019\/08\/19C0643_056-1024x683.jpg\"><img loading=\"lazy\" decoding=\"async\" width=\"1024\" height=\"683\" src=\"https:\/\/www.mzone.cz\/wp-content\/uploads\/2019\/08\/19C0643_056-1024x683.jpg\" alt=\"\" data-id=\"12285\" data-link=\"https:\/\/www.mzone.cz\/mercedes-benz-eqv-weltpremiere-fur-die-erste-premium-grosraumlimousine-mit-elektrischem-antriebmercedes-benz-eqv-world-premiere-for-the-first-fully-electric-premium-mpv-7\/\" class=\"wp-image-12285\" srcset=\"https:\/\/www.mzone.cz\/wp-content\/uploads\/2019\/08\/19C0643_056.jpg 1024w, https:\/\/www.mzone.cz\/wp-content\/uploads\/2019\/08\/19C0643_056-300x200.jpg 300w, https:\/\/www.mzone.cz\/wp-content\/uploads\/2019\/08\/19C0643_056-768x512.jpg 768w, https:\/\/www.mzone.cz\/wp-content\/uploads\/2019\/08\/19C0643_056-800x533.jpg 800w, https:\/\/www.mzone.cz\/wp-content\/uploads\/2019\/08\/19C0643_056-400x267.jpg 400w, https:\/\/www.mzone.cz\/wp-content\/uploads\/2019\/08\/19C0643_056-500x333.jpg 500w, https:\/\/www.mzone.cz\/wp-content\/uploads\/2019\/08\/19C0643_056-590x394.jpg 590w\" sizes=\"auto, (max-width: 1024px) 100vw, 1024px\" \/><\/a><\/figure><\/li><li class=\"blocks-gallery-item\"><figure><a href=\"https:\/\/www.mzone.cz\/wp-content\/uploads\/2019\/08\/19C0643_068-1024x683.jpg\"><img loading=\"lazy\" decoding=\"async\" width=\"1024\" height=\"683\" src=\"https:\/\/www.mzone.cz\/wp-content\/uploads\/2019\/08\/19C0643_068-1024x683.jpg\" alt=\"\" data-id=\"12286\" data-link=\"https:\/\/www.mzone.cz\/mercedes-benz-eqv-weltpremiere-fur-die-erste-premium-grosraumlimousine-mit-elektrischem-antriebmercedes-benz-eqv-world-premiere-for-the-first-fully-electric-premium-mpv-8\/\" class=\"wp-image-12286\" srcset=\"https:\/\/www.mzone.cz\/wp-content\/uploads\/2019\/08\/19C0643_068.jpg 1024w, https:\/\/www.mzone.cz\/wp-content\/uploads\/2019\/08\/19C0643_068-300x200.jpg 300w, https:\/\/www.mzone.cz\/wp-content\/uploads\/2019\/08\/19C0643_068-768x512.jpg 768w, https:\/\/www.mzone.cz\/wp-content\/uploads\/2019\/08\/19C0643_068-800x533.jpg 800w, https:\/\/www.mzone.cz\/wp-content\/uploads\/2019\/08\/19C0643_068-400x267.jpg 400w, https:\/\/www.mzone.cz\/wp-content\/uploads\/2019\/08\/19C0643_068-500x333.jpg 500w, https:\/\/www.mzone.cz\/wp-content\/uploads\/2019\/08\/19C0643_068-590x394.jpg 590w\" sizes=\"auto, (max-width: 1024px) 100vw, 1024px\" \/><\/a><\/figure><\/li><li class=\"blocks-gallery-item\"><figure><a href=\"https:\/\/www.mzone.cz\/wp-content\/uploads\/2019\/08\/19C0643_084-1024x683.jpg\"><img loading=\"lazy\" decoding=\"async\" width=\"1024\" height=\"683\" src=\"https:\/\/www.mzone.cz\/wp-content\/uploads\/2019\/08\/19C0643_084-1024x683.jpg\" alt=\"\" data-id=\"12287\" data-link=\"https:\/\/www.mzone.cz\/mercedes-benz-eqv-weltpremiere-fur-die-erste-premium-grosraumlimousine-mit-elektrischem-antriebmercedes-benz-eqv-world-premiere-for-the-first-fully-electric-premium-mpv-9\/\" class=\"wp-image-12287\" srcset=\"https:\/\/www.mzone.cz\/wp-content\/uploads\/2019\/08\/19C0643_084.jpg 1024w, https:\/\/www.mzone.cz\/wp-content\/uploads\/2019\/08\/19C0643_084-300x200.jpg 300w, https:\/\/www.mzone.cz\/wp-content\/uploads\/2019\/08\/19C0643_084-768x512.jpg 768w, https:\/\/www.mzone.cz\/wp-content\/uploads\/2019\/08\/19C0643_084-800x533.jpg 800w, https:\/\/www.mzone.cz\/wp-content\/uploads\/2019\/08\/19C0643_084-400x267.jpg 400w, https:\/\/www.mzone.cz\/wp-content\/uploads\/2019\/08\/19C0643_084-500x333.jpg 500w, https:\/\/www.mzone.cz\/wp-content\/uploads\/2019\/08\/19C0643_084-590x394.jpg 590w\" sizes=\"auto, (max-width: 1024px) 100vw, 1024px\" \/><\/a><\/figure><\/li><li class=\"blocks-gallery-item\"><figure><a href=\"https:\/\/www.mzone.cz\/wp-content\/uploads\/2019\/08\/19C0643_088-1024x683.jpg\"><img loading=\"lazy\" decoding=\"async\" width=\"1024\" height=\"683\" src=\"https:\/\/www.mzone.cz\/wp-content\/uploads\/2019\/08\/19C0643_088-1024x683.jpg\" alt=\"\" data-id=\"12288\" data-link=\"https:\/\/www.mzone.cz\/mercedes-benz-eqv-weltpremiere-fur-die-erste-premium-grosraumlimousine-mit-elektrischem-antriebmercedes-benz-eqv-world-premiere-for-the-first-fully-electric-premium-mpv-10\/\" class=\"wp-image-12288\" srcset=\"https:\/\/www.mzone.cz\/wp-content\/uploads\/2019\/08\/19C0643_088.jpg 1024w, https:\/\/www.mzone.cz\/wp-content\/uploads\/2019\/08\/19C0643_088-300x200.jpg 300w, https:\/\/www.mzone.cz\/wp-content\/uploads\/2019\/08\/19C0643_088-768x512.jpg 768w, https:\/\/www.mzone.cz\/wp-content\/uploads\/2019\/08\/19C0643_088-800x533.jpg 800w, https:\/\/www.mzone.cz\/wp-content\/uploads\/2019\/08\/19C0643_088-400x267.jpg 400w, https:\/\/www.mzone.cz\/wp-content\/uploads\/2019\/08\/19C0643_088-500x333.jpg 500w, https:\/\/www.mzone.cz\/wp-content\/uploads\/2019\/08\/19C0643_088-590x394.jpg 590w\" sizes=\"auto, (max-width: 1024px) 100vw, 1024px\" \/><\/a><\/figure><\/li><li class=\"blocks-gallery-item\"><figure><a href=\"https:\/\/www.mzone.cz\/wp-content\/uploads\/2019\/08\/19C0643_104-1024x683.jpg\"><img loading=\"lazy\" decoding=\"async\" width=\"1024\" height=\"683\" src=\"https:\/\/www.mzone.cz\/wp-content\/uploads\/2019\/08\/19C0643_104-1024x683.jpg\" alt=\"\" data-id=\"12289\" data-link=\"https:\/\/www.mzone.cz\/mercedes-benz-eqv-weltpremiere-fur-die-erste-premium-grosraumlimousine-mit-elektrischem-antriebmercedes-benz-eqv-world-premiere-for-the-first-fully-electric-premium-mpv-11\/\" class=\"wp-image-12289\" srcset=\"https:\/\/www.mzone.cz\/wp-content\/uploads\/2019\/08\/19C0643_104.jpg 1024w, https:\/\/www.mzone.cz\/wp-content\/uploads\/2019\/08\/19C0643_104-300x200.jpg 300w, https:\/\/www.mzone.cz\/wp-content\/uploads\/2019\/08\/19C0643_104-768x512.jpg 768w, https:\/\/www.mzone.cz\/wp-content\/uploads\/2019\/08\/19C0643_104-800x533.jpg 800w, https:\/\/www.mzone.cz\/wp-content\/uploads\/2019\/08\/19C0643_104-400x267.jpg 400w, https:\/\/www.mzone.cz\/wp-content\/uploads\/2019\/08\/19C0643_104-500x333.jpg 500w, https:\/\/www.mzone.cz\/wp-content\/uploads\/2019\/08\/19C0643_104-590x394.jpg 590w\" sizes=\"auto, (max-width: 1024px) 100vw, 1024px\" \/><\/a><\/figure><\/li><li class=\"blocks-gallery-item\"><figure><a href=\"https:\/\/www.mzone.cz\/wp-content\/uploads\/2019\/08\/19C0643_114-1024x683.jpg\"><img loading=\"lazy\" decoding=\"async\" width=\"1024\" height=\"683\" src=\"https:\/\/www.mzone.cz\/wp-content\/uploads\/2019\/08\/19C0643_114-1024x683.jpg\" alt=\"\" data-id=\"12290\" data-link=\"https:\/\/www.mzone.cz\/mercedes-benz-eqv-weltpremiere-fur-die-erste-premium-grosraumlimousine-mit-elektrischem-antriebmercedes-benz-eqv-world-premiere-for-the-first-fully-electric-premium-mpv-12\/\" class=\"wp-image-12290\" srcset=\"https:\/\/www.mzone.cz\/wp-content\/uploads\/2019\/08\/19C0643_114.jpg 1024w, https:\/\/www.mzone.cz\/wp-content\/uploads\/2019\/08\/19C0643_114-300x200.jpg 300w, https:\/\/www.mzone.cz\/wp-content\/uploads\/2019\/08\/19C0643_114-768x512.jpg 768w, https:\/\/www.mzone.cz\/wp-content\/uploads\/2019\/08\/19C0643_114-800x533.jpg 800w, https:\/\/www.mzone.cz\/wp-content\/uploads\/2019\/08\/19C0643_114-400x267.jpg 400w, https:\/\/www.mzone.cz\/wp-content\/uploads\/2019\/08\/19C0643_114-500x333.jpg 500w, https:\/\/www.mzone.cz\/wp-content\/uploads\/2019\/08\/19C0643_114-590x394.jpg 590w\" sizes=\"auto, (max-width: 1024px) 100vw, 1024px\" \/><\/a><\/figure><\/li><li class=\"blocks-gallery-item\"><figure><a href=\"https:\/\/www.mzone.cz\/wp-content\/uploads\/2019\/08\/19C0643_152-1024x683.jpg\"><img loading=\"lazy\" decoding=\"async\" width=\"1024\" height=\"683\" src=\"https:\/\/www.mzone.cz\/wp-content\/uploads\/2019\/08\/19C0643_152-1024x683.jpg\" alt=\"\" data-id=\"12291\" data-link=\"https:\/\/www.mzone.cz\/mercedes-benz-eqv-weltpremiere-fur-die-erste-premium-grosraumlimousine-mit-elektrischem-antriebmercedes-benz-eqv-world-premiere-for-the-first-fully-electric-premium-mpv-13\/\" class=\"wp-image-12291\" srcset=\"https:\/\/www.mzone.cz\/wp-content\/uploads\/2019\/08\/19C0643_152.jpg 1024w, https:\/\/www.mzone.cz\/wp-content\/uploads\/2019\/08\/19C0643_152-300x200.jpg 300w, https:\/\/www.mzone.cz\/wp-content\/uploads\/2019\/08\/19C0643_152-768x512.jpg 768w, https:\/\/www.mzone.cz\/wp-content\/uploads\/2019\/08\/19C0643_152-800x533.jpg 800w, https:\/\/www.mzone.cz\/wp-content\/uploads\/2019\/08\/19C0643_152-400x267.jpg 400w, https:\/\/www.mzone.cz\/wp-content\/uploads\/2019\/08\/19C0643_152-500x333.jpg 500w, https:\/\/www.mzone.cz\/wp-content\/uploads\/2019\/08\/19C0643_152-590x394.jpg 590w\" sizes=\"auto, (max-width: 1024px) 100vw, 1024px\" \/><\/a><\/figure><\/li><li class=\"blocks-gallery-item\"><figure><a href=\"https:\/\/www.mzone.cz\/wp-content\/uploads\/2019\/08\/19C0643_179-1024x683.jpg\"><img loading=\"lazy\" decoding=\"async\" width=\"1024\" height=\"683\" src=\"https:\/\/www.mzone.cz\/wp-content\/uploads\/2019\/08\/19C0643_179-1024x683.jpg\" alt=\"\" data-id=\"12292\" data-link=\"https:\/\/www.mzone.cz\/mercedes-benz-eqv-weltpremiere-fur-die-erste-premium-grosraumlimousine-mit-elektrischem-antriebmercedes-benz-eqv-world-premiere-for-the-first-fully-electric-premium-mpv-14\/\" class=\"wp-image-12292\" srcset=\"https:\/\/www.mzone.cz\/wp-content\/uploads\/2019\/08\/19C0643_179.jpg 1024w, https:\/\/www.mzone.cz\/wp-content\/uploads\/2019\/08\/19C0643_179-300x200.jpg 300w, https:\/\/www.mzone.cz\/wp-content\/uploads\/2019\/08\/19C0643_179-768x512.jpg 768w, https:\/\/www.mzone.cz\/wp-content\/uploads\/2019\/08\/19C0643_179-800x533.jpg 800w, https:\/\/www.mzone.cz\/wp-content\/uploads\/2019\/08\/19C0643_179-400x267.jpg 400w, https:\/\/www.mzone.cz\/wp-content\/uploads\/2019\/08\/19C0643_179-500x333.jpg 500w, https:\/\/www.mzone.cz\/wp-content\/uploads\/2019\/08\/19C0643_179-590x394.jpg 590w\" sizes=\"auto, (max-width: 1024px) 100vw, 1024px\" \/><\/a><\/figure><\/li><li class=\"blocks-gallery-item\"><figure><a href=\"https:\/\/www.mzone.cz\/wp-content\/uploads\/2019\/08\/19C0643_203-1024x683.jpg\"><img loading=\"lazy\" decoding=\"async\" width=\"1024\" height=\"683\" src=\"https:\/\/www.mzone.cz\/wp-content\/uploads\/2019\/08\/19C0643_203-1024x683.jpg\" alt=\"\" data-id=\"12293\" data-link=\"https:\/\/www.mzone.cz\/mercedes-benz-eqv-weltpremiere-fur-die-erste-premium-grosraumlimousine-mit-elektrischem-antriebmercedes-benz-eqv-world-premiere-for-the-first-fully-electric-premium-mpv-15\/\" class=\"wp-image-12293\" srcset=\"https:\/\/www.mzone.cz\/wp-content\/uploads\/2019\/08\/19C0643_203.jpg 1024w, https:\/\/www.mzone.cz\/wp-content\/uploads\/2019\/08\/19C0643_203-300x200.jpg 300w, https:\/\/www.mzone.cz\/wp-content\/uploads\/2019\/08\/19C0643_203-768x512.jpg 768w, https:\/\/www.mzone.cz\/wp-content\/uploads\/2019\/08\/19C0643_203-800x533.jpg 800w, https:\/\/www.mzone.cz\/wp-content\/uploads\/2019\/08\/19C0643_203-400x267.jpg 400w, https:\/\/www.mzone.cz\/wp-content\/uploads\/2019\/08\/19C0643_203-500x333.jpg 500w, https:\/\/www.mzone.cz\/wp-content\/uploads\/2019\/08\/19C0643_203-590x394.jpg 590w\" sizes=\"auto, (max-width: 1024px) 100vw, 1024px\" \/><\/a><\/figure><\/li><li class=\"blocks-gallery-item\"><figure><a href=\"https:\/\/www.mzone.cz\/wp-content\/uploads\/2019\/08\/19C0670_005-1024x576.jpg\"><img loading=\"lazy\" decoding=\"async\" width=\"1024\" height=\"576\" src=\"https:\/\/www.mzone.cz\/wp-content\/uploads\/2019\/08\/19C0670_005-1024x576.jpg\" alt=\"\" data-id=\"12294\" data-link=\"https:\/\/www.mzone.cz\/weltpremiere-mercedes-benz-eqvworld-premiere-mercedes-benz-eqv\/\" class=\"wp-image-12294\" srcset=\"https:\/\/www.mzone.cz\/wp-content\/uploads\/2019\/08\/19C0670_005.jpg 1024w, https:\/\/www.mzone.cz\/wp-content\/uploads\/2019\/08\/19C0670_005-300x169.jpg 300w, https:\/\/www.mzone.cz\/wp-content\/uploads\/2019\/08\/19C0670_005-768x432.jpg 768w, https:\/\/www.mzone.cz\/wp-content\/uploads\/2019\/08\/19C0670_005-590x332.jpg 590w\" sizes=\"auto, (max-width: 1024px) 100vw, 1024px\" \/><\/a><\/figure><\/li><\/ul>","protected":false},"excerpt":{"rendered":"<p>Concept EQV odhalil Mercedes u\u017e na \u017eenevsk\u00e9 Motor Show letos v b\u0159eznu. Svou premi\u00e9ru nyn\u00ed slav\u00ed tak\u00e9 s\u00e9riov\u00e1 verze &#8211; Mercedes-Benz EQV. Nejmlad\u0161\u00ed \u010dlen mercedes\u00ed rodiny jako prvn\u00ed pln\u011b elektrick\u00e9 pr\u00e9miov\u00e9 MPV kombinuje bezemisn\u00ed p\u0159epravu s \u00fachvatn\u00fdmi j\u00edzdn\u00edmi vlastnostmi, vysokou funkcionalitou a v\u00fdrazn\u00fdm designem. Ve\u0159ejnosti bude Mercedes-Benz EQV poprv\u00e9 p\u0159edstaven na leto\u0161n\u00edm IAA ve Frankfurtu [&hellip;]<\/p>\n","protected":false},"author":4,"featured_media":12280,"comment_status":"open","ping_status":"closed","sticky":false,"template":"","format":"standard","meta":{"kk_blocks_editor_width":"","_kiokenblocks_attr":"","_kiokenblocks_dimensions":"","footnotes":""},"categories":[69],"tags":[585,82,462,2684,2688,1159,692,2686,1256,2685,2683,16,607,2687],"class_list":["post-12295","post","type-post","status-publish","format-standard","has-post-thumbnail","hentry","category-auto-moto","tag-auta","tag-auto","tag-auto-moto","tag-dodavka","tag-elektricka-dodavka","tag-elektromobil","tag-elektromobilita","tag-mercedes","tag-mercedes-benz","tag-mercedes-benz-eqv","tag-mpv","tag-novinka","tag-predstaveni","tag-uzitkove-vozy"],"yoast_head":"<!-- This site is optimized with the Yoast SEO plugin v27.5 - https:\/\/yoast.com\/product\/yoast-seo-wordpress\/ -->\n<title>Mercedes p\u0159edstavil prvn\u00ed pln\u011b elektrickou dod\u00e1vku - Mzone<\/title>\n<meta name=\"description\" content=\"Concept EQV odhalil Mercedes u\u017e na \u017eenevsk\u00e9 Motor Show letos v b\u0159eznu. Svou premi\u00e9ru nyn\u00ed slav\u00ed tak\u00e9 s\u00e9riov\u00e1 verze - Mercedes-Benz EQV. Nejmlad\u0161\u00ed \u010dlen mercedes\u00ed rodiny jako prvn\u00ed pln\u011b elektrick\u00e9 pr\u00e9miov\u00e9 MPV kombinuje bezemisn\u00ed p\u0159epravu s \u00fachvatn\u00fdmi j\u00edzdn\u00edmi vlastnostmi, vysokou funkcionalitou a v\u00fdrazn\u00fdm designem.\" \/>\n<meta name=\"robots\" content=\"index, follow, max-snippet:-1, max-image-preview:large, max-video-preview:-1\" \/>\n<link rel=\"canonical\" href=\"https:\/\/www.mzone.cz\/en\/mercedes-predstavil-prvni-plne-elektrickou-dodavku\/\" \/>\n<meta property=\"og:locale\" content=\"en_US\" \/>\n<meta property=\"og:type\" content=\"article\" \/>\n<meta property=\"og:title\" content=\"Mercedes p\u0159edstavil prvn\u00ed pln\u011b elektrickou dod\u00e1vku - Mzone\" \/>\n<meta property=\"og:description\" content=\"Concept EQV odhalil Mercedes u\u017e na \u017eenevsk\u00e9 Motor Show letos v b\u0159eznu. Svou premi\u00e9ru nyn\u00ed slav\u00ed tak\u00e9 s\u00e9riov\u00e1 verze - Mercedes-Benz EQV. Nejmlad\u0161\u00ed \u010dlen mercedes\u00ed rodiny jako prvn\u00ed pln\u011b elektrick\u00e9 pr\u00e9miov\u00e9 MPV kombinuje bezemisn\u00ed p\u0159epravu s \u00fachvatn\u00fdmi j\u00edzdn\u00edmi vlastnostmi, vysokou funkcionalitou a v\u00fdrazn\u00fdm designem.\" \/>\n<meta property=\"og:url\" content=\"https:\/\/www.mzone.cz\/en\/mercedes-predstavil-prvni-plne-elektrickou-dodavku\/\" \/>\n<meta property=\"og:site_name\" content=\"Mzone\" \/>\n<meta property=\"article:publisher\" content=\"https:\/\/www.facebook.com\/MzoneCZ\/\" \/>\n<meta property=\"article:published_time\" content=\"2019-08-25T04:00:12+00:00\" \/>\n<meta property=\"og:image\" content=\"https:\/\/www.mzone.cz\/wp-content\/uploads\/2019\/08\/19C0643_009-2-1024x683.jpg\" \/>\n\t<meta property=\"og:image:width\" content=\"1024\" \/>\n\t<meta property=\"og:image:height\" content=\"683\" \/>\n\t<meta property=\"og:image:type\" content=\"image\/jpeg\" \/>\n<meta name=\"author\" content=\"Mzone\" \/>\n<meta name=\"twitter:card\" content=\"summary_large_image\" \/>\n<meta name=\"twitter:label1\" content=\"Written by\" \/>\n\t<meta name=\"twitter:data1\" content=\"Mzone\" \/>\n\t<meta name=\"twitter:label2\" content=\"Est. reading time\" \/>\n\t<meta name=\"twitter:data2\" content=\"4 minutes\" \/>\n<script type=\"application\/ld+json\" class=\"yoast-schema-graph\">{\"@context\":\"https:\\\/\\\/schema.org\",\"@graph\":[{\"@type\":\"Article\",\"@id\":\"https:\\\/\\\/www.mzone.cz\\\/mercedes-predstavil-prvni-plne-elektrickou-dodavku\\\/#article\",\"isPartOf\":{\"@id\":\"https:\\\/\\\/www.mzone.cz\\\/mercedes-predstavil-prvni-plne-elektrickou-dodavku\\\/\"},\"author\":{\"name\":\"Mzone\",\"@id\":\"https:\\\/\\\/www.mzone.cz\\\/#\\\/schema\\\/person\\\/9bc20cc422a99cac4af6ff9297da32d4\"},\"headline\":\"Mercedes p\u0159edstavil prvn\u00ed pln\u011b elektrickou dod\u00e1vku\",\"datePublished\":\"2019-08-25T04:00:12+00:00\",\"mainEntityOfPage\":{\"@id\":\"https:\\\/\\\/www.mzone.cz\\\/mercedes-predstavil-prvni-plne-elektrickou-dodavku\\\/\"},\"wordCount\":900,\"commentCount\":1,\"image\":{\"@id\":\"https:\\\/\\\/www.mzone.cz\\\/mercedes-predstavil-prvni-plne-elektrickou-dodavku\\\/#primaryimage\"},\"thumbnailUrl\":\"https:\\\/\\\/www.mzone.cz\\\/wp-content\\\/uploads\\\/2019\\\/08\\\/19C0643_009-2.jpg\",\"keywords\":[\"auta\",\"Auto\",\"auto-moto\",\"dod\u00e1vka\",\"elektrick\u00e1 dod\u00e1vka\",\"elektromobil\",\"elektromobilita\",\"Mercedes\",\"Mercedes-Benz\",\"Mercedes-Benz EQV\",\"MPV\",\"Novinka\",\"p\u0159edstaven\u00ed\",\"u\u017eitkov\u00e9 vozy\"],\"articleSection\":[\"Auto-moto\"],\"inLanguage\":\"en-US\",\"potentialAction\":[{\"@type\":\"CommentAction\",\"name\":\"Comment\",\"target\":[\"https:\\\/\\\/www.mzone.cz\\\/mercedes-predstavil-prvni-plne-elektrickou-dodavku\\\/#respond\"]}]},{\"@type\":\"WebPage\",\"@id\":\"https:\\\/\\\/www.mzone.cz\\\/mercedes-predstavil-prvni-plne-elektrickou-dodavku\\\/\",\"url\":\"https:\\\/\\\/www.mzone.cz\\\/mercedes-predstavil-prvni-plne-elektrickou-dodavku\\\/\",\"name\":\"Mercedes p\u0159edstavil prvn\u00ed pln\u011b elektrickou dod\u00e1vku - Mzone\",\"isPartOf\":{\"@id\":\"https:\\\/\\\/www.mzone.cz\\\/#website\"},\"primaryImageOfPage\":{\"@id\":\"https:\\\/\\\/www.mzone.cz\\\/mercedes-predstavil-prvni-plne-elektrickou-dodavku\\\/#primaryimage\"},\"image\":{\"@id\":\"https:\\\/\\\/www.mzone.cz\\\/mercedes-predstavil-prvni-plne-elektrickou-dodavku\\\/#primaryimage\"},\"thumbnailUrl\":\"https:\\\/\\\/www.mzone.cz\\\/wp-content\\\/uploads\\\/2019\\\/08\\\/19C0643_009-2.jpg\",\"datePublished\":\"2019-08-25T04:00:12+00:00\",\"author\":{\"@id\":\"https:\\\/\\\/www.mzone.cz\\\/#\\\/schema\\\/person\\\/9bc20cc422a99cac4af6ff9297da32d4\"},\"description\":\"Concept EQV odhalil Mercedes u\u017e na \u017eenevsk\u00e9 Motor Show letos v b\u0159eznu. Svou premi\u00e9ru nyn\u00ed slav\u00ed tak\u00e9 s\u00e9riov\u00e1 verze - Mercedes-Benz EQV. Nejmlad\u0161\u00ed \u010dlen mercedes\u00ed rodiny jako prvn\u00ed pln\u011b elektrick\u00e9 pr\u00e9miov\u00e9 MPV kombinuje bezemisn\u00ed p\u0159epravu s \u00fachvatn\u00fdmi j\u00edzdn\u00edmi vlastnostmi, vysokou funkcionalitou a v\u00fdrazn\u00fdm designem.\",\"breadcrumb\":{\"@id\":\"https:\\\/\\\/www.mzone.cz\\\/mercedes-predstavil-prvni-plne-elektrickou-dodavku\\\/#breadcrumb\"},\"inLanguage\":\"en-US\",\"potentialAction\":[{\"@type\":\"ReadAction\",\"target\":[\"https:\\\/\\\/www.mzone.cz\\\/mercedes-predstavil-prvni-plne-elektrickou-dodavku\\\/\"]}]},{\"@type\":\"ImageObject\",\"inLanguage\":\"en-US\",\"@id\":\"https:\\\/\\\/www.mzone.cz\\\/mercedes-predstavil-prvni-plne-elektrickou-dodavku\\\/#primaryimage\",\"url\":\"https:\\\/\\\/www.mzone.cz\\\/wp-content\\\/uploads\\\/2019\\\/08\\\/19C0643_009-2.jpg\",\"contentUrl\":\"https:\\\/\\\/www.mzone.cz\\\/wp-content\\\/uploads\\\/2019\\\/08\\\/19C0643_009-2.jpg\",\"width\":6528,\"height\":4352},{\"@type\":\"BreadcrumbList\",\"@id\":\"https:\\\/\\\/www.mzone.cz\\\/mercedes-predstavil-prvni-plne-elektrickou-dodavku\\\/#breadcrumb\",\"itemListElement\":[{\"@type\":\"ListItem\",\"position\":1,\"name\":\"Dom\u016f\",\"item\":\"https:\\\/\\\/www.mzone.cz\\\/\"},{\"@type\":\"ListItem\",\"position\":2,\"name\":\"Mercedes p\u0159edstavil prvn\u00ed pln\u011b elektrickou dod\u00e1vku\"}]},{\"@type\":\"WebSite\",\"@id\":\"https:\\\/\\\/www.mzone.cz\\\/#website\",\"url\":\"https:\\\/\\\/www.mzone.cz\\\/\",\"name\":\"Mzone\",\"description\":\"Magaz\u00edn nejen pro mu\u017ee\",\"potentialAction\":[{\"@type\":\"SearchAction\",\"target\":{\"@type\":\"EntryPoint\",\"urlTemplate\":\"https:\\\/\\\/www.mzone.cz\\\/?s={search_term_string}\"},\"query-input\":{\"@type\":\"PropertyValueSpecification\",\"valueRequired\":true,\"valueName\":\"search_term_string\"}}],\"inLanguage\":\"en-US\"},{\"@type\":\"Person\",\"@id\":\"https:\\\/\\\/www.mzone.cz\\\/#\\\/schema\\\/person\\\/9bc20cc422a99cac4af6ff9297da32d4\",\"name\":\"Mzone\",\"image\":{\"@type\":\"ImageObject\",\"inLanguage\":\"en-US\",\"@id\":\"https:\\\/\\\/secure.gravatar.com\\\/avatar\\\/e780a8630f3182a3d06dd667ab6bea151a0d155b0951bc15fe22633acdac0676?s=96&d=mm&r=g\",\"url\":\"https:\\\/\\\/secure.gravatar.com\\\/avatar\\\/e780a8630f3182a3d06dd667ab6bea151a0d155b0951bc15fe22633acdac0676?s=96&d=mm&r=g\",\"contentUrl\":\"https:\\\/\\\/secure.gravatar.com\\\/avatar\\\/e780a8630f3182a3d06dd667ab6bea151a0d155b0951bc15fe22633acdac0676?s=96&d=mm&r=g\",\"caption\":\"Mzone\"},\"url\":\"https:\\\/\\\/www.mzone.cz\\\/en\\\/author\\\/jakub\\\/\"}]}<\/script>\n<!-- \/ Yoast SEO plugin. -->","yoast_head_json":{"title":"Mercedes p\u0159edstavil prvn\u00ed pln\u011b elektrickou dod\u00e1vku - Mzone","description":"Concept EQV odhalil Mercedes u\u017e na \u017eenevsk\u00e9 Motor Show letos v b\u0159eznu. Svou premi\u00e9ru nyn\u00ed slav\u00ed tak\u00e9 s\u00e9riov\u00e1 verze - Mercedes-Benz EQV. Nejmlad\u0161\u00ed \u010dlen mercedes\u00ed rodiny jako prvn\u00ed pln\u011b elektrick\u00e9 pr\u00e9miov\u00e9 MPV kombinuje bezemisn\u00ed p\u0159epravu s \u00fachvatn\u00fdmi j\u00edzdn\u00edmi vlastnostmi, vysokou funkcionalitou a v\u00fdrazn\u00fdm designem.","robots":{"index":"index","follow":"follow","max-snippet":"max-snippet:-1","max-image-preview":"max-image-preview:large","max-video-preview":"max-video-preview:-1"},"canonical":"https:\/\/www.mzone.cz\/en\/mercedes-predstavil-prvni-plne-elektrickou-dodavku\/","og_locale":"en_US","og_type":"article","og_title":"Mercedes p\u0159edstavil prvn\u00ed pln\u011b elektrickou dod\u00e1vku - Mzone","og_description":"Concept EQV odhalil Mercedes u\u017e na \u017eenevsk\u00e9 Motor Show letos v b\u0159eznu. Svou premi\u00e9ru nyn\u00ed slav\u00ed tak\u00e9 s\u00e9riov\u00e1 verze - Mercedes-Benz EQV. Nejmlad\u0161\u00ed \u010dlen mercedes\u00ed rodiny jako prvn\u00ed pln\u011b elektrick\u00e9 pr\u00e9miov\u00e9 MPV kombinuje bezemisn\u00ed p\u0159epravu s \u00fachvatn\u00fdmi j\u00edzdn\u00edmi vlastnostmi, vysokou funkcionalitou a v\u00fdrazn\u00fdm designem.","og_url":"https:\/\/www.mzone.cz\/en\/mercedes-predstavil-prvni-plne-elektrickou-dodavku\/","og_site_name":"Mzone","article_publisher":"https:\/\/www.facebook.com\/MzoneCZ\/","article_published_time":"2019-08-25T04:00:12+00:00","og_image":[{"width":1024,"height":683,"url":"https:\/\/www.mzone.cz\/wp-content\/uploads\/2019\/08\/19C0643_009-2-1024x683.jpg","type":"image\/jpeg"}],"author":"Mzone","twitter_card":"summary_large_image","twitter_misc":{"Written by":"Mzone","Est. reading time":"4 minutes"},"schema":{"@context":"https:\/\/schema.org","@graph":[{"@type":"Article","@id":"https:\/\/www.mzone.cz\/mercedes-predstavil-prvni-plne-elektrickou-dodavku\/#article","isPartOf":{"@id":"https:\/\/www.mzone.cz\/mercedes-predstavil-prvni-plne-elektrickou-dodavku\/"},"author":{"name":"Mzone","@id":"https:\/\/www.mzone.cz\/#\/schema\/person\/9bc20cc422a99cac4af6ff9297da32d4"},"headline":"Mercedes p\u0159edstavil prvn\u00ed pln\u011b elektrickou dod\u00e1vku","datePublished":"2019-08-25T04:00:12+00:00","mainEntityOfPage":{"@id":"https:\/\/www.mzone.cz\/mercedes-predstavil-prvni-plne-elektrickou-dodavku\/"},"wordCount":900,"commentCount":1,"image":{"@id":"https:\/\/www.mzone.cz\/mercedes-predstavil-prvni-plne-elektrickou-dodavku\/#primaryimage"},"thumbnailUrl":"https:\/\/www.mzone.cz\/wp-content\/uploads\/2019\/08\/19C0643_009-2.jpg","keywords":["auta","Auto","auto-moto","dod\u00e1vka","elektrick\u00e1 dod\u00e1vka","elektromobil","elektromobilita","Mercedes","Mercedes-Benz","Mercedes-Benz EQV","MPV","Novinka","p\u0159edstaven\u00ed","u\u017eitkov\u00e9 vozy"],"articleSection":["Auto-moto"],"inLanguage":"en-US","potentialAction":[{"@type":"CommentAction","name":"Comment","target":["https:\/\/www.mzone.cz\/mercedes-predstavil-prvni-plne-elektrickou-dodavku\/#respond"]}]},{"@type":"WebPage","@id":"https:\/\/www.mzone.cz\/mercedes-predstavil-prvni-plne-elektrickou-dodavku\/","url":"https:\/\/www.mzone.cz\/mercedes-predstavil-prvni-plne-elektrickou-dodavku\/","name":"Mercedes p\u0159edstavil prvn\u00ed pln\u011b elektrickou dod\u00e1vku - Mzone","isPartOf":{"@id":"https:\/\/www.mzone.cz\/#website"},"primaryImageOfPage":{"@id":"https:\/\/www.mzone.cz\/mercedes-predstavil-prvni-plne-elektrickou-dodavku\/#primaryimage"},"image":{"@id":"https:\/\/www.mzone.cz\/mercedes-predstavil-prvni-plne-elektrickou-dodavku\/#primaryimage"},"thumbnailUrl":"https:\/\/www.mzone.cz\/wp-content\/uploads\/2019\/08\/19C0643_009-2.jpg","datePublished":"2019-08-25T04:00:12+00:00","author":{"@id":"https:\/\/www.mzone.cz\/#\/schema\/person\/9bc20cc422a99cac4af6ff9297da32d4"},"description":"Concept EQV odhalil Mercedes u\u017e na \u017eenevsk\u00e9 Motor Show letos v b\u0159eznu. Svou premi\u00e9ru nyn\u00ed slav\u00ed tak\u00e9 s\u00e9riov\u00e1 verze - Mercedes-Benz EQV. Nejmlad\u0161\u00ed \u010dlen mercedes\u00ed rodiny jako prvn\u00ed pln\u011b elektrick\u00e9 pr\u00e9miov\u00e9 MPV kombinuje bezemisn\u00ed p\u0159epravu s \u00fachvatn\u00fdmi j\u00edzdn\u00edmi vlastnostmi, vysokou funkcionalitou a v\u00fdrazn\u00fdm designem.","breadcrumb":{"@id":"https:\/\/www.mzone.cz\/mercedes-predstavil-prvni-plne-elektrickou-dodavku\/#breadcrumb"},"inLanguage":"en-US","potentialAction":[{"@type":"ReadAction","target":["https:\/\/www.mzone.cz\/mercedes-predstavil-prvni-plne-elektrickou-dodavku\/"]}]},{"@type":"ImageObject","inLanguage":"en-US","@id":"https:\/\/www.mzone.cz\/mercedes-predstavil-prvni-plne-elektrickou-dodavku\/#primaryimage","url":"https:\/\/www.mzone.cz\/wp-content\/uploads\/2019\/08\/19C0643_009-2.jpg","contentUrl":"https:\/\/www.mzone.cz\/wp-content\/uploads\/2019\/08\/19C0643_009-2.jpg","width":6528,"height":4352},{"@type":"BreadcrumbList","@id":"https:\/\/www.mzone.cz\/mercedes-predstavil-prvni-plne-elektrickou-dodavku\/#breadcrumb","itemListElement":[{"@type":"ListItem","position":1,"name":"Dom\u016f","item":"https:\/\/www.mzone.cz\/"},{"@type":"ListItem","position":2,"name":"Mercedes p\u0159edstavil prvn\u00ed pln\u011b elektrickou dod\u00e1vku"}]},{"@type":"WebSite","@id":"https:\/\/www.mzone.cz\/#website","url":"https:\/\/www.mzone.cz\/","name":"Mzone","description":"Magaz\u00edn nejen pro mu\u017ee","potentialAction":[{"@type":"SearchAction","target":{"@type":"EntryPoint","urlTemplate":"https:\/\/www.mzone.cz\/?s={search_term_string}"},"query-input":{"@type":"PropertyValueSpecification","valueRequired":true,"valueName":"search_term_string"}}],"inLanguage":"en-US"},{"@type":"Person","@id":"https:\/\/www.mzone.cz\/#\/schema\/person\/9bc20cc422a99cac4af6ff9297da32d4","name":"Mzone","image":{"@type":"ImageObject","inLanguage":"en-US","@id":"https:\/\/secure.gravatar.com\/avatar\/e780a8630f3182a3d06dd667ab6bea151a0d155b0951bc15fe22633acdac0676?s=96&d=mm&r=g","url":"https:\/\/secure.gravatar.com\/avatar\/e780a8630f3182a3d06dd667ab6bea151a0d155b0951bc15fe22633acdac0676?s=96&d=mm&r=g","contentUrl":"https:\/\/secure.gravatar.com\/avatar\/e780a8630f3182a3d06dd667ab6bea151a0d155b0951bc15fe22633acdac0676?s=96&d=mm&r=g","caption":"Mzone"},"url":"https:\/\/www.mzone.cz\/en\/author\/jakub\/"}]}},"_links":{"self":[{"href":"https:\/\/www.mzone.cz\/en\/wp-json\/wp\/v2\/posts\/12295","targetHints":{"allow":["GET"]}}],"collection":[{"href":"https:\/\/www.mzone.cz\/en\/wp-json\/wp\/v2\/posts"}],"about":[{"href":"https:\/\/www.mzone.cz\/en\/wp-json\/wp\/v2\/types\/post"}],"author":[{"embeddable":true,"href":"https:\/\/www.mzone.cz\/en\/wp-json\/wp\/v2\/users\/4"}],"replies":[{"embeddable":true,"href":"https:\/\/www.mzone.cz\/en\/wp-json\/wp\/v2\/comments?post=12295"}],"version-history":[{"count":19,"href":"https:\/\/www.mzone.cz\/en\/wp-json\/wp\/v2\/posts\/12295\/revisions"}],"predecessor-version":[{"id":12314,"href":"https:\/\/www.mzone.cz\/en\/wp-json\/wp\/v2\/posts\/12295\/revisions\/12314"}],"wp:featuredmedia":[{"embeddable":true,"href":"https:\/\/www.mzone.cz\/en\/wp-json\/wp\/v2\/media\/12280"}],"wp:attachment":[{"href":"https:\/\/www.mzone.cz\/en\/wp-json\/wp\/v2\/media?parent=12295"}],"wp:term":[{"taxonomy":"category","embeddable":true,"href":"https:\/\/www.mzone.cz\/en\/wp-json\/wp\/v2\/categories?post=12295"},{"taxonomy":"post_tag","embeddable":true,"href":"https:\/\/www.mzone.cz\/en\/wp-json\/wp\/v2\/tags?post=12295"}],"curies":[{"name":"wp","href":"https:\/\/api.w.org\/{rel}","templated":true}]}}