{"id":12576,"date":"2019-09-06T06:00:17","date_gmt":"2019-09-06T04:00:17","guid":{"rendered":"https:\/\/www.mzone.cz\/?p=12576"},"modified":"2019-08-29T16:57:04","modified_gmt":"2019-08-29T14:57:04","slug":"volkswagen-predstavi-ve-frankfurtu-t-roc-v-kabriu","status":"publish","type":"post","link":"https:\/\/www.mzone.cz\/en\/volkswagen-predstavi-ve-frankfurtu-t-roc-v-kabriu\/","title":{"rendered":"Volkswagen p\u0159edstav\u00ed ve Frankfurtu T-Roc v kabriu"},"content":{"rendered":"<p><strong>Volkswagen p\u0159edstav\u00ed ve sv\u011btov\u00e9 premi\u00e9\u0159e nov\u00fd T-Roc Cabriolet. Otev\u0159en\u00e1 varianta roz\u0161\u00ed\u0159\u00ed paletu obl\u00edben\u00fdch crossover\u016f a na rostouc\u00ed trh SUV vstoup\u00ed s nev\u0161edn\u00edm lifestylov\u00fdm charakterem. Nov\u00fd T-Roc Cabriolet bude ofici\u00e1ln\u011b p\u0159edstaven na mezin\u00e1rodn\u00edm autosalonu IAA ve Frankfurtu nad Mohanem, kter\u00fd se kon\u00e1 ve dnech 12. a\u017e 22. z\u00e1\u0159\u00ed. Nov\u00fd model bude uveden na trh na ja\u0159e 2020.<\/strong><\/p><br>\n\n\n\n<p>T-Roc Cabriolet dle slov v\u00fdrobce nab\u00edz\u00ed &#8211; jako prvn\u00ed otev\u0159en\u00fd kompaktn\u00ed crossover &#8211; atraktivn\u00ed kombinaci v\u00fdrazn\u00e9ho, extrovertn\u00edho designu, zv\u00fd\u0161en\u00e9 polohy sedadel, kter\u00e1 je pro SUV typick\u00e1, vysok\u00e9 flexibility a jedine\u010dn\u00fdch z\u00e1\u017eitk\u016f z j\u00edzdy v kabrioletu.<\/p><br>\n\n\n\n<h2 class=\"wp-block-heading\">Skl\u00e1dac\u00ed st\u0159echa kabrioletu<\/h2>\n\n\n\n<p>T-Roc Cabriolet disponuje klasickou skl\u00e1dac\u00ed st\u0159echou z tkaniny, \u010d\u00edm\u017e navazuje na tradice model\u016f Brouk a Golf. S\u00e9riov\u011b dod\u00e1van\u00e1 skl\u00e1dac\u00ed st\u0159echa se zcela automatick\u00fdm ovl\u00e1d\u00e1n\u00edm se otev\u0159e b\u011bhem pouh\u00fdch dev\u00edti sekund.<\/p>\n\n\n\n<blockquote class=\"wp-block-quote is-layout-flow wp-block-quote-is-layout-flow\"><p>St\u0159echu lze otev\u00edrat i zav\u00edrat tak\u00e9 za j\u00edzdy rychlost\u00ed a\u017e 30 km\/h. Skl\u00e1dac\u00ed st\u0159echa z tkaniny se p\u0159itom odji\u0161\u0165uje a zaji\u0161\u0165uje elektromechanicky.<\/p><\/blockquote>\n\n\n\n<h2 class=\"wp-block-heading\">Bezpe\u010dnost a\u017e do nejmen\u0161\u00edho detailu<\/h2>\n\n\n\n<p>Cestuj\u00edc\u00ed jsou v interi\u00e9ru modelu T-Roc Cabriolet dob\u0159e chr\u00e1n\u011bni, mimo jin\u00e9 i d\u00edky v\u00fdsuvn\u00fdm ochrann\u00fdm prvk\u016fm za zadn\u00edmi sedadly pro p\u0159\u00edpad p\u0159evr\u00e1cen\u00ed. Syst\u00e9m, pou\u017eit\u00fd v modelu T-Roc, se po p\u0159ekro\u010den\u00ed definovan\u00e9ho p\u0159\u00ed\u010dn\u00e9ho zrychlen\u00ed nebo n\u00e1klonu vozidla vysune b\u011bhem zlomku sekundy v bl\u00edzkosti op\u011brek hlavy vzadu. K nejvy\u0161\u0161\u00ed \u00farovni bezpe\u010dnosti modelu T-Roc Cabriolet p\u0159isp\u00edv\u00e1 nav\u00edc vyztu\u017een\u00fd r\u00e1m \u010deln\u00edho okna ve spojen\u00ed s dal\u0161\u00edmi v\u00fdztuhami skeletu karoserie.<\/p><br>\n\n\n\n<h2 class=\"wp-block-heading\">&#8220;Always On&#8221; a &#8220;Digital Cockpit&#8221;<\/h2>\n\n\n\n<p>Kabriolet je trvale online d\u00edky nejnov\u011bj\u0161\u00ed generaci informa\u010dn\u00edch a z\u00e1bavn\u00edch syst\u00e9m\u016f (MIB3), dod\u00e1van\u00fdch na p\u0159\u00e1n\u00ed. D\u00edky tomu mohou cestuj\u00edc\u00ed vyu\u017e\u00edvat nov\u00e9 funkce a slu\u017eby. Nov\u00fd syst\u00e9m disponuje jednotkou pro p\u0159ipojen\u00ed k internetu v\u010detn\u011b integrovan\u00e9 karty eSIM. Kabriolet je tak na p\u0159\u00e1n\u00ed nep\u0159etr\u017eit\u011b p\u0159ipojen k internetu, jakmile jej \u0159idi\u010d p\u0159ihl\u00e1s\u00ed do syst\u00e9mu Volkswagen.<\/p><br>\n\n\n\n<figure class=\"wp-block-image\"><img loading=\"lazy\" decoding=\"async\" width=\"852\" height=\"480\" src=\"https:\/\/www.mzone.cz\/wp-content\/uploads\/2019\/08\/01.jpg\" alt=\"\" class=\"wp-image-12581\" srcset=\"https:\/\/www.mzone.cz\/wp-content\/uploads\/2019\/08\/01.jpg 852w, https:\/\/www.mzone.cz\/wp-content\/uploads\/2019\/08\/01-300x169.jpg 300w, https:\/\/www.mzone.cz\/wp-content\/uploads\/2019\/08\/01-768x433.jpg 768w, https:\/\/www.mzone.cz\/wp-content\/uploads\/2019\/08\/01-590x332.jpg 590w\" sizes=\"auto, (max-width: 852px) 100vw, 852px\" \/><\/figure><br>\n\n\n\n<p>Informace jsou zobrazov\u00e1ny na displeji informa\u010dn\u00edho a z\u00e1bavn\u00edho syst\u00e9mu s \u00fahlop\u0159\u00ed\u010dkou a\u017e 8,0 palce. V kombinaci s digit\u00e1ln\u00edm panelem p\u0159\u00edstroj\u016f Active Info Display na displeji s \u00fahlop\u0159\u00ed\u010dkou 11,7 palce, dod\u00e1van\u00fdm na p\u0159\u00e1n\u00ed, vznikne tzv. &#8220;Digital Cockpit&#8221;, p\u0159\u00edstrojov\u00e1 deska s kompletn\u011b digit\u00e1ln\u00edmi zobrazovac\u00edmi syst\u00e9my.<\/p><br>\n\n\n\n<h2 class=\"wp-block-heading\">V\u00fdbavov\u00e9 linie &#8220;Style&#8221; a &#8220;R-Line&#8221;<\/h2>\n\n\n\n<p>Z\u00e1kazn\u00edci budou m\u00edt na v\u00fdb\u011br v\u00fdbavov\u00e9 linie &#8220;Style&#8221; a &#8220;R-Line&#8221;. V\u00fdbavov\u00e1 linie &#8220;Style&#8221; se orientuje na design a individu\u00e1ln\u00ed styl. V\u00fdbavov\u00e1 linie &#8220;R-Line&#8221; se vyzna\u010duje d\u016fsledn\u011b sportovn\u00edm zam\u011b\u0159en\u00edm a jej\u00ed sou\u010d\u00e1st\u00ed jsou exteri\u00e9rov\u00e9 a interi\u00e9rov\u00e9 pakety R-Line, nab\u00edzen\u00e9 na p\u0159\u00e1n\u00ed.<\/p>\n\n\n\n<blockquote class=\"wp-block-quote is-layout-flow wp-block-quote-is-layout-flow\"><p>Sportovn\u00ed charakter nav\u00edc umoc\u0148uj\u00ed mimo jin\u00e9 s\u00e9riov\u011b dod\u00e1van\u00e9 mlhov\u00e9 sv\u011btlomety, sportovn\u011b nastaven\u00fd podvozek a progresivn\u00ed \u0159\u00edzen\u00ed s posilova\u010dem, z\u00e1visl\u00fdm na rychlosti j\u00edzdy.<\/p><\/blockquote>\n\n\n\n<figure class=\"wp-block-image\"><img loading=\"lazy\" decoding=\"async\" width=\"852\" height=\"480\" src=\"https:\/\/www.mzone.cz\/wp-content\/uploads\/2019\/08\/02.jpg\" alt=\"\" class=\"wp-image-12583\" srcset=\"https:\/\/www.mzone.cz\/wp-content\/uploads\/2019\/08\/02.jpg 852w, https:\/\/www.mzone.cz\/wp-content\/uploads\/2019\/08\/02-300x169.jpg 300w, https:\/\/www.mzone.cz\/wp-content\/uploads\/2019\/08\/02-768x433.jpg 768w, https:\/\/www.mzone.cz\/wp-content\/uploads\/2019\/08\/02-590x332.jpg 590w\" sizes=\"auto, (max-width: 852px) 100vw, 852px\" \/><\/figure><br>\n\n\n\n<h2 class=\"wp-block-heading\">Dva hospod\u00e1rn\u00e9 motory<\/h2>\n\n\n\n<p>T-Roc Cabriolet s pohonem p\u0159edn\u00edch kol bude nab\u00edzen se dv\u011bma hospod\u00e1rn\u00fdmi z\u00e1\u017eehov\u00fdmi motory, p\u0159epl\u0148ovan\u00fdmi turbodmychadlem, o v\u00fdkonu 85 kW (116 kon\u00ed) nebo 110 kW (150 kon\u00ed). T\u0159\u00edv\u00e1lec 1,0 litru o v\u00fdkonu 85 kW je s\u00e9riov\u011b vybaven \u0161estistup\u0148ovou p\u0159\u00edmo \u0159azenou p\u0159evodovkou, pro v\u00fdkonn\u011bj\u0161\u00ed \u010dty\u0159v\u00e1lec 1,5 litru o v\u00fdkonu 110 kW se nav\u00edc na p\u0159\u00e1n\u00ed dod\u00e1v\u00e1 sedmistup\u0148ov\u00e1 dvouspojkov\u00e1 p\u0159evodovka.<\/p><br>\n\n\n\n<div class=\"wp-block-image\"><figure class=\"alignleft is-resized\"><img loading=\"lazy\" decoding=\"async\" src=\"https:\/\/www.mzone.cz\/wp-content\/uploads\/2019\/07\/XCeed_DesignStory_4-kopie-1024x683.jpg\" alt=\"\" class=\"wp-image-11145\" width=\"128\" height=\"84\" srcset=\"https:\/\/www.mzone.cz\/wp-content\/uploads\/2019\/07\/XCeed_DesignStory_4-kopie-1024x683.jpg 1024w, https:\/\/www.mzone.cz\/wp-content\/uploads\/2019\/07\/XCeed_DesignStory_4-kopie-300x200.jpg 300w, https:\/\/www.mzone.cz\/wp-content\/uploads\/2019\/07\/XCeed_DesignStory_4-kopie-768x512.jpg 768w, https:\/\/www.mzone.cz\/wp-content\/uploads\/2019\/07\/XCeed_DesignStory_4-kopie-800x533.jpg 800w, https:\/\/www.mzone.cz\/wp-content\/uploads\/2019\/07\/XCeed_DesignStory_4-kopie.jpg 1080w, https:\/\/www.mzone.cz\/wp-content\/uploads\/2019\/07\/XCeed_DesignStory_4-kopie-400x267.jpg 400w, https:\/\/www.mzone.cz\/wp-content\/uploads\/2019\/07\/XCeed_DesignStory_4-kopie-500x333.jpg 500w, https:\/\/www.mzone.cz\/wp-content\/uploads\/2019\/07\/XCeed_DesignStory_4-kopie-590x393.jpg 590w\" sizes=\"auto, (max-width: 128px) 100vw, 128px\" \/><\/figure><\/div>\n\n\n\n<h4><a href=\"https:\/\/www.mzone.cz\/kia-predstavila-novy-model-xceed-zname-pribeh-jeho-vzniku\/\">Kia p\u0159edstavila nov\u00fd model XCeed. Zn\u00e1me p\u0159\u00edb\u011bh jeho vzniku!<\/a><\/h4><br>","protected":false},"excerpt":{"rendered":"<p>Volkswagen p\u0159edstav\u00ed ve sv\u011btov\u00e9 premi\u00e9\u0159e nov\u00fd T-Roc Cabriolet. Otev\u0159en\u00e1 varianta roz\u0161\u00ed\u0159\u00ed paletu obl\u00edben\u00fdch crossover\u016f a na rostouc\u00ed trh SUV vstoup\u00ed s nev\u0161edn\u00edm lifestylov\u00fdm charakterem. Nov\u00fd T-Roc Cabriolet bude ofici\u00e1ln\u011b p\u0159edstaven na mezin\u00e1rodn\u00edm autosalonu IAA ve Frankfurtu nad Mohanem, kter\u00fd se kon\u00e1 ve dnech 12. a\u017e 22. z\u00e1\u0159\u00ed. Nov\u00fd model bude uveden na trh na ja\u0159e [&hellip;]<\/p>\n","protected":false},"author":4,"featured_media":12577,"comment_status":"open","ping_status":"closed","sticky":false,"template":"","format":"standard","meta":{"kk_blocks_editor_width":"","_kiokenblocks_attr":"","_kiokenblocks_dimensions":"","footnotes":""},"categories":[69],"tags":[585,82,462,724,1541,2740,2742,2743,1394,16,2461,607,2739,2738,2741],"class_list":["post-12576","post","type-post","status-publish","format-standard","has-post-thumbnail","hentry","category-auto-moto","tag-auta","tag-auto","tag-auto-moto","tag-automobil","tag-autosalon","tag-cabrio","tag-cabriolet","tag-frankfurt","tag-kabriolet","tag-novinka","tag-novy-model","tag-predstaveni","tag-t-roc","tag-volkswagen","tag-volkswagen-t-roc-cabriolet"],"yoast_head":"<!-- This site is optimized with the Yoast SEO plugin v27.5 - https:\/\/yoast.com\/product\/yoast-seo-wordpress\/ -->\n<title>Volkswagen p\u0159edstav\u00ed ve Frankfurtu T-Roc v kabriu - Mzone<\/title>\n<meta name=\"description\" content=\"Volkswagen p\u0159edstav\u00ed ve sv\u011btov\u00e9 premi\u00e9\u0159e nov\u00fd T-Roc Cabriolet. Otev\u0159en\u00e1 varianta roz\u0161\u00ed\u0159\u00ed paletu obl\u00edben\u00fdch crossover\u016f a na rostouc\u00ed trh SUV vstoup\u00ed s nev\u0161edn\u00edm lifestylov\u00fdm charakterem. Nov\u00fd T-Roc Cabriolet bude ofici\u00e1ln\u011b p\u0159edstaven na mezin\u00e1rodn\u00edm autosalonu IAA ve Frankfurtu nad Mohanem, kter\u00fd se kon\u00e1 ve dnech 12. a\u017e 22. z\u00e1\u0159\u00ed. Nov\u00fd model bude uveden na trh na ja\u0159e 2020.\" \/>\n<meta name=\"robots\" content=\"index, follow, max-snippet:-1, max-image-preview:large, max-video-preview:-1\" \/>\n<link rel=\"canonical\" href=\"https:\/\/www.mzone.cz\/en\/volkswagen-predstavi-ve-frankfurtu-t-roc-v-kabriu\/\" \/>\n<meta property=\"og:locale\" content=\"en_US\" \/>\n<meta property=\"og:type\" content=\"article\" \/>\n<meta property=\"og:title\" content=\"Volkswagen p\u0159edstav\u00ed ve Frankfurtu T-Roc v kabriu - Mzone\" \/>\n<meta property=\"og:description\" content=\"Volkswagen p\u0159edstav\u00ed ve sv\u011btov\u00e9 premi\u00e9\u0159e nov\u00fd T-Roc Cabriolet. Otev\u0159en\u00e1 varianta roz\u0161\u00ed\u0159\u00ed paletu obl\u00edben\u00fdch crossover\u016f a na rostouc\u00ed trh SUV vstoup\u00ed s nev\u0161edn\u00edm lifestylov\u00fdm charakterem. Nov\u00fd T-Roc Cabriolet bude ofici\u00e1ln\u011b p\u0159edstaven na mezin\u00e1rodn\u00edm autosalonu IAA ve Frankfurtu nad Mohanem, kter\u00fd se kon\u00e1 ve dnech 12. a\u017e 22. z\u00e1\u0159\u00ed. Nov\u00fd model bude uveden na trh na ja\u0159e 2020.\" \/>\n<meta property=\"og:url\" content=\"https:\/\/www.mzone.cz\/en\/volkswagen-predstavi-ve-frankfurtu-t-roc-v-kabriu\/\" \/>\n<meta property=\"og:site_name\" content=\"Mzone\" \/>\n<meta property=\"article:publisher\" content=\"https:\/\/www.facebook.com\/MzoneCZ\/\" \/>\n<meta property=\"article:published_time\" content=\"2019-09-06T04:00:17+00:00\" \/>\n<meta property=\"og:image\" content=\"https:\/\/www.mzone.cz\/wp-content\/uploads\/2019\/08\/Volkswagne-T-Roc-Cabriolet.jpg\" \/>\n\t<meta property=\"og:image:width\" content=\"649\" \/>\n\t<meta property=\"og:image:height\" content=\"433\" \/>\n\t<meta property=\"og:image:type\" content=\"image\/jpeg\" \/>\n<meta name=\"author\" content=\"Mzone\" \/>\n<meta name=\"twitter:card\" content=\"summary_large_image\" \/>\n<meta name=\"twitter:label1\" content=\"Written by\" \/>\n\t<meta name=\"twitter:data1\" content=\"Mzone\" \/>\n\t<meta name=\"twitter:label2\" content=\"Est. reading time\" \/>\n\t<meta name=\"twitter:data2\" content=\"3 minutes\" \/>\n<script type=\"application\/ld+json\" class=\"yoast-schema-graph\">{\"@context\":\"https:\\\/\\\/schema.org\",\"@graph\":[{\"@type\":\"Article\",\"@id\":\"https:\\\/\\\/www.mzone.cz\\\/volkswagen-predstavi-ve-frankfurtu-t-roc-v-kabriu\\\/#article\",\"isPartOf\":{\"@id\":\"https:\\\/\\\/www.mzone.cz\\\/volkswagen-predstavi-ve-frankfurtu-t-roc-v-kabriu\\\/\"},\"author\":{\"name\":\"Mzone\",\"@id\":\"https:\\\/\\\/www.mzone.cz\\\/#\\\/schema\\\/person\\\/9bc20cc422a99cac4af6ff9297da32d4\"},\"headline\":\"Volkswagen p\u0159edstav\u00ed ve Frankfurtu T-Roc v kabriu\",\"datePublished\":\"2019-09-06T04:00:17+00:00\",\"mainEntityOfPage\":{\"@id\":\"https:\\\/\\\/www.mzone.cz\\\/volkswagen-predstavi-ve-frankfurtu-t-roc-v-kabriu\\\/\"},\"wordCount\":639,\"commentCount\":0,\"image\":{\"@id\":\"https:\\\/\\\/www.mzone.cz\\\/volkswagen-predstavi-ve-frankfurtu-t-roc-v-kabriu\\\/#primaryimage\"},\"thumbnailUrl\":\"https:\\\/\\\/www.mzone.cz\\\/wp-content\\\/uploads\\\/2019\\\/08\\\/Volkswagne-T-Roc-Cabriolet.jpg\",\"keywords\":[\"auta\",\"Auto\",\"auto-moto\",\"automobil\",\"autosalon\",\"cabrio\",\"cabriolet\",\"Frankfurt\",\"kabriolet\",\"Novinka\",\"nov\u00fd model\",\"p\u0159edstaven\u00ed\",\"T-Roc\",\"Volkswagen\",\"Volkswagen T-Roc Cabriolet\"],\"articleSection\":[\"Auto-moto\"],\"inLanguage\":\"en-US\",\"potentialAction\":[{\"@type\":\"CommentAction\",\"name\":\"Comment\",\"target\":[\"https:\\\/\\\/www.mzone.cz\\\/volkswagen-predstavi-ve-frankfurtu-t-roc-v-kabriu\\\/#respond\"]}]},{\"@type\":\"WebPage\",\"@id\":\"https:\\\/\\\/www.mzone.cz\\\/volkswagen-predstavi-ve-frankfurtu-t-roc-v-kabriu\\\/\",\"url\":\"https:\\\/\\\/www.mzone.cz\\\/volkswagen-predstavi-ve-frankfurtu-t-roc-v-kabriu\\\/\",\"name\":\"Volkswagen p\u0159edstav\u00ed ve Frankfurtu T-Roc v kabriu - Mzone\",\"isPartOf\":{\"@id\":\"https:\\\/\\\/www.mzone.cz\\\/#website\"},\"primaryImageOfPage\":{\"@id\":\"https:\\\/\\\/www.mzone.cz\\\/volkswagen-predstavi-ve-frankfurtu-t-roc-v-kabriu\\\/#primaryimage\"},\"image\":{\"@id\":\"https:\\\/\\\/www.mzone.cz\\\/volkswagen-predstavi-ve-frankfurtu-t-roc-v-kabriu\\\/#primaryimage\"},\"thumbnailUrl\":\"https:\\\/\\\/www.mzone.cz\\\/wp-content\\\/uploads\\\/2019\\\/08\\\/Volkswagne-T-Roc-Cabriolet.jpg\",\"datePublished\":\"2019-09-06T04:00:17+00:00\",\"author\":{\"@id\":\"https:\\\/\\\/www.mzone.cz\\\/#\\\/schema\\\/person\\\/9bc20cc422a99cac4af6ff9297da32d4\"},\"description\":\"Volkswagen p\u0159edstav\u00ed ve sv\u011btov\u00e9 premi\u00e9\u0159e nov\u00fd T-Roc Cabriolet. Otev\u0159en\u00e1 varianta roz\u0161\u00ed\u0159\u00ed paletu obl\u00edben\u00fdch crossover\u016f a na rostouc\u00ed trh SUV vstoup\u00ed s nev\u0161edn\u00edm lifestylov\u00fdm charakterem. Nov\u00fd T-Roc Cabriolet bude ofici\u00e1ln\u011b p\u0159edstaven na mezin\u00e1rodn\u00edm autosalonu IAA ve Frankfurtu nad Mohanem, kter\u00fd se kon\u00e1 ve dnech 12. a\u017e 22. z\u00e1\u0159\u00ed. Nov\u00fd model bude uveden na trh na ja\u0159e 2020.\",\"breadcrumb\":{\"@id\":\"https:\\\/\\\/www.mzone.cz\\\/volkswagen-predstavi-ve-frankfurtu-t-roc-v-kabriu\\\/#breadcrumb\"},\"inLanguage\":\"en-US\",\"potentialAction\":[{\"@type\":\"ReadAction\",\"target\":[\"https:\\\/\\\/www.mzone.cz\\\/volkswagen-predstavi-ve-frankfurtu-t-roc-v-kabriu\\\/\"]}]},{\"@type\":\"ImageObject\",\"inLanguage\":\"en-US\",\"@id\":\"https:\\\/\\\/www.mzone.cz\\\/volkswagen-predstavi-ve-frankfurtu-t-roc-v-kabriu\\\/#primaryimage\",\"url\":\"https:\\\/\\\/www.mzone.cz\\\/wp-content\\\/uploads\\\/2019\\\/08\\\/Volkswagne-T-Roc-Cabriolet.jpg\",\"contentUrl\":\"https:\\\/\\\/www.mzone.cz\\\/wp-content\\\/uploads\\\/2019\\\/08\\\/Volkswagne-T-Roc-Cabriolet.jpg\",\"width\":649,\"height\":433},{\"@type\":\"BreadcrumbList\",\"@id\":\"https:\\\/\\\/www.mzone.cz\\\/volkswagen-predstavi-ve-frankfurtu-t-roc-v-kabriu\\\/#breadcrumb\",\"itemListElement\":[{\"@type\":\"ListItem\",\"position\":1,\"name\":\"Dom\u016f\",\"item\":\"https:\\\/\\\/www.mzone.cz\\\/\"},{\"@type\":\"ListItem\",\"position\":2,\"name\":\"Volkswagen p\u0159edstav\u00ed ve Frankfurtu T-Roc v kabriu\"}]},{\"@type\":\"WebSite\",\"@id\":\"https:\\\/\\\/www.mzone.cz\\\/#website\",\"url\":\"https:\\\/\\\/www.mzone.cz\\\/\",\"name\":\"Mzone\",\"description\":\"Magaz\u00edn nejen pro mu\u017ee\",\"potentialAction\":[{\"@type\":\"SearchAction\",\"target\":{\"@type\":\"EntryPoint\",\"urlTemplate\":\"https:\\\/\\\/www.mzone.cz\\\/?s={search_term_string}\"},\"query-input\":{\"@type\":\"PropertyValueSpecification\",\"valueRequired\":true,\"valueName\":\"search_term_string\"}}],\"inLanguage\":\"en-US\"},{\"@type\":\"Person\",\"@id\":\"https:\\\/\\\/www.mzone.cz\\\/#\\\/schema\\\/person\\\/9bc20cc422a99cac4af6ff9297da32d4\",\"name\":\"Mzone\",\"image\":{\"@type\":\"ImageObject\",\"inLanguage\":\"en-US\",\"@id\":\"https:\\\/\\\/secure.gravatar.com\\\/avatar\\\/e780a8630f3182a3d06dd667ab6bea151a0d155b0951bc15fe22633acdac0676?s=96&d=mm&r=g\",\"url\":\"https:\\\/\\\/secure.gravatar.com\\\/avatar\\\/e780a8630f3182a3d06dd667ab6bea151a0d155b0951bc15fe22633acdac0676?s=96&d=mm&r=g\",\"contentUrl\":\"https:\\\/\\\/secure.gravatar.com\\\/avatar\\\/e780a8630f3182a3d06dd667ab6bea151a0d155b0951bc15fe22633acdac0676?s=96&d=mm&r=g\",\"caption\":\"Mzone\"},\"url\":\"https:\\\/\\\/www.mzone.cz\\\/en\\\/author\\\/jakub\\\/\"}]}<\/script>\n<!-- \/ Yoast SEO plugin. -->","yoast_head_json":{"title":"Volkswagen p\u0159edstav\u00ed ve Frankfurtu T-Roc v kabriu - Mzone","description":"Volkswagen p\u0159edstav\u00ed ve sv\u011btov\u00e9 premi\u00e9\u0159e nov\u00fd T-Roc Cabriolet. Otev\u0159en\u00e1 varianta roz\u0161\u00ed\u0159\u00ed paletu obl\u00edben\u00fdch crossover\u016f a na rostouc\u00ed trh SUV vstoup\u00ed s nev\u0161edn\u00edm lifestylov\u00fdm charakterem. Nov\u00fd T-Roc Cabriolet bude ofici\u00e1ln\u011b p\u0159edstaven na mezin\u00e1rodn\u00edm autosalonu IAA ve Frankfurtu nad Mohanem, kter\u00fd se kon\u00e1 ve dnech 12. a\u017e 22. z\u00e1\u0159\u00ed. Nov\u00fd model bude uveden na trh na ja\u0159e 2020.","robots":{"index":"index","follow":"follow","max-snippet":"max-snippet:-1","max-image-preview":"max-image-preview:large","max-video-preview":"max-video-preview:-1"},"canonical":"https:\/\/www.mzone.cz\/en\/volkswagen-predstavi-ve-frankfurtu-t-roc-v-kabriu\/","og_locale":"en_US","og_type":"article","og_title":"Volkswagen p\u0159edstav\u00ed ve Frankfurtu T-Roc v kabriu - Mzone","og_description":"Volkswagen p\u0159edstav\u00ed ve sv\u011btov\u00e9 premi\u00e9\u0159e nov\u00fd T-Roc Cabriolet. Otev\u0159en\u00e1 varianta roz\u0161\u00ed\u0159\u00ed paletu obl\u00edben\u00fdch crossover\u016f a na rostouc\u00ed trh SUV vstoup\u00ed s nev\u0161edn\u00edm lifestylov\u00fdm charakterem. Nov\u00fd T-Roc Cabriolet bude ofici\u00e1ln\u011b p\u0159edstaven na mezin\u00e1rodn\u00edm autosalonu IAA ve Frankfurtu nad Mohanem, kter\u00fd se kon\u00e1 ve dnech 12. a\u017e 22. z\u00e1\u0159\u00ed. Nov\u00fd model bude uveden na trh na ja\u0159e 2020.","og_url":"https:\/\/www.mzone.cz\/en\/volkswagen-predstavi-ve-frankfurtu-t-roc-v-kabriu\/","og_site_name":"Mzone","article_publisher":"https:\/\/www.facebook.com\/MzoneCZ\/","article_published_time":"2019-09-06T04:00:17+00:00","og_image":[{"width":649,"height":433,"url":"https:\/\/www.mzone.cz\/wp-content\/uploads\/2019\/08\/Volkswagne-T-Roc-Cabriolet.jpg","type":"image\/jpeg"}],"author":"Mzone","twitter_card":"summary_large_image","twitter_misc":{"Written by":"Mzone","Est. reading time":"3 minutes"},"schema":{"@context":"https:\/\/schema.org","@graph":[{"@type":"Article","@id":"https:\/\/www.mzone.cz\/volkswagen-predstavi-ve-frankfurtu-t-roc-v-kabriu\/#article","isPartOf":{"@id":"https:\/\/www.mzone.cz\/volkswagen-predstavi-ve-frankfurtu-t-roc-v-kabriu\/"},"author":{"name":"Mzone","@id":"https:\/\/www.mzone.cz\/#\/schema\/person\/9bc20cc422a99cac4af6ff9297da32d4"},"headline":"Volkswagen p\u0159edstav\u00ed ve Frankfurtu T-Roc v kabriu","datePublished":"2019-09-06T04:00:17+00:00","mainEntityOfPage":{"@id":"https:\/\/www.mzone.cz\/volkswagen-predstavi-ve-frankfurtu-t-roc-v-kabriu\/"},"wordCount":639,"commentCount":0,"image":{"@id":"https:\/\/www.mzone.cz\/volkswagen-predstavi-ve-frankfurtu-t-roc-v-kabriu\/#primaryimage"},"thumbnailUrl":"https:\/\/www.mzone.cz\/wp-content\/uploads\/2019\/08\/Volkswagne-T-Roc-Cabriolet.jpg","keywords":["auta","Auto","auto-moto","automobil","autosalon","cabrio","cabriolet","Frankfurt","kabriolet","Novinka","nov\u00fd model","p\u0159edstaven\u00ed","T-Roc","Volkswagen","Volkswagen T-Roc Cabriolet"],"articleSection":["Auto-moto"],"inLanguage":"en-US","potentialAction":[{"@type":"CommentAction","name":"Comment","target":["https:\/\/www.mzone.cz\/volkswagen-predstavi-ve-frankfurtu-t-roc-v-kabriu\/#respond"]}]},{"@type":"WebPage","@id":"https:\/\/www.mzone.cz\/volkswagen-predstavi-ve-frankfurtu-t-roc-v-kabriu\/","url":"https:\/\/www.mzone.cz\/volkswagen-predstavi-ve-frankfurtu-t-roc-v-kabriu\/","name":"Volkswagen p\u0159edstav\u00ed ve Frankfurtu T-Roc v kabriu - Mzone","isPartOf":{"@id":"https:\/\/www.mzone.cz\/#website"},"primaryImageOfPage":{"@id":"https:\/\/www.mzone.cz\/volkswagen-predstavi-ve-frankfurtu-t-roc-v-kabriu\/#primaryimage"},"image":{"@id":"https:\/\/www.mzone.cz\/volkswagen-predstavi-ve-frankfurtu-t-roc-v-kabriu\/#primaryimage"},"thumbnailUrl":"https:\/\/www.mzone.cz\/wp-content\/uploads\/2019\/08\/Volkswagne-T-Roc-Cabriolet.jpg","datePublished":"2019-09-06T04:00:17+00:00","author":{"@id":"https:\/\/www.mzone.cz\/#\/schema\/person\/9bc20cc422a99cac4af6ff9297da32d4"},"description":"Volkswagen p\u0159edstav\u00ed ve sv\u011btov\u00e9 premi\u00e9\u0159e nov\u00fd T-Roc Cabriolet. Otev\u0159en\u00e1 varianta roz\u0161\u00ed\u0159\u00ed paletu obl\u00edben\u00fdch crossover\u016f a na rostouc\u00ed trh SUV vstoup\u00ed s nev\u0161edn\u00edm lifestylov\u00fdm charakterem. Nov\u00fd T-Roc Cabriolet bude ofici\u00e1ln\u011b p\u0159edstaven na mezin\u00e1rodn\u00edm autosalonu IAA ve Frankfurtu nad Mohanem, kter\u00fd se kon\u00e1 ve dnech 12. a\u017e 22. z\u00e1\u0159\u00ed. Nov\u00fd model bude uveden na trh na ja\u0159e 2020.","breadcrumb":{"@id":"https:\/\/www.mzone.cz\/volkswagen-predstavi-ve-frankfurtu-t-roc-v-kabriu\/#breadcrumb"},"inLanguage":"en-US","potentialAction":[{"@type":"ReadAction","target":["https:\/\/www.mzone.cz\/volkswagen-predstavi-ve-frankfurtu-t-roc-v-kabriu\/"]}]},{"@type":"ImageObject","inLanguage":"en-US","@id":"https:\/\/www.mzone.cz\/volkswagen-predstavi-ve-frankfurtu-t-roc-v-kabriu\/#primaryimage","url":"https:\/\/www.mzone.cz\/wp-content\/uploads\/2019\/08\/Volkswagne-T-Roc-Cabriolet.jpg","contentUrl":"https:\/\/www.mzone.cz\/wp-content\/uploads\/2019\/08\/Volkswagne-T-Roc-Cabriolet.jpg","width":649,"height":433},{"@type":"BreadcrumbList","@id":"https:\/\/www.mzone.cz\/volkswagen-predstavi-ve-frankfurtu-t-roc-v-kabriu\/#breadcrumb","itemListElement":[{"@type":"ListItem","position":1,"name":"Dom\u016f","item":"https:\/\/www.mzone.cz\/"},{"@type":"ListItem","position":2,"name":"Volkswagen p\u0159edstav\u00ed ve Frankfurtu T-Roc v kabriu"}]},{"@type":"WebSite","@id":"https:\/\/www.mzone.cz\/#website","url":"https:\/\/www.mzone.cz\/","name":"Mzone","description":"Magaz\u00edn nejen pro mu\u017ee","potentialAction":[{"@type":"SearchAction","target":{"@type":"EntryPoint","urlTemplate":"https:\/\/www.mzone.cz\/?s={search_term_string}"},"query-input":{"@type":"PropertyValueSpecification","valueRequired":true,"valueName":"search_term_string"}}],"inLanguage":"en-US"},{"@type":"Person","@id":"https:\/\/www.mzone.cz\/#\/schema\/person\/9bc20cc422a99cac4af6ff9297da32d4","name":"Mzone","image":{"@type":"ImageObject","inLanguage":"en-US","@id":"https:\/\/secure.gravatar.com\/avatar\/e780a8630f3182a3d06dd667ab6bea151a0d155b0951bc15fe22633acdac0676?s=96&d=mm&r=g","url":"https:\/\/secure.gravatar.com\/avatar\/e780a8630f3182a3d06dd667ab6bea151a0d155b0951bc15fe22633acdac0676?s=96&d=mm&r=g","contentUrl":"https:\/\/secure.gravatar.com\/avatar\/e780a8630f3182a3d06dd667ab6bea151a0d155b0951bc15fe22633acdac0676?s=96&d=mm&r=g","caption":"Mzone"},"url":"https:\/\/www.mzone.cz\/en\/author\/jakub\/"}]}},"_links":{"self":[{"href":"https:\/\/www.mzone.cz\/en\/wp-json\/wp\/v2\/posts\/12576","targetHints":{"allow":["GET"]}}],"collection":[{"href":"https:\/\/www.mzone.cz\/en\/wp-json\/wp\/v2\/posts"}],"about":[{"href":"https:\/\/www.mzone.cz\/en\/wp-json\/wp\/v2\/types\/post"}],"author":[{"embeddable":true,"href":"https:\/\/www.mzone.cz\/en\/wp-json\/wp\/v2\/users\/4"}],"replies":[{"embeddable":true,"href":"https:\/\/www.mzone.cz\/en\/wp-json\/wp\/v2\/comments?post=12576"}],"version-history":[{"count":6,"href":"https:\/\/www.mzone.cz\/en\/wp-json\/wp\/v2\/posts\/12576\/revisions"}],"predecessor-version":[{"id":12585,"href":"https:\/\/www.mzone.cz\/en\/wp-json\/wp\/v2\/posts\/12576\/revisions\/12585"}],"wp:featuredmedia":[{"embeddable":true,"href":"https:\/\/www.mzone.cz\/en\/wp-json\/wp\/v2\/media\/12577"}],"wp:attachment":[{"href":"https:\/\/www.mzone.cz\/en\/wp-json\/wp\/v2\/media?parent=12576"}],"wp:term":[{"taxonomy":"category","embeddable":true,"href":"https:\/\/www.mzone.cz\/en\/wp-json\/wp\/v2\/categories?post=12576"},{"taxonomy":"post_tag","embeddable":true,"href":"https:\/\/www.mzone.cz\/en\/wp-json\/wp\/v2\/tags?post=12576"}],"curies":[{"name":"wp","href":"https:\/\/api.w.org\/{rel}","templated":true}]}}