{"id":12707,"date":"2019-09-20T06:00:28","date_gmt":"2019-09-20T04:00:28","guid":{"rendered":"https:\/\/www.mzone.cz\/?p=12707"},"modified":"2020-04-27T15:07:39","modified_gmt":"2020-04-27T13:07:39","slug":"skoda-scala-ve-verzi-monte-carlo-vypada-paradne-dockame-se-i-varianty-rs","status":"publish","type":"post","link":"https:\/\/www.mzone.cz\/en\/skoda-scala-ve-verzi-monte-carlo-vypada-paradne-dockame-se-i-varianty-rs\/","title":{"rendered":"\u0160koda Scala ve verzi Monte Carlo vypad\u00e1 par\u00e1dn\u011b! Do\u010dk\u00e1me se i varianty RS?"},"content":{"rendered":"<p><strong>\u0160kodovka roz\u0161\u00ed\u0159ila paletu sv\u00e9ho nov\u00e9ho modelu Scala o obl\u00edbenou v\u00fdbavovou linii Monte Carlo. Je poctou \u00fasp\u011b\u0161n\u00e9 sout\u011b\u017en\u00ed historii automobilky a sv\u00fdmi \u010dern\u00fdmi prvky a \u010dern\u00fdm n\u00e1pisem \u0160koda na z\u00e1di dod\u00e1v\u00e1 Scale je\u0161t\u011b sportovn\u011bj\u0161\u00ed charakter.<\/strong><\/p><br>\n\n\n\n<p>Premi\u00e9ra modelu Scala Monte Carlo, kter\u00fd je k dispozici se v\u0161emi motory t\u00e9to modelov\u00e9 \u0159ady, prob\u011bhla na autosalonu IAA ve Frankfurtu. K z\u00e1kazn\u00edk\u016fm se prvn\u00ed vozy dostanou ve \u010dtvrt\u00e9m \u010dtvrtlet\u00ed tohoto roku.<\/p><br>\n\n\n\n<p>Sportovn\u00ed lifestylov\u00e9 varianty kompaktn\u00edch model\u016f od \u0160kodovky nesou tradi\u010dn\u011b ozna\u010den\u00ed Monte Carlo. Tato \u010dtvr\u0165 monack\u00e9ho kn\u00ed\u017eectv\u00ed je vedle lesku a luxusu tak\u00e9 synonymem v\u00edce ne\u017e stolet\u00e9 historie motoristick\u00e9ho sportu. Tradi\u010dn\u00ed rallye, kter\u00e1 je i sou\u010d\u00e1st\u00ed aktu\u00e1ln\u00edho kalend\u00e1\u0159e mistrovstv\u00ed sv\u011bta, se kon\u00e1 u\u017e od roku 1911.<\/p>\n\n\n\n<blockquote class=\"wp-block-quote is-layout-flow wp-block-quote-is-layout-flow\"><p>Tak\u00e9 \u0160kodovka slavila na Rallye Monte Carlo n\u011bkolik nejv\u011bt\u0161\u00edch \u00fasp\u011bch\u016f ve sv\u00e9 sportovn\u00ed historii. Nap\u0159\u00edklad v\u016fz \u0160koda Popular Sport se v roce 1936 um\u00edstil ve sv\u00e9 t\u0159\u00edd\u011b na druh\u00e9m m\u00edst\u011b, v roce 1977 ve sv\u00e9 kategorii pro zm\u011bnu z\u00edskala \u0160koda 130 RS double a \u00fasp\u011b\u0161n\u00e1 tu byla tak\u00e9 sout\u011b\u017en\u00ed verze modelu \u0160koda Fabia.<\/p><\/blockquote>\n\n\n\n<p>Model Scala Monte Carlo se na tuto dlouhou sportovn\u00ed tradici odvol\u00e1v\u00e1 a p\u0159ipom\u00edn\u00e1 legend\u00e1rn\u00ed vozy a triumfy.<\/p><br>\n\n\n\n<p>\u201eS novou verz\u00ed Monte Carlo zd\u016fraz\u0148ujeme sportovn\u011b-dynamick\u00fd charakter modelu Scala. \u010cern\u00e9 prvky, velk\u00e1 kola z lehk\u00fdch slitin i zvu\u010dn\u00e9 jm\u00e9no jsou odkazem na na\u0161e \u00fasp\u011b\u0161n\u00e9 sout\u011b\u017en\u00ed vozy. Z\u00e1rove\u0148 tyto modely c\u00edlen\u011b oslovuj\u00ed mlad\u0161\u00ed c\u00edlovou skupinu, kter\u00e1 oce\u0148uje sportovn\u00ed charakter a emocion\u00e1ln\u00ed, stylov\u00fd design,\u201c \u0159\u00edk\u00e1 o novince vedouc\u00ed odd\u011blen\u00ed \u0160koda Design Oliver Stefani.<\/p><br>\n\n\n\n<figure class=\"wp-block-image\"><img loading=\"lazy\" decoding=\"async\" width=\"1024\" height=\"683\" src=\"https:\/\/www.mzone.cz\/wp-content\/uploads\/2019\/09\/190902-SKODA-SCALA-Monte-Carlo-3-1024x683.jpg\" alt=\"\" class=\"wp-image-12715\" srcset=\"https:\/\/www.mzone.cz\/wp-content\/uploads\/2019\/09\/190902-SKODA-SCALA-Monte-Carlo-3-1024x683.jpg 1024w, https:\/\/www.mzone.cz\/wp-content\/uploads\/2019\/09\/190902-SKODA-SCALA-Monte-Carlo-3-300x200.jpg 300w, https:\/\/www.mzone.cz\/wp-content\/uploads\/2019\/09\/190902-SKODA-SCALA-Monte-Carlo-3-768x512.jpg 768w, https:\/\/www.mzone.cz\/wp-content\/uploads\/2019\/09\/190902-SKODA-SCALA-Monte-Carlo-3-800x533.jpg 800w, https:\/\/www.mzone.cz\/wp-content\/uploads\/2019\/09\/190902-SKODA-SCALA-Monte-Carlo-3-400x267.jpg 400w, https:\/\/www.mzone.cz\/wp-content\/uploads\/2019\/09\/190902-SKODA-SCALA-Monte-Carlo-3-500x333.jpg 500w, https:\/\/www.mzone.cz\/wp-content\/uploads\/2019\/09\/190902-SKODA-SCALA-Monte-Carlo-3-1170x780.jpg 1170w, https:\/\/www.mzone.cz\/wp-content\/uploads\/2019\/09\/190902-SKODA-SCALA-Monte-Carlo-3-590x393.jpg 590w\" sizes=\"auto, (max-width: 1024px) 100vw, 1024px\" \/><\/figure><br>\n\n\n\n<p class=\"has-background has-very-light-gray-background-color\"><em><strong>TIP:<\/strong>\u00a0Zva\u017eujete koupi tohoto modelu? Pod\u00edvejte se na podrobn\u011bj\u0161\u00ed informace a charakteristiky o\u00a0<a href=\"https:\/\/www.autoopat.cz\/skoda\/scala\/\">vozu \u0160KODA SCALA\u00a0<\/a>p\u0159\u00edmo od prodejce <strong>Auto OPAT.<\/strong><\/em><\/p><br>\n\n\n\n<h3 class=\"wp-block-heading\">Sportovn\u00ed vzhled a v\u00fdrazn\u00e9 \u010dern\u00e9 prvky<\/h3>\n\n\n\n<p>\u010cern\u00e9 prvky dod\u00e1vaj\u00ed modelu Scala Monte Carlo je\u0161t\u011b sportovn\u011bj\u0161\u00ed vzhled. R\u00e1me\u010dek v\u00fdrazn\u00e9 m\u0159\u00ed\u017eky chladi\u010de mezi Bi-LED sv\u011btlomety je vyveden v leskl\u00e9 \u010dern\u00e9 barv\u011b, \u010dern\u00e9 jsou tak\u00e9 \u010d\u00e1sti p\u0159epracovan\u00e9ho p\u0159edn\u00edho spoileru. N\u00e1pis \u0160koda, kter\u00fd m\u011bla Scala jako prvn\u00ed s\u00e9riov\u00fd model zna\u010dky pro evropsk\u00fd trh nam\u00edsto loga zna\u010dky centr\u00e1ln\u011b na p\u00e1t\u00fdch dve\u0159\u00edch, je u verze Scala Monte Carlo rovn\u011b\u017e \u010dern\u00fd.<\/p>\n\n\n\n<blockquote class=\"wp-block-quote is-layout-flow wp-block-quote-is-layout-flow\"><p>Bo\u010dn\u00edmu pohledu dominuj\u00ed \u010dern\u00e1 sedmn\u00e1ctipalcov\u00e1 a voliteln\u011b osmn\u00e1ctipalcov\u00e1 hlin\u00edkov\u00e1 kola ve speci\u00e1ln\u00edm designu Monte Carlo, \u010dern\u00e9 kryty vn\u011bj\u0161\u00edch zp\u011btn\u00fdch zrc\u00e1tek a \u010dern\u00e9 prahy. <\/p><\/blockquote>\n\n\n\n<p>K s\u00e9riov\u00e9 v\u00fdbav\u011b modelu Scala Monte Carlo, kter\u00fd je k dispozici v kombinaci se v\u0161emi motory t\u00e9to modelov\u00e9 \u0159ady, pat\u0159\u00ed zatmaven\u00e1 zadn\u00ed okna Sunset, panoramatick\u00e1 st\u0159echa a prodlou\u017een\u00e9 sklo p\u00e1t\u00fdch dve\u0159\u00ed v\u010detn\u011b \u010dern\u00e9ho st\u0159e\u0161n\u00edho spoileru. Sportovn\u00ed vzhled nov\u00e9ho vrcholn\u00e9ho proveden\u00ed modelu, ozna\u010den\u00e9ho tak\u00e9 speci\u00e1ln\u00ed plaketou, dopl\u0148uje \u010dern\u00fd zadn\u00ed difuzor, \u010dern\u00e9 n\u00e1pisy a zadn\u00ed sv\u011btla TOP-LED s animovan\u00fdm ukazatelem sm\u011bru j\u00edzdy.<\/p><br>\n\n\n\n<figure class=\"wp-block-image\"><img loading=\"lazy\" decoding=\"async\" width=\"1024\" height=\"683\" src=\"https:\/\/www.mzone.cz\/wp-content\/uploads\/2019\/09\/190902-SKODA-SCALA-Monte-Carlo-4-1024x683.jpg\" alt=\"\" class=\"wp-image-12720\" srcset=\"https:\/\/www.mzone.cz\/wp-content\/uploads\/2019\/09\/190902-SKODA-SCALA-Monte-Carlo-4-1024x683.jpg 1024w, https:\/\/www.mzone.cz\/wp-content\/uploads\/2019\/09\/190902-SKODA-SCALA-Monte-Carlo-4-300x200.jpg 300w, https:\/\/www.mzone.cz\/wp-content\/uploads\/2019\/09\/190902-SKODA-SCALA-Monte-Carlo-4-768x512.jpg 768w, https:\/\/www.mzone.cz\/wp-content\/uploads\/2019\/09\/190902-SKODA-SCALA-Monte-Carlo-4-800x533.jpg 800w, https:\/\/www.mzone.cz\/wp-content\/uploads\/2019\/09\/190902-SKODA-SCALA-Monte-Carlo-4-400x267.jpg 400w, https:\/\/www.mzone.cz\/wp-content\/uploads\/2019\/09\/190902-SKODA-SCALA-Monte-Carlo-4-500x333.jpg 500w, https:\/\/www.mzone.cz\/wp-content\/uploads\/2019\/09\/190902-SKODA-SCALA-Monte-Carlo-4-1170x780.jpg 1170w, https:\/\/www.mzone.cz\/wp-content\/uploads\/2019\/09\/190902-SKODA-SCALA-Monte-Carlo-4-590x393.jpg 590w\" sizes=\"auto, (max-width: 1024px) 100vw, 1024px\" \/><\/figure><br>\n\n\n\n<h3 class=\"wp-block-heading\">Interi\u00e9r zu\u0161lech\u0165uj\u00ed sportovn\u00ed sedadla a prvky ob\u0161it\u00e9 k\u016f\u017e\u00ed <\/h3>\n\n\n\n<p>Tak\u00e9 interi\u00e9r vozu se vyzna\u010duje dynamikou. Sportovn\u00ed sedadla s integrovan\u00fdmi hlavov\u00fdmi op\u011brkami jsou v\u00fd\u0161kov\u011b staviteln\u00e1 a \u010daloun\u011bn\u00e1 speci\u00e1ln\u00edmi potahy, speci\u00e1ln\u00ed design maj\u00ed tak\u00e9 dekora\u010dn\u00ed li\u0161ty a palubn\u00ed deska.<\/p>\n\n\n\n<blockquote class=\"wp-block-quote is-layout-flow wp-block-quote-is-layout-flow\"><p>Multifunk\u010dn\u00ed sportovn\u00ed volant je pota\u017een\u00fd perforovanou k\u016f\u017e\u00ed a ob\u0161it\u00fd \u010derven\u00fdm ozdobn\u00fdm stehem, stejn\u011b jako hlavice \u0159adic\u00ed p\u00e1ky a madlo p\u00e1ky ru\u010dn\u00ed brzdy. <\/p><\/blockquote>\n\n\n\n<p>Ambientn\u00ed LED osv\u011btlen\u00ed z\u00e1\u0159\u00ed v b\u00edl\u00e9, resp. voliteln\u00e9 \u010derven\u00e9 barv\u011b a osv\u011btluje st\u0159edov\u00fd panel, prostor pro nohy, odkl\u00e1dac\u00ed kapsy v bo\u010dn\u00edch dve\u0159\u00edch a kli\u010dky dve\u0159\u00ed. Z palubn\u00ed desky z\u00e1\u0159\u00ed chromovan\u00e9 v\u00fddechy ventilace, na palub\u011b jsou krom\u011b toho tak\u00e9 LED-\u010dtec\u00ed lampi\u010dky. Sportovn\u00ed vzhled interi\u00e9ru dopl\u0148uj\u00ed kryty ped\u00e1l\u016f v hlin\u00edkov\u00e9m designu, speci\u00e1ln\u00ed kobere\u010dky, n\u00e1pisy Scala na prahov\u00fdch li\u0161t\u00e1ch a \u010dern\u00fd strop.<\/p><br>\n\n\n\n<figure class=\"wp-block-image\"><img loading=\"lazy\" decoding=\"async\" width=\"1024\" height=\"683\" src=\"https:\/\/www.mzone.cz\/wp-content\/uploads\/2019\/09\/190902-SKODA-SCALA-Monte-Carlo-5-1024x683.jpg\" alt=\"\" class=\"wp-image-12727\" srcset=\"https:\/\/www.mzone.cz\/wp-content\/uploads\/2019\/09\/190902-SKODA-SCALA-Monte-Carlo-5-1024x683.jpg 1024w, https:\/\/www.mzone.cz\/wp-content\/uploads\/2019\/09\/190902-SKODA-SCALA-Monte-Carlo-5-300x200.jpg 300w, https:\/\/www.mzone.cz\/wp-content\/uploads\/2019\/09\/190902-SKODA-SCALA-Monte-Carlo-5-768x512.jpg 768w, https:\/\/www.mzone.cz\/wp-content\/uploads\/2019\/09\/190902-SKODA-SCALA-Monte-Carlo-5-800x533.jpg 800w, https:\/\/www.mzone.cz\/wp-content\/uploads\/2019\/09\/190902-SKODA-SCALA-Monte-Carlo-5-400x267.jpg 400w, https:\/\/www.mzone.cz\/wp-content\/uploads\/2019\/09\/190902-SKODA-SCALA-Monte-Carlo-5-500x333.jpg 500w, https:\/\/www.mzone.cz\/wp-content\/uploads\/2019\/09\/190902-SKODA-SCALA-Monte-Carlo-5-1170x780.jpg 1170w, https:\/\/www.mzone.cz\/wp-content\/uploads\/2019\/09\/190902-SKODA-SCALA-Monte-Carlo-5-590x393.jpg 590w\" sizes=\"auto, (max-width: 1024px) 100vw, 1024px\" \/><\/figure><br>\n\n\n\n<p>\u0160kodovka p\u0159edstavila novou verzi Scala Monte Carlo na autosalonu IAA ve Frankfurtu, kter\u00fd se kon\u00e1 ve dnech 10. a\u017e 22. z\u00e1\u0159\u00ed. Najdete ji v hale 3.0 na st\u00e1nku A11. Na trh bude verze uvedena ve \u010dtvrt\u00e9m \u010dtvrtlet\u00ed roku 2019.<\/p><br>\n\n\n\n<p>Scala je obecn\u011b velmi poveden\u00fd v\u016fz a ve verzi Monte Carlo m\u00e1 opravdu \u0161mrnc. My bychom si ale p\u0159\u00e1li je\u0161t\u011b v\u00edc. Takov\u00e1 Scala RS, to u\u017e by byla opravdu par\u00e1da! Co vy na to ve \u0160kodovce? Do\u010dk\u00e1me se?<\/p><br>\n\n\n\n<div class=\"wp-block-image\"><figure class=\"alignleft is-resized\"><img loading=\"lazy\" decoding=\"async\" src=\"https:\/\/www.mzone.cz\/wp-content\/uploads\/2019\/08\/kamiq_1_052-1024x683.jpg\" alt=\"\" class=\"wp-image-12204\" width=\"123\" height=\"81\" srcset=\"https:\/\/www.mzone.cz\/wp-content\/uploads\/2019\/08\/kamiq_1_052-1024x683.jpg 1024w, https:\/\/www.mzone.cz\/wp-content\/uploads\/2019\/08\/kamiq_1_052-300x200.jpg 300w, https:\/\/www.mzone.cz\/wp-content\/uploads\/2019\/08\/kamiq_1_052-768x512.jpg 768w, https:\/\/www.mzone.cz\/wp-content\/uploads\/2019\/08\/kamiq_1_052-800x533.jpg 800w, https:\/\/www.mzone.cz\/wp-content\/uploads\/2019\/08\/kamiq_1_052-400x267.jpg 400w, https:\/\/www.mzone.cz\/wp-content\/uploads\/2019\/08\/kamiq_1_052-500x333.jpg 500w, https:\/\/www.mzone.cz\/wp-content\/uploads\/2019\/08\/kamiq_1_052-1170x780.jpg 1170w, https:\/\/www.mzone.cz\/wp-content\/uploads\/2019\/08\/kamiq_1_052-590x393.jpg 590w\" sizes=\"auto, (max-width: 123px) 100vw, 123px\" \/><\/figure><\/div>\n\n\n\n<h4><a href=\"https:\/\/www.mzone.cz\/skoda-kamiq-je-tu-jake-je-nejmensi-suv-z-boleslavi\/\">\u0160koda Kamiq je tu! Jak\u00e9 je nejmen\u0161\u00ed SUV z Boleslavi?<\/a><\/h4><br>","protected":false},"excerpt":{"rendered":"<p>\u0160kodovka roz\u0161\u00ed\u0159ila paletu sv\u00e9ho nov\u00e9ho modelu Scala o obl\u00edbenou v\u00fdbavovou linii Monte Carlo. Je poctou \u00fasp\u011b\u0161n\u00e9 sout\u011b\u017en\u00ed historii automobilky a sv\u00fdmi \u010dern\u00fdmi prvky a \u010dern\u00fdm n\u00e1pisem \u0160koda na z\u00e1di dod\u00e1v\u00e1 Scale je\u0161t\u011b sportovn\u011bj\u0161\u00ed charakter. Premi\u00e9ra modelu Scala Monte Carlo, kter\u00fd je k dispozici se v\u0161emi motory t\u00e9to modelov\u00e9 \u0159ady, prob\u011bhla na autosalonu IAA ve Frankfurtu. [&hellip;]<\/p>\n","protected":false},"author":4,"featured_media":12709,"comment_status":"open","ping_status":"closed","sticky":false,"template":"","format":"standard","meta":{"kk_blocks_editor_width":"","_kiokenblocks_attr":"","_kiokenblocks_dimensions":"","footnotes":""},"categories":[69],"tags":[585,82,462,724,1967,16,2756,1711,1715,1904,1716,2757,2755],"class_list":["post-12707","post","type-post","status-publish","format-standard","has-post-thumbnail","hentry","category-auto-moto","tag-auta","tag-auto","tag-auto-moto","tag-automobil","tag-monte-carlo","tag-novinka","tag-paket","tag-skoda","tag-skoda-auto","tag-skoda-scala","tag-skodovka","tag-varianta","tag-verze"],"yoast_head":"<!-- This site is optimized with the Yoast SEO plugin v27.5 - https:\/\/yoast.com\/product\/yoast-seo-wordpress\/ -->\n<title>\u0160koda Scala ve verzi Monte Carlo vypad\u00e1 par\u00e1dn\u011b! Do\u010dk\u00e1me se i varianty RS? - Mzone<\/title>\n<meta name=\"description\" content=\"\u0160kodovka roz\u0161\u00ed\u0159ila paletu sv\u00e9ho nov\u00e9ho modelu Scala o obl\u00edbenou v\u00fdbavovou linii Monte Carlo. Je poctou \u00fasp\u011b\u0161n\u00e9 sout\u011b\u017en\u00ed historii automobilky a sv\u00fdmi \u010dern\u00fdmi prvky a \u010dern\u00fdm n\u00e1pisem \u0160koda na z\u00e1di dod\u00e1v\u00e1 Scale je\u0161t\u011b sportovn\u011bj\u0161\u00ed charakter.\" \/>\n<meta name=\"robots\" content=\"index, follow, max-snippet:-1, max-image-preview:large, max-video-preview:-1\" \/>\n<link rel=\"canonical\" href=\"https:\/\/www.mzone.cz\/en\/skoda-scala-ve-verzi-monte-carlo-vypada-paradne-dockame-se-i-varianty-rs\/\" \/>\n<meta property=\"og:locale\" content=\"en_US\" \/>\n<meta property=\"og:type\" content=\"article\" \/>\n<meta property=\"og:title\" content=\"\u0160koda Scala ve verzi Monte Carlo vypad\u00e1 par\u00e1dn\u011b! Do\u010dk\u00e1me se i varianty RS? - Mzone\" \/>\n<meta property=\"og:description\" content=\"\u0160kodovka roz\u0161\u00ed\u0159ila paletu sv\u00e9ho nov\u00e9ho modelu Scala o obl\u00edbenou v\u00fdbavovou linii Monte Carlo. Je poctou \u00fasp\u011b\u0161n\u00e9 sout\u011b\u017en\u00ed historii automobilky a sv\u00fdmi \u010dern\u00fdmi prvky a \u010dern\u00fdm n\u00e1pisem \u0160koda na z\u00e1di dod\u00e1v\u00e1 Scale je\u0161t\u011b sportovn\u011bj\u0161\u00ed charakter.\" \/>\n<meta property=\"og:url\" content=\"https:\/\/www.mzone.cz\/en\/skoda-scala-ve-verzi-monte-carlo-vypada-paradne-dockame-se-i-varianty-rs\/\" \/>\n<meta property=\"og:site_name\" content=\"Mzone\" \/>\n<meta property=\"article:publisher\" content=\"https:\/\/www.facebook.com\/MzoneCZ\/\" \/>\n<meta property=\"article:published_time\" content=\"2019-09-20T04:00:28+00:00\" \/>\n<meta property=\"article:modified_time\" content=\"2020-04-27T13:07:39+00:00\" \/>\n<meta property=\"og:image\" content=\"https:\/\/www.mzone.cz\/wp-content\/uploads\/2019\/09\/Skoda-Scala-Monte-Carlo-1024x683.jpg\" \/>\n\t<meta property=\"og:image:width\" content=\"1024\" \/>\n\t<meta property=\"og:image:height\" content=\"683\" \/>\n\t<meta property=\"og:image:type\" content=\"image\/jpeg\" \/>\n<meta name=\"author\" content=\"Mzone\" \/>\n<meta name=\"twitter:card\" content=\"summary_large_image\" \/>\n<meta name=\"twitter:label1\" content=\"Written by\" \/>\n\t<meta name=\"twitter:data1\" content=\"Mzone\" \/>\n\t<meta name=\"twitter:label2\" content=\"Est. reading time\" \/>\n\t<meta name=\"twitter:data2\" content=\"4 minutes\" \/>\n<script type=\"application\/ld+json\" class=\"yoast-schema-graph\">{\"@context\":\"https:\\\/\\\/schema.org\",\"@graph\":[{\"@type\":\"Article\",\"@id\":\"https:\\\/\\\/www.mzone.cz\\\/skoda-scala-ve-verzi-monte-carlo-vypada-paradne-dockame-se-i-varianty-rs\\\/#article\",\"isPartOf\":{\"@id\":\"https:\\\/\\\/www.mzone.cz\\\/skoda-scala-ve-verzi-monte-carlo-vypada-paradne-dockame-se-i-varianty-rs\\\/\"},\"author\":{\"name\":\"Mzone\",\"@id\":\"https:\\\/\\\/www.mzone.cz\\\/#\\\/schema\\\/person\\\/9bc20cc422a99cac4af6ff9297da32d4\"},\"headline\":\"\u0160koda Scala ve verzi Monte Carlo vypad\u00e1 par\u00e1dn\u011b! Do\u010dk\u00e1me se i varianty RS?\",\"datePublished\":\"2019-09-20T04:00:28+00:00\",\"dateModified\":\"2020-04-27T13:07:39+00:00\",\"mainEntityOfPage\":{\"@id\":\"https:\\\/\\\/www.mzone.cz\\\/skoda-scala-ve-verzi-monte-carlo-vypada-paradne-dockame-se-i-varianty-rs\\\/\"},\"wordCount\":803,\"commentCount\":0,\"image\":{\"@id\":\"https:\\\/\\\/www.mzone.cz\\\/skoda-scala-ve-verzi-monte-carlo-vypada-paradne-dockame-se-i-varianty-rs\\\/#primaryimage\"},\"thumbnailUrl\":\"https:\\\/\\\/www.mzone.cz\\\/wp-content\\\/uploads\\\/2019\\\/09\\\/Skoda-Scala-Monte-Carlo.jpg\",\"keywords\":[\"auta\",\"Auto\",\"auto-moto\",\"automobil\",\"Monte Carlo\",\"Novinka\",\"paket\",\"\u0160koda\",\"\u0160koda Auto\",\"\u0160koda Scala\",\"\u0160kodovka\",\"varianta\",\"verze\"],\"articleSection\":[\"Auto-moto\"],\"inLanguage\":\"en-US\",\"potentialAction\":[{\"@type\":\"CommentAction\",\"name\":\"Comment\",\"target\":[\"https:\\\/\\\/www.mzone.cz\\\/skoda-scala-ve-verzi-monte-carlo-vypada-paradne-dockame-se-i-varianty-rs\\\/#respond\"]}]},{\"@type\":\"WebPage\",\"@id\":\"https:\\\/\\\/www.mzone.cz\\\/skoda-scala-ve-verzi-monte-carlo-vypada-paradne-dockame-se-i-varianty-rs\\\/\",\"url\":\"https:\\\/\\\/www.mzone.cz\\\/skoda-scala-ve-verzi-monte-carlo-vypada-paradne-dockame-se-i-varianty-rs\\\/\",\"name\":\"\u0160koda Scala ve verzi Monte Carlo vypad\u00e1 par\u00e1dn\u011b! Do\u010dk\u00e1me se i varianty RS? - Mzone\",\"isPartOf\":{\"@id\":\"https:\\\/\\\/www.mzone.cz\\\/#website\"},\"primaryImageOfPage\":{\"@id\":\"https:\\\/\\\/www.mzone.cz\\\/skoda-scala-ve-verzi-monte-carlo-vypada-paradne-dockame-se-i-varianty-rs\\\/#primaryimage\"},\"image\":{\"@id\":\"https:\\\/\\\/www.mzone.cz\\\/skoda-scala-ve-verzi-monte-carlo-vypada-paradne-dockame-se-i-varianty-rs\\\/#primaryimage\"},\"thumbnailUrl\":\"https:\\\/\\\/www.mzone.cz\\\/wp-content\\\/uploads\\\/2019\\\/09\\\/Skoda-Scala-Monte-Carlo.jpg\",\"datePublished\":\"2019-09-20T04:00:28+00:00\",\"dateModified\":\"2020-04-27T13:07:39+00:00\",\"author\":{\"@id\":\"https:\\\/\\\/www.mzone.cz\\\/#\\\/schema\\\/person\\\/9bc20cc422a99cac4af6ff9297da32d4\"},\"description\":\"\u0160kodovka roz\u0161\u00ed\u0159ila paletu sv\u00e9ho nov\u00e9ho modelu Scala o obl\u00edbenou v\u00fdbavovou linii Monte Carlo. Je poctou \u00fasp\u011b\u0161n\u00e9 sout\u011b\u017en\u00ed historii automobilky a sv\u00fdmi \u010dern\u00fdmi prvky a \u010dern\u00fdm n\u00e1pisem \u0160koda na z\u00e1di dod\u00e1v\u00e1 Scale je\u0161t\u011b sportovn\u011bj\u0161\u00ed charakter.\",\"breadcrumb\":{\"@id\":\"https:\\\/\\\/www.mzone.cz\\\/skoda-scala-ve-verzi-monte-carlo-vypada-paradne-dockame-se-i-varianty-rs\\\/#breadcrumb\"},\"inLanguage\":\"en-US\",\"potentialAction\":[{\"@type\":\"ReadAction\",\"target\":[\"https:\\\/\\\/www.mzone.cz\\\/skoda-scala-ve-verzi-monte-carlo-vypada-paradne-dockame-se-i-varianty-rs\\\/\"]}]},{\"@type\":\"ImageObject\",\"inLanguage\":\"en-US\",\"@id\":\"https:\\\/\\\/www.mzone.cz\\\/skoda-scala-ve-verzi-monte-carlo-vypada-paradne-dockame-se-i-varianty-rs\\\/#primaryimage\",\"url\":\"https:\\\/\\\/www.mzone.cz\\\/wp-content\\\/uploads\\\/2019\\\/09\\\/Skoda-Scala-Monte-Carlo.jpg\",\"contentUrl\":\"https:\\\/\\\/www.mzone.cz\\\/wp-content\\\/uploads\\\/2019\\\/09\\\/Skoda-Scala-Monte-Carlo.jpg\",\"width\":3878,\"height\":2586},{\"@type\":\"BreadcrumbList\",\"@id\":\"https:\\\/\\\/www.mzone.cz\\\/skoda-scala-ve-verzi-monte-carlo-vypada-paradne-dockame-se-i-varianty-rs\\\/#breadcrumb\",\"itemListElement\":[{\"@type\":\"ListItem\",\"position\":1,\"name\":\"Dom\u016f\",\"item\":\"https:\\\/\\\/www.mzone.cz\\\/\"},{\"@type\":\"ListItem\",\"position\":2,\"name\":\"\u0160koda Scala ve verzi Monte Carlo vypad\u00e1 par\u00e1dn\u011b! Do\u010dk\u00e1me se i varianty RS?\"}]},{\"@type\":\"WebSite\",\"@id\":\"https:\\\/\\\/www.mzone.cz\\\/#website\",\"url\":\"https:\\\/\\\/www.mzone.cz\\\/\",\"name\":\"Mzone\",\"description\":\"Magaz\u00edn nejen pro mu\u017ee\",\"potentialAction\":[{\"@type\":\"SearchAction\",\"target\":{\"@type\":\"EntryPoint\",\"urlTemplate\":\"https:\\\/\\\/www.mzone.cz\\\/?s={search_term_string}\"},\"query-input\":{\"@type\":\"PropertyValueSpecification\",\"valueRequired\":true,\"valueName\":\"search_term_string\"}}],\"inLanguage\":\"en-US\"},{\"@type\":\"Person\",\"@id\":\"https:\\\/\\\/www.mzone.cz\\\/#\\\/schema\\\/person\\\/9bc20cc422a99cac4af6ff9297da32d4\",\"name\":\"Mzone\",\"image\":{\"@type\":\"ImageObject\",\"inLanguage\":\"en-US\",\"@id\":\"https:\\\/\\\/secure.gravatar.com\\\/avatar\\\/e780a8630f3182a3d06dd667ab6bea151a0d155b0951bc15fe22633acdac0676?s=96&d=mm&r=g\",\"url\":\"https:\\\/\\\/secure.gravatar.com\\\/avatar\\\/e780a8630f3182a3d06dd667ab6bea151a0d155b0951bc15fe22633acdac0676?s=96&d=mm&r=g\",\"contentUrl\":\"https:\\\/\\\/secure.gravatar.com\\\/avatar\\\/e780a8630f3182a3d06dd667ab6bea151a0d155b0951bc15fe22633acdac0676?s=96&d=mm&r=g\",\"caption\":\"Mzone\"},\"url\":\"https:\\\/\\\/www.mzone.cz\\\/en\\\/author\\\/jakub\\\/\"}]}<\/script>\n<!-- \/ Yoast SEO plugin. -->","yoast_head_json":{"title":"\u0160koda Scala ve verzi Monte Carlo vypad\u00e1 par\u00e1dn\u011b! Do\u010dk\u00e1me se i varianty RS? - Mzone","description":"\u0160kodovka roz\u0161\u00ed\u0159ila paletu sv\u00e9ho nov\u00e9ho modelu Scala o obl\u00edbenou v\u00fdbavovou linii Monte Carlo. Je poctou \u00fasp\u011b\u0161n\u00e9 sout\u011b\u017en\u00ed historii automobilky a sv\u00fdmi \u010dern\u00fdmi prvky a \u010dern\u00fdm n\u00e1pisem \u0160koda na z\u00e1di dod\u00e1v\u00e1 Scale je\u0161t\u011b sportovn\u011bj\u0161\u00ed charakter.","robots":{"index":"index","follow":"follow","max-snippet":"max-snippet:-1","max-image-preview":"max-image-preview:large","max-video-preview":"max-video-preview:-1"},"canonical":"https:\/\/www.mzone.cz\/en\/skoda-scala-ve-verzi-monte-carlo-vypada-paradne-dockame-se-i-varianty-rs\/","og_locale":"en_US","og_type":"article","og_title":"\u0160koda Scala ve verzi Monte Carlo vypad\u00e1 par\u00e1dn\u011b! Do\u010dk\u00e1me se i varianty RS? - Mzone","og_description":"\u0160kodovka roz\u0161\u00ed\u0159ila paletu sv\u00e9ho nov\u00e9ho modelu Scala o obl\u00edbenou v\u00fdbavovou linii Monte Carlo. Je poctou \u00fasp\u011b\u0161n\u00e9 sout\u011b\u017en\u00ed historii automobilky a sv\u00fdmi \u010dern\u00fdmi prvky a \u010dern\u00fdm n\u00e1pisem \u0160koda na z\u00e1di dod\u00e1v\u00e1 Scale je\u0161t\u011b sportovn\u011bj\u0161\u00ed charakter.","og_url":"https:\/\/www.mzone.cz\/en\/skoda-scala-ve-verzi-monte-carlo-vypada-paradne-dockame-se-i-varianty-rs\/","og_site_name":"Mzone","article_publisher":"https:\/\/www.facebook.com\/MzoneCZ\/","article_published_time":"2019-09-20T04:00:28+00:00","article_modified_time":"2020-04-27T13:07:39+00:00","og_image":[{"width":1024,"height":683,"url":"https:\/\/www.mzone.cz\/wp-content\/uploads\/2019\/09\/Skoda-Scala-Monte-Carlo-1024x683.jpg","type":"image\/jpeg"}],"author":"Mzone","twitter_card":"summary_large_image","twitter_misc":{"Written by":"Mzone","Est. reading time":"4 minutes"},"schema":{"@context":"https:\/\/schema.org","@graph":[{"@type":"Article","@id":"https:\/\/www.mzone.cz\/skoda-scala-ve-verzi-monte-carlo-vypada-paradne-dockame-se-i-varianty-rs\/#article","isPartOf":{"@id":"https:\/\/www.mzone.cz\/skoda-scala-ve-verzi-monte-carlo-vypada-paradne-dockame-se-i-varianty-rs\/"},"author":{"name":"Mzone","@id":"https:\/\/www.mzone.cz\/#\/schema\/person\/9bc20cc422a99cac4af6ff9297da32d4"},"headline":"\u0160koda Scala ve verzi Monte Carlo vypad\u00e1 par\u00e1dn\u011b! Do\u010dk\u00e1me se i varianty RS?","datePublished":"2019-09-20T04:00:28+00:00","dateModified":"2020-04-27T13:07:39+00:00","mainEntityOfPage":{"@id":"https:\/\/www.mzone.cz\/skoda-scala-ve-verzi-monte-carlo-vypada-paradne-dockame-se-i-varianty-rs\/"},"wordCount":803,"commentCount":0,"image":{"@id":"https:\/\/www.mzone.cz\/skoda-scala-ve-verzi-monte-carlo-vypada-paradne-dockame-se-i-varianty-rs\/#primaryimage"},"thumbnailUrl":"https:\/\/www.mzone.cz\/wp-content\/uploads\/2019\/09\/Skoda-Scala-Monte-Carlo.jpg","keywords":["auta","Auto","auto-moto","automobil","Monte Carlo","Novinka","paket","\u0160koda","\u0160koda Auto","\u0160koda Scala","\u0160kodovka","varianta","verze"],"articleSection":["Auto-moto"],"inLanguage":"en-US","potentialAction":[{"@type":"CommentAction","name":"Comment","target":["https:\/\/www.mzone.cz\/skoda-scala-ve-verzi-monte-carlo-vypada-paradne-dockame-se-i-varianty-rs\/#respond"]}]},{"@type":"WebPage","@id":"https:\/\/www.mzone.cz\/skoda-scala-ve-verzi-monte-carlo-vypada-paradne-dockame-se-i-varianty-rs\/","url":"https:\/\/www.mzone.cz\/skoda-scala-ve-verzi-monte-carlo-vypada-paradne-dockame-se-i-varianty-rs\/","name":"\u0160koda Scala ve verzi Monte Carlo vypad\u00e1 par\u00e1dn\u011b! Do\u010dk\u00e1me se i varianty RS? - Mzone","isPartOf":{"@id":"https:\/\/www.mzone.cz\/#website"},"primaryImageOfPage":{"@id":"https:\/\/www.mzone.cz\/skoda-scala-ve-verzi-monte-carlo-vypada-paradne-dockame-se-i-varianty-rs\/#primaryimage"},"image":{"@id":"https:\/\/www.mzone.cz\/skoda-scala-ve-verzi-monte-carlo-vypada-paradne-dockame-se-i-varianty-rs\/#primaryimage"},"thumbnailUrl":"https:\/\/www.mzone.cz\/wp-content\/uploads\/2019\/09\/Skoda-Scala-Monte-Carlo.jpg","datePublished":"2019-09-20T04:00:28+00:00","dateModified":"2020-04-27T13:07:39+00:00","author":{"@id":"https:\/\/www.mzone.cz\/#\/schema\/person\/9bc20cc422a99cac4af6ff9297da32d4"},"description":"\u0160kodovka roz\u0161\u00ed\u0159ila paletu sv\u00e9ho nov\u00e9ho modelu Scala o obl\u00edbenou v\u00fdbavovou linii Monte Carlo. Je poctou \u00fasp\u011b\u0161n\u00e9 sout\u011b\u017en\u00ed historii automobilky a sv\u00fdmi \u010dern\u00fdmi prvky a \u010dern\u00fdm n\u00e1pisem \u0160koda na z\u00e1di dod\u00e1v\u00e1 Scale je\u0161t\u011b sportovn\u011bj\u0161\u00ed charakter.","breadcrumb":{"@id":"https:\/\/www.mzone.cz\/skoda-scala-ve-verzi-monte-carlo-vypada-paradne-dockame-se-i-varianty-rs\/#breadcrumb"},"inLanguage":"en-US","potentialAction":[{"@type":"ReadAction","target":["https:\/\/www.mzone.cz\/skoda-scala-ve-verzi-monte-carlo-vypada-paradne-dockame-se-i-varianty-rs\/"]}]},{"@type":"ImageObject","inLanguage":"en-US","@id":"https:\/\/www.mzone.cz\/skoda-scala-ve-verzi-monte-carlo-vypada-paradne-dockame-se-i-varianty-rs\/#primaryimage","url":"https:\/\/www.mzone.cz\/wp-content\/uploads\/2019\/09\/Skoda-Scala-Monte-Carlo.jpg","contentUrl":"https:\/\/www.mzone.cz\/wp-content\/uploads\/2019\/09\/Skoda-Scala-Monte-Carlo.jpg","width":3878,"height":2586},{"@type":"BreadcrumbList","@id":"https:\/\/www.mzone.cz\/skoda-scala-ve-verzi-monte-carlo-vypada-paradne-dockame-se-i-varianty-rs\/#breadcrumb","itemListElement":[{"@type":"ListItem","position":1,"name":"Dom\u016f","item":"https:\/\/www.mzone.cz\/"},{"@type":"ListItem","position":2,"name":"\u0160koda Scala ve verzi Monte Carlo vypad\u00e1 par\u00e1dn\u011b! Do\u010dk\u00e1me se i varianty RS?"}]},{"@type":"WebSite","@id":"https:\/\/www.mzone.cz\/#website","url":"https:\/\/www.mzone.cz\/","name":"Mzone","description":"Magaz\u00edn nejen pro mu\u017ee","potentialAction":[{"@type":"SearchAction","target":{"@type":"EntryPoint","urlTemplate":"https:\/\/www.mzone.cz\/?s={search_term_string}"},"query-input":{"@type":"PropertyValueSpecification","valueRequired":true,"valueName":"search_term_string"}}],"inLanguage":"en-US"},{"@type":"Person","@id":"https:\/\/www.mzone.cz\/#\/schema\/person\/9bc20cc422a99cac4af6ff9297da32d4","name":"Mzone","image":{"@type":"ImageObject","inLanguage":"en-US","@id":"https:\/\/secure.gravatar.com\/avatar\/e780a8630f3182a3d06dd667ab6bea151a0d155b0951bc15fe22633acdac0676?s=96&d=mm&r=g","url":"https:\/\/secure.gravatar.com\/avatar\/e780a8630f3182a3d06dd667ab6bea151a0d155b0951bc15fe22633acdac0676?s=96&d=mm&r=g","contentUrl":"https:\/\/secure.gravatar.com\/avatar\/e780a8630f3182a3d06dd667ab6bea151a0d155b0951bc15fe22633acdac0676?s=96&d=mm&r=g","caption":"Mzone"},"url":"https:\/\/www.mzone.cz\/en\/author\/jakub\/"}]}},"_links":{"self":[{"href":"https:\/\/www.mzone.cz\/en\/wp-json\/wp\/v2\/posts\/12707","targetHints":{"allow":["GET"]}}],"collection":[{"href":"https:\/\/www.mzone.cz\/en\/wp-json\/wp\/v2\/posts"}],"about":[{"href":"https:\/\/www.mzone.cz\/en\/wp-json\/wp\/v2\/types\/post"}],"author":[{"embeddable":true,"href":"https:\/\/www.mzone.cz\/en\/wp-json\/wp\/v2\/users\/4"}],"replies":[{"embeddable":true,"href":"https:\/\/www.mzone.cz\/en\/wp-json\/wp\/v2\/comments?post=12707"}],"version-history":[{"count":23,"href":"https:\/\/www.mzone.cz\/en\/wp-json\/wp\/v2\/posts\/12707\/revisions"}],"predecessor-version":[{"id":20794,"href":"https:\/\/www.mzone.cz\/en\/wp-json\/wp\/v2\/posts\/12707\/revisions\/20794"}],"wp:featuredmedia":[{"embeddable":true,"href":"https:\/\/www.mzone.cz\/en\/wp-json\/wp\/v2\/media\/12709"}],"wp:attachment":[{"href":"https:\/\/www.mzone.cz\/en\/wp-json\/wp\/v2\/media?parent=12707"}],"wp:term":[{"taxonomy":"category","embeddable":true,"href":"https:\/\/www.mzone.cz\/en\/wp-json\/wp\/v2\/categories?post=12707"},{"taxonomy":"post_tag","embeddable":true,"href":"https:\/\/www.mzone.cz\/en\/wp-json\/wp\/v2\/tags?post=12707"}],"curies":[{"name":"wp","href":"https:\/\/api.w.org\/{rel}","templated":true}]}}