{"id":12829,"date":"2019-09-10T05:00:11","date_gmt":"2019-09-10T03:00:11","guid":{"rendered":"https:\/\/www.mzone.cz\/?p=12829"},"modified":"2019-09-09T09:10:15","modified_gmt":"2019-09-09T07:10:15","slug":"video-khabib-v-ufc-ukoncil-poiriera-a-pak-zase-vyskocil-z-klece","status":"publish","type":"post","link":"https:\/\/www.mzone.cz\/en\/video-khabib-v-ufc-ukoncil-poiriera-a-pak-zase-vyskocil-z-klece\/","title":{"rendered":"VIDEO: Khabib v UFC ukon\u010dil Poiriera a pak zase vysko\u010dil z klece!"},"content":{"rendered":"<p><strong>V sobotu 7. z\u00e1\u0159\u00ed se mezi sebou v UFC o titul \u0161ampiona lehk\u00e9 v\u00e1hy utkali Khabib Nurmagomedov a Dustin Poirier. Podle p\u0159edpoklad\u016f zv\u00edt\u011bzil dagest\u00e1nsk\u00fd bijec a pot\u00e9, co Ameri\u010dana ve 3. kole u\u0161krtil, fanou\u0161ci nev\u011b\u0159ili vlastn\u00edm o\u010d\u00edm, proto\u017ee tak jako p\u0159ed rokem vysko\u010dil z oktagonu mezi div\u00e1ky!<\/strong><\/p><br>\n\n\n\n<p>Ost\u0159e sledovan\u00e1 bitva nab\u00eddla strhuj\u00edc\u00ed pod\u00edvanou. Zat\u00edmco Poirier s\u00e1zel na tvrd\u00e9 \u00fadery p\u011bst\u00ed, Khabib se o za\u010d\u00e1tku z\u00e1pasu sna\u017eil protivn\u00edka dostat na zem.<\/p>\n\n\n\n<blockquote class=\"wp-block-quote is-layout-flow wp-block-quote-is-layout-flow\"><p>Prvn\u00ed kolo nab\u00eddlo pom\u011brn\u011b takticky sv\u00e1zanou bitvu p\u0159ev\u00e1\u017en\u011b u pletiva, ve druh\u00e9m kole ale za\u010dal vystrkovat r\u016f\u017eky hbit\u00fd Ameri\u010dan. Byl to ale Khabib, kdo m\u011bl z\u00e1pas pod kontrolou a ve t\u0159et\u00edm kole sv\u00e9ho soka u\u0161krtil stejn\u011b, jako v lo\u0148sk\u00e9m roce Conora McGregora.<\/p><\/blockquote>\n\n\n\n<p>Podobn\u00e9 chov\u00e1n\u00ed pak p\u0159edvedl i po sv\u00e9m triumfu, proto\u017ee znovu vysko\u010dil z klece a v\u0161ichni u\u017e se ob\u00e1vali nejhor\u0161\u00edho. Jen\u017ee Orel z Dagest\u00e1nu tentokr\u00e1t nerozpoutal hromadnou bitku, ale objal prezidenta UFC Danu Whitea a slavil s n\u00edm v\u00edt\u011bzstv\u00ed. Pak se p\u0159idal i tak\u0159ka cel\u00fd Khabib\u016fv t\u00fdm, aby spole\u010dn\u011b sd\u00edleli radost z profesion\u00e1ln\u00ed v\u00fdhry \u010d\u00edslo 28.<\/p><br>\n\n\n\n<figure class=\"wp-block-embed-youtube wp-block-embed is-type-video is-provider-youtube wp-embed-aspect-16-9 wp-has-aspect-ratio\"><div class=\"wp-block-embed__wrapper\">\n<iframe loading=\"lazy\" title=\"KHABIB FLYS OUT OF CAGE SECONDS AFTER CHOKING OUT DUSTIN POIRIER; BEAR HUGS DANA WHITE AT UFC 242\" width=\"600\" height=\"338\" src=\"https:\/\/www.youtube.com\/embed\/spDTVHdWSeY?feature=oembed\" frameborder=\"0\" allow=\"accelerometer; autoplay; clipboard-write; encrypted-media; gyroscope; picture-in-picture; web-share\" referrerpolicy=\"strict-origin-when-cross-origin\" allowfullscreen><\/iframe>\n<\/div><\/figure><br>\n\n\n\n<p>Nurmagomedov je v UFC jedin\u00fdm \u0161ampionem, kter\u00e9ho doposud nikdo neporazil. Nutno podotknout, \u017ee oproti lo\u0148sk\u00e9mu roku, kdy od n\u011bj dostal naml\u00e1ceno McGregor, mu byl Poirier podstatn\u011b vyrovnan\u011bj\u0161\u00edm soupe\u0159em, ne\u017e velkohub\u00fd irsk\u00fd z\u00e1pasn\u00edk.<\/p><br>\n\n\n\n<div class=\"wp-block-image\"><figure class=\"alignleft is-resized\"><img loading=\"lazy\" decoding=\"async\" src=\"https:\/\/www.mzone.cz\/wp-content\/uploads\/2019\/07\/EAxLZc_U8AE9Isw.jpeg\" alt=\"\" class=\"wp-image-11631\" width=\"125\" height=\"83\" srcset=\"https:\/\/www.mzone.cz\/wp-content\/uploads\/2019\/07\/EAxLZc_U8AE9Isw.jpeg 575w, https:\/\/www.mzone.cz\/wp-content\/uploads\/2019\/07\/EAxLZc_U8AE9Isw-300x200.jpeg 300w, https:\/\/www.mzone.cz\/wp-content\/uploads\/2019\/07\/EAxLZc_U8AE9Isw-400x267.jpeg 400w, https:\/\/www.mzone.cz\/wp-content\/uploads\/2019\/07\/EAxLZc_U8AE9Isw-500x333.jpeg 500w\" sizes=\"auto, (max-width: 125px) 100vw, 125px\" \/><\/figure><\/div>\n\n\n\n<h4><a href=\"https:\/\/www.mzone.cz\/kolenem-si-vykopl-kontrakt-s-ufc-souper-se-slozil-jako-pytel-bramor\/\">Kolenem si vykopl kontrakt s UFC! Soupe\u0159 se slo\u017eil jako pytel bramor<\/a><\/h4><br>","protected":false},"excerpt":{"rendered":"<p>V sobotu 7. z\u00e1\u0159\u00ed se mezi sebou v UFC o titul \u0161ampiona lehk\u00e9 v\u00e1hy utkali Khabib Nurmagomedov a Dustin Poirier. Podle p\u0159edpoklad\u016f zv\u00edt\u011bzil dagest\u00e1nsk\u00fd bijec a pot\u00e9, co Ameri\u010dana ve 3. kole u\u0161krtil, fanou\u0161ci nev\u011b\u0159ili vlastn\u00edm o\u010d\u00edm, proto\u017ee tak jako p\u0159ed rokem vysko\u010dil z oktagonu mezi div\u00e1ky! Ost\u0159e sledovan\u00e1 bitva nab\u00eddla strhuj\u00edc\u00ed pod\u00edvanou. Zat\u00edmco Poirier [&hellip;]<\/p>\n","protected":false},"author":4,"featured_media":12833,"comment_status":"open","ping_status":"closed","sticky":false,"template":"","format":"standard","meta":{"kk_blocks_editor_width":"","_kiokenblocks_attr":"","_kiokenblocks_dimensions":"","footnotes":""},"categories":[80,30],"tags":[1005,2775,2774,118,2776,42,2216,113,36,776],"class_list":["post-12829","post","type-post","status-publish","format-standard","has-post-thumbnail","hentry","category-sport","category-video","tag-bojove-sporty","tag-dustin-poirier","tag-khabib-nurmagomedov","tag-mma","tag-oktagon","tag-sport","tag-titul","tag-ufc","tag-video","tag-zapas"],"yoast_head":"<!-- This site is optimized with the Yoast SEO plugin v27.5 - https:\/\/yoast.com\/product\/yoast-seo-wordpress\/ -->\n<title>VIDEO: Khabib v UFC ukon\u010dil Poiriera a pak zase vysko\u010dil z klece! - Mzone<\/title>\n<meta name=\"description\" content=\"V sobotu 7. z\u00e1\u0159\u00ed se mezi sebou v UFC o titul \u0161ampiona lehk\u00e9 v\u00e1hy utkali Khabib Nurmagomedov a Dustin Poirier. Podle p\u0159edpoklad\u016f zv\u00edt\u011bzil dagest\u00e1nsk\u00fd bijec a pot\u00e9, co Ameri\u010dana ve 3. kole u\u0161krtil, fanou\u0161ci nev\u011b\u0159ili vlastn\u00edm o\u010d\u00edm, proto\u017ee tak jako p\u0159ed rokem, vysko\u010dil z oktagonu mezi div\u00e1ky!\" \/>\n<meta name=\"robots\" content=\"index, follow, max-snippet:-1, max-image-preview:large, max-video-preview:-1\" \/>\n<link rel=\"canonical\" href=\"https:\/\/www.mzone.cz\/en\/video-khabib-v-ufc-ukoncil-poiriera-a-pak-zase-vyskocil-z-klece\/\" \/>\n<meta property=\"og:locale\" content=\"en_US\" \/>\n<meta property=\"og:type\" content=\"article\" \/>\n<meta property=\"og:title\" content=\"VIDEO: Khabib v UFC ukon\u010dil Poiriera a pak zase vysko\u010dil z klece! - Mzone\" \/>\n<meta property=\"og:description\" content=\"V sobotu 7. z\u00e1\u0159\u00ed se mezi sebou v UFC o titul \u0161ampiona lehk\u00e9 v\u00e1hy utkali Khabib Nurmagomedov a Dustin Poirier. Podle p\u0159edpoklad\u016f zv\u00edt\u011bzil dagest\u00e1nsk\u00fd bijec a pot\u00e9, co Ameri\u010dana ve 3. kole u\u0161krtil, fanou\u0161ci nev\u011b\u0159ili vlastn\u00edm o\u010d\u00edm, proto\u017ee tak jako p\u0159ed rokem, vysko\u010dil z oktagonu mezi div\u00e1ky!\" \/>\n<meta property=\"og:url\" content=\"https:\/\/www.mzone.cz\/en\/video-khabib-v-ufc-ukoncil-poiriera-a-pak-zase-vyskocil-z-klece\/\" \/>\n<meta property=\"og:site_name\" content=\"Mzone\" \/>\n<meta property=\"article:publisher\" content=\"https:\/\/www.facebook.com\/MzoneCZ\/\" \/>\n<meta property=\"article:published_time\" content=\"2019-09-10T03:00:11+00:00\" \/>\n<meta property=\"og:image\" content=\"https:\/\/www.mzone.cz\/wp-content\/uploads\/2019\/09\/Sn\u00edmek-obrazovky-2019-09-09-v-9.05.05.png\" \/>\n\t<meta property=\"og:image:width\" content=\"957\" \/>\n\t<meta property=\"og:image:height\" content=\"638\" \/>\n\t<meta property=\"og:image:type\" content=\"image\/png\" \/>\n<meta name=\"author\" content=\"Mzone\" \/>\n<meta name=\"twitter:card\" content=\"summary_large_image\" \/>\n<meta name=\"twitter:label1\" content=\"Written by\" \/>\n\t<meta name=\"twitter:data1\" content=\"Mzone\" \/>\n\t<meta name=\"twitter:label2\" content=\"Est. reading time\" \/>\n\t<meta name=\"twitter:data2\" content=\"1 minute\" \/>\n<script type=\"application\/ld+json\" class=\"yoast-schema-graph\">{\"@context\":\"https:\\\/\\\/schema.org\",\"@graph\":[{\"@type\":\"Article\",\"@id\":\"https:\\\/\\\/www.mzone.cz\\\/video-khabib-v-ufc-ukoncil-poiriera-a-pak-zase-vyskocil-z-klece\\\/#article\",\"isPartOf\":{\"@id\":\"https:\\\/\\\/www.mzone.cz\\\/video-khabib-v-ufc-ukoncil-poiriera-a-pak-zase-vyskocil-z-klece\\\/\"},\"author\":{\"name\":\"Mzone\",\"@id\":\"https:\\\/\\\/www.mzone.cz\\\/#\\\/schema\\\/person\\\/9bc20cc422a99cac4af6ff9297da32d4\"},\"headline\":\"VIDEO: Khabib v UFC ukon\u010dil Poiriera a pak zase vysko\u010dil z klece!\",\"datePublished\":\"2019-09-10T03:00:11+00:00\",\"mainEntityOfPage\":{\"@id\":\"https:\\\/\\\/www.mzone.cz\\\/video-khabib-v-ufc-ukoncil-poiriera-a-pak-zase-vyskocil-z-klece\\\/\"},\"wordCount\":303,\"commentCount\":0,\"image\":{\"@id\":\"https:\\\/\\\/www.mzone.cz\\\/video-khabib-v-ufc-ukoncil-poiriera-a-pak-zase-vyskocil-z-klece\\\/#primaryimage\"},\"thumbnailUrl\":\"https:\\\/\\\/www.mzone.cz\\\/wp-content\\\/uploads\\\/2019\\\/09\\\/Sn\u00edmek-obrazovky-2019-09-09-v-9.05.05.png\",\"keywords\":[\"bojov\u00e9 sporty\",\"Dustin Poirier\",\"Khabib Nurmagomedov\",\"MMA\",\"oktagon\",\"Sport\",\"titul\",\"UFC\",\"Video\",\"z\u00e1pas\"],\"articleSection\":[\"Sport\",\"Video\"],\"inLanguage\":\"en-US\",\"potentialAction\":[{\"@type\":\"CommentAction\",\"name\":\"Comment\",\"target\":[\"https:\\\/\\\/www.mzone.cz\\\/video-khabib-v-ufc-ukoncil-poiriera-a-pak-zase-vyskocil-z-klece\\\/#respond\"]}]},{\"@type\":\"WebPage\",\"@id\":\"https:\\\/\\\/www.mzone.cz\\\/video-khabib-v-ufc-ukoncil-poiriera-a-pak-zase-vyskocil-z-klece\\\/\",\"url\":\"https:\\\/\\\/www.mzone.cz\\\/video-khabib-v-ufc-ukoncil-poiriera-a-pak-zase-vyskocil-z-klece\\\/\",\"name\":\"VIDEO: Khabib v UFC ukon\u010dil Poiriera a pak zase vysko\u010dil z klece! - Mzone\",\"isPartOf\":{\"@id\":\"https:\\\/\\\/www.mzone.cz\\\/#website\"},\"primaryImageOfPage\":{\"@id\":\"https:\\\/\\\/www.mzone.cz\\\/video-khabib-v-ufc-ukoncil-poiriera-a-pak-zase-vyskocil-z-klece\\\/#primaryimage\"},\"image\":{\"@id\":\"https:\\\/\\\/www.mzone.cz\\\/video-khabib-v-ufc-ukoncil-poiriera-a-pak-zase-vyskocil-z-klece\\\/#primaryimage\"},\"thumbnailUrl\":\"https:\\\/\\\/www.mzone.cz\\\/wp-content\\\/uploads\\\/2019\\\/09\\\/Sn\u00edmek-obrazovky-2019-09-09-v-9.05.05.png\",\"datePublished\":\"2019-09-10T03:00:11+00:00\",\"author\":{\"@id\":\"https:\\\/\\\/www.mzone.cz\\\/#\\\/schema\\\/person\\\/9bc20cc422a99cac4af6ff9297da32d4\"},\"description\":\"V sobotu 7. z\u00e1\u0159\u00ed se mezi sebou v UFC o titul \u0161ampiona lehk\u00e9 v\u00e1hy utkali Khabib Nurmagomedov a Dustin Poirier. Podle p\u0159edpoklad\u016f zv\u00edt\u011bzil dagest\u00e1nsk\u00fd bijec a pot\u00e9, co Ameri\u010dana ve 3. kole u\u0161krtil, fanou\u0161ci nev\u011b\u0159ili vlastn\u00edm o\u010d\u00edm, proto\u017ee tak jako p\u0159ed rokem, vysko\u010dil z oktagonu mezi div\u00e1ky!\",\"breadcrumb\":{\"@id\":\"https:\\\/\\\/www.mzone.cz\\\/video-khabib-v-ufc-ukoncil-poiriera-a-pak-zase-vyskocil-z-klece\\\/#breadcrumb\"},\"inLanguage\":\"en-US\",\"potentialAction\":[{\"@type\":\"ReadAction\",\"target\":[\"https:\\\/\\\/www.mzone.cz\\\/video-khabib-v-ufc-ukoncil-poiriera-a-pak-zase-vyskocil-z-klece\\\/\"]}]},{\"@type\":\"ImageObject\",\"inLanguage\":\"en-US\",\"@id\":\"https:\\\/\\\/www.mzone.cz\\\/video-khabib-v-ufc-ukoncil-poiriera-a-pak-zase-vyskocil-z-klece\\\/#primaryimage\",\"url\":\"https:\\\/\\\/www.mzone.cz\\\/wp-content\\\/uploads\\\/2019\\\/09\\\/Sn\u00edmek-obrazovky-2019-09-09-v-9.05.05.png\",\"contentUrl\":\"https:\\\/\\\/www.mzone.cz\\\/wp-content\\\/uploads\\\/2019\\\/09\\\/Sn\u00edmek-obrazovky-2019-09-09-v-9.05.05.png\",\"width\":957,\"height\":638},{\"@type\":\"BreadcrumbList\",\"@id\":\"https:\\\/\\\/www.mzone.cz\\\/video-khabib-v-ufc-ukoncil-poiriera-a-pak-zase-vyskocil-z-klece\\\/#breadcrumb\",\"itemListElement\":[{\"@type\":\"ListItem\",\"position\":1,\"name\":\"Dom\u016f\",\"item\":\"https:\\\/\\\/www.mzone.cz\\\/\"},{\"@type\":\"ListItem\",\"position\":2,\"name\":\"VIDEO: Khabib v UFC ukon\u010dil Poiriera a pak zase vysko\u010dil z klece!\"}]},{\"@type\":\"WebSite\",\"@id\":\"https:\\\/\\\/www.mzone.cz\\\/#website\",\"url\":\"https:\\\/\\\/www.mzone.cz\\\/\",\"name\":\"Mzone\",\"description\":\"Magaz\u00edn nejen pro mu\u017ee\",\"potentialAction\":[{\"@type\":\"SearchAction\",\"target\":{\"@type\":\"EntryPoint\",\"urlTemplate\":\"https:\\\/\\\/www.mzone.cz\\\/?s={search_term_string}\"},\"query-input\":{\"@type\":\"PropertyValueSpecification\",\"valueRequired\":true,\"valueName\":\"search_term_string\"}}],\"inLanguage\":\"en-US\"},{\"@type\":\"Person\",\"@id\":\"https:\\\/\\\/www.mzone.cz\\\/#\\\/schema\\\/person\\\/9bc20cc422a99cac4af6ff9297da32d4\",\"name\":\"Mzone\",\"image\":{\"@type\":\"ImageObject\",\"inLanguage\":\"en-US\",\"@id\":\"https:\\\/\\\/secure.gravatar.com\\\/avatar\\\/e780a8630f3182a3d06dd667ab6bea151a0d155b0951bc15fe22633acdac0676?s=96&d=mm&r=g\",\"url\":\"https:\\\/\\\/secure.gravatar.com\\\/avatar\\\/e780a8630f3182a3d06dd667ab6bea151a0d155b0951bc15fe22633acdac0676?s=96&d=mm&r=g\",\"contentUrl\":\"https:\\\/\\\/secure.gravatar.com\\\/avatar\\\/e780a8630f3182a3d06dd667ab6bea151a0d155b0951bc15fe22633acdac0676?s=96&d=mm&r=g\",\"caption\":\"Mzone\"},\"url\":\"https:\\\/\\\/www.mzone.cz\\\/en\\\/author\\\/jakub\\\/\"}]}<\/script>\n<!-- \/ Yoast SEO plugin. -->","yoast_head_json":{"title":"VIDEO: Khabib v UFC ukon\u010dil Poiriera a pak zase vysko\u010dil z klece! - Mzone","description":"V sobotu 7. z\u00e1\u0159\u00ed se mezi sebou v UFC o titul \u0161ampiona lehk\u00e9 v\u00e1hy utkali Khabib Nurmagomedov a Dustin Poirier. Podle p\u0159edpoklad\u016f zv\u00edt\u011bzil dagest\u00e1nsk\u00fd bijec a pot\u00e9, co Ameri\u010dana ve 3. kole u\u0161krtil, fanou\u0161ci nev\u011b\u0159ili vlastn\u00edm o\u010d\u00edm, proto\u017ee tak jako p\u0159ed rokem, vysko\u010dil z oktagonu mezi div\u00e1ky!","robots":{"index":"index","follow":"follow","max-snippet":"max-snippet:-1","max-image-preview":"max-image-preview:large","max-video-preview":"max-video-preview:-1"},"canonical":"https:\/\/www.mzone.cz\/en\/video-khabib-v-ufc-ukoncil-poiriera-a-pak-zase-vyskocil-z-klece\/","og_locale":"en_US","og_type":"article","og_title":"VIDEO: Khabib v UFC ukon\u010dil Poiriera a pak zase vysko\u010dil z klece! - Mzone","og_description":"V sobotu 7. z\u00e1\u0159\u00ed se mezi sebou v UFC o titul \u0161ampiona lehk\u00e9 v\u00e1hy utkali Khabib Nurmagomedov a Dustin Poirier. Podle p\u0159edpoklad\u016f zv\u00edt\u011bzil dagest\u00e1nsk\u00fd bijec a pot\u00e9, co Ameri\u010dana ve 3. kole u\u0161krtil, fanou\u0161ci nev\u011b\u0159ili vlastn\u00edm o\u010d\u00edm, proto\u017ee tak jako p\u0159ed rokem, vysko\u010dil z oktagonu mezi div\u00e1ky!","og_url":"https:\/\/www.mzone.cz\/en\/video-khabib-v-ufc-ukoncil-poiriera-a-pak-zase-vyskocil-z-klece\/","og_site_name":"Mzone","article_publisher":"https:\/\/www.facebook.com\/MzoneCZ\/","article_published_time":"2019-09-10T03:00:11+00:00","og_image":[{"width":957,"height":638,"url":"https:\/\/www.mzone.cz\/wp-content\/uploads\/2019\/09\/Sn\u00edmek-obrazovky-2019-09-09-v-9.05.05.png","type":"image\/png"}],"author":"Mzone","twitter_card":"summary_large_image","twitter_misc":{"Written by":"Mzone","Est. reading time":"1 minute"},"schema":{"@context":"https:\/\/schema.org","@graph":[{"@type":"Article","@id":"https:\/\/www.mzone.cz\/video-khabib-v-ufc-ukoncil-poiriera-a-pak-zase-vyskocil-z-klece\/#article","isPartOf":{"@id":"https:\/\/www.mzone.cz\/video-khabib-v-ufc-ukoncil-poiriera-a-pak-zase-vyskocil-z-klece\/"},"author":{"name":"Mzone","@id":"https:\/\/www.mzone.cz\/#\/schema\/person\/9bc20cc422a99cac4af6ff9297da32d4"},"headline":"VIDEO: Khabib v UFC ukon\u010dil Poiriera a pak zase vysko\u010dil z klece!","datePublished":"2019-09-10T03:00:11+00:00","mainEntityOfPage":{"@id":"https:\/\/www.mzone.cz\/video-khabib-v-ufc-ukoncil-poiriera-a-pak-zase-vyskocil-z-klece\/"},"wordCount":303,"commentCount":0,"image":{"@id":"https:\/\/www.mzone.cz\/video-khabib-v-ufc-ukoncil-poiriera-a-pak-zase-vyskocil-z-klece\/#primaryimage"},"thumbnailUrl":"https:\/\/www.mzone.cz\/wp-content\/uploads\/2019\/09\/Sn\u00edmek-obrazovky-2019-09-09-v-9.05.05.png","keywords":["bojov\u00e9 sporty","Dustin Poirier","Khabib Nurmagomedov","MMA","oktagon","Sport","titul","UFC","Video","z\u00e1pas"],"articleSection":["Sport","Video"],"inLanguage":"en-US","potentialAction":[{"@type":"CommentAction","name":"Comment","target":["https:\/\/www.mzone.cz\/video-khabib-v-ufc-ukoncil-poiriera-a-pak-zase-vyskocil-z-klece\/#respond"]}]},{"@type":"WebPage","@id":"https:\/\/www.mzone.cz\/video-khabib-v-ufc-ukoncil-poiriera-a-pak-zase-vyskocil-z-klece\/","url":"https:\/\/www.mzone.cz\/video-khabib-v-ufc-ukoncil-poiriera-a-pak-zase-vyskocil-z-klece\/","name":"VIDEO: Khabib v UFC ukon\u010dil Poiriera a pak zase vysko\u010dil z klece! - Mzone","isPartOf":{"@id":"https:\/\/www.mzone.cz\/#website"},"primaryImageOfPage":{"@id":"https:\/\/www.mzone.cz\/video-khabib-v-ufc-ukoncil-poiriera-a-pak-zase-vyskocil-z-klece\/#primaryimage"},"image":{"@id":"https:\/\/www.mzone.cz\/video-khabib-v-ufc-ukoncil-poiriera-a-pak-zase-vyskocil-z-klece\/#primaryimage"},"thumbnailUrl":"https:\/\/www.mzone.cz\/wp-content\/uploads\/2019\/09\/Sn\u00edmek-obrazovky-2019-09-09-v-9.05.05.png","datePublished":"2019-09-10T03:00:11+00:00","author":{"@id":"https:\/\/www.mzone.cz\/#\/schema\/person\/9bc20cc422a99cac4af6ff9297da32d4"},"description":"V sobotu 7. z\u00e1\u0159\u00ed se mezi sebou v UFC o titul \u0161ampiona lehk\u00e9 v\u00e1hy utkali Khabib Nurmagomedov a Dustin Poirier. Podle p\u0159edpoklad\u016f zv\u00edt\u011bzil dagest\u00e1nsk\u00fd bijec a pot\u00e9, co Ameri\u010dana ve 3. kole u\u0161krtil, fanou\u0161ci nev\u011b\u0159ili vlastn\u00edm o\u010d\u00edm, proto\u017ee tak jako p\u0159ed rokem, vysko\u010dil z oktagonu mezi div\u00e1ky!","breadcrumb":{"@id":"https:\/\/www.mzone.cz\/video-khabib-v-ufc-ukoncil-poiriera-a-pak-zase-vyskocil-z-klece\/#breadcrumb"},"inLanguage":"en-US","potentialAction":[{"@type":"ReadAction","target":["https:\/\/www.mzone.cz\/video-khabib-v-ufc-ukoncil-poiriera-a-pak-zase-vyskocil-z-klece\/"]}]},{"@type":"ImageObject","inLanguage":"en-US","@id":"https:\/\/www.mzone.cz\/video-khabib-v-ufc-ukoncil-poiriera-a-pak-zase-vyskocil-z-klece\/#primaryimage","url":"https:\/\/www.mzone.cz\/wp-content\/uploads\/2019\/09\/Sn\u00edmek-obrazovky-2019-09-09-v-9.05.05.png","contentUrl":"https:\/\/www.mzone.cz\/wp-content\/uploads\/2019\/09\/Sn\u00edmek-obrazovky-2019-09-09-v-9.05.05.png","width":957,"height":638},{"@type":"BreadcrumbList","@id":"https:\/\/www.mzone.cz\/video-khabib-v-ufc-ukoncil-poiriera-a-pak-zase-vyskocil-z-klece\/#breadcrumb","itemListElement":[{"@type":"ListItem","position":1,"name":"Dom\u016f","item":"https:\/\/www.mzone.cz\/"},{"@type":"ListItem","position":2,"name":"VIDEO: Khabib v UFC ukon\u010dil Poiriera a pak zase vysko\u010dil z klece!"}]},{"@type":"WebSite","@id":"https:\/\/www.mzone.cz\/#website","url":"https:\/\/www.mzone.cz\/","name":"Mzone","description":"Magaz\u00edn nejen pro mu\u017ee","potentialAction":[{"@type":"SearchAction","target":{"@type":"EntryPoint","urlTemplate":"https:\/\/www.mzone.cz\/?s={search_term_string}"},"query-input":{"@type":"PropertyValueSpecification","valueRequired":true,"valueName":"search_term_string"}}],"inLanguage":"en-US"},{"@type":"Person","@id":"https:\/\/www.mzone.cz\/#\/schema\/person\/9bc20cc422a99cac4af6ff9297da32d4","name":"Mzone","image":{"@type":"ImageObject","inLanguage":"en-US","@id":"https:\/\/secure.gravatar.com\/avatar\/e780a8630f3182a3d06dd667ab6bea151a0d155b0951bc15fe22633acdac0676?s=96&d=mm&r=g","url":"https:\/\/secure.gravatar.com\/avatar\/e780a8630f3182a3d06dd667ab6bea151a0d155b0951bc15fe22633acdac0676?s=96&d=mm&r=g","contentUrl":"https:\/\/secure.gravatar.com\/avatar\/e780a8630f3182a3d06dd667ab6bea151a0d155b0951bc15fe22633acdac0676?s=96&d=mm&r=g","caption":"Mzone"},"url":"https:\/\/www.mzone.cz\/en\/author\/jakub\/"}]}},"_links":{"self":[{"href":"https:\/\/www.mzone.cz\/en\/wp-json\/wp\/v2\/posts\/12829","targetHints":{"allow":["GET"]}}],"collection":[{"href":"https:\/\/www.mzone.cz\/en\/wp-json\/wp\/v2\/posts"}],"about":[{"href":"https:\/\/www.mzone.cz\/en\/wp-json\/wp\/v2\/types\/post"}],"author":[{"embeddable":true,"href":"https:\/\/www.mzone.cz\/en\/wp-json\/wp\/v2\/users\/4"}],"replies":[{"embeddable":true,"href":"https:\/\/www.mzone.cz\/en\/wp-json\/wp\/v2\/comments?post=12829"}],"version-history":[{"count":6,"href":"https:\/\/www.mzone.cz\/en\/wp-json\/wp\/v2\/posts\/12829\/revisions"}],"predecessor-version":[{"id":12838,"href":"https:\/\/www.mzone.cz\/en\/wp-json\/wp\/v2\/posts\/12829\/revisions\/12838"}],"wp:featuredmedia":[{"embeddable":true,"href":"https:\/\/www.mzone.cz\/en\/wp-json\/wp\/v2\/media\/12833"}],"wp:attachment":[{"href":"https:\/\/www.mzone.cz\/en\/wp-json\/wp\/v2\/media?parent=12829"}],"wp:term":[{"taxonomy":"category","embeddable":true,"href":"https:\/\/www.mzone.cz\/en\/wp-json\/wp\/v2\/categories?post=12829"},{"taxonomy":"post_tag","embeddable":true,"href":"https:\/\/www.mzone.cz\/en\/wp-json\/wp\/v2\/tags?post=12829"}],"curies":[{"name":"wp","href":"https:\/\/api.w.org\/{rel}","templated":true}]}}