{"id":12884,"date":"2019-09-13T06:00:55","date_gmt":"2019-09-13T04:00:55","guid":{"rendered":"https:\/\/www.mzone.cz\/?p=12884"},"modified":"2019-09-12T13:30:09","modified_gmt":"2019-09-12T11:30:09","slug":"schumachera-prevezli-do-nemocnice-sestra-pak-vyzradila-jak-na-tom-je","status":"publish","type":"post","link":"https:\/\/www.mzone.cz\/en\/schumachera-prevezli-do-nemocnice-sestra-pak-vyzradila-jak-na-tom-je\/","title":{"rendered":"Schumachera p\u0159evezli do nemocnice! Sestra pak vyzradila, jak na tom je"},"content":{"rendered":"<p><strong>Legend\u00e1rn\u00ed pilot Formule 1 Michael Schumacher je op\u011bt t\u00e9matem \u010d\u00edslo jedna. Ze \u0160v\u00fdcarska, kde od ne\u0161\u0165astn\u00e9 nehody na ly\u017e\u00edch v roce 2013 pob\u00fdv\u00e1, ho toti\u017e p\u0159evezli do nemocnice ve Francii. D\u016fvodem je experiment\u00e1ln\u00ed l\u00e9\u010dba kmenov\u00fdmi bu\u0148kami, kterou by zde m\u011bl podstoupit.<\/strong><\/p><br>\n\n\n\n<p>P\u0159\u00edsn\u011b utajovan\u00e9 man\u00e9vry prov\u00e1zel p\u0159evoz sedmin\u00e1sobn\u00e9ho \u0161ampiona motoristick\u00e9ho sportu. Aby tak\u00e9 ne, kdy\u017e informace o jeho zdravotn\u00edm stavu jsou dlouhodob\u011b p\u0159\u00edsn\u011b tajn\u00e9. \u010cas od \u010dasu pak do sv\u011bta unikne informace od jeho rodinn\u00fdch p\u0159\u00e1tel.<\/p><br>\n\n\n\n<figure class=\"wp-block-embed-twitter wp-block-embed is-type-rich is-provider-twitter\"><div class=\"wp-block-embed__wrapper\">\n<blockquote class=\"twitter-tweet\" data-width=\"550\" data-dnt=\"true\"><p lang=\"en\" dir=\"ltr\">Michael Schumacher has not been seen in public since a life-altering skiing accident in the French Alps more than five years ago, and his condition has remained a secret <a href=\"https:\/\/t.co\/UTTNtUilbS\">https:\/\/t.co\/UTTNtUilbS<\/a><\/p>&mdash; Daily Mail Australia (@DailyMailAU) <a href=\"https:\/\/twitter.com\/DailyMailAU\/status\/1171245666762461184?ref_src=twsrc%5Etfw\">September 10, 2019<\/a><\/blockquote><script async src=\"https:\/\/platform.twitter.com\/widgets.js\" charset=\"utf-8\"><\/script>\n<\/div><\/figure><br>\n\n\n\n<p>Te\u010f to ale vypad\u00e1, \u017ee by u pades\u00e1tilet\u00e9ho Schumiho skute\u010dn\u011b mohla nastat z\u00e1sadn\u00ed zm\u011bna! V nemocnici v Pa\u0159\u00ed\u017ei m\u00e1 podstoupil l\u00e9\u010dbu kmenov\u00fdmi bu\u0148kami. Shodou n\u00e1hod se poda\u0159ilo m\u00edstn\u00edm report\u00e9r\u016fm vyloudit informaci z nemocni\u010dn\u00ed sestry, kter\u00e1 proch\u00e1zela kolem \u0161t\u00e1bu.<\/p>\n\n\n\n<blockquote class=\"wp-block-quote is-layout-flow wp-block-quote-is-layout-flow\"><p>&#8220;Ano, je v na\u0161\u00ed p\u00e9\u010di. A mohu v\u00e1s ujistit, \u017ee pacient je p\u0159i v\u011bdom\u00ed,&#8221; vyzradila novin\u00e1\u0159\u016fm zdravotn\u00ed sestra a pak se za n\u00ed zav\u0159ely dve\u0159e.<\/p><\/blockquote>\n\n\n\n<p>Schumacher je v p\u00e9\u010di l\u00e9ka\u0159\u016f od roku 2013, kdy m\u011bl v prosinci nehodu na ly\u017e\u00edch a skon\u010dil v k\u00f3matu. V roce 2014 se jejich rodinn\u00e9 s\u00eddlo v \u017denev\u011b postupn\u011b p\u0159estav\u011blo na zdravotnick\u00e9 za\u0159\u00edzen\u00ed, kde se o n\u011bj dlouhodob\u011b staraj\u00ed.<\/p><br>\n\n\n\n<div class=\"wp-block-image\"><figure class=\"alignleft is-resized\"><img loading=\"lazy\" decoding=\"async\" src=\"https:\/\/www.mzone.cz\/wp-content\/uploads\/2018\/12\/Incidente_di_Ayrton_Senna_a_Imola_1994_-_02-1024x689.jpg\" alt=\"\" class=\"wp-image-2754\" width=\"120\" height=\"80\" srcset=\"https:\/\/www.mzone.cz\/wp-content\/uploads\/2018\/12\/Incidente_di_Ayrton_Senna_a_Imola_1994_-_02.jpg 1024w, https:\/\/www.mzone.cz\/wp-content\/uploads\/2018\/12\/Incidente_di_Ayrton_Senna_a_Imola_1994_-_02-300x202.jpg 300w, https:\/\/www.mzone.cz\/wp-content\/uploads\/2018\/12\/Incidente_di_Ayrton_Senna_a_Imola_1994_-_02-768x517.jpg 768w, https:\/\/www.mzone.cz\/wp-content\/uploads\/2018\/12\/Incidente_di_Ayrton_Senna_a_Imola_1994_-_02-800x533.jpg 800w, https:\/\/www.mzone.cz\/wp-content\/uploads\/2018\/12\/Incidente_di_Ayrton_Senna_a_Imola_1994_-_02-400x267.jpg 400w, https:\/\/www.mzone.cz\/wp-content\/uploads\/2018\/12\/Incidente_di_Ayrton_Senna_a_Imola_1994_-_02-500x333.jpg 500w, https:\/\/www.mzone.cz\/wp-content\/uploads\/2018\/12\/Incidente_di_Ayrton_Senna_a_Imola_1994_-_02-590x397.jpg 590w\" sizes=\"auto, (max-width: 120px) 100vw, 120px\" \/><\/figure><\/div>\n\n\n\n<h4><a href=\"https:\/\/www.mzone.cz\/5-osudovych-havarii-ktere-skoncily-smrti-ale-pak-zachranily-zivot-ostatnim\/\">5 osudov\u00fdch hav\u00e1ri\u00ed, kter\u00e9 skon\u010dily smrt\u00ed, ale pak zachr\u00e1nily \u017eivot ostatn\u00edm<\/a><\/h4><br>","protected":false},"excerpt":{"rendered":"<p>Legend\u00e1rn\u00ed pilot Formule 1 Michael Schumacher je op\u011bt t\u00e9matem \u010d\u00edslo jedna. Ze \u0160v\u00fdcarska, kde od ne\u0161\u0165astn\u00e9 nehody na ly\u017e\u00edch v roce 2013 pob\u00fdv\u00e1, ho toti\u017e p\u0159evezli do nemocnice ve Francii. D\u016fvodem je experiment\u00e1ln\u00ed l\u00e9\u010dba kmenov\u00fdmi bu\u0148kami, kterou by zde m\u011bl podstoupit. P\u0159\u00edsn\u011b utajovan\u00e9 man\u00e9vry prov\u00e1zel p\u0159evoz sedmin\u00e1sobn\u00e9ho \u0161ampiona motoristick\u00e9ho sportu. Aby tak\u00e9 ne, kdy\u017e informace [&hellip;]<\/p>\n","protected":false},"author":4,"featured_media":12892,"comment_status":"open","ping_status":"closed","sticky":false,"template":"","format":"standard","meta":{"kk_blocks_editor_width":"","_kiokenblocks_attr":"","_kiokenblocks_dimensions":"","footnotes":""},"categories":[80],"tags":[637,638,2783,1880,2784,636,1828,775,1609,2786,2785,42,534,2581,391],"class_list":["post-12884","post","type-post","status-publish","format-standard","has-post-thumbnail","hentry","category-sport","tag-formule","tag-formule-1","tag-jezdec","tag-lecba","tag-michael-schumacher","tag-motorsport","tag-nemocnice","tag-osobnost","tag-pilot","tag-prevoz","tag-rekonvalescence","tag-sport","tag-sportovec","tag-svycarsko","tag-zraneni"],"yoast_head":"<!-- This site is optimized with the Yoast SEO plugin v27.5 - https:\/\/yoast.com\/product\/yoast-seo-wordpress\/ -->\n<title>Schumachera p\u0159evezli do nemocnice! Sestra pak vyzradila, jak na tom je - Mzone<\/title>\n<meta name=\"description\" content=\"Legend\u00e1rn\u00ed pilot Formule 1 Michael Schumacher je op\u011bt t\u00e9matem \u010d\u00edslo jedna. Ze \u0160v\u00fdcarska, kde od ne\u0161\u0165astn\u00e9 nehody na ly\u017e\u00edch v roce 2013 pob\u00fdv\u00e1, ho toti\u017e p\u0159evezli do nemocnice ve Francii. D\u016fvodem je experiment\u00e1ln\u00ed l\u00e9\u010dba kmenov\u00fdmi bu\u0148kami, kterou by zde m\u011bl podstoupit.\" \/>\n<meta name=\"robots\" content=\"index, follow, max-snippet:-1, max-image-preview:large, max-video-preview:-1\" \/>\n<link rel=\"canonical\" href=\"https:\/\/www.mzone.cz\/en\/schumachera-prevezli-do-nemocnice-sestra-pak-vyzradila-jak-na-tom-je\/\" \/>\n<meta property=\"og:locale\" content=\"en_US\" \/>\n<meta property=\"og:type\" content=\"article\" \/>\n<meta property=\"og:title\" content=\"Schumachera p\u0159evezli do nemocnice! Sestra pak vyzradila, jak na tom je - Mzone\" \/>\n<meta property=\"og:description\" content=\"Legend\u00e1rn\u00ed pilot Formule 1 Michael Schumacher je op\u011bt t\u00e9matem \u010d\u00edslo jedna. Ze \u0160v\u00fdcarska, kde od ne\u0161\u0165astn\u00e9 nehody na ly\u017e\u00edch v roce 2013 pob\u00fdv\u00e1, ho toti\u017e p\u0159evezli do nemocnice ve Francii. D\u016fvodem je experiment\u00e1ln\u00ed l\u00e9\u010dba kmenov\u00fdmi bu\u0148kami, kterou by zde m\u011bl podstoupit.\" \/>\n<meta property=\"og:url\" content=\"https:\/\/www.mzone.cz\/en\/schumachera-prevezli-do-nemocnice-sestra-pak-vyzradila-jak-na-tom-je\/\" \/>\n<meta property=\"og:site_name\" content=\"Mzone\" \/>\n<meta property=\"article:publisher\" content=\"https:\/\/www.facebook.com\/MzoneCZ\/\" \/>\n<meta property=\"article:published_time\" content=\"2019-09-13T04:00:55+00:00\" \/>\n<meta property=\"og:image\" content=\"https:\/\/www.mzone.cz\/wp-content\/uploads\/2019\/09\/Michael-Schumacher-1024x683.jpg\" \/>\n\t<meta property=\"og:image:width\" content=\"1024\" \/>\n\t<meta property=\"og:image:height\" content=\"683\" \/>\n\t<meta property=\"og:image:type\" content=\"image\/jpeg\" \/>\n<meta name=\"author\" content=\"Mzone\" \/>\n<meta name=\"twitter:card\" content=\"summary_large_image\" \/>\n<meta name=\"twitter:label1\" content=\"Written by\" \/>\n\t<meta name=\"twitter:data1\" content=\"Mzone\" \/>\n\t<meta name=\"twitter:label2\" content=\"Est. reading time\" \/>\n\t<meta name=\"twitter:data2\" content=\"1 minute\" \/>\n<script type=\"application\/ld+json\" class=\"yoast-schema-graph\">{\"@context\":\"https:\\\/\\\/schema.org\",\"@graph\":[{\"@type\":\"Article\",\"@id\":\"https:\\\/\\\/www.mzone.cz\\\/schumachera-prevezli-do-nemocnice-sestra-pak-vyzradila-jak-na-tom-je\\\/#article\",\"isPartOf\":{\"@id\":\"https:\\\/\\\/www.mzone.cz\\\/schumachera-prevezli-do-nemocnice-sestra-pak-vyzradila-jak-na-tom-je\\\/\"},\"author\":{\"name\":\"Mzone\",\"@id\":\"https:\\\/\\\/www.mzone.cz\\\/#\\\/schema\\\/person\\\/9bc20cc422a99cac4af6ff9297da32d4\"},\"headline\":\"Schumachera p\u0159evezli do nemocnice! Sestra pak vyzradila, jak na tom je\",\"datePublished\":\"2019-09-13T04:00:55+00:00\",\"mainEntityOfPage\":{\"@id\":\"https:\\\/\\\/www.mzone.cz\\\/schumachera-prevezli-do-nemocnice-sestra-pak-vyzradila-jak-na-tom-je\\\/\"},\"wordCount\":268,\"commentCount\":0,\"image\":{\"@id\":\"https:\\\/\\\/www.mzone.cz\\\/schumachera-prevezli-do-nemocnice-sestra-pak-vyzradila-jak-na-tom-je\\\/#primaryimage\"},\"thumbnailUrl\":\"https:\\\/\\\/www.mzone.cz\\\/wp-content\\\/uploads\\\/2019\\\/09\\\/Michael-Schumacher.jpg\",\"keywords\":[\"formule\",\"Formule 1\",\"jezdec\",\"l\u00e9\u010dba\",\"Michael Schumacher\",\"motorsport\",\"nemocnice\",\"osobnost\",\"pilot\",\"p\u0159evoz\",\"rekonvalescence\",\"Sport\",\"sportovec\",\"\u0160v\u00fdcarsko\",\"zran\u011bn\u00ed\"],\"articleSection\":[\"Sport\"],\"inLanguage\":\"en-US\",\"potentialAction\":[{\"@type\":\"CommentAction\",\"name\":\"Comment\",\"target\":[\"https:\\\/\\\/www.mzone.cz\\\/schumachera-prevezli-do-nemocnice-sestra-pak-vyzradila-jak-na-tom-je\\\/#respond\"]}]},{\"@type\":\"WebPage\",\"@id\":\"https:\\\/\\\/www.mzone.cz\\\/schumachera-prevezli-do-nemocnice-sestra-pak-vyzradila-jak-na-tom-je\\\/\",\"url\":\"https:\\\/\\\/www.mzone.cz\\\/schumachera-prevezli-do-nemocnice-sestra-pak-vyzradila-jak-na-tom-je\\\/\",\"name\":\"Schumachera p\u0159evezli do nemocnice! Sestra pak vyzradila, jak na tom je - Mzone\",\"isPartOf\":{\"@id\":\"https:\\\/\\\/www.mzone.cz\\\/#website\"},\"primaryImageOfPage\":{\"@id\":\"https:\\\/\\\/www.mzone.cz\\\/schumachera-prevezli-do-nemocnice-sestra-pak-vyzradila-jak-na-tom-je\\\/#primaryimage\"},\"image\":{\"@id\":\"https:\\\/\\\/www.mzone.cz\\\/schumachera-prevezli-do-nemocnice-sestra-pak-vyzradila-jak-na-tom-je\\\/#primaryimage\"},\"thumbnailUrl\":\"https:\\\/\\\/www.mzone.cz\\\/wp-content\\\/uploads\\\/2019\\\/09\\\/Michael-Schumacher.jpg\",\"datePublished\":\"2019-09-13T04:00:55+00:00\",\"author\":{\"@id\":\"https:\\\/\\\/www.mzone.cz\\\/#\\\/schema\\\/person\\\/9bc20cc422a99cac4af6ff9297da32d4\"},\"description\":\"Legend\u00e1rn\u00ed pilot Formule 1 Michael Schumacher je op\u011bt t\u00e9matem \u010d\u00edslo jedna. Ze \u0160v\u00fdcarska, kde od ne\u0161\u0165astn\u00e9 nehody na ly\u017e\u00edch v roce 2013 pob\u00fdv\u00e1, ho toti\u017e p\u0159evezli do nemocnice ve Francii. D\u016fvodem je experiment\u00e1ln\u00ed l\u00e9\u010dba kmenov\u00fdmi bu\u0148kami, kterou by zde m\u011bl podstoupit.\",\"breadcrumb\":{\"@id\":\"https:\\\/\\\/www.mzone.cz\\\/schumachera-prevezli-do-nemocnice-sestra-pak-vyzradila-jak-na-tom-je\\\/#breadcrumb\"},\"inLanguage\":\"en-US\",\"potentialAction\":[{\"@type\":\"ReadAction\",\"target\":[\"https:\\\/\\\/www.mzone.cz\\\/schumachera-prevezli-do-nemocnice-sestra-pak-vyzradila-jak-na-tom-je\\\/\"]}]},{\"@type\":\"ImageObject\",\"inLanguage\":\"en-US\",\"@id\":\"https:\\\/\\\/www.mzone.cz\\\/schumachera-prevezli-do-nemocnice-sestra-pak-vyzradila-jak-na-tom-je\\\/#primaryimage\",\"url\":\"https:\\\/\\\/www.mzone.cz\\\/wp-content\\\/uploads\\\/2019\\\/09\\\/Michael-Schumacher.jpg\",\"contentUrl\":\"https:\\\/\\\/www.mzone.cz\\\/wp-content\\\/uploads\\\/2019\\\/09\\\/Michael-Schumacher.jpg\",\"width\":2748,\"height\":1832},{\"@type\":\"BreadcrumbList\",\"@id\":\"https:\\\/\\\/www.mzone.cz\\\/schumachera-prevezli-do-nemocnice-sestra-pak-vyzradila-jak-na-tom-je\\\/#breadcrumb\",\"itemListElement\":[{\"@type\":\"ListItem\",\"position\":1,\"name\":\"Dom\u016f\",\"item\":\"https:\\\/\\\/www.mzone.cz\\\/\"},{\"@type\":\"ListItem\",\"position\":2,\"name\":\"Schumachera p\u0159evezli do nemocnice! Sestra pak vyzradila, jak na tom je\"}]},{\"@type\":\"WebSite\",\"@id\":\"https:\\\/\\\/www.mzone.cz\\\/#website\",\"url\":\"https:\\\/\\\/www.mzone.cz\\\/\",\"name\":\"Mzone\",\"description\":\"Magaz\u00edn nejen pro mu\u017ee\",\"potentialAction\":[{\"@type\":\"SearchAction\",\"target\":{\"@type\":\"EntryPoint\",\"urlTemplate\":\"https:\\\/\\\/www.mzone.cz\\\/?s={search_term_string}\"},\"query-input\":{\"@type\":\"PropertyValueSpecification\",\"valueRequired\":true,\"valueName\":\"search_term_string\"}}],\"inLanguage\":\"en-US\"},{\"@type\":\"Person\",\"@id\":\"https:\\\/\\\/www.mzone.cz\\\/#\\\/schema\\\/person\\\/9bc20cc422a99cac4af6ff9297da32d4\",\"name\":\"Mzone\",\"image\":{\"@type\":\"ImageObject\",\"inLanguage\":\"en-US\",\"@id\":\"https:\\\/\\\/secure.gravatar.com\\\/avatar\\\/e780a8630f3182a3d06dd667ab6bea151a0d155b0951bc15fe22633acdac0676?s=96&d=mm&r=g\",\"url\":\"https:\\\/\\\/secure.gravatar.com\\\/avatar\\\/e780a8630f3182a3d06dd667ab6bea151a0d155b0951bc15fe22633acdac0676?s=96&d=mm&r=g\",\"contentUrl\":\"https:\\\/\\\/secure.gravatar.com\\\/avatar\\\/e780a8630f3182a3d06dd667ab6bea151a0d155b0951bc15fe22633acdac0676?s=96&d=mm&r=g\",\"caption\":\"Mzone\"},\"url\":\"https:\\\/\\\/www.mzone.cz\\\/en\\\/author\\\/jakub\\\/\"}]}<\/script>\n<!-- \/ Yoast SEO plugin. -->","yoast_head_json":{"title":"Schumachera p\u0159evezli do nemocnice! Sestra pak vyzradila, jak na tom je - Mzone","description":"Legend\u00e1rn\u00ed pilot Formule 1 Michael Schumacher je op\u011bt t\u00e9matem \u010d\u00edslo jedna. Ze \u0160v\u00fdcarska, kde od ne\u0161\u0165astn\u00e9 nehody na ly\u017e\u00edch v roce 2013 pob\u00fdv\u00e1, ho toti\u017e p\u0159evezli do nemocnice ve Francii. D\u016fvodem je experiment\u00e1ln\u00ed l\u00e9\u010dba kmenov\u00fdmi bu\u0148kami, kterou by zde m\u011bl podstoupit.","robots":{"index":"index","follow":"follow","max-snippet":"max-snippet:-1","max-image-preview":"max-image-preview:large","max-video-preview":"max-video-preview:-1"},"canonical":"https:\/\/www.mzone.cz\/en\/schumachera-prevezli-do-nemocnice-sestra-pak-vyzradila-jak-na-tom-je\/","og_locale":"en_US","og_type":"article","og_title":"Schumachera p\u0159evezli do nemocnice! Sestra pak vyzradila, jak na tom je - Mzone","og_description":"Legend\u00e1rn\u00ed pilot Formule 1 Michael Schumacher je op\u011bt t\u00e9matem \u010d\u00edslo jedna. Ze \u0160v\u00fdcarska, kde od ne\u0161\u0165astn\u00e9 nehody na ly\u017e\u00edch v roce 2013 pob\u00fdv\u00e1, ho toti\u017e p\u0159evezli do nemocnice ve Francii. D\u016fvodem je experiment\u00e1ln\u00ed l\u00e9\u010dba kmenov\u00fdmi bu\u0148kami, kterou by zde m\u011bl podstoupit.","og_url":"https:\/\/www.mzone.cz\/en\/schumachera-prevezli-do-nemocnice-sestra-pak-vyzradila-jak-na-tom-je\/","og_site_name":"Mzone","article_publisher":"https:\/\/www.facebook.com\/MzoneCZ\/","article_published_time":"2019-09-13T04:00:55+00:00","og_image":[{"width":1024,"height":683,"url":"https:\/\/www.mzone.cz\/wp-content\/uploads\/2019\/09\/Michael-Schumacher-1024x683.jpg","type":"image\/jpeg"}],"author":"Mzone","twitter_card":"summary_large_image","twitter_misc":{"Written by":"Mzone","Est. reading time":"1 minute"},"schema":{"@context":"https:\/\/schema.org","@graph":[{"@type":"Article","@id":"https:\/\/www.mzone.cz\/schumachera-prevezli-do-nemocnice-sestra-pak-vyzradila-jak-na-tom-je\/#article","isPartOf":{"@id":"https:\/\/www.mzone.cz\/schumachera-prevezli-do-nemocnice-sestra-pak-vyzradila-jak-na-tom-je\/"},"author":{"name":"Mzone","@id":"https:\/\/www.mzone.cz\/#\/schema\/person\/9bc20cc422a99cac4af6ff9297da32d4"},"headline":"Schumachera p\u0159evezli do nemocnice! Sestra pak vyzradila, jak na tom je","datePublished":"2019-09-13T04:00:55+00:00","mainEntityOfPage":{"@id":"https:\/\/www.mzone.cz\/schumachera-prevezli-do-nemocnice-sestra-pak-vyzradila-jak-na-tom-je\/"},"wordCount":268,"commentCount":0,"image":{"@id":"https:\/\/www.mzone.cz\/schumachera-prevezli-do-nemocnice-sestra-pak-vyzradila-jak-na-tom-je\/#primaryimage"},"thumbnailUrl":"https:\/\/www.mzone.cz\/wp-content\/uploads\/2019\/09\/Michael-Schumacher.jpg","keywords":["formule","Formule 1","jezdec","l\u00e9\u010dba","Michael Schumacher","motorsport","nemocnice","osobnost","pilot","p\u0159evoz","rekonvalescence","Sport","sportovec","\u0160v\u00fdcarsko","zran\u011bn\u00ed"],"articleSection":["Sport"],"inLanguage":"en-US","potentialAction":[{"@type":"CommentAction","name":"Comment","target":["https:\/\/www.mzone.cz\/schumachera-prevezli-do-nemocnice-sestra-pak-vyzradila-jak-na-tom-je\/#respond"]}]},{"@type":"WebPage","@id":"https:\/\/www.mzone.cz\/schumachera-prevezli-do-nemocnice-sestra-pak-vyzradila-jak-na-tom-je\/","url":"https:\/\/www.mzone.cz\/schumachera-prevezli-do-nemocnice-sestra-pak-vyzradila-jak-na-tom-je\/","name":"Schumachera p\u0159evezli do nemocnice! Sestra pak vyzradila, jak na tom je - Mzone","isPartOf":{"@id":"https:\/\/www.mzone.cz\/#website"},"primaryImageOfPage":{"@id":"https:\/\/www.mzone.cz\/schumachera-prevezli-do-nemocnice-sestra-pak-vyzradila-jak-na-tom-je\/#primaryimage"},"image":{"@id":"https:\/\/www.mzone.cz\/schumachera-prevezli-do-nemocnice-sestra-pak-vyzradila-jak-na-tom-je\/#primaryimage"},"thumbnailUrl":"https:\/\/www.mzone.cz\/wp-content\/uploads\/2019\/09\/Michael-Schumacher.jpg","datePublished":"2019-09-13T04:00:55+00:00","author":{"@id":"https:\/\/www.mzone.cz\/#\/schema\/person\/9bc20cc422a99cac4af6ff9297da32d4"},"description":"Legend\u00e1rn\u00ed pilot Formule 1 Michael Schumacher je op\u011bt t\u00e9matem \u010d\u00edslo jedna. Ze \u0160v\u00fdcarska, kde od ne\u0161\u0165astn\u00e9 nehody na ly\u017e\u00edch v roce 2013 pob\u00fdv\u00e1, ho toti\u017e p\u0159evezli do nemocnice ve Francii. D\u016fvodem je experiment\u00e1ln\u00ed l\u00e9\u010dba kmenov\u00fdmi bu\u0148kami, kterou by zde m\u011bl podstoupit.","breadcrumb":{"@id":"https:\/\/www.mzone.cz\/schumachera-prevezli-do-nemocnice-sestra-pak-vyzradila-jak-na-tom-je\/#breadcrumb"},"inLanguage":"en-US","potentialAction":[{"@type":"ReadAction","target":["https:\/\/www.mzone.cz\/schumachera-prevezli-do-nemocnice-sestra-pak-vyzradila-jak-na-tom-je\/"]}]},{"@type":"ImageObject","inLanguage":"en-US","@id":"https:\/\/www.mzone.cz\/schumachera-prevezli-do-nemocnice-sestra-pak-vyzradila-jak-na-tom-je\/#primaryimage","url":"https:\/\/www.mzone.cz\/wp-content\/uploads\/2019\/09\/Michael-Schumacher.jpg","contentUrl":"https:\/\/www.mzone.cz\/wp-content\/uploads\/2019\/09\/Michael-Schumacher.jpg","width":2748,"height":1832},{"@type":"BreadcrumbList","@id":"https:\/\/www.mzone.cz\/schumachera-prevezli-do-nemocnice-sestra-pak-vyzradila-jak-na-tom-je\/#breadcrumb","itemListElement":[{"@type":"ListItem","position":1,"name":"Dom\u016f","item":"https:\/\/www.mzone.cz\/"},{"@type":"ListItem","position":2,"name":"Schumachera p\u0159evezli do nemocnice! Sestra pak vyzradila, jak na tom je"}]},{"@type":"WebSite","@id":"https:\/\/www.mzone.cz\/#website","url":"https:\/\/www.mzone.cz\/","name":"Mzone","description":"Magaz\u00edn nejen pro mu\u017ee","potentialAction":[{"@type":"SearchAction","target":{"@type":"EntryPoint","urlTemplate":"https:\/\/www.mzone.cz\/?s={search_term_string}"},"query-input":{"@type":"PropertyValueSpecification","valueRequired":true,"valueName":"search_term_string"}}],"inLanguage":"en-US"},{"@type":"Person","@id":"https:\/\/www.mzone.cz\/#\/schema\/person\/9bc20cc422a99cac4af6ff9297da32d4","name":"Mzone","image":{"@type":"ImageObject","inLanguage":"en-US","@id":"https:\/\/secure.gravatar.com\/avatar\/e780a8630f3182a3d06dd667ab6bea151a0d155b0951bc15fe22633acdac0676?s=96&d=mm&r=g","url":"https:\/\/secure.gravatar.com\/avatar\/e780a8630f3182a3d06dd667ab6bea151a0d155b0951bc15fe22633acdac0676?s=96&d=mm&r=g","contentUrl":"https:\/\/secure.gravatar.com\/avatar\/e780a8630f3182a3d06dd667ab6bea151a0d155b0951bc15fe22633acdac0676?s=96&d=mm&r=g","caption":"Mzone"},"url":"https:\/\/www.mzone.cz\/en\/author\/jakub\/"}]}},"_links":{"self":[{"href":"https:\/\/www.mzone.cz\/en\/wp-json\/wp\/v2\/posts\/12884","targetHints":{"allow":["GET"]}}],"collection":[{"href":"https:\/\/www.mzone.cz\/en\/wp-json\/wp\/v2\/posts"}],"about":[{"href":"https:\/\/www.mzone.cz\/en\/wp-json\/wp\/v2\/types\/post"}],"author":[{"embeddable":true,"href":"https:\/\/www.mzone.cz\/en\/wp-json\/wp\/v2\/users\/4"}],"replies":[{"embeddable":true,"href":"https:\/\/www.mzone.cz\/en\/wp-json\/wp\/v2\/comments?post=12884"}],"version-history":[{"count":4,"href":"https:\/\/www.mzone.cz\/en\/wp-json\/wp\/v2\/posts\/12884\/revisions"}],"predecessor-version":[{"id":12891,"href":"https:\/\/www.mzone.cz\/en\/wp-json\/wp\/v2\/posts\/12884\/revisions\/12891"}],"wp:featuredmedia":[{"embeddable":true,"href":"https:\/\/www.mzone.cz\/en\/wp-json\/wp\/v2\/media\/12892"}],"wp:attachment":[{"href":"https:\/\/www.mzone.cz\/en\/wp-json\/wp\/v2\/media?parent=12884"}],"wp:term":[{"taxonomy":"category","embeddable":true,"href":"https:\/\/www.mzone.cz\/en\/wp-json\/wp\/v2\/categories?post=12884"},{"taxonomy":"post_tag","embeddable":true,"href":"https:\/\/www.mzone.cz\/en\/wp-json\/wp\/v2\/tags?post=12884"}],"curies":[{"name":"wp","href":"https:\/\/api.w.org\/{rel}","templated":true}]}}