{"id":12931,"date":"2019-09-19T18:00:04","date_gmt":"2019-09-19T16:00:04","guid":{"rendered":"https:\/\/www.mzone.cz\/?p=12931"},"modified":"2019-09-18T14:07:07","modified_gmt":"2019-09-18T12:07:07","slug":"festival-rock-for-people-oznamil-prvni-jmena-dorazi-green-day","status":"publish","type":"post","link":"https:\/\/www.mzone.cz\/en\/festival-rock-for-people-oznamil-prvni-jmena-dorazi-green-day\/","title":{"rendered":"Festival Rock for People ozn\u00e1mil prvn\u00ed jm\u00e9na, doraz\u00ed Green Day"},"content":{"rendered":"<p><strong>Rock for People v p\u0159\u00ed\u0161t\u00edm roce napln\u00ed p\u0159\u00e1n\u00ed fanou\u0161k\u016f. Oznamuj\u00ed prvn\u00ed hv\u011bzdu roku 2020, kterou je americk\u00e1 punk rockov\u00e1 legenda Green Day!<\/strong><\/p><br>\n\n\n\n<p>A\u010dkoli jsou Green Day na sc\u00e9n\u011b u\u017e t\u0159et\u00ed dek\u00e1du a vyslou\u017eili si p\u0159ijet\u00ed do rock&#8217;n&#8217;rollov\u00e9 s\u00edn\u011b sl\u00e1vy, neztratili nic ze sv\u00e9 pov\u011bstn\u00e9 \u017eivelnosti, ba pr\u00e1v\u011b naopak. Do Hradce Kr\u00e1lov\u00e9 doveze kapela zbrusu nov\u00e9 album, kter\u00e9 vyd\u00e1v\u00e1 na za\u010d\u00e1tku p\u0159\u00ed\u0161t\u00edho roku. P\u0159ed p\u00e1r dny pustili do sv\u011bta prvn\u00ed ochutn\u00e1vku s tituln\u00ed p\u00edsn\u00ed <em>Father of All<\/em>, kde po\u0159\u00e1dn\u011b p\u0159itopili pod kotlem&#8230;<\/p><br>\n\n\n\n<figure class=\"wp-block-embed-youtube wp-block-embed is-type-video is-provider-youtube wp-embed-aspect-16-9 wp-has-aspect-ratio\"><div class=\"wp-block-embed__wrapper\">\n<iframe loading=\"lazy\" title=\"Green Day - Father Of All...(Official Audio)\" width=\"600\" height=\"338\" src=\"https:\/\/www.youtube.com\/embed\/9xtAYY04_p0?feature=oembed\" frameborder=\"0\" allow=\"accelerometer; autoplay; clipboard-write; encrypted-media; gyroscope; picture-in-picture; web-share\" referrerpolicy=\"strict-origin-when-cross-origin\" allowfullscreen><\/iframe>\n<\/div><\/figure><br>\n\n\n\n<p>S ohledem na term\u00edn turn\u00e9 Green Day se v p\u0159\u00ed\u0161t\u00edm roce uskute\u010dn\u00ed jeden z nejstar\u0161\u00edch hudebn\u00edch festival\u016f u n\u00e1s o dva t\u00fddny d\u0159\u00edve, a to od 18. do 20. \u010dervna.<\/p>\n\n\n\n<blockquote class=\"wp-block-quote is-layout-flow wp-block-quote-is-layout-flow\"><p>\u201eVystoupen\u00ed Green Day na Rock for People je spln\u011bn\u00edm snu nejen n\u00e1s po\u0159adatel\u016f, ale i mnoha na\u0161ich fanou\u0161k\u016f, kte\u0159\u00ed po nich volali v podstat\u011b po celou na\u0161\u00ed historii. I proto jsme p\u0159\u00edli\u0161 nev\u00e1hali a rozhodli jsme se ud\u011blat p\u0159\u00ed\u0161t\u00ed ro\u010dn\u00edk v netradi\u010dn\u00edm term\u00ednu,\u201c vysv\u011btluje \u0159editel festivalu Michal Thomes.<\/p><\/blockquote>\n\n\n\n<p>P\u011btin\u00e1sobn\u00ed nositel\u00e9 Grammy a \u010dlenov\u00e9 rock&#8217;n&#8217;rollov\u00e9 s\u00edn\u011b sl\u00e1vy jsou ozna\u010dov\u00e1ni za jednu z nejvlivn\u011bj\u0161\u00edch kapel sv\u00e9 generace a za zakladatele americk\u00e9ho punku. Spolu s kapelami jako The Offspring nebo Bad Religion plat\u00ed Green Day za ty, kte\u0159\u00ed definitivn\u011b usadili punk rock do historie americk\u00e9 popul\u00e1rn\u00ed hudby.<\/p><br>\n\n\n\n<p>Sv\u011bd\u010d\u00ed o tom 70 milion\u016f prodan\u00fdch nosi\u010d\u016f po cel\u00e9m sv\u011bt\u011b a kolem 10 miliard jednotliv\u00fdch audio a video stream\u016f na soci\u00e1ln\u00edch s\u00edt\u00edch, ale i \u00fasp\u011bch a v\u00fdznam zejm\u00e9na p\u0159elomov\u00e9ho alba <em>Dookie<\/em> z roku 1994 a rockov\u00e9 opery <em>American Idiot<\/em> o deset let pozd\u011bji. Posledn\u00ed deska z roku 2016 <em>Revolution Radio<\/em> je deska o aktu\u00e1ln\u00edm d\u011bn\u00ed na planet\u011b.<\/p>\n\n\n\n<blockquote class=\"wp-block-quote is-layout-flow wp-block-quote-is-layout-flow\"><p>\u201eSv\u011bt ztratil smysl pro pospolitost,\u201c \u0159\u00edk\u00e1 Armstrong. \u201eJ\u00e1, Mike a Tr\u00e9 se rovn\u011b\u017e c\u00edt\u00edme&nbsp;ztracen\u00ed. Album pom\u00e1h\u00e1 v\u0161echny ty ztracen\u00e9 du\u0161e sjednotit. P\u0159ejeme si, aby spolu lid\u00e9 za\u010dali zase tan\u010dit, zp\u00edvat a p\u0159edev\u0161\u00edm se navz\u00e1jem na\u0161li,\u201c dod\u00e1v\u00e1.<\/p><\/blockquote>\n\n\n\n<p>Letos vydali singl <em>Father Of All\u2026<\/em> jako uk\u00e1zku z chystan\u00e9ho stejnojmenn\u00e9ho alba, vych\u00e1zej\u00edc\u00edho 7. \u00fanora 2020. To si s sebou Green Day, o kter\u00fdch presti\u017en\u00ed \u010dasopis Rolling Stone napsal, \u017ee d\u00edky jejich vlivu vzniklo nejv\u00edc kapel v Americe, p\u0159ivezou i na p\u0159\u00ed\u0161t\u00ed Rock for People. 29. \u0159\u00edjna leto\u0161n\u00edho roku tak\u00e9 kalifornsk\u00e1 kapela vyd\u00e1 grafick\u00fd rom\u00e1n <em>Last of the American Girls<\/em>, kter\u00fd spole\u010dn\u011b napsala.<\/p><br>\n\n\n\n<div class=\"wp-block-image\"><figure class=\"alignleft is-resized\"><img loading=\"lazy\" decoding=\"async\" src=\"https:\/\/www.mzone.cz\/wp-content\/uploads\/2019\/06\/sum41-oficial4-1024x682.jpg\" alt=\"\" class=\"wp-image-10131\" width=\"162\" height=\"107\" srcset=\"https:\/\/www.mzone.cz\/wp-content\/uploads\/2019\/06\/sum41-oficial4-1024x682.jpg 1024w, https:\/\/www.mzone.cz\/wp-content\/uploads\/2019\/06\/sum41-oficial4-300x200.jpg 300w, https:\/\/www.mzone.cz\/wp-content\/uploads\/2019\/06\/sum41-oficial4-768x512.jpg 768w, https:\/\/www.mzone.cz\/wp-content\/uploads\/2019\/06\/sum41-oficial4-800x533.jpg 800w, https:\/\/www.mzone.cz\/wp-content\/uploads\/2019\/06\/sum41-oficial4-400x267.jpg 400w, https:\/\/www.mzone.cz\/wp-content\/uploads\/2019\/06\/sum41-oficial4-500x333.jpg 500w, https:\/\/www.mzone.cz\/wp-content\/uploads\/2019\/06\/sum41-oficial4-1170x780.jpg 1170w, https:\/\/www.mzone.cz\/wp-content\/uploads\/2019\/06\/sum41-oficial4-590x393.jpg 590w, https:\/\/www.mzone.cz\/wp-content\/uploads\/2019\/06\/sum41-oficial4.jpg 1603w\" sizes=\"auto, (max-width: 162px) 100vw, 162px\" \/><\/figure><\/div>\n\n\n\n<h4><a href=\"https:\/\/www.mzone.cz\/punk-jeste-neni-mrtvej-sum-41-nechali-roztat-prazske-ledarny-a-ukazali-ze-porad-maji-formu-jako-hrom\/\">Punk je\u0161t\u011b nen\u00ed mrtvej! SUM 41 nechali rozt\u00e1t pra\u017esk\u00e9 led\u00e1rny a uk\u00e1zali, \u017ee po\u0159\u00e1d maj\u00ed formu jako hrom<\/a><\/h4><br><br>\n\n\n\n<p>Spole\u010dn\u011b s Green Day doraz\u00ed jako druh\u00fd headliner i hv\u011bzdn\u00ed ameri\u010dt\u00ed rocke\u0159i <strong>Fall Out Boy<\/strong>, kte\u0159\u00ed budou m\u00edt na Rock for People \u010deskou premi\u00e9ru, a dr\u017eitel\u00e9 Grammy <strong>Weezer<\/strong>. Ob\u011b formace doprov\u00e1zej\u00ed Green Day na jejich Hella Mega Tour. N\u00e1v\u0161t\u011bvn\u00edci Rock for People tak dostanou stejnou porci hudby jako na koncert\u011b v r\u00e1mci turn\u00e9 a k tomu nav\u00edc dal\u0161\u00ed des\u00edtky kapel.<\/p><br>\n\n\n\n<p>Rock for People oznamuje i dal\u0161\u00ed jm\u00e9na, kter\u00fdmi jsou nizozem\u0161t\u00ed hiphope\u0159i <strong>DOPE D.O.D.<\/strong>, australsk\u00e9 elektronick\u00e9 duo <strong>SKYND<\/strong> a z\u00e1stupci dom\u00e1c\u00ed sc\u00e9ny <strong>John Wolfhooker<\/strong>. Po\u0159adatel\u00e9 tak pokra\u010duj\u00ed v dramaturgick\u00e9 linii p\u0159edstavov\u00e1n\u00ed nad\u011bjn\u00fdch a neokoukan\u00fdch interpret\u016f po boku velk\u00fdch zahrani\u010dn\u00edch jmen.<\/p>","protected":false},"excerpt":{"rendered":"<p>Rock for People v p\u0159\u00ed\u0161t\u00edm roce napln\u00ed p\u0159\u00e1n\u00ed fanou\u0161k\u016f. Oznamuj\u00ed prvn\u00ed hv\u011bzdu roku 2020, kterou je americk\u00e1 punk rockov\u00e1 legenda Green Day! A\u010dkoli jsou Green Day na sc\u00e9n\u011b u\u017e t\u0159et\u00ed dek\u00e1du a vyslou\u017eili si p\u0159ijet\u00ed do rock&#8217;n&#8217;rollov\u00e9 s\u00edn\u011b sl\u00e1vy, neztratili nic ze sv\u00e9 pov\u011bstn\u00e9 \u017eivelnosti, ba pr\u00e1v\u011b naopak. Do Hradce Kr\u00e1lov\u00e9 doveze kapela zbrusu nov\u00e9 [&hellip;]<\/p>\n","protected":false},"author":4,"featured_media":12932,"comment_status":"open","ping_status":"closed","sticky":false,"template":"","format":"standard","meta":{"kk_blocks_editor_width":"","_kiokenblocks_attr":"","_kiokenblocks_dimensions":"","footnotes":""},"categories":[76,71],"tags":[153,2797,2796,1147,1584,1579,31,2011,1580,2793,2366,2792,2795,2794,2055,1825,1802,1582],"class_list":["post-12931","post","type-post","status-publish","format-standard","has-post-thumbnail","hentry","category-hudba","category-kultura","tag-festival","tag-green-day","tag-headlineri","tag-hudba","tag-kapela","tag-koncert","tag-kultura","tag-line-up","tag-muzika","tag-oznameni","tag-punk","tag-punk-rock","tag-rfp","tag-rfp-2020","tag-rock","tag-rock-for-people","tag-skupina","tag-vystoupeni"],"yoast_head":"<!-- This site is optimized with the Yoast SEO plugin v27.5 - https:\/\/yoast.com\/product\/yoast-seo-wordpress\/ -->\n<title>Festival Rock for People ozn\u00e1mil prvn\u00ed jm\u00e9na, doraz\u00ed Green Day - Mzone<\/title>\n<meta name=\"description\" content=\"Rock for People v p\u0159\u00ed\u0161t\u00edm roce napln\u00ed p\u0159\u00e1n\u00ed fanou\u0161k\u016f. Oznamuj\u00ed prvn\u00ed hv\u011bzdu roku 2020, kterou je americk\u00e1 punk rockov\u00e1 legenda Green Day!\" \/>\n<meta name=\"robots\" content=\"index, follow, max-snippet:-1, max-image-preview:large, max-video-preview:-1\" \/>\n<link rel=\"canonical\" href=\"https:\/\/www.mzone.cz\/en\/festival-rock-for-people-oznamil-prvni-jmena-dorazi-green-day\/\" \/>\n<meta property=\"og:locale\" content=\"en_US\" \/>\n<meta property=\"og:type\" content=\"article\" \/>\n<meta property=\"og:title\" content=\"Festival Rock for People ozn\u00e1mil prvn\u00ed jm\u00e9na, doraz\u00ed Green Day - Mzone\" \/>\n<meta property=\"og:description\" content=\"Rock for People v p\u0159\u00ed\u0161t\u00edm roce napln\u00ed p\u0159\u00e1n\u00ed fanou\u0161k\u016f. Oznamuj\u00ed prvn\u00ed hv\u011bzdu roku 2020, kterou je americk\u00e1 punk rockov\u00e1 legenda Green Day!\" \/>\n<meta property=\"og:url\" content=\"https:\/\/www.mzone.cz\/en\/festival-rock-for-people-oznamil-prvni-jmena-dorazi-green-day\/\" \/>\n<meta property=\"og:site_name\" content=\"Mzone\" \/>\n<meta property=\"article:publisher\" content=\"https:\/\/www.facebook.com\/MzoneCZ\/\" \/>\n<meta property=\"article:published_time\" content=\"2019-09-19T16:00:04+00:00\" \/>\n<meta property=\"og:image\" content=\"https:\/\/www.mzone.cz\/wp-content\/uploads\/2019\/09\/Green-Day.jpg\" \/>\n\t<meta property=\"og:image:width\" content=\"1008\" \/>\n\t<meta property=\"og:image:height\" content=\"672\" \/>\n\t<meta property=\"og:image:type\" content=\"image\/jpeg\" \/>\n<meta name=\"author\" content=\"Mzone\" \/>\n<meta name=\"twitter:card\" content=\"summary_large_image\" \/>\n<meta name=\"twitter:label1\" content=\"Written by\" \/>\n\t<meta name=\"twitter:data1\" content=\"Mzone\" \/>\n\t<meta name=\"twitter:label2\" content=\"Est. reading time\" \/>\n\t<meta name=\"twitter:data2\" content=\"3 minutes\" \/>\n<script type=\"application\/ld+json\" class=\"yoast-schema-graph\">{\"@context\":\"https:\\\/\\\/schema.org\",\"@graph\":[{\"@type\":\"Article\",\"@id\":\"https:\\\/\\\/www.mzone.cz\\\/festival-rock-for-people-oznamil-prvni-jmena-dorazi-green-day\\\/#article\",\"isPartOf\":{\"@id\":\"https:\\\/\\\/www.mzone.cz\\\/festival-rock-for-people-oznamil-prvni-jmena-dorazi-green-day\\\/\"},\"author\":{\"name\":\"Mzone\",\"@id\":\"https:\\\/\\\/www.mzone.cz\\\/#\\\/schema\\\/person\\\/9bc20cc422a99cac4af6ff9297da32d4\"},\"headline\":\"Festival Rock for People ozn\u00e1mil prvn\u00ed jm\u00e9na, doraz\u00ed Green Day\",\"datePublished\":\"2019-09-19T16:00:04+00:00\",\"mainEntityOfPage\":{\"@id\":\"https:\\\/\\\/www.mzone.cz\\\/festival-rock-for-people-oznamil-prvni-jmena-dorazi-green-day\\\/\"},\"wordCount\":637,\"commentCount\":0,\"image\":{\"@id\":\"https:\\\/\\\/www.mzone.cz\\\/festival-rock-for-people-oznamil-prvni-jmena-dorazi-green-day\\\/#primaryimage\"},\"thumbnailUrl\":\"https:\\\/\\\/www.mzone.cz\\\/wp-content\\\/uploads\\\/2019\\\/09\\\/Green-Day.jpg\",\"keywords\":[\"festival\",\"Green Day\",\"headline\u0159i\",\"hudba\",\"kapela\",\"koncert\",\"Kultura\",\"line-up\",\"muzika\",\"ozn\u00e1men\u00ed\",\"punk\",\"punk-rock\",\"RfP\",\"RfP 2020\",\"rock\",\"Rock for People\",\"skupina\",\"vystoupen\u00ed\"],\"articleSection\":[\"Hudba\",\"Kultura\"],\"inLanguage\":\"en-US\",\"potentialAction\":[{\"@type\":\"CommentAction\",\"name\":\"Comment\",\"target\":[\"https:\\\/\\\/www.mzone.cz\\\/festival-rock-for-people-oznamil-prvni-jmena-dorazi-green-day\\\/#respond\"]}]},{\"@type\":\"WebPage\",\"@id\":\"https:\\\/\\\/www.mzone.cz\\\/festival-rock-for-people-oznamil-prvni-jmena-dorazi-green-day\\\/\",\"url\":\"https:\\\/\\\/www.mzone.cz\\\/festival-rock-for-people-oznamil-prvni-jmena-dorazi-green-day\\\/\",\"name\":\"Festival Rock for People ozn\u00e1mil prvn\u00ed jm\u00e9na, doraz\u00ed Green Day - Mzone\",\"isPartOf\":{\"@id\":\"https:\\\/\\\/www.mzone.cz\\\/#website\"},\"primaryImageOfPage\":{\"@id\":\"https:\\\/\\\/www.mzone.cz\\\/festival-rock-for-people-oznamil-prvni-jmena-dorazi-green-day\\\/#primaryimage\"},\"image\":{\"@id\":\"https:\\\/\\\/www.mzone.cz\\\/festival-rock-for-people-oznamil-prvni-jmena-dorazi-green-day\\\/#primaryimage\"},\"thumbnailUrl\":\"https:\\\/\\\/www.mzone.cz\\\/wp-content\\\/uploads\\\/2019\\\/09\\\/Green-Day.jpg\",\"datePublished\":\"2019-09-19T16:00:04+00:00\",\"author\":{\"@id\":\"https:\\\/\\\/www.mzone.cz\\\/#\\\/schema\\\/person\\\/9bc20cc422a99cac4af6ff9297da32d4\"},\"description\":\"Rock for People v p\u0159\u00ed\u0161t\u00edm roce napln\u00ed p\u0159\u00e1n\u00ed fanou\u0161k\u016f. Oznamuj\u00ed prvn\u00ed hv\u011bzdu roku 2020, kterou je americk\u00e1 punk rockov\u00e1 legenda Green Day!\",\"breadcrumb\":{\"@id\":\"https:\\\/\\\/www.mzone.cz\\\/festival-rock-for-people-oznamil-prvni-jmena-dorazi-green-day\\\/#breadcrumb\"},\"inLanguage\":\"en-US\",\"potentialAction\":[{\"@type\":\"ReadAction\",\"target\":[\"https:\\\/\\\/www.mzone.cz\\\/festival-rock-for-people-oznamil-prvni-jmena-dorazi-green-day\\\/\"]}]},{\"@type\":\"ImageObject\",\"inLanguage\":\"en-US\",\"@id\":\"https:\\\/\\\/www.mzone.cz\\\/festival-rock-for-people-oznamil-prvni-jmena-dorazi-green-day\\\/#primaryimage\",\"url\":\"https:\\\/\\\/www.mzone.cz\\\/wp-content\\\/uploads\\\/2019\\\/09\\\/Green-Day.jpg\",\"contentUrl\":\"https:\\\/\\\/www.mzone.cz\\\/wp-content\\\/uploads\\\/2019\\\/09\\\/Green-Day.jpg\",\"width\":1008,\"height\":672},{\"@type\":\"BreadcrumbList\",\"@id\":\"https:\\\/\\\/www.mzone.cz\\\/festival-rock-for-people-oznamil-prvni-jmena-dorazi-green-day\\\/#breadcrumb\",\"itemListElement\":[{\"@type\":\"ListItem\",\"position\":1,\"name\":\"Dom\u016f\",\"item\":\"https:\\\/\\\/www.mzone.cz\\\/\"},{\"@type\":\"ListItem\",\"position\":2,\"name\":\"Festival Rock for People ozn\u00e1mil prvn\u00ed jm\u00e9na, doraz\u00ed Green Day\"}]},{\"@type\":\"WebSite\",\"@id\":\"https:\\\/\\\/www.mzone.cz\\\/#website\",\"url\":\"https:\\\/\\\/www.mzone.cz\\\/\",\"name\":\"Mzone\",\"description\":\"Magaz\u00edn nejen pro mu\u017ee\",\"potentialAction\":[{\"@type\":\"SearchAction\",\"target\":{\"@type\":\"EntryPoint\",\"urlTemplate\":\"https:\\\/\\\/www.mzone.cz\\\/?s={search_term_string}\"},\"query-input\":{\"@type\":\"PropertyValueSpecification\",\"valueRequired\":true,\"valueName\":\"search_term_string\"}}],\"inLanguage\":\"en-US\"},{\"@type\":\"Person\",\"@id\":\"https:\\\/\\\/www.mzone.cz\\\/#\\\/schema\\\/person\\\/9bc20cc422a99cac4af6ff9297da32d4\",\"name\":\"Mzone\",\"image\":{\"@type\":\"ImageObject\",\"inLanguage\":\"en-US\",\"@id\":\"https:\\\/\\\/secure.gravatar.com\\\/avatar\\\/e780a8630f3182a3d06dd667ab6bea151a0d155b0951bc15fe22633acdac0676?s=96&d=mm&r=g\",\"url\":\"https:\\\/\\\/secure.gravatar.com\\\/avatar\\\/e780a8630f3182a3d06dd667ab6bea151a0d155b0951bc15fe22633acdac0676?s=96&d=mm&r=g\",\"contentUrl\":\"https:\\\/\\\/secure.gravatar.com\\\/avatar\\\/e780a8630f3182a3d06dd667ab6bea151a0d155b0951bc15fe22633acdac0676?s=96&d=mm&r=g\",\"caption\":\"Mzone\"},\"url\":\"https:\\\/\\\/www.mzone.cz\\\/en\\\/author\\\/jakub\\\/\"}]}<\/script>\n<!-- \/ Yoast SEO plugin. -->","yoast_head_json":{"title":"Festival Rock for People ozn\u00e1mil prvn\u00ed jm\u00e9na, doraz\u00ed Green Day - Mzone","description":"Rock for People v p\u0159\u00ed\u0161t\u00edm roce napln\u00ed p\u0159\u00e1n\u00ed fanou\u0161k\u016f. Oznamuj\u00ed prvn\u00ed hv\u011bzdu roku 2020, kterou je americk\u00e1 punk rockov\u00e1 legenda Green Day!","robots":{"index":"index","follow":"follow","max-snippet":"max-snippet:-1","max-image-preview":"max-image-preview:large","max-video-preview":"max-video-preview:-1"},"canonical":"https:\/\/www.mzone.cz\/en\/festival-rock-for-people-oznamil-prvni-jmena-dorazi-green-day\/","og_locale":"en_US","og_type":"article","og_title":"Festival Rock for People ozn\u00e1mil prvn\u00ed jm\u00e9na, doraz\u00ed Green Day - Mzone","og_description":"Rock for People v p\u0159\u00ed\u0161t\u00edm roce napln\u00ed p\u0159\u00e1n\u00ed fanou\u0161k\u016f. Oznamuj\u00ed prvn\u00ed hv\u011bzdu roku 2020, kterou je americk\u00e1 punk rockov\u00e1 legenda Green Day!","og_url":"https:\/\/www.mzone.cz\/en\/festival-rock-for-people-oznamil-prvni-jmena-dorazi-green-day\/","og_site_name":"Mzone","article_publisher":"https:\/\/www.facebook.com\/MzoneCZ\/","article_published_time":"2019-09-19T16:00:04+00:00","og_image":[{"width":1008,"height":672,"url":"https:\/\/www.mzone.cz\/wp-content\/uploads\/2019\/09\/Green-Day.jpg","type":"image\/jpeg"}],"author":"Mzone","twitter_card":"summary_large_image","twitter_misc":{"Written by":"Mzone","Est. reading time":"3 minutes"},"schema":{"@context":"https:\/\/schema.org","@graph":[{"@type":"Article","@id":"https:\/\/www.mzone.cz\/festival-rock-for-people-oznamil-prvni-jmena-dorazi-green-day\/#article","isPartOf":{"@id":"https:\/\/www.mzone.cz\/festival-rock-for-people-oznamil-prvni-jmena-dorazi-green-day\/"},"author":{"name":"Mzone","@id":"https:\/\/www.mzone.cz\/#\/schema\/person\/9bc20cc422a99cac4af6ff9297da32d4"},"headline":"Festival Rock for People ozn\u00e1mil prvn\u00ed jm\u00e9na, doraz\u00ed Green Day","datePublished":"2019-09-19T16:00:04+00:00","mainEntityOfPage":{"@id":"https:\/\/www.mzone.cz\/festival-rock-for-people-oznamil-prvni-jmena-dorazi-green-day\/"},"wordCount":637,"commentCount":0,"image":{"@id":"https:\/\/www.mzone.cz\/festival-rock-for-people-oznamil-prvni-jmena-dorazi-green-day\/#primaryimage"},"thumbnailUrl":"https:\/\/www.mzone.cz\/wp-content\/uploads\/2019\/09\/Green-Day.jpg","keywords":["festival","Green Day","headline\u0159i","hudba","kapela","koncert","Kultura","line-up","muzika","ozn\u00e1men\u00ed","punk","punk-rock","RfP","RfP 2020","rock","Rock for People","skupina","vystoupen\u00ed"],"articleSection":["Hudba","Kultura"],"inLanguage":"en-US","potentialAction":[{"@type":"CommentAction","name":"Comment","target":["https:\/\/www.mzone.cz\/festival-rock-for-people-oznamil-prvni-jmena-dorazi-green-day\/#respond"]}]},{"@type":"WebPage","@id":"https:\/\/www.mzone.cz\/festival-rock-for-people-oznamil-prvni-jmena-dorazi-green-day\/","url":"https:\/\/www.mzone.cz\/festival-rock-for-people-oznamil-prvni-jmena-dorazi-green-day\/","name":"Festival Rock for People ozn\u00e1mil prvn\u00ed jm\u00e9na, doraz\u00ed Green Day - Mzone","isPartOf":{"@id":"https:\/\/www.mzone.cz\/#website"},"primaryImageOfPage":{"@id":"https:\/\/www.mzone.cz\/festival-rock-for-people-oznamil-prvni-jmena-dorazi-green-day\/#primaryimage"},"image":{"@id":"https:\/\/www.mzone.cz\/festival-rock-for-people-oznamil-prvni-jmena-dorazi-green-day\/#primaryimage"},"thumbnailUrl":"https:\/\/www.mzone.cz\/wp-content\/uploads\/2019\/09\/Green-Day.jpg","datePublished":"2019-09-19T16:00:04+00:00","author":{"@id":"https:\/\/www.mzone.cz\/#\/schema\/person\/9bc20cc422a99cac4af6ff9297da32d4"},"description":"Rock for People v p\u0159\u00ed\u0161t\u00edm roce napln\u00ed p\u0159\u00e1n\u00ed fanou\u0161k\u016f. Oznamuj\u00ed prvn\u00ed hv\u011bzdu roku 2020, kterou je americk\u00e1 punk rockov\u00e1 legenda Green Day!","breadcrumb":{"@id":"https:\/\/www.mzone.cz\/festival-rock-for-people-oznamil-prvni-jmena-dorazi-green-day\/#breadcrumb"},"inLanguage":"en-US","potentialAction":[{"@type":"ReadAction","target":["https:\/\/www.mzone.cz\/festival-rock-for-people-oznamil-prvni-jmena-dorazi-green-day\/"]}]},{"@type":"ImageObject","inLanguage":"en-US","@id":"https:\/\/www.mzone.cz\/festival-rock-for-people-oznamil-prvni-jmena-dorazi-green-day\/#primaryimage","url":"https:\/\/www.mzone.cz\/wp-content\/uploads\/2019\/09\/Green-Day.jpg","contentUrl":"https:\/\/www.mzone.cz\/wp-content\/uploads\/2019\/09\/Green-Day.jpg","width":1008,"height":672},{"@type":"BreadcrumbList","@id":"https:\/\/www.mzone.cz\/festival-rock-for-people-oznamil-prvni-jmena-dorazi-green-day\/#breadcrumb","itemListElement":[{"@type":"ListItem","position":1,"name":"Dom\u016f","item":"https:\/\/www.mzone.cz\/"},{"@type":"ListItem","position":2,"name":"Festival Rock for People ozn\u00e1mil prvn\u00ed jm\u00e9na, doraz\u00ed Green Day"}]},{"@type":"WebSite","@id":"https:\/\/www.mzone.cz\/#website","url":"https:\/\/www.mzone.cz\/","name":"Mzone","description":"Magaz\u00edn nejen pro mu\u017ee","potentialAction":[{"@type":"SearchAction","target":{"@type":"EntryPoint","urlTemplate":"https:\/\/www.mzone.cz\/?s={search_term_string}"},"query-input":{"@type":"PropertyValueSpecification","valueRequired":true,"valueName":"search_term_string"}}],"inLanguage":"en-US"},{"@type":"Person","@id":"https:\/\/www.mzone.cz\/#\/schema\/person\/9bc20cc422a99cac4af6ff9297da32d4","name":"Mzone","image":{"@type":"ImageObject","inLanguage":"en-US","@id":"https:\/\/secure.gravatar.com\/avatar\/e780a8630f3182a3d06dd667ab6bea151a0d155b0951bc15fe22633acdac0676?s=96&d=mm&r=g","url":"https:\/\/secure.gravatar.com\/avatar\/e780a8630f3182a3d06dd667ab6bea151a0d155b0951bc15fe22633acdac0676?s=96&d=mm&r=g","contentUrl":"https:\/\/secure.gravatar.com\/avatar\/e780a8630f3182a3d06dd667ab6bea151a0d155b0951bc15fe22633acdac0676?s=96&d=mm&r=g","caption":"Mzone"},"url":"https:\/\/www.mzone.cz\/en\/author\/jakub\/"}]}},"_links":{"self":[{"href":"https:\/\/www.mzone.cz\/en\/wp-json\/wp\/v2\/posts\/12931","targetHints":{"allow":["GET"]}}],"collection":[{"href":"https:\/\/www.mzone.cz\/en\/wp-json\/wp\/v2\/posts"}],"about":[{"href":"https:\/\/www.mzone.cz\/en\/wp-json\/wp\/v2\/types\/post"}],"author":[{"embeddable":true,"href":"https:\/\/www.mzone.cz\/en\/wp-json\/wp\/v2\/users\/4"}],"replies":[{"embeddable":true,"href":"https:\/\/www.mzone.cz\/en\/wp-json\/wp\/v2\/comments?post=12931"}],"version-history":[{"count":12,"href":"https:\/\/www.mzone.cz\/en\/wp-json\/wp\/v2\/posts\/12931\/revisions"}],"predecessor-version":[{"id":12966,"href":"https:\/\/www.mzone.cz\/en\/wp-json\/wp\/v2\/posts\/12931\/revisions\/12966"}],"wp:featuredmedia":[{"embeddable":true,"href":"https:\/\/www.mzone.cz\/en\/wp-json\/wp\/v2\/media\/12932"}],"wp:attachment":[{"href":"https:\/\/www.mzone.cz\/en\/wp-json\/wp\/v2\/media?parent=12931"}],"wp:term":[{"taxonomy":"category","embeddable":true,"href":"https:\/\/www.mzone.cz\/en\/wp-json\/wp\/v2\/categories?post=12931"},{"taxonomy":"post_tag","embeddable":true,"href":"https:\/\/www.mzone.cz\/en\/wp-json\/wp\/v2\/tags?post=12931"}],"curies":[{"name":"wp","href":"https:\/\/api.w.org\/{rel}","templated":true}]}}