{"id":13000,"date":"2019-09-29T18:00:07","date_gmt":"2019-09-29T16:00:07","guid":{"rendered":"https:\/\/www.mzone.cz\/?p=13000"},"modified":"2019-09-29T11:22:40","modified_gmt":"2019-09-29T09:22:40","slug":"roman-vojtek-fotbal-a-hokej-typicky-panska-zalezitost-ktera-mi-nic-nerika","status":"publish","type":"post","link":"https:\/\/www.mzone.cz\/en\/roman-vojtek-fotbal-a-hokej-typicky-panska-zalezitost-ktera-mi-nic-nerika\/","title":{"rendered":"Roman Vojtek: \u201eFotbal a hokej? Typicky p\u00e1nsk\u00e1 z\u00e1le\u017eitost, kter\u00e1 mi nic ne\u0159\u00edk\u00e1!\u201c"},"content":{"rendered":"<p><strong>Pohyb a s n\u00edm souvisej\u00edc\u00ed n\u00e1vrat k p\u0159\u00edrod\u011b je st\u00e1le obl\u00edben\u011bj\u0161\u00edm \u017eivotn\u00edm stylem, s kter\u00fdm se ztoto\u017e\u0148uje ka\u017ed\u00fd modern\u00ed \u010dlov\u011bk. Krok s p\u0159\u00edrodou dr\u017e\u00ed i herec Roman Vojtek, jen\u017e se stal hrd\u00fdm ambasadorem pramenit\u00e9 vody Rajec, kter\u00e1 dlouhodob\u011b podporuje pohybov\u00e9 aktivity u lid\u00ed.<\/strong><\/p><br>\n\n\n\n<p>V r\u00e1mci t\u00e9to spolupr\u00e1ce se z\u00fa\u010dast\u0148uje b\u011b\u017eeck\u00fdch akc\u00ed Run Tour, kter\u00e9 se konaj\u00ed v pr\u016fb\u011bhu cel\u00e9ho roku v r\u016fzn\u00fdch m\u00edstech \u010cesk\u00e9 republiky. B\u011bh je Romanovou ned\u00edlnou sou\u010d\u00e1st\u00ed a jak s\u00e1m \u0159\u00edk\u00e1, udr\u017euje ho v kondici fyzicky i du\u0161evn\u011b.<\/p><br>\n\n\n\n<p><strong>Jako d\u00edt\u011b jste byl velice hyperaktivn\u00ed a dodnes je zn\u00e1mo, \u017ee sport V\u00e1m nen\u00ed ciz\u00ed. Jak\u00e9 aktivit\u011b se v\u011bnujete nejrad\u011bji?\u00a0<\/strong><\/p>\n\n\n\n<p>V\u017edycky jsem r\u00e1d tr\u00e1vil \u010das s d\u011btmi, tak\u017ee m\u011b s nimi bav\u00ed i ve\u0161ker\u00e9 aktivity. V l\u00e9t\u011b si u\u017e\u00edv\u00e1me Slapy, jezd\u00edme na kole\u010dkov\u00fdch brusl\u00edch, skateboardu, chod\u00edme na v\u00fdlety, zacvi\u010dit si do na\u0161\u00ed obl\u00edben\u00e9 gymnastick\u00e9 haly v Dob\u0159ichovic\u00edch, nebo vis\u00edme na horolezeck\u00e9 st\u011bn\u011b. V zim\u011b pak v\u00edt\u011bz\u00ed hlavn\u011b ly\u017ee a prkno.<\/p><br>\n\n\n\n<p><strong>Up\u0159ednost\u0148ujete t\u00fdmov\u00e9 sporty, nebo rad\u011bji jedete s\u00e1m za sebe?\u00a0<\/strong><\/p>\n\n\n\n<p>Jsem typick\u00fd beran, tak\u017ee v\u017edy s\u00e1m za sebe.<\/p><br>\n\n\n\n<p><strong>Je pravd\u011bpodobn\u011bj\u0161\u00ed, \u017ee V\u00e1s zastihneme p\u0159i sportu ve fitness centru, nebo sp\u00ed\u0161 venku?<\/strong><\/p>\n\n\n\n<p>Ur\u010dit\u011b venku, do fitness nechod\u00edm. M\u00e1m doma veslovac\u00ed trena\u017e\u00e9r, venku zahradu a v sousedn\u00ed vesnici kr\u00e1snou gymnastickou halu. U n\u00ed pak cyklostezku, na kterou si m\u016f\u017eu vyb\u011bhnout, nebo s d\u011btma zaskejtovat.<\/p><br>\n\n\n\n<p><strong>V prvn\u00edm ro\u010dn\u00edku tane\u010dn\u00ed sout\u011b\u017ee Stardance jste se svou tane\u010dn\u00ed partnerkou zv\u00edt\u011bzili na cel\u00e9 \u010d\u00e1\u0159e. Nav\u0161t\u011bvoval jste tane\u010dn\u00ed, nebo to byla Va\u0161e prvn\u00ed zku\u0161enost s tancem?<\/strong><\/p>\n\n\n\n<p>Tane\u010dn\u00ed jsem absolvoval, ale bylo to asi 20 let p\u0159ed Stardance, tak\u017ee to nem\u011blo absolutn\u011b \u017e\u00e1dn\u00fd vliv.<\/p><br>\n\n\n\n<figure class=\"wp-block-image\"><img loading=\"lazy\" decoding=\"async\" width=\"1024\" height=\"682\" src=\"https:\/\/www.mzone.cz\/wp-content\/uploads\/2019\/09\/48763592142_33bba8b35b_h-1024x682.jpg\" alt=\"\" class=\"wp-image-13007\" srcset=\"https:\/\/www.mzone.cz\/wp-content\/uploads\/2019\/09\/48763592142_33bba8b35b_h-1024x682.jpg 1024w, https:\/\/www.mzone.cz\/wp-content\/uploads\/2019\/09\/48763592142_33bba8b35b_h-300x200.jpg 300w, https:\/\/www.mzone.cz\/wp-content\/uploads\/2019\/09\/48763592142_33bba8b35b_h-768x512.jpg 768w, https:\/\/www.mzone.cz\/wp-content\/uploads\/2019\/09\/48763592142_33bba8b35b_h-800x533.jpg 800w, https:\/\/www.mzone.cz\/wp-content\/uploads\/2019\/09\/48763592142_33bba8b35b_h-400x267.jpg 400w, https:\/\/www.mzone.cz\/wp-content\/uploads\/2019\/09\/48763592142_33bba8b35b_h-500x333.jpg 500w, https:\/\/www.mzone.cz\/wp-content\/uploads\/2019\/09\/48763592142_33bba8b35b_h-1170x780.jpg 1170w, https:\/\/www.mzone.cz\/wp-content\/uploads\/2019\/09\/48763592142_33bba8b35b_h-590x393.jpg 590w, https:\/\/www.mzone.cz\/wp-content\/uploads\/2019\/09\/48763592142_33bba8b35b_h.jpg 1270w\" sizes=\"auto, (max-width: 1024px) 100vw, 1024px\" \/><\/figure><br>\n\n\n\n<p><strong>Jste ambasadorem kampan\u011b Rajec Zava\u017e se k pohybu. Jak dlouho u\u017e b\u011bh\u00e1te?<\/strong><\/p>\n\n\n\n<p>Cel\u00fd \u017eivot n\u011bkam. M\u00e1m r\u00e1d sport jako takov\u00fd a b\u011bh je jeho ned\u00edlnou sou\u010d\u00e1st\u00ed. Udr\u017e\u00ed v\u00e1s v kondici a kolikr\u00e1t jsem p\u0159ekvapen\u00fd, kolik se d\u00e1 b\u011bhem p\u011bti kilometr\u016f vymyslet v\u011bc\u00ed a vy\u0159e\u0161it probl\u00e9m\u016f. U b\u011bhu to b\u00e1je\u010dn\u011b p\u00e1l\u00ed!<\/p><br>\n\n\n\n<p><strong>Rajec podporuje s\u00e9rii b\u011b\u017eeck\u00fdch z\u00e1vod\u016f Run Tour. M\u016f\u017eeme v\u00e1s potkat na startu n\u011bjak\u00e9ho z nich?<\/strong><\/p>\n\n\n\n<p>Mohli jste m\u011b vid\u011bt v \u010dervnu v Ostrav\u011b a zanedlouho v Praze, konkr\u00e9tn\u011b pob\u011b\u017e\u00edm 12. 10.<\/p><br>\n\n\n\n<p><strong>V\u011bnujete se n\u011bjak\u00fdm sportovn\u00edm aktivit\u00e1m spole\u010dn\u011b s man\u017eelkou, nebo spolu tr\u00e1v\u00edte voln\u00fd \u010das sp\u00ed\u0161 ve wellness?<\/strong><\/p>\n\n\n\n<p>M\u00e1me moc r\u00e1di oboj\u00ed. To v\u00edte, tr\u00e1v\u00edte-li t\u0159i dny na sjezdovce, pak je super ten \u010dtvrt\u00fd den pro\u017e\u00edt ve wellness. Nechat se h\u00fd\u010dkat a d\u00e1t t\u011blu mo\u017enost op\u011bt nabrat s\u00edly.<\/p><br>\n\n\n\n<p><strong>Z p\u0159edchoz\u00edho man\u017eelstv\u00ed m\u00e1te dv\u011b d\u011bti. Jak\u00fdm zp\u016fsobem je vedete k sportu?<\/strong><\/p>\n\n\n\n<p>Ani je moc v\u00e9st nemus\u00edm. Sport je v nich odjak\u017eiva. Dcera chod\u00ed asi 4 roky na b\u00e1je\u010dn\u00fd tane\u010dn\u011b cvi\u010debn\u00ed krou\u017eek, oba chodili od novorozen\u011bte na plav\u00e1n\u00ed a Ben u\u017e na trampol\u00edn\u011b ve \u010dty\u0159ech letech sko\u010d\u00ed salto. Oba ly\u017euj\u00ed a v\u016fbec maj\u00ed r\u00e1di pohyb.<\/p><br>\n\n\n\n<p><strong>Existuje sport, kter\u00fd V\u00e1m vylo\u017een\u011b nic ne\u0159\u00edk\u00e1, nebo kter\u00fd byste cht\u011bl naopak vyzkou\u0161et?<\/strong><\/p>\n\n\n\n<p>Fotbal, hokej &#8211; tam kde jsou v\u0161ichni chlapi doma, j\u00e1 t\u00e1pu a v debat\u00e1ch o z\u00e1pasech ml\u010d\u00edm. A co bych si cht\u011bl vyzkou\u0161et? Chci se po\u0159\u00e1d udr\u017eovat v gymnastice. Je mi 47 a je\u0161t\u011b po\u0159\u00e1d sko\u010d\u00edm rondat salto vzad, tak snad se nezabiju.<\/p><br>\n\n\n\n<div class=\"wp-block-image\"><figure class=\"alignleft is-resized\"><img loading=\"lazy\" decoding=\"async\" src=\"https:\/\/www.mzone.cz\/wp-content\/uploads\/2019\/06\/DML_8964-1024x683.jpg\" alt=\"\" class=\"wp-image-10417\" width=\"125\" height=\"82\" srcset=\"https:\/\/www.mzone.cz\/wp-content\/uploads\/2019\/06\/DML_8964-1024x683.jpg 1024w, https:\/\/www.mzone.cz\/wp-content\/uploads\/2019\/06\/DML_8964-300x200.jpg 300w, https:\/\/www.mzone.cz\/wp-content\/uploads\/2019\/06\/DML_8964-768x512.jpg 768w, https:\/\/www.mzone.cz\/wp-content\/uploads\/2019\/06\/DML_8964-800x533.jpg 800w, https:\/\/www.mzone.cz\/wp-content\/uploads\/2019\/06\/DML_8964-400x267.jpg 400w, https:\/\/www.mzone.cz\/wp-content\/uploads\/2019\/06\/DML_8964-500x333.jpg 500w, https:\/\/www.mzone.cz\/wp-content\/uploads\/2019\/06\/DML_8964-1170x780.jpg 1170w, https:\/\/www.mzone.cz\/wp-content\/uploads\/2019\/06\/DML_8964-590x393.jpg 590w\" sizes=\"auto, (max-width: 125px) 100vw, 125px\" \/><\/figure><\/div>\n\n\n\n<h4><a href=\"https:\/\/www.mzone.cz\/richard-gaspi-gasperotti-vzdycky-jsem-se-chtel-kolem-hlavne-bavit\/\">Richard \u201cGaspi\u201d Gasperotti: V\u017edycky jsem se cht\u011bl kolem hlavn\u011b bavit<\/a><\/h4><br>","protected":false},"excerpt":{"rendered":"<p>Pohyb a s n\u00edm souvisej\u00edc\u00ed n\u00e1vrat k p\u0159\u00edrod\u011b je st\u00e1le obl\u00edben\u011bj\u0161\u00edm \u017eivotn\u00edm stylem, s kter\u00fdm se ztoto\u017e\u0148uje ka\u017ed\u00fd modern\u00ed \u010dlov\u011bk. Krok s p\u0159\u00edrodou dr\u017e\u00ed i herec Roman Vojtek, jen\u017e se stal hrd\u00fdm ambasadorem pramenit\u00e9 vody Rajec, kter\u00e1 dlouhodob\u011b podporuje pohybov\u00e9 aktivity u lid\u00ed. V r\u00e1mci t\u00e9to spolupr\u00e1ce se z\u00fa\u010dast\u0148uje b\u011b\u017eeck\u00fdch akc\u00ed Run Tour, kter\u00e9 se [&hellip;]<\/p>\n","protected":false},"author":4,"featured_media":13001,"comment_status":"open","ping_status":"closed","sticky":false,"template":"","format":"standard","meta":{"kk_blocks_editor_width":"","_kiokenblocks_attr":"","_kiokenblocks_dimensions":"","footnotes":""},"categories":[29,80,25],"tags":[539,1119,17,775,2353,2804,37,1064,42,490],"class_list":["post-13000","post","type-post","status-publish","format-standard","has-post-thumbnail","hentry","category-lifestyle","category-sport","category-style","tag-celebrita","tag-herec","tag-lifestyle","tag-osobnost","tag-pohyb","tag-roman-vojtek","tag-rozhovor","tag-showbusiness","tag-sport","tag-style"],"yoast_head":"<!-- This site is optimized with the Yoast SEO plugin v27.5 - https:\/\/yoast.com\/product\/yoast-seo-wordpress\/ -->\n<title>Roman Vojtek: \u201eFotbal a hokej? Typicky p\u00e1nsk\u00e1 z\u00e1le\u017eitost, kter\u00e1 mi nic ne\u0159\u00edk\u00e1!\u201c - Mzone<\/title>\n<meta name=\"description\" content=\"Pohyb a s n\u00edm souvisej\u00edc\u00ed n\u00e1vrat k p\u0159\u00edrod\u011b je st\u00e1le obl\u00edben\u011bj\u0161\u00edm \u017eivotn\u00edm stylem, s kter\u00fdm se ztoto\u017e\u0148uje ka\u017ed\u00fd modern\u00ed \u010dlov\u011bk. Krok s p\u0159\u00edrodou dr\u017e\u00ed i herec Roman Vojtek, jen\u017e se stal hrd\u00fdm ambasadorem pramenit\u00e9 vody Rajec, kter\u00e1 dlouhodob\u011b podporuje pohybov\u00e9 aktivity u lid\u00ed.\" \/>\n<meta name=\"robots\" content=\"index, follow, max-snippet:-1, max-image-preview:large, max-video-preview:-1\" \/>\n<link rel=\"canonical\" href=\"https:\/\/www.mzone.cz\/en\/roman-vojtek-fotbal-a-hokej-typicky-panska-zalezitost-ktera-mi-nic-nerika\/\" \/>\n<meta property=\"og:locale\" content=\"en_US\" \/>\n<meta property=\"og:type\" content=\"article\" \/>\n<meta property=\"og:title\" content=\"Roman Vojtek: \u201eFotbal a hokej? Typicky p\u00e1nsk\u00e1 z\u00e1le\u017eitost, kter\u00e1 mi nic ne\u0159\u00edk\u00e1!\u201c - Mzone\" \/>\n<meta property=\"og:description\" content=\"Pohyb a s n\u00edm souvisej\u00edc\u00ed n\u00e1vrat k p\u0159\u00edrod\u011b je st\u00e1le obl\u00edben\u011bj\u0161\u00edm \u017eivotn\u00edm stylem, s kter\u00fdm se ztoto\u017e\u0148uje ka\u017ed\u00fd modern\u00ed \u010dlov\u011bk. Krok s p\u0159\u00edrodou dr\u017e\u00ed i herec Roman Vojtek, jen\u017e se stal hrd\u00fdm ambasadorem pramenit\u00e9 vody Rajec, kter\u00e1 dlouhodob\u011b podporuje pohybov\u00e9 aktivity u lid\u00ed.\" \/>\n<meta property=\"og:url\" content=\"https:\/\/www.mzone.cz\/en\/roman-vojtek-fotbal-a-hokej-typicky-panska-zalezitost-ktera-mi-nic-nerika\/\" \/>\n<meta property=\"og:site_name\" content=\"Mzone\" \/>\n<meta property=\"article:publisher\" content=\"https:\/\/www.facebook.com\/MzoneCZ\/\" \/>\n<meta property=\"article:published_time\" content=\"2019-09-29T16:00:07+00:00\" \/>\n<meta property=\"og:image\" content=\"https:\/\/www.mzone.cz\/wp-content\/uploads\/2019\/09\/48763592102_5edefa9f41_h.jpg\" \/>\n\t<meta property=\"og:image:width\" content=\"1200\" \/>\n\t<meta property=\"og:image:height\" content=\"800\" \/>\n\t<meta property=\"og:image:type\" content=\"image\/jpeg\" \/>\n<meta name=\"author\" content=\"Mzone\" \/>\n<meta name=\"twitter:card\" content=\"summary_large_image\" \/>\n<meta name=\"twitter:label1\" content=\"Written by\" \/>\n\t<meta name=\"twitter:data1\" content=\"Mzone\" \/>\n\t<meta name=\"twitter:label2\" content=\"Est. reading time\" \/>\n\t<meta name=\"twitter:data2\" content=\"3 minutes\" \/>\n<script type=\"application\/ld+json\" class=\"yoast-schema-graph\">{\"@context\":\"https:\\\/\\\/schema.org\",\"@graph\":[{\"@type\":\"Article\",\"@id\":\"https:\\\/\\\/www.mzone.cz\\\/roman-vojtek-fotbal-a-hokej-typicky-panska-zalezitost-ktera-mi-nic-nerika\\\/#article\",\"isPartOf\":{\"@id\":\"https:\\\/\\\/www.mzone.cz\\\/roman-vojtek-fotbal-a-hokej-typicky-panska-zalezitost-ktera-mi-nic-nerika\\\/\"},\"author\":{\"name\":\"Mzone\",\"@id\":\"https:\\\/\\\/www.mzone.cz\\\/#\\\/schema\\\/person\\\/9bc20cc422a99cac4af6ff9297da32d4\"},\"headline\":\"Roman Vojtek: \u201eFotbal a hokej? Typicky p\u00e1nsk\u00e1 z\u00e1le\u017eitost, kter\u00e1 mi nic ne\u0159\u00edk\u00e1!\u201c\",\"datePublished\":\"2019-09-29T16:00:07+00:00\",\"mainEntityOfPage\":{\"@id\":\"https:\\\/\\\/www.mzone.cz\\\/roman-vojtek-fotbal-a-hokej-typicky-panska-zalezitost-ktera-mi-nic-nerika\\\/\"},\"wordCount\":709,\"commentCount\":0,\"image\":{\"@id\":\"https:\\\/\\\/www.mzone.cz\\\/roman-vojtek-fotbal-a-hokej-typicky-panska-zalezitost-ktera-mi-nic-nerika\\\/#primaryimage\"},\"thumbnailUrl\":\"https:\\\/\\\/www.mzone.cz\\\/wp-content\\\/uploads\\\/2019\\\/09\\\/48763592102_5edefa9f41_h.jpg\",\"keywords\":[\"celebrita\",\"herec\",\"Lifestyle\",\"osobnost\",\"pohyb\",\"Roman Vojtek\",\"Rozhovor\",\"showbusiness\",\"Sport\",\"style\"],\"articleSection\":[\"Lifestyle\",\"Sport\",\"Style\"],\"inLanguage\":\"en-US\",\"potentialAction\":[{\"@type\":\"CommentAction\",\"name\":\"Comment\",\"target\":[\"https:\\\/\\\/www.mzone.cz\\\/roman-vojtek-fotbal-a-hokej-typicky-panska-zalezitost-ktera-mi-nic-nerika\\\/#respond\"]}]},{\"@type\":\"WebPage\",\"@id\":\"https:\\\/\\\/www.mzone.cz\\\/roman-vojtek-fotbal-a-hokej-typicky-panska-zalezitost-ktera-mi-nic-nerika\\\/\",\"url\":\"https:\\\/\\\/www.mzone.cz\\\/roman-vojtek-fotbal-a-hokej-typicky-panska-zalezitost-ktera-mi-nic-nerika\\\/\",\"name\":\"Roman Vojtek: \u201eFotbal a hokej? Typicky p\u00e1nsk\u00e1 z\u00e1le\u017eitost, kter\u00e1 mi nic ne\u0159\u00edk\u00e1!\u201c - Mzone\",\"isPartOf\":{\"@id\":\"https:\\\/\\\/www.mzone.cz\\\/#website\"},\"primaryImageOfPage\":{\"@id\":\"https:\\\/\\\/www.mzone.cz\\\/roman-vojtek-fotbal-a-hokej-typicky-panska-zalezitost-ktera-mi-nic-nerika\\\/#primaryimage\"},\"image\":{\"@id\":\"https:\\\/\\\/www.mzone.cz\\\/roman-vojtek-fotbal-a-hokej-typicky-panska-zalezitost-ktera-mi-nic-nerika\\\/#primaryimage\"},\"thumbnailUrl\":\"https:\\\/\\\/www.mzone.cz\\\/wp-content\\\/uploads\\\/2019\\\/09\\\/48763592102_5edefa9f41_h.jpg\",\"datePublished\":\"2019-09-29T16:00:07+00:00\",\"author\":{\"@id\":\"https:\\\/\\\/www.mzone.cz\\\/#\\\/schema\\\/person\\\/9bc20cc422a99cac4af6ff9297da32d4\"},\"description\":\"Pohyb a s n\u00edm souvisej\u00edc\u00ed n\u00e1vrat k p\u0159\u00edrod\u011b je st\u00e1le obl\u00edben\u011bj\u0161\u00edm \u017eivotn\u00edm stylem, s kter\u00fdm se ztoto\u017e\u0148uje ka\u017ed\u00fd modern\u00ed \u010dlov\u011bk. Krok s p\u0159\u00edrodou dr\u017e\u00ed i herec Roman Vojtek, jen\u017e se stal hrd\u00fdm ambasadorem pramenit\u00e9 vody Rajec, kter\u00e1 dlouhodob\u011b podporuje pohybov\u00e9 aktivity u lid\u00ed.\",\"breadcrumb\":{\"@id\":\"https:\\\/\\\/www.mzone.cz\\\/roman-vojtek-fotbal-a-hokej-typicky-panska-zalezitost-ktera-mi-nic-nerika\\\/#breadcrumb\"},\"inLanguage\":\"en-US\",\"potentialAction\":[{\"@type\":\"ReadAction\",\"target\":[\"https:\\\/\\\/www.mzone.cz\\\/roman-vojtek-fotbal-a-hokej-typicky-panska-zalezitost-ktera-mi-nic-nerika\\\/\"]}]},{\"@type\":\"ImageObject\",\"inLanguage\":\"en-US\",\"@id\":\"https:\\\/\\\/www.mzone.cz\\\/roman-vojtek-fotbal-a-hokej-typicky-panska-zalezitost-ktera-mi-nic-nerika\\\/#primaryimage\",\"url\":\"https:\\\/\\\/www.mzone.cz\\\/wp-content\\\/uploads\\\/2019\\\/09\\\/48763592102_5edefa9f41_h.jpg\",\"contentUrl\":\"https:\\\/\\\/www.mzone.cz\\\/wp-content\\\/uploads\\\/2019\\\/09\\\/48763592102_5edefa9f41_h.jpg\",\"width\":1200,\"height\":800},{\"@type\":\"BreadcrumbList\",\"@id\":\"https:\\\/\\\/www.mzone.cz\\\/roman-vojtek-fotbal-a-hokej-typicky-panska-zalezitost-ktera-mi-nic-nerika\\\/#breadcrumb\",\"itemListElement\":[{\"@type\":\"ListItem\",\"position\":1,\"name\":\"Dom\u016f\",\"item\":\"https:\\\/\\\/www.mzone.cz\\\/\"},{\"@type\":\"ListItem\",\"position\":2,\"name\":\"Roman Vojtek: \u201eFotbal a hokej? Typicky p\u00e1nsk\u00e1 z\u00e1le\u017eitost, kter\u00e1 mi nic ne\u0159\u00edk\u00e1!\u201c\"}]},{\"@type\":\"WebSite\",\"@id\":\"https:\\\/\\\/www.mzone.cz\\\/#website\",\"url\":\"https:\\\/\\\/www.mzone.cz\\\/\",\"name\":\"Mzone\",\"description\":\"Magaz\u00edn nejen pro mu\u017ee\",\"potentialAction\":[{\"@type\":\"SearchAction\",\"target\":{\"@type\":\"EntryPoint\",\"urlTemplate\":\"https:\\\/\\\/www.mzone.cz\\\/?s={search_term_string}\"},\"query-input\":{\"@type\":\"PropertyValueSpecification\",\"valueRequired\":true,\"valueName\":\"search_term_string\"}}],\"inLanguage\":\"en-US\"},{\"@type\":\"Person\",\"@id\":\"https:\\\/\\\/www.mzone.cz\\\/#\\\/schema\\\/person\\\/9bc20cc422a99cac4af6ff9297da32d4\",\"name\":\"Mzone\",\"image\":{\"@type\":\"ImageObject\",\"inLanguage\":\"en-US\",\"@id\":\"https:\\\/\\\/secure.gravatar.com\\\/avatar\\\/e780a8630f3182a3d06dd667ab6bea151a0d155b0951bc15fe22633acdac0676?s=96&d=mm&r=g\",\"url\":\"https:\\\/\\\/secure.gravatar.com\\\/avatar\\\/e780a8630f3182a3d06dd667ab6bea151a0d155b0951bc15fe22633acdac0676?s=96&d=mm&r=g\",\"contentUrl\":\"https:\\\/\\\/secure.gravatar.com\\\/avatar\\\/e780a8630f3182a3d06dd667ab6bea151a0d155b0951bc15fe22633acdac0676?s=96&d=mm&r=g\",\"caption\":\"Mzone\"},\"url\":\"https:\\\/\\\/www.mzone.cz\\\/en\\\/author\\\/jakub\\\/\"}]}<\/script>\n<!-- \/ Yoast SEO plugin. -->","yoast_head_json":{"title":"Roman Vojtek: \u201eFotbal a hokej? Typicky p\u00e1nsk\u00e1 z\u00e1le\u017eitost, kter\u00e1 mi nic ne\u0159\u00edk\u00e1!\u201c - Mzone","description":"Pohyb a s n\u00edm souvisej\u00edc\u00ed n\u00e1vrat k p\u0159\u00edrod\u011b je st\u00e1le obl\u00edben\u011bj\u0161\u00edm \u017eivotn\u00edm stylem, s kter\u00fdm se ztoto\u017e\u0148uje ka\u017ed\u00fd modern\u00ed \u010dlov\u011bk. Krok s p\u0159\u00edrodou dr\u017e\u00ed i herec Roman Vojtek, jen\u017e se stal hrd\u00fdm ambasadorem pramenit\u00e9 vody Rajec, kter\u00e1 dlouhodob\u011b podporuje pohybov\u00e9 aktivity u lid\u00ed.","robots":{"index":"index","follow":"follow","max-snippet":"max-snippet:-1","max-image-preview":"max-image-preview:large","max-video-preview":"max-video-preview:-1"},"canonical":"https:\/\/www.mzone.cz\/en\/roman-vojtek-fotbal-a-hokej-typicky-panska-zalezitost-ktera-mi-nic-nerika\/","og_locale":"en_US","og_type":"article","og_title":"Roman Vojtek: \u201eFotbal a hokej? Typicky p\u00e1nsk\u00e1 z\u00e1le\u017eitost, kter\u00e1 mi nic ne\u0159\u00edk\u00e1!\u201c - Mzone","og_description":"Pohyb a s n\u00edm souvisej\u00edc\u00ed n\u00e1vrat k p\u0159\u00edrod\u011b je st\u00e1le obl\u00edben\u011bj\u0161\u00edm \u017eivotn\u00edm stylem, s kter\u00fdm se ztoto\u017e\u0148uje ka\u017ed\u00fd modern\u00ed \u010dlov\u011bk. Krok s p\u0159\u00edrodou dr\u017e\u00ed i herec Roman Vojtek, jen\u017e se stal hrd\u00fdm ambasadorem pramenit\u00e9 vody Rajec, kter\u00e1 dlouhodob\u011b podporuje pohybov\u00e9 aktivity u lid\u00ed.","og_url":"https:\/\/www.mzone.cz\/en\/roman-vojtek-fotbal-a-hokej-typicky-panska-zalezitost-ktera-mi-nic-nerika\/","og_site_name":"Mzone","article_publisher":"https:\/\/www.facebook.com\/MzoneCZ\/","article_published_time":"2019-09-29T16:00:07+00:00","og_image":[{"width":1200,"height":800,"url":"https:\/\/www.mzone.cz\/wp-content\/uploads\/2019\/09\/48763592102_5edefa9f41_h.jpg","type":"image\/jpeg"}],"author":"Mzone","twitter_card":"summary_large_image","twitter_misc":{"Written by":"Mzone","Est. reading time":"3 minutes"},"schema":{"@context":"https:\/\/schema.org","@graph":[{"@type":"Article","@id":"https:\/\/www.mzone.cz\/roman-vojtek-fotbal-a-hokej-typicky-panska-zalezitost-ktera-mi-nic-nerika\/#article","isPartOf":{"@id":"https:\/\/www.mzone.cz\/roman-vojtek-fotbal-a-hokej-typicky-panska-zalezitost-ktera-mi-nic-nerika\/"},"author":{"name":"Mzone","@id":"https:\/\/www.mzone.cz\/#\/schema\/person\/9bc20cc422a99cac4af6ff9297da32d4"},"headline":"Roman Vojtek: \u201eFotbal a hokej? Typicky p\u00e1nsk\u00e1 z\u00e1le\u017eitost, kter\u00e1 mi nic ne\u0159\u00edk\u00e1!\u201c","datePublished":"2019-09-29T16:00:07+00:00","mainEntityOfPage":{"@id":"https:\/\/www.mzone.cz\/roman-vojtek-fotbal-a-hokej-typicky-panska-zalezitost-ktera-mi-nic-nerika\/"},"wordCount":709,"commentCount":0,"image":{"@id":"https:\/\/www.mzone.cz\/roman-vojtek-fotbal-a-hokej-typicky-panska-zalezitost-ktera-mi-nic-nerika\/#primaryimage"},"thumbnailUrl":"https:\/\/www.mzone.cz\/wp-content\/uploads\/2019\/09\/48763592102_5edefa9f41_h.jpg","keywords":["celebrita","herec","Lifestyle","osobnost","pohyb","Roman Vojtek","Rozhovor","showbusiness","Sport","style"],"articleSection":["Lifestyle","Sport","Style"],"inLanguage":"en-US","potentialAction":[{"@type":"CommentAction","name":"Comment","target":["https:\/\/www.mzone.cz\/roman-vojtek-fotbal-a-hokej-typicky-panska-zalezitost-ktera-mi-nic-nerika\/#respond"]}]},{"@type":"WebPage","@id":"https:\/\/www.mzone.cz\/roman-vojtek-fotbal-a-hokej-typicky-panska-zalezitost-ktera-mi-nic-nerika\/","url":"https:\/\/www.mzone.cz\/roman-vojtek-fotbal-a-hokej-typicky-panska-zalezitost-ktera-mi-nic-nerika\/","name":"Roman Vojtek: \u201eFotbal a hokej? Typicky p\u00e1nsk\u00e1 z\u00e1le\u017eitost, kter\u00e1 mi nic ne\u0159\u00edk\u00e1!\u201c - Mzone","isPartOf":{"@id":"https:\/\/www.mzone.cz\/#website"},"primaryImageOfPage":{"@id":"https:\/\/www.mzone.cz\/roman-vojtek-fotbal-a-hokej-typicky-panska-zalezitost-ktera-mi-nic-nerika\/#primaryimage"},"image":{"@id":"https:\/\/www.mzone.cz\/roman-vojtek-fotbal-a-hokej-typicky-panska-zalezitost-ktera-mi-nic-nerika\/#primaryimage"},"thumbnailUrl":"https:\/\/www.mzone.cz\/wp-content\/uploads\/2019\/09\/48763592102_5edefa9f41_h.jpg","datePublished":"2019-09-29T16:00:07+00:00","author":{"@id":"https:\/\/www.mzone.cz\/#\/schema\/person\/9bc20cc422a99cac4af6ff9297da32d4"},"description":"Pohyb a s n\u00edm souvisej\u00edc\u00ed n\u00e1vrat k p\u0159\u00edrod\u011b je st\u00e1le obl\u00edben\u011bj\u0161\u00edm \u017eivotn\u00edm stylem, s kter\u00fdm se ztoto\u017e\u0148uje ka\u017ed\u00fd modern\u00ed \u010dlov\u011bk. Krok s p\u0159\u00edrodou dr\u017e\u00ed i herec Roman Vojtek, jen\u017e se stal hrd\u00fdm ambasadorem pramenit\u00e9 vody Rajec, kter\u00e1 dlouhodob\u011b podporuje pohybov\u00e9 aktivity u lid\u00ed.","breadcrumb":{"@id":"https:\/\/www.mzone.cz\/roman-vojtek-fotbal-a-hokej-typicky-panska-zalezitost-ktera-mi-nic-nerika\/#breadcrumb"},"inLanguage":"en-US","potentialAction":[{"@type":"ReadAction","target":["https:\/\/www.mzone.cz\/roman-vojtek-fotbal-a-hokej-typicky-panska-zalezitost-ktera-mi-nic-nerika\/"]}]},{"@type":"ImageObject","inLanguage":"en-US","@id":"https:\/\/www.mzone.cz\/roman-vojtek-fotbal-a-hokej-typicky-panska-zalezitost-ktera-mi-nic-nerika\/#primaryimage","url":"https:\/\/www.mzone.cz\/wp-content\/uploads\/2019\/09\/48763592102_5edefa9f41_h.jpg","contentUrl":"https:\/\/www.mzone.cz\/wp-content\/uploads\/2019\/09\/48763592102_5edefa9f41_h.jpg","width":1200,"height":800},{"@type":"BreadcrumbList","@id":"https:\/\/www.mzone.cz\/roman-vojtek-fotbal-a-hokej-typicky-panska-zalezitost-ktera-mi-nic-nerika\/#breadcrumb","itemListElement":[{"@type":"ListItem","position":1,"name":"Dom\u016f","item":"https:\/\/www.mzone.cz\/"},{"@type":"ListItem","position":2,"name":"Roman Vojtek: \u201eFotbal a hokej? Typicky p\u00e1nsk\u00e1 z\u00e1le\u017eitost, kter\u00e1 mi nic ne\u0159\u00edk\u00e1!\u201c"}]},{"@type":"WebSite","@id":"https:\/\/www.mzone.cz\/#website","url":"https:\/\/www.mzone.cz\/","name":"Mzone","description":"Magaz\u00edn nejen pro mu\u017ee","potentialAction":[{"@type":"SearchAction","target":{"@type":"EntryPoint","urlTemplate":"https:\/\/www.mzone.cz\/?s={search_term_string}"},"query-input":{"@type":"PropertyValueSpecification","valueRequired":true,"valueName":"search_term_string"}}],"inLanguage":"en-US"},{"@type":"Person","@id":"https:\/\/www.mzone.cz\/#\/schema\/person\/9bc20cc422a99cac4af6ff9297da32d4","name":"Mzone","image":{"@type":"ImageObject","inLanguage":"en-US","@id":"https:\/\/secure.gravatar.com\/avatar\/e780a8630f3182a3d06dd667ab6bea151a0d155b0951bc15fe22633acdac0676?s=96&d=mm&r=g","url":"https:\/\/secure.gravatar.com\/avatar\/e780a8630f3182a3d06dd667ab6bea151a0d155b0951bc15fe22633acdac0676?s=96&d=mm&r=g","contentUrl":"https:\/\/secure.gravatar.com\/avatar\/e780a8630f3182a3d06dd667ab6bea151a0d155b0951bc15fe22633acdac0676?s=96&d=mm&r=g","caption":"Mzone"},"url":"https:\/\/www.mzone.cz\/en\/author\/jakub\/"}]}},"_links":{"self":[{"href":"https:\/\/www.mzone.cz\/en\/wp-json\/wp\/v2\/posts\/13000","targetHints":{"allow":["GET"]}}],"collection":[{"href":"https:\/\/www.mzone.cz\/en\/wp-json\/wp\/v2\/posts"}],"about":[{"href":"https:\/\/www.mzone.cz\/en\/wp-json\/wp\/v2\/types\/post"}],"author":[{"embeddable":true,"href":"https:\/\/www.mzone.cz\/en\/wp-json\/wp\/v2\/users\/4"}],"replies":[{"embeddable":true,"href":"https:\/\/www.mzone.cz\/en\/wp-json\/wp\/v2\/comments?post=13000"}],"version-history":[{"count":8,"href":"https:\/\/www.mzone.cz\/en\/wp-json\/wp\/v2\/posts\/13000\/revisions"}],"predecessor-version":[{"id":13010,"href":"https:\/\/www.mzone.cz\/en\/wp-json\/wp\/v2\/posts\/13000\/revisions\/13010"}],"wp:featuredmedia":[{"embeddable":true,"href":"https:\/\/www.mzone.cz\/en\/wp-json\/wp\/v2\/media\/13001"}],"wp:attachment":[{"href":"https:\/\/www.mzone.cz\/en\/wp-json\/wp\/v2\/media?parent=13000"}],"wp:term":[{"taxonomy":"category","embeddable":true,"href":"https:\/\/www.mzone.cz\/en\/wp-json\/wp\/v2\/categories?post=13000"},{"taxonomy":"post_tag","embeddable":true,"href":"https:\/\/www.mzone.cz\/en\/wp-json\/wp\/v2\/tags?post=13000"}],"curies":[{"name":"wp","href":"https:\/\/api.w.org\/{rel}","templated":true}]}}