{"id":13239,"date":"2019-10-12T06:00:20","date_gmt":"2019-10-12T04:00:20","guid":{"rendered":"https:\/\/www.mzone.cz\/?p=13239"},"modified":"2019-10-10T17:18:40","modified_gmt":"2019-10-10T15:18:40","slug":"novy-golf-je-tu-vime-jak-bude-vypadat","status":"publish","type":"post","link":"https:\/\/www.mzone.cz\/en\/novy-golf-je-tu-vime-jak-bude-vypadat\/","title":{"rendered":"Nov\u00fd Golf je tu! V\u00edme, jak bude vypadat"},"content":{"rendered":"<p><strong>M\u016f\u017ee-li b\u00fdt n\u011bjak\u00fd automobil pova\u017eov\u00e1n za bestseller, pak je to Volkswagen Golf. V&nbsp;pr\u016fb\u011bhu generac\u00ed nep\u0159etr\u017eit\u011b zdokonalovan\u00fd model se stal legendou na cel\u00e9m sv\u011bt\u011b. A te\u010f p\u0159ich\u00e1z\u00ed jeho nov\u00e1 generace!<\/strong><\/p><br>\n\n\n\n<p>Za necel\u00e9 dva t\u00fddny, konkr\u00e9tn\u011b 24. \u0159\u00edjna, p\u0159edstav\u00ed zna\u010dka Volkswagen ve sv\u011btov\u00e9 premi\u00e9\u0159e ve Wolfsburgu osmou generaci, kter\u00e1 bude je\u0161t\u011b digit\u00e1ln\u011bj\u0161\u00ed a s\u00ed\u0165ov\u011b propojen\u011bj\u0161\u00ed ne\u017e dosud, s&nbsp;mnoha inovacemi a v\u00fdrazn\u00fdm designem.<\/p>\n\n\n\n<blockquote class=\"wp-block-quote is-layout-flow wp-block-quote-is-layout-flow\"><p>\u201eSiln\u00e9 str\u00e1nky, d\u00edky nim\u017e se Golf stal glob\u00e1ln\u00edm bestsellerem, byly v&nbsp;nov\u00e9m modelu posunuty na je\u0161t\u011b vy\u0161\u0161\u00ed \u00farove\u0148,&#8221; zn\u00ed z automobilky.<\/p><\/blockquote>\n\n\n\n<p>O nov\u00e9m Golfu toho zat\u00edm p\u0159\u00edli\u0161 nev\u00edme. Krom\u011b nov\u00fdch hospod\u00e1rn\u00fdch motor\u016f ale zv\u00fd\u0161\u00ed podle v\u00fdrobce agilitu zdokonalen\u00e1 konstrukce podvozku. Nov\u00fd Golf nav\u00edc p\u0159in\u00e1\u0161\u00ed nov\u00e9 impulzy v&nbsp;oblastech digitalizovan\u00e9ho a s\u00ed\u0165ov\u011b propojen\u00e9ho interi\u00e9ru, asistovan\u00e9 j\u00edzdy a internetov\u00fdch funkc\u00ed a slu\u017eeb.<\/p><br>\n\n\n\n<figure class=\"wp-block-image\"><img loading=\"lazy\" decoding=\"async\" width=\"802\" height=\"535\" src=\"https:\/\/www.mzone.cz\/wp-content\/uploads\/2019\/10\/01.jpg\" alt=\"\" class=\"wp-image-13242\" srcset=\"https:\/\/www.mzone.cz\/wp-content\/uploads\/2019\/10\/01.jpg 802w, https:\/\/www.mzone.cz\/wp-content\/uploads\/2019\/10\/01-300x200.jpg 300w, https:\/\/www.mzone.cz\/wp-content\/uploads\/2019\/10\/01-768x512.jpg 768w, https:\/\/www.mzone.cz\/wp-content\/uploads\/2019\/10\/01-800x533.jpg 800w, https:\/\/www.mzone.cz\/wp-content\/uploads\/2019\/10\/01-400x267.jpg 400w, https:\/\/www.mzone.cz\/wp-content\/uploads\/2019\/10\/01-500x333.jpg 500w, https:\/\/www.mzone.cz\/wp-content\/uploads\/2019\/10\/01-590x394.jpg 590w\" sizes=\"auto, (max-width: 802px) 100vw, 802px\" \/><figcaption>Takhle n\u011bjak by m\u011bl nov\u00fd Golf vypadat. Co na n\u011bj \u0159\u00edk\u00e1te?<\/figcaption><\/figure><br>\n\n\n\n<p>Vn\u011bj\u0161\u00ed design je je\u0161t\u011b dynami\u010dt\u011bj\u0161\u00ed ne\u017e dosud. Nov\u00fd model je p\u0159esto z&nbsp;ka\u017ed\u00e9 perspektivy jednozna\u010dn\u011b rozpoznateln\u00fd jako Golf. V&nbsp;interi\u00e9ru by m\u011bl b\u00fdt vzhled nov\u00e9ho kompaktn\u00edho modelu charakterizov\u00e1n sv\u011b\u017e\u00edmi barvami a tkaninami ve spojen\u00ed s&nbsp;novou digit\u00e1ln\u00ed p\u0159\u00edstrojovou deskou.<\/p><br>\n\n\n\n<figure class=\"wp-block-image\"><img loading=\"lazy\" decoding=\"async\" width=\"1024\" height=\"576\" src=\"https:\/\/www.mzone.cz\/wp-content\/uploads\/2019\/10\/02-1024x576.jpg\" alt=\"\" class=\"wp-image-13243\" srcset=\"https:\/\/www.mzone.cz\/wp-content\/uploads\/2019\/10\/02.jpg 1024w, https:\/\/www.mzone.cz\/wp-content\/uploads\/2019\/10\/02-300x169.jpg 300w, https:\/\/www.mzone.cz\/wp-content\/uploads\/2019\/10\/02-768x432.jpg 768w, https:\/\/www.mzone.cz\/wp-content\/uploads\/2019\/10\/02-590x332.jpg 590w\" sizes=\"auto, (max-width: 1024px) 100vw, 1024px\" \/><\/figure><br>\n\n\n\n<p>Volkswagen Golf\u00a0je v\u016fbec nejd\u016fle\u017eit\u011bj\u0161\u00edm modelem n\u011bmeck\u00e9 automobilky,\u00a0pat\u0159\u00ed k\u00a0celosv\u011btov\u011b nejprod\u00e1van\u011bj\u0161\u00edm automobil\u016fm v\u016fbec a jedn\u00e1 se o nejprod\u00e1van\u011bj\u0161\u00ed auto Evropy. Jeho jm\u00e9no je odvozeno z\u00a0n\u011bmeck\u00e9ho ozna\u010den\u00ed pro\u00a0Golfsk\u00fd proud. Golf pat\u0159\u00ed do kategorie aut ni\u017e\u0161\u00ed st\u0159edn\u00ed t\u0159\u00eddy a v N\u011bmecku se podle n\u011bj tato t\u0159\u00edda tak\u00e9 n\u011bkdy naz\u00fdv\u00e1 \u201eGolf-Klasse\u201c.<\/p><br>\n\n\n\n<figure class=\"wp-block-image\"><img loading=\"lazy\" decoding=\"async\" width=\"1024\" height=\"192\" src=\"https:\/\/www.mzone.cz\/wp-content\/uploads\/2019\/10\/03-kopie-2-1024x192.jpg\" alt=\"\" class=\"wp-image-13256\" srcset=\"https:\/\/www.mzone.cz\/wp-content\/uploads\/2019\/10\/03-kopie-2.jpg 1024w, https:\/\/www.mzone.cz\/wp-content\/uploads\/2019\/10\/03-kopie-2-300x56.jpg 300w, https:\/\/www.mzone.cz\/wp-content\/uploads\/2019\/10\/03-kopie-2-768x144.jpg 768w, https:\/\/www.mzone.cz\/wp-content\/uploads\/2019\/10\/03-kopie-2-590x111.jpg 590w\" sizes=\"auto, (max-width: 1024px) 100vw, 1024px\" \/><\/figure><br>\n\n\n\n<p><strong>Nejnov\u011bj\u0161\u00ed generace modelu Golf bude uvedena na evropsk\u00fd trh v&nbsp;prosinci tohoto roku. Podle v\u0161eho se m\u00e1me na co t\u011b\u0161it!<\/strong><\/p><br>\n\n\n\n<div class=\"wp-block-image\"><figure class=\"alignleft is-resized\"><img loading=\"lazy\" decoding=\"async\" src=\"https:\/\/www.mzone.cz\/wp-content\/uploads\/2019\/09\/volkswagen_logo-1024x683.jpg\" alt=\"\" class=\"wp-image-12844\" width=\"99\" height=\"65\" srcset=\"https:\/\/www.mzone.cz\/wp-content\/uploads\/2019\/09\/volkswagen_logo-1024x683.jpg 1024w, https:\/\/www.mzone.cz\/wp-content\/uploads\/2019\/09\/volkswagen_logo-300x200.jpg 300w, https:\/\/www.mzone.cz\/wp-content\/uploads\/2019\/09\/volkswagen_logo-768x512.jpg 768w, https:\/\/www.mzone.cz\/wp-content\/uploads\/2019\/09\/volkswagen_logo-800x533.jpg 800w, https:\/\/www.mzone.cz\/wp-content\/uploads\/2019\/09\/volkswagen_logo-400x267.jpg 400w, https:\/\/www.mzone.cz\/wp-content\/uploads\/2019\/09\/volkswagen_logo-500x333.jpg 500w, https:\/\/www.mzone.cz\/wp-content\/uploads\/2019\/09\/volkswagen_logo-1170x780.jpg 1170w, https:\/\/www.mzone.cz\/wp-content\/uploads\/2019\/09\/volkswagen_logo-590x393.jpg 590w\" sizes=\"auto, (max-width: 99px) 100vw, 99px\" \/><\/figure><\/div>\n\n\n\n<h4><a href=\"https:\/\/www.mzone.cz\/volkswagen-meni-design-znacky-i-logo\/\">Volkswagen m\u011bn\u00ed design zna\u010dky i logo<\/a><\/h4><br><br>","protected":false},"excerpt":{"rendered":"<p>M\u016f\u017ee-li b\u00fdt n\u011bjak\u00fd automobil pova\u017eov\u00e1n za bestseller, pak je to Volkswagen Golf. V&nbsp;pr\u016fb\u011bhu generac\u00ed nep\u0159etr\u017eit\u011b zdokonalovan\u00fd model se stal legendou na cel\u00e9m sv\u011bt\u011b. A te\u010f p\u0159ich\u00e1z\u00ed jeho nov\u00e1 generace! Za necel\u00e9 dva t\u00fddny, konkr\u00e9tn\u011b 24. \u0159\u00edjna, p\u0159edstav\u00ed zna\u010dka Volkswagen ve sv\u011btov\u00e9 premi\u00e9\u0159e ve Wolfsburgu osmou generaci, kter\u00e1 bude je\u0161t\u011b digit\u00e1ln\u011bj\u0161\u00ed a s\u00ed\u0165ov\u011b propojen\u011bj\u0161\u00ed ne\u017e dosud, [&hellip;]<\/p>\n","protected":false},"author":4,"featured_media":13240,"comment_status":"open","ping_status":"closed","sticky":false,"template":"","format":"standard","meta":{"kk_blocks_editor_width":"","_kiokenblocks_attr":"","_kiokenblocks_dimensions":"","footnotes":""},"categories":[69],"tags":[585,82,462,724,2840,2838,16,2841,2842,2738,2839],"class_list":["post-13239","post","type-post","status-publish","format-standard","has-post-thumbnail","hentry","category-auto-moto","tag-auta","tag-auto","tag-auto-moto","tag-automobil","tag-golf","tag-nova-generace","tag-novinka","tag-skica","tag-skici","tag-volkswagen","tag-volkswagen-golf"],"yoast_head":"<!-- This site is optimized with the Yoast SEO plugin v27.5 - https:\/\/yoast.com\/product\/yoast-seo-wordpress\/ -->\n<title>Nov\u00fd Golf je tu! V\u00edme, jak bude vypadat - Mzone<\/title>\n<meta name=\"description\" content=\"M\u016f\u017ee-li b\u00fdt n\u011bjak\u00fd automobil pova\u017eov\u00e1n za bestseller, pak je to Volkswagen Golf. V\u00a0pr\u016fb\u011bhu generac\u00ed nep\u0159etr\u017eit\u011b zdokonalovan\u00fd model se stal legendou na cel\u00e9m sv\u011bt\u011b. A te\u010f p\u0159ich\u00e1z\u00ed jeho nov\u00e1 generace!\" \/>\n<meta name=\"robots\" content=\"index, follow, max-snippet:-1, max-image-preview:large, max-video-preview:-1\" \/>\n<link rel=\"canonical\" href=\"https:\/\/www.mzone.cz\/en\/novy-golf-je-tu-vime-jak-bude-vypadat\/\" \/>\n<meta property=\"og:locale\" content=\"en_US\" \/>\n<meta property=\"og:type\" content=\"article\" \/>\n<meta property=\"og:title\" content=\"Nov\u00fd Golf je tu! V\u00edme, jak bude vypadat - Mzone\" \/>\n<meta property=\"og:description\" content=\"M\u016f\u017ee-li b\u00fdt n\u011bjak\u00fd automobil pova\u017eov\u00e1n za bestseller, pak je to Volkswagen Golf. V\u00a0pr\u016fb\u011bhu generac\u00ed nep\u0159etr\u017eit\u011b zdokonalovan\u00fd model se stal legendou na cel\u00e9m sv\u011bt\u011b. A te\u010f p\u0159ich\u00e1z\u00ed jeho nov\u00e1 generace!\" \/>\n<meta property=\"og:url\" content=\"https:\/\/www.mzone.cz\/en\/novy-golf-je-tu-vime-jak-bude-vypadat\/\" \/>\n<meta property=\"og:site_name\" content=\"Mzone\" \/>\n<meta property=\"article:publisher\" content=\"https:\/\/www.facebook.com\/MzoneCZ\/\" \/>\n<meta property=\"article:published_time\" content=\"2019-10-12T04:00:20+00:00\" \/>\n<meta property=\"og:image\" content=\"https:\/\/www.mzone.cz\/wp-content\/uploads\/2019\/10\/Volkswagen-Golf.jpg\" \/>\n\t<meta property=\"og:image:width\" content=\"595\" \/>\n\t<meta property=\"og:image:height\" content=\"397\" \/>\n\t<meta property=\"og:image:type\" content=\"image\/jpeg\" \/>\n<meta name=\"author\" content=\"Mzone\" \/>\n<meta name=\"twitter:card\" content=\"summary_large_image\" \/>\n<meta name=\"twitter:label1\" content=\"Written by\" \/>\n\t<meta name=\"twitter:data1\" content=\"Mzone\" \/>\n\t<meta name=\"twitter:label2\" content=\"Est. reading time\" \/>\n\t<meta name=\"twitter:data2\" content=\"2 minutes\" \/>\n<script type=\"application\/ld+json\" class=\"yoast-schema-graph\">{\"@context\":\"https:\\\/\\\/schema.org\",\"@graph\":[{\"@type\":\"Article\",\"@id\":\"https:\\\/\\\/www.mzone.cz\\\/novy-golf-je-tu-vime-jak-bude-vypadat\\\/#article\",\"isPartOf\":{\"@id\":\"https:\\\/\\\/www.mzone.cz\\\/novy-golf-je-tu-vime-jak-bude-vypadat\\\/\"},\"author\":{\"name\":\"Mzone\",\"@id\":\"https:\\\/\\\/www.mzone.cz\\\/#\\\/schema\\\/person\\\/9bc20cc422a99cac4af6ff9297da32d4\"},\"headline\":\"Nov\u00fd Golf je tu! V\u00edme, jak bude vypadat\",\"datePublished\":\"2019-10-12T04:00:20+00:00\",\"mainEntityOfPage\":{\"@id\":\"https:\\\/\\\/www.mzone.cz\\\/novy-golf-je-tu-vime-jak-bude-vypadat\\\/\"},\"wordCount\":365,\"commentCount\":0,\"image\":{\"@id\":\"https:\\\/\\\/www.mzone.cz\\\/novy-golf-je-tu-vime-jak-bude-vypadat\\\/#primaryimage\"},\"thumbnailUrl\":\"https:\\\/\\\/www.mzone.cz\\\/wp-content\\\/uploads\\\/2019\\\/10\\\/Volkswagen-Golf.jpg\",\"keywords\":[\"auta\",\"Auto\",\"auto-moto\",\"automobil\",\"Golf\",\"nov\u00e1 generace\",\"Novinka\",\"skica\",\"skici\",\"Volkswagen\",\"Volkswagen Golf\"],\"articleSection\":[\"Auto-moto\"],\"inLanguage\":\"en-US\",\"potentialAction\":[{\"@type\":\"CommentAction\",\"name\":\"Comment\",\"target\":[\"https:\\\/\\\/www.mzone.cz\\\/novy-golf-je-tu-vime-jak-bude-vypadat\\\/#respond\"]}]},{\"@type\":\"WebPage\",\"@id\":\"https:\\\/\\\/www.mzone.cz\\\/novy-golf-je-tu-vime-jak-bude-vypadat\\\/\",\"url\":\"https:\\\/\\\/www.mzone.cz\\\/novy-golf-je-tu-vime-jak-bude-vypadat\\\/\",\"name\":\"Nov\u00fd Golf je tu! V\u00edme, jak bude vypadat - Mzone\",\"isPartOf\":{\"@id\":\"https:\\\/\\\/www.mzone.cz\\\/#website\"},\"primaryImageOfPage\":{\"@id\":\"https:\\\/\\\/www.mzone.cz\\\/novy-golf-je-tu-vime-jak-bude-vypadat\\\/#primaryimage\"},\"image\":{\"@id\":\"https:\\\/\\\/www.mzone.cz\\\/novy-golf-je-tu-vime-jak-bude-vypadat\\\/#primaryimage\"},\"thumbnailUrl\":\"https:\\\/\\\/www.mzone.cz\\\/wp-content\\\/uploads\\\/2019\\\/10\\\/Volkswagen-Golf.jpg\",\"datePublished\":\"2019-10-12T04:00:20+00:00\",\"author\":{\"@id\":\"https:\\\/\\\/www.mzone.cz\\\/#\\\/schema\\\/person\\\/9bc20cc422a99cac4af6ff9297da32d4\"},\"description\":\"M\u016f\u017ee-li b\u00fdt n\u011bjak\u00fd automobil pova\u017eov\u00e1n za bestseller, pak je to Volkswagen Golf. V\u00a0pr\u016fb\u011bhu generac\u00ed nep\u0159etr\u017eit\u011b zdokonalovan\u00fd model se stal legendou na cel\u00e9m sv\u011bt\u011b. A te\u010f p\u0159ich\u00e1z\u00ed jeho nov\u00e1 generace!\",\"breadcrumb\":{\"@id\":\"https:\\\/\\\/www.mzone.cz\\\/novy-golf-je-tu-vime-jak-bude-vypadat\\\/#breadcrumb\"},\"inLanguage\":\"en-US\",\"potentialAction\":[{\"@type\":\"ReadAction\",\"target\":[\"https:\\\/\\\/www.mzone.cz\\\/novy-golf-je-tu-vime-jak-bude-vypadat\\\/\"]}]},{\"@type\":\"ImageObject\",\"inLanguage\":\"en-US\",\"@id\":\"https:\\\/\\\/www.mzone.cz\\\/novy-golf-je-tu-vime-jak-bude-vypadat\\\/#primaryimage\",\"url\":\"https:\\\/\\\/www.mzone.cz\\\/wp-content\\\/uploads\\\/2019\\\/10\\\/Volkswagen-Golf.jpg\",\"contentUrl\":\"https:\\\/\\\/www.mzone.cz\\\/wp-content\\\/uploads\\\/2019\\\/10\\\/Volkswagen-Golf.jpg\",\"width\":595,\"height\":397},{\"@type\":\"BreadcrumbList\",\"@id\":\"https:\\\/\\\/www.mzone.cz\\\/novy-golf-je-tu-vime-jak-bude-vypadat\\\/#breadcrumb\",\"itemListElement\":[{\"@type\":\"ListItem\",\"position\":1,\"name\":\"Dom\u016f\",\"item\":\"https:\\\/\\\/www.mzone.cz\\\/\"},{\"@type\":\"ListItem\",\"position\":2,\"name\":\"Nov\u00fd Golf je tu! V\u00edme, jak bude vypadat\"}]},{\"@type\":\"WebSite\",\"@id\":\"https:\\\/\\\/www.mzone.cz\\\/#website\",\"url\":\"https:\\\/\\\/www.mzone.cz\\\/\",\"name\":\"Mzone\",\"description\":\"Magaz\u00edn nejen pro mu\u017ee\",\"potentialAction\":[{\"@type\":\"SearchAction\",\"target\":{\"@type\":\"EntryPoint\",\"urlTemplate\":\"https:\\\/\\\/www.mzone.cz\\\/?s={search_term_string}\"},\"query-input\":{\"@type\":\"PropertyValueSpecification\",\"valueRequired\":true,\"valueName\":\"search_term_string\"}}],\"inLanguage\":\"en-US\"},{\"@type\":\"Person\",\"@id\":\"https:\\\/\\\/www.mzone.cz\\\/#\\\/schema\\\/person\\\/9bc20cc422a99cac4af6ff9297da32d4\",\"name\":\"Mzone\",\"image\":{\"@type\":\"ImageObject\",\"inLanguage\":\"en-US\",\"@id\":\"https:\\\/\\\/secure.gravatar.com\\\/avatar\\\/e780a8630f3182a3d06dd667ab6bea151a0d155b0951bc15fe22633acdac0676?s=96&d=mm&r=g\",\"url\":\"https:\\\/\\\/secure.gravatar.com\\\/avatar\\\/e780a8630f3182a3d06dd667ab6bea151a0d155b0951bc15fe22633acdac0676?s=96&d=mm&r=g\",\"contentUrl\":\"https:\\\/\\\/secure.gravatar.com\\\/avatar\\\/e780a8630f3182a3d06dd667ab6bea151a0d155b0951bc15fe22633acdac0676?s=96&d=mm&r=g\",\"caption\":\"Mzone\"},\"url\":\"https:\\\/\\\/www.mzone.cz\\\/en\\\/author\\\/jakub\\\/\"}]}<\/script>\n<!-- \/ Yoast SEO plugin. -->","yoast_head_json":{"title":"Nov\u00fd Golf je tu! V\u00edme, jak bude vypadat - Mzone","description":"M\u016f\u017ee-li b\u00fdt n\u011bjak\u00fd automobil pova\u017eov\u00e1n za bestseller, pak je to Volkswagen Golf. V\u00a0pr\u016fb\u011bhu generac\u00ed nep\u0159etr\u017eit\u011b zdokonalovan\u00fd model se stal legendou na cel\u00e9m sv\u011bt\u011b. A te\u010f p\u0159ich\u00e1z\u00ed jeho nov\u00e1 generace!","robots":{"index":"index","follow":"follow","max-snippet":"max-snippet:-1","max-image-preview":"max-image-preview:large","max-video-preview":"max-video-preview:-1"},"canonical":"https:\/\/www.mzone.cz\/en\/novy-golf-je-tu-vime-jak-bude-vypadat\/","og_locale":"en_US","og_type":"article","og_title":"Nov\u00fd Golf je tu! V\u00edme, jak bude vypadat - Mzone","og_description":"M\u016f\u017ee-li b\u00fdt n\u011bjak\u00fd automobil pova\u017eov\u00e1n za bestseller, pak je to Volkswagen Golf. V\u00a0pr\u016fb\u011bhu generac\u00ed nep\u0159etr\u017eit\u011b zdokonalovan\u00fd model se stal legendou na cel\u00e9m sv\u011bt\u011b. A te\u010f p\u0159ich\u00e1z\u00ed jeho nov\u00e1 generace!","og_url":"https:\/\/www.mzone.cz\/en\/novy-golf-je-tu-vime-jak-bude-vypadat\/","og_site_name":"Mzone","article_publisher":"https:\/\/www.facebook.com\/MzoneCZ\/","article_published_time":"2019-10-12T04:00:20+00:00","og_image":[{"width":595,"height":397,"url":"https:\/\/www.mzone.cz\/wp-content\/uploads\/2019\/10\/Volkswagen-Golf.jpg","type":"image\/jpeg"}],"author":"Mzone","twitter_card":"summary_large_image","twitter_misc":{"Written by":"Mzone","Est. reading time":"2 minutes"},"schema":{"@context":"https:\/\/schema.org","@graph":[{"@type":"Article","@id":"https:\/\/www.mzone.cz\/novy-golf-je-tu-vime-jak-bude-vypadat\/#article","isPartOf":{"@id":"https:\/\/www.mzone.cz\/novy-golf-je-tu-vime-jak-bude-vypadat\/"},"author":{"name":"Mzone","@id":"https:\/\/www.mzone.cz\/#\/schema\/person\/9bc20cc422a99cac4af6ff9297da32d4"},"headline":"Nov\u00fd Golf je tu! V\u00edme, jak bude vypadat","datePublished":"2019-10-12T04:00:20+00:00","mainEntityOfPage":{"@id":"https:\/\/www.mzone.cz\/novy-golf-je-tu-vime-jak-bude-vypadat\/"},"wordCount":365,"commentCount":0,"image":{"@id":"https:\/\/www.mzone.cz\/novy-golf-je-tu-vime-jak-bude-vypadat\/#primaryimage"},"thumbnailUrl":"https:\/\/www.mzone.cz\/wp-content\/uploads\/2019\/10\/Volkswagen-Golf.jpg","keywords":["auta","Auto","auto-moto","automobil","Golf","nov\u00e1 generace","Novinka","skica","skici","Volkswagen","Volkswagen Golf"],"articleSection":["Auto-moto"],"inLanguage":"en-US","potentialAction":[{"@type":"CommentAction","name":"Comment","target":["https:\/\/www.mzone.cz\/novy-golf-je-tu-vime-jak-bude-vypadat\/#respond"]}]},{"@type":"WebPage","@id":"https:\/\/www.mzone.cz\/novy-golf-je-tu-vime-jak-bude-vypadat\/","url":"https:\/\/www.mzone.cz\/novy-golf-je-tu-vime-jak-bude-vypadat\/","name":"Nov\u00fd Golf je tu! V\u00edme, jak bude vypadat - Mzone","isPartOf":{"@id":"https:\/\/www.mzone.cz\/#website"},"primaryImageOfPage":{"@id":"https:\/\/www.mzone.cz\/novy-golf-je-tu-vime-jak-bude-vypadat\/#primaryimage"},"image":{"@id":"https:\/\/www.mzone.cz\/novy-golf-je-tu-vime-jak-bude-vypadat\/#primaryimage"},"thumbnailUrl":"https:\/\/www.mzone.cz\/wp-content\/uploads\/2019\/10\/Volkswagen-Golf.jpg","datePublished":"2019-10-12T04:00:20+00:00","author":{"@id":"https:\/\/www.mzone.cz\/#\/schema\/person\/9bc20cc422a99cac4af6ff9297da32d4"},"description":"M\u016f\u017ee-li b\u00fdt n\u011bjak\u00fd automobil pova\u017eov\u00e1n za bestseller, pak je to Volkswagen Golf. V\u00a0pr\u016fb\u011bhu generac\u00ed nep\u0159etr\u017eit\u011b zdokonalovan\u00fd model se stal legendou na cel\u00e9m sv\u011bt\u011b. A te\u010f p\u0159ich\u00e1z\u00ed jeho nov\u00e1 generace!","breadcrumb":{"@id":"https:\/\/www.mzone.cz\/novy-golf-je-tu-vime-jak-bude-vypadat\/#breadcrumb"},"inLanguage":"en-US","potentialAction":[{"@type":"ReadAction","target":["https:\/\/www.mzone.cz\/novy-golf-je-tu-vime-jak-bude-vypadat\/"]}]},{"@type":"ImageObject","inLanguage":"en-US","@id":"https:\/\/www.mzone.cz\/novy-golf-je-tu-vime-jak-bude-vypadat\/#primaryimage","url":"https:\/\/www.mzone.cz\/wp-content\/uploads\/2019\/10\/Volkswagen-Golf.jpg","contentUrl":"https:\/\/www.mzone.cz\/wp-content\/uploads\/2019\/10\/Volkswagen-Golf.jpg","width":595,"height":397},{"@type":"BreadcrumbList","@id":"https:\/\/www.mzone.cz\/novy-golf-je-tu-vime-jak-bude-vypadat\/#breadcrumb","itemListElement":[{"@type":"ListItem","position":1,"name":"Dom\u016f","item":"https:\/\/www.mzone.cz\/"},{"@type":"ListItem","position":2,"name":"Nov\u00fd Golf je tu! V\u00edme, jak bude vypadat"}]},{"@type":"WebSite","@id":"https:\/\/www.mzone.cz\/#website","url":"https:\/\/www.mzone.cz\/","name":"Mzone","description":"Magaz\u00edn nejen pro mu\u017ee","potentialAction":[{"@type":"SearchAction","target":{"@type":"EntryPoint","urlTemplate":"https:\/\/www.mzone.cz\/?s={search_term_string}"},"query-input":{"@type":"PropertyValueSpecification","valueRequired":true,"valueName":"search_term_string"}}],"inLanguage":"en-US"},{"@type":"Person","@id":"https:\/\/www.mzone.cz\/#\/schema\/person\/9bc20cc422a99cac4af6ff9297da32d4","name":"Mzone","image":{"@type":"ImageObject","inLanguage":"en-US","@id":"https:\/\/secure.gravatar.com\/avatar\/e780a8630f3182a3d06dd667ab6bea151a0d155b0951bc15fe22633acdac0676?s=96&d=mm&r=g","url":"https:\/\/secure.gravatar.com\/avatar\/e780a8630f3182a3d06dd667ab6bea151a0d155b0951bc15fe22633acdac0676?s=96&d=mm&r=g","contentUrl":"https:\/\/secure.gravatar.com\/avatar\/e780a8630f3182a3d06dd667ab6bea151a0d155b0951bc15fe22633acdac0676?s=96&d=mm&r=g","caption":"Mzone"},"url":"https:\/\/www.mzone.cz\/en\/author\/jakub\/"}]}},"_links":{"self":[{"href":"https:\/\/www.mzone.cz\/en\/wp-json\/wp\/v2\/posts\/13239","targetHints":{"allow":["GET"]}}],"collection":[{"href":"https:\/\/www.mzone.cz\/en\/wp-json\/wp\/v2\/posts"}],"about":[{"href":"https:\/\/www.mzone.cz\/en\/wp-json\/wp\/v2\/types\/post"}],"author":[{"embeddable":true,"href":"https:\/\/www.mzone.cz\/en\/wp-json\/wp\/v2\/users\/4"}],"replies":[{"embeddable":true,"href":"https:\/\/www.mzone.cz\/en\/wp-json\/wp\/v2\/comments?post=13239"}],"version-history":[{"count":14,"href":"https:\/\/www.mzone.cz\/en\/wp-json\/wp\/v2\/posts\/13239\/revisions"}],"predecessor-version":[{"id":13260,"href":"https:\/\/www.mzone.cz\/en\/wp-json\/wp\/v2\/posts\/13239\/revisions\/13260"}],"wp:featuredmedia":[{"embeddable":true,"href":"https:\/\/www.mzone.cz\/en\/wp-json\/wp\/v2\/media\/13240"}],"wp:attachment":[{"href":"https:\/\/www.mzone.cz\/en\/wp-json\/wp\/v2\/media?parent=13239"}],"wp:term":[{"taxonomy":"category","embeddable":true,"href":"https:\/\/www.mzone.cz\/en\/wp-json\/wp\/v2\/categories?post=13239"},{"taxonomy":"post_tag","embeddable":true,"href":"https:\/\/www.mzone.cz\/en\/wp-json\/wp\/v2\/tags?post=13239"}],"curies":[{"name":"wp","href":"https:\/\/api.w.org\/{rel}","templated":true}]}}