{"id":13273,"date":"2019-10-22T06:00:50","date_gmt":"2019-10-22T04:00:50","guid":{"rendered":"https:\/\/www.mzone.cz\/?p=13273"},"modified":"2019-10-12T09:36:12","modified_gmt":"2019-10-12T07:36:12","slug":"benzin-elektrina-vodik-toyota-predstavuje-novou-generaci-sveho-vodikoveho-modelu","status":"publish","type":"post","link":"https:\/\/www.mzone.cz\/en\/benzin-elektrina-vodik-toyota-predstavuje-novou-generaci-sveho-vodikoveho-modelu\/","title":{"rendered":"Benz\u00edn? Elekt\u0159ina? Vod\u00edk! Toyota p\u0159edstavuje novou generaci sv\u00e9ho vod\u00edkov\u00e9ho modelu"},"content":{"rendered":"<p><strong>Toyota v roce 2014 p\u0159ekvapila cel\u00fd sv\u011bt uveden\u00edm vod\u00edkov\u00e9ho sedanu Mirai. Nyn\u00ed je automobilka p\u0159ipravena posunout svoji technologii bezemisn\u00edho elektromobilu na palivov\u00e9 \u010dl\u00e1nky na novou \u00farove\u0148, co\u017e dokl\u00e1d\u00e1 uk\u00e1zka modelu Mirai druh\u00e9 generace v r\u00e1mci speci\u00e1ln\u00ed expozice na leto\u0161n\u00edm autosalonu v Tokiu.<\/strong><\/p><br>\n\n\n\n<p>Aktu\u00e1ln\u00ed Toyota Mirai pln\u00ed roli katalyz\u00e1toru pro budov\u00e1n\u00ed celosv\u011btov\u00e9ho pov\u011bdom\u00ed o mo\u017enostech budouc\u00ed \u010dist\u00e9 a udr\u017eiteln\u00e9 vod\u00edkov\u00e9 spole\u010dnosti.<\/p>\n\n\n\n<blockquote class=\"wp-block-quote is-layout-flow wp-block-quote-is-layout-flow\"><p>Jde o technicky propracovan\u00fd v\u016fz, kter\u00fd je i nesm\u00edrn\u011b praktick\u00fd d\u00edky sv\u00e9mu dojezdu cca 500 km, snadn\u00e9mu tankov\u00e1n\u00ed v \u0159\u00e1du minut a provozu zcela bez emis\u00ed, nebo\u0165 vypou\u0161t\u00ed jen \u010distou vodn\u00ed p\u00e1ru.<\/p><\/blockquote>\n\n\n\n<p>Od uveden\u00ed se prodalo p\u0159ibli\u017en\u011b 10 tis\u00edc t\u011bchto voz\u016f, Toyota nav\u00edc v celosv\u011btov\u00e9m m\u011b\u0159\u00edtku aktivn\u011b podporuje rozvoj infrastruktury pro \u010derp\u00e1n\u00ed vod\u00edkov\u00e9ho paliva.<\/p><br>\n\n\n\n<p>A to je pouze za\u010d\u00e1tek, na autosalonu v Tokiu umo\u017en\u00ed Toyota nahl\u00e9dnout pod pokli\u010dku sv\u00e9ho v\u00fdvoje a p\u0159edstav\u00ed pokrok, kter\u00e9ho dos\u00e1hla s nov\u00fdm modelem Mirai ve smyslu technick\u00e9 propracovanosti, dynamick\u00fdch j\u00edzdn\u00edch schopnost\u00ed a poutav\u00e9ho designu.<\/p><br>\n\n\n\n<p>Nov\u00e1 Mirai, jej\u00ed\u017e uveden\u00ed na trh je napl\u00e1nov\u00e1no na po\u010d\u00e1tek roku 2020 (nejd\u0159\u00edve v Japonsku, pozd\u011bji v Severn\u00ed Americe a pak v Evrop\u011b), nebude pouh\u00fdm eko-automobilem, ale uk\u00e1\u017ee, \u017ee technologie pohonu FCEV dovoluje vzniknout i takov\u00fdm vozidl\u016fm, kter\u00e1 jsou zaj\u00edmav\u00e1 z pohledu \u0159idi\u010de a sou\u010dasn\u011b kr\u00e1sn\u00e1 na pohled.<\/p><br>\n\n\n\n<figure class=\"wp-block-image\"><img loading=\"lazy\" decoding=\"async\" width=\"1024\" height=\"611\" src=\"https:\/\/www.mzone.cz\/wp-content\/uploads\/2019\/10\/Mirai_20191011_01_01-1024x611.jpg\" alt=\"\" class=\"wp-image-13278\" srcset=\"https:\/\/www.mzone.cz\/wp-content\/uploads\/2019\/10\/Mirai_20191011_01_01-1024x611.jpg 1024w, https:\/\/www.mzone.cz\/wp-content\/uploads\/2019\/10\/Mirai_20191011_01_01-300x179.jpg 300w, https:\/\/www.mzone.cz\/wp-content\/uploads\/2019\/10\/Mirai_20191011_01_01-768x458.jpg 768w, https:\/\/www.mzone.cz\/wp-content\/uploads\/2019\/10\/Mirai_20191011_01_01-590x352.jpg 590w, https:\/\/www.mzone.cz\/wp-content\/uploads\/2019\/10\/Mirai_20191011_01_01.jpg 1280w\" sizes=\"auto, (max-width: 1024px) 100vw, 1024px\" \/><\/figure><br>\n\n\n\n<p>Kl\u00ed\u010dov\u00fd je v\u0161ak i nad\u00e1le hospod\u00e1rn\u00fd provoz, a tak Toyota usiluje o prodlou\u017een\u00ed dojezdov\u00e9 vzd\u00e1lenosti modelu Mirai o 30 % vylep\u0161ov\u00e1n\u00edm syst\u00e9mu palivov\u00fdch \u010dl\u00e1nk\u016f a nasazen\u00edm v\u011bt\u0161\u00edch n\u00e1dr\u017e\u00ed na vod\u00edk.<\/p>\n\n\n\n<blockquote class=\"wp-block-quote is-layout-flow wp-block-quote-is-layout-flow\"><p>\u201eNa\u0161\u00edm c\u00edlem bylo vytvo\u0159it takov\u00fd v\u016fz, kter\u00fd z\u00e1kazn\u00edci budou sami cht\u00edt neust\u00e1le \u0159\u00eddit, v\u016fz, jen\u017e vzbuzuje emoce a chlub\u00ed se atraktivn\u00edm designem i dynamick\u00fdmi schopnostmi a odezvou, kter\u00e1 na tv\u00e1\u0159i \u0159idi\u010d\u016f vyloud\u00ed radostn\u00fd \u00fasm\u011bv.\u201c<\/p><cite>Jo\u0161ikazu Tanaka, nov\u00fd hlavn\u00ed konstrukt\u00e9r modelu Mirai<\/cite><\/blockquote>\n\n\n\n<p>\u201eChci, aby si z\u00e1kazn\u00edci \u0159ekli: \u201aPro Mirai jsem se rozhodl nejen proto, \u017ee je to FCEV, ale kv\u016fli tomu, \u017ee jsem tento v\u016fz jednodu\u0161e cht\u011bl; jen shodou okolnost\u00ed je to FCEV.\u2018 Budeme pokra\u010dovat ve v\u00fdvoji zam\u011b\u0159en\u00e9m pr\u00e1v\u011b na tyto emoce a j\u00e1 douf\u00e1m, \u017ee s novou Mirai budeme kr\u00e1\u010det v \u010dele formov\u00e1n\u00ed vod\u00edkov\u00e9 spole\u010dnosti,\u201c dod\u00e1v\u00e1 Jo\u0161ikazu Tanaka.<\/p><br>\n\n\n\n<figure class=\"wp-block-image\"><img loading=\"lazy\" decoding=\"async\" width=\"1024\" height=\"611\" src=\"https:\/\/www.mzone.cz\/wp-content\/uploads\/2019\/10\/Mirai_20191011_01_03-1024x611.jpg\" alt=\"\" class=\"wp-image-13280\" srcset=\"https:\/\/www.mzone.cz\/wp-content\/uploads\/2019\/10\/Mirai_20191011_01_03-1024x611.jpg 1024w, https:\/\/www.mzone.cz\/wp-content\/uploads\/2019\/10\/Mirai_20191011_01_03-300x179.jpg 300w, https:\/\/www.mzone.cz\/wp-content\/uploads\/2019\/10\/Mirai_20191011_01_03-768x458.jpg 768w, https:\/\/www.mzone.cz\/wp-content\/uploads\/2019\/10\/Mirai_20191011_01_03-590x352.jpg 590w, https:\/\/www.mzone.cz\/wp-content\/uploads\/2019\/10\/Mirai_20191011_01_03.jpg 1280w\" sizes=\"auto, (max-width: 1024px) 100vw, 1024px\" \/><\/figure><br>\n\n\n\n<p>Nov\u00e1 Toyota bezprost\u0159edn\u011b zaujme sv\u00fdm vn\u011bj\u0161\u00edm designem s n\u00edzk\u00fdmi k\u0159ivkami, elegantn\u00edmi proporcemi, \u0161t\u00edhlou a napnutou karoseri\u00ed nebo velk\u00fdmi 20&#8243; koly, \u010d\u00edm\u017e dosahuje efektn\u00edho a markantn\u00edho vzhledu.<\/p>\n\n\n\n<blockquote class=\"wp-block-quote is-layout-flow wp-block-quote-is-layout-flow\"><p>Uk\u00e1zkov\u00fd v\u016fz bude prezentov\u00e1n v nov\u00e9m speci\u00e1ln\u011b navr\u017een\u00e9m modr\u00e9m laku o n\u011bkolika vrstv\u00e1ch k dosa\u017een\u00ed mimo\u0159\u00e1dn\u00e9ho lesku a hloubky barev.<\/p><\/blockquote>\n\n\n\n<p>Interi\u00e9r je pojat jako jednoduch\u00fd modern\u00ed prostor s p\u0159\u00edv\u011btivou a pohodlnou atmosf\u00e9rou, kter\u00e1 potvrzuje skute\u010dnost, \u017ee tento v\u016fz je atraktivn\u00ed pro \u0159idi\u010de a sou\u010dasn\u011b p\u0159\u00edjemn\u00fdm spole\u010dn\u00edkem pro cestov\u00e1n\u00ed. Z kl\u00ed\u010dov\u00fdch prvk\u016f jmenujme centr\u00e1ln\u00ed displej o \u00fahlop\u0159\u00ed\u010dce 12,3&#8243; a p\u0159\u00edstrojov\u00fd panel obklopuj\u00edc\u00ed \u0159idi\u010de. D\u00edky pou\u017eit\u00e9 platform\u011b a chytr\u00e9mu obestav\u011bn\u00ed prostoru se poda\u0159ilo po\u010det m\u00edst v kabin\u011b Mirai zv\u00fd\u0161it z dosavadn\u00edch \u010dty\u0159 na p\u011bt.<\/p><br>\n\n\n\n<figure class=\"wp-block-image\"><img loading=\"lazy\" decoding=\"async\" width=\"1024\" height=\"526\" src=\"https:\/\/www.mzone.cz\/wp-content\/uploads\/2019\/10\/Mirai_Interior-1024x526.jpg\" alt=\"\" class=\"wp-image-13282\" srcset=\"https:\/\/www.mzone.cz\/wp-content\/uploads\/2019\/10\/Mirai_Interior-1024x526.jpg 1024w, https:\/\/www.mzone.cz\/wp-content\/uploads\/2019\/10\/Mirai_Interior-300x154.jpg 300w, https:\/\/www.mzone.cz\/wp-content\/uploads\/2019\/10\/Mirai_Interior-768x394.jpg 768w, https:\/\/www.mzone.cz\/wp-content\/uploads\/2019\/10\/Mirai_Interior-590x303.jpg 590w, https:\/\/www.mzone.cz\/wp-content\/uploads\/2019\/10\/Mirai_Interior.jpg 1280w\" sizes=\"auto, (max-width: 1024px) 100vw, 1024px\" \/><\/figure><br>\n\n\n\n<p>Jednou z v\u00fdhod konstrukce Mirai na nejnov\u011bj\u0161\u00ed modul\u00e1rn\u00ed platform\u011b Toyoty pro vozidla s pohonem zadn\u00edch kol je i \u0161irok\u00e9 pole p\u016fsobnosti pro emotivn\u011bj\u0161\u00ed a atraktivn\u00ed design a mo\u017enost z\u00e1stavby r\u016fzn\u00fdch hnac\u00edch \u00fastroj\u00ed \u2013 v\u010detn\u011b vod\u00edkov\u00fdch palivov\u00fdch \u010dl\u00e1nk\u016f. Krom\u011b toho nov\u00e9 Toyot\u011b Mirai prop\u016fj\u010duje vy\u0161\u0161\u00ed tuhost karoserie, kter\u00e1 p\u0159isp\u00edv\u00e1 k lep\u0161\u00ed j\u00edzdn\u00ed agilit\u011b a odezv\u011b, stejn\u011b tak jako ni\u017e\u0161\u00ed t\u011b\u017ei\u0161t\u011b, stoj\u00edc\u00ed za mr\u0161tnost\u00ed a \u010ditelnou ovladatelnost\u00ed tohoto vozu.<\/p><br>\n\n\n\n<div class=\"wp-block-image\"><figure class=\"alignleft is-resized\"><img loading=\"lazy\" decoding=\"async\" src=\"https:\/\/www.mzone.cz\/wp-content\/uploads\/2019\/10\/Volkswagen-Golf.jpg\" alt=\"\" class=\"wp-image-13240\" width=\"102\" height=\"67\" srcset=\"https:\/\/www.mzone.cz\/wp-content\/uploads\/2019\/10\/Volkswagen-Golf.jpg 595w, https:\/\/www.mzone.cz\/wp-content\/uploads\/2019\/10\/Volkswagen-Golf-300x200.jpg 300w, https:\/\/www.mzone.cz\/wp-content\/uploads\/2019\/10\/Volkswagen-Golf-400x267.jpg 400w, https:\/\/www.mzone.cz\/wp-content\/uploads\/2019\/10\/Volkswagen-Golf-500x333.jpg 500w, https:\/\/www.mzone.cz\/wp-content\/uploads\/2019\/10\/Volkswagen-Golf-590x394.jpg 590w\" sizes=\"auto, (max-width: 102px) 100vw, 102px\" \/><\/figure><\/div>\n\n\n\n<h4><a href=\"https:\/\/www.mzone.cz\/novy-golf-je-tu-vime-jak-bude-vypadat\/\">Nov\u00fd Golf je tu! V\u00edme, jak bude vypadat<\/a><\/h4><br><br>\n\n\n\n<p>Vedle prodlou\u017een\u00ed maxim\u00e1ln\u00ed dojezdov\u00e9 vzd\u00e1lenosti se vylep\u0161en\u00ed vod\u00edkov\u00e9ho syst\u00e9mu nov\u00e9 Toyoty Mirai odrazila i v line\u00e1rn\u00ed a hladk\u00e9 odezv\u011b p\u0159i rozjezdu z m\u00edsta a komfortn\u00ed zp\u011btn\u00e9 vazb\u011b od volantu s harmonick\u00fdm slad\u011bn\u00edm pokyn\u016f od plynov\u00e9ho ped\u00e1lu se zrychlov\u00e1n\u00edm vozidla. J\u00edzdn\u00ed chov\u00e1n\u00ed na zat\u00e1\u010dkovit\u00fdch tras\u00e1ch je podle v\u00fdrobce hladk\u00e9 a \u010diteln\u00e9, zat\u00edmco na d\u00e1lnici se v\u016fz odm\u011bn\u00ed pocitem mimo\u0159\u00e1dn\u00e9ho v\u00fdkonu za v\u0161ech rychlost\u00ed. Tak te\u010f u\u017e jen vybudovat infrastrukturu pro dob\u00edjen\u00ed&#8230;<\/p><br>","protected":false},"excerpt":{"rendered":"<p>Toyota v roce 2014 p\u0159ekvapila cel\u00fd sv\u011bt uveden\u00edm vod\u00edkov\u00e9ho sedanu Mirai. Nyn\u00ed je automobilka p\u0159ipravena posunout svoji technologii bezemisn\u00edho elektromobilu na palivov\u00e9 \u010dl\u00e1nky na novou \u00farove\u0148, co\u017e dokl\u00e1d\u00e1 uk\u00e1zka modelu Mirai druh\u00e9 generace v r\u00e1mci speci\u00e1ln\u00ed expozice na leto\u0161n\u00edm autosalonu v Tokiu. Aktu\u00e1ln\u00ed Toyota Mirai pln\u00ed roli katalyz\u00e1toru pro budov\u00e1n\u00ed celosv\u011btov\u00e9ho pov\u011bdom\u00ed o mo\u017enostech budouc\u00ed [&hellip;]<\/p>\n","protected":false},"author":4,"featured_media":13274,"comment_status":"open","ping_status":"closed","sticky":false,"template":"","format":"standard","meta":{"kk_blocks_editor_width":"","_kiokenblocks_attr":"","_kiokenblocks_dimensions":"","footnotes":""},"categories":[69],"tags":[585,82,462,724,1541,2845,2838,16,2850,687,2848,2849,2847,2846],"class_list":["post-13273","post","type-post","status-publish","format-standard","has-post-thumbnail","hentry","category-auto-moto","tag-auta","tag-auto","tag-auto-moto","tag-automobil","tag-autosalon","tag-mirai","tag-nova-generace","tag-novinka","tag-tokio","tag-toyota","tag-toyota-mirai","tag-vodik","tag-vodikovy-automobil","tag-vodikovy-pohon"],"yoast_head":"<!-- This site is optimized with the Yoast SEO plugin v27.5 - https:\/\/yoast.com\/product\/yoast-seo-wordpress\/ -->\n<title>Benz\u00edn? Elekt\u0159ina? Vod\u00edk! Toyota p\u0159edstavuje novou generaci sv\u00e9ho vod\u00edkov\u00e9ho modelu - Mzone<\/title>\n<meta name=\"description\" content=\"Toyota v roce 2014 p\u0159ekvapila cel\u00fd sv\u011bt uveden\u00edm vod\u00edkov\u00e9ho sedanu Mirai. Nyn\u00ed je automobilka p\u0159ipravena posunout svoji technologii bezemisn\u00edho elektromobilu na palivov\u00e9 \u010dl\u00e1nky na novou \u00farove\u0148, co\u017e dokl\u00e1d\u00e1 uk\u00e1zka modelu Mirai druh\u00e9 generace v r\u00e1mci speci\u00e1ln\u00ed expozice na leto\u0161n\u00edm autosalonu v Tokiu.\" \/>\n<meta name=\"robots\" content=\"index, follow, max-snippet:-1, max-image-preview:large, max-video-preview:-1\" \/>\n<link rel=\"canonical\" href=\"https:\/\/www.mzone.cz\/en\/benzin-elektrina-vodik-toyota-predstavuje-novou-generaci-sveho-vodikoveho-modelu\/\" \/>\n<meta property=\"og:locale\" content=\"en_US\" \/>\n<meta property=\"og:type\" content=\"article\" \/>\n<meta property=\"og:title\" content=\"Benz\u00edn? Elekt\u0159ina? Vod\u00edk! Toyota p\u0159edstavuje novou generaci sv\u00e9ho vod\u00edkov\u00e9ho modelu - Mzone\" \/>\n<meta property=\"og:description\" content=\"Toyota v roce 2014 p\u0159ekvapila cel\u00fd sv\u011bt uveden\u00edm vod\u00edkov\u00e9ho sedanu Mirai. Nyn\u00ed je automobilka p\u0159ipravena posunout svoji technologii bezemisn\u00edho elektromobilu na palivov\u00e9 \u010dl\u00e1nky na novou \u00farove\u0148, co\u017e dokl\u00e1d\u00e1 uk\u00e1zka modelu Mirai druh\u00e9 generace v r\u00e1mci speci\u00e1ln\u00ed expozice na leto\u0161n\u00edm autosalonu v Tokiu.\" \/>\n<meta property=\"og:url\" content=\"https:\/\/www.mzone.cz\/en\/benzin-elektrina-vodik-toyota-predstavuje-novou-generaci-sveho-vodikoveho-modelu\/\" \/>\n<meta property=\"og:site_name\" content=\"Mzone\" \/>\n<meta property=\"article:publisher\" content=\"https:\/\/www.facebook.com\/MzoneCZ\/\" \/>\n<meta property=\"article:published_time\" content=\"2019-10-22T04:00:50+00:00\" \/>\n<meta property=\"og:image\" content=\"https:\/\/www.mzone.cz\/wp-content\/uploads\/2019\/10\/Toyota-Mirai.jpg\" \/>\n\t<meta property=\"og:image:width\" content=\"874\" \/>\n\t<meta property=\"og:image:height\" content=\"583\" \/>\n\t<meta property=\"og:image:type\" content=\"image\/jpeg\" \/>\n<meta name=\"author\" content=\"Mzone\" \/>\n<meta name=\"twitter:card\" content=\"summary_large_image\" \/>\n<meta name=\"twitter:label1\" content=\"Written by\" \/>\n\t<meta name=\"twitter:data1\" content=\"Mzone\" \/>\n\t<meta name=\"twitter:label2\" content=\"Est. reading time\" \/>\n\t<meta name=\"twitter:data2\" content=\"4 minutes\" \/>\n<script type=\"application\/ld+json\" class=\"yoast-schema-graph\">{\"@context\":\"https:\\\/\\\/schema.org\",\"@graph\":[{\"@type\":\"Article\",\"@id\":\"https:\\\/\\\/www.mzone.cz\\\/benzin-elektrina-vodik-toyota-predstavuje-novou-generaci-sveho-vodikoveho-modelu\\\/#article\",\"isPartOf\":{\"@id\":\"https:\\\/\\\/www.mzone.cz\\\/benzin-elektrina-vodik-toyota-predstavuje-novou-generaci-sveho-vodikoveho-modelu\\\/\"},\"author\":{\"name\":\"Mzone\",\"@id\":\"https:\\\/\\\/www.mzone.cz\\\/#\\\/schema\\\/person\\\/9bc20cc422a99cac4af6ff9297da32d4\"},\"headline\":\"Benz\u00edn? Elekt\u0159ina? Vod\u00edk! Toyota p\u0159edstavuje novou generaci sv\u00e9ho vod\u00edkov\u00e9ho modelu\",\"datePublished\":\"2019-10-22T04:00:50+00:00\",\"mainEntityOfPage\":{\"@id\":\"https:\\\/\\\/www.mzone.cz\\\/benzin-elektrina-vodik-toyota-predstavuje-novou-generaci-sveho-vodikoveho-modelu\\\/\"},\"wordCount\":820,\"commentCount\":0,\"image\":{\"@id\":\"https:\\\/\\\/www.mzone.cz\\\/benzin-elektrina-vodik-toyota-predstavuje-novou-generaci-sveho-vodikoveho-modelu\\\/#primaryimage\"},\"thumbnailUrl\":\"https:\\\/\\\/www.mzone.cz\\\/wp-content\\\/uploads\\\/2019\\\/10\\\/Toyota-Mirai.jpg\",\"keywords\":[\"auta\",\"Auto\",\"auto-moto\",\"automobil\",\"autosalon\",\"Mirai\",\"nov\u00e1 generace\",\"Novinka\",\"Tokio\",\"Toyota\",\"Toyota Mirai\",\"vod\u00edk\",\"vod\u00edkov\u00fd automobil\",\"vod\u00edkov\u00fd pohon\"],\"articleSection\":[\"Auto-moto\"],\"inLanguage\":\"en-US\",\"potentialAction\":[{\"@type\":\"CommentAction\",\"name\":\"Comment\",\"target\":[\"https:\\\/\\\/www.mzone.cz\\\/benzin-elektrina-vodik-toyota-predstavuje-novou-generaci-sveho-vodikoveho-modelu\\\/#respond\"]}]},{\"@type\":\"WebPage\",\"@id\":\"https:\\\/\\\/www.mzone.cz\\\/benzin-elektrina-vodik-toyota-predstavuje-novou-generaci-sveho-vodikoveho-modelu\\\/\",\"url\":\"https:\\\/\\\/www.mzone.cz\\\/benzin-elektrina-vodik-toyota-predstavuje-novou-generaci-sveho-vodikoveho-modelu\\\/\",\"name\":\"Benz\u00edn? Elekt\u0159ina? Vod\u00edk! Toyota p\u0159edstavuje novou generaci sv\u00e9ho vod\u00edkov\u00e9ho modelu - Mzone\",\"isPartOf\":{\"@id\":\"https:\\\/\\\/www.mzone.cz\\\/#website\"},\"primaryImageOfPage\":{\"@id\":\"https:\\\/\\\/www.mzone.cz\\\/benzin-elektrina-vodik-toyota-predstavuje-novou-generaci-sveho-vodikoveho-modelu\\\/#primaryimage\"},\"image\":{\"@id\":\"https:\\\/\\\/www.mzone.cz\\\/benzin-elektrina-vodik-toyota-predstavuje-novou-generaci-sveho-vodikoveho-modelu\\\/#primaryimage\"},\"thumbnailUrl\":\"https:\\\/\\\/www.mzone.cz\\\/wp-content\\\/uploads\\\/2019\\\/10\\\/Toyota-Mirai.jpg\",\"datePublished\":\"2019-10-22T04:00:50+00:00\",\"author\":{\"@id\":\"https:\\\/\\\/www.mzone.cz\\\/#\\\/schema\\\/person\\\/9bc20cc422a99cac4af6ff9297da32d4\"},\"description\":\"Toyota v roce 2014 p\u0159ekvapila cel\u00fd sv\u011bt uveden\u00edm vod\u00edkov\u00e9ho sedanu Mirai. Nyn\u00ed je automobilka p\u0159ipravena posunout svoji technologii bezemisn\u00edho elektromobilu na palivov\u00e9 \u010dl\u00e1nky na novou \u00farove\u0148, co\u017e dokl\u00e1d\u00e1 uk\u00e1zka modelu Mirai druh\u00e9 generace v r\u00e1mci speci\u00e1ln\u00ed expozice na leto\u0161n\u00edm autosalonu v Tokiu.\",\"breadcrumb\":{\"@id\":\"https:\\\/\\\/www.mzone.cz\\\/benzin-elektrina-vodik-toyota-predstavuje-novou-generaci-sveho-vodikoveho-modelu\\\/#breadcrumb\"},\"inLanguage\":\"en-US\",\"potentialAction\":[{\"@type\":\"ReadAction\",\"target\":[\"https:\\\/\\\/www.mzone.cz\\\/benzin-elektrina-vodik-toyota-predstavuje-novou-generaci-sveho-vodikoveho-modelu\\\/\"]}]},{\"@type\":\"ImageObject\",\"inLanguage\":\"en-US\",\"@id\":\"https:\\\/\\\/www.mzone.cz\\\/benzin-elektrina-vodik-toyota-predstavuje-novou-generaci-sveho-vodikoveho-modelu\\\/#primaryimage\",\"url\":\"https:\\\/\\\/www.mzone.cz\\\/wp-content\\\/uploads\\\/2019\\\/10\\\/Toyota-Mirai.jpg\",\"contentUrl\":\"https:\\\/\\\/www.mzone.cz\\\/wp-content\\\/uploads\\\/2019\\\/10\\\/Toyota-Mirai.jpg\",\"width\":874,\"height\":583},{\"@type\":\"BreadcrumbList\",\"@id\":\"https:\\\/\\\/www.mzone.cz\\\/benzin-elektrina-vodik-toyota-predstavuje-novou-generaci-sveho-vodikoveho-modelu\\\/#breadcrumb\",\"itemListElement\":[{\"@type\":\"ListItem\",\"position\":1,\"name\":\"Dom\u016f\",\"item\":\"https:\\\/\\\/www.mzone.cz\\\/\"},{\"@type\":\"ListItem\",\"position\":2,\"name\":\"Benz\u00edn? Elekt\u0159ina? Vod\u00edk! Toyota p\u0159edstavuje novou generaci sv\u00e9ho vod\u00edkov\u00e9ho modelu\"}]},{\"@type\":\"WebSite\",\"@id\":\"https:\\\/\\\/www.mzone.cz\\\/#website\",\"url\":\"https:\\\/\\\/www.mzone.cz\\\/\",\"name\":\"Mzone\",\"description\":\"Magaz\u00edn nejen pro mu\u017ee\",\"potentialAction\":[{\"@type\":\"SearchAction\",\"target\":{\"@type\":\"EntryPoint\",\"urlTemplate\":\"https:\\\/\\\/www.mzone.cz\\\/?s={search_term_string}\"},\"query-input\":{\"@type\":\"PropertyValueSpecification\",\"valueRequired\":true,\"valueName\":\"search_term_string\"}}],\"inLanguage\":\"en-US\"},{\"@type\":\"Person\",\"@id\":\"https:\\\/\\\/www.mzone.cz\\\/#\\\/schema\\\/person\\\/9bc20cc422a99cac4af6ff9297da32d4\",\"name\":\"Mzone\",\"image\":{\"@type\":\"ImageObject\",\"inLanguage\":\"en-US\",\"@id\":\"https:\\\/\\\/secure.gravatar.com\\\/avatar\\\/e780a8630f3182a3d06dd667ab6bea151a0d155b0951bc15fe22633acdac0676?s=96&d=mm&r=g\",\"url\":\"https:\\\/\\\/secure.gravatar.com\\\/avatar\\\/e780a8630f3182a3d06dd667ab6bea151a0d155b0951bc15fe22633acdac0676?s=96&d=mm&r=g\",\"contentUrl\":\"https:\\\/\\\/secure.gravatar.com\\\/avatar\\\/e780a8630f3182a3d06dd667ab6bea151a0d155b0951bc15fe22633acdac0676?s=96&d=mm&r=g\",\"caption\":\"Mzone\"},\"url\":\"https:\\\/\\\/www.mzone.cz\\\/en\\\/author\\\/jakub\\\/\"}]}<\/script>\n<!-- \/ Yoast SEO plugin. -->","yoast_head_json":{"title":"Benz\u00edn? Elekt\u0159ina? Vod\u00edk! Toyota p\u0159edstavuje novou generaci sv\u00e9ho vod\u00edkov\u00e9ho modelu - Mzone","description":"Toyota v roce 2014 p\u0159ekvapila cel\u00fd sv\u011bt uveden\u00edm vod\u00edkov\u00e9ho sedanu Mirai. Nyn\u00ed je automobilka p\u0159ipravena posunout svoji technologii bezemisn\u00edho elektromobilu na palivov\u00e9 \u010dl\u00e1nky na novou \u00farove\u0148, co\u017e dokl\u00e1d\u00e1 uk\u00e1zka modelu Mirai druh\u00e9 generace v r\u00e1mci speci\u00e1ln\u00ed expozice na leto\u0161n\u00edm autosalonu v Tokiu.","robots":{"index":"index","follow":"follow","max-snippet":"max-snippet:-1","max-image-preview":"max-image-preview:large","max-video-preview":"max-video-preview:-1"},"canonical":"https:\/\/www.mzone.cz\/en\/benzin-elektrina-vodik-toyota-predstavuje-novou-generaci-sveho-vodikoveho-modelu\/","og_locale":"en_US","og_type":"article","og_title":"Benz\u00edn? Elekt\u0159ina? Vod\u00edk! Toyota p\u0159edstavuje novou generaci sv\u00e9ho vod\u00edkov\u00e9ho modelu - Mzone","og_description":"Toyota v roce 2014 p\u0159ekvapila cel\u00fd sv\u011bt uveden\u00edm vod\u00edkov\u00e9ho sedanu Mirai. Nyn\u00ed je automobilka p\u0159ipravena posunout svoji technologii bezemisn\u00edho elektromobilu na palivov\u00e9 \u010dl\u00e1nky na novou \u00farove\u0148, co\u017e dokl\u00e1d\u00e1 uk\u00e1zka modelu Mirai druh\u00e9 generace v r\u00e1mci speci\u00e1ln\u00ed expozice na leto\u0161n\u00edm autosalonu v Tokiu.","og_url":"https:\/\/www.mzone.cz\/en\/benzin-elektrina-vodik-toyota-predstavuje-novou-generaci-sveho-vodikoveho-modelu\/","og_site_name":"Mzone","article_publisher":"https:\/\/www.facebook.com\/MzoneCZ\/","article_published_time":"2019-10-22T04:00:50+00:00","og_image":[{"width":874,"height":583,"url":"https:\/\/www.mzone.cz\/wp-content\/uploads\/2019\/10\/Toyota-Mirai.jpg","type":"image\/jpeg"}],"author":"Mzone","twitter_card":"summary_large_image","twitter_misc":{"Written by":"Mzone","Est. reading time":"4 minutes"},"schema":{"@context":"https:\/\/schema.org","@graph":[{"@type":"Article","@id":"https:\/\/www.mzone.cz\/benzin-elektrina-vodik-toyota-predstavuje-novou-generaci-sveho-vodikoveho-modelu\/#article","isPartOf":{"@id":"https:\/\/www.mzone.cz\/benzin-elektrina-vodik-toyota-predstavuje-novou-generaci-sveho-vodikoveho-modelu\/"},"author":{"name":"Mzone","@id":"https:\/\/www.mzone.cz\/#\/schema\/person\/9bc20cc422a99cac4af6ff9297da32d4"},"headline":"Benz\u00edn? Elekt\u0159ina? Vod\u00edk! Toyota p\u0159edstavuje novou generaci sv\u00e9ho vod\u00edkov\u00e9ho modelu","datePublished":"2019-10-22T04:00:50+00:00","mainEntityOfPage":{"@id":"https:\/\/www.mzone.cz\/benzin-elektrina-vodik-toyota-predstavuje-novou-generaci-sveho-vodikoveho-modelu\/"},"wordCount":820,"commentCount":0,"image":{"@id":"https:\/\/www.mzone.cz\/benzin-elektrina-vodik-toyota-predstavuje-novou-generaci-sveho-vodikoveho-modelu\/#primaryimage"},"thumbnailUrl":"https:\/\/www.mzone.cz\/wp-content\/uploads\/2019\/10\/Toyota-Mirai.jpg","keywords":["auta","Auto","auto-moto","automobil","autosalon","Mirai","nov\u00e1 generace","Novinka","Tokio","Toyota","Toyota Mirai","vod\u00edk","vod\u00edkov\u00fd automobil","vod\u00edkov\u00fd pohon"],"articleSection":["Auto-moto"],"inLanguage":"en-US","potentialAction":[{"@type":"CommentAction","name":"Comment","target":["https:\/\/www.mzone.cz\/benzin-elektrina-vodik-toyota-predstavuje-novou-generaci-sveho-vodikoveho-modelu\/#respond"]}]},{"@type":"WebPage","@id":"https:\/\/www.mzone.cz\/benzin-elektrina-vodik-toyota-predstavuje-novou-generaci-sveho-vodikoveho-modelu\/","url":"https:\/\/www.mzone.cz\/benzin-elektrina-vodik-toyota-predstavuje-novou-generaci-sveho-vodikoveho-modelu\/","name":"Benz\u00edn? Elekt\u0159ina? Vod\u00edk! Toyota p\u0159edstavuje novou generaci sv\u00e9ho vod\u00edkov\u00e9ho modelu - Mzone","isPartOf":{"@id":"https:\/\/www.mzone.cz\/#website"},"primaryImageOfPage":{"@id":"https:\/\/www.mzone.cz\/benzin-elektrina-vodik-toyota-predstavuje-novou-generaci-sveho-vodikoveho-modelu\/#primaryimage"},"image":{"@id":"https:\/\/www.mzone.cz\/benzin-elektrina-vodik-toyota-predstavuje-novou-generaci-sveho-vodikoveho-modelu\/#primaryimage"},"thumbnailUrl":"https:\/\/www.mzone.cz\/wp-content\/uploads\/2019\/10\/Toyota-Mirai.jpg","datePublished":"2019-10-22T04:00:50+00:00","author":{"@id":"https:\/\/www.mzone.cz\/#\/schema\/person\/9bc20cc422a99cac4af6ff9297da32d4"},"description":"Toyota v roce 2014 p\u0159ekvapila cel\u00fd sv\u011bt uveden\u00edm vod\u00edkov\u00e9ho sedanu Mirai. Nyn\u00ed je automobilka p\u0159ipravena posunout svoji technologii bezemisn\u00edho elektromobilu na palivov\u00e9 \u010dl\u00e1nky na novou \u00farove\u0148, co\u017e dokl\u00e1d\u00e1 uk\u00e1zka modelu Mirai druh\u00e9 generace v r\u00e1mci speci\u00e1ln\u00ed expozice na leto\u0161n\u00edm autosalonu v Tokiu.","breadcrumb":{"@id":"https:\/\/www.mzone.cz\/benzin-elektrina-vodik-toyota-predstavuje-novou-generaci-sveho-vodikoveho-modelu\/#breadcrumb"},"inLanguage":"en-US","potentialAction":[{"@type":"ReadAction","target":["https:\/\/www.mzone.cz\/benzin-elektrina-vodik-toyota-predstavuje-novou-generaci-sveho-vodikoveho-modelu\/"]}]},{"@type":"ImageObject","inLanguage":"en-US","@id":"https:\/\/www.mzone.cz\/benzin-elektrina-vodik-toyota-predstavuje-novou-generaci-sveho-vodikoveho-modelu\/#primaryimage","url":"https:\/\/www.mzone.cz\/wp-content\/uploads\/2019\/10\/Toyota-Mirai.jpg","contentUrl":"https:\/\/www.mzone.cz\/wp-content\/uploads\/2019\/10\/Toyota-Mirai.jpg","width":874,"height":583},{"@type":"BreadcrumbList","@id":"https:\/\/www.mzone.cz\/benzin-elektrina-vodik-toyota-predstavuje-novou-generaci-sveho-vodikoveho-modelu\/#breadcrumb","itemListElement":[{"@type":"ListItem","position":1,"name":"Dom\u016f","item":"https:\/\/www.mzone.cz\/"},{"@type":"ListItem","position":2,"name":"Benz\u00edn? Elekt\u0159ina? Vod\u00edk! Toyota p\u0159edstavuje novou generaci sv\u00e9ho vod\u00edkov\u00e9ho modelu"}]},{"@type":"WebSite","@id":"https:\/\/www.mzone.cz\/#website","url":"https:\/\/www.mzone.cz\/","name":"Mzone","description":"Magaz\u00edn nejen pro mu\u017ee","potentialAction":[{"@type":"SearchAction","target":{"@type":"EntryPoint","urlTemplate":"https:\/\/www.mzone.cz\/?s={search_term_string}"},"query-input":{"@type":"PropertyValueSpecification","valueRequired":true,"valueName":"search_term_string"}}],"inLanguage":"en-US"},{"@type":"Person","@id":"https:\/\/www.mzone.cz\/#\/schema\/person\/9bc20cc422a99cac4af6ff9297da32d4","name":"Mzone","image":{"@type":"ImageObject","inLanguage":"en-US","@id":"https:\/\/secure.gravatar.com\/avatar\/e780a8630f3182a3d06dd667ab6bea151a0d155b0951bc15fe22633acdac0676?s=96&d=mm&r=g","url":"https:\/\/secure.gravatar.com\/avatar\/e780a8630f3182a3d06dd667ab6bea151a0d155b0951bc15fe22633acdac0676?s=96&d=mm&r=g","contentUrl":"https:\/\/secure.gravatar.com\/avatar\/e780a8630f3182a3d06dd667ab6bea151a0d155b0951bc15fe22633acdac0676?s=96&d=mm&r=g","caption":"Mzone"},"url":"https:\/\/www.mzone.cz\/en\/author\/jakub\/"}]}},"_links":{"self":[{"href":"https:\/\/www.mzone.cz\/en\/wp-json\/wp\/v2\/posts\/13273","targetHints":{"allow":["GET"]}}],"collection":[{"href":"https:\/\/www.mzone.cz\/en\/wp-json\/wp\/v2\/posts"}],"about":[{"href":"https:\/\/www.mzone.cz\/en\/wp-json\/wp\/v2\/types\/post"}],"author":[{"embeddable":true,"href":"https:\/\/www.mzone.cz\/en\/wp-json\/wp\/v2\/users\/4"}],"replies":[{"embeddable":true,"href":"https:\/\/www.mzone.cz\/en\/wp-json\/wp\/v2\/comments?post=13273"}],"version-history":[{"count":10,"href":"https:\/\/www.mzone.cz\/en\/wp-json\/wp\/v2\/posts\/13273\/revisions"}],"predecessor-version":[{"id":13287,"href":"https:\/\/www.mzone.cz\/en\/wp-json\/wp\/v2\/posts\/13273\/revisions\/13287"}],"wp:featuredmedia":[{"embeddable":true,"href":"https:\/\/www.mzone.cz\/en\/wp-json\/wp\/v2\/media\/13274"}],"wp:attachment":[{"href":"https:\/\/www.mzone.cz\/en\/wp-json\/wp\/v2\/media?parent=13273"}],"wp:term":[{"taxonomy":"category","embeddable":true,"href":"https:\/\/www.mzone.cz\/en\/wp-json\/wp\/v2\/categories?post=13273"},{"taxonomy":"post_tag","embeddable":true,"href":"https:\/\/www.mzone.cz\/en\/wp-json\/wp\/v2\/tags?post=13273"}],"curies":[{"name":"wp","href":"https:\/\/api.w.org\/{rel}","templated":true}]}}