{"id":13373,"date":"2019-10-18T05:00:24","date_gmt":"2019-10-18T03:00:24","guid":{"rendered":"https:\/\/www.mzone.cz\/?p=13373"},"modified":"2019-10-17T12:58:57","modified_gmt":"2019-10-17T10:58:57","slug":"boxersky-zapas-skoncil-tragedii-americky-boxer-po-tvrdem-knockoutu-zemrel","status":"publish","type":"post","link":"https:\/\/www.mzone.cz\/en\/boxersky-zapas-skoncil-tragedii-americky-boxer-po-tvrdem-knockoutu-zemrel\/","title":{"rendered":"Boxersk\u00fd z\u00e1pas skon\u010dil trag\u00e9di\u00ed! Americk\u00fd boxer po tvrd\u00e9m knockoutu zem\u0159el"},"content":{"rendered":"<p><strong>Obrovskou trag\u00e9di\u00ed skon\u010dilo drama, kter\u00e9 se odehr\u00e1lo po boxersk\u00e9m z\u00e1pase o uplynul\u00e9m v\u00edkendu v\u00a0Chicagu. Americk\u00fd boxer Patrick Day toti\u017e o \u010dty\u0159i dny pozd\u011bji podlehl zran\u011bn\u00edm, kter\u00e9 mu v\u00a0ringu zp\u016fsobil soupe\u0159 Charles Conwell.<\/strong><\/p><br>\n\n\n\n<p>Po posledn\u00edm \u00faderu, kter\u00fd Day od Conwella v\u00a0ringu inkasoval, skon\u010dil v\u00a0bezv\u011bdom\u00ed a p\u0159evezli ho nemocnice Northwestern Memorial Hospital. Hned po z\u00e1pase se mu jeho posledn\u00ed soupe\u0159 na d\u00e1lku omlouval, proto\u017ee tu\u0161il, \u017ee je zle.<\/p>\n\n\n\n<blockquote class=\"wp-block-quote is-layout-flow wp-block-quote-is-layout-flow\"><p>\u201eM\u00e1m o n\u011bj strach, tak\u00e9 o jeho t\u00fdm. Douf\u00e1m, \u017ee bude v\u00a0po\u0159\u00e1dku. V\u00edm, \u017ee je to skv\u011bl\u00fd \u010dlov\u011bk,\u201c \u0159ekl po z\u00e1pase Conwell.<\/p><\/blockquote>\n\n\n\n<figure class=\"wp-block-embed-twitter wp-block-embed is-type-rich is-provider-twitter\"><div class=\"wp-block-embed__wrapper\">\n<blockquote class=\"twitter-tweet\" data-width=\"550\" data-dnt=\"true\"><p lang=\"en\" dir=\"ltr\">Thoughts are with Patrick Day who was just carried out on a gurney following this brutal KO at the hands of Charles Conwell <a href=\"https:\/\/twitter.com\/hashtag\/boxing?src=hash&amp;ref_src=twsrc%5Etfw\">#boxing<\/a> <a href=\"https:\/\/twitter.com\/hashtag\/UsykWitherspoon?src=hash&amp;ref_src=twsrc%5Etfw\">#UsykWitherspoon<\/a> <a href=\"https:\/\/t.co\/jiONXfU9Oc\">pic.twitter.com\/jiONXfU9Oc<\/a><\/p>&mdash; Ismael AbduSalaam (@Ismael_BBM_NYK) <a href=\"https:\/\/twitter.com\/Ismael_BBM_NYK\/status\/1183169560566009856?ref_src=twsrc%5Etfw\">October 12, 2019<\/a><\/blockquote><script async src=\"https:\/\/platform.twitter.com\/widgets.js\" charset=\"utf-8\"><\/script>\n<\/div><\/figure><br>\n\n\n\n<p>Fanou\u0161ci na internetu sd\u00edleli video s\u00a0v\u00fdzvou, aby se za n\u011bj v\u0161ichni modlili a Day se z\u00a0k\u00f3matu probral. To se ale bohu\u017eel nestalo a sedmadvacetilet\u00fd boxer po \u010dty\u0159ech dnech v\u00a0nemocnici podlehl n\u00e1sledk\u016fm zran\u011bn\u00ed mozku.<\/p>\n\n\n\n<blockquote class=\"wp-block-quote\"><p>\u201eJedin\u00e9, co jsem cht\u011bl ud\u011blat, bylo vyhr\u00e1t. Kdybych mohl vz\u00edt v\u0161echno zp\u011bt, ud\u011blal bych to,\u201c napsal zdrcen\u00fd Cowell na sv\u016fj twitter.<\/p><\/blockquote><br>\n\n\n\n<div class=\"wp-block-image\"><figure class=\"alignleft is-resized\"><img loading=\"lazy\" decoding=\"async\" src=\"https:\/\/www.mzone.cz\/wp-content\/uploads\/2019\/01\/Sn\u00edmek-obrazovky-2019-01-25-v-9.20.02-1024x683.png\" alt=\"\" class=\"wp-image-3545\" width=\"124\" height=\"82\" srcset=\"https:\/\/www.mzone.cz\/wp-content\/uploads\/2019\/01\/Sn\u00edmek-obrazovky-2019-01-25-v-9.20.02-1024x683.png 1024w, https:\/\/www.mzone.cz\/wp-content\/uploads\/2019\/01\/Sn\u00edmek-obrazovky-2019-01-25-v-9.20.02-300x200.png 300w, https:\/\/www.mzone.cz\/wp-content\/uploads\/2019\/01\/Sn\u00edmek-obrazovky-2019-01-25-v-9.20.02-768x512.png 768w, https:\/\/www.mzone.cz\/wp-content\/uploads\/2019\/01\/Sn\u00edmek-obrazovky-2019-01-25-v-9.20.02-800x533.png 800w, https:\/\/www.mzone.cz\/wp-content\/uploads\/2019\/01\/Sn\u00edmek-obrazovky-2019-01-25-v-9.20.02-400x267.png 400w, https:\/\/www.mzone.cz\/wp-content\/uploads\/2019\/01\/Sn\u00edmek-obrazovky-2019-01-25-v-9.20.02-500x333.png 500w, https:\/\/www.mzone.cz\/wp-content\/uploads\/2019\/01\/Sn\u00edmek-obrazovky-2019-01-25-v-9.20.02-1170x780.png 1170w, https:\/\/www.mzone.cz\/wp-content\/uploads\/2019\/01\/Sn\u00edmek-obrazovky-2019-01-25-v-9.20.02-590x393.png 590w, https:\/\/www.mzone.cz\/wp-content\/uploads\/2019\/01\/Sn\u00edmek-obrazovky-2019-01-25-v-9.20.02.png 1429w\" sizes=\"auto, (max-width: 124px) 100vw, 124px\" \/><\/figure><\/div>\n\n\n\n<h4><a href=\"https:\/\/www.mzone.cz\/jizva-ktera-obletela-svet-boxerovi-v-ringu-udelal-souper-diru-do-hlavy\/\">Jizva, kter\u00e1 oblet\u011bla sv\u011bt! Boxerovi v ringu ud\u011blal soupe\u0159 d\u00edru do hlavy<\/a><\/h4><br>","protected":false},"excerpt":{"rendered":"<p>Obrovskou trag\u00e9di\u00ed skon\u010dilo drama, kter\u00e9 se odehr\u00e1lo po boxersk\u00e9m z\u00e1pase o uplynul\u00e9m v\u00edkendu v\u00a0Chicagu. Americk\u00fd boxer Patrick Day toti\u017e o \u010dty\u0159i dny pozd\u011bji podlehl zran\u011bn\u00edm, kter\u00e9 mu v\u00a0ringu zp\u016fsobil soupe\u0159 Charles Conwell. Po posledn\u00edm \u00faderu, kter\u00fd Day od Conwella v\u00a0ringu inkasoval, skon\u010dil v\u00a0bezv\u011bdom\u00ed a p\u0159evezli ho nemocnice Northwestern Memorial Hospital. Hned po z\u00e1pase se mu [&hellip;]<\/p>\n","protected":false},"author":4,"featured_media":13379,"comment_status":"open","ping_status":"closed","sticky":false,"template":"","format":"standard","meta":{"kk_blocks_editor_width":"","_kiokenblocks_attr":"","_kiokenblocks_dimensions":"","footnotes":""},"categories":[80,30],"tags":[1005,808,1192,2218,2867,307,42,435,256,527,36,776,391],"class_list":["post-13373","post","type-post","status-publish","format-standard","has-post-thumbnail","hentry","category-sport","category-video","tag-bojove-sporty","tag-box","tag-boxer","tag-knockout","tag-patrick-day","tag-smrt","tag-sport","tag-tragedie","tag-umrti","tag-usa","tag-video","tag-zapas","tag-zraneni"],"yoast_head":"<!-- This site is optimized with the Yoast SEO plugin v27.5 - https:\/\/yoast.com\/product\/yoast-seo-wordpress\/ -->\n<title>Boxersk\u00fd z\u00e1pas skon\u010dil trag\u00e9di\u00ed! Americk\u00fd boxer po tvrd\u00e9m knockoutu zem\u0159el - Mzone<\/title>\n<meta name=\"description\" content=\"Obrovskou trag\u00e9di\u00ed skon\u010dilo drama, kter\u00e9 se odehr\u00e1lo po boxersk\u00e9m z\u00e1pase o uplynul\u00e9m v\u00edkendu v\u00a0Chicagu. Americk\u00fd boxer Patrick Day toti\u017e o \u010dty\u0159i dny pozd\u011bji podlehl zran\u011bn\u00edm, kter\u00e9 mu v\u00a0ringu zp\u016fsobil soupe\u0159 Charles Conwell.\" \/>\n<meta name=\"robots\" content=\"index, follow, max-snippet:-1, max-image-preview:large, max-video-preview:-1\" \/>\n<link rel=\"canonical\" href=\"https:\/\/www.mzone.cz\/en\/boxersky-zapas-skoncil-tragedii-americky-boxer-po-tvrdem-knockoutu-zemrel\/\" \/>\n<meta property=\"og:locale\" content=\"en_US\" \/>\n<meta property=\"og:type\" content=\"article\" \/>\n<meta property=\"og:title\" content=\"Boxersk\u00fd z\u00e1pas skon\u010dil trag\u00e9di\u00ed! Americk\u00fd boxer po tvrd\u00e9m knockoutu zem\u0159el - Mzone\" \/>\n<meta property=\"og:description\" content=\"Obrovskou trag\u00e9di\u00ed skon\u010dilo drama, kter\u00e9 se odehr\u00e1lo po boxersk\u00e9m z\u00e1pase o uplynul\u00e9m v\u00edkendu v\u00a0Chicagu. Americk\u00fd boxer Patrick Day toti\u017e o \u010dty\u0159i dny pozd\u011bji podlehl zran\u011bn\u00edm, kter\u00e9 mu v\u00a0ringu zp\u016fsobil soupe\u0159 Charles Conwell.\" \/>\n<meta property=\"og:url\" content=\"https:\/\/www.mzone.cz\/en\/boxersky-zapas-skoncil-tragedii-americky-boxer-po-tvrdem-knockoutu-zemrel\/\" \/>\n<meta property=\"og:site_name\" content=\"Mzone\" \/>\n<meta property=\"article:publisher\" content=\"https:\/\/www.facebook.com\/MzoneCZ\/\" \/>\n<meta property=\"article:published_time\" content=\"2019-10-18T03:00:24+00:00\" \/>\n<meta property=\"og:image\" content=\"https:\/\/www.mzone.cz\/wp-content\/uploads\/2019\/10\/Sn\u00edmek-obrazovky-2019-10-17-v-12.48.10.png\" \/>\n\t<meta property=\"og:image:width\" content=\"1004\" \/>\n\t<meta property=\"og:image:height\" content=\"669\" \/>\n\t<meta property=\"og:image:type\" content=\"image\/png\" \/>\n<meta name=\"author\" content=\"Mzone\" \/>\n<meta name=\"twitter:card\" content=\"summary_large_image\" \/>\n<meta name=\"twitter:label1\" content=\"Written by\" \/>\n\t<meta name=\"twitter:data1\" content=\"Mzone\" \/>\n\t<meta name=\"twitter:label2\" content=\"Est. reading time\" \/>\n\t<meta name=\"twitter:data2\" content=\"1 minute\" \/>\n<script type=\"application\/ld+json\" class=\"yoast-schema-graph\">{\"@context\":\"https:\\\/\\\/schema.org\",\"@graph\":[{\"@type\":\"Article\",\"@id\":\"https:\\\/\\\/www.mzone.cz\\\/boxersky-zapas-skoncil-tragedii-americky-boxer-po-tvrdem-knockoutu-zemrel\\\/#article\",\"isPartOf\":{\"@id\":\"https:\\\/\\\/www.mzone.cz\\\/boxersky-zapas-skoncil-tragedii-americky-boxer-po-tvrdem-knockoutu-zemrel\\\/\"},\"author\":{\"name\":\"Mzone\",\"@id\":\"https:\\\/\\\/www.mzone.cz\\\/#\\\/schema\\\/person\\\/9bc20cc422a99cac4af6ff9297da32d4\"},\"headline\":\"Boxersk\u00fd z\u00e1pas skon\u010dil trag\u00e9di\u00ed! Americk\u00fd boxer po tvrd\u00e9m knockoutu zem\u0159el\",\"datePublished\":\"2019-10-18T03:00:24+00:00\",\"mainEntityOfPage\":{\"@id\":\"https:\\\/\\\/www.mzone.cz\\\/boxersky-zapas-skoncil-tragedii-americky-boxer-po-tvrdem-knockoutu-zemrel\\\/\"},\"wordCount\":237,\"commentCount\":0,\"image\":{\"@id\":\"https:\\\/\\\/www.mzone.cz\\\/boxersky-zapas-skoncil-tragedii-americky-boxer-po-tvrdem-knockoutu-zemrel\\\/#primaryimage\"},\"thumbnailUrl\":\"https:\\\/\\\/www.mzone.cz\\\/wp-content\\\/uploads\\\/2019\\\/10\\\/Sn\u00edmek-obrazovky-2019-10-17-v-12.48.10.png\",\"keywords\":[\"bojov\u00e9 sporty\",\"box\",\"boxer\",\"knockout\",\"Patrick Day\",\"smrt\",\"Sport\",\"trag\u00e9die\",\"\u00famrt\u00ed\",\"USA\",\"Video\",\"z\u00e1pas\",\"zran\u011bn\u00ed\"],\"articleSection\":[\"Sport\",\"Video\"],\"inLanguage\":\"en-US\",\"potentialAction\":[{\"@type\":\"CommentAction\",\"name\":\"Comment\",\"target\":[\"https:\\\/\\\/www.mzone.cz\\\/boxersky-zapas-skoncil-tragedii-americky-boxer-po-tvrdem-knockoutu-zemrel\\\/#respond\"]}]},{\"@type\":\"WebPage\",\"@id\":\"https:\\\/\\\/www.mzone.cz\\\/boxersky-zapas-skoncil-tragedii-americky-boxer-po-tvrdem-knockoutu-zemrel\\\/\",\"url\":\"https:\\\/\\\/www.mzone.cz\\\/boxersky-zapas-skoncil-tragedii-americky-boxer-po-tvrdem-knockoutu-zemrel\\\/\",\"name\":\"Boxersk\u00fd z\u00e1pas skon\u010dil trag\u00e9di\u00ed! Americk\u00fd boxer po tvrd\u00e9m knockoutu zem\u0159el - Mzone\",\"isPartOf\":{\"@id\":\"https:\\\/\\\/www.mzone.cz\\\/#website\"},\"primaryImageOfPage\":{\"@id\":\"https:\\\/\\\/www.mzone.cz\\\/boxersky-zapas-skoncil-tragedii-americky-boxer-po-tvrdem-knockoutu-zemrel\\\/#primaryimage\"},\"image\":{\"@id\":\"https:\\\/\\\/www.mzone.cz\\\/boxersky-zapas-skoncil-tragedii-americky-boxer-po-tvrdem-knockoutu-zemrel\\\/#primaryimage\"},\"thumbnailUrl\":\"https:\\\/\\\/www.mzone.cz\\\/wp-content\\\/uploads\\\/2019\\\/10\\\/Sn\u00edmek-obrazovky-2019-10-17-v-12.48.10.png\",\"datePublished\":\"2019-10-18T03:00:24+00:00\",\"author\":{\"@id\":\"https:\\\/\\\/www.mzone.cz\\\/#\\\/schema\\\/person\\\/9bc20cc422a99cac4af6ff9297da32d4\"},\"description\":\"Obrovskou trag\u00e9di\u00ed skon\u010dilo drama, kter\u00e9 se odehr\u00e1lo po boxersk\u00e9m z\u00e1pase o uplynul\u00e9m v\u00edkendu v\u00a0Chicagu. Americk\u00fd boxer Patrick Day toti\u017e o \u010dty\u0159i dny pozd\u011bji podlehl zran\u011bn\u00edm, kter\u00e9 mu v\u00a0ringu zp\u016fsobil soupe\u0159 Charles Conwell.\",\"breadcrumb\":{\"@id\":\"https:\\\/\\\/www.mzone.cz\\\/boxersky-zapas-skoncil-tragedii-americky-boxer-po-tvrdem-knockoutu-zemrel\\\/#breadcrumb\"},\"inLanguage\":\"en-US\",\"potentialAction\":[{\"@type\":\"ReadAction\",\"target\":[\"https:\\\/\\\/www.mzone.cz\\\/boxersky-zapas-skoncil-tragedii-americky-boxer-po-tvrdem-knockoutu-zemrel\\\/\"]}]},{\"@type\":\"ImageObject\",\"inLanguage\":\"en-US\",\"@id\":\"https:\\\/\\\/www.mzone.cz\\\/boxersky-zapas-skoncil-tragedii-americky-boxer-po-tvrdem-knockoutu-zemrel\\\/#primaryimage\",\"url\":\"https:\\\/\\\/www.mzone.cz\\\/wp-content\\\/uploads\\\/2019\\\/10\\\/Sn\u00edmek-obrazovky-2019-10-17-v-12.48.10.png\",\"contentUrl\":\"https:\\\/\\\/www.mzone.cz\\\/wp-content\\\/uploads\\\/2019\\\/10\\\/Sn\u00edmek-obrazovky-2019-10-17-v-12.48.10.png\",\"width\":1004,\"height\":669},{\"@type\":\"BreadcrumbList\",\"@id\":\"https:\\\/\\\/www.mzone.cz\\\/boxersky-zapas-skoncil-tragedii-americky-boxer-po-tvrdem-knockoutu-zemrel\\\/#breadcrumb\",\"itemListElement\":[{\"@type\":\"ListItem\",\"position\":1,\"name\":\"Dom\u016f\",\"item\":\"https:\\\/\\\/www.mzone.cz\\\/\"},{\"@type\":\"ListItem\",\"position\":2,\"name\":\"Boxersk\u00fd z\u00e1pas skon\u010dil trag\u00e9di\u00ed! Americk\u00fd boxer po tvrd\u00e9m knockoutu zem\u0159el\"}]},{\"@type\":\"WebSite\",\"@id\":\"https:\\\/\\\/www.mzone.cz\\\/#website\",\"url\":\"https:\\\/\\\/www.mzone.cz\\\/\",\"name\":\"Mzone\",\"description\":\"Magaz\u00edn nejen pro mu\u017ee\",\"potentialAction\":[{\"@type\":\"SearchAction\",\"target\":{\"@type\":\"EntryPoint\",\"urlTemplate\":\"https:\\\/\\\/www.mzone.cz\\\/?s={search_term_string}\"},\"query-input\":{\"@type\":\"PropertyValueSpecification\",\"valueRequired\":true,\"valueName\":\"search_term_string\"}}],\"inLanguage\":\"en-US\"},{\"@type\":\"Person\",\"@id\":\"https:\\\/\\\/www.mzone.cz\\\/#\\\/schema\\\/person\\\/9bc20cc422a99cac4af6ff9297da32d4\",\"name\":\"Mzone\",\"image\":{\"@type\":\"ImageObject\",\"inLanguage\":\"en-US\",\"@id\":\"https:\\\/\\\/secure.gravatar.com\\\/avatar\\\/e780a8630f3182a3d06dd667ab6bea151a0d155b0951bc15fe22633acdac0676?s=96&d=mm&r=g\",\"url\":\"https:\\\/\\\/secure.gravatar.com\\\/avatar\\\/e780a8630f3182a3d06dd667ab6bea151a0d155b0951bc15fe22633acdac0676?s=96&d=mm&r=g\",\"contentUrl\":\"https:\\\/\\\/secure.gravatar.com\\\/avatar\\\/e780a8630f3182a3d06dd667ab6bea151a0d155b0951bc15fe22633acdac0676?s=96&d=mm&r=g\",\"caption\":\"Mzone\"},\"url\":\"https:\\\/\\\/www.mzone.cz\\\/en\\\/author\\\/jakub\\\/\"}]}<\/script>\n<!-- \/ Yoast SEO plugin. -->","yoast_head_json":{"title":"Boxersk\u00fd z\u00e1pas skon\u010dil trag\u00e9di\u00ed! Americk\u00fd boxer po tvrd\u00e9m knockoutu zem\u0159el - Mzone","description":"Obrovskou trag\u00e9di\u00ed skon\u010dilo drama, kter\u00e9 se odehr\u00e1lo po boxersk\u00e9m z\u00e1pase o uplynul\u00e9m v\u00edkendu v\u00a0Chicagu. Americk\u00fd boxer Patrick Day toti\u017e o \u010dty\u0159i dny pozd\u011bji podlehl zran\u011bn\u00edm, kter\u00e9 mu v\u00a0ringu zp\u016fsobil soupe\u0159 Charles Conwell.","robots":{"index":"index","follow":"follow","max-snippet":"max-snippet:-1","max-image-preview":"max-image-preview:large","max-video-preview":"max-video-preview:-1"},"canonical":"https:\/\/www.mzone.cz\/en\/boxersky-zapas-skoncil-tragedii-americky-boxer-po-tvrdem-knockoutu-zemrel\/","og_locale":"en_US","og_type":"article","og_title":"Boxersk\u00fd z\u00e1pas skon\u010dil trag\u00e9di\u00ed! Americk\u00fd boxer po tvrd\u00e9m knockoutu zem\u0159el - Mzone","og_description":"Obrovskou trag\u00e9di\u00ed skon\u010dilo drama, kter\u00e9 se odehr\u00e1lo po boxersk\u00e9m z\u00e1pase o uplynul\u00e9m v\u00edkendu v\u00a0Chicagu. Americk\u00fd boxer Patrick Day toti\u017e o \u010dty\u0159i dny pozd\u011bji podlehl zran\u011bn\u00edm, kter\u00e9 mu v\u00a0ringu zp\u016fsobil soupe\u0159 Charles Conwell.","og_url":"https:\/\/www.mzone.cz\/en\/boxersky-zapas-skoncil-tragedii-americky-boxer-po-tvrdem-knockoutu-zemrel\/","og_site_name":"Mzone","article_publisher":"https:\/\/www.facebook.com\/MzoneCZ\/","article_published_time":"2019-10-18T03:00:24+00:00","og_image":[{"width":1004,"height":669,"url":"https:\/\/www.mzone.cz\/wp-content\/uploads\/2019\/10\/Sn\u00edmek-obrazovky-2019-10-17-v-12.48.10.png","type":"image\/png"}],"author":"Mzone","twitter_card":"summary_large_image","twitter_misc":{"Written by":"Mzone","Est. reading time":"1 minute"},"schema":{"@context":"https:\/\/schema.org","@graph":[{"@type":"Article","@id":"https:\/\/www.mzone.cz\/boxersky-zapas-skoncil-tragedii-americky-boxer-po-tvrdem-knockoutu-zemrel\/#article","isPartOf":{"@id":"https:\/\/www.mzone.cz\/boxersky-zapas-skoncil-tragedii-americky-boxer-po-tvrdem-knockoutu-zemrel\/"},"author":{"name":"Mzone","@id":"https:\/\/www.mzone.cz\/#\/schema\/person\/9bc20cc422a99cac4af6ff9297da32d4"},"headline":"Boxersk\u00fd z\u00e1pas skon\u010dil trag\u00e9di\u00ed! Americk\u00fd boxer po tvrd\u00e9m knockoutu zem\u0159el","datePublished":"2019-10-18T03:00:24+00:00","mainEntityOfPage":{"@id":"https:\/\/www.mzone.cz\/boxersky-zapas-skoncil-tragedii-americky-boxer-po-tvrdem-knockoutu-zemrel\/"},"wordCount":237,"commentCount":0,"image":{"@id":"https:\/\/www.mzone.cz\/boxersky-zapas-skoncil-tragedii-americky-boxer-po-tvrdem-knockoutu-zemrel\/#primaryimage"},"thumbnailUrl":"https:\/\/www.mzone.cz\/wp-content\/uploads\/2019\/10\/Sn\u00edmek-obrazovky-2019-10-17-v-12.48.10.png","keywords":["bojov\u00e9 sporty","box","boxer","knockout","Patrick Day","smrt","Sport","trag\u00e9die","\u00famrt\u00ed","USA","Video","z\u00e1pas","zran\u011bn\u00ed"],"articleSection":["Sport","Video"],"inLanguage":"en-US","potentialAction":[{"@type":"CommentAction","name":"Comment","target":["https:\/\/www.mzone.cz\/boxersky-zapas-skoncil-tragedii-americky-boxer-po-tvrdem-knockoutu-zemrel\/#respond"]}]},{"@type":"WebPage","@id":"https:\/\/www.mzone.cz\/boxersky-zapas-skoncil-tragedii-americky-boxer-po-tvrdem-knockoutu-zemrel\/","url":"https:\/\/www.mzone.cz\/boxersky-zapas-skoncil-tragedii-americky-boxer-po-tvrdem-knockoutu-zemrel\/","name":"Boxersk\u00fd z\u00e1pas skon\u010dil trag\u00e9di\u00ed! Americk\u00fd boxer po tvrd\u00e9m knockoutu zem\u0159el - Mzone","isPartOf":{"@id":"https:\/\/www.mzone.cz\/#website"},"primaryImageOfPage":{"@id":"https:\/\/www.mzone.cz\/boxersky-zapas-skoncil-tragedii-americky-boxer-po-tvrdem-knockoutu-zemrel\/#primaryimage"},"image":{"@id":"https:\/\/www.mzone.cz\/boxersky-zapas-skoncil-tragedii-americky-boxer-po-tvrdem-knockoutu-zemrel\/#primaryimage"},"thumbnailUrl":"https:\/\/www.mzone.cz\/wp-content\/uploads\/2019\/10\/Sn\u00edmek-obrazovky-2019-10-17-v-12.48.10.png","datePublished":"2019-10-18T03:00:24+00:00","author":{"@id":"https:\/\/www.mzone.cz\/#\/schema\/person\/9bc20cc422a99cac4af6ff9297da32d4"},"description":"Obrovskou trag\u00e9di\u00ed skon\u010dilo drama, kter\u00e9 se odehr\u00e1lo po boxersk\u00e9m z\u00e1pase o uplynul\u00e9m v\u00edkendu v\u00a0Chicagu. Americk\u00fd boxer Patrick Day toti\u017e o \u010dty\u0159i dny pozd\u011bji podlehl zran\u011bn\u00edm, kter\u00e9 mu v\u00a0ringu zp\u016fsobil soupe\u0159 Charles Conwell.","breadcrumb":{"@id":"https:\/\/www.mzone.cz\/boxersky-zapas-skoncil-tragedii-americky-boxer-po-tvrdem-knockoutu-zemrel\/#breadcrumb"},"inLanguage":"en-US","potentialAction":[{"@type":"ReadAction","target":["https:\/\/www.mzone.cz\/boxersky-zapas-skoncil-tragedii-americky-boxer-po-tvrdem-knockoutu-zemrel\/"]}]},{"@type":"ImageObject","inLanguage":"en-US","@id":"https:\/\/www.mzone.cz\/boxersky-zapas-skoncil-tragedii-americky-boxer-po-tvrdem-knockoutu-zemrel\/#primaryimage","url":"https:\/\/www.mzone.cz\/wp-content\/uploads\/2019\/10\/Sn\u00edmek-obrazovky-2019-10-17-v-12.48.10.png","contentUrl":"https:\/\/www.mzone.cz\/wp-content\/uploads\/2019\/10\/Sn\u00edmek-obrazovky-2019-10-17-v-12.48.10.png","width":1004,"height":669},{"@type":"BreadcrumbList","@id":"https:\/\/www.mzone.cz\/boxersky-zapas-skoncil-tragedii-americky-boxer-po-tvrdem-knockoutu-zemrel\/#breadcrumb","itemListElement":[{"@type":"ListItem","position":1,"name":"Dom\u016f","item":"https:\/\/www.mzone.cz\/"},{"@type":"ListItem","position":2,"name":"Boxersk\u00fd z\u00e1pas skon\u010dil trag\u00e9di\u00ed! Americk\u00fd boxer po tvrd\u00e9m knockoutu zem\u0159el"}]},{"@type":"WebSite","@id":"https:\/\/www.mzone.cz\/#website","url":"https:\/\/www.mzone.cz\/","name":"Mzone","description":"Magaz\u00edn nejen pro mu\u017ee","potentialAction":[{"@type":"SearchAction","target":{"@type":"EntryPoint","urlTemplate":"https:\/\/www.mzone.cz\/?s={search_term_string}"},"query-input":{"@type":"PropertyValueSpecification","valueRequired":true,"valueName":"search_term_string"}}],"inLanguage":"en-US"},{"@type":"Person","@id":"https:\/\/www.mzone.cz\/#\/schema\/person\/9bc20cc422a99cac4af6ff9297da32d4","name":"Mzone","image":{"@type":"ImageObject","inLanguage":"en-US","@id":"https:\/\/secure.gravatar.com\/avatar\/e780a8630f3182a3d06dd667ab6bea151a0d155b0951bc15fe22633acdac0676?s=96&d=mm&r=g","url":"https:\/\/secure.gravatar.com\/avatar\/e780a8630f3182a3d06dd667ab6bea151a0d155b0951bc15fe22633acdac0676?s=96&d=mm&r=g","contentUrl":"https:\/\/secure.gravatar.com\/avatar\/e780a8630f3182a3d06dd667ab6bea151a0d155b0951bc15fe22633acdac0676?s=96&d=mm&r=g","caption":"Mzone"},"url":"https:\/\/www.mzone.cz\/en\/author\/jakub\/"}]}},"_links":{"self":[{"href":"https:\/\/www.mzone.cz\/en\/wp-json\/wp\/v2\/posts\/13373","targetHints":{"allow":["GET"]}}],"collection":[{"href":"https:\/\/www.mzone.cz\/en\/wp-json\/wp\/v2\/posts"}],"about":[{"href":"https:\/\/www.mzone.cz\/en\/wp-json\/wp\/v2\/types\/post"}],"author":[{"embeddable":true,"href":"https:\/\/www.mzone.cz\/en\/wp-json\/wp\/v2\/users\/4"}],"replies":[{"embeddable":true,"href":"https:\/\/www.mzone.cz\/en\/wp-json\/wp\/v2\/comments?post=13373"}],"version-history":[{"count":7,"href":"https:\/\/www.mzone.cz\/en\/wp-json\/wp\/v2\/posts\/13373\/revisions"}],"predecessor-version":[{"id":13383,"href":"https:\/\/www.mzone.cz\/en\/wp-json\/wp\/v2\/posts\/13373\/revisions\/13383"}],"wp:featuredmedia":[{"embeddable":true,"href":"https:\/\/www.mzone.cz\/en\/wp-json\/wp\/v2\/media\/13379"}],"wp:attachment":[{"href":"https:\/\/www.mzone.cz\/en\/wp-json\/wp\/v2\/media?parent=13373"}],"wp:term":[{"taxonomy":"category","embeddable":true,"href":"https:\/\/www.mzone.cz\/en\/wp-json\/wp\/v2\/categories?post=13373"},{"taxonomy":"post_tag","embeddable":true,"href":"https:\/\/www.mzone.cz\/en\/wp-json\/wp\/v2\/tags?post=13373"}],"curies":[{"name":"wp","href":"https:\/\/api.w.org\/{rel}","templated":true}]}}