{"id":13629,"date":"2019-10-26T05:00:54","date_gmt":"2019-10-26T03:00:54","guid":{"rendered":"https:\/\/www.mzone.cz\/?p=13629"},"modified":"2020-09-25T17:51:13","modified_gmt":"2020-09-25T15:51:13","slug":"fanousci-mma-sili-conor-mcgregor-oznamil-termin-sveho-navratu-do-oktagonu","status":"publish","type":"post","link":"https:\/\/www.mzone.cz\/en\/fanousci-mma-sili-conor-mcgregor-oznamil-termin-sveho-navratu-do-oktagonu\/","title":{"rendered":"Fanou\u0161ci MMA \u0161\u00edl\u00ed! Conor McGregor ozn\u00e1mil term\u00edn sv\u00e9ho n\u00e1vratu do oktagonu"},"content":{"rendered":"<p><strong>Fanou\u0161ci irsk\u00e9ho MMA z\u00e1pasn\u00edka Conora McGregora jsou u vytr\u017een\u00ed. Jedenat\u0159icetilet\u00fd bijec na tiskov\u00e9 konferenci v&nbsp;Moskv\u011b toti\u017e ozn\u00e1mil, \u017ee se p\u0159\u00ed\u0161t\u00ed rok vr\u00e1t\u00ed k&nbsp;z\u00e1pasen\u00ed a dokonce prozradil, \u017ee to bude 18. ledna v&nbsp;Las Vegas. Jm\u00e9no sv\u00e9ho soupe\u0159e ale neprozradil.<\/strong><\/p><br>\n\n\n\n<p>Nejv\u011bt\u0161\u00ed hv\u011bzda organizace UFC by podle sv\u00fdch slov v&nbsp;p\u0159\u00ed\u0161t\u00edm roce r\u00e1da stihla hned t\u0159i z\u00e1pasy. V&nbsp;souvislosti s&nbsp;t\u00edm padaly na tiskov\u00e9 konferenci jm\u00e9na jako Chabib Nurmagomedov, Nate Diaz, ale kdo to ve skute\u010dnosti bude, je zat\u00edm ve hv\u011bzd\u00e1ch.<\/p><br>\n\n\n\n<figure class=\"wp-block-embed-twitter wp-block-embed is-type-rich is-provider-twitter\"><div class=\"wp-block-embed__wrapper\">\n<blockquote class=\"twitter-tweet\" data-width=\"550\" data-dnt=\"true\"><p lang=\"en\" dir=\"ltr\">Here&#39;s Conor McGregor announcing that he&#39;ll return to the Octagon JAN. 18 in Las Vegas &#8211; Leading potential opponents are Cerrone and Gaethje per <a href=\"https:\/\/twitter.com\/arielhelwani?ref_src=twsrc%5Etfw\">@arielhelwani<\/a> <br><br>\ud83d\udcfa | <a href=\"https:\/\/twitter.com\/hashtag\/UFC?src=hash&amp;ref_src=twsrc%5Etfw\">#UFC<\/a> <a href=\"https:\/\/t.co\/6mOiqqgagR\">pic.twitter.com\/6mOiqqgagR<\/a><\/p>&mdash; Niall McGrath (@niallmcgrath4) <a href=\"https:\/\/twitter.com\/niallmcgrath4\/status\/1187318806596804609?ref_src=twsrc%5Etfw\">October 24, 2019<\/a><\/blockquote><script async src=\"https:\/\/platform.twitter.com\/widgets.js\" charset=\"utf-8\"><\/script>\n<\/div><\/figure><br>\n\n\n\n<p>Posledn\u00ed z\u00e1pas v\u00a0UFC absoloval McGregor v\u00a0lo\u0148sk\u00e9m roce pr\u00e1v\u011b s\u00a0Chabibem a prohr\u00e1l. Po z\u00e1pase se nav\u00edc strhla hromadn\u00e1 bitka a oba akt\u00e9\u0159i vyfasovali n\u011bkolikam\u011bs\u00ed\u010dn\u00ed distanc a tu\u010dn\u00e9 pokuty. To u\u017e je ale minulost, a zat\u00edmco <a href=\"https:\/\/en.wikipedia.org\/wiki\/Khabib_Nurmagomedov\" target=\"_blank\" rel=\"noreferrer noopener\">Nurmagomedov<\/a> mezit\u00edm stihl obh\u00e1jit sv\u016fj titulov\u00fd p\u00e1s, McGregor na sebe poutal pozornost bulv\u00e1rn\u00edch pl\u00e1tk\u016f.<\/p><br>\n\n\n\n<div class=\"wp-block-image\"><figure class=\"alignleft is-resized\"><img loading=\"lazy\" decoding=\"async\" src=\"https:\/\/www.mzone.cz\/wp-content\/uploads\/2019\/05\/Sn\u00edmek-obrazovky-2019-05-09-v-16.12.20-1024x683.png\" alt=\"\" class=\"wp-image-8629\" width=\"117\" height=\"77\" srcset=\"https:\/\/www.mzone.cz\/wp-content\/uploads\/2019\/05\/Sn\u00edmek-obrazovky-2019-05-09-v-16.12.20-1024x683.png 1024w, https:\/\/www.mzone.cz\/wp-content\/uploads\/2019\/05\/Sn\u00edmek-obrazovky-2019-05-09-v-16.12.20-300x200.png 300w, https:\/\/www.mzone.cz\/wp-content\/uploads\/2019\/05\/Sn\u00edmek-obrazovky-2019-05-09-v-16.12.20-768x512.png 768w, https:\/\/www.mzone.cz\/wp-content\/uploads\/2019\/05\/Sn\u00edmek-obrazovky-2019-05-09-v-16.12.20-800x533.png 800w, https:\/\/www.mzone.cz\/wp-content\/uploads\/2019\/05\/Sn\u00edmek-obrazovky-2019-05-09-v-16.12.20-400x267.png 400w, https:\/\/www.mzone.cz\/wp-content\/uploads\/2019\/05\/Sn\u00edmek-obrazovky-2019-05-09-v-16.12.20-500x333.png 500w, https:\/\/www.mzone.cz\/wp-content\/uploads\/2019\/05\/Sn\u00edmek-obrazovky-2019-05-09-v-16.12.20-1170x780.png 1170w, https:\/\/www.mzone.cz\/wp-content\/uploads\/2019\/05\/Sn\u00edmek-obrazovky-2019-05-09-v-16.12.20-590x393.png 590w, https:\/\/www.mzone.cz\/wp-content\/uploads\/2019\/05\/Sn\u00edmek-obrazovky-2019-05-09-v-16.12.20.png 1315w\" sizes=\"auto, (max-width: 117px) 100vw, 117px\" \/><\/figure><\/div>\n\n\n\n<h4 class=\"wp-block-heading\"><a href=\"https:\/\/www.mzone.cz\/mcgregor-se-do-ufc-nema-duvod-vracet-podivejte-se-kolik-vydelal-za-posledni-rok\/\">McGregor se do UFC nem\u00e1 d\u016fvod vracet! Pod\u00edvejte se, kolik vyd\u011blal za posledn\u00ed rok<\/a><\/h4>\n\n\n\n<p><br>Ka\u017edop\u00e1dn\u011b irsk\u00fd z\u00e1pasn\u00edk te\u010f u\u017e nem\u016f\u017ee couvnout, tak\u017ee za p\u00e1r m\u011bs\u00edc\u016f za\u017eije sv\u011bt MMA velkolep\u00fd n\u00e1vrat neposlu\u0161n\u00e9ho syna.<\/p>","protected":false},"excerpt":{"rendered":"<p>Fanou\u0161ci irsk\u00e9ho MMA z\u00e1pasn\u00edka Conora McGregora jsou u vytr\u017een\u00ed. Jedenat\u0159icetilet\u00fd bijec na tiskov\u00e9 konferenci v&nbsp;Moskv\u011b toti\u017e ozn\u00e1mil, \u017ee se p\u0159\u00ed\u0161t\u00ed rok vr\u00e1t\u00ed k&nbsp;z\u00e1pasen\u00ed a dokonce prozradil, \u017ee to bude 18. ledna v&nbsp;Las Vegas. Jm\u00e9no sv\u00e9ho soupe\u0159e ale neprozradil. Nejv\u011bt\u0161\u00ed hv\u011bzda organizace UFC by podle sv\u00fdch slov v&nbsp;p\u0159\u00ed\u0161t\u00edm roce r\u00e1da stihla hned t\u0159i z\u00e1pasy. V&nbsp;souvislosti s&nbsp;t\u00edm [&hellip;]<\/p>\n","protected":false},"author":4,"featured_media":6819,"comment_status":"open","ping_status":"closed","sticky":false,"template":"","format":"standard","meta":{"kk_blocks_editor_width":"","_kiokenblocks_attr":"","_kiokenblocks_dimensions":"","footnotes":""},"categories":[80],"tags":[1005,474,1685,1189,118,2898,42,113,527,1683],"class_list":["post-13629","post","type-post","status-publish","format-standard","has-post-thumbnail","hentry","category-sport","tag-bojove-sporty","tag-bojovnik","tag-conor-mcgregor","tag-las-vegas","tag-mma","tag-navrat","tag-sport","tag-ufc","tag-usa","tag-zapasnik"],"yoast_head":"<!-- This site is optimized with the Yoast SEO plugin v27.5 - https:\/\/yoast.com\/product\/yoast-seo-wordpress\/ -->\n<title>Fanou\u0161ci MMA \u0161\u00edl\u00ed! Conor McGregor ozn\u00e1mil term\u00edn sv\u00e9ho n\u00e1vratu do oktagonu - Mzone<\/title>\n<meta name=\"description\" content=\"Fanou\u0161ci irsk\u00e9ho MMA z\u00e1pasn\u00edka Conora McGregora jsou u vytr\u017een\u00ed. Jedenat\u0159icetilet\u00fd bijec na tiskov\u00e9 konferenci v\u00a0Moskv\u011b toti\u017e ozn\u00e1mil, \u017ee se p\u0159\u00ed\u0161t\u00ed rok vr\u00e1t\u00ed k\u00a0z\u00e1pasen\u00ed a dokonce prozradil, \u017ee to bude 18. ledna v\u00a0Las Vegas. Jm\u00e9no sv\u00e9ho soupe\u0159e ale neprozradil.\" \/>\n<meta name=\"robots\" content=\"index, follow, max-snippet:-1, max-image-preview:large, max-video-preview:-1\" \/>\n<link rel=\"canonical\" href=\"https:\/\/www.mzone.cz\/en\/fanousci-mma-sili-conor-mcgregor-oznamil-termin-sveho-navratu-do-oktagonu\/\" \/>\n<meta property=\"og:locale\" content=\"en_US\" \/>\n<meta property=\"og:type\" content=\"article\" \/>\n<meta property=\"og:title\" content=\"Fanou\u0161ci MMA \u0161\u00edl\u00ed! Conor McGregor ozn\u00e1mil term\u00edn sv\u00e9ho n\u00e1vratu do oktagonu - Mzone\" \/>\n<meta property=\"og:description\" content=\"Fanou\u0161ci irsk\u00e9ho MMA z\u00e1pasn\u00edka Conora McGregora jsou u vytr\u017een\u00ed. Jedenat\u0159icetilet\u00fd bijec na tiskov\u00e9 konferenci v\u00a0Moskv\u011b toti\u017e ozn\u00e1mil, \u017ee se p\u0159\u00ed\u0161t\u00ed rok vr\u00e1t\u00ed k\u00a0z\u00e1pasen\u00ed a dokonce prozradil, \u017ee to bude 18. ledna v\u00a0Las Vegas. Jm\u00e9no sv\u00e9ho soupe\u0159e ale neprozradil.\" \/>\n<meta property=\"og:url\" content=\"https:\/\/www.mzone.cz\/en\/fanousci-mma-sili-conor-mcgregor-oznamil-termin-sveho-navratu-do-oktagonu\/\" \/>\n<meta property=\"og:site_name\" content=\"Mzone\" \/>\n<meta property=\"article:publisher\" content=\"https:\/\/www.facebook.com\/MzoneCZ\/\" \/>\n<meta property=\"article:published_time\" content=\"2019-10-26T03:00:54+00:00\" \/>\n<meta property=\"article:modified_time\" content=\"2020-09-25T15:51:13+00:00\" \/>\n<meta property=\"og:image\" content=\"https:\/\/www.mzone.cz\/wp-content\/uploads\/2019\/03\/Sn\u00edmek-obrazovky-2019-03-26-v-11.38.58.png\" \/>\n\t<meta property=\"og:image:width\" content=\"1020\" \/>\n\t<meta property=\"og:image:height\" content=\"680\" \/>\n\t<meta property=\"og:image:type\" content=\"image\/png\" \/>\n<meta name=\"author\" content=\"Mzone\" \/>\n<meta name=\"twitter:card\" content=\"summary_large_image\" \/>\n<meta name=\"twitter:label1\" content=\"Written by\" \/>\n\t<meta name=\"twitter:data1\" content=\"Mzone\" \/>\n\t<meta name=\"twitter:label2\" content=\"Est. reading time\" \/>\n\t<meta name=\"twitter:data2\" content=\"1 minute\" \/>\n<script type=\"application\/ld+json\" class=\"yoast-schema-graph\">{\"@context\":\"https:\\\/\\\/schema.org\",\"@graph\":[{\"@type\":\"Article\",\"@id\":\"https:\\\/\\\/www.mzone.cz\\\/fanousci-mma-sili-conor-mcgregor-oznamil-termin-sveho-navratu-do-oktagonu\\\/#article\",\"isPartOf\":{\"@id\":\"https:\\\/\\\/www.mzone.cz\\\/fanousci-mma-sili-conor-mcgregor-oznamil-termin-sveho-navratu-do-oktagonu\\\/\"},\"author\":{\"name\":\"Mzone\",\"@id\":\"https:\\\/\\\/www.mzone.cz\\\/#\\\/schema\\\/person\\\/9bc20cc422a99cac4af6ff9297da32d4\"},\"headline\":\"Fanou\u0161ci MMA \u0161\u00edl\u00ed! Conor McGregor ozn\u00e1mil term\u00edn sv\u00e9ho n\u00e1vratu do oktagonu\",\"datePublished\":\"2019-10-26T03:00:54+00:00\",\"dateModified\":\"2020-09-25T15:51:13+00:00\",\"mainEntityOfPage\":{\"@id\":\"https:\\\/\\\/www.mzone.cz\\\/fanousci-mma-sili-conor-mcgregor-oznamil-termin-sveho-navratu-do-oktagonu\\\/\"},\"wordCount\":255,\"commentCount\":0,\"image\":{\"@id\":\"https:\\\/\\\/www.mzone.cz\\\/fanousci-mma-sili-conor-mcgregor-oznamil-termin-sveho-navratu-do-oktagonu\\\/#primaryimage\"},\"thumbnailUrl\":\"https:\\\/\\\/www.mzone.cz\\\/wp-content\\\/uploads\\\/2019\\\/03\\\/Sn\u00edmek-obrazovky-2019-03-26-v-11.38.58.png\",\"keywords\":[\"bojov\u00e9 sporty\",\"bojovn\u00edk\",\"Conor McGregor\",\"Las Vegas\",\"MMA\",\"n\u00e1vrat\",\"Sport\",\"UFC\",\"USA\",\"z\u00e1pasn\u00edk\"],\"articleSection\":[\"Sport\"],\"inLanguage\":\"en-US\",\"potentialAction\":[{\"@type\":\"CommentAction\",\"name\":\"Comment\",\"target\":[\"https:\\\/\\\/www.mzone.cz\\\/fanousci-mma-sili-conor-mcgregor-oznamil-termin-sveho-navratu-do-oktagonu\\\/#respond\"]}]},{\"@type\":\"WebPage\",\"@id\":\"https:\\\/\\\/www.mzone.cz\\\/fanousci-mma-sili-conor-mcgregor-oznamil-termin-sveho-navratu-do-oktagonu\\\/\",\"url\":\"https:\\\/\\\/www.mzone.cz\\\/fanousci-mma-sili-conor-mcgregor-oznamil-termin-sveho-navratu-do-oktagonu\\\/\",\"name\":\"Fanou\u0161ci MMA \u0161\u00edl\u00ed! Conor McGregor ozn\u00e1mil term\u00edn sv\u00e9ho n\u00e1vratu do oktagonu - Mzone\",\"isPartOf\":{\"@id\":\"https:\\\/\\\/www.mzone.cz\\\/#website\"},\"primaryImageOfPage\":{\"@id\":\"https:\\\/\\\/www.mzone.cz\\\/fanousci-mma-sili-conor-mcgregor-oznamil-termin-sveho-navratu-do-oktagonu\\\/#primaryimage\"},\"image\":{\"@id\":\"https:\\\/\\\/www.mzone.cz\\\/fanousci-mma-sili-conor-mcgregor-oznamil-termin-sveho-navratu-do-oktagonu\\\/#primaryimage\"},\"thumbnailUrl\":\"https:\\\/\\\/www.mzone.cz\\\/wp-content\\\/uploads\\\/2019\\\/03\\\/Sn\u00edmek-obrazovky-2019-03-26-v-11.38.58.png\",\"datePublished\":\"2019-10-26T03:00:54+00:00\",\"dateModified\":\"2020-09-25T15:51:13+00:00\",\"author\":{\"@id\":\"https:\\\/\\\/www.mzone.cz\\\/#\\\/schema\\\/person\\\/9bc20cc422a99cac4af6ff9297da32d4\"},\"description\":\"Fanou\u0161ci irsk\u00e9ho MMA z\u00e1pasn\u00edka Conora McGregora jsou u vytr\u017een\u00ed. Jedenat\u0159icetilet\u00fd bijec na tiskov\u00e9 konferenci v\u00a0Moskv\u011b toti\u017e ozn\u00e1mil, \u017ee se p\u0159\u00ed\u0161t\u00ed rok vr\u00e1t\u00ed k\u00a0z\u00e1pasen\u00ed a dokonce prozradil, \u017ee to bude 18. ledna v\u00a0Las Vegas. Jm\u00e9no sv\u00e9ho soupe\u0159e ale neprozradil.\",\"breadcrumb\":{\"@id\":\"https:\\\/\\\/www.mzone.cz\\\/fanousci-mma-sili-conor-mcgregor-oznamil-termin-sveho-navratu-do-oktagonu\\\/#breadcrumb\"},\"inLanguage\":\"en-US\",\"potentialAction\":[{\"@type\":\"ReadAction\",\"target\":[\"https:\\\/\\\/www.mzone.cz\\\/fanousci-mma-sili-conor-mcgregor-oznamil-termin-sveho-navratu-do-oktagonu\\\/\"]}]},{\"@type\":\"ImageObject\",\"inLanguage\":\"en-US\",\"@id\":\"https:\\\/\\\/www.mzone.cz\\\/fanousci-mma-sili-conor-mcgregor-oznamil-termin-sveho-navratu-do-oktagonu\\\/#primaryimage\",\"url\":\"https:\\\/\\\/www.mzone.cz\\\/wp-content\\\/uploads\\\/2019\\\/03\\\/Sn\u00edmek-obrazovky-2019-03-26-v-11.38.58.png\",\"contentUrl\":\"https:\\\/\\\/www.mzone.cz\\\/wp-content\\\/uploads\\\/2019\\\/03\\\/Sn\u00edmek-obrazovky-2019-03-26-v-11.38.58.png\",\"width\":1020,\"height\":680},{\"@type\":\"BreadcrumbList\",\"@id\":\"https:\\\/\\\/www.mzone.cz\\\/fanousci-mma-sili-conor-mcgregor-oznamil-termin-sveho-navratu-do-oktagonu\\\/#breadcrumb\",\"itemListElement\":[{\"@type\":\"ListItem\",\"position\":1,\"name\":\"Dom\u016f\",\"item\":\"https:\\\/\\\/www.mzone.cz\\\/\"},{\"@type\":\"ListItem\",\"position\":2,\"name\":\"Fanou\u0161ci MMA \u0161\u00edl\u00ed! Conor McGregor ozn\u00e1mil term\u00edn sv\u00e9ho n\u00e1vratu do oktagonu\"}]},{\"@type\":\"WebSite\",\"@id\":\"https:\\\/\\\/www.mzone.cz\\\/#website\",\"url\":\"https:\\\/\\\/www.mzone.cz\\\/\",\"name\":\"Mzone\",\"description\":\"Magaz\u00edn nejen pro mu\u017ee\",\"potentialAction\":[{\"@type\":\"SearchAction\",\"target\":{\"@type\":\"EntryPoint\",\"urlTemplate\":\"https:\\\/\\\/www.mzone.cz\\\/?s={search_term_string}\"},\"query-input\":{\"@type\":\"PropertyValueSpecification\",\"valueRequired\":true,\"valueName\":\"search_term_string\"}}],\"inLanguage\":\"en-US\"},{\"@type\":\"Person\",\"@id\":\"https:\\\/\\\/www.mzone.cz\\\/#\\\/schema\\\/person\\\/9bc20cc422a99cac4af6ff9297da32d4\",\"name\":\"Mzone\",\"image\":{\"@type\":\"ImageObject\",\"inLanguage\":\"en-US\",\"@id\":\"https:\\\/\\\/secure.gravatar.com\\\/avatar\\\/e780a8630f3182a3d06dd667ab6bea151a0d155b0951bc15fe22633acdac0676?s=96&d=mm&r=g\",\"url\":\"https:\\\/\\\/secure.gravatar.com\\\/avatar\\\/e780a8630f3182a3d06dd667ab6bea151a0d155b0951bc15fe22633acdac0676?s=96&d=mm&r=g\",\"contentUrl\":\"https:\\\/\\\/secure.gravatar.com\\\/avatar\\\/e780a8630f3182a3d06dd667ab6bea151a0d155b0951bc15fe22633acdac0676?s=96&d=mm&r=g\",\"caption\":\"Mzone\"},\"url\":\"https:\\\/\\\/www.mzone.cz\\\/en\\\/author\\\/jakub\\\/\"}]}<\/script>\n<!-- \/ Yoast SEO plugin. -->","yoast_head_json":{"title":"Fanou\u0161ci MMA \u0161\u00edl\u00ed! Conor McGregor ozn\u00e1mil term\u00edn sv\u00e9ho n\u00e1vratu do oktagonu - Mzone","description":"Fanou\u0161ci irsk\u00e9ho MMA z\u00e1pasn\u00edka Conora McGregora jsou u vytr\u017een\u00ed. Jedenat\u0159icetilet\u00fd bijec na tiskov\u00e9 konferenci v\u00a0Moskv\u011b toti\u017e ozn\u00e1mil, \u017ee se p\u0159\u00ed\u0161t\u00ed rok vr\u00e1t\u00ed k\u00a0z\u00e1pasen\u00ed a dokonce prozradil, \u017ee to bude 18. ledna v\u00a0Las Vegas. Jm\u00e9no sv\u00e9ho soupe\u0159e ale neprozradil.","robots":{"index":"index","follow":"follow","max-snippet":"max-snippet:-1","max-image-preview":"max-image-preview:large","max-video-preview":"max-video-preview:-1"},"canonical":"https:\/\/www.mzone.cz\/en\/fanousci-mma-sili-conor-mcgregor-oznamil-termin-sveho-navratu-do-oktagonu\/","og_locale":"en_US","og_type":"article","og_title":"Fanou\u0161ci MMA \u0161\u00edl\u00ed! Conor McGregor ozn\u00e1mil term\u00edn sv\u00e9ho n\u00e1vratu do oktagonu - Mzone","og_description":"Fanou\u0161ci irsk\u00e9ho MMA z\u00e1pasn\u00edka Conora McGregora jsou u vytr\u017een\u00ed. Jedenat\u0159icetilet\u00fd bijec na tiskov\u00e9 konferenci v\u00a0Moskv\u011b toti\u017e ozn\u00e1mil, \u017ee se p\u0159\u00ed\u0161t\u00ed rok vr\u00e1t\u00ed k\u00a0z\u00e1pasen\u00ed a dokonce prozradil, \u017ee to bude 18. ledna v\u00a0Las Vegas. Jm\u00e9no sv\u00e9ho soupe\u0159e ale neprozradil.","og_url":"https:\/\/www.mzone.cz\/en\/fanousci-mma-sili-conor-mcgregor-oznamil-termin-sveho-navratu-do-oktagonu\/","og_site_name":"Mzone","article_publisher":"https:\/\/www.facebook.com\/MzoneCZ\/","article_published_time":"2019-10-26T03:00:54+00:00","article_modified_time":"2020-09-25T15:51:13+00:00","og_image":[{"width":1020,"height":680,"url":"https:\/\/www.mzone.cz\/wp-content\/uploads\/2019\/03\/Sn\u00edmek-obrazovky-2019-03-26-v-11.38.58.png","type":"image\/png"}],"author":"Mzone","twitter_card":"summary_large_image","twitter_misc":{"Written by":"Mzone","Est. reading time":"1 minute"},"schema":{"@context":"https:\/\/schema.org","@graph":[{"@type":"Article","@id":"https:\/\/www.mzone.cz\/fanousci-mma-sili-conor-mcgregor-oznamil-termin-sveho-navratu-do-oktagonu\/#article","isPartOf":{"@id":"https:\/\/www.mzone.cz\/fanousci-mma-sili-conor-mcgregor-oznamil-termin-sveho-navratu-do-oktagonu\/"},"author":{"name":"Mzone","@id":"https:\/\/www.mzone.cz\/#\/schema\/person\/9bc20cc422a99cac4af6ff9297da32d4"},"headline":"Fanou\u0161ci MMA \u0161\u00edl\u00ed! Conor McGregor ozn\u00e1mil term\u00edn sv\u00e9ho n\u00e1vratu do oktagonu","datePublished":"2019-10-26T03:00:54+00:00","dateModified":"2020-09-25T15:51:13+00:00","mainEntityOfPage":{"@id":"https:\/\/www.mzone.cz\/fanousci-mma-sili-conor-mcgregor-oznamil-termin-sveho-navratu-do-oktagonu\/"},"wordCount":255,"commentCount":0,"image":{"@id":"https:\/\/www.mzone.cz\/fanousci-mma-sili-conor-mcgregor-oznamil-termin-sveho-navratu-do-oktagonu\/#primaryimage"},"thumbnailUrl":"https:\/\/www.mzone.cz\/wp-content\/uploads\/2019\/03\/Sn\u00edmek-obrazovky-2019-03-26-v-11.38.58.png","keywords":["bojov\u00e9 sporty","bojovn\u00edk","Conor McGregor","Las Vegas","MMA","n\u00e1vrat","Sport","UFC","USA","z\u00e1pasn\u00edk"],"articleSection":["Sport"],"inLanguage":"en-US","potentialAction":[{"@type":"CommentAction","name":"Comment","target":["https:\/\/www.mzone.cz\/fanousci-mma-sili-conor-mcgregor-oznamil-termin-sveho-navratu-do-oktagonu\/#respond"]}]},{"@type":"WebPage","@id":"https:\/\/www.mzone.cz\/fanousci-mma-sili-conor-mcgregor-oznamil-termin-sveho-navratu-do-oktagonu\/","url":"https:\/\/www.mzone.cz\/fanousci-mma-sili-conor-mcgregor-oznamil-termin-sveho-navratu-do-oktagonu\/","name":"Fanou\u0161ci MMA \u0161\u00edl\u00ed! Conor McGregor ozn\u00e1mil term\u00edn sv\u00e9ho n\u00e1vratu do oktagonu - Mzone","isPartOf":{"@id":"https:\/\/www.mzone.cz\/#website"},"primaryImageOfPage":{"@id":"https:\/\/www.mzone.cz\/fanousci-mma-sili-conor-mcgregor-oznamil-termin-sveho-navratu-do-oktagonu\/#primaryimage"},"image":{"@id":"https:\/\/www.mzone.cz\/fanousci-mma-sili-conor-mcgregor-oznamil-termin-sveho-navratu-do-oktagonu\/#primaryimage"},"thumbnailUrl":"https:\/\/www.mzone.cz\/wp-content\/uploads\/2019\/03\/Sn\u00edmek-obrazovky-2019-03-26-v-11.38.58.png","datePublished":"2019-10-26T03:00:54+00:00","dateModified":"2020-09-25T15:51:13+00:00","author":{"@id":"https:\/\/www.mzone.cz\/#\/schema\/person\/9bc20cc422a99cac4af6ff9297da32d4"},"description":"Fanou\u0161ci irsk\u00e9ho MMA z\u00e1pasn\u00edka Conora McGregora jsou u vytr\u017een\u00ed. Jedenat\u0159icetilet\u00fd bijec na tiskov\u00e9 konferenci v\u00a0Moskv\u011b toti\u017e ozn\u00e1mil, \u017ee se p\u0159\u00ed\u0161t\u00ed rok vr\u00e1t\u00ed k\u00a0z\u00e1pasen\u00ed a dokonce prozradil, \u017ee to bude 18. ledna v\u00a0Las Vegas. Jm\u00e9no sv\u00e9ho soupe\u0159e ale neprozradil.","breadcrumb":{"@id":"https:\/\/www.mzone.cz\/fanousci-mma-sili-conor-mcgregor-oznamil-termin-sveho-navratu-do-oktagonu\/#breadcrumb"},"inLanguage":"en-US","potentialAction":[{"@type":"ReadAction","target":["https:\/\/www.mzone.cz\/fanousci-mma-sili-conor-mcgregor-oznamil-termin-sveho-navratu-do-oktagonu\/"]}]},{"@type":"ImageObject","inLanguage":"en-US","@id":"https:\/\/www.mzone.cz\/fanousci-mma-sili-conor-mcgregor-oznamil-termin-sveho-navratu-do-oktagonu\/#primaryimage","url":"https:\/\/www.mzone.cz\/wp-content\/uploads\/2019\/03\/Sn\u00edmek-obrazovky-2019-03-26-v-11.38.58.png","contentUrl":"https:\/\/www.mzone.cz\/wp-content\/uploads\/2019\/03\/Sn\u00edmek-obrazovky-2019-03-26-v-11.38.58.png","width":1020,"height":680},{"@type":"BreadcrumbList","@id":"https:\/\/www.mzone.cz\/fanousci-mma-sili-conor-mcgregor-oznamil-termin-sveho-navratu-do-oktagonu\/#breadcrumb","itemListElement":[{"@type":"ListItem","position":1,"name":"Dom\u016f","item":"https:\/\/www.mzone.cz\/"},{"@type":"ListItem","position":2,"name":"Fanou\u0161ci MMA \u0161\u00edl\u00ed! Conor McGregor ozn\u00e1mil term\u00edn sv\u00e9ho n\u00e1vratu do oktagonu"}]},{"@type":"WebSite","@id":"https:\/\/www.mzone.cz\/#website","url":"https:\/\/www.mzone.cz\/","name":"Mzone","description":"Magaz\u00edn nejen pro mu\u017ee","potentialAction":[{"@type":"SearchAction","target":{"@type":"EntryPoint","urlTemplate":"https:\/\/www.mzone.cz\/?s={search_term_string}"},"query-input":{"@type":"PropertyValueSpecification","valueRequired":true,"valueName":"search_term_string"}}],"inLanguage":"en-US"},{"@type":"Person","@id":"https:\/\/www.mzone.cz\/#\/schema\/person\/9bc20cc422a99cac4af6ff9297da32d4","name":"Mzone","image":{"@type":"ImageObject","inLanguage":"en-US","@id":"https:\/\/secure.gravatar.com\/avatar\/e780a8630f3182a3d06dd667ab6bea151a0d155b0951bc15fe22633acdac0676?s=96&d=mm&r=g","url":"https:\/\/secure.gravatar.com\/avatar\/e780a8630f3182a3d06dd667ab6bea151a0d155b0951bc15fe22633acdac0676?s=96&d=mm&r=g","contentUrl":"https:\/\/secure.gravatar.com\/avatar\/e780a8630f3182a3d06dd667ab6bea151a0d155b0951bc15fe22633acdac0676?s=96&d=mm&r=g","caption":"Mzone"},"url":"https:\/\/www.mzone.cz\/en\/author\/jakub\/"}]}},"_links":{"self":[{"href":"https:\/\/www.mzone.cz\/en\/wp-json\/wp\/v2\/posts\/13629","targetHints":{"allow":["GET"]}}],"collection":[{"href":"https:\/\/www.mzone.cz\/en\/wp-json\/wp\/v2\/posts"}],"about":[{"href":"https:\/\/www.mzone.cz\/en\/wp-json\/wp\/v2\/types\/post"}],"author":[{"embeddable":true,"href":"https:\/\/www.mzone.cz\/en\/wp-json\/wp\/v2\/users\/4"}],"replies":[{"embeddable":true,"href":"https:\/\/www.mzone.cz\/en\/wp-json\/wp\/v2\/comments?post=13629"}],"version-history":[{"count":4,"href":"https:\/\/www.mzone.cz\/en\/wp-json\/wp\/v2\/posts\/13629\/revisions"}],"predecessor-version":[{"id":24664,"href":"https:\/\/www.mzone.cz\/en\/wp-json\/wp\/v2\/posts\/13629\/revisions\/24664"}],"wp:featuredmedia":[{"embeddable":true,"href":"https:\/\/www.mzone.cz\/en\/wp-json\/wp\/v2\/media\/6819"}],"wp:attachment":[{"href":"https:\/\/www.mzone.cz\/en\/wp-json\/wp\/v2\/media?parent=13629"}],"wp:term":[{"taxonomy":"category","embeddable":true,"href":"https:\/\/www.mzone.cz\/en\/wp-json\/wp\/v2\/categories?post=13629"},{"taxonomy":"post_tag","embeddable":true,"href":"https:\/\/www.mzone.cz\/en\/wp-json\/wp\/v2\/tags?post=13629"}],"curies":[{"name":"wp","href":"https:\/\/api.w.org\/{rel}","templated":true}]}}