{"id":13635,"date":"2019-10-27T18:00:31","date_gmt":"2019-10-27T17:00:31","guid":{"rendered":"https:\/\/www.mzone.cz\/?p=13635"},"modified":"2019-10-25T14:54:53","modified_gmt":"2019-10-25T12:54:53","slug":"mydy-rabycad-vydavaji-album-numbers-pokrti-jej-v-listopadu-ve-foru-karlin","status":"publish","type":"post","link":"https:\/\/www.mzone.cz\/en\/mydy-rabycad-vydavaji-album-numbers-pokrti-jej-v-listopadu-ve-foru-karlin\/","title":{"rendered":"Mydy Rabycad vyd\u00e1vaj\u00ed album Numbers, pok\u0159t\u00ed jej v listopadu ve Foru Karl\u00edn"},"content":{"rendered":"<p><strong>Mydy Rabycad vys\u00edlaj\u00ed do sv\u011bta nov\u00e9 album Numbers, kter\u00e9 v listopadu pok\u0159t\u00ed ve Foru Karl\u00edn. V osmi p\u00edsn\u00edch na n\u011bm analyzuj\u00ed dobu, ve kter\u00e9 se \u00fasp\u011bch um\u011blc\u016f m\u011b\u0159\u00ed na z\u00e1klad\u011b po\u010dtu pale\u010dk\u016f a srd\u00ed\u010dek na soci\u00e1ln\u00edch s\u00edt\u00edch a spole\u010densk\u00fd status definuje cifra a po\u010det nul na bankovn\u00edm \u00fa\u010dtu.<\/strong><\/p><br>\n\n\n\n<p>Mlad\u00e1 kapela s intenzivn\u00ed profesion\u00e1ln\u00ed zku\u0161enost\u00ed odkazuje na to, \u017ee u\u017e hudba d\u00e1vno nen\u00ed jen o kvalitn\u00edch p\u00edsni\u010dk\u00e1ch, ale i o neust\u00e1l\u00e9 sebeprezentaci.<\/p>\n\n\n\n<blockquote class=\"wp-block-quote is-layout-flow wp-block-quote-is-layout-flow\"><p>\u201eS deskou Numbers p\u0159ich\u00e1z\u00ed nov\u00e1 kapitola t\u00e9hle kapely. Od posledn\u00ed desky se v n\u00e1s nahromadila spousta emoc\u00ed a poznatk\u016f a zjistili jsme, \u017ee chceme d\u011blat v\u011bci jinak, ne\u017e tomu doposud bylo. Album je tedy krokem jin\u00fdm sm\u011brem v\u00edc, ne\u017e tomu bylo kdy d\u0159\u00edv,\u201d \u0159\u00edk\u00e1 producent a kl\u00e1vesista N\u00e8ro Scartch.<\/p><\/blockquote>\n\n\n\n<p>Album pok\u0159t\u00ed na velkolep\u00e9m koncertu 22. listopadu ve Foru Karl\u00edn, na kter\u00fd chyst\u00e1 pro fanou\u0161ky \u0159adu novinek a p\u0159ekvapen\u00ed.<\/p><br>\n\n\n\n<p>Zp\u011bva\u010dka \u017dofie Da\u0159buj\u00e1nov\u00e1 zve st\u00e1l\u00e9 fanou\u0161ky i nov\u00e9 p\u0159\u00edznivce: \u201eJsme zrovna v nejv\u011bt\u0161\u00edm koloto\u010di p\u0159\u00edprav a mysl\u00edm, \u017ee u\u017e te\u010f m\u016f\u017eu \u0159\u00edct, \u017ee to bude je\u0161t\u011b trochu v\u011bt\u0161\u00ed, ne\u017e jsme si p\u0159edstavovali. Poka\u017ed\u00e9 kdy\u017e sed\u00edme v kancel\u00e1\u0159i nad sc\u00e9n\u00e1\u0159em a j\u00e1 si jeden z moment\u016f p\u0159edstav\u00edm na\u017eivo, \u00fapln\u011b m\u011b to doj\u00edm\u00e1. Tak\u017ee opravdu p\u0159ij\u010fte! S n\u00e1mi vystoup\u00ed i N.O.H.A. nebo dechov\u00e1 sekce kapely Circus Brothers, tedy bude na co koukat i tancovat!\u201d<\/p><br>\n\n\n\n<p>NUMBERS znamen\u00e1 z\u00e1v\u011br jedn\u00e9 \u00e9ry i za\u010d\u00e1tek nov\u00e9 cesty. Ozv\u011bny pon\u011bkud vy\u0161eptan\u00e9ho elektroswingu jsou u\u017e nen\u00e1vratn\u011b pry\u010d a Mydy Rabycad jako \u017e\u00e1nrov\u00fd chameleon dovedn\u011b balancuj\u00ed mezi elektronick\u00fdm klubov\u00fdm soundem, popov\u00fdmi ambicemi, klepaj\u00edc\u00edmi na dve\u0159e rozhlasov\u00fdch redaktor\u016f a epick\u00fdm soundtrackem k fantasy thrilleru z dystopick\u00e9ho sv\u011bta, ve kter\u00e9m si chladn\u00e9 neosobn\u00ed technologie definitivn\u011b ocho\u010dily lidstvo.<\/p><br>\n\n\n\n<div class=\"wp-block-image\"><figure class=\"alignleft is-resized\"><img loading=\"lazy\" decoding=\"async\" src=\"https:\/\/www.mzone.cz\/wp-content\/uploads\/2019\/10\/Mydy-Rabycad-1024x683.jpg\" alt=\"\" class=\"wp-image-13202\" width=\"124\" height=\"82\" srcset=\"https:\/\/www.mzone.cz\/wp-content\/uploads\/2019\/10\/Mydy-Rabycad-1024x683.jpg 1024w, https:\/\/www.mzone.cz\/wp-content\/uploads\/2019\/10\/Mydy-Rabycad-300x200.jpg 300w, https:\/\/www.mzone.cz\/wp-content\/uploads\/2019\/10\/Mydy-Rabycad-768x512.jpg 768w, https:\/\/www.mzone.cz\/wp-content\/uploads\/2019\/10\/Mydy-Rabycad-800x533.jpg 800w, https:\/\/www.mzone.cz\/wp-content\/uploads\/2019\/10\/Mydy-Rabycad-400x267.jpg 400w, https:\/\/www.mzone.cz\/wp-content\/uploads\/2019\/10\/Mydy-Rabycad-500x333.jpg 500w, https:\/\/www.mzone.cz\/wp-content\/uploads\/2019\/10\/Mydy-Rabycad-1170x780.jpg 1170w, https:\/\/www.mzone.cz\/wp-content\/uploads\/2019\/10\/Mydy-Rabycad-590x393.jpg 590w\" sizes=\"auto, (max-width: 124px) 100vw, 124px\" \/><\/figure><\/div>\n\n\n\n<h4><a href=\"https:\/\/www.mzone.cz\/mydy-rabycad-pousti-do-sveta-klip-freedom-a-chystaji-krest-noveho-alba\/\">Mydy Rabycad pou\u0161t\u00ed do sv\u011bta klip Freedom a chystaj\u00ed k\u0159est nov\u00e9ho alba<\/a><\/h4><br>\n\n\n\n<p>Spole\u010denskou letargii, ve kter\u00e9 na\u0161e \u017eivoty diktuj\u00ed abstraktn\u00ed ukazatel\u00e9, reflektuje p\u0159edev\u0161\u00edm refr\u00e9n tituln\u00ed skladby Numbers, v n\u011bm\u017e \u017dofie Da\u0159buj\u00e1nov\u00e1 se vztekem v hlase zp\u00edv\u00e1 o tom, \u017ee u\u017e v\u0161echny ty \u010d\u00edslice d\u00e1vno ztratily hlub\u0161\u00ed v\u00fdznam. Na digit\u00e1ln\u00ed \u00e9ru soci\u00e1ln\u00edch m\u00e9di\u00ed a plytk\u00e9 komunikace odkazuj\u00ed i producentsk\u00e9 detaily v tracku Gimme More.<\/p>\n\n\n\n<blockquote class=\"wp-block-quote is-layout-flow wp-block-quote-is-layout-flow\"><p>Jako jeden p\u0159\u00edklad za v\u0161echny jde vyp\u00edchnout zvuk cinknut\u00ed p\u0159\u00edchoz\u00ed zpr\u00e1vy, kter\u00fd tady rozd\u011bluje sloku s refr\u00e9nem a zaru\u010den\u011b v\u00e1s p\u0159im\u011bje k tomu, abyste si zkontrolovali vlastn\u00ed mobil.<\/p><\/blockquote>\n\n\n\n<p>Zvukov\u011b se Mydy Rabycad do aktu\u00e1ln\u00edho popov\u00e9ho soundu trefuj\u00ed p\u0159edev\u0161\u00edm v hitu Fire, kter\u00fd umoc\u0148uje pochmurn\u011bj\u0161\u00ed atmosf\u00e9ra a \u00fapln\u011b nov\u00e1 poloha zp\u011bvu. Jeho minimalistick\u00fd beat se pomalu s\u00e1pe, aby nakonec vygradoval a poslucha\u010de obmotal jako anakonda.<\/p><br>\n\n\n\n<figure class=\"wp-block-embed-youtube wp-block-embed is-type-video is-provider-youtube wp-embed-aspect-16-9 wp-has-aspect-ratio\"><div class=\"wp-block-embed__wrapper\">\n<iframe loading=\"lazy\" title=\"MYDY ~ FREEDOM (Official video)\" width=\"600\" height=\"338\" src=\"https:\/\/www.youtube.com\/embed\/8WPJ_o-D84k?feature=oembed\" frameborder=\"0\" allow=\"accelerometer; autoplay; clipboard-write; encrypted-media; gyroscope; picture-in-picture; web-share\" referrerpolicy=\"strict-origin-when-cross-origin\" allowfullscreen><\/iframe>\n<\/div><\/figure><br>\n\n\n\n<p>I listopadov\u00fd koncert ve Foru Karl\u00edn symbolizuje pro Mydy Rabycad za\u010d\u00e1tek dal\u0161\u00ed kapitoly. V dosud nejpropracovan\u011bj\u0161\u00ed show jejich kari\u00e9ry se tradi\u010dn\u011b p\u0159edstav\u00ed i nov\u00fd sv\u011bteln\u00fd design a nov\u00e9 kost\u00fdmy tematicky nav\u00e1zan\u00e9 na album NUMBERS. Objev\u00ed se poprv\u00e9 i kompletn\u00ed kolekce nov\u00e9ho merchandi-singu ve stylu alba. A v\u00fdjime\u010dn\u00fd z\u00e1\u017eitek slibuj\u00ed i speci\u00e1ln\u00ed host\u00e9, vysoce cen\u011bn\u00e1 kapela N.O.H.A.<\/p><br>\n\n\n\n<p>Mydy Rabycad se dali dohromady p\u0159ed sedmi lety a stihli zahr\u00e1t na presti\u017en\u00edch festivalech Glastonbury nebo Sziget, vystoupili v Ji\u017en\u00ed Koreji, Turecku i Egypt\u011b. Loni zaznamenali fam\u00f3zn\u00ed \u00fasp\u011bch na Festival International de Louisiane v USA a absolvovali prvn\u00ed klubov\u00e9 turn\u00e9 po Holandsku, v\u010detn\u011b vystoupen\u00ed v legend\u00e1rn\u00edm amsterdamsk\u00e9m klubu Melkweg.<\/p><br>\n\n\n\n<div class=\"wp-block-image\"><figure class=\"alignleft is-resized\"><img loading=\"lazy\" decoding=\"async\" src=\"https:\/\/www.mzone.cz\/wp-content\/uploads\/2019\/07\/Zofie_Dares_foto_Alzbeta_Jungrova_m.jpg\" alt=\"\" class=\"wp-image-10902\" width=\"125\" height=\"82\" srcset=\"https:\/\/www.mzone.cz\/wp-content\/uploads\/2019\/07\/Zofie_Dares_foto_Alzbeta_Jungrova_m.jpg 597w, https:\/\/www.mzone.cz\/wp-content\/uploads\/2019\/07\/Zofie_Dares_foto_Alzbeta_Jungrova_m-300x200.jpg 300w, https:\/\/www.mzone.cz\/wp-content\/uploads\/2019\/07\/Zofie_Dares_foto_Alzbeta_Jungrova_m-400x267.jpg 400w, https:\/\/www.mzone.cz\/wp-content\/uploads\/2019\/07\/Zofie_Dares_foto_Alzbeta_Jungrova_m-500x333.jpg 500w, https:\/\/www.mzone.cz\/wp-content\/uploads\/2019\/07\/Zofie_Dares_foto_Alzbeta_Jungrova_m-590x393.jpg 590w\" sizes=\"auto, (max-width: 125px) 100vw, 125px\" \/><\/figure><\/div>\n\n\n\n<h4><a href=\"https:\/\/www.mzone.cz\/sexy-zpevacka-kapely-mydy-rabycad-zofie-dares-vydava-prvni-solovy-klip\/\">Sexy zp\u011bva\u010dka kapely Mydy Rabycad Zofie Dares vyd\u00e1v\u00e1 prvn\u00ed s\u00f3lov\u00fd klip<\/a><\/h4><br>\n\n\n\n<p>Mydy Rabycad, tedy \u017dofie Da\u0159buj\u00e1nov\u00e1, Mikul\u00e1\u0161 Pejcha, Jan Dr\u00e1bek a N\u00e8ro Scartch, spole\u010dn\u011b hraj\u00ed \u0161est let a jejich unik\u00e1tn\u00ed sound dotv\u00e1\u0159\u00ed dnes ji\u017e nepostradateln\u00ed st\u00e1l\u00ed host\u00e9: buben\u00edk a producent alb kapely Tom\u00e1\u0161 Kon\u016fpka, kytarista Ond\u0159ej Sl\u00e1nsk\u00fd a v neposledn\u00ed \u0159ad\u011b Papa Kush, zvuka\u0159 kapely, kter\u00fd pozved\u00e1v\u00e1 zvuka\u0159sk\u00e9 \u0159emeslo na \u00farove\u0148 dal\u0161\u00edho hudebn\u00edho instrumentu.<\/p><br>\n\n\n\n<p>D\u011bn\u00ed v kapele a p\u0159\u00edpravy na k\u0159est ji\u017e te\u010f mohou fanou\u0161ci sledovat na soci\u00e1ln\u00edch s\u00edt\u00edch, pomohou jim hashtagy <strong>#mydyveforu<\/strong> a <strong>#221119<\/strong>. Vstupenky na velk\u00fd koncert Mydy Rabycad a k\u0159est nov\u00e9ho alba NUMBERS stoj\u00ed 480 K\u010d a jsou k m\u00e1n\u00ed v s\u00edti <a href=\"https:\/\/goout.net\/\">Goout<\/a>.<\/p><br>","protected":false},"excerpt":{"rendered":"<p>Mydy Rabycad vys\u00edlaj\u00ed do sv\u011bta nov\u00e9 album Numbers, kter\u00e9 v listopadu pok\u0159t\u00ed ve Foru Karl\u00edn. V osmi p\u00edsn\u00edch na n\u011bm analyzuj\u00ed dobu, ve kter\u00e9 se \u00fasp\u011bch um\u011blc\u016f m\u011b\u0159\u00ed na z\u00e1klad\u011b po\u010dtu pale\u010dk\u016f a srd\u00ed\u010dek na soci\u00e1ln\u00edch s\u00edt\u00edch a spole\u010densk\u00fd status definuje cifra a po\u010det nul na bankovn\u00edm \u00fa\u010dtu. Mlad\u00e1 kapela s intenzivn\u00ed profesion\u00e1ln\u00ed zku\u0161enost\u00ed odkazuje [&hellip;]<\/p>\n","protected":false},"author":4,"featured_media":13202,"comment_status":"open","ping_status":"closed","sticky":false,"template":"","format":"standard","meta":{"kk_blocks_editor_width":"","_kiokenblocks_attr":"","_kiokenblocks_dimensions":"","footnotes":""},"categories":[76,71],"tags":[2834,1893,1147,1579,2787,31,1580,2485,2183,2899,363,2492,1582],"class_list":["post-13635","post","type-post","status-publish","format-standard","has-post-thumbnail","hentry","category-hudba","category-kultura","tag-electro-swing","tag-forum-karlin","tag-hudba","tag-koncert","tag-krest","tag-kultura","tag-muzika","tag-mydy-rabycad","tag-nove-album","tag-numbers","tag-praha","tag-tanecni-hudba","tag-vystoupeni"],"yoast_head":"<!-- This site is optimized with the Yoast SEO plugin v27.5 - https:\/\/yoast.com\/product\/yoast-seo-wordpress\/ -->\n<title>Mydy Rabycad vyd\u00e1vaj\u00ed album Numbers, pok\u0159t\u00ed jej v listopadu ve Foru Karl\u00edn - Mzone<\/title>\n<meta name=\"description\" content=\"Mydy Rabycad vys\u00edlaj\u00ed do sv\u011bta nov\u00e9 album Numbers, kter\u00e9 v listopadu pok\u0159t\u00ed ve Foru Karl\u00edn. V osmi p\u00edsn\u00edch na n\u011bm analyzuj\u00ed dobu, ve kter\u00e9 se \u00fasp\u011bch um\u011blc\u016f m\u011b\u0159\u00ed na z\u00e1klad\u011b po\u010dtu pale\u010dk\u016f a srd\u00ed\u010dek na soci\u00e1ln\u00edch s\u00edt\u00edch a spole\u010densk\u00fd status definuje cifra a po\u010det nul na bankovn\u00edm \u00fa\u010dtu.\" \/>\n<meta name=\"robots\" content=\"index, follow, max-snippet:-1, max-image-preview:large, max-video-preview:-1\" \/>\n<link rel=\"canonical\" href=\"https:\/\/www.mzone.cz\/en\/mydy-rabycad-vydavaji-album-numbers-pokrti-jej-v-listopadu-ve-foru-karlin\/\" \/>\n<meta property=\"og:locale\" content=\"en_US\" \/>\n<meta property=\"og:type\" content=\"article\" \/>\n<meta property=\"og:title\" content=\"Mydy Rabycad vyd\u00e1vaj\u00ed album Numbers, pok\u0159t\u00ed jej v listopadu ve Foru Karl\u00edn - Mzone\" \/>\n<meta property=\"og:description\" content=\"Mydy Rabycad vys\u00edlaj\u00ed do sv\u011bta nov\u00e9 album Numbers, kter\u00e9 v listopadu pok\u0159t\u00ed ve Foru Karl\u00edn. V osmi p\u00edsn\u00edch na n\u011bm analyzuj\u00ed dobu, ve kter\u00e9 se \u00fasp\u011bch um\u011blc\u016f m\u011b\u0159\u00ed na z\u00e1klad\u011b po\u010dtu pale\u010dk\u016f a srd\u00ed\u010dek na soci\u00e1ln\u00edch s\u00edt\u00edch a spole\u010densk\u00fd status definuje cifra a po\u010det nul na bankovn\u00edm \u00fa\u010dtu.\" \/>\n<meta property=\"og:url\" content=\"https:\/\/www.mzone.cz\/en\/mydy-rabycad-vydavaji-album-numbers-pokrti-jej-v-listopadu-ve-foru-karlin\/\" \/>\n<meta property=\"og:site_name\" content=\"Mzone\" \/>\n<meta property=\"article:publisher\" content=\"https:\/\/www.facebook.com\/MzoneCZ\/\" \/>\n<meta property=\"article:published_time\" content=\"2019-10-27T17:00:31+00:00\" \/>\n<meta property=\"og:image\" content=\"https:\/\/www.mzone.cz\/wp-content\/uploads\/2019\/10\/Mydy-Rabycad-1024x683.jpg\" \/>\n\t<meta property=\"og:image:width\" content=\"1024\" \/>\n\t<meta property=\"og:image:height\" content=\"683\" \/>\n\t<meta property=\"og:image:type\" content=\"image\/jpeg\" \/>\n<meta name=\"author\" content=\"Mzone\" \/>\n<meta name=\"twitter:card\" content=\"summary_large_image\" \/>\n<meta name=\"twitter:label1\" content=\"Written by\" \/>\n\t<meta name=\"twitter:data1\" content=\"Mzone\" \/>\n\t<meta name=\"twitter:label2\" content=\"Est. reading time\" \/>\n\t<meta name=\"twitter:data2\" content=\"4 minutes\" \/>\n<script type=\"application\/ld+json\" class=\"yoast-schema-graph\">{\"@context\":\"https:\\\/\\\/schema.org\",\"@graph\":[{\"@type\":\"Article\",\"@id\":\"https:\\\/\\\/www.mzone.cz\\\/mydy-rabycad-vydavaji-album-numbers-pokrti-jej-v-listopadu-ve-foru-karlin\\\/#article\",\"isPartOf\":{\"@id\":\"https:\\\/\\\/www.mzone.cz\\\/mydy-rabycad-vydavaji-album-numbers-pokrti-jej-v-listopadu-ve-foru-karlin\\\/\"},\"author\":{\"name\":\"Mzone\",\"@id\":\"https:\\\/\\\/www.mzone.cz\\\/#\\\/schema\\\/person\\\/9bc20cc422a99cac4af6ff9297da32d4\"},\"headline\":\"Mydy Rabycad vyd\u00e1vaj\u00ed album Numbers, pok\u0159t\u00ed jej v listopadu ve Foru Karl\u00edn\",\"datePublished\":\"2019-10-27T17:00:31+00:00\",\"mainEntityOfPage\":{\"@id\":\"https:\\\/\\\/www.mzone.cz\\\/mydy-rabycad-vydavaji-album-numbers-pokrti-jej-v-listopadu-ve-foru-karlin\\\/\"},\"wordCount\":820,\"commentCount\":0,\"image\":{\"@id\":\"https:\\\/\\\/www.mzone.cz\\\/mydy-rabycad-vydavaji-album-numbers-pokrti-jej-v-listopadu-ve-foru-karlin\\\/#primaryimage\"},\"thumbnailUrl\":\"https:\\\/\\\/www.mzone.cz\\\/wp-content\\\/uploads\\\/2019\\\/10\\\/Mydy-Rabycad.jpg\",\"keywords\":[\"electro swing\",\"Forum Karl\u00edn\",\"hudba\",\"koncert\",\"k\u0159est\",\"Kultura\",\"muzika\",\"Mydy Rabycad\",\"nov\u00e9 album\",\"Numbers\",\"Praha\",\"tane\u010dn\u00ed hudba\",\"vystoupen\u00ed\"],\"articleSection\":[\"Hudba\",\"Kultura\"],\"inLanguage\":\"en-US\",\"potentialAction\":[{\"@type\":\"CommentAction\",\"name\":\"Comment\",\"target\":[\"https:\\\/\\\/www.mzone.cz\\\/mydy-rabycad-vydavaji-album-numbers-pokrti-jej-v-listopadu-ve-foru-karlin\\\/#respond\"]}]},{\"@type\":\"WebPage\",\"@id\":\"https:\\\/\\\/www.mzone.cz\\\/mydy-rabycad-vydavaji-album-numbers-pokrti-jej-v-listopadu-ve-foru-karlin\\\/\",\"url\":\"https:\\\/\\\/www.mzone.cz\\\/mydy-rabycad-vydavaji-album-numbers-pokrti-jej-v-listopadu-ve-foru-karlin\\\/\",\"name\":\"Mydy Rabycad vyd\u00e1vaj\u00ed album Numbers, pok\u0159t\u00ed jej v listopadu ve Foru Karl\u00edn - Mzone\",\"isPartOf\":{\"@id\":\"https:\\\/\\\/www.mzone.cz\\\/#website\"},\"primaryImageOfPage\":{\"@id\":\"https:\\\/\\\/www.mzone.cz\\\/mydy-rabycad-vydavaji-album-numbers-pokrti-jej-v-listopadu-ve-foru-karlin\\\/#primaryimage\"},\"image\":{\"@id\":\"https:\\\/\\\/www.mzone.cz\\\/mydy-rabycad-vydavaji-album-numbers-pokrti-jej-v-listopadu-ve-foru-karlin\\\/#primaryimage\"},\"thumbnailUrl\":\"https:\\\/\\\/www.mzone.cz\\\/wp-content\\\/uploads\\\/2019\\\/10\\\/Mydy-Rabycad.jpg\",\"datePublished\":\"2019-10-27T17:00:31+00:00\",\"author\":{\"@id\":\"https:\\\/\\\/www.mzone.cz\\\/#\\\/schema\\\/person\\\/9bc20cc422a99cac4af6ff9297da32d4\"},\"description\":\"Mydy Rabycad vys\u00edlaj\u00ed do sv\u011bta nov\u00e9 album Numbers, kter\u00e9 v listopadu pok\u0159t\u00ed ve Foru Karl\u00edn. V osmi p\u00edsn\u00edch na n\u011bm analyzuj\u00ed dobu, ve kter\u00e9 se \u00fasp\u011bch um\u011blc\u016f m\u011b\u0159\u00ed na z\u00e1klad\u011b po\u010dtu pale\u010dk\u016f a srd\u00ed\u010dek na soci\u00e1ln\u00edch s\u00edt\u00edch a spole\u010densk\u00fd status definuje cifra a po\u010det nul na bankovn\u00edm \u00fa\u010dtu.\",\"breadcrumb\":{\"@id\":\"https:\\\/\\\/www.mzone.cz\\\/mydy-rabycad-vydavaji-album-numbers-pokrti-jej-v-listopadu-ve-foru-karlin\\\/#breadcrumb\"},\"inLanguage\":\"en-US\",\"potentialAction\":[{\"@type\":\"ReadAction\",\"target\":[\"https:\\\/\\\/www.mzone.cz\\\/mydy-rabycad-vydavaji-album-numbers-pokrti-jej-v-listopadu-ve-foru-karlin\\\/\"]}]},{\"@type\":\"ImageObject\",\"inLanguage\":\"en-US\",\"@id\":\"https:\\\/\\\/www.mzone.cz\\\/mydy-rabycad-vydavaji-album-numbers-pokrti-jej-v-listopadu-ve-foru-karlin\\\/#primaryimage\",\"url\":\"https:\\\/\\\/www.mzone.cz\\\/wp-content\\\/uploads\\\/2019\\\/10\\\/Mydy-Rabycad.jpg\",\"contentUrl\":\"https:\\\/\\\/www.mzone.cz\\\/wp-content\\\/uploads\\\/2019\\\/10\\\/Mydy-Rabycad.jpg\",\"width\":2660,\"height\":1773},{\"@type\":\"BreadcrumbList\",\"@id\":\"https:\\\/\\\/www.mzone.cz\\\/mydy-rabycad-vydavaji-album-numbers-pokrti-jej-v-listopadu-ve-foru-karlin\\\/#breadcrumb\",\"itemListElement\":[{\"@type\":\"ListItem\",\"position\":1,\"name\":\"Dom\u016f\",\"item\":\"https:\\\/\\\/www.mzone.cz\\\/\"},{\"@type\":\"ListItem\",\"position\":2,\"name\":\"Mydy Rabycad vyd\u00e1vaj\u00ed album Numbers, pok\u0159t\u00ed jej v listopadu ve Foru Karl\u00edn\"}]},{\"@type\":\"WebSite\",\"@id\":\"https:\\\/\\\/www.mzone.cz\\\/#website\",\"url\":\"https:\\\/\\\/www.mzone.cz\\\/\",\"name\":\"Mzone\",\"description\":\"Magaz\u00edn nejen pro mu\u017ee\",\"potentialAction\":[{\"@type\":\"SearchAction\",\"target\":{\"@type\":\"EntryPoint\",\"urlTemplate\":\"https:\\\/\\\/www.mzone.cz\\\/?s={search_term_string}\"},\"query-input\":{\"@type\":\"PropertyValueSpecification\",\"valueRequired\":true,\"valueName\":\"search_term_string\"}}],\"inLanguage\":\"en-US\"},{\"@type\":\"Person\",\"@id\":\"https:\\\/\\\/www.mzone.cz\\\/#\\\/schema\\\/person\\\/9bc20cc422a99cac4af6ff9297da32d4\",\"name\":\"Mzone\",\"image\":{\"@type\":\"ImageObject\",\"inLanguage\":\"en-US\",\"@id\":\"https:\\\/\\\/secure.gravatar.com\\\/avatar\\\/e780a8630f3182a3d06dd667ab6bea151a0d155b0951bc15fe22633acdac0676?s=96&d=mm&r=g\",\"url\":\"https:\\\/\\\/secure.gravatar.com\\\/avatar\\\/e780a8630f3182a3d06dd667ab6bea151a0d155b0951bc15fe22633acdac0676?s=96&d=mm&r=g\",\"contentUrl\":\"https:\\\/\\\/secure.gravatar.com\\\/avatar\\\/e780a8630f3182a3d06dd667ab6bea151a0d155b0951bc15fe22633acdac0676?s=96&d=mm&r=g\",\"caption\":\"Mzone\"},\"url\":\"https:\\\/\\\/www.mzone.cz\\\/en\\\/author\\\/jakub\\\/\"}]}<\/script>\n<!-- \/ Yoast SEO plugin. -->","yoast_head_json":{"title":"Mydy Rabycad vyd\u00e1vaj\u00ed album Numbers, pok\u0159t\u00ed jej v listopadu ve Foru Karl\u00edn - Mzone","description":"Mydy Rabycad vys\u00edlaj\u00ed do sv\u011bta nov\u00e9 album Numbers, kter\u00e9 v listopadu pok\u0159t\u00ed ve Foru Karl\u00edn. V osmi p\u00edsn\u00edch na n\u011bm analyzuj\u00ed dobu, ve kter\u00e9 se \u00fasp\u011bch um\u011blc\u016f m\u011b\u0159\u00ed na z\u00e1klad\u011b po\u010dtu pale\u010dk\u016f a srd\u00ed\u010dek na soci\u00e1ln\u00edch s\u00edt\u00edch a spole\u010densk\u00fd status definuje cifra a po\u010det nul na bankovn\u00edm \u00fa\u010dtu.","robots":{"index":"index","follow":"follow","max-snippet":"max-snippet:-1","max-image-preview":"max-image-preview:large","max-video-preview":"max-video-preview:-1"},"canonical":"https:\/\/www.mzone.cz\/en\/mydy-rabycad-vydavaji-album-numbers-pokrti-jej-v-listopadu-ve-foru-karlin\/","og_locale":"en_US","og_type":"article","og_title":"Mydy Rabycad vyd\u00e1vaj\u00ed album Numbers, pok\u0159t\u00ed jej v listopadu ve Foru Karl\u00edn - Mzone","og_description":"Mydy Rabycad vys\u00edlaj\u00ed do sv\u011bta nov\u00e9 album Numbers, kter\u00e9 v listopadu pok\u0159t\u00ed ve Foru Karl\u00edn. V osmi p\u00edsn\u00edch na n\u011bm analyzuj\u00ed dobu, ve kter\u00e9 se \u00fasp\u011bch um\u011blc\u016f m\u011b\u0159\u00ed na z\u00e1klad\u011b po\u010dtu pale\u010dk\u016f a srd\u00ed\u010dek na soci\u00e1ln\u00edch s\u00edt\u00edch a spole\u010densk\u00fd status definuje cifra a po\u010det nul na bankovn\u00edm \u00fa\u010dtu.","og_url":"https:\/\/www.mzone.cz\/en\/mydy-rabycad-vydavaji-album-numbers-pokrti-jej-v-listopadu-ve-foru-karlin\/","og_site_name":"Mzone","article_publisher":"https:\/\/www.facebook.com\/MzoneCZ\/","article_published_time":"2019-10-27T17:00:31+00:00","og_image":[{"width":1024,"height":683,"url":"https:\/\/www.mzone.cz\/wp-content\/uploads\/2019\/10\/Mydy-Rabycad-1024x683.jpg","type":"image\/jpeg"}],"author":"Mzone","twitter_card":"summary_large_image","twitter_misc":{"Written by":"Mzone","Est. reading time":"4 minutes"},"schema":{"@context":"https:\/\/schema.org","@graph":[{"@type":"Article","@id":"https:\/\/www.mzone.cz\/mydy-rabycad-vydavaji-album-numbers-pokrti-jej-v-listopadu-ve-foru-karlin\/#article","isPartOf":{"@id":"https:\/\/www.mzone.cz\/mydy-rabycad-vydavaji-album-numbers-pokrti-jej-v-listopadu-ve-foru-karlin\/"},"author":{"name":"Mzone","@id":"https:\/\/www.mzone.cz\/#\/schema\/person\/9bc20cc422a99cac4af6ff9297da32d4"},"headline":"Mydy Rabycad vyd\u00e1vaj\u00ed album Numbers, pok\u0159t\u00ed jej v listopadu ve Foru Karl\u00edn","datePublished":"2019-10-27T17:00:31+00:00","mainEntityOfPage":{"@id":"https:\/\/www.mzone.cz\/mydy-rabycad-vydavaji-album-numbers-pokrti-jej-v-listopadu-ve-foru-karlin\/"},"wordCount":820,"commentCount":0,"image":{"@id":"https:\/\/www.mzone.cz\/mydy-rabycad-vydavaji-album-numbers-pokrti-jej-v-listopadu-ve-foru-karlin\/#primaryimage"},"thumbnailUrl":"https:\/\/www.mzone.cz\/wp-content\/uploads\/2019\/10\/Mydy-Rabycad.jpg","keywords":["electro swing","Forum Karl\u00edn","hudba","koncert","k\u0159est","Kultura","muzika","Mydy Rabycad","nov\u00e9 album","Numbers","Praha","tane\u010dn\u00ed hudba","vystoupen\u00ed"],"articleSection":["Hudba","Kultura"],"inLanguage":"en-US","potentialAction":[{"@type":"CommentAction","name":"Comment","target":["https:\/\/www.mzone.cz\/mydy-rabycad-vydavaji-album-numbers-pokrti-jej-v-listopadu-ve-foru-karlin\/#respond"]}]},{"@type":"WebPage","@id":"https:\/\/www.mzone.cz\/mydy-rabycad-vydavaji-album-numbers-pokrti-jej-v-listopadu-ve-foru-karlin\/","url":"https:\/\/www.mzone.cz\/mydy-rabycad-vydavaji-album-numbers-pokrti-jej-v-listopadu-ve-foru-karlin\/","name":"Mydy Rabycad vyd\u00e1vaj\u00ed album Numbers, pok\u0159t\u00ed jej v listopadu ve Foru Karl\u00edn - Mzone","isPartOf":{"@id":"https:\/\/www.mzone.cz\/#website"},"primaryImageOfPage":{"@id":"https:\/\/www.mzone.cz\/mydy-rabycad-vydavaji-album-numbers-pokrti-jej-v-listopadu-ve-foru-karlin\/#primaryimage"},"image":{"@id":"https:\/\/www.mzone.cz\/mydy-rabycad-vydavaji-album-numbers-pokrti-jej-v-listopadu-ve-foru-karlin\/#primaryimage"},"thumbnailUrl":"https:\/\/www.mzone.cz\/wp-content\/uploads\/2019\/10\/Mydy-Rabycad.jpg","datePublished":"2019-10-27T17:00:31+00:00","author":{"@id":"https:\/\/www.mzone.cz\/#\/schema\/person\/9bc20cc422a99cac4af6ff9297da32d4"},"description":"Mydy Rabycad vys\u00edlaj\u00ed do sv\u011bta nov\u00e9 album Numbers, kter\u00e9 v listopadu pok\u0159t\u00ed ve Foru Karl\u00edn. V osmi p\u00edsn\u00edch na n\u011bm analyzuj\u00ed dobu, ve kter\u00e9 se \u00fasp\u011bch um\u011blc\u016f m\u011b\u0159\u00ed na z\u00e1klad\u011b po\u010dtu pale\u010dk\u016f a srd\u00ed\u010dek na soci\u00e1ln\u00edch s\u00edt\u00edch a spole\u010densk\u00fd status definuje cifra a po\u010det nul na bankovn\u00edm \u00fa\u010dtu.","breadcrumb":{"@id":"https:\/\/www.mzone.cz\/mydy-rabycad-vydavaji-album-numbers-pokrti-jej-v-listopadu-ve-foru-karlin\/#breadcrumb"},"inLanguage":"en-US","potentialAction":[{"@type":"ReadAction","target":["https:\/\/www.mzone.cz\/mydy-rabycad-vydavaji-album-numbers-pokrti-jej-v-listopadu-ve-foru-karlin\/"]}]},{"@type":"ImageObject","inLanguage":"en-US","@id":"https:\/\/www.mzone.cz\/mydy-rabycad-vydavaji-album-numbers-pokrti-jej-v-listopadu-ve-foru-karlin\/#primaryimage","url":"https:\/\/www.mzone.cz\/wp-content\/uploads\/2019\/10\/Mydy-Rabycad.jpg","contentUrl":"https:\/\/www.mzone.cz\/wp-content\/uploads\/2019\/10\/Mydy-Rabycad.jpg","width":2660,"height":1773},{"@type":"BreadcrumbList","@id":"https:\/\/www.mzone.cz\/mydy-rabycad-vydavaji-album-numbers-pokrti-jej-v-listopadu-ve-foru-karlin\/#breadcrumb","itemListElement":[{"@type":"ListItem","position":1,"name":"Dom\u016f","item":"https:\/\/www.mzone.cz\/"},{"@type":"ListItem","position":2,"name":"Mydy Rabycad vyd\u00e1vaj\u00ed album Numbers, pok\u0159t\u00ed jej v listopadu ve Foru Karl\u00edn"}]},{"@type":"WebSite","@id":"https:\/\/www.mzone.cz\/#website","url":"https:\/\/www.mzone.cz\/","name":"Mzone","description":"Magaz\u00edn nejen pro mu\u017ee","potentialAction":[{"@type":"SearchAction","target":{"@type":"EntryPoint","urlTemplate":"https:\/\/www.mzone.cz\/?s={search_term_string}"},"query-input":{"@type":"PropertyValueSpecification","valueRequired":true,"valueName":"search_term_string"}}],"inLanguage":"en-US"},{"@type":"Person","@id":"https:\/\/www.mzone.cz\/#\/schema\/person\/9bc20cc422a99cac4af6ff9297da32d4","name":"Mzone","image":{"@type":"ImageObject","inLanguage":"en-US","@id":"https:\/\/secure.gravatar.com\/avatar\/e780a8630f3182a3d06dd667ab6bea151a0d155b0951bc15fe22633acdac0676?s=96&d=mm&r=g","url":"https:\/\/secure.gravatar.com\/avatar\/e780a8630f3182a3d06dd667ab6bea151a0d155b0951bc15fe22633acdac0676?s=96&d=mm&r=g","contentUrl":"https:\/\/secure.gravatar.com\/avatar\/e780a8630f3182a3d06dd667ab6bea151a0d155b0951bc15fe22633acdac0676?s=96&d=mm&r=g","caption":"Mzone"},"url":"https:\/\/www.mzone.cz\/en\/author\/jakub\/"}]}},"_links":{"self":[{"href":"https:\/\/www.mzone.cz\/en\/wp-json\/wp\/v2\/posts\/13635","targetHints":{"allow":["GET"]}}],"collection":[{"href":"https:\/\/www.mzone.cz\/en\/wp-json\/wp\/v2\/posts"}],"about":[{"href":"https:\/\/www.mzone.cz\/en\/wp-json\/wp\/v2\/types\/post"}],"author":[{"embeddable":true,"href":"https:\/\/www.mzone.cz\/en\/wp-json\/wp\/v2\/users\/4"}],"replies":[{"embeddable":true,"href":"https:\/\/www.mzone.cz\/en\/wp-json\/wp\/v2\/comments?post=13635"}],"version-history":[{"count":10,"href":"https:\/\/www.mzone.cz\/en\/wp-json\/wp\/v2\/posts\/13635\/revisions"}],"predecessor-version":[{"id":13650,"href":"https:\/\/www.mzone.cz\/en\/wp-json\/wp\/v2\/posts\/13635\/revisions\/13650"}],"wp:featuredmedia":[{"embeddable":true,"href":"https:\/\/www.mzone.cz\/en\/wp-json\/wp\/v2\/media\/13202"}],"wp:attachment":[{"href":"https:\/\/www.mzone.cz\/en\/wp-json\/wp\/v2\/media?parent=13635"}],"wp:term":[{"taxonomy":"category","embeddable":true,"href":"https:\/\/www.mzone.cz\/en\/wp-json\/wp\/v2\/categories?post=13635"},{"taxonomy":"post_tag","embeddable":true,"href":"https:\/\/www.mzone.cz\/en\/wp-json\/wp\/v2\/tags?post=13635"}],"curies":[{"name":"wp","href":"https:\/\/api.w.org\/{rel}","templated":true}]}}