{"id":13676,"date":"2019-10-29T18:00:49","date_gmt":"2019-10-29T17:00:49","guid":{"rendered":"https:\/\/www.mzone.cz\/?p=13676"},"modified":"2019-10-29T09:58:13","modified_gmt":"2019-10-29T08:58:13","slug":"katalanska-rallye-ott-tanak-ziskava-vubec-prvni-mistrovsky-titul","status":"publish","type":"post","link":"https:\/\/www.mzone.cz\/en\/katalanska-rallye-ott-tanak-ziskava-vubec-prvni-mistrovsky-titul\/","title":{"rendered":"Katal\u00e1nsk\u00e1 rallye: Ott T\u00e4nak z\u00edsk\u00e1v\u00e1 v\u016fbec prvn\u00ed mistrovsk\u00fd titul"},"content":{"rendered":"\n<p><strong>Jezdec t\u00fdmu Toyota Gazoo Racing WRT Ott T\u00e4nak se spole\u010dn\u011b s navig\u00e1torem Martinem J\u00e4rveojou zapsali do historie. Druh\u00fdm m\u00edstem na rallye ve \u0160pan\u011blsku si pojistili sv\u016fj prvn\u00ed titul ve sv\u011btov\u00e9m rallyov\u00e9m \u0161ampion\u00e1tu FIA.<\/strong><\/p><br>\n\n\n\n<p>Od roku 2004 z\u00edskali mistrovskou korunku WRC pouze t\u0159i r\u016fzn\u00ed jezdci, a t\u0159et\u00edm je pr\u00e1v\u011b T\u00e4nak. Spole\u010dn\u011b s J\u00e4rveojou jsou nav\u00edc prvn\u00edmi Estonci, kter\u00fdm byl tento \u00fasp\u011bch dop\u0159\u00e1n. Titul pro z\u00e1vodn\u00ed jezdce z\u00edsk\u00e1v\u00e1 Toyota pop\u00e1t\u00e9 v historii, a nav\u00edc poprv\u00e9 od triumfu Didiera Auriola v roce 1994.<\/p>\n\n\n\n<blockquote class=\"wp-block-quote is-layout-flow wp-block-quote-is-layout-flow\"><p>T\u00e4nak letos zv\u00edt\u011bzil zat\u00edm v \u0161esti z 12 podnik\u016f. Do p\u0159edposledn\u00edho kola t\u00e9to sez\u00f3ny startoval s n\u00e1skokem 28 bod\u016f v r\u00e1mci hodnocen\u00ed \u0161ampion\u00e1tu.<\/p><\/blockquote>\n\n\n\n<p>V jedin\u00e9m podniku sez\u00f3ny se skute\u010dn\u011b sm\u00ed\u0161en\u00fdm povrchem dojel T\u00e4nak celkov\u011b p\u00e1t\u00fd; nejd\u0159\u00edve absolvoval \u00favodn\u00ed den na \u0161otolin\u011b a n\u00e1sledn\u011b se v sobotu d\u00edky \u010dty\u0159em v\u00edt\u011bzn\u00fdm erzet\u00e1m za sebou na asfaltu posunul na t\u0159et\u00ed pozici.<\/p><br>\n\n\n\n<figure class=\"wp-block-image\"><img loading=\"lazy\" decoding=\"async\" width=\"1024\" height=\"682\" src=\"https:\/\/www.mzone.cz\/wp-content\/uploads\/2019\/10\/16_WRC_2019_Rd13_152-1024x682.jpg\" alt=\"\" class=\"wp-image-13681\" srcset=\"https:\/\/www.mzone.cz\/wp-content\/uploads\/2019\/10\/16_WRC_2019_Rd13_152-1024x682.jpg 1024w, https:\/\/www.mzone.cz\/wp-content\/uploads\/2019\/10\/16_WRC_2019_Rd13_152-300x200.jpg 300w, https:\/\/www.mzone.cz\/wp-content\/uploads\/2019\/10\/16_WRC_2019_Rd13_152-768x512.jpg 768w, https:\/\/www.mzone.cz\/wp-content\/uploads\/2019\/10\/16_WRC_2019_Rd13_152-800x533.jpg 800w, https:\/\/www.mzone.cz\/wp-content\/uploads\/2019\/10\/16_WRC_2019_Rd13_152-400x267.jpg 400w, https:\/\/www.mzone.cz\/wp-content\/uploads\/2019\/10\/16_WRC_2019_Rd13_152-500x333.jpg 500w, https:\/\/www.mzone.cz\/wp-content\/uploads\/2019\/10\/16_WRC_2019_Rd13_152-1170x780.jpg 1170w, https:\/\/www.mzone.cz\/wp-content\/uploads\/2019\/10\/16_WRC_2019_Rd13_152-590x393.jpg 590w, https:\/\/www.mzone.cz\/wp-content\/uploads\/2019\/10\/16_WRC_2019_Rd13_152.jpg 1280w\" sizes=\"auto, (max-width: 1024px) 100vw, 1024px\" \/><\/figure><br>\n\n\n\n<p>V ned\u011bli zahajoval s pohodln\u00fdm n\u00e1skokem p\u0159ed dal\u0161\u00edm jezdcem v po\u0159ad\u00ed, nicm\u00e9n\u011b k poji\u0161t\u011bn\u00ed titulu mistra sv\u011bta st\u00e1le pot\u0159eboval v\u00fdrazn\u011b tla\u010dit na pilu v z\u00e1v\u011bre\u010dn\u00e9 Power Stage.<\/p>\n\n\n\n<blockquote class=\"wp-block-quote is-layout-flow wp-block-quote-is-layout-flow\"><p>V neuv\u011b\u0159iteln\u00e9m pr\u016fjezdu rychlostn\u00ed zkou\u0161kou o d\u00e9lce 20,72 km p\u0159ekonal druh\u00e9ho nejrychlej\u0161\u00edho o 3,6 sekundy, \u010d\u00edm\u017e vybojoval v\u0161ech p\u011bt bonusov\u00fdch bod\u016f, a nav\u00edc i celkov\u00e9 druh\u00e9 m\u00edsto v z\u00e1vodu.<\/p><\/blockquote>\n\n\n\n<p>Jari-Matti Latvala dojel jako p\u00e1t\u00fd se ziskem n\u011bkolika d\u016fle\u017eit\u00fdch bod\u016f do mistrovstv\u00ed tov\u00e1rn\u00edch t\u00fdm\u016f, kde m\u00e1 Toyota st\u00e1le \u0161anci zv\u00edt\u011bzit v nadch\u00e1zej\u00edc\u00edm fin\u00e1ln\u00edm kole sez\u00f3ny v Austr\u00e1lii \u2013 na vedouc\u00ed t\u00fdm ztr\u00e1c\u00ed pouh\u00fdch 18 bod\u016f. Kris Meeke se po odstoupen\u00ed ze z\u00e1vodu v sobotu dopoledne kv\u016fli nehod\u011b op\u011bt vr\u00e1til do akce v ned\u011bli podle pravidel pro restart.<\/p><br>\n\n\n\n<figure class=\"wp-block-image\"><img loading=\"lazy\" decoding=\"async\" width=\"1024\" height=\"682\" src=\"https:\/\/www.mzone.cz\/wp-content\/uploads\/2019\/10\/wrc-2019-rd13-098-257985-1-1024x682.jpg\" alt=\"\" class=\"wp-image-13684\" srcset=\"https:\/\/www.mzone.cz\/wp-content\/uploads\/2019\/10\/wrc-2019-rd13-098-257985-1-1024x682.jpg 1024w, https:\/\/www.mzone.cz\/wp-content\/uploads\/2019\/10\/wrc-2019-rd13-098-257985-1-300x200.jpg 300w, https:\/\/www.mzone.cz\/wp-content\/uploads\/2019\/10\/wrc-2019-rd13-098-257985-1-768x512.jpg 768w, https:\/\/www.mzone.cz\/wp-content\/uploads\/2019\/10\/wrc-2019-rd13-098-257985-1-800x533.jpg 800w, https:\/\/www.mzone.cz\/wp-content\/uploads\/2019\/10\/wrc-2019-rd13-098-257985-1-400x267.jpg 400w, https:\/\/www.mzone.cz\/wp-content\/uploads\/2019\/10\/wrc-2019-rd13-098-257985-1-500x333.jpg 500w, https:\/\/www.mzone.cz\/wp-content\/uploads\/2019\/10\/wrc-2019-rd13-098-257985-1-1170x780.jpg 1170w, https:\/\/www.mzone.cz\/wp-content\/uploads\/2019\/10\/wrc-2019-rd13-098-257985-1-590x393.jpg 590w, https:\/\/www.mzone.cz\/wp-content\/uploads\/2019\/10\/wrc-2019-rd13-098-257985-1.jpg 1280w\" sizes=\"auto, (max-width: 1024px) 100vw, 1024px\" \/><\/figure><br>\n\n\n\n<p>Jezdec Takamoto Katsuta, za\u0159azen\u00fd do programu Rally Challenge Program t\u00fdmu Toyota Gazoo Racing, \u00fasp\u011b\u0161n\u011b zakon\u010dil sv\u016fj druh\u00fd podnik nejvy\u0161\u0161\u00ed \u00farovn\u011b se samostatn\u011b nasazen\u00fdm vozem Toyota Yaris WRC, a i p\u0159es zpomalen\u00ed kv\u016fli sobotn\u00ed technick\u00e9 z\u00e1vad\u011b op\u011bt prok\u00e1zal slu\u0161n\u00fd pokrok.<\/p><br>\n\n\n\n<div class=\"wp-block-image\"><figure class=\"alignleft is-resized\"><img loading=\"lazy\" decoding=\"async\" src=\"https:\/\/www.mzone.cz\/wp-content\/uploads\/2019\/10\/Katal\u00e1nsk\u00e1-rallye-1024x683.jpg\" alt=\"\" class=\"wp-image-13412\" width=\"123\" height=\"81\" srcset=\"https:\/\/www.mzone.cz\/wp-content\/uploads\/2019\/10\/Katal\u00e1nsk\u00e1-rallye-1024x683.jpg 1024w, https:\/\/www.mzone.cz\/wp-content\/uploads\/2019\/10\/Katal\u00e1nsk\u00e1-rallye-300x200.jpg 300w, https:\/\/www.mzone.cz\/wp-content\/uploads\/2019\/10\/Katal\u00e1nsk\u00e1-rallye-768x512.jpg 768w, https:\/\/www.mzone.cz\/wp-content\/uploads\/2019\/10\/Katal\u00e1nsk\u00e1-rallye-800x533.jpg 800w, https:\/\/www.mzone.cz\/wp-content\/uploads\/2019\/10\/Katal\u00e1nsk\u00e1-rallye-400x267.jpg 400w, https:\/\/www.mzone.cz\/wp-content\/uploads\/2019\/10\/Katal\u00e1nsk\u00e1-rallye-500x333.jpg 500w, https:\/\/www.mzone.cz\/wp-content\/uploads\/2019\/10\/Katal\u00e1nsk\u00e1-rallye-590x394.jpg 590w, https:\/\/www.mzone.cz\/wp-content\/uploads\/2019\/10\/Katal\u00e1nsk\u00e1-rallye.jpg 1042w\" sizes=\"auto, (max-width: 123px) 100vw, 123px\" \/><\/figure><\/div>\n\n\n\n<h4><a href=\"https:\/\/www.mzone.cz\/zacina-katalanska-rallye-je-to-jedina-rallye-se-skutecne-smisenym-povrchem\/\">Za\u010d\u00edn\u00e1 Katal\u00e1nsk\u00e1 rallye! Je to jedin\u00e1 rallye se skute\u010dn\u011b sm\u00ed\u0161en\u00fdm povrchem<\/a><\/h4><br>\n\n\n\n<p>\u201eJedn\u00e1 se o historick\u00fd \u00fasp\u011bch: m\u00e1me nov\u00e9ho mistra sv\u011bta. Je to velk\u00e1 odm\u011bna pro v\u0161echny \u010dleny t\u00fdmu za jejich \u00fasil\u00ed, kter\u00e9 po celou sez\u00f3nu na cest\u011b k tomuto c\u00edli prokazovali spole\u010dn\u011b s Ottem a Martinem. Ott byl tento v\u00edkend pod velk\u00fdm tlakem. V\u00edm, jak\u00e9 to je, a mysl\u00edm jen m\u00e1lokdo si dok\u00e1\u017ee p\u0159edstavit, co to znamen\u00e1. To, co p\u0159edvedl b\u011bhem Power Stage, ud\u011blat to spr\u00e1vn\u00e9 k zisku titulu, to bylo naprosto \u00fa\u017easn\u00e9. Druh\u00e9 m\u00edsto n\u00e1m pomohlo i v r\u00e1mci \u0161ampion\u00e1tu tov\u00e1rn\u00edch t\u00fdm\u016f. St\u00e1le m\u00e1me \u0161anci v Austr\u00e1lii a d\u00e1me do toho maximum,\u201c uvedl po z\u00e1vod\u011b \u0161\u00e9f t\u00fdmu Toyota Gazoo Racing Tommi M\u00e4kinen.<\/p>\n\n\n\n<blockquote class=\"wp-block-quote is-layout-flow wp-block-quote-is-layout-flow\"><p>\u201eVlastn\u011b nev\u00edm, co v tuto chv\u00edli \u0159\u00edci. Tlak tento v\u00edkend byl na zcela jin\u00e9 \u00farovni. Toto bylo m\u00fdm \u017eivotn\u00edm c\u00edlem,&#8221; \u0159ekl po z\u00e1vod\u011b Ott T\u00e4nak.<\/p><\/blockquote>\n\n\n\n<p>\u201eV\u011bd\u011bl jsem, \u017ee se nesm\u00edm dopustit \u017e\u00e1dn\u00fdch chyb, ale tak\u00e9 jsem musel dos\u00e1hnout dobr\u00e9ho v\u00fdsledku, aby to vy\u0161lo. Tak\u017ee to byl masivn\u00ed tlak a zpo\u010d\u00e1tku bylo obt\u00ed\u017en\u00e9 si na to zvyknout. Ale ke konci se mi n\u011bjak poda\u0159ilo uvolnit se a dostat do obvykl\u00e9 z\u00e1vodn\u00ed n\u00e1lady. R\u00e1no jsem m\u011bl z vozu dobr\u00fd pocit a dok\u00e1zal jsem jet ve spr\u00e1vn\u00e9m tempu, ale Dani [Sordo] byl v\u017edy trochu rychlej\u0161\u00ed, tak\u017ee mi bylo jasn\u00e9, \u017ee v Power Stage bude t\u011b\u017ek\u00e9 vybojovat body, kter\u00e9 pot\u0159ebujeme. Hodn\u011b jsem tla\u010dil na pilu, co\u017e se nakonec vyplatilo. B\u011bhem sv\u00e9 kari\u00e9ry jsem musel p\u0159ekonat hodn\u011b p\u0159ek\u00e1\u017eek, tak\u017ee je kr\u00e1sa, \u017ee se mi to nakonec poda\u0159ilo. D\u00edky cel\u00e9mu t\u00fdmu, odvedli skv\u011blou pr\u00e1ci,\u201c dodal celkov\u00fd v\u00edt\u011bz.<\/p><br>\n\n\n\n<figure class=\"wp-block-image\"><img loading=\"lazy\" decoding=\"async\" width=\"1024\" height=\"682\" src=\"https:\/\/www.mzone.cz\/wp-content\/uploads\/2019\/10\/02_WRC_2019_Rd13_299-1024x682.jpg\" alt=\"\" class=\"wp-image-13693\" srcset=\"https:\/\/www.mzone.cz\/wp-content\/uploads\/2019\/10\/02_WRC_2019_Rd13_299-1024x682.jpg 1024w, https:\/\/www.mzone.cz\/wp-content\/uploads\/2019\/10\/02_WRC_2019_Rd13_299-300x200.jpg 300w, https:\/\/www.mzone.cz\/wp-content\/uploads\/2019\/10\/02_WRC_2019_Rd13_299-768x512.jpg 768w, https:\/\/www.mzone.cz\/wp-content\/uploads\/2019\/10\/02_WRC_2019_Rd13_299-800x533.jpg 800w, https:\/\/www.mzone.cz\/wp-content\/uploads\/2019\/10\/02_WRC_2019_Rd13_299-400x267.jpg 400w, https:\/\/www.mzone.cz\/wp-content\/uploads\/2019\/10\/02_WRC_2019_Rd13_299-500x333.jpg 500w, https:\/\/www.mzone.cz\/wp-content\/uploads\/2019\/10\/02_WRC_2019_Rd13_299-1170x780.jpg 1170w, https:\/\/www.mzone.cz\/wp-content\/uploads\/2019\/10\/02_WRC_2019_Rd13_299-590x393.jpg 590w, https:\/\/www.mzone.cz\/wp-content\/uploads\/2019\/10\/02_WRC_2019_Rd13_299.jpg 1280w\" sizes=\"auto, (max-width: 1024px) 100vw, 1024px\" \/><\/figure><br>\n\n\n\n<h3 class=\"wp-block-heading\"><strong>A co bude n\u00e1sledovat?<\/strong><\/h3>\n\n\n\n<p>Z\u00e1vodn\u00ed sez\u00f3nu zakon\u010duje podnik Rallye Austr\u00e1lie (14. a\u017e 17. listopadu 2019), po\u0159\u00e1dan\u00fd na pestr\u00fdch \u0161otolinov\u00fdch cest\u00e1ch v kombinaci \u00fazk\u00fdch a zat\u00e1\u010dkovit\u00fdch lesn\u00edch trat\u00ed a rychl\u00fdch plynul\u00fdch \u00fasek\u016f v otev\u0159en\u00e9 krajin\u011b. Op\u011bt se bude na co t\u011b\u0161it!<\/p><br>\n\n\n\n<div class=\"wp-block-image\"><figure class=\"alignleft is-resized\"><img loading=\"lazy\" decoding=\"async\" src=\"https:\/\/www.mzone.cz\/wp-content\/uploads\/2018\/12\/Incidente_di_Ayrton_Senna_a_Imola_1994_-_02-1024x689.jpg\" alt=\"\" class=\"wp-image-2754\" width=\"127\" height=\"84\" srcset=\"https:\/\/www.mzone.cz\/wp-content\/uploads\/2018\/12\/Incidente_di_Ayrton_Senna_a_Imola_1994_-_02.jpg 1024w, https:\/\/www.mzone.cz\/wp-content\/uploads\/2018\/12\/Incidente_di_Ayrton_Senna_a_Imola_1994_-_02-768x517.jpg 768w, https:\/\/www.mzone.cz\/wp-content\/uploads\/2018\/12\/Incidente_di_Ayrton_Senna_a_Imola_1994_-_02-800x533.jpg 800w, https:\/\/www.mzone.cz\/wp-content\/uploads\/2018\/12\/Incidente_di_Ayrton_Senna_a_Imola_1994_-_02-400x267.jpg 400w, https:\/\/www.mzone.cz\/wp-content\/uploads\/2018\/12\/Incidente_di_Ayrton_Senna_a_Imola_1994_-_02-500x333.jpg 500w, https:\/\/www.mzone.cz\/wp-content\/uploads\/2018\/12\/Incidente_di_Ayrton_Senna_a_Imola_1994_-_02-590x397.jpg 590w\" sizes=\"auto, (max-width: 127px) 100vw, 127px\" \/><\/figure><\/div>\n\n\n\n<h4><a href=\"https:\/\/www.mzone.cz\/5-osudovych-havarii-ktere-skoncily-smrti-ale-pak-zachranily-zivot-ostatnim\/\">5 osudov\u00fdch hav\u00e1ri\u00ed, kter\u00e9 skon\u010dily smrt\u00ed, ale pak zachr\u00e1nily \u017eivot ostatn\u00edm<\/a><\/h4><br>\n","protected":false},"excerpt":{"rendered":"<p>Jezdec t\u00fdmu Toyota Gazoo Racing WRT Ott T\u00e4nak se spole\u010dn\u011b s navig\u00e1torem Martinem J\u00e4rveojou zapsali do historie. Druh\u00fdm m\u00edstem na rallye ve \u0160pan\u011blsku si pojistili sv\u016fj prvn\u00ed titul ve sv\u011btov\u00e9m rallyov\u00e9m \u0161ampion\u00e1tu FIA. Od roku 2004 z\u00edskali mistrovskou korunku WRC pouze t\u0159i r\u016fzn\u00ed jezdci, a t\u0159et\u00edm je pr\u00e1v\u011b T\u00e4nak. Spole\u010dn\u011b s J\u00e4rveojou jsou nav\u00edc prvn\u00edmi [&hellip;]<\/p>\n","protected":false},"author":4,"featured_media":13677,"comment_status":"open","ping_status":"closed","sticky":false,"template":"","format":"standard","meta":{"kk_blocks_editor_width":"","_kiokenblocks_attr":"","_kiokenblocks_dimensions":"","footnotes":""},"categories":[69,80],"tags":[585,82,462,2869,2220,2903,636,2904,2085,2083,2201,42,2216,687,1136,2902],"class_list":["post-13676","post","type-post","status-publish","format-standard","has-post-thumbnail","hentry","category-auto-moto","category-sport","tag-auta","tag-auto","tag-auto-moto","tag-katalanska-rallye","tag-mistr-sveta","tag-mistrovsky-titul","tag-motorsport","tag-ott-tanak","tag-rally","tag-rallye","tag-sampionat","tag-sport","tag-titul","tag-toyota","tag-vitezstvi","tag-wrc"],"yoast_head":"<!-- This site is optimized with the Yoast SEO plugin v27.5 - https:\/\/yoast.com\/product\/yoast-seo-wordpress\/ -->\n<title>Katal\u00e1nsk\u00e1 rallye: Ott T\u00e4nak z\u00edsk\u00e1v\u00e1 v\u016fbec prvn\u00ed mistrovsk\u00fd titul - Mzone<\/title>\n<meta name=\"description\" content=\"Jezdec t\u00fdmu Toyota Gazoo Racing WRT Ott T\u00e4nak se spole\u010dn\u011b s navig\u00e1torem Martinem J\u00e4rveojou zapsali do historie. Druh\u00fdm m\u00edstem na rallye ve \u0160pan\u011blsku si pojistili sv\u016fj prvn\u00ed titul ve sv\u011btov\u00e9m rallyov\u00e9m \u0161ampion\u00e1tu FIA.\" \/>\n<meta name=\"robots\" content=\"index, follow, max-snippet:-1, max-image-preview:large, max-video-preview:-1\" \/>\n<link rel=\"canonical\" href=\"https:\/\/www.mzone.cz\/en\/katalanska-rallye-ott-tanak-ziskava-vubec-prvni-mistrovsky-titul\/\" \/>\n<meta property=\"og:locale\" content=\"en_US\" \/>\n<meta property=\"og:type\" content=\"article\" \/>\n<meta property=\"og:title\" content=\"Katal\u00e1nsk\u00e1 rallye: Ott T\u00e4nak z\u00edsk\u00e1v\u00e1 v\u016fbec prvn\u00ed mistrovsk\u00fd titul - Mzone\" \/>\n<meta property=\"og:description\" content=\"Jezdec t\u00fdmu Toyota Gazoo Racing WRT Ott T\u00e4nak se spole\u010dn\u011b s navig\u00e1torem Martinem J\u00e4rveojou zapsali do historie. Druh\u00fdm m\u00edstem na rallye ve \u0160pan\u011blsku si pojistili sv\u016fj prvn\u00ed titul ve sv\u011btov\u00e9m rallyov\u00e9m \u0161ampion\u00e1tu FIA.\" \/>\n<meta property=\"og:url\" content=\"https:\/\/www.mzone.cz\/en\/katalanska-rallye-ott-tanak-ziskava-vubec-prvni-mistrovsky-titul\/\" \/>\n<meta property=\"og:site_name\" content=\"Mzone\" \/>\n<meta property=\"article:publisher\" content=\"https:\/\/www.facebook.com\/MzoneCZ\/\" \/>\n<meta property=\"article:published_time\" content=\"2019-10-29T17:00:49+00:00\" \/>\n<meta property=\"og:image\" content=\"https:\/\/www.mzone.cz\/wp-content\/uploads\/2019\/10\/Katal\u00e1nsk\u00e1-rallye-1.jpg\" \/>\n\t<meta property=\"og:image:width\" content=\"956\" \/>\n\t<meta property=\"og:image:height\" content=\"637\" \/>\n\t<meta property=\"og:image:type\" content=\"image\/jpeg\" \/>\n<meta name=\"author\" content=\"Mzone\" \/>\n<meta name=\"twitter:card\" content=\"summary_large_image\" \/>\n<meta name=\"twitter:label1\" content=\"Written by\" \/>\n\t<meta name=\"twitter:data1\" content=\"Mzone\" \/>\n\t<meta name=\"twitter:label2\" content=\"Est. reading time\" \/>\n\t<meta name=\"twitter:data2\" content=\"4 minutes\" \/>\n<script type=\"application\/ld+json\" class=\"yoast-schema-graph\">{\"@context\":\"https:\\\/\\\/schema.org\",\"@graph\":[{\"@type\":\"Article\",\"@id\":\"https:\\\/\\\/www.mzone.cz\\\/katalanska-rallye-ott-tanak-ziskava-vubec-prvni-mistrovsky-titul\\\/#article\",\"isPartOf\":{\"@id\":\"https:\\\/\\\/www.mzone.cz\\\/katalanska-rallye-ott-tanak-ziskava-vubec-prvni-mistrovsky-titul\\\/\"},\"author\":{\"name\":\"Mzone\",\"@id\":\"https:\\\/\\\/www.mzone.cz\\\/#\\\/schema\\\/person\\\/9bc20cc422a99cac4af6ff9297da32d4\"},\"headline\":\"Katal\u00e1nsk\u00e1 rallye: Ott T\u00e4nak z\u00edsk\u00e1v\u00e1 v\u016fbec prvn\u00ed mistrovsk\u00fd titul\",\"datePublished\":\"2019-10-29T17:00:49+00:00\",\"mainEntityOfPage\":{\"@id\":\"https:\\\/\\\/www.mzone.cz\\\/katalanska-rallye-ott-tanak-ziskava-vubec-prvni-mistrovsky-titul\\\/\"},\"wordCount\":836,\"commentCount\":0,\"image\":{\"@id\":\"https:\\\/\\\/www.mzone.cz\\\/katalanska-rallye-ott-tanak-ziskava-vubec-prvni-mistrovsky-titul\\\/#primaryimage\"},\"thumbnailUrl\":\"https:\\\/\\\/www.mzone.cz\\\/wp-content\\\/uploads\\\/2019\\\/10\\\/Katal\u00e1nsk\u00e1-rallye-1.jpg\",\"keywords\":[\"auta\",\"Auto\",\"auto-moto\",\"Katal\u00e1nsk\u00e1 rallye\",\"mistr sv\u011bta\",\"mistrovsk\u00fd titul\",\"motorsport\",\"Ott T\u00e4nak\",\"rally\",\"rallye\",\"\u0161ampion\u00e1t\",\"Sport\",\"titul\",\"Toyota\",\"v\u00edt\u011bzstv\u00ed\",\"WRC\"],\"articleSection\":[\"Auto-moto\",\"Sport\"],\"inLanguage\":\"en-US\",\"potentialAction\":[{\"@type\":\"CommentAction\",\"name\":\"Comment\",\"target\":[\"https:\\\/\\\/www.mzone.cz\\\/katalanska-rallye-ott-tanak-ziskava-vubec-prvni-mistrovsky-titul\\\/#respond\"]}]},{\"@type\":\"WebPage\",\"@id\":\"https:\\\/\\\/www.mzone.cz\\\/katalanska-rallye-ott-tanak-ziskava-vubec-prvni-mistrovsky-titul\\\/\",\"url\":\"https:\\\/\\\/www.mzone.cz\\\/katalanska-rallye-ott-tanak-ziskava-vubec-prvni-mistrovsky-titul\\\/\",\"name\":\"Katal\u00e1nsk\u00e1 rallye: Ott T\u00e4nak z\u00edsk\u00e1v\u00e1 v\u016fbec prvn\u00ed mistrovsk\u00fd titul - Mzone\",\"isPartOf\":{\"@id\":\"https:\\\/\\\/www.mzone.cz\\\/#website\"},\"primaryImageOfPage\":{\"@id\":\"https:\\\/\\\/www.mzone.cz\\\/katalanska-rallye-ott-tanak-ziskava-vubec-prvni-mistrovsky-titul\\\/#primaryimage\"},\"image\":{\"@id\":\"https:\\\/\\\/www.mzone.cz\\\/katalanska-rallye-ott-tanak-ziskava-vubec-prvni-mistrovsky-titul\\\/#primaryimage\"},\"thumbnailUrl\":\"https:\\\/\\\/www.mzone.cz\\\/wp-content\\\/uploads\\\/2019\\\/10\\\/Katal\u00e1nsk\u00e1-rallye-1.jpg\",\"datePublished\":\"2019-10-29T17:00:49+00:00\",\"author\":{\"@id\":\"https:\\\/\\\/www.mzone.cz\\\/#\\\/schema\\\/person\\\/9bc20cc422a99cac4af6ff9297da32d4\"},\"description\":\"Jezdec t\u00fdmu Toyota Gazoo Racing WRT Ott T\u00e4nak se spole\u010dn\u011b s navig\u00e1torem Martinem J\u00e4rveojou zapsali do historie. Druh\u00fdm m\u00edstem na rallye ve \u0160pan\u011blsku si pojistili sv\u016fj prvn\u00ed titul ve sv\u011btov\u00e9m rallyov\u00e9m \u0161ampion\u00e1tu FIA.\",\"breadcrumb\":{\"@id\":\"https:\\\/\\\/www.mzone.cz\\\/katalanska-rallye-ott-tanak-ziskava-vubec-prvni-mistrovsky-titul\\\/#breadcrumb\"},\"inLanguage\":\"en-US\",\"potentialAction\":[{\"@type\":\"ReadAction\",\"target\":[\"https:\\\/\\\/www.mzone.cz\\\/katalanska-rallye-ott-tanak-ziskava-vubec-prvni-mistrovsky-titul\\\/\"]}]},{\"@type\":\"ImageObject\",\"inLanguage\":\"en-US\",\"@id\":\"https:\\\/\\\/www.mzone.cz\\\/katalanska-rallye-ott-tanak-ziskava-vubec-prvni-mistrovsky-titul\\\/#primaryimage\",\"url\":\"https:\\\/\\\/www.mzone.cz\\\/wp-content\\\/uploads\\\/2019\\\/10\\\/Katal\u00e1nsk\u00e1-rallye-1.jpg\",\"contentUrl\":\"https:\\\/\\\/www.mzone.cz\\\/wp-content\\\/uploads\\\/2019\\\/10\\\/Katal\u00e1nsk\u00e1-rallye-1.jpg\",\"width\":956,\"height\":637},{\"@type\":\"BreadcrumbList\",\"@id\":\"https:\\\/\\\/www.mzone.cz\\\/katalanska-rallye-ott-tanak-ziskava-vubec-prvni-mistrovsky-titul\\\/#breadcrumb\",\"itemListElement\":[{\"@type\":\"ListItem\",\"position\":1,\"name\":\"Dom\u016f\",\"item\":\"https:\\\/\\\/www.mzone.cz\\\/\"},{\"@type\":\"ListItem\",\"position\":2,\"name\":\"Katal\u00e1nsk\u00e1 rallye: Ott T\u00e4nak z\u00edsk\u00e1v\u00e1 v\u016fbec prvn\u00ed mistrovsk\u00fd titul\"}]},{\"@type\":\"WebSite\",\"@id\":\"https:\\\/\\\/www.mzone.cz\\\/#website\",\"url\":\"https:\\\/\\\/www.mzone.cz\\\/\",\"name\":\"Mzone\",\"description\":\"Magaz\u00edn nejen pro mu\u017ee\",\"potentialAction\":[{\"@type\":\"SearchAction\",\"target\":{\"@type\":\"EntryPoint\",\"urlTemplate\":\"https:\\\/\\\/www.mzone.cz\\\/?s={search_term_string}\"},\"query-input\":{\"@type\":\"PropertyValueSpecification\",\"valueRequired\":true,\"valueName\":\"search_term_string\"}}],\"inLanguage\":\"en-US\"},{\"@type\":\"Person\",\"@id\":\"https:\\\/\\\/www.mzone.cz\\\/#\\\/schema\\\/person\\\/9bc20cc422a99cac4af6ff9297da32d4\",\"name\":\"Mzone\",\"image\":{\"@type\":\"ImageObject\",\"inLanguage\":\"en-US\",\"@id\":\"https:\\\/\\\/secure.gravatar.com\\\/avatar\\\/e780a8630f3182a3d06dd667ab6bea151a0d155b0951bc15fe22633acdac0676?s=96&d=mm&r=g\",\"url\":\"https:\\\/\\\/secure.gravatar.com\\\/avatar\\\/e780a8630f3182a3d06dd667ab6bea151a0d155b0951bc15fe22633acdac0676?s=96&d=mm&r=g\",\"contentUrl\":\"https:\\\/\\\/secure.gravatar.com\\\/avatar\\\/e780a8630f3182a3d06dd667ab6bea151a0d155b0951bc15fe22633acdac0676?s=96&d=mm&r=g\",\"caption\":\"Mzone\"},\"url\":\"https:\\\/\\\/www.mzone.cz\\\/en\\\/author\\\/jakub\\\/\"}]}<\/script>\n<!-- \/ Yoast SEO plugin. -->","yoast_head_json":{"title":"Katal\u00e1nsk\u00e1 rallye: Ott T\u00e4nak z\u00edsk\u00e1v\u00e1 v\u016fbec prvn\u00ed mistrovsk\u00fd titul - Mzone","description":"Jezdec t\u00fdmu Toyota Gazoo Racing WRT Ott T\u00e4nak se spole\u010dn\u011b s navig\u00e1torem Martinem J\u00e4rveojou zapsali do historie. Druh\u00fdm m\u00edstem na rallye ve \u0160pan\u011blsku si pojistili sv\u016fj prvn\u00ed titul ve sv\u011btov\u00e9m rallyov\u00e9m \u0161ampion\u00e1tu FIA.","robots":{"index":"index","follow":"follow","max-snippet":"max-snippet:-1","max-image-preview":"max-image-preview:large","max-video-preview":"max-video-preview:-1"},"canonical":"https:\/\/www.mzone.cz\/en\/katalanska-rallye-ott-tanak-ziskava-vubec-prvni-mistrovsky-titul\/","og_locale":"en_US","og_type":"article","og_title":"Katal\u00e1nsk\u00e1 rallye: Ott T\u00e4nak z\u00edsk\u00e1v\u00e1 v\u016fbec prvn\u00ed mistrovsk\u00fd titul - Mzone","og_description":"Jezdec t\u00fdmu Toyota Gazoo Racing WRT Ott T\u00e4nak se spole\u010dn\u011b s navig\u00e1torem Martinem J\u00e4rveojou zapsali do historie. Druh\u00fdm m\u00edstem na rallye ve \u0160pan\u011blsku si pojistili sv\u016fj prvn\u00ed titul ve sv\u011btov\u00e9m rallyov\u00e9m \u0161ampion\u00e1tu FIA.","og_url":"https:\/\/www.mzone.cz\/en\/katalanska-rallye-ott-tanak-ziskava-vubec-prvni-mistrovsky-titul\/","og_site_name":"Mzone","article_publisher":"https:\/\/www.facebook.com\/MzoneCZ\/","article_published_time":"2019-10-29T17:00:49+00:00","og_image":[{"width":956,"height":637,"url":"https:\/\/www.mzone.cz\/wp-content\/uploads\/2019\/10\/Katal\u00e1nsk\u00e1-rallye-1.jpg","type":"image\/jpeg"}],"author":"Mzone","twitter_card":"summary_large_image","twitter_misc":{"Written by":"Mzone","Est. reading time":"4 minutes"},"schema":{"@context":"https:\/\/schema.org","@graph":[{"@type":"Article","@id":"https:\/\/www.mzone.cz\/katalanska-rallye-ott-tanak-ziskava-vubec-prvni-mistrovsky-titul\/#article","isPartOf":{"@id":"https:\/\/www.mzone.cz\/katalanska-rallye-ott-tanak-ziskava-vubec-prvni-mistrovsky-titul\/"},"author":{"name":"Mzone","@id":"https:\/\/www.mzone.cz\/#\/schema\/person\/9bc20cc422a99cac4af6ff9297da32d4"},"headline":"Katal\u00e1nsk\u00e1 rallye: Ott T\u00e4nak z\u00edsk\u00e1v\u00e1 v\u016fbec prvn\u00ed mistrovsk\u00fd titul","datePublished":"2019-10-29T17:00:49+00:00","mainEntityOfPage":{"@id":"https:\/\/www.mzone.cz\/katalanska-rallye-ott-tanak-ziskava-vubec-prvni-mistrovsky-titul\/"},"wordCount":836,"commentCount":0,"image":{"@id":"https:\/\/www.mzone.cz\/katalanska-rallye-ott-tanak-ziskava-vubec-prvni-mistrovsky-titul\/#primaryimage"},"thumbnailUrl":"https:\/\/www.mzone.cz\/wp-content\/uploads\/2019\/10\/Katal\u00e1nsk\u00e1-rallye-1.jpg","keywords":["auta","Auto","auto-moto","Katal\u00e1nsk\u00e1 rallye","mistr sv\u011bta","mistrovsk\u00fd titul","motorsport","Ott T\u00e4nak","rally","rallye","\u0161ampion\u00e1t","Sport","titul","Toyota","v\u00edt\u011bzstv\u00ed","WRC"],"articleSection":["Auto-moto","Sport"],"inLanguage":"en-US","potentialAction":[{"@type":"CommentAction","name":"Comment","target":["https:\/\/www.mzone.cz\/katalanska-rallye-ott-tanak-ziskava-vubec-prvni-mistrovsky-titul\/#respond"]}]},{"@type":"WebPage","@id":"https:\/\/www.mzone.cz\/katalanska-rallye-ott-tanak-ziskava-vubec-prvni-mistrovsky-titul\/","url":"https:\/\/www.mzone.cz\/katalanska-rallye-ott-tanak-ziskava-vubec-prvni-mistrovsky-titul\/","name":"Katal\u00e1nsk\u00e1 rallye: Ott T\u00e4nak z\u00edsk\u00e1v\u00e1 v\u016fbec prvn\u00ed mistrovsk\u00fd titul - Mzone","isPartOf":{"@id":"https:\/\/www.mzone.cz\/#website"},"primaryImageOfPage":{"@id":"https:\/\/www.mzone.cz\/katalanska-rallye-ott-tanak-ziskava-vubec-prvni-mistrovsky-titul\/#primaryimage"},"image":{"@id":"https:\/\/www.mzone.cz\/katalanska-rallye-ott-tanak-ziskava-vubec-prvni-mistrovsky-titul\/#primaryimage"},"thumbnailUrl":"https:\/\/www.mzone.cz\/wp-content\/uploads\/2019\/10\/Katal\u00e1nsk\u00e1-rallye-1.jpg","datePublished":"2019-10-29T17:00:49+00:00","author":{"@id":"https:\/\/www.mzone.cz\/#\/schema\/person\/9bc20cc422a99cac4af6ff9297da32d4"},"description":"Jezdec t\u00fdmu Toyota Gazoo Racing WRT Ott T\u00e4nak se spole\u010dn\u011b s navig\u00e1torem Martinem J\u00e4rveojou zapsali do historie. Druh\u00fdm m\u00edstem na rallye ve \u0160pan\u011blsku si pojistili sv\u016fj prvn\u00ed titul ve sv\u011btov\u00e9m rallyov\u00e9m \u0161ampion\u00e1tu FIA.","breadcrumb":{"@id":"https:\/\/www.mzone.cz\/katalanska-rallye-ott-tanak-ziskava-vubec-prvni-mistrovsky-titul\/#breadcrumb"},"inLanguage":"en-US","potentialAction":[{"@type":"ReadAction","target":["https:\/\/www.mzone.cz\/katalanska-rallye-ott-tanak-ziskava-vubec-prvni-mistrovsky-titul\/"]}]},{"@type":"ImageObject","inLanguage":"en-US","@id":"https:\/\/www.mzone.cz\/katalanska-rallye-ott-tanak-ziskava-vubec-prvni-mistrovsky-titul\/#primaryimage","url":"https:\/\/www.mzone.cz\/wp-content\/uploads\/2019\/10\/Katal\u00e1nsk\u00e1-rallye-1.jpg","contentUrl":"https:\/\/www.mzone.cz\/wp-content\/uploads\/2019\/10\/Katal\u00e1nsk\u00e1-rallye-1.jpg","width":956,"height":637},{"@type":"BreadcrumbList","@id":"https:\/\/www.mzone.cz\/katalanska-rallye-ott-tanak-ziskava-vubec-prvni-mistrovsky-titul\/#breadcrumb","itemListElement":[{"@type":"ListItem","position":1,"name":"Dom\u016f","item":"https:\/\/www.mzone.cz\/"},{"@type":"ListItem","position":2,"name":"Katal\u00e1nsk\u00e1 rallye: Ott T\u00e4nak z\u00edsk\u00e1v\u00e1 v\u016fbec prvn\u00ed mistrovsk\u00fd titul"}]},{"@type":"WebSite","@id":"https:\/\/www.mzone.cz\/#website","url":"https:\/\/www.mzone.cz\/","name":"Mzone","description":"Magaz\u00edn nejen pro mu\u017ee","potentialAction":[{"@type":"SearchAction","target":{"@type":"EntryPoint","urlTemplate":"https:\/\/www.mzone.cz\/?s={search_term_string}"},"query-input":{"@type":"PropertyValueSpecification","valueRequired":true,"valueName":"search_term_string"}}],"inLanguage":"en-US"},{"@type":"Person","@id":"https:\/\/www.mzone.cz\/#\/schema\/person\/9bc20cc422a99cac4af6ff9297da32d4","name":"Mzone","image":{"@type":"ImageObject","inLanguage":"en-US","@id":"https:\/\/secure.gravatar.com\/avatar\/e780a8630f3182a3d06dd667ab6bea151a0d155b0951bc15fe22633acdac0676?s=96&d=mm&r=g","url":"https:\/\/secure.gravatar.com\/avatar\/e780a8630f3182a3d06dd667ab6bea151a0d155b0951bc15fe22633acdac0676?s=96&d=mm&r=g","contentUrl":"https:\/\/secure.gravatar.com\/avatar\/e780a8630f3182a3d06dd667ab6bea151a0d155b0951bc15fe22633acdac0676?s=96&d=mm&r=g","caption":"Mzone"},"url":"https:\/\/www.mzone.cz\/en\/author\/jakub\/"}]}},"_links":{"self":[{"href":"https:\/\/www.mzone.cz\/en\/wp-json\/wp\/v2\/posts\/13676","targetHints":{"allow":["GET"]}}],"collection":[{"href":"https:\/\/www.mzone.cz\/en\/wp-json\/wp\/v2\/posts"}],"about":[{"href":"https:\/\/www.mzone.cz\/en\/wp-json\/wp\/v2\/types\/post"}],"author":[{"embeddable":true,"href":"https:\/\/www.mzone.cz\/en\/wp-json\/wp\/v2\/users\/4"}],"replies":[{"embeddable":true,"href":"https:\/\/www.mzone.cz\/en\/wp-json\/wp\/v2\/comments?post=13676"}],"version-history":[{"count":14,"href":"https:\/\/www.mzone.cz\/en\/wp-json\/wp\/v2\/posts\/13676\/revisions"}],"predecessor-version":[{"id":13701,"href":"https:\/\/www.mzone.cz\/en\/wp-json\/wp\/v2\/posts\/13676\/revisions\/13701"}],"wp:featuredmedia":[{"embeddable":true,"href":"https:\/\/www.mzone.cz\/en\/wp-json\/wp\/v2\/media\/13677"}],"wp:attachment":[{"href":"https:\/\/www.mzone.cz\/en\/wp-json\/wp\/v2\/media?parent=13676"}],"wp:term":[{"taxonomy":"category","embeddable":true,"href":"https:\/\/www.mzone.cz\/en\/wp-json\/wp\/v2\/categories?post=13676"},{"taxonomy":"post_tag","embeddable":true,"href":"https:\/\/www.mzone.cz\/en\/wp-json\/wp\/v2\/tags?post=13676"}],"curies":[{"name":"wp","href":"https:\/\/api.w.org\/{rel}","templated":true}]}}