{"id":13876,"date":"2025-10-22T20:00:11","date_gmt":"2025-10-22T18:00:11","guid":{"rendered":"https:\/\/www.mzone.cz\/?p=13876"},"modified":"2025-10-22T20:49:11","modified_gmt":"2025-10-22T18:49:11","slug":"rekonstrukce-chlebickove-afery-atentat-v-rezii-odboje","status":"publish","type":"post","link":"https:\/\/www.mzone.cz\/en\/rekonstrukce-chlebickove-afery-atentat-v-rezii-odboje\/","title":{"rendered":"Rekonstrukce \u201echleb\u00ed\u010dkov\u00e9 af\u00e9ry\u201c \u2013 atent\u00e1t v re\u017eii odboje"},"content":{"rendered":"<p><strong>Od za\u010d\u00e1tku druh\u00e9 sv\u011btov\u00e9 v\u00e1lky uplynuly dva roky a \u010desk\u00e9 zem\u011b naz\u00fdvan\u00e9 nyn\u00ed Protektor\u00e1t \u010cechy a Morava se zm\u00edtaj\u00ed v kle\u0161t\u00edch n\u011bmeck\u00e9 okupace. Jen do srpna 1941 gestapo dopadlo okolo 5000 \u010desk\u00fdch vlastenc\u016f. Ale odboj chyst\u00e1 tvrd\u00fd proti\u00fader\u2026<\/strong><\/p><br>\n\n\n\n<p>Zaj\u00edmav\u00fd travi\u010dsk\u00fd p\u0159\u00edb\u011bh se za\u010d\u00edn\u00e1 odehr\u00e1vat koncem jara roku 1941. Bezprost\u0159edn\u00edm impulzem k&nbsp;akci je \u010dl\u00e1nek v&nbsp;den\u00edku \u010cesk\u00e9 slovo: \u201eP\u0159es v\u0161echny obavy je nutno p\u0159ej\u00edti k&nbsp;v\u00ed\u0159e, \u017ee \u010d\u00edm v\u00edce budeme n\u011bmeck\u00e9mu n\u00e1rodn\u00edmu socialismu pom\u00e1hati, t\u00edm sp\u00ed\u0161e se m\u016f\u017eeme nad\u00edti p\u0159\u00e1telsk\u00e9ho porozum\u011bn\u00ed.\u201c Autorem tohoto bl\u00e1bolu je \u0161\u00e9fredaktor a<strong>&nbsp;kolaborant Karel La\u017enovsk\u00fd<\/strong>. Ve sv\u00e9m \u010dl\u00e1nku d\u00e1le dod\u00e1v\u00e1, \u017ee a\u017e bude v\u00edt\u011bzn\u00e9 N\u011bmecko na nov\u00e9m z\u00e1klad\u011b budovat celou Evropu, nastane \u0161\u0165astn\u00e1 doba.<\/p><br>\n\n\n\n<p>Jeho slova vzbud\u00ed\u00a0odpor a nevoli nap\u0159\u00ed\u010d odbojov\u00fdmi organizacemi, v\u010detn\u011b ministersk\u00e9ho p\u0159edsedy <strong>Aloise Eli\u00e1\u0161e<\/strong>. Eli\u00e1\u0161 je s\u00e1m mu\u017eem, kter\u00fd udr\u017euje r\u00e1diov\u00e9 spojen\u00ed s\u00a0Lond\u00fdnem. Mu\u017eem, kter\u00fd d\u011bl\u00e1 v\u0161e mo\u017en\u00e9, aby N\u011bmci nap\u00e1chali v\u00a0na\u0161\u00ed zemi co nejm\u00e9n\u011b \u0161kod. V\u00a0t\u00e9to situaci kontaktoval sv\u00e9ho velmi dobr\u00e9ho p\u0159\u00edtele znamenit\u00e9ho urologa <strong>Milo\u0161e Kliku<\/strong>.<\/p><br>\n\n\n\n<p>Eli\u00e1\u0161 a Klika se poprv\u00e9 setk\u00e1vaj\u00ed v\u00a0l\u00e9t\u011b roku 1939, kdy k\u00a0n\u011bmu ministersk\u00fd p\u0159edseda p\u0159ich\u00e1z\u00ed se zdravotn\u00edmi probl\u00e9my, kter\u00e9 mu zp\u016fsobuje cukrovka.<\/p>\n\n\n\n<blockquote class=\"wp-block-quote is-layout-flow wp-block-quote-is-layout-flow\"><p>Po vy\u0161et\u0159en\u00ed a p\u0159edeps\u00e1n\u00ed medikament\u016f se pou\u0161t\u00ed s\u00a0l\u00e9ka\u0159em do neform\u00e1ln\u00ed debaty. Samoz\u0159ejm\u011b dojde i na hodnocen\u00ed politick\u00e9 situace a n\u011bmeck\u00e9 okupace. Klika pak u\u010din\u00ed Eli\u00e1\u0161ovi vst\u0159\u00edcnou nab\u00eddku, \u017ee kdyby mu hrozily nep\u0159\u00edjemnosti, ud\u011bl\u00e1 z\u00a0n\u011bj nemocn\u00e9ho, kter\u00fd nutn\u011b pot\u0159ebuje nemocni\u010dn\u00ed p\u00e9\u010di.<\/p><\/blockquote>\n\n\n\n<p>S\u00a0kon\u010d\u00edc\u00edm rokem 1940 a hlavn\u011b s\u00a0rokem nadch\u00e1zej\u00edc\u00edm\u00a0je klima v\u00a0protektor\u00e1tu \u010d\u00edm d\u00e1l t\u00edm v\u00edc dusiv\u011bj\u0161\u00ed. Po boku Franka, mu\u017e\u016f z\u00a0\u0159ad SS a gestapa se za\u010d\u00ednaj\u00ed prosazovat i\u00a0\u010de\u0161t\u00ed kolaboranti, kte\u0159\u00ed se sdru\u017eovali p\u0159edev\u0161\u00edm kolem den\u00edku \u010cesk\u00e9 slovo. Jednalo se o novin\u00e1\u0159e <strong>Vajtaura<\/strong>, <strong>Krycht\u00e1lka<\/strong>, <strong>K\u0159emena<\/strong>, <strong>Wernera<\/strong>, <strong>Crhu<\/strong> a p\u0159edev\u0161\u00edm <strong>Karla La\u017enovsk\u00e9ho<\/strong>. V\u0161ichni tito zr\u00e1dci dostali od ministersk\u00e9ho p\u0159edsedy Eli\u00e1\u0161e pozv\u00e1n\u00ed na 18. z\u00e1\u0159\u00ed 1941 do na \u00da\u0159ad vl\u00e1dy do Kolowratsk\u00e9ho pal\u00e1ce. Projedn\u00e1v\u00e1n m\u011bl b\u00fdt vztah vl\u00e1dy a protektor\u00e1tn\u00edho tisku.<\/p><br>\n\n\n\n<div class=\"wp-block-image\"><figure class=\"alignleft is-resized\"><img loading=\"lazy\" decoding=\"async\" src=\"https:\/\/www.mzone.cz\/wp-content\/uploads\/2019\/08\/rarehistoricalphotos.com-2.jpg\" alt=\"\" class=\"wp-image-11962\" width=\"132\" height=\"82\" srcset=\"https:\/\/www.mzone.cz\/wp-content\/uploads\/2019\/08\/rarehistoricalphotos.com-2.jpg 603w, https:\/\/www.mzone.cz\/wp-content\/uploads\/2019\/08\/rarehistoricalphotos.com-2-300x187.jpg 300w, https:\/\/www.mzone.cz\/wp-content\/uploads\/2019\/08\/rarehistoricalphotos.com-2-590x367.jpg 590w\" sizes=\"auto, (max-width: 132px) 100vw, 132px\" \/><\/figure><\/div>\n\n\n\n<h4><a href=\"https:\/\/www.mzone.cz\/jak-by-vypadal-svet-kdyby-nacisticke-nemecko-vyhralo-druhou-svetovou-valku\/\">Jak by vypadal sv\u011bt, kdyby nacistick\u00e9 N\u011bmecko vyhr\u00e1lo druhou sv\u011btovou v\u00e1lku?<\/a><\/h4><br>\n\n\n\n<p>Ve\u010der p\u0159ed chystan\u00fdm setk\u00e1n\u00edm se v\u00a0premi\u00e9rsk\u00e9m byt\u011b na Mal\u00e9 Stran\u011b se\u0161li <strong>Eli\u00e1\u0161<\/strong> s\u00a0doktorem <strong>Klikou<\/strong> a doktorem <strong>Pato\u010dkou<\/strong>, \u0159editelem bakteriologick\u00e9ho \u00fastavu p\u0159i Karlov\u011b univerzit\u011b. T\u00e9matem byla ot\u00e1zka, jak infikovat ob\u010derstven\u00ed na z\u00edt\u0159ej\u0161\u00ed setk\u00e1n\u00ed s\u00a0novin\u00e1\u0159i \u2013 kolaboranty. Pato\u010dka pro tyto \u00fa\u010dely poskytnul laboratorn\u011b\u00a0vy\u0161lecht\u011bn\u00e9 mikroby zp\u016fsobuj\u00edc\u00ed tyfus a tuberkul\u00f3zu.<\/p>\n\n\n\n<blockquote class=\"wp-block-quote is-layout-flow wp-block-quote-is-layout-flow\"><p>Druh\u00fd den r\u00e1no v\u0161e pokra\u010duje podle pl\u00e1nu. Cestou do pr\u00e1ce p\u0159edseda zastavuje v\u00a0ulici Na P\u0159\u00edkop\u011b v\u00a0obl\u00edben\u00e9m luxusn\u00edm lah\u016fdk\u00e1\u0159stv\u00ed U Lipperta. Porou\u010d\u00ed tucet chleb\u00ed\u010dk\u016f se sardinkami. Zaplat\u00ed a slu\u017eebn\u00edm vozem se odebere do Kolowratsk\u00e9ho pal\u00e1ce. Zde pak za zav\u0159en\u00fdmi dve\u0159mi vyt\u00e1hne z\u00a0aktovky t\u0159i injek\u010dn\u00ed st\u0159\u00edka\u010dky od doktora Pato\u010dky. Prvn\u00ed obsahuje\u00a0tyfus, druh\u00e1\u00a0tuberkul\u00f3zu\u00a0a t\u0159et\u00ed specialitu \u2013 miniaturn\u00ed mno\u017estv\u00ed absolutn\u00ed novinky \u2013\u00a0botulotoxinu\u00a0(tzv. klob\u00e1sov\u00e9ho jedu). Eli\u00e1\u0161 pak roztoky s\u00a0bakteriemi aplikuje na naaran\u017eovan\u00e9 chleb\u00ed\u010dky. Injekce s\u00a0botulotoxinem sta\u010d\u00ed pouze na jeden.<\/p><\/blockquote>\n\n\n\n<p>V\u00a0p\u016fl 12 za\u010d\u00ednaj\u00ed p\u0159ich\u00e1zet prvn\u00ed novin\u00e1\u0159i. <strong>La\u017enovsk\u00fd<\/strong> doraz\u00ed a\u017e t\u011bsn\u011b p\u0159ed polednem. Debata se to\u010d\u00ed okolo \u00fasp\u011b\u0161n\u00e9ho n\u011bmeck\u00e9ho ta\u017een\u00ed do\u00a0Ruska. Z\u00e1hy jsou z\u00e1stupc\u016fm novin\u00e1\u0159sk\u00e9 obce nab\u00eddnuty otr\u00e1ven\u00e9 chleb\u00ed\u010dky. A v\u0161ichni v\u010detn\u011b La\u017enovsk\u00e9ho jed\u00ed\u2026<\/p><br>\n\n\n\n<figure class=\"wp-block-image\"><img loading=\"lazy\" decoding=\"async\" width=\"1024\" height=\"699\" src=\"https:\/\/www.mzone.cz\/wp-content\/uploads\/2019\/11\/Alois_Elias_Langhans-1024x699.jpg\" alt=\"\" class=\"wp-image-13889\" srcset=\"https:\/\/www.mzone.cz\/wp-content\/uploads\/2019\/11\/Alois_Elias_Langhans-1024x699.jpg 1024w, https:\/\/www.mzone.cz\/wp-content\/uploads\/2019\/11\/Alois_Elias_Langhans-300x205.jpg 300w, https:\/\/www.mzone.cz\/wp-content\/uploads\/2019\/11\/Alois_Elias_Langhans-768x524.jpg 768w, https:\/\/www.mzone.cz\/wp-content\/uploads\/2019\/11\/Alois_Elias_Langhans-590x403.jpg 590w, https:\/\/www.mzone.cz\/wp-content\/uploads\/2019\/11\/Alois_Elias_Langhans.jpg 1242w\" sizes=\"auto, (max-width: 1024px) 100vw, 1024px\" \/><\/figure><br>\n\n\n\n<p>Od konzumace chleb\u00ed\u010dk\u016f uplyne den, dva a nic se ned\u011bje. Mikroby byly toti\u017e vybr\u00e1ny tak, aby na lidsk\u00fd organismus za\u00fa\u010dinkovaly a\u017e t\u0159i dny po po\u017eit\u00ed. 21. z\u00e1\u0159\u00ed 1941 u\u017e novin\u00e1\u0159sk\u00e1 elita tr\u00e1v\u00ed na toalet\u00e1ch, v\u00a0mdlob\u00e1ch, nebo dokonce v\u00a0k\u00f3matu. Bakterie za\u010d\u00ednaj\u00ed konat sv\u00e9 d\u00edlo a v listech \u010cesk\u00e9ho slova se vyhro\u017euje \u201eproradn\u00fdm travi\u010dsk\u00fdm \u017eivl\u016fm, na jejich\u017e hlavu je vyps\u00e1na odm\u011bna v\u00a0podob\u011b automobilu zna\u010dky Volkswagen\u201c.<\/p><br>\n\n\n\n<p>Ov\u0161em ony \u201eproradn\u00e9 \u017eivly\u201c se neda\u0159\u00ed odhalit. Na sc\u00e9nu proto vstupuje odborn\u00edk z\u00a0berl\u00ednsk\u00e9 Humboldtovy univerzity\u00a0<strong>dr. Heinrich Ernst<\/strong>. Doktor Klika se hroz\u00ed odhalen\u00ed, nebo\u0165 ve zvratc\u00edch a stolici otr\u00e1ven\u00fdch novin\u00e1\u0159\u016f byly miliony mikrob\u016f, kter\u00e9 by dozajista poslou\u017eily jako stopa a\u017e k\u00a0doktoru Pato\u010dkovi do bakteriologick\u00e9ho \u00fastavu.<\/p>\n\n\n\n<blockquote class=\"wp-block-quote is-layout-flow wp-block-quote-is-layout-flow\"><p>Jen\u017ee v\u011bhlasn\u00e9ho urologa a jeho komplice zachr\u00e1n\u00ed doslova z\u00e1zrak. Dr. Ernst ho hned po sv\u00e9m p\u0159\u00edjezdu do Prahy kontaktoval a na sch\u016fzce, smluven\u00e9 do rann\u00ed \u0161pi\u010dky V\u00e1clavsk\u00e9ho n\u00e1m\u011bst\u00ed, mu \u0159ekl, \u017ee \u201ed\u016fkazy o otrav\u011b tyfem, tuberkul\u00f3zou a botulotoxinem nikdy nespat\u0159\u00ed sv\u011btlo sv\u011bta\u201c. Jak\u00e9 pohnutky vedly dr. Ernsta k\u00a0tomuto \u010dinu, se u\u017e nedozv\u00edme.<\/p><\/blockquote>\n\n\n\n<p>Kr\u00e1tce po tzv. \u201echleb\u00ed\u010dkov\u00e9m atent\u00e1tu\u201c, dne 22. z\u00e1\u0159\u00ed 1941, je \u0159\u00ed\u0161sk\u00fd protektor Konstantin von Neurath je odesl\u00e1n na zdravotn\u00ed dovolenou a do Prahy je dosazen jeho z\u00e1stupce\u00a0<strong>Reinhard Heydrich<\/strong>.<\/p><br>\n\n\n\n<p>Jen co se zastupuj\u00edc\u00ed \u0159\u00ed\u0161sk\u00fd protektor chop\u00ed \u00fa\u0159adu, vypo\u0159\u00e1d\u00e1 se s\u00a0p\u0159edsedou vl\u00e1dy Aloisem Eli\u00e1\u0161em jednou prov\u017edy \u2013 zatknout, vyslechnout, uv\u011bznit. N\u011bmci mu v\u0161e spo\u010d\u00edtaj\u00ed a Eli\u00e1\u0161 skon\u010d\u00ed dne 18. \u010dervna 1942 na st\u0159elnici v\u00a0Praze \u2013 Kobylis\u00edch.<\/p><br>\n\n\n\n<div class=\"wp-block-image\"><figure class=\"alignleft is-resized\"><img loading=\"lazy\" decoding=\"async\" src=\"https:\/\/www.mzone.cz\/wp-content\/uploads\/2019\/04\/1599px-Josef_Mengele_Richard_Baer_Rudolf_Hoess_Auschwitz._Album_H\u00f6cker-1024x695.jpg\" alt=\"\" class=\"wp-image-5471\" width=\"128\" height=\"86\" srcset=\"https:\/\/www.mzone.cz\/wp-content\/uploads\/2019\/04\/1599px-Josef_Mengele_Richard_Baer_Rudolf_Hoess_Auschwitz._Album_H\u00f6cker-1024x695.jpg 1024w, https:\/\/www.mzone.cz\/wp-content\/uploads\/2019\/04\/1599px-Josef_Mengele_Richard_Baer_Rudolf_Hoess_Auschwitz._Album_H\u00f6cker-300x204.jpg 300w, https:\/\/www.mzone.cz\/wp-content\/uploads\/2019\/04\/1599px-Josef_Mengele_Richard_Baer_Rudolf_Hoess_Auschwitz._Album_H\u00f6cker-768x522.jpg 768w, https:\/\/www.mzone.cz\/wp-content\/uploads\/2019\/04\/1599px-Josef_Mengele_Richard_Baer_Rudolf_Hoess_Auschwitz._Album_H\u00f6cker-800x533.jpg 800w, https:\/\/www.mzone.cz\/wp-content\/uploads\/2019\/04\/1599px-Josef_Mengele_Richard_Baer_Rudolf_Hoess_Auschwitz._Album_H\u00f6cker-400x267.jpg 400w, https:\/\/www.mzone.cz\/wp-content\/uploads\/2019\/04\/1599px-Josef_Mengele_Richard_Baer_Rudolf_Hoess_Auschwitz._Album_H\u00f6cker-500x333.jpg 500w, https:\/\/www.mzone.cz\/wp-content\/uploads\/2019\/04\/1599px-Josef_Mengele_Richard_Baer_Rudolf_Hoess_Auschwitz._Album_H\u00f6cker-1170x780.jpg 1170w, https:\/\/www.mzone.cz\/wp-content\/uploads\/2019\/04\/1599px-Josef_Mengele_Richard_Baer_Rudolf_Hoess_Auschwitz._Album_H\u00f6cker-590x401.jpg 590w, https:\/\/www.mzone.cz\/wp-content\/uploads\/2019\/04\/1599px-Josef_Mengele_Richard_Baer_Rudolf_Hoess_Auschwitz._Album_H\u00f6cker.jpg 1599w\" sizes=\"auto, (max-width: 128px) 100vw, 128px\" \/><\/figure><\/div>\n\n\n\n<h4><a href=\"https:\/\/www.mzone.cz\/kdo-byl-doktor-josef-mengele-nemilosrdna-lidska-bestie\/\">Kdo byl doktor Josef Mengele? Nemilosrdn\u00e1 lidsk\u00e1 bestie<\/a><\/h4><br>\n\n\n\n<p>Chleb\u00ed\u010dkov\u00e1 af\u00e9ra si nakonec vy\u017e\u00e1d\u00e1 jedinou ob\u011b\u0165 na \u017eivot\u011b. Stal se j\u00ed pr\u00e1v\u011b <strong>Karel La\u017enovsk\u00fd<\/strong>. Po 10. \u0159\u00edjnu Heydrich rozhodne, \u017ee novin\u00e1\u0159\u016fv poh\u0159eb bude p\u0159en\u00e1\u0161en st\u00e1tn\u00edm rozhlasem. A aby toho nebylo m\u00e1lo, padne verdikt, \u017ee \u010d\u00e1st vltavsk\u00e9ho n\u00e1b\u0159e\u017e\u00ed ponese jm\u00e9no La\u017enovsk\u00e9ho (dnes Ra\u0161\u00ednovo n\u00e1b\u0159e\u017e\u00ed).<\/p><br>\n\n\n\n<p>Jestli se ud\u00e1losti odehr\u00e1ly p\u0159esn\u011b podle v\u00fd\u0161e popsan\u00e9ho sc\u00e9n\u00e1\u0159e, se u\u017e dnes\u00a0nedozv\u00edme. Ka\u017edop\u00e1dn\u011b ani historici se nemohou shodnout, kdo p\u0159esn\u011b \u00fatok na kolaborantsk\u00e9 novin\u00e1\u0159e zosnoval.<\/p><br>","protected":false},"excerpt":{"rendered":"<p>Od za\u010d\u00e1tku druh\u00e9 sv\u011btov\u00e9 v\u00e1lky uplynuly dva roky a \u010desk\u00e9 zem\u011b naz\u00fdvan\u00e9 nyn\u00ed Protektor\u00e1t \u010cechy a Morava se zm\u00edtaj\u00ed v kle\u0161t\u00edch n\u011bmeck\u00e9 okupace. Jen do srpna 1941 gestapo dopadlo okolo 5000 \u010desk\u00fdch vlastenc\u016f. Ale odboj chyst\u00e1 tvrd\u00fd proti\u00fader\u2026 Zaj\u00edmav\u00fd travi\u010dsk\u00fd p\u0159\u00edb\u011bh se za\u010d\u00edn\u00e1 odehr\u00e1vat koncem jara roku 1941. Bezprost\u0159edn\u00edm impulzem k&nbsp;akci je \u010dl\u00e1nek v&nbsp;den\u00edku \u010cesk\u00e9 [&hellip;]<\/p>\n","protected":false},"author":4,"featured_media":13882,"comment_status":"open","ping_status":"closed","sticky":false,"template":"","format":"standard","meta":{"kk_blocks_editor_width":"","_kiokenblocks_attr":"","_kiokenblocks_dimensions":"","footnotes":""},"categories":[387],"tags":[2928,1029,1030,2924,2927,2862,1154,87,2931,2925,1723,2923,2926,2929,2922,119],"class_list":["post-13876","post","type-post","status-publish","format-standard","has-post-thumbnail","hentry","category-historie","tag-alois-elias","tag-cechy","tag-cesko","tag-chlebickova-afera","tag-chlebicky","tag-dejiny","tag-druha-svetova-valka","tag-historie","tag-karel-laznovsky","tag-kolaboranti","tag-novinari","tag-odboj","tag-otrava","tag-protektorat","tag-protektorat-cechy-a-morava","tag-valka"],"yoast_head":"<!-- This site is optimized with the Yoast SEO plugin v27.5 - https:\/\/yoast.com\/product\/yoast-seo-wordpress\/ -->\n<title>Rekonstrukce \u201echleb\u00ed\u010dkov\u00e9 af\u00e9ry\u201c \u2013 atent\u00e1t v re\u017eii odboje - Mzone<\/title>\n<meta name=\"description\" content=\"Od za\u010d\u00e1tku druh\u00e9 sv\u011btov\u00e9 v\u00e1lky uplynuly dva roky a \u010desk\u00e9 zem\u011b naz\u00fdvan\u00e9 nyn\u00ed Protektor\u00e1t \u010cechy a Morava se zm\u00edtaj\u00ed v kle\u0161t\u00edch n\u011bmeck\u00e9 okupace. Jen do srpna 1941 gestapo dopadlo okolo 5000 \u010desk\u00fdch vlastenc\u016f. Ale odboj chyst\u00e1 tvrd\u00fd proti\u00fader\u2026\" \/>\n<meta name=\"robots\" content=\"index, follow, max-snippet:-1, max-image-preview:large, max-video-preview:-1\" \/>\n<link rel=\"canonical\" href=\"https:\/\/www.mzone.cz\/en\/rekonstrukce-chlebickove-afery-atentat-v-rezii-odboje\/\" \/>\n<meta property=\"og:locale\" content=\"en_US\" \/>\n<meta property=\"og:type\" content=\"article\" \/>\n<meta property=\"og:title\" content=\"Rekonstrukce \u201echleb\u00ed\u010dkov\u00e9 af\u00e9ry\u201c \u2013 atent\u00e1t v re\u017eii odboje - Mzone\" \/>\n<meta property=\"og:description\" content=\"Od za\u010d\u00e1tku druh\u00e9 sv\u011btov\u00e9 v\u00e1lky uplynuly dva roky a \u010desk\u00e9 zem\u011b naz\u00fdvan\u00e9 nyn\u00ed Protektor\u00e1t \u010cechy a Morava se zm\u00edtaj\u00ed v kle\u0161t\u00edch n\u011bmeck\u00e9 okupace. Jen do srpna 1941 gestapo dopadlo okolo 5000 \u010desk\u00fdch vlastenc\u016f. Ale odboj chyst\u00e1 tvrd\u00fd proti\u00fader\u2026\" \/>\n<meta property=\"og:url\" content=\"https:\/\/www.mzone.cz\/en\/rekonstrukce-chlebickove-afery-atentat-v-rezii-odboje\/\" \/>\n<meta property=\"og:site_name\" content=\"Mzone\" \/>\n<meta property=\"article:publisher\" content=\"https:\/\/www.facebook.com\/MzoneCZ\/\" \/>\n<meta property=\"article:published_time\" content=\"2025-10-22T18:00:11+00:00\" \/>\n<meta property=\"article:modified_time\" content=\"2025-10-22T18:49:11+00:00\" \/>\n<meta property=\"og:image\" content=\"https:\/\/www.mzone.cz\/wp-content\/uploads\/2020\/01\/Chlebickova-afera.jpg\" \/>\n\t<meta property=\"og:image:width\" content=\"919\" \/>\n\t<meta property=\"og:image:height\" content=\"570\" \/>\n\t<meta property=\"og:image:type\" content=\"image\/jpeg\" \/>\n<meta name=\"author\" content=\"Mzone\" \/>\n<meta name=\"twitter:card\" content=\"summary_large_image\" \/>\n<meta name=\"twitter:label1\" content=\"Written by\" \/>\n\t<meta name=\"twitter:data1\" content=\"Mzone\" \/>\n\t<meta name=\"twitter:label2\" content=\"Est. reading time\" \/>\n\t<meta name=\"twitter:data2\" content=\"6 minutes\" \/>\n<script type=\"application\/ld+json\" class=\"yoast-schema-graph\">{\"@context\":\"https:\\\/\\\/schema.org\",\"@graph\":[{\"@type\":\"Article\",\"@id\":\"https:\\\/\\\/www.mzone.cz\\\/rekonstrukce-chlebickove-afery-atentat-v-rezii-odboje\\\/#article\",\"isPartOf\":{\"@id\":\"https:\\\/\\\/www.mzone.cz\\\/rekonstrukce-chlebickove-afery-atentat-v-rezii-odboje\\\/\"},\"author\":{\"name\":\"Mzone\",\"@id\":\"https:\\\/\\\/www.mzone.cz\\\/#\\\/schema\\\/person\\\/9bc20cc422a99cac4af6ff9297da32d4\"},\"headline\":\"Rekonstrukce \u201echleb\u00ed\u010dkov\u00e9 af\u00e9ry\u201c \u2013 atent\u00e1t v re\u017eii odboje\",\"datePublished\":\"2025-10-22T18:00:11+00:00\",\"dateModified\":\"2025-10-22T18:49:11+00:00\",\"mainEntityOfPage\":{\"@id\":\"https:\\\/\\\/www.mzone.cz\\\/rekonstrukce-chlebickove-afery-atentat-v-rezii-odboje\\\/\"},\"wordCount\":1121,\"commentCount\":1,\"image\":{\"@id\":\"https:\\\/\\\/www.mzone.cz\\\/rekonstrukce-chlebickove-afery-atentat-v-rezii-odboje\\\/#primaryimage\"},\"thumbnailUrl\":\"https:\\\/\\\/www.mzone.cz\\\/wp-content\\\/uploads\\\/2020\\\/01\\\/Chlebickova-afera.jpg\",\"keywords\":[\"Alois Eli\u00e1\u0161\",\"\u010cechy\",\"\u010cesko\",\"chleb\u00ed\u010dkov\u00e1 af\u00e9ra\",\"chleb\u00ed\u010dky\",\"d\u011bjiny\",\"Druh\u00e1 sv\u011btov\u00e1 v\u00e1lka\",\"Historie\",\"Karel La\u017enovsk\u00fd\",\"kolaboranti\",\"novin\u00e1\u0159i\",\"odboj\",\"otrava\",\"protektor\u00e1t\",\"Protektor\u00e1t \u010cechy a Morava\",\"v\u00e1lka\"],\"articleSection\":[\"Historie\"],\"inLanguage\":\"en-US\",\"potentialAction\":[{\"@type\":\"CommentAction\",\"name\":\"Comment\",\"target\":[\"https:\\\/\\\/www.mzone.cz\\\/rekonstrukce-chlebickove-afery-atentat-v-rezii-odboje\\\/#respond\"]}]},{\"@type\":\"WebPage\",\"@id\":\"https:\\\/\\\/www.mzone.cz\\\/rekonstrukce-chlebickove-afery-atentat-v-rezii-odboje\\\/\",\"url\":\"https:\\\/\\\/www.mzone.cz\\\/rekonstrukce-chlebickove-afery-atentat-v-rezii-odboje\\\/\",\"name\":\"Rekonstrukce \u201echleb\u00ed\u010dkov\u00e9 af\u00e9ry\u201c \u2013 atent\u00e1t v re\u017eii odboje - Mzone\",\"isPartOf\":{\"@id\":\"https:\\\/\\\/www.mzone.cz\\\/#website\"},\"primaryImageOfPage\":{\"@id\":\"https:\\\/\\\/www.mzone.cz\\\/rekonstrukce-chlebickove-afery-atentat-v-rezii-odboje\\\/#primaryimage\"},\"image\":{\"@id\":\"https:\\\/\\\/www.mzone.cz\\\/rekonstrukce-chlebickove-afery-atentat-v-rezii-odboje\\\/#primaryimage\"},\"thumbnailUrl\":\"https:\\\/\\\/www.mzone.cz\\\/wp-content\\\/uploads\\\/2020\\\/01\\\/Chlebickova-afera.jpg\",\"datePublished\":\"2025-10-22T18:00:11+00:00\",\"dateModified\":\"2025-10-22T18:49:11+00:00\",\"author\":{\"@id\":\"https:\\\/\\\/www.mzone.cz\\\/#\\\/schema\\\/person\\\/9bc20cc422a99cac4af6ff9297da32d4\"},\"description\":\"Od za\u010d\u00e1tku druh\u00e9 sv\u011btov\u00e9 v\u00e1lky uplynuly dva roky a \u010desk\u00e9 zem\u011b naz\u00fdvan\u00e9 nyn\u00ed Protektor\u00e1t \u010cechy a Morava se zm\u00edtaj\u00ed v kle\u0161t\u00edch n\u011bmeck\u00e9 okupace. Jen do srpna 1941 gestapo dopadlo okolo 5000 \u010desk\u00fdch vlastenc\u016f. Ale odboj chyst\u00e1 tvrd\u00fd proti\u00fader\u2026\",\"breadcrumb\":{\"@id\":\"https:\\\/\\\/www.mzone.cz\\\/rekonstrukce-chlebickove-afery-atentat-v-rezii-odboje\\\/#breadcrumb\"},\"inLanguage\":\"en-US\",\"potentialAction\":[{\"@type\":\"ReadAction\",\"target\":[\"https:\\\/\\\/www.mzone.cz\\\/rekonstrukce-chlebickove-afery-atentat-v-rezii-odboje\\\/\"]}]},{\"@type\":\"ImageObject\",\"inLanguage\":\"en-US\",\"@id\":\"https:\\\/\\\/www.mzone.cz\\\/rekonstrukce-chlebickove-afery-atentat-v-rezii-odboje\\\/#primaryimage\",\"url\":\"https:\\\/\\\/www.mzone.cz\\\/wp-content\\\/uploads\\\/2020\\\/01\\\/Chlebickova-afera.jpg\",\"contentUrl\":\"https:\\\/\\\/www.mzone.cz\\\/wp-content\\\/uploads\\\/2020\\\/01\\\/Chlebickova-afera.jpg\",\"width\":919,\"height\":570},{\"@type\":\"BreadcrumbList\",\"@id\":\"https:\\\/\\\/www.mzone.cz\\\/rekonstrukce-chlebickove-afery-atentat-v-rezii-odboje\\\/#breadcrumb\",\"itemListElement\":[{\"@type\":\"ListItem\",\"position\":1,\"name\":\"Dom\u016f\",\"item\":\"https:\\\/\\\/www.mzone.cz\\\/\"},{\"@type\":\"ListItem\",\"position\":2,\"name\":\"Rekonstrukce \u201echleb\u00ed\u010dkov\u00e9 af\u00e9ry\u201c \u2013 atent\u00e1t v re\u017eii odboje\"}]},{\"@type\":\"WebSite\",\"@id\":\"https:\\\/\\\/www.mzone.cz\\\/#website\",\"url\":\"https:\\\/\\\/www.mzone.cz\\\/\",\"name\":\"Mzone\",\"description\":\"Magaz\u00edn nejen pro mu\u017ee\",\"potentialAction\":[{\"@type\":\"SearchAction\",\"target\":{\"@type\":\"EntryPoint\",\"urlTemplate\":\"https:\\\/\\\/www.mzone.cz\\\/?s={search_term_string}\"},\"query-input\":{\"@type\":\"PropertyValueSpecification\",\"valueRequired\":true,\"valueName\":\"search_term_string\"}}],\"inLanguage\":\"en-US\"},{\"@type\":\"Person\",\"@id\":\"https:\\\/\\\/www.mzone.cz\\\/#\\\/schema\\\/person\\\/9bc20cc422a99cac4af6ff9297da32d4\",\"name\":\"Mzone\",\"image\":{\"@type\":\"ImageObject\",\"inLanguage\":\"en-US\",\"@id\":\"https:\\\/\\\/secure.gravatar.com\\\/avatar\\\/e780a8630f3182a3d06dd667ab6bea151a0d155b0951bc15fe22633acdac0676?s=96&d=mm&r=g\",\"url\":\"https:\\\/\\\/secure.gravatar.com\\\/avatar\\\/e780a8630f3182a3d06dd667ab6bea151a0d155b0951bc15fe22633acdac0676?s=96&d=mm&r=g\",\"contentUrl\":\"https:\\\/\\\/secure.gravatar.com\\\/avatar\\\/e780a8630f3182a3d06dd667ab6bea151a0d155b0951bc15fe22633acdac0676?s=96&d=mm&r=g\",\"caption\":\"Mzone\"},\"url\":\"https:\\\/\\\/www.mzone.cz\\\/en\\\/author\\\/jakub\\\/\"}]}<\/script>\n<!-- \/ Yoast SEO plugin. -->","yoast_head_json":{"title":"Rekonstrukce \u201echleb\u00ed\u010dkov\u00e9 af\u00e9ry\u201c \u2013 atent\u00e1t v re\u017eii odboje - Mzone","description":"Od za\u010d\u00e1tku druh\u00e9 sv\u011btov\u00e9 v\u00e1lky uplynuly dva roky a \u010desk\u00e9 zem\u011b naz\u00fdvan\u00e9 nyn\u00ed Protektor\u00e1t \u010cechy a Morava se zm\u00edtaj\u00ed v kle\u0161t\u00edch n\u011bmeck\u00e9 okupace. Jen do srpna 1941 gestapo dopadlo okolo 5000 \u010desk\u00fdch vlastenc\u016f. Ale odboj chyst\u00e1 tvrd\u00fd proti\u00fader\u2026","robots":{"index":"index","follow":"follow","max-snippet":"max-snippet:-1","max-image-preview":"max-image-preview:large","max-video-preview":"max-video-preview:-1"},"canonical":"https:\/\/www.mzone.cz\/en\/rekonstrukce-chlebickove-afery-atentat-v-rezii-odboje\/","og_locale":"en_US","og_type":"article","og_title":"Rekonstrukce \u201echleb\u00ed\u010dkov\u00e9 af\u00e9ry\u201c \u2013 atent\u00e1t v re\u017eii odboje - Mzone","og_description":"Od za\u010d\u00e1tku druh\u00e9 sv\u011btov\u00e9 v\u00e1lky uplynuly dva roky a \u010desk\u00e9 zem\u011b naz\u00fdvan\u00e9 nyn\u00ed Protektor\u00e1t \u010cechy a Morava se zm\u00edtaj\u00ed v kle\u0161t\u00edch n\u011bmeck\u00e9 okupace. Jen do srpna 1941 gestapo dopadlo okolo 5000 \u010desk\u00fdch vlastenc\u016f. Ale odboj chyst\u00e1 tvrd\u00fd proti\u00fader\u2026","og_url":"https:\/\/www.mzone.cz\/en\/rekonstrukce-chlebickove-afery-atentat-v-rezii-odboje\/","og_site_name":"Mzone","article_publisher":"https:\/\/www.facebook.com\/MzoneCZ\/","article_published_time":"2025-10-22T18:00:11+00:00","article_modified_time":"2025-10-22T18:49:11+00:00","og_image":[{"width":919,"height":570,"url":"https:\/\/www.mzone.cz\/wp-content\/uploads\/2020\/01\/Chlebickova-afera.jpg","type":"image\/jpeg"}],"author":"Mzone","twitter_card":"summary_large_image","twitter_misc":{"Written by":"Mzone","Est. reading time":"6 minutes"},"schema":{"@context":"https:\/\/schema.org","@graph":[{"@type":"Article","@id":"https:\/\/www.mzone.cz\/rekonstrukce-chlebickove-afery-atentat-v-rezii-odboje\/#article","isPartOf":{"@id":"https:\/\/www.mzone.cz\/rekonstrukce-chlebickove-afery-atentat-v-rezii-odboje\/"},"author":{"name":"Mzone","@id":"https:\/\/www.mzone.cz\/#\/schema\/person\/9bc20cc422a99cac4af6ff9297da32d4"},"headline":"Rekonstrukce \u201echleb\u00ed\u010dkov\u00e9 af\u00e9ry\u201c \u2013 atent\u00e1t v re\u017eii odboje","datePublished":"2025-10-22T18:00:11+00:00","dateModified":"2025-10-22T18:49:11+00:00","mainEntityOfPage":{"@id":"https:\/\/www.mzone.cz\/rekonstrukce-chlebickove-afery-atentat-v-rezii-odboje\/"},"wordCount":1121,"commentCount":1,"image":{"@id":"https:\/\/www.mzone.cz\/rekonstrukce-chlebickove-afery-atentat-v-rezii-odboje\/#primaryimage"},"thumbnailUrl":"https:\/\/www.mzone.cz\/wp-content\/uploads\/2020\/01\/Chlebickova-afera.jpg","keywords":["Alois Eli\u00e1\u0161","\u010cechy","\u010cesko","chleb\u00ed\u010dkov\u00e1 af\u00e9ra","chleb\u00ed\u010dky","d\u011bjiny","Druh\u00e1 sv\u011btov\u00e1 v\u00e1lka","Historie","Karel La\u017enovsk\u00fd","kolaboranti","novin\u00e1\u0159i","odboj","otrava","protektor\u00e1t","Protektor\u00e1t \u010cechy a Morava","v\u00e1lka"],"articleSection":["Historie"],"inLanguage":"en-US","potentialAction":[{"@type":"CommentAction","name":"Comment","target":["https:\/\/www.mzone.cz\/rekonstrukce-chlebickove-afery-atentat-v-rezii-odboje\/#respond"]}]},{"@type":"WebPage","@id":"https:\/\/www.mzone.cz\/rekonstrukce-chlebickove-afery-atentat-v-rezii-odboje\/","url":"https:\/\/www.mzone.cz\/rekonstrukce-chlebickove-afery-atentat-v-rezii-odboje\/","name":"Rekonstrukce \u201echleb\u00ed\u010dkov\u00e9 af\u00e9ry\u201c \u2013 atent\u00e1t v re\u017eii odboje - Mzone","isPartOf":{"@id":"https:\/\/www.mzone.cz\/#website"},"primaryImageOfPage":{"@id":"https:\/\/www.mzone.cz\/rekonstrukce-chlebickove-afery-atentat-v-rezii-odboje\/#primaryimage"},"image":{"@id":"https:\/\/www.mzone.cz\/rekonstrukce-chlebickove-afery-atentat-v-rezii-odboje\/#primaryimage"},"thumbnailUrl":"https:\/\/www.mzone.cz\/wp-content\/uploads\/2020\/01\/Chlebickova-afera.jpg","datePublished":"2025-10-22T18:00:11+00:00","dateModified":"2025-10-22T18:49:11+00:00","author":{"@id":"https:\/\/www.mzone.cz\/#\/schema\/person\/9bc20cc422a99cac4af6ff9297da32d4"},"description":"Od za\u010d\u00e1tku druh\u00e9 sv\u011btov\u00e9 v\u00e1lky uplynuly dva roky a \u010desk\u00e9 zem\u011b naz\u00fdvan\u00e9 nyn\u00ed Protektor\u00e1t \u010cechy a Morava se zm\u00edtaj\u00ed v kle\u0161t\u00edch n\u011bmeck\u00e9 okupace. Jen do srpna 1941 gestapo dopadlo okolo 5000 \u010desk\u00fdch vlastenc\u016f. Ale odboj chyst\u00e1 tvrd\u00fd proti\u00fader\u2026","breadcrumb":{"@id":"https:\/\/www.mzone.cz\/rekonstrukce-chlebickove-afery-atentat-v-rezii-odboje\/#breadcrumb"},"inLanguage":"en-US","potentialAction":[{"@type":"ReadAction","target":["https:\/\/www.mzone.cz\/rekonstrukce-chlebickove-afery-atentat-v-rezii-odboje\/"]}]},{"@type":"ImageObject","inLanguage":"en-US","@id":"https:\/\/www.mzone.cz\/rekonstrukce-chlebickove-afery-atentat-v-rezii-odboje\/#primaryimage","url":"https:\/\/www.mzone.cz\/wp-content\/uploads\/2020\/01\/Chlebickova-afera.jpg","contentUrl":"https:\/\/www.mzone.cz\/wp-content\/uploads\/2020\/01\/Chlebickova-afera.jpg","width":919,"height":570},{"@type":"BreadcrumbList","@id":"https:\/\/www.mzone.cz\/rekonstrukce-chlebickove-afery-atentat-v-rezii-odboje\/#breadcrumb","itemListElement":[{"@type":"ListItem","position":1,"name":"Dom\u016f","item":"https:\/\/www.mzone.cz\/"},{"@type":"ListItem","position":2,"name":"Rekonstrukce \u201echleb\u00ed\u010dkov\u00e9 af\u00e9ry\u201c \u2013 atent\u00e1t v re\u017eii odboje"}]},{"@type":"WebSite","@id":"https:\/\/www.mzone.cz\/#website","url":"https:\/\/www.mzone.cz\/","name":"Mzone","description":"Magaz\u00edn nejen pro mu\u017ee","potentialAction":[{"@type":"SearchAction","target":{"@type":"EntryPoint","urlTemplate":"https:\/\/www.mzone.cz\/?s={search_term_string}"},"query-input":{"@type":"PropertyValueSpecification","valueRequired":true,"valueName":"search_term_string"}}],"inLanguage":"en-US"},{"@type":"Person","@id":"https:\/\/www.mzone.cz\/#\/schema\/person\/9bc20cc422a99cac4af6ff9297da32d4","name":"Mzone","image":{"@type":"ImageObject","inLanguage":"en-US","@id":"https:\/\/secure.gravatar.com\/avatar\/e780a8630f3182a3d06dd667ab6bea151a0d155b0951bc15fe22633acdac0676?s=96&d=mm&r=g","url":"https:\/\/secure.gravatar.com\/avatar\/e780a8630f3182a3d06dd667ab6bea151a0d155b0951bc15fe22633acdac0676?s=96&d=mm&r=g","contentUrl":"https:\/\/secure.gravatar.com\/avatar\/e780a8630f3182a3d06dd667ab6bea151a0d155b0951bc15fe22633acdac0676?s=96&d=mm&r=g","caption":"Mzone"},"url":"https:\/\/www.mzone.cz\/en\/author\/jakub\/"}]}},"_links":{"self":[{"href":"https:\/\/www.mzone.cz\/en\/wp-json\/wp\/v2\/posts\/13876","targetHints":{"allow":["GET"]}}],"collection":[{"href":"https:\/\/www.mzone.cz\/en\/wp-json\/wp\/v2\/posts"}],"about":[{"href":"https:\/\/www.mzone.cz\/en\/wp-json\/wp\/v2\/types\/post"}],"author":[{"embeddable":true,"href":"https:\/\/www.mzone.cz\/en\/wp-json\/wp\/v2\/users\/4"}],"replies":[{"embeddable":true,"href":"https:\/\/www.mzone.cz\/en\/wp-json\/wp\/v2\/comments?post=13876"}],"version-history":[{"count":18,"href":"https:\/\/www.mzone.cz\/en\/wp-json\/wp\/v2\/posts\/13876\/revisions"}],"predecessor-version":[{"id":13898,"href":"https:\/\/www.mzone.cz\/en\/wp-json\/wp\/v2\/posts\/13876\/revisions\/13898"}],"wp:featuredmedia":[{"embeddable":true,"href":"https:\/\/www.mzone.cz\/en\/wp-json\/wp\/v2\/media\/13882"}],"wp:attachment":[{"href":"https:\/\/www.mzone.cz\/en\/wp-json\/wp\/v2\/media?parent=13876"}],"wp:term":[{"taxonomy":"category","embeddable":true,"href":"https:\/\/www.mzone.cz\/en\/wp-json\/wp\/v2\/categories?post=13876"},{"taxonomy":"post_tag","embeddable":true,"href":"https:\/\/www.mzone.cz\/en\/wp-json\/wp\/v2\/tags?post=13876"}],"curies":[{"name":"wp","href":"https:\/\/api.w.org\/{rel}","templated":true}]}}