{"id":13911,"date":"2025-11-12T08:00:06","date_gmt":"2025-11-12T07:00:06","guid":{"rendered":"https:\/\/www.mzone.cz\/?p=13911"},"modified":"2025-11-12T08:19:31","modified_gmt":"2025-11-12T07:19:31","slug":"nejslavnejsi-uspesne-uteky-z-nacistickych-taboru-smrti","status":"publish","type":"post","link":"https:\/\/www.mzone.cz\/en\/nejslavnejsi-uspesne-uteky-z-nacistickych-taboru-smrti\/","title":{"rendered":"Nejslavn\u011bj\u0161\u00ed \u00fasp\u011b\u0161n\u00e9 \u00fat\u011bky z nacistick\u00fdch t\u00e1bor\u016f smrti"},"content":{"rendered":"<p><strong>B\u011bhem druh\u00e9 sv\u011btov\u00e9 v\u00e1lky vznikaly na N\u011bmci okupovan\u00e9m \u00fazem\u00ed koncentra\u010dn\u00ed t\u00e1bory, kter\u00e9 m\u011bly slou\u017eit jako pracovn\u00ed za\u0159\u00edzen\u00ed, ale ve skute\u010dnosti v nich prob\u00edhalo masov\u00e9 vyhlazov\u00e1n\u00ed v\u011bz\u0148\u016f. P\u0159itom dostat se do nich nebylo v\u016fbec t\u011b\u017ek\u00e9 \u2013 sta\u010dil \u0161patn\u00fd p\u016fvod (\u017did\u00e9 a Romov\u00e9), n\u00e1bo\u017eensk\u00e9 vyzn\u00e1n\u00ed (Jehovist\u00e9) nebo \u0161patn\u00e9 sm\u00fd\u0161len\u00ed v\u016f\u010di T\u0159et\u00ed \u0159\u00ed\u0161i.<\/strong><\/p><br>\n\n\n\n<p>T\u00e1bory byly p\u0159\u00edsn\u011b st\u0159e\u017een\u00e9 zejm\u00e9na proto, aby se ven nedostaly informace o masov\u00e9m vyhlazov\u00e1n\u00ed. Pokud se o to n\u011bkdo jen pokusil, skon\u010dil tragicky. Poslou\u017eil dozorc\u016fm z \u0159ad SS jako exempl\u00e1rn\u00ed p\u0159\u00edpad toho, co se stane s v\u011bzn\u011bm, kter\u00fd se pokus\u00ed ut\u00e9ct \u2013 byl mu\u010den p\u0159ed zraky ostatn\u00edch v\u011bz\u0148\u016f.<\/p>\n\n\n\n<blockquote class=\"wp-block-quote is-layout-flow wp-block-quote-is-layout-flow\"><p>P\u0159esto se na\u0161lo pom\u011brn\u011b dost odv\u00e1\u017elivc\u016f, kte\u0159\u00ed se rozhodli takto riskovat \u017eivot. Pro\u010d? Proto\u017ee dob\u0159e v\u011bd\u011bli, \u017ee nemaj\u00ed co ztratit.<\/p><\/blockquote>\n\n\n\n<p><strong>Nejslavn\u011bj\u0161\u00ed \u00fat\u011bk z koncentra\u010dn\u00edho a vyhlazovac\u00edho t\u00e1bora Osv\u011btim maj\u00ed na sv\u011bdom\u00ed Alfr\u00e9d Wetzler a Rudolf Vrba<\/strong>. Sv\u016fj \u00fat\u011bk pl\u00e1novali n\u011bkolik m\u011bs\u00edc\u016f. Pomoc\u00ed ostatn\u00edch v\u011bz\u0148\u016f zbudovali \u00fakryt v hromad\u011b d\u0159eva ve vn\u011bj\u0161\u00ed z\u00f3n\u011b t\u00e1bora, v m\u00edst\u011b, kde chodili pracovat. Jednoho dne v dubnu 1944 b\u011bhem prac\u00ed vyu\u017eili nepozornosti bacha\u0159\u016f a sko\u010dili do sv\u00e9ho \u00fakrytu mezi d\u0159ev\u011bn\u00e1 prkna, kde si p\u0159edem shroma\u017e\u010fovali i z\u00e1soby. Bylo jim naprosto jasn\u00e9, \u017ee kdy\u017e je najdou, budou odsouzeni k smrti. Ve strnul\u00e9 poloze pod prkny mus\u00ed vydr\u017eet t\u0159i dny. Eses\u00e1ci je toti\u017e po takov\u00e9 dob\u011b u\u017e nebudou hledat v nejbli\u017e\u0161\u00edm okol\u00ed t\u00e1bora a oni se budou moci odplazit do bezpe\u010d\u00ed.<\/p><br>\n\n\n\n<figure class=\"wp-block-image\"><img loading=\"lazy\" decoding=\"async\" width=\"1024\" height=\"683\" src=\"https:\/\/www.mzone.cz\/wp-content\/uploads\/2019\/04\/Eingangstor_des_KZ_Auschwitz_Arbeit_macht_frei_2007-1024x683.jpg\" alt=\"\" class=\"wp-image-7183\" srcset=\"https:\/\/www.mzone.cz\/wp-content\/uploads\/2019\/04\/Eingangstor_des_KZ_Auschwitz_Arbeit_macht_frei_2007-1024x683.jpg 1024w, https:\/\/www.mzone.cz\/wp-content\/uploads\/2019\/04\/Eingangstor_des_KZ_Auschwitz_Arbeit_macht_frei_2007-300x200.jpg 300w, https:\/\/www.mzone.cz\/wp-content\/uploads\/2019\/04\/Eingangstor_des_KZ_Auschwitz_Arbeit_macht_frei_2007-768x512.jpg 768w, https:\/\/www.mzone.cz\/wp-content\/uploads\/2019\/04\/Eingangstor_des_KZ_Auschwitz_Arbeit_macht_frei_2007-800x533.jpg 800w, https:\/\/www.mzone.cz\/wp-content\/uploads\/2019\/04\/Eingangstor_des_KZ_Auschwitz_Arbeit_macht_frei_2007-400x267.jpg 400w, https:\/\/www.mzone.cz\/wp-content\/uploads\/2019\/04\/Eingangstor_des_KZ_Auschwitz_Arbeit_macht_frei_2007-500x333.jpg 500w, https:\/\/www.mzone.cz\/wp-content\/uploads\/2019\/04\/Eingangstor_des_KZ_Auschwitz_Arbeit_macht_frei_2007-1170x780.jpg 1170w, https:\/\/www.mzone.cz\/wp-content\/uploads\/2019\/04\/Eingangstor_des_KZ_Auschwitz_Arbeit_macht_frei_2007-590x393.jpg 590w\" sizes=\"auto, (max-width: 1024px) 100vw, 1024px\" \/><\/figure><br>\n\n\n\n<p>Bezprost\u0159edn\u011b po jejich \u00fat\u011bku prob\u00edh\u00e1 v t\u00e1bo\u0159e a okol\u00ed rozs\u00e1hl\u00e1 p\u00e1trac\u00ed akce. V jednu chv\u00edli je skoro v\u0161e ztraceno \u2013 k provizorn\u00edmu \u00fakrytu pod d\u0159ev\u011bnou haldou p\u0159ich\u00e1zej\u00ed dva esesmani a jeden z nich pov\u00edd\u00e1: \u201eCo ta hromada d\u0159eva? Co kdy\u017e jsou schovan\u00ed n\u011bkde pod n\u00ed?\u201c V\u011bzni ani nedutaj\u00ed. N\u011bmci p\u0159ich\u00e1zej\u00ed k hromad\u011b a postupn\u011b odhazuj\u00ed prkno za prknem.\u00a0Ukryt\u00ed v\u011bzni v\u011bd\u00ed, \u017ee tohle je konec. Nakonec jim ale pom\u016f\u017ee ne\u010dekan\u00e1 n\u00e1hoda. V t\u00e1bo\u0159e se toti\u017e rozezn\u00ed sir\u00e9ny. Eses\u00e1ci zanechaj\u00ed pr\u00e1ce a odklu\u0161ou v domn\u011bn\u00ed, \u017ee v\u011bzni byli dopadeni n\u011bkde jinde. Pozd\u011bji se uk\u00e1\u017ee, \u017ee poplach byl fale\u0161n\u00fd, ale nikdo u\u017e se k hromad\u011b rozebran\u00fdch prken nevr\u00e1t\u00ed.<\/p>\n\n\n\n<blockquote class=\"wp-block-quote is-layout-flow wp-block-quote-is-layout-flow\"><p>Kdy\u017e byli venku z l\u00e1gru, boj teprve za\u010dal. Koncentra\u010dn\u00ed t\u00e1bor m\u011bl mnoho ochrann\u00fdch v\u011b\u017e\u00ed a t\u00e1hnul se do obrovsk\u00e9 d\u00e1lky. Dva ute\u010denci se b\u011bhem noci plaz\u00ed bl\u00e1tem, dny tr\u00e1v\u00ed v \u00fakrytech. Mnohokr\u00e1t jsou na pokraji odhalen\u00ed.<\/p><\/blockquote>\n\n\n\n<p>Kv\u016fli vy\u010derp\u00e1n\u00ed d\u011blaj\u00ed chyby, kter\u00e9 je mohou dostat na \u0161ibenici. Nap\u0159\u00edklad si spletou v no\u010dn\u00ed temnot\u011b les s ve\u0159ejn\u00fdm parkem a tr\u00e1v\u00ed cel\u00fd den ukryt\u00ed n\u011bkolik metr\u016f od proch\u00e1zej\u00edc\u00edch se rodin. Kdy\u017e je ve k\u0159ov\u00ed objev\u00ed d\u011bti, zachr\u00e1n\u00ed je jen to, \u017ee je d\u016fstojn\u00edk pova\u017euje za homosexu\u00e1ly a sna\u017e\u00ed se od nich co nejrychleji sv\u00e9 d\u011bti odv\u00e9st. Podruh\u00e9 jim jde o \u017eivot b\u011bhem otev\u0159en\u00e9ho st\u0159etu s hl\u00eddkou. Vyv\u00e1znou jen tak tak d\u00edky \u0159\u00ed\u010dce, kter\u00e1 zmate \u010dich ps\u016f.<\/p><br>\n\n\n\n<div class=\"wp-block-image\"><figure class=\"alignleft is-resized\"><img loading=\"lazy\" decoding=\"async\" src=\"https:\/\/www.mzone.cz\/wp-content\/uploads\/2019\/06\/auschwitz-tl-1024x683.jpg\" alt=\"\" class=\"wp-image-7196\" width=\"151\" height=\"100\" srcset=\"https:\/\/www.mzone.cz\/wp-content\/uploads\/2019\/06\/auschwitz-tl-1024x683.jpg 1024w, https:\/\/www.mzone.cz\/wp-content\/uploads\/2019\/06\/auschwitz-tl-300x200.jpg 300w, https:\/\/www.mzone.cz\/wp-content\/uploads\/2019\/06\/auschwitz-tl-768x512.jpg 768w, https:\/\/www.mzone.cz\/wp-content\/uploads\/2019\/06\/auschwitz-tl-800x533.jpg 800w, https:\/\/www.mzone.cz\/wp-content\/uploads\/2019\/06\/auschwitz-tl-400x267.jpg 400w, https:\/\/www.mzone.cz\/wp-content\/uploads\/2019\/06\/auschwitz-tl-500x333.jpg 500w, https:\/\/www.mzone.cz\/wp-content\/uploads\/2019\/06\/auschwitz-tl-1170x780.jpg 1170w, https:\/\/www.mzone.cz\/wp-content\/uploads\/2019\/06\/auschwitz-tl-590x393.jpg 590w, https:\/\/www.mzone.cz\/wp-content\/uploads\/2019\/06\/auschwitz-tl.jpg 1200w\" sizes=\"auto, (max-width: 151px) 100vw, 151px\" \/><\/figure><\/div>\n\n\n\n<h4><a href=\"https:\/\/www.mzone.cz\/tragicky-osud-terezinskeho-rodinneho-tabora-nejvetsi-hromadna-vrazda-cechu-v-dejinach\/\">Tragick\u00fd osud Terez\u00ednsk\u00e9ho rodinn\u00e9ho t\u00e1bora: Nejv\u011bt\u0161\u00ed hromadn\u00e1 vra\u017eda \u010cech\u016f v d\u011bjin\u00e1ch<\/a><\/h4><br>\n\n\n\n<p>Kdy\u017e po r\u016fzn\u00fdch peripeti\u00edch dorazili na Slovensko, p\u0159ipom\u00ednali sp\u00ed\u0161 lidsk\u00e9 trosky.\u00a0<strong>Vlastn\u00ed matka, se kterou se Rudolf Vrba \u0161\u0165astn\u011b shled\u00e1, ho nepozn\u00e1v\u00e1.<\/strong>\u00a0Oba zb\u011bhov\u00e9 se sna\u017e\u00ed rychle realizovat z\u00e1m\u011br, kv\u016fli kter\u00e9mu riskantn\u00ed \u00fat\u011bk podnikli \u2013 cht\u011bj\u00ed podat zpr\u00e1vu o zr\u016fdnostech v Osv\u011btimi a o cel\u00e9m n\u011bmeck\u00e9m vyhlazovac\u00edm procesu.<\/p>\n\n\n\n<blockquote class=\"wp-block-quote is-layout-flow wp-block-quote-is-layout-flow\"><p>Nepo\u010d\u00edtali ov\u0161em s t\u00edm, \u017ee sv\u011bt nechce n\u011b\u010demu podobn\u00e9mu v\u011b\u0159it. Jejich v\u00fdpov\u011b\u010f o Osv\u011btimi vejde do d\u011bjin jako Vrbova a Wetzlerova zpr\u00e1va.<\/p><\/blockquote>\n\n\n\n<p>Prvotn\u00edm \u00fakolem bylo varovat ma\u010farsk\u00e9 \u017didy, na kter\u00e9 se m\u011bla vyhlazovac\u00ed ma\u0161in\u00e9rie zam\u011b\u0159it. \u017didovsk\u00e1 obec ale Ma\u010fary nevarovala. V\u0161e se d\u00e1 do pohybu a\u017e o n\u011bkolik t\u00fddn\u016f pozd\u011bji. Ke slovu se nakonec dostanou osobnosti, jako\u00a0<strong>Winston Churchill a Theodor Roosevelt<\/strong>\u00a0a dal\u0161\u00ed vlivn\u00ed politici. Dosud odm\u00edtali uv\u011b\u0159it, ale sv\u011bdectv\u00ed uprchl\u00edk\u016f je kone\u010dn\u011b p\u0159esv\u011bd\u010d\u00ed. Zastaven\u00edm deportac\u00ed je zachr\u00e1n\u011bno asi 200 000 Ma\u010far\u016f.<\/p><br>\n\n\n\n<p>Dal\u0161\u00edm uprchl\u00edkem je\u00a0<strong>\u010cech Richard Glazar<\/strong>, kter\u00e9mu se poda\u0159\u00ed uprchnout z vyhlazovac\u00edho t\u00e1bora Treblinka. Do tohoto t\u00e1bora p\u0159i\u0161el v roce 1942. Tehdy byli v\u0161ichni v\u011bzni z nov\u00fdch deportac\u00ed pos\u00edl\u00e1ni rovnou do plynu. \u017d\u00e1dn\u00e9 selekce, \u017e\u00e1dn\u00e1 \u0161ance na \u017eivot. Richard Glazer m\u00e1 v\u0161ak \u0161t\u011bst\u00ed u\u017e od po\u010d\u00e1tku \u2013 na dob\u0159e stav\u011bn\u00e9m mu\u017ei utkv\u011blo oko dozorce, kter\u00fd pr\u00e1v\u011b sestavoval men\u0161\u00ed t\u00fdm na pr\u00e1ci. Bez jedin\u00e9ho slova vysv\u011btlen\u00ed, jak to na takov\u00fdch m\u00edstech chod\u00ed, je mlad\u00edk na posledn\u00ed chv\u00edli vyta\u017een z \u0159ady. Jeho tu\u0161en\u00ed toho, co se d\u011bje ve sprch\u00e1ch se v n\u00e1sleduj\u00edc\u00edch m\u011bs\u00edc\u00edch potvrd\u00ed.<\/p><br>\n\n\n\n<figure class=\"wp-block-image\"><img loading=\"lazy\" decoding=\"async\" width=\"674\" height=\"480\" src=\"https:\/\/www.mzone.cz\/wp-content\/uploads\/2019\/11\/Treblinka.jpg\" alt=\"\" class=\"wp-image-13920\" srcset=\"https:\/\/www.mzone.cz\/wp-content\/uploads\/2019\/11\/Treblinka.jpg 674w, https:\/\/www.mzone.cz\/wp-content\/uploads\/2019\/11\/Treblinka-300x214.jpg 300w, https:\/\/www.mzone.cz\/wp-content\/uploads\/2019\/11\/Treblinka-590x420.jpg 590w\" sizes=\"auto, (max-width: 674px) 100vw, 674px\" \/><\/figure><br>\n\n\n\n<p>Jeho pr\u00e1ce je stra\u0161n\u00e1 \u2013 t\u0159\u00edd\u00ed majetek lid\u00ed poslan\u00fdch do plynu. Uv\u011bdomuje si, \u017ee se pod\u00edl\u00ed na smrt\u00edc\u00ed ma\u0161in\u00e9rii. Zoufalstv\u00ed v\u011bz\u0148\u016f nab\u00edr\u00e1 obr\u00e1tek v srpnu 1943 a doch\u00e1z\u00ed ke vzpou\u0159e v\u011bz\u0148\u016f. Kdo p\u0159e\u017eil prvn\u00ed \u00fatok eses\u00e1k\u016f, vyu\u017e\u00edv\u00e1 zmatku a ut\u00edk\u00e1.\u00a0<strong>V\u011bt\u0161ina uprchl\u00edk\u016f je v\u0161ak chycena a popravena<\/strong>. Cel\u00e9 b\u011bsn\u011bn\u00ed p\u0159e\u017e\u00edv\u00e1 jen n\u011bkolik des\u00edtek lid\u00ed, mezi nimi i Richard Glazar a jeho nejlep\u0161\u00ed p\u0159\u00edtel Karel Unger.<\/p><br>\n\n\n\n<p>Do konce v\u00e1lky vedou ileg\u00e1ln\u00ed \u017eivot s fale\u0161n\u00fdmi doklady. Nakonec se do\u010dkaj\u00ed svobody a podaj\u00ed Ameri\u010dan\u016fm zpr\u00e1vu o Treblince.<\/p>\n\n\n\n<blockquote class=\"wp-block-quote is-layout-flow wp-block-quote-is-layout-flow\"><p>Richard Glazar se v roce 1961 stane hlavn\u00edm sv\u011bdkem p\u0159i procesech s nacistick\u00fdmi zlo\u010dinci z Treblinky. Na peklo koncentra\u010dn\u00edch t\u00e1bor\u016f nikdy nezapomene a do konce \u017eivota p\u0159edn\u00e1\u0161\u00ed, beseduje a p\u00ed\u0161e. Kniha s jeho sv\u011bdectv\u00edm se jmenuje \u201eTreblinka, slovo jak z d\u011btsk\u00e9 \u0159\u00edkanky\u201c.<\/p><\/blockquote>\n\n\n\n<p>Na v\u011bzni koncentra\u010dn\u00edho t\u00e1bora Osv\u011btim\u00a0<strong>Pol\u00e1kovi Witoldu Pileckim je zaj\u00edmav\u00e9 to, \u017ee se nechal uv\u011bznit dobrovoln\u011b<\/strong>. Pro\u010d by n\u011bco takov\u00e9ho d\u011blal? Chce tam toti\u017e zorganizovat ileg\u00e1ln\u00ed hnut\u00ed a podkop\u00e1vat strukturu t\u00e1bora zevnit\u0159. Na p\u0159ek\u00e1\u017eku v\u0161ak nar\u00e1\u017e\u00ed u\u017e v okam\u017eiku, kdy se chce nechat uv\u011bznit. V z\u00e1\u0159\u00ed 1940 napl\u00e1nuje s partyz\u00e1ny akci, jej\u00edm\u017e c\u00edlem je se nechat obkl\u00ed\u010dit, zajmout a odvl\u00e9ci p\u0159\u00edmo do Osv\u011btimi. Riziko je, \u017ee ho m\u016f\u017eou nechat rovnou zast\u0159elit, ub\u00edt p\u0159i v\u00fdslechu nebo odv\u00e9zt do \u00fapln\u011b jin\u00e9ho t\u00e1bora. V\u0161e ale nakonec dopadne &#8220;dob\u0159e&#8221; a Pilecki obl\u00e9kne pruhovan\u00fd v\u011bze\u0148sk\u00fd mund\u00far osv\u011btimsk\u00e9ho koncentra\u010dn\u00edho t\u00e1bora.<\/p><br>\n\n\n\n<div class=\"wp-block-image\"><figure class=\"alignleft is-resized\"><img loading=\"lazy\" decoding=\"async\" src=\"https:\/\/www.mzone.cz\/wp-content\/uploads\/2019\/08\/rarehistoricalphotos.com-2.jpg\" alt=\"\" class=\"wp-image-11962\" width=\"130\" height=\"81\" srcset=\"https:\/\/www.mzone.cz\/wp-content\/uploads\/2019\/08\/rarehistoricalphotos.com-2.jpg 603w, https:\/\/www.mzone.cz\/wp-content\/uploads\/2019\/08\/rarehistoricalphotos.com-2-300x187.jpg 300w, https:\/\/www.mzone.cz\/wp-content\/uploads\/2019\/08\/rarehistoricalphotos.com-2-590x367.jpg 590w\" sizes=\"auto, (max-width: 130px) 100vw, 130px\" \/><\/figure><\/div>\n\n\n\n<h4><a href=\"https:\/\/www.mzone.cz\/jak-by-vypadal-svet-kdyby-nacisticke-nemecko-vyhralo-druhou-svetovou-valku\/\">Jak by vypadal sv\u011bt, kdyby nacistick\u00e9 N\u011bmecko vyhr\u00e1lo druhou sv\u011btovou v\u00e1lku?<\/a><\/h4><br>\n\n\n\n<p>Ihned za\u010d\u00edn\u00e1 pracovat a brzy se mu poda\u0159\u00ed vytvo\u0159it konspira\u010dn\u00ed bu\u0148ky. Jsou to mal\u00e9 skupinky spiklenc\u016f, kter\u00e9 o sob\u011b ale navz\u00e1jem nev\u011bd\u00ed. \u0158\u00edzeny jsou pouze n\u011bkolika zasv\u011bcen\u00fdmi lidmi. To v\u0161e se d\u011bje z bezpe\u010dnostn\u00edch d\u016fvod\u016f,&nbsp;<strong>aby nebylo jednoduch\u00e9 rozr\u00fdt a popravit celou s\u00ed\u0165 nar\u00e1z<\/strong>. Pileckimu se da\u0159\u00ed propa\u0161ovat z l\u00e1gru spoustu znepokojuj\u00edc\u00edch mot\u00e1k\u016f, kter\u00e9 ale jeho spojence venku zat\u00edm zanech\u00e1vaj\u00ed v klidu. Nic se st\u00e1le ned\u011bje \u2013 nebombarduj\u00ed pece ani p\u0159\u00edjezdy k nim, nezakazuj\u00ed deportace. Witolda vla\u017en\u00fd p\u0159\u00edstup spojenc\u016f venku roz\u010d\u00edl\u00ed natolik, \u017ee se zkr\u00e1tka rozhodne odej\u00edt a pracovat zase zven\u010d\u00ed, tentokr\u00e1t bohat\u0161\u00ed o nast\u0159\u00e1dan\u00e9 d\u011bsiv\u00e9 informace.<\/p>\n\n\n\n<blockquote class=\"wp-block-quote is-layout-flow wp-block-quote-is-layout-flow\"><p>Je si natolik jist\u00fd, \u017ee se mu poda\u0159\u00ed uprchnout, \u017ee je jeho p\u0159\u00edstup a\u017e arogantn\u00ed.\u00a0Odv\u00e1\u017en\u00fdm ale \u0161t\u011bst\u00ed p\u0159eje.<\/p><\/blockquote>\n\n\n\n<p>Sv\u00fdm nezlomn\u00fdm p\u0159\u00edstupem, odvahou, schopnost\u00ed jednat naoko s N\u011bmci a dovednou manipulac\u00ed si z\u00edsk\u00e1 jist\u00e1 v\u011bze\u0148sk\u00e1 privilegia. M\u016f\u017ee b\u00fdt tedy vysl\u00e1n na pr\u00e1ci do pek\u00e1rny mimo t\u00e1bor. B\u011bhem p\u0159esunu za prac\u00ed se Witoldovi a jeho kamar\u00e1dovi poda\u0159\u00ed\u00a0p\u0159emoci n\u011bmeck\u00fd doprovod\u00a0a berou nohy na ramena. P\u0159esto\u017ee je poplach vyhl\u00e1\u0161en o dost d\u0159\u00edve ne\u017e \u010dekali a je na n\u011b po\u0159\u00e1d\u00e1n stra\u0161liv\u00fd hon, ob\u011bma se poda\u0159\u00ed uprchnout. Pilecki je prvn\u00ed, kdo p\u0159inese detailn\u00ed zpr\u00e1vu o podm\u00ednk\u00e1ch v t\u00e1bo\u0159e.<\/p><br>\n\n\n\n<figure class=\"wp-block-image is-resized\"><img loading=\"lazy\" decoding=\"async\" src=\"https:\/\/www.mzone.cz\/wp-content\/uploads\/2019\/11\/Witold-Pilecki.jpg\" alt=\"\" class=\"wp-image-13935\" width=\"570\" height=\"428\" srcset=\"https:\/\/www.mzone.cz\/wp-content\/uploads\/2019\/11\/Witold-Pilecki.jpg 480w, https:\/\/www.mzone.cz\/wp-content\/uploads\/2019\/11\/Witold-Pilecki-300x225.jpg 300w\" sizes=\"auto, (max-width: 570px) 100vw, 570px\" \/><figcaption>Witold Pilecki se do Osv\u011btimi nechal zav\u0159\u00edt dobrovoln\u011b<\/figcaption><\/figure>\n\n\n\n<p>Pilecki je na tom nejh\u016f\u0159e ze v\u0161ech jeho n\u00e1sledovn\u00edk\u016f, kter\u00fdm se poda\u0159ilo uprchnout z koncentr\u00e1ku po n\u011bm. V roce 1943 toti\u017e nikdo nechce v\u011b\u0159it takov\u00fdm zv\u011brstv\u016fm ani c\u00edlen\u00e9 genocid\u011b. Ani vl\u00e1dy spojenc\u016f nereaguj\u00ed, co\u017e dnes historici velmi kritizuj\u00ed. Pilecki kon\u010d\u00ed s\u00e1m, zklam\u00e1n p\u0159\u00edstupem politik\u016f a chce alespo\u0148 na vlastn\u00ed p\u011bst\u00a0povra\u017edit co nejv\u00edce N\u011bmc\u016f.<\/p><br>\n\n\n\n<p>Po v\u00e1lce, kterou p\u0159e\u017eije, pracuje jako agent demokratick\u00e9 polsk\u00e9 exilov\u00e9 vl\u00e1dy. Nen\u00e1vid\u00ed ka\u017edou totalitu, a tak shroma\u017e\u010fuje informace o zlo\u010dinech Sov\u011bt\u016f.<\/p>\n\n\n\n<blockquote class=\"wp-block-quote is-layout-flow wp-block-quote-is-layout-flow\"><p>Komunist\u00e9 ho odhal\u00ed a zatknou ho. Jeho \u017eena od n\u011bj dostane jen n\u011bkolik vzkaz\u016f. Jeden z nich zn\u00ed: \u201eOsv\u011btim byla proti komunistick\u00e9mu \u017eal\u00e1\u0159i pion\u00fdrsk\u00fdm t\u00e1borem!\u201c<\/p><\/blockquote>\n\n\n\n<p>Jak\u00e9 hr\u016fzy musel p\u0159i v\u00fdsle\u0161\u00edch vytrp\u011bt n\u011bkdo, kdo byl schopen takov\u00e9ho v\u00fdroku, nen\u00ed dodnes zn\u00e1mo.<\/p><br>\n\n\n\n<div class=\"wp-block-image\"><figure class=\"alignleft is-resized\"><img loading=\"lazy\" decoding=\"async\" src=\"https:\/\/www.mzone.cz\/wp-content\/uploads\/2018\/01\/Sturmabteilung-SA.png\" alt=\"Adolf Hitler\" class=\"wp-image-470\" width=\"131\" height=\"82\" srcset=\"https:\/\/www.mzone.cz\/wp-content\/uploads\/2018\/01\/Sturmabteilung-SA.png 1006w, https:\/\/www.mzone.cz\/wp-content\/uploads\/2018\/01\/Sturmabteilung-SA-300x190.png 300w, https:\/\/www.mzone.cz\/wp-content\/uploads\/2018\/01\/Sturmabteilung-SA-768x487.png 768w, https:\/\/www.mzone.cz\/wp-content\/uploads\/2018\/01\/Sturmabteilung-SA-590x374.png 590w\" sizes=\"auto, (max-width: 131px) 100vw, 131px\" \/><\/figure><\/div>\n\n\n\n<h4><a href=\"https:\/\/www.mzone.cz\/jednotky-sa-teror-musi-byt-zlomen-zase-jen-terorem\/\">Jednotky SA \u2013 \u201eTeror mus\u00ed b\u00fdt zlomen zase jen terorem\u201c<\/a><\/h4><br>\n\n\n\n<p>B\u00fdval\u00fd osv\u011btimsk\u00fd v\u011bze\u0148 ale v\u0161echny hr\u016fzy p\u0159etrp\u00ed. Nejhor\u0161\u00edmi metodami ani udr\u017eov\u00e1n\u00edm ve stra\u0161n\u00fdch bolestech mezi \u017eivotem a smrt\u00ed z n\u011bj \u017e\u00e1dn\u00e9 informace nevyml\u00e1t\u00ed. Neprozrad\u00ed nikoho a nic. V kv\u011btnu 1948 je popraven a pak se o n\u011bm dlouho ml\u010d\u00ed. Cel\u00fd p\u0159\u00edb\u011bh se v\u010detn\u011b ho\u0159k\u00e9ho konce dozv\u00ed jeho syn a\u017e jako \u0161estn\u00e1ctilet\u00fd.<\/p><br>\n\n\n\n<p>Za ob\u011b\u0165 holocaustu padlo<strong>\u00a06 mili\u00f3n\u016f \u017did\u016f z cel\u00e9 Evropy, z toho 1,6 mili\u00f3nu v Osv\u011btimi<\/strong>. K tomu je nutn\u00e9 p\u0159ipo\u010d\u00edst dal\u0161\u00ed mno\u017estv\u00ed Rom\u016f a politick\u00fdch odp\u016frc\u016f. Ze v\u0161ech \u017eidovsk\u00fdch d\u011bt\u00ed, kter\u00e9 byly na\u017eivu v roce 1933, p\u0159e\u017eilo v\u00e1lku pouh\u00fdch 11 procent.<\/p><br>","protected":false},"excerpt":{"rendered":"<p>B\u011bhem druh\u00e9 sv\u011btov\u00e9 v\u00e1lky vznikaly na N\u011bmci okupovan\u00e9m \u00fazem\u00ed koncentra\u010dn\u00ed t\u00e1bory, kter\u00e9 m\u011bly slou\u017eit jako pracovn\u00ed za\u0159\u00edzen\u00ed, ale ve skute\u010dnosti v nich prob\u00edhalo masov\u00e9 vyhlazov\u00e1n\u00ed v\u011bz\u0148\u016f. P\u0159itom dostat se do nich nebylo v\u016fbec t\u011b\u017ek\u00e9 \u2013 sta\u010dil \u0161patn\u00fd p\u016fvod (\u017did\u00e9 a Romov\u00e9), n\u00e1bo\u017eensk\u00e9 vyzn\u00e1n\u00ed (Jehovist\u00e9) nebo \u0161patn\u00e9 sm\u00fd\u0161len\u00ed v\u016f\u010di T\u0159et\u00ed \u0159\u00ed\u0161i. T\u00e1bory byly p\u0159\u00edsn\u011b st\u0159e\u017een\u00e9 zejm\u00e9na [&hellip;]<\/p>\n","protected":false},"author":4,"featured_media":7196,"comment_status":"open","ping_status":"closed","sticky":false,"template":"","format":"standard","meta":{"kk_blocks_editor_width":"","_kiokenblocks_attr":"","_kiokenblocks_dimensions":"","footnotes":""},"categories":[387],"tags":[2941,2862,1154,87,2938,1550,1556,579,2940,2942,1777,2936,119,2937,2939],"class_list":["post-13911","post","type-post","status-publish","format-standard","has-post-thumbnail","hentry","category-historie","tag-alfred-wetzler","tag-dejiny","tag-druha-svetova-valka","tag-historie","tag-holocaust","tag-koncentracni-tabory","tag-nacismus","tag-pribehy","tag-richard-glazar","tag-rudolf-vrba","tag-utek","tag-uteky","tag-valka","tag-vyhlazovani","tag-witold-pilecki"],"yoast_head":"<!-- This site is optimized with the Yoast SEO plugin v27.5 - https:\/\/yoast.com\/product\/yoast-seo-wordpress\/ -->\n<title>Nejslavn\u011bj\u0161\u00ed \u00fasp\u011b\u0161n\u00e9 \u00fat\u011bky z nacistick\u00fdch t\u00e1bor\u016f smrti - Mzone<\/title>\n<meta name=\"description\" content=\"B\u011bhem druh\u00e9 sv\u011btov\u00e9 v\u00e1lky vznikaly na N\u011bmci okupovan\u00e9m \u00fazem\u00ed koncentra\u010dn\u00ed t\u00e1bory, kter\u00e9 m\u011bly slou\u017eit jako pracovn\u00ed za\u0159\u00edzen\u00ed, ale ve skute\u010dnosti v nich prob\u00edhalo masov\u00e9 vyhlazov\u00e1n\u00ed v\u011bz\u0148\u016f. P\u0159itom dostat se do nich nebylo v\u016fbec t\u011b\u017ek\u00e9 \u2013 sta\u010dil \u0161patn\u00fd p\u016fvod (\u017did\u00e9 a Romov\u00e9), n\u00e1bo\u017eensk\u00e9 vyzn\u00e1n\u00ed (Jehovist\u00e9) nebo \u0161patn\u00e9 sm\u00fd\u0161len\u00ed v\u016f\u010di T\u0159et\u00ed \u0159\u00ed\u0161i.\" \/>\n<meta name=\"robots\" content=\"index, follow, max-snippet:-1, max-image-preview:large, max-video-preview:-1\" \/>\n<link rel=\"canonical\" href=\"https:\/\/www.mzone.cz\/en\/nejslavnejsi-uspesne-uteky-z-nacistickych-taboru-smrti\/\" \/>\n<meta property=\"og:locale\" content=\"en_US\" \/>\n<meta property=\"og:type\" content=\"article\" \/>\n<meta property=\"og:title\" content=\"Nejslavn\u011bj\u0161\u00ed \u00fasp\u011b\u0161n\u00e9 \u00fat\u011bky z nacistick\u00fdch t\u00e1bor\u016f smrti - Mzone\" \/>\n<meta property=\"og:description\" content=\"B\u011bhem druh\u00e9 sv\u011btov\u00e9 v\u00e1lky vznikaly na N\u011bmci okupovan\u00e9m \u00fazem\u00ed koncentra\u010dn\u00ed t\u00e1bory, kter\u00e9 m\u011bly slou\u017eit jako pracovn\u00ed za\u0159\u00edzen\u00ed, ale ve skute\u010dnosti v nich prob\u00edhalo masov\u00e9 vyhlazov\u00e1n\u00ed v\u011bz\u0148\u016f. P\u0159itom dostat se do nich nebylo v\u016fbec t\u011b\u017ek\u00e9 \u2013 sta\u010dil \u0161patn\u00fd p\u016fvod (\u017did\u00e9 a Romov\u00e9), n\u00e1bo\u017eensk\u00e9 vyzn\u00e1n\u00ed (Jehovist\u00e9) nebo \u0161patn\u00e9 sm\u00fd\u0161len\u00ed v\u016f\u010di T\u0159et\u00ed \u0159\u00ed\u0161i.\" \/>\n<meta property=\"og:url\" content=\"https:\/\/www.mzone.cz\/en\/nejslavnejsi-uspesne-uteky-z-nacistickych-taboru-smrti\/\" \/>\n<meta property=\"og:site_name\" content=\"Mzone\" \/>\n<meta property=\"article:publisher\" content=\"https:\/\/www.facebook.com\/MzoneCZ\/\" \/>\n<meta property=\"article:published_time\" content=\"2025-11-12T07:00:06+00:00\" \/>\n<meta property=\"article:modified_time\" content=\"2025-11-12T07:19:31+00:00\" \/>\n<meta property=\"og:image\" content=\"https:\/\/www.mzone.cz\/wp-content\/uploads\/2019\/06\/auschwitz-tl.jpg\" \/>\n\t<meta property=\"og:image:width\" content=\"1200\" \/>\n\t<meta property=\"og:image:height\" content=\"800\" \/>\n\t<meta property=\"og:image:type\" content=\"image\/jpeg\" \/>\n<meta name=\"author\" content=\"Mzone\" \/>\n<meta name=\"twitter:card\" content=\"summary_large_image\" \/>\n<meta name=\"twitter:label1\" content=\"Written by\" \/>\n\t<meta name=\"twitter:data1\" content=\"Mzone\" \/>\n\t<meta name=\"twitter:label2\" content=\"Est. reading time\" \/>\n\t<meta name=\"twitter:data2\" content=\"9 minutes\" \/>\n<script type=\"application\/ld+json\" class=\"yoast-schema-graph\">{\"@context\":\"https:\\\/\\\/schema.org\",\"@graph\":[{\"@type\":\"Article\",\"@id\":\"https:\\\/\\\/www.mzone.cz\\\/nejslavnejsi-uspesne-uteky-z-nacistickych-taboru-smrti\\\/#article\",\"isPartOf\":{\"@id\":\"https:\\\/\\\/www.mzone.cz\\\/nejslavnejsi-uspesne-uteky-z-nacistickych-taboru-smrti\\\/\"},\"author\":{\"name\":\"Mzone\",\"@id\":\"https:\\\/\\\/www.mzone.cz\\\/#\\\/schema\\\/person\\\/9bc20cc422a99cac4af6ff9297da32d4\"},\"headline\":\"Nejslavn\u011bj\u0161\u00ed \u00fasp\u011b\u0161n\u00e9 \u00fat\u011bky z nacistick\u00fdch t\u00e1bor\u016f smrti\",\"datePublished\":\"2025-11-12T07:00:06+00:00\",\"dateModified\":\"2025-11-12T07:19:31+00:00\",\"mainEntityOfPage\":{\"@id\":\"https:\\\/\\\/www.mzone.cz\\\/nejslavnejsi-uspesne-uteky-z-nacistickych-taboru-smrti\\\/\"},\"wordCount\":1850,\"commentCount\":0,\"image\":{\"@id\":\"https:\\\/\\\/www.mzone.cz\\\/nejslavnejsi-uspesne-uteky-z-nacistickych-taboru-smrti\\\/#primaryimage\"},\"thumbnailUrl\":\"https:\\\/\\\/www.mzone.cz\\\/wp-content\\\/uploads\\\/2019\\\/06\\\/auschwitz-tl.jpg\",\"keywords\":[\"Alfred Wetzler\",\"d\u011bjiny\",\"Druh\u00e1 sv\u011btov\u00e1 v\u00e1lka\",\"Historie\",\"holocaust\",\"koncentra\u010dn\u00ed t\u00e1bory\",\"nacismus\",\"p\u0159\u00edb\u011bhy\",\"Richard Glazar\",\"Rudolf Vrba\",\"\u00fat\u011bk\",\"\u00fat\u011bky\",\"v\u00e1lka\",\"vyhlazov\u00e1n\u00ed\",\"Witold Pilecki\"],\"articleSection\":[\"Historie\"],\"inLanguage\":\"en-US\",\"potentialAction\":[{\"@type\":\"CommentAction\",\"name\":\"Comment\",\"target\":[\"https:\\\/\\\/www.mzone.cz\\\/nejslavnejsi-uspesne-uteky-z-nacistickych-taboru-smrti\\\/#respond\"]}]},{\"@type\":\"WebPage\",\"@id\":\"https:\\\/\\\/www.mzone.cz\\\/nejslavnejsi-uspesne-uteky-z-nacistickych-taboru-smrti\\\/\",\"url\":\"https:\\\/\\\/www.mzone.cz\\\/nejslavnejsi-uspesne-uteky-z-nacistickych-taboru-smrti\\\/\",\"name\":\"Nejslavn\u011bj\u0161\u00ed \u00fasp\u011b\u0161n\u00e9 \u00fat\u011bky z nacistick\u00fdch t\u00e1bor\u016f smrti - Mzone\",\"isPartOf\":{\"@id\":\"https:\\\/\\\/www.mzone.cz\\\/#website\"},\"primaryImageOfPage\":{\"@id\":\"https:\\\/\\\/www.mzone.cz\\\/nejslavnejsi-uspesne-uteky-z-nacistickych-taboru-smrti\\\/#primaryimage\"},\"image\":{\"@id\":\"https:\\\/\\\/www.mzone.cz\\\/nejslavnejsi-uspesne-uteky-z-nacistickych-taboru-smrti\\\/#primaryimage\"},\"thumbnailUrl\":\"https:\\\/\\\/www.mzone.cz\\\/wp-content\\\/uploads\\\/2019\\\/06\\\/auschwitz-tl.jpg\",\"datePublished\":\"2025-11-12T07:00:06+00:00\",\"dateModified\":\"2025-11-12T07:19:31+00:00\",\"author\":{\"@id\":\"https:\\\/\\\/www.mzone.cz\\\/#\\\/schema\\\/person\\\/9bc20cc422a99cac4af6ff9297da32d4\"},\"description\":\"B\u011bhem druh\u00e9 sv\u011btov\u00e9 v\u00e1lky vznikaly na N\u011bmci okupovan\u00e9m \u00fazem\u00ed koncentra\u010dn\u00ed t\u00e1bory, kter\u00e9 m\u011bly slou\u017eit jako pracovn\u00ed za\u0159\u00edzen\u00ed, ale ve skute\u010dnosti v nich prob\u00edhalo masov\u00e9 vyhlazov\u00e1n\u00ed v\u011bz\u0148\u016f. P\u0159itom dostat se do nich nebylo v\u016fbec t\u011b\u017ek\u00e9 \u2013 sta\u010dil \u0161patn\u00fd p\u016fvod (\u017did\u00e9 a Romov\u00e9), n\u00e1bo\u017eensk\u00e9 vyzn\u00e1n\u00ed (Jehovist\u00e9) nebo \u0161patn\u00e9 sm\u00fd\u0161len\u00ed v\u016f\u010di T\u0159et\u00ed \u0159\u00ed\u0161i.\",\"breadcrumb\":{\"@id\":\"https:\\\/\\\/www.mzone.cz\\\/nejslavnejsi-uspesne-uteky-z-nacistickych-taboru-smrti\\\/#breadcrumb\"},\"inLanguage\":\"en-US\",\"potentialAction\":[{\"@type\":\"ReadAction\",\"target\":[\"https:\\\/\\\/www.mzone.cz\\\/nejslavnejsi-uspesne-uteky-z-nacistickych-taboru-smrti\\\/\"]}]},{\"@type\":\"ImageObject\",\"inLanguage\":\"en-US\",\"@id\":\"https:\\\/\\\/www.mzone.cz\\\/nejslavnejsi-uspesne-uteky-z-nacistickych-taboru-smrti\\\/#primaryimage\",\"url\":\"https:\\\/\\\/www.mzone.cz\\\/wp-content\\\/uploads\\\/2019\\\/06\\\/auschwitz-tl.jpg\",\"contentUrl\":\"https:\\\/\\\/www.mzone.cz\\\/wp-content\\\/uploads\\\/2019\\\/06\\\/auschwitz-tl.jpg\",\"width\":1200,\"height\":800},{\"@type\":\"BreadcrumbList\",\"@id\":\"https:\\\/\\\/www.mzone.cz\\\/nejslavnejsi-uspesne-uteky-z-nacistickych-taboru-smrti\\\/#breadcrumb\",\"itemListElement\":[{\"@type\":\"ListItem\",\"position\":1,\"name\":\"Dom\u016f\",\"item\":\"https:\\\/\\\/www.mzone.cz\\\/\"},{\"@type\":\"ListItem\",\"position\":2,\"name\":\"Nejslavn\u011bj\u0161\u00ed \u00fasp\u011b\u0161n\u00e9 \u00fat\u011bky z nacistick\u00fdch t\u00e1bor\u016f smrti\"}]},{\"@type\":\"WebSite\",\"@id\":\"https:\\\/\\\/www.mzone.cz\\\/#website\",\"url\":\"https:\\\/\\\/www.mzone.cz\\\/\",\"name\":\"Mzone\",\"description\":\"Magaz\u00edn nejen pro mu\u017ee\",\"potentialAction\":[{\"@type\":\"SearchAction\",\"target\":{\"@type\":\"EntryPoint\",\"urlTemplate\":\"https:\\\/\\\/www.mzone.cz\\\/?s={search_term_string}\"},\"query-input\":{\"@type\":\"PropertyValueSpecification\",\"valueRequired\":true,\"valueName\":\"search_term_string\"}}],\"inLanguage\":\"en-US\"},{\"@type\":\"Person\",\"@id\":\"https:\\\/\\\/www.mzone.cz\\\/#\\\/schema\\\/person\\\/9bc20cc422a99cac4af6ff9297da32d4\",\"name\":\"Mzone\",\"image\":{\"@type\":\"ImageObject\",\"inLanguage\":\"en-US\",\"@id\":\"https:\\\/\\\/secure.gravatar.com\\\/avatar\\\/e780a8630f3182a3d06dd667ab6bea151a0d155b0951bc15fe22633acdac0676?s=96&d=mm&r=g\",\"url\":\"https:\\\/\\\/secure.gravatar.com\\\/avatar\\\/e780a8630f3182a3d06dd667ab6bea151a0d155b0951bc15fe22633acdac0676?s=96&d=mm&r=g\",\"contentUrl\":\"https:\\\/\\\/secure.gravatar.com\\\/avatar\\\/e780a8630f3182a3d06dd667ab6bea151a0d155b0951bc15fe22633acdac0676?s=96&d=mm&r=g\",\"caption\":\"Mzone\"},\"url\":\"https:\\\/\\\/www.mzone.cz\\\/en\\\/author\\\/jakub\\\/\"}]}<\/script>\n<!-- \/ Yoast SEO plugin. -->","yoast_head_json":{"title":"Nejslavn\u011bj\u0161\u00ed \u00fasp\u011b\u0161n\u00e9 \u00fat\u011bky z nacistick\u00fdch t\u00e1bor\u016f smrti - Mzone","description":"B\u011bhem druh\u00e9 sv\u011btov\u00e9 v\u00e1lky vznikaly na N\u011bmci okupovan\u00e9m \u00fazem\u00ed koncentra\u010dn\u00ed t\u00e1bory, kter\u00e9 m\u011bly slou\u017eit jako pracovn\u00ed za\u0159\u00edzen\u00ed, ale ve skute\u010dnosti v nich prob\u00edhalo masov\u00e9 vyhlazov\u00e1n\u00ed v\u011bz\u0148\u016f. P\u0159itom dostat se do nich nebylo v\u016fbec t\u011b\u017ek\u00e9 \u2013 sta\u010dil \u0161patn\u00fd p\u016fvod (\u017did\u00e9 a Romov\u00e9), n\u00e1bo\u017eensk\u00e9 vyzn\u00e1n\u00ed (Jehovist\u00e9) nebo \u0161patn\u00e9 sm\u00fd\u0161len\u00ed v\u016f\u010di T\u0159et\u00ed \u0159\u00ed\u0161i.","robots":{"index":"index","follow":"follow","max-snippet":"max-snippet:-1","max-image-preview":"max-image-preview:large","max-video-preview":"max-video-preview:-1"},"canonical":"https:\/\/www.mzone.cz\/en\/nejslavnejsi-uspesne-uteky-z-nacistickych-taboru-smrti\/","og_locale":"en_US","og_type":"article","og_title":"Nejslavn\u011bj\u0161\u00ed \u00fasp\u011b\u0161n\u00e9 \u00fat\u011bky z nacistick\u00fdch t\u00e1bor\u016f smrti - Mzone","og_description":"B\u011bhem druh\u00e9 sv\u011btov\u00e9 v\u00e1lky vznikaly na N\u011bmci okupovan\u00e9m \u00fazem\u00ed koncentra\u010dn\u00ed t\u00e1bory, kter\u00e9 m\u011bly slou\u017eit jako pracovn\u00ed za\u0159\u00edzen\u00ed, ale ve skute\u010dnosti v nich prob\u00edhalo masov\u00e9 vyhlazov\u00e1n\u00ed v\u011bz\u0148\u016f. P\u0159itom dostat se do nich nebylo v\u016fbec t\u011b\u017ek\u00e9 \u2013 sta\u010dil \u0161patn\u00fd p\u016fvod (\u017did\u00e9 a Romov\u00e9), n\u00e1bo\u017eensk\u00e9 vyzn\u00e1n\u00ed (Jehovist\u00e9) nebo \u0161patn\u00e9 sm\u00fd\u0161len\u00ed v\u016f\u010di T\u0159et\u00ed \u0159\u00ed\u0161i.","og_url":"https:\/\/www.mzone.cz\/en\/nejslavnejsi-uspesne-uteky-z-nacistickych-taboru-smrti\/","og_site_name":"Mzone","article_publisher":"https:\/\/www.facebook.com\/MzoneCZ\/","article_published_time":"2025-11-12T07:00:06+00:00","article_modified_time":"2025-11-12T07:19:31+00:00","og_image":[{"width":1200,"height":800,"url":"https:\/\/www.mzone.cz\/wp-content\/uploads\/2019\/06\/auschwitz-tl.jpg","type":"image\/jpeg"}],"author":"Mzone","twitter_card":"summary_large_image","twitter_misc":{"Written by":"Mzone","Est. reading time":"9 minutes"},"schema":{"@context":"https:\/\/schema.org","@graph":[{"@type":"Article","@id":"https:\/\/www.mzone.cz\/nejslavnejsi-uspesne-uteky-z-nacistickych-taboru-smrti\/#article","isPartOf":{"@id":"https:\/\/www.mzone.cz\/nejslavnejsi-uspesne-uteky-z-nacistickych-taboru-smrti\/"},"author":{"name":"Mzone","@id":"https:\/\/www.mzone.cz\/#\/schema\/person\/9bc20cc422a99cac4af6ff9297da32d4"},"headline":"Nejslavn\u011bj\u0161\u00ed \u00fasp\u011b\u0161n\u00e9 \u00fat\u011bky z nacistick\u00fdch t\u00e1bor\u016f smrti","datePublished":"2025-11-12T07:00:06+00:00","dateModified":"2025-11-12T07:19:31+00:00","mainEntityOfPage":{"@id":"https:\/\/www.mzone.cz\/nejslavnejsi-uspesne-uteky-z-nacistickych-taboru-smrti\/"},"wordCount":1850,"commentCount":0,"image":{"@id":"https:\/\/www.mzone.cz\/nejslavnejsi-uspesne-uteky-z-nacistickych-taboru-smrti\/#primaryimage"},"thumbnailUrl":"https:\/\/www.mzone.cz\/wp-content\/uploads\/2019\/06\/auschwitz-tl.jpg","keywords":["Alfred Wetzler","d\u011bjiny","Druh\u00e1 sv\u011btov\u00e1 v\u00e1lka","Historie","holocaust","koncentra\u010dn\u00ed t\u00e1bory","nacismus","p\u0159\u00edb\u011bhy","Richard Glazar","Rudolf Vrba","\u00fat\u011bk","\u00fat\u011bky","v\u00e1lka","vyhlazov\u00e1n\u00ed","Witold Pilecki"],"articleSection":["Historie"],"inLanguage":"en-US","potentialAction":[{"@type":"CommentAction","name":"Comment","target":["https:\/\/www.mzone.cz\/nejslavnejsi-uspesne-uteky-z-nacistickych-taboru-smrti\/#respond"]}]},{"@type":"WebPage","@id":"https:\/\/www.mzone.cz\/nejslavnejsi-uspesne-uteky-z-nacistickych-taboru-smrti\/","url":"https:\/\/www.mzone.cz\/nejslavnejsi-uspesne-uteky-z-nacistickych-taboru-smrti\/","name":"Nejslavn\u011bj\u0161\u00ed \u00fasp\u011b\u0161n\u00e9 \u00fat\u011bky z nacistick\u00fdch t\u00e1bor\u016f smrti - Mzone","isPartOf":{"@id":"https:\/\/www.mzone.cz\/#website"},"primaryImageOfPage":{"@id":"https:\/\/www.mzone.cz\/nejslavnejsi-uspesne-uteky-z-nacistickych-taboru-smrti\/#primaryimage"},"image":{"@id":"https:\/\/www.mzone.cz\/nejslavnejsi-uspesne-uteky-z-nacistickych-taboru-smrti\/#primaryimage"},"thumbnailUrl":"https:\/\/www.mzone.cz\/wp-content\/uploads\/2019\/06\/auschwitz-tl.jpg","datePublished":"2025-11-12T07:00:06+00:00","dateModified":"2025-11-12T07:19:31+00:00","author":{"@id":"https:\/\/www.mzone.cz\/#\/schema\/person\/9bc20cc422a99cac4af6ff9297da32d4"},"description":"B\u011bhem druh\u00e9 sv\u011btov\u00e9 v\u00e1lky vznikaly na N\u011bmci okupovan\u00e9m \u00fazem\u00ed koncentra\u010dn\u00ed t\u00e1bory, kter\u00e9 m\u011bly slou\u017eit jako pracovn\u00ed za\u0159\u00edzen\u00ed, ale ve skute\u010dnosti v nich prob\u00edhalo masov\u00e9 vyhlazov\u00e1n\u00ed v\u011bz\u0148\u016f. P\u0159itom dostat se do nich nebylo v\u016fbec t\u011b\u017ek\u00e9 \u2013 sta\u010dil \u0161patn\u00fd p\u016fvod (\u017did\u00e9 a Romov\u00e9), n\u00e1bo\u017eensk\u00e9 vyzn\u00e1n\u00ed (Jehovist\u00e9) nebo \u0161patn\u00e9 sm\u00fd\u0161len\u00ed v\u016f\u010di T\u0159et\u00ed \u0159\u00ed\u0161i.","breadcrumb":{"@id":"https:\/\/www.mzone.cz\/nejslavnejsi-uspesne-uteky-z-nacistickych-taboru-smrti\/#breadcrumb"},"inLanguage":"en-US","potentialAction":[{"@type":"ReadAction","target":["https:\/\/www.mzone.cz\/nejslavnejsi-uspesne-uteky-z-nacistickych-taboru-smrti\/"]}]},{"@type":"ImageObject","inLanguage":"en-US","@id":"https:\/\/www.mzone.cz\/nejslavnejsi-uspesne-uteky-z-nacistickych-taboru-smrti\/#primaryimage","url":"https:\/\/www.mzone.cz\/wp-content\/uploads\/2019\/06\/auschwitz-tl.jpg","contentUrl":"https:\/\/www.mzone.cz\/wp-content\/uploads\/2019\/06\/auschwitz-tl.jpg","width":1200,"height":800},{"@type":"BreadcrumbList","@id":"https:\/\/www.mzone.cz\/nejslavnejsi-uspesne-uteky-z-nacistickych-taboru-smrti\/#breadcrumb","itemListElement":[{"@type":"ListItem","position":1,"name":"Dom\u016f","item":"https:\/\/www.mzone.cz\/"},{"@type":"ListItem","position":2,"name":"Nejslavn\u011bj\u0161\u00ed \u00fasp\u011b\u0161n\u00e9 \u00fat\u011bky z nacistick\u00fdch t\u00e1bor\u016f smrti"}]},{"@type":"WebSite","@id":"https:\/\/www.mzone.cz\/#website","url":"https:\/\/www.mzone.cz\/","name":"Mzone","description":"Magaz\u00edn nejen pro mu\u017ee","potentialAction":[{"@type":"SearchAction","target":{"@type":"EntryPoint","urlTemplate":"https:\/\/www.mzone.cz\/?s={search_term_string}"},"query-input":{"@type":"PropertyValueSpecification","valueRequired":true,"valueName":"search_term_string"}}],"inLanguage":"en-US"},{"@type":"Person","@id":"https:\/\/www.mzone.cz\/#\/schema\/person\/9bc20cc422a99cac4af6ff9297da32d4","name":"Mzone","image":{"@type":"ImageObject","inLanguage":"en-US","@id":"https:\/\/secure.gravatar.com\/avatar\/e780a8630f3182a3d06dd667ab6bea151a0d155b0951bc15fe22633acdac0676?s=96&d=mm&r=g","url":"https:\/\/secure.gravatar.com\/avatar\/e780a8630f3182a3d06dd667ab6bea151a0d155b0951bc15fe22633acdac0676?s=96&d=mm&r=g","contentUrl":"https:\/\/secure.gravatar.com\/avatar\/e780a8630f3182a3d06dd667ab6bea151a0d155b0951bc15fe22633acdac0676?s=96&d=mm&r=g","caption":"Mzone"},"url":"https:\/\/www.mzone.cz\/en\/author\/jakub\/"}]}},"_links":{"self":[{"href":"https:\/\/www.mzone.cz\/en\/wp-json\/wp\/v2\/posts\/13911","targetHints":{"allow":["GET"]}}],"collection":[{"href":"https:\/\/www.mzone.cz\/en\/wp-json\/wp\/v2\/posts"}],"about":[{"href":"https:\/\/www.mzone.cz\/en\/wp-json\/wp\/v2\/types\/post"}],"author":[{"embeddable":true,"href":"https:\/\/www.mzone.cz\/en\/wp-json\/wp\/v2\/users\/4"}],"replies":[{"embeddable":true,"href":"https:\/\/www.mzone.cz\/en\/wp-json\/wp\/v2\/comments?post=13911"}],"version-history":[{"count":17,"href":"https:\/\/www.mzone.cz\/en\/wp-json\/wp\/v2\/posts\/13911\/revisions"}],"predecessor-version":[{"id":13938,"href":"https:\/\/www.mzone.cz\/en\/wp-json\/wp\/v2\/posts\/13911\/revisions\/13938"}],"wp:featuredmedia":[{"embeddable":true,"href":"https:\/\/www.mzone.cz\/en\/wp-json\/wp\/v2\/media\/7196"}],"wp:attachment":[{"href":"https:\/\/www.mzone.cz\/en\/wp-json\/wp\/v2\/media?parent=13911"}],"wp:term":[{"taxonomy":"category","embeddable":true,"href":"https:\/\/www.mzone.cz\/en\/wp-json\/wp\/v2\/categories?post=13911"},{"taxonomy":"post_tag","embeddable":true,"href":"https:\/\/www.mzone.cz\/en\/wp-json\/wp\/v2\/tags?post=13911"}],"curies":[{"name":"wp","href":"https:\/\/api.w.org\/{rel}","templated":true}]}}