{"id":14002,"date":"2019-11-07T18:00:02","date_gmt":"2019-11-07T17:00:02","guid":{"rendered":"https:\/\/www.mzone.cz\/?p=14002"},"modified":"2019-11-07T12:41:59","modified_gmt":"2019-11-07T11:41:59","slug":"civilni-obrana-vydava-nove-album-a-bali-na-turne-s-wohnouty","status":"publish","type":"post","link":"https:\/\/www.mzone.cz\/en\/civilni-obrana-vydava-nove-album-a-bali-na-turne-s-wohnouty\/","title":{"rendered":"Civiln\u00ed Obrana vyd\u00e1v\u00e1 nov\u00e9 album a bal\u00ed na turn\u00e9 s Wohnouty"},"content":{"rendered":"<p><strong>Kapela Civiln\u00ed Obrana vyd\u00e1v\u00e1 7. listopadu nov\u00e9, v po\u0159ad\u00ed \u010dtvrt\u00e9 album s n\u00e1zvem Zlat\u00e1 deska a videoklip k p\u00edsni Nezapomenuteln\u00e1, v n\u011bm\u017e zaz\u00e1\u0159\u00ed here\u010dka Denisa Nesva\u010dilov\u00e1.<\/strong><\/p><br>\n\n\n\n<p>\u201eNa tohle album se moc t\u011b\u0161\u00edme,\u201d \u0159\u00edk\u00e1 frontman kapely Marek Cal\u00edk a vysv\u011btluje d\u00e1le: \u201eZlat\u00e1 deska je to proto, \u017ee na n\u011bm bude dost p\u00edsni\u010dek, ke kter\u00fdm jsme u\u017e vydali videoklipy, kter\u00e9 maj\u00ed na YouTube statis\u00edce a\u017e miliony p\u0159ehr\u00e1n\u00ed. Na albu budou ale krom\u011b \u201azlat\u00fdch song\u016f\u2018 tak\u00e9 novinky, kter\u00e9 je\u0161t\u011b nikdo nikde nesly\u0161el. Je to trochu nov\u00fd sm\u011br, tak jsme sami zv\u011bdav\u00ed, jak se budou na\u0161im fanou\u0161k\u016fm l\u00edbit.\u201d<\/p><br>\n\n\n\n<p>Vyd\u00e1n\u00ed alba prov\u00e1z\u00ed nov\u00fd klip k p\u00edsni Nezapomenuteln\u00e1. Dominuje mu \u0161arm a p\u016fvab here\u010dky Denisy Nesva\u010dilov\u00e9, kter\u00e1 popisuje vznik spolupr\u00e1ce s Civiln\u00ed Obranou takto:<\/p>\n\n\n\n<blockquote class=\"wp-block-quote is-layout-flow wp-block-quote-is-layout-flow\"><p>\u201eS kapelou m\u011b propojil m\u016fj kamar\u00e1d, nicm\u00e9n\u011b up\u0159\u00edmn\u011b \u0159e\u010deno vzhledem k minul\u00fdm zku\u0161enostem s videoklipy jsem byla trochu skeptick\u00e1. Pak jsem si ale na\u0161la klip Civiln\u00ed Obrany a chytlo m\u011b to. Hezc\u00ed kluci, svi\u017en\u00e1 hudba, m\u011blo to vtip a ironii, tak\u017ee nebylo pro\u010d d\u00e1l v\u00e1hat,\u201c \u0159\u00edk\u00e1 Denisa Nesva\u010dilov\u00e1.<\/p><\/blockquote>\n\n\n\n<p>Album Zlat\u00e1 deska roz\u0161i\u0159uje z\u00e1b\u011br kapely, kter\u00e1 si pochvaluje, \u017ee tentokr\u00e1t mohla pracovat voln\u011b, bez jak\u00e9koli stylov\u00e9 sv\u00e1zanosti. V p\u00edsn\u00edch tak najdeme rock\u2019n\u2019roll, rap, pop i punk.<\/p><br>\n\n\n\n<p>O tom, jak dob\u0159e si Civiln\u00ed Obrana vede v druh\u00e9 dek\u00e1d\u011b sv\u00e9 existence na cest\u011b k sou\u010dasn\u00e9 muzice, se nyn\u00ed hudebn\u00ed fanou\u0161ci mohou p\u0159esv\u011bd\u010dit na nov\u00e9m albu Zlat\u00e1 deska, ve videoklipu Nezapomenuteln\u00e1 i na turn\u00e9 s Wohnouty.<\/p><br>\n\n\n\n<p><strong>Na videoklip k p\u00edsni Nezapomenuteln\u00e1 se m\u016f\u017eete pod\u00edvat zde:<\/strong><\/p>\n\n\n\n<figure class=\"wp-block-embed-youtube wp-block-embed is-type-video is-provider-youtube wp-embed-aspect-16-9 wp-has-aspect-ratio\"><div class=\"wp-block-embed__wrapper\">\n<iframe loading=\"lazy\" title=\"CIVILN\u00cd OBRANA - Nezapomenuteln\u00e1 (Official Music Video)\" width=\"600\" height=\"338\" src=\"https:\/\/www.youtube.com\/embed\/MjYeQvCfN3M?feature=oembed\" frameborder=\"0\" allow=\"accelerometer; autoplay; clipboard-write; encrypted-media; gyroscope; picture-in-picture; web-share\" referrerpolicy=\"strict-origin-when-cross-origin\" allowfullscreen><\/iframe>\n<\/div><\/figure><br>\n\n\n\n<p>A jak to v\u016fbec v\u0161echno za\u010dalo? Kdy\u017e si parta kamar\u00e1d\u016f z \u010d\u00e1slavsk\u00e9 pr\u016fmyslovky chodila v roce 2005 ob\u010das zahr\u00e1t na kytary do b\u00fdval\u00e9ho skladu civiln\u00ed obrany, nikdo z nich netu\u0161il, \u017ee po t\u00e9m\u011b\u0159 patn\u00e1cti letech budou jednou ze st\u00e1lic \u010desk\u00e9 hudebn\u00ed sc\u00e9ny. Od roku 2008 vystupuj\u00ed v sestav\u011b Marek Cal\u00edk, zp\u011bv a kytara, Pavel Neumann, bic\u00ed a Pepa Semer\u00e1d, baskytara.<\/p><br>\n\n\n\n<div class=\"wp-block-image\"><figure class=\"alignleft is-resized\"><img loading=\"lazy\" decoding=\"async\" src=\"https:\/\/www.mzone.cz\/wp-content\/uploads\/2019\/10\/Gaia_Mesiah.jpg\" alt=\"\" class=\"wp-image-13429\" width=\"121\" height=\"80\" srcset=\"https:\/\/www.mzone.cz\/wp-content\/uploads\/2019\/10\/Gaia_Mesiah.jpg 800w, https:\/\/www.mzone.cz\/wp-content\/uploads\/2019\/10\/Gaia_Mesiah-300x200.jpg 300w, https:\/\/www.mzone.cz\/wp-content\/uploads\/2019\/10\/Gaia_Mesiah-768x512.jpg 768w, https:\/\/www.mzone.cz\/wp-content\/uploads\/2019\/10\/Gaia_Mesiah-400x267.jpg 400w, https:\/\/www.mzone.cz\/wp-content\/uploads\/2019\/10\/Gaia_Mesiah-500x333.jpg 500w, https:\/\/www.mzone.cz\/wp-content\/uploads\/2019\/10\/Gaia_Mesiah-590x393.jpg 590w\" sizes=\"auto, (max-width: 121px) 100vw, 121px\" \/><\/figure><\/div>\n\n\n\n<h4><a href=\"https:\/\/www.mzone.cz\/gaia-mesiah-vydava-novy-videoklip-a-zve-do-lucerna-music-baru\/\">Gaia Mesiah vyd\u00e1v\u00e1 nov\u00fd videoklip a zve do Lucerna Music Baru<\/a><\/h4><br>\n\n\n\n<p>Civiln\u00ed Obrana zn\u00e1m\u00e1 poctiv\u00fdm p\u0159\u00edstupem k muzice a energick\u00fdmi koncerty m\u00e1 k dne\u0161n\u00edmu dni na kont\u011b \u010dty\u0159i alba a p\u0159es deset videoklip\u016f, v\u010detn\u011b popul\u00e1rn\u00edch Holku pevnou m\u00edt, I Like Mrkvi\u010dka a Tereza. Vid\u011bli ji n\u00e1v\u0161t\u011bvn\u00edci festival\u016f Votv\u00edr\u00e1k, S\u00e1zava Fest, Trutnov Open Air, Natruc a mnoha dal\u0161\u00edch. Absolvovala turn\u00e9 po boku kapel Mandrage nebo Rybi\u010dky 48 a letos na podzim podpo\u0159\u00ed popul\u00e1rn\u00ed kapelu Wohnout.<\/p>\n\n\n\n<blockquote class=\"wp-block-quote is-layout-flow wp-block-quote-is-layout-flow\"><p>\u201eWohnouty milujeme u\u017e od na\u0161ich za\u010d\u00e1tk\u016f. Moc se t\u011b\u0161\u00edme na wohnout\u00ed fanou\u0161ky, proto\u017ee jsme tak\u00e9 jedni z nich,\u201d \u0159\u00edk\u00e1 frontman kapely Marek Cal\u00edk.<\/p><\/blockquote>\n\n\n\n<p>\u201eKluci jsou v\u00fdborn\u00ed muzikanti, kte\u0159\u00ed maj\u00ed stejn\u00fd smysl pro humor, jako se l\u00edb\u00ed n\u00e1m. Vlastn\u011b je to jedna z t\u011bch kapel, kter\u00e1 pro n\u00e1s byla v za\u010d\u00e1tc\u00edch vzorem.\u201d dod\u00e1v\u00e1 Cal\u00edk.<\/p><br>\n\n\n\n<p><strong>Trojice Civiln\u00ed Obrana s nov\u00fdm albem Zlat\u00e1 deska v kufru vyj\u00ed\u017ed\u00ed na velk\u00e9 spole\u010dn\u00e9 podzimn\u00ed turn\u00e9 s popul\u00e1rn\u00edmi Wohnouty. V r\u00e1mci p\u0159\u00edslove\u010dn\u011b vtipn\u011b nazvan\u00e9ho M\u00e1me na m\u00ed\u0148 Tour zahraj\u00ed nap\u0159\u00edklad 8. listopadu v Mari\u00e1nsk\u00fdch L\u00e1zn\u00edch &#8211; Velk\u00e9 Hle\u010fsebi, 9. listopadu ve Star\u00e9 Huti u Dob\u0159\u00ed\u0161e a 11. a 12. listopadu se p\u0159edstav\u00ed v pra\u017esk\u00e9m Retro Music Hallu, kde novinku Civiln\u00ed obrany pok\u0159t\u00ed akt\u00e9rka klipu Denisa Nesva\u010dilov\u00e1.<\/strong><\/p><br>","protected":false},"excerpt":{"rendered":"<p>Kapela Civiln\u00ed Obrana vyd\u00e1v\u00e1 7. listopadu nov\u00e9, v po\u0159ad\u00ed \u010dtvrt\u00e9 album s n\u00e1zvem Zlat\u00e1 deska a videoklip k p\u00edsni Nezapomenuteln\u00e1, v n\u011bm\u017e zaz\u00e1\u0159\u00ed here\u010dka Denisa Nesva\u010dilov\u00e1. \u201eNa tohle album se moc t\u011b\u0161\u00edme,\u201d \u0159\u00edk\u00e1 frontman kapely Marek Cal\u00edk a vysv\u011btluje d\u00e1le: \u201eZlat\u00e1 deska je to proto, \u017ee na n\u011bm bude dost p\u00edsni\u010dek, ke kter\u00fdm jsme u\u017e [&hellip;]<\/p>\n","protected":false},"author":4,"featured_media":14003,"comment_status":"open","ping_status":"closed","sticky":false,"template":"","format":"standard","meta":{"kk_blocks_editor_width":"","_kiokenblocks_attr":"","_kiokenblocks_dimensions":"","footnotes":""},"categories":[76,71],"tags":[2949,1147,1584,2488,31,1580,2183,2367,2792,1895,2489,2950],"class_list":["post-14002","post","type-post","status-publish","format-standard","has-post-thumbnail","hentry","category-hudba","category-kultura","tag-civilni-obrana","tag-hudba","tag-kapela","tag-klip","tag-kultura","tag-muzika","tag-nove-album","tag-pop-punk","tag-punk-rock","tag-turne","tag-videoklip","tag-zlata-deska"],"yoast_head":"<!-- This site is optimized with the Yoast SEO plugin v27.5 - https:\/\/yoast.com\/product\/yoast-seo-wordpress\/ -->\n<title>Civiln\u00ed Obrana vyd\u00e1v\u00e1 nov\u00e9 album a bal\u00ed na turn\u00e9 s Wohnouty - Mzone<\/title>\n<meta name=\"description\" content=\"Kapela Civiln\u00ed Obrana vyd\u00e1v\u00e1 7. listopadu nov\u00e9, v po\u0159ad\u00ed \u010dtvrt\u00e9 album s n\u00e1zvem Zlat\u00e1 deska a videoklip k p\u00edsni Nezapomenuteln\u00e1, v n\u011bm\u017e zaz\u00e1\u0159\u00ed here\u010dka Denisa Nesva\u010dilov\u00e1.\" \/>\n<meta name=\"robots\" content=\"index, follow, max-snippet:-1, max-image-preview:large, max-video-preview:-1\" \/>\n<link rel=\"canonical\" href=\"https:\/\/www.mzone.cz\/en\/civilni-obrana-vydava-nove-album-a-bali-na-turne-s-wohnouty\/\" \/>\n<meta property=\"og:locale\" content=\"en_US\" \/>\n<meta property=\"og:type\" content=\"article\" \/>\n<meta property=\"og:title\" content=\"Civiln\u00ed Obrana vyd\u00e1v\u00e1 nov\u00e9 album a bal\u00ed na turn\u00e9 s Wohnouty - Mzone\" \/>\n<meta property=\"og:description\" content=\"Kapela Civiln\u00ed Obrana vyd\u00e1v\u00e1 7. listopadu nov\u00e9, v po\u0159ad\u00ed \u010dtvrt\u00e9 album s n\u00e1zvem Zlat\u00e1 deska a videoklip k p\u00edsni Nezapomenuteln\u00e1, v n\u011bm\u017e zaz\u00e1\u0159\u00ed here\u010dka Denisa Nesva\u010dilov\u00e1.\" \/>\n<meta property=\"og:url\" content=\"https:\/\/www.mzone.cz\/en\/civilni-obrana-vydava-nove-album-a-bali-na-turne-s-wohnouty\/\" \/>\n<meta property=\"og:site_name\" content=\"Mzone\" \/>\n<meta property=\"article:publisher\" content=\"https:\/\/www.facebook.com\/MzoneCZ\/\" \/>\n<meta property=\"article:published_time\" content=\"2019-11-07T17:00:02+00:00\" \/>\n<meta property=\"og:image\" content=\"https:\/\/www.mzone.cz\/wp-content\/uploads\/2019\/11\/Civilni_Obrana_foto_Vojtech_Mervart.jpg\" \/>\n\t<meta property=\"og:image:width\" content=\"1025\" \/>\n\t<meta property=\"og:image:height\" content=\"683\" \/>\n\t<meta property=\"og:image:type\" content=\"image\/jpeg\" \/>\n<meta name=\"author\" content=\"Mzone\" \/>\n<meta name=\"twitter:card\" content=\"summary_large_image\" \/>\n<meta name=\"twitter:label1\" content=\"Written by\" \/>\n\t<meta name=\"twitter:data1\" content=\"Mzone\" \/>\n\t<meta name=\"twitter:label2\" content=\"Est. reading time\" \/>\n\t<meta name=\"twitter:data2\" content=\"3 minutes\" \/>\n<script type=\"application\/ld+json\" class=\"yoast-schema-graph\">{\"@context\":\"https:\\\/\\\/schema.org\",\"@graph\":[{\"@type\":\"Article\",\"@id\":\"https:\\\/\\\/www.mzone.cz\\\/civilni-obrana-vydava-nove-album-a-bali-na-turne-s-wohnouty\\\/#article\",\"isPartOf\":{\"@id\":\"https:\\\/\\\/www.mzone.cz\\\/civilni-obrana-vydava-nove-album-a-bali-na-turne-s-wohnouty\\\/\"},\"author\":{\"name\":\"Mzone\",\"@id\":\"https:\\\/\\\/www.mzone.cz\\\/#\\\/schema\\\/person\\\/9bc20cc422a99cac4af6ff9297da32d4\"},\"headline\":\"Civiln\u00ed Obrana vyd\u00e1v\u00e1 nov\u00e9 album a bal\u00ed na turn\u00e9 s Wohnouty\",\"datePublished\":\"2019-11-07T17:00:02+00:00\",\"mainEntityOfPage\":{\"@id\":\"https:\\\/\\\/www.mzone.cz\\\/civilni-obrana-vydava-nove-album-a-bali-na-turne-s-wohnouty\\\/\"},\"wordCount\":651,\"commentCount\":0,\"image\":{\"@id\":\"https:\\\/\\\/www.mzone.cz\\\/civilni-obrana-vydava-nove-album-a-bali-na-turne-s-wohnouty\\\/#primaryimage\"},\"thumbnailUrl\":\"https:\\\/\\\/www.mzone.cz\\\/wp-content\\\/uploads\\\/2019\\\/11\\\/Civilni_Obrana_foto_Vojtech_Mervart.jpg\",\"keywords\":[\"Civiln\u00ed obrana\",\"hudba\",\"kapela\",\"klip\",\"Kultura\",\"muzika\",\"nov\u00e9 album\",\"pop-punk\",\"punk-rock\",\"turn\u00e9\",\"videoklip\",\"Zlat\u00e1 deska\"],\"articleSection\":[\"Hudba\",\"Kultura\"],\"inLanguage\":\"en-US\",\"potentialAction\":[{\"@type\":\"CommentAction\",\"name\":\"Comment\",\"target\":[\"https:\\\/\\\/www.mzone.cz\\\/civilni-obrana-vydava-nove-album-a-bali-na-turne-s-wohnouty\\\/#respond\"]}]},{\"@type\":\"WebPage\",\"@id\":\"https:\\\/\\\/www.mzone.cz\\\/civilni-obrana-vydava-nove-album-a-bali-na-turne-s-wohnouty\\\/\",\"url\":\"https:\\\/\\\/www.mzone.cz\\\/civilni-obrana-vydava-nove-album-a-bali-na-turne-s-wohnouty\\\/\",\"name\":\"Civiln\u00ed Obrana vyd\u00e1v\u00e1 nov\u00e9 album a bal\u00ed na turn\u00e9 s Wohnouty - Mzone\",\"isPartOf\":{\"@id\":\"https:\\\/\\\/www.mzone.cz\\\/#website\"},\"primaryImageOfPage\":{\"@id\":\"https:\\\/\\\/www.mzone.cz\\\/civilni-obrana-vydava-nove-album-a-bali-na-turne-s-wohnouty\\\/#primaryimage\"},\"image\":{\"@id\":\"https:\\\/\\\/www.mzone.cz\\\/civilni-obrana-vydava-nove-album-a-bali-na-turne-s-wohnouty\\\/#primaryimage\"},\"thumbnailUrl\":\"https:\\\/\\\/www.mzone.cz\\\/wp-content\\\/uploads\\\/2019\\\/11\\\/Civilni_Obrana_foto_Vojtech_Mervart.jpg\",\"datePublished\":\"2019-11-07T17:00:02+00:00\",\"author\":{\"@id\":\"https:\\\/\\\/www.mzone.cz\\\/#\\\/schema\\\/person\\\/9bc20cc422a99cac4af6ff9297da32d4\"},\"description\":\"Kapela Civiln\u00ed Obrana vyd\u00e1v\u00e1 7. listopadu nov\u00e9, v po\u0159ad\u00ed \u010dtvrt\u00e9 album s n\u00e1zvem Zlat\u00e1 deska a videoklip k p\u00edsni Nezapomenuteln\u00e1, v n\u011bm\u017e zaz\u00e1\u0159\u00ed here\u010dka Denisa Nesva\u010dilov\u00e1.\",\"breadcrumb\":{\"@id\":\"https:\\\/\\\/www.mzone.cz\\\/civilni-obrana-vydava-nove-album-a-bali-na-turne-s-wohnouty\\\/#breadcrumb\"},\"inLanguage\":\"en-US\",\"potentialAction\":[{\"@type\":\"ReadAction\",\"target\":[\"https:\\\/\\\/www.mzone.cz\\\/civilni-obrana-vydava-nove-album-a-bali-na-turne-s-wohnouty\\\/\"]}]},{\"@type\":\"ImageObject\",\"inLanguage\":\"en-US\",\"@id\":\"https:\\\/\\\/www.mzone.cz\\\/civilni-obrana-vydava-nove-album-a-bali-na-turne-s-wohnouty\\\/#primaryimage\",\"url\":\"https:\\\/\\\/www.mzone.cz\\\/wp-content\\\/uploads\\\/2019\\\/11\\\/Civilni_Obrana_foto_Vojtech_Mervart.jpg\",\"contentUrl\":\"https:\\\/\\\/www.mzone.cz\\\/wp-content\\\/uploads\\\/2019\\\/11\\\/Civilni_Obrana_foto_Vojtech_Mervart.jpg\",\"width\":1025,\"height\":683},{\"@type\":\"BreadcrumbList\",\"@id\":\"https:\\\/\\\/www.mzone.cz\\\/civilni-obrana-vydava-nove-album-a-bali-na-turne-s-wohnouty\\\/#breadcrumb\",\"itemListElement\":[{\"@type\":\"ListItem\",\"position\":1,\"name\":\"Dom\u016f\",\"item\":\"https:\\\/\\\/www.mzone.cz\\\/\"},{\"@type\":\"ListItem\",\"position\":2,\"name\":\"Civiln\u00ed Obrana vyd\u00e1v\u00e1 nov\u00e9 album a bal\u00ed na turn\u00e9 s Wohnouty\"}]},{\"@type\":\"WebSite\",\"@id\":\"https:\\\/\\\/www.mzone.cz\\\/#website\",\"url\":\"https:\\\/\\\/www.mzone.cz\\\/\",\"name\":\"Mzone\",\"description\":\"Magaz\u00edn nejen pro mu\u017ee\",\"potentialAction\":[{\"@type\":\"SearchAction\",\"target\":{\"@type\":\"EntryPoint\",\"urlTemplate\":\"https:\\\/\\\/www.mzone.cz\\\/?s={search_term_string}\"},\"query-input\":{\"@type\":\"PropertyValueSpecification\",\"valueRequired\":true,\"valueName\":\"search_term_string\"}}],\"inLanguage\":\"en-US\"},{\"@type\":\"Person\",\"@id\":\"https:\\\/\\\/www.mzone.cz\\\/#\\\/schema\\\/person\\\/9bc20cc422a99cac4af6ff9297da32d4\",\"name\":\"Mzone\",\"image\":{\"@type\":\"ImageObject\",\"inLanguage\":\"en-US\",\"@id\":\"https:\\\/\\\/secure.gravatar.com\\\/avatar\\\/e780a8630f3182a3d06dd667ab6bea151a0d155b0951bc15fe22633acdac0676?s=96&d=mm&r=g\",\"url\":\"https:\\\/\\\/secure.gravatar.com\\\/avatar\\\/e780a8630f3182a3d06dd667ab6bea151a0d155b0951bc15fe22633acdac0676?s=96&d=mm&r=g\",\"contentUrl\":\"https:\\\/\\\/secure.gravatar.com\\\/avatar\\\/e780a8630f3182a3d06dd667ab6bea151a0d155b0951bc15fe22633acdac0676?s=96&d=mm&r=g\",\"caption\":\"Mzone\"},\"url\":\"https:\\\/\\\/www.mzone.cz\\\/en\\\/author\\\/jakub\\\/\"}]}<\/script>\n<!-- \/ Yoast SEO plugin. -->","yoast_head_json":{"title":"Civiln\u00ed Obrana vyd\u00e1v\u00e1 nov\u00e9 album a bal\u00ed na turn\u00e9 s Wohnouty - Mzone","description":"Kapela Civiln\u00ed Obrana vyd\u00e1v\u00e1 7. listopadu nov\u00e9, v po\u0159ad\u00ed \u010dtvrt\u00e9 album s n\u00e1zvem Zlat\u00e1 deska a videoklip k p\u00edsni Nezapomenuteln\u00e1, v n\u011bm\u017e zaz\u00e1\u0159\u00ed here\u010dka Denisa Nesva\u010dilov\u00e1.","robots":{"index":"index","follow":"follow","max-snippet":"max-snippet:-1","max-image-preview":"max-image-preview:large","max-video-preview":"max-video-preview:-1"},"canonical":"https:\/\/www.mzone.cz\/en\/civilni-obrana-vydava-nove-album-a-bali-na-turne-s-wohnouty\/","og_locale":"en_US","og_type":"article","og_title":"Civiln\u00ed Obrana vyd\u00e1v\u00e1 nov\u00e9 album a bal\u00ed na turn\u00e9 s Wohnouty - Mzone","og_description":"Kapela Civiln\u00ed Obrana vyd\u00e1v\u00e1 7. listopadu nov\u00e9, v po\u0159ad\u00ed \u010dtvrt\u00e9 album s n\u00e1zvem Zlat\u00e1 deska a videoklip k p\u00edsni Nezapomenuteln\u00e1, v n\u011bm\u017e zaz\u00e1\u0159\u00ed here\u010dka Denisa Nesva\u010dilov\u00e1.","og_url":"https:\/\/www.mzone.cz\/en\/civilni-obrana-vydava-nove-album-a-bali-na-turne-s-wohnouty\/","og_site_name":"Mzone","article_publisher":"https:\/\/www.facebook.com\/MzoneCZ\/","article_published_time":"2019-11-07T17:00:02+00:00","og_image":[{"width":1025,"height":683,"url":"https:\/\/www.mzone.cz\/wp-content\/uploads\/2019\/11\/Civilni_Obrana_foto_Vojtech_Mervart.jpg","type":"image\/jpeg"}],"author":"Mzone","twitter_card":"summary_large_image","twitter_misc":{"Written by":"Mzone","Est. reading time":"3 minutes"},"schema":{"@context":"https:\/\/schema.org","@graph":[{"@type":"Article","@id":"https:\/\/www.mzone.cz\/civilni-obrana-vydava-nove-album-a-bali-na-turne-s-wohnouty\/#article","isPartOf":{"@id":"https:\/\/www.mzone.cz\/civilni-obrana-vydava-nove-album-a-bali-na-turne-s-wohnouty\/"},"author":{"name":"Mzone","@id":"https:\/\/www.mzone.cz\/#\/schema\/person\/9bc20cc422a99cac4af6ff9297da32d4"},"headline":"Civiln\u00ed Obrana vyd\u00e1v\u00e1 nov\u00e9 album a bal\u00ed na turn\u00e9 s Wohnouty","datePublished":"2019-11-07T17:00:02+00:00","mainEntityOfPage":{"@id":"https:\/\/www.mzone.cz\/civilni-obrana-vydava-nove-album-a-bali-na-turne-s-wohnouty\/"},"wordCount":651,"commentCount":0,"image":{"@id":"https:\/\/www.mzone.cz\/civilni-obrana-vydava-nove-album-a-bali-na-turne-s-wohnouty\/#primaryimage"},"thumbnailUrl":"https:\/\/www.mzone.cz\/wp-content\/uploads\/2019\/11\/Civilni_Obrana_foto_Vojtech_Mervart.jpg","keywords":["Civiln\u00ed obrana","hudba","kapela","klip","Kultura","muzika","nov\u00e9 album","pop-punk","punk-rock","turn\u00e9","videoklip","Zlat\u00e1 deska"],"articleSection":["Hudba","Kultura"],"inLanguage":"en-US","potentialAction":[{"@type":"CommentAction","name":"Comment","target":["https:\/\/www.mzone.cz\/civilni-obrana-vydava-nove-album-a-bali-na-turne-s-wohnouty\/#respond"]}]},{"@type":"WebPage","@id":"https:\/\/www.mzone.cz\/civilni-obrana-vydava-nove-album-a-bali-na-turne-s-wohnouty\/","url":"https:\/\/www.mzone.cz\/civilni-obrana-vydava-nove-album-a-bali-na-turne-s-wohnouty\/","name":"Civiln\u00ed Obrana vyd\u00e1v\u00e1 nov\u00e9 album a bal\u00ed na turn\u00e9 s Wohnouty - Mzone","isPartOf":{"@id":"https:\/\/www.mzone.cz\/#website"},"primaryImageOfPage":{"@id":"https:\/\/www.mzone.cz\/civilni-obrana-vydava-nove-album-a-bali-na-turne-s-wohnouty\/#primaryimage"},"image":{"@id":"https:\/\/www.mzone.cz\/civilni-obrana-vydava-nove-album-a-bali-na-turne-s-wohnouty\/#primaryimage"},"thumbnailUrl":"https:\/\/www.mzone.cz\/wp-content\/uploads\/2019\/11\/Civilni_Obrana_foto_Vojtech_Mervart.jpg","datePublished":"2019-11-07T17:00:02+00:00","author":{"@id":"https:\/\/www.mzone.cz\/#\/schema\/person\/9bc20cc422a99cac4af6ff9297da32d4"},"description":"Kapela Civiln\u00ed Obrana vyd\u00e1v\u00e1 7. listopadu nov\u00e9, v po\u0159ad\u00ed \u010dtvrt\u00e9 album s n\u00e1zvem Zlat\u00e1 deska a videoklip k p\u00edsni Nezapomenuteln\u00e1, v n\u011bm\u017e zaz\u00e1\u0159\u00ed here\u010dka Denisa Nesva\u010dilov\u00e1.","breadcrumb":{"@id":"https:\/\/www.mzone.cz\/civilni-obrana-vydava-nove-album-a-bali-na-turne-s-wohnouty\/#breadcrumb"},"inLanguage":"en-US","potentialAction":[{"@type":"ReadAction","target":["https:\/\/www.mzone.cz\/civilni-obrana-vydava-nove-album-a-bali-na-turne-s-wohnouty\/"]}]},{"@type":"ImageObject","inLanguage":"en-US","@id":"https:\/\/www.mzone.cz\/civilni-obrana-vydava-nove-album-a-bali-na-turne-s-wohnouty\/#primaryimage","url":"https:\/\/www.mzone.cz\/wp-content\/uploads\/2019\/11\/Civilni_Obrana_foto_Vojtech_Mervart.jpg","contentUrl":"https:\/\/www.mzone.cz\/wp-content\/uploads\/2019\/11\/Civilni_Obrana_foto_Vojtech_Mervart.jpg","width":1025,"height":683},{"@type":"BreadcrumbList","@id":"https:\/\/www.mzone.cz\/civilni-obrana-vydava-nove-album-a-bali-na-turne-s-wohnouty\/#breadcrumb","itemListElement":[{"@type":"ListItem","position":1,"name":"Dom\u016f","item":"https:\/\/www.mzone.cz\/"},{"@type":"ListItem","position":2,"name":"Civiln\u00ed Obrana vyd\u00e1v\u00e1 nov\u00e9 album a bal\u00ed na turn\u00e9 s Wohnouty"}]},{"@type":"WebSite","@id":"https:\/\/www.mzone.cz\/#website","url":"https:\/\/www.mzone.cz\/","name":"Mzone","description":"Magaz\u00edn nejen pro mu\u017ee","potentialAction":[{"@type":"SearchAction","target":{"@type":"EntryPoint","urlTemplate":"https:\/\/www.mzone.cz\/?s={search_term_string}"},"query-input":{"@type":"PropertyValueSpecification","valueRequired":true,"valueName":"search_term_string"}}],"inLanguage":"en-US"},{"@type":"Person","@id":"https:\/\/www.mzone.cz\/#\/schema\/person\/9bc20cc422a99cac4af6ff9297da32d4","name":"Mzone","image":{"@type":"ImageObject","inLanguage":"en-US","@id":"https:\/\/secure.gravatar.com\/avatar\/e780a8630f3182a3d06dd667ab6bea151a0d155b0951bc15fe22633acdac0676?s=96&d=mm&r=g","url":"https:\/\/secure.gravatar.com\/avatar\/e780a8630f3182a3d06dd667ab6bea151a0d155b0951bc15fe22633acdac0676?s=96&d=mm&r=g","contentUrl":"https:\/\/secure.gravatar.com\/avatar\/e780a8630f3182a3d06dd667ab6bea151a0d155b0951bc15fe22633acdac0676?s=96&d=mm&r=g","caption":"Mzone"},"url":"https:\/\/www.mzone.cz\/en\/author\/jakub\/"}]}},"_links":{"self":[{"href":"https:\/\/www.mzone.cz\/en\/wp-json\/wp\/v2\/posts\/14002","targetHints":{"allow":["GET"]}}],"collection":[{"href":"https:\/\/www.mzone.cz\/en\/wp-json\/wp\/v2\/posts"}],"about":[{"href":"https:\/\/www.mzone.cz\/en\/wp-json\/wp\/v2\/types\/post"}],"author":[{"embeddable":true,"href":"https:\/\/www.mzone.cz\/en\/wp-json\/wp\/v2\/users\/4"}],"replies":[{"embeddable":true,"href":"https:\/\/www.mzone.cz\/en\/wp-json\/wp\/v2\/comments?post=14002"}],"version-history":[{"count":13,"href":"https:\/\/www.mzone.cz\/en\/wp-json\/wp\/v2\/posts\/14002\/revisions"}],"predecessor-version":[{"id":14021,"href":"https:\/\/www.mzone.cz\/en\/wp-json\/wp\/v2\/posts\/14002\/revisions\/14021"}],"wp:featuredmedia":[{"embeddable":true,"href":"https:\/\/www.mzone.cz\/en\/wp-json\/wp\/v2\/media\/14003"}],"wp:attachment":[{"href":"https:\/\/www.mzone.cz\/en\/wp-json\/wp\/v2\/media?parent=14002"}],"wp:term":[{"taxonomy":"category","embeddable":true,"href":"https:\/\/www.mzone.cz\/en\/wp-json\/wp\/v2\/categories?post=14002"},{"taxonomy":"post_tag","embeddable":true,"href":"https:\/\/www.mzone.cz\/en\/wp-json\/wp\/v2\/tags?post=14002"}],"curies":[{"name":"wp","href":"https:\/\/api.w.org\/{rel}","templated":true}]}}