{"id":14100,"date":"2025-12-15T20:03:33","date_gmt":"2025-12-15T19:03:33","guid":{"rendered":"https:\/\/www.mzone.cz\/?p=14100"},"modified":"2025-12-15T20:03:34","modified_gmt":"2025-12-15T19:03:34","slug":"jak-vypadal-norimbersky-proces-s-nacistickou-elitou-treti-rise","status":"publish","type":"post","link":"https:\/\/www.mzone.cz\/en\/jak-vypadal-norimbersky-proces-s-nacistickou-elitou-treti-rise\/","title":{"rendered":"Jak vypadal Norimbersk\u00fd proces s nacistickou elitou T\u0159et\u00ed \u0159\u00ed\u0161e"},"content":{"rendered":"<p><strong>Je\u0161t\u011b p\u0159ed koncem v\u00e1lky se v\u016fdci protinacistick\u00e9 koalice dohodli, \u017ee hlavn\u00ed v\u00e1le\u010dn\u00e9 zlo\u010dince postav\u00ed p\u0159ed soud. Po v\u00e1lce panoval chaos a bylo t\u0159eba vy\u0159e\u0161it \u0159adu v\u011bc\u00ed, proto je proces uskute\u010dn\u011bn a\u017e p\u016fl roku od n\u011bmeck\u00e9 kapitulace dne 20. listopadu 1945. V\u0161e se odehr\u00e1v\u00e1 v\u00a0Justi\u010dn\u00edm pal\u00e1ci v Norimberku.<\/strong><\/p><br>\n\n\n\n<p>Kl\u00ed\u010dovou postavou cel\u00e9ho procesu je\u00a0<strong>Hermann G\u00f6ring<\/strong>\u00a0\u2013 nejv\u011bt\u0161\u00ed nacistick\u00e1 osobnost, kterou se po v\u00e1lce poda\u0159ilo dostihnout \u017eivou. Doned\u00e1vna je\u0161t\u011b doufal, \u017ee se po p\u00e1du Hitlera stane nov\u00fdm v\u016fdcem N\u011bmecka. Koncem dubna 1945 prchnul z obkl\u00ed\u010den\u00e9ho Berl\u00edna do Alp a za\u010dal rozehr\u00e1vat vlastn\u00ed politiku. Kdy\u017e se o tom F\u00fchrer dozv\u00ed, zbav\u00ed ho ve\u0161ker\u00fdch funkc\u00ed. Po kapitulaci N\u011bmecka G\u00f6ering usoudil, \u017ee nade\u0161la prav\u00e1 chv\u00edle a vzk\u00e1zal gener\u00e1lmajorovi <strong>Johnu Dahlquistovi<\/strong> nab\u00eddku \u201e\u010destn\u00e9ho zajet\u00ed\u201c.<\/p>\n\n\n\n<blockquote class=\"wp-block-quote is-layout-flow wp-block-quote-is-layout-flow\"><p>Pot\u00e9, co se G\u00f6ering s\u00e1m vyd\u00e1, je podroben v\u00fdslechu: O Hitlerovi \u0159\u00edk\u00e1, \u017ee si nevid\u011bl ani na \u0161pi\u010dku nosu. Hess byl podle n\u011bj zmago\u0159en\u00fd exentrik a Ribbentrop oby\u010dejn\u00fd padouch.<\/p><\/blockquote>\n\n\n\n<p>P\u0159itom se do\u017eaduje transportu do Eisenhowerova hlavn\u00edho stanu. Dahlquist v\u0161ak vy\u010dk\u00e1v\u00e1 na pokyny a G\u00f6ering je zat\u00edm ubytov\u00e1n ve vile v Kitzb\u00fchlu. Mezit\u00edm je chyst\u00e1n monsterproces v Norimberku proti dvaadvaceti mu\u017e\u016fm, p\u0159edstavuj\u00edc\u00edm elitu T\u0159et\u00ed \u0159\u00ed\u0161e, kter\u00e9 se poda\u0159ilo dopadnout.<\/p><br>\n\n\n\n<figure class=\"wp-block-image is-resized\"><img loading=\"lazy\" decoding=\"async\" src=\"https:\/\/www.mzone.cz\/wp-content\/uploads\/2019\/11\/hqdefault.jpg\" alt=\"\" class=\"wp-image-14107\" width=\"571\" height=\"333\" srcset=\"https:\/\/www.mzone.cz\/wp-content\/uploads\/2019\/11\/hqdefault.jpg 459w, https:\/\/www.mzone.cz\/wp-content\/uploads\/2019\/11\/hqdefault-300x175.jpg 300w\" sizes=\"auto, (max-width: 571px) 100vw, 571px\" \/><\/figure><br>\n\n\n\n<p>V pr\u016fb\u011bhu nejv\u011bt\u0161\u00edho soudn\u00edho procesu d\u011bjin byly shrom\u00e1\u017ed\u011bny dokumenty o v\u00e1ze 200 tun. Stenografov\u00e9 p\u0159i z\u00e1pisu p\u0159el\u00ed\u010den\u00ed popsali 17 000 stran. Pr\u016fb\u011bh cel\u00e9ho p\u0159el\u00ed\u010den\u00ed byl zachycen na 3 kilometrech zvukov\u00e9ho p\u00e1sku a 5000 gramofonov\u00fdch desk\u00e1ch. To v\u0161e ve sv\u00e9m souhrnu vytv\u00e1\u0159\u00ed d\u011bsiv\u00fd film o ned\u00e1vn\u00e9 historii.<\/p><br>\n\n\n\n<p>Na lavici ob\u017ealovan\u00fdch zasednou vedle G\u00f6eringa nap\u0159\u00edklad b\u00fdval\u00fd ministr zahrani\u010d\u00ed\u00a0<strong>Riebbentrop<\/strong>, Hitler\u016fv n\u00e1m\u011bstek\u00a0<strong>Hess<\/strong>, b\u00fdval\u00fd guvern\u00e9r okupovan\u00e9ho Polska (patrn\u011b byl jedin\u00fdm z nacistick\u00fdch pohlav\u00e1r\u016f, v n\u011bm\u017e se hnulo sv\u011bdom\u00ed, proto\u017ee b\u011bhem procesu prohl\u00e1sil, \u017ee vina N\u011bmecka nebude smaz\u00e1na ani za 1000 let) a zaryt\u00fd antisemitsk\u00fd novin\u00e1\u0159 <strong>Julius Streicher<\/strong>.<\/p>\n\n\n\n<blockquote class=\"wp-block-quote is-layout-flow wp-block-quote-is-layout-flow\"><p>B\u011bhem 38 000 v\u00fdpov\u011bd\u00ed, p\u0159ev\u00e1\u017en\u011b p\u00edsemn\u00fdch, v\u011bt\u0161in\u011b p\u0159\u00edtomn\u00fdch tuhne krev v \u017eil\u00e1ch. Pomyslnou v\u011btev pod v\u0161emi ob\u017ealovan\u00fdmi pod\u0159ez\u00e1v\u00e1\u00a0Rudolf H\u00f6ss, b\u00fdval\u00fd velitel koncentra\u010dn\u00edho t\u00e1bora Osv\u011btim, kter\u00fd sv\u011bd\u010d\u00ed proti 22 ob\u017ealovan\u00fdm. Pozd\u011bji je p\u0159ed\u00e1n do Var\u0161avy, kde je odsouzen k trestu smrti a ob\u011b\u0161en na \u0161ibenici u osv\u011btimsk\u00e9ho krematoria.<\/p><\/blockquote>\n\n\n\n<p>V\u011bt\u0161ina ob\u017ealovan\u00fdch pod t\u00edhou d\u016fkaz\u016f znejist\u011bla, ov\u0161em Hermann G\u00f6reing se choval st\u00e1le stejn\u011b p\u0159ez\u00edrav\u011b, jako by si nep\u0159ipou\u0161t\u011bl variantu, \u017ee by mohl b\u00fdt odsouzen a popraven.<\/p><br>\n\n\n\n<div class=\"wp-block-image\"><figure class=\"alignleft is-resized\"><img loading=\"lazy\" decoding=\"async\" src=\"https:\/\/www.mzone.cz\/wp-content\/uploads\/2019\/08\/rarehistoricalphotos.com-2.jpg\" alt=\"\" class=\"wp-image-11962\" width=\"134\" height=\"83\" srcset=\"https:\/\/www.mzone.cz\/wp-content\/uploads\/2019\/08\/rarehistoricalphotos.com-2.jpg 603w, https:\/\/www.mzone.cz\/wp-content\/uploads\/2019\/08\/rarehistoricalphotos.com-2-300x187.jpg 300w, https:\/\/www.mzone.cz\/wp-content\/uploads\/2019\/08\/rarehistoricalphotos.com-2-590x367.jpg 590w\" sizes=\"auto, (max-width: 134px) 100vw, 134px\" \/><\/figure><\/div>\n\n\n\n<h4><a href=\"https:\/\/www.mzone.cz\/jak-by-vypadal-svet-kdyby-nacisticke-nemecko-vyhralo-druhou-svetovou-valku\/\">Jak by vypadal sv\u011bt, kdyby nacistick\u00e9 N\u011bmecko vyhr\u00e1lo druhou sv\u011btovou v\u00e1lku?<\/a><\/h4><br>\n\n\n\n<p>Dal\u0161\u00ed z vysok\u00fdch nacistick\u00fdch p\u0159edstavitel\u016f Rudolf Hess zvolil strategii amn\u00e9zie \u2013 prost\u011b si nic nepamatuje. Vzpom\u00edn\u00e1 si jen na 10. kv\u011bten 1941, kdy bez v\u011bdom\u00ed ostatn\u00edch p\u0159edstavitel\u016f nacistick\u00e9ho N\u011bmecka odl\u00e9t\u00e1 vyjedn\u00e1vat p\u0159\u00edm\u011b\u0159\u00ed do Brit\u00e1nie. Gener\u00e1l <strong>Alfred Jodl<\/strong> a poln\u00ed mar\u0161\u00e1l <strong>Wilhelm Keitel<\/strong> se obhajovali t\u00edm, \u017ee byli voj\u00e1ky, kte\u0159\u00ed jen poslouchaj\u00ed p\u0159\u00edkazy. Jejich argumenty jsou ale rozmet\u00e1ny \u2013 ob\u017ealoba toti\u017e p\u0159edlo\u017eila n\u011bkolik rozkaz\u016f, kter\u00e9 doty\u010dn\u00ed sami podepsali. Nap\u0159\u00edklad byli podeps\u00e1ni pod rozkazem na\u0159izuj\u00edc\u00edm\u00a0popravu p\u0159\u00edslu\u0161n\u00edk\u016f britsk\u00fdch \u201ecommandos\u201c, a to i v p\u0159\u00edpad\u011b, \u017ee by byli chyceni ve vojensk\u00fdch uniform\u00e1ch, co\u017e je jasn\u00e9 poru\u0161en\u00ed v\u00e1le\u010dn\u00e9ho pr\u00e1va.<\/p>\n\n\n\n<blockquote class=\"wp-block-quote is-layout-flow wp-block-quote-is-layout-flow\"><p>Obhajoba d\u011blala v\u0161echno mo\u017en\u00e9, aby tresty vin\u00edk\u016f zm\u00edrnila. Nakonec se dokonce uch\u00fdl\u00ed ke zpochybn\u011bn\u00ed samotn\u00e9 podstaty tribun\u00e1lu \u2013 pr\u00fd jde o pouhou pomstu v\u00edt\u011bz\u016f. \u00dadajn\u011b nelze trestat jednotlivce za poru\u0161en\u00ed m\u00edru mezi st\u00e1ty.<\/p><\/blockquote>\n\n\n\n<p>Kdy\u017e nen\u00ed uzn\u00e1n ani jeden z t\u011bchto argument\u016f, sna\u017e\u00ed se obhajoba vyu\u017e\u00edt chladnouc\u00edch vztah\u016f mezi spojenci. P\u0159eci jen u\u017e nen\u00ed kv\u011bten 1945, pom\u011bry se zm\u011bnily a sv\u011bt st\u00e1l na prahu studen\u00e9 v\u00e1lky.<\/p><br>\n\n\n\n<figure class=\"wp-block-image is-resized\"><img loading=\"lazy\" decoding=\"async\" src=\"https:\/\/www.mzone.cz\/wp-content\/uploads\/2019\/11\/hqdefault-2.jpg\" alt=\"\" class=\"wp-image-14128\" width=\"566\" height=\"326\" srcset=\"https:\/\/www.mzone.cz\/wp-content\/uploads\/2019\/11\/hqdefault-2.jpg 471w, https:\/\/www.mzone.cz\/wp-content\/uploads\/2019\/11\/hqdefault-2-300x173.jpg 300w\" sizes=\"auto, (max-width: 566px) 100vw, 566px\" \/><\/figure><br>\n\n\n\n<p>V pond\u011bl\u00ed 30. z\u00e1\u0159\u00ed a v \u00fater\u00fd 1. \u0159\u00edjna 1946 soud v \u010dele s <strong>Geoffrym Lawrencem<\/strong> vynesl dlouho o\u010dek\u00e1van\u00e9 rozsudky. Pr\u016fb\u011bh procesu, rozlo\u017een\u00fd do 218 jednac\u00edch dn\u016f, sledoval cel\u00fd sv\u011bt a stra\u0161liv\u00e1 t\u00edha fakt\u016f, kter\u00e9 byly sneseny jako d\u016fkazy ob\u017ealoby, bere v\u011bt\u0161in\u011b ob\u017ealovan\u00fdch nad\u011bje. Postupn\u011b p\u0159ich\u00e1zej\u00ed ob\u017ealovan\u00ed jeden za druh\u00fdm, aby si vyslechli rozsudek. Ten zn\u00ed:\u00a0Trest smrti provazem\u00a0ve 12 p\u0159\u00edpadech (G\u00f6ering, Riebbentrop, Jodl, a dal\u0161\u00ed). T\u0159i nacist\u00e9 byli odsouzeni na do\u017eivot\u00ed (mezi nimi i Rudolf Hess), \u010dty\u0159i si odnesli tresty v rozmez\u00ed 10 a\u017e 20 let a t\u0159i lid\u00e9 byli omilostn\u011bni.<\/p><br>\n\n\n\n<div class=\"wp-block-image\"><figure class=\"alignleft is-resized\"><img loading=\"lazy\" decoding=\"async\" src=\"https:\/\/www.mzone.cz\/wp-content\/uploads\/2019\/06\/auschwitz-tl-1024x683.jpg\" alt=\"\" class=\"wp-image-7196\" width=\"157\" height=\"103\"\/><\/figure><\/div>\n\n\n\n<h4><a href=\"https:\/\/www.mzone.cz\/tragicky-osud-terezinskeho-rodinneho-tabora-nejvetsi-hromadna-vrazda-cechu-v-dejinach\/\">Tragick\u00fd osud Terez\u00ednsk\u00e9ho rodinn\u00e9ho t\u00e1bora: Nejv\u011bt\u0161\u00ed hromadn\u00e1 vra\u017eda \u010cech\u016f v d\u011bjin\u00e1ch<\/a><\/h4><br>\n\n\n\n<p>Z dvan\u00e1cti rozsudk\u016f smrti bylo nakonec vykon\u00e1no jen deset.\u00a0<strong>Martin Bormann<\/strong>, Hitler\u016fv osobn\u00ed tajemn\u00edk, byl odsouzen v nep\u0159\u00edtomnosti a G\u00f6ering v p\u0159edve\u010der popravy sp\u00e1chal sebevra\u017edu. Ta je dodnes zahalena tajemstv\u00edm. Spekuluje se toti\u017e o tom, \u017ee kyanidovou kapsli mu propa\u0161oval jeden ze str\u00e1\u017en\u00fdch.<\/p>\n\n\n\n<blockquote class=\"wp-block-quote is-layout-flow wp-block-quote-is-layout-flow\"><p>Poprava nacistick\u00fdch pohlav\u00e1r\u016f byla napl\u00e1nov\u00e1na na st\u0159edu 16. \u0159\u00edjna 1946 t\u011bsn\u011b po p\u016flnoci. P\u0159\u00edtomno mohlo b\u00fdt jen 45 vybran\u00fdch lid\u00ed, kte\u0159\u00ed museli sl\u00edbit, \u017ee cel\u00fd pr\u016fb\u011bh poprav i nakl\u00e1d\u00e1ni s t\u011bly uchovaj\u00ed v tajemstv\u00ed.<\/p><\/blockquote>\n\n\n\n<p>N\u011bkte\u0159\u00ed z odsouzen\u00fdch se chovali d\u016fstojn\u011b, jin\u00ed zbab\u011ble. Poln\u00ed mar\u0161\u00e1l\u00a0<strong>Wilhelm Keitel<\/strong>\u00a0n\u011bkolik vte\u0159in p\u0159ed smrt\u00ed \u00fadajn\u011b \u0159ekl: \u201eMnoho mili\u00f3n\u016f lid\u00ed zem\u0159elo m\u00fdm p\u0159i\u010din\u011bn\u00edm. Pros\u00edm V\u0161emohouc\u00edho, aby se smiloval nad n\u011bmeck\u00fdm n\u00e1rodem!\u201c Posl\u00e9ze bylo v\u0161ech 10 mrtvol tajn\u011b p\u0159epraveno do koncentra\u010dn\u00edho t\u00e1bora Dachau a zde symbolicky sp\u00e1leno v jednom z tamn\u00edch krematori\u00ed. Popel pak byl vysyp\u00e1n do bl\u00edzk\u00e9 \u0159eky.<\/p><br>\n\n\n\n<div class=\"wp-block-image\"><figure class=\"alignleft is-resized\"><img loading=\"lazy\" decoding=\"async\" src=\"https:\/\/www.mzone.cz\/wp-content\/uploads\/2019\/04\/1599px-Josef_Mengele_Richard_Baer_Rudolf_Hoess_Auschwitz._Album_H\u00f6cker-1024x695.jpg\" alt=\"\" class=\"wp-image-5471\" width=\"125\" height=\"84\" srcset=\"https:\/\/www.mzone.cz\/wp-content\/uploads\/2019\/04\/1599px-Josef_Mengele_Richard_Baer_Rudolf_Hoess_Auschwitz._Album_H\u00f6cker-1024x695.jpg 1024w, https:\/\/www.mzone.cz\/wp-content\/uploads\/2019\/04\/1599px-Josef_Mengele_Richard_Baer_Rudolf_Hoess_Auschwitz._Album_H\u00f6cker-300x204.jpg 300w, https:\/\/www.mzone.cz\/wp-content\/uploads\/2019\/04\/1599px-Josef_Mengele_Richard_Baer_Rudolf_Hoess_Auschwitz._Album_H\u00f6cker-768x522.jpg 768w, https:\/\/www.mzone.cz\/wp-content\/uploads\/2019\/04\/1599px-Josef_Mengele_Richard_Baer_Rudolf_Hoess_Auschwitz._Album_H\u00f6cker-800x533.jpg 800w, https:\/\/www.mzone.cz\/wp-content\/uploads\/2019\/04\/1599px-Josef_Mengele_Richard_Baer_Rudolf_Hoess_Auschwitz._Album_H\u00f6cker-400x267.jpg 400w, https:\/\/www.mzone.cz\/wp-content\/uploads\/2019\/04\/1599px-Josef_Mengele_Richard_Baer_Rudolf_Hoess_Auschwitz._Album_H\u00f6cker-500x333.jpg 500w, https:\/\/www.mzone.cz\/wp-content\/uploads\/2019\/04\/1599px-Josef_Mengele_Richard_Baer_Rudolf_Hoess_Auschwitz._Album_H\u00f6cker-1170x780.jpg 1170w, https:\/\/www.mzone.cz\/wp-content\/uploads\/2019\/04\/1599px-Josef_Mengele_Richard_Baer_Rudolf_Hoess_Auschwitz._Album_H\u00f6cker-590x401.jpg 590w, https:\/\/www.mzone.cz\/wp-content\/uploads\/2019\/04\/1599px-Josef_Mengele_Richard_Baer_Rudolf_Hoess_Auschwitz._Album_H\u00f6cker.jpg 1599w\" sizes=\"auto, (max-width: 125px) 100vw, 125px\" \/><\/figure><\/div>\n\n\n\n<h4><a href=\"https:\/\/www.mzone.cz\/kdo-byl-doktor-josef-mengele-nemilosrdna-lidska-bestie\/\">Kdo byl doktor Josef Mengele? Nemilosrdn\u00e1 lidsk\u00e1 bestie<\/a><\/h4><br>","protected":false},"excerpt":{"rendered":"<p>Je\u0161t\u011b p\u0159ed koncem v\u00e1lky se v\u016fdci protinacistick\u00e9 koalice dohodli, \u017ee hlavn\u00ed v\u00e1le\u010dn\u00e9 zlo\u010dince postav\u00ed p\u0159ed soud. Po v\u00e1lce panoval chaos a bylo t\u0159eba vy\u0159e\u0161it \u0159adu v\u011bc\u00ed, proto je proces uskute\u010dn\u011bn a\u017e p\u016fl roku od n\u011bmeck\u00e9 kapitulace dne 20. listopadu 1945. V\u0161e se odehr\u00e1v\u00e1 v\u00a0Justi\u010dn\u00edm pal\u00e1ci v Norimberku. Kl\u00ed\u010dovou postavou cel\u00e9ho procesu je\u00a0Hermann G\u00f6ring\u00a0\u2013 nejv\u011bt\u0161\u00ed nacistick\u00e1 [&hellip;]<\/p>\n","protected":false},"author":4,"featured_media":14101,"comment_status":"open","ping_status":"closed","sticky":false,"template":"","format":"standard","meta":{"kk_blocks_editor_width":"","_kiokenblocks_attr":"","_kiokenblocks_dimensions":"","footnotes":""},"categories":[387],"tags":[2862,1154,87,1556,625,2958,2956,1268,2658,119,2957],"class_list":["post-14100","post","type-post","status-publish","format-standard","has-post-thumbnail","hentry","category-historie","tag-dejiny","tag-druha-svetova-valka","tag-historie","tag-nacismus","tag-nemecko","tag-norimbersky-proces","tag-proces","tag-soud","tag-treti-rise","tag-valka","tag-vyrovnani"],"yoast_head":"<!-- This site is optimized with the Yoast SEO plugin v27.5 - https:\/\/yoast.com\/product\/yoast-seo-wordpress\/ -->\n<title>Jak vypadal Norimbersk\u00fd proces s nacistickou elitou T\u0159et\u00ed \u0159\u00ed\u0161e - Mzone<\/title>\n<meta name=\"description\" content=\"Je\u0161t\u011b p\u0159ed koncem v\u00e1lky se v\u016fdci protinacistick\u00e9 koalice dohodli, \u017ee hlavn\u00ed v\u00e1le\u010dn\u00e9 zlo\u010dince postav\u00ed p\u0159ed soud. Po v\u00e1lce panoval chaos a bylo t\u0159eba vy\u0159e\u0161it \u0159adu v\u011bc\u00ed, proto je proces uskute\u010dn\u011bn a\u017e p\u016fl roku od n\u011bmeck\u00e9 kapitulace dne 20. listopadu 1945. V\u0161e se odehr\u00e1v\u00e1 v Justi\u010dn\u00edm pal\u00e1ci v Norimberku.\" \/>\n<meta name=\"robots\" content=\"index, follow, max-snippet:-1, max-image-preview:large, max-video-preview:-1\" \/>\n<link rel=\"canonical\" href=\"https:\/\/www.mzone.cz\/en\/jak-vypadal-norimbersky-proces-s-nacistickou-elitou-treti-rise\/\" \/>\n<meta property=\"og:locale\" content=\"en_US\" \/>\n<meta property=\"og:type\" content=\"article\" \/>\n<meta property=\"og:title\" content=\"Jak vypadal Norimbersk\u00fd proces s nacistickou elitou T\u0159et\u00ed \u0159\u00ed\u0161e - Mzone\" \/>\n<meta property=\"og:description\" content=\"Je\u0161t\u011b p\u0159ed koncem v\u00e1lky se v\u016fdci protinacistick\u00e9 koalice dohodli, \u017ee hlavn\u00ed v\u00e1le\u010dn\u00e9 zlo\u010dince postav\u00ed p\u0159ed soud. Po v\u00e1lce panoval chaos a bylo t\u0159eba vy\u0159e\u0161it \u0159adu v\u011bc\u00ed, proto je proces uskute\u010dn\u011bn a\u017e p\u016fl roku od n\u011bmeck\u00e9 kapitulace dne 20. listopadu 1945. V\u0161e se odehr\u00e1v\u00e1 v Justi\u010dn\u00edm pal\u00e1ci v Norimberku.\" \/>\n<meta property=\"og:url\" content=\"https:\/\/www.mzone.cz\/en\/jak-vypadal-norimbersky-proces-s-nacistickou-elitou-treti-rise\/\" \/>\n<meta property=\"og:site_name\" content=\"Mzone\" \/>\n<meta property=\"article:publisher\" content=\"https:\/\/www.facebook.com\/MzoneCZ\/\" \/>\n<meta property=\"article:published_time\" content=\"2025-12-15T19:03:33+00:00\" \/>\n<meta property=\"article:modified_time\" content=\"2025-12-15T19:03:34+00:00\" \/>\n<meta property=\"og:image\" content=\"https:\/\/www.mzone.cz\/wp-content\/uploads\/2019\/11\/Norimbersk\u00fd-proces.jpg\" \/>\n\t<meta property=\"og:image:width\" content=\"1392\" \/>\n\t<meta property=\"og:image:height\" content=\"928\" \/>\n\t<meta property=\"og:image:type\" content=\"image\/jpeg\" \/>\n<meta name=\"author\" content=\"Mzone\" \/>\n<meta name=\"twitter:card\" content=\"summary_large_image\" \/>\n<meta name=\"twitter:label1\" content=\"Written by\" \/>\n\t<meta name=\"twitter:data1\" content=\"Mzone\" \/>\n\t<meta name=\"twitter:label2\" content=\"Est. reading time\" \/>\n\t<meta name=\"twitter:data2\" content=\"5 minutes\" \/>\n<script type=\"application\/ld+json\" class=\"yoast-schema-graph\">{\"@context\":\"https:\\\/\\\/schema.org\",\"@graph\":[{\"@type\":\"Article\",\"@id\":\"https:\\\/\\\/www.mzone.cz\\\/jak-vypadal-norimbersky-proces-s-nacistickou-elitou-treti-rise\\\/#article\",\"isPartOf\":{\"@id\":\"https:\\\/\\\/www.mzone.cz\\\/jak-vypadal-norimbersky-proces-s-nacistickou-elitou-treti-rise\\\/\"},\"author\":{\"name\":\"Mzone\",\"@id\":\"https:\\\/\\\/www.mzone.cz\\\/#\\\/schema\\\/person\\\/9bc20cc422a99cac4af6ff9297da32d4\"},\"headline\":\"Jak vypadal Norimbersk\u00fd proces s nacistickou elitou T\u0159et\u00ed \u0159\u00ed\u0161e\",\"datePublished\":\"2025-12-15T19:03:33+00:00\",\"dateModified\":\"2025-12-15T19:03:34+00:00\",\"mainEntityOfPage\":{\"@id\":\"https:\\\/\\\/www.mzone.cz\\\/jak-vypadal-norimbersky-proces-s-nacistickou-elitou-treti-rise\\\/\"},\"wordCount\":1096,\"commentCount\":0,\"image\":{\"@id\":\"https:\\\/\\\/www.mzone.cz\\\/jak-vypadal-norimbersky-proces-s-nacistickou-elitou-treti-rise\\\/#primaryimage\"},\"thumbnailUrl\":\"https:\\\/\\\/www.mzone.cz\\\/wp-content\\\/uploads\\\/2019\\\/11\\\/Norimbersk\u00fd-proces.jpg\",\"keywords\":[\"d\u011bjiny\",\"Druh\u00e1 sv\u011btov\u00e1 v\u00e1lka\",\"Historie\",\"nacismus\",\"N\u011bmecko\",\"Norimbersk\u00fd proces\",\"proces\",\"soud\",\"T\u0159et\u00ed \u0159\u00ed\u0161e\",\"v\u00e1lka\",\"vyrovn\u00e1n\u00ed\"],\"articleSection\":[\"Historie\"],\"inLanguage\":\"en-US\",\"potentialAction\":[{\"@type\":\"CommentAction\",\"name\":\"Comment\",\"target\":[\"https:\\\/\\\/www.mzone.cz\\\/jak-vypadal-norimbersky-proces-s-nacistickou-elitou-treti-rise\\\/#respond\"]}]},{\"@type\":\"WebPage\",\"@id\":\"https:\\\/\\\/www.mzone.cz\\\/jak-vypadal-norimbersky-proces-s-nacistickou-elitou-treti-rise\\\/\",\"url\":\"https:\\\/\\\/www.mzone.cz\\\/jak-vypadal-norimbersky-proces-s-nacistickou-elitou-treti-rise\\\/\",\"name\":\"Jak vypadal Norimbersk\u00fd proces s nacistickou elitou T\u0159et\u00ed \u0159\u00ed\u0161e - Mzone\",\"isPartOf\":{\"@id\":\"https:\\\/\\\/www.mzone.cz\\\/#website\"},\"primaryImageOfPage\":{\"@id\":\"https:\\\/\\\/www.mzone.cz\\\/jak-vypadal-norimbersky-proces-s-nacistickou-elitou-treti-rise\\\/#primaryimage\"},\"image\":{\"@id\":\"https:\\\/\\\/www.mzone.cz\\\/jak-vypadal-norimbersky-proces-s-nacistickou-elitou-treti-rise\\\/#primaryimage\"},\"thumbnailUrl\":\"https:\\\/\\\/www.mzone.cz\\\/wp-content\\\/uploads\\\/2019\\\/11\\\/Norimbersk\u00fd-proces.jpg\",\"datePublished\":\"2025-12-15T19:03:33+00:00\",\"dateModified\":\"2025-12-15T19:03:34+00:00\",\"author\":{\"@id\":\"https:\\\/\\\/www.mzone.cz\\\/#\\\/schema\\\/person\\\/9bc20cc422a99cac4af6ff9297da32d4\"},\"description\":\"Je\u0161t\u011b p\u0159ed koncem v\u00e1lky se v\u016fdci protinacistick\u00e9 koalice dohodli, \u017ee hlavn\u00ed v\u00e1le\u010dn\u00e9 zlo\u010dince postav\u00ed p\u0159ed soud. Po v\u00e1lce panoval chaos a bylo t\u0159eba vy\u0159e\u0161it \u0159adu v\u011bc\u00ed, proto je proces uskute\u010dn\u011bn a\u017e p\u016fl roku od n\u011bmeck\u00e9 kapitulace dne 20. listopadu 1945. V\u0161e se odehr\u00e1v\u00e1 v Justi\u010dn\u00edm pal\u00e1ci v Norimberku.\",\"breadcrumb\":{\"@id\":\"https:\\\/\\\/www.mzone.cz\\\/jak-vypadal-norimbersky-proces-s-nacistickou-elitou-treti-rise\\\/#breadcrumb\"},\"inLanguage\":\"en-US\",\"potentialAction\":[{\"@type\":\"ReadAction\",\"target\":[\"https:\\\/\\\/www.mzone.cz\\\/jak-vypadal-norimbersky-proces-s-nacistickou-elitou-treti-rise\\\/\"]}]},{\"@type\":\"ImageObject\",\"inLanguage\":\"en-US\",\"@id\":\"https:\\\/\\\/www.mzone.cz\\\/jak-vypadal-norimbersky-proces-s-nacistickou-elitou-treti-rise\\\/#primaryimage\",\"url\":\"https:\\\/\\\/www.mzone.cz\\\/wp-content\\\/uploads\\\/2019\\\/11\\\/Norimbersk\u00fd-proces.jpg\",\"contentUrl\":\"https:\\\/\\\/www.mzone.cz\\\/wp-content\\\/uploads\\\/2019\\\/11\\\/Norimbersk\u00fd-proces.jpg\",\"width\":1392,\"height\":928},{\"@type\":\"BreadcrumbList\",\"@id\":\"https:\\\/\\\/www.mzone.cz\\\/jak-vypadal-norimbersky-proces-s-nacistickou-elitou-treti-rise\\\/#breadcrumb\",\"itemListElement\":[{\"@type\":\"ListItem\",\"position\":1,\"name\":\"Dom\u016f\",\"item\":\"https:\\\/\\\/www.mzone.cz\\\/\"},{\"@type\":\"ListItem\",\"position\":2,\"name\":\"Jak vypadal Norimbersk\u00fd proces s nacistickou elitou T\u0159et\u00ed \u0159\u00ed\u0161e\"}]},{\"@type\":\"WebSite\",\"@id\":\"https:\\\/\\\/www.mzone.cz\\\/#website\",\"url\":\"https:\\\/\\\/www.mzone.cz\\\/\",\"name\":\"Mzone\",\"description\":\"Magaz\u00edn nejen pro mu\u017ee\",\"potentialAction\":[{\"@type\":\"SearchAction\",\"target\":{\"@type\":\"EntryPoint\",\"urlTemplate\":\"https:\\\/\\\/www.mzone.cz\\\/?s={search_term_string}\"},\"query-input\":{\"@type\":\"PropertyValueSpecification\",\"valueRequired\":true,\"valueName\":\"search_term_string\"}}],\"inLanguage\":\"en-US\"},{\"@type\":\"Person\",\"@id\":\"https:\\\/\\\/www.mzone.cz\\\/#\\\/schema\\\/person\\\/9bc20cc422a99cac4af6ff9297da32d4\",\"name\":\"Mzone\",\"image\":{\"@type\":\"ImageObject\",\"inLanguage\":\"en-US\",\"@id\":\"https:\\\/\\\/secure.gravatar.com\\\/avatar\\\/e780a8630f3182a3d06dd667ab6bea151a0d155b0951bc15fe22633acdac0676?s=96&d=mm&r=g\",\"url\":\"https:\\\/\\\/secure.gravatar.com\\\/avatar\\\/e780a8630f3182a3d06dd667ab6bea151a0d155b0951bc15fe22633acdac0676?s=96&d=mm&r=g\",\"contentUrl\":\"https:\\\/\\\/secure.gravatar.com\\\/avatar\\\/e780a8630f3182a3d06dd667ab6bea151a0d155b0951bc15fe22633acdac0676?s=96&d=mm&r=g\",\"caption\":\"Mzone\"},\"url\":\"https:\\\/\\\/www.mzone.cz\\\/en\\\/author\\\/jakub\\\/\"}]}<\/script>\n<!-- \/ Yoast SEO plugin. -->","yoast_head_json":{"title":"Jak vypadal Norimbersk\u00fd proces s nacistickou elitou T\u0159et\u00ed \u0159\u00ed\u0161e - Mzone","description":"Je\u0161t\u011b p\u0159ed koncem v\u00e1lky se v\u016fdci protinacistick\u00e9 koalice dohodli, \u017ee hlavn\u00ed v\u00e1le\u010dn\u00e9 zlo\u010dince postav\u00ed p\u0159ed soud. Po v\u00e1lce panoval chaos a bylo t\u0159eba vy\u0159e\u0161it \u0159adu v\u011bc\u00ed, proto je proces uskute\u010dn\u011bn a\u017e p\u016fl roku od n\u011bmeck\u00e9 kapitulace dne 20. listopadu 1945. V\u0161e se odehr\u00e1v\u00e1 v Justi\u010dn\u00edm pal\u00e1ci v Norimberku.","robots":{"index":"index","follow":"follow","max-snippet":"max-snippet:-1","max-image-preview":"max-image-preview:large","max-video-preview":"max-video-preview:-1"},"canonical":"https:\/\/www.mzone.cz\/en\/jak-vypadal-norimbersky-proces-s-nacistickou-elitou-treti-rise\/","og_locale":"en_US","og_type":"article","og_title":"Jak vypadal Norimbersk\u00fd proces s nacistickou elitou T\u0159et\u00ed \u0159\u00ed\u0161e - Mzone","og_description":"Je\u0161t\u011b p\u0159ed koncem v\u00e1lky se v\u016fdci protinacistick\u00e9 koalice dohodli, \u017ee hlavn\u00ed v\u00e1le\u010dn\u00e9 zlo\u010dince postav\u00ed p\u0159ed soud. Po v\u00e1lce panoval chaos a bylo t\u0159eba vy\u0159e\u0161it \u0159adu v\u011bc\u00ed, proto je proces uskute\u010dn\u011bn a\u017e p\u016fl roku od n\u011bmeck\u00e9 kapitulace dne 20. listopadu 1945. V\u0161e se odehr\u00e1v\u00e1 v Justi\u010dn\u00edm pal\u00e1ci v Norimberku.","og_url":"https:\/\/www.mzone.cz\/en\/jak-vypadal-norimbersky-proces-s-nacistickou-elitou-treti-rise\/","og_site_name":"Mzone","article_publisher":"https:\/\/www.facebook.com\/MzoneCZ\/","article_published_time":"2025-12-15T19:03:33+00:00","article_modified_time":"2025-12-15T19:03:34+00:00","og_image":[{"width":1392,"height":928,"url":"https:\/\/www.mzone.cz\/wp-content\/uploads\/2019\/11\/Norimbersk\u00fd-proces.jpg","type":"image\/jpeg"}],"author":"Mzone","twitter_card":"summary_large_image","twitter_misc":{"Written by":"Mzone","Est. reading time":"5 minutes"},"schema":{"@context":"https:\/\/schema.org","@graph":[{"@type":"Article","@id":"https:\/\/www.mzone.cz\/jak-vypadal-norimbersky-proces-s-nacistickou-elitou-treti-rise\/#article","isPartOf":{"@id":"https:\/\/www.mzone.cz\/jak-vypadal-norimbersky-proces-s-nacistickou-elitou-treti-rise\/"},"author":{"name":"Mzone","@id":"https:\/\/www.mzone.cz\/#\/schema\/person\/9bc20cc422a99cac4af6ff9297da32d4"},"headline":"Jak vypadal Norimbersk\u00fd proces s nacistickou elitou T\u0159et\u00ed \u0159\u00ed\u0161e","datePublished":"2025-12-15T19:03:33+00:00","dateModified":"2025-12-15T19:03:34+00:00","mainEntityOfPage":{"@id":"https:\/\/www.mzone.cz\/jak-vypadal-norimbersky-proces-s-nacistickou-elitou-treti-rise\/"},"wordCount":1096,"commentCount":0,"image":{"@id":"https:\/\/www.mzone.cz\/jak-vypadal-norimbersky-proces-s-nacistickou-elitou-treti-rise\/#primaryimage"},"thumbnailUrl":"https:\/\/www.mzone.cz\/wp-content\/uploads\/2019\/11\/Norimbersk\u00fd-proces.jpg","keywords":["d\u011bjiny","Druh\u00e1 sv\u011btov\u00e1 v\u00e1lka","Historie","nacismus","N\u011bmecko","Norimbersk\u00fd proces","proces","soud","T\u0159et\u00ed \u0159\u00ed\u0161e","v\u00e1lka","vyrovn\u00e1n\u00ed"],"articleSection":["Historie"],"inLanguage":"en-US","potentialAction":[{"@type":"CommentAction","name":"Comment","target":["https:\/\/www.mzone.cz\/jak-vypadal-norimbersky-proces-s-nacistickou-elitou-treti-rise\/#respond"]}]},{"@type":"WebPage","@id":"https:\/\/www.mzone.cz\/jak-vypadal-norimbersky-proces-s-nacistickou-elitou-treti-rise\/","url":"https:\/\/www.mzone.cz\/jak-vypadal-norimbersky-proces-s-nacistickou-elitou-treti-rise\/","name":"Jak vypadal Norimbersk\u00fd proces s nacistickou elitou T\u0159et\u00ed \u0159\u00ed\u0161e - Mzone","isPartOf":{"@id":"https:\/\/www.mzone.cz\/#website"},"primaryImageOfPage":{"@id":"https:\/\/www.mzone.cz\/jak-vypadal-norimbersky-proces-s-nacistickou-elitou-treti-rise\/#primaryimage"},"image":{"@id":"https:\/\/www.mzone.cz\/jak-vypadal-norimbersky-proces-s-nacistickou-elitou-treti-rise\/#primaryimage"},"thumbnailUrl":"https:\/\/www.mzone.cz\/wp-content\/uploads\/2019\/11\/Norimbersk\u00fd-proces.jpg","datePublished":"2025-12-15T19:03:33+00:00","dateModified":"2025-12-15T19:03:34+00:00","author":{"@id":"https:\/\/www.mzone.cz\/#\/schema\/person\/9bc20cc422a99cac4af6ff9297da32d4"},"description":"Je\u0161t\u011b p\u0159ed koncem v\u00e1lky se v\u016fdci protinacistick\u00e9 koalice dohodli, \u017ee hlavn\u00ed v\u00e1le\u010dn\u00e9 zlo\u010dince postav\u00ed p\u0159ed soud. Po v\u00e1lce panoval chaos a bylo t\u0159eba vy\u0159e\u0161it \u0159adu v\u011bc\u00ed, proto je proces uskute\u010dn\u011bn a\u017e p\u016fl roku od n\u011bmeck\u00e9 kapitulace dne 20. listopadu 1945. V\u0161e se odehr\u00e1v\u00e1 v Justi\u010dn\u00edm pal\u00e1ci v Norimberku.","breadcrumb":{"@id":"https:\/\/www.mzone.cz\/jak-vypadal-norimbersky-proces-s-nacistickou-elitou-treti-rise\/#breadcrumb"},"inLanguage":"en-US","potentialAction":[{"@type":"ReadAction","target":["https:\/\/www.mzone.cz\/jak-vypadal-norimbersky-proces-s-nacistickou-elitou-treti-rise\/"]}]},{"@type":"ImageObject","inLanguage":"en-US","@id":"https:\/\/www.mzone.cz\/jak-vypadal-norimbersky-proces-s-nacistickou-elitou-treti-rise\/#primaryimage","url":"https:\/\/www.mzone.cz\/wp-content\/uploads\/2019\/11\/Norimbersk\u00fd-proces.jpg","contentUrl":"https:\/\/www.mzone.cz\/wp-content\/uploads\/2019\/11\/Norimbersk\u00fd-proces.jpg","width":1392,"height":928},{"@type":"BreadcrumbList","@id":"https:\/\/www.mzone.cz\/jak-vypadal-norimbersky-proces-s-nacistickou-elitou-treti-rise\/#breadcrumb","itemListElement":[{"@type":"ListItem","position":1,"name":"Dom\u016f","item":"https:\/\/www.mzone.cz\/"},{"@type":"ListItem","position":2,"name":"Jak vypadal Norimbersk\u00fd proces s nacistickou elitou T\u0159et\u00ed \u0159\u00ed\u0161e"}]},{"@type":"WebSite","@id":"https:\/\/www.mzone.cz\/#website","url":"https:\/\/www.mzone.cz\/","name":"Mzone","description":"Magaz\u00edn nejen pro mu\u017ee","potentialAction":[{"@type":"SearchAction","target":{"@type":"EntryPoint","urlTemplate":"https:\/\/www.mzone.cz\/?s={search_term_string}"},"query-input":{"@type":"PropertyValueSpecification","valueRequired":true,"valueName":"search_term_string"}}],"inLanguage":"en-US"},{"@type":"Person","@id":"https:\/\/www.mzone.cz\/#\/schema\/person\/9bc20cc422a99cac4af6ff9297da32d4","name":"Mzone","image":{"@type":"ImageObject","inLanguage":"en-US","@id":"https:\/\/secure.gravatar.com\/avatar\/e780a8630f3182a3d06dd667ab6bea151a0d155b0951bc15fe22633acdac0676?s=96&d=mm&r=g","url":"https:\/\/secure.gravatar.com\/avatar\/e780a8630f3182a3d06dd667ab6bea151a0d155b0951bc15fe22633acdac0676?s=96&d=mm&r=g","contentUrl":"https:\/\/secure.gravatar.com\/avatar\/e780a8630f3182a3d06dd667ab6bea151a0d155b0951bc15fe22633acdac0676?s=96&d=mm&r=g","caption":"Mzone"},"url":"https:\/\/www.mzone.cz\/en\/author\/jakub\/"}]}},"_links":{"self":[{"href":"https:\/\/www.mzone.cz\/en\/wp-json\/wp\/v2\/posts\/14100","targetHints":{"allow":["GET"]}}],"collection":[{"href":"https:\/\/www.mzone.cz\/en\/wp-json\/wp\/v2\/posts"}],"about":[{"href":"https:\/\/www.mzone.cz\/en\/wp-json\/wp\/v2\/types\/post"}],"author":[{"embeddable":true,"href":"https:\/\/www.mzone.cz\/en\/wp-json\/wp\/v2\/users\/4"}],"replies":[{"embeddable":true,"href":"https:\/\/www.mzone.cz\/en\/wp-json\/wp\/v2\/comments?post=14100"}],"version-history":[{"count":18,"href":"https:\/\/www.mzone.cz\/en\/wp-json\/wp\/v2\/posts\/14100\/revisions"}],"predecessor-version":[{"id":14129,"href":"https:\/\/www.mzone.cz\/en\/wp-json\/wp\/v2\/posts\/14100\/revisions\/14129"}],"wp:featuredmedia":[{"embeddable":true,"href":"https:\/\/www.mzone.cz\/en\/wp-json\/wp\/v2\/media\/14101"}],"wp:attachment":[{"href":"https:\/\/www.mzone.cz\/en\/wp-json\/wp\/v2\/media?parent=14100"}],"wp:term":[{"taxonomy":"category","embeddable":true,"href":"https:\/\/www.mzone.cz\/en\/wp-json\/wp\/v2\/categories?post=14100"},{"taxonomy":"post_tag","embeddable":true,"href":"https:\/\/www.mzone.cz\/en\/wp-json\/wp\/v2\/tags?post=14100"}],"curies":[{"name":"wp","href":"https:\/\/api.w.org\/{rel}","templated":true}]}}