{"id":14248,"date":"2019-11-19T18:00:00","date_gmt":"2019-11-19T17:00:00","guid":{"rendered":"https:\/\/www.mzone.cz\/?p=14248"},"modified":"2019-11-18T15:48:45","modified_gmt":"2019-11-18T14:48:45","slug":"mydy-rabycad-zvou-novym-klipem-na-patecni-show-do-fora-karlin","status":"publish","type":"post","link":"https:\/\/www.mzone.cz\/en\/mydy-rabycad-zvou-novym-klipem-na-patecni-show-do-fora-karlin\/","title":{"rendered":"Mydy Rabycad zvou nov\u00fdm klipem na p\u00e1te\u010dn\u00ed show do Fora Karl\u00edn"},"content":{"rendered":"<p><strong>Hektick\u00fd koloto\u010d p\u0159\u00edprav kapely Mydy Rabycad na jejich zat\u00edm nejv\u011bt\u0161\u00ed a nejn\u00e1ro\u010dn\u011bj\u0161\u00ed show ve Foru Karl\u00edn, b\u011bhem kter\u00e9 22. listopadu pok\u0159t\u00ed nov\u00e9 album Numbers, vrchol\u00ed. Jako pozv\u00e1nku na tuto mimo\u0159\u00e1dnou akci, kterou z\u00e1rove\u0148 vykro\u010d\u00ed do nov\u00e9 tv\u016fr\u010d\u00ed etapy, pr\u00e1v\u011b zve\u0159ejnili klip k tituln\u00ed p\u00edsni.<\/strong><\/p><br>\n\n\n\n<p>Dekadentn\u00ed lokalita b\u00fdval\u00e9ho Discolandu Sylvie podtrhuje nejednozna\u010dnost a nap\u011bt\u00ed, kter\u00e9 v p\u00edsni Numbers najdeme.<\/p>\n\n\n\n<blockquote class=\"wp-block-quote is-layout-flow wp-block-quote-is-layout-flow\"><p>Je digitalizace a virtualizace na\u0161ich \u017eivot\u016f ta spr\u00e1vn\u00e1 cesta? Lze lidi a jejich vz\u00e1jemn\u00e9 vztahy m\u011b\u0159it jen po\u010dty lajk\u016f, sd\u00edlen\u00ed a sleduj\u00edc\u00edch na s\u00edt\u00edch? Jsou digit\u00e1ln\u00ed friends skute\u010dn\u00ed p\u0159\u00e1tel\u00e9, pragmaticky kalkuluj\u00edc\u00ed obchodn\u00edci s emocemi, nebo voyeu\u0159i?<\/p><\/blockquote>\n\n\n\n<p>V klipu autorsko-produk\u010dn\u00edho tandemu Nino Zardalishvili &amp; Oliver Beaujard z Baobab, najdete i tyto p\u0159edzv\u011bsti nov\u00e9 dosp\u011blej\u0161\u00ed etapy, na kterou se kapela s albem Numbers b\u011bhem karl\u00ednsk\u00e9 show chyst\u00e1 vydat. Na koncert\u011b vystoup\u00ed i vynikaj\u00edc\u00ed legend\u00e1rn\u00ed N.O.H.A. a Mydy Rabycad na p\u00f3diu podpo\u0159\u00ed dechov\u00e1 sekce kapely Circus Brothers, tak\u017ee bude na co koukat i na co tan\u010dit.<\/p><br>\n\n\n\n<figure class=\"wp-block-embed-youtube wp-block-embed is-type-video is-provider-youtube wp-embed-aspect-16-9 wp-has-aspect-ratio\"><div class=\"wp-block-embed__wrapper\">\n<iframe loading=\"lazy\" title=\"MYDY ~ NUMBERS (Official Music Video)\" width=\"600\" height=\"338\" src=\"https:\/\/www.youtube.com\/embed\/_s2Ybn4Klzk?feature=oembed\" frameborder=\"0\" allow=\"accelerometer; autoplay; clipboard-write; encrypted-media; gyroscope; picture-in-picture; web-share\" referrerpolicy=\"strict-origin-when-cross-origin\" allowfullscreen><\/iframe>\n<\/div><\/figure><br>\n\n\n\n<p>Na albu Numbers, kter\u00e9 vyslali Mydy Rabycad p\u0159ed p\u00e1r t\u00fddny do sv\u011bta, najdeme nejen dal\u0161\u00ed muzikantsk\u00fd posun, ale poslucha\u010di ocen\u00ed jist\u011b i pohled kapely na st\u00e1vaj\u00edc\u00ed realitu, kdy u\u017e hudba d\u00e1vno nen\u00ed jen o kvalitn\u00edch p\u00edsni\u010dk\u00e1ch, ale i o neust\u00e1l\u00e9 sebeprezentaci. V osmi p\u00edsn\u00edch na n\u011bm analyzuj\u00ed dobu, ve kter\u00e9 se \u00fasp\u011bch um\u011blc\u016f m\u011b\u0159\u00ed na z\u00e1klad\u011b po\u010dtu pale\u010dk\u016f a srd\u00ed\u010dek na soci\u00e1ln\u00edch s\u00edt\u00edch a spole\u010densk\u00fd status definuje cifra a po\u010det nul na bankovn\u00edm \u00fa\u010dtu.<\/p>\n\n\n\n<blockquote class=\"wp-block-quote is-layout-flow wp-block-quote-is-layout-flow\"><p>\u201eS deskou Numbers p\u0159ich\u00e1z\u00ed nov\u00e1 kapitola t\u00e9hle kapely. Od posledn\u00ed desky se v n\u00e1s nahromadila spousta emoc\u00ed a poznatk\u016f a zjistili jsme, \u017ee chceme d\u011blat v\u011bci jinak, ne\u017e tomu doposud bylo. Album je tedy krokem jin\u00fdm sm\u011brem v\u00edc, ne\u017e tomu bylo kdy d\u0159\u00edv,\u201d \u0159\u00edk\u00e1 producent a kl\u00e1vesista N\u00e8ro Scartch.<\/p><\/blockquote>\n\n\n\n<p>Tuto zm\u011bnu potvrd\u00ed i velkolep\u00fd koncert 22. listopadu ve Foru Karl\u00edn, na kter\u00fd chyst\u00e1 kapela pro fanou\u0161ky \u0159adu novinek a p\u0159ekvapen\u00ed. D\u011bn\u00ed v kapele a p\u0159\u00edpravy ji\u017e te\u010f mohou fanou\u0161ci sledovat na soci\u00e1ln\u00edch s\u00edt\u00edch, pomohou jim hashtagy <em>#mydyveforu<\/em> a <em>#221119<\/em>. Vstupenky na velk\u00fd koncert Mydy Rabycad a k\u0159est nov\u00e9ho alba Numbers stoj\u00ed 480 K\u010d a jsou k m\u00e1n\u00ed v s\u00edti Goout.<\/p><br>\n\n\n\n<figure class=\"wp-block-image size-large\"><img loading=\"lazy\" decoding=\"async\" width=\"1024\" height=\"683\" src=\"https:\/\/www.mzone.cz\/wp-content\/uploads\/2019\/11\/Sn\u00edmek-obrazovky-2019-11-18-v-14.38.23-1024x683.png\" alt=\"\" class=\"wp-image-14259\" srcset=\"https:\/\/www.mzone.cz\/wp-content\/uploads\/2019\/11\/Sn\u00edmek-obrazovky-2019-11-18-v-14.38.23-1024x683.png 1024w, https:\/\/www.mzone.cz\/wp-content\/uploads\/2019\/11\/Sn\u00edmek-obrazovky-2019-11-18-v-14.38.23-300x200.png 300w, https:\/\/www.mzone.cz\/wp-content\/uploads\/2019\/11\/Sn\u00edmek-obrazovky-2019-11-18-v-14.38.23-768x512.png 768w, https:\/\/www.mzone.cz\/wp-content\/uploads\/2019\/11\/Sn\u00edmek-obrazovky-2019-11-18-v-14.38.23-800x533.png 800w, https:\/\/www.mzone.cz\/wp-content\/uploads\/2019\/11\/Sn\u00edmek-obrazovky-2019-11-18-v-14.38.23-400x267.png 400w, https:\/\/www.mzone.cz\/wp-content\/uploads\/2019\/11\/Sn\u00edmek-obrazovky-2019-11-18-v-14.38.23-500x333.png 500w, https:\/\/www.mzone.cz\/wp-content\/uploads\/2019\/11\/Sn\u00edmek-obrazovky-2019-11-18-v-14.38.23-1170x780.png 1170w, https:\/\/www.mzone.cz\/wp-content\/uploads\/2019\/11\/Sn\u00edmek-obrazovky-2019-11-18-v-14.38.23-590x393.png 590w, https:\/\/www.mzone.cz\/wp-content\/uploads\/2019\/11\/Sn\u00edmek-obrazovky-2019-11-18-v-14.38.23.png 1437w\" sizes=\"auto, (max-width: 1024px) 100vw, 1024px\" \/><\/figure><br>\n\n\n\n<p>Mydy Rabycad se dali dohromady p\u0159ed sedmi lety a stihli zahr\u00e1t na presti\u017en\u00edch festivalech Glastonbury nebo Sziget, vystoupili v Ji\u017en\u00ed Koreji, Turecku i Egypt\u011b. Loni zaznamenali fam\u00f3zn\u00ed \u00fasp\u011bch na Festival International de Louisiane v USA a absolvovali prvn\u00ed klubov\u00e9 turn\u00e9 po Holandsku, v\u010detn\u011b vystoupen\u00ed v legend\u00e1rn\u00edm amsterdamsk\u00e9m klubu Melkweg.<\/p><br>\n\n\n\n<div class=\"wp-block-image\"><figure class=\"alignleft size-large is-resized\"><img loading=\"lazy\" decoding=\"async\" src=\"https:\/\/www.mzone.cz\/wp-content\/uploads\/2019\/10\/Mydy-Rabycad.png\" alt=\"\" class=\"wp-image-13191\" width=\"131\" height=\"86\" srcset=\"https:\/\/www.mzone.cz\/wp-content\/uploads\/2019\/10\/Mydy-Rabycad.png 600w, https:\/\/www.mzone.cz\/wp-content\/uploads\/2019\/10\/Mydy-Rabycad-300x200.png 300w, https:\/\/www.mzone.cz\/wp-content\/uploads\/2019\/10\/Mydy-Rabycad-400x267.png 400w, https:\/\/www.mzone.cz\/wp-content\/uploads\/2019\/10\/Mydy-Rabycad-500x333.png 500w, https:\/\/www.mzone.cz\/wp-content\/uploads\/2019\/10\/Mydy-Rabycad-590x393.png 590w\" sizes=\"auto, (max-width: 131px) 100vw, 131px\" \/><\/figure><\/div>\n\n\n\n<h4><a href=\"https:\/\/www.mzone.cz\/mydy-rabycad-vydavaji-album-numbers-pokrti-jej-v-listopadu-ve-foru-karlin\/\">Mydy Rabycad vyd\u00e1vaj\u00ed album Numbers, pok\u0159t\u00ed jej v listopadu ve Foru Karl\u00edn<\/a><\/h4><br>\n\n\n\n<p>Mydy Rabycad, tedy \u017dofie Da\u0159buj\u00e1nov\u00e1, Mikul\u00e1\u0161 Pejcha, Jan Dr\u00e1bek a N\u00e8ro Scartch, spole\u010dn\u011b hraj\u00ed \u0161est let a jejich unik\u00e1tn\u00ed sound dotv\u00e1\u0159\u00ed dnes ji\u017e nepostradateln\u00ed st\u00e1l\u00ed host\u00e9: buben\u00edk a producent alb kapely Tom\u00e1\u0161 Kon\u016fpka, kytarista Ond\u0159ej Sl\u00e1nsk\u00fd a v neposledn\u00ed \u0159ad\u011b Papa Kush, zvuka\u0159 kapely, kter\u00fd pozved\u00e1v\u00e1 zvuka\u0159sk\u00e9 \u0159emeslo na \u00farove\u0148 dal\u0161\u00edho hudebn\u00edho instrumentu.<\/p>","protected":false},"excerpt":{"rendered":"<p>Hektick\u00fd koloto\u010d p\u0159\u00edprav kapely Mydy Rabycad na jejich zat\u00edm nejv\u011bt\u0161\u00ed a nejn\u00e1ro\u010dn\u011bj\u0161\u00ed show ve Foru Karl\u00edn, b\u011bhem kter\u00e9 22. listopadu pok\u0159t\u00ed nov\u00e9 album Numbers, vrchol\u00ed. Jako pozv\u00e1nku na tuto mimo\u0159\u00e1dnou akci, kterou z\u00e1rove\u0148 vykro\u010d\u00ed do nov\u00e9 tv\u016fr\u010d\u00ed etapy, pr\u00e1v\u011b zve\u0159ejnili klip k tituln\u00ed p\u00edsni. Dekadentn\u00ed lokalita b\u00fdval\u00e9ho Discolandu Sylvie podtrhuje nejednozna\u010dnost a nap\u011bt\u00ed, kter\u00e9 v [&hellip;]<\/p>\n","protected":false},"author":4,"featured_media":14250,"comment_status":"open","ping_status":"closed","sticky":false,"template":"","format":"standard","meta":{"kk_blocks_editor_width":"","_kiokenblocks_attr":"","_kiokenblocks_dimensions":"","footnotes":""},"categories":[76,71],"tags":[1893,1147,1584,2488,1579,2787,31,2485,2183,2899,363,2489,1582],"class_list":["post-14248","post","type-post","status-publish","format-standard","has-post-thumbnail","hentry","category-hudba","category-kultura","tag-forum-karlin","tag-hudba","tag-kapela","tag-klip","tag-koncert","tag-krest","tag-kultura","tag-mydy-rabycad","tag-nove-album","tag-numbers","tag-praha","tag-videoklip","tag-vystoupeni"],"yoast_head":"<!-- This site is optimized with the Yoast SEO plugin v27.5 - https:\/\/yoast.com\/product\/yoast-seo-wordpress\/ -->\n<title>Mydy Rabycad zvou nov\u00fdm klipem na p\u00e1te\u010dn\u00ed show do Fora Karl\u00edn - Mzone<\/title>\n<meta name=\"description\" content=\"Hektick\u00fd koloto\u010d p\u0159\u00edprav kapely Mydy Rabycad na jejich zat\u00edm nejv\u011bt\u0161\u00ed a nejn\u00e1ro\u010dn\u011bj\u0161\u00ed show ve Foru Karl\u00edn, b\u011bhem kter\u00e9 22. listopadu pok\u0159t\u00ed nov\u00e9 album Numbers, vrchol\u00ed. Jako pozv\u00e1nku na tuto mimo\u0159\u00e1dnou akci, kterou z\u00e1rove\u0148 vykro\u010d\u00ed do nov\u00e9 tv\u016fr\u010d\u00ed etapy, pr\u00e1v\u011b zve\u0159ejnili klip k tituln\u00ed p\u00edsni.\" \/>\n<meta name=\"robots\" content=\"index, follow, max-snippet:-1, max-image-preview:large, max-video-preview:-1\" \/>\n<link rel=\"canonical\" href=\"https:\/\/www.mzone.cz\/en\/mydy-rabycad-zvou-novym-klipem-na-patecni-show-do-fora-karlin\/\" \/>\n<meta property=\"og:locale\" content=\"en_US\" \/>\n<meta property=\"og:type\" content=\"article\" \/>\n<meta property=\"og:title\" content=\"Mydy Rabycad zvou nov\u00fdm klipem na p\u00e1te\u010dn\u00ed show do Fora Karl\u00edn - Mzone\" \/>\n<meta property=\"og:description\" content=\"Hektick\u00fd koloto\u010d p\u0159\u00edprav kapely Mydy Rabycad na jejich zat\u00edm nejv\u011bt\u0161\u00ed a nejn\u00e1ro\u010dn\u011bj\u0161\u00ed show ve Foru Karl\u00edn, b\u011bhem kter\u00e9 22. listopadu pok\u0159t\u00ed nov\u00e9 album Numbers, vrchol\u00ed. Jako pozv\u00e1nku na tuto mimo\u0159\u00e1dnou akci, kterou z\u00e1rove\u0148 vykro\u010d\u00ed do nov\u00e9 tv\u016fr\u010d\u00ed etapy, pr\u00e1v\u011b zve\u0159ejnili klip k tituln\u00ed p\u00edsni.\" \/>\n<meta property=\"og:url\" content=\"https:\/\/www.mzone.cz\/en\/mydy-rabycad-zvou-novym-klipem-na-patecni-show-do-fora-karlin\/\" \/>\n<meta property=\"og:site_name\" content=\"Mzone\" \/>\n<meta property=\"article:publisher\" content=\"https:\/\/www.facebook.com\/MzoneCZ\/\" \/>\n<meta property=\"article:published_time\" content=\"2019-11-19T17:00:00+00:00\" \/>\n<meta property=\"og:image\" content=\"https:\/\/www.mzone.cz\/wp-content\/uploads\/2019\/11\/Sn\u00edmek-obrazovky-2019-11-18-v-14.39.55.png\" \/>\n\t<meta property=\"og:image:width\" content=\"1395\" \/>\n\t<meta property=\"og:image:height\" content=\"930\" \/>\n\t<meta property=\"og:image:type\" content=\"image\/png\" \/>\n<meta name=\"author\" content=\"Mzone\" \/>\n<meta name=\"twitter:card\" content=\"summary_large_image\" \/>\n<meta name=\"twitter:label1\" content=\"Written by\" \/>\n\t<meta name=\"twitter:data1\" content=\"Mzone\" \/>\n\t<meta name=\"twitter:label2\" content=\"Est. reading time\" \/>\n\t<meta name=\"twitter:data2\" content=\"3 minutes\" \/>\n<script type=\"application\/ld+json\" class=\"yoast-schema-graph\">{\"@context\":\"https:\\\/\\\/schema.org\",\"@graph\":[{\"@type\":\"Article\",\"@id\":\"https:\\\/\\\/www.mzone.cz\\\/mydy-rabycad-zvou-novym-klipem-na-patecni-show-do-fora-karlin\\\/#article\",\"isPartOf\":{\"@id\":\"https:\\\/\\\/www.mzone.cz\\\/mydy-rabycad-zvou-novym-klipem-na-patecni-show-do-fora-karlin\\\/\"},\"author\":{\"name\":\"Mzone\",\"@id\":\"https:\\\/\\\/www.mzone.cz\\\/#\\\/schema\\\/person\\\/9bc20cc422a99cac4af6ff9297da32d4\"},\"headline\":\"Mydy Rabycad zvou nov\u00fdm klipem na p\u00e1te\u010dn\u00ed show do Fora Karl\u00edn\",\"datePublished\":\"2019-11-19T17:00:00+00:00\",\"mainEntityOfPage\":{\"@id\":\"https:\\\/\\\/www.mzone.cz\\\/mydy-rabycad-zvou-novym-klipem-na-patecni-show-do-fora-karlin\\\/\"},\"wordCount\":603,\"commentCount\":0,\"image\":{\"@id\":\"https:\\\/\\\/www.mzone.cz\\\/mydy-rabycad-zvou-novym-klipem-na-patecni-show-do-fora-karlin\\\/#primaryimage\"},\"thumbnailUrl\":\"https:\\\/\\\/www.mzone.cz\\\/wp-content\\\/uploads\\\/2019\\\/11\\\/Sn\u00edmek-obrazovky-2019-11-18-v-14.39.55.png\",\"keywords\":[\"Forum Karl\u00edn\",\"hudba\",\"kapela\",\"klip\",\"koncert\",\"k\u0159est\",\"Kultura\",\"Mydy Rabycad\",\"nov\u00e9 album\",\"Numbers\",\"Praha\",\"videoklip\",\"vystoupen\u00ed\"],\"articleSection\":[\"Hudba\",\"Kultura\"],\"inLanguage\":\"en-US\",\"potentialAction\":[{\"@type\":\"CommentAction\",\"name\":\"Comment\",\"target\":[\"https:\\\/\\\/www.mzone.cz\\\/mydy-rabycad-zvou-novym-klipem-na-patecni-show-do-fora-karlin\\\/#respond\"]}]},{\"@type\":\"WebPage\",\"@id\":\"https:\\\/\\\/www.mzone.cz\\\/mydy-rabycad-zvou-novym-klipem-na-patecni-show-do-fora-karlin\\\/\",\"url\":\"https:\\\/\\\/www.mzone.cz\\\/mydy-rabycad-zvou-novym-klipem-na-patecni-show-do-fora-karlin\\\/\",\"name\":\"Mydy Rabycad zvou nov\u00fdm klipem na p\u00e1te\u010dn\u00ed show do Fora Karl\u00edn - Mzone\",\"isPartOf\":{\"@id\":\"https:\\\/\\\/www.mzone.cz\\\/#website\"},\"primaryImageOfPage\":{\"@id\":\"https:\\\/\\\/www.mzone.cz\\\/mydy-rabycad-zvou-novym-klipem-na-patecni-show-do-fora-karlin\\\/#primaryimage\"},\"image\":{\"@id\":\"https:\\\/\\\/www.mzone.cz\\\/mydy-rabycad-zvou-novym-klipem-na-patecni-show-do-fora-karlin\\\/#primaryimage\"},\"thumbnailUrl\":\"https:\\\/\\\/www.mzone.cz\\\/wp-content\\\/uploads\\\/2019\\\/11\\\/Sn\u00edmek-obrazovky-2019-11-18-v-14.39.55.png\",\"datePublished\":\"2019-11-19T17:00:00+00:00\",\"author\":{\"@id\":\"https:\\\/\\\/www.mzone.cz\\\/#\\\/schema\\\/person\\\/9bc20cc422a99cac4af6ff9297da32d4\"},\"description\":\"Hektick\u00fd koloto\u010d p\u0159\u00edprav kapely Mydy Rabycad na jejich zat\u00edm nejv\u011bt\u0161\u00ed a nejn\u00e1ro\u010dn\u011bj\u0161\u00ed show ve Foru Karl\u00edn, b\u011bhem kter\u00e9 22. listopadu pok\u0159t\u00ed nov\u00e9 album Numbers, vrchol\u00ed. Jako pozv\u00e1nku na tuto mimo\u0159\u00e1dnou akci, kterou z\u00e1rove\u0148 vykro\u010d\u00ed do nov\u00e9 tv\u016fr\u010d\u00ed etapy, pr\u00e1v\u011b zve\u0159ejnili klip k tituln\u00ed p\u00edsni.\",\"breadcrumb\":{\"@id\":\"https:\\\/\\\/www.mzone.cz\\\/mydy-rabycad-zvou-novym-klipem-na-patecni-show-do-fora-karlin\\\/#breadcrumb\"},\"inLanguage\":\"en-US\",\"potentialAction\":[{\"@type\":\"ReadAction\",\"target\":[\"https:\\\/\\\/www.mzone.cz\\\/mydy-rabycad-zvou-novym-klipem-na-patecni-show-do-fora-karlin\\\/\"]}]},{\"@type\":\"ImageObject\",\"inLanguage\":\"en-US\",\"@id\":\"https:\\\/\\\/www.mzone.cz\\\/mydy-rabycad-zvou-novym-klipem-na-patecni-show-do-fora-karlin\\\/#primaryimage\",\"url\":\"https:\\\/\\\/www.mzone.cz\\\/wp-content\\\/uploads\\\/2019\\\/11\\\/Sn\u00edmek-obrazovky-2019-11-18-v-14.39.55.png\",\"contentUrl\":\"https:\\\/\\\/www.mzone.cz\\\/wp-content\\\/uploads\\\/2019\\\/11\\\/Sn\u00edmek-obrazovky-2019-11-18-v-14.39.55.png\",\"width\":1395,\"height\":930},{\"@type\":\"BreadcrumbList\",\"@id\":\"https:\\\/\\\/www.mzone.cz\\\/mydy-rabycad-zvou-novym-klipem-na-patecni-show-do-fora-karlin\\\/#breadcrumb\",\"itemListElement\":[{\"@type\":\"ListItem\",\"position\":1,\"name\":\"Dom\u016f\",\"item\":\"https:\\\/\\\/www.mzone.cz\\\/\"},{\"@type\":\"ListItem\",\"position\":2,\"name\":\"Mydy Rabycad zvou nov\u00fdm klipem na p\u00e1te\u010dn\u00ed show do Fora Karl\u00edn\"}]},{\"@type\":\"WebSite\",\"@id\":\"https:\\\/\\\/www.mzone.cz\\\/#website\",\"url\":\"https:\\\/\\\/www.mzone.cz\\\/\",\"name\":\"Mzone\",\"description\":\"Magaz\u00edn nejen pro mu\u017ee\",\"potentialAction\":[{\"@type\":\"SearchAction\",\"target\":{\"@type\":\"EntryPoint\",\"urlTemplate\":\"https:\\\/\\\/www.mzone.cz\\\/?s={search_term_string}\"},\"query-input\":{\"@type\":\"PropertyValueSpecification\",\"valueRequired\":true,\"valueName\":\"search_term_string\"}}],\"inLanguage\":\"en-US\"},{\"@type\":\"Person\",\"@id\":\"https:\\\/\\\/www.mzone.cz\\\/#\\\/schema\\\/person\\\/9bc20cc422a99cac4af6ff9297da32d4\",\"name\":\"Mzone\",\"image\":{\"@type\":\"ImageObject\",\"inLanguage\":\"en-US\",\"@id\":\"https:\\\/\\\/secure.gravatar.com\\\/avatar\\\/e780a8630f3182a3d06dd667ab6bea151a0d155b0951bc15fe22633acdac0676?s=96&d=mm&r=g\",\"url\":\"https:\\\/\\\/secure.gravatar.com\\\/avatar\\\/e780a8630f3182a3d06dd667ab6bea151a0d155b0951bc15fe22633acdac0676?s=96&d=mm&r=g\",\"contentUrl\":\"https:\\\/\\\/secure.gravatar.com\\\/avatar\\\/e780a8630f3182a3d06dd667ab6bea151a0d155b0951bc15fe22633acdac0676?s=96&d=mm&r=g\",\"caption\":\"Mzone\"},\"url\":\"https:\\\/\\\/www.mzone.cz\\\/en\\\/author\\\/jakub\\\/\"}]}<\/script>\n<!-- \/ Yoast SEO plugin. -->","yoast_head_json":{"title":"Mydy Rabycad zvou nov\u00fdm klipem na p\u00e1te\u010dn\u00ed show do Fora Karl\u00edn - Mzone","description":"Hektick\u00fd koloto\u010d p\u0159\u00edprav kapely Mydy Rabycad na jejich zat\u00edm nejv\u011bt\u0161\u00ed a nejn\u00e1ro\u010dn\u011bj\u0161\u00ed show ve Foru Karl\u00edn, b\u011bhem kter\u00e9 22. listopadu pok\u0159t\u00ed nov\u00e9 album Numbers, vrchol\u00ed. Jako pozv\u00e1nku na tuto mimo\u0159\u00e1dnou akci, kterou z\u00e1rove\u0148 vykro\u010d\u00ed do nov\u00e9 tv\u016fr\u010d\u00ed etapy, pr\u00e1v\u011b zve\u0159ejnili klip k tituln\u00ed p\u00edsni.","robots":{"index":"index","follow":"follow","max-snippet":"max-snippet:-1","max-image-preview":"max-image-preview:large","max-video-preview":"max-video-preview:-1"},"canonical":"https:\/\/www.mzone.cz\/en\/mydy-rabycad-zvou-novym-klipem-na-patecni-show-do-fora-karlin\/","og_locale":"en_US","og_type":"article","og_title":"Mydy Rabycad zvou nov\u00fdm klipem na p\u00e1te\u010dn\u00ed show do Fora Karl\u00edn - Mzone","og_description":"Hektick\u00fd koloto\u010d p\u0159\u00edprav kapely Mydy Rabycad na jejich zat\u00edm nejv\u011bt\u0161\u00ed a nejn\u00e1ro\u010dn\u011bj\u0161\u00ed show ve Foru Karl\u00edn, b\u011bhem kter\u00e9 22. listopadu pok\u0159t\u00ed nov\u00e9 album Numbers, vrchol\u00ed. Jako pozv\u00e1nku na tuto mimo\u0159\u00e1dnou akci, kterou z\u00e1rove\u0148 vykro\u010d\u00ed do nov\u00e9 tv\u016fr\u010d\u00ed etapy, pr\u00e1v\u011b zve\u0159ejnili klip k tituln\u00ed p\u00edsni.","og_url":"https:\/\/www.mzone.cz\/en\/mydy-rabycad-zvou-novym-klipem-na-patecni-show-do-fora-karlin\/","og_site_name":"Mzone","article_publisher":"https:\/\/www.facebook.com\/MzoneCZ\/","article_published_time":"2019-11-19T17:00:00+00:00","og_image":[{"width":1395,"height":930,"url":"https:\/\/www.mzone.cz\/wp-content\/uploads\/2019\/11\/Sn\u00edmek-obrazovky-2019-11-18-v-14.39.55.png","type":"image\/png"}],"author":"Mzone","twitter_card":"summary_large_image","twitter_misc":{"Written by":"Mzone","Est. reading time":"3 minutes"},"schema":{"@context":"https:\/\/schema.org","@graph":[{"@type":"Article","@id":"https:\/\/www.mzone.cz\/mydy-rabycad-zvou-novym-klipem-na-patecni-show-do-fora-karlin\/#article","isPartOf":{"@id":"https:\/\/www.mzone.cz\/mydy-rabycad-zvou-novym-klipem-na-patecni-show-do-fora-karlin\/"},"author":{"name":"Mzone","@id":"https:\/\/www.mzone.cz\/#\/schema\/person\/9bc20cc422a99cac4af6ff9297da32d4"},"headline":"Mydy Rabycad zvou nov\u00fdm klipem na p\u00e1te\u010dn\u00ed show do Fora Karl\u00edn","datePublished":"2019-11-19T17:00:00+00:00","mainEntityOfPage":{"@id":"https:\/\/www.mzone.cz\/mydy-rabycad-zvou-novym-klipem-na-patecni-show-do-fora-karlin\/"},"wordCount":603,"commentCount":0,"image":{"@id":"https:\/\/www.mzone.cz\/mydy-rabycad-zvou-novym-klipem-na-patecni-show-do-fora-karlin\/#primaryimage"},"thumbnailUrl":"https:\/\/www.mzone.cz\/wp-content\/uploads\/2019\/11\/Sn\u00edmek-obrazovky-2019-11-18-v-14.39.55.png","keywords":["Forum Karl\u00edn","hudba","kapela","klip","koncert","k\u0159est","Kultura","Mydy Rabycad","nov\u00e9 album","Numbers","Praha","videoklip","vystoupen\u00ed"],"articleSection":["Hudba","Kultura"],"inLanguage":"en-US","potentialAction":[{"@type":"CommentAction","name":"Comment","target":["https:\/\/www.mzone.cz\/mydy-rabycad-zvou-novym-klipem-na-patecni-show-do-fora-karlin\/#respond"]}]},{"@type":"WebPage","@id":"https:\/\/www.mzone.cz\/mydy-rabycad-zvou-novym-klipem-na-patecni-show-do-fora-karlin\/","url":"https:\/\/www.mzone.cz\/mydy-rabycad-zvou-novym-klipem-na-patecni-show-do-fora-karlin\/","name":"Mydy Rabycad zvou nov\u00fdm klipem na p\u00e1te\u010dn\u00ed show do Fora Karl\u00edn - Mzone","isPartOf":{"@id":"https:\/\/www.mzone.cz\/#website"},"primaryImageOfPage":{"@id":"https:\/\/www.mzone.cz\/mydy-rabycad-zvou-novym-klipem-na-patecni-show-do-fora-karlin\/#primaryimage"},"image":{"@id":"https:\/\/www.mzone.cz\/mydy-rabycad-zvou-novym-klipem-na-patecni-show-do-fora-karlin\/#primaryimage"},"thumbnailUrl":"https:\/\/www.mzone.cz\/wp-content\/uploads\/2019\/11\/Sn\u00edmek-obrazovky-2019-11-18-v-14.39.55.png","datePublished":"2019-11-19T17:00:00+00:00","author":{"@id":"https:\/\/www.mzone.cz\/#\/schema\/person\/9bc20cc422a99cac4af6ff9297da32d4"},"description":"Hektick\u00fd koloto\u010d p\u0159\u00edprav kapely Mydy Rabycad na jejich zat\u00edm nejv\u011bt\u0161\u00ed a nejn\u00e1ro\u010dn\u011bj\u0161\u00ed show ve Foru Karl\u00edn, b\u011bhem kter\u00e9 22. listopadu pok\u0159t\u00ed nov\u00e9 album Numbers, vrchol\u00ed. Jako pozv\u00e1nku na tuto mimo\u0159\u00e1dnou akci, kterou z\u00e1rove\u0148 vykro\u010d\u00ed do nov\u00e9 tv\u016fr\u010d\u00ed etapy, pr\u00e1v\u011b zve\u0159ejnili klip k tituln\u00ed p\u00edsni.","breadcrumb":{"@id":"https:\/\/www.mzone.cz\/mydy-rabycad-zvou-novym-klipem-na-patecni-show-do-fora-karlin\/#breadcrumb"},"inLanguage":"en-US","potentialAction":[{"@type":"ReadAction","target":["https:\/\/www.mzone.cz\/mydy-rabycad-zvou-novym-klipem-na-patecni-show-do-fora-karlin\/"]}]},{"@type":"ImageObject","inLanguage":"en-US","@id":"https:\/\/www.mzone.cz\/mydy-rabycad-zvou-novym-klipem-na-patecni-show-do-fora-karlin\/#primaryimage","url":"https:\/\/www.mzone.cz\/wp-content\/uploads\/2019\/11\/Sn\u00edmek-obrazovky-2019-11-18-v-14.39.55.png","contentUrl":"https:\/\/www.mzone.cz\/wp-content\/uploads\/2019\/11\/Sn\u00edmek-obrazovky-2019-11-18-v-14.39.55.png","width":1395,"height":930},{"@type":"BreadcrumbList","@id":"https:\/\/www.mzone.cz\/mydy-rabycad-zvou-novym-klipem-na-patecni-show-do-fora-karlin\/#breadcrumb","itemListElement":[{"@type":"ListItem","position":1,"name":"Dom\u016f","item":"https:\/\/www.mzone.cz\/"},{"@type":"ListItem","position":2,"name":"Mydy Rabycad zvou nov\u00fdm klipem na p\u00e1te\u010dn\u00ed show do Fora Karl\u00edn"}]},{"@type":"WebSite","@id":"https:\/\/www.mzone.cz\/#website","url":"https:\/\/www.mzone.cz\/","name":"Mzone","description":"Magaz\u00edn nejen pro mu\u017ee","potentialAction":[{"@type":"SearchAction","target":{"@type":"EntryPoint","urlTemplate":"https:\/\/www.mzone.cz\/?s={search_term_string}"},"query-input":{"@type":"PropertyValueSpecification","valueRequired":true,"valueName":"search_term_string"}}],"inLanguage":"en-US"},{"@type":"Person","@id":"https:\/\/www.mzone.cz\/#\/schema\/person\/9bc20cc422a99cac4af6ff9297da32d4","name":"Mzone","image":{"@type":"ImageObject","inLanguage":"en-US","@id":"https:\/\/secure.gravatar.com\/avatar\/e780a8630f3182a3d06dd667ab6bea151a0d155b0951bc15fe22633acdac0676?s=96&d=mm&r=g","url":"https:\/\/secure.gravatar.com\/avatar\/e780a8630f3182a3d06dd667ab6bea151a0d155b0951bc15fe22633acdac0676?s=96&d=mm&r=g","contentUrl":"https:\/\/secure.gravatar.com\/avatar\/e780a8630f3182a3d06dd667ab6bea151a0d155b0951bc15fe22633acdac0676?s=96&d=mm&r=g","caption":"Mzone"},"url":"https:\/\/www.mzone.cz\/en\/author\/jakub\/"}]}},"_links":{"self":[{"href":"https:\/\/www.mzone.cz\/en\/wp-json\/wp\/v2\/posts\/14248","targetHints":{"allow":["GET"]}}],"collection":[{"href":"https:\/\/www.mzone.cz\/en\/wp-json\/wp\/v2\/posts"}],"about":[{"href":"https:\/\/www.mzone.cz\/en\/wp-json\/wp\/v2\/types\/post"}],"author":[{"embeddable":true,"href":"https:\/\/www.mzone.cz\/en\/wp-json\/wp\/v2\/users\/4"}],"replies":[{"embeddable":true,"href":"https:\/\/www.mzone.cz\/en\/wp-json\/wp\/v2\/comments?post=14248"}],"version-history":[{"count":9,"href":"https:\/\/www.mzone.cz\/en\/wp-json\/wp\/v2\/posts\/14248\/revisions"}],"predecessor-version":[{"id":14261,"href":"https:\/\/www.mzone.cz\/en\/wp-json\/wp\/v2\/posts\/14248\/revisions\/14261"}],"wp:featuredmedia":[{"embeddable":true,"href":"https:\/\/www.mzone.cz\/en\/wp-json\/wp\/v2\/media\/14250"}],"wp:attachment":[{"href":"https:\/\/www.mzone.cz\/en\/wp-json\/wp\/v2\/media?parent=14248"}],"wp:term":[{"taxonomy":"category","embeddable":true,"href":"https:\/\/www.mzone.cz\/en\/wp-json\/wp\/v2\/categories?post=14248"},{"taxonomy":"post_tag","embeddable":true,"href":"https:\/\/www.mzone.cz\/en\/wp-json\/wp\/v2\/tags?post=14248"}],"curies":[{"name":"wp","href":"https:\/\/api.w.org\/{rel}","templated":true}]}}