{"id":14316,"date":"2019-11-28T05:00:00","date_gmt":"2019-11-28T04:00:00","guid":{"rendered":"https:\/\/www.mzone.cz\/?p=14316"},"modified":"2019-11-22T12:24:54","modified_gmt":"2019-11-22T11:24:54","slug":"z-deniku-richarda-gaspi-gasperottiho-zam-8-aneb-bikovani-v-murmansku-za-polarnim-kruhem","status":"publish","type":"post","link":"https:\/\/www.mzone.cz\/en\/z-deniku-richarda-gaspi-gasperottiho-zam-8-aneb-bikovani-v-murmansku-za-polarnim-kruhem\/","title":{"rendered":"Z den\u00edku Richarda &#8220;Gaspi&#8221; Gasperottiho: ZAM 8 aneb bikov\u00e1n\u00ed v Murmansku za pol\u00e1rn\u00edm kruhem"},"content":{"rendered":"<p><strong>ZAM je projekt \u010desk\u00e9ho cyklisty Richarda \u201eGaspi\u201d Gasperottiho, kter\u00fd hled\u00e1 bikov\u00e9 komunity na exotick\u00fdch m\u00edstech po cel\u00e9m sv\u011bt\u011b. Po Mongolsku, \u00c1zerb\u00e1jd\u017e\u00e1nu, Tchaj-wanu \u010di Nov\u00e9m Mexiku se letos vydal na rusk\u00fd poloostrov Kola vysoko za pol\u00e1rn\u00edm kruhem. Na\u0161el, co hledal?<\/strong><\/p><br>\n\n\n\n<p>N\u011bkter\u00e9 v\u011bci se zdaj\u00ed dlouh\u00e9. T\u0159eba cesta do Brna. Nebo do Polska.\u00a0Tohle bylo do Polska, do Litvy, do Loty\u0161ska, do Petrohradu a pak je\u0161t\u011b\u00a01300 kilometr\u016f. To v\u0161echno ve \u010dty\u0159ech lidech jedn\u00edm autem se dv\u011bma\u00a0koly na st\u0159e\u0161e. Silnice E105 nen\u00ed d\u00e1lnice, ale po\u0159\u00e1d let\u00edme p\u0159es kilo. Za\u00a0okny se nic moc ned\u011bje. Po\u0159\u00e1d sam\u00fd les, jen hust\u00e9 stromov\u00ed tajgy\u00a0pomalu krsne a \u0159\u00eddne, a\u017e je ztoho tundra s vypelichan\u00fdmi borovicemi\u00a0a zmu\u010den\u00fdmi b\u0159\u00edzkami. Nade v\u0161e dob\u0159e se tu da\u0159\u00ed kom\u00e1r\u016fm, kte\u0159\u00ed n\u00e1s\u00a0obkl\u00ed\u010d\u00ed hned, jak vystr\u010d\u00edme nohu z auta. Bzu\u010d\u00edme jako oni, proto\u017ee\u00a0stav\u00edme jen na pump\u00e1ch, kde krom\u011b paliva tankujeme siln\u00e9 rusk\u00e9\u00a0espresso. Maj\u00ed ho v\u0161ude a je super. Klimbnut\u00ed ze tmy stejn\u011b nehroz\u00ed,\u00a0proto\u017ee je pol\u00e1rn\u00ed l\u00e9to. Trochu se se\u0161e\u0159\u00ed, a je zase sv\u011btlo.<\/p><br>\n\n\n\n<figure class=\"wp-block-image size-large\"><img loading=\"lazy\" decoding=\"async\" width=\"1024\" height=\"683\" src=\"https:\/\/www.mzone.cz\/wp-content\/uploads\/2019\/11\/ACAM0417-1024x683.jpg\" alt=\"\" class=\"wp-image-14343\" srcset=\"https:\/\/www.mzone.cz\/wp-content\/uploads\/2019\/11\/ACAM0417-1024x683.jpg 1024w, https:\/\/www.mzone.cz\/wp-content\/uploads\/2019\/11\/ACAM0417-300x200.jpg 300w, https:\/\/www.mzone.cz\/wp-content\/uploads\/2019\/11\/ACAM0417-768x512.jpg 768w, https:\/\/www.mzone.cz\/wp-content\/uploads\/2019\/11\/ACAM0417-1536x1024.jpg 1536w, https:\/\/www.mzone.cz\/wp-content\/uploads\/2019\/11\/ACAM0417-2048x1365.jpg 2048w, https:\/\/www.mzone.cz\/wp-content\/uploads\/2019\/11\/ACAM0417-800x533.jpg 800w, https:\/\/www.mzone.cz\/wp-content\/uploads\/2019\/11\/ACAM0417-400x267.jpg 400w, https:\/\/www.mzone.cz\/wp-content\/uploads\/2019\/11\/ACAM0417-500x333.jpg 500w, https:\/\/www.mzone.cz\/wp-content\/uploads\/2019\/11\/ACAM0417-1170x780.jpg 1170w, https:\/\/www.mzone.cz\/wp-content\/uploads\/2019\/11\/ACAM0417-590x393.jpg 590w\" sizes=\"auto, (max-width: 1024px) 100vw, 1024px\" \/><\/figure><br>\n\n\n\n<p>Zhlavn\u00ed cesty odbo\u010dujeme na Kirovsk, odkud je n\u00e1stup do poho\u0159\u00ed\u00a0Chibiny. M\u011bsto pojmenovali podle Sergeje Mironovi\u010de Kirova, jeho\u017e\u00a0vra\u017eda v roce 1934 v Rusku rozpoutala stalinistick\u00e9 \u010distky.<\/p>\n\n\n\n<blockquote class=\"wp-block-quote is-layout-flow wp-block-quote-is-layout-flow\"><p>N\u00e1lada ve\u00a0m\u011bst\u011b je ponur\u00e1 i dnes. Nad horami, co nejsou hory, ale v\u00fdsypky z t\u011b\u017eby apatitu, vis\u00ed mraky, kter\u00e9 pl\u00e1\u010dou nad zni\u010denou zem\u00ed.<\/p><\/blockquote>\n\n\n\n<p>Z jezera Bol\u0161oj\u00a0Vudjavr stoupaj\u00ed panel\u00e1ky snoub\u00edc\u00ed se s pr\u016fmyslov\u00fdmi budovami.\u00a0Zat\u00edmco hladinu jezera \u010de\u0159\u00ed proud tmav\u00e9 tekutiny pr\u00fd\u0161t\u00edc\u00ed z ob\u0159\u00ed roury,\u00a0p\u0159em\u00fd\u0161l\u00edme, koho m\u00e1 asi odradit cedule s p\u0159e\u0161krtnut\u00fdm plavcem. Na\u0161e\u00a0odhodl\u00e1n\u00ed vydat se do hor \u0159ed\u00ed i zji\u0161t\u011bn\u00ed, \u017ee kousek za m\u011bstem v letech\u00a01972 a\u017e 1984 prob\u00edhaly zku\u0161ebn\u00ed jadern\u00e9 v\u00fdbuchy za \u00fa\u010delem zefektivnit\u00a0t\u011b\u017ebu apatitu. D\u00e9\u0161\u0165 padaj\u00edc\u00ed na na\u0161e hlavy rozpou\u0161t\u00ed posledn\u00ed vyhl\u00eddky\u00a0na cestu do hloubi Chibin. Ot\u00e1\u010d\u00edme mercedesku a svi\u0161t\u00edme do\u00a0Murmanska.<\/p><br>\n\n\n\n<p>Zat\u00edmco Pa\u0159\u00ed\u017e m\u00e1 na turistick\u00fdch pr\u016fvodc\u00edch Eiffelovku, Notre-Dame\u00a0nebo Sacr\u00e9-C\u0153ur, Murmansk l\u00e1k\u00e1 na panel\u00e1ky. Nic jin\u00e9ho tady nen\u00ed.\u00a0Murmansk je nejv\u011bt\u0161\u00ed m\u011bsto za pol\u00e1rn\u00edm kruhem s v\u00edce jak t\u0159emi sty\u00a0tis\u00edci obyvateli. Od rozpadu Sov\u011btsk\u00e9ho svazu, ukon\u010den\u00ed v\u00fdhod\u00a0plynouc\u00edch z pl\u00e1nov\u00e1n\u00e9ho hospod\u00e1\u0159stv\u00ed a krachu centr\u00e1ln\u00edho vyt\u00e1p\u011bn\u00ed\u00a0se zdej\u0161\u00ed populace dlouhodob\u011b zten\u010duje a up\u0159\u00edmn\u011b se nen\u00ed \u010demu divit.\u00a0Pr\u016fm\u011brn\u00e1 ro\u010dn\u00ed teplota je jen desetinu stupn\u011b nad nulou. Chladn\u00e1 l\u00e9ta\u00a0st\u0159\u00edd\u00e1 relativn\u011b m\u00edrn\u00e1 zima s pr\u016fm\u011brnou teplotou m\u00ednus dev\u011bt. Oblast\u00a0zah\u0159\u00edv\u00e1 Golfsk\u00fd proud, d\u00edky n\u011bmu\u017e p\u0159\u00edstav nezamrz\u00e1.<\/p><br>\n\n\n\n<figure class=\"wp-block-image size-large\"><img loading=\"lazy\" decoding=\"async\" width=\"1024\" height=\"682\" src=\"https:\/\/www.mzone.cz\/wp-content\/uploads\/2019\/11\/ACAM1756-1024x682.jpg\" alt=\"\" class=\"wp-image-14345\" srcset=\"https:\/\/www.mzone.cz\/wp-content\/uploads\/2019\/11\/ACAM1756-1024x682.jpg 1024w, https:\/\/www.mzone.cz\/wp-content\/uploads\/2019\/11\/ACAM1756-300x200.jpg 300w, https:\/\/www.mzone.cz\/wp-content\/uploads\/2019\/11\/ACAM1756-768x512.jpg 768w, https:\/\/www.mzone.cz\/wp-content\/uploads\/2019\/11\/ACAM1756-1536x1024.jpg 1536w, https:\/\/www.mzone.cz\/wp-content\/uploads\/2019\/11\/ACAM1756-2048x1365.jpg 2048w, https:\/\/www.mzone.cz\/wp-content\/uploads\/2019\/11\/ACAM1756-800x533.jpg 800w, https:\/\/www.mzone.cz\/wp-content\/uploads\/2019\/11\/ACAM1756-400x267.jpg 400w, https:\/\/www.mzone.cz\/wp-content\/uploads\/2019\/11\/ACAM1756-500x333.jpg 500w, https:\/\/www.mzone.cz\/wp-content\/uploads\/2019\/11\/ACAM1756-1170x780.jpg 1170w, https:\/\/www.mzone.cz\/wp-content\/uploads\/2019\/11\/ACAM1756-590x393.jpg 590w\" sizes=\"auto, (max-width: 1024px) 100vw, 1024px\" \/><\/figure><br>\n\n\n\n<p>Z hory ho sleduj\u00ed\u00a0strnul\u00e9 o\u010di p\u011btat\u0159icetimetrov\u00e9ho voj\u00e1ka Aljo\u0161i vzty\u010den\u00e9ho na pam\u00e1tku\u00a0obr\u00e1nc\u016f m\u011bsta za velk\u00e9 ob\u010dansk\u00e9 v\u00e1lky. V p\u0159\u00edstavu je mo\u017en\u00e9 nav\u0161t\u00edvit\u00a0jadern\u00fd ledoborec Lenin, kter\u00fd krom\u011b \u00factyhodn\u00fdch schopnost\u00ed l\u00e1mat led,\u00a0proslul dv\u011bma hav\u00e1riemi spojen\u00fdmi s \u00fanikem radiaoaktivn\u00edch l\u00e1tek.<\/p><br>\n\n\n\n<p>Mobiln\u00ed aplikace n\u00e1m ukazuj\u00ed cestu mezi s\u00eddli\u0161ti a\u017e k hotelu Severn\u00ed\u00a0hv\u011bzda. Po dvou noc\u00edch v aut\u011b si na l\u016f\u017eku p\u0159ijdeme jak v Hiltonu.\u00a0R\u00e1no vyr\u00e1\u017e\u00edme po stop\u00e1ch m\u00edstn\u00edch biker\u016f. Google Maps n\u00e1s vedou do\u00a0bikeshopu a hned slav\u00edme \u00fasp\u011bch. Mlad\u00fd servisman \u017d\u00e9\u0148a Mamonov je\u00a0sjezda\u0159. \u201eDa, jezd\u00edme tu,\u201d \u0159\u00edk\u00e1. Trochu se styd\u00ed, ale je ochotn\u00fd n\u00e1m dal\u0161\u00ed\u00a0den uk\u00e1zat m\u00edstn\u00ed traily.<\/p><br>\n\n\n\n<div class=\"wp-block-image\"><figure class=\"alignleft size-large is-resized\"><img loading=\"lazy\" decoding=\"async\" src=\"https:\/\/www.mzone.cz\/wp-content\/uploads\/2019\/06\/DML_8964-1024x683.jpg\" alt=\"\" class=\"wp-image-10417\" width=\"125\" height=\"83\" srcset=\"https:\/\/www.mzone.cz\/wp-content\/uploads\/2019\/06\/DML_8964-1024x683.jpg 1024w, https:\/\/www.mzone.cz\/wp-content\/uploads\/2019\/06\/DML_8964-300x200.jpg 300w, https:\/\/www.mzone.cz\/wp-content\/uploads\/2019\/06\/DML_8964-768x512.jpg 768w, https:\/\/www.mzone.cz\/wp-content\/uploads\/2019\/06\/DML_8964-800x533.jpg 800w, https:\/\/www.mzone.cz\/wp-content\/uploads\/2019\/06\/DML_8964-400x267.jpg 400w, https:\/\/www.mzone.cz\/wp-content\/uploads\/2019\/06\/DML_8964-500x333.jpg 500w, https:\/\/www.mzone.cz\/wp-content\/uploads\/2019\/06\/DML_8964-1170x780.jpg 1170w, https:\/\/www.mzone.cz\/wp-content\/uploads\/2019\/06\/DML_8964-590x393.jpg 590w\" sizes=\"auto, (max-width: 125px) 100vw, 125px\" \/><\/figure><\/div>\n\n\n\n<h4><a href=\"https:\/\/www.mzone.cz\/richard-gaspi-gasperotti-vzdycky-jsem-se-chtel-kolem-hlavne-bavit\/\">Richard \u201cGaspi\u201d Gasperotti: V\u017edycky jsem se cht\u011bl kolem hlavn\u011b bavit<\/a><\/h4><br>\n\n\n\n<p>\u017d\u00e9\u0148u vyzved\u00e1v\u00e1me v osm ve\u010der po pr\u00e1ci.\u00a0Vyrazit na kopec ve\u010der nen\u00ed nic divn\u00e9ho, proto\u017ee slunce tady nezapad\u00e1.\u00a0S \u017denjov\u00fdmi kamar\u00e1dy Iljou, Sergejem a Nikitou jezd\u00edme na trailu Jews\u00a0a\u017e do p\u016flnoci. Mrhol\u00ed a fouk\u00e1. K romantick\u00e9 p\u0159edstav\u011b o pol\u00e1rn\u00edm l\u00e9tu to\u00a0m\u00e1 ale daleko, a tak obl\u00e9k\u00e1m kulicha, \u0161\u00e1lu a snowboardovou bundu.\u00a0Gaspi jezd\u00ed v zimn\u00edm oble\u010den\u00ed, ale m\u00edst\u0148\u00e1ci jsou drs\u0148\u00e1ci, postupn\u011b\u00a0odkl\u00e1daj\u00ed svr\u0161ky a jezd\u00ed bez rukavic.<\/p><br>\n\n\n\n<p>Maj\u00ed p\u011bkn\u00e9 biky z\u00e1padn\u00edch zna\u010dek\u00a0jako Specialized, Kona nebo GT, jen trochu star\u0161\u00ed modely s koly ji\u017e\u00a0neu\u017e\u00edvan\u00e9ho rozm\u011bru 26 palc\u016f.\u00a0Vzhledem k podm\u00ednk\u00e1m a ke skute\u010dnosti, \u017ee zdej\u0161\u00ed sez\u00f3na trv\u00e1 \u010dty\u0159i\u00a0m\u011bs\u00edce v roce, je v\u016fbec s podivem, \u017ee to nevzd\u00e1v\u00e1j\u00ed.<\/p>\n\n\n\n<blockquote class=\"wp-block-quote is-layout-flow wp-block-quote-is-layout-flow\"><p>Jsou nad\u0161en\u00ed\u00a0a sou\u010dasn\u011b trochu nech\u00e1pou, jak n\u011bkoho napadlo vydat se sem na kola\u00a0a\u017e z Evropy, kde je v\u011bt\u0161\u00ed teplo a m\u00e9n\u011b kom\u00e1r\u016f.<\/p><\/blockquote>\n\n\n\n<p>Vd\u011b\u010dn\u011b si od n\u00e1s berou\u00a0samolepky sponzor\u016f i plechovky redbull\u016f. \u201eDej je\u0161t\u011b jeden, pa\u017ealsta, tu\u00a0d\u00e1m br\u00e1chovi,\u201d \u0159\u00edk\u00e1 Ilja. Druh\u00fd den n\u00e1s se Sergejem bere na tra\u0165 Ogni,\u00a0kterou m\u00e1 na sv\u011bdom\u00ed biker a stavitel Dimitrij Kapitan\u010duk. Je hrav\u00e1,\u00a0nelehk\u00e1 a dob\u0159e promy\u0161len\u00e1. Po je\u017ed\u011bn\u00ed se trochu oklepeme a vyd\u00e1me\u00a0se za na\u0161\u00edm dal\u0161\u00edm c\u00edlem &#8211; Teriberkou u Barentsova mo\u0159e.<\/p><br>\n\n\n\n<h3 class=\"wp-block-heading\">Teplota bl\u00edzko nuly a sever\u00e1k<\/h3>\n\n\n\n<p>Te\u010f se bl\u00ed\u017e\u00edme k opravodov\u00e9mu severu. Slunce v\u017edy jen na chv\u00edli\u00a0klimbne, aby zas vysko\u010dilo a rozjelo svou sv\u011btelnou show. Kdy\u017e\u00a0nemus\u00edme, nevych\u00e1z\u00edme. Dve\u0159e od auta neotv\u00edr\u00e1me. Fouf\u00e1 a vzduchem se nese p\u0159eh\u00e1\u0148ka, kter\u00e1 si najde cestu v\u0161ude, tak\u017ee u\u017e ani nev\u00edte, jestli\u00a0bre\u010d\u00edte zimou nebo v\u00e1m jen po tv\u00e1\u0159i st\u00e9k\u00e1 d\u00e9\u0161\u0165. Silnice se d\u00e1vno\u00a0zm\u011bnila v \u0161otolinu, po kter\u00e9 let\u00edme jak po poli, zat\u00edmco n\u00e1m od kol\u00a0ost\u0159ikuje bl\u00e1tiv\u00e1 voda z kalu\u017e\u00ed.\u00a0Krajina, postr\u00e1daj\u00edc\u00ed stromy i ve\u0161ker\u00fd porost, kter\u00fd by se odv\u00e1\u017eil \u010delit\u00a0prudk\u00e9mu sever\u00e1ku, se barv\u00ed do odst\u00edn\u016f zelen\u00e9 a \u0161ediv\u00e9 podle mech\u016f a li\u0161ejn\u00edk\u016f obr\u016fstaj\u00edc\u00edch bludn\u00e9 kameny, zanechan\u00e9 zde starod\u00e1vnou\u00a0mur\u00e9nou po ledovci, kter\u00fd rozt\u00e1l po skon\u010den\u00ed posledn\u00ed doby ledov\u00e9. N\u00e1m,\u00a0rozmazlen\u00fdm frack\u016fm ze st\u0159edn\u00ed Evropy p\u0159esto p\u0159ipad\u00e1, jako kdyby tu\u00a0zimn\u00ed kr\u00e1lovna vl\u00e1dla d\u00e1l.<\/p><br>\n\n\n\n<figure class=\"wp-block-image size-large\"><img loading=\"lazy\" decoding=\"async\" width=\"1024\" height=\"683\" src=\"https:\/\/www.mzone.cz\/wp-content\/uploads\/2019\/11\/ACAM0679-1-1024x683.jpg\" alt=\"\" class=\"wp-image-14352\" srcset=\"https:\/\/www.mzone.cz\/wp-content\/uploads\/2019\/11\/ACAM0679-1-1024x683.jpg 1024w, https:\/\/www.mzone.cz\/wp-content\/uploads\/2019\/11\/ACAM0679-1-300x200.jpg 300w, https:\/\/www.mzone.cz\/wp-content\/uploads\/2019\/11\/ACAM0679-1-768x512.jpg 768w, https:\/\/www.mzone.cz\/wp-content\/uploads\/2019\/11\/ACAM0679-1-1536x1024.jpg 1536w, https:\/\/www.mzone.cz\/wp-content\/uploads\/2019\/11\/ACAM0679-1-2048x1366.jpg 2048w, https:\/\/www.mzone.cz\/wp-content\/uploads\/2019\/11\/ACAM0679-1-800x533.jpg 800w, https:\/\/www.mzone.cz\/wp-content\/uploads\/2019\/11\/ACAM0679-1-400x267.jpg 400w, https:\/\/www.mzone.cz\/wp-content\/uploads\/2019\/11\/ACAM0679-1-500x333.jpg 500w, https:\/\/www.mzone.cz\/wp-content\/uploads\/2019\/11\/ACAM0679-1-1170x780.jpg 1170w, https:\/\/www.mzone.cz\/wp-content\/uploads\/2019\/11\/ACAM0679-1-590x394.jpg 590w\" sizes=\"auto, (max-width: 1024px) 100vw, 1024px\" \/><\/figure><br>\n\n\n\n<p>Bez ohledu na to, \u017ee je \u010dervenec, teplom\u011br jen neochotn\u011b stoup\u00e1 nad bod mrazu.\u00a0\u017de jedeme spr\u00e1vn\u00fdm sm\u011brem, nazna\u010duje cedule s n\u00e1pisem Teriberka v\u00a0azbuce. Gaspi se fot\u00ed u n\u00ed, na\u0161e Vito s Gaspiho bikem na st\u0159e\u0161e si zas\u00a0fot\u00ed chl\u00e1pek z proj\u00ed\u017ed\u011bj\u00edc\u00edho gaziku. Ne, \u017ee by kolo nikdy nevid\u011bl, ale\u00a0nen\u00ed moc zvykem vyr\u00e1\u017eet s n\u00edm sem do zem\u011b vichru a skal.<\/p><br>\n\n\n\n<p>Kamenit\u00e1\u00a0cesta se m\u00edrn\u011b sva\u017euje a za dal\u0161\u00ed zat\u00e1\u010dkou u\u017e vid\u00edme mo\u0159e. Zat\u00edmco\u00a0ocelov\u00e1, vzdouvaj\u00edc\u00ed se masa \u00fato\u010d\u00ed na sk\u00e1ly u pob\u0159e\u017e\u00ed, Teriberka se kr\u010d\u00ed\u00a0v z\u00e1v\u011bt\u0159\u00ed a \u017eije sv\u00fdm vlastn\u00edm \u017eivotem. Ryb\u00e1\u0159sk\u00e9 m\u011bste\u010dko na b\u0159ehu Barentsova mo\u0159e proslavil film Leviatan,\u00a0kter\u00fd z\u00edskal ocen\u011bn\u00ed Zlat\u00fd Gl\u00f3bus.\u00a0Betonov\u00e9 s\u00eddli\u0161t\u011b, obl\u00e9 fjordy, rozpadaj\u00edc\u00ed se lod\u011b uv\u00edzl\u00e9 na m\u011bl\u010din\u011b,\u00a0domy bez oken a bur\u00e1cen\u00ed mo\u0159e tvo\u0159\u00ed dokonalou fimovou kulisu. Jen\u017ee\u00a0tohle nen\u00ed kulisa. Kdysi tu fungovaly dv\u011b norsk\u00e9 tov\u00e1rny na zpracov\u00e1n\u00ed\u00a0ryb. Sov\u011bti postavili \u0161koly, nemocnici, h\u0159i\u0161t\u011b, prodejny i \u00fa\u0159ady a z\u0159\u00eddili tu\u00a0chovnou stanici nork\u016f a sob\u016f. V rozkv\u011btu zde \u017eilo 5000 obyvatel, ale pak p\u0159i\u0161el \u00fapadek. V\u00fdkonn\u00e9 lod\u011b umo\u017enily lov i na oce\u00e1nu a pob\u0159e\u017en\u00ed\u00a0ryba\u0159en\u00ed skon\u010dilo. Sou\u010dasn\u00e9 m\u011bste\u010dko je ji\u017e jen smutnou vzpom\u00ednkou na za\u0161lou sl\u00e1vu, kterou hudebn\u011b doprov\u00e1z\u00ed meluz\u00edna proh\u00e1n\u011bj\u00edc\u00ed se v\u00a0polorozpadl\u00fdch staven\u00edch s vytlu\u010den\u00fdmi okny.<\/p>\n\n\n\n<blockquote class=\"wp-block-quote is-layout-flow wp-block-quote-is-layout-flow\"><p>V baru Normann se pt\u00e1me na k\u00e1vu, ale k\u00e1va nen\u00ed, proto\u017ee t\u0159et\u00ed den\u00a0v kuse nejde proud. Pivo taky nen\u00ed.<\/p><\/blockquote>\n\n\n\n<p>Gar\u00e1\u017e opod\u00e1l si za sv\u00e9 \u00fato\u010di\u0161t\u011b\u00a0vybrali mal\u00ed\u0159ky, kter\u00e9 za nostalgick\u00fdm kouzlem Teriberky p\u0159ilet\u011bly a\u017e z\u00a0Moskvy. V nepromokav\u00fdch bund\u00e1ch, \u010depic\u00edch a v holink\u00e1ch vyr\u00e1\u017eej\u00ed s\u00a0mal\u00ed\u0159sk\u00fdmi stojany na proch\u00e1zky a bez ohledu na ob\u010dasn\u00fd d\u00e9\u0161\u0165\u00a0zachycuj\u00ed na pl\u00e1tna temnou romantiku zdej\u0161\u00edch fjord\u016f.<\/p><br>\n\n\n\n<p>Gaspi vytahuje\u00a0sv\u00e9 freerideov\u00e9 kolo a vyd\u00e1v\u00e1 se na obhl\u00eddku okol\u00ed. Mnoho trail\u016f tu nen\u00ed\u00a0a ur\u010dit\u011b tu nikdo ne\u010dek\u00e1 na \u010dlov\u011bka, kter\u00fd by si cht\u011bl sklouznout z\u00a0n\u011bjak\u00e9ho kope\u010dku.<\/p><br>\n\n\n\n<p><strong>Na video z expedice ZAM 8 se m\u016f\u017eete pod\u00edvat zde:<\/strong><\/p>\n\n\n\n<figure class=\"wp-block-embed-youtube wp-block-embed is-type-video is-provider-youtube wp-embed-aspect-16-9 wp-has-aspect-ratio\"><div class=\"wp-block-embed__wrapper\">\n<iframe loading=\"lazy\" title=\"Adventure mountain biking on the Kola peninsula  ,zam8\" width=\"600\" height=\"338\" src=\"https:\/\/www.youtube.com\/embed\/c5qVT00OvsY?feature=oembed\" frameborder=\"0\" allow=\"accelerometer; autoplay; clipboard-write; encrypted-media; gyroscope; picture-in-picture; web-share\" referrerpolicy=\"strict-origin-when-cross-origin\" allowfullscreen><\/iframe>\n<\/div><\/figure><br>\n\n\n\n<p>O\u0161unt\u011bl\u00fd rozcestn\u00edk ukazuje cestu k vodop\u00e1du a k\u00a0d\u011blu, kter\u00e9 za druh\u00e9 sv\u011btov\u00e9 v\u00e1lky st\u0159e\u017eilo m\u00edstn\u00ed pob\u0159e\u017e\u00ed. Krou\u017e\u00edme\u00a0krajinou, ale v z\u00e1sad\u011b se to\u010d\u00edme kolem velk\u00e9ho, z\u0159ejm\u011b vojensk\u00e9ho\u00a0vys\u00edla\u010de.\u00a0Barentsovo mo\u0159e je rejdi\u0161t\u011bm rusk\u00fdch jadern\u00fdch ponorek, \u0159ada fjord\u016f\u00a0slou\u017e\u00ed jako jejich tajn\u00e1 kotvi\u0161t\u011b a do n\u011bkter\u00fdch oblast\u00ed je cizinc\u016fm vstup\u00a0p\u0159\u00edsn\u011b zapov\u011bzen. To ale nen\u00ed na\u0161e starost.<\/p><br>\n\n\n\n<p>Po odpoledni str\u00e1ven\u00e9m\u00a0pr\u016fzkumem se vrac\u00edme a nach\u00e1z\u00edme \u00fato\u010di\u0161t\u011b ve d\u0159ev\u011bn\u00e9m hotelu, kter\u00fd\u00a0pat\u0159\u00ed m\u00edstn\u00edmu kiterovi Alexu Glebovovi. U ve\u010de\u0159e n\u00e1m na Youtube\u00a0ukazuje z\u00e1b\u011bry z je\u017ed\u011bn\u00ed kolem zasn\u011b\u017een\u00fdch b\u0159eh\u016f &#8211; takhle to tu pr\u00fd\u00a0vypad\u00e1 na p\u0159elomu jara a l\u00e9ta.<\/p><br>\n\n\n\n<div class=\"wp-block-image\"><figure class=\"alignleft size-large is-resized\"><img loading=\"lazy\" decoding=\"async\" src=\"https:\/\/www.mzone.cz\/wp-content\/uploads\/2019\/03\/1-1024x683.jpg\" alt=\"\" class=\"wp-image-6724\" width=\"132\" height=\"87\" srcset=\"https:\/\/www.mzone.cz\/wp-content\/uploads\/2019\/03\/1-1024x683.jpg 1024w, https:\/\/www.mzone.cz\/wp-content\/uploads\/2019\/03\/1-300x200.jpg 300w, https:\/\/www.mzone.cz\/wp-content\/uploads\/2019\/03\/1-768x512.jpg 768w, https:\/\/www.mzone.cz\/wp-content\/uploads\/2019\/03\/1-800x533.jpg 800w, https:\/\/www.mzone.cz\/wp-content\/uploads\/2019\/03\/1-400x267.jpg 400w, https:\/\/www.mzone.cz\/wp-content\/uploads\/2019\/03\/1-500x333.jpg 500w, https:\/\/www.mzone.cz\/wp-content\/uploads\/2019\/03\/1-1170x780.jpg 1170w, https:\/\/www.mzone.cz\/wp-content\/uploads\/2019\/03\/1-590x393.jpg 590w\" sizes=\"auto, (max-width: 132px) 100vw, 132px\" \/><\/figure><\/div>\n\n\n\n<h4><a href=\"https:\/\/www.mzone.cz\/azory-zapomenuty-sopecny-raj-v-atlantickem-oceanu\/\">Azory: Zapomenut\u00fd sope\u010dn\u00fd r\u00e1j v Atlantick\u00e9m oce\u00e1nu<\/a><\/h4><br>\n\n\n\n<p>Probouz\u00edme se do de\u0161t\u011b. Z\u00e1soby nakupujeme v magaz\u00ednu, kde nab\u00edzej\u00ed\u00a0v\u00fdb\u011br lihovin a v\u0161echno je c\u00edtit rybinou. Po ryb\u00e1ch chutnaj\u00ed i jinak v\u00fdte\u010dn\u00e9 polom\u00e1\u010den\u00e9 su\u0161enky. Je mo\u017en\u00e9, \u017ee doma bychom pohrdli, ale tady miz\u00ed\u00a0jak \u010dokol\u00e1dov\u00e9 figurky z v\u00e1no\u010dn\u00edho strome\u010dku.<\/p>\n\n\n\n<blockquote class=\"wp-block-quote is-layout-flow wp-block-quote-is-layout-flow\"><p>Jestli v\u010dera pr\u0161elo,\u00a0dneska fakt leje. S v\u011bdom\u00edm, \u017ee nem\u00e1me zas tak moc \u010dasu a \u017ee to t\u0159eba bude ve filmu dob\u0159e vypadat, se s\u00e1peme na nejvy\u0161\u0161\u00ed kopec v okol\u00ed,\u00a0odkud je v\u00fdhled na cel\u00e9 pob\u0159e\u017e\u00ed.<\/p><\/blockquote>\n\n\n\n<p>Cel\u00fd svah je obrostl\u00fd v\u0159esem, v n\u011bm\u017e\u00a0se vine ne\u010dekan\u00fd trail o mnoha zat\u00e1\u010dk\u00e1ch, klesaj\u00edc\u00ed a\u017e k vod\u011b. Jsou\u00a0\u010dty\u0159i stupn\u011b, duje bo\u010d\u00e1k a pr\u0161\u00ed. I kdy\u017e to na fotk\u00e1ch nen\u00ed vid\u011bt, p\u0159ijdu si\u00a0jak p\u0159i focen\u00ed v akv\u00e1riu. Mysl\u00edm, \u017ee jsem nikdy v\u017eivot\u011b nevystavil sv\u00e9\u00a0Canony takov\u00e9mu ne\u010dasu, ale fo\u0165\u00e1ky funguj\u00ed bezvadn\u011b stejn\u011b jako\u00a0Gaspi, kter\u00fd si od doby, co p\u0159i\u0161el o slezinu i v\u011bt\u0161inu chrupavek\u00a0v kolenech, p\u0159estal st\u011b\u017eovat na nepohodl\u00ed.<\/p><br>\n\n\n\n<figure class=\"wp-block-image size-large\"><img loading=\"lazy\" decoding=\"async\" width=\"1024\" height=\"683\" src=\"https:\/\/www.mzone.cz\/wp-content\/uploads\/2019\/11\/ACAM0951-1024x683.jpg\" alt=\"\" class=\"wp-image-14358\" srcset=\"https:\/\/www.mzone.cz\/wp-content\/uploads\/2019\/11\/ACAM0951-1024x683.jpg 1024w, https:\/\/www.mzone.cz\/wp-content\/uploads\/2019\/11\/ACAM0951-300x200.jpg 300w, https:\/\/www.mzone.cz\/wp-content\/uploads\/2019\/11\/ACAM0951-768x512.jpg 768w, https:\/\/www.mzone.cz\/wp-content\/uploads\/2019\/11\/ACAM0951-1536x1024.jpg 1536w, https:\/\/www.mzone.cz\/wp-content\/uploads\/2019\/11\/ACAM0951-2048x1366.jpg 2048w, https:\/\/www.mzone.cz\/wp-content\/uploads\/2019\/11\/ACAM0951-800x533.jpg 800w, https:\/\/www.mzone.cz\/wp-content\/uploads\/2019\/11\/ACAM0951-400x267.jpg 400w, https:\/\/www.mzone.cz\/wp-content\/uploads\/2019\/11\/ACAM0951-500x333.jpg 500w, https:\/\/www.mzone.cz\/wp-content\/uploads\/2019\/11\/ACAM0951-1170x780.jpg 1170w, https:\/\/www.mzone.cz\/wp-content\/uploads\/2019\/11\/ACAM0951-590x394.jpg 590w\" sizes=\"auto, (max-width: 1024px) 100vw, 1024px\" \/><\/figure><br>\n\n\n\n<p>N\u011bkdo si mo\u017en\u00e1 \u0159ekne &#8211; st\u00e1lo v\u00e1m to za to? Jet t\u0159i tis\u00edce kilometr\u016f autem, abyste si sjeli jeden kopec ve vich\u0159ici, kdy\u017e v\u0161ude v \u010cesku i v okol\u00ed je\u00a0spousta super bike park\u016f a trail center? Kdyby \u0161lo jen o j\u00edzdu samotnou,\u00a0tak ur\u010dit\u011b ne. Ale ka\u017ed\u00e1 cesta, obzvl\u00e1\u0161\u0165 ta trnit\u00e1, je i cestou do sama\u00a0sebe, kdy m\u00e1 \u010dlov\u011bk p\u0159\u00edle\u017eitost pop\u0159em\u00fd\u0161let o v\u011bcech, na kter\u00e9 doma\u00a0nem\u00e1 \u010das. Tady na rusk\u00e9m severu maj\u00ed \u010dasu dost. Promo\u010den\u00ed na kost\u00a0zabal\u00edme v\u011bci a vyd\u00e1me se na jih sm\u011brem k B\u00edl\u00e9mu mo\u0159i.<\/p><br>\n\n\n\n<h3 class=\"wp-block-heading\">Ostr\u016fvky jsou jako planeta Zem\u011b z vesm\u00edru<\/h3>\n\n\n\n<p>\u201eNe Kandala\u0161ka, ale Kandalak\u0161a!\u201d opravuje n\u00e1s majitel bikov\u00e9ho\u00a0obchodu Nord Shop v rusk\u00e9 Kandalak\u0161e Alex Kolcov. Sed\u00edme u piva v\u00a0m\u00edstn\u00ed restauraci Grinvi\u010d, bl\u00ed\u017e\u00ed se p\u016flnoc a venku je je\u0161t\u011b sv\u011btlo. Tady na rusk\u00e9m severu je pol\u00e1rn\u00ed den a my si u\u017e\u00edv\u00e1me, \u017ee po t\u00fddnu kone\u010dn\u011b\u00a0p\u0159estalo lejt.<\/p><br>\n\n\n\n<p>Z Murmansku jsme sem dojeli po \u0161irok\u00e9, p\u0159ekvapiv\u011b kvalitn\u00ed silnici asi za t\u0159i hodiny. Jsme o dv\u011b st\u011b kilometr\u016f ji\u017en\u011bji ve m\u011bste\u010dku, na\u00a0jeho\u017e n\u00e1m\u011bst\u00ed se rozpad\u00e1 hotel Belomore a na podstavci stoj\u00ed v\u00e1le\u010dn\u00fd\u00a0tank T-34. Zima trochu polevila, ale sp\u00ed\u0161 ne\u017e zm\u011bna klimatu za to m\u016f\u017ee tepl\u00e1\u00a0fronta, kter\u00e1 s sebou p\u0159inesla polojasno a teploty nad deset stup\u0148\u016f.<\/p>\n\n\n\n<blockquote class=\"wp-block-quote is-layout-flow wp-block-quote-is-layout-flow\"><p>S\u00a0bezv\u011bt\u0159\u00edm a snesiteln\u011bj\u0161\u00ed teplotou ale ude\u0159il nov\u00fd nep\u0159\u00edtel: kom\u00e1r. Kdekoli\u00a0zastav\u00edte a otev\u0159ete dve\u0159e, vrhnou se na v\u00e1s cel\u00e1 hejna. Na to, abychom to zjistili, n\u00e1m sta\u010dila cesta z Murmansku.<\/p><\/blockquote>\n\n\n\n<p>Te\u010f si u\u017e\u00edv\u00e1me to\u010den\u00e9 pivo\u00a0Carlsberg a vynikaj\u00edc\u00edho lososa. \u201eDa da, ten je od n\u00e1s s murmansk\u00e9\u00a0oblasti,\u201d p\u0159itak\u00e1v\u00e1 serv\u00edrka. Alex vyzv\u00edd\u00e1, co v\u0161echno jsme za\u017eili, kde\u00a0jsme jezdili a od koho jsme dostali doporu\u010den\u00ed. \u010c\u00edslo n\u00e1m dal \u017denja z\u00a0cyklo obchodu v Murmansku a dal\u0161\u00ed domluva u\u017e byla rychl\u00e1 d\u00edky aplikaci WhatsApp, kterou v Rusku jedou snad \u00fapln\u011b v\u0161ichni. \u201eTaky tu m\u00e1me fajn traily,\u201d vysv\u011btluje Alex a sna\u017e\u00ed se n\u00e1s p\u0159emluvit,\u00a0abychom z\u00edtra r\u00e1no vyrazili o n\u011bco pozd\u011bji, proto\u017ee se pot\u0159ebuje trochu\u00a0vyspat. M\u00e1 asi metr \u0161edes\u00e1t, ale je to \u0159\u00edzek. Popisuje r\u016fzn\u00e1 zran\u011bn\u00ed,\u00a0kter\u00e1 si zp\u016fsobil na kole, a ukazuje jizvu na \u010dele p\u0159ipom\u00ednaj\u00edc\u00ed\u00a0nepoveden\u00fd pokus o skalp.<\/p>\n\n\n\n<blockquote class=\"wp-block-quote is-layout-flow wp-block-quote-is-layout-flow\"><p>\u201eJsem takhle \u010dekal na kamar\u00e1da a nudil\u00a0jsem se,\u201d \u0159\u00edk\u00e1. \u201eTak jsem si vyjel na panely a sko\u010dil. A takhle asi dvakr\u00e1t\u00a0a p\u0159i t\u0159et\u00edm pokusu jsem si zapomn\u011bl p\u0159e\u0159adit a p\u0159epadl jsem z panel\u016f\u00a0rovnou na hlavu,\u201d sm\u011bje se a v \u0159ad\u011b zub\u016f se mu leskne jeden zlat\u00fd.<\/p><\/blockquote>\n\n\n\n<p>\u201eNo a\u00a0tak se zvednu a najednou k\u00e1p, k\u00e1p, k\u00e1p, z hlavy mi nejd\u0159\u00edv te\u010de krev a\u00a0pak je to najednou proud, a pak je u m\u011b k\u00e1mo\u0161, co kdy\u017e m\u011b vid\u00ed, tak\u00a0zbledne a hod\u00ed \u0161avli. A najednou vid\u00edm, \u017ee mi p\u0159es oko vis\u00ed c\u00e1r k\u016f\u017ee\u00a0odchl\u00edpnut\u00fd z lebky jako ps\u00ed ucho, haha, ch\u00e1pete, haha!\u201d \u0159e\u017ee se Alex a\u00a0popisuje, jak si ps\u00ed ucho p\u0159ipleskl na lebku a jel si ho nechat p\u0159i\u0161\u00edt do\u00a0nemocnice.<\/p><br>\n\n\n\n<figure class=\"wp-block-image size-large\"><img loading=\"lazy\" decoding=\"async\" width=\"1024\" height=\"683\" src=\"https:\/\/www.mzone.cz\/wp-content\/uploads\/2019\/11\/FM7B2171-1024x683.jpg\" alt=\"\" class=\"wp-image-14361\" srcset=\"https:\/\/www.mzone.cz\/wp-content\/uploads\/2019\/11\/FM7B2171-1024x683.jpg 1024w, https:\/\/www.mzone.cz\/wp-content\/uploads\/2019\/11\/FM7B2171-300x200.jpg 300w, https:\/\/www.mzone.cz\/wp-content\/uploads\/2019\/11\/FM7B2171-768x512.jpg 768w, https:\/\/www.mzone.cz\/wp-content\/uploads\/2019\/11\/FM7B2171-1536x1024.jpg 1536w, https:\/\/www.mzone.cz\/wp-content\/uploads\/2019\/11\/FM7B2171-2048x1365.jpg 2048w, https:\/\/www.mzone.cz\/wp-content\/uploads\/2019\/11\/FM7B2171-800x533.jpg 800w, https:\/\/www.mzone.cz\/wp-content\/uploads\/2019\/11\/FM7B2171-400x267.jpg 400w, https:\/\/www.mzone.cz\/wp-content\/uploads\/2019\/11\/FM7B2171-500x333.jpg 500w, https:\/\/www.mzone.cz\/wp-content\/uploads\/2019\/11\/FM7B2171-1170x780.jpg 1170w, https:\/\/www.mzone.cz\/wp-content\/uploads\/2019\/11\/FM7B2171-590x393.jpg 590w\" sizes=\"auto, (max-width: 1024px) 100vw, 1024px\" \/><\/figure><br>\n\n\n\n<p>Trochu p\u0159ekvapiv\u011b n\u00e1s nevyb\u00edz\u00ed k \u017e\u00e1dn\u00e9 pan\u00e1kov\u00e9 smr\u0161ti,\u00a0tak\u017ee jdeme sp\u00e1t jako lidi po t\u0159ech pivech. Nocujeme na dvou paland\u00e1ch v nocleh\u00e1rn\u011b bez oken, kde je tma jak v\u00a0ponorce, tak\u017ee r\u00e1no vstaneme tak akor\u00e1t, abychom stihli vaj\u00ed\u010dka s\u00a0koprem, kter\u00fd tady cpou \u00fapln\u011b do v\u0161eho, ale kupodivu to ani nevad\u00ed, a\u00a0se sladk\u00fdmi blin\u010diky neboli pala\u010dinkami. Ty jsou delik\u00e1tn\u00ed a jdou na\u00a0dra\u010dku.<\/p><br>\n\n\n\n<p>Po sn\u00eddani vdechneme red bull kolu, nab\u00eddneme i Alexovi, a\u00a0vyr\u00e1\u017e\u00edme na kopec. Auto nech\u00e1v\u00e1me na parkovi\u0161ti u snowparku s ob\u0159\u00edmi raily, vlnami a dal\u0161\u00edmi p\u0159ek\u00e1\u017ekami, o kter\u00e9 se star\u00e1 spr\u00e1vce Ivan. Pod\u00a0kopcem m\u00e1 velkou da\u010du se saunou, kam n\u00e1s zve. M\u011b\u0159\u00ed snad t\u0159i metry,\u00a0ruce m\u00e1 jak lopaty a vypad\u00e1 p\u0159esn\u011b tak, jak si p\u0159edstav\u00edte rusk\u00e9ho\u00a0voj\u00e1ka, kter\u00fd p\u016fjde vp\u0159ed i po tom, co do n\u011bj eses\u00e1ci vysypali z\u00e1sobn\u00edk\u00a0MG44. P\u0159i pohledu na n\u011bj ch\u00e1peme, pro\u010d maj\u00ed p\u0159ek\u00e1\u017eky ve snowparku\u00a0nadlidsk\u00e9 rozm\u011bry.<\/p><br>\n\n\n\n<div class=\"wp-block-image\"><figure class=\"alignleft size-large is-resized\"><img loading=\"lazy\" decoding=\"async\" src=\"https:\/\/www.mzone.cz\/wp-content\/uploads\/2019\/09\/Vuelta-1024x683.png\" alt=\"\" class=\"wp-image-12811\" width=\"129\" height=\"85\" srcset=\"https:\/\/www.mzone.cz\/wp-content\/uploads\/2019\/09\/Vuelta-1024x683.png 1024w, https:\/\/www.mzone.cz\/wp-content\/uploads\/2019\/09\/Vuelta-300x200.png 300w, https:\/\/www.mzone.cz\/wp-content\/uploads\/2019\/09\/Vuelta-768x512.png 768w, https:\/\/www.mzone.cz\/wp-content\/uploads\/2019\/09\/Vuelta-800x533.png 800w, https:\/\/www.mzone.cz\/wp-content\/uploads\/2019\/09\/Vuelta-400x267.png 400w, https:\/\/www.mzone.cz\/wp-content\/uploads\/2019\/09\/Vuelta-500x333.png 500w, https:\/\/www.mzone.cz\/wp-content\/uploads\/2019\/09\/Vuelta-1170x780.png 1170w, https:\/\/www.mzone.cz\/wp-content\/uploads\/2019\/09\/Vuelta-590x393.png 590w, https:\/\/www.mzone.cz\/wp-content\/uploads\/2019\/09\/Vuelta.png 1366w\" sizes=\"auto, (max-width: 129px) 100vw, 129px\" \/><\/figure><\/div>\n\n\n\n<h4><a href=\"https:\/\/www.mzone.cz\/cykliste-na-vuelte-odhalili-pestirnu-marihuany-pomohla-helikoptera\/\">Cyklist\u00e9 na Vuelt\u011b odhalili p\u011bst\u00edrnu marihuany! Pomohla helikopt\u00e9ra<\/a><\/h4><br>\n\n\n\n<p>Lou\u010d\u00edme se s Ivanem a stoup\u00e1me po trailu. Alex a jeho dva ti\u0161\u00ed p\u0159\u00e1tele se neust\u00e1le zastavuj\u00ed a po\u0159\u00e1d se n\u011b\u010d\u00edm\u00a0patlaj\u00ed. \u201eDejte si taky, nebo v\u00e1s se\u017eerou,\u201d nab\u00edzej\u00ed. Smrd\u00ed to jak petrolej,\u00a0ale odpudiv\u00e9 je to i pro kom\u00e1ry, a tak m\u00e1me aspo\u0148 na chv\u00edli klid.<\/p><br>\n\n\n\n<figure class=\"wp-block-image size-large\"><img loading=\"lazy\" decoding=\"async\" width=\"1024\" height=\"683\" src=\"https:\/\/www.mzone.cz\/wp-content\/uploads\/2019\/11\/FM7B2196-1024x683.jpg\" alt=\"\" class=\"wp-image-14365\" srcset=\"https:\/\/www.mzone.cz\/wp-content\/uploads\/2019\/11\/FM7B2196-1024x683.jpg 1024w, https:\/\/www.mzone.cz\/wp-content\/uploads\/2019\/11\/FM7B2196-300x200.jpg 300w, https:\/\/www.mzone.cz\/wp-content\/uploads\/2019\/11\/FM7B2196-768x512.jpg 768w, https:\/\/www.mzone.cz\/wp-content\/uploads\/2019\/11\/FM7B2196-1536x1024.jpg 1536w, https:\/\/www.mzone.cz\/wp-content\/uploads\/2019\/11\/FM7B2196-2048x1365.jpg 2048w, https:\/\/www.mzone.cz\/wp-content\/uploads\/2019\/11\/FM7B2196-800x533.jpg 800w, https:\/\/www.mzone.cz\/wp-content\/uploads\/2019\/11\/FM7B2196-400x267.jpg 400w, https:\/\/www.mzone.cz\/wp-content\/uploads\/2019\/11\/FM7B2196-500x333.jpg 500w, https:\/\/www.mzone.cz\/wp-content\/uploads\/2019\/11\/FM7B2196-1170x780.jpg 1170w, https:\/\/www.mzone.cz\/wp-content\/uploads\/2019\/11\/FM7B2196-590x393.jpg 590w\" sizes=\"auto, (max-width: 1024px) 100vw, 1024px\" \/><\/figure><br>\n\n\n\n<p>\u0160lapeme do kopce p\u0159es spletit\u00e9 ko\u0159eny. Kolem n\u00e1s se zvedaj\u00ed obl\u00e9 sk\u00e1ly porostl\u00e9 jen zakrsl\u00fdmi borovicemi a v\u0159esem. Asi za p\u016fl hodiny\u00a0dos\u00e1hneme prvn\u00edho z\u00e1chytn\u00e9ho c\u00edle, kter\u00fdm je mal\u00fd modern\u00ed domek s\u00a0n\u00e1zvem Dobl Dom. Ve dvou kusech ho sem snesli za pomoci vrtuln\u00edku a smontovali pro n\u00e1ro\u010dn\u00e9 turisty. Je o n\u011bj z\u00e1jem a v zim\u011b skoro\u00a0nese\u017eenete term\u00edn. T\u011b\u017eko se pr\u00fd najde vhodn\u011bj\u0161\u00ed a romanti\u010dt\u011bj\u0161\u00ed m\u00edsto\u00a0pro sledov\u00e1n\u00ed pol\u00e1rn\u00ed z\u00e1\u0159e. Odsud se s\u00e1peme na \u00fapln\u00fd vrchol. Jakmile se p\u0159ehoupneme za h\u0159eben, otev\u0159e se p\u0159ed n\u00e1mi v\u00fdhled na B\u00edl\u00e9\u00a0mo\u0159e se stovkami miniauturn\u00edch ostr\u016fvk\u016f.<\/p>\n\n\n\n<blockquote class=\"wp-block-quote is-layout-flow wp-block-quote-is-layout-flow\"><p>Panorama p\u0159ipom\u00edn\u00e1\u00a0kontinenty z fotek planety Zem\u011b po\u0159\u00edzen\u00fdch z vesm\u00edru. M\u00e1me dojem, \u017ee\u00a0stoj\u00edme nad cel\u00fdm sv\u011btem, kter\u00fd n\u00e1m te\u010f le\u017e\u00ed u nohou.<\/p><\/blockquote>\n\n\n\n<p>Trail vedouc\u00ed z\u00a0vrcholu je nejd\u0159\u00edv m\u00edrn\u00fd, ale postupn\u011b p\u0159ech\u00e1z\u00ed v docela technick\u00fd,\u00a0vedouc\u00ed p\u0159es sk\u00e1ly a balvany, kdy je nutn\u00e9 pe\u010dliv\u011b volit spr\u00e1vnou stopu.\u00a0Alex si p\u0159i jednom zav\u00e1h\u00e1n\u00ed vraz\u00ed ped\u00e1l do holen\u011b. Kulh\u00e1 a z r\u00e1ny mu\u00a0te\u010de krev, kterou sb\u00edr\u00e1 do obvazu. M\u00edst\u0148\u00e1ci n\u00e1s po dojezdu berou je\u0161t\u011b\u00a0na dal\u0161\u00ed trail od vys\u00edla\u010de. Na p\u00e1r m\u00edstech je vylep\u0161en\u00fd skoky, ale\u00a0postr\u00e1d\u00e1 romantiku toho rann\u00edho.<\/p><br>\n\n\n\n<figure class=\"wp-block-image size-large\"><img loading=\"lazy\" decoding=\"async\" width=\"1024\" height=\"683\" src=\"https:\/\/www.mzone.cz\/wp-content\/uploads\/2019\/11\/ACAM2280-1024x683.jpg\" alt=\"\" class=\"wp-image-14367\" srcset=\"https:\/\/www.mzone.cz\/wp-content\/uploads\/2019\/11\/ACAM2280-1024x683.jpg 1024w, https:\/\/www.mzone.cz\/wp-content\/uploads\/2019\/11\/ACAM2280-300x200.jpg 300w, https:\/\/www.mzone.cz\/wp-content\/uploads\/2019\/11\/ACAM2280-768x512.jpg 768w, https:\/\/www.mzone.cz\/wp-content\/uploads\/2019\/11\/ACAM2280-1536x1024.jpg 1536w, https:\/\/www.mzone.cz\/wp-content\/uploads\/2019\/11\/ACAM2280-2048x1365.jpg 2048w, https:\/\/www.mzone.cz\/wp-content\/uploads\/2019\/11\/ACAM2280-800x533.jpg 800w, https:\/\/www.mzone.cz\/wp-content\/uploads\/2019\/11\/ACAM2280-400x267.jpg 400w, https:\/\/www.mzone.cz\/wp-content\/uploads\/2019\/11\/ACAM2280-500x333.jpg 500w, https:\/\/www.mzone.cz\/wp-content\/uploads\/2019\/11\/ACAM2280-1170x780.jpg 1170w, https:\/\/www.mzone.cz\/wp-content\/uploads\/2019\/11\/ACAM2280-590x393.jpg 590w\" sizes=\"auto, (max-width: 1024px) 100vw, 1024px\" \/><\/figure><br>\n\n\n\n<p>Dal\u0161\u00ed den n\u00e1s \u010dek\u00e1 ryba\u0159en\u00ed. Na pytl\u00e1ka Aljo\u0161u \u010dek\u00e1me p\u0159\u00edmo p\u0159ed\u00a0bar\u00e1kem. Do na\u0161eho auta si postupn\u011b st\u011bhuje neopr\u00e9n, br\u00fdle, harpuny\u00a0a dal\u0161\u00ed n\u00e1\u010din\u00ed. M\u00ed\u0159\u00edme do m\u00edst, kde \u0159eka Kolvica \u00fast\u00ed do B\u00edl\u00e9ho mo\u0159e.\u00a0Drav\u00e9 ryby pr\u00fd berou nejv\u00edc za p\u0159\u00edlivu, kdy se obr\u00e1t\u00ed proud \u0159eky a zaplav\u00ed \u0161irok\u00e9 m\u011bl\u010diny.<\/p><br>\n\n\n\n<p>Zat\u00edmco my s Gaspim stoj\u00edme na b\u0159ehu a lov\u00edme na\u00a0udi\u010dku, m\u00edstn\u00ed ryb\u00e1\u0159i chod\u00ed \u0159ekou ve vysok\u00fdch holin\u00e1ch a hledaj\u00ed sv\u00e1\u00a0osv\u011bd\u010den\u00e1 m\u00edsta. Pytl\u00e1k Alex pracuje ti\u0161e a rychle. Pohybuje se jako\u00a0Glum. Sledujeme ho, jak b\u011b\u017e\u00ed proti proudu, za mostem sko\u010d\u00ed do vody a\u00a0nech\u00e1 se un\u00e1\u0161et vodou. Z \u0159eky tah\u00e1 rybu za rybou a nen\u00ed spokojen\u00fd,\u00a0dokud nenapln\u00ed cel\u00fd pytel.<\/p>\n\n\n\n<blockquote class=\"wp-block-quote is-layout-flow wp-block-quote-is-layout-flow\"><p>\u201eA vy tu sm\u00edte lovit harpunou?\u201d pt\u00e1me se?\u00a0Aljo\u0161a \u0159\u00edk\u00e1, \u017ee ne a pros\u00ed n\u00e1s, a\u0165 v p\u0159\u00edb\u011bhu nezmi\u0148ujeme jeho\u00a0skute\u010dn\u00e9 jm\u00e9no.<\/p><\/blockquote>\n\n\n\n<p>Vysad\u00edme ho p\u0159ed domem a na cestu dostaneme sklenici jiker na chleba. P\u0159ich\u00e1z\u00ed posledn\u00ed odpoledne na kopci. B\u00edl\u00e9 mo\u0159e s n\u00edzk\u00fdm sluncem\u00a0p\u016fsob\u00ed jak z poh\u00e1dky. Lou\u010d\u00edme se s rusk\u00fdm severem. D\u00edv\u00e1me se do\u00a0d\u00e1lky, zhruba do m\u00edst, kde t\u0159i dny po na\u0161em odjezdu vybouchne jadern\u00e1\u00a0raketa. Uvoln\u011bnou radiaci nam\u011b\u0159\u00ed a\u017e v Norsku. To u\u017e jsme ale d\u00e1vno na\u00a0cest\u011b do Prahy.<\/p><br>","protected":false},"excerpt":{"rendered":"<p>ZAM je projekt \u010desk\u00e9ho cyklisty Richarda \u201eGaspi\u201d Gasperottiho, kter\u00fd hled\u00e1 bikov\u00e9 komunity na exotick\u00fdch m\u00edstech po cel\u00e9m sv\u011bt\u011b. Po Mongolsku, \u00c1zerb\u00e1jd\u017e\u00e1nu, Tchaj-wanu \u010di Nov\u00e9m Mexiku se letos vydal na rusk\u00fd poloostrov Kola vysoko za pol\u00e1rn\u00edm kruhem. Na\u0161el, co hledal? N\u011bkter\u00e9 v\u011bci se zdaj\u00ed dlouh\u00e9. T\u0159eba cesta do Brna. Nebo do Polska.\u00a0Tohle bylo do Polska, do [&hellip;]<\/p>\n","protected":false},"author":4,"featured_media":14342,"comment_status":"open","ping_status":"closed","sticky":false,"template":"","format":"standard","meta":{"kk_blocks_editor_width":"","_kiokenblocks_attr":"","_kiokenblocks_dimensions":"","footnotes":""},"categories":[854,80],"tags":[18,512,1950,2983,471,2428,2430,2431,2427,2429,2984,2985,2432,926,42,2981,2982],"class_list":["post-14316","post","type-post","status-publish","format-standard","has-post-thumbnail","hentry","category-cestovani","category-sport","tag-adrenalin","tag-cestovani","tag-cyklistika","tag-dobrodruzstvi","tag-extremni-sporty","tag-freeride","tag-gaspi","tag-horska-kola","tag-mountainbiking","tag-mtb","tag-murmansk","tag-polarni-kruh","tag-richard-gasperotti","tag-rusko","tag-sport","tag-zam","tag-zam-8"],"yoast_head":"<!-- This site is optimized with the Yoast SEO plugin v27.5 - https:\/\/yoast.com\/product\/yoast-seo-wordpress\/ -->\n<title>Z den\u00edku Richarda &quot;Gaspi&quot; Gasperottiho: ZAM 8 aneb bikov\u00e1n\u00ed v Murmansku za pol\u00e1rn\u00edm kruhem - Mzone<\/title>\n<meta name=\"description\" content=\"ZAM je projekt \u010desk\u00e9ho cyklisty Richarda \u201eGaspi\u201d Gasperottiho, kter\u00fd hled\u00e1 bikov\u00e9 komunity na exotick\u00fdch m\u00edstech po cel\u00e9m sv\u011bt\u011b. Po Mongolsku, \u00c1zerb\u00e1jd\u017e\u00e1nu, Tchaj-wanu \u010di Nov\u00e9m Mexiku se letos vydal na rusk\u00fd poloostrov Kola vysoko za pol\u00e1rn\u00edm kruhem. Na\u0161el, co hledal?\" \/>\n<meta name=\"robots\" content=\"index, follow, max-snippet:-1, max-image-preview:large, max-video-preview:-1\" \/>\n<link rel=\"canonical\" href=\"https:\/\/www.mzone.cz\/en\/z-deniku-richarda-gaspi-gasperottiho-zam-8-aneb-bikovani-v-murmansku-za-polarnim-kruhem\/\" \/>\n<meta property=\"og:locale\" content=\"en_US\" \/>\n<meta property=\"og:type\" content=\"article\" \/>\n<meta property=\"og:title\" content=\"Z den\u00edku Richarda &quot;Gaspi&quot; Gasperottiho: ZAM 8 aneb bikov\u00e1n\u00ed v Murmansku za pol\u00e1rn\u00edm kruhem - Mzone\" \/>\n<meta property=\"og:description\" content=\"ZAM je projekt \u010desk\u00e9ho cyklisty Richarda \u201eGaspi\u201d Gasperottiho, kter\u00fd hled\u00e1 bikov\u00e9 komunity na exotick\u00fdch m\u00edstech po cel\u00e9m sv\u011bt\u011b. Po Mongolsku, \u00c1zerb\u00e1jd\u017e\u00e1nu, Tchaj-wanu \u010di Nov\u00e9m Mexiku se letos vydal na rusk\u00fd poloostrov Kola vysoko za pol\u00e1rn\u00edm kruhem. Na\u0161el, co hledal?\" \/>\n<meta property=\"og:url\" content=\"https:\/\/www.mzone.cz\/en\/z-deniku-richarda-gaspi-gasperottiho-zam-8-aneb-bikovani-v-murmansku-za-polarnim-kruhem\/\" \/>\n<meta property=\"og:site_name\" content=\"Mzone\" \/>\n<meta property=\"article:publisher\" content=\"https:\/\/www.facebook.com\/MzoneCZ\/\" \/>\n<meta property=\"article:published_time\" content=\"2019-11-28T04:00:00+00:00\" \/>\n<meta property=\"og:image\" content=\"https:\/\/www.mzone.cz\/wp-content\/uploads\/2019\/11\/Gaspi-ZAM-8.jpg\" \/>\n\t<meta property=\"og:image:width\" content=\"2189\" \/>\n\t<meta property=\"og:image:height\" content=\"1459\" \/>\n\t<meta property=\"og:image:type\" content=\"image\/jpeg\" \/>\n<meta name=\"author\" content=\"Mzone\" \/>\n<meta name=\"twitter:card\" content=\"summary_large_image\" \/>\n<meta name=\"twitter:label1\" content=\"Written by\" \/>\n\t<meta name=\"twitter:data1\" content=\"Mzone\" \/>\n\t<meta name=\"twitter:label2\" content=\"Est. reading time\" \/>\n\t<meta name=\"twitter:data2\" content=\"16 minutes\" \/>\n<script type=\"application\/ld+json\" class=\"yoast-schema-graph\">{\"@context\":\"https:\\\/\\\/schema.org\",\"@graph\":[{\"@type\":\"Article\",\"@id\":\"https:\\\/\\\/www.mzone.cz\\\/z-deniku-richarda-gaspi-gasperottiho-zam-8-aneb-bikovani-v-murmansku-za-polarnim-kruhem\\\/#article\",\"isPartOf\":{\"@id\":\"https:\\\/\\\/www.mzone.cz\\\/z-deniku-richarda-gaspi-gasperottiho-zam-8-aneb-bikovani-v-murmansku-za-polarnim-kruhem\\\/\"},\"author\":{\"name\":\"Mzone\",\"@id\":\"https:\\\/\\\/www.mzone.cz\\\/#\\\/schema\\\/person\\\/9bc20cc422a99cac4af6ff9297da32d4\"},\"headline\":\"Z den\u00edku Richarda &#8220;Gaspi&#8221; Gasperottiho: ZAM 8 aneb bikov\u00e1n\u00ed v Murmansku za pol\u00e1rn\u00edm kruhem\",\"datePublished\":\"2019-11-28T04:00:00+00:00\",\"mainEntityOfPage\":{\"@id\":\"https:\\\/\\\/www.mzone.cz\\\/z-deniku-richarda-gaspi-gasperottiho-zam-8-aneb-bikovani-v-murmansku-za-polarnim-kruhem\\\/\"},\"wordCount\":3313,\"commentCount\":0,\"image\":{\"@id\":\"https:\\\/\\\/www.mzone.cz\\\/z-deniku-richarda-gaspi-gasperottiho-zam-8-aneb-bikovani-v-murmansku-za-polarnim-kruhem\\\/#primaryimage\"},\"thumbnailUrl\":\"https:\\\/\\\/www.mzone.cz\\\/wp-content\\\/uploads\\\/2019\\\/11\\\/Gaspi-ZAM-8.jpg\",\"keywords\":[\"Adrenalin\",\"cestov\u00e1n\u00ed\",\"cyklistika\",\"dobrodru\u017estv\u00ed\",\"extr\u00e9mn\u00ed sporty\",\"freeride\",\"Gaspi\",\"horsk\u00e1 kola\",\"mountainbiking\",\"MTB\",\"Murmansk\",\"pol\u00e1rn\u00ed kruh\",\"Richard Gasperotti\",\"Rusko\",\"Sport\",\"ZAM\",\"ZAM 8\"],\"articleSection\":[\"Cestov\u00e1n\u00ed\",\"Sport\"],\"inLanguage\":\"en-US\",\"potentialAction\":[{\"@type\":\"CommentAction\",\"name\":\"Comment\",\"target\":[\"https:\\\/\\\/www.mzone.cz\\\/z-deniku-richarda-gaspi-gasperottiho-zam-8-aneb-bikovani-v-murmansku-za-polarnim-kruhem\\\/#respond\"]}]},{\"@type\":\"WebPage\",\"@id\":\"https:\\\/\\\/www.mzone.cz\\\/z-deniku-richarda-gaspi-gasperottiho-zam-8-aneb-bikovani-v-murmansku-za-polarnim-kruhem\\\/\",\"url\":\"https:\\\/\\\/www.mzone.cz\\\/z-deniku-richarda-gaspi-gasperottiho-zam-8-aneb-bikovani-v-murmansku-za-polarnim-kruhem\\\/\",\"name\":\"Z den\u00edku Richarda \\\"Gaspi\\\" Gasperottiho: ZAM 8 aneb bikov\u00e1n\u00ed v Murmansku za pol\u00e1rn\u00edm kruhem - Mzone\",\"isPartOf\":{\"@id\":\"https:\\\/\\\/www.mzone.cz\\\/#website\"},\"primaryImageOfPage\":{\"@id\":\"https:\\\/\\\/www.mzone.cz\\\/z-deniku-richarda-gaspi-gasperottiho-zam-8-aneb-bikovani-v-murmansku-za-polarnim-kruhem\\\/#primaryimage\"},\"image\":{\"@id\":\"https:\\\/\\\/www.mzone.cz\\\/z-deniku-richarda-gaspi-gasperottiho-zam-8-aneb-bikovani-v-murmansku-za-polarnim-kruhem\\\/#primaryimage\"},\"thumbnailUrl\":\"https:\\\/\\\/www.mzone.cz\\\/wp-content\\\/uploads\\\/2019\\\/11\\\/Gaspi-ZAM-8.jpg\",\"datePublished\":\"2019-11-28T04:00:00+00:00\",\"author\":{\"@id\":\"https:\\\/\\\/www.mzone.cz\\\/#\\\/schema\\\/person\\\/9bc20cc422a99cac4af6ff9297da32d4\"},\"description\":\"ZAM je projekt \u010desk\u00e9ho cyklisty Richarda \u201eGaspi\u201d Gasperottiho, kter\u00fd hled\u00e1 bikov\u00e9 komunity na exotick\u00fdch m\u00edstech po cel\u00e9m sv\u011bt\u011b. Po Mongolsku, \u00c1zerb\u00e1jd\u017e\u00e1nu, Tchaj-wanu \u010di Nov\u00e9m Mexiku se letos vydal na rusk\u00fd poloostrov Kola vysoko za pol\u00e1rn\u00edm kruhem. Na\u0161el, co hledal?\",\"breadcrumb\":{\"@id\":\"https:\\\/\\\/www.mzone.cz\\\/z-deniku-richarda-gaspi-gasperottiho-zam-8-aneb-bikovani-v-murmansku-za-polarnim-kruhem\\\/#breadcrumb\"},\"inLanguage\":\"en-US\",\"potentialAction\":[{\"@type\":\"ReadAction\",\"target\":[\"https:\\\/\\\/www.mzone.cz\\\/z-deniku-richarda-gaspi-gasperottiho-zam-8-aneb-bikovani-v-murmansku-za-polarnim-kruhem\\\/\"]}]},{\"@type\":\"ImageObject\",\"inLanguage\":\"en-US\",\"@id\":\"https:\\\/\\\/www.mzone.cz\\\/z-deniku-richarda-gaspi-gasperottiho-zam-8-aneb-bikovani-v-murmansku-za-polarnim-kruhem\\\/#primaryimage\",\"url\":\"https:\\\/\\\/www.mzone.cz\\\/wp-content\\\/uploads\\\/2019\\\/11\\\/Gaspi-ZAM-8.jpg\",\"contentUrl\":\"https:\\\/\\\/www.mzone.cz\\\/wp-content\\\/uploads\\\/2019\\\/11\\\/Gaspi-ZAM-8.jpg\",\"width\":2189,\"height\":1459},{\"@type\":\"BreadcrumbList\",\"@id\":\"https:\\\/\\\/www.mzone.cz\\\/z-deniku-richarda-gaspi-gasperottiho-zam-8-aneb-bikovani-v-murmansku-za-polarnim-kruhem\\\/#breadcrumb\",\"itemListElement\":[{\"@type\":\"ListItem\",\"position\":1,\"name\":\"Dom\u016f\",\"item\":\"https:\\\/\\\/www.mzone.cz\\\/\"},{\"@type\":\"ListItem\",\"position\":2,\"name\":\"Z den\u00edku Richarda &#8220;Gaspi&#8221; Gasperottiho: ZAM 8 aneb bikov\u00e1n\u00ed v Murmansku za pol\u00e1rn\u00edm kruhem\"}]},{\"@type\":\"WebSite\",\"@id\":\"https:\\\/\\\/www.mzone.cz\\\/#website\",\"url\":\"https:\\\/\\\/www.mzone.cz\\\/\",\"name\":\"Mzone\",\"description\":\"Magaz\u00edn nejen pro mu\u017ee\",\"potentialAction\":[{\"@type\":\"SearchAction\",\"target\":{\"@type\":\"EntryPoint\",\"urlTemplate\":\"https:\\\/\\\/www.mzone.cz\\\/?s={search_term_string}\"},\"query-input\":{\"@type\":\"PropertyValueSpecification\",\"valueRequired\":true,\"valueName\":\"search_term_string\"}}],\"inLanguage\":\"en-US\"},{\"@type\":\"Person\",\"@id\":\"https:\\\/\\\/www.mzone.cz\\\/#\\\/schema\\\/person\\\/9bc20cc422a99cac4af6ff9297da32d4\",\"name\":\"Mzone\",\"image\":{\"@type\":\"ImageObject\",\"inLanguage\":\"en-US\",\"@id\":\"https:\\\/\\\/secure.gravatar.com\\\/avatar\\\/e780a8630f3182a3d06dd667ab6bea151a0d155b0951bc15fe22633acdac0676?s=96&d=mm&r=g\",\"url\":\"https:\\\/\\\/secure.gravatar.com\\\/avatar\\\/e780a8630f3182a3d06dd667ab6bea151a0d155b0951bc15fe22633acdac0676?s=96&d=mm&r=g\",\"contentUrl\":\"https:\\\/\\\/secure.gravatar.com\\\/avatar\\\/e780a8630f3182a3d06dd667ab6bea151a0d155b0951bc15fe22633acdac0676?s=96&d=mm&r=g\",\"caption\":\"Mzone\"},\"url\":\"https:\\\/\\\/www.mzone.cz\\\/en\\\/author\\\/jakub\\\/\"}]}<\/script>\n<!-- \/ Yoast SEO plugin. -->","yoast_head_json":{"title":"Z den\u00edku Richarda \"Gaspi\" Gasperottiho: ZAM 8 aneb bikov\u00e1n\u00ed v Murmansku za pol\u00e1rn\u00edm kruhem - Mzone","description":"ZAM je projekt \u010desk\u00e9ho cyklisty Richarda \u201eGaspi\u201d Gasperottiho, kter\u00fd hled\u00e1 bikov\u00e9 komunity na exotick\u00fdch m\u00edstech po cel\u00e9m sv\u011bt\u011b. Po Mongolsku, \u00c1zerb\u00e1jd\u017e\u00e1nu, Tchaj-wanu \u010di Nov\u00e9m Mexiku se letos vydal na rusk\u00fd poloostrov Kola vysoko za pol\u00e1rn\u00edm kruhem. Na\u0161el, co hledal?","robots":{"index":"index","follow":"follow","max-snippet":"max-snippet:-1","max-image-preview":"max-image-preview:large","max-video-preview":"max-video-preview:-1"},"canonical":"https:\/\/www.mzone.cz\/en\/z-deniku-richarda-gaspi-gasperottiho-zam-8-aneb-bikovani-v-murmansku-za-polarnim-kruhem\/","og_locale":"en_US","og_type":"article","og_title":"Z den\u00edku Richarda \"Gaspi\" Gasperottiho: ZAM 8 aneb bikov\u00e1n\u00ed v Murmansku za pol\u00e1rn\u00edm kruhem - Mzone","og_description":"ZAM je projekt \u010desk\u00e9ho cyklisty Richarda \u201eGaspi\u201d Gasperottiho, kter\u00fd hled\u00e1 bikov\u00e9 komunity na exotick\u00fdch m\u00edstech po cel\u00e9m sv\u011bt\u011b. Po Mongolsku, \u00c1zerb\u00e1jd\u017e\u00e1nu, Tchaj-wanu \u010di Nov\u00e9m Mexiku se letos vydal na rusk\u00fd poloostrov Kola vysoko za pol\u00e1rn\u00edm kruhem. Na\u0161el, co hledal?","og_url":"https:\/\/www.mzone.cz\/en\/z-deniku-richarda-gaspi-gasperottiho-zam-8-aneb-bikovani-v-murmansku-za-polarnim-kruhem\/","og_site_name":"Mzone","article_publisher":"https:\/\/www.facebook.com\/MzoneCZ\/","article_published_time":"2019-11-28T04:00:00+00:00","og_image":[{"width":2189,"height":1459,"url":"https:\/\/www.mzone.cz\/wp-content\/uploads\/2019\/11\/Gaspi-ZAM-8.jpg","type":"image\/jpeg"}],"author":"Mzone","twitter_card":"summary_large_image","twitter_misc":{"Written by":"Mzone","Est. reading time":"16 minutes"},"schema":{"@context":"https:\/\/schema.org","@graph":[{"@type":"Article","@id":"https:\/\/www.mzone.cz\/z-deniku-richarda-gaspi-gasperottiho-zam-8-aneb-bikovani-v-murmansku-za-polarnim-kruhem\/#article","isPartOf":{"@id":"https:\/\/www.mzone.cz\/z-deniku-richarda-gaspi-gasperottiho-zam-8-aneb-bikovani-v-murmansku-za-polarnim-kruhem\/"},"author":{"name":"Mzone","@id":"https:\/\/www.mzone.cz\/#\/schema\/person\/9bc20cc422a99cac4af6ff9297da32d4"},"headline":"Z den\u00edku Richarda &#8220;Gaspi&#8221; Gasperottiho: ZAM 8 aneb bikov\u00e1n\u00ed v Murmansku za pol\u00e1rn\u00edm kruhem","datePublished":"2019-11-28T04:00:00+00:00","mainEntityOfPage":{"@id":"https:\/\/www.mzone.cz\/z-deniku-richarda-gaspi-gasperottiho-zam-8-aneb-bikovani-v-murmansku-za-polarnim-kruhem\/"},"wordCount":3313,"commentCount":0,"image":{"@id":"https:\/\/www.mzone.cz\/z-deniku-richarda-gaspi-gasperottiho-zam-8-aneb-bikovani-v-murmansku-za-polarnim-kruhem\/#primaryimage"},"thumbnailUrl":"https:\/\/www.mzone.cz\/wp-content\/uploads\/2019\/11\/Gaspi-ZAM-8.jpg","keywords":["Adrenalin","cestov\u00e1n\u00ed","cyklistika","dobrodru\u017estv\u00ed","extr\u00e9mn\u00ed sporty","freeride","Gaspi","horsk\u00e1 kola","mountainbiking","MTB","Murmansk","pol\u00e1rn\u00ed kruh","Richard Gasperotti","Rusko","Sport","ZAM","ZAM 8"],"articleSection":["Cestov\u00e1n\u00ed","Sport"],"inLanguage":"en-US","potentialAction":[{"@type":"CommentAction","name":"Comment","target":["https:\/\/www.mzone.cz\/z-deniku-richarda-gaspi-gasperottiho-zam-8-aneb-bikovani-v-murmansku-za-polarnim-kruhem\/#respond"]}]},{"@type":"WebPage","@id":"https:\/\/www.mzone.cz\/z-deniku-richarda-gaspi-gasperottiho-zam-8-aneb-bikovani-v-murmansku-za-polarnim-kruhem\/","url":"https:\/\/www.mzone.cz\/z-deniku-richarda-gaspi-gasperottiho-zam-8-aneb-bikovani-v-murmansku-za-polarnim-kruhem\/","name":"Z den\u00edku Richarda \"Gaspi\" Gasperottiho: ZAM 8 aneb bikov\u00e1n\u00ed v Murmansku za pol\u00e1rn\u00edm kruhem - Mzone","isPartOf":{"@id":"https:\/\/www.mzone.cz\/#website"},"primaryImageOfPage":{"@id":"https:\/\/www.mzone.cz\/z-deniku-richarda-gaspi-gasperottiho-zam-8-aneb-bikovani-v-murmansku-za-polarnim-kruhem\/#primaryimage"},"image":{"@id":"https:\/\/www.mzone.cz\/z-deniku-richarda-gaspi-gasperottiho-zam-8-aneb-bikovani-v-murmansku-za-polarnim-kruhem\/#primaryimage"},"thumbnailUrl":"https:\/\/www.mzone.cz\/wp-content\/uploads\/2019\/11\/Gaspi-ZAM-8.jpg","datePublished":"2019-11-28T04:00:00+00:00","author":{"@id":"https:\/\/www.mzone.cz\/#\/schema\/person\/9bc20cc422a99cac4af6ff9297da32d4"},"description":"ZAM je projekt \u010desk\u00e9ho cyklisty Richarda \u201eGaspi\u201d Gasperottiho, kter\u00fd hled\u00e1 bikov\u00e9 komunity na exotick\u00fdch m\u00edstech po cel\u00e9m sv\u011bt\u011b. Po Mongolsku, \u00c1zerb\u00e1jd\u017e\u00e1nu, Tchaj-wanu \u010di Nov\u00e9m Mexiku se letos vydal na rusk\u00fd poloostrov Kola vysoko za pol\u00e1rn\u00edm kruhem. Na\u0161el, co hledal?","breadcrumb":{"@id":"https:\/\/www.mzone.cz\/z-deniku-richarda-gaspi-gasperottiho-zam-8-aneb-bikovani-v-murmansku-za-polarnim-kruhem\/#breadcrumb"},"inLanguage":"en-US","potentialAction":[{"@type":"ReadAction","target":["https:\/\/www.mzone.cz\/z-deniku-richarda-gaspi-gasperottiho-zam-8-aneb-bikovani-v-murmansku-za-polarnim-kruhem\/"]}]},{"@type":"ImageObject","inLanguage":"en-US","@id":"https:\/\/www.mzone.cz\/z-deniku-richarda-gaspi-gasperottiho-zam-8-aneb-bikovani-v-murmansku-za-polarnim-kruhem\/#primaryimage","url":"https:\/\/www.mzone.cz\/wp-content\/uploads\/2019\/11\/Gaspi-ZAM-8.jpg","contentUrl":"https:\/\/www.mzone.cz\/wp-content\/uploads\/2019\/11\/Gaspi-ZAM-8.jpg","width":2189,"height":1459},{"@type":"BreadcrumbList","@id":"https:\/\/www.mzone.cz\/z-deniku-richarda-gaspi-gasperottiho-zam-8-aneb-bikovani-v-murmansku-za-polarnim-kruhem\/#breadcrumb","itemListElement":[{"@type":"ListItem","position":1,"name":"Dom\u016f","item":"https:\/\/www.mzone.cz\/"},{"@type":"ListItem","position":2,"name":"Z den\u00edku Richarda &#8220;Gaspi&#8221; Gasperottiho: ZAM 8 aneb bikov\u00e1n\u00ed v Murmansku za pol\u00e1rn\u00edm kruhem"}]},{"@type":"WebSite","@id":"https:\/\/www.mzone.cz\/#website","url":"https:\/\/www.mzone.cz\/","name":"Mzone","description":"Magaz\u00edn nejen pro mu\u017ee","potentialAction":[{"@type":"SearchAction","target":{"@type":"EntryPoint","urlTemplate":"https:\/\/www.mzone.cz\/?s={search_term_string}"},"query-input":{"@type":"PropertyValueSpecification","valueRequired":true,"valueName":"search_term_string"}}],"inLanguage":"en-US"},{"@type":"Person","@id":"https:\/\/www.mzone.cz\/#\/schema\/person\/9bc20cc422a99cac4af6ff9297da32d4","name":"Mzone","image":{"@type":"ImageObject","inLanguage":"en-US","@id":"https:\/\/secure.gravatar.com\/avatar\/e780a8630f3182a3d06dd667ab6bea151a0d155b0951bc15fe22633acdac0676?s=96&d=mm&r=g","url":"https:\/\/secure.gravatar.com\/avatar\/e780a8630f3182a3d06dd667ab6bea151a0d155b0951bc15fe22633acdac0676?s=96&d=mm&r=g","contentUrl":"https:\/\/secure.gravatar.com\/avatar\/e780a8630f3182a3d06dd667ab6bea151a0d155b0951bc15fe22633acdac0676?s=96&d=mm&r=g","caption":"Mzone"},"url":"https:\/\/www.mzone.cz\/en\/author\/jakub\/"}]}},"_links":{"self":[{"href":"https:\/\/www.mzone.cz\/en\/wp-json\/wp\/v2\/posts\/14316","targetHints":{"allow":["GET"]}}],"collection":[{"href":"https:\/\/www.mzone.cz\/en\/wp-json\/wp\/v2\/posts"}],"about":[{"href":"https:\/\/www.mzone.cz\/en\/wp-json\/wp\/v2\/types\/post"}],"author":[{"embeddable":true,"href":"https:\/\/www.mzone.cz\/en\/wp-json\/wp\/v2\/users\/4"}],"replies":[{"embeddable":true,"href":"https:\/\/www.mzone.cz\/en\/wp-json\/wp\/v2\/comments?post=14316"}],"version-history":[{"count":45,"href":"https:\/\/www.mzone.cz\/en\/wp-json\/wp\/v2\/posts\/14316\/revisions"}],"predecessor-version":[{"id":14369,"href":"https:\/\/www.mzone.cz\/en\/wp-json\/wp\/v2\/posts\/14316\/revisions\/14369"}],"wp:featuredmedia":[{"embeddable":true,"href":"https:\/\/www.mzone.cz\/en\/wp-json\/wp\/v2\/media\/14342"}],"wp:attachment":[{"href":"https:\/\/www.mzone.cz\/en\/wp-json\/wp\/v2\/media?parent=14316"}],"wp:term":[{"taxonomy":"category","embeddable":true,"href":"https:\/\/www.mzone.cz\/en\/wp-json\/wp\/v2\/categories?post=14316"},{"taxonomy":"post_tag","embeddable":true,"href":"https:\/\/www.mzone.cz\/en\/wp-json\/wp\/v2\/tags?post=14316"}],"curies":[{"name":"wp","href":"https:\/\/api.w.org\/{rel}","templated":true}]}}