{"id":14370,"date":"2019-12-03T05:00:00","date_gmt":"2019-12-03T04:00:00","guid":{"rendered":"https:\/\/www.mzone.cz\/?p=14370"},"modified":"2019-11-21T10:04:54","modified_gmt":"2019-11-21T09:04:54","slug":"svoboda-nebyla-vzdy-samozrejmosti-rikaji-tvurci-noveho-klipu-marka-ztraceneho-nase-cesty","status":"publish","type":"post","link":"https:\/\/www.mzone.cz\/en\/svoboda-nebyla-vzdy-samozrejmosti-rikaji-tvurci-noveho-klipu-marka-ztraceneho-nase-cesty\/","title":{"rendered":"Svoboda nebyla v\u017edy samoz\u0159ejmost\u00ed, \u0159\u00edkaj\u00ed tv\u016frci nov\u00e9ho klipu Marka Ztracen\u00e9ho Na\u0161e cesty"},"content":{"rendered":"<p><strong>V polovin\u011b \u0159\u00edjna tohoto roku m\u011bl premi\u00e9ru nov\u00fd videoklip Marka Ztracen\u00e9ho s n\u00e1zvem Na\u0161e cesty. Videoklip p\u0159ipom\u00edn\u00e1 dobu totalitn\u00edho re\u017eimu u n\u00e1s a zobrazuje mlad\u00fd p\u00e1r na \u00fat\u011bku p\u0159es \u0161umavsk\u00fd hrani\u010dn\u00ed p\u0159echod.<\/strong><\/p><br>\n\n\n\n<p>Jedn\u00e1 se o kr\u00e1tk\u00fd film, kde hlavn\u00ed role ztv\u00e1rnili herci Patricie Pag\u00e1\u010dov\u00e1 a Matou\u0161 Ruml, v klipu si zahr\u00e1li tak\u00e9 herci Michal Dlouh\u00fd a Robert Ja\u0161k\u00f3w. Jak prob\u00edhala tvorba tohoto d\u00edla pln\u00e9ho emoc\u00ed jsme se zeptali Jaroslava Zderadi\u010dky (d\u00e1le JZ) a Daniela Horn\u00edka (d\u00e1le DH) ze spole\u010dnosti FilmZlicinCompany, kter\u00e1 se postarala o filmovou produkci.<\/p><br>\n\n\n\n<p><strong>Jak\u00e1 byla spolupr\u00e1ce s Markem Ztracen\u00fdm?<\/strong><\/p>\n\n\n\n<p><em>DH:<\/em> Vzhledem k tomu, \u017ee tento videoklip byl ji\u017e \u010dtvrt\u00fdm, kter\u00fd jsme pro Marka re\u017e\u00edrovali, v\u0161e prob\u00edhalo na kamar\u00e1dsk\u00e9 \u00farovni a spolupr\u00e1ce byla jako v\u017edy v p\u0159\u00edjemn\u00e9 atmosf\u00e9\u0159e.<\/p>\n\n\n\n<p><em>JZ:<\/em> Asi i d\u00edky t\u00e9to dlouhodob\u00e9 spolupr\u00e1ci n\u00e1m Marek d\u00e1v\u00e1 naprosto volnou ruku, co se t\u00fd\u010de n\u00e1m\u011btu a samotn\u00e9ho ztv\u00e1rn\u011bn\u00ed jeho videoklip\u016f a o to v\u00edc n\u00e1s pak bav\u00ed na t\u011bchto projektech pracovat.<\/p><br>\n\n\n\n<p><strong>Na videoklip se m\u016f\u017eete pod\u00edvat zde:<\/strong><\/p>\n\n\n\n<figure class=\"wp-block-embed-youtube wp-block-embed is-type-video is-provider-youtube wp-embed-aspect-16-9 wp-has-aspect-ratio\"><div class=\"wp-block-embed__wrapper\">\n<iframe loading=\"lazy\" title=\"Marek Ztracen\u00fd - Na\u0161e cesty (ofici\u00e1ln\u00ed video)\" width=\"600\" height=\"338\" src=\"https:\/\/www.youtube.com\/embed\/KzEdxAPNAiM?feature=oembed\" frameborder=\"0\" allow=\"accelerometer; autoplay; clipboard-write; encrypted-media; gyroscope; picture-in-picture; web-share\" referrerpolicy=\"strict-origin-when-cross-origin\" allowfullscreen><\/iframe>\n<\/div><\/figure><br>\n\n\n\n<p><strong>Jak je to vlastn\u011b s p\u016fvodn\u00edm v\u00fdznamem p\u00edsn\u011b? Byl takov\u00fd, jak je ztv\u00e1rn\u011bn ve videoklipu?<\/strong><\/p>\n\n\n\n<p><em>JZ:<\/em> Rozhodn\u011b ne. Mysl\u00edm si, \u017ee skute\u010dnost, \u017ee se na p\u00edsni\u010dku, kter\u00e1 se m\u016f\u017ee zd\u00e1t na prvn\u00ed poslech jako lovesong, poda\u0159ilo nav\u00e1zat takto siln\u00e9 t\u00e9ma, prosp\u011bla i samotn\u00e9mu songu, kter\u00fd d\u00edky tomu dostal jin\u00fd, hlub\u0161\u00ed \u00fahel pohledu. Je a\u017e fascinuj\u00edc\u00ed, jak text p\u00edsn\u011b p\u016fsob\u00ed, v dobr\u00e9m slova smyslu dvojsmysln\u011b ve chv\u00edli, kdy ji dopl\u0148uje audiovizu\u00e1ln\u00ed d\u00edlo s t\u00edmto v\u00e1\u017en\u00fdm, politick\u00fdm t\u00e9matem.<\/p><br>\n\n\n\n<p><strong>Tak\u017ee jste v podstat\u011b svou vlastn\u00ed interpretac\u00ed pozm\u011bnili p\u016fvodn\u00ed v\u00fdznam p\u00edsn\u011b\u2026<\/strong><\/p>\n\n\n\n<p><em>DH:<\/em> Jak \u0159\u00edk\u00e1 kolega, se v\u0161\u00ed skromnost\u00ed si mysl\u00edme, \u017ee videoklip vlastn\u00ed song pov\u00fd\u0161il a dostal do n\u011bj d\u00edky obrazov\u011b ztv\u00e1rn\u011bn\u00e9mu p\u0159\u00edb\u011bhu na\u0161\u00ed dvojice v\u00edce emoc\u00ed pro div\u00e1ky, ne\u017e by p\u0159edala skladba samotn\u00e1.<\/p><br>\n\n\n\n<p><strong>Kdo p\u0159i\u0161el s n\u00e1m\u011btem?<\/strong><\/p>\n\n\n\n<p><em>DH:<\/em> M\u011bli jsme vymy\u0161len\u00fdch n\u00e1m\u011bt\u016f n\u011bkolik, ale s t\u00edm prav\u00fdm sametov\u00fdm p\u0159i\u0161el kolega Jaroslav.<\/p>\n\n\n\n<p><em>JZ:<\/em> Od za\u010d\u00e1tku jsem cht\u011bl do klipu dostat jist\u00fd naturalismus a chlad. Les, pochmurn\u00e1 atmosf\u00e9ra, zamilovan\u00e1 dvojice na cest\u011b kamsi. Po n\u011bkolika sezen\u00edch nad n\u00e1m\u011btem a nes\u010detn\u011b poslech\u016f p\u00edsni\u010dky s m\u00fdm re\u017eijn\u00edm kolegou, p\u0159i kter\u00fdch jsme text a jeho v\u00fdznam oh\u00fdbali do v\u0161ech stran, jsem si uv\u011bdomil, \u017ee Na\u0161e cesty nemus\u00ed b\u00fdt jen milostn\u00e9, ale m\u016f\u017eou to b\u00fdt t\u0159eba i cesty za svobodou a najednou to z\u00edskalo jin\u00fd rozm\u011br.<\/p><br>\n\n\n\n<figure class=\"wp-block-image size-large\"><img loading=\"lazy\" decoding=\"async\" width=\"1024\" height=\"683\" src=\"https:\/\/www.mzone.cz\/wp-content\/uploads\/2019\/11\/M-Ztraceny_videoklip-Na\u0161e-cesty-2-1024x683.jpg\" alt=\"\" class=\"wp-image-14390\" srcset=\"https:\/\/www.mzone.cz\/wp-content\/uploads\/2019\/11\/M-Ztraceny_videoklip-Na\u0161e-cesty-2-1024x683.jpg 1024w, https:\/\/www.mzone.cz\/wp-content\/uploads\/2019\/11\/M-Ztraceny_videoklip-Na\u0161e-cesty-2-300x200.jpg 300w, https:\/\/www.mzone.cz\/wp-content\/uploads\/2019\/11\/M-Ztraceny_videoklip-Na\u0161e-cesty-2-768x512.jpg 768w, https:\/\/www.mzone.cz\/wp-content\/uploads\/2019\/11\/M-Ztraceny_videoklip-Na\u0161e-cesty-2-800x533.jpg 800w, https:\/\/www.mzone.cz\/wp-content\/uploads\/2019\/11\/M-Ztraceny_videoklip-Na\u0161e-cesty-2-400x267.jpg 400w, https:\/\/www.mzone.cz\/wp-content\/uploads\/2019\/11\/M-Ztraceny_videoklip-Na\u0161e-cesty-2-500x333.jpg 500w, https:\/\/www.mzone.cz\/wp-content\/uploads\/2019\/11\/M-Ztraceny_videoklip-Na\u0161e-cesty-2-590x393.jpg 590w, https:\/\/www.mzone.cz\/wp-content\/uploads\/2019\/11\/M-Ztraceny_videoklip-Na\u0161e-cesty-2.jpg 1137w\" sizes=\"auto, (max-width: 1024px) 100vw, 1024px\" \/><\/figure><br>\n\n\n\n<p><strong>Co je tedy pro v\u00e1s hlavn\u00ed sd\u011blen\u00ed?<\/strong><\/p>\n\n\n\n<p><em>DH:<\/em> Hlavn\u00edm sd\u011blen\u00ed bych shrnul do jedn\u00e9 v\u011bty, kterou pronese v dov\u011btku Michal Dlouh\u00fd a zn\u00ed: Svoboda nebyla v\u017edy samoz\u0159ejmost\u00ed. To bychom si m\u011bli uv\u011bdomovat zvl\u00e1\u0161t\u011b v aktu\u00e1ln\u00edm politick\u00e9m prost\u0159ed\u00ed.&nbsp;<\/p>\n\n\n\n<p><em>JZ:<\/em> Tak\u00e9 m\u011b bav\u00ed fakt, \u017ee na\u0161e pr\u00e1ce mo\u017en\u00e1 dok\u00e1\u017ee p\u0159en\u00e9st porevolu\u010dn\u00ed generace do doby, kterou neza\u017eili a jej\u00ed\u017e hr\u016fzy si jen t\u011b\u017eko dok\u00e1\u017eou p\u0159edstavit z pouh\u00e9ho vypr\u00e1v\u011bn\u00ed \u010di u\u010debnic.<\/p><br>\n\n\n\n<p><strong>Jak se v\u00e1m s t\u00edmto t\u00e9matem pracovalo? P\u0159ece jen tuto dobu sami nepamatujete\u2026<\/strong><\/p>\n\n\n\n<p><em>DH:<\/em> Vzhledem k tomu, \u017ee jsme tuto dobu s kolegou neza\u017eili a zn\u00e1me ji jen zprost\u0159edkovan\u011b z vypr\u00e1v\u011bn\u00ed rodi\u010d\u016f a prarodi\u010d\u016f, vn\u00edmali jsme v\u016f\u010di tomuto t\u00e9matu ur\u010dit\u00fd respekt, abychom nic nepodcenili a bylo v\u0161e \u201edobov\u011b\u201c spr\u00e1vn\u011b.<\/p>\n\n\n\n<blockquote class=\"wp-block-quote is-layout-flow wp-block-quote-is-layout-flow\"><p>D\u011blali jsme poctiv\u00e9 re\u0161er\u0161e, sch\u00e1zeli jsme se se starousedl\u00edky z \u017delezn\u00e9 Rudy, kde se klip nat\u00e1\u010del, a vyslechli si jejich p\u0159\u00edb\u011bhy o t\u00e9to dob\u011b. Takt\u00e9\u017e jsme komunikovali s b\u00fdval\u00fdmi \u201ePS\u00e1ky\u201c a historiky, se kter\u00fdmi jsme \u0159e\u0161ili praktick\u00e9 v\u011bci typu, jak vypadal hrani\u010dn\u00ed p\u0159echod, jak\u00fdm&nbsp;zp\u016fsobem lid\u00e9 ut\u00edkali a jak prob\u00edhalo jejich p\u0159\u00edpadn\u00e9 pron\u00e1sledov\u00e1n\u00ed p\u0159i pokusu o p\u0159ekro\u010den\u00ed st\u00e1tn\u00ed hranice.&nbsp;<\/p><\/blockquote>\n\n\n\n<p><em>JZ:<\/em> Samoz\u0159ejm\u011b velk\u00fd kus pr\u00e1ce odvedla v\u00fdprava a stylisti, kte\u0159\u00ed naprosto perfektn\u011b splnili na\u0161e po\u017eadavky a poda\u0159ilo se n\u00e1m tak p\u0159en\u00e9st do totalitn\u00edho re\u017eimu.<\/p><br>\n\n\n\n<p><strong>Ve videoklipu \u00fa\u010dinkuj\u00ed zn\u00e1m\u00e1 hereck\u00e1 jm\u00e9na, jak\u00e1 byla spolupr\u00e1ce s nimi?<\/strong><\/p>\n\n\n\n<p><em>JZ:<\/em> Pro re\u017eis\u00e9ra je v\u017edy radost\u00ed pracovat s takov\u00fdmi prof\u00edky, kter\u00e9 jsme m\u011bli na tomto projektu na place. Jejich veden\u00ed a celkov\u00e1 pr\u00e1ce s nimi je jaksi samoz\u0159ejm\u00e1. Nebr\u00e1n\u00edme se jejich vlastn\u00edm invenc\u00edm v r\u00e1mci role\u2026 vlastn\u011b m\u011b to dost bav\u00ed. Je p\u0159\u00ednosem, kdy\u017e herec p\u0159ijde s vlastn\u00edmi n\u00e1pady nad r\u00e1mec na\u0161eho re\u017eijn\u00edho veden\u00ed, a t\u00edm tak v\u00edce prokresl\u00ed charakter sv\u00e9 postavy.&nbsp;<\/p>\n\n\n\n<p><em>DH:<\/em> Dal\u0161\u00ed nespornou v\u00fdhodou obsazen\u00ed takov\u00fdchto jmen je fakt, \u017ee p\u0159inesou v\u00fdsledn\u00e9mu d\u00edlu dal\u0161\u00ed vizibilitu.<\/p><br>\n\n\n\n<figure class=\"wp-block-image size-large\"><img loading=\"lazy\" decoding=\"async\" width=\"1024\" height=\"683\" src=\"https:\/\/www.mzone.cz\/wp-content\/uploads\/2019\/11\/M-Ztraceny_videoklip-Na\u0161e-cesty-5-1024x683.jpg\" alt=\"\" class=\"wp-image-14392\" srcset=\"https:\/\/www.mzone.cz\/wp-content\/uploads\/2019\/11\/M-Ztraceny_videoklip-Na\u0161e-cesty-5-1024x683.jpg 1024w, https:\/\/www.mzone.cz\/wp-content\/uploads\/2019\/11\/M-Ztraceny_videoklip-Na\u0161e-cesty-5-300x200.jpg 300w, https:\/\/www.mzone.cz\/wp-content\/uploads\/2019\/11\/M-Ztraceny_videoklip-Na\u0161e-cesty-5-768x512.jpg 768w, https:\/\/www.mzone.cz\/wp-content\/uploads\/2019\/11\/M-Ztraceny_videoklip-Na\u0161e-cesty-5-1536x1024.jpg 1536w, https:\/\/www.mzone.cz\/wp-content\/uploads\/2019\/11\/M-Ztraceny_videoklip-Na\u0161e-cesty-5-800x533.jpg 800w, https:\/\/www.mzone.cz\/wp-content\/uploads\/2019\/11\/M-Ztraceny_videoklip-Na\u0161e-cesty-5-400x267.jpg 400w, https:\/\/www.mzone.cz\/wp-content\/uploads\/2019\/11\/M-Ztraceny_videoklip-Na\u0161e-cesty-5-500x333.jpg 500w, https:\/\/www.mzone.cz\/wp-content\/uploads\/2019\/11\/M-Ztraceny_videoklip-Na\u0161e-cesty-5-1170x780.jpg 1170w, https:\/\/www.mzone.cz\/wp-content\/uploads\/2019\/11\/M-Ztraceny_videoklip-Na\u0161e-cesty-5-590x393.jpg 590w, https:\/\/www.mzone.cz\/wp-content\/uploads\/2019\/11\/M-Ztraceny_videoklip-Na\u0161e-cesty-5.jpg 2022w\" sizes=\"auto, (max-width: 1024px) 100vw, 1024px\" \/><\/figure><br>\n\n\n\n<p><strong>Neb\u00e1li jste se obsadit p\u00e1r herc\u016f, kter\u00fd je zn\u00e1m jako p\u00e1r ze seri\u00e1lu?<\/strong><\/p>\n\n\n\n<p><em>DH:<\/em> Ob\u010das se st\u00e1v\u00e1 to, \u017ee zn\u00e1m\u00ed herci maj\u00ed u div\u00e1k\u016f p\u0159i\u0159azen\u00fd charakter z p\u0159ede\u0161l\u00e9 role, ze kter\u00fdch je div\u00e1k zn\u00e1. Z toho jsme m\u011bli trochu obavu u obsazen\u00ed hereck\u00e9ho p\u00e1ru ze seri\u00e1lu Ulice, Matou\u0161e Rumla a Patricie Pag\u00e1\u010dov\u00e9. Na\u0161t\u011bst\u00ed n\u00e1\u0161 p\u0159\u00edb\u011bh a jejich hereck\u00fd projev byl natolik siln\u00fd, \u017ee se dle na\u0161eho soudu poda\u0159ilo vytvo\u0159it nov\u00fd, neokoukan\u00fd p\u00e1r.<\/p><br>\n\n\n\n<p><strong>Jak prob\u00edhalo samotn\u00e9 nat\u00e1\u010den\u00ed v \u0161umavsk\u00fdch les\u00edch?<\/strong><\/p>\n\n\n\n<p><em>DH:<\/em> B\u011bhem cel\u00e9 preprodukce tohoto projektu jsme se modlili, aby bylo hlavn\u011b o\u0161kliv\u00e9 po\u010das\u00ed a nesv\u00edtilo slun\u00ed\u010dko, proto\u017ee to by zni\u010dilo chladnou a nep\u0159\u00edjemnou atmosf\u00e9ru, kterou jsme z klipu pot\u0159ebovali dostat. Na\u0161t\u011bst\u00ed byly na\u0161e modlitby vysly\u0161eny a po\u010das\u00ed bylo opravu \u0161kared\u00e9.&nbsp;<\/p>\n\n\n\n<p><em>JZ:<\/em> Mo\u017en\u00e1 a\u017e moc. I kdy\u017e jsem v\u011bd\u011bl, \u017ee je to pro atmosf\u00e9ru klipu opravdu dob\u0159e, n\u011bkolikr\u00e1t jsme museli kv\u016fli siln\u00e9mu de\u0161ti p\u0159eru\u0161it nat\u00e1\u010den\u00ed, kter\u00e9 bylo v tomto ne\u010dase opravdu jedno z nejn\u00e1ro\u010dn\u011bj\u0161\u00edch, kter\u00e9 jsme za\u017eili. Na\u0161t\u011bst\u00ed tyto v\u0161echny produk\u010dn\u00ed p\u0159ek\u00e1\u017eky v\u00fdsledn\u00e9mu d\u00edlu jen prosp\u011bly.<\/p><br>\n\n\n\n<p><strong>\u0160umavsk\u00e9 lesy jste pro nat\u00e1\u010den\u00ed zvolili tedy hlavn\u011b kv\u016fli po\u010das\u00ed?<\/strong><\/p>\n\n\n\n<p><em>JZ:<\/em> Klip bychom mohli v podstat\u011b to\u010dit v jak\u00e9mkoli jin\u00e9m lese, vzhledem ke skute\u010dnosti, \u017ee jsme si vlastn\u00ed hrani\u010dn\u00ed p\u0159echod stav\u011bli takzvan\u011b \u201ena zabl\u00e1cen\u00e9 louce\u201c, ale cht\u011bli jsme vyu\u017e\u00edt jak\u00e9si autenti\u010dnosti m\u00edsta, kde k \u00fat\u011bk\u016fm za svobodou skute\u010dn\u011b doch\u00e1zelo.&nbsp;<\/p>\n\n\n\n<p><em>DH:<\/em> \u2026a v neposledn\u00ed \u0159ad\u011b jsme cht\u011bli vyu\u017e\u00edt toho, \u017ee Marek Ztracen\u00fd je neodmysliteln\u011b spjat\u00fd se \u017deleznou Rudou.<\/p><br>\n\n\n\n<figure class=\"wp-block-image size-large\"><img loading=\"lazy\" decoding=\"async\" width=\"1024\" height=\"683\" src=\"https:\/\/www.mzone.cz\/wp-content\/uploads\/2019\/11\/M-Ztraceny_videoklip-Na\u0161e-cesty-4-1024x683.jpg\" alt=\"\" class=\"wp-image-14394\" srcset=\"https:\/\/www.mzone.cz\/wp-content\/uploads\/2019\/11\/M-Ztraceny_videoklip-Na\u0161e-cesty-4-1024x683.jpg 1024w, https:\/\/www.mzone.cz\/wp-content\/uploads\/2019\/11\/M-Ztraceny_videoklip-Na\u0161e-cesty-4-300x200.jpg 300w, https:\/\/www.mzone.cz\/wp-content\/uploads\/2019\/11\/M-Ztraceny_videoklip-Na\u0161e-cesty-4-768x512.jpg 768w, https:\/\/www.mzone.cz\/wp-content\/uploads\/2019\/11\/M-Ztraceny_videoklip-Na\u0161e-cesty-4-800x533.jpg 800w, https:\/\/www.mzone.cz\/wp-content\/uploads\/2019\/11\/M-Ztraceny_videoklip-Na\u0161e-cesty-4-400x267.jpg 400w, https:\/\/www.mzone.cz\/wp-content\/uploads\/2019\/11\/M-Ztraceny_videoklip-Na\u0161e-cesty-4-500x333.jpg 500w, https:\/\/www.mzone.cz\/wp-content\/uploads\/2019\/11\/M-Ztraceny_videoklip-Na\u0161e-cesty-4-1170x780.jpg 1170w, https:\/\/www.mzone.cz\/wp-content\/uploads\/2019\/11\/M-Ztraceny_videoklip-Na\u0161e-cesty-4-590x394.jpg 590w, https:\/\/www.mzone.cz\/wp-content\/uploads\/2019\/11\/M-Ztraceny_videoklip-Na\u0161e-cesty-4.jpg 1211w\" sizes=\"auto, (max-width: 1024px) 100vw, 1024px\" \/><\/figure><br>\n\n\n\n<p><strong>Do\u0161lo na n\u011bjak\u00e9 pot\u00ed\u017ee?<\/strong><\/p>\n\n\n\n<p><em>JZ:<\/em> Asi nejz\u00e1sadn\u011bj\u0161\u00ed pot\u00ed\u017e nastala ve chv\u00edli, kdy\u017e Matou\u0161 Ruml po nat\u00e1\u010den\u00ed nejn\u00e1ro\u010dn\u011bj\u0161\u00edho obrazu, ve kter\u00e9m se top\u00ed v ledov\u00e9, ra\u0161elinn\u00e9 ba\u017ein\u011b zjistil, \u017ee v p\u0159istaven\u00e9m karavanu nete\u010de tepl\u00e1 voda (sm\u00edch).&nbsp;<\/p>\n\n\n\n<p><em>DH:<\/em> Po chv\u00edli jsme p\u0159i\u0161li na to, \u017ee oh\u0159ev vody p\u0159epnuly stylistka s mask\u00e9rkou na vyt\u00e1p\u011bn\u00ed kabiny karavanu, aby jim nebyla zima (sm\u00edch).<\/p><br>\n\n\n\n<p><strong>Jak dlouho se nat\u00e1\u010delo?<\/strong><\/p>\n\n\n\n<p><em>JZ:<\/em> \u010c\u00e1st \u0161t\u00e1bu jela na \u0160umavu den p\u0159ed nat\u00e1\u010den\u00edm, aby se v\u0161e zvl\u00e1dlo p\u0159ipravit. Zbytek \u0161t\u00e1bu dorazil druh\u00fd den na \u010dtvrtou hodinu rann\u00ed, kdy se za\u010dalo nat\u00e1\u010det. Skon\u010dili jsme t\u00e9ho\u017e dne, kdy\u017e n\u00e1m padlo sv\u011btlo okolo sedm\u00e9 ve\u010der. V men\u0161\u00edm \u0161t\u00e1bu jsme m\u011bli je\u0161t\u011b t\u00fdden na to p\u016fldenn\u00ed dot\u00e1\u010dku jednoho obrazu. Abychom nemuseli op\u011bt \u0161t\u00e1b vypravovat na \u0160umavu, jsou dva z\u00e1b\u011bry, na kter\u00fdch si Matou\u0161 Ruml a Patricie Pag\u00e1\u010dov\u00e1 prohl\u00ed\u017eej\u00ed pohlednici z Lond\u00fdna, nato\u010den\u00e9 v les\u00edku za \u010ceskou televiz\u00ed na Kav\u010d\u00edch hor\u00e1ch.<\/p><br>\n\n\n\n<p><strong>Tak\u017ee bylo nato\u010deno v podstat\u011b za den\u2026<\/strong><\/p>\n\n\n\n<p><em>DH:<\/em> R\u00e1di bychom nat\u00e1\u010deli d\u00e9le, tomuto n\u00e1m\u011btu a t\u00e9matu by to ur\u010dit\u011b prosp\u011blo, ale i p\u0159es to, \u017ee je Marek Ztracen\u00fd jeden z m\u00e1la \u010desk\u00fdch interpret\u016f, kte\u0159\u00ed do klip\u016f investuj\u00ed, \u010cesk\u00e1 republika nen\u00ed bohu\u017eel takov\u00fdm trhem a nem\u00e1 tolik poslucha\u010d\u016f, aby se videoklip\u016fm mohla v\u011bnovat takov\u00e1 p\u00e9\u010de a \u010das, kter\u00fd by si zaslou\u017eily.<\/p><br>\n\n\n\n<p><strong>Jste s v\u00fdsledkem spokojeni? Ud\u011blali byste n\u011bco jinak?<\/strong><\/p>\n\n\n\n<p><em>JZ:<\/em> B\u00fdv\u00e1 pravidlem, \u017ee u\u017e ve chv\u00edli, kdy odevzd\u00e1me jak\u00fdkoli projekt v\u00edme, co bychom ud\u011blali jinak a l\u00e9pe. Tenhle pocit ale asi pro\u017e\u00edv\u00e1 v\u011bt\u0161ina tv\u016frc\u016f.&nbsp;<\/p>\n\n\n\n<p><em>DH:<\/em> Nen\u00ed tomu jinak ani u tohoto projektu, kde je n\u00e1m l\u00edto n\u011bkolika z\u00e1b\u011br\u016f, kter\u00e9 jsme kv\u016fli n\u00e1ro\u010dnosti nat\u00e1\u010den\u00ed a nedostatku \u010dasu nestihli nato\u010dit a v klipu je postr\u00e1d\u00e1me. To, ale na\u0161t\u011bst\u00ed div\u00e1k nev\u00ed. Teda nev\u011bd\u011bl doposud (sm\u00edch).<\/p><br>\n\n\n\n<figure class=\"wp-block-image size-large\"><img loading=\"lazy\" decoding=\"async\" width=\"1024\" height=\"683\" src=\"https:\/\/www.mzone.cz\/wp-content\/uploads\/2019\/12\/Tv\u016frci-klipu-Na\u0161e-cesty-1024x683.jpg\" alt=\"\" class=\"wp-image-14372\" srcset=\"https:\/\/www.mzone.cz\/wp-content\/uploads\/2019\/12\/Tv\u016frci-klipu-Na\u0161e-cesty-1024x683.jpg 1024w, https:\/\/www.mzone.cz\/wp-content\/uploads\/2019\/12\/Tv\u016frci-klipu-Na\u0161e-cesty-300x200.jpg 300w, https:\/\/www.mzone.cz\/wp-content\/uploads\/2019\/12\/Tv\u016frci-klipu-Na\u0161e-cesty-768x512.jpg 768w, https:\/\/www.mzone.cz\/wp-content\/uploads\/2019\/12\/Tv\u016frci-klipu-Na\u0161e-cesty-1536x1024.jpg 1536w, https:\/\/www.mzone.cz\/wp-content\/uploads\/2019\/12\/Tv\u016frci-klipu-Na\u0161e-cesty-2048x1366.jpg 2048w, https:\/\/www.mzone.cz\/wp-content\/uploads\/2019\/12\/Tv\u016frci-klipu-Na\u0161e-cesty-800x533.jpg 800w, https:\/\/www.mzone.cz\/wp-content\/uploads\/2019\/12\/Tv\u016frci-klipu-Na\u0161e-cesty-400x267.jpg 400w, https:\/\/www.mzone.cz\/wp-content\/uploads\/2019\/12\/Tv\u016frci-klipu-Na\u0161e-cesty-500x333.jpg 500w, https:\/\/www.mzone.cz\/wp-content\/uploads\/2019\/12\/Tv\u016frci-klipu-Na\u0161e-cesty-1170x780.jpg 1170w, https:\/\/www.mzone.cz\/wp-content\/uploads\/2019\/12\/Tv\u016frci-klipu-Na\u0161e-cesty-590x393.jpg 590w\" sizes=\"auto, (max-width: 1024px) 100vw, 1024px\" \/><\/figure><br>\n\n\n\n<p><strong>Krom\u011b hudebn\u00edch klip\u016f se zab\u00fdv\u00e1te tak\u00e9 tvorbou reklamn\u00edch spot\u016f. \u010cemu se v\u011bnujete rad\u0161i?<\/strong><\/p>\n\n\n\n<p><em>DH:<\/em> Je to dvouse\u010dn\u00e1 zbra\u0148. U videoklip\u016f n\u00e1s bav\u00ed p\u0159edev\u0161\u00edm to, \u017ee p\u0159ed sebou m\u00e1me \u010dist\u00fd list pap\u00edru a volnou ruku ve ztv\u00e1rn\u011bn\u00ed. Bohu\u017eel u videoklip\u016f nem\u00e1me takov\u00e9 finan\u010dn\u00ed mo\u017enosti, kter\u00e9 by n\u00e1m dovolily nato\u010dit v\u0161e, co si vymysl\u00edme.&nbsp;<\/p>\n\n\n\n<p><em>JZ:<\/em> Co\u017e naopak v\u011bt\u0161inou neb\u00fdv\u00e1 probl\u00e9m t\u0159eba u televizn\u00edch reklam, ale u t\u011bch je n\u00e1m\u011bt obvykle sv\u00e1zan\u00fd agenturn\u00edm briefem, kter\u00fd mus\u00edme dodr\u017eet a nem\u00e1me takovou mo\u017enost si vym\u00fd\u0161let. Na druhou stranu na reklamn\u00edch form\u00e1tech, kter\u00e9 maj\u00ed kr\u00e1tkou stop\u00e1\u017e, m\u016f\u017eeme ztv\u00e1rnit nespo\u010det hereck\u00fdch situac\u00ed a r\u016fzn\u00e9 styly vypr\u00e1v\u011bn\u00ed, kter\u00e9 z\u00faro\u010d\u00edme p\u0159i nat\u00e1\u010den\u00ed del\u0161\u00edch form\u00e1t\u016f.<\/p><br>\n\n\n\n<p><strong>Na \u010dem pracujete nyn\u00ed? Co pl\u00e1nujete do budoucna?<\/strong><\/p>\n\n\n\n<p><em>DH:<\/em> Aktu\u00e1ln\u011b FilmZlicinCompany odbavuje obvykl\u00fd objem komer\u010dn\u00edch zak\u00e1zek a k tomu p\u0159ipravujeme dal\u0161\u00ed projekty nekomer\u010dn\u00edho r\u00e1zu.&nbsp;<\/p>\n\n\n\n<p><em>JZ:<\/em> Snad neprozrad\u00edme p\u0159\u00edli\u0161, kdy\u017e \u0159ekneme, \u017ee v tuto chv\u00edli produkujeme nov\u00fd videoklip Marka Ztracen\u00e9ho a p\u0159ipravujeme internetov\u00fd seri\u00e1l.<\/p><br>\n\n\n\n<div class=\"wp-block-image\"><figure class=\"alignleft size-large is-resized\"><img loading=\"lazy\" decoding=\"async\" src=\"https:\/\/www.mzone.cz\/wp-content\/uploads\/2019\/07\/Zofie_Dares_foto_Alzbeta_Jungrova_m.jpg\" alt=\"\" class=\"wp-image-10902\" width=\"126\" height=\"83\" srcset=\"https:\/\/www.mzone.cz\/wp-content\/uploads\/2019\/07\/Zofie_Dares_foto_Alzbeta_Jungrova_m.jpg 597w, https:\/\/www.mzone.cz\/wp-content\/uploads\/2019\/07\/Zofie_Dares_foto_Alzbeta_Jungrova_m-300x200.jpg 300w, https:\/\/www.mzone.cz\/wp-content\/uploads\/2019\/07\/Zofie_Dares_foto_Alzbeta_Jungrova_m-400x267.jpg 400w, https:\/\/www.mzone.cz\/wp-content\/uploads\/2019\/07\/Zofie_Dares_foto_Alzbeta_Jungrova_m-500x333.jpg 500w, https:\/\/www.mzone.cz\/wp-content\/uploads\/2019\/07\/Zofie_Dares_foto_Alzbeta_Jungrova_m-590x393.jpg 590w\" sizes=\"auto, (max-width: 126px) 100vw, 126px\" \/><\/figure><\/div>\n\n\n\n<h4><a href=\"https:\/\/www.mzone.cz\/sexy-zpevacka-kapely-mydy-rabycad-zofie-dares-vydava-prvni-solovy-klip\/\">Sexy zp\u011bva\u010dka kapely Mydy Rabycad Zofie Dares vyd\u00e1v\u00e1 prvn\u00ed s\u00f3lov\u00fd klip<\/a><\/h4><br>","protected":false},"excerpt":{"rendered":"<p>V polovin\u011b \u0159\u00edjna tohoto roku m\u011bl premi\u00e9ru nov\u00fd videoklip Marka Ztracen\u00e9ho s n\u00e1zvem Na\u0161e cesty. Videoklip p\u0159ipom\u00edn\u00e1 dobu totalitn\u00edho re\u017eimu u n\u00e1s a zobrazuje mlad\u00fd p\u00e1r na \u00fat\u011bku p\u0159es \u0161umavsk\u00fd hrani\u010dn\u00ed p\u0159echod. Jedn\u00e1 se o kr\u00e1tk\u00fd film, kde hlavn\u00ed role ztv\u00e1rnili herci Patricie Pag\u00e1\u010dov\u00e1 a Matou\u0161 Ruml, v klipu si zahr\u00e1li tak\u00e9 herci Michal Dlouh\u00fd [&hellip;]<\/p>\n","protected":false},"author":4,"featured_media":14372,"comment_status":"open","ping_status":"closed","sticky":false,"template":"","format":"standard","meta":{"kk_blocks_editor_width":"","_kiokenblocks_attr":"","_kiokenblocks_dimensions":"","footnotes":""},"categories":[76,71],"tags":[2991,1147,2990,2488,31,2987,1580,2986,37,2988,2989,2489,2519,1891],"class_list":["post-14370","post","type-post","status-publish","format-standard","has-post-thumbnail","hentry","category-hudba","category-kultura","tag-daniel-hornik","tag-hudba","tag-jaroslav-zderadicka","tag-klip","tag-kultura","tag-marek-ztraceny","tag-muzika","tag-nase-cesty","tag-rozhovor","tag-tvorba","tag-tvurci","tag-videoklip","tag-vznik","tag-zpevak"],"yoast_head":"<!-- This site is optimized with the Yoast SEO plugin v27.5 - https:\/\/yoast.com\/product\/yoast-seo-wordpress\/ -->\n<title>Svoboda nebyla v\u017edy samoz\u0159ejmost\u00ed, \u0159\u00edkaj\u00ed tv\u016frci nov\u00e9ho klipu Marka Ztracen\u00e9ho Na\u0161e cesty - Mzone<\/title>\n<meta name=\"description\" content=\"V polovin\u011b \u0159\u00edjna tohoto roku m\u011bl premi\u00e9ru nov\u00fd videoklip Marka Ztracen\u00e9ho s n\u00e1zvem Na\u0161e cesty. Videoklip p\u0159ipom\u00edn\u00e1 dobu totalitn\u00edho re\u017eimu u n\u00e1s a zobrazuje mlad\u00fd p\u00e1r na \u00fat\u011bku p\u0159es \u0161umavsk\u00fd hrani\u010dn\u00ed p\u0159echod.\" \/>\n<meta name=\"robots\" content=\"index, follow, max-snippet:-1, max-image-preview:large, max-video-preview:-1\" \/>\n<link rel=\"canonical\" href=\"https:\/\/www.mzone.cz\/en\/svoboda-nebyla-vzdy-samozrejmosti-rikaji-tvurci-noveho-klipu-marka-ztraceneho-nase-cesty\/\" \/>\n<meta property=\"og:locale\" content=\"en_US\" \/>\n<meta property=\"og:type\" content=\"article\" \/>\n<meta property=\"og:title\" content=\"Svoboda nebyla v\u017edy samoz\u0159ejmost\u00ed, \u0159\u00edkaj\u00ed tv\u016frci nov\u00e9ho klipu Marka Ztracen\u00e9ho Na\u0161e cesty - Mzone\" \/>\n<meta property=\"og:description\" content=\"V polovin\u011b \u0159\u00edjna tohoto roku m\u011bl premi\u00e9ru nov\u00fd videoklip Marka Ztracen\u00e9ho s n\u00e1zvem Na\u0161e cesty. Videoklip p\u0159ipom\u00edn\u00e1 dobu totalitn\u00edho re\u017eimu u n\u00e1s a zobrazuje mlad\u00fd p\u00e1r na \u00fat\u011bku p\u0159es \u0161umavsk\u00fd hrani\u010dn\u00ed p\u0159echod.\" \/>\n<meta property=\"og:url\" content=\"https:\/\/www.mzone.cz\/en\/svoboda-nebyla-vzdy-samozrejmosti-rikaji-tvurci-noveho-klipu-marka-ztraceneho-nase-cesty\/\" \/>\n<meta property=\"og:site_name\" content=\"Mzone\" \/>\n<meta property=\"article:publisher\" content=\"https:\/\/www.facebook.com\/MzoneCZ\/\" \/>\n<meta property=\"article:published_time\" content=\"2019-12-03T04:00:00+00:00\" \/>\n<meta property=\"og:image\" content=\"https:\/\/www.mzone.cz\/wp-content\/uploads\/2019\/12\/Tv\u016frci-klipu-Na\u0161e-cesty-1024x683.jpg\" \/>\n\t<meta property=\"og:image:width\" content=\"1024\" \/>\n\t<meta property=\"og:image:height\" content=\"683\" \/>\n\t<meta property=\"og:image:type\" content=\"image\/jpeg\" \/>\n<meta name=\"author\" content=\"Mzone\" \/>\n<meta name=\"twitter:card\" content=\"summary_large_image\" \/>\n<meta name=\"twitter:label1\" content=\"Written by\" \/>\n\t<meta name=\"twitter:data1\" content=\"Mzone\" \/>\n\t<meta name=\"twitter:label2\" content=\"Est. reading time\" \/>\n\t<meta name=\"twitter:data2\" content=\"9 minutes\" \/>\n<script type=\"application\/ld+json\" class=\"yoast-schema-graph\">{\"@context\":\"https:\\\/\\\/schema.org\",\"@graph\":[{\"@type\":\"Article\",\"@id\":\"https:\\\/\\\/www.mzone.cz\\\/svoboda-nebyla-vzdy-samozrejmosti-rikaji-tvurci-noveho-klipu-marka-ztraceneho-nase-cesty\\\/#article\",\"isPartOf\":{\"@id\":\"https:\\\/\\\/www.mzone.cz\\\/svoboda-nebyla-vzdy-samozrejmosti-rikaji-tvurci-noveho-klipu-marka-ztraceneho-nase-cesty\\\/\"},\"author\":{\"name\":\"Mzone\",\"@id\":\"https:\\\/\\\/www.mzone.cz\\\/#\\\/schema\\\/person\\\/9bc20cc422a99cac4af6ff9297da32d4\"},\"headline\":\"Svoboda nebyla v\u017edy samoz\u0159ejmost\u00ed, \u0159\u00edkaj\u00ed tv\u016frci nov\u00e9ho klipu Marka Ztracen\u00e9ho Na\u0161e cesty\",\"datePublished\":\"2019-12-03T04:00:00+00:00\",\"mainEntityOfPage\":{\"@id\":\"https:\\\/\\\/www.mzone.cz\\\/svoboda-nebyla-vzdy-samozrejmosti-rikaji-tvurci-noveho-klipu-marka-ztraceneho-nase-cesty\\\/\"},\"wordCount\":1899,\"commentCount\":0,\"image\":{\"@id\":\"https:\\\/\\\/www.mzone.cz\\\/svoboda-nebyla-vzdy-samozrejmosti-rikaji-tvurci-noveho-klipu-marka-ztraceneho-nase-cesty\\\/#primaryimage\"},\"thumbnailUrl\":\"https:\\\/\\\/www.mzone.cz\\\/wp-content\\\/uploads\\\/2019\\\/12\\\/Tv\u016frci-klipu-Na\u0161e-cesty.jpg\",\"keywords\":[\"Daniel Horn\u00edk\",\"hudba\",\"Jaroslav Zderadi\u010dka\",\"klip\",\"Kultura\",\"Marek Ztracen\u00fd\",\"muzika\",\"Na\u0161e cesty\",\"Rozhovor\",\"tvorba\",\"tv\u016frci\",\"videoklip\",\"vznik\",\"zp\u011bv\u00e1k\"],\"articleSection\":[\"Hudba\",\"Kultura\"],\"inLanguage\":\"en-US\",\"potentialAction\":[{\"@type\":\"CommentAction\",\"name\":\"Comment\",\"target\":[\"https:\\\/\\\/www.mzone.cz\\\/svoboda-nebyla-vzdy-samozrejmosti-rikaji-tvurci-noveho-klipu-marka-ztraceneho-nase-cesty\\\/#respond\"]}]},{\"@type\":\"WebPage\",\"@id\":\"https:\\\/\\\/www.mzone.cz\\\/svoboda-nebyla-vzdy-samozrejmosti-rikaji-tvurci-noveho-klipu-marka-ztraceneho-nase-cesty\\\/\",\"url\":\"https:\\\/\\\/www.mzone.cz\\\/svoboda-nebyla-vzdy-samozrejmosti-rikaji-tvurci-noveho-klipu-marka-ztraceneho-nase-cesty\\\/\",\"name\":\"Svoboda nebyla v\u017edy samoz\u0159ejmost\u00ed, \u0159\u00edkaj\u00ed tv\u016frci nov\u00e9ho klipu Marka Ztracen\u00e9ho Na\u0161e cesty - Mzone\",\"isPartOf\":{\"@id\":\"https:\\\/\\\/www.mzone.cz\\\/#website\"},\"primaryImageOfPage\":{\"@id\":\"https:\\\/\\\/www.mzone.cz\\\/svoboda-nebyla-vzdy-samozrejmosti-rikaji-tvurci-noveho-klipu-marka-ztraceneho-nase-cesty\\\/#primaryimage\"},\"image\":{\"@id\":\"https:\\\/\\\/www.mzone.cz\\\/svoboda-nebyla-vzdy-samozrejmosti-rikaji-tvurci-noveho-klipu-marka-ztraceneho-nase-cesty\\\/#primaryimage\"},\"thumbnailUrl\":\"https:\\\/\\\/www.mzone.cz\\\/wp-content\\\/uploads\\\/2019\\\/12\\\/Tv\u016frci-klipu-Na\u0161e-cesty.jpg\",\"datePublished\":\"2019-12-03T04:00:00+00:00\",\"author\":{\"@id\":\"https:\\\/\\\/www.mzone.cz\\\/#\\\/schema\\\/person\\\/9bc20cc422a99cac4af6ff9297da32d4\"},\"description\":\"V polovin\u011b \u0159\u00edjna tohoto roku m\u011bl premi\u00e9ru nov\u00fd videoklip Marka Ztracen\u00e9ho s n\u00e1zvem Na\u0161e cesty. Videoklip p\u0159ipom\u00edn\u00e1 dobu totalitn\u00edho re\u017eimu u n\u00e1s a zobrazuje mlad\u00fd p\u00e1r na \u00fat\u011bku p\u0159es \u0161umavsk\u00fd hrani\u010dn\u00ed p\u0159echod.\",\"breadcrumb\":{\"@id\":\"https:\\\/\\\/www.mzone.cz\\\/svoboda-nebyla-vzdy-samozrejmosti-rikaji-tvurci-noveho-klipu-marka-ztraceneho-nase-cesty\\\/#breadcrumb\"},\"inLanguage\":\"en-US\",\"potentialAction\":[{\"@type\":\"ReadAction\",\"target\":[\"https:\\\/\\\/www.mzone.cz\\\/svoboda-nebyla-vzdy-samozrejmosti-rikaji-tvurci-noveho-klipu-marka-ztraceneho-nase-cesty\\\/\"]}]},{\"@type\":\"ImageObject\",\"inLanguage\":\"en-US\",\"@id\":\"https:\\\/\\\/www.mzone.cz\\\/svoboda-nebyla-vzdy-samozrejmosti-rikaji-tvurci-noveho-klipu-marka-ztraceneho-nase-cesty\\\/#primaryimage\",\"url\":\"https:\\\/\\\/www.mzone.cz\\\/wp-content\\\/uploads\\\/2019\\\/12\\\/Tv\u016frci-klipu-Na\u0161e-cesty.jpg\",\"contentUrl\":\"https:\\\/\\\/www.mzone.cz\\\/wp-content\\\/uploads\\\/2019\\\/12\\\/Tv\u016frci-klipu-Na\u0161e-cesty.jpg\",\"width\":2470,\"height\":1647},{\"@type\":\"BreadcrumbList\",\"@id\":\"https:\\\/\\\/www.mzone.cz\\\/svoboda-nebyla-vzdy-samozrejmosti-rikaji-tvurci-noveho-klipu-marka-ztraceneho-nase-cesty\\\/#breadcrumb\",\"itemListElement\":[{\"@type\":\"ListItem\",\"position\":1,\"name\":\"Dom\u016f\",\"item\":\"https:\\\/\\\/www.mzone.cz\\\/\"},{\"@type\":\"ListItem\",\"position\":2,\"name\":\"Svoboda nebyla v\u017edy samoz\u0159ejmost\u00ed, \u0159\u00edkaj\u00ed tv\u016frci nov\u00e9ho klipu Marka Ztracen\u00e9ho Na\u0161e cesty\"}]},{\"@type\":\"WebSite\",\"@id\":\"https:\\\/\\\/www.mzone.cz\\\/#website\",\"url\":\"https:\\\/\\\/www.mzone.cz\\\/\",\"name\":\"Mzone\",\"description\":\"Magaz\u00edn nejen pro mu\u017ee\",\"potentialAction\":[{\"@type\":\"SearchAction\",\"target\":{\"@type\":\"EntryPoint\",\"urlTemplate\":\"https:\\\/\\\/www.mzone.cz\\\/?s={search_term_string}\"},\"query-input\":{\"@type\":\"PropertyValueSpecification\",\"valueRequired\":true,\"valueName\":\"search_term_string\"}}],\"inLanguage\":\"en-US\"},{\"@type\":\"Person\",\"@id\":\"https:\\\/\\\/www.mzone.cz\\\/#\\\/schema\\\/person\\\/9bc20cc422a99cac4af6ff9297da32d4\",\"name\":\"Mzone\",\"image\":{\"@type\":\"ImageObject\",\"inLanguage\":\"en-US\",\"@id\":\"https:\\\/\\\/secure.gravatar.com\\\/avatar\\\/e780a8630f3182a3d06dd667ab6bea151a0d155b0951bc15fe22633acdac0676?s=96&d=mm&r=g\",\"url\":\"https:\\\/\\\/secure.gravatar.com\\\/avatar\\\/e780a8630f3182a3d06dd667ab6bea151a0d155b0951bc15fe22633acdac0676?s=96&d=mm&r=g\",\"contentUrl\":\"https:\\\/\\\/secure.gravatar.com\\\/avatar\\\/e780a8630f3182a3d06dd667ab6bea151a0d155b0951bc15fe22633acdac0676?s=96&d=mm&r=g\",\"caption\":\"Mzone\"},\"url\":\"https:\\\/\\\/www.mzone.cz\\\/en\\\/author\\\/jakub\\\/\"}]}<\/script>\n<!-- \/ Yoast SEO plugin. -->","yoast_head_json":{"title":"Svoboda nebyla v\u017edy samoz\u0159ejmost\u00ed, \u0159\u00edkaj\u00ed tv\u016frci nov\u00e9ho klipu Marka Ztracen\u00e9ho Na\u0161e cesty - Mzone","description":"V polovin\u011b \u0159\u00edjna tohoto roku m\u011bl premi\u00e9ru nov\u00fd videoklip Marka Ztracen\u00e9ho s n\u00e1zvem Na\u0161e cesty. Videoklip p\u0159ipom\u00edn\u00e1 dobu totalitn\u00edho re\u017eimu u n\u00e1s a zobrazuje mlad\u00fd p\u00e1r na \u00fat\u011bku p\u0159es \u0161umavsk\u00fd hrani\u010dn\u00ed p\u0159echod.","robots":{"index":"index","follow":"follow","max-snippet":"max-snippet:-1","max-image-preview":"max-image-preview:large","max-video-preview":"max-video-preview:-1"},"canonical":"https:\/\/www.mzone.cz\/en\/svoboda-nebyla-vzdy-samozrejmosti-rikaji-tvurci-noveho-klipu-marka-ztraceneho-nase-cesty\/","og_locale":"en_US","og_type":"article","og_title":"Svoboda nebyla v\u017edy samoz\u0159ejmost\u00ed, \u0159\u00edkaj\u00ed tv\u016frci nov\u00e9ho klipu Marka Ztracen\u00e9ho Na\u0161e cesty - Mzone","og_description":"V polovin\u011b \u0159\u00edjna tohoto roku m\u011bl premi\u00e9ru nov\u00fd videoklip Marka Ztracen\u00e9ho s n\u00e1zvem Na\u0161e cesty. Videoklip p\u0159ipom\u00edn\u00e1 dobu totalitn\u00edho re\u017eimu u n\u00e1s a zobrazuje mlad\u00fd p\u00e1r na \u00fat\u011bku p\u0159es \u0161umavsk\u00fd hrani\u010dn\u00ed p\u0159echod.","og_url":"https:\/\/www.mzone.cz\/en\/svoboda-nebyla-vzdy-samozrejmosti-rikaji-tvurci-noveho-klipu-marka-ztraceneho-nase-cesty\/","og_site_name":"Mzone","article_publisher":"https:\/\/www.facebook.com\/MzoneCZ\/","article_published_time":"2019-12-03T04:00:00+00:00","og_image":[{"width":1024,"height":683,"url":"https:\/\/www.mzone.cz\/wp-content\/uploads\/2019\/12\/Tv\u016frci-klipu-Na\u0161e-cesty-1024x683.jpg","type":"image\/jpeg"}],"author":"Mzone","twitter_card":"summary_large_image","twitter_misc":{"Written by":"Mzone","Est. reading time":"9 minutes"},"schema":{"@context":"https:\/\/schema.org","@graph":[{"@type":"Article","@id":"https:\/\/www.mzone.cz\/svoboda-nebyla-vzdy-samozrejmosti-rikaji-tvurci-noveho-klipu-marka-ztraceneho-nase-cesty\/#article","isPartOf":{"@id":"https:\/\/www.mzone.cz\/svoboda-nebyla-vzdy-samozrejmosti-rikaji-tvurci-noveho-klipu-marka-ztraceneho-nase-cesty\/"},"author":{"name":"Mzone","@id":"https:\/\/www.mzone.cz\/#\/schema\/person\/9bc20cc422a99cac4af6ff9297da32d4"},"headline":"Svoboda nebyla v\u017edy samoz\u0159ejmost\u00ed, \u0159\u00edkaj\u00ed tv\u016frci nov\u00e9ho klipu Marka Ztracen\u00e9ho Na\u0161e cesty","datePublished":"2019-12-03T04:00:00+00:00","mainEntityOfPage":{"@id":"https:\/\/www.mzone.cz\/svoboda-nebyla-vzdy-samozrejmosti-rikaji-tvurci-noveho-klipu-marka-ztraceneho-nase-cesty\/"},"wordCount":1899,"commentCount":0,"image":{"@id":"https:\/\/www.mzone.cz\/svoboda-nebyla-vzdy-samozrejmosti-rikaji-tvurci-noveho-klipu-marka-ztraceneho-nase-cesty\/#primaryimage"},"thumbnailUrl":"https:\/\/www.mzone.cz\/wp-content\/uploads\/2019\/12\/Tv\u016frci-klipu-Na\u0161e-cesty.jpg","keywords":["Daniel Horn\u00edk","hudba","Jaroslav Zderadi\u010dka","klip","Kultura","Marek Ztracen\u00fd","muzika","Na\u0161e cesty","Rozhovor","tvorba","tv\u016frci","videoklip","vznik","zp\u011bv\u00e1k"],"articleSection":["Hudba","Kultura"],"inLanguage":"en-US","potentialAction":[{"@type":"CommentAction","name":"Comment","target":["https:\/\/www.mzone.cz\/svoboda-nebyla-vzdy-samozrejmosti-rikaji-tvurci-noveho-klipu-marka-ztraceneho-nase-cesty\/#respond"]}]},{"@type":"WebPage","@id":"https:\/\/www.mzone.cz\/svoboda-nebyla-vzdy-samozrejmosti-rikaji-tvurci-noveho-klipu-marka-ztraceneho-nase-cesty\/","url":"https:\/\/www.mzone.cz\/svoboda-nebyla-vzdy-samozrejmosti-rikaji-tvurci-noveho-klipu-marka-ztraceneho-nase-cesty\/","name":"Svoboda nebyla v\u017edy samoz\u0159ejmost\u00ed, \u0159\u00edkaj\u00ed tv\u016frci nov\u00e9ho klipu Marka Ztracen\u00e9ho Na\u0161e cesty - Mzone","isPartOf":{"@id":"https:\/\/www.mzone.cz\/#website"},"primaryImageOfPage":{"@id":"https:\/\/www.mzone.cz\/svoboda-nebyla-vzdy-samozrejmosti-rikaji-tvurci-noveho-klipu-marka-ztraceneho-nase-cesty\/#primaryimage"},"image":{"@id":"https:\/\/www.mzone.cz\/svoboda-nebyla-vzdy-samozrejmosti-rikaji-tvurci-noveho-klipu-marka-ztraceneho-nase-cesty\/#primaryimage"},"thumbnailUrl":"https:\/\/www.mzone.cz\/wp-content\/uploads\/2019\/12\/Tv\u016frci-klipu-Na\u0161e-cesty.jpg","datePublished":"2019-12-03T04:00:00+00:00","author":{"@id":"https:\/\/www.mzone.cz\/#\/schema\/person\/9bc20cc422a99cac4af6ff9297da32d4"},"description":"V polovin\u011b \u0159\u00edjna tohoto roku m\u011bl premi\u00e9ru nov\u00fd videoklip Marka Ztracen\u00e9ho s n\u00e1zvem Na\u0161e cesty. Videoklip p\u0159ipom\u00edn\u00e1 dobu totalitn\u00edho re\u017eimu u n\u00e1s a zobrazuje mlad\u00fd p\u00e1r na \u00fat\u011bku p\u0159es \u0161umavsk\u00fd hrani\u010dn\u00ed p\u0159echod.","breadcrumb":{"@id":"https:\/\/www.mzone.cz\/svoboda-nebyla-vzdy-samozrejmosti-rikaji-tvurci-noveho-klipu-marka-ztraceneho-nase-cesty\/#breadcrumb"},"inLanguage":"en-US","potentialAction":[{"@type":"ReadAction","target":["https:\/\/www.mzone.cz\/svoboda-nebyla-vzdy-samozrejmosti-rikaji-tvurci-noveho-klipu-marka-ztraceneho-nase-cesty\/"]}]},{"@type":"ImageObject","inLanguage":"en-US","@id":"https:\/\/www.mzone.cz\/svoboda-nebyla-vzdy-samozrejmosti-rikaji-tvurci-noveho-klipu-marka-ztraceneho-nase-cesty\/#primaryimage","url":"https:\/\/www.mzone.cz\/wp-content\/uploads\/2019\/12\/Tv\u016frci-klipu-Na\u0161e-cesty.jpg","contentUrl":"https:\/\/www.mzone.cz\/wp-content\/uploads\/2019\/12\/Tv\u016frci-klipu-Na\u0161e-cesty.jpg","width":2470,"height":1647},{"@type":"BreadcrumbList","@id":"https:\/\/www.mzone.cz\/svoboda-nebyla-vzdy-samozrejmosti-rikaji-tvurci-noveho-klipu-marka-ztraceneho-nase-cesty\/#breadcrumb","itemListElement":[{"@type":"ListItem","position":1,"name":"Dom\u016f","item":"https:\/\/www.mzone.cz\/"},{"@type":"ListItem","position":2,"name":"Svoboda nebyla v\u017edy samoz\u0159ejmost\u00ed, \u0159\u00edkaj\u00ed tv\u016frci nov\u00e9ho klipu Marka Ztracen\u00e9ho Na\u0161e cesty"}]},{"@type":"WebSite","@id":"https:\/\/www.mzone.cz\/#website","url":"https:\/\/www.mzone.cz\/","name":"Mzone","description":"Magaz\u00edn nejen pro mu\u017ee","potentialAction":[{"@type":"SearchAction","target":{"@type":"EntryPoint","urlTemplate":"https:\/\/www.mzone.cz\/?s={search_term_string}"},"query-input":{"@type":"PropertyValueSpecification","valueRequired":true,"valueName":"search_term_string"}}],"inLanguage":"en-US"},{"@type":"Person","@id":"https:\/\/www.mzone.cz\/#\/schema\/person\/9bc20cc422a99cac4af6ff9297da32d4","name":"Mzone","image":{"@type":"ImageObject","inLanguage":"en-US","@id":"https:\/\/secure.gravatar.com\/avatar\/e780a8630f3182a3d06dd667ab6bea151a0d155b0951bc15fe22633acdac0676?s=96&d=mm&r=g","url":"https:\/\/secure.gravatar.com\/avatar\/e780a8630f3182a3d06dd667ab6bea151a0d155b0951bc15fe22633acdac0676?s=96&d=mm&r=g","contentUrl":"https:\/\/secure.gravatar.com\/avatar\/e780a8630f3182a3d06dd667ab6bea151a0d155b0951bc15fe22633acdac0676?s=96&d=mm&r=g","caption":"Mzone"},"url":"https:\/\/www.mzone.cz\/en\/author\/jakub\/"}]}},"_links":{"self":[{"href":"https:\/\/www.mzone.cz\/en\/wp-json\/wp\/v2\/posts\/14370","targetHints":{"allow":["GET"]}}],"collection":[{"href":"https:\/\/www.mzone.cz\/en\/wp-json\/wp\/v2\/posts"}],"about":[{"href":"https:\/\/www.mzone.cz\/en\/wp-json\/wp\/v2\/types\/post"}],"author":[{"embeddable":true,"href":"https:\/\/www.mzone.cz\/en\/wp-json\/wp\/v2\/users\/4"}],"replies":[{"embeddable":true,"href":"https:\/\/www.mzone.cz\/en\/wp-json\/wp\/v2\/comments?post=14370"}],"version-history":[{"count":23,"href":"https:\/\/www.mzone.cz\/en\/wp-json\/wp\/v2\/posts\/14370\/revisions"}],"predecessor-version":[{"id":14401,"href":"https:\/\/www.mzone.cz\/en\/wp-json\/wp\/v2\/posts\/14370\/revisions\/14401"}],"wp:featuredmedia":[{"embeddable":true,"href":"https:\/\/www.mzone.cz\/en\/wp-json\/wp\/v2\/media\/14372"}],"wp:attachment":[{"href":"https:\/\/www.mzone.cz\/en\/wp-json\/wp\/v2\/media?parent=14370"}],"wp:term":[{"taxonomy":"category","embeddable":true,"href":"https:\/\/www.mzone.cz\/en\/wp-json\/wp\/v2\/categories?post=14370"},{"taxonomy":"post_tag","embeddable":true,"href":"https:\/\/www.mzone.cz\/en\/wp-json\/wp\/v2\/tags?post=14370"}],"curies":[{"name":"wp","href":"https:\/\/api.w.org\/{rel}","templated":true}]}}