{"id":14550,"date":"2019-12-10T05:00:00","date_gmt":"2019-12-10T04:00:00","guid":{"rendered":"https:\/\/www.mzone.cz\/?p=14550"},"modified":"2019-11-28T15:33:44","modified_gmt":"2019-11-28T14:33:44","slug":"cesky-lev-bude-v-modrobilych-barvach-galavecer-probehne-7-brezna","status":"publish","type":"post","link":"https:\/\/www.mzone.cz\/en\/cesky-lev-bude-v-modrobilych-barvach-galavecer-probehne-7-brezna\/","title":{"rendered":"\u010cesk\u00fd lev bude v modrob\u00edl\u00fdch barv\u00e1ch! Galave\u010der prob\u011bhne 7. b\u0159ezna"},"content":{"rendered":"<p><strong>\u010cesk\u00e1 filmov\u00e1 a televizn\u00ed akademie (\u010cFTA) bude po sedmadvac\u00e1t\u00e9 rozd\u00e1vat sv\u00e9 v\u00fdro\u010dn\u00ed ceny symbolizovan\u00e9 so\u0161kou \u010cesk\u00e9ho lva. Stane se tak na galave\u010deru v sobotu 7. b\u0159ezna 2020 ve Dvo\u0159\u00e1kov\u011b s\u00edni pra\u017esk\u00e9ho Rudolfina.<\/strong><\/p><br>\n\n\n\n<p>Role moder\u00e1tora se zhost\u00ed ji\u017e podruh\u00e9 herec V\u00e1clav Kopta. Kreativn\u00ed supervize bude n\u00e1le\u017eet renomovan\u00e9mu re\u017eis\u00e9rovi Marku Najbrtovi a z re\u017eis\u00e9rsk\u00e9 \u017eidle bude pr\u016fb\u011bh slavnostn\u00edho ve\u010dera \u0159\u00eddit jeho nem\u00e9n\u011b zku\u0161en\u00fd kolega Michael \u010cech. Sc\u00e9na bude d\u00edlem Martina Chocholou\u0161ka.<\/p>\n\n\n\n<blockquote class=\"wp-block-quote is-layout-flow wp-block-quote-is-layout-flow\"><p>\u010cesk\u00fd lev dostal k nadch\u00e1zej\u00edc\u00edmu ro\u010dn\u00edku nov\u00fd vizu\u00e1ln\u00ed styl odkazuj\u00edc\u00ed k tradi\u010dn\u00edmu \u010desk\u00e9mu cibul\u00e1ku.<\/p><\/blockquote>\n\n\n\n<p>Nominace pro ceny \u010cesk\u00e9 filmov\u00e9 a televizn\u00ed akademie za rok 2019 budou vyhl\u00e1\u0161eny na tiskov\u00e9 konferenci 15. ledna 2020.<\/p><br>\n\n\n\n<figure class=\"wp-block-image size-large\"><img loading=\"lazy\" decoding=\"async\" width=\"693\" height=\"1024\" src=\"https:\/\/www.mzone.cz\/wp-content\/uploads\/2019\/11\/27.-\u010cesk\u00fd-lev-vizu\u00e1l2_m-693x1024.jpg\" alt=\"\" class=\"wp-image-14555\" srcset=\"https:\/\/www.mzone.cz\/wp-content\/uploads\/2019\/11\/27.-\u010cesk\u00fd-lev-vizu\u00e1l2_m-693x1024.jpg 693w, https:\/\/www.mzone.cz\/wp-content\/uploads\/2019\/11\/27.-\u010cesk\u00fd-lev-vizu\u00e1l2_m-203x300.jpg 203w, https:\/\/www.mzone.cz\/wp-content\/uploads\/2019\/11\/27.-\u010cesk\u00fd-lev-vizu\u00e1l2_m-768x1134.jpg 768w, https:\/\/www.mzone.cz\/wp-content\/uploads\/2019\/11\/27.-\u010cesk\u00fd-lev-vizu\u00e1l2_m-1040x1536.jpg 1040w, https:\/\/www.mzone.cz\/wp-content\/uploads\/2019\/11\/27.-\u010cesk\u00fd-lev-vizu\u00e1l2_m-677x999.jpg 677w, https:\/\/www.mzone.cz\/wp-content\/uploads\/2019\/11\/27.-\u010cesk\u00fd-lev-vizu\u00e1l2_m-590x871.jpg 590w, https:\/\/www.mzone.cz\/wp-content\/uploads\/2019\/11\/27.-\u010cesk\u00fd-lev-vizu\u00e1l2_m.jpg 1070w\" sizes=\"auto, (max-width: 693px) 100vw, 693px\" \/><\/figure>\n\n\n\n<p>\u201eV\u00edce ne\u017e 300 renomovan\u00fdch filmov\u00fdch profesion\u00e1l\u016f hodnot\u00ed v patn\u00e1cti kreativn\u00edch kategori\u00edch hran\u00e9, animovan\u00e9 a dokument\u00e1rn\u00ed filmy a ve dvou kategori\u00edch televizn\u00ed tvorbu,\u201d uv\u00e1d\u00ed v\u00fdkonn\u00e1 \u0159editelka \u010cFTA Tereza Rychnovsk\u00e1 a objas\u0148uje d\u00e1le: \u201ePatn\u00e1cti\u010dlenn\u00e9 prez\u00eddium \u010cFTA pak oce\u0148uje ka\u017edoro\u010dn\u011b mimo\u0159\u00e1dn\u00fd p\u0159\u00ednos \u010desk\u00e9 kinematografii a m\u016f\u017ee ud\u011blit i cenu za mimo\u0159\u00e1dn\u00fd po\u010din v oblasti audiovize.\u201d<\/p>\n\n\n\n<blockquote class=\"wp-block-quote is-layout-flow wp-block-quote-is-layout-flow\"><p>Dodejme, \u017ee nejv\u00edce \u010cesk\u00fdch lv\u016f, rovn\u00fd tucet, si dosud odnesl film Masaryk Julia \u0160ev\u010d\u00edka za rok 2016 a jen o jednoho m\u00e9n\u011b z\u00edskal t\u0159i roky p\u0159ed t\u00edm Ho\u0159\u00edc\u00ed ke\u0159 Agnieszky Hollandov\u00e9.<\/p><\/blockquote>\n\n\n\n<p>Historicky nej\u00fasp\u011b\u0161n\u011bj\u0161\u00ed here\u010dkou mezi akademiky je Anna Geislerov\u00e1 s celkem p\u011bti \u010cesk\u00fdmi lvy, mezi mu\u017ei pak vede zcela p\u0159esv\u011bd\u010div\u011b Ivan Trojan se \u0161estic\u00ed so\u0161ek. V\u00fdb\u011br \u00fasp\u011b\u0161n\u00fdch sn\u00edmk\u016f \u010desk\u00e9 kinematografie nab\u00edz\u00ed \u010cFTA ke zhl\u00e9dnut\u00ed na <a href=\"http:\/\/www.ceskylev.cz\/cz\/filmy-online\">webu \u010cesk\u00e9ho lva<\/a>.<\/p><br>\n\n\n\n<p>Moder\u00e1tor slavnostn\u00edho galave\u010dera V\u00e1clav Kopta svou roli komentuje: \u201eVstupujeme sice podruh\u00e9 do stejn\u00e9 \u0159eky, ale chceme to pojmout trochu jinak, tak\u017ee se k docela \u00fasp\u011b\u0161n\u00e9mu lo\u0148sk\u00e9mu ro\u010dn\u00edku oto\u010d\u00edme z\u00e1dy a k \u010cesk\u00fdm lv\u016fm vlezeme do klece jin\u00fdmi dve\u0159mi,\u201d a s \u00fasm\u011bvem dod\u00e1v\u00e1: \u201eKl\u00ed\u010d k t\u011bmto dve\u0159\u00edm nehled\u00e1m ale s\u00e1m, m\u00e1m kolem sebe zku\u0161en\u00fd t\u00fdm krotitel\u016f v \u010dele s Markem Najbrtem, kter\u00fdm v\u011b\u0159\u00edm, a spol\u00e9h\u00e1m na to, \u017ee m\u011b t\u011bmi \u010cesk\u00fdmi lvy nenechaj\u00ed se\u017erat. Z\u016fst\u00e1v\u00e1m koptimistou!\u201d<\/p><br>\n\n\n\n<div class=\"wp-block-image\"><figure class=\"alignleft size-large is-resized\"><img loading=\"lazy\" decoding=\"async\" src=\"https:\/\/www.mzone.cz\/wp-content\/uploads\/2019\/09\/Nabarven\u00e9-pt\u00e1\u010de.jpg\" alt=\"\" class=\"wp-image-12918\" width=\"160\" height=\"106\" srcset=\"https:\/\/www.mzone.cz\/wp-content\/uploads\/2019\/09\/Nabarven\u00e9-pt\u00e1\u010de.jpg 760w, https:\/\/www.mzone.cz\/wp-content\/uploads\/2019\/09\/Nabarven\u00e9-pt\u00e1\u010de-300x200.jpg 300w, https:\/\/www.mzone.cz\/wp-content\/uploads\/2019\/09\/Nabarven\u00e9-pt\u00e1\u010de-400x267.jpg 400w, https:\/\/www.mzone.cz\/wp-content\/uploads\/2019\/09\/Nabarven\u00e9-pt\u00e1\u010de-500x333.jpg 500w, https:\/\/www.mzone.cz\/wp-content\/uploads\/2019\/09\/Nabarven\u00e9-pt\u00e1\u010de-590x394.jpg 590w\" sizes=\"auto, (max-width: 160px) 100vw, 160px\" \/><\/figure><\/div>\n\n\n\n<h4><a href=\"https:\/\/www.mzone.cz\/nekompromisni-nabarvene-ptace-vaclava-marhoula-poleti-do-los-angeles-bojovat-o-nominaci-na-oscara\/\">Nekompromisn\u00ed Nabarven\u00e9 pt\u00e1\u010de V\u00e1clava Marhoula polet\u00ed do Los Angeles bojovat o nominaci na Oscara<\/a><\/h4><br>\n\n\n\n<p>Novinkou sedmadvac\u00e1t\u00fdch v\u00fdro\u010dn\u00edch cen je zcela nov\u00fd vizu\u00e1ln\u00ed styl, kter\u00fd letos studio Dynamo design pojalo jako ne\u010dekanou, ale s tradicemi konvenuj\u00edc\u00ed kombinaci \u010cesk\u00e9ho lva a \u010desk\u00e9ho cibul\u00e1ku s jeho typick\u00fdm modrob\u00edl\u00fdm dekorem.<\/p>\n\n\n\n<blockquote class=\"wp-block-quote is-layout-flow wp-block-quote-is-layout-flow\"><p>\u201eVytv\u00e1\u0159en\u00ed vizu\u00e1ln\u00edho stylu pro \u010cesk\u00e9ho lva je v\u017edy pocta a z\u00e1rove\u0148 p\u0159\u00edjemn\u00e1 v\u00fdzva. Letos jsme zap\u00e1trali hloub\u011bji v na\u0161ich n\u00e1rodn\u00edch ko\u0159enech a spojili \u010cesk\u00e9ho lva s \u010desk\u00fdm cibul\u00e1kem. V\u011b\u0159\u00edme, \u017ee toto propojen\u00ed je pom\u011brn\u011b p\u0159ekvapiv\u00e9 a bude v\u00fdrazn\u00fdm osv\u011b\u017een\u00edm cel\u00e9 komunikace ro\u010dn\u00edku,\u201d vysv\u011btluje Jan \u0160l\u00e9gr, senior graphic designer studia Dynamo design.<\/p><\/blockquote>\n\n\n\n<p>\u201eNa\u0161e koncepce vych\u00e1z\u00ed z toho, co se v minul\u00e9m roce osv\u011bd\u010dilo. Z novinek nicm\u00e9n\u011b stoj\u00ed za zm\u00ednku pr\u00e1v\u011b v\u00fdrazn\u00fd grafick\u00fd vizu\u00e1l, jeho\u017e motivy se uplatn\u00ed i v pr\u016fb\u011bhu ve\u010dera,\u201c dod\u00e1v\u00e1 supervizor \u010cesk\u00fdch lv\u016f Marek Najbrt.<\/p><br>\n\n\n\n<p>\u010cesk\u00fd lev je presti\u017en\u00ed \u010desk\u00e1 filmov\u00e1 cena ud\u011blovan\u00e1 od roku 1993. Filmy jsou hodnoceny na z\u00e1klad\u011b hlasov\u00e1n\u00ed \u010dlen\u016f \u010cesk\u00e9 filmov\u00e9 a televizn\u00ed akademie. Slavnostn\u00ed ceremoni\u00e1l vyhl\u00e1\u0161en\u00ed v\u00fdsledk\u016f se uskute\u010dn\u00ed v sobotu 7. b\u0159ezna 2020 ve Dvo\u0159\u00e1kov\u011b s\u00edni pra\u017esk\u00e9ho Rudolfina a v p\u0159\u00edm\u00e9m p\u0159enosu jej odvys\u00edl\u00e1 \u010cesk\u00e1 televize na \u010cT1 od 20 hodin. Nominace budou vyhl\u00e1\u0161eny 15. ledna 2020 v prostor\u00e1ch pra\u017esk\u00e9ho CAMPu a s p\u0159\u00edm\u00fdm p\u0159enosem na \u010cT24.<\/p><br>","protected":false},"excerpt":{"rendered":"<p>\u010cesk\u00e1 filmov\u00e1 a televizn\u00ed akademie (\u010cFTA) bude po sedmadvac\u00e1t\u00e9 rozd\u00e1vat sv\u00e9 v\u00fdro\u010dn\u00ed ceny symbolizovan\u00e9 so\u0161kou \u010cesk\u00e9ho lva. Stane se tak na galave\u010deru v sobotu 7. b\u0159ezna 2020 ve Dvo\u0159\u00e1kov\u011b s\u00edni pra\u017esk\u00e9ho Rudolfina. Role moder\u00e1tora se zhost\u00ed ji\u017e podruh\u00e9 herec V\u00e1clav Kopta. Kreativn\u00ed supervize bude n\u00e1le\u017eet renomovan\u00e9mu re\u017eis\u00e9rovi Marku Najbrtovi a z re\u017eis\u00e9rsk\u00e9 \u017eidle bude pr\u016fb\u011bh [&hellip;]<\/p>\n","protected":false},"author":4,"featured_media":14551,"comment_status":"open","ping_status":"closed","sticky":false,"template":"","format":"standard","meta":{"kk_blocks_editor_width":"","_kiokenblocks_attr":"","_kiokenblocks_dimensions":"","footnotes":""},"categories":[73,71],"tags":[872,2256,1792,3027,541,314,1195,31,1347],"class_list":["post-14550","post","type-post","status-publish","format-standard","has-post-thumbnail","hentry","category-filmy","category-kultura","tag-anketa","tag-ceny","tag-cesky-lev","tag-cfta","tag-film","tag-filmy","tag-galavecer","tag-kultura","tag-oceneni"],"yoast_head":"<!-- This site is optimized with the Yoast SEO plugin v27.5 - https:\/\/yoast.com\/product\/yoast-seo-wordpress\/ -->\n<title>\u010cesk\u00fd lev bude v modrob\u00edl\u00fdch barv\u00e1ch! Galave\u010der prob\u011bhne 7. b\u0159ezna - Mzone<\/title>\n<meta name=\"description\" content=\"\u010cesk\u00e1 filmov\u00e1 a televizn\u00ed akademie (\u010cFTA) bude po sedmadvac\u00e1t\u00e9 rozd\u00e1vat sv\u00e9 v\u00fdro\u010dn\u00ed ceny symbolizovan\u00e9 so\u0161kou \u010cesk\u00e9ho lva. Stane se tak na galave\u010deru v sobotu 7. b\u0159ezna 2020 ve Dvo\u0159\u00e1kov\u011b s\u00edni pra\u017esk\u00e9ho Rudolfina.\" \/>\n<meta name=\"robots\" content=\"index, follow, max-snippet:-1, max-image-preview:large, max-video-preview:-1\" \/>\n<link rel=\"canonical\" href=\"https:\/\/www.mzone.cz\/en\/cesky-lev-bude-v-modrobilych-barvach-galavecer-probehne-7-brezna\/\" \/>\n<meta property=\"og:locale\" content=\"en_US\" \/>\n<meta property=\"og:type\" content=\"article\" \/>\n<meta property=\"og:title\" content=\"\u010cesk\u00fd lev bude v modrob\u00edl\u00fdch barv\u00e1ch! Galave\u010der prob\u011bhne 7. b\u0159ezna - Mzone\" \/>\n<meta property=\"og:description\" content=\"\u010cesk\u00e1 filmov\u00e1 a televizn\u00ed akademie (\u010cFTA) bude po sedmadvac\u00e1t\u00e9 rozd\u00e1vat sv\u00e9 v\u00fdro\u010dn\u00ed ceny symbolizovan\u00e9 so\u0161kou \u010cesk\u00e9ho lva. Stane se tak na galave\u010deru v sobotu 7. b\u0159ezna 2020 ve Dvo\u0159\u00e1kov\u011b s\u00edni pra\u017esk\u00e9ho Rudolfina.\" \/>\n<meta property=\"og:url\" content=\"https:\/\/www.mzone.cz\/en\/cesky-lev-bude-v-modrobilych-barvach-galavecer-probehne-7-brezna\/\" \/>\n<meta property=\"og:site_name\" content=\"Mzone\" \/>\n<meta property=\"article:publisher\" content=\"https:\/\/www.facebook.com\/MzoneCZ\/\" \/>\n<meta property=\"article:published_time\" content=\"2019-12-10T04:00:00+00:00\" \/>\n<meta property=\"og:image\" content=\"https:\/\/www.mzone.cz\/wp-content\/uploads\/2019\/11\/\u010cesk\u00fd-lev.jpg\" \/>\n\t<meta property=\"og:image:width\" content=\"843\" \/>\n\t<meta property=\"og:image:height\" content=\"562\" \/>\n\t<meta property=\"og:image:type\" content=\"image\/jpeg\" \/>\n<meta name=\"author\" content=\"Mzone\" \/>\n<meta name=\"twitter:card\" content=\"summary_large_image\" \/>\n<meta name=\"twitter:label1\" content=\"Written by\" \/>\n\t<meta name=\"twitter:data1\" content=\"Mzone\" \/>\n\t<meta name=\"twitter:label2\" content=\"Est. reading time\" \/>\n\t<meta name=\"twitter:data2\" content=\"3 minutes\" \/>\n<script type=\"application\/ld+json\" class=\"yoast-schema-graph\">{\"@context\":\"https:\\\/\\\/schema.org\",\"@graph\":[{\"@type\":\"Article\",\"@id\":\"https:\\\/\\\/www.mzone.cz\\\/cesky-lev-bude-v-modrobilych-barvach-galavecer-probehne-7-brezna\\\/#article\",\"isPartOf\":{\"@id\":\"https:\\\/\\\/www.mzone.cz\\\/cesky-lev-bude-v-modrobilych-barvach-galavecer-probehne-7-brezna\\\/\"},\"author\":{\"name\":\"Mzone\",\"@id\":\"https:\\\/\\\/www.mzone.cz\\\/#\\\/schema\\\/person\\\/9bc20cc422a99cac4af6ff9297da32d4\"},\"headline\":\"\u010cesk\u00fd lev bude v modrob\u00edl\u00fdch barv\u00e1ch! Galave\u010der prob\u011bhne 7. b\u0159ezna\",\"datePublished\":\"2019-12-10T04:00:00+00:00\",\"mainEntityOfPage\":{\"@id\":\"https:\\\/\\\/www.mzone.cz\\\/cesky-lev-bude-v-modrobilych-barvach-galavecer-probehne-7-brezna\\\/\"},\"wordCount\":713,\"commentCount\":0,\"image\":{\"@id\":\"https:\\\/\\\/www.mzone.cz\\\/cesky-lev-bude-v-modrobilych-barvach-galavecer-probehne-7-brezna\\\/#primaryimage\"},\"thumbnailUrl\":\"https:\\\/\\\/www.mzone.cz\\\/wp-content\\\/uploads\\\/2019\\\/11\\\/\u010cesk\u00fd-lev.jpg\",\"keywords\":[\"anketa\",\"ceny\",\"\u010cesk\u00fd lev\",\"\u010cFTA\",\"film\",\"Filmy\",\"galave\u010der\",\"Kultura\",\"ocen\u011bn\u00ed\"],\"articleSection\":[\"Filmy\",\"Kultura\"],\"inLanguage\":\"en-US\",\"potentialAction\":[{\"@type\":\"CommentAction\",\"name\":\"Comment\",\"target\":[\"https:\\\/\\\/www.mzone.cz\\\/cesky-lev-bude-v-modrobilych-barvach-galavecer-probehne-7-brezna\\\/#respond\"]}]},{\"@type\":\"WebPage\",\"@id\":\"https:\\\/\\\/www.mzone.cz\\\/cesky-lev-bude-v-modrobilych-barvach-galavecer-probehne-7-brezna\\\/\",\"url\":\"https:\\\/\\\/www.mzone.cz\\\/cesky-lev-bude-v-modrobilych-barvach-galavecer-probehne-7-brezna\\\/\",\"name\":\"\u010cesk\u00fd lev bude v modrob\u00edl\u00fdch barv\u00e1ch! Galave\u010der prob\u011bhne 7. b\u0159ezna - Mzone\",\"isPartOf\":{\"@id\":\"https:\\\/\\\/www.mzone.cz\\\/#website\"},\"primaryImageOfPage\":{\"@id\":\"https:\\\/\\\/www.mzone.cz\\\/cesky-lev-bude-v-modrobilych-barvach-galavecer-probehne-7-brezna\\\/#primaryimage\"},\"image\":{\"@id\":\"https:\\\/\\\/www.mzone.cz\\\/cesky-lev-bude-v-modrobilych-barvach-galavecer-probehne-7-brezna\\\/#primaryimage\"},\"thumbnailUrl\":\"https:\\\/\\\/www.mzone.cz\\\/wp-content\\\/uploads\\\/2019\\\/11\\\/\u010cesk\u00fd-lev.jpg\",\"datePublished\":\"2019-12-10T04:00:00+00:00\",\"author\":{\"@id\":\"https:\\\/\\\/www.mzone.cz\\\/#\\\/schema\\\/person\\\/9bc20cc422a99cac4af6ff9297da32d4\"},\"description\":\"\u010cesk\u00e1 filmov\u00e1 a televizn\u00ed akademie (\u010cFTA) bude po sedmadvac\u00e1t\u00e9 rozd\u00e1vat sv\u00e9 v\u00fdro\u010dn\u00ed ceny symbolizovan\u00e9 so\u0161kou \u010cesk\u00e9ho lva. Stane se tak na galave\u010deru v sobotu 7. b\u0159ezna 2020 ve Dvo\u0159\u00e1kov\u011b s\u00edni pra\u017esk\u00e9ho Rudolfina.\",\"breadcrumb\":{\"@id\":\"https:\\\/\\\/www.mzone.cz\\\/cesky-lev-bude-v-modrobilych-barvach-galavecer-probehne-7-brezna\\\/#breadcrumb\"},\"inLanguage\":\"en-US\",\"potentialAction\":[{\"@type\":\"ReadAction\",\"target\":[\"https:\\\/\\\/www.mzone.cz\\\/cesky-lev-bude-v-modrobilych-barvach-galavecer-probehne-7-brezna\\\/\"]}]},{\"@type\":\"ImageObject\",\"inLanguage\":\"en-US\",\"@id\":\"https:\\\/\\\/www.mzone.cz\\\/cesky-lev-bude-v-modrobilych-barvach-galavecer-probehne-7-brezna\\\/#primaryimage\",\"url\":\"https:\\\/\\\/www.mzone.cz\\\/wp-content\\\/uploads\\\/2019\\\/11\\\/\u010cesk\u00fd-lev.jpg\",\"contentUrl\":\"https:\\\/\\\/www.mzone.cz\\\/wp-content\\\/uploads\\\/2019\\\/11\\\/\u010cesk\u00fd-lev.jpg\",\"width\":843,\"height\":562},{\"@type\":\"BreadcrumbList\",\"@id\":\"https:\\\/\\\/www.mzone.cz\\\/cesky-lev-bude-v-modrobilych-barvach-galavecer-probehne-7-brezna\\\/#breadcrumb\",\"itemListElement\":[{\"@type\":\"ListItem\",\"position\":1,\"name\":\"Dom\u016f\",\"item\":\"https:\\\/\\\/www.mzone.cz\\\/\"},{\"@type\":\"ListItem\",\"position\":2,\"name\":\"\u010cesk\u00fd lev bude v modrob\u00edl\u00fdch barv\u00e1ch! Galave\u010der prob\u011bhne 7. b\u0159ezna\"}]},{\"@type\":\"WebSite\",\"@id\":\"https:\\\/\\\/www.mzone.cz\\\/#website\",\"url\":\"https:\\\/\\\/www.mzone.cz\\\/\",\"name\":\"Mzone\",\"description\":\"Magaz\u00edn nejen pro mu\u017ee\",\"potentialAction\":[{\"@type\":\"SearchAction\",\"target\":{\"@type\":\"EntryPoint\",\"urlTemplate\":\"https:\\\/\\\/www.mzone.cz\\\/?s={search_term_string}\"},\"query-input\":{\"@type\":\"PropertyValueSpecification\",\"valueRequired\":true,\"valueName\":\"search_term_string\"}}],\"inLanguage\":\"en-US\"},{\"@type\":\"Person\",\"@id\":\"https:\\\/\\\/www.mzone.cz\\\/#\\\/schema\\\/person\\\/9bc20cc422a99cac4af6ff9297da32d4\",\"name\":\"Mzone\",\"image\":{\"@type\":\"ImageObject\",\"inLanguage\":\"en-US\",\"@id\":\"https:\\\/\\\/secure.gravatar.com\\\/avatar\\\/e780a8630f3182a3d06dd667ab6bea151a0d155b0951bc15fe22633acdac0676?s=96&d=mm&r=g\",\"url\":\"https:\\\/\\\/secure.gravatar.com\\\/avatar\\\/e780a8630f3182a3d06dd667ab6bea151a0d155b0951bc15fe22633acdac0676?s=96&d=mm&r=g\",\"contentUrl\":\"https:\\\/\\\/secure.gravatar.com\\\/avatar\\\/e780a8630f3182a3d06dd667ab6bea151a0d155b0951bc15fe22633acdac0676?s=96&d=mm&r=g\",\"caption\":\"Mzone\"},\"url\":\"https:\\\/\\\/www.mzone.cz\\\/en\\\/author\\\/jakub\\\/\"}]}<\/script>\n<!-- \/ Yoast SEO plugin. -->","yoast_head_json":{"title":"\u010cesk\u00fd lev bude v modrob\u00edl\u00fdch barv\u00e1ch! Galave\u010der prob\u011bhne 7. b\u0159ezna - Mzone","description":"\u010cesk\u00e1 filmov\u00e1 a televizn\u00ed akademie (\u010cFTA) bude po sedmadvac\u00e1t\u00e9 rozd\u00e1vat sv\u00e9 v\u00fdro\u010dn\u00ed ceny symbolizovan\u00e9 so\u0161kou \u010cesk\u00e9ho lva. Stane se tak na galave\u010deru v sobotu 7. b\u0159ezna 2020 ve Dvo\u0159\u00e1kov\u011b s\u00edni pra\u017esk\u00e9ho Rudolfina.","robots":{"index":"index","follow":"follow","max-snippet":"max-snippet:-1","max-image-preview":"max-image-preview:large","max-video-preview":"max-video-preview:-1"},"canonical":"https:\/\/www.mzone.cz\/en\/cesky-lev-bude-v-modrobilych-barvach-galavecer-probehne-7-brezna\/","og_locale":"en_US","og_type":"article","og_title":"\u010cesk\u00fd lev bude v modrob\u00edl\u00fdch barv\u00e1ch! Galave\u010der prob\u011bhne 7. b\u0159ezna - Mzone","og_description":"\u010cesk\u00e1 filmov\u00e1 a televizn\u00ed akademie (\u010cFTA) bude po sedmadvac\u00e1t\u00e9 rozd\u00e1vat sv\u00e9 v\u00fdro\u010dn\u00ed ceny symbolizovan\u00e9 so\u0161kou \u010cesk\u00e9ho lva. Stane se tak na galave\u010deru v sobotu 7. b\u0159ezna 2020 ve Dvo\u0159\u00e1kov\u011b s\u00edni pra\u017esk\u00e9ho Rudolfina.","og_url":"https:\/\/www.mzone.cz\/en\/cesky-lev-bude-v-modrobilych-barvach-galavecer-probehne-7-brezna\/","og_site_name":"Mzone","article_publisher":"https:\/\/www.facebook.com\/MzoneCZ\/","article_published_time":"2019-12-10T04:00:00+00:00","og_image":[{"width":843,"height":562,"url":"https:\/\/www.mzone.cz\/wp-content\/uploads\/2019\/11\/\u010cesk\u00fd-lev.jpg","type":"image\/jpeg"}],"author":"Mzone","twitter_card":"summary_large_image","twitter_misc":{"Written by":"Mzone","Est. reading time":"3 minutes"},"schema":{"@context":"https:\/\/schema.org","@graph":[{"@type":"Article","@id":"https:\/\/www.mzone.cz\/cesky-lev-bude-v-modrobilych-barvach-galavecer-probehne-7-brezna\/#article","isPartOf":{"@id":"https:\/\/www.mzone.cz\/cesky-lev-bude-v-modrobilych-barvach-galavecer-probehne-7-brezna\/"},"author":{"name":"Mzone","@id":"https:\/\/www.mzone.cz\/#\/schema\/person\/9bc20cc422a99cac4af6ff9297da32d4"},"headline":"\u010cesk\u00fd lev bude v modrob\u00edl\u00fdch barv\u00e1ch! Galave\u010der prob\u011bhne 7. b\u0159ezna","datePublished":"2019-12-10T04:00:00+00:00","mainEntityOfPage":{"@id":"https:\/\/www.mzone.cz\/cesky-lev-bude-v-modrobilych-barvach-galavecer-probehne-7-brezna\/"},"wordCount":713,"commentCount":0,"image":{"@id":"https:\/\/www.mzone.cz\/cesky-lev-bude-v-modrobilych-barvach-galavecer-probehne-7-brezna\/#primaryimage"},"thumbnailUrl":"https:\/\/www.mzone.cz\/wp-content\/uploads\/2019\/11\/\u010cesk\u00fd-lev.jpg","keywords":["anketa","ceny","\u010cesk\u00fd lev","\u010cFTA","film","Filmy","galave\u010der","Kultura","ocen\u011bn\u00ed"],"articleSection":["Filmy","Kultura"],"inLanguage":"en-US","potentialAction":[{"@type":"CommentAction","name":"Comment","target":["https:\/\/www.mzone.cz\/cesky-lev-bude-v-modrobilych-barvach-galavecer-probehne-7-brezna\/#respond"]}]},{"@type":"WebPage","@id":"https:\/\/www.mzone.cz\/cesky-lev-bude-v-modrobilych-barvach-galavecer-probehne-7-brezna\/","url":"https:\/\/www.mzone.cz\/cesky-lev-bude-v-modrobilych-barvach-galavecer-probehne-7-brezna\/","name":"\u010cesk\u00fd lev bude v modrob\u00edl\u00fdch barv\u00e1ch! Galave\u010der prob\u011bhne 7. b\u0159ezna - Mzone","isPartOf":{"@id":"https:\/\/www.mzone.cz\/#website"},"primaryImageOfPage":{"@id":"https:\/\/www.mzone.cz\/cesky-lev-bude-v-modrobilych-barvach-galavecer-probehne-7-brezna\/#primaryimage"},"image":{"@id":"https:\/\/www.mzone.cz\/cesky-lev-bude-v-modrobilych-barvach-galavecer-probehne-7-brezna\/#primaryimage"},"thumbnailUrl":"https:\/\/www.mzone.cz\/wp-content\/uploads\/2019\/11\/\u010cesk\u00fd-lev.jpg","datePublished":"2019-12-10T04:00:00+00:00","author":{"@id":"https:\/\/www.mzone.cz\/#\/schema\/person\/9bc20cc422a99cac4af6ff9297da32d4"},"description":"\u010cesk\u00e1 filmov\u00e1 a televizn\u00ed akademie (\u010cFTA) bude po sedmadvac\u00e1t\u00e9 rozd\u00e1vat sv\u00e9 v\u00fdro\u010dn\u00ed ceny symbolizovan\u00e9 so\u0161kou \u010cesk\u00e9ho lva. Stane se tak na galave\u010deru v sobotu 7. b\u0159ezna 2020 ve Dvo\u0159\u00e1kov\u011b s\u00edni pra\u017esk\u00e9ho Rudolfina.","breadcrumb":{"@id":"https:\/\/www.mzone.cz\/cesky-lev-bude-v-modrobilych-barvach-galavecer-probehne-7-brezna\/#breadcrumb"},"inLanguage":"en-US","potentialAction":[{"@type":"ReadAction","target":["https:\/\/www.mzone.cz\/cesky-lev-bude-v-modrobilych-barvach-galavecer-probehne-7-brezna\/"]}]},{"@type":"ImageObject","inLanguage":"en-US","@id":"https:\/\/www.mzone.cz\/cesky-lev-bude-v-modrobilych-barvach-galavecer-probehne-7-brezna\/#primaryimage","url":"https:\/\/www.mzone.cz\/wp-content\/uploads\/2019\/11\/\u010cesk\u00fd-lev.jpg","contentUrl":"https:\/\/www.mzone.cz\/wp-content\/uploads\/2019\/11\/\u010cesk\u00fd-lev.jpg","width":843,"height":562},{"@type":"BreadcrumbList","@id":"https:\/\/www.mzone.cz\/cesky-lev-bude-v-modrobilych-barvach-galavecer-probehne-7-brezna\/#breadcrumb","itemListElement":[{"@type":"ListItem","position":1,"name":"Dom\u016f","item":"https:\/\/www.mzone.cz\/"},{"@type":"ListItem","position":2,"name":"\u010cesk\u00fd lev bude v modrob\u00edl\u00fdch barv\u00e1ch! Galave\u010der prob\u011bhne 7. b\u0159ezna"}]},{"@type":"WebSite","@id":"https:\/\/www.mzone.cz\/#website","url":"https:\/\/www.mzone.cz\/","name":"Mzone","description":"Magaz\u00edn nejen pro mu\u017ee","potentialAction":[{"@type":"SearchAction","target":{"@type":"EntryPoint","urlTemplate":"https:\/\/www.mzone.cz\/?s={search_term_string}"},"query-input":{"@type":"PropertyValueSpecification","valueRequired":true,"valueName":"search_term_string"}}],"inLanguage":"en-US"},{"@type":"Person","@id":"https:\/\/www.mzone.cz\/#\/schema\/person\/9bc20cc422a99cac4af6ff9297da32d4","name":"Mzone","image":{"@type":"ImageObject","inLanguage":"en-US","@id":"https:\/\/secure.gravatar.com\/avatar\/e780a8630f3182a3d06dd667ab6bea151a0d155b0951bc15fe22633acdac0676?s=96&d=mm&r=g","url":"https:\/\/secure.gravatar.com\/avatar\/e780a8630f3182a3d06dd667ab6bea151a0d155b0951bc15fe22633acdac0676?s=96&d=mm&r=g","contentUrl":"https:\/\/secure.gravatar.com\/avatar\/e780a8630f3182a3d06dd667ab6bea151a0d155b0951bc15fe22633acdac0676?s=96&d=mm&r=g","caption":"Mzone"},"url":"https:\/\/www.mzone.cz\/en\/author\/jakub\/"}]}},"_links":{"self":[{"href":"https:\/\/www.mzone.cz\/en\/wp-json\/wp\/v2\/posts\/14550","targetHints":{"allow":["GET"]}}],"collection":[{"href":"https:\/\/www.mzone.cz\/en\/wp-json\/wp\/v2\/posts"}],"about":[{"href":"https:\/\/www.mzone.cz\/en\/wp-json\/wp\/v2\/types\/post"}],"author":[{"embeddable":true,"href":"https:\/\/www.mzone.cz\/en\/wp-json\/wp\/v2\/users\/4"}],"replies":[{"embeddable":true,"href":"https:\/\/www.mzone.cz\/en\/wp-json\/wp\/v2\/comments?post=14550"}],"version-history":[{"count":10,"href":"https:\/\/www.mzone.cz\/en\/wp-json\/wp\/v2\/posts\/14550\/revisions"}],"predecessor-version":[{"id":14566,"href":"https:\/\/www.mzone.cz\/en\/wp-json\/wp\/v2\/posts\/14550\/revisions\/14566"}],"wp:featuredmedia":[{"embeddable":true,"href":"https:\/\/www.mzone.cz\/en\/wp-json\/wp\/v2\/media\/14551"}],"wp:attachment":[{"href":"https:\/\/www.mzone.cz\/en\/wp-json\/wp\/v2\/media?parent=14550"}],"wp:term":[{"taxonomy":"category","embeddable":true,"href":"https:\/\/www.mzone.cz\/en\/wp-json\/wp\/v2\/categories?post=14550"},{"taxonomy":"post_tag","embeddable":true,"href":"https:\/\/www.mzone.cz\/en\/wp-json\/wp\/v2\/tags?post=14550"}],"curies":[{"name":"wp","href":"https:\/\/api.w.org\/{rel}","templated":true}]}}