{"id":14569,"date":"2019-12-02T05:00:00","date_gmt":"2019-12-02T04:00:00","guid":{"rendered":"https:\/\/www.mzone.cz\/?p=14569"},"modified":"2019-11-28T20:41:32","modified_gmt":"2019-11-28T19:41:32","slug":"zavodni-tym-toyoty-vyrazne-posiluje-prichazi-ogier-evans-a-rovanpera","status":"publish","type":"post","link":"https:\/\/www.mzone.cz\/en\/zavodni-tym-toyoty-vyrazne-posiluje-prichazi-ogier-evans-a-rovanpera\/","title":{"rendered":"Z\u00e1vodn\u00ed t\u00fdm Toyoty v\u00fdrazn\u011b posiluje! P\u0159ich\u00e1z\u00ed Ogier, Evans a Rovanper\u00e4"},"content":{"rendered":"<p><strong>Sout\u011b\u017en\u00ed t\u00fdm Toyota Gazoo Racing WRT potvrdil atraktivn\u00ed slo\u017een\u00ed zbrusu nov\u00e9 jezdeck\u00e9 sestavy pro sez\u00f3nu 2020. K t\u00fdmu se p\u0159ipoj\u00ed \u0161estin\u00e1sobn\u00fd mistr sv\u011bta WRC S\u00e9bastien Ogier, zku\u0161en\u00fd jezdec a v\u00edt\u011bz n\u011bkolika rallyov\u00fdch podnik\u016f Elfyn Evans a vych\u00e1zej\u00edc\u00ed hv\u011bzda Kalle Rovanper\u00e4 spole\u010dn\u011b s p\u0159\u00edslu\u0161n\u00fdmi navig\u00e1tory.<\/strong><\/p><br>\n\n\n\n<p>Ogier coby dr\u017eitel \u0161esti mistrovsk\u00fdch titul\u016f pro z\u00e1vodn\u00ed jezdce v \u0159ad\u011b (2013 a\u017e 2018) dominoval v minulosti spole\u010dn\u011b s navig\u00e1torem Julienem Ingrassiou sout\u011b\u017e\u00edm WRC. 35let\u00fd francouzsk\u00fd pilot, hladov\u00fd po znovunabyt\u00ed mistrovsk\u00e9ho titulu a nav\u00fd\u0161en\u00ed po\u010dtu v\u00edt\u011bzstv\u00ed (doposud 47), podepsal smlouvu s Toyotou na z\u00e1vodn\u00ed sez\u00f3nu 2020, \u010d\u00edm\u017e vyj\u00e1d\u0159il d\u016fv\u011bru ve v\u016fz a t\u00fdm, kter\u00fd s Ottem T\u00e4nakem v roce 2019 vybojoval mistrovsk\u00fd titul pro z\u00e1vodn\u00ed jezdce.<\/p>\n\n\n\n<blockquote class=\"wp-block-quote is-layout-flow wp-block-quote-is-layout-flow\"><p>Evans sice dos\u00e1hl prvn\u00edho v\u00edt\u011bzstv\u00ed v roce 2017 na dom\u00e1c\u00ed p\u016fd\u011b ve Walesu, ale osv\u011bd\u010dil se jako rychl\u00fd jezdec se stabiln\u00edmi v\u00fdsledky na nejr\u016fzn\u011bj\u0161\u00edch povr\u0161\u00edch a za r\u016fznorod\u00fdch podm\u00ednek, kter\u00e9 mohou ve WRC nastat.<\/p><\/blockquote>\n\n\n\n<p>30let\u00fd jezdec s navig\u00e1torem Scottem Martinem pojede za Toyotu v n\u00e1sleduj\u00edc\u00edch dvou sez\u00f3n\u00e1ch, \u010d\u00edm\u017e nav\u00e1\u017ee na bl\u00edzk\u00e9 pracovn\u00ed vztahy, kter\u00e9 zapo\u010daly ji\u017e v roce 2019.<\/p><br>\n\n\n\n<figure class=\"wp-block-image size-large\"><img loading=\"lazy\" decoding=\"async\" width=\"1024\" height=\"682\" src=\"https:\/\/www.mzone.cz\/wp-content\/uploads\/2019\/11\/WRC_2019_20191127_003-1024x682.jpg\" alt=\"\" class=\"wp-image-14574\" srcset=\"https:\/\/www.mzone.cz\/wp-content\/uploads\/2019\/11\/WRC_2019_20191127_003-1024x682.jpg 1024w, https:\/\/www.mzone.cz\/wp-content\/uploads\/2019\/11\/WRC_2019_20191127_003-300x200.jpg 300w, https:\/\/www.mzone.cz\/wp-content\/uploads\/2019\/11\/WRC_2019_20191127_003-768x511.jpg 768w, https:\/\/www.mzone.cz\/wp-content\/uploads\/2019\/11\/WRC_2019_20191127_003-800x533.jpg 800w, https:\/\/www.mzone.cz\/wp-content\/uploads\/2019\/11\/WRC_2019_20191127_003-400x267.jpg 400w, https:\/\/www.mzone.cz\/wp-content\/uploads\/2019\/11\/WRC_2019_20191127_003-500x333.jpg 500w, https:\/\/www.mzone.cz\/wp-content\/uploads\/2019\/11\/WRC_2019_20191127_003-1170x780.jpg 1170w, https:\/\/www.mzone.cz\/wp-content\/uploads\/2019\/11\/WRC_2019_20191127_003-590x393.jpg 590w, https:\/\/www.mzone.cz\/wp-content\/uploads\/2019\/11\/WRC_2019_20191127_003.jpg 1280w\" sizes=\"auto, (max-width: 1024px) 100vw, 1024px\" \/><\/figure><br>\n\n\n\n<p>Rovanper\u00e4 v roce 2020 zah\u00e1j\u00ed svoji nov\u00e1\u010dkovskou sez\u00f3nu za volantem vozu WRC v pouh\u00fdch 19 letech, av\u0161ak mlad\u00edk z Finska je ji\u017e dlouho pova\u017eov\u00e1n za jednoho z nejnad\u011bjn\u011bj\u0161\u00edch talent\u016f tohoto odv\u011btv\u00ed. Yaris WRC si mohl otestovat ji\u017e jako 16let\u00fd a nyn\u00ed podepsal s t\u00fdmem smlouvu na dva roky. Rovanper\u00e4 s navig\u00e1torem Jonnem Halttunenem z\u00edskali v roce 2019 titul WRC 2 Pro d\u00edky p\u011bti v\u00edt\u011bzstv\u00edm v 11 startech, \u010d\u00edm\u017e prok\u00e1zali svou p\u0159ipravenost postoupit na dal\u0161\u00ed \u00farove\u0148.<\/p><br>\n\n\n\n<blockquote class=\"wp-block-quote is-layout-flow wp-block-quote-is-layout-flow\"><p>\u201eZ jezdeck\u00e9 sestavy, kterou se n\u00e1m poda\u0159ilo d\u00e1t dohromady na p\u0159\u00ed\u0161t\u00ed sez\u00f3nu, m\u00e1m velkou radost. Jsem p\u0159esv\u011bd\u010den o tom, \u017ee skv\u011ble vyv\u00e1\u017e\u00ed n\u00e1\u0161 t\u00fdm, proto\u017ee v p\u0159\u00ed\u0161t\u00edm roce i do budoucna pl\u00e1nujeme z\u00edsk\u00e1vat dal\u0161\u00ed mistrovsk\u00e9 trofeje,&#8221; \u0159\u00edk\u00e1 k nov\u00e9 sestav\u011b t\u00fdmu jeho \u0161\u00e9f Tommi M\u00e4kinen.<\/p><\/blockquote>\n\n\n\n<p>\u201eJsme si v\u011bdomi S\u00e9bastienov\u00fdch kvalit a na spolupr\u00e1ci s n\u00edm i Julienem se ji\u017e v\u0161ichni t\u011b\u0161\u00edme. Mysl\u00edm, \u017ee schopnost p\u0159it\u00e1hnout jezdce s takovou histori\u00ed hodn\u011b vypov\u00edd\u00e1 o tom, \u010deho jsme s t\u00edmto t\u00fdmem za tak kr\u00e1tkou dobu dok\u00e1zali. Elfyna jsme jako jezdce ji\u017e n\u011bjakou dobu sledovali. Vid\u011bli jsme, \u017ee dok\u00e1\u017ee vyvinout rychlost k v\u00edt\u011bzstv\u00ed na prakticky jak\u00e9mkoliv povrchu, ale sou\u010dasn\u011b um\u00ed jet podle pot\u0159eby i velmi chyt\u0159e, a z\u00edskat tak pot\u0159ebn\u00e9 body. Kallea zn\u00e1m ji\u017e od jeho \u00fatl\u00e9ho ml\u00e1d\u00ed a v\u017edy mi bylo jasn\u00e9, \u017ee v n\u011bm d\u0159\u00edm\u00e1 zvl\u00e1\u0161tn\u00ed potenci\u00e1l. St\u00e1le se m\u00e1 hodn\u011b co u\u010dit, ale v\u011b\u0159\u00edm, \u017ee je nyn\u00ed na tento krok p\u0159ipraven. Cht\u011bl bych pod\u011bkovat Ottovi a Martinovi, Jari-Mattimu a Miikkovi, stejn\u011b tak jako Krisovi a Sebovi za v\u0161e, co pro n\u00e1\u0161 t\u00fdm ud\u011blali. P\u0159eji jim do dal\u0161\u00edho jen to nejlep\u0161\u00ed,\u201c dod\u00e1v\u00e1 M\u00e4kinen.<\/p><br>\n\n\n\n<div class=\"wp-block-image\"><figure class=\"alignleft size-large is-resized\"><img loading=\"lazy\" decoding=\"async\" src=\"https:\/\/www.mzone.cz\/wp-content\/uploads\/2019\/10\/Katal\u00e1nsk\u00e1-rallye-1.jpg\" alt=\"\" class=\"wp-image-13677\" width=\"128\" height=\"85\" srcset=\"https:\/\/www.mzone.cz\/wp-content\/uploads\/2019\/10\/Katal\u00e1nsk\u00e1-rallye-1.jpg 956w, https:\/\/www.mzone.cz\/wp-content\/uploads\/2019\/10\/Katal\u00e1nsk\u00e1-rallye-1-300x200.jpg 300w, https:\/\/www.mzone.cz\/wp-content\/uploads\/2019\/10\/Katal\u00e1nsk\u00e1-rallye-1-768x512.jpg 768w, https:\/\/www.mzone.cz\/wp-content\/uploads\/2019\/10\/Katal\u00e1nsk\u00e1-rallye-1-800x533.jpg 800w, https:\/\/www.mzone.cz\/wp-content\/uploads\/2019\/10\/Katal\u00e1nsk\u00e1-rallye-1-400x267.jpg 400w, https:\/\/www.mzone.cz\/wp-content\/uploads\/2019\/10\/Katal\u00e1nsk\u00e1-rallye-1-500x333.jpg 500w, https:\/\/www.mzone.cz\/wp-content\/uploads\/2019\/10\/Katal\u00e1nsk\u00e1-rallye-1-590x393.jpg 590w\" sizes=\"auto, (max-width: 128px) 100vw, 128px\" \/><\/figure><\/div>\n\n\n\n<h4><a href=\"https:\/\/www.mzone.cz\/katalanska-rallye-ott-tanak-ziskava-vubec-prvni-mistrovsky-titul\/\">Katal\u00e1nsk\u00e1 rallye: Ott T\u00e4nak z\u00edsk\u00e1v\u00e1 v\u016fbec prvn\u00ed mistrovsk\u00fd titul<\/a><\/h4><br>\n\n\n\n<p>\u201eZ n\u00e1stupu do tohoto t\u00fdmu m\u00e1m rozhodn\u011b velkou radost. Je to pro mne dal\u0161\u00ed nov\u00e1 v\u00fdzva a u\u017e se na ni t\u011b\u0161\u00edm. Na toto t\u00e9ma jsme hovo\u0159ili ji\u017e koncem rok 2016, a p\u0159esto\u017ee jsme tenkr\u00e1t k realizaci nedosp\u011bli, jsem nyn\u00ed nad\u0161en, \u017ee budu spolupracovat s tak kultovn\u00ed zna\u010dkou, jako je Toyota, stejn\u011b tak jako s m\u00fdm idolem z d\u011btsk\u00fdch let, Tommim M\u00e4kinenem. M\u00e1me v pl\u00e1nu dos\u00e1hnout spole\u010dn\u011b \u00fasp\u011bch\u016f a pokusit se o dal\u0161\u00ed zisk mistrovsk\u00e9ho titulu. M\u00e1me zaj\u00edmavou sestavu. Elfyna zn\u00e1m velmi dob\u0159e, proto\u017ee jsme ji\u017e d\u0159\u00edve spolupracovali, a jsem si tedy jist, \u017ee m\u016f\u017ee b\u00fdt pro t\u00fdm tak\u00e9 velk\u00fdm p\u0159\u00ednosem; na druh\u00e9 stran\u011b Kalle toho v rallye ji\u017e hodn\u011b dok\u00e1zal, tak\u017ee m\u00e1 bezpochyby talent a jsem si jist, \u017ee se bude velmi rychle zlep\u0161ovat. V\u0161ichni t\u0159i jsme v t\u00fdmu nov\u00e1\u010dci, tak\u017ee to bude v\u00fdzva s\u017e\u00edt se s vozem i v\u0161\u00edm okolo, ale samoz\u0159ejm\u011b se vynasna\u017e\u00edme, abychom tento \u00fakol zvl\u00e1dli co nejd\u0159\u00edve,\u201c \u0159\u00edk\u00e1 o sv\u00e9m nov\u00e9m anga\u017em\u00e1 S\u00e9bastien Ogier.<\/p>\n\n\n\n<blockquote class=\"wp-block-quote is-layout-flow wp-block-quote-is-layout-flow\"><p>\u201eN\u00e1stup do t\u00fdmu Toyota Gazoo Racing je pro mne velkou p\u0159\u00edle\u017eitost\u00ed a m\u00e1m ohromnou radost, \u017ee jsem na palub\u011b,&#8221; \u0159\u00edk\u00e1 Elfyn Evans.<\/p><\/blockquote>\n\n\n\n<p>\u201eT\u00fdm dos\u00e1hl od sv\u00e9ho zapojen\u00ed do t\u00e9to sout\u011b\u017ee p\u0159ed t\u0159emi lety velk\u00fdch \u00fasp\u011bch\u016f, a tak se t\u011b\u0161\u00edm na to, \u017ee budu jeho sou\u010d\u00e1st\u00ed. Tommi s\u00e1m o sob\u011b dos\u00e1hl \u00fasp\u011bch\u016f jako z\u00e1vodn\u00ed jezdec, a tak velmi dob\u0159e v\u00ed, co znamen\u00e1 jezdit na t\u00e9to \u00farovni. Na\u0161e dosavadn\u00ed spolupr\u00e1ce byla skv\u011bl\u00e1 a u\u017e se t\u011b\u0161\u00edm, a\u017e pozn\u00e1m l\u00e9pe cel\u00fd t\u00fdm je\u0161t\u011b p\u0159ed zah\u00e1jen\u00edm p\u0159\u00ed\u0161t\u00ed sez\u00f3ny. Ro\u010dn\u00edk 2019 n\u00e1m p\u0159inesl sm\u00ed\u0161en\u00e9 v\u00fdsledky \u2013 m\u00ednusem byly t\u0159i vynechan\u00e9 podniky kv\u016fli zran\u011bn\u00ed \u2013 ale tak\u00e9 p\u0159i\u0161ly dobr\u00e9 v\u00fdsledky a v\u00fdkony, proto\u017ee jsme bojovali o v\u00edt\u011bzstv\u00ed v rychlostn\u00edch zkou\u0161k\u00e1ch a p\u00f3diov\u00e1 um\u00edst\u011bn\u00ed. Nyn\u00ed to chci posunout je\u0161t\u011b o kus d\u00e1le, v\u00edt\u011bzit v rallye \u010dast\u011bji a poznat, co lze v t\u00e9to nov\u00e9 kapitole dok\u00e1zat. Bude tak\u00e9 p\u0159\u00edjemn\u00e9 op\u011bt spolupracovat se S\u00e9bastienem; Vzhledem k jeho zku\u0161enostem a dosavadn\u00edm \u00fasp\u011bch\u016fm je skv\u011bl\u00e9, \u017ee ho v t\u00fdmu m\u00e1me,\u201c dod\u00e1v\u00e1 Evans.<\/p><br>\n\n\n\n<figure class=\"wp-block-image size-large\"><img loading=\"lazy\" decoding=\"async\" width=\"612\" height=\"629\" src=\"https:\/\/www.mzone.cz\/wp-content\/uploads\/2019\/11\/Toyota-Gazoo-Racing-2020.jpg\" alt=\"\" class=\"wp-image-14585\" srcset=\"https:\/\/www.mzone.cz\/wp-content\/uploads\/2019\/11\/Toyota-Gazoo-Racing-2020.jpg 612w, https:\/\/www.mzone.cz\/wp-content\/uploads\/2019\/11\/Toyota-Gazoo-Racing-2020-292x300.jpg 292w, https:\/\/www.mzone.cz\/wp-content\/uploads\/2019\/11\/Toyota-Gazoo-Racing-2020-590x606.jpg 590w\" sizes=\"auto, (max-width: 612px) 100vw, 612px\" \/><\/figure><br>","protected":false},"excerpt":{"rendered":"<p>Sout\u011b\u017en\u00ed t\u00fdm Toyota Gazoo Racing WRT potvrdil atraktivn\u00ed slo\u017een\u00ed zbrusu nov\u00e9 jezdeck\u00e9 sestavy pro sez\u00f3nu 2020. K t\u00fdmu se p\u0159ipoj\u00ed \u0161estin\u00e1sobn\u00fd mistr sv\u011bta WRC S\u00e9bastien Ogier, zku\u0161en\u00fd jezdec a v\u00edt\u011bz n\u011bkolika rallyov\u00fdch podnik\u016f Elfyn Evans a vych\u00e1zej\u00edc\u00ed hv\u011bzda Kalle Rovanper\u00e4 spole\u010dn\u011b s p\u0159\u00edslu\u0161n\u00fdmi navig\u00e1tory. Ogier coby dr\u017eitel \u0161esti mistrovsk\u00fdch titul\u016f pro z\u00e1vodn\u00ed jezdce v \u0159ad\u011b [&hellip;]<\/p>\n","protected":false},"author":4,"featured_media":14570,"comment_status":"open","ping_status":"closed","sticky":false,"template":"","format":"standard","meta":{"kk_blocks_editor_width":"","_kiokenblocks_attr":"","_kiokenblocks_dimensions":"","footnotes":""},"categories":[69,80],"tags":[585,82,462,3032,3031,3033,636,3034,3028,2085,2083,3030,3029,42,687,2954,2187,2902,102],"class_list":["post-14569","post","type-post","status-publish","format-standard","has-post-thumbnail","hentry","category-auto-moto","category-sport","tag-auta","tag-auto","tag-auto-moto","tag-elfyn-evans","tag-jezdci","tag-kalle-rovanpera","tag-motorsport","tag-posila","tag-posily","tag-rally","tag-rallye","tag-sebastien-ogier","tag-sestava","tag-sport","tag-toyota","tag-toyota-gazoo-racing","tag-tym","tag-wrc","tag-zavody"],"yoast_head":"<!-- This site is optimized with the Yoast SEO plugin v27.5 - https:\/\/yoast.com\/product\/yoast-seo-wordpress\/ -->\n<title>Z\u00e1vodn\u00ed t\u00fdm Toyoty v\u00fdrazn\u011b posiluje! P\u0159ich\u00e1z\u00ed Ogier, Evans a Rovanper\u00e4 - Mzone<\/title>\n<meta name=\"description\" content=\"Sout\u011b\u017en\u00ed t\u00fdm Toyota Gazoo Racing WRT potvrdil atraktivn\u00ed slo\u017een\u00ed zbrusu nov\u00e9 jezdeck\u00e9 sestavy pro sez\u00f3nu 2020. K t\u00fdmu se p\u0159ipoj\u00ed \u0161estin\u00e1sobn\u00fd mistr sv\u011bta WRC S\u00e9bastien Ogier, zku\u0161en\u00fd jezdec a v\u00edt\u011bz n\u011bkolika rallyov\u00fdch podnik\u016f Elfyn Evans a vych\u00e1zej\u00edc\u00ed hv\u011bzda Kalle Rovanper\u00e4 spole\u010dn\u011b s p\u0159\u00edslu\u0161n\u00fdmi navig\u00e1tory.\" \/>\n<meta name=\"robots\" content=\"index, follow, max-snippet:-1, max-image-preview:large, max-video-preview:-1\" \/>\n<link rel=\"canonical\" href=\"https:\/\/www.mzone.cz\/en\/zavodni-tym-toyoty-vyrazne-posiluje-prichazi-ogier-evans-a-rovanpera\/\" \/>\n<meta property=\"og:locale\" content=\"en_US\" \/>\n<meta property=\"og:type\" content=\"article\" \/>\n<meta property=\"og:title\" content=\"Z\u00e1vodn\u00ed t\u00fdm Toyoty v\u00fdrazn\u011b posiluje! P\u0159ich\u00e1z\u00ed Ogier, Evans a Rovanper\u00e4 - Mzone\" \/>\n<meta property=\"og:description\" content=\"Sout\u011b\u017en\u00ed t\u00fdm Toyota Gazoo Racing WRT potvrdil atraktivn\u00ed slo\u017een\u00ed zbrusu nov\u00e9 jezdeck\u00e9 sestavy pro sez\u00f3nu 2020. K t\u00fdmu se p\u0159ipoj\u00ed \u0161estin\u00e1sobn\u00fd mistr sv\u011bta WRC S\u00e9bastien Ogier, zku\u0161en\u00fd jezdec a v\u00edt\u011bz n\u011bkolika rallyov\u00fdch podnik\u016f Elfyn Evans a vych\u00e1zej\u00edc\u00ed hv\u011bzda Kalle Rovanper\u00e4 spole\u010dn\u011b s p\u0159\u00edslu\u0161n\u00fdmi navig\u00e1tory.\" \/>\n<meta property=\"og:url\" content=\"https:\/\/www.mzone.cz\/en\/zavodni-tym-toyoty-vyrazne-posiluje-prichazi-ogier-evans-a-rovanpera\/\" \/>\n<meta property=\"og:site_name\" content=\"Mzone\" \/>\n<meta property=\"article:publisher\" content=\"https:\/\/www.facebook.com\/MzoneCZ\/\" \/>\n<meta property=\"article:published_time\" content=\"2019-12-02T04:00:00+00:00\" \/>\n<meta property=\"og:image\" content=\"https:\/\/www.mzone.cz\/wp-content\/uploads\/2019\/11\/Toyota-Gazoo-Racing.jpg\" \/>\n\t<meta property=\"og:image:width\" content=\"1243\" \/>\n\t<meta property=\"og:image:height\" content=\"828\" \/>\n\t<meta property=\"og:image:type\" content=\"image\/jpeg\" \/>\n<meta name=\"author\" content=\"Mzone\" \/>\n<meta name=\"twitter:card\" content=\"summary_large_image\" \/>\n<meta name=\"twitter:label1\" content=\"Written by\" \/>\n\t<meta name=\"twitter:data1\" content=\"Mzone\" \/>\n\t<meta name=\"twitter:label2\" content=\"Est. reading time\" \/>\n\t<meta name=\"twitter:data2\" content=\"5 minutes\" \/>\n<script type=\"application\/ld+json\" class=\"yoast-schema-graph\">{\"@context\":\"https:\\\/\\\/schema.org\",\"@graph\":[{\"@type\":\"Article\",\"@id\":\"https:\\\/\\\/www.mzone.cz\\\/zavodni-tym-toyoty-vyrazne-posiluje-prichazi-ogier-evans-a-rovanpera\\\/#article\",\"isPartOf\":{\"@id\":\"https:\\\/\\\/www.mzone.cz\\\/zavodni-tym-toyoty-vyrazne-posiluje-prichazi-ogier-evans-a-rovanpera\\\/\"},\"author\":{\"name\":\"Mzone\",\"@id\":\"https:\\\/\\\/www.mzone.cz\\\/#\\\/schema\\\/person\\\/9bc20cc422a99cac4af6ff9297da32d4\"},\"headline\":\"Z\u00e1vodn\u00ed t\u00fdm Toyoty v\u00fdrazn\u011b posiluje! P\u0159ich\u00e1z\u00ed Ogier, Evans a Rovanper\u00e4\",\"datePublished\":\"2019-12-02T04:00:00+00:00\",\"mainEntityOfPage\":{\"@id\":\"https:\\\/\\\/www.mzone.cz\\\/zavodni-tym-toyoty-vyrazne-posiluje-prichazi-ogier-evans-a-rovanpera\\\/\"},\"wordCount\":1043,\"commentCount\":0,\"image\":{\"@id\":\"https:\\\/\\\/www.mzone.cz\\\/zavodni-tym-toyoty-vyrazne-posiluje-prichazi-ogier-evans-a-rovanpera\\\/#primaryimage\"},\"thumbnailUrl\":\"https:\\\/\\\/www.mzone.cz\\\/wp-content\\\/uploads\\\/2019\\\/11\\\/Toyota-Gazoo-Racing.jpg\",\"keywords\":[\"auta\",\"Auto\",\"auto-moto\",\"Elfyn Evans\",\"jezdci\",\"Kalle Rovanper\u00e4\",\"motorsport\",\"posila\",\"posily\",\"rally\",\"rallye\",\"S\u00e9bastien Ogier\",\"sestava\",\"Sport\",\"Toyota\",\"Toyota Gazoo Racing\",\"t\u00fdm\",\"WRC\",\"Z\u00e1vody\"],\"articleSection\":[\"Auto-moto\",\"Sport\"],\"inLanguage\":\"en-US\",\"potentialAction\":[{\"@type\":\"CommentAction\",\"name\":\"Comment\",\"target\":[\"https:\\\/\\\/www.mzone.cz\\\/zavodni-tym-toyoty-vyrazne-posiluje-prichazi-ogier-evans-a-rovanpera\\\/#respond\"]}]},{\"@type\":\"WebPage\",\"@id\":\"https:\\\/\\\/www.mzone.cz\\\/zavodni-tym-toyoty-vyrazne-posiluje-prichazi-ogier-evans-a-rovanpera\\\/\",\"url\":\"https:\\\/\\\/www.mzone.cz\\\/zavodni-tym-toyoty-vyrazne-posiluje-prichazi-ogier-evans-a-rovanpera\\\/\",\"name\":\"Z\u00e1vodn\u00ed t\u00fdm Toyoty v\u00fdrazn\u011b posiluje! P\u0159ich\u00e1z\u00ed Ogier, Evans a Rovanper\u00e4 - Mzone\",\"isPartOf\":{\"@id\":\"https:\\\/\\\/www.mzone.cz\\\/#website\"},\"primaryImageOfPage\":{\"@id\":\"https:\\\/\\\/www.mzone.cz\\\/zavodni-tym-toyoty-vyrazne-posiluje-prichazi-ogier-evans-a-rovanpera\\\/#primaryimage\"},\"image\":{\"@id\":\"https:\\\/\\\/www.mzone.cz\\\/zavodni-tym-toyoty-vyrazne-posiluje-prichazi-ogier-evans-a-rovanpera\\\/#primaryimage\"},\"thumbnailUrl\":\"https:\\\/\\\/www.mzone.cz\\\/wp-content\\\/uploads\\\/2019\\\/11\\\/Toyota-Gazoo-Racing.jpg\",\"datePublished\":\"2019-12-02T04:00:00+00:00\",\"author\":{\"@id\":\"https:\\\/\\\/www.mzone.cz\\\/#\\\/schema\\\/person\\\/9bc20cc422a99cac4af6ff9297da32d4\"},\"description\":\"Sout\u011b\u017en\u00ed t\u00fdm Toyota Gazoo Racing WRT potvrdil atraktivn\u00ed slo\u017een\u00ed zbrusu nov\u00e9 jezdeck\u00e9 sestavy pro sez\u00f3nu 2020. K t\u00fdmu se p\u0159ipoj\u00ed \u0161estin\u00e1sobn\u00fd mistr sv\u011bta WRC S\u00e9bastien Ogier, zku\u0161en\u00fd jezdec a v\u00edt\u011bz n\u011bkolika rallyov\u00fdch podnik\u016f Elfyn Evans a vych\u00e1zej\u00edc\u00ed hv\u011bzda Kalle Rovanper\u00e4 spole\u010dn\u011b s p\u0159\u00edslu\u0161n\u00fdmi navig\u00e1tory.\",\"breadcrumb\":{\"@id\":\"https:\\\/\\\/www.mzone.cz\\\/zavodni-tym-toyoty-vyrazne-posiluje-prichazi-ogier-evans-a-rovanpera\\\/#breadcrumb\"},\"inLanguage\":\"en-US\",\"potentialAction\":[{\"@type\":\"ReadAction\",\"target\":[\"https:\\\/\\\/www.mzone.cz\\\/zavodni-tym-toyoty-vyrazne-posiluje-prichazi-ogier-evans-a-rovanpera\\\/\"]}]},{\"@type\":\"ImageObject\",\"inLanguage\":\"en-US\",\"@id\":\"https:\\\/\\\/www.mzone.cz\\\/zavodni-tym-toyoty-vyrazne-posiluje-prichazi-ogier-evans-a-rovanpera\\\/#primaryimage\",\"url\":\"https:\\\/\\\/www.mzone.cz\\\/wp-content\\\/uploads\\\/2019\\\/11\\\/Toyota-Gazoo-Racing.jpg\",\"contentUrl\":\"https:\\\/\\\/www.mzone.cz\\\/wp-content\\\/uploads\\\/2019\\\/11\\\/Toyota-Gazoo-Racing.jpg\",\"width\":1243,\"height\":828},{\"@type\":\"BreadcrumbList\",\"@id\":\"https:\\\/\\\/www.mzone.cz\\\/zavodni-tym-toyoty-vyrazne-posiluje-prichazi-ogier-evans-a-rovanpera\\\/#breadcrumb\",\"itemListElement\":[{\"@type\":\"ListItem\",\"position\":1,\"name\":\"Dom\u016f\",\"item\":\"https:\\\/\\\/www.mzone.cz\\\/\"},{\"@type\":\"ListItem\",\"position\":2,\"name\":\"Z\u00e1vodn\u00ed t\u00fdm Toyoty v\u00fdrazn\u011b posiluje! P\u0159ich\u00e1z\u00ed Ogier, Evans a Rovanper\u00e4\"}]},{\"@type\":\"WebSite\",\"@id\":\"https:\\\/\\\/www.mzone.cz\\\/#website\",\"url\":\"https:\\\/\\\/www.mzone.cz\\\/\",\"name\":\"Mzone\",\"description\":\"Magaz\u00edn nejen pro mu\u017ee\",\"potentialAction\":[{\"@type\":\"SearchAction\",\"target\":{\"@type\":\"EntryPoint\",\"urlTemplate\":\"https:\\\/\\\/www.mzone.cz\\\/?s={search_term_string}\"},\"query-input\":{\"@type\":\"PropertyValueSpecification\",\"valueRequired\":true,\"valueName\":\"search_term_string\"}}],\"inLanguage\":\"en-US\"},{\"@type\":\"Person\",\"@id\":\"https:\\\/\\\/www.mzone.cz\\\/#\\\/schema\\\/person\\\/9bc20cc422a99cac4af6ff9297da32d4\",\"name\":\"Mzone\",\"image\":{\"@type\":\"ImageObject\",\"inLanguage\":\"en-US\",\"@id\":\"https:\\\/\\\/secure.gravatar.com\\\/avatar\\\/e780a8630f3182a3d06dd667ab6bea151a0d155b0951bc15fe22633acdac0676?s=96&d=mm&r=g\",\"url\":\"https:\\\/\\\/secure.gravatar.com\\\/avatar\\\/e780a8630f3182a3d06dd667ab6bea151a0d155b0951bc15fe22633acdac0676?s=96&d=mm&r=g\",\"contentUrl\":\"https:\\\/\\\/secure.gravatar.com\\\/avatar\\\/e780a8630f3182a3d06dd667ab6bea151a0d155b0951bc15fe22633acdac0676?s=96&d=mm&r=g\",\"caption\":\"Mzone\"},\"url\":\"https:\\\/\\\/www.mzone.cz\\\/en\\\/author\\\/jakub\\\/\"}]}<\/script>\n<!-- \/ Yoast SEO plugin. -->","yoast_head_json":{"title":"Z\u00e1vodn\u00ed t\u00fdm Toyoty v\u00fdrazn\u011b posiluje! P\u0159ich\u00e1z\u00ed Ogier, Evans a Rovanper\u00e4 - Mzone","description":"Sout\u011b\u017en\u00ed t\u00fdm Toyota Gazoo Racing WRT potvrdil atraktivn\u00ed slo\u017een\u00ed zbrusu nov\u00e9 jezdeck\u00e9 sestavy pro sez\u00f3nu 2020. K t\u00fdmu se p\u0159ipoj\u00ed \u0161estin\u00e1sobn\u00fd mistr sv\u011bta WRC S\u00e9bastien Ogier, zku\u0161en\u00fd jezdec a v\u00edt\u011bz n\u011bkolika rallyov\u00fdch podnik\u016f Elfyn Evans a vych\u00e1zej\u00edc\u00ed hv\u011bzda Kalle Rovanper\u00e4 spole\u010dn\u011b s p\u0159\u00edslu\u0161n\u00fdmi navig\u00e1tory.","robots":{"index":"index","follow":"follow","max-snippet":"max-snippet:-1","max-image-preview":"max-image-preview:large","max-video-preview":"max-video-preview:-1"},"canonical":"https:\/\/www.mzone.cz\/en\/zavodni-tym-toyoty-vyrazne-posiluje-prichazi-ogier-evans-a-rovanpera\/","og_locale":"en_US","og_type":"article","og_title":"Z\u00e1vodn\u00ed t\u00fdm Toyoty v\u00fdrazn\u011b posiluje! P\u0159ich\u00e1z\u00ed Ogier, Evans a Rovanper\u00e4 - Mzone","og_description":"Sout\u011b\u017en\u00ed t\u00fdm Toyota Gazoo Racing WRT potvrdil atraktivn\u00ed slo\u017een\u00ed zbrusu nov\u00e9 jezdeck\u00e9 sestavy pro sez\u00f3nu 2020. K t\u00fdmu se p\u0159ipoj\u00ed \u0161estin\u00e1sobn\u00fd mistr sv\u011bta WRC S\u00e9bastien Ogier, zku\u0161en\u00fd jezdec a v\u00edt\u011bz n\u011bkolika rallyov\u00fdch podnik\u016f Elfyn Evans a vych\u00e1zej\u00edc\u00ed hv\u011bzda Kalle Rovanper\u00e4 spole\u010dn\u011b s p\u0159\u00edslu\u0161n\u00fdmi navig\u00e1tory.","og_url":"https:\/\/www.mzone.cz\/en\/zavodni-tym-toyoty-vyrazne-posiluje-prichazi-ogier-evans-a-rovanpera\/","og_site_name":"Mzone","article_publisher":"https:\/\/www.facebook.com\/MzoneCZ\/","article_published_time":"2019-12-02T04:00:00+00:00","og_image":[{"width":1243,"height":828,"url":"https:\/\/www.mzone.cz\/wp-content\/uploads\/2019\/11\/Toyota-Gazoo-Racing.jpg","type":"image\/jpeg"}],"author":"Mzone","twitter_card":"summary_large_image","twitter_misc":{"Written by":"Mzone","Est. reading time":"5 minutes"},"schema":{"@context":"https:\/\/schema.org","@graph":[{"@type":"Article","@id":"https:\/\/www.mzone.cz\/zavodni-tym-toyoty-vyrazne-posiluje-prichazi-ogier-evans-a-rovanpera\/#article","isPartOf":{"@id":"https:\/\/www.mzone.cz\/zavodni-tym-toyoty-vyrazne-posiluje-prichazi-ogier-evans-a-rovanpera\/"},"author":{"name":"Mzone","@id":"https:\/\/www.mzone.cz\/#\/schema\/person\/9bc20cc422a99cac4af6ff9297da32d4"},"headline":"Z\u00e1vodn\u00ed t\u00fdm Toyoty v\u00fdrazn\u011b posiluje! P\u0159ich\u00e1z\u00ed Ogier, Evans a Rovanper\u00e4","datePublished":"2019-12-02T04:00:00+00:00","mainEntityOfPage":{"@id":"https:\/\/www.mzone.cz\/zavodni-tym-toyoty-vyrazne-posiluje-prichazi-ogier-evans-a-rovanpera\/"},"wordCount":1043,"commentCount":0,"image":{"@id":"https:\/\/www.mzone.cz\/zavodni-tym-toyoty-vyrazne-posiluje-prichazi-ogier-evans-a-rovanpera\/#primaryimage"},"thumbnailUrl":"https:\/\/www.mzone.cz\/wp-content\/uploads\/2019\/11\/Toyota-Gazoo-Racing.jpg","keywords":["auta","Auto","auto-moto","Elfyn Evans","jezdci","Kalle Rovanper\u00e4","motorsport","posila","posily","rally","rallye","S\u00e9bastien Ogier","sestava","Sport","Toyota","Toyota Gazoo Racing","t\u00fdm","WRC","Z\u00e1vody"],"articleSection":["Auto-moto","Sport"],"inLanguage":"en-US","potentialAction":[{"@type":"CommentAction","name":"Comment","target":["https:\/\/www.mzone.cz\/zavodni-tym-toyoty-vyrazne-posiluje-prichazi-ogier-evans-a-rovanpera\/#respond"]}]},{"@type":"WebPage","@id":"https:\/\/www.mzone.cz\/zavodni-tym-toyoty-vyrazne-posiluje-prichazi-ogier-evans-a-rovanpera\/","url":"https:\/\/www.mzone.cz\/zavodni-tym-toyoty-vyrazne-posiluje-prichazi-ogier-evans-a-rovanpera\/","name":"Z\u00e1vodn\u00ed t\u00fdm Toyoty v\u00fdrazn\u011b posiluje! P\u0159ich\u00e1z\u00ed Ogier, Evans a Rovanper\u00e4 - Mzone","isPartOf":{"@id":"https:\/\/www.mzone.cz\/#website"},"primaryImageOfPage":{"@id":"https:\/\/www.mzone.cz\/zavodni-tym-toyoty-vyrazne-posiluje-prichazi-ogier-evans-a-rovanpera\/#primaryimage"},"image":{"@id":"https:\/\/www.mzone.cz\/zavodni-tym-toyoty-vyrazne-posiluje-prichazi-ogier-evans-a-rovanpera\/#primaryimage"},"thumbnailUrl":"https:\/\/www.mzone.cz\/wp-content\/uploads\/2019\/11\/Toyota-Gazoo-Racing.jpg","datePublished":"2019-12-02T04:00:00+00:00","author":{"@id":"https:\/\/www.mzone.cz\/#\/schema\/person\/9bc20cc422a99cac4af6ff9297da32d4"},"description":"Sout\u011b\u017en\u00ed t\u00fdm Toyota Gazoo Racing WRT potvrdil atraktivn\u00ed slo\u017een\u00ed zbrusu nov\u00e9 jezdeck\u00e9 sestavy pro sez\u00f3nu 2020. K t\u00fdmu se p\u0159ipoj\u00ed \u0161estin\u00e1sobn\u00fd mistr sv\u011bta WRC S\u00e9bastien Ogier, zku\u0161en\u00fd jezdec a v\u00edt\u011bz n\u011bkolika rallyov\u00fdch podnik\u016f Elfyn Evans a vych\u00e1zej\u00edc\u00ed hv\u011bzda Kalle Rovanper\u00e4 spole\u010dn\u011b s p\u0159\u00edslu\u0161n\u00fdmi navig\u00e1tory.","breadcrumb":{"@id":"https:\/\/www.mzone.cz\/zavodni-tym-toyoty-vyrazne-posiluje-prichazi-ogier-evans-a-rovanpera\/#breadcrumb"},"inLanguage":"en-US","potentialAction":[{"@type":"ReadAction","target":["https:\/\/www.mzone.cz\/zavodni-tym-toyoty-vyrazne-posiluje-prichazi-ogier-evans-a-rovanpera\/"]}]},{"@type":"ImageObject","inLanguage":"en-US","@id":"https:\/\/www.mzone.cz\/zavodni-tym-toyoty-vyrazne-posiluje-prichazi-ogier-evans-a-rovanpera\/#primaryimage","url":"https:\/\/www.mzone.cz\/wp-content\/uploads\/2019\/11\/Toyota-Gazoo-Racing.jpg","contentUrl":"https:\/\/www.mzone.cz\/wp-content\/uploads\/2019\/11\/Toyota-Gazoo-Racing.jpg","width":1243,"height":828},{"@type":"BreadcrumbList","@id":"https:\/\/www.mzone.cz\/zavodni-tym-toyoty-vyrazne-posiluje-prichazi-ogier-evans-a-rovanpera\/#breadcrumb","itemListElement":[{"@type":"ListItem","position":1,"name":"Dom\u016f","item":"https:\/\/www.mzone.cz\/"},{"@type":"ListItem","position":2,"name":"Z\u00e1vodn\u00ed t\u00fdm Toyoty v\u00fdrazn\u011b posiluje! P\u0159ich\u00e1z\u00ed Ogier, Evans a Rovanper\u00e4"}]},{"@type":"WebSite","@id":"https:\/\/www.mzone.cz\/#website","url":"https:\/\/www.mzone.cz\/","name":"Mzone","description":"Magaz\u00edn nejen pro mu\u017ee","potentialAction":[{"@type":"SearchAction","target":{"@type":"EntryPoint","urlTemplate":"https:\/\/www.mzone.cz\/?s={search_term_string}"},"query-input":{"@type":"PropertyValueSpecification","valueRequired":true,"valueName":"search_term_string"}}],"inLanguage":"en-US"},{"@type":"Person","@id":"https:\/\/www.mzone.cz\/#\/schema\/person\/9bc20cc422a99cac4af6ff9297da32d4","name":"Mzone","image":{"@type":"ImageObject","inLanguage":"en-US","@id":"https:\/\/secure.gravatar.com\/avatar\/e780a8630f3182a3d06dd667ab6bea151a0d155b0951bc15fe22633acdac0676?s=96&d=mm&r=g","url":"https:\/\/secure.gravatar.com\/avatar\/e780a8630f3182a3d06dd667ab6bea151a0d155b0951bc15fe22633acdac0676?s=96&d=mm&r=g","contentUrl":"https:\/\/secure.gravatar.com\/avatar\/e780a8630f3182a3d06dd667ab6bea151a0d155b0951bc15fe22633acdac0676?s=96&d=mm&r=g","caption":"Mzone"},"url":"https:\/\/www.mzone.cz\/en\/author\/jakub\/"}]}},"_links":{"self":[{"href":"https:\/\/www.mzone.cz\/en\/wp-json\/wp\/v2\/posts\/14569","targetHints":{"allow":["GET"]}}],"collection":[{"href":"https:\/\/www.mzone.cz\/en\/wp-json\/wp\/v2\/posts"}],"about":[{"href":"https:\/\/www.mzone.cz\/en\/wp-json\/wp\/v2\/types\/post"}],"author":[{"embeddable":true,"href":"https:\/\/www.mzone.cz\/en\/wp-json\/wp\/v2\/users\/4"}],"replies":[{"embeddable":true,"href":"https:\/\/www.mzone.cz\/en\/wp-json\/wp\/v2\/comments?post=14569"}],"version-history":[{"count":10,"href":"https:\/\/www.mzone.cz\/en\/wp-json\/wp\/v2\/posts\/14569\/revisions"}],"predecessor-version":[{"id":14587,"href":"https:\/\/www.mzone.cz\/en\/wp-json\/wp\/v2\/posts\/14569\/revisions\/14587"}],"wp:featuredmedia":[{"embeddable":true,"href":"https:\/\/www.mzone.cz\/en\/wp-json\/wp\/v2\/media\/14570"}],"wp:attachment":[{"href":"https:\/\/www.mzone.cz\/en\/wp-json\/wp\/v2\/media?parent=14569"}],"wp:term":[{"taxonomy":"category","embeddable":true,"href":"https:\/\/www.mzone.cz\/en\/wp-json\/wp\/v2\/categories?post=14569"},{"taxonomy":"post_tag","embeddable":true,"href":"https:\/\/www.mzone.cz\/en\/wp-json\/wp\/v2\/tags?post=14569"}],"curies":[{"name":"wp","href":"https:\/\/api.w.org\/{rel}","templated":true}]}}