{"id":1462,"date":"2024-01-17T10:00:00","date_gmt":"2024-01-17T09:00:00","guid":{"rendered":"http:\/\/www.mzone.cz\/?p=1462"},"modified":"2024-01-17T10:26:44","modified_gmt":"2024-01-17T09:26:44","slug":"pribehy-ceskych-katu-nekteri-malem-sami-skoncili-na-popravisti","status":"publish","type":"post","link":"https:\/\/www.mzone.cz\/en\/pribehy-ceskych-katu-nekteri-malem-sami-skoncili-na-popravisti\/","title":{"rendered":"P\u0159\u00edb\u011bhy \u010desk\u00fdch kat\u016f: N\u011bkte\u0159\u00ed m\u00e1lem sami skon\u010dili na popravi\u0161ti"},"content":{"rendered":"<p><strong>Hodiny zrovna odb\u00edj\u00ed p\u011bt hodin, kdy\u017e celou Prahu rozezn\u00ed v\u00fdst\u0159el z d\u011bla. Odsouzenec pomalu vystupuje na poprav\u010d\u00ed m\u016fstek a vychutn\u00e1v\u00e1 si posledn\u00ed z\u00e1chv\u011bje v\u011btru na o\u0161lehan\u00e9 tv\u00e1\u0159i.<\/strong><br><br>Rozhl\u00e9dne se po davu lid\u00ed na Starom\u011bstsk\u00e9m n\u00e1m\u011bst\u00ed a poprv\u00e9 si opravdu uv\u011bdom\u00ed, \u017ee tady jeho cesta kon\u010d\u00ed. Kat se je\u0161t\u011b naposledy cvi\u010dn\u011b rozm\u00e1chne me\u010dem a p\u0159ejde k odsouzenci: \u201eJsem opravdu r\u00e1d, \u017ee v\u00e1s pozn\u00e1v\u00e1m. \u0160koda, \u017ee na\u0161e zn\u00e1most nepotrv\u00e1 dlouho,\u201c zavtipkuje. Koneckonc\u016f\u2026 Je to jen pr\u00e1ce.<\/p><br>\n\n\n\n<h2 class=\"wp-block-heading\" id=\"jan-mydlar-z-lekare-katem-1572-1664\">Jan Mydl\u00e1\u0159 \u2013 Z l\u00e9ka\u0159e katem (1572 \u2013 1664)<\/h2>\n\n\n\n<p>V zem\u00edch \u010desk\u00fdch se mnoho kat\u016fm dostalo sv\u011btov\u00e9ho uzn\u00e1n\u00ed, \u017e\u00e1dn\u00fd z nich, ale nen\u00ed zn\u00e1m\u011bj\u0161\u00ed ne\u017e pr\u00e1v\u011b Jan Mydl\u00e1\u0159. U\u017e jen to, jak se dostal k \u0159emeslu mistra kata je kuri\u00f3zn\u00ed, p\u016fvodn\u011b toti\u017e studoval pra\u017esk\u00e9 Karlovo vysok\u00e9 u\u010den\u00ed a m\u011bl se st\u00e1t magistrem medic\u00edny. \u010cekala ho z\u00e1\u0159n\u00e1 budoucnost, jen\u017ee pot\u00e9 do jeho \u017eivota vstoupila \u017eena. Dnes u\u017e nezn\u00e1me jej\u00ed podobu jen jm\u00e9no Dorota, ale muselo j\u00edt o v\u00fdjime\u010dnou \u017eenu. Z\u00edskala si jeho srdce natolik, \u017ee kdy\u017e ji odsoudili k smrti, vzdal se Jan medic\u00edny a nastoupil coby kat\u016fv pacholek s \u00famyslem ji zachr\u00e1nit.<\/p>\n\n\n\n<blockquote class=\"wp-block-quote is-layout-flow wp-block-quote-is-layout-flow\"><p>Odsoudil se t\u00edm k do\u017eivotn\u00edmu opovr\u017een\u00ed a zneuct\u011bn\u00ed. Musel bydlet na okraji m\u011bsta, v kostele a hospod\u011b m\u011bl vyhrazen\u00e9 speci\u00e1ln\u00ed m\u00edsto a nikdo s n\u00edm nesm\u011bl promluvit nato\u017e se ho dotknout. Kupodivu se mu toto povol\u00e1n\u00ed tak zal\u00edbilo, \u017ee svoji milou nezachr\u00e1nil. U\u017e nev\u00edme, co se s n\u00ed stalo, ale Jan pravd\u011bpodobn\u011b asistoval p\u0159i jej\u00ed poprav\u011b.<\/p><\/blockquote>\n\n\n\n<p>Netrvalo dlouho a z pacholka se stal mistr kat. P\u0159edpoklady k tomu m\u011bl, jako medik v\u011bd\u011bl kam seknout a s n\u011bjak\u00fdmi mor\u00e1ln\u00edmi dilematy ohledn\u011b zab\u00edjen\u00ed lid\u00ed si hlavu nel\u00e1mal. Vrchol v jeho kari\u00e9\u0159e nastal 21. \u010dervna 1921, kdy\u017e na Starom\u011bstsk\u00e9m n\u00e1m\u011bst\u00ed popravil 27 \u010desk\u00fdch \u0161lechtic\u016f, p\u00e1n\u016f a m\u011b\u0161\u0165an\u016f. V tento den se z n\u011bj stala celebrita evropsk\u00e9ho form\u00e1tu, vyslou\u017eil si pen\u00edze i sl\u00e1vu a do konce \u017eivota si \u017eil jako \u0161lechtic.<\/p><br>\n\n\n\n<h2 class=\"wp-block-heading\" id=\"jan-krtitel-piperger-malem-sam-skoncil-na-opratce-1838-1888\">Jan K\u0159titel Piperger \u2013 M\u00e1lem s\u00e1m skon\u010dil na opr\u00e1tce (1838 \u2013 1888)<\/h2>\n\n\n\n<p>50 odsouzenc\u016f, z toho dvojn\u00e1sobn\u00fd vrah Jan Jane\u010dek, trojn\u00e1sobn\u00fd vrah Josef Wagner, vrah Fiala a mnoho dal\u0161\u00edch tvo\u0159ili klientelu pra\u017esk\u00e9ho mistra kata Jana K\u0159titele Pipergera. Tento kat, p\u016fvodn\u011b vyu\u010den\u00fd \u010daloun\u00edkem, p\u0159istupoval ke sv\u00e9 pr\u00e1ci s humorem. V\u017edy p\u0159ed popravou p\u0159i\u0161el k odsouzenci a \u0159ekl mu: \u201eJsem opravdu r\u00e1d, \u017ee v\u00e1s pozn\u00e1v\u00e1m. \u0160koda, \u017ee na\u0161e zn\u00e1most nepotrv\u00e1 dlouho.\u201c Potom mu uv\u00e1zal opr\u00e1tku kolem krku a pov\u011bsil ho.<br><br><img loading=\"lazy\" decoding=\"async\" class=\"alignnone size-large wp-image-1467\" src=\"http:\/\/www.mzone.cz\/wp-content\/uploads\/2018\/11\/Depositphotos_27144267_l-2015-683x1024.jpg\" width=\"600\" height=\"900\" srcset=\"https:\/\/www.mzone.cz\/wp-content\/uploads\/2018\/11\/Depositphotos_27144267_l-2015-683x1024.jpg 683w, https:\/\/www.mzone.cz\/wp-content\/uploads\/2018\/11\/Depositphotos_27144267_l-2015-200x300.jpg 200w, https:\/\/www.mzone.cz\/wp-content\/uploads\/2018\/11\/Depositphotos_27144267_l-2015-768x1151.jpg 768w, https:\/\/www.mzone.cz\/wp-content\/uploads\/2018\/11\/Depositphotos_27144267_l-2015-400x600.jpg 400w, https:\/\/www.mzone.cz\/wp-content\/uploads\/2018\/11\/Depositphotos_27144267_l-2015-666x999.jpg 666w, https:\/\/www.mzone.cz\/wp-content\/uploads\/2018\/11\/Depositphotos_27144267_l-2015-590x885.jpg 590w, https:\/\/www.mzone.cz\/wp-content\/uploads\/2018\/11\/Depositphotos_27144267_l-2015.jpg 1334w\" sizes=\"auto, (max-width: 600px) 100vw, 600px\" \/><br><br>Jan byl opravdu vesel\u00e1 kopa a lid\u00e9 ve m\u011bst\u011b ho m\u011bli r\u00e1di a v\u00e1\u017eili si ho. Nav\u00edc pokro\u010dila doba a bavit se s katem u\u017e se nebralo jako pon\u00ed\u017een\u00ed \u2013 bylo to \u0159emeslo jako ka\u017ed\u00e9 jin\u00e9 jen s vy\u0161\u0161\u00edmi zisky. I Jan K\u0159titel se ale dostal do probl\u00e9m\u016f a s\u00e1m m\u00e1lem skon\u010dil v katov\u011b n\u00e1ru\u010d\u00ed. Jeho \u017eena toti\u017e n\u00e1hle zem\u0159ela a st\u00edn obvin\u011bn\u00ed padl na Jana. Ten si p\u00e1r dn\u00ed posed\u011bl ve v\u011bznici, ale pot\u00e9 byl p\u0159\u00edpad uzav\u0159en jako ne\u0161\u0165astn\u00e1 otrava zka\u017een\u00fdm j\u00eddlem. Jan se vr\u00e1til zp\u00e1tky ke sv\u00e9 pr\u00e1ci a je\u0161t\u011b den p\u0159ed svoj\u00ed smrt\u00ed popravil sv\u00e9ho jubilejn\u00edho 50. odsouzence.<\/p><br>\n\n\n\n<h2 class=\"wp-block-heading\" id=\"karel-huss-kat-lidumil-1761-1838\">Karel Huss \u2013 Kat lidumil (1761 \u2013 1838)<\/h2>\n\n\n\n<p>Karel nem\u011bl zrovna lehk\u00e9 ml\u00e1d\u00ed. Jeho otec byl kat a proto\u017ee necht\u011bl, aby syn dopadl stejn\u011b, p\u0159ihl\u00e1sil ho na gymn\u00e1zium, kde se stal velmi piln\u00fdm a u\u010denliv\u00fdm \u017e\u00e1kem. Brzy se ale po \u0161kole rozneslo, \u017ee je kat\u016fv syn a nastala mu takov\u00e1 \u0161ikana, jakou si dnes ani neum\u00edme p\u0159edstavit. Otec trval na tom, aby dokon\u010dil studia a on rad\u011bji utekl, ne\u017e aby sn\u00e1\u0161el \u00fatlak spolu\u017e\u00e1k\u016f. Brzy ho ale na\u0161li a za\u0159\u00eddili mu dom\u00e1c\u00ed v\u00fduku.<br><br>Povol\u00e1n\u00ed kata p\u0159esto ut\u00e9ct nedok\u00e1zal. Svoji prvn\u00ed opr\u00e1tku ut\u00e1hl v roce 1774 pod dozorem sv\u00e9ho otce. Po dvou letech odcestoval do Dr\u00e1\u017e\u010fan, kde se po sv\u00e9m str\u00fdci ujal katova \u0159emesla. St\u00e1le m\u011bl ale bl\u00ed\u017ee k v\u011bd\u011b ne\u017e k opr\u00e1tce a mu\u010den\u00ed roz\u017ehaven\u00fdmi kle\u0161t\u011bmi. Prakticky v\u0161echen voln\u00fd \u010das tr\u00e1vil studiem, sb\u00edr\u00e1n\u00edm v\u0161eho mo\u017en\u00e9ho, psan\u00edm chebsk\u00e9 kroniky a tajn\u00fdm l\u00e9\u010den\u00edm spoluob\u010dan\u016f, kte\u0159\u00ed si na n\u011bj pomalu zvykali jako na u\u010dence.<\/p>\n\n\n\n<blockquote class=\"wp-block-quote is-layout-flow wp-block-quote-is-layout-flow\"><p>Zat\u00edmco l\u00e9ka\u0159i pou\u0161t\u011bli \u017eilou a prakticky \u010dekali a\u017e doty\u010dn\u00fd um\u0159e, aby mohl inkasovat pen\u00edze, Karel se jim sna\u017eil opravdu pomoci a ve v\u011bt\u0161in\u011b p\u0159\u00edpad\u016f skute\u010dn\u011b zachra\u0148oval \u017eivoty. Jinak to nebylo ani u dcery bohat\u00e9ho peka\u0159e Elberla \u017dofie, kterou l\u00e9ka\u0159i odepsali a neb\u00fdt Karla, zcela jist\u011b by zem\u0159ela. P\u0159esto, \u017ee mezi katem a \u017dofi\u00ed byl dvacetilet\u00fd v\u011bkov\u00fd rozd\u00edl, tak se do sebe zamilovali a pozd\u011bji se i tajn\u011b vzali.<\/p><\/blockquote>\n\n\n\n<p>Karel Huss v mnoha ohledech p\u0159edb\u011bhl svoji dobu. Vlastn\u00ed p\u00edl\u00ed a u\u010denlivost\u00ed ze sebe smyl n\u00e1lepku krvav\u00e9ho kata a vypracoval se a\u017e na uzn\u00e1van\u00e9ho sb\u011bratele a kustoda. Je \u0161koda, \u017ee jeho doba ho neum\u011bla ocenit. Kdov\u00ed, kam a\u017e by se se svoj\u00ed c\u00edlev\u011bdomost\u00ed dostal, kdyby m\u011bl trochu opory.<\/p><br>\n\n\n\n<div class=\"wp-block-media-text alignwide is-stacked-on-mobile is-vertically-aligned-top\" style=\"grid-template-columns:24% auto\"><figure class=\"wp-block-media-text__media\"><a href=\"https:\/\/www.mzone.cz\/gestapo-historie\/\"><img loading=\"lazy\" decoding=\"async\" width=\"800\" height=\"533\" src=\"https:\/\/www.mzone.cz\/wp-content\/uploads\/2020\/03\/Gestapo.jpg\" alt=\"\" class=\"wp-image-15852 size-full\" srcset=\"https:\/\/www.mzone.cz\/wp-content\/uploads\/2020\/03\/Gestapo.jpg 800w, https:\/\/www.mzone.cz\/wp-content\/uploads\/2020\/03\/Gestapo-300x200.jpg 300w, https:\/\/www.mzone.cz\/wp-content\/uploads\/2020\/03\/Gestapo-768x512.jpg 768w, https:\/\/www.mzone.cz\/wp-content\/uploads\/2020\/03\/Gestapo-400x267.jpg 400w, https:\/\/www.mzone.cz\/wp-content\/uploads\/2020\/03\/Gestapo-500x333.jpg 500w, https:\/\/www.mzone.cz\/wp-content\/uploads\/2020\/03\/Gestapo-590x393.jpg 590w\" sizes=\"auto, (max-width: 800px) 100vw, 800px\" \/><\/a><\/figure><div class=\"wp-block-media-text__content\">\n<h4 id=\"prazsti-kati-krvava-historie-prazskeho-gestapa\"><a href=\"https:\/\/www.mzone.cz\/gestapo-historie\/\">Pra\u017e\u0161t\u00ed kati: Krvav\u00e1 historie pra\u017esk\u00e9ho gestapa<\/a><\/h4><br>\n<\/div><\/div>\n\n\n\n<p><\/p>","protected":false},"excerpt":{"rendered":"<p>Hodiny zrovna odb\u00edj\u00ed p\u011bt hodin, kdy\u017e celou Prahu rozezn\u00ed v\u00fdst\u0159el z d\u011bla. Odsouzenec pomalu vystupuje na poprav\u010d\u00ed m\u016fstek a vychutn\u00e1v\u00e1 si posledn\u00ed z\u00e1chv\u011bje v\u011btru na o\u0161lehan\u00e9 tv\u00e1\u0159i. Rozhl\u00e9dne se po davu lid\u00ed na Starom\u011bstsk\u00e9m n\u00e1m\u011bst\u00ed a poprv\u00e9 si opravdu uv\u011bdom\u00ed, \u017ee tady jeho cesta kon\u010d\u00ed. Kat se je\u0161t\u011b naposledy cvi\u010dn\u011b rozm\u00e1chne me\u010dem a p\u0159ejde k [&hellip;]<\/p>\n","protected":false},"author":4,"featured_media":1463,"comment_status":"open","ping_status":"open","sticky":false,"template":"","format":"standard","meta":{"kk_blocks_editor_width":"","_kiokenblocks_attr":"","_kiokenblocks_dimensions":"","footnotes":""},"categories":[387],"tags":[87,574,575,581,576,577,578,579,307,580,582],"class_list":["post-1462","post","type-post","status-publish","format-standard","has-post-thumbnail","hentry","category-historie","tag-historie","tag-kat","tag-kati","tag-odsouzenci","tag-poprava","tag-popravci","tag-popraviste","tag-pribehy","tag-smrt","tag-trest","tag-trest-smrti"],"yoast_head":"<!-- This site is optimized with the Yoast SEO plugin v27.5 - https:\/\/yoast.com\/product\/yoast-seo-wordpress\/ -->\n<title>P\u0159\u00edb\u011bhy \u010desk\u00fdch kat\u016f: N\u011bkte\u0159\u00ed m\u00e1lem sami skon\u010dili na popravi\u0161ti - Mzone<\/title>\n<meta name=\"description\" content=\"Internetov\u00fd magaz\u00edn nejen pro mu\u017ee. P\u00ed\u0161eme o \u017een\u00e1ch, novink\u00e1ch ze sv\u011bta aut a motorek, zaj\u00edm\u00e1 n\u00e1s v\u011bda a technika, m\u00e1me r\u00e1di adrenalin.\" \/>\n<meta name=\"robots\" content=\"index, follow, max-snippet:-1, max-image-preview:large, max-video-preview:-1\" \/>\n<link rel=\"canonical\" href=\"https:\/\/www.mzone.cz\/en\/pribehy-ceskych-katu-nekteri-malem-sami-skoncili-na-popravisti\/\" \/>\n<meta property=\"og:locale\" content=\"en_US\" \/>\n<meta property=\"og:type\" content=\"article\" \/>\n<meta property=\"og:title\" content=\"P\u0159\u00edb\u011bhy \u010desk\u00fdch kat\u016f: N\u011bkte\u0159\u00ed m\u00e1lem sami skon\u010dili na popravi\u0161ti - Mzone\" \/>\n<meta property=\"og:description\" content=\"Internetov\u00fd magaz\u00edn nejen pro mu\u017ee. P\u00ed\u0161eme o \u017een\u00e1ch, novink\u00e1ch ze sv\u011bta aut a motorek, zaj\u00edm\u00e1 n\u00e1s v\u011bda a technika, m\u00e1me r\u00e1di adrenalin.\" \/>\n<meta property=\"og:url\" content=\"https:\/\/www.mzone.cz\/en\/pribehy-ceskych-katu-nekteri-malem-sami-skoncili-na-popravisti\/\" \/>\n<meta property=\"og:site_name\" content=\"Mzone\" \/>\n<meta property=\"article:publisher\" content=\"https:\/\/www.facebook.com\/MzoneCZ\/\" \/>\n<meta property=\"article:published_time\" content=\"2024-01-17T09:00:00+00:00\" \/>\n<meta property=\"article:modified_time\" content=\"2024-01-17T09:26:44+00:00\" \/>\n<meta property=\"og:image\" content=\"https:\/\/www.mzone.cz\/wp-content\/uploads\/2018\/11\/Depositphotos_72139011_l-2015.jpg\" \/>\n\t<meta property=\"og:image:width\" content=\"2000\" \/>\n\t<meta property=\"og:image:height\" content=\"1333\" \/>\n\t<meta property=\"og:image:type\" content=\"image\/jpeg\" \/>\n<meta name=\"author\" content=\"Mzone\" \/>\n<meta name=\"twitter:card\" content=\"summary_large_image\" \/>\n<meta name=\"twitter:label1\" content=\"Written by\" \/>\n\t<meta name=\"twitter:data1\" content=\"Mzone\" \/>\n\t<meta name=\"twitter:label2\" content=\"Est. reading time\" \/>\n\t<meta name=\"twitter:data2\" content=\"5 minutes\" \/>\n<script type=\"application\/ld+json\" class=\"yoast-schema-graph\">{\"@context\":\"https:\\\/\\\/schema.org\",\"@graph\":[{\"@type\":\"Article\",\"@id\":\"https:\\\/\\\/www.mzone.cz\\\/pribehy-ceskych-katu-nekteri-malem-sami-skoncili-na-popravisti\\\/#article\",\"isPartOf\":{\"@id\":\"https:\\\/\\\/www.mzone.cz\\\/pribehy-ceskych-katu-nekteri-malem-sami-skoncili-na-popravisti\\\/\"},\"author\":{\"name\":\"Mzone\",\"@id\":\"https:\\\/\\\/www.mzone.cz\\\/#\\\/schema\\\/person\\\/9bc20cc422a99cac4af6ff9297da32d4\"},\"headline\":\"P\u0159\u00edb\u011bhy \u010desk\u00fdch kat\u016f: N\u011bkte\u0159\u00ed m\u00e1lem sami skon\u010dili na popravi\u0161ti\",\"datePublished\":\"2024-01-17T09:00:00+00:00\",\"dateModified\":\"2024-01-17T09:26:44+00:00\",\"mainEntityOfPage\":{\"@id\":\"https:\\\/\\\/www.mzone.cz\\\/pribehy-ceskych-katu-nekteri-malem-sami-skoncili-na-popravisti\\\/\"},\"wordCount\":1013,\"commentCount\":0,\"image\":{\"@id\":\"https:\\\/\\\/www.mzone.cz\\\/pribehy-ceskych-katu-nekteri-malem-sami-skoncili-na-popravisti\\\/#primaryimage\"},\"thumbnailUrl\":\"https:\\\/\\\/www.mzone.cz\\\/wp-content\\\/uploads\\\/2018\\\/11\\\/Depositphotos_72139011_l-2015.jpg\",\"keywords\":[\"Historie\",\"kat\",\"kati\",\"odsouzenci\",\"poprava\",\"poprav\u010d\u00ed\",\"popravi\u0161t\u011b\",\"p\u0159\u00edb\u011bhy\",\"smrt\",\"trest\",\"trest smrti\"],\"articleSection\":[\"Historie\"],\"inLanguage\":\"en-US\",\"potentialAction\":[{\"@type\":\"CommentAction\",\"name\":\"Comment\",\"target\":[\"https:\\\/\\\/www.mzone.cz\\\/pribehy-ceskych-katu-nekteri-malem-sami-skoncili-na-popravisti\\\/#respond\"]}]},{\"@type\":\"WebPage\",\"@id\":\"https:\\\/\\\/www.mzone.cz\\\/pribehy-ceskych-katu-nekteri-malem-sami-skoncili-na-popravisti\\\/\",\"url\":\"https:\\\/\\\/www.mzone.cz\\\/pribehy-ceskych-katu-nekteri-malem-sami-skoncili-na-popravisti\\\/\",\"name\":\"P\u0159\u00edb\u011bhy \u010desk\u00fdch kat\u016f: N\u011bkte\u0159\u00ed m\u00e1lem sami skon\u010dili na popravi\u0161ti - Mzone\",\"isPartOf\":{\"@id\":\"https:\\\/\\\/www.mzone.cz\\\/#website\"},\"primaryImageOfPage\":{\"@id\":\"https:\\\/\\\/www.mzone.cz\\\/pribehy-ceskych-katu-nekteri-malem-sami-skoncili-na-popravisti\\\/#primaryimage\"},\"image\":{\"@id\":\"https:\\\/\\\/www.mzone.cz\\\/pribehy-ceskych-katu-nekteri-malem-sami-skoncili-na-popravisti\\\/#primaryimage\"},\"thumbnailUrl\":\"https:\\\/\\\/www.mzone.cz\\\/wp-content\\\/uploads\\\/2018\\\/11\\\/Depositphotos_72139011_l-2015.jpg\",\"datePublished\":\"2024-01-17T09:00:00+00:00\",\"dateModified\":\"2024-01-17T09:26:44+00:00\",\"author\":{\"@id\":\"https:\\\/\\\/www.mzone.cz\\\/#\\\/schema\\\/person\\\/9bc20cc422a99cac4af6ff9297da32d4\"},\"description\":\"Internetov\u00fd magaz\u00edn nejen pro mu\u017ee. P\u00ed\u0161eme o \u017een\u00e1ch, novink\u00e1ch ze sv\u011bta aut a motorek, zaj\u00edm\u00e1 n\u00e1s v\u011bda a technika, m\u00e1me r\u00e1di adrenalin.\",\"breadcrumb\":{\"@id\":\"https:\\\/\\\/www.mzone.cz\\\/pribehy-ceskych-katu-nekteri-malem-sami-skoncili-na-popravisti\\\/#breadcrumb\"},\"inLanguage\":\"en-US\",\"potentialAction\":[{\"@type\":\"ReadAction\",\"target\":[\"https:\\\/\\\/www.mzone.cz\\\/pribehy-ceskych-katu-nekteri-malem-sami-skoncili-na-popravisti\\\/\"]}]},{\"@type\":\"ImageObject\",\"inLanguage\":\"en-US\",\"@id\":\"https:\\\/\\\/www.mzone.cz\\\/pribehy-ceskych-katu-nekteri-malem-sami-skoncili-na-popravisti\\\/#primaryimage\",\"url\":\"https:\\\/\\\/www.mzone.cz\\\/wp-content\\\/uploads\\\/2018\\\/11\\\/Depositphotos_72139011_l-2015.jpg\",\"contentUrl\":\"https:\\\/\\\/www.mzone.cz\\\/wp-content\\\/uploads\\\/2018\\\/11\\\/Depositphotos_72139011_l-2015.jpg\",\"width\":2000,\"height\":1333},{\"@type\":\"BreadcrumbList\",\"@id\":\"https:\\\/\\\/www.mzone.cz\\\/pribehy-ceskych-katu-nekteri-malem-sami-skoncili-na-popravisti\\\/#breadcrumb\",\"itemListElement\":[{\"@type\":\"ListItem\",\"position\":1,\"name\":\"Dom\u016f\",\"item\":\"https:\\\/\\\/www.mzone.cz\\\/\"},{\"@type\":\"ListItem\",\"position\":2,\"name\":\"P\u0159\u00edb\u011bhy \u010desk\u00fdch kat\u016f: N\u011bkte\u0159\u00ed m\u00e1lem sami skon\u010dili na popravi\u0161ti\"}]},{\"@type\":\"WebSite\",\"@id\":\"https:\\\/\\\/www.mzone.cz\\\/#website\",\"url\":\"https:\\\/\\\/www.mzone.cz\\\/\",\"name\":\"Mzone\",\"description\":\"Magaz\u00edn nejen pro mu\u017ee\",\"potentialAction\":[{\"@type\":\"SearchAction\",\"target\":{\"@type\":\"EntryPoint\",\"urlTemplate\":\"https:\\\/\\\/www.mzone.cz\\\/?s={search_term_string}\"},\"query-input\":{\"@type\":\"PropertyValueSpecification\",\"valueRequired\":true,\"valueName\":\"search_term_string\"}}],\"inLanguage\":\"en-US\"},{\"@type\":\"Person\",\"@id\":\"https:\\\/\\\/www.mzone.cz\\\/#\\\/schema\\\/person\\\/9bc20cc422a99cac4af6ff9297da32d4\",\"name\":\"Mzone\",\"image\":{\"@type\":\"ImageObject\",\"inLanguage\":\"en-US\",\"@id\":\"https:\\\/\\\/secure.gravatar.com\\\/avatar\\\/e780a8630f3182a3d06dd667ab6bea151a0d155b0951bc15fe22633acdac0676?s=96&d=mm&r=g\",\"url\":\"https:\\\/\\\/secure.gravatar.com\\\/avatar\\\/e780a8630f3182a3d06dd667ab6bea151a0d155b0951bc15fe22633acdac0676?s=96&d=mm&r=g\",\"contentUrl\":\"https:\\\/\\\/secure.gravatar.com\\\/avatar\\\/e780a8630f3182a3d06dd667ab6bea151a0d155b0951bc15fe22633acdac0676?s=96&d=mm&r=g\",\"caption\":\"Mzone\"},\"url\":\"https:\\\/\\\/www.mzone.cz\\\/en\\\/author\\\/jakub\\\/\"}]}<\/script>\n<!-- \/ Yoast SEO plugin. -->","yoast_head_json":{"title":"P\u0159\u00edb\u011bhy \u010desk\u00fdch kat\u016f: N\u011bkte\u0159\u00ed m\u00e1lem sami skon\u010dili na popravi\u0161ti - Mzone","description":"Internetov\u00fd magaz\u00edn nejen pro mu\u017ee. P\u00ed\u0161eme o \u017een\u00e1ch, novink\u00e1ch ze sv\u011bta aut a motorek, zaj\u00edm\u00e1 n\u00e1s v\u011bda a technika, m\u00e1me r\u00e1di adrenalin.","robots":{"index":"index","follow":"follow","max-snippet":"max-snippet:-1","max-image-preview":"max-image-preview:large","max-video-preview":"max-video-preview:-1"},"canonical":"https:\/\/www.mzone.cz\/en\/pribehy-ceskych-katu-nekteri-malem-sami-skoncili-na-popravisti\/","og_locale":"en_US","og_type":"article","og_title":"P\u0159\u00edb\u011bhy \u010desk\u00fdch kat\u016f: N\u011bkte\u0159\u00ed m\u00e1lem sami skon\u010dili na popravi\u0161ti - Mzone","og_description":"Internetov\u00fd magaz\u00edn nejen pro mu\u017ee. P\u00ed\u0161eme o \u017een\u00e1ch, novink\u00e1ch ze sv\u011bta aut a motorek, zaj\u00edm\u00e1 n\u00e1s v\u011bda a technika, m\u00e1me r\u00e1di adrenalin.","og_url":"https:\/\/www.mzone.cz\/en\/pribehy-ceskych-katu-nekteri-malem-sami-skoncili-na-popravisti\/","og_site_name":"Mzone","article_publisher":"https:\/\/www.facebook.com\/MzoneCZ\/","article_published_time":"2024-01-17T09:00:00+00:00","article_modified_time":"2024-01-17T09:26:44+00:00","og_image":[{"width":2000,"height":1333,"url":"https:\/\/www.mzone.cz\/wp-content\/uploads\/2018\/11\/Depositphotos_72139011_l-2015.jpg","type":"image\/jpeg"}],"author":"Mzone","twitter_card":"summary_large_image","twitter_misc":{"Written by":"Mzone","Est. reading time":"5 minutes"},"schema":{"@context":"https:\/\/schema.org","@graph":[{"@type":"Article","@id":"https:\/\/www.mzone.cz\/pribehy-ceskych-katu-nekteri-malem-sami-skoncili-na-popravisti\/#article","isPartOf":{"@id":"https:\/\/www.mzone.cz\/pribehy-ceskych-katu-nekteri-malem-sami-skoncili-na-popravisti\/"},"author":{"name":"Mzone","@id":"https:\/\/www.mzone.cz\/#\/schema\/person\/9bc20cc422a99cac4af6ff9297da32d4"},"headline":"P\u0159\u00edb\u011bhy \u010desk\u00fdch kat\u016f: N\u011bkte\u0159\u00ed m\u00e1lem sami skon\u010dili na popravi\u0161ti","datePublished":"2024-01-17T09:00:00+00:00","dateModified":"2024-01-17T09:26:44+00:00","mainEntityOfPage":{"@id":"https:\/\/www.mzone.cz\/pribehy-ceskych-katu-nekteri-malem-sami-skoncili-na-popravisti\/"},"wordCount":1013,"commentCount":0,"image":{"@id":"https:\/\/www.mzone.cz\/pribehy-ceskych-katu-nekteri-malem-sami-skoncili-na-popravisti\/#primaryimage"},"thumbnailUrl":"https:\/\/www.mzone.cz\/wp-content\/uploads\/2018\/11\/Depositphotos_72139011_l-2015.jpg","keywords":["Historie","kat","kati","odsouzenci","poprava","poprav\u010d\u00ed","popravi\u0161t\u011b","p\u0159\u00edb\u011bhy","smrt","trest","trest smrti"],"articleSection":["Historie"],"inLanguage":"en-US","potentialAction":[{"@type":"CommentAction","name":"Comment","target":["https:\/\/www.mzone.cz\/pribehy-ceskych-katu-nekteri-malem-sami-skoncili-na-popravisti\/#respond"]}]},{"@type":"WebPage","@id":"https:\/\/www.mzone.cz\/pribehy-ceskych-katu-nekteri-malem-sami-skoncili-na-popravisti\/","url":"https:\/\/www.mzone.cz\/pribehy-ceskych-katu-nekteri-malem-sami-skoncili-na-popravisti\/","name":"P\u0159\u00edb\u011bhy \u010desk\u00fdch kat\u016f: N\u011bkte\u0159\u00ed m\u00e1lem sami skon\u010dili na popravi\u0161ti - Mzone","isPartOf":{"@id":"https:\/\/www.mzone.cz\/#website"},"primaryImageOfPage":{"@id":"https:\/\/www.mzone.cz\/pribehy-ceskych-katu-nekteri-malem-sami-skoncili-na-popravisti\/#primaryimage"},"image":{"@id":"https:\/\/www.mzone.cz\/pribehy-ceskych-katu-nekteri-malem-sami-skoncili-na-popravisti\/#primaryimage"},"thumbnailUrl":"https:\/\/www.mzone.cz\/wp-content\/uploads\/2018\/11\/Depositphotos_72139011_l-2015.jpg","datePublished":"2024-01-17T09:00:00+00:00","dateModified":"2024-01-17T09:26:44+00:00","author":{"@id":"https:\/\/www.mzone.cz\/#\/schema\/person\/9bc20cc422a99cac4af6ff9297da32d4"},"description":"Internetov\u00fd magaz\u00edn nejen pro mu\u017ee. P\u00ed\u0161eme o \u017een\u00e1ch, novink\u00e1ch ze sv\u011bta aut a motorek, zaj\u00edm\u00e1 n\u00e1s v\u011bda a technika, m\u00e1me r\u00e1di adrenalin.","breadcrumb":{"@id":"https:\/\/www.mzone.cz\/pribehy-ceskych-katu-nekteri-malem-sami-skoncili-na-popravisti\/#breadcrumb"},"inLanguage":"en-US","potentialAction":[{"@type":"ReadAction","target":["https:\/\/www.mzone.cz\/pribehy-ceskych-katu-nekteri-malem-sami-skoncili-na-popravisti\/"]}]},{"@type":"ImageObject","inLanguage":"en-US","@id":"https:\/\/www.mzone.cz\/pribehy-ceskych-katu-nekteri-malem-sami-skoncili-na-popravisti\/#primaryimage","url":"https:\/\/www.mzone.cz\/wp-content\/uploads\/2018\/11\/Depositphotos_72139011_l-2015.jpg","contentUrl":"https:\/\/www.mzone.cz\/wp-content\/uploads\/2018\/11\/Depositphotos_72139011_l-2015.jpg","width":2000,"height":1333},{"@type":"BreadcrumbList","@id":"https:\/\/www.mzone.cz\/pribehy-ceskych-katu-nekteri-malem-sami-skoncili-na-popravisti\/#breadcrumb","itemListElement":[{"@type":"ListItem","position":1,"name":"Dom\u016f","item":"https:\/\/www.mzone.cz\/"},{"@type":"ListItem","position":2,"name":"P\u0159\u00edb\u011bhy \u010desk\u00fdch kat\u016f: N\u011bkte\u0159\u00ed m\u00e1lem sami skon\u010dili na popravi\u0161ti"}]},{"@type":"WebSite","@id":"https:\/\/www.mzone.cz\/#website","url":"https:\/\/www.mzone.cz\/","name":"Mzone","description":"Magaz\u00edn nejen pro mu\u017ee","potentialAction":[{"@type":"SearchAction","target":{"@type":"EntryPoint","urlTemplate":"https:\/\/www.mzone.cz\/?s={search_term_string}"},"query-input":{"@type":"PropertyValueSpecification","valueRequired":true,"valueName":"search_term_string"}}],"inLanguage":"en-US"},{"@type":"Person","@id":"https:\/\/www.mzone.cz\/#\/schema\/person\/9bc20cc422a99cac4af6ff9297da32d4","name":"Mzone","image":{"@type":"ImageObject","inLanguage":"en-US","@id":"https:\/\/secure.gravatar.com\/avatar\/e780a8630f3182a3d06dd667ab6bea151a0d155b0951bc15fe22633acdac0676?s=96&d=mm&r=g","url":"https:\/\/secure.gravatar.com\/avatar\/e780a8630f3182a3d06dd667ab6bea151a0d155b0951bc15fe22633acdac0676?s=96&d=mm&r=g","contentUrl":"https:\/\/secure.gravatar.com\/avatar\/e780a8630f3182a3d06dd667ab6bea151a0d155b0951bc15fe22633acdac0676?s=96&d=mm&r=g","caption":"Mzone"},"url":"https:\/\/www.mzone.cz\/en\/author\/jakub\/"}]}},"_links":{"self":[{"href":"https:\/\/www.mzone.cz\/en\/wp-json\/wp\/v2\/posts\/1462","targetHints":{"allow":["GET"]}}],"collection":[{"href":"https:\/\/www.mzone.cz\/en\/wp-json\/wp\/v2\/posts"}],"about":[{"href":"https:\/\/www.mzone.cz\/en\/wp-json\/wp\/v2\/types\/post"}],"author":[{"embeddable":true,"href":"https:\/\/www.mzone.cz\/en\/wp-json\/wp\/v2\/users\/4"}],"replies":[{"embeddable":true,"href":"https:\/\/www.mzone.cz\/en\/wp-json\/wp\/v2\/comments?post=1462"}],"version-history":[{"count":4,"href":"https:\/\/www.mzone.cz\/en\/wp-json\/wp\/v2\/posts\/1462\/revisions"}],"predecessor-version":[{"id":35895,"href":"https:\/\/www.mzone.cz\/en\/wp-json\/wp\/v2\/posts\/1462\/revisions\/35895"}],"wp:featuredmedia":[{"embeddable":true,"href":"https:\/\/www.mzone.cz\/en\/wp-json\/wp\/v2\/media\/1463"}],"wp:attachment":[{"href":"https:\/\/www.mzone.cz\/en\/wp-json\/wp\/v2\/media?parent=1462"}],"wp:term":[{"taxonomy":"category","embeddable":true,"href":"https:\/\/www.mzone.cz\/en\/wp-json\/wp\/v2\/categories?post=1462"},{"taxonomy":"post_tag","embeddable":true,"href":"https:\/\/www.mzone.cz\/en\/wp-json\/wp\/v2\/tags?post=1462"}],"curies":[{"name":"wp","href":"https:\/\/api.w.org\/{rel}","templated":true}]}}