{"id":15353,"date":"2020-10-13T05:00:40","date_gmt":"2020-10-13T03:00:40","guid":{"rendered":"https:\/\/www.mzone.cz\/?p=15353"},"modified":"2020-08-18T18:44:33","modified_gmt":"2020-08-18T16:44:33","slug":"zakulisi-jak-se-bali-auta-na-cestu-po-mori","status":"publish","type":"post","link":"https:\/\/www.mzone.cz\/en\/zakulisi-jak-se-bali-auta-na-cestu-po-mori\/","title":{"rendered":"Pohled do z\u00e1kulis\u00ed: Jak se bal\u00ed auta na cestu po mo\u0159i"},"content":{"rendered":"<p><strong>P\u0159edstavte si, \u017ee \u017eijete v Indii a zatou\u017e\u00edte po nov\u00e9m voze z Evropy. Co ud\u011bl\u00e1te? To sam\u00e9, co lid\u00e9 na cel\u00e9m sv\u011bt\u011b \u2013 zajdete ke sv\u00e9mu prodejci. Ne\u017e se ale auto dostane a\u017e k v\u00e1m, \u010dek\u00e1 ho velk\u00e9 dobrodru\u017estv\u00ed. Poj\u010fte se pod\u00edvat, co v\u0161echno za\u017eije!<\/strong><\/p><br>\n\n\n\n<p>Kdyby byla Indie v&nbsp;Evropsk\u00e9 unii, auta z Evropy by&nbsp;se&nbsp;nalo\u017eily na&nbsp;kamion&nbsp;nebo&nbsp;vlak, odvezly by&nbsp;se&nbsp;do&nbsp;m\u00edsta prodeje a&nbsp;mohly by&nbsp;se&nbsp;za\u010d\u00edt nab\u00edzet. Ale Indie je&nbsp;daleko a&nbsp;m\u00e1&nbsp;sv\u016fj vlastn\u00ed trh, kter\u00fd si&nbsp;chr\u00e1n\u00ed cly na&nbsp;zahrani\u010dn\u00ed zbo\u017e\u00ed, tedy i&nbsp;vozy jako jsou \u010desk\u00e9 \u0161kodovky. Dohromady se&nbsp;jich zde ro\u010dn\u011b prod\u00e1 okolo sedmn\u00e1cti tis\u00edc.<\/p>\n\n\n\n<blockquote class=\"wp-block-quote is-layout-flow wp-block-quote-is-layout-flow\"><p>Pokud by se do zem\u00ed mimo EU dov\u00e1\u017eela hotov\u00e1 auta v celku, clo by bylo vysok\u00e9 a v\u00fdznamn\u011b by zv\u00fd\u0161ilo kone\u010dnou cenu. Kompromisem je situace, kdy se dov\u00e1\u017eej\u00ed automobily v r\u016fzn\u00e9m stupni rozlo\u017een\u00ed a kompletuj\u00ed se na m\u00edst\u011b.<\/p><\/blockquote>\n\n\n\n<p>V&nbsp;ka\u017ed\u00e9 zemi plat\u00ed trochu jin\u00e1 pravidla, na kter\u00e9 je t\u0159eba reagovat. \u201eProces zabalen\u00ed karoseri\u00ed a d\u00edl\u016f a jejich doru\u010den\u00ed do v\u00fdrobn\u00edho z\u00e1vodu na druh\u00e9m konci sv\u011bta je \u00fakolem na\u0161eho logistick\u00e9ho odd\u011blen\u00ed,\u201c \u0159\u00edk\u00e1 vedouc\u00ed Logistiky zna\u010dky \u0160koda Ji\u0159\u00ed Cee. \u201eR\u016fzn\u00e9 zem\u011b maj\u00ed r\u016fzn\u00e9 podm\u00ednky, a proto rozli\u0161ujeme t\u0159i \u00farovn\u011b rozlo\u017een\u00ed automobil\u016f,\u201d dopl\u0148uje Ond\u0159ej Paclt, vedouc\u00ed \u00datvaru zahrani\u010dn\u00edch projekt\u016f Logistiky zna\u010dky \u0160koda, kter\u00e9 s\u00eddl\u00ed v CKD Centru v Mlad\u00e9 Boleslavi.<\/p><br>\n\n\n\n<figure class=\"wp-block-image size-large\"><img loading=\"lazy\" decoding=\"async\" width=\"1024\" height=\"683\" src=\"https:\/\/www.mzone.cz\/wp-content\/uploads\/2019\/12\/skoda-parts-transport-inside-bodywork-logistics-1920x1280-1-1024x683.jpg\" alt=\"Cesta auta po mo\u0159i\" class=\"wp-image-15359\" srcset=\"https:\/\/www.mzone.cz\/wp-content\/uploads\/2019\/12\/skoda-parts-transport-inside-bodywork-logistics-1920x1280-1-1024x683.jpg 1024w, https:\/\/www.mzone.cz\/wp-content\/uploads\/2019\/12\/skoda-parts-transport-inside-bodywork-logistics-1920x1280-1-300x200.jpg 300w, https:\/\/www.mzone.cz\/wp-content\/uploads\/2019\/12\/skoda-parts-transport-inside-bodywork-logistics-1920x1280-1-768x512.jpg 768w, https:\/\/www.mzone.cz\/wp-content\/uploads\/2019\/12\/skoda-parts-transport-inside-bodywork-logistics-1920x1280-1-1536x1024.jpg 1536w, https:\/\/www.mzone.cz\/wp-content\/uploads\/2019\/12\/skoda-parts-transport-inside-bodywork-logistics-1920x1280-1-800x533.jpg 800w, https:\/\/www.mzone.cz\/wp-content\/uploads\/2019\/12\/skoda-parts-transport-inside-bodywork-logistics-1920x1280-1-400x267.jpg 400w, https:\/\/www.mzone.cz\/wp-content\/uploads\/2019\/12\/skoda-parts-transport-inside-bodywork-logistics-1920x1280-1-500x333.jpg 500w, https:\/\/www.mzone.cz\/wp-content\/uploads\/2019\/12\/skoda-parts-transport-inside-bodywork-logistics-1920x1280-1-1170x780.jpg 1170w, https:\/\/www.mzone.cz\/wp-content\/uploads\/2019\/12\/skoda-parts-transport-inside-bodywork-logistics-1920x1280-1-590x393.jpg 590w, https:\/\/www.mzone.cz\/wp-content\/uploads\/2019\/12\/skoda-parts-transport-inside-bodywork-logistics-1920x1280-1.jpg 1920w\" sizes=\"auto, (max-width: 1024px) 100vw, 1024px\" \/><\/figure><br>\n\n\n\n<p>U&nbsp;nejjednodu\u0161\u0161\u00edho stupn\u011b je&nbsp;rozmontovan\u00fd podvozek a&nbsp;motorov\u00fd agreg\u00e1t s&nbsp;t\u00edm, \u017ee&nbsp;k&nbsp;pozd\u011bj\u0161\u00ed mont\u00e1\u017ei sta\u010d\u00ed zved\u00e1k, kter\u00fd se&nbsp;pou\u017e\u00edv\u00e1 v autoservisech. Zas\u00edl\u00e1n\u00ed automobil\u016f v&nbsp;tomto stavu znamen\u00e1, \u017ee&nbsp;se&nbsp;na&nbsp;n\u011b&nbsp;m\u00edsto dvacetiprocentn\u00edho cla uplatn\u00ed clo polovi\u010dn\u00ed. A&nbsp;to&nbsp;se&nbsp;u\u017e&nbsp;vyplat\u00ed.<\/p><br>\n\n\n\n<p>Sou\u010d\u00e1st\u00ed st\u0159edn\u00edho stupn\u011b rozlo\u017eenosti jsou u\u017e&nbsp;i&nbsp;d\u00edly a&nbsp;komponenty, kter\u00e9 nebyly nikdy smontov\u00e1ny a&nbsp;kter\u00e9 se&nbsp;pos\u00edlaj\u00ed tak, jak opustily v\u00fdrobn\u00ed linku. V&nbsp;takov\u00e9m p\u0159\u00edpad\u011b u\u017e&nbsp;na&nbsp;c\u00edlov\u00e9m m\u00edst\u011b pot\u0159ebujete kompletn\u00ed mont\u00e1\u017e, ale obejdete se&nbsp;bez lisovny, sva\u0159ovny a&nbsp;lakovny, v&nbsp;nich\u017e prob\u00edhaj\u00ed slo\u017eit\u00e9 a&nbsp;n\u00e1kladn\u00e9 procesy. T\u0159et\u00ed \u00farovn\u00ed je&nbsp;\u00fapln\u00e1 rozlo\u017eenost, kdy se&nbsp;v&nbsp;zemi kompletuje i&nbsp;karoserie z&nbsp;dodan\u00fdch sva\u0159enc\u016f a&nbsp;v\u00fdlisk\u016f.<\/p><br>\n\n\n\n<div class=\"wp-block-image\"><figure class=\"alignleft size-large is-resized\"><img loading=\"lazy\" decoding=\"async\" src=\"https:\/\/www.mzone.cz\/wp-content\/uploads\/2019\/12\/Testov\u00e1n\u00ed-motor\u016f.jpg\" alt=\"\" class=\"wp-image-15326\" width=\"104\" height=\"69\" srcset=\"https:\/\/www.mzone.cz\/wp-content\/uploads\/2019\/12\/Testov\u00e1n\u00ed-motor\u016f.jpg 928w, https:\/\/www.mzone.cz\/wp-content\/uploads\/2019\/12\/Testov\u00e1n\u00ed-motor\u016f-300x200.jpg 300w, https:\/\/www.mzone.cz\/wp-content\/uploads\/2019\/12\/Testov\u00e1n\u00ed-motor\u016f-768x511.jpg 768w, https:\/\/www.mzone.cz\/wp-content\/uploads\/2019\/12\/Testov\u00e1n\u00ed-motor\u016f-800x533.jpg 800w, https:\/\/www.mzone.cz\/wp-content\/uploads\/2019\/12\/Testov\u00e1n\u00ed-motor\u016f-400x267.jpg 400w, https:\/\/www.mzone.cz\/wp-content\/uploads\/2019\/12\/Testov\u00e1n\u00ed-motor\u016f-500x333.jpg 500w, https:\/\/www.mzone.cz\/wp-content\/uploads\/2019\/12\/Testov\u00e1n\u00ed-motor\u016f-590x393.jpg 590w\" sizes=\"auto, (max-width: 104px) 100vw, 104px\" \/><\/figure><\/div>\n\n\n\n<h4><a href=\"https:\/\/www.mzone.cz\/zakulisi-jak-se-testuji-motory\/\">Pohled do z\u00e1kulis\u00ed: Jak se testuj\u00ed motory<\/a><\/h4><br><br>\n\n\n\n<p>\u00dakol logistick\u00e9ho odd\u011blen\u00ed si&nbsp;m\u016f\u017eete p\u0159edstavit jako \u010d\u00e1st vlo\u017eenou do&nbsp;v\u00fdrobn\u00edho procesu. Zjednodu\u0161en\u011b to&nbsp;vypad\u00e1 tak, \u017ee&nbsp;v\u00fdrobn\u00ed linka se&nbsp;na&nbsp;jednom m\u00edst\u011b p\u0159eru\u0161\u00ed, zajede do&nbsp;kontejneru, p\u0159ejede nebo p\u0159epluje na&nbsp;jinou \u010d\u00e1st planety, aby voln\u011b nav\u00e1zala&nbsp;na&nbsp;tis\u00edce kilometr\u016f vzd\u00e1len\u00e9m m\u00edst\u011b. \u0160kodovka t\u00edmto zp\u016fsobem montuje nov\u00e9 vozy v \u010c\u00edn\u011b, Rusku, Al\u017e\u00edrsku, Kazachst\u00e1nu, na Ukrajin\u011b nebo pr\u00e1v\u011b v Indii. \u0160kodovky se zde kompletuj\u00ed hned na dvou m\u00edstech, a to v z\u00e1vodech \u0160koda Auto Volkswagen India Pvt. Ltd. v Aur\u00e1ng\u00e1b\u00e1du a v Pun\u00e9. Do Aur\u00e1ng\u00e1b\u00e1du se pos\u00edlaj\u00ed auta ve st\u0159edn\u011b rozlo\u017een\u00e9m stupni, do Pun\u00e9 ve stupni nejvy\u0161\u0161\u00edm. Poj\u010fte se na balen\u00ed aut pro Indii pod\u00edvat bl\u00ed\u017e.<\/p><br>\n\n\n\n<figure class=\"wp-block-image size-large\"><img loading=\"lazy\" decoding=\"async\" width=\"1024\" height=\"683\" src=\"https:\/\/www.mzone.cz\/wp-content\/uploads\/2019\/12\/skoda-parts-logistics-transport-system-1920x1280-1-1024x683.jpg\" alt=\"Cesta auta po mo\u0159i\" class=\"wp-image-15369\" srcset=\"https:\/\/www.mzone.cz\/wp-content\/uploads\/2019\/12\/skoda-parts-logistics-transport-system-1920x1280-1-1024x683.jpg 1024w, https:\/\/www.mzone.cz\/wp-content\/uploads\/2019\/12\/skoda-parts-logistics-transport-system-1920x1280-1-300x200.jpg 300w, https:\/\/www.mzone.cz\/wp-content\/uploads\/2019\/12\/skoda-parts-logistics-transport-system-1920x1280-1-768x512.jpg 768w, https:\/\/www.mzone.cz\/wp-content\/uploads\/2019\/12\/skoda-parts-logistics-transport-system-1920x1280-1-1536x1024.jpg 1536w, https:\/\/www.mzone.cz\/wp-content\/uploads\/2019\/12\/skoda-parts-logistics-transport-system-1920x1280-1-800x533.jpg 800w, https:\/\/www.mzone.cz\/wp-content\/uploads\/2019\/12\/skoda-parts-logistics-transport-system-1920x1280-1-400x267.jpg 400w, https:\/\/www.mzone.cz\/wp-content\/uploads\/2019\/12\/skoda-parts-logistics-transport-system-1920x1280-1-500x333.jpg 500w, https:\/\/www.mzone.cz\/wp-content\/uploads\/2019\/12\/skoda-parts-logistics-transport-system-1920x1280-1-1170x780.jpg 1170w, https:\/\/www.mzone.cz\/wp-content\/uploads\/2019\/12\/skoda-parts-logistics-transport-system-1920x1280-1-590x393.jpg 590w, https:\/\/www.mzone.cz\/wp-content\/uploads\/2019\/12\/skoda-parts-logistics-transport-system-1920x1280-1.jpg 1920w\" sizes=\"auto, (max-width: 1024px) 100vw, 1024px\" \/><\/figure><br>\n\n\n\n<h2 class=\"wp-block-heading\">Ekologicky a \u00fasporn\u011b<\/h2>\n\n\n\n<p>\u201eOt\u00e1zkou nen\u00ed jen co&nbsp;v\u0161echno se&nbsp;m\u00e1&nbsp;poslat, ale tak\u00e9 jak to&nbsp;poslat a&nbsp;zajistit, aby byla doprava ekonomick\u00e1 i&nbsp;ekologick\u00e1,\u201d \u0159\u00edk\u00e1 Ond\u0159ej Paclt z&nbsp;mladoboleslavsk\u00e9ho logistick\u00e9ho centra, kter\u00e9 spolu se&nbsp;v\u0161emi d\u011bln\u00edky zam\u011bstn\u00e1v\u00e1 1&nbsp;500 lid\u00ed.<\/p>\n\n\n\n<blockquote class=\"wp-block-quote is-layout-flow wp-block-quote-is-layout-flow\"><p>Balen\u00ed d\u00edl\u016f je&nbsp;hotov\u00e1 v\u011bda a&nbsp;pokud v\u00e1s p\u0159i balen\u00ed v\u00e1no\u010dn\u00edch d\u00e1rk\u016f poka\u017ed\u00e9 rozbol\u00ed hlava, dejte si&nbsp;p\u0159est\u00e1vku, proto\u017ee te\u010f to&nbsp;bude n\u00e1ro\u010dn\u00e9.<\/p><\/blockquote>\n\n\n\n<p>Rozlo\u017een\u00e9 \u0161kodovky se&nbsp;p\u0159epravuj\u00ed v&nbsp;kontejnerech, do&nbsp;nich\u017e se&nbsp;d\u00edly umis\u0165uj\u00ed tak, aby zabraly co&nbsp;nejm\u00e9n\u011b m\u00edsta. Zp\u016fsob balen\u00ed prod\u011blal velk\u00fd v\u00fdvoj. D\u00edky r\u016fzn\u00fdm inovac\u00edm a&nbsp;zlep\u0161ov\u00e1k\u016fm se&nbsp;do&nbsp;kontejneru o&nbsp;stejn\u00e9m rozm\u011bru rok od&nbsp;roku ve\u0161lo v\u017edy o&nbsp;n\u011bco v\u00edc.<\/p><br>\n\n\n\n<figure class=\"wp-block-image size-large\"><img loading=\"lazy\" decoding=\"async\" width=\"1024\" height=\"683\" src=\"https:\/\/www.mzone.cz\/wp-content\/uploads\/2019\/12\/skoda-transport-detail-signage-logistics-1920x1280-1-1024x683.jpg\" alt=\"Cesta auta po mo\u0159i\" class=\"wp-image-15373\" srcset=\"https:\/\/www.mzone.cz\/wp-content\/uploads\/2019\/12\/skoda-transport-detail-signage-logistics-1920x1280-1-1024x683.jpg 1024w, https:\/\/www.mzone.cz\/wp-content\/uploads\/2019\/12\/skoda-transport-detail-signage-logistics-1920x1280-1-300x200.jpg 300w, https:\/\/www.mzone.cz\/wp-content\/uploads\/2019\/12\/skoda-transport-detail-signage-logistics-1920x1280-1-768x512.jpg 768w, https:\/\/www.mzone.cz\/wp-content\/uploads\/2019\/12\/skoda-transport-detail-signage-logistics-1920x1280-1-1536x1024.jpg 1536w, https:\/\/www.mzone.cz\/wp-content\/uploads\/2019\/12\/skoda-transport-detail-signage-logistics-1920x1280-1-800x533.jpg 800w, https:\/\/www.mzone.cz\/wp-content\/uploads\/2019\/12\/skoda-transport-detail-signage-logistics-1920x1280-1-400x267.jpg 400w, https:\/\/www.mzone.cz\/wp-content\/uploads\/2019\/12\/skoda-transport-detail-signage-logistics-1920x1280-1-500x333.jpg 500w, https:\/\/www.mzone.cz\/wp-content\/uploads\/2019\/12\/skoda-transport-detail-signage-logistics-1920x1280-1-1170x780.jpg 1170w, https:\/\/www.mzone.cz\/wp-content\/uploads\/2019\/12\/skoda-transport-detail-signage-logistics-1920x1280-1-590x393.jpg 590w, https:\/\/www.mzone.cz\/wp-content\/uploads\/2019\/12\/skoda-transport-detail-signage-logistics-1920x1280-1.jpg 1920w\" sizes=\"auto, (max-width: 1024px) 100vw, 1024px\" \/><\/figure><br>\n\n\n\n<p>Od roku 2000 se do p\u0159epravn\u00edho kontejneru vkl\u00e1daly pouze dva obaly s dv\u011bma vozy. Ka\u017ed\u00fd z nich obsahoval karoserii a d\u00edly, kter\u00e9 nebyly v Indii lokalizovan\u00e9, to znamen\u00e1, \u017ee se tam nevyr\u00e1b\u011bly.<\/p><br>\n\n\n\n<p>V roce 2006 p\u0159i\u0161la prvn\u00ed inovace a zm\u011bna konceptu s c\u00edlem sn\u00ed\u017eit logistick\u00e9 n\u00e1klady. Zm\u011bna tak\u00e9 reagovala na zvy\u0161uj\u00edc\u00ed se pod\u00edl lokalizace, kter\u00e1 znamenala zm\u011bnu ve skladb\u011b dopravovan\u00fdch d\u00edl\u016f. Sta\u010dilo karoserie vlo\u017eit do kontejneru pod jin\u00fdm \u00fahlem a do stejn\u00e9ho prostoru se m\u00edsto dvou \u0161kodovek ve\u0161ly hned t\u0159i. Vznikl tak koncept t\u0159\u00ed obal\u016f v jednom kontejneru.<\/p><br>\n\n\n\n<div class=\"wp-block-image\"><figure class=\"alignleft size-large is-resized\"><img loading=\"lazy\" decoding=\"async\" src=\"https:\/\/www.mzone.cz\/wp-content\/uploads\/2019\/12\/M\u011b\u0159en\u00ed-emis\u00ed.jpg\" alt=\"\" class=\"wp-image-15157\" width=\"104\" height=\"70\" srcset=\"https:\/\/www.mzone.cz\/wp-content\/uploads\/2019\/12\/M\u011b\u0159en\u00ed-emis\u00ed.jpg 958w, https:\/\/www.mzone.cz\/wp-content\/uploads\/2019\/12\/M\u011b\u0159en\u00ed-emis\u00ed-300x200.jpg 300w, https:\/\/www.mzone.cz\/wp-content\/uploads\/2019\/12\/M\u011b\u0159en\u00ed-emis\u00ed-768x511.jpg 768w, https:\/\/www.mzone.cz\/wp-content\/uploads\/2019\/12\/M\u011b\u0159en\u00ed-emis\u00ed-800x533.jpg 800w, https:\/\/www.mzone.cz\/wp-content\/uploads\/2019\/12\/M\u011b\u0159en\u00ed-emis\u00ed-400x267.jpg 400w, https:\/\/www.mzone.cz\/wp-content\/uploads\/2019\/12\/M\u011b\u0159en\u00ed-emis\u00ed-500x333.jpg 500w, https:\/\/www.mzone.cz\/wp-content\/uploads\/2019\/12\/M\u011b\u0159en\u00ed-emis\u00ed-590x393.jpg 590w\" sizes=\"auto, (max-width: 104px) 100vw, 104px\" \/><\/figure><\/div>\n\n\n\n<h4><a href=\"https:\/\/www.mzone.cz\/pohled-do-zakulisi-jak-se-meri-emise\/\">Pohled do z\u00e1kulis\u00ed: Jak se m\u011b\u0159\u00ed emise<\/a><\/h4><br><br>\n\n\n\n<p>Skrze snahu o sni\u017eov\u00e1n\u00ed n\u00e1klad\u016f i ekologick\u00e9 z\u00e1t\u011b\u017ee vznikl\u00e9 dopravou se zrodil zat\u00edm posledn\u00ed koncept \u010dty\u0159 balen\u00ed v jednom kontejneru, kter\u00fd jej vyt\u011b\u017eil na sou\u010dasn\u00e9 maximum. Kontejner obsahuje celkem \u010dty\u0159i univerz\u00e1ln\u00ed obaly s karoseriemi a d\u00edly, kter\u00e9 nejsou v Indii lokalizovan\u00e9. Sofistikovan\u00e9 \u0159e\u0161en\u00ed mladoboleslavsk\u00fdch expert\u016f bylo v&nbsp;\u010cesku ocen\u011bno titulem Obal roku 2016 a tak\u00e9 mezin\u00e1rodn\u00edm ocen\u011bn\u00edm <a href=\"https:\/\/www.worldstar.org\" target=\"_blank\" rel=\"noreferrer noopener\">World Star 2017<\/a>.<\/p>\n\n\n\n<blockquote class=\"wp-block-quote is-layout-flow wp-block-quote-is-layout-flow\"><p>Na \u010desk\u00e9 \u0159e\u0161en\u00ed se jezd\u00ed d\u00edvat i zahrani\u010dn\u00ed kolegov\u00e9 z cel\u00e9ho koncernu Volkswagen.<\/p><\/blockquote>\n\n\n\n<h2 class=\"wp-block-heading\">Aby se nevozil vzduch<\/h2>\n\n\n\n<p>Pro maxim\u00e1ln\u00ed vyt\u00ed\u017een\u00ed z\u00e1silky se dopravovan\u00e9 d\u00edly umis\u0165uj\u00ed dovnit\u0159 karoseri\u00ed, aby se nevozil vzduch. Karoserie v kontejneru tak v sob\u011b maj\u00ed spoustu v\u011bt\u0161\u00edch i men\u0161\u00edch kartonov\u00fdch krabic s d\u00edly vypl\u0148uj\u00edc\u00edmi prostor tak, \u017ee by mezi nimi neproklouzla&nbsp;ani my\u0161. Mimo jin\u00e9 v nich kon\u010d\u00ed i d\u00edly od subdodavatel\u016f, kter\u00e9 jsou p\u0159ed odesl\u00e1n\u00edm rozbaleny a p\u0159ebaleny op\u011bt tak, aby se jich do jedn\u00e9 z\u00e1silky ve\u0161lo co nejv\u00edc.<\/p><br>\n\n\n\n<figure class=\"wp-block-image size-large\"><img loading=\"lazy\" decoding=\"async\" width=\"1024\" height=\"683\" src=\"https:\/\/www.mzone.cz\/wp-content\/uploads\/2019\/12\/skoda-logistics-maintenance-transport-rack-1920x1280-1-1024x683.jpg\" alt=\"Cesta auta po mo\u0159i\" class=\"wp-image-15380\" srcset=\"https:\/\/www.mzone.cz\/wp-content\/uploads\/2019\/12\/skoda-logistics-maintenance-transport-rack-1920x1280-1-1024x683.jpg 1024w, https:\/\/www.mzone.cz\/wp-content\/uploads\/2019\/12\/skoda-logistics-maintenance-transport-rack-1920x1280-1-300x200.jpg 300w, https:\/\/www.mzone.cz\/wp-content\/uploads\/2019\/12\/skoda-logistics-maintenance-transport-rack-1920x1280-1-768x512.jpg 768w, https:\/\/www.mzone.cz\/wp-content\/uploads\/2019\/12\/skoda-logistics-maintenance-transport-rack-1920x1280-1-1536x1024.jpg 1536w, https:\/\/www.mzone.cz\/wp-content\/uploads\/2019\/12\/skoda-logistics-maintenance-transport-rack-1920x1280-1-800x533.jpg 800w, https:\/\/www.mzone.cz\/wp-content\/uploads\/2019\/12\/skoda-logistics-maintenance-transport-rack-1920x1280-1-400x267.jpg 400w, https:\/\/www.mzone.cz\/wp-content\/uploads\/2019\/12\/skoda-logistics-maintenance-transport-rack-1920x1280-1-500x333.jpg 500w, https:\/\/www.mzone.cz\/wp-content\/uploads\/2019\/12\/skoda-logistics-maintenance-transport-rack-1920x1280-1-1170x780.jpg 1170w, https:\/\/www.mzone.cz\/wp-content\/uploads\/2019\/12\/skoda-logistics-maintenance-transport-rack-1920x1280-1-590x393.jpg 590w, https:\/\/www.mzone.cz\/wp-content\/uploads\/2019\/12\/skoda-logistics-maintenance-transport-rack-1920x1280-1.jpg 1920w\" sizes=\"auto, (max-width: 1024px) 100vw, 1024px\" \/><\/figure><br>\n\n\n\n<p>Rozm\u011brn\u011bj\u0161\u00ed d\u00edly se nabaluj\u00ed na speci\u00e1ln\u00ed d\u0159ev\u011bn\u00e9 palety zvan\u00e9 racky, kter\u00e9 jsou navr\u017een\u00e9 tak, aby pojaly komponenty p\u0159\u00edslu\u0161ej\u00edc\u00ed v\u017edy k zas\u00edlan\u00e9 karoserii. Ka\u017ed\u00e9 auto je rozlo\u017een\u00e9 na 1 000 d\u00edl\u016f. V\u00fdsledek zjednodu\u0161en\u011b p\u0159ipom\u00edn\u00e1 strome\u010dek s jednotliv\u00fdmi d\u00edly plastov\u00fdch model\u016f letadel, sadu kostek d\u011btsk\u00e9 stavebnice nebo \u010d\u00e1sti n\u00e1bytku ur\u010den\u00e9 ke smontov\u00e1n\u00ed.&nbsp;<\/p>\n\n\n\n<blockquote class=\"wp-block-quote is-layout-flow wp-block-quote-is-layout-flow\"><p>D\u00edly jsou k palet\u011b upevn\u011bny, p\u0159i\u0161roubov\u00e1ny nebo ukotveny tak, aby zab\u00edraly co nejm\u00e9n\u011b m\u00edsta a p\u0159i manipulaci z\u016fstaly na sv\u00e9m m\u00edst\u011b, a to i p\u0159i v\u011bt\u0161\u00edch ot\u0159esech.<\/p><\/blockquote>\n\n\n\n<p>Ka\u017ed\u00fd komponent m\u00e1 sv\u00e9 dan\u00e9 m\u00edsto a po\u0159ad\u00ed, v jak\u00e9m se na rack upev\u0148uje. Kdy\u017e je v\u0161e na zna\u010dk\u00e1ch, na polotovar s d\u00edly se sv\u011bs\u00ed karoserie. Zkompletovan\u00e9 racky se pak nalo\u017e\u00ed do kontejneru a m\u016f\u017eou se expedovat. \u010cek\u00e1 je dlouh\u00e1 cesta.<\/p><br>\n\n\n\n<h2 class=\"wp-block-heading\">Po kolej\u00edch i po mo\u0159i<\/h2>\n\n\n\n<p>Prvn\u00edm krokem je p\u0159eprava z Mlad\u00e9 Boleslavi do Prahy-Uh\u0159\u00edn\u011bvsi, kde je kontejnerov\u00fd termin\u00e1l. Zde se kontejnery p\u0159ekl\u00e1daj\u00ed z kami\u00f3n\u016f na vlaky a pot\u00e9 po kolej\u00edch pokra\u010duj\u00ed a\u017e do p\u0159\u00edstavu v Rotterdamu. Tam jsou nalo\u017eeny na lo\u010f a vyd\u00e1vaj\u00ed se na dlouhou plavbu kolem Evropy a p\u0159es Suezsk\u00fd pr\u016fplav do Indick\u00e9ho oce\u00e1nu. Na mo\u0159i panuj\u00ed extr\u00e9mn\u00ed podm\u00ednky. Vzduch je slan\u00fd a vlhk\u00fd a teplota uvnit\u0159 kontejner\u016f m\u016f\u017ee dosahovat 70 \u00b0C. Obaly jsou proto navr\u017eeny tak, aby cenn\u00fd n\u00e1klad co nejl\u00e9pe ochr\u00e1nily, v\u0161echny f\u00f3lie jsou ale pln\u011b kompostovateln\u00e9, aby v m\u00edst\u011b dod\u00e1n\u00ed nep\u016fsobily z\u00e1t\u011b\u017e pro p\u0159\u00edrodu.<\/p><br>\n\n\n\n<figure class=\"wp-block-image size-large\"><img loading=\"lazy\" decoding=\"async\" width=\"1024\" height=\"640\" src=\"https:\/\/www.mzone.cz\/wp-content\/uploads\/2019\/12\/map-skoda-transport-logistics-cars-india-czech-1920x1200-1-1024x640.jpg\" alt=\"Cesta auta po mo\u0159i\" class=\"wp-image-15384\" srcset=\"https:\/\/www.mzone.cz\/wp-content\/uploads\/2019\/12\/map-skoda-transport-logistics-cars-india-czech-1920x1200-1-1024x640.jpg 1024w, https:\/\/www.mzone.cz\/wp-content\/uploads\/2019\/12\/map-skoda-transport-logistics-cars-india-czech-1920x1200-1-300x188.jpg 300w, https:\/\/www.mzone.cz\/wp-content\/uploads\/2019\/12\/map-skoda-transport-logistics-cars-india-czech-1920x1200-1-768x480.jpg 768w, https:\/\/www.mzone.cz\/wp-content\/uploads\/2019\/12\/map-skoda-transport-logistics-cars-india-czech-1920x1200-1-1536x960.jpg 1536w, https:\/\/www.mzone.cz\/wp-content\/uploads\/2019\/12\/map-skoda-transport-logistics-cars-india-czech-1920x1200-1-590x369.jpg 590w, https:\/\/www.mzone.cz\/wp-content\/uploads\/2019\/12\/map-skoda-transport-logistics-cars-india-czech-1920x1200-1.jpg 1920w\" sizes=\"auto, (max-width: 1024px) 100vw, 1024px\" \/><\/figure><br>\n\n\n\n<p>Po 44 dnech a 11 705 kilometrech od odesl\u00e1n\u00ed p\u0159ist\u00e1vaj\u00ed kontejnery v Mumba\u00ed. Zde se vylo\u017e\u00ed na kamiony, kter\u00e9 je p\u0159eprav\u00ed bu\u010f do 180 km vzd\u00e1len\u00e9ho v\u00fdrobn\u00edho z\u00e1vodu v Pun\u00e9, nebo do Aur\u00e1ng\u00e1b\u00e1du, kam je to od mo\u0159e 365 km. Celou cestu se uvnit\u0159 kontejner\u016f zaznamen\u00e1v\u00e1 teplota, vlhkost a ot\u0159esy.<\/p><br>\n\n\n\n<div class=\"wp-block-image\"><figure class=\"alignleft size-large is-resized\"><img loading=\"lazy\" decoding=\"async\" src=\"https:\/\/www.mzone.cz\/wp-content\/uploads\/2019\/12\/V\u00fdroba-model\u016f-aut-1024x682.jpg\" alt=\"\" class=\"wp-image-14657\" width=\"131\" height=\"87\" srcset=\"https:\/\/www.mzone.cz\/wp-content\/uploads\/2019\/12\/V\u00fdroba-model\u016f-aut-1024x682.jpg 1024w, https:\/\/www.mzone.cz\/wp-content\/uploads\/2019\/12\/V\u00fdroba-model\u016f-aut-300x200.jpg 300w, https:\/\/www.mzone.cz\/wp-content\/uploads\/2019\/12\/V\u00fdroba-model\u016f-aut-768x512.jpg 768w, https:\/\/www.mzone.cz\/wp-content\/uploads\/2019\/12\/V\u00fdroba-model\u016f-aut-1536x1024.jpg 1536w, https:\/\/www.mzone.cz\/wp-content\/uploads\/2019\/12\/V\u00fdroba-model\u016f-aut-800x533.jpg 800w, https:\/\/www.mzone.cz\/wp-content\/uploads\/2019\/12\/V\u00fdroba-model\u016f-aut-400x267.jpg 400w, https:\/\/www.mzone.cz\/wp-content\/uploads\/2019\/12\/V\u00fdroba-model\u016f-aut-500x333.jpg 500w, https:\/\/www.mzone.cz\/wp-content\/uploads\/2019\/12\/V\u00fdroba-model\u016f-aut-1170x780.jpg 1170w, https:\/\/www.mzone.cz\/wp-content\/uploads\/2019\/12\/V\u00fdroba-model\u016f-aut-590x393.jpg 590w, https:\/\/www.mzone.cz\/wp-content\/uploads\/2019\/12\/V\u00fdroba-model\u016f-aut.jpg 1742w\" sizes=\"auto, (max-width: 131px) 100vw, 131px\" \/><\/figure><\/div>\n\n\n\n<h4><a href=\"https:\/\/www.mzone.cz\/pohled-do-zakulisi-takhle-se-vyrabeji-modely-aut\/\">Pohled do z\u00e1kulis\u00ed: Takhle se vyr\u00e1b\u011bj\u00ed modely aut<\/a><\/h4><br>\n\n\n\n<p>Posledn\u00ed \u00fasek je sice kr\u00e1tk\u00fd, ale velice n\u00e1ro\u010dn\u00fd, proto\u017ee kvalita cest nen\u00ed \u00fapln\u011b srovnateln\u00e1 s evropsk\u00fdmi. V zemi je mnoho zpomalovac\u00edch retard\u00e9r\u016f, kamiony jsou v\u011bt\u0161inou star\u0161\u00edho data v\u00fdroby a \u0159idi\u010di jsou zbrklej\u0161\u00ed a brzd\u00ed a\u017e na posledn\u00ed chv\u00edli, co\u017e na racky n\u011bkdy p\u016fsob\u00ed tak, jako kdyby spadly z v\u00fd\u0161ky jednoho metru.<\/p><br>\n\n\n\n<figure class=\"wp-block-image size-large\"><img loading=\"lazy\" decoding=\"async\" width=\"1024\" height=\"683\" src=\"https:\/\/www.mzone.cz\/wp-content\/uploads\/2019\/12\/skoda-transport-parts-wheels-logistics-1920x1280-1-1024x683.jpg\" alt=\"Cesta auta po mo\u0159i\" class=\"wp-image-15387\" srcset=\"https:\/\/www.mzone.cz\/wp-content\/uploads\/2019\/12\/skoda-transport-parts-wheels-logistics-1920x1280-1-1024x683.jpg 1024w, https:\/\/www.mzone.cz\/wp-content\/uploads\/2019\/12\/skoda-transport-parts-wheels-logistics-1920x1280-1-300x200.jpg 300w, https:\/\/www.mzone.cz\/wp-content\/uploads\/2019\/12\/skoda-transport-parts-wheels-logistics-1920x1280-1-768x512.jpg 768w, https:\/\/www.mzone.cz\/wp-content\/uploads\/2019\/12\/skoda-transport-parts-wheels-logistics-1920x1280-1-1536x1024.jpg 1536w, https:\/\/www.mzone.cz\/wp-content\/uploads\/2019\/12\/skoda-transport-parts-wheels-logistics-1920x1280-1-800x533.jpg 800w, https:\/\/www.mzone.cz\/wp-content\/uploads\/2019\/12\/skoda-transport-parts-wheels-logistics-1920x1280-1-400x267.jpg 400w, https:\/\/www.mzone.cz\/wp-content\/uploads\/2019\/12\/skoda-transport-parts-wheels-logistics-1920x1280-1-500x333.jpg 500w, https:\/\/www.mzone.cz\/wp-content\/uploads\/2019\/12\/skoda-transport-parts-wheels-logistics-1920x1280-1-1170x780.jpg 1170w, https:\/\/www.mzone.cz\/wp-content\/uploads\/2019\/12\/skoda-transport-parts-wheels-logistics-1920x1280-1-590x393.jpg 590w, https:\/\/www.mzone.cz\/wp-content\/uploads\/2019\/12\/skoda-transport-parts-wheels-logistics-1920x1280-1.jpg 1920w\" sizes=\"auto, (max-width: 1024px) 100vw, 1024px\" \/><\/figure><br>\n\n\n\n<p>\u201eLogistick\u00fd proces je v\u00fdsledkem neust\u00e1l\u00fdch inovac\u00ed. Mysl\u00edm, \u017ee je to v\u00fdsledkem na\u0161\u00ed \u010desk\u00e9 vynal\u00e9zavosti. Nespokoj\u00edme se s t\u00edm, co je, a hled\u00e1me \u0159e\u0161en\u00ed, kter\u00e9 by bylo podle v\u0161ech standard\u016f, ale z\u00e1rove\u0148 by bylo je\u0161t\u011b lep\u0161\u00ed a&nbsp;\u00fasporn\u011bj\u0161\u00ed. Z\u00edskan\u00e1 ocen\u011bn\u00ed sv\u011bd\u010d\u00ed o tom, \u017ee se n\u00e1m to da\u0159\u00ed,\u201d chv\u00e1l\u00ed sv\u016fj t\u00fdm \u0161\u00e9f Logistiky zna\u010dky Ji\u0159\u00ed Cee.<\/p>","protected":false},"excerpt":{"rendered":"<p>P\u0159edstavte si, \u017ee \u017eijete v Indii a zatou\u017e\u00edte po nov\u00e9m voze z Evropy. Co ud\u011bl\u00e1te? To sam\u00e9, co lid\u00e9 na cel\u00e9m sv\u011bt\u011b \u2013 zajdete ke sv\u00e9mu prodejci. Ne\u017e se ale auto dostane a\u017e k v\u00e1m, \u010dek\u00e1 ho velk\u00e9 dobrodru\u017estv\u00ed. Poj\u010fte se pod\u00edvat, co v\u0161echno za\u017eije! Kdyby byla Indie v&nbsp;Evropsk\u00e9 unii, auta z Evropy by&nbsp;se&nbsp;nalo\u017eily na&nbsp;kamion&nbsp;nebo&nbsp;vlak, [&hellip;]<\/p>\n","protected":false},"author":4,"featured_media":15354,"comment_status":"open","ping_status":"closed","sticky":false,"template":"","format":"standard","meta":{"kk_blocks_editor_width":"","_kiokenblocks_attr":"","_kiokenblocks_dimensions":"","footnotes":""},"categories":[69],"tags":[585,82,462,552,3121,1141,3120,751,1832,1168,3122,3045],"class_list":["post-15353","post","type-post","status-publish","format-standard","has-post-thumbnail","hentry","category-auto-moto","tag-auta","tag-auto","tag-auto-moto","tag-automobily","tag-baleni","tag-cesta","tag-cesta-po-mori","tag-doprava","tag-preprava","tag-priprava","tag-transport","tag-zakulisi"],"yoast_head":"<!-- This site is optimized with the Yoast SEO plugin v27.4 - https:\/\/yoast.com\/product\/yoast-seo-wordpress\/ -->\n<title>Pohled do z\u00e1kulis\u00ed: Jak se bal\u00ed auta na cestu po mo\u0159i - Mzone<\/title>\n<meta name=\"description\" content=\"P\u0159edstavte si, \u017ee \u017eijete v Indii a zatou\u017e\u00edte po nov\u00e9m voze z Evropy. Co ud\u011bl\u00e1te? To sam\u00e9, co lid\u00e9 na cel\u00e9m sv\u011bt\u011b \u2013 zajdete ke sv\u00e9mu prodejci. Ne\u017e se ale auto dostane a\u017e k v\u00e1m, \u010dek\u00e1 ho velk\u00e9 dobrodru\u017estv\u00ed. Poj\u010fte se pod\u00edvat, co v\u0161echno za\u017eije!\" \/>\n<meta name=\"robots\" content=\"index, follow, max-snippet:-1, max-image-preview:large, max-video-preview:-1\" \/>\n<link rel=\"canonical\" href=\"https:\/\/www.mzone.cz\/en\/zakulisi-jak-se-bali-auta-na-cestu-po-mori\/\" \/>\n<meta property=\"og:locale\" content=\"en_US\" \/>\n<meta property=\"og:type\" content=\"article\" \/>\n<meta property=\"og:title\" content=\"Pohled do z\u00e1kulis\u00ed: Jak se bal\u00ed auta na cestu po mo\u0159i - Mzone\" \/>\n<meta property=\"og:description\" content=\"P\u0159edstavte si, \u017ee \u017eijete v Indii a zatou\u017e\u00edte po nov\u00e9m voze z Evropy. Co ud\u011bl\u00e1te? To sam\u00e9, co lid\u00e9 na cel\u00e9m sv\u011bt\u011b \u2013 zajdete ke sv\u00e9mu prodejci. Ne\u017e se ale auto dostane a\u017e k v\u00e1m, \u010dek\u00e1 ho velk\u00e9 dobrodru\u017estv\u00ed. Poj\u010fte se pod\u00edvat, co v\u0161echno za\u017eije!\" \/>\n<meta property=\"og:url\" content=\"https:\/\/www.mzone.cz\/en\/zakulisi-jak-se-bali-auta-na-cestu-po-mori\/\" \/>\n<meta property=\"og:site_name\" content=\"Mzone\" \/>\n<meta property=\"article:publisher\" content=\"https:\/\/www.facebook.com\/MzoneCZ\/\" \/>\n<meta property=\"article:published_time\" content=\"2020-10-13T03:00:40+00:00\" \/>\n<meta property=\"og:image\" content=\"https:\/\/www.mzone.cz\/wp-content\/uploads\/2019\/12\/Balen\u00ed-auta-na-cestu-po-mo\u0159i.jpg\" \/>\n\t<meta property=\"og:image:width\" content=\"931\" \/>\n\t<meta property=\"og:image:height\" content=\"621\" \/>\n\t<meta property=\"og:image:type\" content=\"image\/jpeg\" \/>\n<meta name=\"author\" content=\"Mzone\" \/>\n<meta name=\"twitter:card\" content=\"summary_large_image\" \/>\n<meta name=\"twitter:label1\" content=\"Written by\" \/>\n\t<meta name=\"twitter:data1\" content=\"Mzone\" \/>\n\t<meta name=\"twitter:label2\" content=\"Est. reading time\" \/>\n\t<meta name=\"twitter:data2\" content=\"8 minutes\" \/>\n<script type=\"application\/ld+json\" class=\"yoast-schema-graph\">{\"@context\":\"https:\\\/\\\/schema.org\",\"@graph\":[{\"@type\":\"Article\",\"@id\":\"https:\\\/\\\/www.mzone.cz\\\/zakulisi-jak-se-bali-auta-na-cestu-po-mori\\\/#article\",\"isPartOf\":{\"@id\":\"https:\\\/\\\/www.mzone.cz\\\/zakulisi-jak-se-bali-auta-na-cestu-po-mori\\\/\"},\"author\":{\"name\":\"Mzone\",\"@id\":\"https:\\\/\\\/www.mzone.cz\\\/#\\\/schema\\\/person\\\/9bc20cc422a99cac4af6ff9297da32d4\"},\"headline\":\"Pohled do z\u00e1kulis\u00ed: Jak se bal\u00ed auta na cestu po mo\u0159i\",\"datePublished\":\"2020-10-13T03:00:40+00:00\",\"mainEntityOfPage\":{\"@id\":\"https:\\\/\\\/www.mzone.cz\\\/zakulisi-jak-se-bali-auta-na-cestu-po-mori\\\/\"},\"wordCount\":1640,\"commentCount\":1,\"image\":{\"@id\":\"https:\\\/\\\/www.mzone.cz\\\/zakulisi-jak-se-bali-auta-na-cestu-po-mori\\\/#primaryimage\"},\"thumbnailUrl\":\"https:\\\/\\\/www.mzone.cz\\\/wp-content\\\/uploads\\\/2019\\\/12\\\/Balen\u00ed-auta-na-cestu-po-mo\u0159i.jpg\",\"keywords\":[\"auta\",\"Auto\",\"auto-moto\",\"automobily\",\"balen\u00ed\",\"cesta\",\"cesta po mo\u0159i\",\"doprava\",\"p\u0159eprava\",\"p\u0159\u00edprava\",\"transport\",\"z\u00e1kulis\u00ed\"],\"articleSection\":[\"Auto-moto\"],\"inLanguage\":\"en-US\",\"potentialAction\":[{\"@type\":\"CommentAction\",\"name\":\"Comment\",\"target\":[\"https:\\\/\\\/www.mzone.cz\\\/zakulisi-jak-se-bali-auta-na-cestu-po-mori\\\/#respond\"]}]},{\"@type\":\"WebPage\",\"@id\":\"https:\\\/\\\/www.mzone.cz\\\/zakulisi-jak-se-bali-auta-na-cestu-po-mori\\\/\",\"url\":\"https:\\\/\\\/www.mzone.cz\\\/zakulisi-jak-se-bali-auta-na-cestu-po-mori\\\/\",\"name\":\"Pohled do z\u00e1kulis\u00ed: Jak se bal\u00ed auta na cestu po mo\u0159i - Mzone\",\"isPartOf\":{\"@id\":\"https:\\\/\\\/www.mzone.cz\\\/#website\"},\"primaryImageOfPage\":{\"@id\":\"https:\\\/\\\/www.mzone.cz\\\/zakulisi-jak-se-bali-auta-na-cestu-po-mori\\\/#primaryimage\"},\"image\":{\"@id\":\"https:\\\/\\\/www.mzone.cz\\\/zakulisi-jak-se-bali-auta-na-cestu-po-mori\\\/#primaryimage\"},\"thumbnailUrl\":\"https:\\\/\\\/www.mzone.cz\\\/wp-content\\\/uploads\\\/2019\\\/12\\\/Balen\u00ed-auta-na-cestu-po-mo\u0159i.jpg\",\"datePublished\":\"2020-10-13T03:00:40+00:00\",\"author\":{\"@id\":\"https:\\\/\\\/www.mzone.cz\\\/#\\\/schema\\\/person\\\/9bc20cc422a99cac4af6ff9297da32d4\"},\"description\":\"P\u0159edstavte si, \u017ee \u017eijete v Indii a zatou\u017e\u00edte po nov\u00e9m voze z Evropy. Co ud\u011bl\u00e1te? To sam\u00e9, co lid\u00e9 na cel\u00e9m sv\u011bt\u011b \u2013 zajdete ke sv\u00e9mu prodejci. Ne\u017e se ale auto dostane a\u017e k v\u00e1m, \u010dek\u00e1 ho velk\u00e9 dobrodru\u017estv\u00ed. Poj\u010fte se pod\u00edvat, co v\u0161echno za\u017eije!\",\"breadcrumb\":{\"@id\":\"https:\\\/\\\/www.mzone.cz\\\/zakulisi-jak-se-bali-auta-na-cestu-po-mori\\\/#breadcrumb\"},\"inLanguage\":\"en-US\",\"potentialAction\":[{\"@type\":\"ReadAction\",\"target\":[\"https:\\\/\\\/www.mzone.cz\\\/zakulisi-jak-se-bali-auta-na-cestu-po-mori\\\/\"]}]},{\"@type\":\"ImageObject\",\"inLanguage\":\"en-US\",\"@id\":\"https:\\\/\\\/www.mzone.cz\\\/zakulisi-jak-se-bali-auta-na-cestu-po-mori\\\/#primaryimage\",\"url\":\"https:\\\/\\\/www.mzone.cz\\\/wp-content\\\/uploads\\\/2019\\\/12\\\/Balen\u00ed-auta-na-cestu-po-mo\u0159i.jpg\",\"contentUrl\":\"https:\\\/\\\/www.mzone.cz\\\/wp-content\\\/uploads\\\/2019\\\/12\\\/Balen\u00ed-auta-na-cestu-po-mo\u0159i.jpg\",\"width\":931,\"height\":621},{\"@type\":\"BreadcrumbList\",\"@id\":\"https:\\\/\\\/www.mzone.cz\\\/zakulisi-jak-se-bali-auta-na-cestu-po-mori\\\/#breadcrumb\",\"itemListElement\":[{\"@type\":\"ListItem\",\"position\":1,\"name\":\"Dom\u016f\",\"item\":\"https:\\\/\\\/www.mzone.cz\\\/\"},{\"@type\":\"ListItem\",\"position\":2,\"name\":\"Pohled do z\u00e1kulis\u00ed: Jak se bal\u00ed auta na cestu po mo\u0159i\"}]},{\"@type\":\"WebSite\",\"@id\":\"https:\\\/\\\/www.mzone.cz\\\/#website\",\"url\":\"https:\\\/\\\/www.mzone.cz\\\/\",\"name\":\"Mzone\",\"description\":\"Magaz\u00edn nejen pro mu\u017ee\",\"potentialAction\":[{\"@type\":\"SearchAction\",\"target\":{\"@type\":\"EntryPoint\",\"urlTemplate\":\"https:\\\/\\\/www.mzone.cz\\\/?s={search_term_string}\"},\"query-input\":{\"@type\":\"PropertyValueSpecification\",\"valueRequired\":true,\"valueName\":\"search_term_string\"}}],\"inLanguage\":\"en-US\"},{\"@type\":\"Person\",\"@id\":\"https:\\\/\\\/www.mzone.cz\\\/#\\\/schema\\\/person\\\/9bc20cc422a99cac4af6ff9297da32d4\",\"name\":\"Mzone\",\"image\":{\"@type\":\"ImageObject\",\"inLanguage\":\"en-US\",\"@id\":\"https:\\\/\\\/secure.gravatar.com\\\/avatar\\\/e780a8630f3182a3d06dd667ab6bea151a0d155b0951bc15fe22633acdac0676?s=96&d=mm&r=g\",\"url\":\"https:\\\/\\\/secure.gravatar.com\\\/avatar\\\/e780a8630f3182a3d06dd667ab6bea151a0d155b0951bc15fe22633acdac0676?s=96&d=mm&r=g\",\"contentUrl\":\"https:\\\/\\\/secure.gravatar.com\\\/avatar\\\/e780a8630f3182a3d06dd667ab6bea151a0d155b0951bc15fe22633acdac0676?s=96&d=mm&r=g\",\"caption\":\"Mzone\"},\"url\":\"https:\\\/\\\/www.mzone.cz\\\/en\\\/author\\\/jakub\\\/\"}]}<\/script>\n<!-- \/ Yoast SEO plugin. -->","yoast_head_json":{"title":"Pohled do z\u00e1kulis\u00ed: Jak se bal\u00ed auta na cestu po mo\u0159i - Mzone","description":"P\u0159edstavte si, \u017ee \u017eijete v Indii a zatou\u017e\u00edte po nov\u00e9m voze z Evropy. Co ud\u011bl\u00e1te? To sam\u00e9, co lid\u00e9 na cel\u00e9m sv\u011bt\u011b \u2013 zajdete ke sv\u00e9mu prodejci. Ne\u017e se ale auto dostane a\u017e k v\u00e1m, \u010dek\u00e1 ho velk\u00e9 dobrodru\u017estv\u00ed. Poj\u010fte se pod\u00edvat, co v\u0161echno za\u017eije!","robots":{"index":"index","follow":"follow","max-snippet":"max-snippet:-1","max-image-preview":"max-image-preview:large","max-video-preview":"max-video-preview:-1"},"canonical":"https:\/\/www.mzone.cz\/en\/zakulisi-jak-se-bali-auta-na-cestu-po-mori\/","og_locale":"en_US","og_type":"article","og_title":"Pohled do z\u00e1kulis\u00ed: Jak se bal\u00ed auta na cestu po mo\u0159i - Mzone","og_description":"P\u0159edstavte si, \u017ee \u017eijete v Indii a zatou\u017e\u00edte po nov\u00e9m voze z Evropy. Co ud\u011bl\u00e1te? To sam\u00e9, co lid\u00e9 na cel\u00e9m sv\u011bt\u011b \u2013 zajdete ke sv\u00e9mu prodejci. Ne\u017e se ale auto dostane a\u017e k v\u00e1m, \u010dek\u00e1 ho velk\u00e9 dobrodru\u017estv\u00ed. Poj\u010fte se pod\u00edvat, co v\u0161echno za\u017eije!","og_url":"https:\/\/www.mzone.cz\/en\/zakulisi-jak-se-bali-auta-na-cestu-po-mori\/","og_site_name":"Mzone","article_publisher":"https:\/\/www.facebook.com\/MzoneCZ\/","article_published_time":"2020-10-13T03:00:40+00:00","og_image":[{"width":931,"height":621,"url":"https:\/\/www.mzone.cz\/wp-content\/uploads\/2019\/12\/Balen\u00ed-auta-na-cestu-po-mo\u0159i.jpg","type":"image\/jpeg"}],"author":"Mzone","twitter_card":"summary_large_image","twitter_misc":{"Written by":"Mzone","Est. reading time":"8 minutes"},"schema":{"@context":"https:\/\/schema.org","@graph":[{"@type":"Article","@id":"https:\/\/www.mzone.cz\/zakulisi-jak-se-bali-auta-na-cestu-po-mori\/#article","isPartOf":{"@id":"https:\/\/www.mzone.cz\/zakulisi-jak-se-bali-auta-na-cestu-po-mori\/"},"author":{"name":"Mzone","@id":"https:\/\/www.mzone.cz\/#\/schema\/person\/9bc20cc422a99cac4af6ff9297da32d4"},"headline":"Pohled do z\u00e1kulis\u00ed: Jak se bal\u00ed auta na cestu po mo\u0159i","datePublished":"2020-10-13T03:00:40+00:00","mainEntityOfPage":{"@id":"https:\/\/www.mzone.cz\/zakulisi-jak-se-bali-auta-na-cestu-po-mori\/"},"wordCount":1640,"commentCount":1,"image":{"@id":"https:\/\/www.mzone.cz\/zakulisi-jak-se-bali-auta-na-cestu-po-mori\/#primaryimage"},"thumbnailUrl":"https:\/\/www.mzone.cz\/wp-content\/uploads\/2019\/12\/Balen\u00ed-auta-na-cestu-po-mo\u0159i.jpg","keywords":["auta","Auto","auto-moto","automobily","balen\u00ed","cesta","cesta po mo\u0159i","doprava","p\u0159eprava","p\u0159\u00edprava","transport","z\u00e1kulis\u00ed"],"articleSection":["Auto-moto"],"inLanguage":"en-US","potentialAction":[{"@type":"CommentAction","name":"Comment","target":["https:\/\/www.mzone.cz\/zakulisi-jak-se-bali-auta-na-cestu-po-mori\/#respond"]}]},{"@type":"WebPage","@id":"https:\/\/www.mzone.cz\/zakulisi-jak-se-bali-auta-na-cestu-po-mori\/","url":"https:\/\/www.mzone.cz\/zakulisi-jak-se-bali-auta-na-cestu-po-mori\/","name":"Pohled do z\u00e1kulis\u00ed: Jak se bal\u00ed auta na cestu po mo\u0159i - Mzone","isPartOf":{"@id":"https:\/\/www.mzone.cz\/#website"},"primaryImageOfPage":{"@id":"https:\/\/www.mzone.cz\/zakulisi-jak-se-bali-auta-na-cestu-po-mori\/#primaryimage"},"image":{"@id":"https:\/\/www.mzone.cz\/zakulisi-jak-se-bali-auta-na-cestu-po-mori\/#primaryimage"},"thumbnailUrl":"https:\/\/www.mzone.cz\/wp-content\/uploads\/2019\/12\/Balen\u00ed-auta-na-cestu-po-mo\u0159i.jpg","datePublished":"2020-10-13T03:00:40+00:00","author":{"@id":"https:\/\/www.mzone.cz\/#\/schema\/person\/9bc20cc422a99cac4af6ff9297da32d4"},"description":"P\u0159edstavte si, \u017ee \u017eijete v Indii a zatou\u017e\u00edte po nov\u00e9m voze z Evropy. Co ud\u011bl\u00e1te? To sam\u00e9, co lid\u00e9 na cel\u00e9m sv\u011bt\u011b \u2013 zajdete ke sv\u00e9mu prodejci. Ne\u017e se ale auto dostane a\u017e k v\u00e1m, \u010dek\u00e1 ho velk\u00e9 dobrodru\u017estv\u00ed. Poj\u010fte se pod\u00edvat, co v\u0161echno za\u017eije!","breadcrumb":{"@id":"https:\/\/www.mzone.cz\/zakulisi-jak-se-bali-auta-na-cestu-po-mori\/#breadcrumb"},"inLanguage":"en-US","potentialAction":[{"@type":"ReadAction","target":["https:\/\/www.mzone.cz\/zakulisi-jak-se-bali-auta-na-cestu-po-mori\/"]}]},{"@type":"ImageObject","inLanguage":"en-US","@id":"https:\/\/www.mzone.cz\/zakulisi-jak-se-bali-auta-na-cestu-po-mori\/#primaryimage","url":"https:\/\/www.mzone.cz\/wp-content\/uploads\/2019\/12\/Balen\u00ed-auta-na-cestu-po-mo\u0159i.jpg","contentUrl":"https:\/\/www.mzone.cz\/wp-content\/uploads\/2019\/12\/Balen\u00ed-auta-na-cestu-po-mo\u0159i.jpg","width":931,"height":621},{"@type":"BreadcrumbList","@id":"https:\/\/www.mzone.cz\/zakulisi-jak-se-bali-auta-na-cestu-po-mori\/#breadcrumb","itemListElement":[{"@type":"ListItem","position":1,"name":"Dom\u016f","item":"https:\/\/www.mzone.cz\/"},{"@type":"ListItem","position":2,"name":"Pohled do z\u00e1kulis\u00ed: Jak se bal\u00ed auta na cestu po mo\u0159i"}]},{"@type":"WebSite","@id":"https:\/\/www.mzone.cz\/#website","url":"https:\/\/www.mzone.cz\/","name":"Mzone","description":"Magaz\u00edn nejen pro mu\u017ee","potentialAction":[{"@type":"SearchAction","target":{"@type":"EntryPoint","urlTemplate":"https:\/\/www.mzone.cz\/?s={search_term_string}"},"query-input":{"@type":"PropertyValueSpecification","valueRequired":true,"valueName":"search_term_string"}}],"inLanguage":"en-US"},{"@type":"Person","@id":"https:\/\/www.mzone.cz\/#\/schema\/person\/9bc20cc422a99cac4af6ff9297da32d4","name":"Mzone","image":{"@type":"ImageObject","inLanguage":"en-US","@id":"https:\/\/secure.gravatar.com\/avatar\/e780a8630f3182a3d06dd667ab6bea151a0d155b0951bc15fe22633acdac0676?s=96&d=mm&r=g","url":"https:\/\/secure.gravatar.com\/avatar\/e780a8630f3182a3d06dd667ab6bea151a0d155b0951bc15fe22633acdac0676?s=96&d=mm&r=g","contentUrl":"https:\/\/secure.gravatar.com\/avatar\/e780a8630f3182a3d06dd667ab6bea151a0d155b0951bc15fe22633acdac0676?s=96&d=mm&r=g","caption":"Mzone"},"url":"https:\/\/www.mzone.cz\/en\/author\/jakub\/"}]}},"_links":{"self":[{"href":"https:\/\/www.mzone.cz\/en\/wp-json\/wp\/v2\/posts\/15353","targetHints":{"allow":["GET"]}}],"collection":[{"href":"https:\/\/www.mzone.cz\/en\/wp-json\/wp\/v2\/posts"}],"about":[{"href":"https:\/\/www.mzone.cz\/en\/wp-json\/wp\/v2\/types\/post"}],"author":[{"embeddable":true,"href":"https:\/\/www.mzone.cz\/en\/wp-json\/wp\/v2\/users\/4"}],"replies":[{"embeddable":true,"href":"https:\/\/www.mzone.cz\/en\/wp-json\/wp\/v2\/comments?post=15353"}],"version-history":[{"count":32,"href":"https:\/\/www.mzone.cz\/en\/wp-json\/wp\/v2\/posts\/15353\/revisions"}],"predecessor-version":[{"id":23660,"href":"https:\/\/www.mzone.cz\/en\/wp-json\/wp\/v2\/posts\/15353\/revisions\/23660"}],"wp:featuredmedia":[{"embeddable":true,"href":"https:\/\/www.mzone.cz\/en\/wp-json\/wp\/v2\/media\/15354"}],"wp:attachment":[{"href":"https:\/\/www.mzone.cz\/en\/wp-json\/wp\/v2\/media?parent=15353"}],"wp:term":[{"taxonomy":"category","embeddable":true,"href":"https:\/\/www.mzone.cz\/en\/wp-json\/wp\/v2\/categories?post=15353"},{"taxonomy":"post_tag","embeddable":true,"href":"https:\/\/www.mzone.cz\/en\/wp-json\/wp\/v2\/tags?post=15353"}],"curies":[{"name":"wp","href":"https:\/\/api.w.org\/{rel}","templated":true}]}}