{"id":15919,"date":"2019-12-25T05:00:00","date_gmt":"2019-12-25T04:00:00","guid":{"rendered":"https:\/\/www.mzone.cz\/?p=15919"},"modified":"2019-12-22T21:08:32","modified_gmt":"2019-12-22T20:08:32","slug":"je-to-vubec-mozne-seriovy-volkswagen-touareg-miri-na-rallye-dakar","status":"publish","type":"post","link":"https:\/\/www.mzone.cz\/en\/je-to-vubec-mozne-seriovy-volkswagen-touareg-miri-na-rallye-dakar\/","title":{"rendered":"Je to v\u016fbec mo\u017en\u00e9? S\u00e9riov\u00fd Volkswagen Touareg m\u00ed\u0159\u00ed na Rallye Dakar!"},"content":{"rendered":"<p><strong>Volkswagen Touareg \u010dek\u00e1 hned zkraje nov\u00e9ho roku mimo\u0159\u00e1dn\u00e1 v\u00fdzva v podob\u011b \u00fa\u010dasti v legend\u00e1rn\u00ed Rallye Dakar 2020. Automobil s p\u0159ezd\u00edvkou \u201eVa\u0161ek\u201c absolvuje v nejn\u00e1ro\u010dn\u011bj\u0161\u00edch podm\u00ednk\u00e1ch 9000 kilometr\u016f v barv\u00e1ch \u010desk\u00e9ho sout\u011b\u017en\u00edho t\u00fdmu Barth Racing. S\u00e9riov\u00fd Touareg ale nebude z\u00e1vodit, poskytne z\u00e1zem\u00ed report\u00e1\u017en\u00edmu t\u00fdmu, kter\u00fd bude zaji\u0161\u0165ovat pro fanou\u0161ky pravideln\u00e9 zpravodajstv\u00ed a nat\u00e1\u010det dvan\u00e1ctid\u00edln\u00fd po\u0159ad Dakar za oponou, kter\u00fd bude v pr\u016fb\u011bhu ledna vys\u00edlat televizn\u00ed stanice \u010cT Sport.<\/strong><\/p><br>\n\n\n\n<p>\u201eVolkswagen Touareg je pro kamenit\u00e9 horsk\u00e9 cesty a\u00a0jemn\u00fd p\u00edsek pou\u0161tn\u00edch dun na Arabsk\u00e9m poloostrov\u011b jako stvo\u0159en\u00fd,\u201c \u0159\u00edk\u00e1 Ji\u0159\u00ed \u0160to\u010dek, \u0159editel divize Volkswagen osobn\u00ed vozy spole\u010dnosti Porsche \u010cesk\u00e1 republika.<\/p>\n\n\n\n<blockquote class=\"wp-block-quote is-layout-flow wp-block-quote-is-layout-flow\"><p>\u201eTouareg poskytne na dakarsk\u00e9 rallye report\u00e9r\u016fm mimo\u0159\u00e1dn\u00fd komfort a sou\u010dasn\u011b si hrav\u011b porad\u00ed i se v\u0161emi ter\u00e9nn\u00edmi n\u00e1strahami nejn\u00e1ro\u010dn\u011bj\u0161\u00ed sout\u011b\u017ee ve sv\u011bt\u011b motoristick\u00e9ho sportu. A to v\u0161e bez speci\u00e1ln\u00edch \u00faprav, v\u00a0podob\u011b, v\u00a0jak\u00e9 vozy Touareg p\u0159ed\u00e1v\u00e1me na\u0161im z\u00e1kazn\u00edk\u016fm,\u201c dod\u00e1v\u00e1 \u0160to\u010dek.<\/p><\/blockquote>\n\n\n\n<p>B\u00edl\u00fd Volkswagen Touareg s p\u0159ezd\u00edvkou \u201eVa\u0161ek\u201c na za\u010d\u00e1tku prosince \u00fasp\u011b\u0161n\u011b absolvoval technickou p\u0159ej\u00edmku ve francouzsk\u00e9m p\u0159\u00edstavn\u00edm m\u011bst\u011b Marseille, odkud se nyn\u00ed plav\u00ed na lodi s&nbsp;ostatn\u00edmi sout\u011b\u017en\u00edmi vozidly v\u0161ech evropsk\u00fdch t\u00fdm\u016f do Sa\u00fadsk\u00e9 Ar\u00e1bie, kter\u00e1 bude d\u011bji\u0161t\u011bm ji\u017e 42. ro\u010dn\u00edku legend\u00e1rn\u00ed Rallye Dakar. \u010clenov\u00e9 t\u00fdmu Barth Racing p\u0159evezmou sv\u016fj doprovodn\u00fd v\u016fz po jeho vylod\u011bn\u00ed druh\u00fd lednov\u00fd den v&nbsp;D\u017eidd\u011b a hned se pust\u00ed do nat\u00e1\u010den\u00ed dvan\u00e1ctid\u00edln\u00e9ho po\u0159adu Dakar za oponou, kter\u00fd budou moci v&nbsp;pr\u016fb\u011bhu ledna pravideln\u011b sledovat div\u00e1ci televizn\u00ed stanice \u010cT Sport.<\/p><br>\n\n\n\n<figure class=\"wp-block-image size-large\"><img loading=\"lazy\" decoding=\"async\" width=\"1024\" height=\"576\" src=\"https:\/\/www.mzone.cz\/wp-content\/uploads\/2019\/12\/03-1024x576.jpg\" alt=\"\" class=\"wp-image-15924\" srcset=\"https:\/\/www.mzone.cz\/wp-content\/uploads\/2019\/12\/03-1024x576.jpg 1024w, https:\/\/www.mzone.cz\/wp-content\/uploads\/2019\/12\/03-300x169.jpg 300w, https:\/\/www.mzone.cz\/wp-content\/uploads\/2019\/12\/03-768x432.jpg 768w, https:\/\/www.mzone.cz\/wp-content\/uploads\/2019\/12\/03-1536x864.jpg 1536w, https:\/\/www.mzone.cz\/wp-content\/uploads\/2019\/12\/03-590x332.jpg 590w, https:\/\/www.mzone.cz\/wp-content\/uploads\/2019\/12\/03.jpg 1920w\" sizes=\"auto, (max-width: 1024px) 100vw, 1024px\" \/><\/figure><br>\n\n\n\n<p>Dakarsk\u00fd Touareg je poh\u00e1n\u011bn vzn\u011btov\u00fdm motorem V6 3.0 TDI 4Motion o v\u00fdkonu 170 kW (231 kon\u00ed) v\u00a0kombinaci s\u00a0osmistup\u0148ovou samo\u010dinnou p\u0159evodovkou. Doprovodn\u00e9 vozidlo nevy\u017eaduje \u017e\u00e1dn\u00e9 speci\u00e1ln\u00ed \u00fapravy, proto\u017ee i v\u00a0s\u00e9riov\u00e9 podob\u011b je p\u0159ipraveno na ter\u00e9n, j\u00edm\u017e proj\u00ed\u017ed\u011bj\u00ed dakarsk\u00e9 sout\u011b\u017en\u00ed automobily.<\/p><br>\n\n\n\n<p>V\u016fz s\u00a019\u201c koly Sebring a automatickou uz\u00e1v\u011brkou diferenci\u00e1lu je vybaven palivovou n\u00e1dr\u017e\u00ed na 90 litr\u016f nafty, kter\u00e1 zaru\u010d\u00ed dlouh\u00fd dojezd, a elektricky sklopn\u00fdm ta\u017en\u00fdm za\u0159\u00edzen\u00edm v\u010detn\u011b asisten\u010dn\u00edho syst\u00e9mu Trailer Assist pro snadn\u00e9 man\u00e9vrov\u00e1n\u00ed s\u00a0p\u0159\u00edv\u011bsem. Report\u00e1\u017en\u00ed t\u00fdm oce\u0148uje tak\u00e9 elektrickou z\u00e1suvku 230 V\u00a0v\u00a0interi\u00e9ru, d\u00edky n\u00ed\u017e se Touareg prom\u011bn\u00ed i uprost\u0159ed nehostinn\u00e9 pou\u0161t\u011b v\u00a0multimedi\u00e1ln\u00ed centr\u00e1lu na kolech.<\/p><br>\n\n\n\n<div class=\"wp-block-image\"><figure class=\"alignleft size-large is-resized\"><img loading=\"lazy\" decoding=\"async\" src=\"https:\/\/www.mzone.cz\/wp-content\/uploads\/2019\/09\/volkswagen-idr-1024x683.jpg\" alt=\"\" class=\"wp-image-12738\" width=\"128\" height=\"84\" srcset=\"https:\/\/www.mzone.cz\/wp-content\/uploads\/2019\/09\/volkswagen-idr-1024x683.jpg 1024w, https:\/\/www.mzone.cz\/wp-content\/uploads\/2019\/09\/volkswagen-idr-300x200.jpg 300w, https:\/\/www.mzone.cz\/wp-content\/uploads\/2019\/09\/volkswagen-idr-768x512.jpg 768w, https:\/\/www.mzone.cz\/wp-content\/uploads\/2019\/09\/volkswagen-idr-800x533.jpg 800w, https:\/\/www.mzone.cz\/wp-content\/uploads\/2019\/09\/volkswagen-idr-400x267.jpg 400w, https:\/\/www.mzone.cz\/wp-content\/uploads\/2019\/09\/volkswagen-idr-500x333.jpg 500w, https:\/\/www.mzone.cz\/wp-content\/uploads\/2019\/09\/volkswagen-idr-590x394.jpg 590w, https:\/\/www.mzone.cz\/wp-content\/uploads\/2019\/09\/volkswagen-idr.jpg 1117w\" sizes=\"auto, (max-width: 128px) 100vw, 128px\" \/><\/figure><\/div>\n\n\n\n<h4><a href=\"https:\/\/www.mzone.cz\/elektricky-supersport-od-volkswagenu-ma-dalsi-rekord-vystoupal-az-do-nebes\/\">Elektrick\u00fd supersport od Volkswagenu m\u00e1 dal\u0161\u00ed rekord! Vystoupal a\u017e do nebes<\/a><\/h4><br>\n\n\n\n<p>Touareg je v\u00a0ter\u00e9nu nezastaviteln\u00fd. S\u00e9riov\u011b dod\u00e1van\u00fd syst\u00e9m 4Motion Active Control nab\u00edz\u00ed celkem deset silni\u010dn\u00edch a ter\u00e9nn\u00edch re\u017eim\u016f.<\/p>\n\n\n\n<blockquote class=\"wp-block-quote is-layout-flow wp-block-quote-is-layout-flow\"><p>Paket Offroad zahrnuje krom\u011b ji\u017e zm\u00edn\u011bn\u00e9 90litrov\u00e9 palivov\u00e9 n\u00e1dr\u017ee tak\u00e9 dopl\u0148kov\u00e9 provozn\u00ed re\u017eimy pro j\u00edzdu v\u00a0ter\u00e9nu a spodn\u00ed ochrann\u00e9 panely.\u00a0Samosvorn\u00fd mezin\u00e1pravov\u00fd diferenci\u00e1l s\u00a0variabiln\u00edm, asymetrick\u00fdm rozd\u011blov\u00e1n\u00edm to\u010div\u00e9ho momentu umo\u017e\u0148uje p\u0159en\u00e1\u0161et a\u017e 70 procent hnac\u00ed s\u00edly na p\u0159edn\u00ed n\u00e1pravu, nebo a\u017e 80 procent na zadn\u00ed n\u00e1pravu.<\/p><\/blockquote>\n\n\n\n<p>Rallye Dakar 2020 je 42. ro\u010dn\u00edkem nejslavn\u011bj\u0161\u00ed maratonsk\u00e9 sout\u011b\u017ee pro r\u016fzn\u00e9 kategorie motorov\u00fdch vozidel. Dakarsk\u00e1 rallye se po mnoha letech p\u0159esouv\u00e1 z&nbsp;jihoamerick\u00e9ho kontinentu do Sa\u00fadsk\u00e9 Ar\u00e1bie. \u00da\u010dastn\u00edci se 5. ledna vydaj\u00ed z&nbsp;D\u017eiddy p\u0159es Rij\u00e1d do c\u00edle ve m\u011bst\u011b Al-Kiddija, kde budou o\u010dek\u00e1v\u00e1ni 17. ledna. Trasa o d\u00e9lce cca 9000 kilometr\u016f je rozd\u011blena do 12 etap, kter\u00e1 zahrnuje jednu dvoudenn\u00ed, tzv. marat\u00f3nskou etapu, kterou mus\u00ed pos\u00e1dky absolvovat bez mechanik\u016f a z\u00e1zem\u00ed sv\u00e9ho t\u00fdmu. \u00da\u010dastn\u00edky \u010dekaj\u00ed hory s&nbsp;kamenit\u00fdm povrchem i pou\u0161t\u011b s&nbsp;vysok\u00fdmi dunami.<\/p><br>\n\n\n\n<figure class=\"wp-block-image size-large\"><img loading=\"lazy\" decoding=\"async\" width=\"1024\" height=\"684\" src=\"https:\/\/www.mzone.cz\/wp-content\/uploads\/2019\/12\/02-1024x684.jpg\" alt=\"\" class=\"wp-image-15929\" srcset=\"https:\/\/www.mzone.cz\/wp-content\/uploads\/2019\/12\/02-1024x684.jpg 1024w, https:\/\/www.mzone.cz\/wp-content\/uploads\/2019\/12\/02-300x200.jpg 300w, https:\/\/www.mzone.cz\/wp-content\/uploads\/2019\/12\/02-768x513.jpg 768w, https:\/\/www.mzone.cz\/wp-content\/uploads\/2019\/12\/02-1536x1025.jpg 1536w, https:\/\/www.mzone.cz\/wp-content\/uploads\/2019\/12\/02-800x533.jpg 800w, https:\/\/www.mzone.cz\/wp-content\/uploads\/2019\/12\/02-400x267.jpg 400w, https:\/\/www.mzone.cz\/wp-content\/uploads\/2019\/12\/02-500x333.jpg 500w, https:\/\/www.mzone.cz\/wp-content\/uploads\/2019\/12\/02-1170x780.jpg 1170w, https:\/\/www.mzone.cz\/wp-content\/uploads\/2019\/12\/02-590x394.jpg 590w, https:\/\/www.mzone.cz\/wp-content\/uploads\/2019\/12\/02.jpg 1730w\" sizes=\"auto, (max-width: 1024px) 100vw, 1024px\" \/><\/figure><br>\n\n\n\n<p>Volkswagen Touareg je mezi \u010desk\u00fdmi motoristy velmi obl\u00edben\u00fd ji\u017e od sv\u00e9 prvn\u00ed generace, kter\u00e1 byla p\u0159edstavena v\u00a0roce 2002. T\u0159et\u00ed generace, uveden\u00e1 na \u010desk\u00fd trh v\u00a0lo\u0148sk\u00e9m roce, nab\u00edz\u00ed je\u0161t\u011b \u0161ir\u0161\u00ed rozsah provozn\u00edch vlastnost\u00ed od nejvy\u0161\u0161\u00ed \u00farovn\u011b cestovn\u00edho komfortu a\u017e po vynikaj\u00edc\u00ed pr\u016fchodnost ter\u00e9nem. Touareg s\u00a0nejvy\u0161\u0161\u00ed p\u0159\u00edpustnou hmotnost\u00ed p\u0159\u00edv\u011bsu 3,5 tuny je tak\u00e9 vynikaj\u00edc\u00edm ta\u017en\u00fdm vozidlem. Tak uvid\u00edme, jak se na Dakaru osv\u011bd\u010d\u00ed!<\/p>\n\n\n\n<figure class=\"wp-block-gallery columns-3 is-cropped\"><ul class=\"blocks-gallery-grid\"><li class=\"blocks-gallery-item\"><figure><a href=\"https:\/\/www.mzone.cz\/wp-content\/uploads\/2019\/12\/05.jpeg\"><img loading=\"lazy\" decoding=\"async\" width=\"1024\" height=\"682\" src=\"https:\/\/www.mzone.cz\/wp-content\/uploads\/2019\/12\/05-1024x682.jpeg\" alt=\"\" data-id=\"15935\" data-full-url=\"https:\/\/www.mzone.cz\/wp-content\/uploads\/2019\/12\/05.jpeg\" data-link=\"https:\/\/www.mzone.cz\/05\/\" class=\"wp-image-15935\" srcset=\"https:\/\/www.mzone.cz\/wp-content\/uploads\/2019\/12\/05-1024x682.jpeg 1024w, https:\/\/www.mzone.cz\/wp-content\/uploads\/2019\/12\/05-300x200.jpeg 300w, https:\/\/www.mzone.cz\/wp-content\/uploads\/2019\/12\/05-768x512.jpeg 768w, https:\/\/www.mzone.cz\/wp-content\/uploads\/2019\/12\/05-1536x1023.jpeg 1536w, https:\/\/www.mzone.cz\/wp-content\/uploads\/2019\/12\/05-800x533.jpeg 800w, https:\/\/www.mzone.cz\/wp-content\/uploads\/2019\/12\/05-400x267.jpeg 400w, https:\/\/www.mzone.cz\/wp-content\/uploads\/2019\/12\/05-500x333.jpeg 500w, https:\/\/www.mzone.cz\/wp-content\/uploads\/2019\/12\/05-1170x780.jpeg 1170w, https:\/\/www.mzone.cz\/wp-content\/uploads\/2019\/12\/05-590x393.jpeg 590w, https:\/\/www.mzone.cz\/wp-content\/uploads\/2019\/12\/05.jpeg 1600w\" sizes=\"auto, (max-width: 1024px) 100vw, 1024px\" \/><\/a><\/figure><\/li><li class=\"blocks-gallery-item\"><figure><a href=\"https:\/\/www.mzone.cz\/wp-content\/uploads\/2019\/12\/04.jpg\"><img loading=\"lazy\" decoding=\"async\" width=\"1024\" height=\"682\" src=\"https:\/\/www.mzone.cz\/wp-content\/uploads\/2019\/12\/04-1024x682.jpg\" alt=\"\" data-id=\"15934\" data-full-url=\"https:\/\/www.mzone.cz\/wp-content\/uploads\/2019\/12\/04.jpg\" data-link=\"https:\/\/www.mzone.cz\/04-2\/\" class=\"wp-image-15934\" srcset=\"https:\/\/www.mzone.cz\/wp-content\/uploads\/2019\/12\/04-1024x682.jpg 1024w, https:\/\/www.mzone.cz\/wp-content\/uploads\/2019\/12\/04-300x200.jpg 300w, https:\/\/www.mzone.cz\/wp-content\/uploads\/2019\/12\/04-768x512.jpg 768w, https:\/\/www.mzone.cz\/wp-content\/uploads\/2019\/12\/04-1536x1023.jpg 1536w, https:\/\/www.mzone.cz\/wp-content\/uploads\/2019\/12\/04-800x533.jpg 800w, https:\/\/www.mzone.cz\/wp-content\/uploads\/2019\/12\/04-400x267.jpg 400w, https:\/\/www.mzone.cz\/wp-content\/uploads\/2019\/12\/04-500x333.jpg 500w, https:\/\/www.mzone.cz\/wp-content\/uploads\/2019\/12\/04-1170x780.jpg 1170w, https:\/\/www.mzone.cz\/wp-content\/uploads\/2019\/12\/04-590x393.jpg 590w, https:\/\/www.mzone.cz\/wp-content\/uploads\/2019\/12\/04.jpg 1732w\" sizes=\"auto, (max-width: 1024px) 100vw, 1024px\" \/><\/a><\/figure><\/li><li class=\"blocks-gallery-item\"><figure><a href=\"https:\/\/www.mzone.cz\/wp-content\/uploads\/2019\/12\/01.jpg\"><img loading=\"lazy\" decoding=\"async\" width=\"1024\" height=\"498\" src=\"https:\/\/www.mzone.cz\/wp-content\/uploads\/2019\/12\/01-1024x498.jpg\" alt=\"\" data-id=\"15933\" data-full-url=\"https:\/\/www.mzone.cz\/wp-content\/uploads\/2019\/12\/01.jpg\" data-link=\"https:\/\/www.mzone.cz\/01-2\/\" class=\"wp-image-15933\" srcset=\"https:\/\/www.mzone.cz\/wp-content\/uploads\/2019\/12\/01-1024x498.jpg 1024w, https:\/\/www.mzone.cz\/wp-content\/uploads\/2019\/12\/01-300x146.jpg 300w, https:\/\/www.mzone.cz\/wp-content\/uploads\/2019\/12\/01-768x373.jpg 768w, https:\/\/www.mzone.cz\/wp-content\/uploads\/2019\/12\/01-1536x746.jpg 1536w, https:\/\/www.mzone.cz\/wp-content\/uploads\/2019\/12\/01-590x287.jpg 590w, https:\/\/www.mzone.cz\/wp-content\/uploads\/2019\/12\/01.jpg 1873w\" sizes=\"auto, (max-width: 1024px) 100vw, 1024px\" \/><\/a><\/figure><\/li><li class=\"blocks-gallery-item\"><figure><a href=\"https:\/\/www.mzone.cz\/wp-content\/uploads\/2019\/12\/02.jpg\"><img loading=\"lazy\" decoding=\"async\" width=\"1024\" height=\"684\" src=\"https:\/\/www.mzone.cz\/wp-content\/uploads\/2019\/12\/02-1024x684.jpg\" alt=\"\" data-id=\"15929\" data-full-url=\"https:\/\/www.mzone.cz\/wp-content\/uploads\/2019\/12\/02.jpg\" data-link=\"https:\/\/www.mzone.cz\/?attachment_id=15929\" class=\"wp-image-15929\" srcset=\"https:\/\/www.mzone.cz\/wp-content\/uploads\/2019\/12\/02-1024x684.jpg 1024w, https:\/\/www.mzone.cz\/wp-content\/uploads\/2019\/12\/02-300x200.jpg 300w, https:\/\/www.mzone.cz\/wp-content\/uploads\/2019\/12\/02-768x513.jpg 768w, https:\/\/www.mzone.cz\/wp-content\/uploads\/2019\/12\/02-1536x1025.jpg 1536w, https:\/\/www.mzone.cz\/wp-content\/uploads\/2019\/12\/02-800x533.jpg 800w, https:\/\/www.mzone.cz\/wp-content\/uploads\/2019\/12\/02-400x267.jpg 400w, https:\/\/www.mzone.cz\/wp-content\/uploads\/2019\/12\/02-500x333.jpg 500w, https:\/\/www.mzone.cz\/wp-content\/uploads\/2019\/12\/02-1170x780.jpg 1170w, https:\/\/www.mzone.cz\/wp-content\/uploads\/2019\/12\/02-590x394.jpg 590w, https:\/\/www.mzone.cz\/wp-content\/uploads\/2019\/12\/02.jpg 1730w\" sizes=\"auto, (max-width: 1024px) 100vw, 1024px\" \/><\/a><\/figure><\/li><li class=\"blocks-gallery-item\"><figure><a href=\"https:\/\/www.mzone.cz\/wp-content\/uploads\/2019\/12\/03.jpg\"><img loading=\"lazy\" decoding=\"async\" width=\"1024\" height=\"576\" src=\"https:\/\/www.mzone.cz\/wp-content\/uploads\/2019\/12\/03-1024x576.jpg\" alt=\"\" data-id=\"15924\" data-full-url=\"https:\/\/www.mzone.cz\/wp-content\/uploads\/2019\/12\/03.jpg\" data-link=\"https:\/\/www.mzone.cz\/?attachment_id=15924\" class=\"wp-image-15924\" srcset=\"https:\/\/www.mzone.cz\/wp-content\/uploads\/2019\/12\/03-1024x576.jpg 1024w, https:\/\/www.mzone.cz\/wp-content\/uploads\/2019\/12\/03-300x169.jpg 300w, https:\/\/www.mzone.cz\/wp-content\/uploads\/2019\/12\/03-768x432.jpg 768w, https:\/\/www.mzone.cz\/wp-content\/uploads\/2019\/12\/03-1536x864.jpg 1536w, https:\/\/www.mzone.cz\/wp-content\/uploads\/2019\/12\/03-590x332.jpg 590w, https:\/\/www.mzone.cz\/wp-content\/uploads\/2019\/12\/03.jpg 1920w\" sizes=\"auto, (max-width: 1024px) 100vw, 1024px\" \/><\/a><\/figure><\/li><li class=\"blocks-gallery-item\"><figure><a href=\"https:\/\/www.mzone.cz\/wp-content\/uploads\/2019\/12\/Volkswagen-Touareg-na-Rallye-Dakar.jpeg\"><img loading=\"lazy\" decoding=\"async\" width=\"1024\" height=\"682\" src=\"https:\/\/www.mzone.cz\/wp-content\/uploads\/2019\/12\/Volkswagen-Touareg-na-Rallye-Dakar-1024x682.jpeg\" alt=\"\" data-id=\"15920\" data-full-url=\"https:\/\/www.mzone.cz\/wp-content\/uploads\/2019\/12\/Volkswagen-Touareg-na-Rallye-Dakar.jpeg\" data-link=\"https:\/\/www.mzone.cz\/?attachment_id=15920\" class=\"wp-image-15920\" srcset=\"https:\/\/www.mzone.cz\/wp-content\/uploads\/2019\/12\/Volkswagen-Touareg-na-Rallye-Dakar-1024x682.jpeg 1024w, https:\/\/www.mzone.cz\/wp-content\/uploads\/2019\/12\/Volkswagen-Touareg-na-Rallye-Dakar-300x200.jpeg 300w, https:\/\/www.mzone.cz\/wp-content\/uploads\/2019\/12\/Volkswagen-Touareg-na-Rallye-Dakar-768x512.jpeg 768w, https:\/\/www.mzone.cz\/wp-content\/uploads\/2019\/12\/Volkswagen-Touareg-na-Rallye-Dakar-1536x1023.jpeg 1536w, https:\/\/www.mzone.cz\/wp-content\/uploads\/2019\/12\/Volkswagen-Touareg-na-Rallye-Dakar-800x533.jpeg 800w, https:\/\/www.mzone.cz\/wp-content\/uploads\/2019\/12\/Volkswagen-Touareg-na-Rallye-Dakar-400x267.jpeg 400w, https:\/\/www.mzone.cz\/wp-content\/uploads\/2019\/12\/Volkswagen-Touareg-na-Rallye-Dakar-500x333.jpeg 500w, https:\/\/www.mzone.cz\/wp-content\/uploads\/2019\/12\/Volkswagen-Touareg-na-Rallye-Dakar-1170x780.jpeg 1170w, https:\/\/www.mzone.cz\/wp-content\/uploads\/2019\/12\/Volkswagen-Touareg-na-Rallye-Dakar-590x393.jpeg 590w, https:\/\/www.mzone.cz\/wp-content\/uploads\/2019\/12\/Volkswagen-Touareg-na-Rallye-Dakar.jpeg 1600w\" sizes=\"auto, (max-width: 1024px) 100vw, 1024px\" \/><\/a><\/figure><\/li><\/ul><\/figure><br>\n\n\n\n<div class=\"wp-block-image\"><figure class=\"alignleft size-large is-resized\"><img loading=\"lazy\" decoding=\"async\" src=\"https:\/\/www.mzone.cz\/wp-content\/uploads\/2019\/11\/Toyota-Gazoo-Racing-1024x682.jpg\" alt=\"\" class=\"wp-image-14570\" width=\"127\" height=\"84\" srcset=\"https:\/\/www.mzone.cz\/wp-content\/uploads\/2019\/11\/Toyota-Gazoo-Racing-1024x682.jpg 1024w, https:\/\/www.mzone.cz\/wp-content\/uploads\/2019\/11\/Toyota-Gazoo-Racing-300x200.jpg 300w, https:\/\/www.mzone.cz\/wp-content\/uploads\/2019\/11\/Toyota-Gazoo-Racing-768x512.jpg 768w, https:\/\/www.mzone.cz\/wp-content\/uploads\/2019\/11\/Toyota-Gazoo-Racing-800x533.jpg 800w, https:\/\/www.mzone.cz\/wp-content\/uploads\/2019\/11\/Toyota-Gazoo-Racing-400x267.jpg 400w, https:\/\/www.mzone.cz\/wp-content\/uploads\/2019\/11\/Toyota-Gazoo-Racing-500x333.jpg 500w, https:\/\/www.mzone.cz\/wp-content\/uploads\/2019\/11\/Toyota-Gazoo-Racing-1170x780.jpg 1170w, https:\/\/www.mzone.cz\/wp-content\/uploads\/2019\/11\/Toyota-Gazoo-Racing-590x393.jpg 590w, https:\/\/www.mzone.cz\/wp-content\/uploads\/2019\/11\/Toyota-Gazoo-Racing.jpg 1243w\" sizes=\"auto, (max-width: 127px) 100vw, 127px\" \/><\/figure><\/div>\n\n\n\n<h4><a href=\"https:\/\/www.mzone.cz\/zavodni-tym-toyoty-vyrazne-posiluje-prichazi-ogier-evans-a-rovanpera\/\">Z\u00e1vodn\u00ed t\u00fdm Toyoty v\u00fdrazn\u011b posiluje! P\u0159ich\u00e1z\u00ed Ogier, Evans a Rovanper\u00e4<\/a><\/h4><br>","protected":false},"excerpt":{"rendered":"<p>Volkswagen Touareg \u010dek\u00e1 hned zkraje nov\u00e9ho roku mimo\u0159\u00e1dn\u00e1 v\u00fdzva v podob\u011b \u00fa\u010dasti v legend\u00e1rn\u00ed Rallye Dakar 2020. Automobil s p\u0159ezd\u00edvkou \u201eVa\u0161ek\u201c absolvuje v nejn\u00e1ro\u010dn\u011bj\u0161\u00edch podm\u00ednk\u00e1ch 9000 kilometr\u016f v barv\u00e1ch \u010desk\u00e9ho sout\u011b\u017en\u00edho t\u00fdmu Barth Racing. S\u00e9riov\u00fd Touareg ale nebude z\u00e1vodit, poskytne z\u00e1zem\u00ed report\u00e1\u017en\u00edmu t\u00fdmu, kter\u00fd bude zaji\u0161\u0165ovat pro fanou\u0161ky pravideln\u00e9 zpravodajstv\u00ed a nat\u00e1\u010det dvan\u00e1ctid\u00edln\u00fd po\u0159ad Dakar [&hellip;]<\/p>\n","protected":false},"author":4,"featured_media":15920,"comment_status":"open","ping_status":"closed","sticky":false,"template":"","format":"standard","meta":{"kk_blocks_editor_width":"","_kiokenblocks_attr":"","_kiokenblocks_dimensions":"","footnotes":""},"categories":[69],"tags":[585,82,462,724,875,3188,2047,2085,2083,3187,688,3189,2738,3186,735],"class_list":["post-15919","post","type-post","status-publish","format-standard","has-post-thumbnail","hentry","category-auto-moto","tag-auta","tag-auto","tag-auto-moto","tag-automobil","tag-dakar","tag-doprovodny-vuz","tag-podpora","tag-rally","tag-rallye","tag-rallye-dakar","tag-suv","tag-ucast","tag-volkswagen","tag-volkswagen-touareg","tag-zavod"],"yoast_head":"<!-- This site is optimized with the Yoast SEO plugin v27.5 - https:\/\/yoast.com\/product\/yoast-seo-wordpress\/ -->\n<title>Je to v\u016fbec mo\u017en\u00e9? S\u00e9riov\u00fd Volkswagen Touareg m\u00ed\u0159\u00ed na Rallye Dakar! - Mzone<\/title>\n<meta name=\"description\" content=\"Volkswagen Touareg \u010dek\u00e1 hned zkraje nov\u00e9ho roku mimo\u0159\u00e1dn\u00e1 v\u00fdzva v podob\u011b \u00fa\u010dasti v legend\u00e1rn\u00ed Rallye Dakar 2020. Automobil s p\u0159ezd\u00edvkou \u201eVa\u0161ek\u201c absolvuje v nejn\u00e1ro\u010dn\u011bj\u0161\u00edch podm\u00ednk\u00e1ch 9000 kilometr\u016f v barv\u00e1ch \u010desk\u00e9ho sout\u011b\u017en\u00edho t\u00fdmu Barth Racing. S\u00e9riov\u00fd Touareg ale nebude z\u00e1vodit, poskytne z\u00e1zem\u00ed report\u00e1\u017en\u00edmu t\u00fdmu, kter\u00fd bude zaji\u0161\u0165ovat pro fanou\u0161ky pravideln\u00e9 zpravodajstv\u00ed a nat\u00e1\u010det dvan\u00e1ctid\u00edln\u00fd po\u0159ad Dakar za oponou, kter\u00fd bude v pr\u016fb\u011bhu ledna vys\u00edlat televizn\u00ed stanice \u010cT Sport.\" \/>\n<meta name=\"robots\" content=\"index, follow, max-snippet:-1, max-image-preview:large, max-video-preview:-1\" \/>\n<link rel=\"canonical\" href=\"https:\/\/www.mzone.cz\/en\/je-to-vubec-mozne-seriovy-volkswagen-touareg-miri-na-rallye-dakar\/\" \/>\n<meta property=\"og:locale\" content=\"en_US\" \/>\n<meta property=\"og:type\" content=\"article\" \/>\n<meta property=\"og:title\" content=\"Je to v\u016fbec mo\u017en\u00e9? S\u00e9riov\u00fd Volkswagen Touareg m\u00ed\u0159\u00ed na Rallye Dakar! - Mzone\" \/>\n<meta property=\"og:description\" content=\"Volkswagen Touareg \u010dek\u00e1 hned zkraje nov\u00e9ho roku mimo\u0159\u00e1dn\u00e1 v\u00fdzva v podob\u011b \u00fa\u010dasti v legend\u00e1rn\u00ed Rallye Dakar 2020. Automobil s p\u0159ezd\u00edvkou \u201eVa\u0161ek\u201c absolvuje v nejn\u00e1ro\u010dn\u011bj\u0161\u00edch podm\u00ednk\u00e1ch 9000 kilometr\u016f v barv\u00e1ch \u010desk\u00e9ho sout\u011b\u017en\u00edho t\u00fdmu Barth Racing. S\u00e9riov\u00fd Touareg ale nebude z\u00e1vodit, poskytne z\u00e1zem\u00ed report\u00e1\u017en\u00edmu t\u00fdmu, kter\u00fd bude zaji\u0161\u0165ovat pro fanou\u0161ky pravideln\u00e9 zpravodajstv\u00ed a nat\u00e1\u010det dvan\u00e1ctid\u00edln\u00fd po\u0159ad Dakar za oponou, kter\u00fd bude v pr\u016fb\u011bhu ledna vys\u00edlat televizn\u00ed stanice \u010cT Sport.\" \/>\n<meta property=\"og:url\" content=\"https:\/\/www.mzone.cz\/en\/je-to-vubec-mozne-seriovy-volkswagen-touareg-miri-na-rallye-dakar\/\" \/>\n<meta property=\"og:site_name\" content=\"Mzone\" \/>\n<meta property=\"article:publisher\" content=\"https:\/\/www.facebook.com\/MzoneCZ\/\" \/>\n<meta property=\"article:published_time\" content=\"2019-12-25T04:00:00+00:00\" \/>\n<meta property=\"og:image\" content=\"https:\/\/www.mzone.cz\/wp-content\/uploads\/2019\/12\/Volkswagen-Touareg-na-Rallye-Dakar.jpeg\" \/>\n\t<meta property=\"og:image:width\" content=\"1600\" \/>\n\t<meta property=\"og:image:height\" content=\"1066\" \/>\n\t<meta property=\"og:image:type\" content=\"image\/jpeg\" \/>\n<meta name=\"author\" content=\"Mzone\" \/>\n<meta name=\"twitter:card\" content=\"summary_large_image\" \/>\n<meta name=\"twitter:label1\" content=\"Written by\" \/>\n\t<meta name=\"twitter:data1\" content=\"Mzone\" \/>\n\t<meta name=\"twitter:label2\" content=\"Est. reading time\" \/>\n\t<meta name=\"twitter:data2\" content=\"4 minutes\" \/>\n<script type=\"application\/ld+json\" class=\"yoast-schema-graph\">{\"@context\":\"https:\\\/\\\/schema.org\",\"@graph\":[{\"@type\":\"Article\",\"@id\":\"https:\\\/\\\/www.mzone.cz\\\/je-to-vubec-mozne-seriovy-volkswagen-touareg-miri-na-rallye-dakar\\\/#article\",\"isPartOf\":{\"@id\":\"https:\\\/\\\/www.mzone.cz\\\/je-to-vubec-mozne-seriovy-volkswagen-touareg-miri-na-rallye-dakar\\\/\"},\"author\":{\"name\":\"Mzone\",\"@id\":\"https:\\\/\\\/www.mzone.cz\\\/#\\\/schema\\\/person\\\/9bc20cc422a99cac4af6ff9297da32d4\"},\"headline\":\"Je to v\u016fbec mo\u017en\u00e9? S\u00e9riov\u00fd Volkswagen Touareg m\u00ed\u0159\u00ed na Rallye Dakar!\",\"datePublished\":\"2019-12-25T04:00:00+00:00\",\"mainEntityOfPage\":{\"@id\":\"https:\\\/\\\/www.mzone.cz\\\/je-to-vubec-mozne-seriovy-volkswagen-touareg-miri-na-rallye-dakar\\\/\"},\"wordCount\":803,\"commentCount\":0,\"image\":{\"@id\":\"https:\\\/\\\/www.mzone.cz\\\/je-to-vubec-mozne-seriovy-volkswagen-touareg-miri-na-rallye-dakar\\\/#primaryimage\"},\"thumbnailUrl\":\"https:\\\/\\\/www.mzone.cz\\\/wp-content\\\/uploads\\\/2019\\\/12\\\/Volkswagen-Touareg-na-Rallye-Dakar.jpeg\",\"keywords\":[\"auta\",\"Auto\",\"auto-moto\",\"automobil\",\"Dakar\",\"doprovodn\u00fd v\u016fz\",\"podpora\",\"rally\",\"rallye\",\"Rallye Dakar\",\"SUV\",\"\u00fa\u010dast\",\"Volkswagen\",\"Volkswagen Touareg\",\"z\u00e1vod\"],\"articleSection\":[\"Auto-moto\"],\"inLanguage\":\"en-US\",\"potentialAction\":[{\"@type\":\"CommentAction\",\"name\":\"Comment\",\"target\":[\"https:\\\/\\\/www.mzone.cz\\\/je-to-vubec-mozne-seriovy-volkswagen-touareg-miri-na-rallye-dakar\\\/#respond\"]}]},{\"@type\":\"WebPage\",\"@id\":\"https:\\\/\\\/www.mzone.cz\\\/je-to-vubec-mozne-seriovy-volkswagen-touareg-miri-na-rallye-dakar\\\/\",\"url\":\"https:\\\/\\\/www.mzone.cz\\\/je-to-vubec-mozne-seriovy-volkswagen-touareg-miri-na-rallye-dakar\\\/\",\"name\":\"Je to v\u016fbec mo\u017en\u00e9? S\u00e9riov\u00fd Volkswagen Touareg m\u00ed\u0159\u00ed na Rallye Dakar! - Mzone\",\"isPartOf\":{\"@id\":\"https:\\\/\\\/www.mzone.cz\\\/#website\"},\"primaryImageOfPage\":{\"@id\":\"https:\\\/\\\/www.mzone.cz\\\/je-to-vubec-mozne-seriovy-volkswagen-touareg-miri-na-rallye-dakar\\\/#primaryimage\"},\"image\":{\"@id\":\"https:\\\/\\\/www.mzone.cz\\\/je-to-vubec-mozne-seriovy-volkswagen-touareg-miri-na-rallye-dakar\\\/#primaryimage\"},\"thumbnailUrl\":\"https:\\\/\\\/www.mzone.cz\\\/wp-content\\\/uploads\\\/2019\\\/12\\\/Volkswagen-Touareg-na-Rallye-Dakar.jpeg\",\"datePublished\":\"2019-12-25T04:00:00+00:00\",\"author\":{\"@id\":\"https:\\\/\\\/www.mzone.cz\\\/#\\\/schema\\\/person\\\/9bc20cc422a99cac4af6ff9297da32d4\"},\"description\":\"Volkswagen Touareg \u010dek\u00e1 hned zkraje nov\u00e9ho roku mimo\u0159\u00e1dn\u00e1 v\u00fdzva v podob\u011b \u00fa\u010dasti v legend\u00e1rn\u00ed Rallye Dakar 2020. Automobil s p\u0159ezd\u00edvkou \u201eVa\u0161ek\u201c absolvuje v nejn\u00e1ro\u010dn\u011bj\u0161\u00edch podm\u00ednk\u00e1ch 9000 kilometr\u016f v barv\u00e1ch \u010desk\u00e9ho sout\u011b\u017en\u00edho t\u00fdmu Barth Racing. S\u00e9riov\u00fd Touareg ale nebude z\u00e1vodit, poskytne z\u00e1zem\u00ed report\u00e1\u017en\u00edmu t\u00fdmu, kter\u00fd bude zaji\u0161\u0165ovat pro fanou\u0161ky pravideln\u00e9 zpravodajstv\u00ed a nat\u00e1\u010det dvan\u00e1ctid\u00edln\u00fd po\u0159ad Dakar za oponou, kter\u00fd bude v pr\u016fb\u011bhu ledna vys\u00edlat televizn\u00ed stanice \u010cT Sport.\",\"breadcrumb\":{\"@id\":\"https:\\\/\\\/www.mzone.cz\\\/je-to-vubec-mozne-seriovy-volkswagen-touareg-miri-na-rallye-dakar\\\/#breadcrumb\"},\"inLanguage\":\"en-US\",\"potentialAction\":[{\"@type\":\"ReadAction\",\"target\":[\"https:\\\/\\\/www.mzone.cz\\\/je-to-vubec-mozne-seriovy-volkswagen-touareg-miri-na-rallye-dakar\\\/\"]}]},{\"@type\":\"ImageObject\",\"inLanguage\":\"en-US\",\"@id\":\"https:\\\/\\\/www.mzone.cz\\\/je-to-vubec-mozne-seriovy-volkswagen-touareg-miri-na-rallye-dakar\\\/#primaryimage\",\"url\":\"https:\\\/\\\/www.mzone.cz\\\/wp-content\\\/uploads\\\/2019\\\/12\\\/Volkswagen-Touareg-na-Rallye-Dakar.jpeg\",\"contentUrl\":\"https:\\\/\\\/www.mzone.cz\\\/wp-content\\\/uploads\\\/2019\\\/12\\\/Volkswagen-Touareg-na-Rallye-Dakar.jpeg\",\"width\":1600,\"height\":1066},{\"@type\":\"BreadcrumbList\",\"@id\":\"https:\\\/\\\/www.mzone.cz\\\/je-to-vubec-mozne-seriovy-volkswagen-touareg-miri-na-rallye-dakar\\\/#breadcrumb\",\"itemListElement\":[{\"@type\":\"ListItem\",\"position\":1,\"name\":\"Dom\u016f\",\"item\":\"https:\\\/\\\/www.mzone.cz\\\/\"},{\"@type\":\"ListItem\",\"position\":2,\"name\":\"Je to v\u016fbec mo\u017en\u00e9? S\u00e9riov\u00fd Volkswagen Touareg m\u00ed\u0159\u00ed na Rallye Dakar!\"}]},{\"@type\":\"WebSite\",\"@id\":\"https:\\\/\\\/www.mzone.cz\\\/#website\",\"url\":\"https:\\\/\\\/www.mzone.cz\\\/\",\"name\":\"Mzone\",\"description\":\"Magaz\u00edn nejen pro mu\u017ee\",\"potentialAction\":[{\"@type\":\"SearchAction\",\"target\":{\"@type\":\"EntryPoint\",\"urlTemplate\":\"https:\\\/\\\/www.mzone.cz\\\/?s={search_term_string}\"},\"query-input\":{\"@type\":\"PropertyValueSpecification\",\"valueRequired\":true,\"valueName\":\"search_term_string\"}}],\"inLanguage\":\"en-US\"},{\"@type\":\"Person\",\"@id\":\"https:\\\/\\\/www.mzone.cz\\\/#\\\/schema\\\/person\\\/9bc20cc422a99cac4af6ff9297da32d4\",\"name\":\"Mzone\",\"image\":{\"@type\":\"ImageObject\",\"inLanguage\":\"en-US\",\"@id\":\"https:\\\/\\\/secure.gravatar.com\\\/avatar\\\/e780a8630f3182a3d06dd667ab6bea151a0d155b0951bc15fe22633acdac0676?s=96&d=mm&r=g\",\"url\":\"https:\\\/\\\/secure.gravatar.com\\\/avatar\\\/e780a8630f3182a3d06dd667ab6bea151a0d155b0951bc15fe22633acdac0676?s=96&d=mm&r=g\",\"contentUrl\":\"https:\\\/\\\/secure.gravatar.com\\\/avatar\\\/e780a8630f3182a3d06dd667ab6bea151a0d155b0951bc15fe22633acdac0676?s=96&d=mm&r=g\",\"caption\":\"Mzone\"},\"url\":\"https:\\\/\\\/www.mzone.cz\\\/en\\\/author\\\/jakub\\\/\"}]}<\/script>\n<!-- \/ Yoast SEO plugin. -->","yoast_head_json":{"title":"Je to v\u016fbec mo\u017en\u00e9? S\u00e9riov\u00fd Volkswagen Touareg m\u00ed\u0159\u00ed na Rallye Dakar! - Mzone","description":"Volkswagen Touareg \u010dek\u00e1 hned zkraje nov\u00e9ho roku mimo\u0159\u00e1dn\u00e1 v\u00fdzva v podob\u011b \u00fa\u010dasti v legend\u00e1rn\u00ed Rallye Dakar 2020. Automobil s p\u0159ezd\u00edvkou \u201eVa\u0161ek\u201c absolvuje v nejn\u00e1ro\u010dn\u011bj\u0161\u00edch podm\u00ednk\u00e1ch 9000 kilometr\u016f v barv\u00e1ch \u010desk\u00e9ho sout\u011b\u017en\u00edho t\u00fdmu Barth Racing. S\u00e9riov\u00fd Touareg ale nebude z\u00e1vodit, poskytne z\u00e1zem\u00ed report\u00e1\u017en\u00edmu t\u00fdmu, kter\u00fd bude zaji\u0161\u0165ovat pro fanou\u0161ky pravideln\u00e9 zpravodajstv\u00ed a nat\u00e1\u010det dvan\u00e1ctid\u00edln\u00fd po\u0159ad Dakar za oponou, kter\u00fd bude v pr\u016fb\u011bhu ledna vys\u00edlat televizn\u00ed stanice \u010cT Sport.","robots":{"index":"index","follow":"follow","max-snippet":"max-snippet:-1","max-image-preview":"max-image-preview:large","max-video-preview":"max-video-preview:-1"},"canonical":"https:\/\/www.mzone.cz\/en\/je-to-vubec-mozne-seriovy-volkswagen-touareg-miri-na-rallye-dakar\/","og_locale":"en_US","og_type":"article","og_title":"Je to v\u016fbec mo\u017en\u00e9? S\u00e9riov\u00fd Volkswagen Touareg m\u00ed\u0159\u00ed na Rallye Dakar! - Mzone","og_description":"Volkswagen Touareg \u010dek\u00e1 hned zkraje nov\u00e9ho roku mimo\u0159\u00e1dn\u00e1 v\u00fdzva v podob\u011b \u00fa\u010dasti v legend\u00e1rn\u00ed Rallye Dakar 2020. Automobil s p\u0159ezd\u00edvkou \u201eVa\u0161ek\u201c absolvuje v nejn\u00e1ro\u010dn\u011bj\u0161\u00edch podm\u00ednk\u00e1ch 9000 kilometr\u016f v barv\u00e1ch \u010desk\u00e9ho sout\u011b\u017en\u00edho t\u00fdmu Barth Racing. S\u00e9riov\u00fd Touareg ale nebude z\u00e1vodit, poskytne z\u00e1zem\u00ed report\u00e1\u017en\u00edmu t\u00fdmu, kter\u00fd bude zaji\u0161\u0165ovat pro fanou\u0161ky pravideln\u00e9 zpravodajstv\u00ed a nat\u00e1\u010det dvan\u00e1ctid\u00edln\u00fd po\u0159ad Dakar za oponou, kter\u00fd bude v pr\u016fb\u011bhu ledna vys\u00edlat televizn\u00ed stanice \u010cT Sport.","og_url":"https:\/\/www.mzone.cz\/en\/je-to-vubec-mozne-seriovy-volkswagen-touareg-miri-na-rallye-dakar\/","og_site_name":"Mzone","article_publisher":"https:\/\/www.facebook.com\/MzoneCZ\/","article_published_time":"2019-12-25T04:00:00+00:00","og_image":[{"width":1600,"height":1066,"url":"https:\/\/www.mzone.cz\/wp-content\/uploads\/2019\/12\/Volkswagen-Touareg-na-Rallye-Dakar.jpeg","type":"image\/jpeg"}],"author":"Mzone","twitter_card":"summary_large_image","twitter_misc":{"Written by":"Mzone","Est. reading time":"4 minutes"},"schema":{"@context":"https:\/\/schema.org","@graph":[{"@type":"Article","@id":"https:\/\/www.mzone.cz\/je-to-vubec-mozne-seriovy-volkswagen-touareg-miri-na-rallye-dakar\/#article","isPartOf":{"@id":"https:\/\/www.mzone.cz\/je-to-vubec-mozne-seriovy-volkswagen-touareg-miri-na-rallye-dakar\/"},"author":{"name":"Mzone","@id":"https:\/\/www.mzone.cz\/#\/schema\/person\/9bc20cc422a99cac4af6ff9297da32d4"},"headline":"Je to v\u016fbec mo\u017en\u00e9? S\u00e9riov\u00fd Volkswagen Touareg m\u00ed\u0159\u00ed na Rallye Dakar!","datePublished":"2019-12-25T04:00:00+00:00","mainEntityOfPage":{"@id":"https:\/\/www.mzone.cz\/je-to-vubec-mozne-seriovy-volkswagen-touareg-miri-na-rallye-dakar\/"},"wordCount":803,"commentCount":0,"image":{"@id":"https:\/\/www.mzone.cz\/je-to-vubec-mozne-seriovy-volkswagen-touareg-miri-na-rallye-dakar\/#primaryimage"},"thumbnailUrl":"https:\/\/www.mzone.cz\/wp-content\/uploads\/2019\/12\/Volkswagen-Touareg-na-Rallye-Dakar.jpeg","keywords":["auta","Auto","auto-moto","automobil","Dakar","doprovodn\u00fd v\u016fz","podpora","rally","rallye","Rallye Dakar","SUV","\u00fa\u010dast","Volkswagen","Volkswagen Touareg","z\u00e1vod"],"articleSection":["Auto-moto"],"inLanguage":"en-US","potentialAction":[{"@type":"CommentAction","name":"Comment","target":["https:\/\/www.mzone.cz\/je-to-vubec-mozne-seriovy-volkswagen-touareg-miri-na-rallye-dakar\/#respond"]}]},{"@type":"WebPage","@id":"https:\/\/www.mzone.cz\/je-to-vubec-mozne-seriovy-volkswagen-touareg-miri-na-rallye-dakar\/","url":"https:\/\/www.mzone.cz\/je-to-vubec-mozne-seriovy-volkswagen-touareg-miri-na-rallye-dakar\/","name":"Je to v\u016fbec mo\u017en\u00e9? S\u00e9riov\u00fd Volkswagen Touareg m\u00ed\u0159\u00ed na Rallye Dakar! - Mzone","isPartOf":{"@id":"https:\/\/www.mzone.cz\/#website"},"primaryImageOfPage":{"@id":"https:\/\/www.mzone.cz\/je-to-vubec-mozne-seriovy-volkswagen-touareg-miri-na-rallye-dakar\/#primaryimage"},"image":{"@id":"https:\/\/www.mzone.cz\/je-to-vubec-mozne-seriovy-volkswagen-touareg-miri-na-rallye-dakar\/#primaryimage"},"thumbnailUrl":"https:\/\/www.mzone.cz\/wp-content\/uploads\/2019\/12\/Volkswagen-Touareg-na-Rallye-Dakar.jpeg","datePublished":"2019-12-25T04:00:00+00:00","author":{"@id":"https:\/\/www.mzone.cz\/#\/schema\/person\/9bc20cc422a99cac4af6ff9297da32d4"},"description":"Volkswagen Touareg \u010dek\u00e1 hned zkraje nov\u00e9ho roku mimo\u0159\u00e1dn\u00e1 v\u00fdzva v podob\u011b \u00fa\u010dasti v legend\u00e1rn\u00ed Rallye Dakar 2020. Automobil s p\u0159ezd\u00edvkou \u201eVa\u0161ek\u201c absolvuje v nejn\u00e1ro\u010dn\u011bj\u0161\u00edch podm\u00ednk\u00e1ch 9000 kilometr\u016f v barv\u00e1ch \u010desk\u00e9ho sout\u011b\u017en\u00edho t\u00fdmu Barth Racing. S\u00e9riov\u00fd Touareg ale nebude z\u00e1vodit, poskytne z\u00e1zem\u00ed report\u00e1\u017en\u00edmu t\u00fdmu, kter\u00fd bude zaji\u0161\u0165ovat pro fanou\u0161ky pravideln\u00e9 zpravodajstv\u00ed a nat\u00e1\u010det dvan\u00e1ctid\u00edln\u00fd po\u0159ad Dakar za oponou, kter\u00fd bude v pr\u016fb\u011bhu ledna vys\u00edlat televizn\u00ed stanice \u010cT Sport.","breadcrumb":{"@id":"https:\/\/www.mzone.cz\/je-to-vubec-mozne-seriovy-volkswagen-touareg-miri-na-rallye-dakar\/#breadcrumb"},"inLanguage":"en-US","potentialAction":[{"@type":"ReadAction","target":["https:\/\/www.mzone.cz\/je-to-vubec-mozne-seriovy-volkswagen-touareg-miri-na-rallye-dakar\/"]}]},{"@type":"ImageObject","inLanguage":"en-US","@id":"https:\/\/www.mzone.cz\/je-to-vubec-mozne-seriovy-volkswagen-touareg-miri-na-rallye-dakar\/#primaryimage","url":"https:\/\/www.mzone.cz\/wp-content\/uploads\/2019\/12\/Volkswagen-Touareg-na-Rallye-Dakar.jpeg","contentUrl":"https:\/\/www.mzone.cz\/wp-content\/uploads\/2019\/12\/Volkswagen-Touareg-na-Rallye-Dakar.jpeg","width":1600,"height":1066},{"@type":"BreadcrumbList","@id":"https:\/\/www.mzone.cz\/je-to-vubec-mozne-seriovy-volkswagen-touareg-miri-na-rallye-dakar\/#breadcrumb","itemListElement":[{"@type":"ListItem","position":1,"name":"Dom\u016f","item":"https:\/\/www.mzone.cz\/"},{"@type":"ListItem","position":2,"name":"Je to v\u016fbec mo\u017en\u00e9? S\u00e9riov\u00fd Volkswagen Touareg m\u00ed\u0159\u00ed na Rallye Dakar!"}]},{"@type":"WebSite","@id":"https:\/\/www.mzone.cz\/#website","url":"https:\/\/www.mzone.cz\/","name":"Mzone","description":"Magaz\u00edn nejen pro mu\u017ee","potentialAction":[{"@type":"SearchAction","target":{"@type":"EntryPoint","urlTemplate":"https:\/\/www.mzone.cz\/?s={search_term_string}"},"query-input":{"@type":"PropertyValueSpecification","valueRequired":true,"valueName":"search_term_string"}}],"inLanguage":"en-US"},{"@type":"Person","@id":"https:\/\/www.mzone.cz\/#\/schema\/person\/9bc20cc422a99cac4af6ff9297da32d4","name":"Mzone","image":{"@type":"ImageObject","inLanguage":"en-US","@id":"https:\/\/secure.gravatar.com\/avatar\/e780a8630f3182a3d06dd667ab6bea151a0d155b0951bc15fe22633acdac0676?s=96&d=mm&r=g","url":"https:\/\/secure.gravatar.com\/avatar\/e780a8630f3182a3d06dd667ab6bea151a0d155b0951bc15fe22633acdac0676?s=96&d=mm&r=g","contentUrl":"https:\/\/secure.gravatar.com\/avatar\/e780a8630f3182a3d06dd667ab6bea151a0d155b0951bc15fe22633acdac0676?s=96&d=mm&r=g","caption":"Mzone"},"url":"https:\/\/www.mzone.cz\/en\/author\/jakub\/"}]}},"_links":{"self":[{"href":"https:\/\/www.mzone.cz\/en\/wp-json\/wp\/v2\/posts\/15919","targetHints":{"allow":["GET"]}}],"collection":[{"href":"https:\/\/www.mzone.cz\/en\/wp-json\/wp\/v2\/posts"}],"about":[{"href":"https:\/\/www.mzone.cz\/en\/wp-json\/wp\/v2\/types\/post"}],"author":[{"embeddable":true,"href":"https:\/\/www.mzone.cz\/en\/wp-json\/wp\/v2\/users\/4"}],"replies":[{"embeddable":true,"href":"https:\/\/www.mzone.cz\/en\/wp-json\/wp\/v2\/comments?post=15919"}],"version-history":[{"count":13,"href":"https:\/\/www.mzone.cz\/en\/wp-json\/wp\/v2\/posts\/15919\/revisions"}],"predecessor-version":[{"id":15943,"href":"https:\/\/www.mzone.cz\/en\/wp-json\/wp\/v2\/posts\/15919\/revisions\/15943"}],"wp:featuredmedia":[{"embeddable":true,"href":"https:\/\/www.mzone.cz\/en\/wp-json\/wp\/v2\/media\/15920"}],"wp:attachment":[{"href":"https:\/\/www.mzone.cz\/en\/wp-json\/wp\/v2\/media?parent=15919"}],"wp:term":[{"taxonomy":"category","embeddable":true,"href":"https:\/\/www.mzone.cz\/en\/wp-json\/wp\/v2\/categories?post=15919"},{"taxonomy":"post_tag","embeddable":true,"href":"https:\/\/www.mzone.cz\/en\/wp-json\/wp\/v2\/tags?post=15919"}],"curies":[{"name":"wp","href":"https:\/\/api.w.org\/{rel}","templated":true}]}}