{"id":16633,"date":"2020-01-29T05:00:00","date_gmt":"2020-01-29T04:00:00","guid":{"rendered":"https:\/\/www.mzone.cz\/?p=16633"},"modified":"2020-01-09T18:38:01","modified_gmt":"2020-01-09T17:38:01","slug":"na-nemecke-dalnici-uz-sbiraji-anonymizovana-data-pro-autonomni-jizdu","status":"publish","type":"post","link":"https:\/\/www.mzone.cz\/en\/na-nemecke-dalnici-uz-sbiraji-anonymizovana-data-pro-autonomni-jizdu\/","title":{"rendered":"Na n\u011bmeck\u00e9 d\u00e1lnici u\u017e sb\u00edraj\u00ed anonymizovan\u00e1 data pro autonomn\u00ed j\u00edzdu"},"content":{"rendered":"<p><strong>Na d\u00e1lnici A39 mezi d\u00e1lni\u010dn\u00edmi k\u0159i\u017eovatkami Wolfsburg-K\u00f6nigslutter a Cremlingen byl 8. ledna 2020 zprovozn\u011bn sedmikilometrov\u00fd zku\u0161ebn\u00ed \u00fasek pro sledov\u00e1n\u00ed dopravy. Na \u00faseku, provozovan\u00e9m N\u011bmeck\u00fdm centrem pro letectv\u00ed a kosmonautiku (DLR), je kamerami anonymizovan\u011b zaznamen\u00e1v\u00e1na j\u00edzda r\u016fzn\u00fdch \u00fa\u010dastn\u00edk\u016f silni\u010dn\u00ed dopravy.<\/strong><\/p><br>\n\n\n\n<p>Automobilka Volkswagen, kter\u00e1 se na sb\u011bru dat pod\u00edl\u00ed, o\u010dek\u00e1v\u00e1, \u017ee \u00fasek financovan\u00fd spolkovou zem\u00ed Doln\u00ed Sasko a centrem DLR p\u0159inese nov\u00e9 poznatky pro autonomn\u00ed j\u00edzdu.<\/p>\n\n\n\n<blockquote class=\"wp-block-quote is-layout-flow wp-block-quote-is-layout-flow\"><p>Centrum DLR instalovalo v\u00a0uplynul\u00e9m roce po cel\u00e9 d\u00e9lce zku\u0161ebn\u00edho \u00faseku z\u00e1znamovou techniku, kter\u00e1 dok\u00e1\u017ee s\u00a0vysokou preciznost\u00ed ur\u010dovat polohu v\u0161ech vozidel, a t\u00edm sledovat ve\u0161kerou dopravu.<\/p><\/blockquote>\n\n\n\n<p>Volkswagen pou\u017eije z\u00edsk\u00e1van\u00e9 informace k\u00a0vylep\u0161ov\u00e1n\u00ed softwaru pro autonomn\u00ed j\u00edzdu. Zku\u0161ebn\u00ed z\u00f3na je otev\u0159enou v\u00fdzkumnou a v\u00fdvojovou platformou, kter\u00e1 nab\u00edz\u00ed jedine\u010dnou kombinaci r\u016fzn\u00fdch mo\u017enosti test\u016f a zkou\u0161ek, nap\u0159\u00edklad simulaci r\u016fzn\u00fdch dopravn\u00edch tok\u016f.<\/p><br>\n\n\n\n<figure class=\"wp-block-image size-large\"><img loading=\"lazy\" decoding=\"async\" width=\"1024\" height=\"662\" src=\"https:\/\/www.mzone.cz\/wp-content\/uploads\/2020\/01\/01.jpg\" alt=\"\" class=\"wp-image-16638\" srcset=\"https:\/\/www.mzone.cz\/wp-content\/uploads\/2020\/01\/01.jpg 1024w, https:\/\/www.mzone.cz\/wp-content\/uploads\/2020\/01\/01-300x194.jpg 300w, https:\/\/www.mzone.cz\/wp-content\/uploads\/2020\/01\/01-768x497.jpg 768w, https:\/\/www.mzone.cz\/wp-content\/uploads\/2020\/01\/01-590x381.jpg 590w\" sizes=\"auto, (max-width: 1024px) 100vw, 1024px\" \/><\/figure><br>\n\n\n\n<p>Dr. Frank Welsch, \u010dlen p\u0159edstavenstva spole\u010dnosti Volkswagen, odpov\u011bdn\u00fd za v\u00fdvoj, zd\u016fraznil v\u00fdznam zku\u0161ebn\u00edho \u00faseku: \u201eData z\u00a0ka\u017edodenn\u00edho provozu jsou pro dal\u0161\u00ed v\u00fdzkum autonomn\u00ed j\u00edzdy nezbytn\u00e1. Zku\u0161ebn\u00ed z\u00f3na Doln\u00ed Sasko n\u00e1m umo\u017en\u00ed z\u00edsk\u00e1vat tato data ze zcela re\u00e1ln\u00e9ho prost\u0159ed\u00ed a nav\u00edc je m\u016f\u017eeme dopl\u0148ovat simulacemi.\u201c<\/p><br>\n\n\n\n<h2 class=\"wp-block-heading\"><strong>R\u016fzn\u00e9 mo\u017enosti test\u016f a zkou\u0161ek<\/strong><\/h2>\n\n\n\n<p>Data ze sledovan\u00e9ho \u00faseku jsou anonymizovan\u00e1. To znamen\u00e1, \u017ee jsou vyhodnocov\u00e1ny pouze tzv. trajektorie, nikoli specifick\u00e1 data o jednotliv\u00fdch vozidlech, jako je nap\u0159\u00edklad registra\u010dn\u00ed zna\u010dka nebo tv\u00e1\u0159 \u0159idi\u010de. Trajektorie popisuj\u00ed pouze pohyb vozidla. Krom\u011b z\u00e1znamov\u00e9 techniky byla pro pot\u0159eby v\u00fdvoje instalov\u00e1na tak\u00e9 technologie pWLAN, kter\u00e1 slou\u017e\u00ed k\u00a0p\u0159\u00edm\u00e9 komunikaci mezi jednotliv\u00fdmi vozidly a mezi vozidly a dopravn\u00ed infrastrukturou. Touto tzv. technologi\u00ed \u201eCar2X\u201c je ji\u017e s\u00e9riov\u011b vybaven nov\u00fd Golf a v\u00a0budoucnosti nalezne uplatn\u011bn\u00ed tak\u00e9 ve volkswagenovsk\u00e9m\u00a0modelu ID.3.<\/p><br>\n\n\n\n<h2 class=\"wp-block-heading\"><strong>Spu\u0161t\u011bn\u00ed projektu \u201eZku\u0161ebn\u00ed z\u00f3na Doln\u00ed Sasko\u201c<\/strong><\/h2>\n\n\n\n<p>\u201eZku\u0161ebn\u00ed z\u00f3na Doln\u00ed Sasko\u201c byla ofici\u00e1ln\u011b zprovozn\u011bna 8. ledna 2020. Mezi pozvan\u00fdmi hosty byli mimo jin\u00e9 dolnosask\u00fd ministr pro hospod\u00e1\u0159stv\u00ed, pr\u00e1ci, dopravu a digitalizaci a m\u00edstop\u0159edseda vl\u00e1dy Bernd Althusmann, dolnosask\u00fd ministr pro v\u011bdu a kulturu Bj\u00f6rn Th\u00fcmler a poslanec Thomas Jarzombek, koordin\u00e1tor spolkov\u00e9 vl\u00e1dy pro n\u011bmeck\u00e9 letectv\u00ed, kosmonautiku a digitalizaci.<\/p><br>\n\n\n\n<div class=\"wp-block-image\"><figure class=\"alignleft size-large is-resized\"><img loading=\"lazy\" decoding=\"async\" src=\"https:\/\/www.mzone.cz\/wp-content\/uploads\/2019\/08\/Continental_System_Right-Turn_Assist-1.jpg\" alt=\"\" class=\"wp-image-12401\" width=\"162\" height=\"107\" srcset=\"https:\/\/www.mzone.cz\/wp-content\/uploads\/2019\/08\/Continental_System_Right-Turn_Assist-1.jpg 800w, https:\/\/www.mzone.cz\/wp-content\/uploads\/2019\/08\/Continental_System_Right-Turn_Assist-1-300x200.jpg 300w, https:\/\/www.mzone.cz\/wp-content\/uploads\/2019\/08\/Continental_System_Right-Turn_Assist-1-768x512.jpg 768w, https:\/\/www.mzone.cz\/wp-content\/uploads\/2019\/08\/Continental_System_Right-Turn_Assist-1-400x267.jpg 400w, https:\/\/www.mzone.cz\/wp-content\/uploads\/2019\/08\/Continental_System_Right-Turn_Assist-1-500x333.jpg 500w, https:\/\/www.mzone.cz\/wp-content\/uploads\/2019\/08\/Continental_System_Right-Turn_Assist-1-590x393.jpg 590w\" sizes=\"auto, (max-width: 162px) 100vw, 162px\" \/><\/figure><\/div>\n\n\n\n<h4><a href=\"https:\/\/www.mzone.cz\/ochrana-chodcu-v-dopravnim-provozu-se-neustale-zlepsuje-brzy-uz-nikoho-neprejedete\/\">Ochrana chodc\u016f v dopravn\u00edm provozu se neust\u00e1le zlep\u0161uje! Brzy u\u017e nikoho nep\u0159ejedete<\/a><\/h4><br>\n\n\n\n<p>Projekt centra DLR je podporov\u00e1n dolnosask\u00fdm ministerstvem pro hospod\u00e1\u0159stv\u00ed, pr\u00e1ci, dopravu a digitalizaci a dolnosask\u00fdm ministerstvem pro v\u011bdu a kulturu. Data, z\u00edsk\u00e1van\u00e1 na \u00faseku d\u00e1lnice A39, pou\u017e\u00edvaj\u00ed krom\u011b Volkswagenu tak\u00e9 spole\u010dnosti Continental, Wolfsburg, IAV, OECON, ADAC Niedersachsen\/Sachsen-Anhalt e.V., NordSys a Siemens.<\/p>","protected":false},"excerpt":{"rendered":"<p>Na d\u00e1lnici A39 mezi d\u00e1lni\u010dn\u00edmi k\u0159i\u017eovatkami Wolfsburg-K\u00f6nigslutter a Cremlingen byl 8. ledna 2020 zprovozn\u011bn sedmikilometrov\u00fd zku\u0161ebn\u00ed \u00fasek pro sledov\u00e1n\u00ed dopravy. Na \u00faseku, provozovan\u00e9m N\u011bmeck\u00fdm centrem pro letectv\u00ed a kosmonautiku (DLR), je kamerami anonymizovan\u011b zaznamen\u00e1v\u00e1na j\u00edzda r\u016fzn\u00fdch \u00fa\u010dastn\u00edk\u016f silni\u010dn\u00ed dopravy. Automobilka Volkswagen, kter\u00e1 se na sb\u011bru dat pod\u00edl\u00ed, o\u010dek\u00e1v\u00e1, \u017ee \u00fasek financovan\u00fd spolkovou zem\u00ed Doln\u00ed Sasko [&hellip;]<\/p>\n","protected":false},"author":4,"featured_media":16634,"comment_status":"open","ping_status":"closed","sticky":false,"template":"","format":"standard","meta":{"kk_blocks_editor_width":"","_kiokenblocks_attr":"","_kiokenblocks_dimensions":"","footnotes":""},"categories":[69],"tags":[585,82,462,552,3273,950,1675,3274,751,625,3275,19],"class_list":["post-16633","post","type-post","status-publish","format-standard","has-post-thumbnail","hentry","category-auto-moto","tag-auta","tag-auto","tag-auto-moto","tag-automobily","tag-autonomni-jizda","tag-budoucnost","tag-dalnice","tag-data","tag-doprava","tag-nemecko","tag-sber-dat","tag-technologie"],"yoast_head":"<!-- This site is optimized with the Yoast SEO plugin v27.5 - https:\/\/yoast.com\/product\/yoast-seo-wordpress\/ -->\n<title>Na n\u011bmeck\u00e9 d\u00e1lnici u\u017e sb\u00edraj\u00ed anonymizovan\u00e1 data pro autonomn\u00ed j\u00edzdu - Mzone<\/title>\n<meta name=\"description\" content=\"Na d\u00e1lnici A39 mezi d\u00e1lni\u010dn\u00edmi k\u0159i\u017eovatkami Wolfsburg-K\u00f6nigslutter a Cremlingen byl 8. ledna 2020 zprovozn\u011bn sedmikilometrov\u00fd zku\u0161ebn\u00ed \u00fasek pro sledov\u00e1n\u00ed dopravy. Na \u00faseku, provozovan\u00e9m N\u011bmeck\u00fdm centrem pro letectv\u00ed a kosmonautiku (DLR), je kamerami anonymizovan\u011b zaznamen\u00e1v\u00e1na j\u00edzda r\u016fzn\u00fdch \u00fa\u010dastn\u00edk\u016f silni\u010dn\u00ed dopravy.\" \/>\n<meta name=\"robots\" content=\"index, follow, max-snippet:-1, max-image-preview:large, max-video-preview:-1\" \/>\n<link rel=\"canonical\" href=\"https:\/\/www.mzone.cz\/en\/na-nemecke-dalnici-uz-sbiraji-anonymizovana-data-pro-autonomni-jizdu\/\" \/>\n<meta property=\"og:locale\" content=\"en_US\" \/>\n<meta property=\"og:type\" content=\"article\" \/>\n<meta property=\"og:title\" content=\"Na n\u011bmeck\u00e9 d\u00e1lnici u\u017e sb\u00edraj\u00ed anonymizovan\u00e1 data pro autonomn\u00ed j\u00edzdu - Mzone\" \/>\n<meta property=\"og:description\" content=\"Na d\u00e1lnici A39 mezi d\u00e1lni\u010dn\u00edmi k\u0159i\u017eovatkami Wolfsburg-K\u00f6nigslutter a Cremlingen byl 8. ledna 2020 zprovozn\u011bn sedmikilometrov\u00fd zku\u0161ebn\u00ed \u00fasek pro sledov\u00e1n\u00ed dopravy. Na \u00faseku, provozovan\u00e9m N\u011bmeck\u00fdm centrem pro letectv\u00ed a kosmonautiku (DLR), je kamerami anonymizovan\u011b zaznamen\u00e1v\u00e1na j\u00edzda r\u016fzn\u00fdch \u00fa\u010dastn\u00edk\u016f silni\u010dn\u00ed dopravy.\" \/>\n<meta property=\"og:url\" content=\"https:\/\/www.mzone.cz\/en\/na-nemecke-dalnici-uz-sbiraji-anonymizovana-data-pro-autonomni-jizdu\/\" \/>\n<meta property=\"og:site_name\" content=\"Mzone\" \/>\n<meta property=\"article:publisher\" content=\"https:\/\/www.facebook.com\/MzoneCZ\/\" \/>\n<meta property=\"article:published_time\" content=\"2020-01-29T04:00:00+00:00\" \/>\n<meta property=\"og:image\" content=\"https:\/\/www.mzone.cz\/wp-content\/uploads\/2020\/01\/D\u00e1lnice.jpg\" \/>\n\t<meta property=\"og:image:width\" content=\"1519\" \/>\n\t<meta property=\"og:image:height\" content=\"1013\" \/>\n\t<meta property=\"og:image:type\" content=\"image\/jpeg\" \/>\n<meta name=\"author\" content=\"Mzone\" \/>\n<meta name=\"twitter:card\" content=\"summary_large_image\" \/>\n<meta name=\"twitter:label1\" content=\"Written by\" \/>\n\t<meta name=\"twitter:data1\" content=\"Mzone\" \/>\n\t<meta name=\"twitter:label2\" content=\"Est. reading time\" \/>\n\t<meta name=\"twitter:data2\" content=\"2 minutes\" \/>\n<script type=\"application\/ld+json\" class=\"yoast-schema-graph\">{\"@context\":\"https:\\\/\\\/schema.org\",\"@graph\":[{\"@type\":\"Article\",\"@id\":\"https:\\\/\\\/www.mzone.cz\\\/na-nemecke-dalnici-uz-sbiraji-anonymizovana-data-pro-autonomni-jizdu\\\/#article\",\"isPartOf\":{\"@id\":\"https:\\\/\\\/www.mzone.cz\\\/na-nemecke-dalnici-uz-sbiraji-anonymizovana-data-pro-autonomni-jizdu\\\/\"},\"author\":{\"name\":\"Mzone\",\"@id\":\"https:\\\/\\\/www.mzone.cz\\\/#\\\/schema\\\/person\\\/9bc20cc422a99cac4af6ff9297da32d4\"},\"headline\":\"Na n\u011bmeck\u00e9 d\u00e1lnici u\u017e sb\u00edraj\u00ed anonymizovan\u00e1 data pro autonomn\u00ed j\u00edzdu\",\"datePublished\":\"2020-01-29T04:00:00+00:00\",\"mainEntityOfPage\":{\"@id\":\"https:\\\/\\\/www.mzone.cz\\\/na-nemecke-dalnici-uz-sbiraji-anonymizovana-data-pro-autonomni-jizdu\\\/\"},\"wordCount\":507,\"commentCount\":0,\"image\":{\"@id\":\"https:\\\/\\\/www.mzone.cz\\\/na-nemecke-dalnici-uz-sbiraji-anonymizovana-data-pro-autonomni-jizdu\\\/#primaryimage\"},\"thumbnailUrl\":\"https:\\\/\\\/www.mzone.cz\\\/wp-content\\\/uploads\\\/2020\\\/01\\\/D\u00e1lnice.jpg\",\"keywords\":[\"auta\",\"Auto\",\"auto-moto\",\"automobily\",\"autonomn\u00ed j\u00edzda\",\"budoucnost\",\"d\u00e1lnice\",\"data\",\"doprava\",\"N\u011bmecko\",\"sb\u011br dat\",\"Technologie\"],\"articleSection\":[\"Auto-moto\"],\"inLanguage\":\"en-US\",\"potentialAction\":[{\"@type\":\"CommentAction\",\"name\":\"Comment\",\"target\":[\"https:\\\/\\\/www.mzone.cz\\\/na-nemecke-dalnici-uz-sbiraji-anonymizovana-data-pro-autonomni-jizdu\\\/#respond\"]}]},{\"@type\":\"WebPage\",\"@id\":\"https:\\\/\\\/www.mzone.cz\\\/na-nemecke-dalnici-uz-sbiraji-anonymizovana-data-pro-autonomni-jizdu\\\/\",\"url\":\"https:\\\/\\\/www.mzone.cz\\\/na-nemecke-dalnici-uz-sbiraji-anonymizovana-data-pro-autonomni-jizdu\\\/\",\"name\":\"Na n\u011bmeck\u00e9 d\u00e1lnici u\u017e sb\u00edraj\u00ed anonymizovan\u00e1 data pro autonomn\u00ed j\u00edzdu - Mzone\",\"isPartOf\":{\"@id\":\"https:\\\/\\\/www.mzone.cz\\\/#website\"},\"primaryImageOfPage\":{\"@id\":\"https:\\\/\\\/www.mzone.cz\\\/na-nemecke-dalnici-uz-sbiraji-anonymizovana-data-pro-autonomni-jizdu\\\/#primaryimage\"},\"image\":{\"@id\":\"https:\\\/\\\/www.mzone.cz\\\/na-nemecke-dalnici-uz-sbiraji-anonymizovana-data-pro-autonomni-jizdu\\\/#primaryimage\"},\"thumbnailUrl\":\"https:\\\/\\\/www.mzone.cz\\\/wp-content\\\/uploads\\\/2020\\\/01\\\/D\u00e1lnice.jpg\",\"datePublished\":\"2020-01-29T04:00:00+00:00\",\"author\":{\"@id\":\"https:\\\/\\\/www.mzone.cz\\\/#\\\/schema\\\/person\\\/9bc20cc422a99cac4af6ff9297da32d4\"},\"description\":\"Na d\u00e1lnici A39 mezi d\u00e1lni\u010dn\u00edmi k\u0159i\u017eovatkami Wolfsburg-K\u00f6nigslutter a Cremlingen byl 8. ledna 2020 zprovozn\u011bn sedmikilometrov\u00fd zku\u0161ebn\u00ed \u00fasek pro sledov\u00e1n\u00ed dopravy. Na \u00faseku, provozovan\u00e9m N\u011bmeck\u00fdm centrem pro letectv\u00ed a kosmonautiku (DLR), je kamerami anonymizovan\u011b zaznamen\u00e1v\u00e1na j\u00edzda r\u016fzn\u00fdch \u00fa\u010dastn\u00edk\u016f silni\u010dn\u00ed dopravy.\",\"breadcrumb\":{\"@id\":\"https:\\\/\\\/www.mzone.cz\\\/na-nemecke-dalnici-uz-sbiraji-anonymizovana-data-pro-autonomni-jizdu\\\/#breadcrumb\"},\"inLanguage\":\"en-US\",\"potentialAction\":[{\"@type\":\"ReadAction\",\"target\":[\"https:\\\/\\\/www.mzone.cz\\\/na-nemecke-dalnici-uz-sbiraji-anonymizovana-data-pro-autonomni-jizdu\\\/\"]}]},{\"@type\":\"ImageObject\",\"inLanguage\":\"en-US\",\"@id\":\"https:\\\/\\\/www.mzone.cz\\\/na-nemecke-dalnici-uz-sbiraji-anonymizovana-data-pro-autonomni-jizdu\\\/#primaryimage\",\"url\":\"https:\\\/\\\/www.mzone.cz\\\/wp-content\\\/uploads\\\/2020\\\/01\\\/D\u00e1lnice.jpg\",\"contentUrl\":\"https:\\\/\\\/www.mzone.cz\\\/wp-content\\\/uploads\\\/2020\\\/01\\\/D\u00e1lnice.jpg\",\"width\":1519,\"height\":1013},{\"@type\":\"BreadcrumbList\",\"@id\":\"https:\\\/\\\/www.mzone.cz\\\/na-nemecke-dalnici-uz-sbiraji-anonymizovana-data-pro-autonomni-jizdu\\\/#breadcrumb\",\"itemListElement\":[{\"@type\":\"ListItem\",\"position\":1,\"name\":\"Dom\u016f\",\"item\":\"https:\\\/\\\/www.mzone.cz\\\/\"},{\"@type\":\"ListItem\",\"position\":2,\"name\":\"Na n\u011bmeck\u00e9 d\u00e1lnici u\u017e sb\u00edraj\u00ed anonymizovan\u00e1 data pro autonomn\u00ed j\u00edzdu\"}]},{\"@type\":\"WebSite\",\"@id\":\"https:\\\/\\\/www.mzone.cz\\\/#website\",\"url\":\"https:\\\/\\\/www.mzone.cz\\\/\",\"name\":\"Mzone\",\"description\":\"Magaz\u00edn nejen pro mu\u017ee\",\"potentialAction\":[{\"@type\":\"SearchAction\",\"target\":{\"@type\":\"EntryPoint\",\"urlTemplate\":\"https:\\\/\\\/www.mzone.cz\\\/?s={search_term_string}\"},\"query-input\":{\"@type\":\"PropertyValueSpecification\",\"valueRequired\":true,\"valueName\":\"search_term_string\"}}],\"inLanguage\":\"en-US\"},{\"@type\":\"Person\",\"@id\":\"https:\\\/\\\/www.mzone.cz\\\/#\\\/schema\\\/person\\\/9bc20cc422a99cac4af6ff9297da32d4\",\"name\":\"Mzone\",\"image\":{\"@type\":\"ImageObject\",\"inLanguage\":\"en-US\",\"@id\":\"https:\\\/\\\/secure.gravatar.com\\\/avatar\\\/e780a8630f3182a3d06dd667ab6bea151a0d155b0951bc15fe22633acdac0676?s=96&d=mm&r=g\",\"url\":\"https:\\\/\\\/secure.gravatar.com\\\/avatar\\\/e780a8630f3182a3d06dd667ab6bea151a0d155b0951bc15fe22633acdac0676?s=96&d=mm&r=g\",\"contentUrl\":\"https:\\\/\\\/secure.gravatar.com\\\/avatar\\\/e780a8630f3182a3d06dd667ab6bea151a0d155b0951bc15fe22633acdac0676?s=96&d=mm&r=g\",\"caption\":\"Mzone\"},\"url\":\"https:\\\/\\\/www.mzone.cz\\\/en\\\/author\\\/jakub\\\/\"}]}<\/script>\n<!-- \/ Yoast SEO plugin. -->","yoast_head_json":{"title":"Na n\u011bmeck\u00e9 d\u00e1lnici u\u017e sb\u00edraj\u00ed anonymizovan\u00e1 data pro autonomn\u00ed j\u00edzdu - Mzone","description":"Na d\u00e1lnici A39 mezi d\u00e1lni\u010dn\u00edmi k\u0159i\u017eovatkami Wolfsburg-K\u00f6nigslutter a Cremlingen byl 8. ledna 2020 zprovozn\u011bn sedmikilometrov\u00fd zku\u0161ebn\u00ed \u00fasek pro sledov\u00e1n\u00ed dopravy. Na \u00faseku, provozovan\u00e9m N\u011bmeck\u00fdm centrem pro letectv\u00ed a kosmonautiku (DLR), je kamerami anonymizovan\u011b zaznamen\u00e1v\u00e1na j\u00edzda r\u016fzn\u00fdch \u00fa\u010dastn\u00edk\u016f silni\u010dn\u00ed dopravy.","robots":{"index":"index","follow":"follow","max-snippet":"max-snippet:-1","max-image-preview":"max-image-preview:large","max-video-preview":"max-video-preview:-1"},"canonical":"https:\/\/www.mzone.cz\/en\/na-nemecke-dalnici-uz-sbiraji-anonymizovana-data-pro-autonomni-jizdu\/","og_locale":"en_US","og_type":"article","og_title":"Na n\u011bmeck\u00e9 d\u00e1lnici u\u017e sb\u00edraj\u00ed anonymizovan\u00e1 data pro autonomn\u00ed j\u00edzdu - Mzone","og_description":"Na d\u00e1lnici A39 mezi d\u00e1lni\u010dn\u00edmi k\u0159i\u017eovatkami Wolfsburg-K\u00f6nigslutter a Cremlingen byl 8. ledna 2020 zprovozn\u011bn sedmikilometrov\u00fd zku\u0161ebn\u00ed \u00fasek pro sledov\u00e1n\u00ed dopravy. Na \u00faseku, provozovan\u00e9m N\u011bmeck\u00fdm centrem pro letectv\u00ed a kosmonautiku (DLR), je kamerami anonymizovan\u011b zaznamen\u00e1v\u00e1na j\u00edzda r\u016fzn\u00fdch \u00fa\u010dastn\u00edk\u016f silni\u010dn\u00ed dopravy.","og_url":"https:\/\/www.mzone.cz\/en\/na-nemecke-dalnici-uz-sbiraji-anonymizovana-data-pro-autonomni-jizdu\/","og_site_name":"Mzone","article_publisher":"https:\/\/www.facebook.com\/MzoneCZ\/","article_published_time":"2020-01-29T04:00:00+00:00","og_image":[{"width":1519,"height":1013,"url":"https:\/\/www.mzone.cz\/wp-content\/uploads\/2020\/01\/D\u00e1lnice.jpg","type":"image\/jpeg"}],"author":"Mzone","twitter_card":"summary_large_image","twitter_misc":{"Written by":"Mzone","Est. reading time":"2 minutes"},"schema":{"@context":"https:\/\/schema.org","@graph":[{"@type":"Article","@id":"https:\/\/www.mzone.cz\/na-nemecke-dalnici-uz-sbiraji-anonymizovana-data-pro-autonomni-jizdu\/#article","isPartOf":{"@id":"https:\/\/www.mzone.cz\/na-nemecke-dalnici-uz-sbiraji-anonymizovana-data-pro-autonomni-jizdu\/"},"author":{"name":"Mzone","@id":"https:\/\/www.mzone.cz\/#\/schema\/person\/9bc20cc422a99cac4af6ff9297da32d4"},"headline":"Na n\u011bmeck\u00e9 d\u00e1lnici u\u017e sb\u00edraj\u00ed anonymizovan\u00e1 data pro autonomn\u00ed j\u00edzdu","datePublished":"2020-01-29T04:00:00+00:00","mainEntityOfPage":{"@id":"https:\/\/www.mzone.cz\/na-nemecke-dalnici-uz-sbiraji-anonymizovana-data-pro-autonomni-jizdu\/"},"wordCount":507,"commentCount":0,"image":{"@id":"https:\/\/www.mzone.cz\/na-nemecke-dalnici-uz-sbiraji-anonymizovana-data-pro-autonomni-jizdu\/#primaryimage"},"thumbnailUrl":"https:\/\/www.mzone.cz\/wp-content\/uploads\/2020\/01\/D\u00e1lnice.jpg","keywords":["auta","Auto","auto-moto","automobily","autonomn\u00ed j\u00edzda","budoucnost","d\u00e1lnice","data","doprava","N\u011bmecko","sb\u011br dat","Technologie"],"articleSection":["Auto-moto"],"inLanguage":"en-US","potentialAction":[{"@type":"CommentAction","name":"Comment","target":["https:\/\/www.mzone.cz\/na-nemecke-dalnici-uz-sbiraji-anonymizovana-data-pro-autonomni-jizdu\/#respond"]}]},{"@type":"WebPage","@id":"https:\/\/www.mzone.cz\/na-nemecke-dalnici-uz-sbiraji-anonymizovana-data-pro-autonomni-jizdu\/","url":"https:\/\/www.mzone.cz\/na-nemecke-dalnici-uz-sbiraji-anonymizovana-data-pro-autonomni-jizdu\/","name":"Na n\u011bmeck\u00e9 d\u00e1lnici u\u017e sb\u00edraj\u00ed anonymizovan\u00e1 data pro autonomn\u00ed j\u00edzdu - Mzone","isPartOf":{"@id":"https:\/\/www.mzone.cz\/#website"},"primaryImageOfPage":{"@id":"https:\/\/www.mzone.cz\/na-nemecke-dalnici-uz-sbiraji-anonymizovana-data-pro-autonomni-jizdu\/#primaryimage"},"image":{"@id":"https:\/\/www.mzone.cz\/na-nemecke-dalnici-uz-sbiraji-anonymizovana-data-pro-autonomni-jizdu\/#primaryimage"},"thumbnailUrl":"https:\/\/www.mzone.cz\/wp-content\/uploads\/2020\/01\/D\u00e1lnice.jpg","datePublished":"2020-01-29T04:00:00+00:00","author":{"@id":"https:\/\/www.mzone.cz\/#\/schema\/person\/9bc20cc422a99cac4af6ff9297da32d4"},"description":"Na d\u00e1lnici A39 mezi d\u00e1lni\u010dn\u00edmi k\u0159i\u017eovatkami Wolfsburg-K\u00f6nigslutter a Cremlingen byl 8. ledna 2020 zprovozn\u011bn sedmikilometrov\u00fd zku\u0161ebn\u00ed \u00fasek pro sledov\u00e1n\u00ed dopravy. Na \u00faseku, provozovan\u00e9m N\u011bmeck\u00fdm centrem pro letectv\u00ed a kosmonautiku (DLR), je kamerami anonymizovan\u011b zaznamen\u00e1v\u00e1na j\u00edzda r\u016fzn\u00fdch \u00fa\u010dastn\u00edk\u016f silni\u010dn\u00ed dopravy.","breadcrumb":{"@id":"https:\/\/www.mzone.cz\/na-nemecke-dalnici-uz-sbiraji-anonymizovana-data-pro-autonomni-jizdu\/#breadcrumb"},"inLanguage":"en-US","potentialAction":[{"@type":"ReadAction","target":["https:\/\/www.mzone.cz\/na-nemecke-dalnici-uz-sbiraji-anonymizovana-data-pro-autonomni-jizdu\/"]}]},{"@type":"ImageObject","inLanguage":"en-US","@id":"https:\/\/www.mzone.cz\/na-nemecke-dalnici-uz-sbiraji-anonymizovana-data-pro-autonomni-jizdu\/#primaryimage","url":"https:\/\/www.mzone.cz\/wp-content\/uploads\/2020\/01\/D\u00e1lnice.jpg","contentUrl":"https:\/\/www.mzone.cz\/wp-content\/uploads\/2020\/01\/D\u00e1lnice.jpg","width":1519,"height":1013},{"@type":"BreadcrumbList","@id":"https:\/\/www.mzone.cz\/na-nemecke-dalnici-uz-sbiraji-anonymizovana-data-pro-autonomni-jizdu\/#breadcrumb","itemListElement":[{"@type":"ListItem","position":1,"name":"Dom\u016f","item":"https:\/\/www.mzone.cz\/"},{"@type":"ListItem","position":2,"name":"Na n\u011bmeck\u00e9 d\u00e1lnici u\u017e sb\u00edraj\u00ed anonymizovan\u00e1 data pro autonomn\u00ed j\u00edzdu"}]},{"@type":"WebSite","@id":"https:\/\/www.mzone.cz\/#website","url":"https:\/\/www.mzone.cz\/","name":"Mzone","description":"Magaz\u00edn nejen pro mu\u017ee","potentialAction":[{"@type":"SearchAction","target":{"@type":"EntryPoint","urlTemplate":"https:\/\/www.mzone.cz\/?s={search_term_string}"},"query-input":{"@type":"PropertyValueSpecification","valueRequired":true,"valueName":"search_term_string"}}],"inLanguage":"en-US"},{"@type":"Person","@id":"https:\/\/www.mzone.cz\/#\/schema\/person\/9bc20cc422a99cac4af6ff9297da32d4","name":"Mzone","image":{"@type":"ImageObject","inLanguage":"en-US","@id":"https:\/\/secure.gravatar.com\/avatar\/e780a8630f3182a3d06dd667ab6bea151a0d155b0951bc15fe22633acdac0676?s=96&d=mm&r=g","url":"https:\/\/secure.gravatar.com\/avatar\/e780a8630f3182a3d06dd667ab6bea151a0d155b0951bc15fe22633acdac0676?s=96&d=mm&r=g","contentUrl":"https:\/\/secure.gravatar.com\/avatar\/e780a8630f3182a3d06dd667ab6bea151a0d155b0951bc15fe22633acdac0676?s=96&d=mm&r=g","caption":"Mzone"},"url":"https:\/\/www.mzone.cz\/en\/author\/jakub\/"}]}},"_links":{"self":[{"href":"https:\/\/www.mzone.cz\/en\/wp-json\/wp\/v2\/posts\/16633","targetHints":{"allow":["GET"]}}],"collection":[{"href":"https:\/\/www.mzone.cz\/en\/wp-json\/wp\/v2\/posts"}],"about":[{"href":"https:\/\/www.mzone.cz\/en\/wp-json\/wp\/v2\/types\/post"}],"author":[{"embeddable":true,"href":"https:\/\/www.mzone.cz\/en\/wp-json\/wp\/v2\/users\/4"}],"replies":[{"embeddable":true,"href":"https:\/\/www.mzone.cz\/en\/wp-json\/wp\/v2\/comments?post=16633"}],"version-history":[{"count":10,"href":"https:\/\/www.mzone.cz\/en\/wp-json\/wp\/v2\/posts\/16633\/revisions"}],"predecessor-version":[{"id":16648,"href":"https:\/\/www.mzone.cz\/en\/wp-json\/wp\/v2\/posts\/16633\/revisions\/16648"}],"wp:featuredmedia":[{"embeddable":true,"href":"https:\/\/www.mzone.cz\/en\/wp-json\/wp\/v2\/media\/16634"}],"wp:attachment":[{"href":"https:\/\/www.mzone.cz\/en\/wp-json\/wp\/v2\/media?parent=16633"}],"wp:term":[{"taxonomy":"category","embeddable":true,"href":"https:\/\/www.mzone.cz\/en\/wp-json\/wp\/v2\/categories?post=16633"},{"taxonomy":"post_tag","embeddable":true,"href":"https:\/\/www.mzone.cz\/en\/wp-json\/wp\/v2\/tags?post=16633"}],"curies":[{"name":"wp","href":"https:\/\/api.w.org\/{rel}","templated":true}]}}