{"id":16834,"date":"2020-01-12T23:10:00","date_gmt":"2020-01-12T22:10:00","guid":{"rendered":"https:\/\/www.mzone.cz\/?p=16834"},"modified":"2020-01-12T23:10:54","modified_gmt":"2020-01-12T22:10:54","slug":"smrt-na-dakaru-nejslavnejsi-rallye-sveta-prisla-o-jednoho-z-motocyklovych-zavodniku","status":"publish","type":"post","link":"https:\/\/www.mzone.cz\/en\/smrt-na-dakaru-nejslavnejsi-rallye-sveta-prisla-o-jednoho-z-motocyklovych-zavodniku\/","title":{"rendered":"Smrt na Dakaru! Nejslavn\u011bj\u0161\u00ed rallye sv\u011bta p\u0159i\u0161la o jednoho z\u00a0motocyklov\u00fdch z\u00e1vodn\u00edk\u016f"},"content":{"rendered":"<p><strong>Z&nbsp;pr\u00e1v\u011b prob\u00edhaj\u00edc\u00ed dakarsk\u00e9 rallye bohu\u017eel p\u0159i\u0161la smutn\u00e1 zpr\u00e1va. Portugalsk\u00fd motocyklista Paulo Goncalves nep\u0159e\u017eil p\u00e1d, kter\u00fd utrp\u011bl na 276. kilometru rychlostn\u00ed zkou\u0161ky. Z\u00e1chran\u00e1\u0159\u016fm se ho u\u017e bohu\u017eel ani p\u0159es rychlou pomoc nepoda\u0159ilo o\u017eivit.<\/strong><\/p><br>\n\n\n\n<p>\u010cty\u0159icetilet\u00fd z\u00e1vodn\u00edk nebyl na Dakaru \u017e\u00e1dn\u00fdm el\u00e9vem, v\u017edy\u0165 leto\u0161n\u00ed rallye pro n\u011bj byla u\u017e v&nbsp;po\u0159ad\u00ed t\u0159in\u00e1ctou \u00fa\u010dast\u00ed. V&nbsp;roce 2007 se mu dokonce poda\u0159ilo skon\u010dit na druh\u00e9m m\u00edst\u011b, co\u017e byl jeho nejlep\u0161\u00ed v\u00fdsledek.<\/p><br>\n\n\n\n<figure class=\"wp-block-embed-twitter wp-block-embed is-type-rich is-provider-twitter\"><div class=\"wp-block-embed__wrapper\">\n<blockquote class=\"twitter-tweet\" data-width=\"550\" data-dnt=\"true\"><p lang=\"en\" dir=\"ltr\">Very saddened to hear that Paolo Goncalves passed away. Sincere condolences to his family, friends and colleagues at Hero Motorsport and in the <a href=\"https:\/\/twitter.com\/dakar?ref_src=twsrc%5Etfw\">@dakar<\/a> paddock. <a href=\"https:\/\/t.co\/dBji4XdlIa\">pic.twitter.com\/dBji4XdlIa<\/a><\/p>&mdash; Matthieu Bonardel (@MiGroup_sport) <a href=\"https:\/\/twitter.com\/MiGroup_sport\/status\/1216319023291518976?ref_src=twsrc%5Etfw\">January 12, 2020<\/a><\/blockquote><script async src=\"https:\/\/platform.twitter.com\/widgets.js\" charset=\"utf-8\"><\/script>\n<\/div><\/figure><br>\n\n\n\n<p>V&nbsp;aktu\u00e1ln\u00edm ro\u010dn\u00edku nejt\u011b\u017e\u0161\u00ed rallye na sv\u011bt\u011b, kter\u00e1 se letos kon\u00e1 v&nbsp;Saudsk\u00e9 Ar\u00e1bii, u\u017e byl Goncalves bez \u0161ance na elitn\u00ed um\u00edst\u011bn\u00ed, proto\u017ee po \u0161esti etap\u00e1ch figuroval a\u017e na pr\u016fb\u011b\u017en\u00e9m 46. m\u00edst\u011b.<\/p>\n\n\n\n<blockquote class=\"wp-block-quote is-layout-flow wp-block-quote-is-layout-flow\"><p>\u201ePaulo tady z\u00e1vodil dlouh\u00e9 roky, ka\u017ed\u00fd ho znal. Byla to zn\u00e1m\u00e1 postava t\u00e9hle rallye, proto jsou to pro n\u00e1s t\u011b\u017ek\u00e9 chv\u00edle,\u201c prohl\u00e1sil smutn\u011b \u0159editel sout\u011b\u017ee David Castera.<\/p><\/blockquote>\n\n\n\n<p>Goncalves se stal u\u017e 25. ob\u011bt\u00ed dakarsk\u00e9 rallye. Naposledy zas\u00e1hla do z\u00e1vodu smrt p\u0159ed p\u011bti lety, kdy\u017e zran\u011bn\u00edm podlehl tak\u00e9 motocyklov\u00fd z\u00e1vodn\u00edk Michal Hernik z&nbsp;Polska.<\/p><br>\n\n\n\n<div class=\"wp-block-image\"><figure class=\"alignleft size-large is-resized\"><img loading=\"lazy\" decoding=\"async\" src=\"https:\/\/www.mzone.cz\/wp-content\/uploads\/2019\/12\/Volkswagen-Touareg-na-Rallye-Dakar-1024x682.jpeg\" alt=\"\" class=\"wp-image-15920\" width=\"131\" height=\"87\" srcset=\"https:\/\/www.mzone.cz\/wp-content\/uploads\/2019\/12\/Volkswagen-Touareg-na-Rallye-Dakar-1024x682.jpeg 1024w, https:\/\/www.mzone.cz\/wp-content\/uploads\/2019\/12\/Volkswagen-Touareg-na-Rallye-Dakar-300x200.jpeg 300w, https:\/\/www.mzone.cz\/wp-content\/uploads\/2019\/12\/Volkswagen-Touareg-na-Rallye-Dakar-768x512.jpeg 768w, https:\/\/www.mzone.cz\/wp-content\/uploads\/2019\/12\/Volkswagen-Touareg-na-Rallye-Dakar-1536x1023.jpeg 1536w, https:\/\/www.mzone.cz\/wp-content\/uploads\/2019\/12\/Volkswagen-Touareg-na-Rallye-Dakar-800x533.jpeg 800w, https:\/\/www.mzone.cz\/wp-content\/uploads\/2019\/12\/Volkswagen-Touareg-na-Rallye-Dakar-400x267.jpeg 400w, https:\/\/www.mzone.cz\/wp-content\/uploads\/2019\/12\/Volkswagen-Touareg-na-Rallye-Dakar-500x333.jpeg 500w, https:\/\/www.mzone.cz\/wp-content\/uploads\/2019\/12\/Volkswagen-Touareg-na-Rallye-Dakar-1170x780.jpeg 1170w, https:\/\/www.mzone.cz\/wp-content\/uploads\/2019\/12\/Volkswagen-Touareg-na-Rallye-Dakar-590x393.jpeg 590w, https:\/\/www.mzone.cz\/wp-content\/uploads\/2019\/12\/Volkswagen-Touareg-na-Rallye-Dakar.jpeg 1600w\" sizes=\"auto, (max-width: 131px) 100vw, 131px\" \/><\/figure><\/div>\n\n\n\n<h4><a href=\"https:\/\/www.mzone.cz\/je-to-vubec-mozne-seriovy-volkswagen-touareg-miri-na-rallye-dakar\/\">Je to v\u016fbec mo\u017en\u00e9? S\u00e9riov\u00fd Volkswagen Touareg m\u00ed\u0159\u00ed na Rallye Dakar!<\/a><\/h4><br>","protected":false},"excerpt":{"rendered":"<p>Z&nbsp;pr\u00e1v\u011b prob\u00edhaj\u00edc\u00ed dakarsk\u00e9 rallye bohu\u017eel p\u0159i\u0161la smutn\u00e1 zpr\u00e1va. Portugalsk\u00fd motocyklista Paulo Goncalves nep\u0159e\u017eil p\u00e1d, kter\u00fd utrp\u011bl na 276. kilometru rychlostn\u00ed zkou\u0161ky. Z\u00e1chran\u00e1\u0159\u016fm se ho u\u017e bohu\u017eel ani p\u0159es rychlou pomoc nepoda\u0159ilo o\u017eivit. \u010cty\u0159icetilet\u00fd z\u00e1vodn\u00edk nebyl na Dakaru \u017e\u00e1dn\u00fdm el\u00e9vem, v\u017edy\u0165 leto\u0161n\u00ed rallye pro n\u011bj byla u\u017e v&nbsp;po\u0159ad\u00ed t\u0159in\u00e1ctou \u00fa\u010dast\u00ed. V&nbsp;roce 2007 se mu dokonce poda\u0159ilo [&hellip;]<\/p>\n","protected":false},"author":4,"featured_media":16839,"comment_status":"open","ping_status":"closed","sticky":false,"template":"","format":"standard","meta":{"kk_blocks_editor_width":"","_kiokenblocks_attr":"","_kiokenblocks_dimensions":"","footnotes":""},"categories":[69],"tags":[877,875,636,733,770,1919,3289,2085,2083,307,42,256],"class_list":["post-16834","post","type-post","status-publish","format-standard","has-post-thumbnail","hentry","category-auto-moto","tag-afrika","tag-dakar","tag-motorsport","tag-nehoda","tag-nestesti","tag-pad","tag-paulo-goncalves","tag-rally","tag-rallye","tag-smrt","tag-sport","tag-umrti"],"yoast_head":"<!-- This site is optimized with the Yoast SEO plugin v27.5 - https:\/\/yoast.com\/product\/yoast-seo-wordpress\/ -->\n<title>Smrt na Dakaru! Nejslavn\u011bj\u0161\u00ed rallye sv\u011bta p\u0159i\u0161la o jednoho z\u00a0motocyklov\u00fdch z\u00e1vodn\u00edk\u016f - Mzone<\/title>\n<meta name=\"description\" content=\"Z\u00a0pr\u00e1v\u011b prob\u00edhaj\u00edc\u00ed dakarsk\u00e9 rallye bohu\u017eel p\u0159i\u0161la smutn\u00e1 zpr\u00e1va. Portugalsk\u00fd motocyklista Paulo Goncalves nep\u0159e\u017eil p\u00e1d, kter\u00fd utrp\u011bl na 276. kilometru rychlostn\u00ed zkou\u0161ky. Z\u00e1chran\u00e1\u0159\u016fm se ho u\u017e bohu\u017eel ani p\u0159es rychlou pomoc nepoda\u0159ilo o\u017eivit.\" \/>\n<meta name=\"robots\" content=\"index, follow, max-snippet:-1, max-image-preview:large, max-video-preview:-1\" \/>\n<link rel=\"canonical\" href=\"https:\/\/www.mzone.cz\/en\/smrt-na-dakaru-nejslavnejsi-rallye-sveta-prisla-o-jednoho-z-motocyklovych-zavodniku\/\" \/>\n<meta property=\"og:locale\" content=\"en_US\" \/>\n<meta property=\"og:type\" content=\"article\" \/>\n<meta property=\"og:title\" content=\"Smrt na Dakaru! Nejslavn\u011bj\u0161\u00ed rallye sv\u011bta p\u0159i\u0161la o jednoho z\u00a0motocyklov\u00fdch z\u00e1vodn\u00edk\u016f - Mzone\" \/>\n<meta property=\"og:description\" content=\"Z\u00a0pr\u00e1v\u011b prob\u00edhaj\u00edc\u00ed dakarsk\u00e9 rallye bohu\u017eel p\u0159i\u0161la smutn\u00e1 zpr\u00e1va. Portugalsk\u00fd motocyklista Paulo Goncalves nep\u0159e\u017eil p\u00e1d, kter\u00fd utrp\u011bl na 276. kilometru rychlostn\u00ed zkou\u0161ky. Z\u00e1chran\u00e1\u0159\u016fm se ho u\u017e bohu\u017eel ani p\u0159es rychlou pomoc nepoda\u0159ilo o\u017eivit.\" \/>\n<meta property=\"og:url\" content=\"https:\/\/www.mzone.cz\/en\/smrt-na-dakaru-nejslavnejsi-rallye-sveta-prisla-o-jednoho-z-motocyklovych-zavodniku\/\" \/>\n<meta property=\"og:site_name\" content=\"Mzone\" \/>\n<meta property=\"article:publisher\" content=\"https:\/\/www.facebook.com\/MzoneCZ\/\" \/>\n<meta property=\"article:published_time\" content=\"2020-01-12T22:10:00+00:00\" \/>\n<meta property=\"article:modified_time\" content=\"2020-01-12T22:10:54+00:00\" \/>\n<meta property=\"og:image\" content=\"https:\/\/www.mzone.cz\/wp-content\/uploads\/2020\/01\/Paulo-Goncalves.jpg\" \/>\n\t<meta property=\"og:image:width\" content=\"708\" \/>\n\t<meta property=\"og:image:height\" content=\"472\" \/>\n\t<meta property=\"og:image:type\" content=\"image\/jpeg\" \/>\n<meta name=\"author\" content=\"Mzone\" \/>\n<meta name=\"twitter:card\" content=\"summary_large_image\" \/>\n<meta name=\"twitter:label1\" content=\"Written by\" \/>\n\t<meta name=\"twitter:data1\" content=\"Mzone\" \/>\n\t<meta name=\"twitter:label2\" content=\"Est. reading time\" \/>\n\t<meta name=\"twitter:data2\" content=\"1 minute\" \/>\n<script type=\"application\/ld+json\" class=\"yoast-schema-graph\">{\"@context\":\"https:\\\/\\\/schema.org\",\"@graph\":[{\"@type\":\"Article\",\"@id\":\"https:\\\/\\\/www.mzone.cz\\\/smrt-na-dakaru-nejslavnejsi-rallye-sveta-prisla-o-jednoho-z-motocyklovych-zavodniku\\\/#article\",\"isPartOf\":{\"@id\":\"https:\\\/\\\/www.mzone.cz\\\/smrt-na-dakaru-nejslavnejsi-rallye-sveta-prisla-o-jednoho-z-motocyklovych-zavodniku\\\/\"},\"author\":{\"name\":\"Mzone\",\"@id\":\"https:\\\/\\\/www.mzone.cz\\\/#\\\/schema\\\/person\\\/9bc20cc422a99cac4af6ff9297da32d4\"},\"headline\":\"Smrt na Dakaru! Nejslavn\u011bj\u0161\u00ed rallye sv\u011bta p\u0159i\u0161la o jednoho z\u00a0motocyklov\u00fdch z\u00e1vodn\u00edk\u016f\",\"datePublished\":\"2020-01-12T22:10:00+00:00\",\"dateModified\":\"2020-01-12T22:10:54+00:00\",\"mainEntityOfPage\":{\"@id\":\"https:\\\/\\\/www.mzone.cz\\\/smrt-na-dakaru-nejslavnejsi-rallye-sveta-prisla-o-jednoho-z-motocyklovych-zavodniku\\\/\"},\"wordCount\":260,\"commentCount\":0,\"image\":{\"@id\":\"https:\\\/\\\/www.mzone.cz\\\/smrt-na-dakaru-nejslavnejsi-rallye-sveta-prisla-o-jednoho-z-motocyklovych-zavodniku\\\/#primaryimage\"},\"thumbnailUrl\":\"https:\\\/\\\/www.mzone.cz\\\/wp-content\\\/uploads\\\/2020\\\/01\\\/Paulo-Goncalves.jpg\",\"keywords\":[\"Afrika\",\"Dakar\",\"motorsport\",\"nehoda\",\"ne\u0161t\u011bst\u00ed\",\"p\u00e1d\",\"Paulo Goncalves\",\"rally\",\"rallye\",\"smrt\",\"Sport\",\"\u00famrt\u00ed\"],\"articleSection\":[\"Auto-moto\"],\"inLanguage\":\"en-US\",\"potentialAction\":[{\"@type\":\"CommentAction\",\"name\":\"Comment\",\"target\":[\"https:\\\/\\\/www.mzone.cz\\\/smrt-na-dakaru-nejslavnejsi-rallye-sveta-prisla-o-jednoho-z-motocyklovych-zavodniku\\\/#respond\"]}]},{\"@type\":\"WebPage\",\"@id\":\"https:\\\/\\\/www.mzone.cz\\\/smrt-na-dakaru-nejslavnejsi-rallye-sveta-prisla-o-jednoho-z-motocyklovych-zavodniku\\\/\",\"url\":\"https:\\\/\\\/www.mzone.cz\\\/smrt-na-dakaru-nejslavnejsi-rallye-sveta-prisla-o-jednoho-z-motocyklovych-zavodniku\\\/\",\"name\":\"Smrt na Dakaru! Nejslavn\u011bj\u0161\u00ed rallye sv\u011bta p\u0159i\u0161la o jednoho z\u00a0motocyklov\u00fdch z\u00e1vodn\u00edk\u016f - Mzone\",\"isPartOf\":{\"@id\":\"https:\\\/\\\/www.mzone.cz\\\/#website\"},\"primaryImageOfPage\":{\"@id\":\"https:\\\/\\\/www.mzone.cz\\\/smrt-na-dakaru-nejslavnejsi-rallye-sveta-prisla-o-jednoho-z-motocyklovych-zavodniku\\\/#primaryimage\"},\"image\":{\"@id\":\"https:\\\/\\\/www.mzone.cz\\\/smrt-na-dakaru-nejslavnejsi-rallye-sveta-prisla-o-jednoho-z-motocyklovych-zavodniku\\\/#primaryimage\"},\"thumbnailUrl\":\"https:\\\/\\\/www.mzone.cz\\\/wp-content\\\/uploads\\\/2020\\\/01\\\/Paulo-Goncalves.jpg\",\"datePublished\":\"2020-01-12T22:10:00+00:00\",\"dateModified\":\"2020-01-12T22:10:54+00:00\",\"author\":{\"@id\":\"https:\\\/\\\/www.mzone.cz\\\/#\\\/schema\\\/person\\\/9bc20cc422a99cac4af6ff9297da32d4\"},\"description\":\"Z\u00a0pr\u00e1v\u011b prob\u00edhaj\u00edc\u00ed dakarsk\u00e9 rallye bohu\u017eel p\u0159i\u0161la smutn\u00e1 zpr\u00e1va. Portugalsk\u00fd motocyklista Paulo Goncalves nep\u0159e\u017eil p\u00e1d, kter\u00fd utrp\u011bl na 276. kilometru rychlostn\u00ed zkou\u0161ky. Z\u00e1chran\u00e1\u0159\u016fm se ho u\u017e bohu\u017eel ani p\u0159es rychlou pomoc nepoda\u0159ilo o\u017eivit.\",\"breadcrumb\":{\"@id\":\"https:\\\/\\\/www.mzone.cz\\\/smrt-na-dakaru-nejslavnejsi-rallye-sveta-prisla-o-jednoho-z-motocyklovych-zavodniku\\\/#breadcrumb\"},\"inLanguage\":\"en-US\",\"potentialAction\":[{\"@type\":\"ReadAction\",\"target\":[\"https:\\\/\\\/www.mzone.cz\\\/smrt-na-dakaru-nejslavnejsi-rallye-sveta-prisla-o-jednoho-z-motocyklovych-zavodniku\\\/\"]}]},{\"@type\":\"ImageObject\",\"inLanguage\":\"en-US\",\"@id\":\"https:\\\/\\\/www.mzone.cz\\\/smrt-na-dakaru-nejslavnejsi-rallye-sveta-prisla-o-jednoho-z-motocyklovych-zavodniku\\\/#primaryimage\",\"url\":\"https:\\\/\\\/www.mzone.cz\\\/wp-content\\\/uploads\\\/2020\\\/01\\\/Paulo-Goncalves.jpg\",\"contentUrl\":\"https:\\\/\\\/www.mzone.cz\\\/wp-content\\\/uploads\\\/2020\\\/01\\\/Paulo-Goncalves.jpg\",\"width\":708,\"height\":472},{\"@type\":\"BreadcrumbList\",\"@id\":\"https:\\\/\\\/www.mzone.cz\\\/smrt-na-dakaru-nejslavnejsi-rallye-sveta-prisla-o-jednoho-z-motocyklovych-zavodniku\\\/#breadcrumb\",\"itemListElement\":[{\"@type\":\"ListItem\",\"position\":1,\"name\":\"Dom\u016f\",\"item\":\"https:\\\/\\\/www.mzone.cz\\\/\"},{\"@type\":\"ListItem\",\"position\":2,\"name\":\"Smrt na Dakaru! Nejslavn\u011bj\u0161\u00ed rallye sv\u011bta p\u0159i\u0161la o jednoho z\u00a0motocyklov\u00fdch z\u00e1vodn\u00edk\u016f\"}]},{\"@type\":\"WebSite\",\"@id\":\"https:\\\/\\\/www.mzone.cz\\\/#website\",\"url\":\"https:\\\/\\\/www.mzone.cz\\\/\",\"name\":\"Mzone\",\"description\":\"Magaz\u00edn nejen pro mu\u017ee\",\"potentialAction\":[{\"@type\":\"SearchAction\",\"target\":{\"@type\":\"EntryPoint\",\"urlTemplate\":\"https:\\\/\\\/www.mzone.cz\\\/?s={search_term_string}\"},\"query-input\":{\"@type\":\"PropertyValueSpecification\",\"valueRequired\":true,\"valueName\":\"search_term_string\"}}],\"inLanguage\":\"en-US\"},{\"@type\":\"Person\",\"@id\":\"https:\\\/\\\/www.mzone.cz\\\/#\\\/schema\\\/person\\\/9bc20cc422a99cac4af6ff9297da32d4\",\"name\":\"Mzone\",\"image\":{\"@type\":\"ImageObject\",\"inLanguage\":\"en-US\",\"@id\":\"https:\\\/\\\/secure.gravatar.com\\\/avatar\\\/e780a8630f3182a3d06dd667ab6bea151a0d155b0951bc15fe22633acdac0676?s=96&d=mm&r=g\",\"url\":\"https:\\\/\\\/secure.gravatar.com\\\/avatar\\\/e780a8630f3182a3d06dd667ab6bea151a0d155b0951bc15fe22633acdac0676?s=96&d=mm&r=g\",\"contentUrl\":\"https:\\\/\\\/secure.gravatar.com\\\/avatar\\\/e780a8630f3182a3d06dd667ab6bea151a0d155b0951bc15fe22633acdac0676?s=96&d=mm&r=g\",\"caption\":\"Mzone\"},\"url\":\"https:\\\/\\\/www.mzone.cz\\\/en\\\/author\\\/jakub\\\/\"}]}<\/script>\n<!-- \/ Yoast SEO plugin. -->","yoast_head_json":{"title":"Smrt na Dakaru! Nejslavn\u011bj\u0161\u00ed rallye sv\u011bta p\u0159i\u0161la o jednoho z\u00a0motocyklov\u00fdch z\u00e1vodn\u00edk\u016f - Mzone","description":"Z\u00a0pr\u00e1v\u011b prob\u00edhaj\u00edc\u00ed dakarsk\u00e9 rallye bohu\u017eel p\u0159i\u0161la smutn\u00e1 zpr\u00e1va. Portugalsk\u00fd motocyklista Paulo Goncalves nep\u0159e\u017eil p\u00e1d, kter\u00fd utrp\u011bl na 276. kilometru rychlostn\u00ed zkou\u0161ky. Z\u00e1chran\u00e1\u0159\u016fm se ho u\u017e bohu\u017eel ani p\u0159es rychlou pomoc nepoda\u0159ilo o\u017eivit.","robots":{"index":"index","follow":"follow","max-snippet":"max-snippet:-1","max-image-preview":"max-image-preview:large","max-video-preview":"max-video-preview:-1"},"canonical":"https:\/\/www.mzone.cz\/en\/smrt-na-dakaru-nejslavnejsi-rallye-sveta-prisla-o-jednoho-z-motocyklovych-zavodniku\/","og_locale":"en_US","og_type":"article","og_title":"Smrt na Dakaru! Nejslavn\u011bj\u0161\u00ed rallye sv\u011bta p\u0159i\u0161la o jednoho z\u00a0motocyklov\u00fdch z\u00e1vodn\u00edk\u016f - Mzone","og_description":"Z\u00a0pr\u00e1v\u011b prob\u00edhaj\u00edc\u00ed dakarsk\u00e9 rallye bohu\u017eel p\u0159i\u0161la smutn\u00e1 zpr\u00e1va. Portugalsk\u00fd motocyklista Paulo Goncalves nep\u0159e\u017eil p\u00e1d, kter\u00fd utrp\u011bl na 276. kilometru rychlostn\u00ed zkou\u0161ky. Z\u00e1chran\u00e1\u0159\u016fm se ho u\u017e bohu\u017eel ani p\u0159es rychlou pomoc nepoda\u0159ilo o\u017eivit.","og_url":"https:\/\/www.mzone.cz\/en\/smrt-na-dakaru-nejslavnejsi-rallye-sveta-prisla-o-jednoho-z-motocyklovych-zavodniku\/","og_site_name":"Mzone","article_publisher":"https:\/\/www.facebook.com\/MzoneCZ\/","article_published_time":"2020-01-12T22:10:00+00:00","article_modified_time":"2020-01-12T22:10:54+00:00","og_image":[{"width":708,"height":472,"url":"https:\/\/www.mzone.cz\/wp-content\/uploads\/2020\/01\/Paulo-Goncalves.jpg","type":"image\/jpeg"}],"author":"Mzone","twitter_card":"summary_large_image","twitter_misc":{"Written by":"Mzone","Est. reading time":"1 minute"},"schema":{"@context":"https:\/\/schema.org","@graph":[{"@type":"Article","@id":"https:\/\/www.mzone.cz\/smrt-na-dakaru-nejslavnejsi-rallye-sveta-prisla-o-jednoho-z-motocyklovych-zavodniku\/#article","isPartOf":{"@id":"https:\/\/www.mzone.cz\/smrt-na-dakaru-nejslavnejsi-rallye-sveta-prisla-o-jednoho-z-motocyklovych-zavodniku\/"},"author":{"name":"Mzone","@id":"https:\/\/www.mzone.cz\/#\/schema\/person\/9bc20cc422a99cac4af6ff9297da32d4"},"headline":"Smrt na Dakaru! Nejslavn\u011bj\u0161\u00ed rallye sv\u011bta p\u0159i\u0161la o jednoho z\u00a0motocyklov\u00fdch z\u00e1vodn\u00edk\u016f","datePublished":"2020-01-12T22:10:00+00:00","dateModified":"2020-01-12T22:10:54+00:00","mainEntityOfPage":{"@id":"https:\/\/www.mzone.cz\/smrt-na-dakaru-nejslavnejsi-rallye-sveta-prisla-o-jednoho-z-motocyklovych-zavodniku\/"},"wordCount":260,"commentCount":0,"image":{"@id":"https:\/\/www.mzone.cz\/smrt-na-dakaru-nejslavnejsi-rallye-sveta-prisla-o-jednoho-z-motocyklovych-zavodniku\/#primaryimage"},"thumbnailUrl":"https:\/\/www.mzone.cz\/wp-content\/uploads\/2020\/01\/Paulo-Goncalves.jpg","keywords":["Afrika","Dakar","motorsport","nehoda","ne\u0161t\u011bst\u00ed","p\u00e1d","Paulo Goncalves","rally","rallye","smrt","Sport","\u00famrt\u00ed"],"articleSection":["Auto-moto"],"inLanguage":"en-US","potentialAction":[{"@type":"CommentAction","name":"Comment","target":["https:\/\/www.mzone.cz\/smrt-na-dakaru-nejslavnejsi-rallye-sveta-prisla-o-jednoho-z-motocyklovych-zavodniku\/#respond"]}]},{"@type":"WebPage","@id":"https:\/\/www.mzone.cz\/smrt-na-dakaru-nejslavnejsi-rallye-sveta-prisla-o-jednoho-z-motocyklovych-zavodniku\/","url":"https:\/\/www.mzone.cz\/smrt-na-dakaru-nejslavnejsi-rallye-sveta-prisla-o-jednoho-z-motocyklovych-zavodniku\/","name":"Smrt na Dakaru! Nejslavn\u011bj\u0161\u00ed rallye sv\u011bta p\u0159i\u0161la o jednoho z\u00a0motocyklov\u00fdch z\u00e1vodn\u00edk\u016f - Mzone","isPartOf":{"@id":"https:\/\/www.mzone.cz\/#website"},"primaryImageOfPage":{"@id":"https:\/\/www.mzone.cz\/smrt-na-dakaru-nejslavnejsi-rallye-sveta-prisla-o-jednoho-z-motocyklovych-zavodniku\/#primaryimage"},"image":{"@id":"https:\/\/www.mzone.cz\/smrt-na-dakaru-nejslavnejsi-rallye-sveta-prisla-o-jednoho-z-motocyklovych-zavodniku\/#primaryimage"},"thumbnailUrl":"https:\/\/www.mzone.cz\/wp-content\/uploads\/2020\/01\/Paulo-Goncalves.jpg","datePublished":"2020-01-12T22:10:00+00:00","dateModified":"2020-01-12T22:10:54+00:00","author":{"@id":"https:\/\/www.mzone.cz\/#\/schema\/person\/9bc20cc422a99cac4af6ff9297da32d4"},"description":"Z\u00a0pr\u00e1v\u011b prob\u00edhaj\u00edc\u00ed dakarsk\u00e9 rallye bohu\u017eel p\u0159i\u0161la smutn\u00e1 zpr\u00e1va. Portugalsk\u00fd motocyklista Paulo Goncalves nep\u0159e\u017eil p\u00e1d, kter\u00fd utrp\u011bl na 276. kilometru rychlostn\u00ed zkou\u0161ky. Z\u00e1chran\u00e1\u0159\u016fm se ho u\u017e bohu\u017eel ani p\u0159es rychlou pomoc nepoda\u0159ilo o\u017eivit.","breadcrumb":{"@id":"https:\/\/www.mzone.cz\/smrt-na-dakaru-nejslavnejsi-rallye-sveta-prisla-o-jednoho-z-motocyklovych-zavodniku\/#breadcrumb"},"inLanguage":"en-US","potentialAction":[{"@type":"ReadAction","target":["https:\/\/www.mzone.cz\/smrt-na-dakaru-nejslavnejsi-rallye-sveta-prisla-o-jednoho-z-motocyklovych-zavodniku\/"]}]},{"@type":"ImageObject","inLanguage":"en-US","@id":"https:\/\/www.mzone.cz\/smrt-na-dakaru-nejslavnejsi-rallye-sveta-prisla-o-jednoho-z-motocyklovych-zavodniku\/#primaryimage","url":"https:\/\/www.mzone.cz\/wp-content\/uploads\/2020\/01\/Paulo-Goncalves.jpg","contentUrl":"https:\/\/www.mzone.cz\/wp-content\/uploads\/2020\/01\/Paulo-Goncalves.jpg","width":708,"height":472},{"@type":"BreadcrumbList","@id":"https:\/\/www.mzone.cz\/smrt-na-dakaru-nejslavnejsi-rallye-sveta-prisla-o-jednoho-z-motocyklovych-zavodniku\/#breadcrumb","itemListElement":[{"@type":"ListItem","position":1,"name":"Dom\u016f","item":"https:\/\/www.mzone.cz\/"},{"@type":"ListItem","position":2,"name":"Smrt na Dakaru! Nejslavn\u011bj\u0161\u00ed rallye sv\u011bta p\u0159i\u0161la o jednoho z\u00a0motocyklov\u00fdch z\u00e1vodn\u00edk\u016f"}]},{"@type":"WebSite","@id":"https:\/\/www.mzone.cz\/#website","url":"https:\/\/www.mzone.cz\/","name":"Mzone","description":"Magaz\u00edn nejen pro mu\u017ee","potentialAction":[{"@type":"SearchAction","target":{"@type":"EntryPoint","urlTemplate":"https:\/\/www.mzone.cz\/?s={search_term_string}"},"query-input":{"@type":"PropertyValueSpecification","valueRequired":true,"valueName":"search_term_string"}}],"inLanguage":"en-US"},{"@type":"Person","@id":"https:\/\/www.mzone.cz\/#\/schema\/person\/9bc20cc422a99cac4af6ff9297da32d4","name":"Mzone","image":{"@type":"ImageObject","inLanguage":"en-US","@id":"https:\/\/secure.gravatar.com\/avatar\/e780a8630f3182a3d06dd667ab6bea151a0d155b0951bc15fe22633acdac0676?s=96&d=mm&r=g","url":"https:\/\/secure.gravatar.com\/avatar\/e780a8630f3182a3d06dd667ab6bea151a0d155b0951bc15fe22633acdac0676?s=96&d=mm&r=g","contentUrl":"https:\/\/secure.gravatar.com\/avatar\/e780a8630f3182a3d06dd667ab6bea151a0d155b0951bc15fe22633acdac0676?s=96&d=mm&r=g","caption":"Mzone"},"url":"https:\/\/www.mzone.cz\/en\/author\/jakub\/"}]}},"_links":{"self":[{"href":"https:\/\/www.mzone.cz\/en\/wp-json\/wp\/v2\/posts\/16834","targetHints":{"allow":["GET"]}}],"collection":[{"href":"https:\/\/www.mzone.cz\/en\/wp-json\/wp\/v2\/posts"}],"about":[{"href":"https:\/\/www.mzone.cz\/en\/wp-json\/wp\/v2\/types\/post"}],"author":[{"embeddable":true,"href":"https:\/\/www.mzone.cz\/en\/wp-json\/wp\/v2\/users\/4"}],"replies":[{"embeddable":true,"href":"https:\/\/www.mzone.cz\/en\/wp-json\/wp\/v2\/comments?post=16834"}],"version-history":[{"count":5,"href":"https:\/\/www.mzone.cz\/en\/wp-json\/wp\/v2\/posts\/16834\/revisions"}],"predecessor-version":[{"id":16843,"href":"https:\/\/www.mzone.cz\/en\/wp-json\/wp\/v2\/posts\/16834\/revisions\/16843"}],"wp:featuredmedia":[{"embeddable":true,"href":"https:\/\/www.mzone.cz\/en\/wp-json\/wp\/v2\/media\/16839"}],"wp:attachment":[{"href":"https:\/\/www.mzone.cz\/en\/wp-json\/wp\/v2\/media?parent=16834"}],"wp:term":[{"taxonomy":"category","embeddable":true,"href":"https:\/\/www.mzone.cz\/en\/wp-json\/wp\/v2\/categories?post=16834"},{"taxonomy":"post_tag","embeddable":true,"href":"https:\/\/www.mzone.cz\/en\/wp-json\/wp\/v2\/tags?post=16834"}],"curies":[{"name":"wp","href":"https:\/\/api.w.org\/{rel}","templated":true}]}}