{"id":16871,"date":"2026-04-29T11:00:00","date_gmt":"2026-04-29T09:00:00","guid":{"rendered":"https:\/\/www.mzone.cz\/?p=16871"},"modified":"2026-04-29T11:30:46","modified_gmt":"2026-04-29T09:30:46","slug":"nejbrutalnejsi-seriovi-vrazi-nasi-zeme","status":"publish","type":"post","link":"https:\/\/www.mzone.cz\/en\/nejbrutalnejsi-seriovi-vrazi-nasi-zeme\/","title":{"rendered":"T\u0159i nejbrut\u00e1ln\u011bj\u0161\u00ed s\u00e9riov\u00ed vrazi v d\u011bjin\u00e1ch na\u0161\u00ed zem\u011b: Vra\u017edili nevinn\u00e9 a sami skon\u010dili na popravi\u0161ti"},"content":{"rendered":"<p><strong>I v na\u0161\u00ed \u010desk\u00e9 kotlin\u011b se na\u0161ly skute\u010dn\u00e9 lidsk\u00e9 bestie, jejich\u017e \u010diny p\u0159ed\u010dily i ten nejkrvav\u011bj\u0161\u00ed horor. Za s\u00e9riov\u00e9ho vraha je pova\u017eov\u00e1n \u010dlov\u011bk, kter\u00fd z\u00e1m\u011brn\u011b zabije t\u0159i nebo v\u00edce lid\u00ed ve t\u0159ech nebo v\u00edce odd\u011blen\u00fdch p\u0159\u00edpadech. Mezi jednotliv\u00fdmi ud\u00e1lostmi mohou b\u00fdt mezery o d\u00e9lce n\u011bkolika hodin, ale t\u0159eba i let. Krom\u011b toho, \u017ee zab\u00edj\u00ed opakovan\u011b, je pro n\u011bj typick\u00e9 vystavov\u00e1n\u00ed si sv\u00fdch \u201etrofej\u00ed\u201c. Zab\u00edjen\u00ed jim d\u011bl\u00e1 dob\u0159e, jeliko\u017e vyhled\u00e1vaj\u00ed sl\u00e1vu a dominanci. S\u00e9riov\u00fdm vrah\u016fm chyb\u00ed soci\u00e1ln\u00ed c\u00edt\u011bn\u00ed a mnohdy i zdrav\u00fd rozum. Poznejte s n\u00e1mi ty nejhor\u0161\u00ed zr\u016fdy, poch\u00e1zej\u00edc\u00ed z oblasti \u010cech a Moravy, se\u0159azen\u00e9 podle brutality vyj\u00e1d\u0159en\u00e9 po\u010dtem ob\u011bt\u00ed.<\/strong><\/p><br>\n\n\n\n<h2 class=\"wp-block-heading\">Martin Roh\u00e1\u010d<\/h2>\n\n\n\n<p>Martin Roh\u00e1\u010d byl \u010desk\u00fd voj\u00e1k a pozd\u011bji i loupe\u017en\u00edk a vrah s historicky nejv\u011bt\u0161\u00edm po\u010dtem ob\u011bt\u00ed v \u010cesk\u00fdch zem\u00edch. Poch\u00e1zel z Velk\u00e9 B\u00edte\u0161e.<\/p>\n\n\n\n<blockquote class=\"wp-block-quote is-layout-flow wp-block-quote-is-layout-flow\"><p>Se svou loupe\u017enickou skupinou&nbsp;zavra\u017edil&nbsp;v letech 1568-1571&nbsp;59 lid\u00ed.<\/p><\/blockquote>\n\n\n\n<p>Jako voj\u00e1k se z\u00fa\u010dastnil v\u00e1lky s Tureckem, kter\u00e1 skon\u010dila uzav\u0159en\u00edm Drinopolsk\u00e9ho m\u00edru a Roh\u00e1\u010d byl propu\u0161t\u011bn ze slu\u017eby. Spole\u010dn\u011b s n\u011bkolika dal\u0161\u00edmi voj\u00e1ky za\u010dal loupit a vra\u017edit. Jejich ob\u011b\u0165mi byli p\u0159edev\u0161\u00edm bezbrann\u00ed kupci a \u0159emesln\u00edci, kter\u00fdm kradli pen\u00edze, zbo\u017e\u00ed a zpravidla i od\u011bv.<\/p><br>\n\n\n\n<figure class=\"wp-block-image size-large\"><img loading=\"lazy\" decoding=\"async\" width=\"678\" height=\"381\" src=\"https:\/\/www.mzone.cz\/wp-content\/uploads\/2020\/01\/photocat-7.jpg\" alt=\"\" class=\"wp-image-16877\" srcset=\"https:\/\/www.mzone.cz\/wp-content\/uploads\/2020\/01\/photocat-7.jpg 678w, https:\/\/www.mzone.cz\/wp-content\/uploads\/2020\/01\/photocat-7-300x169.jpg 300w, https:\/\/www.mzone.cz\/wp-content\/uploads\/2020\/01\/photocat-7-590x332.jpg 590w\" sizes=\"auto, (max-width: 678px) 100vw, 678px\" \/><\/figure><br>\n\n\n\n<p>Prvn\u00ed jejich vra\u017edy byly sp\u00e1ch\u00e1ny ji\u017e v Sedmihradsku, kde Roh\u00e1\u010dov\u011b skupin\u011b padli za ob\u011b\u0165 4 lid\u00e9. Ti byli okradeni o 24 zlat\u00fdch a od\u011bv. Dal\u0161\u00ed ob\u011bt\u00ed byl kupec nedaleko V\u00eddn\u011b.&nbsp;N\u00e1sleduj\u00edc\u00ed vra\u017edy p\u00e1chali jak na Slovensku, tak na \u00fazem\u00ed cel\u00e9 Moravy&nbsp;a v\u017edy m\u011bly loupe\u017en\u00fd motiv.<\/p><br>\n\n\n\n<p>Postupn\u011b z Roh\u00e1\u010dov\u00fdch kump\u00e1n\u016f z\u016fstali pouze <strong>Mikul\u00e1\u0161 Mi\u010da<\/strong> z P\u0159edkl\u00e1\u0161te\u0159\u00ed u Ti\u0161nova a <strong>Jan \u010cech<\/strong>. Jejich krutost se je\u0161t\u011b zv\u00fd\u0161ila.<\/p>\n\n\n\n<blockquote class=\"wp-block-quote is-layout-flow wp-block-quote-is-layout-flow\"><p>Nap\u0159\u00edklad u M\u011bln\u00edka, za \u010c\u00e1slav\u00ed a u Chrudimi&nbsp;zavra\u017edili 3 t\u011bhotn\u00e9 \u017eeny, vy\u0159ezali z nich \u010dty\u0159i plody a nenarozen\u00fdm d\u011btem vy\u0148ali srdce, pl\u00edce a j\u00e1tra, kter\u00e1 uva\u0159ili a sn\u011bdli.<\/p><\/blockquote>\n\n\n\n<p>V\u011b\u0159ili, \u017ee jim to dod\u00e1 odvahu a budou moci d\u00e9le loupit a vra\u017edit. Roku 1571 byl v Ti\u0161nov\u011b dopaden Mikul\u00e1\u0161 M\u00ed\u010da. Ten se na mu\u010didlech p\u0159iznal a brzy pot\u00e9 byl ve Velk\u00e9 B\u00edte\u0161i zat\u010den i Roh\u00e1\u010d. Skon\u010dil na mu\u010didlech, kde se ke sv\u00fdm zlo\u010din\u016fm takt\u00e9\u017e p\u0159iznal. Dne 7. \u00fanora 1571 byl nad Martinem Roh\u00e1\u010dem vynesen rozsudek a o deset dn\u00ed pozd\u011bji byl&nbsp;popraven brn\u011bnsk\u00fdm katem.<\/p><br>\n\n\n\n<h2 class=\"wp-block-heading\">Kate\u0159ina z Kom\u00e1rova<\/h2>\n\n\n\n<p>Kate\u0159ina z Kom\u00e1rova, provdan\u00e1 Bechy\u0148ov\u00e1 z La\u017ean,&nbsp;je dnes ji\u017e nep\u0159\u00edli\u0161 zn\u00e1mou \u0161lechti\u010dnou 16. stolet\u00ed, kter\u00e1 proslula ve sv\u00e9 dob\u011b brut\u00e1ln\u00edmi&nbsp;vra\u017edami sv\u00fdch poddan\u00fdch&nbsp;a u kter\u00e9 se nab\u00edz\u00ed srovn\u00e1n\u00ed s mnohem zn\u00e1m\u011bj\u0161\u00ed <strong>Al\u017eb\u011btou B\u00e1thoryovou<\/strong>.<\/p><br>\n\n\n\n<div class=\"wp-block-image\"><figure class=\"alignleft size-large is-resized\"><img loading=\"lazy\" decoding=\"async\" src=\"https:\/\/www.mzone.cz\/wp-content\/uploads\/2019\/09\/Depositphotos_12283203_l-2015-1024x682.jpg\" alt=\"\" class=\"wp-image-11260\" width=\"123\" height=\"82\" srcset=\"https:\/\/www.mzone.cz\/wp-content\/uploads\/2019\/09\/Depositphotos_12283203_l-2015-1024x682.jpg 1024w, https:\/\/www.mzone.cz\/wp-content\/uploads\/2019\/09\/Depositphotos_12283203_l-2015-300x200.jpg 300w, https:\/\/www.mzone.cz\/wp-content\/uploads\/2019\/09\/Depositphotos_12283203_l-2015-768x512.jpg 768w, https:\/\/www.mzone.cz\/wp-content\/uploads\/2019\/09\/Depositphotos_12283203_l-2015-800x533.jpg 800w, https:\/\/www.mzone.cz\/wp-content\/uploads\/2019\/09\/Depositphotos_12283203_l-2015-400x267.jpg 400w, https:\/\/www.mzone.cz\/wp-content\/uploads\/2019\/09\/Depositphotos_12283203_l-2015-500x333.jpg 500w, https:\/\/www.mzone.cz\/wp-content\/uploads\/2019\/09\/Depositphotos_12283203_l-2015-1170x780.jpg 1170w, https:\/\/www.mzone.cz\/wp-content\/uploads\/2019\/09\/Depositphotos_12283203_l-2015-590x393.jpg 590w, https:\/\/www.mzone.cz\/wp-content\/uploads\/2019\/09\/Depositphotos_12283203_l-2015.jpg 2000w\" sizes=\"auto, (max-width: 123px) 100vw, 123px\" \/><\/figure><\/div>\n\n\n\n<h4><a href=\"https:\/\/www.mzone.cz\/seriovy-versus-masovy-vrah-v-nazvoslovi-leckdy-tapou-i-samotni-tvurci-detektivek\/\">S\u00e9riov\u00fd versus masov\u00fd vrah: V n\u00e1zvoslov\u00ed leckdy t\u00e1pou i samotn\u00ed tv\u016frci detektivek<\/a><\/h4><br>\n\n\n\n<p>Kate\u0159ina poch\u00e1zela z nep\u0159\u00edli\u0161 v\u00fdznamn\u00e9ho rodu p\u00e1n\u016f z Kom\u00e1rova. Jej\u00edm man\u017eelem se stal <strong>Jan Bechyn\u011b z La\u017ean<\/strong>, karl\u0161tejnsk\u00fd purkrab\u00ed, sezen\u00edm na Pi\u010d\u00edn\u011b na P\u0159\u00edbramsku. Bechy\u0148ov\u00e9 z La\u017ean byly v\u00fdznamn\u011bj\u0161\u00edm rodem ne\u017e kom\u00e1rov\u0161t\u00ed, proto svatba znamenala pro Kate\u0159inu jist\u00fd spole\u010densk\u00fd vzestup. Jan Bechyn\u011b musel zast\u00e1vat sv\u016fj \u00fa\u0159ad na Karl\u0161tejn\u011b, a proto spr\u00e1vu panstv\u00ed vedla pr\u00e1v\u011b jeho \u017eena.<\/p>\n\n\n\n<blockquote class=\"wp-block-quote is-layout-flow wp-block-quote-is-layout-flow\"><p>Pro poddan\u00e9 nastaly tvrd\u00e9 \u010dasy, proto\u017ee Kate\u0159ina za proh\u0159e\u0161ky poddan\u00fdm ud\u00edlela neuv\u011b\u0159iteln\u011b tvrd\u00e9 tresty.&nbsp;Tr\u00fdzn\u011bn\u00ed n\u011bkte\u0159\u00ed nevydr\u017eeli a zem\u0159eli a ti, kte\u0159\u00ed vydr\u017eeli, si nesli n\u00e1sledky po zbytek \u017eivota.<\/p><\/blockquote>\n\n\n\n<p>Jan Bechyn\u011b m\u011bl v \u00fa\u0159ad\u011b karl\u0161tejnsk\u00e9ho purkrab\u00edho vlekl\u00e9 neshody s d\u011bkanem karl\u0161tejnsk\u00e9 kapituly, j\u00edm\u017e byl <strong>V\u00e1clav H\u00e1jek z Libo\u010dan<\/strong>, pozd\u011bji autor zn\u00e1m\u00e9 kroniky. K d\u011bkanovi se donesly zv\u011bsti o po\u010d\u00edn\u00e1n\u00ed pan\u00ed Kate\u0159iny a na v\u0161e upozornil jej\u00edho man\u017eela Jana. Ten to vzal jako provokaci a podal na d\u011bkana \u017ealobu. Soudn\u00ed tribun\u00e1l, jemu\u017e p\u0159edsedal <strong>Vojt\u011bch z Pern\u0161tejna<\/strong>, tedy v roce 1533 dal prozkoumat d\u011bn\u00ed na Pi\u010d\u00edn\u011b. P\u0159edvolan\u00ed sv\u011bdkov\u00e9 z \u0159ad pi\u010d\u00ednsk\u00fdch poddan\u00fdch m\u011bli v\u0161ak strach a pan\u00ed Kate\u0159inu p\u0159i v\u00fdsle\u0161\u00edch ozna\u010dovali vesm\u011bs jako vl\u00eddnou a hodnou pan\u00ed. A\u017e do chv\u00edle, kdy byl soudem vyslechnut pra\u017esk\u00fd ob\u010dan, p\u0159\u00edbuzn\u00fd jedn\u00e9 z ob\u011bt\u00ed. Vzhledem k tomu, \u017ee p\u016fsobil v Praze, nemohla se mu pan\u00ed Kate\u0159ina mst\u00edt.&nbsp;Ten ozna\u010dil Kate\u0159inu za vra\u017eednici sv\u00e9 p\u0159\u00edbuzn\u00e9.&nbsp;Jeho p\u0159\u00edklad povzbudil \u0159adu poddan\u00fdch a ti sv\u00e9 v\u00fdpov\u011bdi zm\u011bnili dle pravdy.<\/p><br>\n\n\n\n<figure class=\"wp-block-image size-large\"><img loading=\"lazy\" decoding=\"async\" width=\"940\" height=\"620\" src=\"https:\/\/www.mzone.cz\/wp-content\/uploads\/2020\/01\/trial_by_jury_-_chaos_in_the_courtroom.jpg\" alt=\"\" class=\"wp-image-16884\" srcset=\"https:\/\/www.mzone.cz\/wp-content\/uploads\/2020\/01\/trial_by_jury_-_chaos_in_the_courtroom.jpg 940w, https:\/\/www.mzone.cz\/wp-content\/uploads\/2020\/01\/trial_by_jury_-_chaos_in_the_courtroom-300x198.jpg 300w, https:\/\/www.mzone.cz\/wp-content\/uploads\/2020\/01\/trial_by_jury_-_chaos_in_the_courtroom-768x507.jpg 768w, https:\/\/www.mzone.cz\/wp-content\/uploads\/2020\/01\/trial_by_jury_-_chaos_in_the_courtroom-590x389.jpg 590w\" sizes=\"auto, (max-width: 940px) 100vw, 940px\" \/><\/figure><br>\n\n\n\n<p>Kate\u0159ina nakonec p\u0159iznala 14 vra\u017ed poddan\u00fdch, n\u011bkter\u00e9 prameny v\u0161ak uv\u00e1d\u011bj\u00ed domn\u011bnku, \u017ee ob\u011bt\u00ed mohlo b\u00fdt a\u017e ke t\u0159iceti.<\/p>\n\n\n\n<blockquote class=\"wp-block-quote is-layout-flow wp-block-quote-is-layout-flow\"><p>Soudn\u00ed tribun\u00e1l vynesl na \u010desk\u00e9 pom\u011bry neobvykl\u00fd rozsudek \u2013 pan\u00ed Kate\u0159ina m\u011bla b\u00fdt uv\u011bzn\u011bna a ponech\u00e1na ve v\u011bzen\u00ed zcela sv\u00e9mu osudu, v podstat\u011b by se dalo hovo\u0159it o rozsudku smrti hladem.<\/p><\/blockquote>\n\n\n\n<p>Kate\u0159ina byla um\u00edst\u011bna do B\u00edl\u00e9 v\u011b\u017ee na Hrad\u011b v Praze a zde v b\u0159eznu 1534 zem\u0159ela. Dva dny po n\u00ed p\u0159ekvapiv\u011b zem\u0159el jej\u00ed soudce Vojt\u011bch z Pern\u0161tejna. To se stalo p\u0159edm\u011btem spekulac\u00ed. Pr\u00fd jej Kate\u0159ina \u201est\u00e1hla s sebou\u201c.<\/p><br>\n\n\n\n<h2 class=\"wp-block-heading\">Martin Leci\u00e1n<\/h2>\n\n\n\n<p>Martin Leci\u00e1n byl \u010desk\u00fd zlo\u010dinec a vrah op\u0159eden\u00fd \u0159adou pov\u011bst\u00ed. Byl odsouzen za 10 vra\u017ed k trestu smrti, ale p\u0159i pokusu o \u00fat\u011bk zabil jednoho ze str\u00e1\u017ec\u016f. Je veden v policejn\u00edch an\u00e1lech \u010cesk\u00e9 republiky od roku 1918 jako vrah s nejv\u011bt\u0161\u00edm po\u010dtem ob\u011bt\u00ed. Jeho p\u0159\u00edpad byl velmi proslul\u00fd, objevilo se dokonce i n\u011bkolik \u010dl\u00e1nk\u016f v novin\u00e1ch, kter\u00e9 jej glorifikovaly a vyzdvihovaly jeho odvahu.<\/p><br>\n\n\n\n<p>Byl zn\u00e1m tak\u00e9 jako&nbsp;<strong>\u201ePostrach Moravy\u201c<\/strong>. Narodil se 31. \u0159\u00edjna 1900 v Ostro\u017esk\u00e9m P\u0159edm\u011bst\u00ed a do sv\u00fdch osmn\u00e1cti let byl vychov\u00e1v\u00e1n v polep\u0161ovn\u011b. Okam\u017eit\u011b po sv\u00e9m propu\u0161t\u011bn\u00ed se za\u010dal v\u011bnovat trestn\u00e9 \u010dinnosti. B\u011bhem vojensk\u00e9 slu\u017eby p\u011btkr\u00e1t zb\u011bhl.<\/p><br>\n\n\n\n<div class=\"wp-block-image\"><figure class=\"alignleft size-large is-resized\"><img loading=\"lazy\" decoding=\"async\" src=\"https:\/\/www.mzone.cz\/wp-content\/uploads\/2018\/12\/maxresdefault-1024x576.jpg\" alt=\"\" class=\"wp-image-1854\" width=\"153\" height=\"86\" srcset=\"https:\/\/www.mzone.cz\/wp-content\/uploads\/2018\/12\/maxresdefault-1024x576.jpg 1024w, https:\/\/www.mzone.cz\/wp-content\/uploads\/2018\/12\/maxresdefault-300x169.jpg 300w, https:\/\/www.mzone.cz\/wp-content\/uploads\/2018\/12\/maxresdefault-768x432.jpg 768w, https:\/\/www.mzone.cz\/wp-content\/uploads\/2018\/12\/maxresdefault-590x332.jpg 590w, https:\/\/www.mzone.cz\/wp-content\/uploads\/2018\/12\/maxresdefault.jpg 1280w\" sizes=\"auto, (max-width: 153px) 100vw, 153px\" \/><\/figure><\/div>\n\n\n\n<h4><a href=\"https:\/\/www.mzone.cz\/seriovi-vrazi-dr-holmes-a-jeho-krvavy-hotel\/\">S\u00e9riov\u00ed vrazi: Dr. Holmes a jeho krvav\u00fd hotel<\/a><\/h4><br>\n\n\n\n<p>Po sv\u00e9m posledn\u00edm zb\u011bhnut\u00ed se sezn\u00e1mil s&nbsp;<strong>Annou K\u0159enovskou<\/strong>&nbsp;a spole\u010dn\u011b se za\u010dali v\u011bnovat vykr\u00e1d\u00e1n\u00ed pokladen po cel\u00e9 Morav\u011b. Ty Leci\u00e1n otev\u00edral tak, \u017ee po obna\u017een\u00ed 4 \u2013 5 mm siln\u00e9ho pl\u00e1\u0161t\u011b pokladny ni\u010dil z\u00e1mkov\u00fd mechanismus a pot\u00e9 ji\u017e otev\u00edral pokladnu, ani\u017e by musel p\u0159ekon\u00e1vat dusnat\u00fd popel, kter\u00fd byl um\u00edst\u011bn a\u017e za z\u00e1mkem. Tento postup pou\u017e\u00edval, aby nemusel jako mnoho jin\u00fdch kasa\u0159\u016f vdechovat dusan\u00fd pop\u00edlek z mezist\u011bn kasy, proto\u017ee trp\u011bl tuberkul\u00f3zou.<\/p><br>\n\n\n\n<figure class=\"wp-block-image size-large is-resized\"><img loading=\"lazy\" decoding=\"async\" src=\"https:\/\/www.mzone.cz\/wp-content\/uploads\/2020\/01\/Martin-Leci\u00e1n.jpg\" alt=\"\" class=\"wp-image-16888\" width=\"572\" height=\"627\" srcset=\"https:\/\/www.mzone.cz\/wp-content\/uploads\/2020\/01\/Martin-Leci\u00e1n.jpg 540w, https:\/\/www.mzone.cz\/wp-content\/uploads\/2020\/01\/Martin-Leci\u00e1n-274x300.jpg 274w\" sizes=\"auto, (max-width: 572px) 100vw, 572px\" \/><\/figure><br>\n\n\n\n<p>V Prost\u011bjov\u011b v\u0161ak byl Leci\u00e1n s K\u0159enovskou zadr\u017een a p\u0159evezen do nemocnice v Olomouci. Odtud 10. prosince 1926 utekl spolu s nebezpe\u010dn\u00fdm zlo\u010dincem <strong>Szekelym<\/strong>. Zranili p\u0159itom i dva str\u00e1\u017en\u00e9. Pot\u00e9 se spole\u010dn\u011b dopustili \u0159ady kr\u00e1de\u017e\u00ed, ale 21. prosince se v Bu\u010dovic\u00edch roze\u0161li. Leci\u00e1n z\u016fstal na Morav\u011b a Szekely ode\u0161el na Slovensko.&nbsp;Po obou bylo vyhl\u00e1\u0161eno okresn\u00edm \u010detnick\u00fdm velitelstv\u00edm ve Vy\u0161kov\u011b p\u00e1tr\u00e1n\u00ed.<\/p>\n\n\n\n<blockquote class=\"wp-block-quote is-layout-flow wp-block-quote-is-layout-flow\"><p>V lednu 1927 se Leci\u00e1n dopustil sv\u00e9 prvn\u00ed vra\u017edy.&nbsp;Ve Slavkov\u011b u Brna \u010dty\u0159mi v\u00fdst\u0159ely zabil obecn\u00edho str\u00e1\u017en\u00edka, kter\u00fd jej vyru\u0161il p\u0159i vloup\u00e1n\u00ed. Dal\u0161\u00ed den se p\u0159i kr\u00e1de\u017ei v obchod\u011b pokusil zab\u00edt jej\u00edho majitele a \u010detnick\u00e9ho str\u00e1\u017emistra Poled\u0148\u00e1ka.<\/p><\/blockquote>\n\n\n\n<p>Pak se dopustil n\u011bkolika dal\u0161\u00edch loupe\u017e\u00ed. Mimo jin\u00e9 v Jihlav\u011b&nbsp;zavra\u017edil \u010dlena hl\u00eddac\u00ed spole\u010dnosti <strong>Franti\u0161ka Mar\u010d\u00edka<\/strong>. V polovin\u011b \u00fanora byl p\u0159i cest\u011b vlakem pozn\u00e1n \u010detn\u00edkem. Leci\u00e1n po n\u011bm n\u011bkolikr\u00e1t vyst\u0159elil, a nakonec vysko\u010dil z jedouc\u00edho vlaku.<\/p><br>\n\n\n\n<figure class=\"wp-block-image size-large\"><img loading=\"lazy\" decoding=\"async\" width=\"835\" height=\"264\" src=\"https:\/\/www.mzone.cz\/wp-content\/uploads\/2020\/01\/Lecian_martin100.jpg\" alt=\"\" class=\"wp-image-16895\" srcset=\"https:\/\/www.mzone.cz\/wp-content\/uploads\/2020\/01\/Lecian_martin100.jpg 835w, https:\/\/www.mzone.cz\/wp-content\/uploads\/2020\/01\/Lecian_martin100-300x95.jpg 300w, https:\/\/www.mzone.cz\/wp-content\/uploads\/2020\/01\/Lecian_martin100-768x243.jpg 768w, https:\/\/www.mzone.cz\/wp-content\/uploads\/2020\/01\/Lecian_martin100-590x187.jpg 590w\" sizes=\"auto, (max-width: 835px) 100vw, 835px\" \/><\/figure><br>\n\n\n\n<p>Dne 8. b\u0159ezna zavra\u017edil \u010detnick\u00e9ho str\u00e1\u017emistra Anton\u00edna Stuchl\u00e9ho.&nbsp;N\u00e1sledn\u011b bylo zalarmov\u00e1no \u010detnictvo a arm\u00e1da a do\u0161lo k n\u011bkolika dal\u0161\u00edm p\u0159est\u0159elk\u00e1m.&nbsp;P\u0159i jedn\u00e9 z nich, u obce Pole\u0161ovice, byl Leci\u00e1n zran\u011bn, ale p\u0159esto policii st\u00e1le unikal. Teprve 23. dubna byl zadr\u017een v Nov\u00e9m Bohum\u00edn\u011b dv\u011bma policisty v civilu. N\u00e1sledovalo \u010dty\u0159m\u011bs\u00ed\u010dn\u00ed vy\u0161et\u0159ov\u00e1n\u00ed a n\u00e1sledn\u011b i \u0161estidenn\u00ed proces.<\/p><br>\n\n\n\n<div class=\"wp-block-image\"><figure class=\"alignleft size-large is-resized\"><img loading=\"lazy\" decoding=\"async\" src=\"https:\/\/www.mzone.cz\/wp-content\/uploads\/2019\/01\/eye-6-1024x683.jpg\" alt=\"\" class=\"wp-image-3710\" width=\"131\" height=\"86\" srcset=\"https:\/\/www.mzone.cz\/wp-content\/uploads\/2019\/01\/eye-6-1024x683.jpg 1024w, https:\/\/www.mzone.cz\/wp-content\/uploads\/2019\/01\/eye-6-300x200.jpg 300w, https:\/\/www.mzone.cz\/wp-content\/uploads\/2019\/01\/eye-6-768x512.jpg 768w, https:\/\/www.mzone.cz\/wp-content\/uploads\/2019\/01\/eye-6-800x533.jpg 800w, https:\/\/www.mzone.cz\/wp-content\/uploads\/2019\/01\/eye-6-400x267.jpg 400w, https:\/\/www.mzone.cz\/wp-content\/uploads\/2019\/01\/eye-6-500x333.jpg 500w, https:\/\/www.mzone.cz\/wp-content\/uploads\/2019\/01\/eye-6-1170x780.jpg 1170w, https:\/\/www.mzone.cz\/wp-content\/uploads\/2019\/01\/eye-6-590x393.jpg 590w, https:\/\/www.mzone.cz\/wp-content\/uploads\/2019\/01\/eye-6.jpg 1320w\" sizes=\"auto, (max-width: 131px) 100vw, 131px\" \/><\/figure><\/div>\n\n\n\n<h4><a href=\"https:\/\/www.mzone.cz\/harvey-louis-carignan-bezcitny-maniak-s-nadlidskou-silou\/\">Harvey Louis Carignan: Bezcitn\u00fd maniak s nadlidskou silou<\/a><\/h4><br>\n\n\n\n<p>3. z\u00e1\u0159\u00ed 1927 byl Leci\u00e1n odsouzen k vylou\u010den\u00ed z arm\u00e1dy, propadnut\u00ed zbran\u00ed, ztr\u00e1t\u011b volebn\u00edho pr\u00e1va a k trestu smrti ob\u011b\u0161en\u00edm.&nbsp;Av\u0161ak 25. z\u00e1\u0159\u00ed se, spolu s dezert\u00e9rem <strong>Ka\u0161pa\u0159\u00edkem<\/strong>, pokusil o \u00fat\u011bk. Povedlo se jim zmocnit zbran\u011b a zab\u00edt str\u00e1\u017en\u00e9ho, ale nakonec po del\u0161\u00ed p\u0159est\u0159elce byli s Ka\u0161pa\u0159\u00edkem dopadeni.&nbsp;D\u00edky tomu byla prezidentem republiky zam\u00edtnuta jeho \u017e\u00e1dost o milost. Leci\u00e1n byl popraven na dvo\u0159e olomouck\u00e9 vojensk\u00e9 v\u011bznice 6. \u0159\u00edjna 1927.<\/p><br>\n\n\n\n<p>Na z\u00e1v\u011br je nutno podotknout, \u017ee tyto t\u0159i vra\u017ed\u00edc\u00ed \u0161\u00edlence nep\u0159ed\u010dili v po\u010dtu ob\u011bt\u00ed ani novodob\u00ed s\u00e9riov\u00ed vrazi, jako&nbsp;<strong>man\u017eel\u00e9 Stodolovi, Ji\u0159\u00ed Straka \u010di Viktor Kalivoda<\/strong>.<\/p>","protected":false},"excerpt":{"rendered":"<p>I v na\u0161\u00ed \u010desk\u00e9 kotlin\u011b se na\u0161ly skute\u010dn\u00e9 lidsk\u00e9 bestie, jejich\u017e \u010diny p\u0159ed\u010dily i ten nejkrvav\u011bj\u0161\u00ed horor. Za s\u00e9riov\u00e9ho vraha je pova\u017eov\u00e1n \u010dlov\u011bk, kter\u00fd z\u00e1m\u011brn\u011b zabije t\u0159i nebo v\u00edce lid\u00ed ve t\u0159ech nebo v\u00edce odd\u011blen\u00fdch p\u0159\u00edpadech. Mezi jednotliv\u00fdmi ud\u00e1lostmi mohou b\u00fdt mezery o d\u00e9lce n\u011bkolika hodin, ale t\u0159eba i let. Krom\u011b toho, \u017ee zab\u00edj\u00ed opakovan\u011b, [&hellip;]<\/p>\n","protected":false},"author":4,"featured_media":16899,"comment_status":"open","ping_status":"closed","sticky":false,"template":"","format":"standard","meta":{"kk_blocks_editor_width":"","_kiokenblocks_attr":"","_kiokenblocks_dimensions":"","footnotes":""},"categories":[387],"tags":[3303,1030,87,3301,685,777,1553,3302,3300,3297,616,617,3296,3298,3299],"class_list":["post-16871","post","type-post","status-publish","format-standard","has-post-thumbnail","hentry","category-historie","tag-brutalita","tag-cesko","tag-historie","tag-historie-kriminalistiky","tag-krimi","tag-kriminalistika","tag-krutost","tag-nejhorsi-pripady","tag-seriove-vrazdy","tag-seriovi-vrazi","tag-vrah","tag-vrazdy","tag-vrazi","tag-zabijeni","tag-zrudy"],"yoast_head":"<!-- This site is optimized with the Yoast SEO plugin v27.5 - https:\/\/yoast.com\/product\/yoast-seo-wordpress\/ -->\n<title>T\u0159i nejbrut\u00e1ln\u011bj\u0161\u00ed s\u00e9riov\u00ed vrazi v d\u011bjin\u00e1ch na\u0161\u00ed zem\u011b: Vra\u017edili nevinn\u00e9 a sami skon\u010dili na popravi\u0161ti - Mzone<\/title>\n<meta name=\"description\" content=\"I v na\u0161\u00ed \u010desk\u00e9 kotlin\u011b se na\u0161ly skute\u010dn\u00e9 lidsk\u00e9 bestie, jej\u00ed\u017e \u010diny p\u0159ed\u010dily i ten nejkrvav\u011bj\u0161\u00ed horor. Za s\u00e9riov\u00e9ho vraha je pova\u017eov\u00e1n \u010dlov\u011bk, kter\u00fd z\u00e1m\u011brn\u011b zabije t\u0159i nebo v\u00edce lid\u00ed ve t\u0159ech nebo v\u00edce odd\u011blen\u00fdch p\u0159\u00edpadech. Mezi jednotliv\u00fdmi ud\u00e1lostmi mohou b\u00fdt mezery o d\u00e9lce n\u011bkolika hodin, ale t\u0159eba i let. Krom\u011b toho, \u017ee zab\u00edj\u00ed opakovan\u011b, je pro n\u011bj typick\u00e9 vystavov\u00e1n\u00ed si sv\u00fdch \u201etrofej\u00ed\u201c. Zab\u00edjen\u00ed jim d\u011bl\u00e1 dob\u0159e, jeliko\u017e vyhled\u00e1vaj\u00ed sl\u00e1vu a dominanci. S\u00e9riov\u00fdm vrah\u016fm chyb\u00ed soci\u00e1ln\u00ed c\u00edt\u011bn\u00ed a mnohdy i zdrav\u00fd rozum. Poznejte s n\u00e1mi ty nejhor\u0161\u00ed zr\u016fdy, poch\u00e1zej\u00edc\u00ed z oblasti \u010cech a Moravy, se\u0159azen\u00e9 podle brutality vyj\u00e1d\u0159en\u00e9 po\u010dtem ob\u011bt\u00ed.\" \/>\n<meta name=\"robots\" content=\"index, follow, max-snippet:-1, max-image-preview:large, max-video-preview:-1\" \/>\n<link rel=\"canonical\" href=\"https:\/\/www.mzone.cz\/en\/nejbrutalnejsi-seriovi-vrazi-nasi-zeme\/\" \/>\n<meta property=\"og:locale\" content=\"en_US\" \/>\n<meta property=\"og:type\" content=\"article\" \/>\n<meta property=\"og:title\" content=\"T\u0159i nejbrut\u00e1ln\u011bj\u0161\u00ed s\u00e9riov\u00ed vrazi v d\u011bjin\u00e1ch na\u0161\u00ed zem\u011b: Vra\u017edili nevinn\u00e9 a sami skon\u010dili na popravi\u0161ti - Mzone\" \/>\n<meta property=\"og:description\" content=\"I v na\u0161\u00ed \u010desk\u00e9 kotlin\u011b se na\u0161ly skute\u010dn\u00e9 lidsk\u00e9 bestie, jej\u00ed\u017e \u010diny p\u0159ed\u010dily i ten nejkrvav\u011bj\u0161\u00ed horor. Za s\u00e9riov\u00e9ho vraha je pova\u017eov\u00e1n \u010dlov\u011bk, kter\u00fd z\u00e1m\u011brn\u011b zabije t\u0159i nebo v\u00edce lid\u00ed ve t\u0159ech nebo v\u00edce odd\u011blen\u00fdch p\u0159\u00edpadech. Mezi jednotliv\u00fdmi ud\u00e1lostmi mohou b\u00fdt mezery o d\u00e9lce n\u011bkolika hodin, ale t\u0159eba i let. Krom\u011b toho, \u017ee zab\u00edj\u00ed opakovan\u011b, je pro n\u011bj typick\u00e9 vystavov\u00e1n\u00ed si sv\u00fdch \u201etrofej\u00ed\u201c. Zab\u00edjen\u00ed jim d\u011bl\u00e1 dob\u0159e, jeliko\u017e vyhled\u00e1vaj\u00ed sl\u00e1vu a dominanci. S\u00e9riov\u00fdm vrah\u016fm chyb\u00ed soci\u00e1ln\u00ed c\u00edt\u011bn\u00ed a mnohdy i zdrav\u00fd rozum. Poznejte s n\u00e1mi ty nejhor\u0161\u00ed zr\u016fdy, poch\u00e1zej\u00edc\u00ed z oblasti \u010cech a Moravy, se\u0159azen\u00e9 podle brutality vyj\u00e1d\u0159en\u00e9 po\u010dtem ob\u011bt\u00ed.\" \/>\n<meta property=\"og:url\" content=\"https:\/\/www.mzone.cz\/en\/nejbrutalnejsi-seriovi-vrazi-nasi-zeme\/\" \/>\n<meta property=\"og:site_name\" content=\"Mzone\" \/>\n<meta property=\"article:publisher\" content=\"https:\/\/www.facebook.com\/MzoneCZ\/\" \/>\n<meta property=\"article:published_time\" content=\"2026-04-29T09:00:00+00:00\" \/>\n<meta property=\"article:modified_time\" content=\"2026-04-29T09:30:46+00:00\" \/>\n<meta property=\"og:image\" content=\"https:\/\/www.mzone.cz\/wp-content\/uploads\/2020\/05\/Vrah.jpg\" \/>\n\t<meta property=\"og:image:width\" content=\"1892\" \/>\n\t<meta property=\"og:image:height\" content=\"1261\" \/>\n\t<meta property=\"og:image:type\" content=\"image\/jpeg\" \/>\n<meta name=\"author\" content=\"Mzone\" \/>\n<meta name=\"twitter:card\" content=\"summary_large_image\" \/>\n<meta name=\"twitter:label1\" content=\"Written by\" \/>\n\t<meta name=\"twitter:data1\" content=\"Mzone\" \/>\n\t<meta name=\"twitter:label2\" content=\"Est. reading time\" \/>\n\t<meta name=\"twitter:data2\" content=\"8 minutes\" \/>\n<script type=\"application\/ld+json\" class=\"yoast-schema-graph\">{\"@context\":\"https:\\\/\\\/schema.org\",\"@graph\":[{\"@type\":\"Article\",\"@id\":\"https:\\\/\\\/www.mzone.cz\\\/nejbrutalnejsi-seriovi-vrazi-nasi-zeme\\\/#article\",\"isPartOf\":{\"@id\":\"https:\\\/\\\/www.mzone.cz\\\/nejbrutalnejsi-seriovi-vrazi-nasi-zeme\\\/\"},\"author\":{\"name\":\"Mzone\",\"@id\":\"https:\\\/\\\/www.mzone.cz\\\/#\\\/schema\\\/person\\\/9bc20cc422a99cac4af6ff9297da32d4\"},\"headline\":\"T\u0159i nejbrut\u00e1ln\u011bj\u0161\u00ed s\u00e9riov\u00ed vrazi v d\u011bjin\u00e1ch na\u0161\u00ed zem\u011b: Vra\u017edili nevinn\u00e9 a sami skon\u010dili na popravi\u0161ti\",\"datePublished\":\"2026-04-29T09:00:00+00:00\",\"dateModified\":\"2026-04-29T09:30:46+00:00\",\"mainEntityOfPage\":{\"@id\":\"https:\\\/\\\/www.mzone.cz\\\/nejbrutalnejsi-seriovi-vrazi-nasi-zeme\\\/\"},\"wordCount\":1695,\"commentCount\":0,\"image\":{\"@id\":\"https:\\\/\\\/www.mzone.cz\\\/nejbrutalnejsi-seriovi-vrazi-nasi-zeme\\\/#primaryimage\"},\"thumbnailUrl\":\"https:\\\/\\\/www.mzone.cz\\\/wp-content\\\/uploads\\\/2020\\\/05\\\/Vrah.jpg\",\"keywords\":[\"brutalita\",\"\u010cesko\",\"Historie\",\"historie kriminalistiky\",\"krimi\",\"kriminalistika\",\"krutost\",\"nejhor\u0161\u00ed p\u0159\u00edpady\",\"s\u00e9riov\u00e9 vra\u017edy\",\"s\u00e9riov\u00ed vrazi\",\"vrah\",\"vra\u017edy\",\"vrazi\",\"zab\u00edjen\u00ed\",\"zr\u016fdy\"],\"articleSection\":[\"Historie\"],\"inLanguage\":\"en-US\",\"potentialAction\":[{\"@type\":\"CommentAction\",\"name\":\"Comment\",\"target\":[\"https:\\\/\\\/www.mzone.cz\\\/nejbrutalnejsi-seriovi-vrazi-nasi-zeme\\\/#respond\"]}]},{\"@type\":\"WebPage\",\"@id\":\"https:\\\/\\\/www.mzone.cz\\\/nejbrutalnejsi-seriovi-vrazi-nasi-zeme\\\/\",\"url\":\"https:\\\/\\\/www.mzone.cz\\\/nejbrutalnejsi-seriovi-vrazi-nasi-zeme\\\/\",\"name\":\"T\u0159i nejbrut\u00e1ln\u011bj\u0161\u00ed s\u00e9riov\u00ed vrazi v d\u011bjin\u00e1ch na\u0161\u00ed zem\u011b: Vra\u017edili nevinn\u00e9 a sami skon\u010dili na popravi\u0161ti - Mzone\",\"isPartOf\":{\"@id\":\"https:\\\/\\\/www.mzone.cz\\\/#website\"},\"primaryImageOfPage\":{\"@id\":\"https:\\\/\\\/www.mzone.cz\\\/nejbrutalnejsi-seriovi-vrazi-nasi-zeme\\\/#primaryimage\"},\"image\":{\"@id\":\"https:\\\/\\\/www.mzone.cz\\\/nejbrutalnejsi-seriovi-vrazi-nasi-zeme\\\/#primaryimage\"},\"thumbnailUrl\":\"https:\\\/\\\/www.mzone.cz\\\/wp-content\\\/uploads\\\/2020\\\/05\\\/Vrah.jpg\",\"datePublished\":\"2026-04-29T09:00:00+00:00\",\"dateModified\":\"2026-04-29T09:30:46+00:00\",\"author\":{\"@id\":\"https:\\\/\\\/www.mzone.cz\\\/#\\\/schema\\\/person\\\/9bc20cc422a99cac4af6ff9297da32d4\"},\"description\":\"I v na\u0161\u00ed \u010desk\u00e9 kotlin\u011b se na\u0161ly skute\u010dn\u00e9 lidsk\u00e9 bestie, jej\u00ed\u017e \u010diny p\u0159ed\u010dily i ten nejkrvav\u011bj\u0161\u00ed horor. Za s\u00e9riov\u00e9ho vraha je pova\u017eov\u00e1n \u010dlov\u011bk, kter\u00fd z\u00e1m\u011brn\u011b zabije t\u0159i nebo v\u00edce lid\u00ed ve t\u0159ech nebo v\u00edce odd\u011blen\u00fdch p\u0159\u00edpadech. Mezi jednotliv\u00fdmi ud\u00e1lostmi mohou b\u00fdt mezery o d\u00e9lce n\u011bkolika hodin, ale t\u0159eba i let. Krom\u011b toho, \u017ee zab\u00edj\u00ed opakovan\u011b, je pro n\u011bj typick\u00e9 vystavov\u00e1n\u00ed si sv\u00fdch \u201etrofej\u00ed\u201c. Zab\u00edjen\u00ed jim d\u011bl\u00e1 dob\u0159e, jeliko\u017e vyhled\u00e1vaj\u00ed sl\u00e1vu a dominanci. S\u00e9riov\u00fdm vrah\u016fm chyb\u00ed soci\u00e1ln\u00ed c\u00edt\u011bn\u00ed a mnohdy i zdrav\u00fd rozum. Poznejte s n\u00e1mi ty nejhor\u0161\u00ed zr\u016fdy, poch\u00e1zej\u00edc\u00ed z oblasti \u010cech a Moravy, se\u0159azen\u00e9 podle brutality vyj\u00e1d\u0159en\u00e9 po\u010dtem ob\u011bt\u00ed.\",\"breadcrumb\":{\"@id\":\"https:\\\/\\\/www.mzone.cz\\\/nejbrutalnejsi-seriovi-vrazi-nasi-zeme\\\/#breadcrumb\"},\"inLanguage\":\"en-US\",\"potentialAction\":[{\"@type\":\"ReadAction\",\"target\":[\"https:\\\/\\\/www.mzone.cz\\\/nejbrutalnejsi-seriovi-vrazi-nasi-zeme\\\/\"]}]},{\"@type\":\"ImageObject\",\"inLanguage\":\"en-US\",\"@id\":\"https:\\\/\\\/www.mzone.cz\\\/nejbrutalnejsi-seriovi-vrazi-nasi-zeme\\\/#primaryimage\",\"url\":\"https:\\\/\\\/www.mzone.cz\\\/wp-content\\\/uploads\\\/2020\\\/05\\\/Vrah.jpg\",\"contentUrl\":\"https:\\\/\\\/www.mzone.cz\\\/wp-content\\\/uploads\\\/2020\\\/05\\\/Vrah.jpg\",\"width\":1892,\"height\":1261},{\"@type\":\"BreadcrumbList\",\"@id\":\"https:\\\/\\\/www.mzone.cz\\\/nejbrutalnejsi-seriovi-vrazi-nasi-zeme\\\/#breadcrumb\",\"itemListElement\":[{\"@type\":\"ListItem\",\"position\":1,\"name\":\"Dom\u016f\",\"item\":\"https:\\\/\\\/www.mzone.cz\\\/\"},{\"@type\":\"ListItem\",\"position\":2,\"name\":\"T\u0159i nejbrut\u00e1ln\u011bj\u0161\u00ed s\u00e9riov\u00ed vrazi v d\u011bjin\u00e1ch na\u0161\u00ed zem\u011b: Vra\u017edili nevinn\u00e9 a sami skon\u010dili na popravi\u0161ti\"}]},{\"@type\":\"WebSite\",\"@id\":\"https:\\\/\\\/www.mzone.cz\\\/#website\",\"url\":\"https:\\\/\\\/www.mzone.cz\\\/\",\"name\":\"Mzone\",\"description\":\"Magaz\u00edn nejen pro mu\u017ee\",\"potentialAction\":[{\"@type\":\"SearchAction\",\"target\":{\"@type\":\"EntryPoint\",\"urlTemplate\":\"https:\\\/\\\/www.mzone.cz\\\/?s={search_term_string}\"},\"query-input\":{\"@type\":\"PropertyValueSpecification\",\"valueRequired\":true,\"valueName\":\"search_term_string\"}}],\"inLanguage\":\"en-US\"},{\"@type\":\"Person\",\"@id\":\"https:\\\/\\\/www.mzone.cz\\\/#\\\/schema\\\/person\\\/9bc20cc422a99cac4af6ff9297da32d4\",\"name\":\"Mzone\",\"image\":{\"@type\":\"ImageObject\",\"inLanguage\":\"en-US\",\"@id\":\"https:\\\/\\\/secure.gravatar.com\\\/avatar\\\/e780a8630f3182a3d06dd667ab6bea151a0d155b0951bc15fe22633acdac0676?s=96&d=mm&r=g\",\"url\":\"https:\\\/\\\/secure.gravatar.com\\\/avatar\\\/e780a8630f3182a3d06dd667ab6bea151a0d155b0951bc15fe22633acdac0676?s=96&d=mm&r=g\",\"contentUrl\":\"https:\\\/\\\/secure.gravatar.com\\\/avatar\\\/e780a8630f3182a3d06dd667ab6bea151a0d155b0951bc15fe22633acdac0676?s=96&d=mm&r=g\",\"caption\":\"Mzone\"},\"url\":\"https:\\\/\\\/www.mzone.cz\\\/en\\\/author\\\/jakub\\\/\"}]}<\/script>\n<!-- \/ Yoast SEO plugin. -->","yoast_head_json":{"title":"T\u0159i nejbrut\u00e1ln\u011bj\u0161\u00ed s\u00e9riov\u00ed vrazi v d\u011bjin\u00e1ch na\u0161\u00ed zem\u011b: Vra\u017edili nevinn\u00e9 a sami skon\u010dili na popravi\u0161ti - Mzone","description":"I v na\u0161\u00ed \u010desk\u00e9 kotlin\u011b se na\u0161ly skute\u010dn\u00e9 lidsk\u00e9 bestie, jej\u00ed\u017e \u010diny p\u0159ed\u010dily i ten nejkrvav\u011bj\u0161\u00ed horor. Za s\u00e9riov\u00e9ho vraha je pova\u017eov\u00e1n \u010dlov\u011bk, kter\u00fd z\u00e1m\u011brn\u011b zabije t\u0159i nebo v\u00edce lid\u00ed ve t\u0159ech nebo v\u00edce odd\u011blen\u00fdch p\u0159\u00edpadech. Mezi jednotliv\u00fdmi ud\u00e1lostmi mohou b\u00fdt mezery o d\u00e9lce n\u011bkolika hodin, ale t\u0159eba i let. Krom\u011b toho, \u017ee zab\u00edj\u00ed opakovan\u011b, je pro n\u011bj typick\u00e9 vystavov\u00e1n\u00ed si sv\u00fdch \u201etrofej\u00ed\u201c. Zab\u00edjen\u00ed jim d\u011bl\u00e1 dob\u0159e, jeliko\u017e vyhled\u00e1vaj\u00ed sl\u00e1vu a dominanci. S\u00e9riov\u00fdm vrah\u016fm chyb\u00ed soci\u00e1ln\u00ed c\u00edt\u011bn\u00ed a mnohdy i zdrav\u00fd rozum. Poznejte s n\u00e1mi ty nejhor\u0161\u00ed zr\u016fdy, poch\u00e1zej\u00edc\u00ed z oblasti \u010cech a Moravy, se\u0159azen\u00e9 podle brutality vyj\u00e1d\u0159en\u00e9 po\u010dtem ob\u011bt\u00ed.","robots":{"index":"index","follow":"follow","max-snippet":"max-snippet:-1","max-image-preview":"max-image-preview:large","max-video-preview":"max-video-preview:-1"},"canonical":"https:\/\/www.mzone.cz\/en\/nejbrutalnejsi-seriovi-vrazi-nasi-zeme\/","og_locale":"en_US","og_type":"article","og_title":"T\u0159i nejbrut\u00e1ln\u011bj\u0161\u00ed s\u00e9riov\u00ed vrazi v d\u011bjin\u00e1ch na\u0161\u00ed zem\u011b: Vra\u017edili nevinn\u00e9 a sami skon\u010dili na popravi\u0161ti - Mzone","og_description":"I v na\u0161\u00ed \u010desk\u00e9 kotlin\u011b se na\u0161ly skute\u010dn\u00e9 lidsk\u00e9 bestie, jej\u00ed\u017e \u010diny p\u0159ed\u010dily i ten nejkrvav\u011bj\u0161\u00ed horor. Za s\u00e9riov\u00e9ho vraha je pova\u017eov\u00e1n \u010dlov\u011bk, kter\u00fd z\u00e1m\u011brn\u011b zabije t\u0159i nebo v\u00edce lid\u00ed ve t\u0159ech nebo v\u00edce odd\u011blen\u00fdch p\u0159\u00edpadech. Mezi jednotliv\u00fdmi ud\u00e1lostmi mohou b\u00fdt mezery o d\u00e9lce n\u011bkolika hodin, ale t\u0159eba i let. Krom\u011b toho, \u017ee zab\u00edj\u00ed opakovan\u011b, je pro n\u011bj typick\u00e9 vystavov\u00e1n\u00ed si sv\u00fdch \u201etrofej\u00ed\u201c. Zab\u00edjen\u00ed jim d\u011bl\u00e1 dob\u0159e, jeliko\u017e vyhled\u00e1vaj\u00ed sl\u00e1vu a dominanci. S\u00e9riov\u00fdm vrah\u016fm chyb\u00ed soci\u00e1ln\u00ed c\u00edt\u011bn\u00ed a mnohdy i zdrav\u00fd rozum. Poznejte s n\u00e1mi ty nejhor\u0161\u00ed zr\u016fdy, poch\u00e1zej\u00edc\u00ed z oblasti \u010cech a Moravy, se\u0159azen\u00e9 podle brutality vyj\u00e1d\u0159en\u00e9 po\u010dtem ob\u011bt\u00ed.","og_url":"https:\/\/www.mzone.cz\/en\/nejbrutalnejsi-seriovi-vrazi-nasi-zeme\/","og_site_name":"Mzone","article_publisher":"https:\/\/www.facebook.com\/MzoneCZ\/","article_published_time":"2026-04-29T09:00:00+00:00","article_modified_time":"2026-04-29T09:30:46+00:00","og_image":[{"width":1892,"height":1261,"url":"https:\/\/www.mzone.cz\/wp-content\/uploads\/2020\/05\/Vrah.jpg","type":"image\/jpeg"}],"author":"Mzone","twitter_card":"summary_large_image","twitter_misc":{"Written by":"Mzone","Est. reading time":"8 minutes"},"schema":{"@context":"https:\/\/schema.org","@graph":[{"@type":"Article","@id":"https:\/\/www.mzone.cz\/nejbrutalnejsi-seriovi-vrazi-nasi-zeme\/#article","isPartOf":{"@id":"https:\/\/www.mzone.cz\/nejbrutalnejsi-seriovi-vrazi-nasi-zeme\/"},"author":{"name":"Mzone","@id":"https:\/\/www.mzone.cz\/#\/schema\/person\/9bc20cc422a99cac4af6ff9297da32d4"},"headline":"T\u0159i nejbrut\u00e1ln\u011bj\u0161\u00ed s\u00e9riov\u00ed vrazi v d\u011bjin\u00e1ch na\u0161\u00ed zem\u011b: Vra\u017edili nevinn\u00e9 a sami skon\u010dili na popravi\u0161ti","datePublished":"2026-04-29T09:00:00+00:00","dateModified":"2026-04-29T09:30:46+00:00","mainEntityOfPage":{"@id":"https:\/\/www.mzone.cz\/nejbrutalnejsi-seriovi-vrazi-nasi-zeme\/"},"wordCount":1695,"commentCount":0,"image":{"@id":"https:\/\/www.mzone.cz\/nejbrutalnejsi-seriovi-vrazi-nasi-zeme\/#primaryimage"},"thumbnailUrl":"https:\/\/www.mzone.cz\/wp-content\/uploads\/2020\/05\/Vrah.jpg","keywords":["brutalita","\u010cesko","Historie","historie kriminalistiky","krimi","kriminalistika","krutost","nejhor\u0161\u00ed p\u0159\u00edpady","s\u00e9riov\u00e9 vra\u017edy","s\u00e9riov\u00ed vrazi","vrah","vra\u017edy","vrazi","zab\u00edjen\u00ed","zr\u016fdy"],"articleSection":["Historie"],"inLanguage":"en-US","potentialAction":[{"@type":"CommentAction","name":"Comment","target":["https:\/\/www.mzone.cz\/nejbrutalnejsi-seriovi-vrazi-nasi-zeme\/#respond"]}]},{"@type":"WebPage","@id":"https:\/\/www.mzone.cz\/nejbrutalnejsi-seriovi-vrazi-nasi-zeme\/","url":"https:\/\/www.mzone.cz\/nejbrutalnejsi-seriovi-vrazi-nasi-zeme\/","name":"T\u0159i nejbrut\u00e1ln\u011bj\u0161\u00ed s\u00e9riov\u00ed vrazi v d\u011bjin\u00e1ch na\u0161\u00ed zem\u011b: Vra\u017edili nevinn\u00e9 a sami skon\u010dili na popravi\u0161ti - Mzone","isPartOf":{"@id":"https:\/\/www.mzone.cz\/#website"},"primaryImageOfPage":{"@id":"https:\/\/www.mzone.cz\/nejbrutalnejsi-seriovi-vrazi-nasi-zeme\/#primaryimage"},"image":{"@id":"https:\/\/www.mzone.cz\/nejbrutalnejsi-seriovi-vrazi-nasi-zeme\/#primaryimage"},"thumbnailUrl":"https:\/\/www.mzone.cz\/wp-content\/uploads\/2020\/05\/Vrah.jpg","datePublished":"2026-04-29T09:00:00+00:00","dateModified":"2026-04-29T09:30:46+00:00","author":{"@id":"https:\/\/www.mzone.cz\/#\/schema\/person\/9bc20cc422a99cac4af6ff9297da32d4"},"description":"I v na\u0161\u00ed \u010desk\u00e9 kotlin\u011b se na\u0161ly skute\u010dn\u00e9 lidsk\u00e9 bestie, jej\u00ed\u017e \u010diny p\u0159ed\u010dily i ten nejkrvav\u011bj\u0161\u00ed horor. Za s\u00e9riov\u00e9ho vraha je pova\u017eov\u00e1n \u010dlov\u011bk, kter\u00fd z\u00e1m\u011brn\u011b zabije t\u0159i nebo v\u00edce lid\u00ed ve t\u0159ech nebo v\u00edce odd\u011blen\u00fdch p\u0159\u00edpadech. Mezi jednotliv\u00fdmi ud\u00e1lostmi mohou b\u00fdt mezery o d\u00e9lce n\u011bkolika hodin, ale t\u0159eba i let. Krom\u011b toho, \u017ee zab\u00edj\u00ed opakovan\u011b, je pro n\u011bj typick\u00e9 vystavov\u00e1n\u00ed si sv\u00fdch \u201etrofej\u00ed\u201c. Zab\u00edjen\u00ed jim d\u011bl\u00e1 dob\u0159e, jeliko\u017e vyhled\u00e1vaj\u00ed sl\u00e1vu a dominanci. S\u00e9riov\u00fdm vrah\u016fm chyb\u00ed soci\u00e1ln\u00ed c\u00edt\u011bn\u00ed a mnohdy i zdrav\u00fd rozum. Poznejte s n\u00e1mi ty nejhor\u0161\u00ed zr\u016fdy, poch\u00e1zej\u00edc\u00ed z oblasti \u010cech a Moravy, se\u0159azen\u00e9 podle brutality vyj\u00e1d\u0159en\u00e9 po\u010dtem ob\u011bt\u00ed.","breadcrumb":{"@id":"https:\/\/www.mzone.cz\/nejbrutalnejsi-seriovi-vrazi-nasi-zeme\/#breadcrumb"},"inLanguage":"en-US","potentialAction":[{"@type":"ReadAction","target":["https:\/\/www.mzone.cz\/nejbrutalnejsi-seriovi-vrazi-nasi-zeme\/"]}]},{"@type":"ImageObject","inLanguage":"en-US","@id":"https:\/\/www.mzone.cz\/nejbrutalnejsi-seriovi-vrazi-nasi-zeme\/#primaryimage","url":"https:\/\/www.mzone.cz\/wp-content\/uploads\/2020\/05\/Vrah.jpg","contentUrl":"https:\/\/www.mzone.cz\/wp-content\/uploads\/2020\/05\/Vrah.jpg","width":1892,"height":1261},{"@type":"BreadcrumbList","@id":"https:\/\/www.mzone.cz\/nejbrutalnejsi-seriovi-vrazi-nasi-zeme\/#breadcrumb","itemListElement":[{"@type":"ListItem","position":1,"name":"Dom\u016f","item":"https:\/\/www.mzone.cz\/"},{"@type":"ListItem","position":2,"name":"T\u0159i nejbrut\u00e1ln\u011bj\u0161\u00ed s\u00e9riov\u00ed vrazi v d\u011bjin\u00e1ch na\u0161\u00ed zem\u011b: Vra\u017edili nevinn\u00e9 a sami skon\u010dili na popravi\u0161ti"}]},{"@type":"WebSite","@id":"https:\/\/www.mzone.cz\/#website","url":"https:\/\/www.mzone.cz\/","name":"Mzone","description":"Magaz\u00edn nejen pro mu\u017ee","potentialAction":[{"@type":"SearchAction","target":{"@type":"EntryPoint","urlTemplate":"https:\/\/www.mzone.cz\/?s={search_term_string}"},"query-input":{"@type":"PropertyValueSpecification","valueRequired":true,"valueName":"search_term_string"}}],"inLanguage":"en-US"},{"@type":"Person","@id":"https:\/\/www.mzone.cz\/#\/schema\/person\/9bc20cc422a99cac4af6ff9297da32d4","name":"Mzone","image":{"@type":"ImageObject","inLanguage":"en-US","@id":"https:\/\/secure.gravatar.com\/avatar\/e780a8630f3182a3d06dd667ab6bea151a0d155b0951bc15fe22633acdac0676?s=96&d=mm&r=g","url":"https:\/\/secure.gravatar.com\/avatar\/e780a8630f3182a3d06dd667ab6bea151a0d155b0951bc15fe22633acdac0676?s=96&d=mm&r=g","contentUrl":"https:\/\/secure.gravatar.com\/avatar\/e780a8630f3182a3d06dd667ab6bea151a0d155b0951bc15fe22633acdac0676?s=96&d=mm&r=g","caption":"Mzone"},"url":"https:\/\/www.mzone.cz\/en\/author\/jakub\/"}]}},"_links":{"self":[{"href":"https:\/\/www.mzone.cz\/en\/wp-json\/wp\/v2\/posts\/16871","targetHints":{"allow":["GET"]}}],"collection":[{"href":"https:\/\/www.mzone.cz\/en\/wp-json\/wp\/v2\/posts"}],"about":[{"href":"https:\/\/www.mzone.cz\/en\/wp-json\/wp\/v2\/types\/post"}],"author":[{"embeddable":true,"href":"https:\/\/www.mzone.cz\/en\/wp-json\/wp\/v2\/users\/4"}],"replies":[{"embeddable":true,"href":"https:\/\/www.mzone.cz\/en\/wp-json\/wp\/v2\/comments?post=16871"}],"version-history":[{"count":24,"href":"https:\/\/www.mzone.cz\/en\/wp-json\/wp\/v2\/posts\/16871\/revisions"}],"predecessor-version":[{"id":20925,"href":"https:\/\/www.mzone.cz\/en\/wp-json\/wp\/v2\/posts\/16871\/revisions\/20925"}],"wp:featuredmedia":[{"embeddable":true,"href":"https:\/\/www.mzone.cz\/en\/wp-json\/wp\/v2\/media\/16899"}],"wp:attachment":[{"href":"https:\/\/www.mzone.cz\/en\/wp-json\/wp\/v2\/media?parent=16871"}],"wp:term":[{"taxonomy":"category","embeddable":true,"href":"https:\/\/www.mzone.cz\/en\/wp-json\/wp\/v2\/categories?post=16871"},{"taxonomy":"post_tag","embeddable":true,"href":"https:\/\/www.mzone.cz\/en\/wp-json\/wp\/v2\/tags?post=16871"}],"curies":[{"name":"wp","href":"https:\/\/api.w.org\/{rel}","templated":true}]}}