{"id":16956,"date":"2020-01-16T18:00:00","date_gmt":"2020-01-16T17:00:00","guid":{"rendered":"https:\/\/www.mzone.cz\/?p=16956"},"modified":"2020-01-15T17:45:06","modified_gmt":"2020-01-15T16:45:06","slug":"nejvice-nominaci-na-ceskeho-lva-patri-filmum-vlastnici-nabarvene-ptace-a-starici","status":"publish","type":"post","link":"https:\/\/www.mzone.cz\/en\/nejvice-nominaci-na-ceskeho-lva-patri-filmum-vlastnici-nabarvene-ptace-a-starici\/","title":{"rendered":"Nejv\u00edce nominac\u00ed na \u010cesk\u00e9ho lva pat\u0159\u00ed film\u016fm Vlastn\u00edci, Nabarven\u00e9 pt\u00e1\u010de a Sta\u0159\u00edci"},"content":{"rendered":"<p><strong>\u010cesk\u00e1 filmov\u00e1 a televizn\u00ed akademie (\u010cFTA) ozn\u00e1mila nominace pro 27. ro\u010dn\u00edk v\u00fdro\u010dn\u00edch cen \u010cesk\u00fd lev. Akademici vyb\u00edrali z celkem 64 celove\u010dern\u00edch hran\u00fdch, animovan\u00fdch a dokument\u00e1rn\u00edch film\u016f, jejich\u017e spole\u010dn\u00fdm jmenovatelem bylo uveden\u00ed do distribuce v roce 2019 a spln\u011bn\u00ed statutu cen \u010cesk\u00fd lev.<\/strong><\/p><br>\n\n\n\n<p>V 15 statut\u00e1rn\u00edch kategori\u00edch se o so\u0161ku \u010cesk\u00e9ho lva v z\u00e1v\u011bre\u010dn\u00e9m hlasov\u00e1n\u00ed utk\u00e1 17 filmov\u00fdch d\u011bl, z nich\u017e nejv\u00edce nominac\u00ed s t\u00e9m\u011b\u0159 vyrovnan\u00fdm v\u00fdsledkem pat\u0159\u00ed film\u016fm <strong>Vlastn\u00edci<\/strong>, <strong>Nabarven\u00e9 pt\u00e1\u010de<\/strong> a <strong>Sta\u0159\u00edci<\/strong>. Nominace na ceny za televizn\u00ed d\u00edla budou ozn\u00e1meny 10. \u00fanora. Slavnostn\u00ed vyhl\u00e1\u0161en\u00ed v\u00edt\u011bz\u016f filmov\u00fdch i televizn\u00edch kategori\u00ed se uskute\u010dn\u00ed v sobotu 7. b\u0159ezna v Rudolfinu v p\u0159\u00edm\u00e9m p\u0159enosu \u010cesk\u00e9 televize.<\/p>\n\n\n\n<blockquote class=\"wp-block-quote is-layout-flow wp-block-quote-is-layout-flow\"><p>Moder\u00e1torem slavnostn\u00edho galave\u010dera bude stejn\u011b jako v lo\u0148sk\u00e9m roce V\u00e1clav Kopta.<\/p><\/blockquote>\n\n\n\n<p>O nominac\u00edch ve filmov\u00fdch kategori\u00edch 27. ro\u010dn\u00edku ocen\u011bn\u00ed \u010cesk\u00fd lev hlasovalo 155 \u010dlen\u016f \u010cFTA od 1. prosince 2019 do 10. ledna 2020. M\u011bli za \u00fakol vybrat nejlep\u0161\u00ed d\u00edla z 34 celove\u010dern\u00edch hran\u00fdch a animovan\u00fdch film\u016f a z 30 dokument\u016f. V jednotliv\u00fdch kategori\u00edch vybrali v\u017edy p\u011btici nominovan\u00fdch.<\/p><br>\n\n\n\n<figure class=\"wp-block-image size-large\"><img loading=\"lazy\" decoding=\"async\" width=\"999\" height=\"600\" src=\"https:\/\/www.mzone.cz\/wp-content\/uploads\/2020\/01\/Vlastn\u00edci-2.png\" alt=\"\" class=\"wp-image-16961\" srcset=\"https:\/\/www.mzone.cz\/wp-content\/uploads\/2020\/01\/Vlastn\u00edci-2.png 999w, https:\/\/www.mzone.cz\/wp-content\/uploads\/2020\/01\/Vlastn\u00edci-2-300x180.png 300w, https:\/\/www.mzone.cz\/wp-content\/uploads\/2020\/01\/Vlastn\u00edci-2-768x461.png 768w, https:\/\/www.mzone.cz\/wp-content\/uploads\/2020\/01\/Vlastn\u00edci-2-590x354.png 590w\" sizes=\"auto, (max-width: 999px) 100vw, 999px\" \/><\/figure><br>\n\n\n\n<p>Z kandid\u00e1t\u016f na \u010cesk\u00e9 lvy nejv\u00edce zaujala tragikomedie o mikrosv\u011bt\u011b spolumajitel\u016f domu <strong>Vlastn\u00edci<\/strong> re\u017eis\u00e9ra Ji\u0159\u00edho Havelky s 12 nominacemi, t\u011bsn\u011b n\u00e1sledov\u00e1na <strong>Nabarven\u00fdm pt\u00e1\u010detem<\/strong> V\u00e1clava Marhoula, fascinuj\u00edc\u00edm p\u0159\u00edb\u011bhem o hr\u016fze a krutosti, ale i nevinnosti a l\u00e1sce, s 11 nominacemi.<\/p>\n\n\n\n<blockquote class=\"wp-block-quote is-layout-flow wp-block-quote-is-layout-flow\"><p>10 nominac\u00ed z\u00edskali Sta\u0159\u00edci, kte\u0159\u00ed v re\u017eii Martina Du\u0161ka a Ond\u0159eje Provazn\u00edka vypr\u00e1v\u011bj\u00ed p\u0159\u00edb\u011bh o pomst\u011b dvou star\u00fdch p\u0159\u00e1tel za d\u00e1vn\u00e9 k\u0159ivdy.<\/p><\/blockquote>\n\n\n\n<p>\u00dasp\u011b\u0161n\u011b si vedla tak\u00e9 <strong>Amnestie<\/strong> Jon\u00e1\u0161e Kar\u00e1ska, emotivn\u00ed thriller o manipulaci, n\u00e1sil\u00ed a zrad\u011b, nebo film <strong>Na st\u0159e\u0161e<\/strong> Ji\u0159\u00edho M\u00e1dla, p\u0159\u00edb\u011bh o setk\u00e1n\u00ed mlad\u00e9ho vietnamsk\u00e9ho emigranta a star\u00e9ho mu\u017ee, nesn\u00e1\u0161ej\u00edc\u00edho modern\u00ed sv\u011bt. Ob\u011b d\u00edla z\u00edskala shodn\u011b 7 nominac\u00ed. <strong>Sklen\u011bn\u00fd pokoj<\/strong> Julia \u0160ev\u010d\u00edka obdr\u017eel od akademik\u016f 6 nominac\u00ed.<\/p><br>\n\n\n\n<p>Na \u010cesk\u00e9ho lva v kategorii nejlep\u0161\u00ed film roku 2019 jsou nominov\u00e1ny filmy: <strong>Na st\u0159e\u0161e<\/strong> (producentka Monika Kristlov\u00e1), <strong>Nabarven\u00e9 pt\u00e1\u010de<\/strong> (producent V\u00e1clav Marhoul), <strong>Sta\u0159\u00edci<\/strong> (producent Ji\u0159\u00ed Kone\u010dn\u00fd), <strong>Tich\u00e9 doteky<\/strong> (producenti Petr Oukropec a Pavel Strnad) a <strong>Vlastn\u00edci<\/strong> (producent Marek Jen\u00ed\u010dek).<\/p><br>\n\n\n\n<div class=\"wp-block-image\"><figure class=\"alignleft size-large is-resized\"><img loading=\"lazy\" decoding=\"async\" src=\"https:\/\/www.mzone.cz\/wp-content\/uploads\/2019\/11\/\u010cesk\u00fd-lev.jpg\" alt=\"\" class=\"wp-image-14551\" width=\"127\" height=\"84\" srcset=\"https:\/\/www.mzone.cz\/wp-content\/uploads\/2019\/11\/\u010cesk\u00fd-lev.jpg 843w, https:\/\/www.mzone.cz\/wp-content\/uploads\/2019\/11\/\u010cesk\u00fd-lev-300x200.jpg 300w, https:\/\/www.mzone.cz\/wp-content\/uploads\/2019\/11\/\u010cesk\u00fd-lev-768x512.jpg 768w, https:\/\/www.mzone.cz\/wp-content\/uploads\/2019\/11\/\u010cesk\u00fd-lev-800x533.jpg 800w, https:\/\/www.mzone.cz\/wp-content\/uploads\/2019\/11\/\u010cesk\u00fd-lev-400x267.jpg 400w, https:\/\/www.mzone.cz\/wp-content\/uploads\/2019\/11\/\u010cesk\u00fd-lev-500x333.jpg 500w, https:\/\/www.mzone.cz\/wp-content\/uploads\/2019\/11\/\u010cesk\u00fd-lev-590x393.jpg 590w\" sizes=\"auto, (max-width: 127px) 100vw, 127px\" \/><\/figure><\/div>\n\n\n\n<h4><a href=\"https:\/\/www.mzone.cz\/cesky-lev-bude-v-modrobilych-barvach-galavecer-probehne-7-brezna\/\">\u010cesk\u00fd lev bude v modrob\u00edl\u00fdch barv\u00e1ch! Galave\u010der prob\u011bhne 7. b\u0159ezna<\/a><\/h4><br>\n\n\n\n<p>V\u00fdro\u010dn\u00ed cenu za nejlep\u0161\u00ed dokument\u00e1rn\u00ed film si v b\u0159eznu mohou odn\u00e9st sn\u00edmky <strong>D\u00e1lava<\/strong> (re\u017eie Martin Mare\u010dek), <strong>Forman vs. Forman<\/strong> (re\u017eie Helena T\u0159e\u0161t\u00edkov\u00e1 a Jakub Hejna), <strong>Ji\u0159\u00ed B\u011blohl\u00e1vek: \u201eKdy\u017e j\u00e1 tak r\u00e1d diriguju&#8230;&#8221;<\/strong> (re\u017eie Roman V\u00e1vra), <strong>Ji\u0159\u00ed Such\u00fd &#8211; Lehce s \u017eivotem se pr\u00e1t<\/strong> (re\u017eie Olga Sommerov\u00e1) a <strong>Ji\u0159\u00ed Trnka: Nalezen\u00fd p\u0159\u00edtel<\/strong> (re\u017eie Jo\u00ebl Farges).<\/p><br>\n\n\n\n<figure class=\"wp-block-image size-large\"><img loading=\"lazy\" decoding=\"async\" width=\"1024\" height=\"667\" src=\"https:\/\/www.mzone.cz\/wp-content\/uploads\/2020\/01\/Forman-vs-Forman-1024x667.jpg\" alt=\"\" class=\"wp-image-16972\" srcset=\"https:\/\/www.mzone.cz\/wp-content\/uploads\/2020\/01\/Forman-vs-Forman-1024x667.jpg 1024w, https:\/\/www.mzone.cz\/wp-content\/uploads\/2020\/01\/Forman-vs-Forman-300x195.jpg 300w, https:\/\/www.mzone.cz\/wp-content\/uploads\/2020\/01\/Forman-vs-Forman-768x500.jpg 768w, https:\/\/www.mzone.cz\/wp-content\/uploads\/2020\/01\/Forman-vs-Forman-590x384.jpg 590w, https:\/\/www.mzone.cz\/wp-content\/uploads\/2020\/01\/Forman-vs-Forman.jpg 1280w\" sizes=\"auto, (max-width: 1024px) 100vw, 1024px\" \/><\/figure><br>\n\n\n\n<p>So\u0161ka \u010cesk\u00e9ho lva za nejlep\u0161\u00ed \u017eensk\u00fd hereck\u00fd v\u00fdkon v hlavn\u00ed roli poputuje k jedn\u00e9 z n\u00e1sleduj\u00edc\u00edch dam: <strong>Jenov\u00e9f\u011b Bokov\u00e9<\/strong> za film Karel, j\u00e1 a ty, <strong>Iv\u011b Jan\u017eurov\u00e9<\/strong> za tituln\u00ed roli ve filmu Teroristka, <strong>Eli\u0161ce K\u0159enkov\u00e9<\/strong> za Tich\u00e9 doteky, <strong>Dagmar Havlov\u00e9<\/strong> nebo <strong>Tereze Ramba<\/strong> za jejich role ve filmu Vlastn\u00edci.<\/p><br>\n\n\n\n<p>Filmov\u00e9 akademiky zaujaly tak\u00e9 <strong>Anna Geislerov\u00e1<\/strong> ve filmu Amnestie, <strong>Jitka \u010cvan\u010darov\u00e1<\/strong> v Nabarven\u00e9m pt\u00e1\u010deti, <strong>Kate\u0159ina Jane\u010dkov\u00e1<\/strong> v N\u00e1rodn\u00ed t\u0159\u00edd\u011b i <strong>Kl\u00e1ra Mel\u00ed\u0161kov\u00e1<\/strong> a <strong>Pavla Tomicov\u00e1<\/strong> ve Vlastn\u00edc\u00edch, kter\u00fdm n\u00e1le\u017e\u00ed nominace v kategorii nejlep\u0161\u00ed \u017eensk\u00fd hereck\u00fd v\u00fdkon ve vedlej\u0161\u00ed roli.<\/p><br>\n\n\n\n<div class=\"wp-block-image\"><figure class=\"alignleft size-large is-resized\"><img loading=\"lazy\" decoding=\"async\" src=\"https:\/\/www.mzone.cz\/wp-content\/uploads\/2020\/01\/Zlat\u00e9-Gl\u00f3by-1024x683.jpg\" alt=\"\" class=\"wp-image-16407\" width=\"164\" height=\"108\" srcset=\"https:\/\/www.mzone.cz\/wp-content\/uploads\/2020\/01\/Zlat\u00e9-Gl\u00f3by-1024x683.jpg 1024w, https:\/\/www.mzone.cz\/wp-content\/uploads\/2020\/01\/Zlat\u00e9-Gl\u00f3by-300x200.jpg 300w, https:\/\/www.mzone.cz\/wp-content\/uploads\/2020\/01\/Zlat\u00e9-Gl\u00f3by-768x512.jpg 768w, https:\/\/www.mzone.cz\/wp-content\/uploads\/2020\/01\/Zlat\u00e9-Gl\u00f3by-800x533.jpg 800w, https:\/\/www.mzone.cz\/wp-content\/uploads\/2020\/01\/Zlat\u00e9-Gl\u00f3by-400x267.jpg 400w, https:\/\/www.mzone.cz\/wp-content\/uploads\/2020\/01\/Zlat\u00e9-Gl\u00f3by-500x333.jpg 500w, https:\/\/www.mzone.cz\/wp-content\/uploads\/2020\/01\/Zlat\u00e9-Gl\u00f3by-590x393.jpg 590w, https:\/\/www.mzone.cz\/wp-content\/uploads\/2020\/01\/Zlat\u00e9-Gl\u00f3by.jpg 1035w\" sizes=\"auto, (max-width: 164px) 100vw, 164px\" \/><\/figure><\/div>\n\n\n\n<h4><a href=\"https:\/\/www.mzone.cz\/zlate-globy-vyhral-brad-pitt-i-joker-moderator-vsechny-pobouril-svym-proslovem\/\">Zlat\u00e9 gl\u00f3by vyhr\u00e1l Brad Pitt i Joker! Moder\u00e1tor v\u0161echny pobou\u0159il sv\u00fdm proslovem<\/a><\/h4><br>\n\n\n\n<p>V kategorii nejlep\u0161\u00ed mu\u017esk\u00fd hereck\u00fd v\u00fdkon v hlavn\u00ed roli maj\u00ed \u0161anci \u201epolapit\u201c \u010cesk\u00e9ho lva <strong>Alois \u0160vehl\u00edk<\/strong> za film Na st\u0159e\u0161e, <strong>Petr Kotl\u00e1r<\/strong> za Nabarven\u00e9 pt\u00e1\u010de, <strong>Hynek \u010cerm\u00e1k<\/strong> za \u00fast\u0159edn\u00ed roli ve filmu N\u00e1rodn\u00ed t\u0159\u00edda, <strong>Ji\u0159\u00ed Schmitzer<\/strong> za Sta\u0159\u00edky a <strong>Ji\u0159\u00ed L\u00e1bus<\/strong> za film Vlastn\u00edci.<\/p><br>\n\n\n\n<p>Za nejlep\u0161\u00ed mu\u017esk\u00fd hereck\u00fd v\u00fdkon ve vedlej\u0161\u00ed roli byli do druh\u00e9ho kola nominov\u00e1ni <strong>Duy Anh Tran<\/strong> za film Na st\u0159e\u0161e, <strong>Jan Cina<\/strong> za film N\u00e1rodn\u00ed t\u0159\u00edda, <strong>Ladislav Mrkvi\u010dka<\/strong> za Sta\u0159\u00edky, <strong>Vojt\u011bch Kotek<\/strong> a <strong>David Novotn\u00fd<\/strong>, oba za role ve filmu Vlastn\u00edci.<\/p><br>\n\n\n\n<p>Cena za nejlep\u0161\u00ed re\u017eii m\u016f\u017ee putovat k <strong>Ji\u0159\u00edmu M\u00e1dlovi<\/strong> za film Na st\u0159e\u0161e, za <strong>V\u00e1clavem Marhoulem<\/strong> a jeho Nabarven\u00fdm pt\u00e1\u010detem, <strong>Martinem Du\u0161kem a Ond\u0159ejem Provazn\u00edkem<\/strong> za Sta\u0159\u00edky, <strong>Michalem Hogenauerem<\/strong> za film Tich\u00e9 doteky \u010di k <strong>Ji\u0159\u00edmu Havelkovi<\/strong>, re\u017eis\u00e9rovi filmu Vlastn\u00edci.<\/p><br>\n\n\n\n<figure class=\"wp-block-image size-large\"><img loading=\"lazy\" decoding=\"async\" width=\"760\" height=\"507\" src=\"https:\/\/www.mzone.cz\/wp-content\/uploads\/2019\/09\/Nabarven\u00e9-pt\u00e1\u010de.jpg\" alt=\"\" class=\"wp-image-12918\" srcset=\"https:\/\/www.mzone.cz\/wp-content\/uploads\/2019\/09\/Nabarven\u00e9-pt\u00e1\u010de.jpg 760w, https:\/\/www.mzone.cz\/wp-content\/uploads\/2019\/09\/Nabarven\u00e9-pt\u00e1\u010de-300x200.jpg 300w, https:\/\/www.mzone.cz\/wp-content\/uploads\/2019\/09\/Nabarven\u00e9-pt\u00e1\u010de-400x267.jpg 400w, https:\/\/www.mzone.cz\/wp-content\/uploads\/2019\/09\/Nabarven\u00e9-pt\u00e1\u010de-500x333.jpg 500w, https:\/\/www.mzone.cz\/wp-content\/uploads\/2019\/09\/Nabarven\u00e9-pt\u00e1\u010de-590x394.jpg 590w\" sizes=\"auto, (max-width: 760px) 100vw, 760px\" \/><\/figure><br>\n\n\n\n<p>\u010cFTA ozn\u00e1mila tak\u00e9 nominace na nestatut\u00e1rn\u00ed Cenu Magnesia za nejlep\u0161\u00ed studentsk\u00fd\u0301 film, kterou ud\u011bluje ve spolupr\u00e1ci s Karlovarsk\u00fdmi miner\u00e1ln\u00edmi vodami a St\u00e1tn\u00edm fondem kinematografie. Studentskou cenu si odnese jeden z t\u011bchto nominovan\u00fdch film\u016f: <strong>Ane\u017eka<\/strong> (re\u017eie Adam \u0160olt\u00e9s), <strong>Dcera<\/strong> (re\u017eie Daria Kashcheeva), <strong>Dezert\u00e9r<\/strong> (re\u017eie Sasha Stelchenko), <strong>Hra<\/strong> (re\u017eie Lun Sevnik) a <strong>SH_T HAPPENS<\/strong> (re\u017eie D\u00e1vid \u0160tumpf a Michaela Mih\u00e1lyi).<\/p><br>\n\n\n\n<div class=\"wp-block-image\"><figure class=\"alignleft size-large is-resized\"><img loading=\"lazy\" decoding=\"async\" src=\"https:\/\/www.mzone.cz\/wp-content\/uploads\/2020\/01\/La-Pel\u00edcula.jpg\" alt=\"\" class=\"wp-image-16556\" width=\"128\" height=\"84\" srcset=\"https:\/\/www.mzone.cz\/wp-content\/uploads\/2020\/01\/La-Pel\u00edcula.jpg 816w, https:\/\/www.mzone.cz\/wp-content\/uploads\/2020\/01\/La-Pel\u00edcula-300x200.jpg 300w, https:\/\/www.mzone.cz\/wp-content\/uploads\/2020\/01\/La-Pel\u00edcula-768x512.jpg 768w, https:\/\/www.mzone.cz\/wp-content\/uploads\/2020\/01\/La-Pel\u00edcula-800x533.jpg 800w, https:\/\/www.mzone.cz\/wp-content\/uploads\/2020\/01\/La-Pel\u00edcula-400x267.jpg 400w, https:\/\/www.mzone.cz\/wp-content\/uploads\/2020\/01\/La-Pel\u00edcula-500x333.jpg 500w, https:\/\/www.mzone.cz\/wp-content\/uploads\/2020\/01\/La-Pel\u00edcula-590x393.jpg 590w\" sizes=\"auto, (max-width: 128px) 100vw, 128px\" \/><\/figure><\/div>\n\n\n\n<h4><a href=\"https:\/\/www.mzone.cz\/festival-la-pelicula-v-unoru-predstavi-filmy-hvezdnych-spanelskych-reziseru\/\">Festival La Pel\u00edcula v \u00fanoru p\u0159edstav\u00ed filmy hv\u011bzdn\u00fdch \u0161pan\u011blsk\u00fdch re\u017eis\u00e9r\u016f<\/a><\/h4><br>\n\n\n\n<p>Nominace na ceny za televizn\u00ed tvorbu v kategori\u00edch nejlep\u0161\u00ed televizn\u00ed film nebo minis\u00e9rie a nejlep\u0161\u00ed dramatick\u00fd televizn\u00ed seri\u00e1l budou ozn\u00e1meny 10. \u00fanora. Akademici vyb\u00edraj\u00ed ze 14\u00a0d\u011bl p\u0159ihl\u00e1\u0161en\u00fdch \u010ceskou televiz\u00ed, FTV Prima, HBO Europe a TV Nova. V\u00edt\u011bzov\u00e9 budou vyhl\u00e1\u0161eni p\u0159\u00edmo na slavnostn\u00edm galave\u010deru 7. b\u0159ezna, kde Prezidium \u010cFTA ud\u011bl\u00ed tak\u00e9 cenu za mimo\u0159\u00e1dn\u00fd p\u0159\u00ednos \u010desk\u00e9 kinematografii.<\/p>","protected":false},"excerpt":{"rendered":"<p>\u010cesk\u00e1 filmov\u00e1 a televizn\u00ed akademie (\u010cFTA) ozn\u00e1mila nominace pro 27. ro\u010dn\u00edk v\u00fdro\u010dn\u00edch cen \u010cesk\u00fd lev. Akademici vyb\u00edrali z celkem 64 celove\u010dern\u00edch hran\u00fdch, animovan\u00fdch a dokument\u00e1rn\u00edch film\u016f, jejich\u017e spole\u010dn\u00fdm jmenovatelem bylo uveden\u00ed do distribuce v roce 2019 a spln\u011bn\u00ed statutu cen \u010cesk\u00fd lev. V 15 statut\u00e1rn\u00edch kategori\u00edch se o so\u0161ku \u010cesk\u00e9ho lva v z\u00e1v\u011bre\u010dn\u00e9m hlasov\u00e1n\u00ed utk\u00e1 [&hellip;]<\/p>\n","protected":false},"author":4,"featured_media":16957,"comment_status":"open","ping_status":"closed","sticky":false,"template":"","format":"standard","meta":{"kk_blocks_editor_width":"","_kiokenblocks_attr":"","_kiokenblocks_dimensions":"","footnotes":""},"categories":[73,71],"tags":[2256,1792,3027,541,314,31,2789,3315,1347],"class_list":["post-16956","post","type-post","status-publish","format-standard","has-post-thumbnail","hentry","category-filmy","category-kultura","tag-ceny","tag-cesky-lev","tag-cfta","tag-film","tag-filmy","tag-kultura","tag-nominace","tag-nominovane-filmy","tag-oceneni"],"yoast_head":"<!-- This site is optimized with the Yoast SEO plugin v27.5 - https:\/\/yoast.com\/product\/yoast-seo-wordpress\/ -->\n<title>Nejv\u00edce nominac\u00ed na \u010cesk\u00e9ho lva pat\u0159\u00ed film\u016fm Vlastn\u00edci, Nabarven\u00e9 pt\u00e1\u010de a Sta\u0159\u00edci - Mzone<\/title>\n<meta name=\"description\" content=\"\u010cesk\u00e1 filmov\u00e1 a televizn\u00ed akademie (\u010cFTA) ozn\u00e1mila nominace pro 27. ro\u010dn\u00edk v\u00fdro\u010dn\u00edch cen \u010cesk\u00fd lev. Akademici vyb\u00edrali z celkem 64 celove\u010dern\u00edch hran\u00fdch, animovan\u00fdch a dokument\u00e1rn\u00edch film\u016f, jejich\u017e spole\u010dn\u00fdm jmenovatelem bylo uveden\u00ed do distribuce v roce 2019 a spln\u011bn\u00ed statutu cen \u010cesk\u00fd lev.\" \/>\n<meta name=\"robots\" content=\"index, follow, max-snippet:-1, max-image-preview:large, max-video-preview:-1\" \/>\n<link rel=\"canonical\" href=\"https:\/\/www.mzone.cz\/en\/nejvice-nominaci-na-ceskeho-lva-patri-filmum-vlastnici-nabarvene-ptace-a-starici\/\" \/>\n<meta property=\"og:locale\" content=\"en_US\" \/>\n<meta property=\"og:type\" content=\"article\" \/>\n<meta property=\"og:title\" content=\"Nejv\u00edce nominac\u00ed na \u010cesk\u00e9ho lva pat\u0159\u00ed film\u016fm Vlastn\u00edci, Nabarven\u00e9 pt\u00e1\u010de a Sta\u0159\u00edci - Mzone\" \/>\n<meta property=\"og:description\" content=\"\u010cesk\u00e1 filmov\u00e1 a televizn\u00ed akademie (\u010cFTA) ozn\u00e1mila nominace pro 27. ro\u010dn\u00edk v\u00fdro\u010dn\u00edch cen \u010cesk\u00fd lev. Akademici vyb\u00edrali z celkem 64 celove\u010dern\u00edch hran\u00fdch, animovan\u00fdch a dokument\u00e1rn\u00edch film\u016f, jejich\u017e spole\u010dn\u00fdm jmenovatelem bylo uveden\u00ed do distribuce v roce 2019 a spln\u011bn\u00ed statutu cen \u010cesk\u00fd lev.\" \/>\n<meta property=\"og:url\" content=\"https:\/\/www.mzone.cz\/en\/nejvice-nominaci-na-ceskeho-lva-patri-filmum-vlastnici-nabarvene-ptace-a-starici\/\" \/>\n<meta property=\"og:site_name\" content=\"Mzone\" \/>\n<meta property=\"article:publisher\" content=\"https:\/\/www.facebook.com\/MzoneCZ\/\" \/>\n<meta property=\"article:published_time\" content=\"2020-01-16T17:00:00+00:00\" \/>\n<meta property=\"og:image\" content=\"https:\/\/www.mzone.cz\/wp-content\/uploads\/2020\/01\/Vlastn\u00edci.jpg\" \/>\n\t<meta property=\"og:image:width\" content=\"1098\" \/>\n\t<meta property=\"og:image:height\" content=\"732\" \/>\n\t<meta property=\"og:image:type\" content=\"image\/jpeg\" \/>\n<meta name=\"author\" content=\"Mzone\" \/>\n<meta name=\"twitter:card\" content=\"summary_large_image\" \/>\n<meta name=\"twitter:label1\" content=\"Written by\" \/>\n\t<meta name=\"twitter:data1\" content=\"Mzone\" \/>\n\t<meta name=\"twitter:label2\" content=\"Est. reading time\" \/>\n\t<meta name=\"twitter:data2\" content=\"5 minutes\" \/>\n<script type=\"application\/ld+json\" class=\"yoast-schema-graph\">{\"@context\":\"https:\\\/\\\/schema.org\",\"@graph\":[{\"@type\":\"Article\",\"@id\":\"https:\\\/\\\/www.mzone.cz\\\/nejvice-nominaci-na-ceskeho-lva-patri-filmum-vlastnici-nabarvene-ptace-a-starici\\\/#article\",\"isPartOf\":{\"@id\":\"https:\\\/\\\/www.mzone.cz\\\/nejvice-nominaci-na-ceskeho-lva-patri-filmum-vlastnici-nabarvene-ptace-a-starici\\\/\"},\"author\":{\"name\":\"Mzone\",\"@id\":\"https:\\\/\\\/www.mzone.cz\\\/#\\\/schema\\\/person\\\/9bc20cc422a99cac4af6ff9297da32d4\"},\"headline\":\"Nejv\u00edce nominac\u00ed na \u010cesk\u00e9ho lva pat\u0159\u00ed film\u016fm Vlastn\u00edci, Nabarven\u00e9 pt\u00e1\u010de a Sta\u0159\u00edci\",\"datePublished\":\"2020-01-16T17:00:00+00:00\",\"mainEntityOfPage\":{\"@id\":\"https:\\\/\\\/www.mzone.cz\\\/nejvice-nominaci-na-ceskeho-lva-patri-filmum-vlastnici-nabarvene-ptace-a-starici\\\/\"},\"wordCount\":1005,\"commentCount\":0,\"image\":{\"@id\":\"https:\\\/\\\/www.mzone.cz\\\/nejvice-nominaci-na-ceskeho-lva-patri-filmum-vlastnici-nabarvene-ptace-a-starici\\\/#primaryimage\"},\"thumbnailUrl\":\"https:\\\/\\\/www.mzone.cz\\\/wp-content\\\/uploads\\\/2020\\\/01\\\/Vlastn\u00edci.jpg\",\"keywords\":[\"ceny\",\"\u010cesk\u00fd lev\",\"\u010cFTA\",\"film\",\"Filmy\",\"Kultura\",\"nominace\",\"nominovan\u00e9 filmy\",\"ocen\u011bn\u00ed\"],\"articleSection\":[\"Filmy\",\"Kultura\"],\"inLanguage\":\"en-US\",\"potentialAction\":[{\"@type\":\"CommentAction\",\"name\":\"Comment\",\"target\":[\"https:\\\/\\\/www.mzone.cz\\\/nejvice-nominaci-na-ceskeho-lva-patri-filmum-vlastnici-nabarvene-ptace-a-starici\\\/#respond\"]}]},{\"@type\":\"WebPage\",\"@id\":\"https:\\\/\\\/www.mzone.cz\\\/nejvice-nominaci-na-ceskeho-lva-patri-filmum-vlastnici-nabarvene-ptace-a-starici\\\/\",\"url\":\"https:\\\/\\\/www.mzone.cz\\\/nejvice-nominaci-na-ceskeho-lva-patri-filmum-vlastnici-nabarvene-ptace-a-starici\\\/\",\"name\":\"Nejv\u00edce nominac\u00ed na \u010cesk\u00e9ho lva pat\u0159\u00ed film\u016fm Vlastn\u00edci, Nabarven\u00e9 pt\u00e1\u010de a Sta\u0159\u00edci - Mzone\",\"isPartOf\":{\"@id\":\"https:\\\/\\\/www.mzone.cz\\\/#website\"},\"primaryImageOfPage\":{\"@id\":\"https:\\\/\\\/www.mzone.cz\\\/nejvice-nominaci-na-ceskeho-lva-patri-filmum-vlastnici-nabarvene-ptace-a-starici\\\/#primaryimage\"},\"image\":{\"@id\":\"https:\\\/\\\/www.mzone.cz\\\/nejvice-nominaci-na-ceskeho-lva-patri-filmum-vlastnici-nabarvene-ptace-a-starici\\\/#primaryimage\"},\"thumbnailUrl\":\"https:\\\/\\\/www.mzone.cz\\\/wp-content\\\/uploads\\\/2020\\\/01\\\/Vlastn\u00edci.jpg\",\"datePublished\":\"2020-01-16T17:00:00+00:00\",\"author\":{\"@id\":\"https:\\\/\\\/www.mzone.cz\\\/#\\\/schema\\\/person\\\/9bc20cc422a99cac4af6ff9297da32d4\"},\"description\":\"\u010cesk\u00e1 filmov\u00e1 a televizn\u00ed akademie (\u010cFTA) ozn\u00e1mila nominace pro 27. ro\u010dn\u00edk v\u00fdro\u010dn\u00edch cen \u010cesk\u00fd lev. Akademici vyb\u00edrali z celkem 64 celove\u010dern\u00edch hran\u00fdch, animovan\u00fdch a dokument\u00e1rn\u00edch film\u016f, jejich\u017e spole\u010dn\u00fdm jmenovatelem bylo uveden\u00ed do distribuce v roce 2019 a spln\u011bn\u00ed statutu cen \u010cesk\u00fd lev.\",\"breadcrumb\":{\"@id\":\"https:\\\/\\\/www.mzone.cz\\\/nejvice-nominaci-na-ceskeho-lva-patri-filmum-vlastnici-nabarvene-ptace-a-starici\\\/#breadcrumb\"},\"inLanguage\":\"en-US\",\"potentialAction\":[{\"@type\":\"ReadAction\",\"target\":[\"https:\\\/\\\/www.mzone.cz\\\/nejvice-nominaci-na-ceskeho-lva-patri-filmum-vlastnici-nabarvene-ptace-a-starici\\\/\"]}]},{\"@type\":\"ImageObject\",\"inLanguage\":\"en-US\",\"@id\":\"https:\\\/\\\/www.mzone.cz\\\/nejvice-nominaci-na-ceskeho-lva-patri-filmum-vlastnici-nabarvene-ptace-a-starici\\\/#primaryimage\",\"url\":\"https:\\\/\\\/www.mzone.cz\\\/wp-content\\\/uploads\\\/2020\\\/01\\\/Vlastn\u00edci.jpg\",\"contentUrl\":\"https:\\\/\\\/www.mzone.cz\\\/wp-content\\\/uploads\\\/2020\\\/01\\\/Vlastn\u00edci.jpg\",\"width\":1098,\"height\":732},{\"@type\":\"BreadcrumbList\",\"@id\":\"https:\\\/\\\/www.mzone.cz\\\/nejvice-nominaci-na-ceskeho-lva-patri-filmum-vlastnici-nabarvene-ptace-a-starici\\\/#breadcrumb\",\"itemListElement\":[{\"@type\":\"ListItem\",\"position\":1,\"name\":\"Dom\u016f\",\"item\":\"https:\\\/\\\/www.mzone.cz\\\/\"},{\"@type\":\"ListItem\",\"position\":2,\"name\":\"Nejv\u00edce nominac\u00ed na \u010cesk\u00e9ho lva pat\u0159\u00ed film\u016fm Vlastn\u00edci, Nabarven\u00e9 pt\u00e1\u010de a Sta\u0159\u00edci\"}]},{\"@type\":\"WebSite\",\"@id\":\"https:\\\/\\\/www.mzone.cz\\\/#website\",\"url\":\"https:\\\/\\\/www.mzone.cz\\\/\",\"name\":\"Mzone\",\"description\":\"Magaz\u00edn nejen pro mu\u017ee\",\"potentialAction\":[{\"@type\":\"SearchAction\",\"target\":{\"@type\":\"EntryPoint\",\"urlTemplate\":\"https:\\\/\\\/www.mzone.cz\\\/?s={search_term_string}\"},\"query-input\":{\"@type\":\"PropertyValueSpecification\",\"valueRequired\":true,\"valueName\":\"search_term_string\"}}],\"inLanguage\":\"en-US\"},{\"@type\":\"Person\",\"@id\":\"https:\\\/\\\/www.mzone.cz\\\/#\\\/schema\\\/person\\\/9bc20cc422a99cac4af6ff9297da32d4\",\"name\":\"Mzone\",\"image\":{\"@type\":\"ImageObject\",\"inLanguage\":\"en-US\",\"@id\":\"https:\\\/\\\/secure.gravatar.com\\\/avatar\\\/e780a8630f3182a3d06dd667ab6bea151a0d155b0951bc15fe22633acdac0676?s=96&d=mm&r=g\",\"url\":\"https:\\\/\\\/secure.gravatar.com\\\/avatar\\\/e780a8630f3182a3d06dd667ab6bea151a0d155b0951bc15fe22633acdac0676?s=96&d=mm&r=g\",\"contentUrl\":\"https:\\\/\\\/secure.gravatar.com\\\/avatar\\\/e780a8630f3182a3d06dd667ab6bea151a0d155b0951bc15fe22633acdac0676?s=96&d=mm&r=g\",\"caption\":\"Mzone\"},\"url\":\"https:\\\/\\\/www.mzone.cz\\\/en\\\/author\\\/jakub\\\/\"}]}<\/script>\n<!-- \/ Yoast SEO plugin. -->","yoast_head_json":{"title":"Nejv\u00edce nominac\u00ed na \u010cesk\u00e9ho lva pat\u0159\u00ed film\u016fm Vlastn\u00edci, Nabarven\u00e9 pt\u00e1\u010de a Sta\u0159\u00edci - Mzone","description":"\u010cesk\u00e1 filmov\u00e1 a televizn\u00ed akademie (\u010cFTA) ozn\u00e1mila nominace pro 27. ro\u010dn\u00edk v\u00fdro\u010dn\u00edch cen \u010cesk\u00fd lev. Akademici vyb\u00edrali z celkem 64 celove\u010dern\u00edch hran\u00fdch, animovan\u00fdch a dokument\u00e1rn\u00edch film\u016f, jejich\u017e spole\u010dn\u00fdm jmenovatelem bylo uveden\u00ed do distribuce v roce 2019 a spln\u011bn\u00ed statutu cen \u010cesk\u00fd lev.","robots":{"index":"index","follow":"follow","max-snippet":"max-snippet:-1","max-image-preview":"max-image-preview:large","max-video-preview":"max-video-preview:-1"},"canonical":"https:\/\/www.mzone.cz\/en\/nejvice-nominaci-na-ceskeho-lva-patri-filmum-vlastnici-nabarvene-ptace-a-starici\/","og_locale":"en_US","og_type":"article","og_title":"Nejv\u00edce nominac\u00ed na \u010cesk\u00e9ho lva pat\u0159\u00ed film\u016fm Vlastn\u00edci, Nabarven\u00e9 pt\u00e1\u010de a Sta\u0159\u00edci - Mzone","og_description":"\u010cesk\u00e1 filmov\u00e1 a televizn\u00ed akademie (\u010cFTA) ozn\u00e1mila nominace pro 27. ro\u010dn\u00edk v\u00fdro\u010dn\u00edch cen \u010cesk\u00fd lev. Akademici vyb\u00edrali z celkem 64 celove\u010dern\u00edch hran\u00fdch, animovan\u00fdch a dokument\u00e1rn\u00edch film\u016f, jejich\u017e spole\u010dn\u00fdm jmenovatelem bylo uveden\u00ed do distribuce v roce 2019 a spln\u011bn\u00ed statutu cen \u010cesk\u00fd lev.","og_url":"https:\/\/www.mzone.cz\/en\/nejvice-nominaci-na-ceskeho-lva-patri-filmum-vlastnici-nabarvene-ptace-a-starici\/","og_site_name":"Mzone","article_publisher":"https:\/\/www.facebook.com\/MzoneCZ\/","article_published_time":"2020-01-16T17:00:00+00:00","og_image":[{"width":1098,"height":732,"url":"https:\/\/www.mzone.cz\/wp-content\/uploads\/2020\/01\/Vlastn\u00edci.jpg","type":"image\/jpeg"}],"author":"Mzone","twitter_card":"summary_large_image","twitter_misc":{"Written by":"Mzone","Est. reading time":"5 minutes"},"schema":{"@context":"https:\/\/schema.org","@graph":[{"@type":"Article","@id":"https:\/\/www.mzone.cz\/nejvice-nominaci-na-ceskeho-lva-patri-filmum-vlastnici-nabarvene-ptace-a-starici\/#article","isPartOf":{"@id":"https:\/\/www.mzone.cz\/nejvice-nominaci-na-ceskeho-lva-patri-filmum-vlastnici-nabarvene-ptace-a-starici\/"},"author":{"name":"Mzone","@id":"https:\/\/www.mzone.cz\/#\/schema\/person\/9bc20cc422a99cac4af6ff9297da32d4"},"headline":"Nejv\u00edce nominac\u00ed na \u010cesk\u00e9ho lva pat\u0159\u00ed film\u016fm Vlastn\u00edci, Nabarven\u00e9 pt\u00e1\u010de a Sta\u0159\u00edci","datePublished":"2020-01-16T17:00:00+00:00","mainEntityOfPage":{"@id":"https:\/\/www.mzone.cz\/nejvice-nominaci-na-ceskeho-lva-patri-filmum-vlastnici-nabarvene-ptace-a-starici\/"},"wordCount":1005,"commentCount":0,"image":{"@id":"https:\/\/www.mzone.cz\/nejvice-nominaci-na-ceskeho-lva-patri-filmum-vlastnici-nabarvene-ptace-a-starici\/#primaryimage"},"thumbnailUrl":"https:\/\/www.mzone.cz\/wp-content\/uploads\/2020\/01\/Vlastn\u00edci.jpg","keywords":["ceny","\u010cesk\u00fd lev","\u010cFTA","film","Filmy","Kultura","nominace","nominovan\u00e9 filmy","ocen\u011bn\u00ed"],"articleSection":["Filmy","Kultura"],"inLanguage":"en-US","potentialAction":[{"@type":"CommentAction","name":"Comment","target":["https:\/\/www.mzone.cz\/nejvice-nominaci-na-ceskeho-lva-patri-filmum-vlastnici-nabarvene-ptace-a-starici\/#respond"]}]},{"@type":"WebPage","@id":"https:\/\/www.mzone.cz\/nejvice-nominaci-na-ceskeho-lva-patri-filmum-vlastnici-nabarvene-ptace-a-starici\/","url":"https:\/\/www.mzone.cz\/nejvice-nominaci-na-ceskeho-lva-patri-filmum-vlastnici-nabarvene-ptace-a-starici\/","name":"Nejv\u00edce nominac\u00ed na \u010cesk\u00e9ho lva pat\u0159\u00ed film\u016fm Vlastn\u00edci, Nabarven\u00e9 pt\u00e1\u010de a Sta\u0159\u00edci - Mzone","isPartOf":{"@id":"https:\/\/www.mzone.cz\/#website"},"primaryImageOfPage":{"@id":"https:\/\/www.mzone.cz\/nejvice-nominaci-na-ceskeho-lva-patri-filmum-vlastnici-nabarvene-ptace-a-starici\/#primaryimage"},"image":{"@id":"https:\/\/www.mzone.cz\/nejvice-nominaci-na-ceskeho-lva-patri-filmum-vlastnici-nabarvene-ptace-a-starici\/#primaryimage"},"thumbnailUrl":"https:\/\/www.mzone.cz\/wp-content\/uploads\/2020\/01\/Vlastn\u00edci.jpg","datePublished":"2020-01-16T17:00:00+00:00","author":{"@id":"https:\/\/www.mzone.cz\/#\/schema\/person\/9bc20cc422a99cac4af6ff9297da32d4"},"description":"\u010cesk\u00e1 filmov\u00e1 a televizn\u00ed akademie (\u010cFTA) ozn\u00e1mila nominace pro 27. ro\u010dn\u00edk v\u00fdro\u010dn\u00edch cen \u010cesk\u00fd lev. Akademici vyb\u00edrali z celkem 64 celove\u010dern\u00edch hran\u00fdch, animovan\u00fdch a dokument\u00e1rn\u00edch film\u016f, jejich\u017e spole\u010dn\u00fdm jmenovatelem bylo uveden\u00ed do distribuce v roce 2019 a spln\u011bn\u00ed statutu cen \u010cesk\u00fd lev.","breadcrumb":{"@id":"https:\/\/www.mzone.cz\/nejvice-nominaci-na-ceskeho-lva-patri-filmum-vlastnici-nabarvene-ptace-a-starici\/#breadcrumb"},"inLanguage":"en-US","potentialAction":[{"@type":"ReadAction","target":["https:\/\/www.mzone.cz\/nejvice-nominaci-na-ceskeho-lva-patri-filmum-vlastnici-nabarvene-ptace-a-starici\/"]}]},{"@type":"ImageObject","inLanguage":"en-US","@id":"https:\/\/www.mzone.cz\/nejvice-nominaci-na-ceskeho-lva-patri-filmum-vlastnici-nabarvene-ptace-a-starici\/#primaryimage","url":"https:\/\/www.mzone.cz\/wp-content\/uploads\/2020\/01\/Vlastn\u00edci.jpg","contentUrl":"https:\/\/www.mzone.cz\/wp-content\/uploads\/2020\/01\/Vlastn\u00edci.jpg","width":1098,"height":732},{"@type":"BreadcrumbList","@id":"https:\/\/www.mzone.cz\/nejvice-nominaci-na-ceskeho-lva-patri-filmum-vlastnici-nabarvene-ptace-a-starici\/#breadcrumb","itemListElement":[{"@type":"ListItem","position":1,"name":"Dom\u016f","item":"https:\/\/www.mzone.cz\/"},{"@type":"ListItem","position":2,"name":"Nejv\u00edce nominac\u00ed na \u010cesk\u00e9ho lva pat\u0159\u00ed film\u016fm Vlastn\u00edci, Nabarven\u00e9 pt\u00e1\u010de a Sta\u0159\u00edci"}]},{"@type":"WebSite","@id":"https:\/\/www.mzone.cz\/#website","url":"https:\/\/www.mzone.cz\/","name":"Mzone","description":"Magaz\u00edn nejen pro mu\u017ee","potentialAction":[{"@type":"SearchAction","target":{"@type":"EntryPoint","urlTemplate":"https:\/\/www.mzone.cz\/?s={search_term_string}"},"query-input":{"@type":"PropertyValueSpecification","valueRequired":true,"valueName":"search_term_string"}}],"inLanguage":"en-US"},{"@type":"Person","@id":"https:\/\/www.mzone.cz\/#\/schema\/person\/9bc20cc422a99cac4af6ff9297da32d4","name":"Mzone","image":{"@type":"ImageObject","inLanguage":"en-US","@id":"https:\/\/secure.gravatar.com\/avatar\/e780a8630f3182a3d06dd667ab6bea151a0d155b0951bc15fe22633acdac0676?s=96&d=mm&r=g","url":"https:\/\/secure.gravatar.com\/avatar\/e780a8630f3182a3d06dd667ab6bea151a0d155b0951bc15fe22633acdac0676?s=96&d=mm&r=g","contentUrl":"https:\/\/secure.gravatar.com\/avatar\/e780a8630f3182a3d06dd667ab6bea151a0d155b0951bc15fe22633acdac0676?s=96&d=mm&r=g","caption":"Mzone"},"url":"https:\/\/www.mzone.cz\/en\/author\/jakub\/"}]}},"_links":{"self":[{"href":"https:\/\/www.mzone.cz\/en\/wp-json\/wp\/v2\/posts\/16956","targetHints":{"allow":["GET"]}}],"collection":[{"href":"https:\/\/www.mzone.cz\/en\/wp-json\/wp\/v2\/posts"}],"about":[{"href":"https:\/\/www.mzone.cz\/en\/wp-json\/wp\/v2\/types\/post"}],"author":[{"embeddable":true,"href":"https:\/\/www.mzone.cz\/en\/wp-json\/wp\/v2\/users\/4"}],"replies":[{"embeddable":true,"href":"https:\/\/www.mzone.cz\/en\/wp-json\/wp\/v2\/comments?post=16956"}],"version-history":[{"count":12,"href":"https:\/\/www.mzone.cz\/en\/wp-json\/wp\/v2\/posts\/16956\/revisions"}],"predecessor-version":[{"id":16976,"href":"https:\/\/www.mzone.cz\/en\/wp-json\/wp\/v2\/posts\/16956\/revisions\/16976"}],"wp:featuredmedia":[{"embeddable":true,"href":"https:\/\/www.mzone.cz\/en\/wp-json\/wp\/v2\/media\/16957"}],"wp:attachment":[{"href":"https:\/\/www.mzone.cz\/en\/wp-json\/wp\/v2\/media?parent=16956"}],"wp:term":[{"taxonomy":"category","embeddable":true,"href":"https:\/\/www.mzone.cz\/en\/wp-json\/wp\/v2\/categories?post=16956"},{"taxonomy":"post_tag","embeddable":true,"href":"https:\/\/www.mzone.cz\/en\/wp-json\/wp\/v2\/tags?post=16956"}],"curies":[{"name":"wp","href":"https:\/\/api.w.org\/{rel}","templated":true}]}}