{"id":17150,"date":"2023-08-27T21:00:00","date_gmt":"2023-08-27T19:00:00","guid":{"rendered":"https:\/\/www.mzone.cz\/?p=17150"},"modified":"2023-08-27T21:02:10","modified_gmt":"2023-08-27T19:02:10","slug":"legendarni-zlocinec-charles-manson","status":"publish","type":"post","link":"https:\/\/www.mzone.cz\/en\/legendarni-zlocinec-charles-manson\/","title":{"rendered":"Legend\u00e1rn\u00ed zlo\u010dinec Charles Manson: Tuhle zr\u016fdu byste za souseda necht\u011bli!"},"content":{"rendered":"<p><strong>V popul\u00e1rn\u00ed kultu\u0159e se stal Charles Manson symbolem zla. Kdy\u017e se v roce 1969 sv\u011bt dozv\u011bd\u011bl o s\u00e9rii vra\u017ed chladnokrevn\u011b proveden\u00fdch skupinou mlad\u00fdch lid\u00ed, shrom\u00e1\u017ed\u011bn\u00fdch kolem Charlese Mansona, byl \u0161okov\u00e1n. Manson\u016fv \u00fachyln\u00fd pl\u00e1n spo\u010d\u00edval v tom, \u017ee se prost\u0159ednictv\u00edm vra\u017ed slavn\u00fdch osobnost\u00ed stane p\u00e1nem sv\u011bta. Jak se tedy v\u0161e od za\u010d\u00e1tku odehr\u00e1lo a co st\u00e1lo u zrodu tohoto legend\u00e1rn\u00edho zlo\u010dince?<\/strong><\/p><br>\n\n\n\n<p>Charles Manson v podstat\u011b nikdy&nbsp;nepoznal norm\u00e1ln\u00ed rodinn\u00fd \u017eivot. Narodil se 12. listopadu 1934 v Cincinnati ve st\u00e1t\u011b Ohio&nbsp;\u0161estn\u00e1ctilet\u00e9 prostitutce.<\/p>\n\n\n\n<blockquote class=\"wp-block-quote is-layout-flow wp-block-quote-is-layout-flow\"><p>Sv\u00e9ho otce nikdy nepoznal. Jeho matka Kathleen za\u010dala nez\u0159\u00edzen\u011b p\u00edt a \u00fadajn\u011b m\u011bla mal\u00e9ho chlapce prodat jedn\u00e9 bezd\u011btn\u00e9 serv\u00edrce za fla\u0161ku alkoholu.<\/p><\/blockquote>\n\n\n\n<p>V roce 1939 pak byla Mansonova matka zat\u010dena a vzata do v\u011bzen\u00ed na p\u011bt let za vyloupen\u00ed autoservisu. Od t\u00e9 doby za\u010dala Mansonova&nbsp;pou\u0165 po p\u0159\u00edbuzn\u00fdch, d\u011btsk\u00fdch domovech a pozd\u011bji v\u011bzen\u00edch.<\/p><br>\n\n\n\n<figure class=\"wp-block-image size-large is-resized\"><img loading=\"lazy\" decoding=\"async\" src=\"https:\/\/www.mzone.cz\/wp-content\/uploads\/2020\/01\/1538699742869.jpeg\" alt=\"\" class=\"wp-image-17156\" width=\"575\" height=\"324\" srcset=\"https:\/\/www.mzone.cz\/wp-content\/uploads\/2020\/01\/1538699742869.jpeg 406w, https:\/\/www.mzone.cz\/wp-content\/uploads\/2020\/01\/1538699742869-300x169.jpeg 300w\" sizes=\"auto, (max-width: 575px) 100vw, 575px\" \/><\/figure><br>\n\n\n\n<p>Ji\u017e ve dvan\u00e1cti letech byl zadr\u017een, jak vylupuje obchody. Z n\u00e1pravn\u00e9ho \u00fastavu, kam byl posl\u00e1n, v\u0161ak po \u010dty\u0159ech dnech utekl v kraden\u00e9m aut\u011b.&nbsp;Ve t\u0159in\u00e1cti byl pak odsouzen za ozbrojenou loupe\u017e. Kdy\u017e tedy za\u010d\u00ednal asi ve t\u0159iceti letech sv\u016fj \u017eivot n\u00e1bo\u017eensk\u00e9ho v\u016fdce, m\u011bl za sebou ji\u017e sedmn\u00e1ct let str\u00e1ven\u00fdch v n\u00e1pravn\u00fdch za\u0159\u00edzen\u00edch.<\/p><br>\n\n\n\n<p>V den sv\u00e9ho propu\u0161t\u011bn\u00ed po\u017e\u00e1dal Manson o povolen\u00ed p\u0159est\u011bhovat se do San Franciska, kde se&nbsp;zkou\u0161el u\u017eivit \u017eebr\u00e1n\u00edm na ulici za doprovodu kytary. D\u00edky tomu se sezn\u00e1mil s t\u0159iadvacetiletou studentkou <strong>Mary Brunnerovou<\/strong>, kter\u00e1 si p\u0159ivyd\u011bl\u00e1vala v m\u00edstn\u00ed knihovn\u011b. Manson se nast\u011bhoval k n\u00ed dom\u016f a za\u010dali spolu \u017e\u00edt. Av\u0161ak zanedlouho si do domu za\u010dal vodit dal\u0161\u00ed \u017eeny a sv\u00e9 p\u0159\u00edvr\u017eence.<\/p><br>\n\n\n\n<p>Z Mansona se&nbsp;postupn\u011b stal samozvan\u00fd guru&nbsp;a za\u010dal sv\u00e9 p\u0159\u00edvr\u017eence krmit r\u016fzn\u00fdmi&nbsp;filozofick\u00fdmi cit\u00e1ty a \u00favahami, kter\u00e9 se nau\u010dil ve v\u011bzen\u00ed p\u0159i studov\u00e1n\u00ed scientologie.<\/p>\n\n\n\n<blockquote class=\"wp-block-quote is-layout-flow wp-block-quote-is-layout-flow\"><p>Brzy m\u011bl sv\u00e9 prvn\u00ed mlad\u00e9 stoupence a jeho \u2018\u2018rodina\u2018\u2018 se za\u010dala pomalu ale jist\u011b rozr\u016fstat.&nbsp;P\u0159ev\u00e1\u017en\u011b v n\u00ed byly mlad\u00e9 \u017eeny a d\u00edvky.<\/p><\/blockquote>\n\n\n\n<p>Na ja\u0159e roku 1968 se sezn\u00e1mil s <strong>Denisem Wilsonem<\/strong>, \u010dlenem skupiny The Beach Boys. Ten byl fascinov\u00e1n celou Mansonovou spole\u010dnost\u00ed a nab\u00eddl jim na n\u011bjakou dobu st\u0159echu nad hlavou.&nbsp;Manson a spol. si tak v klidu \u017eili za jeho v\u00fddaje. B\u011bhem n\u011bkolika dn\u00ed se po\u010det bandy rozrostl na dvojn\u00e1sobek a&nbsp;\u017eeny za\u010dali slou\u017eit ob\u011bma mu\u017e\u016fm jako slu\u017eky i sexu\u00e1ln\u00ed otrokyn\u011b. Wilson dokonce spolu s producentem <strong>Terry Melcherem<\/strong> pomohl Mansonovi nahr\u00e1t p\u00edse\u0148 zn\u00e1mou jako&nbsp;\u201eNever Learn Not To Love\u201c. Postupem \u010dasu a se vzr\u016fstaj\u00edc\u00ed spot\u0159ebou marihuany se Manson s Wilsonem rozkmot\u0159ili a guru tak musel hledat nov\u00e9 \u00fato\u010di\u0161t\u011b pro sv\u00e9 ove\u010dky.<\/p><br>\n\n\n\n<div class=\"wp-block-image\"><figure class=\"alignleft size-large is-resized\"><img loading=\"lazy\" decoding=\"async\" src=\"https:\/\/www.mzone.cz\/wp-content\/uploads\/2019\/09\/Depositphotos_12283203_l-2015-1024x682.jpg\" alt=\"\" class=\"wp-image-11260\" width=\"128\" height=\"85\" srcset=\"https:\/\/www.mzone.cz\/wp-content\/uploads\/2019\/09\/Depositphotos_12283203_l-2015-1024x682.jpg 1024w, https:\/\/www.mzone.cz\/wp-content\/uploads\/2019\/09\/Depositphotos_12283203_l-2015-300x200.jpg 300w, https:\/\/www.mzone.cz\/wp-content\/uploads\/2019\/09\/Depositphotos_12283203_l-2015-768x512.jpg 768w, https:\/\/www.mzone.cz\/wp-content\/uploads\/2019\/09\/Depositphotos_12283203_l-2015-800x533.jpg 800w, https:\/\/www.mzone.cz\/wp-content\/uploads\/2019\/09\/Depositphotos_12283203_l-2015-400x267.jpg 400w, https:\/\/www.mzone.cz\/wp-content\/uploads\/2019\/09\/Depositphotos_12283203_l-2015-500x333.jpg 500w, https:\/\/www.mzone.cz\/wp-content\/uploads\/2019\/09\/Depositphotos_12283203_l-2015-1170x780.jpg 1170w, https:\/\/www.mzone.cz\/wp-content\/uploads\/2019\/09\/Depositphotos_12283203_l-2015-590x393.jpg 590w, https:\/\/www.mzone.cz\/wp-content\/uploads\/2019\/09\/Depositphotos_12283203_l-2015.jpg 2000w\" sizes=\"auto, (max-width: 128px) 100vw, 128px\" \/><\/figure><\/div>\n\n\n\n<h4><a href=\"https:\/\/www.mzone.cz\/seriovy-versus-masovy-vrah-v-nazvoslovi-leckdy-tapou-i-samotni-tvurci-detektivek\/\">S\u00e9riov\u00fd versus masov\u00fd vrah: V n\u00e1zvoslov\u00ed leckdy t\u00e1pou i samotn\u00ed tv\u016frci detektivek<\/a><\/h4><br>\n\n\n\n<p>T\u00edm se pro Charlese a jeho rodinu stala v srpnu 1968 <strong>Spahnova farma<\/strong> (ran\u010d) v Topanga Canyonu.&nbsp;Zde se pomalu p\u0159ipravovali na bl\u00ed\u017e\u00edc\u00ed se apokalypsu.<\/p><br>\n\n\n\n<figure class=\"wp-block-image size-large\"><img loading=\"lazy\" decoding=\"async\" width=\"800\" height=\"534\" src=\"https:\/\/www.mzone.cz\/wp-content\/uploads\/2020\/01\/SpahnRanch.jpg\" alt=\"\" class=\"wp-image-17167\" srcset=\"https:\/\/www.mzone.cz\/wp-content\/uploads\/2020\/01\/SpahnRanch.jpg 800w, https:\/\/www.mzone.cz\/wp-content\/uploads\/2020\/01\/SpahnRanch-300x200.jpg 300w, https:\/\/www.mzone.cz\/wp-content\/uploads\/2020\/01\/SpahnRanch-768x513.jpg 768w, https:\/\/www.mzone.cz\/wp-content\/uploads\/2020\/01\/SpahnRanch-400x267.jpg 400w, https:\/\/www.mzone.cz\/wp-content\/uploads\/2020\/01\/SpahnRanch-500x333.jpg 500w, https:\/\/www.mzone.cz\/wp-content\/uploads\/2020\/01\/SpahnRanch-590x394.jpg 590w\" sizes=\"auto, (max-width: 800px) 100vw, 800px\" \/><\/figure><br>\n\n\n\n<p>Kolem t\u00e1bor\u00e1ku d\u011blali divok\u00e9 seance nazvan\u00e9 \u201eHelter Skelter\u201c. Zde se tak\u00e9 zrodil pl\u00e1n, kter\u00fd zahrnoval&nbsp;rozpout\u00e1n\u00ed rasov\u00fdch nepokoj\u016f prost\u0159ednictv\u00edm vra\u017ed bohat\u00fdch a slavn\u00fdch osobnost\u00ed, kter\u00e9 se svedou na \u201e\u010dernochy\u201c. Nepokoje pak m\u011bly v\u00e9st k ob\u010dansk\u00e9&nbsp;v\u00e1lce mezi \u010dern\u00fdmi a b\u00edl\u00fdmi. Tu by m\u011bli podle Mansona vyhr\u00e1t \u010dern\u00ed. Ti v\u0161ak, a\u017e se ujmou vl\u00e1dy, budou d\u00edky sv\u00e9 nezku\u0161enosti tak bezradn\u00ed, \u017ee po\u017e\u00e1daj\u00ed Mansona a jeho v\u011brn\u00e9, aby se vl\u00e1dy ujali oni, p\u0159esto\u017ee jsou b\u00edl\u00ed.<\/p>\n\n\n\n<blockquote class=\"wp-block-quote is-layout-flow wp-block-quote-is-layout-flow\"><p>18. kv\u011btna 1969 za\u010dal masakr organizovan\u00fd Charlesem Mansonem. Ob\u011b\u0165mi m\u011bly b\u00fdt takzvan\u00e1 \u201eprasata\u201c, tedy b\u00edl\u00ed prominenti.<\/p><\/blockquote>\n\n\n\n<p>Jejich&nbsp;prvn\u00ed ob\u011bt\u00ed byl dealer drog, kter\u00e9ho Mansonovi stoupenci zast\u0159elili. O m\u011bs\u00edc pozd\u011bji poslal Manson n\u011bkolik \u010dlen\u016f sv\u00e9 &#8220;rodiny&#8221; do domu hudebn\u00edka&nbsp;<strong>Garyho Hinmana<\/strong>, aby od n\u011bj z\u00edskali pen\u00edze. Dva dny dr\u017eeli nespolupracuj\u00edc\u00edho Hinmana jako rukojm\u00ed, pot\u00e9 jim do\u0161la trp\u011blivost a za\u010dali se \u0159\u00eddit instrukcemi sv\u00e9ho v\u016fdce.&nbsp;Jeden z mansonov\u00fdch fanatik\u016f mu nejprve usekl ucho, aby ho nechal vykrv\u00e1cet, ale potom se rozhodl ubodat Hinmana k smrti a jeho krv\u00ed napsal za ze\u010f n\u00e1pis &#8220;Politick\u00e9 prase&#8221;.<\/p><br>\n\n\n\n<figure class=\"wp-block-image size-large is-resized\"><img loading=\"lazy\" decoding=\"async\" src=\"https:\/\/www.mzone.cz\/wp-content\/uploads\/2020\/01\/tumblr_navfb72kke1tr5su2o1_500.jpg\" alt=\"\" class=\"wp-image-17174\" width=\"574\" height=\"414\" srcset=\"https:\/\/www.mzone.cz\/wp-content\/uploads\/2020\/01\/tumblr_navfb72kke1tr5su2o1_500.jpg 500w, https:\/\/www.mzone.cz\/wp-content\/uploads\/2020\/01\/tumblr_navfb72kke1tr5su2o1_500-300x217.jpg 300w\" sizes=\"auto, (max-width: 574px) 100vw, 574px\" \/><\/figure><br>\n\n\n\n<p>Nejv\u011bt\u0161\u00ed a nejbrut\u00e1ln\u011bj\u0161\u00ed masakr&nbsp;Mansonovy skupiny p\u0159i\u0161el 6. srpna 1969. Guru na\u0159\u00eddil sv\u00fdm stoupenc\u016fm <strong>Texu Watsonovi<\/strong>, <strong>Susan Atkinsov\u00e9<\/strong>, <strong>Lind\u011b Kasabianov\u00e9<\/strong> a <strong>Patricii Krenwinkelov\u00e9<\/strong>, aby vyrazili k domu producenta <strong>Melchera<\/strong>, kter\u00fd pomohl produkovat jeho p\u00edse\u0148, a zabili ka\u017ed\u00e9ho, koho uvid\u00ed.<\/p>\n\n\n\n<blockquote class=\"wp-block-quote is-layout-flow wp-block-quote-is-layout-flow\"><p>Nejprve chladnokrevn\u011b a zbl\u00edzka zast\u0159elili teprve osmn\u00e1ctilet\u00e9ho Stevena Parenta, kter\u00fd k domu p\u0159ijel. Pot\u00e9 vnikli do domu, kde v t\u00e9 dob\u011b p\u0159eb\u00fdvala t\u011bhotn\u00e1 man\u017eelka&nbsp;re\u017eis\u00e9ra Romana Polansk\u00e9ho Sharon Tateov\u00e1 a n\u011bkolik jej\u00edch p\u0159\u00e1tel \u2013 Wojciech Frykowski, kade\u0159n\u00edk Jay Sebring a d\u011bdi\u010dka tab\u00e1kov\u00e9ho magn\u00e1ta Abigail Folgerov\u00e1. Zlo\u010dinci zjistili, \u017ee v dom\u011b nen\u00ed \u017e\u00e1dn\u00e1 hotovost, co\u017e je roz\u010d\u00edlilo,&nbsp;sedmkr\u00e1t bodli kade\u0159n\u00edka Sterlinga a nechali ho pomalu um\u00edrat.<\/p><\/blockquote>\n\n\n\n<p>Rodinn\u00fd p\u0159\u00edtel <strong>Frykowski<\/strong> m\u011bl sv\u00e1zan\u00e9 ruce ru\u010dn\u00edkem, ale poda\u0159ilo se mu postavit na nohy a za\u010dal z\u00e1pasit s Mansonovou stoupenkyn\u00ed <strong>Susan Atkinsovou<\/strong>. Ta ho za\u010dala no\u017eem bodat do nohou, on se ale p\u0159esto rozb\u011bhl k hlavn\u00edmu vchodu. Jen\u017ee se mu do cesty postavil <strong>Watson<\/strong>, kter\u00fd ho n\u011bkolikr\u00e1t&nbsp;ude\u0159il zbran\u00ed do hlavy, potom ho pobodal a je\u0161t\u011b k tomu i dvakr\u00e1t post\u0159elil.<\/p><br>\n\n\n\n<figure class=\"wp-block-image size-large is-resized\"><img loading=\"lazy\" decoding=\"async\" src=\"https:\/\/www.mzone.cz\/wp-content\/uploads\/2020\/01\/family.jpg\" alt=\"\" class=\"wp-image-17177\" width=\"575\" height=\"298\" srcset=\"https:\/\/www.mzone.cz\/wp-content\/uploads\/2020\/01\/family.jpg 400w, https:\/\/www.mzone.cz\/wp-content\/uploads\/2020\/01\/family-300x155.jpg 300w\" sizes=\"auto, (max-width: 575px) 100vw, 575px\" \/><\/figure><br>\n\n\n\n<p>Mezit\u00edm do\u0161lo mezi n\u00e1siln\u00edky k rozm\u00ed\u0161ce, kter\u00e9 se sna\u017eila vyu\u017e\u00edt <strong>Abigail Folgerov\u00e1<\/strong> a rozb\u011bhla se z m\u00edstnosti pry\u010d. Poda\u0159ilo se j\u00ed dostat p\u0159ed d\u016fm, ale tam se na n\u00ed jedna z ozbrojen\u00fdch d\u00edvek vrhla a n\u011bkolikr\u00e1t j\u00ed bodla do zad. V tu chv\u00edli tam p\u0159isp\u011bchal i <strong>Watson<\/strong>, a oba&nbsp;spole\u010dn\u011b zasadili um\u00edraj\u00edc\u00ed \u017een\u011b celkem osmadvacet bodn\u00fdch ran. Um\u00edraj\u00edc\u00ed <strong>Frykowski<\/strong> se pokusil odplazit p\u0159ed d\u016fm, ale na tr\u00e1vn\u00edku ho dostihl <strong>Watson<\/strong>, kter\u00fd ho doslova&nbsp;rozbodal k smrti. Zasadil mu celkem&nbsp;jednapades\u00e1t bodn\u00fdch ran.<\/p>\n\n\n\n<blockquote class=\"wp-block-quote is-layout-flow wp-block-quote-is-layout-flow\"><p>Pot\u00e9 se vr\u00e1til do domu, kde bylo pot\u0159eba skoncovat s posledn\u00ed p\u0159e\u017eiv\u0161\u00ed.&nbsp;Tou byla t\u011bhotn\u00e1 Sharon Tateov\u00e1, kter\u00e1 prosila o \u017eivot sv\u016fj i sv\u00e9ho d\u00edt\u011bte, ale nikdo v dom\u011b s n\u00ed nem\u011bl slitov\u00e1n\u00ed. Pobodali ji celkem \u0161estn\u00e1ctkr\u00e1t.<\/p><\/blockquote>\n\n\n\n<p>Ve smrteln\u00e9 ag\u00f3nii neust\u00e1le \u0159vala, \u017ee bude matkou, a\u017e do chv\u00edle kdy vydechla naposledy. P\u0159i odchodu napsali vrazi na ze\u010f n\u00e1pis \u201epig\u201c (prase). Stejn\u00fd osud jako p\u0159edchoz\u00ed \u010dty\u0159i ne\u0161\u0165astn\u00edky \u010dekal pozd\u011bji i rodinu majitele supermarketu <strong>Lena LaBiancy<\/strong>.<\/p><br>\n\n\n\n<div class=\"wp-block-image\"><figure class=\"alignleft size-large is-resized\"><img loading=\"lazy\" decoding=\"async\" src=\"https:\/\/www.mzone.cz\/wp-content\/uploads\/2018\/11\/eye.jpg\" alt=\"\" class=\"wp-image-1543\" width=\"126\" height=\"84\" srcset=\"https:\/\/www.mzone.cz\/wp-content\/uploads\/2018\/11\/eye.jpg 800w, https:\/\/www.mzone.cz\/wp-content\/uploads\/2018\/11\/eye-300x200.jpg 300w, https:\/\/www.mzone.cz\/wp-content\/uploads\/2018\/11\/eye-768x513.jpg 768w, https:\/\/www.mzone.cz\/wp-content\/uploads\/2018\/11\/eye-400x267.jpg 400w, https:\/\/www.mzone.cz\/wp-content\/uploads\/2018\/11\/eye-500x333.jpg 500w, https:\/\/www.mzone.cz\/wp-content\/uploads\/2018\/11\/eye-590x394.jpg 590w\" sizes=\"auto, (max-width: 126px) 100vw, 126px\" \/><\/figure><\/div>\n\n\n\n<h4><a href=\"https:\/\/www.mzone.cz\/seriovi-vrazi-john-wayne-gacy-dabelsky-klaun\/\">S\u00e9riov\u00ed vrazi: John Wayne Gacy \u2013 \u010e\u00e1belsk\u00fd klaun<\/a><\/h4><br>\n\n\n\n<p>Policie m\u011bla brzy stopu a za\u010dala z vra\u017ed podez\u00edrat Mansonovu skupinu. Dne 16. srpna vtrhl m\u00edstn\u00ed \u0161erif a jeho z\u00e1stupci na farmu a&nbsp;Mansona na m\u00edst\u011b zatkli. Stejn\u011b jako zbyl\u00e9 \u010dleny jeho rodiny, kter\u00e9 ale po v\u00fdslechu op\u011bt pustili na svobodu. Nem\u011bli toti\u017e dostatek d\u016fkaz\u016f.&nbsp;Pr\u016flom nastal a\u017e p\u0159i v\u00fdslechu <strong>Kitty Lutesingerov\u00e9<\/strong>. Ta toti\u017e je\u0161t\u011b ned\u00e1vno pat\u0159ila do Mansonovy rodiny, ale kdy\u017e vy\u0161et\u0159ovatel\u00e9 p\u0159i v\u00fdslechu lehce p\u0159itla\u010dili, tak jim mil\u00e1 d\u00edvka za\u010dala vysyp\u00e1vat zaj\u00edmav\u00e9 informace.<\/p><br>\n\n\n\n<figure class=\"wp-block-image size-large\"><img loading=\"lazy\" decoding=\"async\" width=\"768\" height=\"960\" src=\"https:\/\/www.mzone.cz\/wp-content\/uploads\/2020\/01\/Charles-Manson_California-Department-of-Corrections-and-Rehabilitation.jpg\" alt=\"\" class=\"wp-image-17186\" srcset=\"https:\/\/www.mzone.cz\/wp-content\/uploads\/2020\/01\/Charles-Manson_California-Department-of-Corrections-and-Rehabilitation.jpg 768w, https:\/\/www.mzone.cz\/wp-content\/uploads\/2020\/01\/Charles-Manson_California-Department-of-Corrections-and-Rehabilitation-240x300.jpg 240w, https:\/\/www.mzone.cz\/wp-content\/uploads\/2020\/01\/Charles-Manson_California-Department-of-Corrections-and-Rehabilitation-590x738.jpg 590w\" sizes=\"auto, (max-width: 768px) 100vw, 768px\" \/><\/figure><br>\n\n\n\n<p>Manson v\u0161ak st\u00e1le jak\u00e9koliv spojitosti s vra\u017edami d\u016frazn\u011b pop\u00edral a odm\u00edtal vypov\u00eddat. To se v\u0161ak ji\u017e nedalo \u0159\u00edci o ostatn\u00edch jeho ove\u010dk\u00e1ch. P\u0159edev\u0161\u00edm jedna z vra\u017eedky\u0148 \u2013 <strong>Susan Atkinsov\u00e1<\/strong> se sna\u017eila s policisty dohodnout, aby m\u00edsto do v\u011bzen\u00ed byla um\u00edst\u011bna jen do n\u00e1pravn\u00e9ho za\u0159\u00edzen\u00ed. Brzy se nav\u00edc na\u0161ly na m\u00edstech \u010dinu otisky prst\u016f vrah\u016f a cel\u00fd spletenec se za\u010dal pomalu rozpl\u00e9tat. \u0160\u00edlen\u00ed vrazi v \u010dele s Charliem Mansonem byli pod t\u00edhou d\u016fkaz\u016f usv\u011bd\u010deni.<\/p>\n\n\n\n<blockquote class=\"wp-block-quote is-layout-flow wp-block-quote-is-layout-flow\"><p>Dne 25. ledna 1971 byly Charles Manson, Susan, Patricia a Leslie usv\u011bd\u010deni ze v\u0161ech 21 bod\u016f ob\u017ealoby a v\u0161ichni \u010dty\u0159i&nbsp;byli odsouzeni k trestu smrti. Ke stejn\u00e9mu trestu byl odsouzen tak\u00e9 Tex Watson, kter\u00fd byl dlouhou dobu na \u00fat\u011bku.<\/p><\/blockquote>\n\n\n\n<p>Charles Manson se b\u011bhem sv\u00e9ho pobytu za m\u0159\u00ed\u017eemi pokusil n\u011bkolikr\u00e1t odvolat proti trestu smrti zm\u00edrn\u011bn\u00e9mu na do\u017eivot\u00ed a \u017e\u00e1dal o podm\u00edne\u010dn\u00e9 propu\u0161t\u011bn\u00ed.&nbsp;Poprv\u00e9 tak u\u010dinil ji\u017e v roce 1974, naposledy v roce 2012. V listopadu roku 2017 pak po del\u0161\u00ed nemoci zem\u0159el v nemocnici v\u011b v\u011bku 83 let.<\/p><br>\n\n\n\n<div class=\"wp-block-image\"><figure class=\"alignleft size-large is-resized\"><img loading=\"lazy\" decoding=\"async\" src=\"https:\/\/www.mzone.cz\/wp-content\/uploads\/2018\/12\/maxresdefault-1024x576.jpg\" alt=\"\" class=\"wp-image-1854\" width=\"146\" height=\"82\" srcset=\"https:\/\/www.mzone.cz\/wp-content\/uploads\/2018\/12\/maxresdefault-1024x576.jpg 1024w, https:\/\/www.mzone.cz\/wp-content\/uploads\/2018\/12\/maxresdefault-300x169.jpg 300w, https:\/\/www.mzone.cz\/wp-content\/uploads\/2018\/12\/maxresdefault-768x432.jpg 768w, https:\/\/www.mzone.cz\/wp-content\/uploads\/2018\/12\/maxresdefault-590x332.jpg 590w, https:\/\/www.mzone.cz\/wp-content\/uploads\/2018\/12\/maxresdefault.jpg 1280w\" sizes=\"auto, (max-width: 146px) 100vw, 146px\" \/><\/figure><\/div>\n\n\n\n<h4><a href=\"https:\/\/www.mzone.cz\/seriovi-vrazi-dr-holmes-a-jeho-krvavy-hotel\/\">S\u00e9riov\u00ed vrazi: Dr. Holmes a jeho krvav\u00fd hotel<\/a><\/h4><br>","protected":false},"excerpt":{"rendered":"<p>V popul\u00e1rn\u00ed kultu\u0159e se stal Charles Manson symbolem zla. Kdy\u017e se v roce 1969 sv\u011bt dozv\u011bd\u011bl o s\u00e9rii vra\u017ed chladnokrevn\u011b proveden\u00fdch skupinou mlad\u00fdch lid\u00ed, shrom\u00e1\u017ed\u011bn\u00fdch kolem Charlese Mansona, byl \u0161okov\u00e1n. Manson\u016fv \u00fachyln\u00fd pl\u00e1n spo\u010d\u00edval v tom, \u017ee se prost\u0159ednictv\u00edm vra\u017ed slavn\u00fdch osobnost\u00ed stane p\u00e1nem sv\u011bta. Jak se tedy v\u0161e od za\u010d\u00e1tku odehr\u00e1lo a co st\u00e1lo [&hellip;]<\/p>\n","protected":false},"author":4,"featured_media":17151,"comment_status":"open","ping_status":"closed","sticky":false,"template":"","format":"standard","meta":{"kk_blocks_editor_width":"","_kiokenblocks_attr":"","_kiokenblocks_dimensions":"","footnotes":""},"categories":[387],"tags":[3336,3335,87,3333,3334,527,617,684,1237],"class_list":["post-17150","post","type-post","status-publish","format-standard","has-post-thumbnail","hentry","category-historie","tag-charles-manson","tag-fanatik","tag-historie","tag-masove-vrazdy","tag-silenec","tag-usa","tag-vrazdy","tag-zabijak","tag-zlocinec"],"yoast_head":"<!-- This site is optimized with the Yoast SEO plugin v27.5 - https:\/\/yoast.com\/product\/yoast-seo-wordpress\/ -->\n<title>Legend\u00e1rn\u00ed zlo\u010dinec Charles Manson: Tuhle zr\u016fdu byste za souseda necht\u011bli! - Mzone<\/title>\n<meta name=\"description\" content=\"V popul\u00e1rn\u00ed kultu\u0159e se stal Charles Manson symbolem zla. Kdy\u017e se v roce 1969 sv\u011bt dozv\u011bd\u011bl o s\u00e9rii vra\u017ed chladnokrevn\u011b proveden\u00fdch skupinou mlad\u00fdch lid\u00ed, shrom\u00e1\u017ed\u011bn\u00fdch kolem Charlese Mansona, byl \u0161okov\u00e1n. Manson\u016fv \u00fachyln\u00fd pl\u00e1n spo\u010d\u00edval v tom, \u017ee se prost\u0159ednictv\u00edm vra\u017ed slavn\u00fdch osobnost\u00ed stane p\u00e1nem sv\u011bta. Jak se tedy v\u0161e od za\u010d\u00e1tku odehr\u00e1lo a co st\u00e1lo u zrodu tohoto legend\u00e1rn\u00edho zlo\u010dince?\" \/>\n<meta name=\"robots\" content=\"index, follow, max-snippet:-1, max-image-preview:large, max-video-preview:-1\" \/>\n<link rel=\"canonical\" href=\"https:\/\/www.mzone.cz\/en\/legendarni-zlocinec-charles-manson\/\" \/>\n<meta property=\"og:locale\" content=\"en_US\" \/>\n<meta property=\"og:type\" content=\"article\" \/>\n<meta property=\"og:title\" content=\"Legend\u00e1rn\u00ed zlo\u010dinec Charles Manson: Tuhle zr\u016fdu byste za souseda necht\u011bli! - Mzone\" \/>\n<meta property=\"og:description\" content=\"V popul\u00e1rn\u00ed kultu\u0159e se stal Charles Manson symbolem zla. Kdy\u017e se v roce 1969 sv\u011bt dozv\u011bd\u011bl o s\u00e9rii vra\u017ed chladnokrevn\u011b proveden\u00fdch skupinou mlad\u00fdch lid\u00ed, shrom\u00e1\u017ed\u011bn\u00fdch kolem Charlese Mansona, byl \u0161okov\u00e1n. Manson\u016fv \u00fachyln\u00fd pl\u00e1n spo\u010d\u00edval v tom, \u017ee se prost\u0159ednictv\u00edm vra\u017ed slavn\u00fdch osobnost\u00ed stane p\u00e1nem sv\u011bta. Jak se tedy v\u0161e od za\u010d\u00e1tku odehr\u00e1lo a co st\u00e1lo u zrodu tohoto legend\u00e1rn\u00edho zlo\u010dince?\" \/>\n<meta property=\"og:url\" content=\"https:\/\/www.mzone.cz\/en\/legendarni-zlocinec-charles-manson\/\" \/>\n<meta property=\"og:site_name\" content=\"Mzone\" \/>\n<meta property=\"article:publisher\" content=\"https:\/\/www.facebook.com\/MzoneCZ\/\" \/>\n<meta property=\"article:published_time\" content=\"2023-08-27T19:00:00+00:00\" \/>\n<meta property=\"article:modified_time\" content=\"2023-08-27T19:02:10+00:00\" \/>\n<meta property=\"og:image\" content=\"https:\/\/www.mzone.cz\/wp-content\/uploads\/2020\/01\/Charles-Manson_Youtube.jpg\" \/>\n\t<meta property=\"og:image:width\" content=\"1041\" \/>\n\t<meta property=\"og:image:height\" content=\"694\" \/>\n\t<meta property=\"og:image:type\" content=\"image\/jpeg\" \/>\n<meta name=\"author\" content=\"Mzone\" \/>\n<meta name=\"twitter:card\" content=\"summary_large_image\" \/>\n<meta name=\"twitter:label1\" content=\"Written by\" \/>\n\t<meta name=\"twitter:data1\" content=\"Mzone\" \/>\n\t<meta name=\"twitter:label2\" content=\"Est. reading time\" \/>\n\t<meta name=\"twitter:data2\" content=\"8 minutes\" \/>\n<script type=\"application\/ld+json\" class=\"yoast-schema-graph\">{\"@context\":\"https:\\\/\\\/schema.org\",\"@graph\":[{\"@type\":\"Article\",\"@id\":\"https:\\\/\\\/www.mzone.cz\\\/legendarni-zlocinec-charles-manson\\\/#article\",\"isPartOf\":{\"@id\":\"https:\\\/\\\/www.mzone.cz\\\/legendarni-zlocinec-charles-manson\\\/\"},\"author\":{\"name\":\"Mzone\",\"@id\":\"https:\\\/\\\/www.mzone.cz\\\/#\\\/schema\\\/person\\\/9bc20cc422a99cac4af6ff9297da32d4\"},\"headline\":\"Legend\u00e1rn\u00ed zlo\u010dinec Charles Manson: Tuhle zr\u016fdu byste za souseda necht\u011bli!\",\"datePublished\":\"2023-08-27T19:00:00+00:00\",\"dateModified\":\"2023-08-27T19:02:10+00:00\",\"mainEntityOfPage\":{\"@id\":\"https:\\\/\\\/www.mzone.cz\\\/legendarni-zlocinec-charles-manson\\\/\"},\"wordCount\":1599,\"commentCount\":0,\"image\":{\"@id\":\"https:\\\/\\\/www.mzone.cz\\\/legendarni-zlocinec-charles-manson\\\/#primaryimage\"},\"thumbnailUrl\":\"https:\\\/\\\/www.mzone.cz\\\/wp-content\\\/uploads\\\/2020\\\/01\\\/Charles-Manson_Youtube.jpg\",\"keywords\":[\"Charles Manson\",\"fanatik\",\"Historie\",\"masov\u00e9 vra\u017edy\",\"\u0161\u00edlenec\",\"USA\",\"vra\u017edy\",\"zabij\u00e1k\",\"zlo\u010dinec\"],\"articleSection\":[\"Historie\"],\"inLanguage\":\"en-US\",\"potentialAction\":[{\"@type\":\"CommentAction\",\"name\":\"Comment\",\"target\":[\"https:\\\/\\\/www.mzone.cz\\\/legendarni-zlocinec-charles-manson\\\/#respond\"]}]},{\"@type\":\"WebPage\",\"@id\":\"https:\\\/\\\/www.mzone.cz\\\/legendarni-zlocinec-charles-manson\\\/\",\"url\":\"https:\\\/\\\/www.mzone.cz\\\/legendarni-zlocinec-charles-manson\\\/\",\"name\":\"Legend\u00e1rn\u00ed zlo\u010dinec Charles Manson: Tuhle zr\u016fdu byste za souseda necht\u011bli! - Mzone\",\"isPartOf\":{\"@id\":\"https:\\\/\\\/www.mzone.cz\\\/#website\"},\"primaryImageOfPage\":{\"@id\":\"https:\\\/\\\/www.mzone.cz\\\/legendarni-zlocinec-charles-manson\\\/#primaryimage\"},\"image\":{\"@id\":\"https:\\\/\\\/www.mzone.cz\\\/legendarni-zlocinec-charles-manson\\\/#primaryimage\"},\"thumbnailUrl\":\"https:\\\/\\\/www.mzone.cz\\\/wp-content\\\/uploads\\\/2020\\\/01\\\/Charles-Manson_Youtube.jpg\",\"datePublished\":\"2023-08-27T19:00:00+00:00\",\"dateModified\":\"2023-08-27T19:02:10+00:00\",\"author\":{\"@id\":\"https:\\\/\\\/www.mzone.cz\\\/#\\\/schema\\\/person\\\/9bc20cc422a99cac4af6ff9297da32d4\"},\"description\":\"V popul\u00e1rn\u00ed kultu\u0159e se stal Charles Manson symbolem zla. Kdy\u017e se v roce 1969 sv\u011bt dozv\u011bd\u011bl o s\u00e9rii vra\u017ed chladnokrevn\u011b proveden\u00fdch skupinou mlad\u00fdch lid\u00ed, shrom\u00e1\u017ed\u011bn\u00fdch kolem Charlese Mansona, byl \u0161okov\u00e1n. Manson\u016fv \u00fachyln\u00fd pl\u00e1n spo\u010d\u00edval v tom, \u017ee se prost\u0159ednictv\u00edm vra\u017ed slavn\u00fdch osobnost\u00ed stane p\u00e1nem sv\u011bta. Jak se tedy v\u0161e od za\u010d\u00e1tku odehr\u00e1lo a co st\u00e1lo u zrodu tohoto legend\u00e1rn\u00edho zlo\u010dince?\",\"breadcrumb\":{\"@id\":\"https:\\\/\\\/www.mzone.cz\\\/legendarni-zlocinec-charles-manson\\\/#breadcrumb\"},\"inLanguage\":\"en-US\",\"potentialAction\":[{\"@type\":\"ReadAction\",\"target\":[\"https:\\\/\\\/www.mzone.cz\\\/legendarni-zlocinec-charles-manson\\\/\"]}]},{\"@type\":\"ImageObject\",\"inLanguage\":\"en-US\",\"@id\":\"https:\\\/\\\/www.mzone.cz\\\/legendarni-zlocinec-charles-manson\\\/#primaryimage\",\"url\":\"https:\\\/\\\/www.mzone.cz\\\/wp-content\\\/uploads\\\/2020\\\/01\\\/Charles-Manson_Youtube.jpg\",\"contentUrl\":\"https:\\\/\\\/www.mzone.cz\\\/wp-content\\\/uploads\\\/2020\\\/01\\\/Charles-Manson_Youtube.jpg\",\"width\":1041,\"height\":694},{\"@type\":\"BreadcrumbList\",\"@id\":\"https:\\\/\\\/www.mzone.cz\\\/legendarni-zlocinec-charles-manson\\\/#breadcrumb\",\"itemListElement\":[{\"@type\":\"ListItem\",\"position\":1,\"name\":\"Dom\u016f\",\"item\":\"https:\\\/\\\/www.mzone.cz\\\/\"},{\"@type\":\"ListItem\",\"position\":2,\"name\":\"Legend\u00e1rn\u00ed zlo\u010dinec Charles Manson: Tuhle zr\u016fdu byste za souseda necht\u011bli!\"}]},{\"@type\":\"WebSite\",\"@id\":\"https:\\\/\\\/www.mzone.cz\\\/#website\",\"url\":\"https:\\\/\\\/www.mzone.cz\\\/\",\"name\":\"Mzone\",\"description\":\"Magaz\u00edn nejen pro mu\u017ee\",\"potentialAction\":[{\"@type\":\"SearchAction\",\"target\":{\"@type\":\"EntryPoint\",\"urlTemplate\":\"https:\\\/\\\/www.mzone.cz\\\/?s={search_term_string}\"},\"query-input\":{\"@type\":\"PropertyValueSpecification\",\"valueRequired\":true,\"valueName\":\"search_term_string\"}}],\"inLanguage\":\"en-US\"},{\"@type\":\"Person\",\"@id\":\"https:\\\/\\\/www.mzone.cz\\\/#\\\/schema\\\/person\\\/9bc20cc422a99cac4af6ff9297da32d4\",\"name\":\"Mzone\",\"image\":{\"@type\":\"ImageObject\",\"inLanguage\":\"en-US\",\"@id\":\"https:\\\/\\\/secure.gravatar.com\\\/avatar\\\/e780a8630f3182a3d06dd667ab6bea151a0d155b0951bc15fe22633acdac0676?s=96&d=mm&r=g\",\"url\":\"https:\\\/\\\/secure.gravatar.com\\\/avatar\\\/e780a8630f3182a3d06dd667ab6bea151a0d155b0951bc15fe22633acdac0676?s=96&d=mm&r=g\",\"contentUrl\":\"https:\\\/\\\/secure.gravatar.com\\\/avatar\\\/e780a8630f3182a3d06dd667ab6bea151a0d155b0951bc15fe22633acdac0676?s=96&d=mm&r=g\",\"caption\":\"Mzone\"},\"url\":\"https:\\\/\\\/www.mzone.cz\\\/en\\\/author\\\/jakub\\\/\"}]}<\/script>\n<!-- \/ Yoast SEO plugin. -->","yoast_head_json":{"title":"Legend\u00e1rn\u00ed zlo\u010dinec Charles Manson: Tuhle zr\u016fdu byste za souseda necht\u011bli! - Mzone","description":"V popul\u00e1rn\u00ed kultu\u0159e se stal Charles Manson symbolem zla. Kdy\u017e se v roce 1969 sv\u011bt dozv\u011bd\u011bl o s\u00e9rii vra\u017ed chladnokrevn\u011b proveden\u00fdch skupinou mlad\u00fdch lid\u00ed, shrom\u00e1\u017ed\u011bn\u00fdch kolem Charlese Mansona, byl \u0161okov\u00e1n. Manson\u016fv \u00fachyln\u00fd pl\u00e1n spo\u010d\u00edval v tom, \u017ee se prost\u0159ednictv\u00edm vra\u017ed slavn\u00fdch osobnost\u00ed stane p\u00e1nem sv\u011bta. Jak se tedy v\u0161e od za\u010d\u00e1tku odehr\u00e1lo a co st\u00e1lo u zrodu tohoto legend\u00e1rn\u00edho zlo\u010dince?","robots":{"index":"index","follow":"follow","max-snippet":"max-snippet:-1","max-image-preview":"max-image-preview:large","max-video-preview":"max-video-preview:-1"},"canonical":"https:\/\/www.mzone.cz\/en\/legendarni-zlocinec-charles-manson\/","og_locale":"en_US","og_type":"article","og_title":"Legend\u00e1rn\u00ed zlo\u010dinec Charles Manson: Tuhle zr\u016fdu byste za souseda necht\u011bli! - Mzone","og_description":"V popul\u00e1rn\u00ed kultu\u0159e se stal Charles Manson symbolem zla. Kdy\u017e se v roce 1969 sv\u011bt dozv\u011bd\u011bl o s\u00e9rii vra\u017ed chladnokrevn\u011b proveden\u00fdch skupinou mlad\u00fdch lid\u00ed, shrom\u00e1\u017ed\u011bn\u00fdch kolem Charlese Mansona, byl \u0161okov\u00e1n. Manson\u016fv \u00fachyln\u00fd pl\u00e1n spo\u010d\u00edval v tom, \u017ee se prost\u0159ednictv\u00edm vra\u017ed slavn\u00fdch osobnost\u00ed stane p\u00e1nem sv\u011bta. Jak se tedy v\u0161e od za\u010d\u00e1tku odehr\u00e1lo a co st\u00e1lo u zrodu tohoto legend\u00e1rn\u00edho zlo\u010dince?","og_url":"https:\/\/www.mzone.cz\/en\/legendarni-zlocinec-charles-manson\/","og_site_name":"Mzone","article_publisher":"https:\/\/www.facebook.com\/MzoneCZ\/","article_published_time":"2023-08-27T19:00:00+00:00","article_modified_time":"2023-08-27T19:02:10+00:00","og_image":[{"width":1041,"height":694,"url":"https:\/\/www.mzone.cz\/wp-content\/uploads\/2020\/01\/Charles-Manson_Youtube.jpg","type":"image\/jpeg"}],"author":"Mzone","twitter_card":"summary_large_image","twitter_misc":{"Written by":"Mzone","Est. reading time":"8 minutes"},"schema":{"@context":"https:\/\/schema.org","@graph":[{"@type":"Article","@id":"https:\/\/www.mzone.cz\/legendarni-zlocinec-charles-manson\/#article","isPartOf":{"@id":"https:\/\/www.mzone.cz\/legendarni-zlocinec-charles-manson\/"},"author":{"name":"Mzone","@id":"https:\/\/www.mzone.cz\/#\/schema\/person\/9bc20cc422a99cac4af6ff9297da32d4"},"headline":"Legend\u00e1rn\u00ed zlo\u010dinec Charles Manson: Tuhle zr\u016fdu byste za souseda necht\u011bli!","datePublished":"2023-08-27T19:00:00+00:00","dateModified":"2023-08-27T19:02:10+00:00","mainEntityOfPage":{"@id":"https:\/\/www.mzone.cz\/legendarni-zlocinec-charles-manson\/"},"wordCount":1599,"commentCount":0,"image":{"@id":"https:\/\/www.mzone.cz\/legendarni-zlocinec-charles-manson\/#primaryimage"},"thumbnailUrl":"https:\/\/www.mzone.cz\/wp-content\/uploads\/2020\/01\/Charles-Manson_Youtube.jpg","keywords":["Charles Manson","fanatik","Historie","masov\u00e9 vra\u017edy","\u0161\u00edlenec","USA","vra\u017edy","zabij\u00e1k","zlo\u010dinec"],"articleSection":["Historie"],"inLanguage":"en-US","potentialAction":[{"@type":"CommentAction","name":"Comment","target":["https:\/\/www.mzone.cz\/legendarni-zlocinec-charles-manson\/#respond"]}]},{"@type":"WebPage","@id":"https:\/\/www.mzone.cz\/legendarni-zlocinec-charles-manson\/","url":"https:\/\/www.mzone.cz\/legendarni-zlocinec-charles-manson\/","name":"Legend\u00e1rn\u00ed zlo\u010dinec Charles Manson: Tuhle zr\u016fdu byste za souseda necht\u011bli! - Mzone","isPartOf":{"@id":"https:\/\/www.mzone.cz\/#website"},"primaryImageOfPage":{"@id":"https:\/\/www.mzone.cz\/legendarni-zlocinec-charles-manson\/#primaryimage"},"image":{"@id":"https:\/\/www.mzone.cz\/legendarni-zlocinec-charles-manson\/#primaryimage"},"thumbnailUrl":"https:\/\/www.mzone.cz\/wp-content\/uploads\/2020\/01\/Charles-Manson_Youtube.jpg","datePublished":"2023-08-27T19:00:00+00:00","dateModified":"2023-08-27T19:02:10+00:00","author":{"@id":"https:\/\/www.mzone.cz\/#\/schema\/person\/9bc20cc422a99cac4af6ff9297da32d4"},"description":"V popul\u00e1rn\u00ed kultu\u0159e se stal Charles Manson symbolem zla. Kdy\u017e se v roce 1969 sv\u011bt dozv\u011bd\u011bl o s\u00e9rii vra\u017ed chladnokrevn\u011b proveden\u00fdch skupinou mlad\u00fdch lid\u00ed, shrom\u00e1\u017ed\u011bn\u00fdch kolem Charlese Mansona, byl \u0161okov\u00e1n. Manson\u016fv \u00fachyln\u00fd pl\u00e1n spo\u010d\u00edval v tom, \u017ee se prost\u0159ednictv\u00edm vra\u017ed slavn\u00fdch osobnost\u00ed stane p\u00e1nem sv\u011bta. Jak se tedy v\u0161e od za\u010d\u00e1tku odehr\u00e1lo a co st\u00e1lo u zrodu tohoto legend\u00e1rn\u00edho zlo\u010dince?","breadcrumb":{"@id":"https:\/\/www.mzone.cz\/legendarni-zlocinec-charles-manson\/#breadcrumb"},"inLanguage":"en-US","potentialAction":[{"@type":"ReadAction","target":["https:\/\/www.mzone.cz\/legendarni-zlocinec-charles-manson\/"]}]},{"@type":"ImageObject","inLanguage":"en-US","@id":"https:\/\/www.mzone.cz\/legendarni-zlocinec-charles-manson\/#primaryimage","url":"https:\/\/www.mzone.cz\/wp-content\/uploads\/2020\/01\/Charles-Manson_Youtube.jpg","contentUrl":"https:\/\/www.mzone.cz\/wp-content\/uploads\/2020\/01\/Charles-Manson_Youtube.jpg","width":1041,"height":694},{"@type":"BreadcrumbList","@id":"https:\/\/www.mzone.cz\/legendarni-zlocinec-charles-manson\/#breadcrumb","itemListElement":[{"@type":"ListItem","position":1,"name":"Dom\u016f","item":"https:\/\/www.mzone.cz\/"},{"@type":"ListItem","position":2,"name":"Legend\u00e1rn\u00ed zlo\u010dinec Charles Manson: Tuhle zr\u016fdu byste za souseda necht\u011bli!"}]},{"@type":"WebSite","@id":"https:\/\/www.mzone.cz\/#website","url":"https:\/\/www.mzone.cz\/","name":"Mzone","description":"Magaz\u00edn nejen pro mu\u017ee","potentialAction":[{"@type":"SearchAction","target":{"@type":"EntryPoint","urlTemplate":"https:\/\/www.mzone.cz\/?s={search_term_string}"},"query-input":{"@type":"PropertyValueSpecification","valueRequired":true,"valueName":"search_term_string"}}],"inLanguage":"en-US"},{"@type":"Person","@id":"https:\/\/www.mzone.cz\/#\/schema\/person\/9bc20cc422a99cac4af6ff9297da32d4","name":"Mzone","image":{"@type":"ImageObject","inLanguage":"en-US","@id":"https:\/\/secure.gravatar.com\/avatar\/e780a8630f3182a3d06dd667ab6bea151a0d155b0951bc15fe22633acdac0676?s=96&d=mm&r=g","url":"https:\/\/secure.gravatar.com\/avatar\/e780a8630f3182a3d06dd667ab6bea151a0d155b0951bc15fe22633acdac0676?s=96&d=mm&r=g","contentUrl":"https:\/\/secure.gravatar.com\/avatar\/e780a8630f3182a3d06dd667ab6bea151a0d155b0951bc15fe22633acdac0676?s=96&d=mm&r=g","caption":"Mzone"},"url":"https:\/\/www.mzone.cz\/en\/author\/jakub\/"}]}},"_links":{"self":[{"href":"https:\/\/www.mzone.cz\/en\/wp-json\/wp\/v2\/posts\/17150","targetHints":{"allow":["GET"]}}],"collection":[{"href":"https:\/\/www.mzone.cz\/en\/wp-json\/wp\/v2\/posts"}],"about":[{"href":"https:\/\/www.mzone.cz\/en\/wp-json\/wp\/v2\/types\/post"}],"author":[{"embeddable":true,"href":"https:\/\/www.mzone.cz\/en\/wp-json\/wp\/v2\/users\/4"}],"replies":[{"embeddable":true,"href":"https:\/\/www.mzone.cz\/en\/wp-json\/wp\/v2\/comments?post=17150"}],"version-history":[{"count":31,"href":"https:\/\/www.mzone.cz\/en\/wp-json\/wp\/v2\/posts\/17150\/revisions"}],"predecessor-version":[{"id":19103,"href":"https:\/\/www.mzone.cz\/en\/wp-json\/wp\/v2\/posts\/17150\/revisions\/19103"}],"wp:featuredmedia":[{"embeddable":true,"href":"https:\/\/www.mzone.cz\/en\/wp-json\/wp\/v2\/media\/17151"}],"wp:attachment":[{"href":"https:\/\/www.mzone.cz\/en\/wp-json\/wp\/v2\/media?parent=17150"}],"wp:term":[{"taxonomy":"category","embeddable":true,"href":"https:\/\/www.mzone.cz\/en\/wp-json\/wp\/v2\/categories?post=17150"},{"taxonomy":"post_tag","embeddable":true,"href":"https:\/\/www.mzone.cz\/en\/wp-json\/wp\/v2\/tags?post=17150"}],"curies":[{"name":"wp","href":"https:\/\/api.w.org\/{rel}","templated":true}]}}