{"id":17493,"date":"2021-01-16T05:00:00","date_gmt":"2021-01-16T04:00:00","guid":{"rendered":"https:\/\/www.mzone.cz\/?p=17493"},"modified":"2020-11-19T16:37:24","modified_gmt":"2020-11-19T15:37:24","slug":"jak-se-vyvijely-audiosystemy-v-autech","status":"publish","type":"post","link":"https:\/\/www.mzone.cz\/en\/jak-se-vyvijely-audiosystemy-v-autech\/","title":{"rendered":"Od r\u00e1dia po internet aneb jak se vyv\u00edjely audiosyst\u00e9my v autech"},"content":{"rendered":"<p><strong>Audiosyst\u00e9my: Zm\u00e1\u010dkneme tla\u010d\u00edtko a&nbsp;r\u00e1zem nejsme v&nbsp;aut\u011b sami. Obl\u00edben\u00e1 hudba, mluven\u00e9 slovo, zpr\u00e1vy, dopravn\u00ed informace \u2013 to&nbsp;v\u0161echno dnes pova\u017eujeme za&nbsp;samoz\u0159ejmost. Syst\u00e9my infotainmentu a&nbsp;jejich p\u0159edch\u016fdci autor\u00e1dia pro\u0161ly dramaticky rychl\u00fdm v\u00fdvojem.<\/strong><\/p><br>\n\n\n\n<p>Prvn\u00ed autor\u00e1dia se&nbsp;objevila v&nbsp;USA ve&nbsp;20.&nbsp;letech minul\u00e9ho stolet\u00ed. Nejprve jen experiment\u00e1ln\u011b v&nbsp;n\u011bkolika kusech, ve&nbsp;v\u011bt\u0161\u00edm mno\u017estv\u00ed je&nbsp;za\u010dal montovat do&nbsp;voz\u016f kolem roku 1929&nbsp;<a href=\"https:\/\/en.wikipedia.org\/wiki\/Paul_Galvin_(businessman)\" target=\"_blank\" aria-label=\"undefined (opens in a new tab)\" rel=\"noreferrer noopener\">Paul Galvin<\/a>, pozd\u011bj\u0161\u00ed zakladatel firmy Motorola.<\/p>\n\n\n\n<blockquote class=\"wp-block-quote is-layout-flow wp-block-quote-is-layout-flow\"><p>V&nbsp;Evrop\u011b prvn\u00ed autor\u00e1dio p\u0159edstavil p\u0159edch\u016fdce firmy Blaupunkt v&nbsp;roce 1932 na&nbsp;v\u00fdstav\u011b rozhlasov\u00e9 techniky v&nbsp;Berl\u00edn\u011b. Neslo ozna\u010den\u00ed AS5 &#8211; AS&nbsp;byla zkratka pro Autosuper, \u010d\u00edslo 5&nbsp;vyjad\u0159ovalo po\u010det lamp (lampy nebo-li elektronky byly v&nbsp;prvn\u00ed t\u0159etin\u011b 20.&nbsp;stolet\u00ed sou\u010d\u00e1st\u00ed ve\u0161ker\u00e9 elektroniky p\u0159ed vyn\u00e1lezem polovodi\u010dov\u00e9ho tranzistoru). Za\u0159\u00edzen\u00ed v\u00e1\u017eilo 15&nbsp;kilogram\u016f, st\u00e1lo jako t\u0159etina auta a&nbsp;\u0161el k&nbsp;n\u011bmu p\u0159ipojit i&nbsp;gramofon.<\/p><\/blockquote>\n\n\n\n<p>Cesta k&nbsp;tov\u00e1rn\u011b montovan\u00fdm audiosyst\u00e9m\u016fm ale byla je\u0161t\u011b velmi dlouh\u00e1. Prvn\u00ed autor\u00e1dio vestav\u011bn\u00e9 do&nbsp;palubn\u00ed desky s&nbsp;tla\u010d\u00edtky pro p\u0159edvolbu stanic uvedla na&nbsp;trh firma Decker v&nbsp;roce 1951, o&nbsp;dva roky pozd\u011bji tat\u00e1\u017e firma p\u0159i\u0161la s&nbsp;vylep\u0161en\u00edm automatick\u00e9ho vyhled\u00e1v\u00e1n\u00ed stanic.<\/p><br>\n\n\n\n<figure class=\"wp-block-image size-large\"><img loading=\"lazy\" decoding=\"async\" width=\"1024\" height=\"633\" src=\"https:\/\/www.mzone.cz\/wp-content\/uploads\/2020\/01\/Autor\u00e1dio-1024x633.jpg\" alt=\"\" class=\"wp-image-17502\" srcset=\"https:\/\/www.mzone.cz\/wp-content\/uploads\/2020\/01\/Autor\u00e1dio-1024x633.jpg 1024w, https:\/\/www.mzone.cz\/wp-content\/uploads\/2020\/01\/Autor\u00e1dio-300x185.jpg 300w, https:\/\/www.mzone.cz\/wp-content\/uploads\/2020\/01\/Autor\u00e1dio-768x475.jpg 768w, https:\/\/www.mzone.cz\/wp-content\/uploads\/2020\/01\/Autor\u00e1dio-1536x949.jpg 1536w, https:\/\/www.mzone.cz\/wp-content\/uploads\/2020\/01\/Autor\u00e1dio-590x365.jpg 590w, https:\/\/www.mzone.cz\/wp-content\/uploads\/2020\/01\/Autor\u00e1dio.jpg 1966w\" sizes=\"auto, (max-width: 1024px) 100vw, 1024px\" \/><\/figure><br>\n\n\n\n<p>Prvn\u00ed transistorov\u00e9 r\u00e1dio uvedl Philips v&nbsp;roce 1961. Tat\u00e1\u017e firma umo\u017enila v&nbsp;roce 1968 \u0159idi\u010di pustit si&nbsp;v&nbsp;aut\u011b audiokazetu. Prvn\u00ed digit\u00e1ln\u00ed displej p\u0159edstavil v&nbsp;roce 1979 Blaupunkt. Philips a&nbsp;Becker uvedli v&nbsp;roce 1985 prvn\u00ed CD&nbsp;p\u0159ehr\u00e1va\u010de do&nbsp;aut. Nap\u0159\u00edklad do&nbsp;model\u016f zna\u010dky \u0160koda, kter\u00e9 p\u0159i\u0161ly na&nbsp;trh p\u0159ed Favoritem, se r\u00e1dia nedod\u00e1vala p\u0159\u00edmo z&nbsp;v\u00fdroby, instalace musela prob\u00edhat a\u017e&nbsp;po&nbsp;zakoupen\u00ed vozu.<\/p><br>\n\n\n\n<p><strong>Poj\u010fte se s n\u00e1mi pod\u00edvat, jak se za posledn\u00edch 30 let vyv\u00edjely audiosyst\u00e9my v modelech tuzemsk\u00e9 zna\u010dky \u0160koda:<\/strong><\/p><br>\n\n\n\n<h2 class=\"wp-block-heading\">1992: \u0160koda Favorit<\/h2>\n\n\n\n<figure class=\"wp-block-image size-large\"><img loading=\"lazy\" decoding=\"async\" width=\"1024\" height=\"757\" src=\"https:\/\/www.mzone.cz\/wp-content\/uploads\/2020\/01\/1992-skoda-favorit-forman-1024x757.jpg\" alt=\"Audiosyst\u00e9my - \u0160koda Favorit\" class=\"wp-image-17507\" srcset=\"https:\/\/www.mzone.cz\/wp-content\/uploads\/2020\/01\/1992-skoda-favorit-forman-1024x757.jpg 1024w, https:\/\/www.mzone.cz\/wp-content\/uploads\/2020\/01\/1992-skoda-favorit-forman-300x222.jpg 300w, https:\/\/www.mzone.cz\/wp-content\/uploads\/2020\/01\/1992-skoda-favorit-forman-768x568.jpg 768w, https:\/\/www.mzone.cz\/wp-content\/uploads\/2020\/01\/1992-skoda-favorit-forman-590x436.jpg 590w, https:\/\/www.mzone.cz\/wp-content\/uploads\/2020\/01\/1992-skoda-favorit-forman.jpg 1200w\" sizes=\"auto, (max-width: 1024px) 100vw, 1024px\" \/><\/figure>\n\n\n\n<p>V&nbsp;modelu&nbsp;\u0160koda Favorit&nbsp;bylo autor\u00e1dio mimo\u0159\u00e1dn\u00fdm dopl\u0148kem, standardn\u011b se&nbsp;nedod\u00e1valo ani v&nbsp;tom nejvy\u0161\u0161\u00edm stupni v\u00fdbavy. Bylo bu\u010f za&nbsp;p\u0159\u00edplatek nebo jako sou\u010d\u00e1st roz\u0161\u00ed\u0159en\u00e9 v\u00fdbavy tzv. speci\u00e1ln\u00edch ak\u010dn\u00edch model\u016f. Prvn\u00ed takov\u00fd p\u0159i\u0161el na&nbsp;trh v&nbsp;roce 1992, nesl n\u00e1zev Komfort. N\u00e1sledovaly modely Marathon \u010di&nbsp;Sport Line.<\/p>\n\n\n\n<blockquote class=\"wp-block-quote is-layout-flow wp-block-quote-is-layout-flow\"><p>Autor\u00e1dia byla zna\u010dky Blaupunkt a&nbsp;zasouvala se&nbsp;do&nbsp;\u201e\u0161upl\u00edku\u201c v&nbsp;p\u0159\u00edstrojov\u00e9 desce. Proti kr\u00e1de\u017ei za\u010dala b\u00fdt pozd\u011bji vybavena bu\u010f k\u00f3dovac\u00ed ochranou nebo odn\u00edmateln\u00fdm \u010deln\u00edm panelem.<\/p><\/blockquote>\n\n\n\n<p>Ve sv\u00e9 podstat\u011b se&nbsp;jednalo o&nbsp;standardn\u00ed autor\u00e1dia ji\u017e vyvinut\u00e1 firmou Blaupunkt s&nbsp;t\u00edm, \u017ee pro vozy \u0160koda p\u0159evzala specifickou barvu podsv\u011btlen\u00ed a&nbsp;logo automobilky.<\/p><br>\n\n\n\n<h2 class=\"wp-block-heading\">1999: \u0160koda Fabia<\/h2>\n\n\n\n<figure class=\"wp-block-image size-large\"><img loading=\"lazy\" decoding=\"async\" width=\"1024\" height=\"632\" src=\"https:\/\/www.mzone.cz\/wp-content\/uploads\/2020\/01\/1999-skoda-fabia-1024x632.jpg\" alt=\"Audiosyst\u00e9my - \u0160koda Fabia\" class=\"wp-image-17511\" srcset=\"https:\/\/www.mzone.cz\/wp-content\/uploads\/2020\/01\/1999-skoda-fabia-1024x632.jpg 1024w, https:\/\/www.mzone.cz\/wp-content\/uploads\/2020\/01\/1999-skoda-fabia-300x185.jpg 300w, https:\/\/www.mzone.cz\/wp-content\/uploads\/2020\/01\/1999-skoda-fabia-768x474.jpg 768w, https:\/\/www.mzone.cz\/wp-content\/uploads\/2020\/01\/1999-skoda-fabia-1536x949.jpg 1536w, https:\/\/www.mzone.cz\/wp-content\/uploads\/2020\/01\/1999-skoda-fabia-2048x1265.jpg 2048w, https:\/\/www.mzone.cz\/wp-content\/uploads\/2020\/01\/1999-skoda-fabia-590x364.jpg 590w\" sizes=\"auto, (max-width: 1024px) 100vw, 1024px\" \/><\/figure>\n\n\n\n<p>Prvn\u00ed specifick\u00e9 autor\u00e1dio vyroben\u00e9 podle po\u017eadavk\u016f zna\u010dky \u0160koda byla paleta v\u00fdrobk\u016f pro nov\u00fd v\u016fz Fabia, kter\u00e1 byla p\u0159edstavena ve&nbsp;Frankfurtu v&nbsp;z\u00e1\u0159\u00ed 1999. Od&nbsp;tohoto data se&nbsp;za\u010dala odv\u00edjet samostatn\u00e1 skupina autor\u00e1di\u00ed, navigac\u00ed a&nbsp;cel\u00e9ho komplexu infotainmentu pro \u0161kodovky. Prvn\u00ed modelem, kter\u00fd nab\u00eddl p\u0159ipojen\u00ed m\u011bni\u010de na&nbsp;CD&nbsp;disky, byl model Octavia v&nbsp;roce 2000. Changer na&nbsp;6&nbsp;CD&nbsp;disk\u016f byl um\u00edst\u011bn v&nbsp;zavazadlov\u00e9m prostoru.<\/p><br>\n\n\n\n<h2 class=\"wp-block-heading\">2001: \u0160koda Superb<\/h2>\n\n\n\n<figure class=\"wp-block-image size-large\"><img loading=\"lazy\" decoding=\"async\" width=\"1024\" height=\"751\" src=\"https:\/\/www.mzone.cz\/wp-content\/uploads\/2020\/01\/2001-skoda-superb-1850x1920-1-1024x751.jpg\" alt=\"Audiosyst\u00e9my - \u0160koda Superb 2001\" class=\"wp-image-17515\" srcset=\"https:\/\/www.mzone.cz\/wp-content\/uploads\/2020\/01\/2001-skoda-superb-1850x1920-1-1024x751.jpg 1024w, https:\/\/www.mzone.cz\/wp-content\/uploads\/2020\/01\/2001-skoda-superb-1850x1920-1-300x220.jpg 300w, https:\/\/www.mzone.cz\/wp-content\/uploads\/2020\/01\/2001-skoda-superb-1850x1920-1-768x563.jpg 768w, https:\/\/www.mzone.cz\/wp-content\/uploads\/2020\/01\/2001-skoda-superb-1850x1920-1-1536x1127.jpg 1536w, https:\/\/www.mzone.cz\/wp-content\/uploads\/2020\/01\/2001-skoda-superb-1850x1920-1-590x433.jpg 590w, https:\/\/www.mzone.cz\/wp-content\/uploads\/2020\/01\/2001-skoda-superb-1850x1920-1.jpg 1850w\" sizes=\"auto, (max-width: 1024px) 100vw, 1024px\" \/><\/figure>\n\n\n\n<p>Navigace se&nbsp;ve&nbsp;vozech zna\u010dky \u0160koda poprv\u00e9 objevila v&nbsp;roce 1998. Naplno se&nbsp;pak prosadila od&nbsp;roku 2001 v&nbsp;modelu \u0160koda Superb.<\/p><br>\n\n\n\n<h2 class=\"wp-block-heading\">2008: \u0160koda Superb<\/h2>\n\n\n\n<figure class=\"wp-block-image size-large\"><img loading=\"lazy\" decoding=\"async\" width=\"800\" height=\"556\" src=\"https:\/\/www.mzone.cz\/wp-content\/uploads\/2020\/01\/2008-skoda-superb.jpg\" alt=\"Audiosyst\u00e9my - \u0160koda Superb 2008\" class=\"wp-image-17518\" srcset=\"https:\/\/www.mzone.cz\/wp-content\/uploads\/2020\/01\/2008-skoda-superb.jpg 800w, https:\/\/www.mzone.cz\/wp-content\/uploads\/2020\/01\/2008-skoda-superb-300x209.jpg 300w, https:\/\/www.mzone.cz\/wp-content\/uploads\/2020\/01\/2008-skoda-superb-768x534.jpg 768w, https:\/\/www.mzone.cz\/wp-content\/uploads\/2020\/01\/2008-skoda-superb-590x410.jpg 590w\" sizes=\"auto, (max-width: 800px) 100vw, 800px\" \/><\/figure>\n\n\n\n<p>Dotykovou obrazovku je&nbsp;ve&nbsp;vozech \u0160koda mo\u017en\u00e9 m\u00edt od&nbsp;roku 2007. Tehdy dostal syst\u00e9m Columbus model Octavia, n\u00e1sledovan\u00fd v&nbsp;roce 2008 druhou generac\u00ed modelu Superb.&nbsp;Modern\u00ed a&nbsp;snadno ovladateln\u00e1 dotykov\u00e1 obrazovka byla spojena s&nbsp;pevn\u00fdm diskem o&nbsp;kapacit\u011b 30&nbsp;GB&nbsp;pro rychl\u00fd p\u0159\u00edstup k&nbsp;dat\u016fm.<\/p><br>\n\n\n\n<h2 class=\"wp-block-heading\">2013: \u0160koda Octavia<\/h2>\n\n\n\n<figure class=\"wp-block-image size-large\"><img loading=\"lazy\" decoding=\"async\" width=\"1024\" height=\"665\" src=\"https:\/\/www.mzone.cz\/wp-content\/uploads\/2020\/01\/2013-skoda-octavia-1920x2560-1-1024x665.jpg\" alt=\"Audiosyst\u00e9my - \u0160koda Octavia 2013\" class=\"wp-image-17521\" srcset=\"https:\/\/www.mzone.cz\/wp-content\/uploads\/2020\/01\/2013-skoda-octavia-1920x2560-1-1024x665.jpg 1024w, https:\/\/www.mzone.cz\/wp-content\/uploads\/2020\/01\/2013-skoda-octavia-1920x2560-1-300x195.jpg 300w, https:\/\/www.mzone.cz\/wp-content\/uploads\/2020\/01\/2013-skoda-octavia-1920x2560-1-768x499.jpg 768w, https:\/\/www.mzone.cz\/wp-content\/uploads\/2020\/01\/2013-skoda-octavia-1920x2560-1-1536x998.jpg 1536w, https:\/\/www.mzone.cz\/wp-content\/uploads\/2020\/01\/2013-skoda-octavia-1920x2560-1-590x383.jpg 590w, https:\/\/www.mzone.cz\/wp-content\/uploads\/2020\/01\/2013-skoda-octavia-1920x2560-1.jpg 1895w\" sizes=\"auto, (max-width: 1024px) 100vw, 1024px\" \/><\/figure>\n\n\n\n<p>V&nbsp;modelu Octavia se&nbsp;v&nbsp;roce 2013 poprv\u00e9 ve&nbsp;voze mladoboleslavsk\u00e9 zna\u010dky setkali z\u00e1kazn\u00edci s&nbsp;dotykovou obrazovkou se&nbsp;senzorem p\u0159ibl\u00ed\u017een\u00ed \u010di&nbsp;v\u00edcedotykov\u00fdm ovl\u00e1d\u00e1n\u00edm, mimo jin\u00e9 s&nbsp;mo\u017enost\u00ed zv\u011bt\u0161en\u00ed\/zmen\u0161en\u00ed m\u011b\u0159\u00edtka mapy pomoc\u00ed intuitivn\u00edho gesta dv\u011bma prsty. Skv\u011bl\u00fd poslech tehdy nab\u00edzel Sound System Canton, podpo\u0159en\u00fd nov\u011b navr\u017een\u00fdm odhlu\u010dn\u011bn\u00edm kabiny.<\/p><br>\n\n\n\n<h2 class=\"wp-block-heading\">2014: \u0160koda Fabia<\/h2>\n\n\n\n<figure class=\"wp-block-image size-large\"><img loading=\"lazy\" decoding=\"async\" width=\"1024\" height=\"683\" src=\"https:\/\/www.mzone.cz\/wp-content\/uploads\/2020\/01\/2014-skoda-fabia-smartgate-1920x1280-1-1024x683.jpg\" alt=\"Audiosyst\u00e9my - \u0160koda Fabia 2014\" class=\"wp-image-17524\" srcset=\"https:\/\/www.mzone.cz\/wp-content\/uploads\/2020\/01\/2014-skoda-fabia-smartgate-1920x1280-1-1024x683.jpg 1024w, https:\/\/www.mzone.cz\/wp-content\/uploads\/2020\/01\/2014-skoda-fabia-smartgate-1920x1280-1-300x200.jpg 300w, https:\/\/www.mzone.cz\/wp-content\/uploads\/2020\/01\/2014-skoda-fabia-smartgate-1920x1280-1-768x512.jpg 768w, https:\/\/www.mzone.cz\/wp-content\/uploads\/2020\/01\/2014-skoda-fabia-smartgate-1920x1280-1-1536x1024.jpg 1536w, https:\/\/www.mzone.cz\/wp-content\/uploads\/2020\/01\/2014-skoda-fabia-smartgate-1920x1280-1-800x533.jpg 800w, https:\/\/www.mzone.cz\/wp-content\/uploads\/2020\/01\/2014-skoda-fabia-smartgate-1920x1280-1-400x267.jpg 400w, https:\/\/www.mzone.cz\/wp-content\/uploads\/2020\/01\/2014-skoda-fabia-smartgate-1920x1280-1-500x333.jpg 500w, https:\/\/www.mzone.cz\/wp-content\/uploads\/2020\/01\/2014-skoda-fabia-smartgate-1920x1280-1-1170x780.jpg 1170w, https:\/\/www.mzone.cz\/wp-content\/uploads\/2020\/01\/2014-skoda-fabia-smartgate-1920x1280-1-590x393.jpg 590w, https:\/\/www.mzone.cz\/wp-content\/uploads\/2020\/01\/2014-skoda-fabia-smartgate-1920x1280-1.jpg 1920w\" sizes=\"auto, (max-width: 1024px) 100vw, 1024px\" \/><\/figure>\n\n\n\n<p>Mo\u017enost jednoduch\u00fdm zp\u016fsobem propojit chytr\u00fd telefon s&nbsp;automobilem p\u0159inesl jako prvn\u00ed model Fabia v&nbsp;roce 2014. Syst\u00e9m MirrorLink vyu\u017e\u00edval obrazovku infotainment syst\u00e9mu Bolero k&nbsp;zobrazov\u00e1n\u00ed a&nbsp;obsluze vybran\u00fdch aplikac\u00ed b\u011b\u017e\u00edc\u00edch v&nbsp;chytr\u00e9m telefonu. Krom\u011b toho nab\u00eddla nov\u00e1 Fabia i&nbsp;rozhran\u00ed SmartGate: d\u00edky n\u011bmu lze naopak ur\u010dit\u00e1 data vozu zobrazovat, ukl\u00e1dat a&nbsp;vyu\u017e\u00edvat pomoc\u00ed speci\u00e1ln\u00edch aplikac\u00ed na&nbsp;chytr\u00e9m telefonu.<\/p><br>\n\n\n\n<h2 class=\"wp-block-heading\">2015: \u0160koda Superb<\/h2>\n\n\n\n<figure class=\"wp-block-image size-large\"><img loading=\"lazy\" decoding=\"async\" width=\"1024\" height=\"768\" src=\"https:\/\/www.mzone.cz\/wp-content\/uploads\/2020\/01\/2015-skoda-superb-1920x1440-1-1024x768.jpg\" alt=\"Audiosyst\u00e9my - \u0160koda Superb 2015\" class=\"wp-image-17526\" srcset=\"https:\/\/www.mzone.cz\/wp-content\/uploads\/2020\/01\/2015-skoda-superb-1920x1440-1-1024x768.jpg 1024w, https:\/\/www.mzone.cz\/wp-content\/uploads\/2020\/01\/2015-skoda-superb-1920x1440-1-300x225.jpg 300w, https:\/\/www.mzone.cz\/wp-content\/uploads\/2020\/01\/2015-skoda-superb-1920x1440-1-768x576.jpg 768w, https:\/\/www.mzone.cz\/wp-content\/uploads\/2020\/01\/2015-skoda-superb-1920x1440-1-1536x1152.jpg 1536w, https:\/\/www.mzone.cz\/wp-content\/uploads\/2020\/01\/2015-skoda-superb-1920x1440-1-590x443.jpg 590w, https:\/\/www.mzone.cz\/wp-content\/uploads\/2020\/01\/2015-skoda-superb-1920x1440-1.jpg 1920w\" sizes=\"auto, (max-width: 1024px) 100vw, 1024px\" \/><\/figure>\n\n\n\n<p>T\u0159et\u00ed generace Superbu p\u0159inesla dal\u0161\u00ed premi\u00e9ru pro vozy \u0160koda. Z\u00e1kazn\u00edci si&nbsp;mohli vybrat mezi \u010dty\u0159mi nov\u00fdmi infotainment syst\u00e9my na&nbsp;b\u00e1zi \u0159ady za\u0159\u00edzen\u00ed MIB (modul\u00e1rn\u00ed stavebnice infotainment syst\u00e9m\u016f) koncernu Volkswagen. Vrcholn\u00e1 verze Columbus poprv\u00e9 disponovala na&nbsp;p\u0159\u00e1n\u00ed nov\u00fdm integrovan\u00fdm vysokorychlostn\u00edm internetov\u00fdm p\u0159ipojen\u00edm na&nbsp;b\u00e1zi standardu LTE.<\/p><br>\n\n\n\n<h2 class=\"wp-block-heading\">2018: \u0160koda Karoq<\/h2>\n\n\n\n<figure class=\"wp-block-image size-large\"><img loading=\"lazy\" decoding=\"async\" width=\"1024\" height=\"683\" src=\"https:\/\/www.mzone.cz\/wp-content\/uploads\/2020\/01\/2018-skoda-karoq-1920x1280-1-1024x683.jpg\" alt=\"Audiosyst\u00e9my - \u0160koda Karoq\" class=\"wp-image-17528\" srcset=\"https:\/\/www.mzone.cz\/wp-content\/uploads\/2020\/01\/2018-skoda-karoq-1920x1280-1-1024x683.jpg 1024w, https:\/\/www.mzone.cz\/wp-content\/uploads\/2020\/01\/2018-skoda-karoq-1920x1280-1-300x200.jpg 300w, https:\/\/www.mzone.cz\/wp-content\/uploads\/2020\/01\/2018-skoda-karoq-1920x1280-1-768x512.jpg 768w, https:\/\/www.mzone.cz\/wp-content\/uploads\/2020\/01\/2018-skoda-karoq-1920x1280-1-1536x1024.jpg 1536w, https:\/\/www.mzone.cz\/wp-content\/uploads\/2020\/01\/2018-skoda-karoq-1920x1280-1-800x533.jpg 800w, https:\/\/www.mzone.cz\/wp-content\/uploads\/2020\/01\/2018-skoda-karoq-1920x1280-1-400x267.jpg 400w, https:\/\/www.mzone.cz\/wp-content\/uploads\/2020\/01\/2018-skoda-karoq-1920x1280-1-500x333.jpg 500w, https:\/\/www.mzone.cz\/wp-content\/uploads\/2020\/01\/2018-skoda-karoq-1920x1280-1-1170x780.jpg 1170w, https:\/\/www.mzone.cz\/wp-content\/uploads\/2020\/01\/2018-skoda-karoq-1920x1280-1-590x393.jpg 590w, https:\/\/www.mzone.cz\/wp-content\/uploads\/2020\/01\/2018-skoda-karoq-1920x1280-1.jpg 1920w\" sizes=\"auto, (max-width: 1024px) 100vw, 1024px\" \/><\/figure>\n\n\n\n<p>Dnes jsou ve&nbsp;vozech \u0160koda,&nbsp;jako nap\u0159\u00edklad v&nbsp;modelu Karoq, k&nbsp;dispozici kapacitn\u00ed dotykov\u00e9 displeje. Nov\u00e9 mobiln\u00ed on-line slu\u017eby \u0160koda Connect jsou rozd\u011blen\u00e9 do&nbsp;dvou kategori\u00ed: Infotainment Online slou\u017e\u00edc\u00ed pro informace a&nbsp;navigaci a&nbsp;slu\u017eby Care Connect, kter\u00e9 pom\u00e1haj\u00ed p\u0159i poruch\u00e1ch a&nbsp;v&nbsp;nouzi. Dal\u0161\u00ed on-line slu\u017eby funguj\u00ed prost\u0159ednictv\u00edm aplikace \u0160koda Connect App. S&nbsp;nimi lze v\u016fz pomoc\u00ed chytr\u00e9ho telefonu na&nbsp;d\u00e1lku kontrolovat, konfigurovat a&nbsp;t\u0159eba tak\u00e9 naj\u00edt, kde jste ho&nbsp;zaparkovali. Slu\u0161n\u00fd progres za posledn\u00edch m\u00e9n\u011b ne\u017e 30 let, co \u0159\u00edk\u00e1te?<\/p><br>\n\n\n\n<div class=\"wp-block-image\"><figure class=\"alignleft size-large is-resized\"><img loading=\"lazy\" decoding=\"async\" src=\"https:\/\/www.mzone.cz\/wp-content\/uploads\/2019\/09\/190925_SKODA_Kamiq_Laura-1024x680.jpg\" alt=\"\" class=\"wp-image-13030\" width=\"122\" height=\"81\" srcset=\"https:\/\/www.mzone.cz\/wp-content\/uploads\/2019\/09\/190925_SKODA_Kamiq_Laura-1024x680.jpg 1024w, https:\/\/www.mzone.cz\/wp-content\/uploads\/2019\/09\/190925_SKODA_Kamiq_Laura-300x199.jpg 300w, https:\/\/www.mzone.cz\/wp-content\/uploads\/2019\/09\/190925_SKODA_Kamiq_Laura-768x510.jpg 768w, https:\/\/www.mzone.cz\/wp-content\/uploads\/2019\/09\/190925_SKODA_Kamiq_Laura-800x533.jpg 800w, https:\/\/www.mzone.cz\/wp-content\/uploads\/2019\/09\/190925_SKODA_Kamiq_Laura-400x267.jpg 400w, https:\/\/www.mzone.cz\/wp-content\/uploads\/2019\/09\/190925_SKODA_Kamiq_Laura-500x333.jpg 500w, https:\/\/www.mzone.cz\/wp-content\/uploads\/2019\/09\/190925_SKODA_Kamiq_Laura-1170x780.jpg 1170w, https:\/\/www.mzone.cz\/wp-content\/uploads\/2019\/09\/190925_SKODA_Kamiq_Laura-590x392.jpg 590w\" sizes=\"auto, (max-width: 122px) 100vw, 122px\" \/><\/figure><\/div>\n\n\n\n<h4><a href=\"https:\/\/www.mzone.cz\/lauro-uz-i-skodovka-ma-svou-osobni-asistentku\/\">Lauro?!? U\u017e i \u0160kodovka m\u00e1 svou osobn\u00ed asistentku<\/a><\/h4><br>","protected":false},"excerpt":{"rendered":"<p>Audiosyst\u00e9my: Zm\u00e1\u010dkneme tla\u010d\u00edtko a&nbsp;r\u00e1zem nejsme v&nbsp;aut\u011b sami. Obl\u00edben\u00e1 hudba, mluven\u00e9 slovo, zpr\u00e1vy, dopravn\u00ed informace \u2013 to&nbsp;v\u0161echno dnes pova\u017eujeme za&nbsp;samoz\u0159ejmost. Syst\u00e9my infotainmentu a&nbsp;jejich p\u0159edch\u016fdci autor\u00e1dia pro\u0161ly dramaticky rychl\u00fdm v\u00fdvojem. Prvn\u00ed autor\u00e1dia se&nbsp;objevila v&nbsp;USA ve&nbsp;20.&nbsp;letech minul\u00e9ho stolet\u00ed. Nejprve jen experiment\u00e1ln\u011b v&nbsp;n\u011bkolika kusech, ve&nbsp;v\u011bt\u0161\u00edm mno\u017estv\u00ed je&nbsp;za\u010dal montovat do&nbsp;voz\u016f kolem roku 1929&nbsp;Paul Galvin, pozd\u011bj\u0161\u00ed zakladatel firmy Motorola. V&nbsp;Evrop\u011b prvn\u00ed [&hellip;]<\/p>\n","protected":false},"author":4,"featured_media":17494,"comment_status":"open","ping_status":"closed","sticky":false,"template":"","format":"standard","meta":{"kk_blocks_editor_width":"","_kiokenblocks_attr":"","_kiokenblocks_dimensions":"","footnotes":""},"categories":[69,66,65],"tags":[3360,585,82,462,552,2811,912,3361,3362,434,19,1946,1945,1103],"class_list":["post-17493","post","type-post","status-publish","format-standard","has-post-thumbnail","hentry","category-auto-moto","category-elektro","category-technika","tag-audiosystemy","tag-auta","tag-auto","tag-auto-moto","tag-automobily","tag-infotainment","tag-pokrok","tag-radia","tag-radio","tag-technika","tag-technologie","tag-vybava","tag-vybaveni","tag-vyvoj"],"yoast_head":"<!-- This site is optimized with the Yoast SEO plugin v27.5 - https:\/\/yoast.com\/product\/yoast-seo-wordpress\/ -->\n<title>Od r\u00e1dia po internet aneb jak se vyv\u00edjely audiosyst\u00e9my v autech - Mzone<\/title>\n<meta name=\"description\" content=\"Audiosyst\u00e9my: Zm\u00e1\u010dkneme tla\u010d\u00edtko a r\u00e1zem nejsme v aut\u011b sami. Obl\u00edben\u00e1 hudba, mluven\u00e9 slovo, zpr\u00e1vy, dopravn\u00ed informace \u2013 to v\u0161echno dnes pova\u017eujeme za samoz\u0159ejmost. Syst\u00e9my infotainmentu a jejich p\u0159edch\u016fdci autor\u00e1dia pro\u0161ly dramaticky rychl\u00fdm v\u00fdvojem.\" \/>\n<meta name=\"robots\" content=\"index, follow, max-snippet:-1, max-image-preview:large, max-video-preview:-1\" \/>\n<link rel=\"canonical\" href=\"https:\/\/www.mzone.cz\/en\/jak-se-vyvijely-audiosystemy-v-autech\/\" \/>\n<meta property=\"og:locale\" content=\"en_US\" \/>\n<meta property=\"og:type\" content=\"article\" \/>\n<meta property=\"og:title\" content=\"Od r\u00e1dia po internet aneb jak se vyv\u00edjely audiosyst\u00e9my v autech - Mzone\" \/>\n<meta property=\"og:description\" content=\"Audiosyst\u00e9my: Zm\u00e1\u010dkneme tla\u010d\u00edtko a r\u00e1zem nejsme v aut\u011b sami. Obl\u00edben\u00e1 hudba, mluven\u00e9 slovo, zpr\u00e1vy, dopravn\u00ed informace \u2013 to v\u0161echno dnes pova\u017eujeme za samoz\u0159ejmost. Syst\u00e9my infotainmentu a jejich p\u0159edch\u016fdci autor\u00e1dia pro\u0161ly dramaticky rychl\u00fdm v\u00fdvojem.\" \/>\n<meta property=\"og:url\" content=\"https:\/\/www.mzone.cz\/en\/jak-se-vyvijely-audiosystemy-v-autech\/\" \/>\n<meta property=\"og:site_name\" content=\"Mzone\" \/>\n<meta property=\"article:publisher\" content=\"https:\/\/www.facebook.com\/MzoneCZ\/\" \/>\n<meta property=\"article:published_time\" content=\"2021-01-16T04:00:00+00:00\" \/>\n<meta property=\"og:image\" content=\"https:\/\/www.mzone.cz\/wp-content\/uploads\/2020\/01\/Audiosyst\u00e9my-v-autech.jpg\" \/>\n\t<meta property=\"og:image:width\" content=\"1783\" \/>\n\t<meta property=\"og:image:height\" content=\"1188\" \/>\n\t<meta property=\"og:image:type\" content=\"image\/jpeg\" \/>\n<meta name=\"author\" content=\"Mzone\" \/>\n<meta name=\"twitter:card\" content=\"summary_large_image\" \/>\n<meta name=\"twitter:label1\" content=\"Written by\" \/>\n\t<meta name=\"twitter:data1\" content=\"Mzone\" \/>\n\t<meta name=\"twitter:label2\" content=\"Est. reading time\" \/>\n\t<meta name=\"twitter:data2\" content=\"5 minutes\" \/>\n<script type=\"application\/ld+json\" class=\"yoast-schema-graph\">{\"@context\":\"https:\\\/\\\/schema.org\",\"@graph\":[{\"@type\":\"Article\",\"@id\":\"https:\\\/\\\/www.mzone.cz\\\/jak-se-vyvijely-audiosystemy-v-autech\\\/#article\",\"isPartOf\":{\"@id\":\"https:\\\/\\\/www.mzone.cz\\\/jak-se-vyvijely-audiosystemy-v-autech\\\/\"},\"author\":{\"name\":\"Mzone\",\"@id\":\"https:\\\/\\\/www.mzone.cz\\\/#\\\/schema\\\/person\\\/9bc20cc422a99cac4af6ff9297da32d4\"},\"headline\":\"Od r\u00e1dia po internet aneb jak se vyv\u00edjely audiosyst\u00e9my v autech\",\"datePublished\":\"2021-01-16T04:00:00+00:00\",\"mainEntityOfPage\":{\"@id\":\"https:\\\/\\\/www.mzone.cz\\\/jak-se-vyvijely-audiosystemy-v-autech\\\/\"},\"wordCount\":1088,\"commentCount\":0,\"image\":{\"@id\":\"https:\\\/\\\/www.mzone.cz\\\/jak-se-vyvijely-audiosystemy-v-autech\\\/#primaryimage\"},\"thumbnailUrl\":\"https:\\\/\\\/www.mzone.cz\\\/wp-content\\\/uploads\\\/2020\\\/01\\\/Audiosyst\u00e9my-v-autech.jpg\",\"keywords\":[\"audiosyst\u00e9my\",\"auta\",\"Auto\",\"auto-moto\",\"automobily\",\"infotainment\",\"pokrok\",\"r\u00e1dia\",\"r\u00e1dio\",\"technika\",\"Technologie\",\"v\u00fdbava\",\"vybaven\u00ed\",\"v\u00fdvoj\"],\"articleSection\":[\"Auto-moto\",\"Elektro\",\"Technika\"],\"inLanguage\":\"en-US\",\"potentialAction\":[{\"@type\":\"CommentAction\",\"name\":\"Comment\",\"target\":[\"https:\\\/\\\/www.mzone.cz\\\/jak-se-vyvijely-audiosystemy-v-autech\\\/#respond\"]}]},{\"@type\":\"WebPage\",\"@id\":\"https:\\\/\\\/www.mzone.cz\\\/jak-se-vyvijely-audiosystemy-v-autech\\\/\",\"url\":\"https:\\\/\\\/www.mzone.cz\\\/jak-se-vyvijely-audiosystemy-v-autech\\\/\",\"name\":\"Od r\u00e1dia po internet aneb jak se vyv\u00edjely audiosyst\u00e9my v autech - Mzone\",\"isPartOf\":{\"@id\":\"https:\\\/\\\/www.mzone.cz\\\/#website\"},\"primaryImageOfPage\":{\"@id\":\"https:\\\/\\\/www.mzone.cz\\\/jak-se-vyvijely-audiosystemy-v-autech\\\/#primaryimage\"},\"image\":{\"@id\":\"https:\\\/\\\/www.mzone.cz\\\/jak-se-vyvijely-audiosystemy-v-autech\\\/#primaryimage\"},\"thumbnailUrl\":\"https:\\\/\\\/www.mzone.cz\\\/wp-content\\\/uploads\\\/2020\\\/01\\\/Audiosyst\u00e9my-v-autech.jpg\",\"datePublished\":\"2021-01-16T04:00:00+00:00\",\"author\":{\"@id\":\"https:\\\/\\\/www.mzone.cz\\\/#\\\/schema\\\/person\\\/9bc20cc422a99cac4af6ff9297da32d4\"},\"description\":\"Audiosyst\u00e9my: Zm\u00e1\u010dkneme tla\u010d\u00edtko a r\u00e1zem nejsme v aut\u011b sami. Obl\u00edben\u00e1 hudba, mluven\u00e9 slovo, zpr\u00e1vy, dopravn\u00ed informace \u2013 to v\u0161echno dnes pova\u017eujeme za samoz\u0159ejmost. Syst\u00e9my infotainmentu a jejich p\u0159edch\u016fdci autor\u00e1dia pro\u0161ly dramaticky rychl\u00fdm v\u00fdvojem.\",\"breadcrumb\":{\"@id\":\"https:\\\/\\\/www.mzone.cz\\\/jak-se-vyvijely-audiosystemy-v-autech\\\/#breadcrumb\"},\"inLanguage\":\"en-US\",\"potentialAction\":[{\"@type\":\"ReadAction\",\"target\":[\"https:\\\/\\\/www.mzone.cz\\\/jak-se-vyvijely-audiosystemy-v-autech\\\/\"]}]},{\"@type\":\"ImageObject\",\"inLanguage\":\"en-US\",\"@id\":\"https:\\\/\\\/www.mzone.cz\\\/jak-se-vyvijely-audiosystemy-v-autech\\\/#primaryimage\",\"url\":\"https:\\\/\\\/www.mzone.cz\\\/wp-content\\\/uploads\\\/2020\\\/01\\\/Audiosyst\u00e9my-v-autech.jpg\",\"contentUrl\":\"https:\\\/\\\/www.mzone.cz\\\/wp-content\\\/uploads\\\/2020\\\/01\\\/Audiosyst\u00e9my-v-autech.jpg\",\"width\":1783,\"height\":1188},{\"@type\":\"BreadcrumbList\",\"@id\":\"https:\\\/\\\/www.mzone.cz\\\/jak-se-vyvijely-audiosystemy-v-autech\\\/#breadcrumb\",\"itemListElement\":[{\"@type\":\"ListItem\",\"position\":1,\"name\":\"Dom\u016f\",\"item\":\"https:\\\/\\\/www.mzone.cz\\\/\"},{\"@type\":\"ListItem\",\"position\":2,\"name\":\"Od r\u00e1dia po internet aneb jak se vyv\u00edjely audiosyst\u00e9my v autech\"}]},{\"@type\":\"WebSite\",\"@id\":\"https:\\\/\\\/www.mzone.cz\\\/#website\",\"url\":\"https:\\\/\\\/www.mzone.cz\\\/\",\"name\":\"Mzone\",\"description\":\"Magaz\u00edn nejen pro mu\u017ee\",\"potentialAction\":[{\"@type\":\"SearchAction\",\"target\":{\"@type\":\"EntryPoint\",\"urlTemplate\":\"https:\\\/\\\/www.mzone.cz\\\/?s={search_term_string}\"},\"query-input\":{\"@type\":\"PropertyValueSpecification\",\"valueRequired\":true,\"valueName\":\"search_term_string\"}}],\"inLanguage\":\"en-US\"},{\"@type\":\"Person\",\"@id\":\"https:\\\/\\\/www.mzone.cz\\\/#\\\/schema\\\/person\\\/9bc20cc422a99cac4af6ff9297da32d4\",\"name\":\"Mzone\",\"image\":{\"@type\":\"ImageObject\",\"inLanguage\":\"en-US\",\"@id\":\"https:\\\/\\\/secure.gravatar.com\\\/avatar\\\/e780a8630f3182a3d06dd667ab6bea151a0d155b0951bc15fe22633acdac0676?s=96&d=mm&r=g\",\"url\":\"https:\\\/\\\/secure.gravatar.com\\\/avatar\\\/e780a8630f3182a3d06dd667ab6bea151a0d155b0951bc15fe22633acdac0676?s=96&d=mm&r=g\",\"contentUrl\":\"https:\\\/\\\/secure.gravatar.com\\\/avatar\\\/e780a8630f3182a3d06dd667ab6bea151a0d155b0951bc15fe22633acdac0676?s=96&d=mm&r=g\",\"caption\":\"Mzone\"},\"url\":\"https:\\\/\\\/www.mzone.cz\\\/en\\\/author\\\/jakub\\\/\"}]}<\/script>\n<!-- \/ Yoast SEO plugin. -->","yoast_head_json":{"title":"Od r\u00e1dia po internet aneb jak se vyv\u00edjely audiosyst\u00e9my v autech - Mzone","description":"Audiosyst\u00e9my: Zm\u00e1\u010dkneme tla\u010d\u00edtko a r\u00e1zem nejsme v aut\u011b sami. Obl\u00edben\u00e1 hudba, mluven\u00e9 slovo, zpr\u00e1vy, dopravn\u00ed informace \u2013 to v\u0161echno dnes pova\u017eujeme za samoz\u0159ejmost. Syst\u00e9my infotainmentu a jejich p\u0159edch\u016fdci autor\u00e1dia pro\u0161ly dramaticky rychl\u00fdm v\u00fdvojem.","robots":{"index":"index","follow":"follow","max-snippet":"max-snippet:-1","max-image-preview":"max-image-preview:large","max-video-preview":"max-video-preview:-1"},"canonical":"https:\/\/www.mzone.cz\/en\/jak-se-vyvijely-audiosystemy-v-autech\/","og_locale":"en_US","og_type":"article","og_title":"Od r\u00e1dia po internet aneb jak se vyv\u00edjely audiosyst\u00e9my v autech - Mzone","og_description":"Audiosyst\u00e9my: Zm\u00e1\u010dkneme tla\u010d\u00edtko a r\u00e1zem nejsme v aut\u011b sami. Obl\u00edben\u00e1 hudba, mluven\u00e9 slovo, zpr\u00e1vy, dopravn\u00ed informace \u2013 to v\u0161echno dnes pova\u017eujeme za samoz\u0159ejmost. Syst\u00e9my infotainmentu a jejich p\u0159edch\u016fdci autor\u00e1dia pro\u0161ly dramaticky rychl\u00fdm v\u00fdvojem.","og_url":"https:\/\/www.mzone.cz\/en\/jak-se-vyvijely-audiosystemy-v-autech\/","og_site_name":"Mzone","article_publisher":"https:\/\/www.facebook.com\/MzoneCZ\/","article_published_time":"2021-01-16T04:00:00+00:00","og_image":[{"width":1783,"height":1188,"url":"https:\/\/www.mzone.cz\/wp-content\/uploads\/2020\/01\/Audiosyst\u00e9my-v-autech.jpg","type":"image\/jpeg"}],"author":"Mzone","twitter_card":"summary_large_image","twitter_misc":{"Written by":"Mzone","Est. reading time":"5 minutes"},"schema":{"@context":"https:\/\/schema.org","@graph":[{"@type":"Article","@id":"https:\/\/www.mzone.cz\/jak-se-vyvijely-audiosystemy-v-autech\/#article","isPartOf":{"@id":"https:\/\/www.mzone.cz\/jak-se-vyvijely-audiosystemy-v-autech\/"},"author":{"name":"Mzone","@id":"https:\/\/www.mzone.cz\/#\/schema\/person\/9bc20cc422a99cac4af6ff9297da32d4"},"headline":"Od r\u00e1dia po internet aneb jak se vyv\u00edjely audiosyst\u00e9my v autech","datePublished":"2021-01-16T04:00:00+00:00","mainEntityOfPage":{"@id":"https:\/\/www.mzone.cz\/jak-se-vyvijely-audiosystemy-v-autech\/"},"wordCount":1088,"commentCount":0,"image":{"@id":"https:\/\/www.mzone.cz\/jak-se-vyvijely-audiosystemy-v-autech\/#primaryimage"},"thumbnailUrl":"https:\/\/www.mzone.cz\/wp-content\/uploads\/2020\/01\/Audiosyst\u00e9my-v-autech.jpg","keywords":["audiosyst\u00e9my","auta","Auto","auto-moto","automobily","infotainment","pokrok","r\u00e1dia","r\u00e1dio","technika","Technologie","v\u00fdbava","vybaven\u00ed","v\u00fdvoj"],"articleSection":["Auto-moto","Elektro","Technika"],"inLanguage":"en-US","potentialAction":[{"@type":"CommentAction","name":"Comment","target":["https:\/\/www.mzone.cz\/jak-se-vyvijely-audiosystemy-v-autech\/#respond"]}]},{"@type":"WebPage","@id":"https:\/\/www.mzone.cz\/jak-se-vyvijely-audiosystemy-v-autech\/","url":"https:\/\/www.mzone.cz\/jak-se-vyvijely-audiosystemy-v-autech\/","name":"Od r\u00e1dia po internet aneb jak se vyv\u00edjely audiosyst\u00e9my v autech - Mzone","isPartOf":{"@id":"https:\/\/www.mzone.cz\/#website"},"primaryImageOfPage":{"@id":"https:\/\/www.mzone.cz\/jak-se-vyvijely-audiosystemy-v-autech\/#primaryimage"},"image":{"@id":"https:\/\/www.mzone.cz\/jak-se-vyvijely-audiosystemy-v-autech\/#primaryimage"},"thumbnailUrl":"https:\/\/www.mzone.cz\/wp-content\/uploads\/2020\/01\/Audiosyst\u00e9my-v-autech.jpg","datePublished":"2021-01-16T04:00:00+00:00","author":{"@id":"https:\/\/www.mzone.cz\/#\/schema\/person\/9bc20cc422a99cac4af6ff9297da32d4"},"description":"Audiosyst\u00e9my: Zm\u00e1\u010dkneme tla\u010d\u00edtko a r\u00e1zem nejsme v aut\u011b sami. Obl\u00edben\u00e1 hudba, mluven\u00e9 slovo, zpr\u00e1vy, dopravn\u00ed informace \u2013 to v\u0161echno dnes pova\u017eujeme za samoz\u0159ejmost. Syst\u00e9my infotainmentu a jejich p\u0159edch\u016fdci autor\u00e1dia pro\u0161ly dramaticky rychl\u00fdm v\u00fdvojem.","breadcrumb":{"@id":"https:\/\/www.mzone.cz\/jak-se-vyvijely-audiosystemy-v-autech\/#breadcrumb"},"inLanguage":"en-US","potentialAction":[{"@type":"ReadAction","target":["https:\/\/www.mzone.cz\/jak-se-vyvijely-audiosystemy-v-autech\/"]}]},{"@type":"ImageObject","inLanguage":"en-US","@id":"https:\/\/www.mzone.cz\/jak-se-vyvijely-audiosystemy-v-autech\/#primaryimage","url":"https:\/\/www.mzone.cz\/wp-content\/uploads\/2020\/01\/Audiosyst\u00e9my-v-autech.jpg","contentUrl":"https:\/\/www.mzone.cz\/wp-content\/uploads\/2020\/01\/Audiosyst\u00e9my-v-autech.jpg","width":1783,"height":1188},{"@type":"BreadcrumbList","@id":"https:\/\/www.mzone.cz\/jak-se-vyvijely-audiosystemy-v-autech\/#breadcrumb","itemListElement":[{"@type":"ListItem","position":1,"name":"Dom\u016f","item":"https:\/\/www.mzone.cz\/"},{"@type":"ListItem","position":2,"name":"Od r\u00e1dia po internet aneb jak se vyv\u00edjely audiosyst\u00e9my v autech"}]},{"@type":"WebSite","@id":"https:\/\/www.mzone.cz\/#website","url":"https:\/\/www.mzone.cz\/","name":"Mzone","description":"Magaz\u00edn nejen pro mu\u017ee","potentialAction":[{"@type":"SearchAction","target":{"@type":"EntryPoint","urlTemplate":"https:\/\/www.mzone.cz\/?s={search_term_string}"},"query-input":{"@type":"PropertyValueSpecification","valueRequired":true,"valueName":"search_term_string"}}],"inLanguage":"en-US"},{"@type":"Person","@id":"https:\/\/www.mzone.cz\/#\/schema\/person\/9bc20cc422a99cac4af6ff9297da32d4","name":"Mzone","image":{"@type":"ImageObject","inLanguage":"en-US","@id":"https:\/\/secure.gravatar.com\/avatar\/e780a8630f3182a3d06dd667ab6bea151a0d155b0951bc15fe22633acdac0676?s=96&d=mm&r=g","url":"https:\/\/secure.gravatar.com\/avatar\/e780a8630f3182a3d06dd667ab6bea151a0d155b0951bc15fe22633acdac0676?s=96&d=mm&r=g","contentUrl":"https:\/\/secure.gravatar.com\/avatar\/e780a8630f3182a3d06dd667ab6bea151a0d155b0951bc15fe22633acdac0676?s=96&d=mm&r=g","caption":"Mzone"},"url":"https:\/\/www.mzone.cz\/en\/author\/jakub\/"}]}},"_links":{"self":[{"href":"https:\/\/www.mzone.cz\/en\/wp-json\/wp\/v2\/posts\/17493","targetHints":{"allow":["GET"]}}],"collection":[{"href":"https:\/\/www.mzone.cz\/en\/wp-json\/wp\/v2\/posts"}],"about":[{"href":"https:\/\/www.mzone.cz\/en\/wp-json\/wp\/v2\/types\/post"}],"author":[{"embeddable":true,"href":"https:\/\/www.mzone.cz\/en\/wp-json\/wp\/v2\/users\/4"}],"replies":[{"embeddable":true,"href":"https:\/\/www.mzone.cz\/en\/wp-json\/wp\/v2\/comments?post=17493"}],"version-history":[{"count":27,"href":"https:\/\/www.mzone.cz\/en\/wp-json\/wp\/v2\/posts\/17493\/revisions"}],"predecessor-version":[{"id":22999,"href":"https:\/\/www.mzone.cz\/en\/wp-json\/wp\/v2\/posts\/17493\/revisions\/22999"}],"wp:featuredmedia":[{"embeddable":true,"href":"https:\/\/www.mzone.cz\/en\/wp-json\/wp\/v2\/media\/17494"}],"wp:attachment":[{"href":"https:\/\/www.mzone.cz\/en\/wp-json\/wp\/v2\/media?parent=17493"}],"wp:term":[{"taxonomy":"category","embeddable":true,"href":"https:\/\/www.mzone.cz\/en\/wp-json\/wp\/v2\/categories?post=17493"},{"taxonomy":"post_tag","embeddable":true,"href":"https:\/\/www.mzone.cz\/en\/wp-json\/wp\/v2\/tags?post=17493"}],"curies":[{"name":"wp","href":"https:\/\/api.w.org\/{rel}","templated":true}]}}