{"id":17533,"date":"2020-06-19T05:00:00","date_gmt":"2020-06-19T03:00:00","guid":{"rendered":"https:\/\/www.mzone.cz\/?p=17533"},"modified":"2020-06-11T20:41:25","modified_gmt":"2020-06-11T18:41:25","slug":"ferdinand-porsche-konstrukter-s-ceskymi-koreny","status":"publish","type":"post","link":"https:\/\/www.mzone.cz\/en\/ferdinand-porsche-konstrukter-s-ceskymi-koreny\/","title":{"rendered":"Ferdinand Porsche \u2013 slavn\u00fd konstrukt\u00e9r s \u010desk\u00fdmi ko\u0159eny"},"content":{"rendered":"<p><strong>Ferdinand Porsche m\u00e1 v automobilov\u00e9 historii hned n\u011bkolik z\u00e1sadn\u00edch prvenstv\u00ed. Vozy nesouc\u00ed jeho jm\u00e9no pat\u0159\u00ed k t\u011bm nejobdivovan\u011bj\u0161\u00edm na sv\u011bt\u011b. Ne ka\u017ed\u00fd v\u0161ak v\u00ed o Porscheho \u010desk\u00fdch ko\u0159enech.<\/strong><\/p><br>\n\n\n\n<p>Ty ko\u0159eny se nach\u00e1zej\u00ed v severo\u010desk\u00fdch Vratislavic\u00edch nad Nisou. Dnes je tam v Porscheho rodn\u00e9m dom\u011b expozice, kterou spravuje \u0160koda Muzeum. Expozice sou\u010dasn\u011b vykresluje z\u00e1sadn\u00ed momenty v\u00fdvoje in\u017een\u00fdrsk\u00e9ho a konstruk\u010dn\u00edho um\u011bn\u00ed, jeho\u017e je \u017eivotn\u00ed d\u00edlo Ferdinanda Porscheho sou\u010d\u00e1st\u00ed.<\/p><br>\n\n\n\n<figure class=\"wp-block-image size-large\"><img loading=\"lazy\" decoding=\"async\" width=\"1024\" height=\"680\" src=\"https:\/\/www.mzone.cz\/wp-content\/uploads\/2020\/01\/porsche-house-museum-exhibition-skoda-1920x1275-1-1024x680.jpg\" alt=\"Muzeum Ferdinanda Porsche\" class=\"wp-image-17538\" srcset=\"https:\/\/www.mzone.cz\/wp-content\/uploads\/2020\/01\/porsche-house-museum-exhibition-skoda-1920x1275-1-1024x680.jpg 1024w, https:\/\/www.mzone.cz\/wp-content\/uploads\/2020\/01\/porsche-house-museum-exhibition-skoda-1920x1275-1-300x199.jpg 300w, https:\/\/www.mzone.cz\/wp-content\/uploads\/2020\/01\/porsche-house-museum-exhibition-skoda-1920x1275-1-768x510.jpg 768w, https:\/\/www.mzone.cz\/wp-content\/uploads\/2020\/01\/porsche-house-museum-exhibition-skoda-1920x1275-1-1536x1020.jpg 1536w, https:\/\/www.mzone.cz\/wp-content\/uploads\/2020\/01\/porsche-house-museum-exhibition-skoda-1920x1275-1-400x267.jpg 400w, https:\/\/www.mzone.cz\/wp-content\/uploads\/2020\/01\/porsche-house-museum-exhibition-skoda-1920x1275-1-500x333.jpg 500w, https:\/\/www.mzone.cz\/wp-content\/uploads\/2020\/01\/porsche-house-museum-exhibition-skoda-1920x1275-1-590x392.jpg 590w, https:\/\/www.mzone.cz\/wp-content\/uploads\/2020\/01\/porsche-house-museum-exhibition-skoda-1920x1275-1.jpg 1920w\" sizes=\"auto, (max-width: 1024px) 100vw, 1024px\" \/><\/figure><br>\n\n\n\n<p>V\u011bt\u0161ina velk\u00fdch \u010dl\u00e1nk\u016f o&nbsp;Ferdinandu Porschem za\u010d\u00edn\u00e1 a\u017e&nbsp;na&nbsp;hranici jeho plnoletosti, kdy se&nbsp;vydal do&nbsp;V\u00eddn\u011b, aby tam ve&nbsp;Spojen\u00fdch elektrick\u00fdch podnic\u00edch zapo\u010dal \u00fasp\u011b\u0161nou kari\u00e9ru, je\u017e ho&nbsp;dovedla a\u017e&nbsp;ke&nbsp;konstrukci prvn\u00edch motor\u016f a&nbsp;automobil\u016f. Vznikl tam i&nbsp;prototyp, kter\u00fdm ohromil n\u00e1v\u0161t\u011bvn\u00edky pa\u0159\u00ed\u017esk\u00e9ho autosalonu v&nbsp;roce 1900.<\/p>\n\n\n\n<blockquote class=\"wp-block-quote is-layout-flow wp-block-quote-is-layout-flow\"><p>Byl to prvn\u00ed v\u016fz s&nbsp;pohonem v\u0161ech kol a&nbsp;vlastn\u011b i&nbsp;prvn\u00ed hybrid v&nbsp;automobilov\u00e9 historii. Tehdy u\u017e&nbsp;Porsche v\u011bd\u011bl, \u017ee&nbsp;jeho fascinace elekt\u0159inou a&nbsp;technikou obecn\u011b je&nbsp;jen sch\u016fdkem ke&nbsp;konstrukci automobil\u016f.<\/p><\/blockquote>\n\n\n\n<h2 class=\"wp-block-heading\"><strong>Budoucnost se&nbsp;m\u011b\u0159\u00ed ve&nbsp;voltech<\/strong><\/h2>\n\n\n\n<p>Porsche se narodil do n\u011bmecky mluv\u00edc\u00ed rodiny ve Vratislavic\u00edch nad Nisou, resp. v Maffersdorfu, jak zn\u011blo n\u011bmeck\u00e9 jm\u00e9no dne\u0161n\u00ed sou\u010d\u00e1sti Liberce. Jeho otec Anton Porsche m\u011bl \u00fasp\u011b\u0161nou klemp\u00ed\u0159skou d\u00edlnu a o Ferdinandov\u011b posedlosti elekt\u0159inou necht\u011bl nic sly\u0161et. Anton\u016fv prvn\u00ed syn se zabil p\u0159i nehod\u011b v d\u00edln\u011b, a tak bylo jasn\u00e9, \u017ee Ferdinand \u017eivnost zd\u011bd\u00ed. Nic na tom nezm\u011bnilo ani to, \u017ee u\u017e v ml\u00e1d\u00ed si elekrifikoval brusle, kdy\u017e na n\u011b p\u0159ipevnil mal\u00e9 \u017e\u00e1rovky a byl za hv\u011bzdu mezi d\u011btmi proh\u00e1n\u011bj\u00edc\u00edmi se po zamrzl\u00e9 Nise.<\/p><br>\n\n\n\n<figure class=\"wp-block-image size-large\"><img loading=\"lazy\" decoding=\"async\" width=\"1024\" height=\"683\" src=\"https:\/\/www.mzone.cz\/wp-content\/uploads\/2020\/01\/anton-porsche-museum-house-skoda-1920x1281-1-1024x683.jpg\" alt=\"Ferdinand Porsche se narodil ve Vratislavic\u00edch nad Nisou\" class=\"wp-image-17542\" srcset=\"https:\/\/www.mzone.cz\/wp-content\/uploads\/2020\/01\/anton-porsche-museum-house-skoda-1920x1281-1-1024x683.jpg 1024w, https:\/\/www.mzone.cz\/wp-content\/uploads\/2020\/01\/anton-porsche-museum-house-skoda-1920x1281-1-300x200.jpg 300w, https:\/\/www.mzone.cz\/wp-content\/uploads\/2020\/01\/anton-porsche-museum-house-skoda-1920x1281-1-768x512.jpg 768w, https:\/\/www.mzone.cz\/wp-content\/uploads\/2020\/01\/anton-porsche-museum-house-skoda-1920x1281-1-1536x1025.jpg 1536w, https:\/\/www.mzone.cz\/wp-content\/uploads\/2020\/01\/anton-porsche-museum-house-skoda-1920x1281-1-800x533.jpg 800w, https:\/\/www.mzone.cz\/wp-content\/uploads\/2020\/01\/anton-porsche-museum-house-skoda-1920x1281-1-400x267.jpg 400w, https:\/\/www.mzone.cz\/wp-content\/uploads\/2020\/01\/anton-porsche-museum-house-skoda-1920x1281-1-500x333.jpg 500w, https:\/\/www.mzone.cz\/wp-content\/uploads\/2020\/01\/anton-porsche-museum-house-skoda-1920x1281-1-1170x780.jpg 1170w, https:\/\/www.mzone.cz\/wp-content\/uploads\/2020\/01\/anton-porsche-museum-house-skoda-1920x1281-1-590x394.jpg 590w, https:\/\/www.mzone.cz\/wp-content\/uploads\/2020\/01\/anton-porsche-museum-house-skoda-1920x1281-1.jpg 1920w\" sizes=\"auto, (max-width: 1024px) 100vw, 1024px\" \/><\/figure><br>\n\n\n\n<p>Dokonce ani elektrifikace Porscheho domku, kter\u00fd jako prvn\u00ed ve vesnici nespol\u00e9hal na mihotav\u00e9 sv\u011btlo petrolejek, otce neobm\u011bk\u010dila a Ferdinand musel do klemp\u00ed\u0159sk\u00e9ho u\u010den\u00ed. \u00dasp\u011b\u0161n\u011b ho absolvoval, ale potaj\u00ed chodil na p\u0159edn\u00e1\u0161ky na elektrotechnick\u00e9 \u0161kole a elektrifikoval i tov\u00e1rnu na koberce bratr\u016f Ginzkeyov\u00fdch.<\/p><br>\n\n\n\n<p>V&nbsp;osmn\u00e1cti pak z&nbsp;rodn\u00e9ho m\u011bsta ode\u0161el do&nbsp;V\u00eddn\u011b, kde z\u00edskal m\u00edsto pr\u00e1v\u011b u&nbsp;tamn\u00edch elektrick\u00fdch podnik\u016f. Za\u010d\u00ednal od&nbsp;nuly, ale potkal tu&nbsp;\u017eivotn\u00ed l\u00e1sku, rodilou V\u00edde\u0148anku Louise, a&nbsp;doplnil si&nbsp;vzd\u011bl\u00e1n\u00ed, kdy\u017e ve&nbsp;voln\u00fdch chv\u00edl\u00edch nav\u0161t\u011bvoval p\u0159edn\u00e1\u0161ky na&nbsp;v\u00edde\u0148sk\u00e9 univerzit\u011b.<\/p>\n\n\n\n<blockquote class=\"wp-block-quote is-layout-flow wp-block-quote-is-layout-flow\"><p>P\u0159elomov\u00fdm okam\u017eikem se&nbsp;stala zak\u00e1zka firmy Lohner, kter\u00e1 u&nbsp;elektrick\u00fdch podnik\u016f zadala v\u00fdrobu elektromotoru pro sv\u016fj nov\u00fd model. Porsche spolupracoval s&nbsp;Lohnerem tak \u00fazce, \u017ee&nbsp;brzy dostal nab\u00eddku pracovn\u00edho m\u00edsta.&nbsp;<\/p><\/blockquote>\n\n\n\n<p>Pr\u00e1v\u011b zde Porsche vyvinul sv\u016fj unik\u00e1tn\u00ed pohon v\u0161ech kol s elektromotorem skryt\u00fdm v kolech automobilu. Porsche svou koncepc\u00ed slavil \u00fasp\u011bch na Sv\u011btov\u00e9 v\u00fdstav\u011b v Pa\u0159\u00ed\u017ei a vozem Lohner-Porsche Semper Vivus (v p\u0159ekladu \u201eV\u011b\u010dn\u011b \u017eiv\u00fd\u201c, kombinoval toti\u017e elektromotory a akumul\u00e1tory se spalovac\u00edm motorem, kter\u00fd slou\u017eil jako gener\u00e1tor) pozd\u011bji p\u0159ivezl z V\u00eddn\u011b do Vratislavic svou budouc\u00ed man\u017eelku, aby ji p\u0159edstavil rodi\u010d\u016fm. Bylo to t\u0159icet let p\u0159edt\u00edm, ne\u017e se rozhodl postavit na vlastn\u00ed nohy a zalo\u017eit automobilku Porsche.<\/p><br>\n\n\n\n<figure class=\"wp-block-image size-large\"><img loading=\"lazy\" decoding=\"async\" width=\"1024\" height=\"683\" src=\"https:\/\/www.mzone.cz\/wp-content\/uploads\/2020\/01\/semper-vivus-ferdinand-porsche-skoda-museum-1920x1281-1-1024x683.jpg\" alt=\"V\u016fz Semper Vivus kombinuj\u00edc\u00ed elektromotor se spalovac\u00edm motorem\" class=\"wp-image-17548\" srcset=\"https:\/\/www.mzone.cz\/wp-content\/uploads\/2020\/01\/semper-vivus-ferdinand-porsche-skoda-museum-1920x1281-1-1024x683.jpg 1024w, https:\/\/www.mzone.cz\/wp-content\/uploads\/2020\/01\/semper-vivus-ferdinand-porsche-skoda-museum-1920x1281-1-300x200.jpg 300w, https:\/\/www.mzone.cz\/wp-content\/uploads\/2020\/01\/semper-vivus-ferdinand-porsche-skoda-museum-1920x1281-1-768x512.jpg 768w, https:\/\/www.mzone.cz\/wp-content\/uploads\/2020\/01\/semper-vivus-ferdinand-porsche-skoda-museum-1920x1281-1-1536x1025.jpg 1536w, https:\/\/www.mzone.cz\/wp-content\/uploads\/2020\/01\/semper-vivus-ferdinand-porsche-skoda-museum-1920x1281-1-800x533.jpg 800w, https:\/\/www.mzone.cz\/wp-content\/uploads\/2020\/01\/semper-vivus-ferdinand-porsche-skoda-museum-1920x1281-1-400x267.jpg 400w, https:\/\/www.mzone.cz\/wp-content\/uploads\/2020\/01\/semper-vivus-ferdinand-porsche-skoda-museum-1920x1281-1-500x333.jpg 500w, https:\/\/www.mzone.cz\/wp-content\/uploads\/2020\/01\/semper-vivus-ferdinand-porsche-skoda-museum-1920x1281-1-1170x780.jpg 1170w, https:\/\/www.mzone.cz\/wp-content\/uploads\/2020\/01\/semper-vivus-ferdinand-porsche-skoda-museum-1920x1281-1-590x394.jpg 590w, https:\/\/www.mzone.cz\/wp-content\/uploads\/2020\/01\/semper-vivus-ferdinand-porsche-skoda-museum-1920x1281-1.jpg 1920w\" sizes=\"auto, (max-width: 1024px) 100vw, 1024px\" \/><figcaption>V\u016fz Semper Vivus kombinuj\u00edc\u00ed elektromotor se spalovac\u00edm motorem<\/figcaption><\/figure><br>\n\n\n\n<p>Porsche byl konstrukt\u00e9r s velmi \u0161irok\u00fdm z\u00e1b\u011brem a nekonven\u010dn\u00edmi n\u00e1pady. I d\u00edky tomu byl ve 30. letech pov\u011b\u0159en v\u00fdvojem cenov\u011b dostupn\u00e9ho, doslova lidov\u00e9ho vozu (Volks-Wagen) pro \u0161irok\u00e9 masy. Z n\u011bj po v\u00e1le\u010dn\u00fdch peripeti\u00edch vznikl legend\u00e1rn\u00ed <strong><a href=\"https:\/\/cs.wikipedia.org\/wiki\/Volkswagen_Brouk\" target=\"_blank\" rel=\"noreferrer noopener\">VW Brouk<\/a><\/strong>.<\/p><br>\n\n\n\n<div class=\"wp-block-image\"><figure class=\"alignleft size-large is-resized\"><img loading=\"lazy\" decoding=\"async\" src=\"https:\/\/www.mzone.cz\/wp-content\/uploads\/2019\/08\/190801-Porsche-919-Hybrid-Vratislavice-01.JPG-kopie-1024x683.jpg\" alt=\"\" class=\"wp-image-11648\" width=\"161\" height=\"106\" srcset=\"https:\/\/www.mzone.cz\/wp-content\/uploads\/2019\/08\/190801-Porsche-919-Hybrid-Vratislavice-01.JPG-kopie-1024x683.jpg 1024w, https:\/\/www.mzone.cz\/wp-content\/uploads\/2019\/08\/190801-Porsche-919-Hybrid-Vratislavice-01.JPG-kopie-300x200.jpg 300w, https:\/\/www.mzone.cz\/wp-content\/uploads\/2019\/08\/190801-Porsche-919-Hybrid-Vratislavice-01.JPG-kopie-768x512.jpg 768w, https:\/\/www.mzone.cz\/wp-content\/uploads\/2019\/08\/190801-Porsche-919-Hybrid-Vratislavice-01.JPG-kopie-800x533.jpg 800w, https:\/\/www.mzone.cz\/wp-content\/uploads\/2019\/08\/190801-Porsche-919-Hybrid-Vratislavice-01.JPG-kopie-400x267.jpg 400w, https:\/\/www.mzone.cz\/wp-content\/uploads\/2019\/08\/190801-Porsche-919-Hybrid-Vratislavice-01.JPG-kopie-500x333.jpg 500w, https:\/\/www.mzone.cz\/wp-content\/uploads\/2019\/08\/190801-Porsche-919-Hybrid-Vratislavice-01.JPG-kopie-1170x780.jpg 1170w, https:\/\/www.mzone.cz\/wp-content\/uploads\/2019\/08\/190801-Porsche-919-Hybrid-Vratislavice-01.JPG-kopie-590x393.jpg 590w\" sizes=\"auto, (max-width: 161px) 100vw, 161px\" \/><\/figure><\/div>\n\n\n\n<h4><a href=\"https:\/\/www.mzone.cz\/unikat-v-rodnem-dome-ferdinanda-porscheho-zavodni-special-porsche-919-hybrid\/\">Unik\u00e1t v rodn\u00e9m dom\u011b Ferdinanda Porscheho: Z\u00e1vodn\u00ed speci\u00e1l Porsche 919 Hybrid<\/a><\/h4><br>\n\n\n\n<p>Rodn\u00fd d\u016fm Ferdinanda Porscheho je dnes v majetku automobilky \u0160koda, kter\u00e1 ho zrekonstruovala podle p\u016fvodn\u00edch pl\u00e1n\u016f do podoby z roku 1875, kdy se v n\u011bm Ferdinand Porsche narodil.<\/p><br>\n\n\n\n<figure class=\"wp-block-image size-large\"><img loading=\"lazy\" decoding=\"async\" width=\"568\" height=\"378\" src=\"https:\/\/www.mzone.cz\/wp-content\/uploads\/2020\/01\/Bundesarchiv_Bild_183-2005-1017-525_Dr._Ferdinand_Porsche.jpg\" alt=\"Ferdinand Porsche\" class=\"wp-image-17559\" srcset=\"https:\/\/www.mzone.cz\/wp-content\/uploads\/2020\/01\/Bundesarchiv_Bild_183-2005-1017-525_Dr._Ferdinand_Porsche.jpg 568w, https:\/\/www.mzone.cz\/wp-content\/uploads\/2020\/01\/Bundesarchiv_Bild_183-2005-1017-525_Dr._Ferdinand_Porsche-300x200.jpg 300w, https:\/\/www.mzone.cz\/wp-content\/uploads\/2020\/01\/Bundesarchiv_Bild_183-2005-1017-525_Dr._Ferdinand_Porsche-400x267.jpg 400w, https:\/\/www.mzone.cz\/wp-content\/uploads\/2020\/01\/Bundesarchiv_Bild_183-2005-1017-525_Dr._Ferdinand_Porsche-500x333.jpg 500w\" sizes=\"auto, (max-width: 568px) 100vw, 568px\" \/><\/figure><br>\n\n\n\n<p>Aktu\u00e1ln\u011b je tak v rodn\u00e9m dom\u011b F. Porscheho expozice mapuj\u00edc\u00ed vedle \u017eivota slavn\u00e9ho vratislavick\u00e9ho rod\u00e1ka i pr\u016fmyslov\u00e9 miln\u00edky. Modern\u00ed v\u00fdstava s multimedi\u00e1ln\u00edmi prvky je rozd\u011blena do t\u0159\u00ed \u010d\u00e1st\u00ed: in\u017een\u00fdrsk\u00e9 um\u011bn\u00ed, mobilita a rodina.<\/p><br>\n\n\n\n<div class=\"wp-block-image\"><figure class=\"alignleft size-large is-resized\"><img loading=\"lazy\" decoding=\"async\" src=\"https:\/\/www.mzone.cz\/wp-content\/uploads\/2019\/12\/Virtu\u00e1ln\u00ed-j\u00edzda-historickou-Prahou-1024x682.jpg\" alt=\"\" class=\"wp-image-15126\" width=\"128\" height=\"85\" srcset=\"https:\/\/www.mzone.cz\/wp-content\/uploads\/2019\/12\/Virtu\u00e1ln\u00ed-j\u00edzda-historickou-Prahou-1024x682.jpg 1024w, https:\/\/www.mzone.cz\/wp-content\/uploads\/2019\/12\/Virtu\u00e1ln\u00ed-j\u00edzda-historickou-Prahou-300x200.jpg 300w, https:\/\/www.mzone.cz\/wp-content\/uploads\/2019\/12\/Virtu\u00e1ln\u00ed-j\u00edzda-historickou-Prahou-768x512.jpg 768w, https:\/\/www.mzone.cz\/wp-content\/uploads\/2019\/12\/Virtu\u00e1ln\u00ed-j\u00edzda-historickou-Prahou-800x533.jpg 800w, https:\/\/www.mzone.cz\/wp-content\/uploads\/2019\/12\/Virtu\u00e1ln\u00ed-j\u00edzda-historickou-Prahou-400x267.jpg 400w, https:\/\/www.mzone.cz\/wp-content\/uploads\/2019\/12\/Virtu\u00e1ln\u00ed-j\u00edzda-historickou-Prahou-500x333.jpg 500w, https:\/\/www.mzone.cz\/wp-content\/uploads\/2019\/12\/Virtu\u00e1ln\u00ed-j\u00edzda-historickou-Prahou-1170x780.jpg 1170w, https:\/\/www.mzone.cz\/wp-content\/uploads\/2019\/12\/Virtu\u00e1ln\u00ed-j\u00edzda-historickou-Prahou-590x393.jpg 590w, https:\/\/www.mzone.cz\/wp-content\/uploads\/2019\/12\/Virtu\u00e1ln\u00ed-j\u00edzda-historickou-Prahou.jpg 1204w\" sizes=\"auto, (max-width: 128px) 100vw, 128px\" \/><\/figure><\/div>\n\n\n\n<h4><a href=\"https:\/\/www.mzone.cz\/virtualni-jizda-historickou-prahou-video-ktere-vas-vezme-do-minulosti\/\">Virtu\u00e1ln\u00ed j\u00edzda historickou Prahou: Video, kter\u00e9 v\u00e1s vezme do minulosti<\/a><\/h4><br>\n\n\n\n<p>K&nbsp;vid\u011bn\u00ed jsou vedle ji\u017e zmi\u0148ovan\u00e9ho hybridn\u00edho vozu <strong>Semper Vivus<\/strong> tak\u00e9 prvn\u00ed Porscheho vyn\u00e1lezy z&nbsp;ml\u00e1d\u00ed a&nbsp;rodinn\u00e9 vzpom\u00ednky. A&nbsp;pr\u00e1v\u011b to&nbsp;je&nbsp;ta&nbsp;autentick\u00e1 \u010desk\u00e1 stopa, dokazuj\u00edc\u00ed, \u017ee&nbsp;sny o&nbsp;bezkonkuren\u010dn\u00edch vozech se&nbsp;rodily u\u017e&nbsp;tady. Rozhodn\u011b doporu\u010dujeme nav\u0161t\u00edvit!<\/p>","protected":false},"excerpt":{"rendered":"<p>Ferdinand Porsche m\u00e1 v automobilov\u00e9 historii hned n\u011bkolik z\u00e1sadn\u00edch prvenstv\u00ed. Vozy nesouc\u00ed jeho jm\u00e9no pat\u0159\u00ed k t\u011bm nejobdivovan\u011bj\u0161\u00edm na sv\u011bt\u011b. Ne ka\u017ed\u00fd v\u0161ak v\u00ed o Porscheho \u010desk\u00fdch ko\u0159enech. Ty ko\u0159eny se nach\u00e1zej\u00ed v severo\u010desk\u00fdch Vratislavic\u00edch nad Nisou. Dnes je tam v Porscheho rodn\u00e9m dom\u011b expozice, kterou spravuje \u0160koda Muzeum. Expozice sou\u010dasn\u011b vykresluje z\u00e1sadn\u00ed momenty v\u00fdvoje [&hellip;]<\/p>\n","protected":false},"author":4,"featured_media":17534,"comment_status":"open","ping_status":"closed","sticky":false,"template":"","format":"standard","meta":{"kk_blocks_editor_width":"","_kiokenblocks_attr":"","_kiokenblocks_dimensions":"","footnotes":""},"categories":[69,387],"tags":[585,82,462,3364,2603,87,3363,583,3365],"class_list":["post-17533","post","type-post","status-publish","format-standard","has-post-thumbnail","hentry","category-auto-moto","category-historie","tag-auta","tag-auto","tag-auto-moto","tag-ceske-koreny","tag-ferdinand-porsche","tag-historie","tag-konstrukter","tag-porsche","tag-vratislavice-nad-nisou"],"yoast_head":"<!-- This site is optimized with the Yoast SEO plugin v27.5 - https:\/\/yoast.com\/product\/yoast-seo-wordpress\/ -->\n<title>Ferdinand Porsche \u2013 slavn\u00fd konstrukt\u00e9r s \u010desk\u00fdmi ko\u0159eny - Mzone<\/title>\n<meta name=\"description\" content=\"Ferdinand Porsche m\u00e1 v automobilov\u00e9 historii hned n\u011bkolik z\u00e1sadn\u00edch prvenstv\u00ed. Vozy nesouc\u00ed jeho jm\u00e9no pat\u0159\u00ed k t\u011bm nejobdivovan\u011bj\u0161\u00edm na sv\u011bt\u011b. Ne ka\u017ed\u00fd v\u0161ak v\u00ed o jeho \u010desk\u00fdch ko\u0159enech.\" \/>\n<meta name=\"robots\" content=\"index, follow, max-snippet:-1, max-image-preview:large, max-video-preview:-1\" \/>\n<link rel=\"canonical\" href=\"https:\/\/www.mzone.cz\/en\/ferdinand-porsche-konstrukter-s-ceskymi-koreny\/\" \/>\n<meta property=\"og:locale\" content=\"en_US\" \/>\n<meta property=\"og:type\" content=\"article\" \/>\n<meta property=\"og:title\" content=\"Ferdinand Porsche \u2013 slavn\u00fd konstrukt\u00e9r s \u010desk\u00fdmi ko\u0159eny - Mzone\" \/>\n<meta property=\"og:description\" content=\"Ferdinand Porsche m\u00e1 v automobilov\u00e9 historii hned n\u011bkolik z\u00e1sadn\u00edch prvenstv\u00ed. Vozy nesouc\u00ed jeho jm\u00e9no pat\u0159\u00ed k t\u011bm nejobdivovan\u011bj\u0161\u00edm na sv\u011bt\u011b. Ne ka\u017ed\u00fd v\u0161ak v\u00ed o jeho \u010desk\u00fdch ko\u0159enech.\" \/>\n<meta property=\"og:url\" content=\"https:\/\/www.mzone.cz\/en\/ferdinand-porsche-konstrukter-s-ceskymi-koreny\/\" \/>\n<meta property=\"og:site_name\" content=\"Mzone\" \/>\n<meta property=\"article:publisher\" content=\"https:\/\/www.facebook.com\/MzoneCZ\/\" \/>\n<meta property=\"article:published_time\" content=\"2020-06-19T03:00:00+00:00\" \/>\n<meta property=\"og:image\" content=\"https:\/\/www.mzone.cz\/wp-content\/uploads\/2020\/01\/Ferdinand-Porsche.jpg\" \/>\n\t<meta property=\"og:image:width\" content=\"1530\" \/>\n\t<meta property=\"og:image:height\" content=\"1021\" \/>\n\t<meta property=\"og:image:type\" content=\"image\/jpeg\" \/>\n<meta name=\"author\" content=\"Mzone\" \/>\n<meta name=\"twitter:card\" content=\"summary_large_image\" \/>\n<meta name=\"twitter:label1\" content=\"Written by\" \/>\n\t<meta name=\"twitter:data1\" content=\"Mzone\" \/>\n\t<meta name=\"twitter:label2\" content=\"Est. reading time\" \/>\n\t<meta name=\"twitter:data2\" content=\"4 minutes\" \/>\n<script type=\"application\/ld+json\" class=\"yoast-schema-graph\">{\"@context\":\"https:\\\/\\\/schema.org\",\"@graph\":[{\"@type\":\"Article\",\"@id\":\"https:\\\/\\\/www.mzone.cz\\\/ferdinand-porsche-konstrukter-s-ceskymi-koreny\\\/#article\",\"isPartOf\":{\"@id\":\"https:\\\/\\\/www.mzone.cz\\\/ferdinand-porsche-konstrukter-s-ceskymi-koreny\\\/\"},\"author\":{\"name\":\"Mzone\",\"@id\":\"https:\\\/\\\/www.mzone.cz\\\/#\\\/schema\\\/person\\\/9bc20cc422a99cac4af6ff9297da32d4\"},\"headline\":\"Ferdinand Porsche \u2013 slavn\u00fd konstrukt\u00e9r s \u010desk\u00fdmi ko\u0159eny\",\"datePublished\":\"2020-06-19T03:00:00+00:00\",\"mainEntityOfPage\":{\"@id\":\"https:\\\/\\\/www.mzone.cz\\\/ferdinand-porsche-konstrukter-s-ceskymi-koreny\\\/\"},\"wordCount\":863,\"commentCount\":0,\"image\":{\"@id\":\"https:\\\/\\\/www.mzone.cz\\\/ferdinand-porsche-konstrukter-s-ceskymi-koreny\\\/#primaryimage\"},\"thumbnailUrl\":\"https:\\\/\\\/www.mzone.cz\\\/wp-content\\\/uploads\\\/2020\\\/01\\\/Ferdinand-Porsche.jpg\",\"keywords\":[\"auta\",\"Auto\",\"auto-moto\",\"\u010desk\u00e9 ko\u0159eny\",\"Ferdinand Porsche\",\"Historie\",\"konstrukt\u00e9r\",\"Porsche\",\"Vratislavice nad Nisou\"],\"articleSection\":[\"Auto-moto\",\"Historie\"],\"inLanguage\":\"en-US\",\"potentialAction\":[{\"@type\":\"CommentAction\",\"name\":\"Comment\",\"target\":[\"https:\\\/\\\/www.mzone.cz\\\/ferdinand-porsche-konstrukter-s-ceskymi-koreny\\\/#respond\"]}]},{\"@type\":\"WebPage\",\"@id\":\"https:\\\/\\\/www.mzone.cz\\\/ferdinand-porsche-konstrukter-s-ceskymi-koreny\\\/\",\"url\":\"https:\\\/\\\/www.mzone.cz\\\/ferdinand-porsche-konstrukter-s-ceskymi-koreny\\\/\",\"name\":\"Ferdinand Porsche \u2013 slavn\u00fd konstrukt\u00e9r s \u010desk\u00fdmi ko\u0159eny - Mzone\",\"isPartOf\":{\"@id\":\"https:\\\/\\\/www.mzone.cz\\\/#website\"},\"primaryImageOfPage\":{\"@id\":\"https:\\\/\\\/www.mzone.cz\\\/ferdinand-porsche-konstrukter-s-ceskymi-koreny\\\/#primaryimage\"},\"image\":{\"@id\":\"https:\\\/\\\/www.mzone.cz\\\/ferdinand-porsche-konstrukter-s-ceskymi-koreny\\\/#primaryimage\"},\"thumbnailUrl\":\"https:\\\/\\\/www.mzone.cz\\\/wp-content\\\/uploads\\\/2020\\\/01\\\/Ferdinand-Porsche.jpg\",\"datePublished\":\"2020-06-19T03:00:00+00:00\",\"author\":{\"@id\":\"https:\\\/\\\/www.mzone.cz\\\/#\\\/schema\\\/person\\\/9bc20cc422a99cac4af6ff9297da32d4\"},\"description\":\"Ferdinand Porsche m\u00e1 v automobilov\u00e9 historii hned n\u011bkolik z\u00e1sadn\u00edch prvenstv\u00ed. Vozy nesouc\u00ed jeho jm\u00e9no pat\u0159\u00ed k t\u011bm nejobdivovan\u011bj\u0161\u00edm na sv\u011bt\u011b. Ne ka\u017ed\u00fd v\u0161ak v\u00ed o jeho \u010desk\u00fdch ko\u0159enech.\",\"breadcrumb\":{\"@id\":\"https:\\\/\\\/www.mzone.cz\\\/ferdinand-porsche-konstrukter-s-ceskymi-koreny\\\/#breadcrumb\"},\"inLanguage\":\"en-US\",\"potentialAction\":[{\"@type\":\"ReadAction\",\"target\":[\"https:\\\/\\\/www.mzone.cz\\\/ferdinand-porsche-konstrukter-s-ceskymi-koreny\\\/\"]}]},{\"@type\":\"ImageObject\",\"inLanguage\":\"en-US\",\"@id\":\"https:\\\/\\\/www.mzone.cz\\\/ferdinand-porsche-konstrukter-s-ceskymi-koreny\\\/#primaryimage\",\"url\":\"https:\\\/\\\/www.mzone.cz\\\/wp-content\\\/uploads\\\/2020\\\/01\\\/Ferdinand-Porsche.jpg\",\"contentUrl\":\"https:\\\/\\\/www.mzone.cz\\\/wp-content\\\/uploads\\\/2020\\\/01\\\/Ferdinand-Porsche.jpg\",\"width\":1530,\"height\":1021},{\"@type\":\"BreadcrumbList\",\"@id\":\"https:\\\/\\\/www.mzone.cz\\\/ferdinand-porsche-konstrukter-s-ceskymi-koreny\\\/#breadcrumb\",\"itemListElement\":[{\"@type\":\"ListItem\",\"position\":1,\"name\":\"Dom\u016f\",\"item\":\"https:\\\/\\\/www.mzone.cz\\\/\"},{\"@type\":\"ListItem\",\"position\":2,\"name\":\"Ferdinand Porsche \u2013 slavn\u00fd konstrukt\u00e9r s \u010desk\u00fdmi ko\u0159eny\"}]},{\"@type\":\"WebSite\",\"@id\":\"https:\\\/\\\/www.mzone.cz\\\/#website\",\"url\":\"https:\\\/\\\/www.mzone.cz\\\/\",\"name\":\"Mzone\",\"description\":\"Magaz\u00edn nejen pro mu\u017ee\",\"potentialAction\":[{\"@type\":\"SearchAction\",\"target\":{\"@type\":\"EntryPoint\",\"urlTemplate\":\"https:\\\/\\\/www.mzone.cz\\\/?s={search_term_string}\"},\"query-input\":{\"@type\":\"PropertyValueSpecification\",\"valueRequired\":true,\"valueName\":\"search_term_string\"}}],\"inLanguage\":\"en-US\"},{\"@type\":\"Person\",\"@id\":\"https:\\\/\\\/www.mzone.cz\\\/#\\\/schema\\\/person\\\/9bc20cc422a99cac4af6ff9297da32d4\",\"name\":\"Mzone\",\"image\":{\"@type\":\"ImageObject\",\"inLanguage\":\"en-US\",\"@id\":\"https:\\\/\\\/secure.gravatar.com\\\/avatar\\\/e780a8630f3182a3d06dd667ab6bea151a0d155b0951bc15fe22633acdac0676?s=96&d=mm&r=g\",\"url\":\"https:\\\/\\\/secure.gravatar.com\\\/avatar\\\/e780a8630f3182a3d06dd667ab6bea151a0d155b0951bc15fe22633acdac0676?s=96&d=mm&r=g\",\"contentUrl\":\"https:\\\/\\\/secure.gravatar.com\\\/avatar\\\/e780a8630f3182a3d06dd667ab6bea151a0d155b0951bc15fe22633acdac0676?s=96&d=mm&r=g\",\"caption\":\"Mzone\"},\"url\":\"https:\\\/\\\/www.mzone.cz\\\/en\\\/author\\\/jakub\\\/\"}]}<\/script>\n<!-- \/ Yoast SEO plugin. -->","yoast_head_json":{"title":"Ferdinand Porsche \u2013 slavn\u00fd konstrukt\u00e9r s \u010desk\u00fdmi ko\u0159eny - Mzone","description":"Ferdinand Porsche m\u00e1 v automobilov\u00e9 historii hned n\u011bkolik z\u00e1sadn\u00edch prvenstv\u00ed. Vozy nesouc\u00ed jeho jm\u00e9no pat\u0159\u00ed k t\u011bm nejobdivovan\u011bj\u0161\u00edm na sv\u011bt\u011b. Ne ka\u017ed\u00fd v\u0161ak v\u00ed o jeho \u010desk\u00fdch ko\u0159enech.","robots":{"index":"index","follow":"follow","max-snippet":"max-snippet:-1","max-image-preview":"max-image-preview:large","max-video-preview":"max-video-preview:-1"},"canonical":"https:\/\/www.mzone.cz\/en\/ferdinand-porsche-konstrukter-s-ceskymi-koreny\/","og_locale":"en_US","og_type":"article","og_title":"Ferdinand Porsche \u2013 slavn\u00fd konstrukt\u00e9r s \u010desk\u00fdmi ko\u0159eny - Mzone","og_description":"Ferdinand Porsche m\u00e1 v automobilov\u00e9 historii hned n\u011bkolik z\u00e1sadn\u00edch prvenstv\u00ed. Vozy nesouc\u00ed jeho jm\u00e9no pat\u0159\u00ed k t\u011bm nejobdivovan\u011bj\u0161\u00edm na sv\u011bt\u011b. Ne ka\u017ed\u00fd v\u0161ak v\u00ed o jeho \u010desk\u00fdch ko\u0159enech.","og_url":"https:\/\/www.mzone.cz\/en\/ferdinand-porsche-konstrukter-s-ceskymi-koreny\/","og_site_name":"Mzone","article_publisher":"https:\/\/www.facebook.com\/MzoneCZ\/","article_published_time":"2020-06-19T03:00:00+00:00","og_image":[{"width":1530,"height":1021,"url":"https:\/\/www.mzone.cz\/wp-content\/uploads\/2020\/01\/Ferdinand-Porsche.jpg","type":"image\/jpeg"}],"author":"Mzone","twitter_card":"summary_large_image","twitter_misc":{"Written by":"Mzone","Est. reading time":"4 minutes"},"schema":{"@context":"https:\/\/schema.org","@graph":[{"@type":"Article","@id":"https:\/\/www.mzone.cz\/ferdinand-porsche-konstrukter-s-ceskymi-koreny\/#article","isPartOf":{"@id":"https:\/\/www.mzone.cz\/ferdinand-porsche-konstrukter-s-ceskymi-koreny\/"},"author":{"name":"Mzone","@id":"https:\/\/www.mzone.cz\/#\/schema\/person\/9bc20cc422a99cac4af6ff9297da32d4"},"headline":"Ferdinand Porsche \u2013 slavn\u00fd konstrukt\u00e9r s \u010desk\u00fdmi ko\u0159eny","datePublished":"2020-06-19T03:00:00+00:00","mainEntityOfPage":{"@id":"https:\/\/www.mzone.cz\/ferdinand-porsche-konstrukter-s-ceskymi-koreny\/"},"wordCount":863,"commentCount":0,"image":{"@id":"https:\/\/www.mzone.cz\/ferdinand-porsche-konstrukter-s-ceskymi-koreny\/#primaryimage"},"thumbnailUrl":"https:\/\/www.mzone.cz\/wp-content\/uploads\/2020\/01\/Ferdinand-Porsche.jpg","keywords":["auta","Auto","auto-moto","\u010desk\u00e9 ko\u0159eny","Ferdinand Porsche","Historie","konstrukt\u00e9r","Porsche","Vratislavice nad Nisou"],"articleSection":["Auto-moto","Historie"],"inLanguage":"en-US","potentialAction":[{"@type":"CommentAction","name":"Comment","target":["https:\/\/www.mzone.cz\/ferdinand-porsche-konstrukter-s-ceskymi-koreny\/#respond"]}]},{"@type":"WebPage","@id":"https:\/\/www.mzone.cz\/ferdinand-porsche-konstrukter-s-ceskymi-koreny\/","url":"https:\/\/www.mzone.cz\/ferdinand-porsche-konstrukter-s-ceskymi-koreny\/","name":"Ferdinand Porsche \u2013 slavn\u00fd konstrukt\u00e9r s \u010desk\u00fdmi ko\u0159eny - Mzone","isPartOf":{"@id":"https:\/\/www.mzone.cz\/#website"},"primaryImageOfPage":{"@id":"https:\/\/www.mzone.cz\/ferdinand-porsche-konstrukter-s-ceskymi-koreny\/#primaryimage"},"image":{"@id":"https:\/\/www.mzone.cz\/ferdinand-porsche-konstrukter-s-ceskymi-koreny\/#primaryimage"},"thumbnailUrl":"https:\/\/www.mzone.cz\/wp-content\/uploads\/2020\/01\/Ferdinand-Porsche.jpg","datePublished":"2020-06-19T03:00:00+00:00","author":{"@id":"https:\/\/www.mzone.cz\/#\/schema\/person\/9bc20cc422a99cac4af6ff9297da32d4"},"description":"Ferdinand Porsche m\u00e1 v automobilov\u00e9 historii hned n\u011bkolik z\u00e1sadn\u00edch prvenstv\u00ed. Vozy nesouc\u00ed jeho jm\u00e9no pat\u0159\u00ed k t\u011bm nejobdivovan\u011bj\u0161\u00edm na sv\u011bt\u011b. Ne ka\u017ed\u00fd v\u0161ak v\u00ed o jeho \u010desk\u00fdch ko\u0159enech.","breadcrumb":{"@id":"https:\/\/www.mzone.cz\/ferdinand-porsche-konstrukter-s-ceskymi-koreny\/#breadcrumb"},"inLanguage":"en-US","potentialAction":[{"@type":"ReadAction","target":["https:\/\/www.mzone.cz\/ferdinand-porsche-konstrukter-s-ceskymi-koreny\/"]}]},{"@type":"ImageObject","inLanguage":"en-US","@id":"https:\/\/www.mzone.cz\/ferdinand-porsche-konstrukter-s-ceskymi-koreny\/#primaryimage","url":"https:\/\/www.mzone.cz\/wp-content\/uploads\/2020\/01\/Ferdinand-Porsche.jpg","contentUrl":"https:\/\/www.mzone.cz\/wp-content\/uploads\/2020\/01\/Ferdinand-Porsche.jpg","width":1530,"height":1021},{"@type":"BreadcrumbList","@id":"https:\/\/www.mzone.cz\/ferdinand-porsche-konstrukter-s-ceskymi-koreny\/#breadcrumb","itemListElement":[{"@type":"ListItem","position":1,"name":"Dom\u016f","item":"https:\/\/www.mzone.cz\/"},{"@type":"ListItem","position":2,"name":"Ferdinand Porsche \u2013 slavn\u00fd konstrukt\u00e9r s \u010desk\u00fdmi ko\u0159eny"}]},{"@type":"WebSite","@id":"https:\/\/www.mzone.cz\/#website","url":"https:\/\/www.mzone.cz\/","name":"Mzone","description":"Magaz\u00edn nejen pro mu\u017ee","potentialAction":[{"@type":"SearchAction","target":{"@type":"EntryPoint","urlTemplate":"https:\/\/www.mzone.cz\/?s={search_term_string}"},"query-input":{"@type":"PropertyValueSpecification","valueRequired":true,"valueName":"search_term_string"}}],"inLanguage":"en-US"},{"@type":"Person","@id":"https:\/\/www.mzone.cz\/#\/schema\/person\/9bc20cc422a99cac4af6ff9297da32d4","name":"Mzone","image":{"@type":"ImageObject","inLanguage":"en-US","@id":"https:\/\/secure.gravatar.com\/avatar\/e780a8630f3182a3d06dd667ab6bea151a0d155b0951bc15fe22633acdac0676?s=96&d=mm&r=g","url":"https:\/\/secure.gravatar.com\/avatar\/e780a8630f3182a3d06dd667ab6bea151a0d155b0951bc15fe22633acdac0676?s=96&d=mm&r=g","contentUrl":"https:\/\/secure.gravatar.com\/avatar\/e780a8630f3182a3d06dd667ab6bea151a0d155b0951bc15fe22633acdac0676?s=96&d=mm&r=g","caption":"Mzone"},"url":"https:\/\/www.mzone.cz\/en\/author\/jakub\/"}]}},"_links":{"self":[{"href":"https:\/\/www.mzone.cz\/en\/wp-json\/wp\/v2\/posts\/17533","targetHints":{"allow":["GET"]}}],"collection":[{"href":"https:\/\/www.mzone.cz\/en\/wp-json\/wp\/v2\/posts"}],"about":[{"href":"https:\/\/www.mzone.cz\/en\/wp-json\/wp\/v2\/types\/post"}],"author":[{"embeddable":true,"href":"https:\/\/www.mzone.cz\/en\/wp-json\/wp\/v2\/users\/4"}],"replies":[{"embeddable":true,"href":"https:\/\/www.mzone.cz\/en\/wp-json\/wp\/v2\/comments?post=17533"}],"version-history":[{"count":34,"href":"https:\/\/www.mzone.cz\/en\/wp-json\/wp\/v2\/posts\/17533\/revisions"}],"predecessor-version":[{"id":22221,"href":"https:\/\/www.mzone.cz\/en\/wp-json\/wp\/v2\/posts\/17533\/revisions\/22221"}],"wp:featuredmedia":[{"embeddable":true,"href":"https:\/\/www.mzone.cz\/en\/wp-json\/wp\/v2\/media\/17534"}],"wp:attachment":[{"href":"https:\/\/www.mzone.cz\/en\/wp-json\/wp\/v2\/media?parent=17533"}],"wp:term":[{"taxonomy":"category","embeddable":true,"href":"https:\/\/www.mzone.cz\/en\/wp-json\/wp\/v2\/categories?post=17533"},{"taxonomy":"post_tag","embeddable":true,"href":"https:\/\/www.mzone.cz\/en\/wp-json\/wp\/v2\/tags?post=17533"}],"curies":[{"name":"wp","href":"https:\/\/api.w.org\/{rel}","templated":true}]}}