{"id":17596,"date":"2020-06-28T05:00:00","date_gmt":"2020-06-28T03:00:00","guid":{"rendered":"https:\/\/www.mzone.cz\/?p=17596"},"modified":"2020-06-12T09:25:24","modified_gmt":"2020-06-12T07:25:24","slug":"rallye-jezdec-vybaveni","status":"publish","type":"post","link":"https:\/\/www.mzone.cz\/en\/rallye-jezdec-vybaveni\/","title":{"rendered":"Vybaven\u00ed rallyov\u00e9ho jezdce: V\u011brn\u00ed kamar\u00e1di zku\u0161en\u00e9ho pilota"},"content":{"rendered":"<p><strong>Vybaven\u00ed rallyov\u00e9ho jezdce je mimo jin\u00e9 kombin\u00e9za, helma, rukavice, boty, mikrofony a sluch\u00e1tka, ale i oby\u010dejn\u00fd mobil. V\u00edte ale do detailu, \u010d\u00edm v\u0161\u00edm je pot\u0159eba vybavit pos\u00e1dku pro ka\u017edou rallye?<\/strong><\/p><br>\n\n\n\n<p>A\u0165 tento sport sledujete pravideln\u011b, nebo se jen sem tam pod\u00edv\u00e1te na&nbsp;n\u011bjakou tu \u201eerzetu\u201c, dost mo\u017en\u00e1 jste p\u0159em\u00fd\u0161leli, jak to vlastn\u011b uvnit\u0159 t\u011bch na\u0161lapan\u00fdch z\u00e1vodn\u00edch speci\u00e1l\u016f vypad\u00e1. Co s sebou pos\u00e1dky v autech voz\u00ed, co obl\u00e9kaj\u00ed?<\/p><br>\n\n\n\n<p>Nejv\u00edc o tomto t\u00e9matu u n\u00e1s rozhodn\u011b v\u00ed\u00a0<a href=\"https:\/\/www.skoda-motorsport.com\/cs\/\" target=\"_blank\" rel=\"noreferrer noopener\">t\u00fdm \u0160koda Motorsport<\/a>. Ochotn\u00fdm pr\u016fvodcem je mistr sv\u011bta a mnohon\u00e1sobn\u00fd \u010desk\u00fd \u0161ampion <strong>Jan Kopeck\u00fd<\/strong> a jeho \u0160koda Fabia R5 evo.<\/p><br>\n\n\n\n<h2 class=\"wp-block-heading\">Jan Kopeck\u00fd a jeho v\u00fdstroj<\/h2>\n\n\n\n<figure class=\"wp-block-image size-large\"><img loading=\"lazy\" decoding=\"async\" width=\"617\" height=\"1024\" src=\"https:\/\/www.mzone.cz\/wp-content\/uploads\/2020\/01\/Infografika_Motorsport_CZ3-617x1024.jpg\" alt=\"Jan Kopeck\u00fd a jeho v\u00fdstroj\" class=\"wp-image-17602\" srcset=\"https:\/\/www.mzone.cz\/wp-content\/uploads\/2020\/01\/Infografika_Motorsport_CZ3-617x1024.jpg 617w, https:\/\/www.mzone.cz\/wp-content\/uploads\/2020\/01\/Infografika_Motorsport_CZ3-181x300.jpg 181w, https:\/\/www.mzone.cz\/wp-content\/uploads\/2020\/01\/Infografika_Motorsport_CZ3-768x1274.jpg 768w, https:\/\/www.mzone.cz\/wp-content\/uploads\/2020\/01\/Infografika_Motorsport_CZ3-602x999.jpg 602w, https:\/\/www.mzone.cz\/wp-content\/uploads\/2020\/01\/Infografika_Motorsport_CZ3-590x979.jpg 590w, https:\/\/www.mzone.cz\/wp-content\/uploads\/2020\/01\/Infografika_Motorsport_CZ3.jpg 820w\" sizes=\"auto, (max-width: 617px) 100vw, 617px\" \/><\/figure>\n\n\n\n<h2 class=\"wp-block-heading\"><strong>Oble\u010den\u00ed pod lupou<\/strong><\/h2>\n\n\n\n<p>Ne\u017e otev\u0159eme dve\u0159e rallye vozu a nahl\u00e9dneme dovnit\u0159, nen\u00ed od v\u011bci prozkoumat, co maj\u00ed vlastn\u011b z\u00e1vodn\u00edci na sob\u011b. Jedn\u00e1 se o speci\u00e1ln\u00ed oble\u010den\u00ed, kter\u00e9 podl\u00e9h\u00e1 standard\u016fm FIA (Mezin\u00e1rodn\u00ed automobilov\u00e1 federace). Overaly, trika, kalhoty \u010di kukly mus\u00ed m\u00edt homologa\u010dn\u00ed \u0161t\u00edtek. Ty se kontroluj\u00ed p\u0159i technick\u00e9 p\u0159ej\u00edmce a z\u00e1vodn\u00edci by bez tohoto ov\u011b\u0159en\u00ed nemohli startovat. Tov\u00e1rn\u00ed mladoboleslavsk\u00e1 pos\u00e1dka pou\u017e\u00edv\u00e1 oble\u010den\u00ed zna\u010dky OMP.<\/p><br>\n\n\n\n<h3 class=\"wp-block-heading\">Overaly<\/h3>\n\n\n\n<p>Overaly&nbsp;jsou \u0161it\u00e9 na m\u00edru a jejich design je personalizovan\u00fd. Vzhled odr\u00e1\u017e\u00ed aktu\u00e1ln\u00ed verzi auta \u2013&nbsp;loni se nap\u0159\u00edklad design m\u011bnil s p\u0159\u00edchodem nov\u00e9 generace vozu Fabia R5 evo. Ka\u017ed\u00fd \u010dlen pos\u00e1dky m\u00e1 k dispozici \u010dty\u0159i z\u00e1vodn\u00ed a t\u0159i tr\u00e9ninkov\u00e9 kombin\u00e9zy.<\/p><br>\n\n\n\n<h3 class=\"wp-block-heading\">Rukavice<\/h3>\n\n\n\n<p>Rukavice&nbsp;jsou stejn\u00e9 nap\u0159\u00ed\u010d cel\u00fdm t\u00fdmem \u2013 v\u0161echny pos\u00e1dky pou\u017e\u00edvaj\u00ed shodn\u00fd typ i design, li\u0161\u00ed se jen velikostn\u011b.<\/p><br>\n\n\n\n<h3 class=\"wp-block-heading\">Boty<\/h3>\n\n\n\n<p>Boty&nbsp;jsou individu\u00e1ln\u00ed volbou ka\u017ed\u00e9ho z pos\u00e1dky, samoz\u0159ejm\u011b p\u0159edev\u0161\u00edm pilot\u016f. Li\u0161\u00ed se jak tvrdost\u00ed podr\u00e1\u017eek, tak t\u0159eba zp\u016fsobem zavazov\u00e1n\u00ed. N\u011bkdo d\u00e1v\u00e1 p\u0159ednost klasick\u00e9mu \u0161n\u011brov\u00e1n\u00ed, n\u011bkdo m\u00e1 rad\u0161i speci\u00e1ln\u00ed utahovac\u00ed kole\u010dko.<\/p>\n\n\n\n<blockquote class=\"wp-block-quote is-layout-flow wp-block-quote-is-layout-flow\"><p>\u201ePodr\u00e1\u017eky z\u00e1vodn\u00edch bot jsou obecn\u011b hodn\u011b m\u011bkk\u00e9, abychom co nejl\u00e9pe c\u00edtili ped\u00e1ly. Li\u0161\u00ed se ale materi\u00e1l cel\u00e9 boty. Ty, kter\u00e9 m\u00e1m na sob\u011b, jsou z m\u011bkk\u00e9 k\u016f\u017ee a jde asi o ty nejlep\u0161\u00ed a nejdra\u017e\u0161\u00ed, kter\u00e9 jsou dnes k dispozici. L\u00edb\u00ed se mi, \u017ee materi\u00e1l je velice m\u011bkk\u00fd, nohu kr\u00e1sn\u011b obepne a p\u0159itom nikde netla\u010d\u00ed. Nev\u00fdhoda je, \u017ee po n\u011bkolika z\u00e1vodech se k\u016f\u017ee vytah\u00e1 a ani t\u00edm kole\u010dkem je pak nelze dostate\u010dn\u011b ut\u00e1hnout. Za rok spot\u0159ebuji p\u0159inejmen\u0161\u00edm dva z\u00e1vodn\u00ed p\u00e1ry,\u201c \u0159\u00edk\u00e1 \u010desk\u00fd \u0161ampion.<\/p><\/blockquote>\n\n\n\n<h3 class=\"wp-block-heading\">P\u0159ilba<\/h3>\n\n\n\n<p>U&nbsp;p\u0159ileb&nbsp;lze volit mezi uzav\u0159enou a otev\u0159enou. \u201eNa\u0161e helmy jsou jak\u00fdsi kompromis, jsou polouzav\u0159en\u00e9, je to syst\u00e9m, kter\u00fd pou\u017e\u00edv\u00e1 pouze v\u00fdrobce Stilo. Spousta pos\u00e1dek ale voz\u00ed i pln\u011b uzav\u0159en\u00e9 p\u0159ilby, samoz\u0159ejm\u011b bez plexiskla,\u201c vysv\u011btluje Kopeck\u00fd.<\/p><br>\n\n\n\n<div class=\"wp-block-image\"><figure class=\"alignleft size-large is-resized\"><img loading=\"lazy\" decoding=\"async\" src=\"https:\/\/www.mzone.cz\/wp-content\/uploads\/2020\/02\/fabia-skoda-r5-rallye-race-nature-1920x1280-1024x682.jpg\" alt=\"\" class=\"wp-image-14622\" width=\"96\" height=\"64\" srcset=\"https:\/\/www.mzone.cz\/wp-content\/uploads\/2020\/02\/fabia-skoda-r5-rallye-race-nature-1920x1280-1024x682.jpg 1024w, https:\/\/www.mzone.cz\/wp-content\/uploads\/2020\/02\/fabia-skoda-r5-rallye-race-nature-1920x1280-300x200.jpg 300w, https:\/\/www.mzone.cz\/wp-content\/uploads\/2020\/02\/fabia-skoda-r5-rallye-race-nature-1920x1280-768x512.jpg 768w, https:\/\/www.mzone.cz\/wp-content\/uploads\/2020\/02\/fabia-skoda-r5-rallye-race-nature-1920x1280-800x533.jpg 800w, https:\/\/www.mzone.cz\/wp-content\/uploads\/2020\/02\/fabia-skoda-r5-rallye-race-nature-1920x1280-400x267.jpg 400w, https:\/\/www.mzone.cz\/wp-content\/uploads\/2020\/02\/fabia-skoda-r5-rallye-race-nature-1920x1280-500x333.jpg 500w, https:\/\/www.mzone.cz\/wp-content\/uploads\/2020\/02\/fabia-skoda-r5-rallye-race-nature-1920x1280-590x393.jpg 590w, https:\/\/www.mzone.cz\/wp-content\/uploads\/2020\/02\/fabia-skoda-r5-rallye-race-nature-1920x1280.jpg 1163w\" sizes=\"auto, (max-width: 96px) 100vw, 96px\" \/><\/figure><\/div>\n\n\n\n<h4><a href=\"https:\/\/www.mzone.cz\/7-kroku-jak-si-koupit-rallyove-auto\/\">7 krok\u016f, jak si koupit rallyov\u00e9 auto<\/a><\/h4><br><br>\n\n\n\n<p>Jsou p\u0159ilby d\u011blan\u00e9 na m\u00edru? \u201eNejsou. V\u0161ichni na\u0161i z\u00e1vodn\u00edci pou\u017e\u00edvaj\u00ed standardizovan\u00e9 velikosti helem, kter\u00e9 firma Stilo vyr\u00e1b\u00ed,\u201c usm\u00edv\u00e1 se Jana Tomanov\u00e1, kter\u00e1 se v t\u00fdmu \u0160koda Motorsport star\u00e1 o oble\u010den\u00ed pos\u00e1dek. P\u0159ilby op\u011bt musej\u00ed spl\u0148ovat standardy FIA, nebo\u0165 ne ka\u017ed\u00e1 sm\u00ed startovat na sv\u011btov\u00fdch \u0161ampion\u00e1tech \u2013 homologa\u010dn\u00ed \u0161t\u00edtek se rovn\u011b\u017e kontroluje p\u0159i technick\u00e9 p\u0159ej\u00edmce. P\u0159ilby t\u00fdm dost\u00e1v\u00e1 nenalakovan\u00e9 a o jejich vzhled se star\u00e1 design\u00e9r odd\u011blen\u00ed \u0160koda Design.<\/p><br>\n\n\n\n<h3 class=\"wp-block-heading\">Ukotven\u00ed v seda\u010dce<\/h3>\n\n\n\n<p>D\u016fle\u017eit\u00fdm momentem, kter\u00fd je t\u0159eba v z\u00e1vodn\u00edch autech vy\u0159e\u0161it, je&nbsp;ukotven\u00ed pilota k seda\u010dce v oblasti hlavy a kr\u010dn\u00ed p\u00e1te\u0159e. Ani moc pevn\u011b, ani moc voln\u011b. Prost\u011b funk\u010dn\u011b. A to \u0159e\u0161\u00ed syst\u00e9m HANS.<\/p><br>\n\n\n\n<figure class=\"wp-block-image size-large\"><img loading=\"lazy\" decoding=\"async\" width=\"1024\" height=\"683\" src=\"https:\/\/www.mzone.cz\/wp-content\/uploads\/2019\/12\/Skoky-p\u0159i-rallye-1024x683.jpg\" alt=\"P\u0159i rallye se \u010dasto tak\u00e9 l\u00e9t\u00e1 vzduchem\" class=\"wp-image-16041\" srcset=\"https:\/\/www.mzone.cz\/wp-content\/uploads\/2019\/12\/Skoky-p\u0159i-rallye-1024x683.jpg 1024w, https:\/\/www.mzone.cz\/wp-content\/uploads\/2019\/12\/Skoky-p\u0159i-rallye-300x200.jpg 300w, https:\/\/www.mzone.cz\/wp-content\/uploads\/2019\/12\/Skoky-p\u0159i-rallye-768x512.jpg 768w, https:\/\/www.mzone.cz\/wp-content\/uploads\/2019\/12\/Skoky-p\u0159i-rallye-1536x1024.jpg 1536w, https:\/\/www.mzone.cz\/wp-content\/uploads\/2019\/12\/Skoky-p\u0159i-rallye-2048x1365.jpg 2048w, https:\/\/www.mzone.cz\/wp-content\/uploads\/2019\/12\/Skoky-p\u0159i-rallye-800x533.jpg 800w, https:\/\/www.mzone.cz\/wp-content\/uploads\/2019\/12\/Skoky-p\u0159i-rallye-400x267.jpg 400w, https:\/\/www.mzone.cz\/wp-content\/uploads\/2019\/12\/Skoky-p\u0159i-rallye-500x333.jpg 500w, https:\/\/www.mzone.cz\/wp-content\/uploads\/2019\/12\/Skoky-p\u0159i-rallye-1170x780.jpg 1170w, https:\/\/www.mzone.cz\/wp-content\/uploads\/2019\/12\/Skoky-p\u0159i-rallye-590x393.jpg 590w\" sizes=\"auto, (max-width: 1024px) 100vw, 1024px\" \/><\/figure><br>\n\n\n\n<p>\u201eP\u016fvodn\u00ed HANS je jak\u00e1si sko\u0159epinov\u00e1 konstrukce, kter\u00e1 se nasad\u00ed na ramena, ut\u00e1hne bezpe\u010dnostn\u00edmi p\u00e1sy, p\u0159ipoj\u00ed k helm\u011b a t\u00edm fixuje hlavu, aby p\u0159i n\u00e1razu nedo\u0161lo k poran\u011bn\u00ed kr\u010dn\u00ed p\u00e1te\u0159e, p\u0159\u00edpadn\u011b i st\u0159etu obli\u010deje s volantem. Aby se hlavou dalo ot\u00e1\u010det, je upevn\u011bn\u00ed \u0159e\u0161eno pomoc\u00ed kluz\u00e1k\u016f. Rozsah pohybu je tam samoz\u0159ejm\u011b omezen\u00fd, co\u017e t\u0159eba v okruhov\u00fdch z\u00e1vodech sta\u010d\u00ed.&nbsp;V rallye ale \u010dasto jezd\u00edme smykem&nbsp;a pot\u0159ebujeme vid\u011bt do stran, tak\u017ee pot\u0159ebujeme ukotven\u00ed voln\u011bj\u0161\u00ed. Proto se to \u0159e\u0161\u00ed takzvan\u00fdm hybridn\u00edm syst\u00e9mem. Ten umo\u017e\u0148uje hlavou h\u00fdbat v\u00edc, m\u00e1 taky jednu nespornou v\u00fdhodu \u2013 u sout\u011b\u017en\u00edch aut hroz\u00ed i n\u00e1razy zespodu, p\u0159i prudk\u00fdch dopadech po skoc\u00edch a podobn\u011b, kdy sko\u0159epinov\u00e1 konstrukce m\u016f\u017ee kl\u00ed\u010dn\u00ed kosti i zlomit. To tady nehroz\u00ed,\u201c popisuje Kopeck\u00fd rozd\u00edly dvou typ\u016f t\u00e9to bezpe\u010dnostn\u00ed v\u00fdbavy.<\/p><br>\n\n\n\n<div class=\"wp-block-image\"><figure class=\"alignleft size-large is-resized\"><img loading=\"lazy\" decoding=\"async\" src=\"https:\/\/www.mzone.cz\/wp-content\/uploads\/2020\/01\/Kopeck\u00fd-na-sn\u011bhu-1-1024x682.jpg\" alt=\"\" class=\"wp-image-17625\" width=\"127\" height=\"85\" srcset=\"https:\/\/www.mzone.cz\/wp-content\/uploads\/2020\/01\/Kopeck\u00fd-na-sn\u011bhu-1-1024x682.jpg 1024w, https:\/\/www.mzone.cz\/wp-content\/uploads\/2020\/01\/Kopeck\u00fd-na-sn\u011bhu-1-300x200.jpg 300w, https:\/\/www.mzone.cz\/wp-content\/uploads\/2020\/01\/Kopeck\u00fd-na-sn\u011bhu-1-768x512.jpg 768w, https:\/\/www.mzone.cz\/wp-content\/uploads\/2020\/01\/Kopeck\u00fd-na-sn\u011bhu-1-800x533.jpg 800w, https:\/\/www.mzone.cz\/wp-content\/uploads\/2020\/01\/Kopeck\u00fd-na-sn\u011bhu-1-400x267.jpg 400w, https:\/\/www.mzone.cz\/wp-content\/uploads\/2020\/01\/Kopeck\u00fd-na-sn\u011bhu-1-500x333.jpg 500w, https:\/\/www.mzone.cz\/wp-content\/uploads\/2020\/01\/Kopeck\u00fd-na-sn\u011bhu-1-1170x780.jpg 1170w, https:\/\/www.mzone.cz\/wp-content\/uploads\/2020\/01\/Kopeck\u00fd-na-sn\u011bhu-1-590x393.jpg 590w, https:\/\/www.mzone.cz\/wp-content\/uploads\/2020\/01\/Kopeck\u00fd-na-sn\u011bhu-1.jpg 1301w\" sizes=\"auto, (max-width: 127px) 100vw, 127px\" \/><\/figure><\/div>\n\n\n\n<h4><a href=\"https:\/\/www.mzone.cz\/jak-na-bezpecnou-zimni-jizdu-mame-pro-vas-rady-od-mistra-sveta-jana-kopeckeho\/\">Jak na bezpe\u010dnou zimn\u00ed j\u00edzdu? M\u00e1me pro v\u00e1s rady od mistra sv\u011bta Jana Kopeck\u00e9ho<\/a><\/h4><br>\n\n\n\n<p>Na sv\u011btov\u00fdch \u0161ampion\u00e1tech plat\u00ed pravidlo, \u017ee ka\u017ed\u00fd \u010dlen pos\u00e1dky m\u00e1 v\u017edy ve\u0161ker\u00e9 sv\u00e9 vybaven\u00ed dvakr\u00e1t pro p\u0159\u00edpad jak\u00e9hokoliv defektu.<\/p><br>\n\n\n\n<h2 class=\"wp-block-heading\"><strong>Jak m\u011b sly\u0161\u00ed\u0161?<\/strong><\/h2>\n\n\n\n<p>V z\u00e1vodn\u00edm aut\u011b je opravdu hlu\u010dno, a tak by si jezdec a navig\u00e1tor mohli hlasivky vyk\u0159i\u010det \u2013 a stejn\u011b by se nesly\u0161eli. Proto maj\u00ed k dispozici komunika\u010dn\u00ed za\u0159\u00edzen\u00ed, d\u00edky n\u011bmu\u017e spolu mohou mluvit \u00fapln\u011b norm\u00e1ln\u011b.<\/p><br>\n\n\n\n<figure class=\"wp-block-image size-large\"><img loading=\"lazy\" decoding=\"async\" width=\"1024\" height=\"683\" src=\"https:\/\/www.mzone.cz\/wp-content\/uploads\/2020\/01\/DSC8452-1024x683.jpg\" alt=\"Vybaven\u00ed navig\u00e1tora\" class=\"wp-image-17620\" srcset=\"https:\/\/www.mzone.cz\/wp-content\/uploads\/2020\/01\/DSC8452-1024x683.jpg 1024w, https:\/\/www.mzone.cz\/wp-content\/uploads\/2020\/01\/DSC8452-300x200.jpg 300w, https:\/\/www.mzone.cz\/wp-content\/uploads\/2020\/01\/DSC8452-768x512.jpg 768w, https:\/\/www.mzone.cz\/wp-content\/uploads\/2020\/01\/DSC8452-800x533.jpg 800w, https:\/\/www.mzone.cz\/wp-content\/uploads\/2020\/01\/DSC8452-400x267.jpg 400w, https:\/\/www.mzone.cz\/wp-content\/uploads\/2020\/01\/DSC8452-500x333.jpg 500w, https:\/\/www.mzone.cz\/wp-content\/uploads\/2020\/01\/DSC8452-1170x780.jpg 1170w, https:\/\/www.mzone.cz\/wp-content\/uploads\/2020\/01\/DSC8452-590x394.jpg 590w, https:\/\/www.mzone.cz\/wp-content\/uploads\/2020\/01\/DSC8452.jpg 1400w\" sizes=\"auto, (max-width: 1024px) 100vw, 1024px\" \/><figcaption>Ta\u0161ka navig\u00e1tora obsahuje klasick\u00e9 v\u011bci jako den\u00edk, mapy, servis pl\u00e1n, rozvrh trasy apod.<\/figcaption><\/figure><br>\n\n\n\n<p>Jedn\u00e1 se o intern\u00ed \u201edr\u00e1tov\u00fd\u201c okruh, k n\u011bmu\u017e jsou p\u0159i p\u0159ejezdech p\u0159ipojena sluch\u00e1tka a mikrofony, p\u0159i rychlostn\u00edch zkou\u0161k\u00e1ch pak p\u0159ilby. V t\u011bch jsou sluch\u00e1tka i mikrofony integrovan\u00e9, nav\u00edc s funkc\u00ed eliminace okoln\u00edch ruch\u016f.<\/p>\n\n\n\n<blockquote class=\"wp-block-quote is-layout-flow wp-block-quote-is-layout-flow\"><p>Auta nejsou vybavena \u017e\u00e1dn\u00fdmi vys\u00edla\u010dkami pro p\u0159\u00edm\u00e9 spojen\u00ed s depem. \u201eK tomu m\u00e1 pos\u00e1dka b\u011b\u017en\u00fd mobil, kter\u00fdm komunikuje se z\u00e1vodn\u00edm in\u017een\u00fdrem. Kdy\u017e se z\u00e1vod jede v odlehl\u00fdch oblastech bez stabiln\u00edho sign\u00e1lu, je k dispozici satelitn\u00ed telefon,\u201c vysv\u011btluje Filip Bezd\u011bk, kter\u00fd m\u00e1 v t\u00fdmu \u0160koda Motorsport na starosti v\u00fdvoj a aplikace technick\u00fdch a bezpe\u010dnostn\u00edch prvk\u016f.<\/p><\/blockquote>\n\n\n\n<p>Jak se komunikuje s t\u00fdmem? Po ka\u017ed\u00e9 rychlostn\u00ed zkou\u0161ce pos\u00edl\u00e1 spolujezdec textovou zpr\u00e1vu o tom, jak j\u00edzda prob\u00edhala,&nbsp;v jak\u00e9m stavu je auto a pneumatiky, jako\u017e i p\u0159\u00edpadn\u00fd jezdc\u016fv koment\u00e1\u0159 k nastaven\u00ed vozu. Pos\u00edlaj\u00ed se tak\u00e9 \u00fadaje z teplotn\u00edch a tlakov\u00fdch senzor\u016f, kter\u00e9 se zobrazuj\u00ed na hlavn\u00edm displeji. Pokud do\u0161lo k hav\u00e1rii, nafot\u00ed se i po\u0161kozen\u00ed auta.<\/p><br>\n\n\n\n<figure class=\"wp-block-image size-large\"><img loading=\"lazy\" decoding=\"async\" width=\"1024\" height=\"683\" src=\"https:\/\/www.mzone.cz\/wp-content\/uploads\/2019\/12\/fabia-skoda-r5-evo-sunset-rallye-race-1920x1280-1024x683.jpg\" alt=\"Rallye m\u00e1 sv\u00e9 kouzlo\" class=\"wp-image-14649\" srcset=\"https:\/\/www.mzone.cz\/wp-content\/uploads\/2019\/12\/fabia-skoda-r5-evo-sunset-rallye-race-1920x1280-1024x683.jpg 1024w, https:\/\/www.mzone.cz\/wp-content\/uploads\/2019\/12\/fabia-skoda-r5-evo-sunset-rallye-race-1920x1280-300x200.jpg 300w, https:\/\/www.mzone.cz\/wp-content\/uploads\/2019\/12\/fabia-skoda-r5-evo-sunset-rallye-race-1920x1280-768x512.jpg 768w, https:\/\/www.mzone.cz\/wp-content\/uploads\/2019\/12\/fabia-skoda-r5-evo-sunset-rallye-race-1920x1280-1536x1024.jpg 1536w, https:\/\/www.mzone.cz\/wp-content\/uploads\/2019\/12\/fabia-skoda-r5-evo-sunset-rallye-race-1920x1280-800x533.jpg 800w, https:\/\/www.mzone.cz\/wp-content\/uploads\/2019\/12\/fabia-skoda-r5-evo-sunset-rallye-race-1920x1280-400x267.jpg 400w, https:\/\/www.mzone.cz\/wp-content\/uploads\/2019\/12\/fabia-skoda-r5-evo-sunset-rallye-race-1920x1280-500x333.jpg 500w, https:\/\/www.mzone.cz\/wp-content\/uploads\/2019\/12\/fabia-skoda-r5-evo-sunset-rallye-race-1920x1280-1170x780.jpg 1170w, https:\/\/www.mzone.cz\/wp-content\/uploads\/2019\/12\/fabia-skoda-r5-evo-sunset-rallye-race-1920x1280-590x393.jpg 590w, https:\/\/www.mzone.cz\/wp-content\/uploads\/2019\/12\/fabia-skoda-r5-evo-sunset-rallye-race-1920x1280.jpg 1920w\" sizes=\"auto, (max-width: 1024px) 100vw, 1024px\" \/><\/figure><br>\n\n\n\n<blockquote class=\"wp-block-quote is-layout-flow wp-block-quote-is-layout-flow\"><p>\u201eV c\u00edli ka\u017ed\u00e9 rychlostn\u00ed zkou\u0161ky p\u0159epnu auto ze z\u00e1vodn\u00edho do p\u0159ejezdov\u00e9ho re\u017eimu, na\u010de\u017e se na hlavn\u00edm panelu zobraz\u00ed v\u0161echny hlavn\u00ed \u00fadaje o teplot\u00e1ch a tlac\u00edch. Spolujezdec displej vyfot\u00ed a po\u0161le in\u017een\u00fdrovi. Nen\u00ed to nic sofistikovan\u00e9ho, pou\u017e\u00edv\u00e1me norm\u00e1ln\u011b WhatsApp,\u201c sm\u011bje se Jan Kopeck\u00fd, rod\u00e1k z v\u00fdchodo\u010desk\u00e9ho Opo\u010dna.<\/p><\/blockquote>\n\n\n\n<p>P\u0159ed tankovac\u00ed z\u00f3nou zavol\u00e1 spolujezdec informace o stavu paliva v&nbsp;n\u00e1dr\u017ei z\u00e1vodn\u00edmu in\u017een\u00fdrovi. Ten pak spo\u010d\u00edt\u00e1 p\u0159esn\u00e9 mno\u017estv\u00ed paliva k dopln\u011bn\u00ed. \u201eIn\u017een\u00fd\u0159i u\u017e z dlouholet\u00e9 zku\u0161enosti v\u011bd\u00ed, jakou asi spot\u0159ebu m\u00e1 auto na p\u0159ejezdu a v konkr\u00e9tn\u00edch typech rychlostn\u00edch zkou\u0161ek, a podle toho dok\u00e1\u017eou spo\u010d\u00edtat, kolik litr\u016f je pot\u0159eba dotankovat, aby palivo vysta\u010dilo a auto bylo co nejleh\u010d\u00ed \u2013 a z\u00e1rove\u0148 nad p\u0159edepsan\u00fdm v\u00e1hov\u00fdm limitem,\u201c \u0159\u00edk\u00e1 \u010desk\u00fd pilot.<\/p><br>\n\n\n\n<p>\u201eV&nbsp;p\u0159\u00edpad\u011b technick\u00e9ho probl\u00e9mu nebo dotazu vol\u00e1 pos\u00e1dka z\u00e1vodn\u00edmu in\u017een\u00fdrovi a sna\u017e\u00ed se v\u011bc vy\u0159e\u0161it. V aut\u011b je stejn\u00fd manu\u00e1l k&nbsp;vozu, jak\u00fd m\u00e1 i z\u00e1vodn\u00ed in\u017een\u00fdr \u2013 jednodu\u0161e tak mohou z\u00e1vadu identifikovat,\u201c dopl\u0148uje Bezd\u011bk.<\/p>","protected":false},"excerpt":{"rendered":"<p>Vybaven\u00ed rallyov\u00e9ho jezdce je mimo jin\u00e9 kombin\u00e9za, helma, rukavice, boty, mikrofony a sluch\u00e1tka, ale i oby\u010dejn\u00fd mobil. V\u00edte ale do detailu, \u010d\u00edm v\u0161\u00edm je pot\u0159eba vybavit pos\u00e1dku pro ka\u017edou rallye? A\u0165 tento sport sledujete pravideln\u011b, nebo se jen sem tam pod\u00edv\u00e1te na&nbsp;n\u011bjakou tu \u201eerzetu\u201c, dost mo\u017en\u00e1 jste p\u0159em\u00fd\u0161leli, jak to vlastn\u011b uvnit\u0159 t\u011bch na\u0161lapan\u00fdch z\u00e1vodn\u00edch [&hellip;]<\/p>\n","protected":false},"author":4,"featured_media":17597,"comment_status":"open","ping_status":"closed","sticky":false,"template":"","format":"standard","meta":{"kk_blocks_editor_width":"","_kiokenblocks_attr":"","_kiokenblocks_dimensions":"","footnotes":""},"categories":[69,80],"tags":[585,82,462,1954,2783,3369,636,630,1609,1951,2085,2083,3370,42,1946,1945,3045,493,102],"class_list":["post-17596","post","type-post","status-publish","format-standard","has-post-thumbnail","hentry","category-auto-moto","category-sport","tag-auta","tag-auto","tag-auto-moto","tag-helma","tag-jezdec","tag-kombineza","tag-motorsport","tag-obleceni","tag-pilot","tag-prilba","tag-rally","tag-rallye","tag-rukavice","tag-sport","tag-vybava","tag-vybaveni","tag-zakulisi","tag-zavodeni","tag-zavody"],"yoast_head":"<!-- This site is optimized with the Yoast SEO plugin v27.5 - https:\/\/yoast.com\/product\/yoast-seo-wordpress\/ -->\n<title>Vybaven\u00ed rallyov\u00e9ho jezdce: V\u011brn\u00ed kamar\u00e1di zku\u0161en\u00e9ho pilota - Mzone<\/title>\n<meta name=\"description\" content=\"Vybaven\u00ed rallyov\u00e9ho jezdce je mimo jin\u00e9 kombin\u00e9za, helma, rukavice, boty, mikrofony a sluch\u00e1tka, ale i oby\u010dejn\u00fd mobil. V\u00edte ale do detailu, \u010d\u00edm v\u0161\u00edm je pot\u0159eba vybavit pos\u00e1dku pro ka\u017edou rallye?\" \/>\n<meta name=\"robots\" content=\"index, follow, max-snippet:-1, max-image-preview:large, max-video-preview:-1\" \/>\n<link rel=\"canonical\" href=\"https:\/\/www.mzone.cz\/en\/rallye-jezdec-vybaveni\/\" \/>\n<meta property=\"og:locale\" content=\"en_US\" \/>\n<meta property=\"og:type\" content=\"article\" \/>\n<meta property=\"og:title\" content=\"Vybaven\u00ed rallyov\u00e9ho jezdce: V\u011brn\u00ed kamar\u00e1di zku\u0161en\u00e9ho pilota - Mzone\" \/>\n<meta property=\"og:description\" content=\"Vybaven\u00ed rallyov\u00e9ho jezdce je mimo jin\u00e9 kombin\u00e9za, helma, rukavice, boty, mikrofony a sluch\u00e1tka, ale i oby\u010dejn\u00fd mobil. V\u00edte ale do detailu, \u010d\u00edm v\u0161\u00edm je pot\u0159eba vybavit pos\u00e1dku pro ka\u017edou rallye?\" \/>\n<meta property=\"og:url\" content=\"https:\/\/www.mzone.cz\/en\/rallye-jezdec-vybaveni\/\" \/>\n<meta property=\"og:site_name\" content=\"Mzone\" \/>\n<meta property=\"article:publisher\" content=\"https:\/\/www.facebook.com\/MzoneCZ\/\" \/>\n<meta property=\"article:published_time\" content=\"2020-06-28T03:00:00+00:00\" \/>\n<meta property=\"og:image\" content=\"https:\/\/www.mzone.cz\/wp-content\/uploads\/2020\/01\/Jezdec-rallye-vybaven\u00ed.jpg\" \/>\n\t<meta property=\"og:image:width\" content=\"1023\" \/>\n\t<meta property=\"og:image:height\" content=\"683\" \/>\n\t<meta property=\"og:image:type\" content=\"image\/jpeg\" \/>\n<meta name=\"author\" content=\"Mzone\" \/>\n<meta name=\"twitter:card\" content=\"summary_large_image\" \/>\n<meta name=\"twitter:label1\" content=\"Written by\" \/>\n\t<meta name=\"twitter:data1\" content=\"Mzone\" \/>\n\t<meta name=\"twitter:label2\" content=\"Est. reading time\" \/>\n\t<meta name=\"twitter:data2\" content=\"7 minutes\" \/>\n<script type=\"application\/ld+json\" class=\"yoast-schema-graph\">{\"@context\":\"https:\\\/\\\/schema.org\",\"@graph\":[{\"@type\":\"Article\",\"@id\":\"https:\\\/\\\/www.mzone.cz\\\/rallye-jezdec-vybaveni\\\/#article\",\"isPartOf\":{\"@id\":\"https:\\\/\\\/www.mzone.cz\\\/rallye-jezdec-vybaveni\\\/\"},\"author\":{\"name\":\"Mzone\",\"@id\":\"https:\\\/\\\/www.mzone.cz\\\/#\\\/schema\\\/person\\\/9bc20cc422a99cac4af6ff9297da32d4\"},\"headline\":\"Vybaven\u00ed rallyov\u00e9ho jezdce: V\u011brn\u00ed kamar\u00e1di zku\u0161en\u00e9ho pilota\",\"datePublished\":\"2020-06-28T03:00:00+00:00\",\"mainEntityOfPage\":{\"@id\":\"https:\\\/\\\/www.mzone.cz\\\/rallye-jezdec-vybaveni\\\/\"},\"wordCount\":1406,\"commentCount\":1,\"image\":{\"@id\":\"https:\\\/\\\/www.mzone.cz\\\/rallye-jezdec-vybaveni\\\/#primaryimage\"},\"thumbnailUrl\":\"https:\\\/\\\/www.mzone.cz\\\/wp-content\\\/uploads\\\/2020\\\/01\\\/Jezdec-rallye-vybaven\u00ed.jpg\",\"keywords\":[\"auta\",\"Auto\",\"auto-moto\",\"helma\",\"jezdec\",\"kombin\u00e9za\",\"motorsport\",\"oble\u010den\u00ed\",\"pilot\",\"p\u0159ilba\",\"rally\",\"rallye\",\"rukavice\",\"Sport\",\"v\u00fdbava\",\"vybaven\u00ed\",\"z\u00e1kulis\u00ed\",\"z\u00e1vod\u011bn\u00ed\",\"Z\u00e1vody\"],\"articleSection\":[\"Auto-moto\",\"Sport\"],\"inLanguage\":\"en-US\",\"potentialAction\":[{\"@type\":\"CommentAction\",\"name\":\"Comment\",\"target\":[\"https:\\\/\\\/www.mzone.cz\\\/rallye-jezdec-vybaveni\\\/#respond\"]}]},{\"@type\":\"WebPage\",\"@id\":\"https:\\\/\\\/www.mzone.cz\\\/rallye-jezdec-vybaveni\\\/\",\"url\":\"https:\\\/\\\/www.mzone.cz\\\/rallye-jezdec-vybaveni\\\/\",\"name\":\"Vybaven\u00ed rallyov\u00e9ho jezdce: V\u011brn\u00ed kamar\u00e1di zku\u0161en\u00e9ho pilota - Mzone\",\"isPartOf\":{\"@id\":\"https:\\\/\\\/www.mzone.cz\\\/#website\"},\"primaryImageOfPage\":{\"@id\":\"https:\\\/\\\/www.mzone.cz\\\/rallye-jezdec-vybaveni\\\/#primaryimage\"},\"image\":{\"@id\":\"https:\\\/\\\/www.mzone.cz\\\/rallye-jezdec-vybaveni\\\/#primaryimage\"},\"thumbnailUrl\":\"https:\\\/\\\/www.mzone.cz\\\/wp-content\\\/uploads\\\/2020\\\/01\\\/Jezdec-rallye-vybaven\u00ed.jpg\",\"datePublished\":\"2020-06-28T03:00:00+00:00\",\"author\":{\"@id\":\"https:\\\/\\\/www.mzone.cz\\\/#\\\/schema\\\/person\\\/9bc20cc422a99cac4af6ff9297da32d4\"},\"description\":\"Vybaven\u00ed rallyov\u00e9ho jezdce je mimo jin\u00e9 kombin\u00e9za, helma, rukavice, boty, mikrofony a sluch\u00e1tka, ale i oby\u010dejn\u00fd mobil. V\u00edte ale do detailu, \u010d\u00edm v\u0161\u00edm je pot\u0159eba vybavit pos\u00e1dku pro ka\u017edou rallye?\",\"breadcrumb\":{\"@id\":\"https:\\\/\\\/www.mzone.cz\\\/rallye-jezdec-vybaveni\\\/#breadcrumb\"},\"inLanguage\":\"en-US\",\"potentialAction\":[{\"@type\":\"ReadAction\",\"target\":[\"https:\\\/\\\/www.mzone.cz\\\/rallye-jezdec-vybaveni\\\/\"]}]},{\"@type\":\"ImageObject\",\"inLanguage\":\"en-US\",\"@id\":\"https:\\\/\\\/www.mzone.cz\\\/rallye-jezdec-vybaveni\\\/#primaryimage\",\"url\":\"https:\\\/\\\/www.mzone.cz\\\/wp-content\\\/uploads\\\/2020\\\/01\\\/Jezdec-rallye-vybaven\u00ed.jpg\",\"contentUrl\":\"https:\\\/\\\/www.mzone.cz\\\/wp-content\\\/uploads\\\/2020\\\/01\\\/Jezdec-rallye-vybaven\u00ed.jpg\",\"width\":1023,\"height\":683},{\"@type\":\"BreadcrumbList\",\"@id\":\"https:\\\/\\\/www.mzone.cz\\\/rallye-jezdec-vybaveni\\\/#breadcrumb\",\"itemListElement\":[{\"@type\":\"ListItem\",\"position\":1,\"name\":\"Dom\u016f\",\"item\":\"https:\\\/\\\/www.mzone.cz\\\/\"},{\"@type\":\"ListItem\",\"position\":2,\"name\":\"Vybaven\u00ed rallyov\u00e9ho jezdce: V\u011brn\u00ed kamar\u00e1di zku\u0161en\u00e9ho pilota\"}]},{\"@type\":\"WebSite\",\"@id\":\"https:\\\/\\\/www.mzone.cz\\\/#website\",\"url\":\"https:\\\/\\\/www.mzone.cz\\\/\",\"name\":\"Mzone\",\"description\":\"Magaz\u00edn nejen pro mu\u017ee\",\"potentialAction\":[{\"@type\":\"SearchAction\",\"target\":{\"@type\":\"EntryPoint\",\"urlTemplate\":\"https:\\\/\\\/www.mzone.cz\\\/?s={search_term_string}\"},\"query-input\":{\"@type\":\"PropertyValueSpecification\",\"valueRequired\":true,\"valueName\":\"search_term_string\"}}],\"inLanguage\":\"en-US\"},{\"@type\":\"Person\",\"@id\":\"https:\\\/\\\/www.mzone.cz\\\/#\\\/schema\\\/person\\\/9bc20cc422a99cac4af6ff9297da32d4\",\"name\":\"Mzone\",\"image\":{\"@type\":\"ImageObject\",\"inLanguage\":\"en-US\",\"@id\":\"https:\\\/\\\/secure.gravatar.com\\\/avatar\\\/e780a8630f3182a3d06dd667ab6bea151a0d155b0951bc15fe22633acdac0676?s=96&d=mm&r=g\",\"url\":\"https:\\\/\\\/secure.gravatar.com\\\/avatar\\\/e780a8630f3182a3d06dd667ab6bea151a0d155b0951bc15fe22633acdac0676?s=96&d=mm&r=g\",\"contentUrl\":\"https:\\\/\\\/secure.gravatar.com\\\/avatar\\\/e780a8630f3182a3d06dd667ab6bea151a0d155b0951bc15fe22633acdac0676?s=96&d=mm&r=g\",\"caption\":\"Mzone\"},\"url\":\"https:\\\/\\\/www.mzone.cz\\\/en\\\/author\\\/jakub\\\/\"}]}<\/script>\n<!-- \/ Yoast SEO plugin. -->","yoast_head_json":{"title":"Vybaven\u00ed rallyov\u00e9ho jezdce: V\u011brn\u00ed kamar\u00e1di zku\u0161en\u00e9ho pilota - Mzone","description":"Vybaven\u00ed rallyov\u00e9ho jezdce je mimo jin\u00e9 kombin\u00e9za, helma, rukavice, boty, mikrofony a sluch\u00e1tka, ale i oby\u010dejn\u00fd mobil. V\u00edte ale do detailu, \u010d\u00edm v\u0161\u00edm je pot\u0159eba vybavit pos\u00e1dku pro ka\u017edou rallye?","robots":{"index":"index","follow":"follow","max-snippet":"max-snippet:-1","max-image-preview":"max-image-preview:large","max-video-preview":"max-video-preview:-1"},"canonical":"https:\/\/www.mzone.cz\/en\/rallye-jezdec-vybaveni\/","og_locale":"en_US","og_type":"article","og_title":"Vybaven\u00ed rallyov\u00e9ho jezdce: V\u011brn\u00ed kamar\u00e1di zku\u0161en\u00e9ho pilota - Mzone","og_description":"Vybaven\u00ed rallyov\u00e9ho jezdce je mimo jin\u00e9 kombin\u00e9za, helma, rukavice, boty, mikrofony a sluch\u00e1tka, ale i oby\u010dejn\u00fd mobil. V\u00edte ale do detailu, \u010d\u00edm v\u0161\u00edm je pot\u0159eba vybavit pos\u00e1dku pro ka\u017edou rallye?","og_url":"https:\/\/www.mzone.cz\/en\/rallye-jezdec-vybaveni\/","og_site_name":"Mzone","article_publisher":"https:\/\/www.facebook.com\/MzoneCZ\/","article_published_time":"2020-06-28T03:00:00+00:00","og_image":[{"width":1023,"height":683,"url":"https:\/\/www.mzone.cz\/wp-content\/uploads\/2020\/01\/Jezdec-rallye-vybaven\u00ed.jpg","type":"image\/jpeg"}],"author":"Mzone","twitter_card":"summary_large_image","twitter_misc":{"Written by":"Mzone","Est. reading time":"7 minutes"},"schema":{"@context":"https:\/\/schema.org","@graph":[{"@type":"Article","@id":"https:\/\/www.mzone.cz\/rallye-jezdec-vybaveni\/#article","isPartOf":{"@id":"https:\/\/www.mzone.cz\/rallye-jezdec-vybaveni\/"},"author":{"name":"Mzone","@id":"https:\/\/www.mzone.cz\/#\/schema\/person\/9bc20cc422a99cac4af6ff9297da32d4"},"headline":"Vybaven\u00ed rallyov\u00e9ho jezdce: V\u011brn\u00ed kamar\u00e1di zku\u0161en\u00e9ho pilota","datePublished":"2020-06-28T03:00:00+00:00","mainEntityOfPage":{"@id":"https:\/\/www.mzone.cz\/rallye-jezdec-vybaveni\/"},"wordCount":1406,"commentCount":1,"image":{"@id":"https:\/\/www.mzone.cz\/rallye-jezdec-vybaveni\/#primaryimage"},"thumbnailUrl":"https:\/\/www.mzone.cz\/wp-content\/uploads\/2020\/01\/Jezdec-rallye-vybaven\u00ed.jpg","keywords":["auta","Auto","auto-moto","helma","jezdec","kombin\u00e9za","motorsport","oble\u010den\u00ed","pilot","p\u0159ilba","rally","rallye","rukavice","Sport","v\u00fdbava","vybaven\u00ed","z\u00e1kulis\u00ed","z\u00e1vod\u011bn\u00ed","Z\u00e1vody"],"articleSection":["Auto-moto","Sport"],"inLanguage":"en-US","potentialAction":[{"@type":"CommentAction","name":"Comment","target":["https:\/\/www.mzone.cz\/rallye-jezdec-vybaveni\/#respond"]}]},{"@type":"WebPage","@id":"https:\/\/www.mzone.cz\/rallye-jezdec-vybaveni\/","url":"https:\/\/www.mzone.cz\/rallye-jezdec-vybaveni\/","name":"Vybaven\u00ed rallyov\u00e9ho jezdce: V\u011brn\u00ed kamar\u00e1di zku\u0161en\u00e9ho pilota - Mzone","isPartOf":{"@id":"https:\/\/www.mzone.cz\/#website"},"primaryImageOfPage":{"@id":"https:\/\/www.mzone.cz\/rallye-jezdec-vybaveni\/#primaryimage"},"image":{"@id":"https:\/\/www.mzone.cz\/rallye-jezdec-vybaveni\/#primaryimage"},"thumbnailUrl":"https:\/\/www.mzone.cz\/wp-content\/uploads\/2020\/01\/Jezdec-rallye-vybaven\u00ed.jpg","datePublished":"2020-06-28T03:00:00+00:00","author":{"@id":"https:\/\/www.mzone.cz\/#\/schema\/person\/9bc20cc422a99cac4af6ff9297da32d4"},"description":"Vybaven\u00ed rallyov\u00e9ho jezdce je mimo jin\u00e9 kombin\u00e9za, helma, rukavice, boty, mikrofony a sluch\u00e1tka, ale i oby\u010dejn\u00fd mobil. V\u00edte ale do detailu, \u010d\u00edm v\u0161\u00edm je pot\u0159eba vybavit pos\u00e1dku pro ka\u017edou rallye?","breadcrumb":{"@id":"https:\/\/www.mzone.cz\/rallye-jezdec-vybaveni\/#breadcrumb"},"inLanguage":"en-US","potentialAction":[{"@type":"ReadAction","target":["https:\/\/www.mzone.cz\/rallye-jezdec-vybaveni\/"]}]},{"@type":"ImageObject","inLanguage":"en-US","@id":"https:\/\/www.mzone.cz\/rallye-jezdec-vybaveni\/#primaryimage","url":"https:\/\/www.mzone.cz\/wp-content\/uploads\/2020\/01\/Jezdec-rallye-vybaven\u00ed.jpg","contentUrl":"https:\/\/www.mzone.cz\/wp-content\/uploads\/2020\/01\/Jezdec-rallye-vybaven\u00ed.jpg","width":1023,"height":683},{"@type":"BreadcrumbList","@id":"https:\/\/www.mzone.cz\/rallye-jezdec-vybaveni\/#breadcrumb","itemListElement":[{"@type":"ListItem","position":1,"name":"Dom\u016f","item":"https:\/\/www.mzone.cz\/"},{"@type":"ListItem","position":2,"name":"Vybaven\u00ed rallyov\u00e9ho jezdce: V\u011brn\u00ed kamar\u00e1di zku\u0161en\u00e9ho pilota"}]},{"@type":"WebSite","@id":"https:\/\/www.mzone.cz\/#website","url":"https:\/\/www.mzone.cz\/","name":"Mzone","description":"Magaz\u00edn nejen pro mu\u017ee","potentialAction":[{"@type":"SearchAction","target":{"@type":"EntryPoint","urlTemplate":"https:\/\/www.mzone.cz\/?s={search_term_string}"},"query-input":{"@type":"PropertyValueSpecification","valueRequired":true,"valueName":"search_term_string"}}],"inLanguage":"en-US"},{"@type":"Person","@id":"https:\/\/www.mzone.cz\/#\/schema\/person\/9bc20cc422a99cac4af6ff9297da32d4","name":"Mzone","image":{"@type":"ImageObject","inLanguage":"en-US","@id":"https:\/\/secure.gravatar.com\/avatar\/e780a8630f3182a3d06dd667ab6bea151a0d155b0951bc15fe22633acdac0676?s=96&d=mm&r=g","url":"https:\/\/secure.gravatar.com\/avatar\/e780a8630f3182a3d06dd667ab6bea151a0d155b0951bc15fe22633acdac0676?s=96&d=mm&r=g","contentUrl":"https:\/\/secure.gravatar.com\/avatar\/e780a8630f3182a3d06dd667ab6bea151a0d155b0951bc15fe22633acdac0676?s=96&d=mm&r=g","caption":"Mzone"},"url":"https:\/\/www.mzone.cz\/en\/author\/jakub\/"}]}},"_links":{"self":[{"href":"https:\/\/www.mzone.cz\/en\/wp-json\/wp\/v2\/posts\/17596","targetHints":{"allow":["GET"]}}],"collection":[{"href":"https:\/\/www.mzone.cz\/en\/wp-json\/wp\/v2\/posts"}],"about":[{"href":"https:\/\/www.mzone.cz\/en\/wp-json\/wp\/v2\/types\/post"}],"author":[{"embeddable":true,"href":"https:\/\/www.mzone.cz\/en\/wp-json\/wp\/v2\/users\/4"}],"replies":[{"embeddable":true,"href":"https:\/\/www.mzone.cz\/en\/wp-json\/wp\/v2\/comments?post=17596"}],"version-history":[{"count":35,"href":"https:\/\/www.mzone.cz\/en\/wp-json\/wp\/v2\/posts\/17596\/revisions"}],"predecessor-version":[{"id":22252,"href":"https:\/\/www.mzone.cz\/en\/wp-json\/wp\/v2\/posts\/17596\/revisions\/22252"}],"wp:featuredmedia":[{"embeddable":true,"href":"https:\/\/www.mzone.cz\/en\/wp-json\/wp\/v2\/media\/17597"}],"wp:attachment":[{"href":"https:\/\/www.mzone.cz\/en\/wp-json\/wp\/v2\/media?parent=17596"}],"wp:term":[{"taxonomy":"category","embeddable":true,"href":"https:\/\/www.mzone.cz\/en\/wp-json\/wp\/v2\/categories?post=17596"},{"taxonomy":"post_tag","embeddable":true,"href":"https:\/\/www.mzone.cz\/en\/wp-json\/wp\/v2\/tags?post=17596"}],"curies":[{"name":"wp","href":"https:\/\/api.w.org\/{rel}","templated":true}]}}