{"id":17697,"date":"2020-01-27T17:30:00","date_gmt":"2020-01-27T16:30:00","guid":{"rendered":"https:\/\/www.mzone.cz\/?p=17697"},"modified":"2020-01-27T16:12:51","modified_gmt":"2020-01-27T15:12:51","slug":"grammy-uctily-basketbalistu-bryanta-vsechny-hlavni-sosky-ziskala-billie-eilish","status":"publish","type":"post","link":"https:\/\/www.mzone.cz\/en\/grammy-uctily-basketbalistu-bryanta-vsechny-hlavni-sosky-ziskala-billie-eilish\/","title":{"rendered":"Grammy uctily basketbalistu Bryanta, v\u0161echny hlavn\u00ed so\u0161ky z\u00edskala Billie Eilish"},"content":{"rendered":"<p><strong>Teprve osmn\u00e1ctilet\u00e1 americk\u00e1 zp\u011bva\u010dka Billie Eilish se stala v\u00edt\u011bzkou leto\u0161n\u00edch cen Grammy. Z\u00edskala v\u0161echny \u010dty\u0159i hlavn\u00ed so\u0161ky pro talent roku, nejlep\u0161\u00ed album, nahr\u00e1vku i p\u00edse\u0148. P\u0159ed\u00e1v\u00e1n\u00ed poznamenalo tragick\u00e9 \u00famrt\u00ed zn\u00e1m\u00e9ho basketbalisty Kobeho Bryanta, kter\u00fd se svou t\u0159in\u00e1ctiletou dcerou Giannou a osmi dal\u0161\u00edmi lidmi zahynul p\u0159i leteck\u00e9 hav\u00e1rii jen n\u011bkolik hodin p\u0159ed za\u010d\u00e1tkem ceremoni\u00e1lu.<\/strong><\/p><br>\n\n\n\n<p>Billie Eilish si pro svou prvn\u00ed Grammy za p\u00edse\u0148 roku Bad Guy do\u0161la teprve p\u0159ed p\u00e1tou r\u00e1no st\u0159edoevropsk\u00e9ho \u010dasu. V n\u00e1sleduj\u00edc\u00ed hodin\u011b se v\u0161ak na p\u00f3dium v rychl\u00e9m sledu za sebou t\u0159ikr\u00e1t vr\u00e1tila.<\/p>\n\n\n\n<blockquote class=\"wp-block-quote is-layout-flow wp-block-quote-is-layout-flow\"><p>&#8220;Panebo\u017ee, tuhle cenu by si zaslou\u017eilo tolik jin\u00fdch,&#8221; \u0159ekla osmn\u00e1ctilet\u00e1 Ameri\u010danka s irsk\u00fdmi ko\u0159eny, kter\u00e1 se na Grammy je\u0161t\u011b vloni d\u00edvala jen v televizi.<\/p><\/blockquote>\n\n\n\n<p>Nikdy ji pr\u00fd nenapadlo, \u017ee se osobn\u011b z\u00fa\u010dastn\u00ed. &#8220;Po\u0159\u00e1d d\u011bl\u00e1m n\u011bjak\u00e9 f\u00f3ry a nic neberu v\u00e1\u017en\u011b. Ale tady chci up\u0159\u00edmn\u011b \u0159\u00edct, \u017ee jsem vd\u011b\u010dn\u00e1,&#8221; \u0159ekla a pod\u011bkovala rodi\u010d\u016fm, sv\u00e9mu t\u00fdmu i kamar\u00e1d\u016fm. &#8220;\u017de jste m\u011b takhle udr\u017eeli p\u0159i \u017eivot\u011b,&#8221; doplnila.<\/p><br>\n\n\n\n<figure class=\"wp-block-image size-large\"><img loading=\"lazy\" decoding=\"async\" width=\"1024\" height=\"576\" src=\"https:\/\/www.mzone.cz\/wp-content\/uploads\/2020\/01\/Sn\u00edmek-obrazovky-2020-01-27-v-15.43.10-1024x576.png\" alt=\"\" class=\"wp-image-17702\" srcset=\"https:\/\/www.mzone.cz\/wp-content\/uploads\/2020\/01\/Sn\u00edmek-obrazovky-2020-01-27-v-15.43.10-1024x576.png 1024w, https:\/\/www.mzone.cz\/wp-content\/uploads\/2020\/01\/Sn\u00edmek-obrazovky-2020-01-27-v-15.43.10-300x169.png 300w, https:\/\/www.mzone.cz\/wp-content\/uploads\/2020\/01\/Sn\u00edmek-obrazovky-2020-01-27-v-15.43.10-768x432.png 768w, https:\/\/www.mzone.cz\/wp-content\/uploads\/2020\/01\/Sn\u00edmek-obrazovky-2020-01-27-v-15.43.10-1536x864.png 1536w, https:\/\/www.mzone.cz\/wp-content\/uploads\/2020\/01\/Sn\u00edmek-obrazovky-2020-01-27-v-15.43.10-590x332.png 590w, https:\/\/www.mzone.cz\/wp-content\/uploads\/2020\/01\/Sn\u00edmek-obrazovky-2020-01-27-v-15.43.10.png 1745w\" sizes=\"auto, (max-width: 1024px) 100vw, 1024px\" \/><\/figure><br>\n\n\n\n<p>Zp\u011bva\u010d\u010din bratr a spoluautor skladby Finneas O\u2019Connell p\u0159ipomn\u011bl, \u017ee skladbu Bad Guy nahr\u00e1li u n\u011bho v lo\u017enici. &#8220;A ned\u011blali jsme to, abychom dostali Grammy. Zp\u00edvali jsme o depresi, stavech, kdy uva\u017eujete o sebevra\u017ed\u011b, a zm\u011bn\u011b klimatu. R\u00e1d bych vzk\u00e1zal v\u0161em, kdo taky nat\u00e1\u010d\u00edte p\u00edsni\u010dky u sebe v lo\u017enici, \u017ee vy to d\u00e1te,&#8221; povzbuzoval.<\/p><br>\n\n\n\n<p>Podruh\u00e9 si Billie Eilish p\u0159i\u0161la pro Grammy za objev roku. &#8220;M\u00e1m pocit, \u017ee se dneska ve\u010der dost nemluvilo o fanou\u0161c\u00edch. D\u00edky nim jsme ale tady,&#8221; \u0159ekla a dop\u0159edu se omluvila p\u0159\u00edznivc\u016fm jin\u00fdch nominovan\u00fdch interpret\u016f, kte\u0159\u00ed neusp\u011bli. &#8220;Ch\u00e1pu, \u017ee m\u011b te\u010f mo\u017en\u00e1 budete roky nen\u00e1vid\u011bt, proto\u017ee jsem to dostala j\u00e1 a ne va\u0161i obl\u00edbenci, ale stejn\u011b v\u00e1m v\u0161em d\u011bkuju. To d\u00edky v\u00e1m tyhle ceny dost\u00e1v\u00e1me,&#8221; uklonila se.<\/p><br>\n\n\n\n<p>Kr\u00e1tce nato \u0161la Eilish na p\u00f3dium pot\u0159et\u00ed, te\u010f u\u017e pro so\u0161ku za album roku. Desku s dlouh\u00fdm n\u00e1zvem <strong>When We All Fall Asleep, Where Do We Go?<\/strong> vydala vloni v b\u0159eznu a koncem l\u00e9ta s n\u00ed vyprodala tak\u00e9 pra\u017eskou O2 arenu.<\/p>\n\n\n\n<blockquote class=\"wp-block-quote is-layout-flow wp-block-quote-is-layout-flow\"><p>&#8220;No j\u00e1 nev\u00edm. Chci jenom \u0159\u00edct, \u017ee si tuhle cenu zaslou\u017e\u00ed sp\u00ed\u0161 Ariana Grande,&#8221; vysekla poklonu konkurentce Billie Eilish, kdy\u017e u\u017e j\u00ed zjevn\u011b doch\u00e1zela slova.<\/p><\/blockquote>\n\n\n\n<p>Hned nato se vr\u00e1tila je\u0161t\u011b pro Grammy za nahr\u00e1vku roku, posledn\u00ed z dev\u00edti so\u0161ek, kter\u00e9 byly ud\u011bleny p\u0159ed kamerami.\u00a0To u\u017e ale Billie Eilish s bratrem nev\u011bd\u011bli, co \u0159\u00edct, a tak jen do mikrofonu spole\u010dn\u011b zavolali &#8220;d\u011bkujeme&#8221; a zase utekli. Jak p\u0159ipom\u00edn\u00e1 den\u00edk New York Times, naposledy v\u0161echny \u010dty\u0159i hlavn\u00ed Grammy v roce 1981 dostal p\u00edsni\u010dk\u00e1\u0159 Christopher Cross.\u00a0Nap\u0159\u00edklad so\u0161ku pro album roku obdr\u017eela Billie Eilish jako nejmlad\u0161\u00ed v d\u011bjin\u00e1ch.<\/p><br>\n\n\n\n<figure class=\"wp-block-image size-large\"><img loading=\"lazy\" decoding=\"async\" width=\"1024\" height=\"576\" src=\"https:\/\/www.mzone.cz\/wp-content\/uploads\/2020\/01\/Sn\u00edmek-obrazovky-2020-01-27-v-15.48.02-1024x576.png\" alt=\"\" class=\"wp-image-17708\" srcset=\"https:\/\/www.mzone.cz\/wp-content\/uploads\/2020\/01\/Sn\u00edmek-obrazovky-2020-01-27-v-15.48.02-1024x576.png 1024w, https:\/\/www.mzone.cz\/wp-content\/uploads\/2020\/01\/Sn\u00edmek-obrazovky-2020-01-27-v-15.48.02-300x169.png 300w, https:\/\/www.mzone.cz\/wp-content\/uploads\/2020\/01\/Sn\u00edmek-obrazovky-2020-01-27-v-15.48.02-768x432.png 768w, https:\/\/www.mzone.cz\/wp-content\/uploads\/2020\/01\/Sn\u00edmek-obrazovky-2020-01-27-v-15.48.02-1536x864.png 1536w, https:\/\/www.mzone.cz\/wp-content\/uploads\/2020\/01\/Sn\u00edmek-obrazovky-2020-01-27-v-15.48.02-590x332.png 590w, https:\/\/www.mzone.cz\/wp-content\/uploads\/2020\/01\/Sn\u00edmek-obrazovky-2020-01-27-v-15.48.02.png 1699w\" sizes=\"auto, (max-width: 1024px) 100vw, 1024px\" \/><\/figure><br>\n\n\n\n<p>Prvn\u00ed \u010d\u00e1st ceremoni\u00e1lu byla v\u011bnov\u00e1na vzpom\u00ednce na basketbalistu\u00a0<strong>Kobeho Bryanta<\/strong>.<\/p>\n\n\n\n<blockquote class=\"wp-block-quote is-layout-flow wp-block-quote-is-layout-flow\"><p>&#8220;Jsme na nejv\u00fdznamn\u011bj\u0161\u00edm hudebn\u00edm ve\u010deru a oslavujeme um\u011blce, kte\u0159\u00ed to d\u011blaj\u00ed nejl\u00e9pe. Popravd\u011b te\u010f ale v\u0161ichni c\u00edt\u00edme stra\u0161n\u00fd smutek. Amerika a sv\u011bt ztratily hrdinu,&#8221; p\u0159iv\u00edtala div\u00e1ky zp\u011bva\u010dka Alicia Keys, kter\u00e1 Grammy uv\u00e1d\u011bla druh\u00fd rok za sebou.<\/p><\/blockquote>\n\n\n\n<p>Na Bryantovu po\u010dest zazp\u00edvala skladbu <strong>It&#8217;s So Hard To Say Goodbye To Yesterday<\/strong> v doprovodu R&amp;B tria <strong>Boyz II Men<\/strong>. Moder\u00e1torka p\u0159ipomn\u011bla, \u017ee 62. ro\u010dn\u00edk nejzn\u00e1m\u011bj\u0161\u00edch americk\u00fdch hudebn\u00edch cen se kon\u00e1 v hale Staples Center, kde jedena\u010dty\u0159icetilet\u00fd Bryant za t\u00fdm Los Angeles Lakers hr\u00e1l v\u011bt\u0161inu kari\u00e9ry. Fanou\u0161ci u\u017e p\u0159ed budovu za\u010dali pokl\u00e1dat kv\u011btiny.<\/p><br>\n\n\n\n<div class=\"wp-block-image\"><figure class=\"alignleft size-large is-resized\"><img loading=\"lazy\" decoding=\"async\" src=\"https:\/\/www.mzone.cz\/wp-content\/uploads\/2020\/01\/Kobe-Bryant-1024x683.jpg\" alt=\"\" class=\"wp-image-17687\" width=\"164\" height=\"109\" srcset=\"https:\/\/www.mzone.cz\/wp-content\/uploads\/2020\/01\/Kobe-Bryant-1024x683.jpg 1024w, https:\/\/www.mzone.cz\/wp-content\/uploads\/2020\/01\/Kobe-Bryant-300x200.jpg 300w, https:\/\/www.mzone.cz\/wp-content\/uploads\/2020\/01\/Kobe-Bryant-768x512.jpg 768w, https:\/\/www.mzone.cz\/wp-content\/uploads\/2020\/01\/Kobe-Bryant-800x533.jpg 800w, https:\/\/www.mzone.cz\/wp-content\/uploads\/2020\/01\/Kobe-Bryant-400x267.jpg 400w, https:\/\/www.mzone.cz\/wp-content\/uploads\/2020\/01\/Kobe-Bryant-500x333.jpg 500w, https:\/\/www.mzone.cz\/wp-content\/uploads\/2020\/01\/Kobe-Bryant-590x393.jpg 590w, https:\/\/www.mzone.cz\/wp-content\/uploads\/2020\/01\/Kobe-Bryant.jpg 1080w\" sizes=\"auto, (max-width: 164px) 100vw, 164px\" \/><\/figure><\/div>\n\n\n\n<h4><a href=\"https:\/\/www.mzone.cz\/legendarni-basketbalista-kobe-bryant-zemrel-neprezil-pad-helikoptery-ve-ktere-byla-i-jeho-dcera\/\">Legend\u00e1rn\u00ed basketbalista Kobe Bryant zem\u0159el! Nep\u0159e\u017eil p\u00e1d helikopt\u00e9ry, ve kter\u00e9 byla i jeho dcera<\/a><\/h4><br>\n\n\n\n<p>O chv\u00edli pozd\u011bji Alicia Keys sedla za klav\u00edr a na melodii balady <strong>Someone You Loved<\/strong> od <strong>Skota Lewise Capaldiho<\/strong> zaimprovizovala nap\u016fl zp\u00edvan\u00fd, nap\u016fl mluven\u00fd v\u00fdstup.<\/p>\n\n\n\n<blockquote class=\"wp-block-quote is-layout-flow wp-block-quote-is-layout-flow\"><p>&#8220;V\u00edm, jak m\u011bl r\u00e1d hudbu, tak\u017ee tohle bude oslava na po\u010dest Kobeho Bryanta,&#8221; avizovala zkraje ve\u010dera, kter\u00fd nakonec trval t\u00e9m\u011b\u0159 \u010dty\u0159i hodiny.<\/p><\/blockquote>\n\n\n\n<p>N\u011bkolikr\u00e1t se p\u0159ed kamerami pozd\u011bji objevil Bryant\u016fv dres s \u010d\u00edslem 24 &#8211; jednou ho uk\u00e1zal \u010dlen rapov\u00e9 skupiny <strong>Run D.M.C<\/strong>, podruh\u00e9 jej do sv\u00e9ho vystoupen\u00ed zakomponoval raper <strong>Lil Nas X<\/strong>. Ten se publiku p\u0159edvedl v kovbojsk\u00e9m klobouku a \u0161atech ze syntetick\u00e9ho kovov\u011b leskl\u00e9ho vl\u00e1kna lurexu.<\/p><br>\n\n\n\n<figure class=\"wp-block-image size-large\"><img loading=\"lazy\" decoding=\"async\" width=\"1024\" height=\"629\" src=\"https:\/\/www.mzone.cz\/wp-content\/uploads\/2020\/01\/Sn\u00edmek-obrazovky-2020-01-27-v-15.56.14-1024x629.png\" alt=\"\" class=\"wp-image-17715\" srcset=\"https:\/\/www.mzone.cz\/wp-content\/uploads\/2020\/01\/Sn\u00edmek-obrazovky-2020-01-27-v-15.56.14-1024x629.png 1024w, https:\/\/www.mzone.cz\/wp-content\/uploads\/2020\/01\/Sn\u00edmek-obrazovky-2020-01-27-v-15.56.14-300x184.png 300w, https:\/\/www.mzone.cz\/wp-content\/uploads\/2020\/01\/Sn\u00edmek-obrazovky-2020-01-27-v-15.56.14-768x472.png 768w, https:\/\/www.mzone.cz\/wp-content\/uploads\/2020\/01\/Sn\u00edmek-obrazovky-2020-01-27-v-15.56.14-1536x943.png 1536w, https:\/\/www.mzone.cz\/wp-content\/uploads\/2020\/01\/Sn\u00edmek-obrazovky-2020-01-27-v-15.56.14-590x362.png 590w, https:\/\/www.mzone.cz\/wp-content\/uploads\/2020\/01\/Sn\u00edmek-obrazovky-2020-01-27-v-15.56.14.png 1568w\" sizes=\"auto, (max-width: 1024px) 100vw, 1024px\" \/><\/figure><br>\n\n\n\n<p>Bryantovi sv\u00e9 vystoupen\u00ed v\u011bnovala i nominovan\u00e1 zp\u011bva\u010dka a raperka <strong>Lizzo<\/strong> m\u00edchaj\u00ed pop, rap a R&amp;B. &#8220;Dne\u0161n\u00ed ve\u010der je pro Kobyho,&#8221; zvolala. Za doprovodu men\u0161\u00edho orchestru, baletek a efektn\u00edho osv\u011btlen\u00ed pak uvedla sm\u011bs skladeb <strong>Cuz I Love You<\/strong> a <strong>Truth Hurts<\/strong>, p\u0159i nich\u017e zahr\u00e1la i kr\u00e1tk\u00e9 s\u00f3lo na fl\u00e9tnu.<\/p><br>\n\n\n\n<p>Pr\u00e1v\u011b za skladbu <strong>Truth Hurts<\/strong> si n\u00e1sledn\u011b <strong>Lizzo<\/strong> p\u0159i\u0161la pro prvn\u00ed z hlavn\u00edch cen ve\u010dera, za nejlep\u0161\u00ed popov\u00fd s\u00f3lov\u00fd v\u00fdkon.<\/p>\n\n\n\n<blockquote class=\"wp-block-quote is-layout-flow wp-block-quote-is-layout-flow\"><p>&#8220;Do h\u00e1je, to je fakt senza\u010dn\u00ed, ne\u010dekan\u00fd, bezvadn\u00fd, cool,&#8221; zakoktala a sv\u011b\u0159ila se, \u017ee cel\u00fd t\u00fdden byla vystresovan\u00e1. &#8220;A pak je to pry\u010d, priority se zm\u011bn\u00ed a v\u0161echny malichern\u00e9 probl\u00e9my zmiz\u00ed,&#8221; dodala.<\/p><\/blockquote>\n\n\n\n<p>\u010cas mezi ud\u00edlen\u00edm cen tradi\u010dn\u011b vypl\u0148ovaly komponovan\u00e9 koncertn\u00ed bloky. Jeden byl v\u011bnov\u00e1n zp\u011bv\u00e1kovi a multiinstrumentalistovi <strong>Princovi<\/strong>, kter\u00fd zem\u0159el p\u0159ed \u010dty\u0159i roky. Sm\u011bs\u00ed hit\u016f <strong>Little Red Corvette<\/strong>, <strong>When Doves Cry<\/strong> a <strong>Kiss<\/strong> jej p\u0159ipomn\u011bli zp\u011bv\u00e1ci <strong>Usher<\/strong> a <strong>FKA Twigs<\/strong>, ta v\u0161ak pouze v roli tane\u010dnice, s n\u011bkdej\u0161\u00ed Princovou bubenic\u00ed <strong>Sheilou E<\/strong>.<\/p><br>\n\n\n\n<div class=\"wp-block-image\"><figure class=\"alignleft size-large is-resized\"><img loading=\"lazy\" decoding=\"async\" src=\"https:\/\/www.mzone.cz\/wp-content\/uploads\/2020\/01\/Zlat\u00e9-Gl\u00f3by-1024x683.jpg\" alt=\"\" class=\"wp-image-16407\" width=\"166\" height=\"109\"\/><\/figure><\/div>\n\n\n\n<h4><a href=\"https:\/\/www.mzone.cz\/zlate-globy-vyhral-brad-pitt-i-joker-moderator-vsechny-pobouril-svym-proslovem\/\">Zlat\u00e9 gl\u00f3by vyhr\u00e1l Brad Pitt i Joker! Moder\u00e1tor v\u0161echny pobou\u0159il sv\u00fdm proslovem<\/a><\/h4><br>\n\n\n\n<p>Dal\u0161\u00ed blok t\u0159\u00ed skladeb v doprovodu tane\u010dnic a komorn\u00edho orchestru zazp\u00edvala <strong>Ariana Grande<\/strong>. Jednalo se o polo\u017eky z jej\u00edho lo\u0148sk\u00e9ho alba <strong>Thank U, Next<\/strong>. K vrchol\u016fm ve\u010dera pat\u0159ilo proveden\u00ed vir\u00e1ln\u00edho hitu <strong>Old Town Road<\/strong>, kter\u00fd se vloni d\u00edky nejr\u016fzn\u011bj\u0161\u00edm remix\u016fm dr\u017eel rekordn\u011b dlouho v \u017eeb\u0159\u00ed\u010dku nej\u00fasp\u011b\u0161n\u011bj\u0161\u00edch singl\u016f.<\/p><br>\n\n\n\n<p>Jeho auto\u0159i, country raper <strong>Lil Nas X<\/strong> a zp\u011bv\u00e1k <strong>Billy Ray Cyrus<\/strong>, ho na\u017eivo uvedli s korejsk\u00fdm boybandem <strong>BTS<\/strong>, <strong>DJem Diplem<\/strong> nebo <strong>Masonem Ramseym<\/strong>, chlapcem, kter\u00fd tut\u00e9\u017e skladbu zaj\u00f3dloval v obchodu Walmart a d\u00edky tomu se stal celebritou soci\u00e1ln\u00edch s\u00edt\u00ed. Desetin\u00e1sobn\u00e1 dr\u017eitelka Grammy <strong>Bonnie Raitt<\/strong> sama jen s kytarou zazp\u00edvala <strong>Angel from Montgomery<\/strong>, skladbu <strong>Johna Prinea<\/strong>, kterou proslavila roku 1974. Kytarista <strong>Gary Clark Jr.<\/strong>, jen\u017e kombinuje blues, rock a hiphop, v doprovodu kapely <strong>The Roots<\/strong> p\u0159edstavil kompozici <strong>This Land<\/strong>.<\/p>\n\n\n\n<blockquote class=\"wp-block-quote is-layout-flow wp-block-quote-is-layout-flow\"><p>Pr\u016fb\u011b\u017en\u011b, ka\u017edou hodinu v jin\u00e9m obleku, se k div\u00e1k\u016fm obracela moder\u00e1torka Alicia Keys. Jednou zazp\u00edvala sv\u016fj nov\u00fd singl <strong>Underdog<\/strong> z alba, kter\u00e9 25. \u010dervna na\u017eivo p\u0159edstav\u00ed v Praze.<\/p><\/blockquote>\n\n\n\n<p>Jindy se chopila slova a p\u0159ipomn\u011bla, \u017ee leto\u0161n\u00ed Grammy otev\u00edraj\u00ed novou dek\u00e1du. &#8220;V\u0161echno bude nov\u00e9. Star\u00e1 negativn\u00ed energie a star\u00e9 \u0159\u00e1dy zmiz\u00ed. Chceme si v na\u0161\u00ed rozmanitosti p\u0159ipadat bezpe\u010dn\u011b, chceme, aby kone\u010dn\u011b nastal \u010das pro to, co je spr\u00e1vn\u00e9, pro v\u011bt\u0161\u00ed inkluzi,&#8221; \u0159ekla Alicia Keys a navrhla, aby americk\u00e9ho prezidenta <strong>Donalda Trumpa<\/strong> nahradila raperka <strong>Cardi B<\/strong>.<\/p><br>\n\n\n\n<figure class=\"wp-block-image size-large\"><img loading=\"lazy\" decoding=\"async\" width=\"1024\" height=\"607\" src=\"https:\/\/www.mzone.cz\/wp-content\/uploads\/2020\/01\/Sn\u00edmek-obrazovky-2020-01-27-v-16.04.56-1024x607.png\" alt=\"\" class=\"wp-image-17725\" srcset=\"https:\/\/www.mzone.cz\/wp-content\/uploads\/2020\/01\/Sn\u00edmek-obrazovky-2020-01-27-v-16.04.56-1024x607.png 1024w, https:\/\/www.mzone.cz\/wp-content\/uploads\/2020\/01\/Sn\u00edmek-obrazovky-2020-01-27-v-16.04.56-300x178.png 300w, https:\/\/www.mzone.cz\/wp-content\/uploads\/2020\/01\/Sn\u00edmek-obrazovky-2020-01-27-v-16.04.56-768x456.png 768w, https:\/\/www.mzone.cz\/wp-content\/uploads\/2020\/01\/Sn\u00edmek-obrazovky-2020-01-27-v-16.04.56-1536x911.png 1536w, https:\/\/www.mzone.cz\/wp-content\/uploads\/2020\/01\/Sn\u00edmek-obrazovky-2020-01-27-v-16.04.56-590x350.png 590w, https:\/\/www.mzone.cz\/wp-content\/uploads\/2020\/01\/Sn\u00edmek-obrazovky-2020-01-27-v-16.04.56.png 1605w\" sizes=\"auto, (max-width: 1024px) 100vw, 1024px\" \/><\/figure><br>\n\n\n\n<p>Svou prvn\u00ed Grammy za rapov\u00e9 album roku z\u00edskal osmadvacetilet\u00fd <strong>Tyler, the Creator<\/strong>. Ocen\u011bn byl za konceptu\u00e1ln\u00ed, v po\u0159ad\u00ed p\u00e1tou desku Igor. A pro so\u0161ku si p\u0159i\u0161el i s matkou.<\/p>\n\n\n\n<blockquote class=\"wp-block-quote is-layout-flow wp-block-quote-is-layout-flow\"><p>&#8220;Odvedla jsi skv\u011blou pr\u00e1ci, \u017ee&#8217;s m\u011b vychovala,&#8221; \u0159ekl viditeln\u011b dojat\u00e9 \u017een\u011b, jej\u00ed\u017e nad\u0161en\u00ed kamery zabraly u\u017e p\u0159i ozn\u00e1men\u00ed v\u00edt\u011bze. &#8220;Nikdy jsem si v rapu nep\u0159ipadal \u00fapln\u011b p\u0159ijat\u00fd, ale vy jste st\u00e1li p\u0159i m\u011b, podpo\u0159ili jste m\u011b a toho si cen\u00edm,&#8221; \u0159ekl Tyler, the Creator a na z\u00e1v\u011br pod\u011bkoval je\u0161t\u011b producentovi Pharrellu Williamsovi. To u\u017e ale za\u010dala hlasit\u011b hr\u00e1t hudba, kter\u00e1 laure\u00e1ty upozor\u0148uje, kdy\u017e jejich d\u011bkovn\u00e1 \u0159e\u010d p\u0159es\u00e1hne vymezen\u00fd \u010das.<\/p><\/blockquote>\n\n\n\n<p>Ceny Grammy byly letos ud\u011bleny dohromady v 84 kategori\u00edch, z toho jen dev\u011bt nejpresti\u017en\u011bj\u0161\u00edch se ve\u0161lo do televizn\u00edho p\u0159enosu. V \u017e\u00e1nru R&amp;B usp\u011bl <strong>Anderson Paak<\/strong>, cenu za alternativn\u00ed album si odn\u00e1\u0161ej\u00ed ameri\u010dt\u00ed <strong>Vampire Weekend<\/strong>. Nejlep\u0161\u00ed rockovou deskou je <strong>Social Cues<\/strong> od <strong>Cage The Elephant<\/strong>, v elektronick\u00e9 hudb\u011b usp\u011bli <strong>The Chemical Brothers<\/strong>, v sou\u010dasn\u00e9m blues kytarista <strong>Gary Clark Jr.<\/strong> a ve folku <strong>Patty Griffinov\u00e1<\/strong>.<\/p><br>\n\n\n\n<p>Nejlep\u0161\u00edm tradi\u010dn\u00edm popov\u00fdm zp\u00edvan\u00fdm albem se stalo <strong>Look Now<\/strong> od Angli\u010dana <strong>Elvise Costella<\/strong>. V \u017e\u00e1nru americana usp\u011bl zp\u011bv\u00e1k a kytarista <strong>Keb&#8217; Mo&#8217;<\/strong>, cenu za world music si odn\u00e1\u0161\u00ed <strong>Ang\u00e9lique Kidjo<\/strong> z africk\u00e9ho Beninu a country deskou roku nato\u010dila <strong>Tanya Tuckerov\u00e1<\/strong>. Jazzov\u00e9 Grammy z\u00edskali klav\u00edrist\u00e9 <strong>Chick Corea<\/strong> a <strong>Brad Mehldau<\/strong>, trumpetista <strong>Randy Brecker<\/strong> nebo kontrabasistka a zp\u011bva\u010dka <strong>Esperanza Spaldingov\u00e1<\/strong>. Nejlep\u0161\u00ed instrument\u00e1ln\u00ed kompozic\u00ed je suita <strong>Galaxy&#8217;s Edge<\/strong>, kterou napsal autor hudby k Hv\u011bzdn\u00fdm v\u00e1lk\u00e1m <strong>John Williams<\/strong>.<\/p><br>\n\n\n\n<div class=\"wp-block-image\"><figure class=\"alignleft size-large is-resized\"><img loading=\"lazy\" decoding=\"async\" src=\"https:\/\/www.mzone.cz\/wp-content\/uploads\/2019\/05\/audience-concert-crowd-1387174-1024x682.jpg\" alt=\"\" class=\"wp-image-8214\" width=\"125\" height=\"83\" srcset=\"https:\/\/www.mzone.cz\/wp-content\/uploads\/2019\/05\/audience-concert-crowd-1387174-1024x682.jpg 1024w, https:\/\/www.mzone.cz\/wp-content\/uploads\/2019\/05\/audience-concert-crowd-1387174-300x200.jpg 300w, https:\/\/www.mzone.cz\/wp-content\/uploads\/2019\/05\/audience-concert-crowd-1387174-768x512.jpg 768w, https:\/\/www.mzone.cz\/wp-content\/uploads\/2019\/05\/audience-concert-crowd-1387174-800x533.jpg 800w, https:\/\/www.mzone.cz\/wp-content\/uploads\/2019\/05\/audience-concert-crowd-1387174-400x267.jpg 400w, https:\/\/www.mzone.cz\/wp-content\/uploads\/2019\/05\/audience-concert-crowd-1387174-500x333.jpg 500w, https:\/\/www.mzone.cz\/wp-content\/uploads\/2019\/05\/audience-concert-crowd-1387174-1170x780.jpg 1170w, https:\/\/www.mzone.cz\/wp-content\/uploads\/2019\/05\/audience-concert-crowd-1387174-590x393.jpg 590w, https:\/\/www.mzone.cz\/wp-content\/uploads\/2019\/05\/audience-concert-crowd-1387174.jpg 1349w\" sizes=\"auto, (max-width: 125px) 100vw, 125px\" \/><\/figure><\/div>\n\n\n\n<h4><a href=\"https:\/\/www.mzone.cz\/chozeni-na-koncerty-vam-prodlouzi-zivot-tvrdi-vyzkumy\/\">Chozen\u00ed na koncerty v\u00e1m prodlou\u017e\u00ed \u017eivot, tvrd\u00ed v\u00fdzkumy<\/a><\/h4><br>\n\n\n\n<p>Beyonc\u00e9 usp\u011bla s hudebn\u00edm filmem <strong>Homecoming<\/strong>, v kategorii mluven\u00e9ho slova pak Grammy dostala n\u011bkdej\u0161\u00ed americk\u00e1 prvn\u00ed d\u00e1ma <strong>Michelle Obamov\u00e1<\/strong> za audioverzi sv\u00e9 knihy <strong>Becoming<\/strong>, v \u010desk\u00e9m p\u0159ekladu vydan\u00e9 pod n\u00e1zvem M\u016fj p\u0159\u00edb\u011bh.<\/p><br>\n\n\n\n<p>Grammy ud\u00edl\u00ed americk\u00e1 N\u00e1rodn\u00ed akademie hudebn\u00edho um\u011bn\u00ed a v\u011bd. Moment\u00e1ln\u011b za\u017e\u00edv\u00e1 problematick\u00e9 obdob\u00ed, nebo\u0165 pouh\u00fdch deset dn\u016f p\u0159ed ceremoni\u00e1lem propustila svou \u0159editelku <strong>Deboru Duganovou<\/strong>. Ta akademii okam\u017eit\u011b za\u017ealovala. Duganov\u00e1 tvrd\u00ed, \u017ee organizace se sna\u017e\u00ed zam\u00e9st pod koberec obvin\u011bn\u00ed ze sexu\u00e1ln\u00edho obt\u011b\u017eov\u00e1n\u00ed a \u017ee manipuluje s nominacemi. Akademie to odm\u00edt\u00e1.<\/p>\n\n\n\n<h2 class=\"wp-block-heading\"><br> V\u00edt\u011bzov\u00e9 hlavn\u00edch cen Grammy<\/h2>\n\n\n\n<ul class=\"wp-block-list\"><li><strong>Album roku:<\/strong> Billie Eilish &#8211; When We All Fall Asleep, Where Do We Go?<\/li><li><strong>Nahr\u00e1vka roku:<\/strong> Billie Eilish &#8211; Bad Guy<\/li><li><strong>P\u00edse\u0148 roku:<\/strong> Billie Eilish &amp; Finneas O&#8217;Connell &#8211; Bad Guy<\/li><li><strong>Objev roku:<\/strong> Billie Eilish<\/li><li><strong>Popov\u00fd s\u00f3lov\u00fd v\u00fdkon:<\/strong> Lizzo &#8211; Truth Hurts<\/li><li><strong>Popov\u00e9 vok\u00e1ln\u00ed album:<\/strong> Billie Eilish &#8211; When We All Fall Asleep, Where Do We Go?<\/li><li><strong>Rapov\u00e9 album:<\/strong> Tyler, The Creator &#8211; Igor<\/li><li><strong>R&amp;B album:<\/strong> Anderson.Paak feat. Andr\u00e9 3000 &#8211; Come Home<\/li><li><strong>Country album:<\/strong> Tanya Tuckerov\u00e1 &#8211; While I&#8217;m Livin<\/li><li><strong>Rockov\u00e9 album:<\/strong> Cage The Elephant &#8211; Social Cues<\/li><li><strong>Hudebn\u00ed film:<\/strong> Beyonc\u00e9 &#8211; Homecoming<\/li><\/ul>","protected":false},"excerpt":{"rendered":"<p>Teprve osmn\u00e1ctilet\u00e1 americk\u00e1 zp\u011bva\u010dka Billie Eilish se stala v\u00edt\u011bzkou leto\u0161n\u00edch cen Grammy. Z\u00edskala v\u0161echny \u010dty\u0159i hlavn\u00ed so\u0161ky pro talent roku, nejlep\u0161\u00ed album, nahr\u00e1vku i p\u00edse\u0148. P\u0159ed\u00e1v\u00e1n\u00ed poznamenalo tragick\u00e9 \u00famrt\u00ed zn\u00e1m\u00e9ho basketbalisty Kobeho Bryanta, kter\u00fd se svou t\u0159in\u00e1ctiletou dcerou Giannou a osmi dal\u0161\u00edmi lidmi zahynul p\u0159i leteck\u00e9 hav\u00e1rii jen n\u011bkolik hodin p\u0159ed za\u010d\u00e1tkem ceremoni\u00e1lu. Billie Eilish [&hellip;]<\/p>\n","protected":false},"author":4,"featured_media":17698,"comment_status":"open","ping_status":"closed","sticky":false,"template":"","format":"standard","meta":{"kk_blocks_editor_width":"","_kiokenblocks_attr":"","_kiokenblocks_dimensions":"","footnotes":""},"categories":[76,71],"tags":[3388,2256,3389,1195,3387,1147,31,1580,1347,527,1136,3390,1073],"class_list":["post-17697","post","type-post","status-publish","format-standard","has-post-thumbnail","hentry","category-hudba","category-kultura","tag-billie-eilish","tag-ceny","tag-ceremonial","tag-galavecer","tag-grammy","tag-hudba","tag-kultura","tag-muzika","tag-oceneni","tag-usa","tag-vitezstvi","tag-vyhlaseni","tag-zpevacka"],"yoast_head":"<!-- This site is optimized with the Yoast SEO plugin v27.5 - https:\/\/yoast.com\/product\/yoast-seo-wordpress\/ -->\n<title>Grammy uctily basketbalistu Bryanta, v\u0161echny hlavn\u00ed so\u0161ky z\u00edskala Billie Eilish - Mzone<\/title>\n<meta name=\"description\" content=\"Teprve osmn\u00e1ctilet\u00e1 americk\u00e1 zp\u011bva\u010dka Billie Eilish se stala v\u00edt\u011bzkou leto\u0161n\u00edch cen Grammy. Z\u00edskala v\u0161echny \u010dty\u0159i hlavn\u00ed so\u0161ky pro talent roku, nejlep\u0161\u00ed album, nahr\u00e1vku i p\u00edse\u0148. P\u0159ed\u00e1v\u00e1n\u00ed poznamenalo tragick\u00e9 \u00famrt\u00ed zn\u00e1m\u00e9ho basketbalisty Kobeho Bryanta, kter\u00fd se svou t\u0159in\u00e1ctiletou dcerou Giannou a osmi dal\u0161\u00edmi lidmi zahynul p\u0159i leteck\u00e9 hav\u00e1rii jen n\u011bkolik hodin p\u0159ed za\u010d\u00e1tkem ceremoni\u00e1lu.\" \/>\n<meta name=\"robots\" content=\"index, follow, max-snippet:-1, max-image-preview:large, max-video-preview:-1\" \/>\n<link rel=\"canonical\" href=\"https:\/\/www.mzone.cz\/en\/grammy-uctily-basketbalistu-bryanta-vsechny-hlavni-sosky-ziskala-billie-eilish\/\" \/>\n<meta property=\"og:locale\" content=\"en_US\" \/>\n<meta property=\"og:type\" content=\"article\" \/>\n<meta property=\"og:title\" content=\"Grammy uctily basketbalistu Bryanta, v\u0161echny hlavn\u00ed so\u0161ky z\u00edskala Billie Eilish - Mzone\" \/>\n<meta property=\"og:description\" content=\"Teprve osmn\u00e1ctilet\u00e1 americk\u00e1 zp\u011bva\u010dka Billie Eilish se stala v\u00edt\u011bzkou leto\u0161n\u00edch cen Grammy. Z\u00edskala v\u0161echny \u010dty\u0159i hlavn\u00ed so\u0161ky pro talent roku, nejlep\u0161\u00ed album, nahr\u00e1vku i p\u00edse\u0148. P\u0159ed\u00e1v\u00e1n\u00ed poznamenalo tragick\u00e9 \u00famrt\u00ed zn\u00e1m\u00e9ho basketbalisty Kobeho Bryanta, kter\u00fd se svou t\u0159in\u00e1ctiletou dcerou Giannou a osmi dal\u0161\u00edmi lidmi zahynul p\u0159i leteck\u00e9 hav\u00e1rii jen n\u011bkolik hodin p\u0159ed za\u010d\u00e1tkem ceremoni\u00e1lu.\" \/>\n<meta property=\"og:url\" content=\"https:\/\/www.mzone.cz\/en\/grammy-uctily-basketbalistu-bryanta-vsechny-hlavni-sosky-ziskala-billie-eilish\/\" \/>\n<meta property=\"og:site_name\" content=\"Mzone\" \/>\n<meta property=\"article:publisher\" content=\"https:\/\/www.facebook.com\/MzoneCZ\/\" \/>\n<meta property=\"article:published_time\" content=\"2020-01-27T16:30:00+00:00\" \/>\n<meta property=\"og:image\" content=\"https:\/\/www.mzone.cz\/wp-content\/uploads\/2020\/01\/Billie-Eilish-Grammy.png\" \/>\n\t<meta property=\"og:image:width\" content=\"1098\" \/>\n\t<meta property=\"og:image:height\" content=\"732\" \/>\n\t<meta property=\"og:image:type\" content=\"image\/png\" \/>\n<meta name=\"author\" content=\"Mzone\" \/>\n<meta name=\"twitter:card\" content=\"summary_large_image\" \/>\n<meta name=\"twitter:label1\" content=\"Written by\" \/>\n\t<meta name=\"twitter:data1\" content=\"Mzone\" \/>\n\t<meta name=\"twitter:label2\" content=\"Est. reading time\" \/>\n\t<meta name=\"twitter:data2\" content=\"9 minutes\" \/>\n<script type=\"application\/ld+json\" class=\"yoast-schema-graph\">{\"@context\":\"https:\\\/\\\/schema.org\",\"@graph\":[{\"@type\":\"Article\",\"@id\":\"https:\\\/\\\/www.mzone.cz\\\/grammy-uctily-basketbalistu-bryanta-vsechny-hlavni-sosky-ziskala-billie-eilish\\\/#article\",\"isPartOf\":{\"@id\":\"https:\\\/\\\/www.mzone.cz\\\/grammy-uctily-basketbalistu-bryanta-vsechny-hlavni-sosky-ziskala-billie-eilish\\\/\"},\"author\":{\"name\":\"Mzone\",\"@id\":\"https:\\\/\\\/www.mzone.cz\\\/#\\\/schema\\\/person\\\/9bc20cc422a99cac4af6ff9297da32d4\"},\"headline\":\"Grammy uctily basketbalistu Bryanta, v\u0161echny hlavn\u00ed so\u0161ky z\u00edskala Billie Eilish\",\"datePublished\":\"2020-01-27T16:30:00+00:00\",\"mainEntityOfPage\":{\"@id\":\"https:\\\/\\\/www.mzone.cz\\\/grammy-uctily-basketbalistu-bryanta-vsechny-hlavni-sosky-ziskala-billie-eilish\\\/\"},\"wordCount\":1877,\"commentCount\":0,\"image\":{\"@id\":\"https:\\\/\\\/www.mzone.cz\\\/grammy-uctily-basketbalistu-bryanta-vsechny-hlavni-sosky-ziskala-billie-eilish\\\/#primaryimage\"},\"thumbnailUrl\":\"https:\\\/\\\/www.mzone.cz\\\/wp-content\\\/uploads\\\/2020\\\/01\\\/Billie-Eilish-Grammy.png\",\"keywords\":[\"Billie Eilish\",\"ceny\",\"ceremoni\u00e1l\",\"galave\u010der\",\"Grammy\",\"hudba\",\"Kultura\",\"muzika\",\"ocen\u011bn\u00ed\",\"USA\",\"v\u00edt\u011bzstv\u00ed\",\"vyhl\u00e1\u0161en\u00ed\",\"zp\u011bva\u010dka\"],\"articleSection\":[\"Hudba\",\"Kultura\"],\"inLanguage\":\"en-US\",\"potentialAction\":[{\"@type\":\"CommentAction\",\"name\":\"Comment\",\"target\":[\"https:\\\/\\\/www.mzone.cz\\\/grammy-uctily-basketbalistu-bryanta-vsechny-hlavni-sosky-ziskala-billie-eilish\\\/#respond\"]}]},{\"@type\":\"WebPage\",\"@id\":\"https:\\\/\\\/www.mzone.cz\\\/grammy-uctily-basketbalistu-bryanta-vsechny-hlavni-sosky-ziskala-billie-eilish\\\/\",\"url\":\"https:\\\/\\\/www.mzone.cz\\\/grammy-uctily-basketbalistu-bryanta-vsechny-hlavni-sosky-ziskala-billie-eilish\\\/\",\"name\":\"Grammy uctily basketbalistu Bryanta, v\u0161echny hlavn\u00ed so\u0161ky z\u00edskala Billie Eilish - Mzone\",\"isPartOf\":{\"@id\":\"https:\\\/\\\/www.mzone.cz\\\/#website\"},\"primaryImageOfPage\":{\"@id\":\"https:\\\/\\\/www.mzone.cz\\\/grammy-uctily-basketbalistu-bryanta-vsechny-hlavni-sosky-ziskala-billie-eilish\\\/#primaryimage\"},\"image\":{\"@id\":\"https:\\\/\\\/www.mzone.cz\\\/grammy-uctily-basketbalistu-bryanta-vsechny-hlavni-sosky-ziskala-billie-eilish\\\/#primaryimage\"},\"thumbnailUrl\":\"https:\\\/\\\/www.mzone.cz\\\/wp-content\\\/uploads\\\/2020\\\/01\\\/Billie-Eilish-Grammy.png\",\"datePublished\":\"2020-01-27T16:30:00+00:00\",\"author\":{\"@id\":\"https:\\\/\\\/www.mzone.cz\\\/#\\\/schema\\\/person\\\/9bc20cc422a99cac4af6ff9297da32d4\"},\"description\":\"Teprve osmn\u00e1ctilet\u00e1 americk\u00e1 zp\u011bva\u010dka Billie Eilish se stala v\u00edt\u011bzkou leto\u0161n\u00edch cen Grammy. Z\u00edskala v\u0161echny \u010dty\u0159i hlavn\u00ed so\u0161ky pro talent roku, nejlep\u0161\u00ed album, nahr\u00e1vku i p\u00edse\u0148. P\u0159ed\u00e1v\u00e1n\u00ed poznamenalo tragick\u00e9 \u00famrt\u00ed zn\u00e1m\u00e9ho basketbalisty Kobeho Bryanta, kter\u00fd se svou t\u0159in\u00e1ctiletou dcerou Giannou a osmi dal\u0161\u00edmi lidmi zahynul p\u0159i leteck\u00e9 hav\u00e1rii jen n\u011bkolik hodin p\u0159ed za\u010d\u00e1tkem ceremoni\u00e1lu.\",\"breadcrumb\":{\"@id\":\"https:\\\/\\\/www.mzone.cz\\\/grammy-uctily-basketbalistu-bryanta-vsechny-hlavni-sosky-ziskala-billie-eilish\\\/#breadcrumb\"},\"inLanguage\":\"en-US\",\"potentialAction\":[{\"@type\":\"ReadAction\",\"target\":[\"https:\\\/\\\/www.mzone.cz\\\/grammy-uctily-basketbalistu-bryanta-vsechny-hlavni-sosky-ziskala-billie-eilish\\\/\"]}]},{\"@type\":\"ImageObject\",\"inLanguage\":\"en-US\",\"@id\":\"https:\\\/\\\/www.mzone.cz\\\/grammy-uctily-basketbalistu-bryanta-vsechny-hlavni-sosky-ziskala-billie-eilish\\\/#primaryimage\",\"url\":\"https:\\\/\\\/www.mzone.cz\\\/wp-content\\\/uploads\\\/2020\\\/01\\\/Billie-Eilish-Grammy.png\",\"contentUrl\":\"https:\\\/\\\/www.mzone.cz\\\/wp-content\\\/uploads\\\/2020\\\/01\\\/Billie-Eilish-Grammy.png\",\"width\":1098,\"height\":732},{\"@type\":\"BreadcrumbList\",\"@id\":\"https:\\\/\\\/www.mzone.cz\\\/grammy-uctily-basketbalistu-bryanta-vsechny-hlavni-sosky-ziskala-billie-eilish\\\/#breadcrumb\",\"itemListElement\":[{\"@type\":\"ListItem\",\"position\":1,\"name\":\"Dom\u016f\",\"item\":\"https:\\\/\\\/www.mzone.cz\\\/\"},{\"@type\":\"ListItem\",\"position\":2,\"name\":\"Grammy uctily basketbalistu Bryanta, v\u0161echny hlavn\u00ed so\u0161ky z\u00edskala Billie Eilish\"}]},{\"@type\":\"WebSite\",\"@id\":\"https:\\\/\\\/www.mzone.cz\\\/#website\",\"url\":\"https:\\\/\\\/www.mzone.cz\\\/\",\"name\":\"Mzone\",\"description\":\"Magaz\u00edn nejen pro mu\u017ee\",\"potentialAction\":[{\"@type\":\"SearchAction\",\"target\":{\"@type\":\"EntryPoint\",\"urlTemplate\":\"https:\\\/\\\/www.mzone.cz\\\/?s={search_term_string}\"},\"query-input\":{\"@type\":\"PropertyValueSpecification\",\"valueRequired\":true,\"valueName\":\"search_term_string\"}}],\"inLanguage\":\"en-US\"},{\"@type\":\"Person\",\"@id\":\"https:\\\/\\\/www.mzone.cz\\\/#\\\/schema\\\/person\\\/9bc20cc422a99cac4af6ff9297da32d4\",\"name\":\"Mzone\",\"image\":{\"@type\":\"ImageObject\",\"inLanguage\":\"en-US\",\"@id\":\"https:\\\/\\\/secure.gravatar.com\\\/avatar\\\/e780a8630f3182a3d06dd667ab6bea151a0d155b0951bc15fe22633acdac0676?s=96&d=mm&r=g\",\"url\":\"https:\\\/\\\/secure.gravatar.com\\\/avatar\\\/e780a8630f3182a3d06dd667ab6bea151a0d155b0951bc15fe22633acdac0676?s=96&d=mm&r=g\",\"contentUrl\":\"https:\\\/\\\/secure.gravatar.com\\\/avatar\\\/e780a8630f3182a3d06dd667ab6bea151a0d155b0951bc15fe22633acdac0676?s=96&d=mm&r=g\",\"caption\":\"Mzone\"},\"url\":\"https:\\\/\\\/www.mzone.cz\\\/en\\\/author\\\/jakub\\\/\"}]}<\/script>\n<!-- \/ Yoast SEO plugin. -->","yoast_head_json":{"title":"Grammy uctily basketbalistu Bryanta, v\u0161echny hlavn\u00ed so\u0161ky z\u00edskala Billie Eilish - Mzone","description":"Teprve osmn\u00e1ctilet\u00e1 americk\u00e1 zp\u011bva\u010dka Billie Eilish se stala v\u00edt\u011bzkou leto\u0161n\u00edch cen Grammy. Z\u00edskala v\u0161echny \u010dty\u0159i hlavn\u00ed so\u0161ky pro talent roku, nejlep\u0161\u00ed album, nahr\u00e1vku i p\u00edse\u0148. P\u0159ed\u00e1v\u00e1n\u00ed poznamenalo tragick\u00e9 \u00famrt\u00ed zn\u00e1m\u00e9ho basketbalisty Kobeho Bryanta, kter\u00fd se svou t\u0159in\u00e1ctiletou dcerou Giannou a osmi dal\u0161\u00edmi lidmi zahynul p\u0159i leteck\u00e9 hav\u00e1rii jen n\u011bkolik hodin p\u0159ed za\u010d\u00e1tkem ceremoni\u00e1lu.","robots":{"index":"index","follow":"follow","max-snippet":"max-snippet:-1","max-image-preview":"max-image-preview:large","max-video-preview":"max-video-preview:-1"},"canonical":"https:\/\/www.mzone.cz\/en\/grammy-uctily-basketbalistu-bryanta-vsechny-hlavni-sosky-ziskala-billie-eilish\/","og_locale":"en_US","og_type":"article","og_title":"Grammy uctily basketbalistu Bryanta, v\u0161echny hlavn\u00ed so\u0161ky z\u00edskala Billie Eilish - Mzone","og_description":"Teprve osmn\u00e1ctilet\u00e1 americk\u00e1 zp\u011bva\u010dka Billie Eilish se stala v\u00edt\u011bzkou leto\u0161n\u00edch cen Grammy. Z\u00edskala v\u0161echny \u010dty\u0159i hlavn\u00ed so\u0161ky pro talent roku, nejlep\u0161\u00ed album, nahr\u00e1vku i p\u00edse\u0148. P\u0159ed\u00e1v\u00e1n\u00ed poznamenalo tragick\u00e9 \u00famrt\u00ed zn\u00e1m\u00e9ho basketbalisty Kobeho Bryanta, kter\u00fd se svou t\u0159in\u00e1ctiletou dcerou Giannou a osmi dal\u0161\u00edmi lidmi zahynul p\u0159i leteck\u00e9 hav\u00e1rii jen n\u011bkolik hodin p\u0159ed za\u010d\u00e1tkem ceremoni\u00e1lu.","og_url":"https:\/\/www.mzone.cz\/en\/grammy-uctily-basketbalistu-bryanta-vsechny-hlavni-sosky-ziskala-billie-eilish\/","og_site_name":"Mzone","article_publisher":"https:\/\/www.facebook.com\/MzoneCZ\/","article_published_time":"2020-01-27T16:30:00+00:00","og_image":[{"width":1098,"height":732,"url":"https:\/\/www.mzone.cz\/wp-content\/uploads\/2020\/01\/Billie-Eilish-Grammy.png","type":"image\/png"}],"author":"Mzone","twitter_card":"summary_large_image","twitter_misc":{"Written by":"Mzone","Est. reading time":"9 minutes"},"schema":{"@context":"https:\/\/schema.org","@graph":[{"@type":"Article","@id":"https:\/\/www.mzone.cz\/grammy-uctily-basketbalistu-bryanta-vsechny-hlavni-sosky-ziskala-billie-eilish\/#article","isPartOf":{"@id":"https:\/\/www.mzone.cz\/grammy-uctily-basketbalistu-bryanta-vsechny-hlavni-sosky-ziskala-billie-eilish\/"},"author":{"name":"Mzone","@id":"https:\/\/www.mzone.cz\/#\/schema\/person\/9bc20cc422a99cac4af6ff9297da32d4"},"headline":"Grammy uctily basketbalistu Bryanta, v\u0161echny hlavn\u00ed so\u0161ky z\u00edskala Billie Eilish","datePublished":"2020-01-27T16:30:00+00:00","mainEntityOfPage":{"@id":"https:\/\/www.mzone.cz\/grammy-uctily-basketbalistu-bryanta-vsechny-hlavni-sosky-ziskala-billie-eilish\/"},"wordCount":1877,"commentCount":0,"image":{"@id":"https:\/\/www.mzone.cz\/grammy-uctily-basketbalistu-bryanta-vsechny-hlavni-sosky-ziskala-billie-eilish\/#primaryimage"},"thumbnailUrl":"https:\/\/www.mzone.cz\/wp-content\/uploads\/2020\/01\/Billie-Eilish-Grammy.png","keywords":["Billie Eilish","ceny","ceremoni\u00e1l","galave\u010der","Grammy","hudba","Kultura","muzika","ocen\u011bn\u00ed","USA","v\u00edt\u011bzstv\u00ed","vyhl\u00e1\u0161en\u00ed","zp\u011bva\u010dka"],"articleSection":["Hudba","Kultura"],"inLanguage":"en-US","potentialAction":[{"@type":"CommentAction","name":"Comment","target":["https:\/\/www.mzone.cz\/grammy-uctily-basketbalistu-bryanta-vsechny-hlavni-sosky-ziskala-billie-eilish\/#respond"]}]},{"@type":"WebPage","@id":"https:\/\/www.mzone.cz\/grammy-uctily-basketbalistu-bryanta-vsechny-hlavni-sosky-ziskala-billie-eilish\/","url":"https:\/\/www.mzone.cz\/grammy-uctily-basketbalistu-bryanta-vsechny-hlavni-sosky-ziskala-billie-eilish\/","name":"Grammy uctily basketbalistu Bryanta, v\u0161echny hlavn\u00ed so\u0161ky z\u00edskala Billie Eilish - Mzone","isPartOf":{"@id":"https:\/\/www.mzone.cz\/#website"},"primaryImageOfPage":{"@id":"https:\/\/www.mzone.cz\/grammy-uctily-basketbalistu-bryanta-vsechny-hlavni-sosky-ziskala-billie-eilish\/#primaryimage"},"image":{"@id":"https:\/\/www.mzone.cz\/grammy-uctily-basketbalistu-bryanta-vsechny-hlavni-sosky-ziskala-billie-eilish\/#primaryimage"},"thumbnailUrl":"https:\/\/www.mzone.cz\/wp-content\/uploads\/2020\/01\/Billie-Eilish-Grammy.png","datePublished":"2020-01-27T16:30:00+00:00","author":{"@id":"https:\/\/www.mzone.cz\/#\/schema\/person\/9bc20cc422a99cac4af6ff9297da32d4"},"description":"Teprve osmn\u00e1ctilet\u00e1 americk\u00e1 zp\u011bva\u010dka Billie Eilish se stala v\u00edt\u011bzkou leto\u0161n\u00edch cen Grammy. Z\u00edskala v\u0161echny \u010dty\u0159i hlavn\u00ed so\u0161ky pro talent roku, nejlep\u0161\u00ed album, nahr\u00e1vku i p\u00edse\u0148. P\u0159ed\u00e1v\u00e1n\u00ed poznamenalo tragick\u00e9 \u00famrt\u00ed zn\u00e1m\u00e9ho basketbalisty Kobeho Bryanta, kter\u00fd se svou t\u0159in\u00e1ctiletou dcerou Giannou a osmi dal\u0161\u00edmi lidmi zahynul p\u0159i leteck\u00e9 hav\u00e1rii jen n\u011bkolik hodin p\u0159ed za\u010d\u00e1tkem ceremoni\u00e1lu.","breadcrumb":{"@id":"https:\/\/www.mzone.cz\/grammy-uctily-basketbalistu-bryanta-vsechny-hlavni-sosky-ziskala-billie-eilish\/#breadcrumb"},"inLanguage":"en-US","potentialAction":[{"@type":"ReadAction","target":["https:\/\/www.mzone.cz\/grammy-uctily-basketbalistu-bryanta-vsechny-hlavni-sosky-ziskala-billie-eilish\/"]}]},{"@type":"ImageObject","inLanguage":"en-US","@id":"https:\/\/www.mzone.cz\/grammy-uctily-basketbalistu-bryanta-vsechny-hlavni-sosky-ziskala-billie-eilish\/#primaryimage","url":"https:\/\/www.mzone.cz\/wp-content\/uploads\/2020\/01\/Billie-Eilish-Grammy.png","contentUrl":"https:\/\/www.mzone.cz\/wp-content\/uploads\/2020\/01\/Billie-Eilish-Grammy.png","width":1098,"height":732},{"@type":"BreadcrumbList","@id":"https:\/\/www.mzone.cz\/grammy-uctily-basketbalistu-bryanta-vsechny-hlavni-sosky-ziskala-billie-eilish\/#breadcrumb","itemListElement":[{"@type":"ListItem","position":1,"name":"Dom\u016f","item":"https:\/\/www.mzone.cz\/"},{"@type":"ListItem","position":2,"name":"Grammy uctily basketbalistu Bryanta, v\u0161echny hlavn\u00ed so\u0161ky z\u00edskala Billie Eilish"}]},{"@type":"WebSite","@id":"https:\/\/www.mzone.cz\/#website","url":"https:\/\/www.mzone.cz\/","name":"Mzone","description":"Magaz\u00edn nejen pro mu\u017ee","potentialAction":[{"@type":"SearchAction","target":{"@type":"EntryPoint","urlTemplate":"https:\/\/www.mzone.cz\/?s={search_term_string}"},"query-input":{"@type":"PropertyValueSpecification","valueRequired":true,"valueName":"search_term_string"}}],"inLanguage":"en-US"},{"@type":"Person","@id":"https:\/\/www.mzone.cz\/#\/schema\/person\/9bc20cc422a99cac4af6ff9297da32d4","name":"Mzone","image":{"@type":"ImageObject","inLanguage":"en-US","@id":"https:\/\/secure.gravatar.com\/avatar\/e780a8630f3182a3d06dd667ab6bea151a0d155b0951bc15fe22633acdac0676?s=96&d=mm&r=g","url":"https:\/\/secure.gravatar.com\/avatar\/e780a8630f3182a3d06dd667ab6bea151a0d155b0951bc15fe22633acdac0676?s=96&d=mm&r=g","contentUrl":"https:\/\/secure.gravatar.com\/avatar\/e780a8630f3182a3d06dd667ab6bea151a0d155b0951bc15fe22633acdac0676?s=96&d=mm&r=g","caption":"Mzone"},"url":"https:\/\/www.mzone.cz\/en\/author\/jakub\/"}]}},"_links":{"self":[{"href":"https:\/\/www.mzone.cz\/en\/wp-json\/wp\/v2\/posts\/17697","targetHints":{"allow":["GET"]}}],"collection":[{"href":"https:\/\/www.mzone.cz\/en\/wp-json\/wp\/v2\/posts"}],"about":[{"href":"https:\/\/www.mzone.cz\/en\/wp-json\/wp\/v2\/types\/post"}],"author":[{"embeddable":true,"href":"https:\/\/www.mzone.cz\/en\/wp-json\/wp\/v2\/users\/4"}],"replies":[{"embeddable":true,"href":"https:\/\/www.mzone.cz\/en\/wp-json\/wp\/v2\/comments?post=17697"}],"version-history":[{"count":23,"href":"https:\/\/www.mzone.cz\/en\/wp-json\/wp\/v2\/posts\/17697\/revisions"}],"predecessor-version":[{"id":17729,"href":"https:\/\/www.mzone.cz\/en\/wp-json\/wp\/v2\/posts\/17697\/revisions\/17729"}],"wp:featuredmedia":[{"embeddable":true,"href":"https:\/\/www.mzone.cz\/en\/wp-json\/wp\/v2\/media\/17698"}],"wp:attachment":[{"href":"https:\/\/www.mzone.cz\/en\/wp-json\/wp\/v2\/media?parent=17697"}],"wp:term":[{"taxonomy":"category","embeddable":true,"href":"https:\/\/www.mzone.cz\/en\/wp-json\/wp\/v2\/categories?post=17697"},{"taxonomy":"post_tag","embeddable":true,"href":"https:\/\/www.mzone.cz\/en\/wp-json\/wp\/v2\/tags?post=17697"}],"curies":[{"name":"wp","href":"https:\/\/api.w.org\/{rel}","templated":true}]}}