{"id":18627,"date":"2020-03-09T05:00:00","date_gmt":"2020-03-09T04:00:00","guid":{"rendered":"https:\/\/www.mzone.cz\/?p=18627"},"modified":"2020-02-26T22:03:39","modified_gmt":"2020-02-26T21:03:39","slug":"oslavy-svateho-patrika-se-blizi-vime-kam-vyrazit","status":"publish","type":"post","link":"https:\/\/www.mzone.cz\/en\/oslavy-svateho-patrika-se-blizi-vime-kam-vyrazit\/","title":{"rendered":"Oslavy svat\u00e9ho Patrika se bl\u00ed\u017e\u00ed! V\u00edme, kam vyrazit"},"content":{"rendered":"<p><strong>Sv\u00e1tek svat\u00e9ho\u00a0Patrika se bude i letos slavit nejenom v hlavn\u00edm m\u011bst\u011b, ale i na mnoha m\u00edstech\u00a0v cel\u00e9 zemi.\u00a0Praha v\u0161ak bude centrem\u00a0oslav, vedle pr\u016fvodu ulicemi\u00a0metropole v \u00fater\u00fd 17. b\u0159ezna bude prob\u00edhat a\u017e do ned\u011ble tzv. Tour svat\u00e9ho\u00a0Patrika, kter\u00e1 vyvrchol\u00ed v\u00a0sobotu 21. b\u0159ezna v klubu MeetFactory. V\u00edme, co byste si nem\u011bli nechat uj\u00edt!<\/strong><\/p><br>\n\n\n\n<p>T\u011b\u0161it se m\u016f\u017eeme op\u011bt na n\u011bkolikadenn\u00ed\u00a0propojen\u00ed \u010desk\u00e9 sc\u00e9ny s irsk\u00fdmi kulturn\u00edmi hodnotami a typick\u00fdmi formami um\u011bn\u00ed.\u00a0\u00a0Prim budou hr\u00e1t\u00a0\u017eiv\u00e1 i elektronick\u00e1\u00a0hudba, r\u016fznorod\u00e1 kulturn\u00ed vystoupen\u00ed, workshopy, ale tak\u00e9 irsk\u00e1 gastronomie\u00a0v \u010dele s celosv\u011btov\u011b nejprod\u00e1van\u011bj\u0161\u00ed irskou\u00a0whiskey Jameson. Program za\u010dne\u00a0ji\u017e v\u00a0p\u00e1tek 13. b\u0159ezna v\u00a0restaurac\u00edch a barech\u00a0po cel\u00fdch \u010cech\u00e1ch a Morav\u011b.<\/p>\n\n\n\n<blockquote class=\"wp-block-quote is-layout-flow wp-block-quote-is-layout-flow\"><p>V \u00fater\u00fd 17.\u00a0b\u0159ezna pak Tour svat\u00e9ho Patrika vypukne naplno pr\u016fvodem v hlavn\u00edm m\u011bst\u011b.\u00a0V\u00fdchoz\u00edm bodem\u00a0bude\u00a0Hybernsk\u00e1 ulice,\u00a0odkud\u00a0se\u00a0okolo 15. hodiny vyd\u00e1 zelen\u00fd pr\u016fvod\u00a0Ir\u016f \u017eij\u00edc\u00edch v \u010cR, jejich kamar\u00e1d\u016f a\u00a0dal\u0161\u00edch p\u0159\u00edznivc\u016f, do pra\u017esk\u00fdch ulic.<\/p><\/blockquote>\n\n\n\n<p>Z\u00fa\u010dastnit se jej v\u0161ak m\u016f\u017ee\u00a0ka\u017ed\u00fd. Bu\u010f se\u00a0k pr\u016fvodu p\u0159ipojit nebo si v ulic\u00edch Prahy 1 prohl\u00e9dnout r\u016fznorodou\u00a0sm\u011bs irsk\u00fdch p\u0159evlek\u016f a masek dopln\u011bnou o typick\u00fd hudebn\u00ed\u00a0doprovod. Kampus\u00a0Hybernsk\u00e1 bude odpoledne a ve\u010der hostit tak\u00e9 dal\u0161\u00ed program v \u010dele\u00a0s divadlem a \u017eivou muzikou.<\/p><br>\n\n\n\n<figure class=\"wp-block-image size-large is-resized\"><img loading=\"lazy\" decoding=\"async\" src=\"https:\/\/www.mzone.cz\/wp-content\/uploads\/2020\/02\/Sv\u00e1tek_sv._Patrika_2018_-_pr\u016fvod_4.jpg\" alt=\"\" class=\"wp-image-18634\" width=\"573\" height=\"382\" srcset=\"https:\/\/www.mzone.cz\/wp-content\/uploads\/2020\/02\/Sv\u00e1tek_sv._Patrika_2018_-_pr\u016fvod_4.jpg 522w, https:\/\/www.mzone.cz\/wp-content\/uploads\/2020\/02\/Sv\u00e1tek_sv._Patrika_2018_-_pr\u016fvod_4-300x200.jpg 300w, https:\/\/www.mzone.cz\/wp-content\/uploads\/2020\/02\/Sv\u00e1tek_sv._Patrika_2018_-_pr\u016fvod_4-400x267.jpg 400w, https:\/\/www.mzone.cz\/wp-content\/uploads\/2020\/02\/Sv\u00e1tek_sv._Patrika_2018_-_pr\u016fvod_4-500x333.jpg 500w\" sizes=\"auto, (max-width: 573px) 100vw, 573px\" \/><\/figure><br>\n\n\n\n<p>Na\u00a0ve\u010der 17. b\u0159ezna je p\u0159ipraven bohat\u00fd kytarov\u00fd program tak\u00e9 do klubu Rock Caf\u00e9\u00a0na N\u00e1rodn\u00ed t\u0159\u00edd\u011b. Hlavn\u00edmi hosty budou slovin\u0161t\u00ed\u00a0<strong>Happy Ol McWeasel<\/strong>,\u00a0p\u0159edstavitel\u00e9 tzv. celtic punku, kte\u0159\u00ed p\u0159ij\u00ed\u017ed\u011bj\u00ed do \u010cR v\u016fbec poprv\u00e9.\u00a0Sekundovat jim bude \u010deskobud\u011bjovick\u00e1 punkov\u00e1 parta\u00a0<strong>Pirates\u00a0of the Pubs<\/strong>, kter\u00e1\u00a0ned\u00e1vno vydala nov\u00e9 album Still on the Road a tak\u00e9 rezidentn\u00ed um\u011blec irsk\u00fdch\u00a0oslav v Praze,\u00a0<strong>Travis O Neill<\/strong>.\u00a0Krom\u011b muziky\u00a0se n\u00e1v\u0161t\u011bvn\u00edci mohou\u00a0t\u011b\u0161it tak\u00e9 na Underground Comedy Praha. Vstupenky budou k dost\u00e1n\u00ed na\u00a0m\u00edst\u011b.<\/p><br>\n\n\n\n<p>Dal\u0161\u00ed\u00a0program v r\u016fzn\u00fdch \u010d\u00e1stech Prahy se chyst\u00e1 tak\u00e9 na st\u0159edu a \u010dtvrtek.\u00a0Kdo\u00a0bude cht\u00edt pot\u011b\u0161it sv\u00e9 chu\u0165ov\u00e9 poh\u00e1rky a \u017ealudek, m\u016f\u017ee se od\u00a0\u00fater\u00fd a\u017e do ned\u011ble\u00a0zastavit v bistrech <strong>Fresh Society Sandwich #12<\/strong> Ji\u0159\u00edho z Pod\u011bbrad a\u00a0<strong>Fresh Society Tusarova 58<\/strong>, kde budou k ochutn\u00e1n\u00ed\u00a0r\u016fzn\u00e9 irsk\u00e9 gastronomick\u00e9\u00a0lah\u016fdky.<\/p><br>\n\n\n\n<p>Oslavy\u00a0pak vyvrchol\u00ed o v\u00edkendu. Nejbohat\u0161\u00ed program a tak\u00e9 z\u00e1zem\u00ed s nejv\u011bt\u0161\u00ed\u00a0kapacitou se chyst\u00e1\u00a0v\u00a0MeetFactory\u00a0na Sm\u00edchov\u011b.\u00a0V p\u00e1tek 20.\u00a0b\u0159ezna\u00a0si p\u0159ijdou na sv\u00e9 milovn\u00edci\u00a0rapu a\u00a0hip-hopu,\u00a0na p\u00f3diu se v r\u00e1mci\u00a0TG Festu\u00a0p\u0159edstav\u00ed nap\u0159\u00edklad <strong>Black Angelika<\/strong>, <strong>Maniak<\/strong>, <strong>The Low-Dead<\/strong>,\u00a0<strong>IronKap<\/strong>\u00a0a dal\u0161\u00ed. Vstupenky za 450 K\u010d jsou ji\u017e nyn\u00ed k dost\u00e1n\u00ed na\u00a0<a href=\"https:\/\/goout.net\/\">GoOut<\/a>.<\/p><br>\n\n\n\n<div class=\"wp-block-image\"><figure class=\"alignleft size-large is-resized\"><img loading=\"lazy\" decoding=\"async\" src=\"https:\/\/www.mzone.cz\/wp-content\/uploads\/2019\/03\/oysters-1209767_1920-1024x683.jpg\" alt=\"\" class=\"wp-image-5739\" width=\"95\" height=\"62\" srcset=\"https:\/\/www.mzone.cz\/wp-content\/uploads\/2019\/03\/oysters-1209767_1920-1024x683.jpg 1024w, https:\/\/www.mzone.cz\/wp-content\/uploads\/2019\/03\/oysters-1209767_1920-300x200.jpg 300w, https:\/\/www.mzone.cz\/wp-content\/uploads\/2019\/03\/oysters-1209767_1920-768x512.jpg 768w, https:\/\/www.mzone.cz\/wp-content\/uploads\/2019\/03\/oysters-1209767_1920-800x533.jpg 800w, https:\/\/www.mzone.cz\/wp-content\/uploads\/2019\/03\/oysters-1209767_1920-400x267.jpg 400w, https:\/\/www.mzone.cz\/wp-content\/uploads\/2019\/03\/oysters-1209767_1920-500x333.jpg 500w, https:\/\/www.mzone.cz\/wp-content\/uploads\/2019\/03\/oysters-1209767_1920-1170x780.jpg 1170w, https:\/\/www.mzone.cz\/wp-content\/uploads\/2019\/03\/oysters-1209767_1920-590x393.jpg 590w, https:\/\/www.mzone.cz\/wp-content\/uploads\/2019\/03\/oysters-1209767_1920.jpg 1452w\" sizes=\"auto, (max-width: 95px) 100vw, 95px\" \/><\/figure><\/div>\n\n\n\n<h4><a href=\"https:\/\/www.mzone.cz\/ustrice-k-snidani-v-irsku-bez-problemu\/\">\u00dast\u0159ice k sn\u00eddani? V Irsku bez probl\u00e9mu!<\/a><\/h4><br><br>\n\n\n\n<p>Na\u00a0leto\u0161n\u00edm sobotn\u00edm programu se pod\u00edlej\u00ed po\u0159adatel\u00e9 presti\u017en\u00edho festivalu Mighty\u00a0Sounds.\u00a0V\u00a0MeetFactory\u00a0se m\u016f\u017eete\u00a0t\u011b\u0161it na kytary a r\u016fzn\u00e9\u00a0odno\u017ee rockov\u00e9 muziky, a to hned na dvou p\u00f3di\u00edch.\u00a021.\u00a0b\u0159ezna\u00a0v tomto popul\u00e1rn\u00edm kulturn\u00edm centru na Praze 5 nebude chyb\u011bt irsk\u00fd\u00a0bard \u017eij\u00edc\u00ed\u00a0v Praze,\u00a0<strong>Travis O Neill<\/strong>\u00a0se svou kapelou\u00a0<strong>Pipes and Pints<\/strong>.<\/p><br>\n\n\n\n<figure class=\"wp-block-image size-large is-resized\"><img loading=\"lazy\" decoding=\"async\" src=\"https:\/\/www.mzone.cz\/wp-content\/uploads\/2020\/02\/Travis_ONeill_a_Pipes_and_Pints.jpg\" alt=\"\" class=\"wp-image-18648\" width=\"576\" height=\"384\" srcset=\"https:\/\/www.mzone.cz\/wp-content\/uploads\/2020\/02\/Travis_ONeill_a_Pipes_and_Pints.jpg 522w, https:\/\/www.mzone.cz\/wp-content\/uploads\/2020\/02\/Travis_ONeill_a_Pipes_and_Pints-300x200.jpg 300w, https:\/\/www.mzone.cz\/wp-content\/uploads\/2020\/02\/Travis_ONeill_a_Pipes_and_Pints-400x267.jpg 400w, https:\/\/www.mzone.cz\/wp-content\/uploads\/2020\/02\/Travis_ONeill_a_Pipes_and_Pints-500x333.jpg 500w\" sizes=\"auto, (max-width: 576px) 100vw, 576px\" \/><\/figure><br>\n\n\n\n<p>Hlavn\u00edmi zahrani\u010dn\u00edmi hosty pak budou austral\u0161t\u00ed z\u00e1stupci celtic punk\u00a0roku\u00a0<strong>The\u00a0Rumjacks<\/strong>\u00a0a ital\u0161t\u00ed reprezentanti irish folk\u00a0&amp; punku\u00a0<strong>The Rumpled<\/strong>.\u00a0Dopln\u00ed je nem\u00e9n\u011b popul\u00e1rn\u00ed \u010desk\u00e9 kapely toto\u017en\u00fdch\u00a0\u010di p\u0159\u00edbuzn\u00fdch styl\u016f\u00a0v\u010detn\u011b funku\u00a0<strong>Cheers!<\/strong>, <strong>Queens of Everything<\/strong> a\u00a0<strong>Prague Street Band<\/strong>,\u00a0kter\u00e9 dopln\u00ed n\u011bkolik DJs.\u00a0Vstupenky\u00a0za 550 K\u010d jsou ji\u017e nyn\u00ed k dost\u00e1n\u00ed na\u00a0<a href=\"https:\/\/goout.net\/\">GoOut<\/a>.<\/p>","protected":false},"excerpt":{"rendered":"<p>Sv\u00e1tek svat\u00e9ho\u00a0Patrika se bude i letos slavit nejenom v hlavn\u00edm m\u011bst\u011b, ale i na mnoha m\u00edstech\u00a0v cel\u00e9 zemi.\u00a0Praha v\u0161ak bude centrem\u00a0oslav, vedle pr\u016fvodu ulicemi\u00a0metropole v \u00fater\u00fd 17. b\u0159ezna bude prob\u00edhat a\u017e do ned\u011ble tzv. Tour svat\u00e9ho\u00a0Patrika, kter\u00e1 vyvrchol\u00ed v\u00a0sobotu 21. b\u0159ezna v klubu MeetFactory. V\u00edme, co byste si nem\u011bli nechat uj\u00edt! T\u011b\u0161it se m\u016f\u017eeme op\u011bt [&hellip;]<\/p>\n","protected":false},"author":4,"featured_media":18628,"comment_status":"open","ping_status":"closed","sticky":false,"template":"","format":"standard","meta":{"kk_blocks_editor_width":"","_kiokenblocks_attr":"","_kiokenblocks_dimensions":"","footnotes":""},"categories":[71,29,25],"tags":[147,1597,2105,31,3506,489,488,1759,363,3507,3504,484,3505,485],"class_list":["post-18627","post","type-post","status-publish","format-standard","has-post-thumbnail","hentry","category-kultura","category-lifestyle","category-style","tag-akce","tag-irsko","tag-koncerty","tag-kultura","tag-meetfactory","tag-oslava","tag-oslavy","tag-party","tag-praha","tag-pruvod","tag-sv-patrik","tag-svatek","tag-svaty-patrik","tag-tradice"],"yoast_head":"<!-- This site is optimized with the Yoast SEO plugin v27.5 - https:\/\/yoast.com\/product\/yoast-seo-wordpress\/ -->\n<title>Oslavy svat\u00e9ho Patrika se bl\u00ed\u017e\u00ed! V\u00edme, kam vyrazit - Mzone<\/title>\n<meta name=\"description\" content=\"Sv\u00e1tek svat\u00e9ho Patrika se bude i letos slavit nejenom v hlavn\u00edm m\u011bst\u011b, ale i na mnoha m\u00edstech v cel\u00e9 zemi. Praha v\u0161ak bude centrem oslav, vedle pr\u016fvodu ulicemi metropole v \u00fater\u00fd 17. b\u0159ezna bude prob\u00edhat a\u017e do ned\u011ble tzv. Tour svat\u00e9ho Patrika, kter\u00e1 vyvrchol\u00ed v sobotu 21. b\u0159ezna v klubu MeetFactory.\" \/>\n<meta name=\"robots\" content=\"index, follow, max-snippet:-1, max-image-preview:large, max-video-preview:-1\" \/>\n<link rel=\"canonical\" href=\"https:\/\/www.mzone.cz\/en\/oslavy-svateho-patrika-se-blizi-vime-kam-vyrazit\/\" \/>\n<meta property=\"og:locale\" content=\"en_US\" \/>\n<meta property=\"og:type\" content=\"article\" \/>\n<meta property=\"og:title\" content=\"Oslavy svat\u00e9ho Patrika se bl\u00ed\u017e\u00ed! V\u00edme, kam vyrazit - Mzone\" \/>\n<meta property=\"og:description\" content=\"Sv\u00e1tek svat\u00e9ho Patrika se bude i letos slavit nejenom v hlavn\u00edm m\u011bst\u011b, ale i na mnoha m\u00edstech v cel\u00e9 zemi. Praha v\u0161ak bude centrem oslav, vedle pr\u016fvodu ulicemi metropole v \u00fater\u00fd 17. b\u0159ezna bude prob\u00edhat a\u017e do ned\u011ble tzv. Tour svat\u00e9ho Patrika, kter\u00e1 vyvrchol\u00ed v sobotu 21. b\u0159ezna v klubu MeetFactory.\" \/>\n<meta property=\"og:url\" content=\"https:\/\/www.mzone.cz\/en\/oslavy-svateho-patrika-se-blizi-vime-kam-vyrazit\/\" \/>\n<meta property=\"og:site_name\" content=\"Mzone\" \/>\n<meta property=\"article:publisher\" content=\"https:\/\/www.facebook.com\/MzoneCZ\/\" \/>\n<meta property=\"article:published_time\" content=\"2020-03-09T04:00:00+00:00\" \/>\n<meta property=\"og:image\" content=\"https:\/\/www.mzone.cz\/wp-content\/uploads\/2020\/02\/Sv\u00e1tek_sv._Patrika_2018_2.jpg\" \/>\n\t<meta property=\"og:image:width\" content=\"515\" \/>\n\t<meta property=\"og:image:height\" content=\"343\" \/>\n\t<meta property=\"og:image:type\" content=\"image\/jpeg\" \/>\n<meta name=\"author\" content=\"Mzone\" \/>\n<meta name=\"twitter:card\" content=\"summary_large_image\" \/>\n<meta name=\"twitter:label1\" content=\"Written by\" \/>\n\t<meta name=\"twitter:data1\" content=\"Mzone\" \/>\n\t<meta name=\"twitter:label2\" content=\"Est. reading time\" \/>\n\t<meta name=\"twitter:data2\" content=\"3 minutes\" \/>\n<script type=\"application\/ld+json\" class=\"yoast-schema-graph\">{\"@context\":\"https:\\\/\\\/schema.org\",\"@graph\":[{\"@type\":\"Article\",\"@id\":\"https:\\\/\\\/www.mzone.cz\\\/oslavy-svateho-patrika-se-blizi-vime-kam-vyrazit\\\/#article\",\"isPartOf\":{\"@id\":\"https:\\\/\\\/www.mzone.cz\\\/oslavy-svateho-patrika-se-blizi-vime-kam-vyrazit\\\/\"},\"author\":{\"name\":\"Mzone\",\"@id\":\"https:\\\/\\\/www.mzone.cz\\\/#\\\/schema\\\/person\\\/9bc20cc422a99cac4af6ff9297da32d4\"},\"headline\":\"Oslavy svat\u00e9ho Patrika se bl\u00ed\u017e\u00ed! V\u00edme, kam vyrazit\",\"datePublished\":\"2020-03-09T04:00:00+00:00\",\"mainEntityOfPage\":{\"@id\":\"https:\\\/\\\/www.mzone.cz\\\/oslavy-svateho-patrika-se-blizi-vime-kam-vyrazit\\\/\"},\"wordCount\":656,\"commentCount\":0,\"image\":{\"@id\":\"https:\\\/\\\/www.mzone.cz\\\/oslavy-svateho-patrika-se-blizi-vime-kam-vyrazit\\\/#primaryimage\"},\"thumbnailUrl\":\"https:\\\/\\\/www.mzone.cz\\\/wp-content\\\/uploads\\\/2020\\\/02\\\/Sv\u00e1tek_sv._Patrika_2018_2.jpg\",\"keywords\":[\"akce\",\"Irsko\",\"koncerty\",\"Kultura\",\"MeetFactory\",\"oslava\",\"oslavy\",\"party\",\"Praha\",\"pr\u016fvod\",\"sv. Patrik\",\"sv\u00e1tek\",\"svat\u00fd Patrik\",\"tradice\"],\"articleSection\":[\"Kultura\",\"Lifestyle\",\"Style\"],\"inLanguage\":\"en-US\",\"potentialAction\":[{\"@type\":\"CommentAction\",\"name\":\"Comment\",\"target\":[\"https:\\\/\\\/www.mzone.cz\\\/oslavy-svateho-patrika-se-blizi-vime-kam-vyrazit\\\/#respond\"]}]},{\"@type\":\"WebPage\",\"@id\":\"https:\\\/\\\/www.mzone.cz\\\/oslavy-svateho-patrika-se-blizi-vime-kam-vyrazit\\\/\",\"url\":\"https:\\\/\\\/www.mzone.cz\\\/oslavy-svateho-patrika-se-blizi-vime-kam-vyrazit\\\/\",\"name\":\"Oslavy svat\u00e9ho Patrika se bl\u00ed\u017e\u00ed! V\u00edme, kam vyrazit - Mzone\",\"isPartOf\":{\"@id\":\"https:\\\/\\\/www.mzone.cz\\\/#website\"},\"primaryImageOfPage\":{\"@id\":\"https:\\\/\\\/www.mzone.cz\\\/oslavy-svateho-patrika-se-blizi-vime-kam-vyrazit\\\/#primaryimage\"},\"image\":{\"@id\":\"https:\\\/\\\/www.mzone.cz\\\/oslavy-svateho-patrika-se-blizi-vime-kam-vyrazit\\\/#primaryimage\"},\"thumbnailUrl\":\"https:\\\/\\\/www.mzone.cz\\\/wp-content\\\/uploads\\\/2020\\\/02\\\/Sv\u00e1tek_sv._Patrika_2018_2.jpg\",\"datePublished\":\"2020-03-09T04:00:00+00:00\",\"author\":{\"@id\":\"https:\\\/\\\/www.mzone.cz\\\/#\\\/schema\\\/person\\\/9bc20cc422a99cac4af6ff9297da32d4\"},\"description\":\"Sv\u00e1tek svat\u00e9ho Patrika se bude i letos slavit nejenom v hlavn\u00edm m\u011bst\u011b, ale i na mnoha m\u00edstech v cel\u00e9 zemi. Praha v\u0161ak bude centrem oslav, vedle pr\u016fvodu ulicemi metropole v \u00fater\u00fd 17. b\u0159ezna bude prob\u00edhat a\u017e do ned\u011ble tzv. Tour svat\u00e9ho Patrika, kter\u00e1 vyvrchol\u00ed v sobotu 21. b\u0159ezna v klubu MeetFactory.\",\"breadcrumb\":{\"@id\":\"https:\\\/\\\/www.mzone.cz\\\/oslavy-svateho-patrika-se-blizi-vime-kam-vyrazit\\\/#breadcrumb\"},\"inLanguage\":\"en-US\",\"potentialAction\":[{\"@type\":\"ReadAction\",\"target\":[\"https:\\\/\\\/www.mzone.cz\\\/oslavy-svateho-patrika-se-blizi-vime-kam-vyrazit\\\/\"]}]},{\"@type\":\"ImageObject\",\"inLanguage\":\"en-US\",\"@id\":\"https:\\\/\\\/www.mzone.cz\\\/oslavy-svateho-patrika-se-blizi-vime-kam-vyrazit\\\/#primaryimage\",\"url\":\"https:\\\/\\\/www.mzone.cz\\\/wp-content\\\/uploads\\\/2020\\\/02\\\/Sv\u00e1tek_sv._Patrika_2018_2.jpg\",\"contentUrl\":\"https:\\\/\\\/www.mzone.cz\\\/wp-content\\\/uploads\\\/2020\\\/02\\\/Sv\u00e1tek_sv._Patrika_2018_2.jpg\",\"width\":515,\"height\":343},{\"@type\":\"BreadcrumbList\",\"@id\":\"https:\\\/\\\/www.mzone.cz\\\/oslavy-svateho-patrika-se-blizi-vime-kam-vyrazit\\\/#breadcrumb\",\"itemListElement\":[{\"@type\":\"ListItem\",\"position\":1,\"name\":\"Dom\u016f\",\"item\":\"https:\\\/\\\/www.mzone.cz\\\/\"},{\"@type\":\"ListItem\",\"position\":2,\"name\":\"Oslavy svat\u00e9ho Patrika se bl\u00ed\u017e\u00ed! V\u00edme, kam vyrazit\"}]},{\"@type\":\"WebSite\",\"@id\":\"https:\\\/\\\/www.mzone.cz\\\/#website\",\"url\":\"https:\\\/\\\/www.mzone.cz\\\/\",\"name\":\"Mzone\",\"description\":\"Magaz\u00edn nejen pro mu\u017ee\",\"potentialAction\":[{\"@type\":\"SearchAction\",\"target\":{\"@type\":\"EntryPoint\",\"urlTemplate\":\"https:\\\/\\\/www.mzone.cz\\\/?s={search_term_string}\"},\"query-input\":{\"@type\":\"PropertyValueSpecification\",\"valueRequired\":true,\"valueName\":\"search_term_string\"}}],\"inLanguage\":\"en-US\"},{\"@type\":\"Person\",\"@id\":\"https:\\\/\\\/www.mzone.cz\\\/#\\\/schema\\\/person\\\/9bc20cc422a99cac4af6ff9297da32d4\",\"name\":\"Mzone\",\"image\":{\"@type\":\"ImageObject\",\"inLanguage\":\"en-US\",\"@id\":\"https:\\\/\\\/secure.gravatar.com\\\/avatar\\\/e780a8630f3182a3d06dd667ab6bea151a0d155b0951bc15fe22633acdac0676?s=96&d=mm&r=g\",\"url\":\"https:\\\/\\\/secure.gravatar.com\\\/avatar\\\/e780a8630f3182a3d06dd667ab6bea151a0d155b0951bc15fe22633acdac0676?s=96&d=mm&r=g\",\"contentUrl\":\"https:\\\/\\\/secure.gravatar.com\\\/avatar\\\/e780a8630f3182a3d06dd667ab6bea151a0d155b0951bc15fe22633acdac0676?s=96&d=mm&r=g\",\"caption\":\"Mzone\"},\"url\":\"https:\\\/\\\/www.mzone.cz\\\/en\\\/author\\\/jakub\\\/\"}]}<\/script>\n<!-- \/ Yoast SEO plugin. -->","yoast_head_json":{"title":"Oslavy svat\u00e9ho Patrika se bl\u00ed\u017e\u00ed! V\u00edme, kam vyrazit - Mzone","description":"Sv\u00e1tek svat\u00e9ho Patrika se bude i letos slavit nejenom v hlavn\u00edm m\u011bst\u011b, ale i na mnoha m\u00edstech v cel\u00e9 zemi. Praha v\u0161ak bude centrem oslav, vedle pr\u016fvodu ulicemi metropole v \u00fater\u00fd 17. b\u0159ezna bude prob\u00edhat a\u017e do ned\u011ble tzv. Tour svat\u00e9ho Patrika, kter\u00e1 vyvrchol\u00ed v sobotu 21. b\u0159ezna v klubu MeetFactory.","robots":{"index":"index","follow":"follow","max-snippet":"max-snippet:-1","max-image-preview":"max-image-preview:large","max-video-preview":"max-video-preview:-1"},"canonical":"https:\/\/www.mzone.cz\/en\/oslavy-svateho-patrika-se-blizi-vime-kam-vyrazit\/","og_locale":"en_US","og_type":"article","og_title":"Oslavy svat\u00e9ho Patrika se bl\u00ed\u017e\u00ed! V\u00edme, kam vyrazit - Mzone","og_description":"Sv\u00e1tek svat\u00e9ho Patrika se bude i letos slavit nejenom v hlavn\u00edm m\u011bst\u011b, ale i na mnoha m\u00edstech v cel\u00e9 zemi. Praha v\u0161ak bude centrem oslav, vedle pr\u016fvodu ulicemi metropole v \u00fater\u00fd 17. b\u0159ezna bude prob\u00edhat a\u017e do ned\u011ble tzv. Tour svat\u00e9ho Patrika, kter\u00e1 vyvrchol\u00ed v sobotu 21. b\u0159ezna v klubu MeetFactory.","og_url":"https:\/\/www.mzone.cz\/en\/oslavy-svateho-patrika-se-blizi-vime-kam-vyrazit\/","og_site_name":"Mzone","article_publisher":"https:\/\/www.facebook.com\/MzoneCZ\/","article_published_time":"2020-03-09T04:00:00+00:00","og_image":[{"width":515,"height":343,"url":"https:\/\/www.mzone.cz\/wp-content\/uploads\/2020\/02\/Sv\u00e1tek_sv._Patrika_2018_2.jpg","type":"image\/jpeg"}],"author":"Mzone","twitter_card":"summary_large_image","twitter_misc":{"Written by":"Mzone","Est. reading time":"3 minutes"},"schema":{"@context":"https:\/\/schema.org","@graph":[{"@type":"Article","@id":"https:\/\/www.mzone.cz\/oslavy-svateho-patrika-se-blizi-vime-kam-vyrazit\/#article","isPartOf":{"@id":"https:\/\/www.mzone.cz\/oslavy-svateho-patrika-se-blizi-vime-kam-vyrazit\/"},"author":{"name":"Mzone","@id":"https:\/\/www.mzone.cz\/#\/schema\/person\/9bc20cc422a99cac4af6ff9297da32d4"},"headline":"Oslavy svat\u00e9ho Patrika se bl\u00ed\u017e\u00ed! V\u00edme, kam vyrazit","datePublished":"2020-03-09T04:00:00+00:00","mainEntityOfPage":{"@id":"https:\/\/www.mzone.cz\/oslavy-svateho-patrika-se-blizi-vime-kam-vyrazit\/"},"wordCount":656,"commentCount":0,"image":{"@id":"https:\/\/www.mzone.cz\/oslavy-svateho-patrika-se-blizi-vime-kam-vyrazit\/#primaryimage"},"thumbnailUrl":"https:\/\/www.mzone.cz\/wp-content\/uploads\/2020\/02\/Sv\u00e1tek_sv._Patrika_2018_2.jpg","keywords":["akce","Irsko","koncerty","Kultura","MeetFactory","oslava","oslavy","party","Praha","pr\u016fvod","sv. Patrik","sv\u00e1tek","svat\u00fd Patrik","tradice"],"articleSection":["Kultura","Lifestyle","Style"],"inLanguage":"en-US","potentialAction":[{"@type":"CommentAction","name":"Comment","target":["https:\/\/www.mzone.cz\/oslavy-svateho-patrika-se-blizi-vime-kam-vyrazit\/#respond"]}]},{"@type":"WebPage","@id":"https:\/\/www.mzone.cz\/oslavy-svateho-patrika-se-blizi-vime-kam-vyrazit\/","url":"https:\/\/www.mzone.cz\/oslavy-svateho-patrika-se-blizi-vime-kam-vyrazit\/","name":"Oslavy svat\u00e9ho Patrika se bl\u00ed\u017e\u00ed! V\u00edme, kam vyrazit - Mzone","isPartOf":{"@id":"https:\/\/www.mzone.cz\/#website"},"primaryImageOfPage":{"@id":"https:\/\/www.mzone.cz\/oslavy-svateho-patrika-se-blizi-vime-kam-vyrazit\/#primaryimage"},"image":{"@id":"https:\/\/www.mzone.cz\/oslavy-svateho-patrika-se-blizi-vime-kam-vyrazit\/#primaryimage"},"thumbnailUrl":"https:\/\/www.mzone.cz\/wp-content\/uploads\/2020\/02\/Sv\u00e1tek_sv._Patrika_2018_2.jpg","datePublished":"2020-03-09T04:00:00+00:00","author":{"@id":"https:\/\/www.mzone.cz\/#\/schema\/person\/9bc20cc422a99cac4af6ff9297da32d4"},"description":"Sv\u00e1tek svat\u00e9ho Patrika se bude i letos slavit nejenom v hlavn\u00edm m\u011bst\u011b, ale i na mnoha m\u00edstech v cel\u00e9 zemi. Praha v\u0161ak bude centrem oslav, vedle pr\u016fvodu ulicemi metropole v \u00fater\u00fd 17. b\u0159ezna bude prob\u00edhat a\u017e do ned\u011ble tzv. Tour svat\u00e9ho Patrika, kter\u00e1 vyvrchol\u00ed v sobotu 21. b\u0159ezna v klubu MeetFactory.","breadcrumb":{"@id":"https:\/\/www.mzone.cz\/oslavy-svateho-patrika-se-blizi-vime-kam-vyrazit\/#breadcrumb"},"inLanguage":"en-US","potentialAction":[{"@type":"ReadAction","target":["https:\/\/www.mzone.cz\/oslavy-svateho-patrika-se-blizi-vime-kam-vyrazit\/"]}]},{"@type":"ImageObject","inLanguage":"en-US","@id":"https:\/\/www.mzone.cz\/oslavy-svateho-patrika-se-blizi-vime-kam-vyrazit\/#primaryimage","url":"https:\/\/www.mzone.cz\/wp-content\/uploads\/2020\/02\/Sv\u00e1tek_sv._Patrika_2018_2.jpg","contentUrl":"https:\/\/www.mzone.cz\/wp-content\/uploads\/2020\/02\/Sv\u00e1tek_sv._Patrika_2018_2.jpg","width":515,"height":343},{"@type":"BreadcrumbList","@id":"https:\/\/www.mzone.cz\/oslavy-svateho-patrika-se-blizi-vime-kam-vyrazit\/#breadcrumb","itemListElement":[{"@type":"ListItem","position":1,"name":"Dom\u016f","item":"https:\/\/www.mzone.cz\/"},{"@type":"ListItem","position":2,"name":"Oslavy svat\u00e9ho Patrika se bl\u00ed\u017e\u00ed! V\u00edme, kam vyrazit"}]},{"@type":"WebSite","@id":"https:\/\/www.mzone.cz\/#website","url":"https:\/\/www.mzone.cz\/","name":"Mzone","description":"Magaz\u00edn nejen pro mu\u017ee","potentialAction":[{"@type":"SearchAction","target":{"@type":"EntryPoint","urlTemplate":"https:\/\/www.mzone.cz\/?s={search_term_string}"},"query-input":{"@type":"PropertyValueSpecification","valueRequired":true,"valueName":"search_term_string"}}],"inLanguage":"en-US"},{"@type":"Person","@id":"https:\/\/www.mzone.cz\/#\/schema\/person\/9bc20cc422a99cac4af6ff9297da32d4","name":"Mzone","image":{"@type":"ImageObject","inLanguage":"en-US","@id":"https:\/\/secure.gravatar.com\/avatar\/e780a8630f3182a3d06dd667ab6bea151a0d155b0951bc15fe22633acdac0676?s=96&d=mm&r=g","url":"https:\/\/secure.gravatar.com\/avatar\/e780a8630f3182a3d06dd667ab6bea151a0d155b0951bc15fe22633acdac0676?s=96&d=mm&r=g","contentUrl":"https:\/\/secure.gravatar.com\/avatar\/e780a8630f3182a3d06dd667ab6bea151a0d155b0951bc15fe22633acdac0676?s=96&d=mm&r=g","caption":"Mzone"},"url":"https:\/\/www.mzone.cz\/en\/author\/jakub\/"}]}},"_links":{"self":[{"href":"https:\/\/www.mzone.cz\/en\/wp-json\/wp\/v2\/posts\/18627","targetHints":{"allow":["GET"]}}],"collection":[{"href":"https:\/\/www.mzone.cz\/en\/wp-json\/wp\/v2\/posts"}],"about":[{"href":"https:\/\/www.mzone.cz\/en\/wp-json\/wp\/v2\/types\/post"}],"author":[{"embeddable":true,"href":"https:\/\/www.mzone.cz\/en\/wp-json\/wp\/v2\/users\/4"}],"replies":[{"embeddable":true,"href":"https:\/\/www.mzone.cz\/en\/wp-json\/wp\/v2\/comments?post=18627"}],"version-history":[{"count":17,"href":"https:\/\/www.mzone.cz\/en\/wp-json\/wp\/v2\/posts\/18627\/revisions"}],"predecessor-version":[{"id":18651,"href":"https:\/\/www.mzone.cz\/en\/wp-json\/wp\/v2\/posts\/18627\/revisions\/18651"}],"wp:featuredmedia":[{"embeddable":true,"href":"https:\/\/www.mzone.cz\/en\/wp-json\/wp\/v2\/media\/18628"}],"wp:attachment":[{"href":"https:\/\/www.mzone.cz\/en\/wp-json\/wp\/v2\/media?parent=18627"}],"wp:term":[{"taxonomy":"category","embeddable":true,"href":"https:\/\/www.mzone.cz\/en\/wp-json\/wp\/v2\/categories?post=18627"},{"taxonomy":"post_tag","embeddable":true,"href":"https:\/\/www.mzone.cz\/en\/wp-json\/wp\/v2\/tags?post=18627"}],"curies":[{"name":"wp","href":"https:\/\/api.w.org\/{rel}","templated":true}]}}