{"id":19135,"date":"2020-03-11T20:26:34","date_gmt":"2020-03-11T19:26:34","guid":{"rendered":"https:\/\/www.mzone.cz\/?p=19135"},"modified":"2020-03-11T20:29:37","modified_gmt":"2020-03-11T19:29:37","slug":"sdilene-elektricke-skutry-odstartuji-v-brne","status":"publish","type":"post","link":"https:\/\/www.mzone.cz\/en\/sdilene-elektricke-skutry-odstartuji-v-brne\/","title":{"rendered":"Sd\u00edlen\u00e9 elektrick\u00e9 sk\u00fatry brzy odstartuj\u00ed i v Brn\u011b"},"content":{"rendered":"<p><strong>Spole\u010dnost \u0160koda Auto DigiLab a M\u011bsto Brno se dohodly na \u0161irok\u00e9 spolupr\u00e1ci na projektech trvale udr\u017eiteln\u00e9 mobility. V memorandu o porozum\u011bn\u00ed uv\u00e1d\u00ed hned prvn\u00ed konkr\u00e9tn\u00ed krok: \u00fasp\u011b\u0161n\u00e1 slu\u017eba sd\u00edlen\u00fdch elektrick\u00fdch sk\u00fatr\u016f BeRider se roz\u0161\u00ed\u0159\u00ed i do Brna.<\/strong><\/p><br>\n\n\n\n<p>V r\u00e1mci tohoto partnerstv\u00ed mezi ve\u0159ejn\u00fdm a soukrom\u00fdm sektorem cht\u011bj\u00ed Brno a \u0160kodovka iniciovat i dal\u0161\u00ed smart city projekty slu\u017eeb mobility. \u00da\u010delem je d\u00e1le zlep\u0161ovat kvalitu ve\u0159ejn\u00e9ho prostoru a roz\u0161\u00ed\u0159it mo\u017enosti pro budouc\u00ed projekty \u0161etrn\u00e9, ekologick\u00e9, multimod\u00e1ln\u00ed a efektivn\u00ed dopravy po m\u011bst\u011b.<\/p><br>\n\n\n\n<p>Memorandum o porozum\u011bn\u00ed podepsala brn\u011bnsk\u00e1 prim\u00e1torka Mark\u00e9ta Va\u0148kov\u00e1 a \u0159editelka \u0160koda Auto DigiLab Jarmila Plach\u00e1. Na n\u00e1dvo\u0159\u00ed radnice v\u00a0tu chv\u00edli st\u00e1ly dva zelen\u00e9 sk\u00fatry BeRider, aby symbolizovaly slu\u017eby udr\u017eiteln\u00e9 mobility, kter\u00e9 jsou hlavn\u00ed n\u00e1pln\u00ed memoranda.<\/p>\n\n\n\n<blockquote class=\"wp-block-quote is-layout-flow wp-block-quote-is-layout-flow\"><p>Spu\u0161t\u011bn\u00ed brn\u011bnsk\u00e9 flotily a\u017e 250 \u010dist\u011b elektrick\u00fdch sk\u00fatr\u016f se p\u0159edpokl\u00e1d\u00e1 v\u00a0brzk\u00e9m \u010dasov\u00e9m horizontu.<\/p><\/blockquote>\n\n\n\n<p>\u201eBrno je dynamick\u00e9 pulzuj\u00edc\u00ed m\u011bsto, kter\u00e9 je velmi otev\u0159en\u00e9 nov\u00fdm trend\u016fm. V\u011b\u0159\u00edme, \u017ee v budoucnu vyu\u017eijeme mnoho synergi\u00ed a spole\u010dn\u011b nab\u00eddneme obyvatel\u016fm i n\u00e1v\u0161t\u011bvn\u00edk\u016fm m\u011bsta relevantn\u00ed slu\u017eby nov\u00e9 mobility, kter\u00e9 jim usnadn\u00ed pohyb po m\u011bst\u011b i okol\u00ed. Proto m\u00e1me z\u00a0tohoto memoranda velkou radost. Na\u0161e dlouhodob\u00e1 strategie je zalo\u017eena na partnerstv\u00ed a spolupr\u00e1ci \u2013 to je\u00a0 kl\u00ed\u010dov\u00fdm faktorem \u00fasp\u011bchu p\u0159i v\u00fdvoji inovac\u00ed a prosazov\u00e1n\u00ed nov\u00fdch \u0159e\u0161en\u00ed mobility v\u00a0praxi. BeRider jako projekt \u010dist\u00e9 a udr\u017eiteln\u00e9 m\u011bstsk\u00e9 mobility m\u016f\u017ee r\u016fst pr\u00e1v\u011b jen v \u00fazk\u00e9 spolupr\u00e1ci s m\u011bsty,\u201c \u0159\u00edk\u00e1 ke spolupr\u00e1ci Jarmila Plach\u00e1.<\/p><br>\n\n\n\n<p>\u201eSt\u00e1le v\u011bt\u0161\u00ed mno\u017estv\u00ed lid\u00ed hled\u00e1 alternativu k\u00a0p\u0159eprav\u011b automobilem. Vedle sd\u00edlen\u00fdch kol \u010di kolob\u011b\u017eek jsou sk\u00fatry dal\u0161\u00ed mo\u017enost\u00ed, jak cestovat pohodln\u011b a rychle. Velmi oce\u0148uji i skute\u010dnost, \u017ee elektrosk\u00fatry maj\u00ed provoz bez hluku a bez emis\u00ed. To je obzvl\u00e1\u0161t\u011b d\u016fle\u017eit\u00e9 v\u00a0dob\u011b, kdy hled\u00e1me cesty, jak sn\u00ed\u017eit z\u00e1t\u011b\u017e \u017eivotn\u00edho prost\u0159ed\u00ed nejen v\u00a0na\u0161em m\u011bst\u011b,\u201c uvedla prim\u00e1torka Brna Mark\u00e9ta Va\u0148kov\u00e1.<\/p><br>\n\n\n\n<figure class=\"wp-block-image size-large\"><img loading=\"lazy\" decoding=\"async\" width=\"1024\" height=\"683\" src=\"https:\/\/www.mzone.cz\/wp-content\/uploads\/2020\/03\/200311-BeRider-e-scooter-sharing-to-be-launched-in-Brno-2-1920x1281-1-1024x683.jpg\" alt=\"\" class=\"wp-image-19141\" srcset=\"https:\/\/www.mzone.cz\/wp-content\/uploads\/2020\/03\/200311-BeRider-e-scooter-sharing-to-be-launched-in-Brno-2-1920x1281-1-1024x683.jpg 1024w, https:\/\/www.mzone.cz\/wp-content\/uploads\/2020\/03\/200311-BeRider-e-scooter-sharing-to-be-launched-in-Brno-2-1920x1281-1-300x200.jpg 300w, https:\/\/www.mzone.cz\/wp-content\/uploads\/2020\/03\/200311-BeRider-e-scooter-sharing-to-be-launched-in-Brno-2-1920x1281-1-768x512.jpg 768w, https:\/\/www.mzone.cz\/wp-content\/uploads\/2020\/03\/200311-BeRider-e-scooter-sharing-to-be-launched-in-Brno-2-1920x1281-1-1536x1025.jpg 1536w, https:\/\/www.mzone.cz\/wp-content\/uploads\/2020\/03\/200311-BeRider-e-scooter-sharing-to-be-launched-in-Brno-2-1920x1281-1-800x533.jpg 800w, https:\/\/www.mzone.cz\/wp-content\/uploads\/2020\/03\/200311-BeRider-e-scooter-sharing-to-be-launched-in-Brno-2-1920x1281-1-400x267.jpg 400w, https:\/\/www.mzone.cz\/wp-content\/uploads\/2020\/03\/200311-BeRider-e-scooter-sharing-to-be-launched-in-Brno-2-1920x1281-1-500x333.jpg 500w, https:\/\/www.mzone.cz\/wp-content\/uploads\/2020\/03\/200311-BeRider-e-scooter-sharing-to-be-launched-in-Brno-2-1920x1281-1-1170x780.jpg 1170w, https:\/\/www.mzone.cz\/wp-content\/uploads\/2020\/03\/200311-BeRider-e-scooter-sharing-to-be-launched-in-Brno-2-1920x1281-1-590x394.jpg 590w, https:\/\/www.mzone.cz\/wp-content\/uploads\/2020\/03\/200311-BeRider-e-scooter-sharing-to-be-launched-in-Brno-2-1920x1281-1.jpg 1920w\" sizes=\"auto, (max-width: 1024px) 100vw, 1024px\" \/><\/figure><br>\n\n\n\n<p>Start slu\u017eby BeRider v\u00a0Brn\u011b tak je pouze prvn\u00edm krokem nov\u00e9 spolupr\u00e1ce: Partne\u0159i cht\u011bj\u00ed budovat multimod\u00e1ln\u00ed syst\u00e9my m\u011bstsk\u00e9 dopravy, zejm\u00e9na za pomoci digit\u00e1ln\u00edch \u0159e\u0161en\u00ed, a podporovat udr\u017eitelnou mobilitu v\u00a0Brn\u011b, kter\u00e1 ulev\u00ed m\u011bstu od z\u00e1t\u011b\u017ee zp\u016fsoben\u00e9 individu\u00e1ln\u00ed automobilovou dopravou. Elektromobilita v tom hraje \u00fast\u0159edn\u00ed roli. T\u00edmto zp\u016fsobem \u0160koda Auto DigiLab podporuje m\u011bsto p\u0159i realizaci jeho smart city strategie a vyv\u00edj\u00ed nov\u00e1 \u0159e\u0161en\u00ed a slu\u017eby mobility pro obyvatele, studenty a n\u00e1v\u0161t\u011bvn\u00edky jihomoravsk\u00e9 metropole.<\/p><br>\n\n\n\n<div class=\"wp-block-image\"><figure class=\"alignleft size-large is-resized\"><img loading=\"lazy\" decoding=\"async\" src=\"https:\/\/www.mzone.cz\/wp-content\/uploads\/2020\/02\/BeRider-1024x683.jpg\" alt=\"\" class=\"wp-image-18656\" width=\"129\" height=\"85\" srcset=\"https:\/\/www.mzone.cz\/wp-content\/uploads\/2020\/02\/BeRider-1024x683.jpg 1024w, https:\/\/www.mzone.cz\/wp-content\/uploads\/2020\/02\/BeRider-300x200.jpg 300w, https:\/\/www.mzone.cz\/wp-content\/uploads\/2020\/02\/BeRider-768x512.jpg 768w, https:\/\/www.mzone.cz\/wp-content\/uploads\/2020\/02\/BeRider-1536x1024.jpg 1536w, https:\/\/www.mzone.cz\/wp-content\/uploads\/2020\/02\/BeRider-2048x1365.jpg 2048w, https:\/\/www.mzone.cz\/wp-content\/uploads\/2020\/02\/BeRider-800x533.jpg 800w, https:\/\/www.mzone.cz\/wp-content\/uploads\/2020\/02\/BeRider-400x267.jpg 400w, https:\/\/www.mzone.cz\/wp-content\/uploads\/2020\/02\/BeRider-500x333.jpg 500w, https:\/\/www.mzone.cz\/wp-content\/uploads\/2020\/02\/BeRider-1170x780.jpg 1170w, https:\/\/www.mzone.cz\/wp-content\/uploads\/2020\/02\/BeRider-590x393.jpg 590w\" sizes=\"auto, (max-width: 129px) 100vw, 129px\" \/><\/figure><\/div>\n\n\n\n<h4><a href=\"https:\/\/www.mzone.cz\/elektricke-skutry-od-skodovky-zacinaji-dalsi-sezonu-bude-jich-vic\/\">Elektrick\u00e9 sk\u00fatry od \u0160kodovky za\u010d\u00ednaj\u00ed dal\u0161\u00ed sezonu. Bude jich v\u00edc!<\/a><\/h4><br>\n\n\n\n<p>Brno je s\u00eddlem vysok\u00fdch \u0161kol, technologick\u00fdch spole\u010dnost\u00ed, mezin\u00e1rodn\u00edch startup\u016f a v\u00fdzkumn\u00fdch center. Jihomoravsk\u00e1 metropole je mimo\u0159\u00e1dn\u011b atraktivn\u00ed pro studenty, co\u017e z\u00a0m\u011bsta d\u011bl\u00e1 mlad\u00e9 a modern\u00ed m\u011bsto s velk\u00fdm z\u00e1jmem o nov\u00e9 trendy. Partne\u0159i memoranda jsou p\u0159esv\u011bd\u010deni, \u017ee udr\u017eiteln\u00e1 m\u011bstsk\u00e1 mobilita je t\u00e9ma, kter\u00e9 lid\u00e9 v\u00a0Brn\u011b pova\u017euj\u00ed za d\u016fle\u017eit\u00e9.<\/p>\n\n\n\n<blockquote class=\"wp-block-quote is-layout-flow wp-block-quote-is-layout-flow\"><p>Je\u0161t\u011b p\u0159ed rozm\u00edst\u011bn\u00edm a\u017e 250 sk\u00fatr\u016f v\u00a0centru m\u011bsta budou na map\u011b vyzna\u010deny z\u00f3ny, ve kter\u00fdch lze elektrick\u00e9 sk\u00fatry vyp\u016fj\u010dit a op\u011btovn\u011b vr\u00e1tit. Bude sem pat\u0159it zejm\u00e9na \u0161ir\u0161\u00ed centrum m\u011bsta, univerzitn\u00ed kampus a dal\u0161\u00ed d\u016fle\u017eit\u00e1 m\u00edsta pro ob\u010dany tak, aby byla slu\u017eba co nejv\u00edce dostupn\u00e1.<\/p><\/blockquote>\n\n\n\n<p>BeRider za t\u0159i m\u011bs\u00edce provozu v\u00a0Praze v\u00a0minul\u00e9m roce zaznamenal v\u00edce ne\u017e 23 000 rezervac\u00ed. Dvoum\u00edstn\u00e9 sk\u00fatry jsou pro u\u017eivatele z\u00e1rove\u0148 i velmi bezpe\u010dn\u00e9: velk\u00e1 kola, robustn\u00ed r\u00e1m, kotou\u010dov\u00e9 brzdy a 2 helmy v\u00a0zavazadeln\u00edku zajist\u00ed bezpe\u010dnou j\u00edzdu. D\u00e1le jsou sk\u00fatry vybaveny LED p\u0159edn\u00edm sv\u011btlem a dr\u017e\u00e1kem mobiln\u00edho telefonu, kter\u00fd tak\u00e9 umo\u017e\u0148uje jeho nab\u00edjen\u00ed p\u0159es USB.<\/p><br>\n\n\n\n<figure class=\"wp-block-image size-large\"><img loading=\"lazy\" decoding=\"async\" width=\"1024\" height=\"683\" src=\"https:\/\/www.mzone.cz\/wp-content\/uploads\/2020\/03\/200311-BeRider-e-scooter-sharing-to-be-launched-in-Brno-3-1920x1281-1-1024x683.jpg\" alt=\"\" class=\"wp-image-19145\" srcset=\"https:\/\/www.mzone.cz\/wp-content\/uploads\/2020\/03\/200311-BeRider-e-scooter-sharing-to-be-launched-in-Brno-3-1920x1281-1-1024x683.jpg 1024w, https:\/\/www.mzone.cz\/wp-content\/uploads\/2020\/03\/200311-BeRider-e-scooter-sharing-to-be-launched-in-Brno-3-1920x1281-1-300x200.jpg 300w, https:\/\/www.mzone.cz\/wp-content\/uploads\/2020\/03\/200311-BeRider-e-scooter-sharing-to-be-launched-in-Brno-3-1920x1281-1-768x512.jpg 768w, https:\/\/www.mzone.cz\/wp-content\/uploads\/2020\/03\/200311-BeRider-e-scooter-sharing-to-be-launched-in-Brno-3-1920x1281-1-1536x1025.jpg 1536w, https:\/\/www.mzone.cz\/wp-content\/uploads\/2020\/03\/200311-BeRider-e-scooter-sharing-to-be-launched-in-Brno-3-1920x1281-1-800x533.jpg 800w, https:\/\/www.mzone.cz\/wp-content\/uploads\/2020\/03\/200311-BeRider-e-scooter-sharing-to-be-launched-in-Brno-3-1920x1281-1-400x267.jpg 400w, https:\/\/www.mzone.cz\/wp-content\/uploads\/2020\/03\/200311-BeRider-e-scooter-sharing-to-be-launched-in-Brno-3-1920x1281-1-500x333.jpg 500w, https:\/\/www.mzone.cz\/wp-content\/uploads\/2020\/03\/200311-BeRider-e-scooter-sharing-to-be-launched-in-Brno-3-1920x1281-1-1170x780.jpg 1170w, https:\/\/www.mzone.cz\/wp-content\/uploads\/2020\/03\/200311-BeRider-e-scooter-sharing-to-be-launched-in-Brno-3-1920x1281-1-590x394.jpg 590w, https:\/\/www.mzone.cz\/wp-content\/uploads\/2020\/03\/200311-BeRider-e-scooter-sharing-to-be-launched-in-Brno-3-1920x1281-1.jpg 1920w\" sizes=\"auto, (max-width: 1024px) 100vw, 1024px\" \/><\/figure><br>\n\n\n\n<p>Pro vyp\u016fj\u010den\u00ed sk\u00fatru si u\u017eivatel\u00e9 do sv\u00e9ho smartphonu mus\u00ed nejd\u0159\u00edv nainstalovat aplikaci BeRider, kter\u00e1 je zdarma k dispozici pro iOS a Android, a z\u0159\u00eddit si \u00fa\u010det. Po \u00fasp\u011b\u0161n\u00e9 registraci se uk\u00e1\u017ee mapa s\u00a0dostupn\u00fdmi sk\u00fatry, kter\u00e9 je mo\u017en\u00e9 si rezervovat p\u0159edem. U\u017eivatel vybran\u00fd sk\u00fatr odemyk\u00e1 i zamyk\u00e1 komfortn\u011b p\u0159es aplikaci, bez kl\u00ed\u010de.<\/p><br>\n\n\n\n<div class=\"wp-block-image\"><figure class=\"alignleft size-large is-resized\"><img loading=\"lazy\" decoding=\"async\" src=\"https:\/\/www.mzone.cz\/wp-content\/uploads\/2019\/08\/190819-SKODA-AUTO-DigiLab-uvedl-mobilni-aplikaci-Citymove.JPG-kopie-1024x683.jpg\" alt=\"\" class=\"wp-image-12316\" width=\"124\" height=\"82\" srcset=\"https:\/\/www.mzone.cz\/wp-content\/uploads\/2019\/08\/190819-SKODA-AUTO-DigiLab-uvedl-mobilni-aplikaci-Citymove.JPG-kopie-1024x683.jpg 1024w, https:\/\/www.mzone.cz\/wp-content\/uploads\/2019\/08\/190819-SKODA-AUTO-DigiLab-uvedl-mobilni-aplikaci-Citymove.JPG-kopie-300x200.jpg 300w, https:\/\/www.mzone.cz\/wp-content\/uploads\/2019\/08\/190819-SKODA-AUTO-DigiLab-uvedl-mobilni-aplikaci-Citymove.JPG-kopie-768x512.jpg 768w, https:\/\/www.mzone.cz\/wp-content\/uploads\/2019\/08\/190819-SKODA-AUTO-DigiLab-uvedl-mobilni-aplikaci-Citymove.JPG-kopie-800x533.jpg 800w, https:\/\/www.mzone.cz\/wp-content\/uploads\/2019\/08\/190819-SKODA-AUTO-DigiLab-uvedl-mobilni-aplikaci-Citymove.JPG-kopie-400x267.jpg 400w, https:\/\/www.mzone.cz\/wp-content\/uploads\/2019\/08\/190819-SKODA-AUTO-DigiLab-uvedl-mobilni-aplikaci-Citymove.JPG-kopie-500x333.jpg 500w, https:\/\/www.mzone.cz\/wp-content\/uploads\/2019\/08\/190819-SKODA-AUTO-DigiLab-uvedl-mobilni-aplikaci-Citymove.JPG-kopie-1170x780.jpg 1170w, https:\/\/www.mzone.cz\/wp-content\/uploads\/2019\/08\/190819-SKODA-AUTO-DigiLab-uvedl-mobilni-aplikaci-Citymove.JPG-kopie-590x393.jpg 590w\" sizes=\"auto, (max-width: 124px) 100vw, 124px\" \/><\/figure><\/div>\n\n\n\n<h4><a href=\"https:\/\/www.mzone.cz\/problemy-s-parkovanim-kolony-i-emise-budou-minulosti-diky-teto-aplikaci\/\">Probl\u00e9my s parkov\u00e1n\u00edm, kolony i emise budou minulost\u00ed! D\u00edky t\u00e9to aplikaci<\/a><\/h4><br>\n\n\n\n<p>Po skon\u010den\u00ed j\u00edzdy u\u017eivatel ulo\u017e\u00ed p\u0159ilbu zp\u011bt do zavazadeln\u00edku. Kr\u00e1tk\u00fdm potvrzen\u00edm prost\u0159ednictv\u00edm aplikace pak pron\u00e1jem ukon\u010d\u00ed. Z\u00e1kladn\u00ed cena za minutu je 5,- K\u010d, ve v\u00fdhodn\u00fdch minutov\u00fdch bal\u00ed\u010dc\u00edch u\u017eivatel dos\u00e1hne a\u017e na cenu 3,30 K\u010d za minutu. K \u0159\u00edzen\u00ed elektrick\u00e9ho sk\u00fatru je nutn\u00fd \u0159idi\u010dsk\u00fd pr\u016fkaz motorov\u00e9ho vozidla skupiny B nebo \u0159idi\u010dsk\u00fd pr\u016fkaz na motocykl skupiny A1.<\/p>","protected":false},"excerpt":{"rendered":"<p>Spole\u010dnost \u0160koda Auto DigiLab a M\u011bsto Brno se dohodly na \u0161irok\u00e9 spolupr\u00e1ci na projektech trvale udr\u017eiteln\u00e9 mobility. V memorandu o porozum\u011bn\u00ed uv\u00e1d\u00ed hned prvn\u00ed konkr\u00e9tn\u00ed krok: \u00fasp\u011b\u0161n\u00e1 slu\u017eba sd\u00edlen\u00fdch elektrick\u00fdch sk\u00fatr\u016f BeRider se roz\u0161\u00ed\u0159\u00ed i do Brna. V r\u00e1mci tohoto partnerstv\u00ed mezi ve\u0159ejn\u00fdm a soukrom\u00fdm sektorem cht\u011bj\u00ed Brno a \u0160kodovka iniciovat i dal\u0161\u00ed smart city [&hellip;]<\/p>\n","protected":false},"author":4,"featured_media":19136,"comment_status":"open","ping_status":"closed","sticky":false,"template":"","format":"standard","meta":{"kk_blocks_editor_width":"","_kiokenblocks_attr":"","_kiokenblocks_dimensions":"","footnotes":""},"categories":[69,66,25,65,64],"tags":[3512,1211,751,3509,692,3510,3565,3566,3511,505,3564,1941,3508,1710,148],"class_list":["post-19135","post","type-post","status-publish","format-standard","has-post-thumbnail","hentry","category-auto-moto","category-elektro","category-style","category-technika","category-trendy","tag-berider","tag-brno","tag-doprava","tag-elektricke-skutry","tag-elektromobilita","tag-mikromobilita","tag-mobilita","tag-rozsireni","tag-sdilena-ekonomika","tag-sdileni","tag-skoda-auto-digilab","tag-skutr","tag-skutry","tag-sluzba","tag-trendy"],"yoast_head":"<!-- This site is optimized with the Yoast SEO plugin v27.5 - https:\/\/yoast.com\/product\/yoast-seo-wordpress\/ -->\n<title>Sd\u00edlen\u00e9 elektrick\u00e9 sk\u00fatry brzy odstartuj\u00ed i v Brn\u011b - Mzone<\/title>\n<meta name=\"description\" content=\"Spole\u010dnost \u0160koda Auto DigiLab a M\u011bsto Brno se dohodly na \u0161irok\u00e9 spolupr\u00e1ci na projektech trvale udr\u017eiteln\u00e9 mobility. V memorandu o porozum\u011bn\u00ed uv\u00e1d\u00ed hned prvn\u00ed konkr\u00e9tn\u00ed krok: \u00fasp\u011b\u0161n\u00e1 slu\u017eba sd\u00edlen\u00fdch elektrick\u00fdch sk\u00fatr\u016f BeRider se roz\u0161\u00ed\u0159\u00ed i do Brna.\" \/>\n<meta name=\"robots\" content=\"index, follow, max-snippet:-1, max-image-preview:large, max-video-preview:-1\" \/>\n<link rel=\"canonical\" href=\"https:\/\/www.mzone.cz\/en\/sdilene-elektricke-skutry-odstartuji-v-brne\/\" \/>\n<meta property=\"og:locale\" content=\"en_US\" \/>\n<meta property=\"og:type\" content=\"article\" \/>\n<meta property=\"og:title\" content=\"Sd\u00edlen\u00e9 elektrick\u00e9 sk\u00fatry brzy odstartuj\u00ed i v Brn\u011b - Mzone\" \/>\n<meta property=\"og:description\" content=\"Spole\u010dnost \u0160koda Auto DigiLab a M\u011bsto Brno se dohodly na \u0161irok\u00e9 spolupr\u00e1ci na projektech trvale udr\u017eiteln\u00e9 mobility. V memorandu o porozum\u011bn\u00ed uv\u00e1d\u00ed hned prvn\u00ed konkr\u00e9tn\u00ed krok: \u00fasp\u011b\u0161n\u00e1 slu\u017eba sd\u00edlen\u00fdch elektrick\u00fdch sk\u00fatr\u016f BeRider se roz\u0161\u00ed\u0159\u00ed i do Brna.\" \/>\n<meta property=\"og:url\" content=\"https:\/\/www.mzone.cz\/en\/sdilene-elektricke-skutry-odstartuji-v-brne\/\" \/>\n<meta property=\"og:site_name\" content=\"Mzone\" \/>\n<meta property=\"article:publisher\" content=\"https:\/\/www.facebook.com\/MzoneCZ\/\" \/>\n<meta property=\"article:published_time\" content=\"2020-03-11T19:26:34+00:00\" \/>\n<meta property=\"article:modified_time\" content=\"2020-03-11T19:29:37+00:00\" \/>\n<meta property=\"og:image\" content=\"https:\/\/www.mzone.cz\/wp-content\/uploads\/2020\/03\/BeRider-Brno.jpg\" \/>\n\t<meta property=\"og:image:width\" content=\"1471\" \/>\n\t<meta property=\"og:image:height\" content=\"981\" \/>\n\t<meta property=\"og:image:type\" content=\"image\/jpeg\" \/>\n<meta name=\"author\" content=\"Mzone\" \/>\n<meta name=\"twitter:card\" content=\"summary_large_image\" \/>\n<meta name=\"twitter:label1\" content=\"Written by\" \/>\n\t<meta name=\"twitter:data1\" content=\"Mzone\" \/>\n\t<meta name=\"twitter:label2\" content=\"Est. reading time\" \/>\n\t<meta name=\"twitter:data2\" content=\"4 minutes\" \/>\n<script type=\"application\/ld+json\" class=\"yoast-schema-graph\">{\"@context\":\"https:\\\/\\\/schema.org\",\"@graph\":[{\"@type\":\"Article\",\"@id\":\"https:\\\/\\\/www.mzone.cz\\\/sdilene-elektricke-skutry-odstartuji-v-brne\\\/#article\",\"isPartOf\":{\"@id\":\"https:\\\/\\\/www.mzone.cz\\\/sdilene-elektricke-skutry-odstartuji-v-brne\\\/\"},\"author\":{\"name\":\"Mzone\",\"@id\":\"https:\\\/\\\/www.mzone.cz\\\/#\\\/schema\\\/person\\\/9bc20cc422a99cac4af6ff9297da32d4\"},\"headline\":\"Sd\u00edlen\u00e9 elektrick\u00e9 sk\u00fatry brzy odstartuj\u00ed i v Brn\u011b\",\"datePublished\":\"2020-03-11T19:26:34+00:00\",\"dateModified\":\"2020-03-11T19:29:37+00:00\",\"mainEntityOfPage\":{\"@id\":\"https:\\\/\\\/www.mzone.cz\\\/sdilene-elektricke-skutry-odstartuji-v-brne\\\/\"},\"wordCount\":900,\"commentCount\":0,\"image\":{\"@id\":\"https:\\\/\\\/www.mzone.cz\\\/sdilene-elektricke-skutry-odstartuji-v-brne\\\/#primaryimage\"},\"thumbnailUrl\":\"https:\\\/\\\/www.mzone.cz\\\/wp-content\\\/uploads\\\/2020\\\/03\\\/BeRider-Brno.jpg\",\"keywords\":[\"BeRider\",\"Brno\",\"doprava\",\"elektrick\u00e9 sk\u00fatry\",\"elektromobilita\",\"mikromobilita\",\"mobilita\",\"roz\u0161\u00ed\u0159en\u00ed\",\"sd\u00edlen\u00e1 ekonomika\",\"sd\u00edlen\u00ed\",\"\u0160koda Auto Digilab\",\"sk\u00fatr\",\"sk\u00fatry\",\"slu\u017eba\",\"trendy\"],\"articleSection\":[\"Auto-moto\",\"Elektro\",\"Style\",\"Technika\",\"Trendy\"],\"inLanguage\":\"en-US\",\"potentialAction\":[{\"@type\":\"CommentAction\",\"name\":\"Comment\",\"target\":[\"https:\\\/\\\/www.mzone.cz\\\/sdilene-elektricke-skutry-odstartuji-v-brne\\\/#respond\"]}]},{\"@type\":\"WebPage\",\"@id\":\"https:\\\/\\\/www.mzone.cz\\\/sdilene-elektricke-skutry-odstartuji-v-brne\\\/\",\"url\":\"https:\\\/\\\/www.mzone.cz\\\/sdilene-elektricke-skutry-odstartuji-v-brne\\\/\",\"name\":\"Sd\u00edlen\u00e9 elektrick\u00e9 sk\u00fatry brzy odstartuj\u00ed i v Brn\u011b - Mzone\",\"isPartOf\":{\"@id\":\"https:\\\/\\\/www.mzone.cz\\\/#website\"},\"primaryImageOfPage\":{\"@id\":\"https:\\\/\\\/www.mzone.cz\\\/sdilene-elektricke-skutry-odstartuji-v-brne\\\/#primaryimage\"},\"image\":{\"@id\":\"https:\\\/\\\/www.mzone.cz\\\/sdilene-elektricke-skutry-odstartuji-v-brne\\\/#primaryimage\"},\"thumbnailUrl\":\"https:\\\/\\\/www.mzone.cz\\\/wp-content\\\/uploads\\\/2020\\\/03\\\/BeRider-Brno.jpg\",\"datePublished\":\"2020-03-11T19:26:34+00:00\",\"dateModified\":\"2020-03-11T19:29:37+00:00\",\"author\":{\"@id\":\"https:\\\/\\\/www.mzone.cz\\\/#\\\/schema\\\/person\\\/9bc20cc422a99cac4af6ff9297da32d4\"},\"description\":\"Spole\u010dnost \u0160koda Auto DigiLab a M\u011bsto Brno se dohodly na \u0161irok\u00e9 spolupr\u00e1ci na projektech trvale udr\u017eiteln\u00e9 mobility. V memorandu o porozum\u011bn\u00ed uv\u00e1d\u00ed hned prvn\u00ed konkr\u00e9tn\u00ed krok: \u00fasp\u011b\u0161n\u00e1 slu\u017eba sd\u00edlen\u00fdch elektrick\u00fdch sk\u00fatr\u016f BeRider se roz\u0161\u00ed\u0159\u00ed i do Brna.\",\"breadcrumb\":{\"@id\":\"https:\\\/\\\/www.mzone.cz\\\/sdilene-elektricke-skutry-odstartuji-v-brne\\\/#breadcrumb\"},\"inLanguage\":\"en-US\",\"potentialAction\":[{\"@type\":\"ReadAction\",\"target\":[\"https:\\\/\\\/www.mzone.cz\\\/sdilene-elektricke-skutry-odstartuji-v-brne\\\/\"]}]},{\"@type\":\"ImageObject\",\"inLanguage\":\"en-US\",\"@id\":\"https:\\\/\\\/www.mzone.cz\\\/sdilene-elektricke-skutry-odstartuji-v-brne\\\/#primaryimage\",\"url\":\"https:\\\/\\\/www.mzone.cz\\\/wp-content\\\/uploads\\\/2020\\\/03\\\/BeRider-Brno.jpg\",\"contentUrl\":\"https:\\\/\\\/www.mzone.cz\\\/wp-content\\\/uploads\\\/2020\\\/03\\\/BeRider-Brno.jpg\",\"width\":1471,\"height\":981},{\"@type\":\"BreadcrumbList\",\"@id\":\"https:\\\/\\\/www.mzone.cz\\\/sdilene-elektricke-skutry-odstartuji-v-brne\\\/#breadcrumb\",\"itemListElement\":[{\"@type\":\"ListItem\",\"position\":1,\"name\":\"Dom\u016f\",\"item\":\"https:\\\/\\\/www.mzone.cz\\\/\"},{\"@type\":\"ListItem\",\"position\":2,\"name\":\"Sd\u00edlen\u00e9 elektrick\u00e9 sk\u00fatry brzy odstartuj\u00ed i v Brn\u011b\"}]},{\"@type\":\"WebSite\",\"@id\":\"https:\\\/\\\/www.mzone.cz\\\/#website\",\"url\":\"https:\\\/\\\/www.mzone.cz\\\/\",\"name\":\"Mzone\",\"description\":\"Magaz\u00edn nejen pro mu\u017ee\",\"potentialAction\":[{\"@type\":\"SearchAction\",\"target\":{\"@type\":\"EntryPoint\",\"urlTemplate\":\"https:\\\/\\\/www.mzone.cz\\\/?s={search_term_string}\"},\"query-input\":{\"@type\":\"PropertyValueSpecification\",\"valueRequired\":true,\"valueName\":\"search_term_string\"}}],\"inLanguage\":\"en-US\"},{\"@type\":\"Person\",\"@id\":\"https:\\\/\\\/www.mzone.cz\\\/#\\\/schema\\\/person\\\/9bc20cc422a99cac4af6ff9297da32d4\",\"name\":\"Mzone\",\"image\":{\"@type\":\"ImageObject\",\"inLanguage\":\"en-US\",\"@id\":\"https:\\\/\\\/secure.gravatar.com\\\/avatar\\\/e780a8630f3182a3d06dd667ab6bea151a0d155b0951bc15fe22633acdac0676?s=96&d=mm&r=g\",\"url\":\"https:\\\/\\\/secure.gravatar.com\\\/avatar\\\/e780a8630f3182a3d06dd667ab6bea151a0d155b0951bc15fe22633acdac0676?s=96&d=mm&r=g\",\"contentUrl\":\"https:\\\/\\\/secure.gravatar.com\\\/avatar\\\/e780a8630f3182a3d06dd667ab6bea151a0d155b0951bc15fe22633acdac0676?s=96&d=mm&r=g\",\"caption\":\"Mzone\"},\"url\":\"https:\\\/\\\/www.mzone.cz\\\/en\\\/author\\\/jakub\\\/\"}]}<\/script>\n<!-- \/ Yoast SEO plugin. -->","yoast_head_json":{"title":"Sd\u00edlen\u00e9 elektrick\u00e9 sk\u00fatry brzy odstartuj\u00ed i v Brn\u011b - Mzone","description":"Spole\u010dnost \u0160koda Auto DigiLab a M\u011bsto Brno se dohodly na \u0161irok\u00e9 spolupr\u00e1ci na projektech trvale udr\u017eiteln\u00e9 mobility. V memorandu o porozum\u011bn\u00ed uv\u00e1d\u00ed hned prvn\u00ed konkr\u00e9tn\u00ed krok: \u00fasp\u011b\u0161n\u00e1 slu\u017eba sd\u00edlen\u00fdch elektrick\u00fdch sk\u00fatr\u016f BeRider se roz\u0161\u00ed\u0159\u00ed i do Brna.","robots":{"index":"index","follow":"follow","max-snippet":"max-snippet:-1","max-image-preview":"max-image-preview:large","max-video-preview":"max-video-preview:-1"},"canonical":"https:\/\/www.mzone.cz\/en\/sdilene-elektricke-skutry-odstartuji-v-brne\/","og_locale":"en_US","og_type":"article","og_title":"Sd\u00edlen\u00e9 elektrick\u00e9 sk\u00fatry brzy odstartuj\u00ed i v Brn\u011b - Mzone","og_description":"Spole\u010dnost \u0160koda Auto DigiLab a M\u011bsto Brno se dohodly na \u0161irok\u00e9 spolupr\u00e1ci na projektech trvale udr\u017eiteln\u00e9 mobility. V memorandu o porozum\u011bn\u00ed uv\u00e1d\u00ed hned prvn\u00ed konkr\u00e9tn\u00ed krok: \u00fasp\u011b\u0161n\u00e1 slu\u017eba sd\u00edlen\u00fdch elektrick\u00fdch sk\u00fatr\u016f BeRider se roz\u0161\u00ed\u0159\u00ed i do Brna.","og_url":"https:\/\/www.mzone.cz\/en\/sdilene-elektricke-skutry-odstartuji-v-brne\/","og_site_name":"Mzone","article_publisher":"https:\/\/www.facebook.com\/MzoneCZ\/","article_published_time":"2020-03-11T19:26:34+00:00","article_modified_time":"2020-03-11T19:29:37+00:00","og_image":[{"width":1471,"height":981,"url":"https:\/\/www.mzone.cz\/wp-content\/uploads\/2020\/03\/BeRider-Brno.jpg","type":"image\/jpeg"}],"author":"Mzone","twitter_card":"summary_large_image","twitter_misc":{"Written by":"Mzone","Est. reading time":"4 minutes"},"schema":{"@context":"https:\/\/schema.org","@graph":[{"@type":"Article","@id":"https:\/\/www.mzone.cz\/sdilene-elektricke-skutry-odstartuji-v-brne\/#article","isPartOf":{"@id":"https:\/\/www.mzone.cz\/sdilene-elektricke-skutry-odstartuji-v-brne\/"},"author":{"name":"Mzone","@id":"https:\/\/www.mzone.cz\/#\/schema\/person\/9bc20cc422a99cac4af6ff9297da32d4"},"headline":"Sd\u00edlen\u00e9 elektrick\u00e9 sk\u00fatry brzy odstartuj\u00ed i v Brn\u011b","datePublished":"2020-03-11T19:26:34+00:00","dateModified":"2020-03-11T19:29:37+00:00","mainEntityOfPage":{"@id":"https:\/\/www.mzone.cz\/sdilene-elektricke-skutry-odstartuji-v-brne\/"},"wordCount":900,"commentCount":0,"image":{"@id":"https:\/\/www.mzone.cz\/sdilene-elektricke-skutry-odstartuji-v-brne\/#primaryimage"},"thumbnailUrl":"https:\/\/www.mzone.cz\/wp-content\/uploads\/2020\/03\/BeRider-Brno.jpg","keywords":["BeRider","Brno","doprava","elektrick\u00e9 sk\u00fatry","elektromobilita","mikromobilita","mobilita","roz\u0161\u00ed\u0159en\u00ed","sd\u00edlen\u00e1 ekonomika","sd\u00edlen\u00ed","\u0160koda Auto Digilab","sk\u00fatr","sk\u00fatry","slu\u017eba","trendy"],"articleSection":["Auto-moto","Elektro","Style","Technika","Trendy"],"inLanguage":"en-US","potentialAction":[{"@type":"CommentAction","name":"Comment","target":["https:\/\/www.mzone.cz\/sdilene-elektricke-skutry-odstartuji-v-brne\/#respond"]}]},{"@type":"WebPage","@id":"https:\/\/www.mzone.cz\/sdilene-elektricke-skutry-odstartuji-v-brne\/","url":"https:\/\/www.mzone.cz\/sdilene-elektricke-skutry-odstartuji-v-brne\/","name":"Sd\u00edlen\u00e9 elektrick\u00e9 sk\u00fatry brzy odstartuj\u00ed i v Brn\u011b - Mzone","isPartOf":{"@id":"https:\/\/www.mzone.cz\/#website"},"primaryImageOfPage":{"@id":"https:\/\/www.mzone.cz\/sdilene-elektricke-skutry-odstartuji-v-brne\/#primaryimage"},"image":{"@id":"https:\/\/www.mzone.cz\/sdilene-elektricke-skutry-odstartuji-v-brne\/#primaryimage"},"thumbnailUrl":"https:\/\/www.mzone.cz\/wp-content\/uploads\/2020\/03\/BeRider-Brno.jpg","datePublished":"2020-03-11T19:26:34+00:00","dateModified":"2020-03-11T19:29:37+00:00","author":{"@id":"https:\/\/www.mzone.cz\/#\/schema\/person\/9bc20cc422a99cac4af6ff9297da32d4"},"description":"Spole\u010dnost \u0160koda Auto DigiLab a M\u011bsto Brno se dohodly na \u0161irok\u00e9 spolupr\u00e1ci na projektech trvale udr\u017eiteln\u00e9 mobility. V memorandu o porozum\u011bn\u00ed uv\u00e1d\u00ed hned prvn\u00ed konkr\u00e9tn\u00ed krok: \u00fasp\u011b\u0161n\u00e1 slu\u017eba sd\u00edlen\u00fdch elektrick\u00fdch sk\u00fatr\u016f BeRider se roz\u0161\u00ed\u0159\u00ed i do Brna.","breadcrumb":{"@id":"https:\/\/www.mzone.cz\/sdilene-elektricke-skutry-odstartuji-v-brne\/#breadcrumb"},"inLanguage":"en-US","potentialAction":[{"@type":"ReadAction","target":["https:\/\/www.mzone.cz\/sdilene-elektricke-skutry-odstartuji-v-brne\/"]}]},{"@type":"ImageObject","inLanguage":"en-US","@id":"https:\/\/www.mzone.cz\/sdilene-elektricke-skutry-odstartuji-v-brne\/#primaryimage","url":"https:\/\/www.mzone.cz\/wp-content\/uploads\/2020\/03\/BeRider-Brno.jpg","contentUrl":"https:\/\/www.mzone.cz\/wp-content\/uploads\/2020\/03\/BeRider-Brno.jpg","width":1471,"height":981},{"@type":"BreadcrumbList","@id":"https:\/\/www.mzone.cz\/sdilene-elektricke-skutry-odstartuji-v-brne\/#breadcrumb","itemListElement":[{"@type":"ListItem","position":1,"name":"Dom\u016f","item":"https:\/\/www.mzone.cz\/"},{"@type":"ListItem","position":2,"name":"Sd\u00edlen\u00e9 elektrick\u00e9 sk\u00fatry brzy odstartuj\u00ed i v Brn\u011b"}]},{"@type":"WebSite","@id":"https:\/\/www.mzone.cz\/#website","url":"https:\/\/www.mzone.cz\/","name":"Mzone","description":"Magaz\u00edn nejen pro mu\u017ee","potentialAction":[{"@type":"SearchAction","target":{"@type":"EntryPoint","urlTemplate":"https:\/\/www.mzone.cz\/?s={search_term_string}"},"query-input":{"@type":"PropertyValueSpecification","valueRequired":true,"valueName":"search_term_string"}}],"inLanguage":"en-US"},{"@type":"Person","@id":"https:\/\/www.mzone.cz\/#\/schema\/person\/9bc20cc422a99cac4af6ff9297da32d4","name":"Mzone","image":{"@type":"ImageObject","inLanguage":"en-US","@id":"https:\/\/secure.gravatar.com\/avatar\/e780a8630f3182a3d06dd667ab6bea151a0d155b0951bc15fe22633acdac0676?s=96&d=mm&r=g","url":"https:\/\/secure.gravatar.com\/avatar\/e780a8630f3182a3d06dd667ab6bea151a0d155b0951bc15fe22633acdac0676?s=96&d=mm&r=g","contentUrl":"https:\/\/secure.gravatar.com\/avatar\/e780a8630f3182a3d06dd667ab6bea151a0d155b0951bc15fe22633acdac0676?s=96&d=mm&r=g","caption":"Mzone"},"url":"https:\/\/www.mzone.cz\/en\/author\/jakub\/"}]}},"_links":{"self":[{"href":"https:\/\/www.mzone.cz\/en\/wp-json\/wp\/v2\/posts\/19135","targetHints":{"allow":["GET"]}}],"collection":[{"href":"https:\/\/www.mzone.cz\/en\/wp-json\/wp\/v2\/posts"}],"about":[{"href":"https:\/\/www.mzone.cz\/en\/wp-json\/wp\/v2\/types\/post"}],"author":[{"embeddable":true,"href":"https:\/\/www.mzone.cz\/en\/wp-json\/wp\/v2\/users\/4"}],"replies":[{"embeddable":true,"href":"https:\/\/www.mzone.cz\/en\/wp-json\/wp\/v2\/comments?post=19135"}],"version-history":[{"count":9,"href":"https:\/\/www.mzone.cz\/en\/wp-json\/wp\/v2\/posts\/19135\/revisions"}],"predecessor-version":[{"id":19147,"href":"https:\/\/www.mzone.cz\/en\/wp-json\/wp\/v2\/posts\/19135\/revisions\/19147"}],"wp:featuredmedia":[{"embeddable":true,"href":"https:\/\/www.mzone.cz\/en\/wp-json\/wp\/v2\/media\/19136"}],"wp:attachment":[{"href":"https:\/\/www.mzone.cz\/en\/wp-json\/wp\/v2\/media?parent=19135"}],"wp:term":[{"taxonomy":"category","embeddable":true,"href":"https:\/\/www.mzone.cz\/en\/wp-json\/wp\/v2\/categories?post=19135"},{"taxonomy":"post_tag","embeddable":true,"href":"https:\/\/www.mzone.cz\/en\/wp-json\/wp\/v2\/tags?post=19135"}],"curies":[{"name":"wp","href":"https:\/\/api.w.org\/{rel}","templated":true}]}}