{"id":19167,"date":"2020-03-15T19:41:31","date_gmt":"2020-03-15T18:41:31","guid":{"rendered":"https:\/\/www.mzone.cz\/?p=19167"},"modified":"2020-03-15T20:10:21","modified_gmt":"2020-03-15T19:10:21","slug":"co-dobreho-prinasi-pandemie-koronaviru","status":"publish","type":"post","link":"https:\/\/www.mzone.cz\/en\/co-dobreho-prinasi-pandemie-koronaviru\/","title":{"rendered":"Co dobr\u00e9ho p\u0159in\u00e1\u0161\u00ed pandemie koronaviru"},"content":{"rendered":"<p><strong>Cel\u00fd sv\u011bt nemluv\u00ed o ni\u010dem jin\u00e9m ne\u017e o koronaviru, kter\u00fd se nezadr\u017eiteln\u011b \u0161\u00ed\u0159\u00ed nap\u0159\u00ed\u010d zem\u011bmi. P\u0159in\u00e1\u0161\u00ed nejen mrtv\u00e9 a nemocn\u00e9, ale i velk\u00e9 ekonomick\u00e9 ztr\u00e1ty a omezen\u00ed osobn\u00edch svobod. O tom v\u0161em \u010dteme \u00fapln\u011b v\u0161ude, my jsme se ale rozhodli pod\u00edvat na situaci trochu jin\u00fdma o\u010dima a upozornit na to pozitivn\u00ed, co pandemie koronaviru p\u0159in\u00e1\u0161\u00ed. Pokud to tedy v\u016fbec jde.<\/strong><\/p><br>\n\n\n\n<p>Neberte to v \u017e\u00e1dn\u00e9m p\u0159\u00edpad\u011b tak, \u017ee m\u00e1me z p\u0159\u00edtomnosti koronaviru jakoukoliv radost. To ur\u010dit\u011b ne. Ve v\u0161em tom \u0161patn\u00e9m, co n\u00e1m p\u0159in\u00e1\u0161\u00ed, jsme ale na\u0161li i p\u00e1r pozitivn\u00edch aspekt\u016f, o kter\u00fdch si mysl\u00edme, \u017ee by o nich lid\u00e9 m\u011bli v\u011bd\u011bt. Tady jsou:<\/p><br>\n\n\n\n<h2 class=\"wp-block-heading\">Odpo\u010dinek a du\u0161evn\u00ed o\u010dista<\/h2>\n\n\n\n<p>A\u0165 se n\u00e1m to l\u00edb\u00ed, nebo ne, \u017eijeme v usp\u011bchan\u00e9 dob\u011b a m\u00e1lokdy m\u00e1me \u010das se na chvilku zastavit. A te\u010f je ta ide\u00e1ln\u00ed chv\u00edle. Obchody a restaurace jsou zav\u0159en\u00e9, spousta lid\u00ed nem\u016f\u017ee ani pracovat a obecn\u011b se tempo velmi zpomalilo. A mo\u017en\u00e1 to pot\u0159ebujeme. Pot\u0159ebujeme trochu zpomalit, odpo\u010dinout si a uv\u011bdomit si, \u017ee to, za \u010d\u00edm se neust\u00e1le hon\u00edme, nen\u00ed to nejd\u016fle\u017eit\u011bj\u0161\u00ed na sv\u011bt\u011b.<\/p><br>\n\n\n\n<figure class=\"wp-block-image size-large\"><img loading=\"lazy\" decoding=\"async\" width=\"1024\" height=\"604\" src=\"https:\/\/www.mzone.cz\/wp-content\/uploads\/2020\/03\/Myt\u00ed-rukou-1024x604.jpg\" alt=\"\" class=\"wp-image-19174\" srcset=\"https:\/\/www.mzone.cz\/wp-content\/uploads\/2020\/03\/Myt\u00ed-rukou-1024x604.jpg 1024w, https:\/\/www.mzone.cz\/wp-content\/uploads\/2020\/03\/Myt\u00ed-rukou-300x177.jpg 300w, https:\/\/www.mzone.cz\/wp-content\/uploads\/2020\/03\/Myt\u00ed-rukou-768x453.jpg 768w, https:\/\/www.mzone.cz\/wp-content\/uploads\/2020\/03\/Myt\u00ed-rukou-1536x905.jpg 1536w, https:\/\/www.mzone.cz\/wp-content\/uploads\/2020\/03\/Myt\u00ed-rukou-590x348.jpg 590w, https:\/\/www.mzone.cz\/wp-content\/uploads\/2020\/03\/Myt\u00ed-rukou.jpg 1644w\" sizes=\"auto, (max-width: 1024px) 100vw, 1024px\" \/><\/figure><br>\n\n\n\n<h2 class=\"wp-block-heading\">Bl\u00ed\u017e rodin\u011b<\/h2>\n\n\n\n<p>Ruku na srdce, kdo m\u00e1 v dne\u0161n\u00ed hektick\u00e9 dob\u011b mo\u017enost tr\u00e1vit tolik \u010dasu se sv\u00fdmi nejbli\u017e\u0161\u00edmi, kolik by si p\u0159\u00e1l? Asi jen m\u00e1lokdo. D\u00edky vl\u00e1dn\u00edm opat\u0159en\u00edm na to te\u010f bude prostoru dost. Vyu\u017eijte toho a usedn\u011bte t\u0159eba i ve v\u0161edn\u00ed den k jednomu stolu u rodinn\u00e9 ve\u010de\u0159e. A\u017e se v\u0161e vr\u00e1t\u00ed zp\u00e1tky do norm\u00e1lu, budete na tyhle chv\u00edle v dobr\u00e9m vzpom\u00ednat.<\/p><br>\n\n\n\n<h2 class=\"wp-block-heading\">Home office jako \u0161ance<\/h2>\n\n\n\n<p>Samoz\u0159ejm\u011b ne v\u0161ichni maj\u00ed tu mo\u017enost pracovat z domova. Ti, kter\u00fdm ale zam\u011bstnavatel tuto \u0161anci dal, toho mohou vyu\u017e\u00edt k doh\u00e1n\u011bn\u00ed \u0159ady rest\u016f, ke kter\u00fdm by se jinak jen tak nedostali. Neznamen\u00e1 to samoz\u0159ejm\u011b, \u017ee budou zanedb\u00e1vat pr\u00e1ci, minim\u00e1ln\u011b ale u\u0161et\u0159\u00ed ka\u017ed\u00fd den spoustu \u010dasu doj\u00ed\u017ed\u011bn\u00edm, pl\u00e1nov\u00e1n\u00edm sch\u016fzek \u010di cestami na ob\u011bd. A p\u0159esn\u011b tenhle \u010das mohou vyu\u017e\u00edt k \u010dinnostem, na kter\u00e9 jim jindy nezb\u00fdv\u00e1 dostatek \u010dasu. P\u0159e\u010d\u00edst si kone\u010dn\u011b knihy, kter\u00e9 jsme dostali k V\u00e1noc\u016fm, prot\u0159\u00eddit si \u0161atn\u00edk nebo uklidit ve sklep\u011b \u2013 no \u0159ekn\u011bte, kdy jindy bude vhodn\u011bj\u0161\u00ed doba?<\/p><br>\n\n\n\n<h2 class=\"wp-block-heading\">Svoboda nen\u00ed samoz\u0159ejmost<\/h2>\n\n\n\n<p>Jako posledn\u00ed jsme si nechali bod, kter\u00fd ov\u0161em rozhodn\u011b nen\u00ed nejm\u00e9n\u011b d\u016fle\u017eit\u00fd. A to je ot\u00e1zka svobod a mo\u017enost\u00ed, kter\u00fdch jinak vyu\u017e\u00edv\u00e1me.<\/p>\n\n\n\n<blockquote class=\"wp-block-quote is-layout-flow wp-block-quote-is-layout-flow\"><p>Teprve te\u010f, kdy\u017e nesm\u00edme cestovat, si uv\u011bdom\u00edme, jakou hodnotu svoboda m\u00e1. Do minul\u00e9ho t\u00fddne jsme to brali jako samoz\u0159ejmost, nastal\u00e1 situace n\u00e1m ov\u0161em do hlavy vhnala my\u0161lenky na to, jak se asi c\u00edtili lid\u00e9 za b\u00fdval\u00e9ho re\u017eimu (pokud jsme to sami neza\u017eili). A \u010dlov\u011bk si uv\u011bdom\u00ed, \u017ee st\u00e1le na sv\u011bt\u011b existuj\u00ed st\u00e1ty, jejich\u017e obyvatel\u00e9 svobodn\u011b cestovat nemohou.<\/p><\/blockquote>\n\n\n\n<p>My to t\u011bch p\u00e1r t\u00fddn\u016f p\u0159e\u017eijeme, ale bylo by fajn, kdybychom z cel\u00e9 t\u00e9to koronavirov\u00e9 \u0161lamastyky vy\u0161li pou\u010den\u00ed a s pokorou. Svoboda zkr\u00e1tka nen\u00ed samoz\u0159ejmost a ob\u010das mus\u00ed p\u0159ij\u00edt n\u011bco jako je koronavirus, aby n\u00e1m to p\u0159ipomn\u011bl\u2026<\/p><br>\n\n\n\n<div class=\"wp-block-image\"><figure class=\"alignleft size-large is-resized\"><img loading=\"lazy\" decoding=\"async\" src=\"https:\/\/www.mzone.cz\/wp-content\/uploads\/2019\/03\/pexels-photo-103123-1024x683.jpeg\" alt=\"\" class=\"wp-image-6097\" width=\"133\" height=\"88\" srcset=\"https:\/\/www.mzone.cz\/wp-content\/uploads\/2019\/03\/pexels-photo-103123-1024x683.jpeg 1024w, https:\/\/www.mzone.cz\/wp-content\/uploads\/2019\/03\/pexels-photo-103123-300x200.jpeg 300w, https:\/\/www.mzone.cz\/wp-content\/uploads\/2019\/03\/pexels-photo-103123-768x512.jpeg 768w, https:\/\/www.mzone.cz\/wp-content\/uploads\/2019\/03\/pexels-photo-103123-800x533.jpeg 800w, https:\/\/www.mzone.cz\/wp-content\/uploads\/2019\/03\/pexels-photo-103123-400x267.jpeg 400w, https:\/\/www.mzone.cz\/wp-content\/uploads\/2019\/03\/pexels-photo-103123-500x333.jpeg 500w, https:\/\/www.mzone.cz\/wp-content\/uploads\/2019\/03\/pexels-photo-103123-1170x780.jpeg 1170w, https:\/\/www.mzone.cz\/wp-content\/uploads\/2019\/03\/pexels-photo-103123-590x393.jpeg 590w, https:\/\/www.mzone.cz\/wp-content\/uploads\/2019\/03\/pexels-photo-103123.jpeg 1650w\" sizes=\"auto, (max-width: 133px) 100vw, 133px\" \/><\/figure><\/div>\n\n\n\n<h4><a href=\"https:\/\/www.mzone.cz\/20-brutalnich-pravd-o-zivote-ktere-si-nechceme-priznat\/\">20 brut\u00e1ln\u00edch pravd o \u017eivot\u011b, kter\u00e9 si nechceme p\u0159iznat<\/a><\/h4><br>","protected":false},"excerpt":{"rendered":"<p>Cel\u00fd sv\u011bt nemluv\u00ed o ni\u010dem jin\u00e9m ne\u017e o koronaviru, kter\u00fd se nezadr\u017eiteln\u011b \u0161\u00ed\u0159\u00ed nap\u0159\u00ed\u010d zem\u011bmi. P\u0159in\u00e1\u0161\u00ed nejen mrtv\u00e9 a nemocn\u00e9, ale i velk\u00e9 ekonomick\u00e9 ztr\u00e1ty a omezen\u00ed osobn\u00edch svobod. O tom v\u0161em \u010dteme \u00fapln\u011b v\u0161ude, my jsme se ale rozhodli pod\u00edvat na situaci trochu jin\u00fdma o\u010dima a upozornit na to pozitivn\u00ed, co pandemie koronaviru p\u0159in\u00e1\u0161\u00ed. [&hellip;]<\/p>\n","protected":false},"author":4,"featured_media":19169,"comment_status":"open","ping_status":"closed","sticky":false,"template":"","format":"standard","meta":{"kk_blocks_editor_width":"","_kiokenblocks_attr":"","_kiokenblocks_dimensions":"","footnotes":""},"categories":[386,385,29,25,62],"tags":[593,59,3572,1879,3013,3560,1225,502,1231,3571,984,983,3326,149],"class_list":["post-19167","post","type-post","status-publish","format-standard","has-post-thumbnail","hentry","category-bez-obalu","category-blog","category-lifestyle","category-style","category-zdravi","tag-bez-obalu","tag-blog","tag-covid19","tag-dusledky","tag-epidemie","tag-koronavirus","tag-nasledky","tag-nemoc","tag-onemocneni","tag-pandemie","tag-plusy","tag-pozitiva","tag-virus","tag-zdravi"],"yoast_head":"<!-- This site is optimized with the Yoast SEO plugin v27.5 - https:\/\/yoast.com\/product\/yoast-seo-wordpress\/ -->\n<title>Co dobr\u00e9ho p\u0159in\u00e1\u0161\u00ed pandemie koronaviru - Mzone<\/title>\n<meta name=\"description\" content=\"Cel\u00fd sv\u011bt nemluv\u00ed o ni\u010dem jin\u00e9m ne\u017e o koronaviru, kter\u00fd se nezadr\u017eiteln\u011b \u0161\u00ed\u0159\u00ed nap\u0159\u00ed\u010d zem\u011bmi. P\u0159in\u00e1\u0161\u00ed nejen mrtv\u00e9 a nemocn\u00e9, ale i velk\u00e9 ekonomick\u00e9 ztr\u00e1ty a omezen\u00ed osobn\u00edch svobod. O tom v\u0161em \u010dteme \u00fapln\u011b v\u0161ude, my jsme se ale rozhodli pod\u00edvat na situaci trochu jin\u00fdma o\u010dima a upozornit na to pozitivn\u00ed, co pandemie koronaviru p\u0159in\u00e1\u0161\u00ed. Pokud to tedy v\u016fbec jde.\" \/>\n<meta name=\"robots\" content=\"index, follow, max-snippet:-1, max-image-preview:large, max-video-preview:-1\" \/>\n<link rel=\"canonical\" href=\"https:\/\/www.mzone.cz\/en\/co-dobreho-prinasi-pandemie-koronaviru\/\" \/>\n<meta property=\"og:locale\" content=\"en_US\" \/>\n<meta property=\"og:type\" content=\"article\" \/>\n<meta property=\"og:title\" content=\"Co dobr\u00e9ho p\u0159in\u00e1\u0161\u00ed pandemie koronaviru - Mzone\" \/>\n<meta property=\"og:description\" content=\"Cel\u00fd sv\u011bt nemluv\u00ed o ni\u010dem jin\u00e9m ne\u017e o koronaviru, kter\u00fd se nezadr\u017eiteln\u011b \u0161\u00ed\u0159\u00ed nap\u0159\u00ed\u010d zem\u011bmi. P\u0159in\u00e1\u0161\u00ed nejen mrtv\u00e9 a nemocn\u00e9, ale i velk\u00e9 ekonomick\u00e9 ztr\u00e1ty a omezen\u00ed osobn\u00edch svobod. O tom v\u0161em \u010dteme \u00fapln\u011b v\u0161ude, my jsme se ale rozhodli pod\u00edvat na situaci trochu jin\u00fdma o\u010dima a upozornit na to pozitivn\u00ed, co pandemie koronaviru p\u0159in\u00e1\u0161\u00ed. Pokud to tedy v\u016fbec jde.\" \/>\n<meta property=\"og:url\" content=\"https:\/\/www.mzone.cz\/en\/co-dobreho-prinasi-pandemie-koronaviru\/\" \/>\n<meta property=\"og:site_name\" content=\"Mzone\" \/>\n<meta property=\"article:publisher\" content=\"https:\/\/www.facebook.com\/MzoneCZ\/\" \/>\n<meta property=\"article:published_time\" content=\"2020-03-15T18:41:31+00:00\" \/>\n<meta property=\"article:modified_time\" content=\"2020-03-15T19:10:21+00:00\" \/>\n<meta property=\"og:image\" content=\"https:\/\/www.mzone.cz\/wp-content\/uploads\/2020\/03\/Koronavirus.jpg\" \/>\n\t<meta property=\"og:image:width\" content=\"1620\" \/>\n\t<meta property=\"og:image:height\" content=\"1080\" \/>\n\t<meta property=\"og:image:type\" content=\"image\/jpeg\" \/>\n<meta name=\"author\" content=\"Mzone\" \/>\n<meta name=\"twitter:card\" content=\"summary_large_image\" \/>\n<meta name=\"twitter:label1\" content=\"Written by\" \/>\n\t<meta name=\"twitter:data1\" content=\"Mzone\" \/>\n\t<meta name=\"twitter:label2\" content=\"Est. reading time\" \/>\n\t<meta name=\"twitter:data2\" content=\"3 minutes\" \/>\n<script type=\"application\/ld+json\" class=\"yoast-schema-graph\">{\"@context\":\"https:\\\/\\\/schema.org\",\"@graph\":[{\"@type\":\"Article\",\"@id\":\"https:\\\/\\\/www.mzone.cz\\\/co-dobreho-prinasi-pandemie-koronaviru\\\/#article\",\"isPartOf\":{\"@id\":\"https:\\\/\\\/www.mzone.cz\\\/co-dobreho-prinasi-pandemie-koronaviru\\\/\"},\"author\":{\"name\":\"Mzone\",\"@id\":\"https:\\\/\\\/www.mzone.cz\\\/#\\\/schema\\\/person\\\/9bc20cc422a99cac4af6ff9297da32d4\"},\"headline\":\"Co dobr\u00e9ho p\u0159in\u00e1\u0161\u00ed pandemie koronaviru\",\"datePublished\":\"2020-03-15T18:41:31+00:00\",\"dateModified\":\"2020-03-15T19:10:21+00:00\",\"mainEntityOfPage\":{\"@id\":\"https:\\\/\\\/www.mzone.cz\\\/co-dobreho-prinasi-pandemie-koronaviru\\\/\"},\"wordCount\":626,\"commentCount\":2,\"image\":{\"@id\":\"https:\\\/\\\/www.mzone.cz\\\/co-dobreho-prinasi-pandemie-koronaviru\\\/#primaryimage\"},\"thumbnailUrl\":\"https:\\\/\\\/www.mzone.cz\\\/wp-content\\\/uploads\\\/2020\\\/03\\\/Koronavirus.jpg\",\"keywords\":[\"bez obalu\",\"Blog\",\"COVID19\",\"d\u016fsledky\",\"epidemie\",\"koronavirus\",\"n\u00e1sledky\",\"nemoc\",\"onemocn\u011bn\u00ed\",\"pandemie\",\"plusy\",\"pozitiva\",\"virus\",\"zdrav\u00ed\"],\"articleSection\":[\"Bez obalu\",\"Blog\",\"Lifestyle\",\"Style\",\"Zdrav\u00ed\"],\"inLanguage\":\"en-US\",\"potentialAction\":[{\"@type\":\"CommentAction\",\"name\":\"Comment\",\"target\":[\"https:\\\/\\\/www.mzone.cz\\\/co-dobreho-prinasi-pandemie-koronaviru\\\/#respond\"]}]},{\"@type\":\"WebPage\",\"@id\":\"https:\\\/\\\/www.mzone.cz\\\/co-dobreho-prinasi-pandemie-koronaviru\\\/\",\"url\":\"https:\\\/\\\/www.mzone.cz\\\/co-dobreho-prinasi-pandemie-koronaviru\\\/\",\"name\":\"Co dobr\u00e9ho p\u0159in\u00e1\u0161\u00ed pandemie koronaviru - Mzone\",\"isPartOf\":{\"@id\":\"https:\\\/\\\/www.mzone.cz\\\/#website\"},\"primaryImageOfPage\":{\"@id\":\"https:\\\/\\\/www.mzone.cz\\\/co-dobreho-prinasi-pandemie-koronaviru\\\/#primaryimage\"},\"image\":{\"@id\":\"https:\\\/\\\/www.mzone.cz\\\/co-dobreho-prinasi-pandemie-koronaviru\\\/#primaryimage\"},\"thumbnailUrl\":\"https:\\\/\\\/www.mzone.cz\\\/wp-content\\\/uploads\\\/2020\\\/03\\\/Koronavirus.jpg\",\"datePublished\":\"2020-03-15T18:41:31+00:00\",\"dateModified\":\"2020-03-15T19:10:21+00:00\",\"author\":{\"@id\":\"https:\\\/\\\/www.mzone.cz\\\/#\\\/schema\\\/person\\\/9bc20cc422a99cac4af6ff9297da32d4\"},\"description\":\"Cel\u00fd sv\u011bt nemluv\u00ed o ni\u010dem jin\u00e9m ne\u017e o koronaviru, kter\u00fd se nezadr\u017eiteln\u011b \u0161\u00ed\u0159\u00ed nap\u0159\u00ed\u010d zem\u011bmi. P\u0159in\u00e1\u0161\u00ed nejen mrtv\u00e9 a nemocn\u00e9, ale i velk\u00e9 ekonomick\u00e9 ztr\u00e1ty a omezen\u00ed osobn\u00edch svobod. O tom v\u0161em \u010dteme \u00fapln\u011b v\u0161ude, my jsme se ale rozhodli pod\u00edvat na situaci trochu jin\u00fdma o\u010dima a upozornit na to pozitivn\u00ed, co pandemie koronaviru p\u0159in\u00e1\u0161\u00ed. Pokud to tedy v\u016fbec jde.\",\"breadcrumb\":{\"@id\":\"https:\\\/\\\/www.mzone.cz\\\/co-dobreho-prinasi-pandemie-koronaviru\\\/#breadcrumb\"},\"inLanguage\":\"en-US\",\"potentialAction\":[{\"@type\":\"ReadAction\",\"target\":[\"https:\\\/\\\/www.mzone.cz\\\/co-dobreho-prinasi-pandemie-koronaviru\\\/\"]}]},{\"@type\":\"ImageObject\",\"inLanguage\":\"en-US\",\"@id\":\"https:\\\/\\\/www.mzone.cz\\\/co-dobreho-prinasi-pandemie-koronaviru\\\/#primaryimage\",\"url\":\"https:\\\/\\\/www.mzone.cz\\\/wp-content\\\/uploads\\\/2020\\\/03\\\/Koronavirus.jpg\",\"contentUrl\":\"https:\\\/\\\/www.mzone.cz\\\/wp-content\\\/uploads\\\/2020\\\/03\\\/Koronavirus.jpg\",\"width\":1620,\"height\":1080},{\"@type\":\"BreadcrumbList\",\"@id\":\"https:\\\/\\\/www.mzone.cz\\\/co-dobreho-prinasi-pandemie-koronaviru\\\/#breadcrumb\",\"itemListElement\":[{\"@type\":\"ListItem\",\"position\":1,\"name\":\"Dom\u016f\",\"item\":\"https:\\\/\\\/www.mzone.cz\\\/\"},{\"@type\":\"ListItem\",\"position\":2,\"name\":\"Co dobr\u00e9ho p\u0159in\u00e1\u0161\u00ed pandemie koronaviru\"}]},{\"@type\":\"WebSite\",\"@id\":\"https:\\\/\\\/www.mzone.cz\\\/#website\",\"url\":\"https:\\\/\\\/www.mzone.cz\\\/\",\"name\":\"Mzone\",\"description\":\"Magaz\u00edn nejen pro mu\u017ee\",\"potentialAction\":[{\"@type\":\"SearchAction\",\"target\":{\"@type\":\"EntryPoint\",\"urlTemplate\":\"https:\\\/\\\/www.mzone.cz\\\/?s={search_term_string}\"},\"query-input\":{\"@type\":\"PropertyValueSpecification\",\"valueRequired\":true,\"valueName\":\"search_term_string\"}}],\"inLanguage\":\"en-US\"},{\"@type\":\"Person\",\"@id\":\"https:\\\/\\\/www.mzone.cz\\\/#\\\/schema\\\/person\\\/9bc20cc422a99cac4af6ff9297da32d4\",\"name\":\"Mzone\",\"image\":{\"@type\":\"ImageObject\",\"inLanguage\":\"en-US\",\"@id\":\"https:\\\/\\\/secure.gravatar.com\\\/avatar\\\/e780a8630f3182a3d06dd667ab6bea151a0d155b0951bc15fe22633acdac0676?s=96&d=mm&r=g\",\"url\":\"https:\\\/\\\/secure.gravatar.com\\\/avatar\\\/e780a8630f3182a3d06dd667ab6bea151a0d155b0951bc15fe22633acdac0676?s=96&d=mm&r=g\",\"contentUrl\":\"https:\\\/\\\/secure.gravatar.com\\\/avatar\\\/e780a8630f3182a3d06dd667ab6bea151a0d155b0951bc15fe22633acdac0676?s=96&d=mm&r=g\",\"caption\":\"Mzone\"},\"url\":\"https:\\\/\\\/www.mzone.cz\\\/en\\\/author\\\/jakub\\\/\"}]}<\/script>\n<!-- \/ Yoast SEO plugin. -->","yoast_head_json":{"title":"Co dobr\u00e9ho p\u0159in\u00e1\u0161\u00ed pandemie koronaviru - Mzone","description":"Cel\u00fd sv\u011bt nemluv\u00ed o ni\u010dem jin\u00e9m ne\u017e o koronaviru, kter\u00fd se nezadr\u017eiteln\u011b \u0161\u00ed\u0159\u00ed nap\u0159\u00ed\u010d zem\u011bmi. P\u0159in\u00e1\u0161\u00ed nejen mrtv\u00e9 a nemocn\u00e9, ale i velk\u00e9 ekonomick\u00e9 ztr\u00e1ty a omezen\u00ed osobn\u00edch svobod. O tom v\u0161em \u010dteme \u00fapln\u011b v\u0161ude, my jsme se ale rozhodli pod\u00edvat na situaci trochu jin\u00fdma o\u010dima a upozornit na to pozitivn\u00ed, co pandemie koronaviru p\u0159in\u00e1\u0161\u00ed. Pokud to tedy v\u016fbec jde.","robots":{"index":"index","follow":"follow","max-snippet":"max-snippet:-1","max-image-preview":"max-image-preview:large","max-video-preview":"max-video-preview:-1"},"canonical":"https:\/\/www.mzone.cz\/en\/co-dobreho-prinasi-pandemie-koronaviru\/","og_locale":"en_US","og_type":"article","og_title":"Co dobr\u00e9ho p\u0159in\u00e1\u0161\u00ed pandemie koronaviru - Mzone","og_description":"Cel\u00fd sv\u011bt nemluv\u00ed o ni\u010dem jin\u00e9m ne\u017e o koronaviru, kter\u00fd se nezadr\u017eiteln\u011b \u0161\u00ed\u0159\u00ed nap\u0159\u00ed\u010d zem\u011bmi. P\u0159in\u00e1\u0161\u00ed nejen mrtv\u00e9 a nemocn\u00e9, ale i velk\u00e9 ekonomick\u00e9 ztr\u00e1ty a omezen\u00ed osobn\u00edch svobod. O tom v\u0161em \u010dteme \u00fapln\u011b v\u0161ude, my jsme se ale rozhodli pod\u00edvat na situaci trochu jin\u00fdma o\u010dima a upozornit na to pozitivn\u00ed, co pandemie koronaviru p\u0159in\u00e1\u0161\u00ed. Pokud to tedy v\u016fbec jde.","og_url":"https:\/\/www.mzone.cz\/en\/co-dobreho-prinasi-pandemie-koronaviru\/","og_site_name":"Mzone","article_publisher":"https:\/\/www.facebook.com\/MzoneCZ\/","article_published_time":"2020-03-15T18:41:31+00:00","article_modified_time":"2020-03-15T19:10:21+00:00","og_image":[{"width":1620,"height":1080,"url":"https:\/\/www.mzone.cz\/wp-content\/uploads\/2020\/03\/Koronavirus.jpg","type":"image\/jpeg"}],"author":"Mzone","twitter_card":"summary_large_image","twitter_misc":{"Written by":"Mzone","Est. reading time":"3 minutes"},"schema":{"@context":"https:\/\/schema.org","@graph":[{"@type":"Article","@id":"https:\/\/www.mzone.cz\/co-dobreho-prinasi-pandemie-koronaviru\/#article","isPartOf":{"@id":"https:\/\/www.mzone.cz\/co-dobreho-prinasi-pandemie-koronaviru\/"},"author":{"name":"Mzone","@id":"https:\/\/www.mzone.cz\/#\/schema\/person\/9bc20cc422a99cac4af6ff9297da32d4"},"headline":"Co dobr\u00e9ho p\u0159in\u00e1\u0161\u00ed pandemie koronaviru","datePublished":"2020-03-15T18:41:31+00:00","dateModified":"2020-03-15T19:10:21+00:00","mainEntityOfPage":{"@id":"https:\/\/www.mzone.cz\/co-dobreho-prinasi-pandemie-koronaviru\/"},"wordCount":626,"commentCount":2,"image":{"@id":"https:\/\/www.mzone.cz\/co-dobreho-prinasi-pandemie-koronaviru\/#primaryimage"},"thumbnailUrl":"https:\/\/www.mzone.cz\/wp-content\/uploads\/2020\/03\/Koronavirus.jpg","keywords":["bez obalu","Blog","COVID19","d\u016fsledky","epidemie","koronavirus","n\u00e1sledky","nemoc","onemocn\u011bn\u00ed","pandemie","plusy","pozitiva","virus","zdrav\u00ed"],"articleSection":["Bez obalu","Blog","Lifestyle","Style","Zdrav\u00ed"],"inLanguage":"en-US","potentialAction":[{"@type":"CommentAction","name":"Comment","target":["https:\/\/www.mzone.cz\/co-dobreho-prinasi-pandemie-koronaviru\/#respond"]}]},{"@type":"WebPage","@id":"https:\/\/www.mzone.cz\/co-dobreho-prinasi-pandemie-koronaviru\/","url":"https:\/\/www.mzone.cz\/co-dobreho-prinasi-pandemie-koronaviru\/","name":"Co dobr\u00e9ho p\u0159in\u00e1\u0161\u00ed pandemie koronaviru - Mzone","isPartOf":{"@id":"https:\/\/www.mzone.cz\/#website"},"primaryImageOfPage":{"@id":"https:\/\/www.mzone.cz\/co-dobreho-prinasi-pandemie-koronaviru\/#primaryimage"},"image":{"@id":"https:\/\/www.mzone.cz\/co-dobreho-prinasi-pandemie-koronaviru\/#primaryimage"},"thumbnailUrl":"https:\/\/www.mzone.cz\/wp-content\/uploads\/2020\/03\/Koronavirus.jpg","datePublished":"2020-03-15T18:41:31+00:00","dateModified":"2020-03-15T19:10:21+00:00","author":{"@id":"https:\/\/www.mzone.cz\/#\/schema\/person\/9bc20cc422a99cac4af6ff9297da32d4"},"description":"Cel\u00fd sv\u011bt nemluv\u00ed o ni\u010dem jin\u00e9m ne\u017e o koronaviru, kter\u00fd se nezadr\u017eiteln\u011b \u0161\u00ed\u0159\u00ed nap\u0159\u00ed\u010d zem\u011bmi. P\u0159in\u00e1\u0161\u00ed nejen mrtv\u00e9 a nemocn\u00e9, ale i velk\u00e9 ekonomick\u00e9 ztr\u00e1ty a omezen\u00ed osobn\u00edch svobod. O tom v\u0161em \u010dteme \u00fapln\u011b v\u0161ude, my jsme se ale rozhodli pod\u00edvat na situaci trochu jin\u00fdma o\u010dima a upozornit na to pozitivn\u00ed, co pandemie koronaviru p\u0159in\u00e1\u0161\u00ed. Pokud to tedy v\u016fbec jde.","breadcrumb":{"@id":"https:\/\/www.mzone.cz\/co-dobreho-prinasi-pandemie-koronaviru\/#breadcrumb"},"inLanguage":"en-US","potentialAction":[{"@type":"ReadAction","target":["https:\/\/www.mzone.cz\/co-dobreho-prinasi-pandemie-koronaviru\/"]}]},{"@type":"ImageObject","inLanguage":"en-US","@id":"https:\/\/www.mzone.cz\/co-dobreho-prinasi-pandemie-koronaviru\/#primaryimage","url":"https:\/\/www.mzone.cz\/wp-content\/uploads\/2020\/03\/Koronavirus.jpg","contentUrl":"https:\/\/www.mzone.cz\/wp-content\/uploads\/2020\/03\/Koronavirus.jpg","width":1620,"height":1080},{"@type":"BreadcrumbList","@id":"https:\/\/www.mzone.cz\/co-dobreho-prinasi-pandemie-koronaviru\/#breadcrumb","itemListElement":[{"@type":"ListItem","position":1,"name":"Dom\u016f","item":"https:\/\/www.mzone.cz\/"},{"@type":"ListItem","position":2,"name":"Co dobr\u00e9ho p\u0159in\u00e1\u0161\u00ed pandemie koronaviru"}]},{"@type":"WebSite","@id":"https:\/\/www.mzone.cz\/#website","url":"https:\/\/www.mzone.cz\/","name":"Mzone","description":"Magaz\u00edn nejen pro mu\u017ee","potentialAction":[{"@type":"SearchAction","target":{"@type":"EntryPoint","urlTemplate":"https:\/\/www.mzone.cz\/?s={search_term_string}"},"query-input":{"@type":"PropertyValueSpecification","valueRequired":true,"valueName":"search_term_string"}}],"inLanguage":"en-US"},{"@type":"Person","@id":"https:\/\/www.mzone.cz\/#\/schema\/person\/9bc20cc422a99cac4af6ff9297da32d4","name":"Mzone","image":{"@type":"ImageObject","inLanguage":"en-US","@id":"https:\/\/secure.gravatar.com\/avatar\/e780a8630f3182a3d06dd667ab6bea151a0d155b0951bc15fe22633acdac0676?s=96&d=mm&r=g","url":"https:\/\/secure.gravatar.com\/avatar\/e780a8630f3182a3d06dd667ab6bea151a0d155b0951bc15fe22633acdac0676?s=96&d=mm&r=g","contentUrl":"https:\/\/secure.gravatar.com\/avatar\/e780a8630f3182a3d06dd667ab6bea151a0d155b0951bc15fe22633acdac0676?s=96&d=mm&r=g","caption":"Mzone"},"url":"https:\/\/www.mzone.cz\/en\/author\/jakub\/"}]}},"_links":{"self":[{"href":"https:\/\/www.mzone.cz\/en\/wp-json\/wp\/v2\/posts\/19167","targetHints":{"allow":["GET"]}}],"collection":[{"href":"https:\/\/www.mzone.cz\/en\/wp-json\/wp\/v2\/posts"}],"about":[{"href":"https:\/\/www.mzone.cz\/en\/wp-json\/wp\/v2\/types\/post"}],"author":[{"embeddable":true,"href":"https:\/\/www.mzone.cz\/en\/wp-json\/wp\/v2\/users\/4"}],"replies":[{"embeddable":true,"href":"https:\/\/www.mzone.cz\/en\/wp-json\/wp\/v2\/comments?post=19167"}],"version-history":[{"count":10,"href":"https:\/\/www.mzone.cz\/en\/wp-json\/wp\/v2\/posts\/19167\/revisions"}],"predecessor-version":[{"id":19180,"href":"https:\/\/www.mzone.cz\/en\/wp-json\/wp\/v2\/posts\/19167\/revisions\/19180"}],"wp:featuredmedia":[{"embeddable":true,"href":"https:\/\/www.mzone.cz\/en\/wp-json\/wp\/v2\/media\/19169"}],"wp:attachment":[{"href":"https:\/\/www.mzone.cz\/en\/wp-json\/wp\/v2\/media?parent=19167"}],"wp:term":[{"taxonomy":"category","embeddable":true,"href":"https:\/\/www.mzone.cz\/en\/wp-json\/wp\/v2\/categories?post=19167"},{"taxonomy":"post_tag","embeddable":true,"href":"https:\/\/www.mzone.cz\/en\/wp-json\/wp\/v2\/tags?post=19167"}],"curies":[{"name":"wp","href":"https:\/\/api.w.org\/{rel}","templated":true}]}}