{"id":1950,"date":"2018-11-17T06:00:37","date_gmt":"2018-11-17T05:00:37","guid":{"rendered":"http:\/\/www.mzone.cz\/?p=1950"},"modified":"2020-09-25T17:39:55","modified_gmt":"2020-09-25T15:39:55","slug":"hrac-ac-milan-chtel-fotku-s-ronaldem-omylem-vyfotil-spoluhracuv-penis","status":"publish","type":"post","link":"https:\/\/www.mzone.cz\/en\/hrac-ac-milan-chtel-fotku-s-ronaldem-omylem-vyfotil-spoluhracuv-penis\/","title":{"rendered":"Hr\u00e1\u010d AC Mil\u00e1n cht\u011bl fotku s Ronaldem, omylem vyfotil spoluhr\u00e1\u010d\u016fv penis!"},"content":{"rendered":"<p><strong>O minul\u00e9m v\u00edkendu m\u011bla italsk\u00e1 Serie A na po\u0159adu \u0161l\u00e1gr v podob\u011b z\u00e1pasu mezi Juventusem a AC Mil\u00e1n. Nakonec se i d\u00edky g\u00f3lu Cristiana Ronalda radovali dom\u00e1c\u00ed a zklaman\u00fd obr\u00e1nce AC Raou Bellanova po z\u00e1pase alespo\u0148 uko\u0159istit fotku s portugalskou hv\u011bzdou. Tu si v \u0161atn\u011b nakonec po\u0159\u00eddil, ale bylo na n\u00ed vid\u011bt mo\u017en\u00e1 v\u00edce, ne\u017e by si Ronaldo i jeho spoluhr\u00e1\u010di p\u0159\u00e1li.<\/strong><\/p><br>\n\n\n\n<p>Po\u0159\u00eddit si self\u00ed\u010dko je dnes jednodu\u0161\u0161\u00ed ne\u017e napsat napo\u010d\u00edtat do t\u0159\u00ed, a tak i fotbalist\u00e9 mezi sebou \u010das od \u010dasu vystav\u00ed n\u011bjakou p\u011bknou fotku na soci\u00e1ln\u00ed s\u00edt\u011b. Bellanova si cht\u011bl jednu takovou po\u0159\u00eddit s Ronaldem a ten mu v \u0161atn\u011b ochotn\u011b zap\u00f3zoval. Ve stejn\u00fd moment se v\u0161ak za nimi promen\u00e1doval \u00fapln\u011b nah\u00fd <a href=\"https:\/\/cs.wikipedia.org\/wiki\/Giorgio_Chiellini\" target=\"_blank\" rel=\"noreferrer noopener\">Giorgio Chiellini<\/a>, ten v\u0161ak nem\u011bl ani pon\u011bt\u00ed, \u017ee ho n\u011bkdo fot\u00ed.<\/p><br>\n\n\n\n<figure class=\"wp-block-image\"><img loading=\"lazy\" decoding=\"async\" width=\"1021\" height=\"1024\" src=\"http:\/\/www.mzone.cz\/wp-content\/uploads\/2018\/11\/Sn\u00edmek-obrazovky-2018-11-16-v-19.07.05-1021x1024.jpg\" alt=\"Ronaldo a spoluhr\u00e1\u010d\u016fv penis\" class=\"wp-image-1952\" srcset=\"https:\/\/www.mzone.cz\/wp-content\/uploads\/2018\/11\/Sn\u00edmek-obrazovky-2018-11-16-v-19.07.05-1021x1024.jpg 1021w, https:\/\/www.mzone.cz\/wp-content\/uploads\/2018\/11\/Sn\u00edmek-obrazovky-2018-11-16-v-19.07.05-150x150.jpg 150w, https:\/\/www.mzone.cz\/wp-content\/uploads\/2018\/11\/Sn\u00edmek-obrazovky-2018-11-16-v-19.07.05-300x300.jpg 300w, https:\/\/www.mzone.cz\/wp-content\/uploads\/2018\/11\/Sn\u00edmek-obrazovky-2018-11-16-v-19.07.05-768x770.jpg 768w, https:\/\/www.mzone.cz\/wp-content\/uploads\/2018\/11\/Sn\u00edmek-obrazovky-2018-11-16-v-19.07.05-120x120.jpg 120w, https:\/\/www.mzone.cz\/wp-content\/uploads\/2018\/11\/Sn\u00edmek-obrazovky-2018-11-16-v-19.07.05-140x140.jpg 140w, https:\/\/www.mzone.cz\/wp-content\/uploads\/2018\/11\/Sn\u00edmek-obrazovky-2018-11-16-v-19.07.05-996x999.jpg 996w, https:\/\/www.mzone.cz\/wp-content\/uploads\/2018\/11\/Sn\u00edmek-obrazovky-2018-11-16-v-19.07.05-400x400.jpg 400w, https:\/\/www.mzone.cz\/wp-content\/uploads\/2018\/11\/Sn\u00edmek-obrazovky-2018-11-16-v-19.07.05-590x592.jpg 590w, https:\/\/www.mzone.cz\/wp-content\/uploads\/2018\/11\/Sn\u00edmek-obrazovky-2018-11-16-v-19.07.05.jpg 1276w\" sizes=\"auto, (max-width: 1021px) 100vw, 1021px\" \/><\/figure><br>\n\n\n\n<p>Mil\u00e1nsk\u00fd obr\u00e1nce pak fotku okam\u017eit\u011b um\u00edstil na instagram, ale jaksi si nev\u0161iml, \u017ee ji\u017e zmi\u0148ovan\u00fd Chiellini za nimi zp\u016fsobil po\u0159\u00e1dn\u00e9 pozdvi\u017een\u00ed. Osmn\u00e1ctilet\u00fd fotbalista pak fotku sice rychle smazal, jen\u017ee to u\u017e bylo pochopiteln\u011b pozd\u011b a ta se te\u010f \u0161\u00ed\u0159\u00ed nap\u0159\u00ed\u010d cel\u00fdm internetem.<\/p><br>\n\n\n\n<div class=\"wp-block-image\"><figure class=\"alignleft is-resized\"><img loading=\"lazy\" decoding=\"async\" src=\"https:\/\/www.mzone.cz\/wp-content\/uploads\/2018\/10\/Sn\u00edmek-obrazovky-2018-10-31-v-11.02.55.png\" alt=\"\" class=\"wp-image-1369\" width=\"129\" height=\"84\" srcset=\"https:\/\/www.mzone.cz\/wp-content\/uploads\/2018\/10\/Sn\u00edmek-obrazovky-2018-10-31-v-11.02.55.png 896w, https:\/\/www.mzone.cz\/wp-content\/uploads\/2018\/10\/Sn\u00edmek-obrazovky-2018-10-31-v-11.02.55-300x197.png 300w, https:\/\/www.mzone.cz\/wp-content\/uploads\/2018\/10\/Sn\u00edmek-obrazovky-2018-10-31-v-11.02.55-768x504.png 768w, https:\/\/www.mzone.cz\/wp-content\/uploads\/2018\/10\/Sn\u00edmek-obrazovky-2018-10-31-v-11.02.55-590x387.png 590w\" sizes=\"auto, (max-width: 129px) 100vw, 129px\" \/><\/figure><\/div>\n\n\n\n<h4><a href=\"https:\/\/www.mzone.cz\/ronaldo-vladne-vsem-tohle-se-jeste-nikomu-na-svete-nepodarilo\/\">Ronaldo vl\u00e1dne v\u0161em! Tohle se je\u0161t\u011b nikomu na sv\u011bt\u011b nepoda\u0159ilo<\/a><\/h4><br>","protected":false},"excerpt":{"rendered":"<p>O minul\u00e9m v\u00edkendu m\u011bla italsk\u00e1 Serie A na po\u0159adu \u0161l\u00e1gr v podob\u011b z\u00e1pasu mezi Juventusem a AC Mil\u00e1n. Nakonec se i d\u00edky g\u00f3lu Cristiana Ronalda radovali dom\u00e1c\u00ed a zklaman\u00fd obr\u00e1nce AC Raou Bellanova po z\u00e1pase alespo\u0148 uko\u0159istit fotku s portugalskou hv\u011bzdou. Tu si v \u0161atn\u011b nakonec po\u0159\u00eddil, ale bylo na n\u00ed vid\u011bt mo\u017en\u00e1 v\u00edce, ne\u017e [&hellip;]<\/p>\n","protected":false},"author":4,"featured_media":1951,"comment_status":"open","ping_status":"open","sticky":false,"template":"","format":"standard","meta":{"kk_blocks_editor_width":"","_kiokenblocks_attr":"","_kiokenblocks_dimensions":"","footnotes":""},"categories":[80],"tags":[702,539,390,569,699,701,531,700,698,309,703,42,534,697],"class_list":["post-1950","post","type-post","status-publish","format-standard","has-post-thumbnail","hentry","category-sport","tag-ac-milan","tag-celebrita","tag-fotbal","tag-nahota","tag-omyl","tag-penis","tag-ronaldo","tag-satna","tag-selficko","tag-selfie","tag-soukromi","tag-sport","tag-sportovec","tag-viral"],"yoast_head":"<!-- This site is optimized with the Yoast SEO plugin v27.5 - https:\/\/yoast.com\/product\/yoast-seo-wordpress\/ -->\n<title>Hr\u00e1\u010d AC Mil\u00e1n cht\u011bl fotku s Ronaldem, omylem vyfotil spoluhr\u00e1\u010d\u016fv penis! - Mzone<\/title>\n<meta name=\"description\" content=\"O uplynul\u00e9m v\u00edkendu m\u011bla italsk\u00e1 Serie A na po\u0159adu \u0161l\u00e1gr v podob\u011b z\u00e1pasu mezi Juventusem a AC Mil\u00e1n. Nakonec se i d\u00edky g\u00f3lu Cristiana Ronalda radovali dom\u00e1c\u00ed a zklaman\u00fd obr\u00e1nce AC Raou Bellanova po z\u00e1pase alespo\u0148 uko\u0159istit fotku s portugalskou hv\u011bzdou. Tu si v \u0161atn\u011b nakonec po\u0159\u00eddil, ale bylo na n\u00ed vid\u011bt mo\u017en\u00e1 v\u00edce, ne\u017e by si Ronaldovi spoluhr\u00e1\u010di p\u0159\u00e1li.\" \/>\n<meta name=\"robots\" content=\"index, follow, max-snippet:-1, max-image-preview:large, max-video-preview:-1\" \/>\n<link rel=\"canonical\" href=\"https:\/\/www.mzone.cz\/en\/hrac-ac-milan-chtel-fotku-s-ronaldem-omylem-vyfotil-spoluhracuv-penis\/\" \/>\n<meta property=\"og:locale\" content=\"en_US\" \/>\n<meta property=\"og:type\" content=\"article\" \/>\n<meta property=\"og:title\" content=\"Hr\u00e1\u010d AC Mil\u00e1n cht\u011bl fotku s Ronaldem, omylem vyfotil spoluhr\u00e1\u010d\u016fv penis! - Mzone\" \/>\n<meta property=\"og:description\" content=\"O uplynul\u00e9m v\u00edkendu m\u011bla italsk\u00e1 Serie A na po\u0159adu \u0161l\u00e1gr v podob\u011b z\u00e1pasu mezi Juventusem a AC Mil\u00e1n. Nakonec se i d\u00edky g\u00f3lu Cristiana Ronalda radovali dom\u00e1c\u00ed a zklaman\u00fd obr\u00e1nce AC Raou Bellanova po z\u00e1pase alespo\u0148 uko\u0159istit fotku s portugalskou hv\u011bzdou. Tu si v \u0161atn\u011b nakonec po\u0159\u00eddil, ale bylo na n\u00ed vid\u011bt mo\u017en\u00e1 v\u00edce, ne\u017e by si Ronaldovi spoluhr\u00e1\u010di p\u0159\u00e1li.\" \/>\n<meta property=\"og:url\" content=\"https:\/\/www.mzone.cz\/en\/hrac-ac-milan-chtel-fotku-s-ronaldem-omylem-vyfotil-spoluhracuv-penis\/\" \/>\n<meta property=\"og:site_name\" content=\"Mzone\" \/>\n<meta property=\"article:publisher\" content=\"https:\/\/www.facebook.com\/MzoneCZ\/\" \/>\n<meta property=\"article:published_time\" content=\"2018-11-17T05:00:37+00:00\" \/>\n<meta property=\"article:modified_time\" content=\"2020-09-25T15:39:55+00:00\" \/>\n<meta property=\"og:image\" content=\"https:\/\/www.mzone.cz\/wp-content\/uploads\/2018\/11\/Sn\u00edmek-obrazovky-2018-11-16-v-19.06.02.png\" \/>\n\t<meta property=\"og:image:width\" content=\"1510\" \/>\n\t<meta property=\"og:image:height\" content=\"1006\" \/>\n\t<meta property=\"og:image:type\" content=\"image\/png\" \/>\n<meta name=\"author\" content=\"Mzone\" \/>\n<meta name=\"twitter:card\" content=\"summary_large_image\" \/>\n<meta name=\"twitter:label1\" content=\"Written by\" \/>\n\t<meta name=\"twitter:data1\" content=\"Mzone\" \/>\n\t<meta name=\"twitter:label2\" content=\"Est. reading time\" \/>\n\t<meta name=\"twitter:data2\" content=\"1 minute\" \/>\n<script type=\"application\/ld+json\" class=\"yoast-schema-graph\">{\"@context\":\"https:\\\/\\\/schema.org\",\"@graph\":[{\"@type\":\"Article\",\"@id\":\"https:\\\/\\\/www.mzone.cz\\\/hrac-ac-milan-chtel-fotku-s-ronaldem-omylem-vyfotil-spoluhracuv-penis\\\/#article\",\"isPartOf\":{\"@id\":\"https:\\\/\\\/www.mzone.cz\\\/hrac-ac-milan-chtel-fotku-s-ronaldem-omylem-vyfotil-spoluhracuv-penis\\\/\"},\"author\":{\"name\":\"Mzone\",\"@id\":\"https:\\\/\\\/www.mzone.cz\\\/#\\\/schema\\\/person\\\/9bc20cc422a99cac4af6ff9297da32d4\"},\"headline\":\"Hr\u00e1\u010d AC Mil\u00e1n cht\u011bl fotku s Ronaldem, omylem vyfotil spoluhr\u00e1\u010d\u016fv penis!\",\"datePublished\":\"2018-11-17T05:00:37+00:00\",\"dateModified\":\"2020-09-25T15:39:55+00:00\",\"mainEntityOfPage\":{\"@id\":\"https:\\\/\\\/www.mzone.cz\\\/hrac-ac-milan-chtel-fotku-s-ronaldem-omylem-vyfotil-spoluhracuv-penis\\\/\"},\"wordCount\":243,\"commentCount\":0,\"image\":{\"@id\":\"https:\\\/\\\/www.mzone.cz\\\/hrac-ac-milan-chtel-fotku-s-ronaldem-omylem-vyfotil-spoluhracuv-penis\\\/#primaryimage\"},\"thumbnailUrl\":\"https:\\\/\\\/www.mzone.cz\\\/wp-content\\\/uploads\\\/2018\\\/11\\\/Sn\u00edmek-obrazovky-2018-11-16-v-19.06.02.png\",\"keywords\":[\"AC Mil\u00e1n\",\"celebrita\",\"fotbal\",\"nahota\",\"omyl\",\"penis\",\"Ronaldo\",\"\u0161atna\",\"self\u00ed\u010dko\",\"Selfie\",\"soukrom\u00ed\",\"Sport\",\"sportovec\",\"vir\u00e1l\"],\"articleSection\":[\"Sport\"],\"inLanguage\":\"en-US\",\"potentialAction\":[{\"@type\":\"CommentAction\",\"name\":\"Comment\",\"target\":[\"https:\\\/\\\/www.mzone.cz\\\/hrac-ac-milan-chtel-fotku-s-ronaldem-omylem-vyfotil-spoluhracuv-penis\\\/#respond\"]}]},{\"@type\":\"WebPage\",\"@id\":\"https:\\\/\\\/www.mzone.cz\\\/hrac-ac-milan-chtel-fotku-s-ronaldem-omylem-vyfotil-spoluhracuv-penis\\\/\",\"url\":\"https:\\\/\\\/www.mzone.cz\\\/hrac-ac-milan-chtel-fotku-s-ronaldem-omylem-vyfotil-spoluhracuv-penis\\\/\",\"name\":\"Hr\u00e1\u010d AC Mil\u00e1n cht\u011bl fotku s Ronaldem, omylem vyfotil spoluhr\u00e1\u010d\u016fv penis! - Mzone\",\"isPartOf\":{\"@id\":\"https:\\\/\\\/www.mzone.cz\\\/#website\"},\"primaryImageOfPage\":{\"@id\":\"https:\\\/\\\/www.mzone.cz\\\/hrac-ac-milan-chtel-fotku-s-ronaldem-omylem-vyfotil-spoluhracuv-penis\\\/#primaryimage\"},\"image\":{\"@id\":\"https:\\\/\\\/www.mzone.cz\\\/hrac-ac-milan-chtel-fotku-s-ronaldem-omylem-vyfotil-spoluhracuv-penis\\\/#primaryimage\"},\"thumbnailUrl\":\"https:\\\/\\\/www.mzone.cz\\\/wp-content\\\/uploads\\\/2018\\\/11\\\/Sn\u00edmek-obrazovky-2018-11-16-v-19.06.02.png\",\"datePublished\":\"2018-11-17T05:00:37+00:00\",\"dateModified\":\"2020-09-25T15:39:55+00:00\",\"author\":{\"@id\":\"https:\\\/\\\/www.mzone.cz\\\/#\\\/schema\\\/person\\\/9bc20cc422a99cac4af6ff9297da32d4\"},\"description\":\"O uplynul\u00e9m v\u00edkendu m\u011bla italsk\u00e1 Serie A na po\u0159adu \u0161l\u00e1gr v podob\u011b z\u00e1pasu mezi Juventusem a AC Mil\u00e1n. Nakonec se i d\u00edky g\u00f3lu Cristiana Ronalda radovali dom\u00e1c\u00ed a zklaman\u00fd obr\u00e1nce AC Raou Bellanova po z\u00e1pase alespo\u0148 uko\u0159istit fotku s portugalskou hv\u011bzdou. Tu si v \u0161atn\u011b nakonec po\u0159\u00eddil, ale bylo na n\u00ed vid\u011bt mo\u017en\u00e1 v\u00edce, ne\u017e by si Ronaldovi spoluhr\u00e1\u010di p\u0159\u00e1li.\",\"breadcrumb\":{\"@id\":\"https:\\\/\\\/www.mzone.cz\\\/hrac-ac-milan-chtel-fotku-s-ronaldem-omylem-vyfotil-spoluhracuv-penis\\\/#breadcrumb\"},\"inLanguage\":\"en-US\",\"potentialAction\":[{\"@type\":\"ReadAction\",\"target\":[\"https:\\\/\\\/www.mzone.cz\\\/hrac-ac-milan-chtel-fotku-s-ronaldem-omylem-vyfotil-spoluhracuv-penis\\\/\"]}]},{\"@type\":\"ImageObject\",\"inLanguage\":\"en-US\",\"@id\":\"https:\\\/\\\/www.mzone.cz\\\/hrac-ac-milan-chtel-fotku-s-ronaldem-omylem-vyfotil-spoluhracuv-penis\\\/#primaryimage\",\"url\":\"https:\\\/\\\/www.mzone.cz\\\/wp-content\\\/uploads\\\/2018\\\/11\\\/Sn\u00edmek-obrazovky-2018-11-16-v-19.06.02.png\",\"contentUrl\":\"https:\\\/\\\/www.mzone.cz\\\/wp-content\\\/uploads\\\/2018\\\/11\\\/Sn\u00edmek-obrazovky-2018-11-16-v-19.06.02.png\",\"width\":1510,\"height\":1006},{\"@type\":\"BreadcrumbList\",\"@id\":\"https:\\\/\\\/www.mzone.cz\\\/hrac-ac-milan-chtel-fotku-s-ronaldem-omylem-vyfotil-spoluhracuv-penis\\\/#breadcrumb\",\"itemListElement\":[{\"@type\":\"ListItem\",\"position\":1,\"name\":\"Dom\u016f\",\"item\":\"https:\\\/\\\/www.mzone.cz\\\/\"},{\"@type\":\"ListItem\",\"position\":2,\"name\":\"Hr\u00e1\u010d AC Mil\u00e1n cht\u011bl fotku s Ronaldem, omylem vyfotil spoluhr\u00e1\u010d\u016fv penis!\"}]},{\"@type\":\"WebSite\",\"@id\":\"https:\\\/\\\/www.mzone.cz\\\/#website\",\"url\":\"https:\\\/\\\/www.mzone.cz\\\/\",\"name\":\"Mzone\",\"description\":\"Magaz\u00edn nejen pro mu\u017ee\",\"potentialAction\":[{\"@type\":\"SearchAction\",\"target\":{\"@type\":\"EntryPoint\",\"urlTemplate\":\"https:\\\/\\\/www.mzone.cz\\\/?s={search_term_string}\"},\"query-input\":{\"@type\":\"PropertyValueSpecification\",\"valueRequired\":true,\"valueName\":\"search_term_string\"}}],\"inLanguage\":\"en-US\"},{\"@type\":\"Person\",\"@id\":\"https:\\\/\\\/www.mzone.cz\\\/#\\\/schema\\\/person\\\/9bc20cc422a99cac4af6ff9297da32d4\",\"name\":\"Mzone\",\"image\":{\"@type\":\"ImageObject\",\"inLanguage\":\"en-US\",\"@id\":\"https:\\\/\\\/secure.gravatar.com\\\/avatar\\\/e780a8630f3182a3d06dd667ab6bea151a0d155b0951bc15fe22633acdac0676?s=96&d=mm&r=g\",\"url\":\"https:\\\/\\\/secure.gravatar.com\\\/avatar\\\/e780a8630f3182a3d06dd667ab6bea151a0d155b0951bc15fe22633acdac0676?s=96&d=mm&r=g\",\"contentUrl\":\"https:\\\/\\\/secure.gravatar.com\\\/avatar\\\/e780a8630f3182a3d06dd667ab6bea151a0d155b0951bc15fe22633acdac0676?s=96&d=mm&r=g\",\"caption\":\"Mzone\"},\"url\":\"https:\\\/\\\/www.mzone.cz\\\/en\\\/author\\\/jakub\\\/\"}]}<\/script>\n<!-- \/ Yoast SEO plugin. -->","yoast_head_json":{"title":"Hr\u00e1\u010d AC Mil\u00e1n cht\u011bl fotku s Ronaldem, omylem vyfotil spoluhr\u00e1\u010d\u016fv penis! - Mzone","description":"O uplynul\u00e9m v\u00edkendu m\u011bla italsk\u00e1 Serie A na po\u0159adu \u0161l\u00e1gr v podob\u011b z\u00e1pasu mezi Juventusem a AC Mil\u00e1n. Nakonec se i d\u00edky g\u00f3lu Cristiana Ronalda radovali dom\u00e1c\u00ed a zklaman\u00fd obr\u00e1nce AC Raou Bellanova po z\u00e1pase alespo\u0148 uko\u0159istit fotku s portugalskou hv\u011bzdou. Tu si v \u0161atn\u011b nakonec po\u0159\u00eddil, ale bylo na n\u00ed vid\u011bt mo\u017en\u00e1 v\u00edce, ne\u017e by si Ronaldovi spoluhr\u00e1\u010di p\u0159\u00e1li.","robots":{"index":"index","follow":"follow","max-snippet":"max-snippet:-1","max-image-preview":"max-image-preview:large","max-video-preview":"max-video-preview:-1"},"canonical":"https:\/\/www.mzone.cz\/en\/hrac-ac-milan-chtel-fotku-s-ronaldem-omylem-vyfotil-spoluhracuv-penis\/","og_locale":"en_US","og_type":"article","og_title":"Hr\u00e1\u010d AC Mil\u00e1n cht\u011bl fotku s Ronaldem, omylem vyfotil spoluhr\u00e1\u010d\u016fv penis! - Mzone","og_description":"O uplynul\u00e9m v\u00edkendu m\u011bla italsk\u00e1 Serie A na po\u0159adu \u0161l\u00e1gr v podob\u011b z\u00e1pasu mezi Juventusem a AC Mil\u00e1n. Nakonec se i d\u00edky g\u00f3lu Cristiana Ronalda radovali dom\u00e1c\u00ed a zklaman\u00fd obr\u00e1nce AC Raou Bellanova po z\u00e1pase alespo\u0148 uko\u0159istit fotku s portugalskou hv\u011bzdou. Tu si v \u0161atn\u011b nakonec po\u0159\u00eddil, ale bylo na n\u00ed vid\u011bt mo\u017en\u00e1 v\u00edce, ne\u017e by si Ronaldovi spoluhr\u00e1\u010di p\u0159\u00e1li.","og_url":"https:\/\/www.mzone.cz\/en\/hrac-ac-milan-chtel-fotku-s-ronaldem-omylem-vyfotil-spoluhracuv-penis\/","og_site_name":"Mzone","article_publisher":"https:\/\/www.facebook.com\/MzoneCZ\/","article_published_time":"2018-11-17T05:00:37+00:00","article_modified_time":"2020-09-25T15:39:55+00:00","og_image":[{"width":1510,"height":1006,"url":"https:\/\/www.mzone.cz\/wp-content\/uploads\/2018\/11\/Sn\u00edmek-obrazovky-2018-11-16-v-19.06.02.png","type":"image\/png"}],"author":"Mzone","twitter_card":"summary_large_image","twitter_misc":{"Written by":"Mzone","Est. reading time":"1 minute"},"schema":{"@context":"https:\/\/schema.org","@graph":[{"@type":"Article","@id":"https:\/\/www.mzone.cz\/hrac-ac-milan-chtel-fotku-s-ronaldem-omylem-vyfotil-spoluhracuv-penis\/#article","isPartOf":{"@id":"https:\/\/www.mzone.cz\/hrac-ac-milan-chtel-fotku-s-ronaldem-omylem-vyfotil-spoluhracuv-penis\/"},"author":{"name":"Mzone","@id":"https:\/\/www.mzone.cz\/#\/schema\/person\/9bc20cc422a99cac4af6ff9297da32d4"},"headline":"Hr\u00e1\u010d AC Mil\u00e1n cht\u011bl fotku s Ronaldem, omylem vyfotil spoluhr\u00e1\u010d\u016fv penis!","datePublished":"2018-11-17T05:00:37+00:00","dateModified":"2020-09-25T15:39:55+00:00","mainEntityOfPage":{"@id":"https:\/\/www.mzone.cz\/hrac-ac-milan-chtel-fotku-s-ronaldem-omylem-vyfotil-spoluhracuv-penis\/"},"wordCount":243,"commentCount":0,"image":{"@id":"https:\/\/www.mzone.cz\/hrac-ac-milan-chtel-fotku-s-ronaldem-omylem-vyfotil-spoluhracuv-penis\/#primaryimage"},"thumbnailUrl":"https:\/\/www.mzone.cz\/wp-content\/uploads\/2018\/11\/Sn\u00edmek-obrazovky-2018-11-16-v-19.06.02.png","keywords":["AC Mil\u00e1n","celebrita","fotbal","nahota","omyl","penis","Ronaldo","\u0161atna","self\u00ed\u010dko","Selfie","soukrom\u00ed","Sport","sportovec","vir\u00e1l"],"articleSection":["Sport"],"inLanguage":"en-US","potentialAction":[{"@type":"CommentAction","name":"Comment","target":["https:\/\/www.mzone.cz\/hrac-ac-milan-chtel-fotku-s-ronaldem-omylem-vyfotil-spoluhracuv-penis\/#respond"]}]},{"@type":"WebPage","@id":"https:\/\/www.mzone.cz\/hrac-ac-milan-chtel-fotku-s-ronaldem-omylem-vyfotil-spoluhracuv-penis\/","url":"https:\/\/www.mzone.cz\/hrac-ac-milan-chtel-fotku-s-ronaldem-omylem-vyfotil-spoluhracuv-penis\/","name":"Hr\u00e1\u010d AC Mil\u00e1n cht\u011bl fotku s Ronaldem, omylem vyfotil spoluhr\u00e1\u010d\u016fv penis! - Mzone","isPartOf":{"@id":"https:\/\/www.mzone.cz\/#website"},"primaryImageOfPage":{"@id":"https:\/\/www.mzone.cz\/hrac-ac-milan-chtel-fotku-s-ronaldem-omylem-vyfotil-spoluhracuv-penis\/#primaryimage"},"image":{"@id":"https:\/\/www.mzone.cz\/hrac-ac-milan-chtel-fotku-s-ronaldem-omylem-vyfotil-spoluhracuv-penis\/#primaryimage"},"thumbnailUrl":"https:\/\/www.mzone.cz\/wp-content\/uploads\/2018\/11\/Sn\u00edmek-obrazovky-2018-11-16-v-19.06.02.png","datePublished":"2018-11-17T05:00:37+00:00","dateModified":"2020-09-25T15:39:55+00:00","author":{"@id":"https:\/\/www.mzone.cz\/#\/schema\/person\/9bc20cc422a99cac4af6ff9297da32d4"},"description":"O uplynul\u00e9m v\u00edkendu m\u011bla italsk\u00e1 Serie A na po\u0159adu \u0161l\u00e1gr v podob\u011b z\u00e1pasu mezi Juventusem a AC Mil\u00e1n. Nakonec se i d\u00edky g\u00f3lu Cristiana Ronalda radovali dom\u00e1c\u00ed a zklaman\u00fd obr\u00e1nce AC Raou Bellanova po z\u00e1pase alespo\u0148 uko\u0159istit fotku s portugalskou hv\u011bzdou. Tu si v \u0161atn\u011b nakonec po\u0159\u00eddil, ale bylo na n\u00ed vid\u011bt mo\u017en\u00e1 v\u00edce, ne\u017e by si Ronaldovi spoluhr\u00e1\u010di p\u0159\u00e1li.","breadcrumb":{"@id":"https:\/\/www.mzone.cz\/hrac-ac-milan-chtel-fotku-s-ronaldem-omylem-vyfotil-spoluhracuv-penis\/#breadcrumb"},"inLanguage":"en-US","potentialAction":[{"@type":"ReadAction","target":["https:\/\/www.mzone.cz\/hrac-ac-milan-chtel-fotku-s-ronaldem-omylem-vyfotil-spoluhracuv-penis\/"]}]},{"@type":"ImageObject","inLanguage":"en-US","@id":"https:\/\/www.mzone.cz\/hrac-ac-milan-chtel-fotku-s-ronaldem-omylem-vyfotil-spoluhracuv-penis\/#primaryimage","url":"https:\/\/www.mzone.cz\/wp-content\/uploads\/2018\/11\/Sn\u00edmek-obrazovky-2018-11-16-v-19.06.02.png","contentUrl":"https:\/\/www.mzone.cz\/wp-content\/uploads\/2018\/11\/Sn\u00edmek-obrazovky-2018-11-16-v-19.06.02.png","width":1510,"height":1006},{"@type":"BreadcrumbList","@id":"https:\/\/www.mzone.cz\/hrac-ac-milan-chtel-fotku-s-ronaldem-omylem-vyfotil-spoluhracuv-penis\/#breadcrumb","itemListElement":[{"@type":"ListItem","position":1,"name":"Dom\u016f","item":"https:\/\/www.mzone.cz\/"},{"@type":"ListItem","position":2,"name":"Hr\u00e1\u010d AC Mil\u00e1n cht\u011bl fotku s Ronaldem, omylem vyfotil spoluhr\u00e1\u010d\u016fv penis!"}]},{"@type":"WebSite","@id":"https:\/\/www.mzone.cz\/#website","url":"https:\/\/www.mzone.cz\/","name":"Mzone","description":"Magaz\u00edn nejen pro mu\u017ee","potentialAction":[{"@type":"SearchAction","target":{"@type":"EntryPoint","urlTemplate":"https:\/\/www.mzone.cz\/?s={search_term_string}"},"query-input":{"@type":"PropertyValueSpecification","valueRequired":true,"valueName":"search_term_string"}}],"inLanguage":"en-US"},{"@type":"Person","@id":"https:\/\/www.mzone.cz\/#\/schema\/person\/9bc20cc422a99cac4af6ff9297da32d4","name":"Mzone","image":{"@type":"ImageObject","inLanguage":"en-US","@id":"https:\/\/secure.gravatar.com\/avatar\/e780a8630f3182a3d06dd667ab6bea151a0d155b0951bc15fe22633acdac0676?s=96&d=mm&r=g","url":"https:\/\/secure.gravatar.com\/avatar\/e780a8630f3182a3d06dd667ab6bea151a0d155b0951bc15fe22633acdac0676?s=96&d=mm&r=g","contentUrl":"https:\/\/secure.gravatar.com\/avatar\/e780a8630f3182a3d06dd667ab6bea151a0d155b0951bc15fe22633acdac0676?s=96&d=mm&r=g","caption":"Mzone"},"url":"https:\/\/www.mzone.cz\/en\/author\/jakub\/"}]}},"_links":{"self":[{"href":"https:\/\/www.mzone.cz\/en\/wp-json\/wp\/v2\/posts\/1950","targetHints":{"allow":["GET"]}}],"collection":[{"href":"https:\/\/www.mzone.cz\/en\/wp-json\/wp\/v2\/posts"}],"about":[{"href":"https:\/\/www.mzone.cz\/en\/wp-json\/wp\/v2\/types\/post"}],"author":[{"embeddable":true,"href":"https:\/\/www.mzone.cz\/en\/wp-json\/wp\/v2\/users\/4"}],"replies":[{"embeddable":true,"href":"https:\/\/www.mzone.cz\/en\/wp-json\/wp\/v2\/comments?post=1950"}],"version-history":[{"count":6,"href":"https:\/\/www.mzone.cz\/en\/wp-json\/wp\/v2\/posts\/1950\/revisions"}],"predecessor-version":[{"id":24652,"href":"https:\/\/www.mzone.cz\/en\/wp-json\/wp\/v2\/posts\/1950\/revisions\/24652"}],"wp:featuredmedia":[{"embeddable":true,"href":"https:\/\/www.mzone.cz\/en\/wp-json\/wp\/v2\/media\/1951"}],"wp:attachment":[{"href":"https:\/\/www.mzone.cz\/en\/wp-json\/wp\/v2\/media?parent=1950"}],"wp:term":[{"taxonomy":"category","embeddable":true,"href":"https:\/\/www.mzone.cz\/en\/wp-json\/wp\/v2\/categories?post=1950"},{"taxonomy":"post_tag","embeddable":true,"href":"https:\/\/www.mzone.cz\/en\/wp-json\/wp\/v2\/tags?post=1950"}],"curies":[{"name":"wp","href":"https:\/\/api.w.org\/{rel}","templated":true}]}}