{"id":19597,"date":"2020-03-28T05:00:00","date_gmt":"2020-03-28T04:00:00","guid":{"rendered":"https:\/\/www.mzone.cz\/?p=19597"},"modified":"2020-03-25T16:19:30","modified_gmt":"2020-03-25T15:19:30","slug":"bude-letos-tedx-pripravy-jsou-v-plnem-proudu","status":"publish","type":"post","link":"https:\/\/www.mzone.cz\/en\/bude-letos-tedx-pripravy-jsou-v-plnem-proudu\/","title":{"rendered":"Bude letos TEDx? P\u0159\u00edpravy jsou v pln\u00e9m proudu navzdory celorepublikov\u00e9 karant\u00e9n\u011b"},"content":{"rendered":"<p><strong>Dobr\u00fdch zpr\u00e1v nen\u00ed v t\u00e9to komplikovan\u00e9 dob\u011b nikdy dost. Pat\u0159\u00ed mezi n\u011b i zpr\u00e1va, \u017ee tak\u00e9 letos na podzim se zat\u00edm po\u010d\u00edt\u00e1 s uskute\u010dn\u011bn\u00edm akce s n\u00e1zvem TEDxPrague. P\u0159\u00edpravy pra\u017esk\u00e9ho TEDu jsou u\u017e te\u010f v pln\u00e9m proudu, a to navzdory celorepublikov\u00e9 karant\u00e9n\u011b zp\u016fsoben\u00e9 pandemi\u00ed koronaviru.<\/strong><\/p><br>\n\n\n\n<p>Do podzimn\u00ed akce v pra\u017esk\u00e9m Foru Karl\u00edn sice zb\u00fdv\u00e1 je\u0161t\u011b dost \u010dasu, organiz\u00e1to\u0159i ale u\u017e te\u010f nijak nezah\u00e1l\u00ed. To nejd\u016fle\u017eit\u011bj\u0161\u00ed, tedy samotn\u00e9 t\u00e9ma leto\u0161n\u00edho TEDxPrague, se usilovn\u011b \u0159e\u0161\u00ed pr\u00e1v\u011b v t\u011bchto dnech.<\/p>\n\n\n\n<blockquote class=\"wp-block-quote is-layout-flow wp-block-quote-is-layout-flow\"><p>Ze zhruba des\u00edtky nominovan\u00fdch t\u00e9mat byla tento t\u00fdden vybr\u00e1na dv\u011b, mezi kter\u00fdmi se definitivn\u011b rozhodne v nejbli\u017e\u0161\u00edch dnech.<\/p><\/blockquote>\n\n\n\n<p>T\u00e9matem lo\u0148sk\u00e9ho ro\u010dn\u00edku byl Sv\u00e1r, na p\u00f3diu o n\u011bm mluvil nap\u0159\u00edklad katolick\u00fd kn\u011bz Tom\u00e1\u0161 Hal\u00edk, pol\u00e1rn\u00ed v\u011bdkyn\u011b Marie \u0160aback\u00e1, prvn\u00ed d\u00e1ma \u010desk\u00e9ho j\u00e1dra Dana Dr\u00e1bov\u00e1 nebo zakladatelka centra LOCIKA Petra W\u00fcnschov\u00e1.<\/p><br>\n\n\n\n<figure class=\"wp-block-image size-large\"><img loading=\"lazy\" decoding=\"async\" width=\"1024\" height=\"682\" src=\"https:\/\/www.mzone.cz\/wp-content\/uploads\/2020\/03\/49043771443_66f4f9683e_k-1024x682.jpg\" alt=\"\" class=\"wp-image-19600\" srcset=\"https:\/\/www.mzone.cz\/wp-content\/uploads\/2020\/03\/49043771443_66f4f9683e_k-1024x682.jpg 1024w, https:\/\/www.mzone.cz\/wp-content\/uploads\/2020\/03\/49043771443_66f4f9683e_k-300x200.jpg 300w, https:\/\/www.mzone.cz\/wp-content\/uploads\/2020\/03\/49043771443_66f4f9683e_k-768x512.jpg 768w, https:\/\/www.mzone.cz\/wp-content\/uploads\/2020\/03\/49043771443_66f4f9683e_k-1536x1023.jpg 1536w, https:\/\/www.mzone.cz\/wp-content\/uploads\/2020\/03\/49043771443_66f4f9683e_k-800x533.jpg 800w, https:\/\/www.mzone.cz\/wp-content\/uploads\/2020\/03\/49043771443_66f4f9683e_k-400x267.jpg 400w, https:\/\/www.mzone.cz\/wp-content\/uploads\/2020\/03\/49043771443_66f4f9683e_k-500x333.jpg 500w, https:\/\/www.mzone.cz\/wp-content\/uploads\/2020\/03\/49043771443_66f4f9683e_k-1170x780.jpg 1170w, https:\/\/www.mzone.cz\/wp-content\/uploads\/2020\/03\/49043771443_66f4f9683e_k-590x393.jpg 590w, https:\/\/www.mzone.cz\/wp-content\/uploads\/2020\/03\/49043771443_66f4f9683e_k.jpg 1948w\" sizes=\"auto, (max-width: 1024px) 100vw, 1024px\" \/><\/figure><br>\n\n\n\n<p>Nouzov\u00fd stav spojen\u00fd se z\u00e1kazem shroma\u017e\u010fov\u00e1n\u00ed osob p\u0159\u00edpravy leto\u0161n\u00edho TEDxPrague lehce komplikuje, organiza\u010dn\u00ed t\u00fdm se ale nenechal zasko\u010dit a \u010dlenov\u00e9 t\u00fdmu se pravideln\u011b potk\u00e1vaj\u00ed, i kdy\u017e jen virtu\u00e1ln\u011b. Nap\u0159\u00edklad tento t\u00fdden prob\u011bhly hned t\u0159i on-line meetingy.<\/p>\n\n\n\n<blockquote class=\"wp-block-quote is-layout-flow wp-block-quote-is-layout-flow\"><p>V tuto chv\u00edli se jen t\u011b\u017eko p\u0159edpov\u00edd\u00e1, jak se bude situace ohledn\u011b koronaviru v \u010cesk\u00e9 republice d\u00e1le vyv\u00edjet. Organiz\u00e1to\u0159i TEDxPrague v\u0161ak zat\u00edm po\u010d\u00edtaj\u00ed, \u017ee akce prob\u011bhne v tradi\u010dn\u00edm podzimn\u00edm term\u00ednu na za\u010d\u00e1tku listopadu a podle toho tak\u00e9 p\u0159\u00edpravy prob\u00edhaj\u00ed.<\/p><\/blockquote>\n\n\n\n<p>TEDx je neziskov\u00e1 iniciativa, jej\u00edm\u017e centrem jsou \u201cmy\u0161lenky hodn\u00e9 \u0161\u00ed\u0159en\u00ed\u201d \u2013 sd\u00edlen\u00ed podn\u011btn\u00fdch n\u00e1pad\u016f a\u00a0p\u0159\u00edb\u011bh\u016f.\u00a0<a href=\"https:\/\/www.tedxprague.cz\/\">TEDxPrague<\/a> vznikl v\u00a0roce 2009 inspirov\u00e1n <a href=\"https:\/\/www.ted.com\">TED<\/a>\u00a0a\u00a0pod\u00a0jeho licenc\u00ed. D\u00edky tomu je sou\u010d\u00e1st\u00ed celosv\u011btov\u00e9ho hnut\u00ed TEDx. A pro leto\u0161n\u00ed ro\u010dn\u00edk organiza\u010dn\u00ed t\u00fdm pra\u017esk\u00e9ho TEDxu v\u00fdrazn\u011b pos\u00edlil, zcela nov\u00fd je nap\u0159\u00edklad cel\u00fd komunika\u010dn\u00ed t\u00fdm akce. Tak snad v\u0161echno dob\u0159e dopadne a akce se i letos uskute\u010dn\u00ed v obvykl\u00e9m term\u00ednu. Ur\u010dit\u011b se bude na co t\u011b\u0161it!<\/p><br>\n\n\n\n<div class=\"wp-block-image\"><figure class=\"alignleft size-large is-resized\"><img loading=\"lazy\" decoding=\"async\" src=\"https:\/\/www.mzone.cz\/wp-content\/uploads\/2019\/02\/tedx-sydney-events-in-sydney-andy-dexterity-1024x682.jpg\" alt=\"\" class=\"wp-image-3927\" width=\"131\" height=\"88\" srcset=\"https:\/\/www.mzone.cz\/wp-content\/uploads\/2019\/02\/tedx-sydney-events-in-sydney-andy-dexterity-1024x682.jpg 1024w, https:\/\/www.mzone.cz\/wp-content\/uploads\/2019\/02\/tedx-sydney-events-in-sydney-andy-dexterity-300x200.jpg 300w, https:\/\/www.mzone.cz\/wp-content\/uploads\/2019\/02\/tedx-sydney-events-in-sydney-andy-dexterity-768x512.jpg 768w, https:\/\/www.mzone.cz\/wp-content\/uploads\/2019\/02\/tedx-sydney-events-in-sydney-andy-dexterity-800x533.jpg 800w, https:\/\/www.mzone.cz\/wp-content\/uploads\/2019\/02\/tedx-sydney-events-in-sydney-andy-dexterity-400x267.jpg 400w, https:\/\/www.mzone.cz\/wp-content\/uploads\/2019\/02\/tedx-sydney-events-in-sydney-andy-dexterity-500x333.jpg 500w, https:\/\/www.mzone.cz\/wp-content\/uploads\/2019\/02\/tedx-sydney-events-in-sydney-andy-dexterity-1170x780.jpg 1170w, https:\/\/www.mzone.cz\/wp-content\/uploads\/2019\/02\/tedx-sydney-events-in-sydney-andy-dexterity-590x393.jpg 590w, https:\/\/www.mzone.cz\/wp-content\/uploads\/2019\/02\/tedx-sydney-events-in-sydney-andy-dexterity.jpg 1379w\" sizes=\"auto, (max-width: 131px) 100vw, 131px\" \/><\/figure><\/div>\n\n\n\n<h4><a href=\"https:\/\/www.mzone.cz\/videa-ktera-vam-mohou-zmenit-zivot-tohle-je-10-nejlepsich-ted-prednasek\/\">Videa, kter\u00e1 v\u00e1m mohou zm\u011bnit \u017eivot. Tohle je 10 nejlep\u0161\u00edch TED p\u0159edn\u00e1\u0161ek!<\/a><\/h4><br>","protected":false},"excerpt":{"rendered":"<p>Dobr\u00fdch zpr\u00e1v nen\u00ed v t\u00e9to komplikovan\u00e9 dob\u011b nikdy dost. Pat\u0159\u00ed mezi n\u011b i zpr\u00e1va, \u017ee tak\u00e9 letos na podzim se zat\u00edm po\u010d\u00edt\u00e1 s uskute\u010dn\u011bn\u00edm akce s n\u00e1zvem TEDxPrague. P\u0159\u00edpravy pra\u017esk\u00e9ho TEDu jsou u\u017e te\u010f v pln\u00e9m proudu, a to navzdory celorepublikov\u00e9 karant\u00e9n\u011b zp\u016fsoben\u00e9 pandemi\u00ed koronaviru. Do podzimn\u00ed akce v pra\u017esk\u00e9m Foru Karl\u00edn sice zb\u00fdv\u00e1 je\u0161t\u011b [&hellip;]<\/p>\n","protected":false},"author":4,"featured_media":19598,"comment_status":"open","ping_status":"closed","sticky":false,"template":"","format":"standard","meta":{"kk_blocks_editor_width":"","_kiokenblocks_attr":"","_kiokenblocks_dimensions":"","footnotes":""},"categories":[29,25],"tags":[147,3619,1893,3576,1420,1283,3560,363,3622,3623,490,1281,1279,3621],"class_list":["post-19597","post","type-post","status-publish","format-standard","has-post-thumbnail","hentry","category-lifestyle","category-style","tag-akce","tag-covid-19","tag-forum-karlin","tag-karantena","tag-komplikace","tag-konference","tag-koronavirus","tag-praha","tag-prazsky-tedx","tag-pripravy","tag-style","tag-ted","tag-tedx","tag-tedxprague"],"yoast_head":"<!-- This site is optimized with the Yoast SEO plugin v27.5 - https:\/\/yoast.com\/product\/yoast-seo-wordpress\/ -->\n<title>Bude letos TEDx? P\u0159\u00edpravy jsou v pln\u00e9m proudu navzdory celorepublikov\u00e9 karant\u00e9n\u011b - Mzone<\/title>\n<meta name=\"description\" content=\"Dobr\u00fdch zpr\u00e1v nen\u00ed v t\u00e9to komplikovan\u00e9 dob\u011b nikdy dost. Pat\u0159\u00ed mezi n\u011b i zpr\u00e1va, \u017ee tak\u00e9 letos na podzim se zat\u00edm po\u010d\u00edt\u00e1 s uskute\u010dn\u011bn\u00edm akce s n\u00e1zvem TEDxPrague. P\u0159\u00edpravy pra\u017esk\u00e9ho TEDu jsou u\u017e te\u010f v pln\u00e9m proudu, a to navzdory celorepublikov\u00e9 karant\u00e9n\u011b zp\u016fsoben\u00e9 pandemi\u00ed koronaviru.\" \/>\n<meta name=\"robots\" content=\"index, follow, max-snippet:-1, max-image-preview:large, max-video-preview:-1\" \/>\n<link rel=\"canonical\" href=\"https:\/\/www.mzone.cz\/en\/bude-letos-tedx-pripravy-jsou-v-plnem-proudu\/\" \/>\n<meta property=\"og:locale\" content=\"en_US\" \/>\n<meta property=\"og:type\" content=\"article\" \/>\n<meta property=\"og:title\" content=\"Bude letos TEDx? P\u0159\u00edpravy jsou v pln\u00e9m proudu navzdory celorepublikov\u00e9 karant\u00e9n\u011b - Mzone\" \/>\n<meta property=\"og:description\" content=\"Dobr\u00fdch zpr\u00e1v nen\u00ed v t\u00e9to komplikovan\u00e9 dob\u011b nikdy dost. Pat\u0159\u00ed mezi n\u011b i zpr\u00e1va, \u017ee tak\u00e9 letos na podzim se zat\u00edm po\u010d\u00edt\u00e1 s uskute\u010dn\u011bn\u00edm akce s n\u00e1zvem TEDxPrague. P\u0159\u00edpravy pra\u017esk\u00e9ho TEDu jsou u\u017e te\u010f v pln\u00e9m proudu, a to navzdory celorepublikov\u00e9 karant\u00e9n\u011b zp\u016fsoben\u00e9 pandemi\u00ed koronaviru.\" \/>\n<meta property=\"og:url\" content=\"https:\/\/www.mzone.cz\/en\/bude-letos-tedx-pripravy-jsou-v-plnem-proudu\/\" \/>\n<meta property=\"og:site_name\" content=\"Mzone\" \/>\n<meta property=\"article:publisher\" content=\"https:\/\/www.facebook.com\/MzoneCZ\/\" \/>\n<meta property=\"article:published_time\" content=\"2020-03-28T04:00:00+00:00\" \/>\n<meta property=\"og:image\" content=\"https:\/\/www.mzone.cz\/wp-content\/uploads\/2020\/03\/TEDxPrague.jpg\" \/>\n\t<meta property=\"og:image:width\" content=\"1781\" \/>\n\t<meta property=\"og:image:height\" content=\"1187\" \/>\n\t<meta property=\"og:image:type\" content=\"image\/jpeg\" \/>\n<meta name=\"author\" content=\"Mzone\" \/>\n<meta name=\"twitter:card\" content=\"summary_large_image\" \/>\n<meta name=\"twitter:label1\" content=\"Written by\" \/>\n\t<meta name=\"twitter:data1\" content=\"Mzone\" \/>\n\t<meta name=\"twitter:label2\" content=\"Est. reading time\" \/>\n\t<meta name=\"twitter:data2\" content=\"2 minutes\" \/>\n<script type=\"application\/ld+json\" class=\"yoast-schema-graph\">{\"@context\":\"https:\\\/\\\/schema.org\",\"@graph\":[{\"@type\":\"Article\",\"@id\":\"https:\\\/\\\/www.mzone.cz\\\/bude-letos-tedx-pripravy-jsou-v-plnem-proudu\\\/#article\",\"isPartOf\":{\"@id\":\"https:\\\/\\\/www.mzone.cz\\\/bude-letos-tedx-pripravy-jsou-v-plnem-proudu\\\/\"},\"author\":{\"name\":\"Mzone\",\"@id\":\"https:\\\/\\\/www.mzone.cz\\\/#\\\/schema\\\/person\\\/9bc20cc422a99cac4af6ff9297da32d4\"},\"headline\":\"Bude letos TEDx? P\u0159\u00edpravy jsou v pln\u00e9m proudu navzdory celorepublikov\u00e9 karant\u00e9n\u011b\",\"datePublished\":\"2020-03-28T04:00:00+00:00\",\"mainEntityOfPage\":{\"@id\":\"https:\\\/\\\/www.mzone.cz\\\/bude-letos-tedx-pripravy-jsou-v-plnem-proudu\\\/\"},\"wordCount\":425,\"commentCount\":0,\"image\":{\"@id\":\"https:\\\/\\\/www.mzone.cz\\\/bude-letos-tedx-pripravy-jsou-v-plnem-proudu\\\/#primaryimage\"},\"thumbnailUrl\":\"https:\\\/\\\/www.mzone.cz\\\/wp-content\\\/uploads\\\/2020\\\/03\\\/TEDxPrague.jpg\",\"keywords\":[\"akce\",\"COVID-19\",\"Forum Karl\u00edn\",\"karant\u00e9na\",\"komplikace\",\"konference\",\"koronavirus\",\"Praha\",\"pra\u017esk\u00fd TEDx\",\"p\u0159\u00edpravy\",\"style\",\"TED\",\"TEDx\",\"TEDxPrague\"],\"articleSection\":[\"Lifestyle\",\"Style\"],\"inLanguage\":\"en-US\",\"potentialAction\":[{\"@type\":\"CommentAction\",\"name\":\"Comment\",\"target\":[\"https:\\\/\\\/www.mzone.cz\\\/bude-letos-tedx-pripravy-jsou-v-plnem-proudu\\\/#respond\"]}]},{\"@type\":\"WebPage\",\"@id\":\"https:\\\/\\\/www.mzone.cz\\\/bude-letos-tedx-pripravy-jsou-v-plnem-proudu\\\/\",\"url\":\"https:\\\/\\\/www.mzone.cz\\\/bude-letos-tedx-pripravy-jsou-v-plnem-proudu\\\/\",\"name\":\"Bude letos TEDx? P\u0159\u00edpravy jsou v pln\u00e9m proudu navzdory celorepublikov\u00e9 karant\u00e9n\u011b - Mzone\",\"isPartOf\":{\"@id\":\"https:\\\/\\\/www.mzone.cz\\\/#website\"},\"primaryImageOfPage\":{\"@id\":\"https:\\\/\\\/www.mzone.cz\\\/bude-letos-tedx-pripravy-jsou-v-plnem-proudu\\\/#primaryimage\"},\"image\":{\"@id\":\"https:\\\/\\\/www.mzone.cz\\\/bude-letos-tedx-pripravy-jsou-v-plnem-proudu\\\/#primaryimage\"},\"thumbnailUrl\":\"https:\\\/\\\/www.mzone.cz\\\/wp-content\\\/uploads\\\/2020\\\/03\\\/TEDxPrague.jpg\",\"datePublished\":\"2020-03-28T04:00:00+00:00\",\"author\":{\"@id\":\"https:\\\/\\\/www.mzone.cz\\\/#\\\/schema\\\/person\\\/9bc20cc422a99cac4af6ff9297da32d4\"},\"description\":\"Dobr\u00fdch zpr\u00e1v nen\u00ed v t\u00e9to komplikovan\u00e9 dob\u011b nikdy dost. Pat\u0159\u00ed mezi n\u011b i zpr\u00e1va, \u017ee tak\u00e9 letos na podzim se zat\u00edm po\u010d\u00edt\u00e1 s uskute\u010dn\u011bn\u00edm akce s n\u00e1zvem TEDxPrague. P\u0159\u00edpravy pra\u017esk\u00e9ho TEDu jsou u\u017e te\u010f v pln\u00e9m proudu, a to navzdory celorepublikov\u00e9 karant\u00e9n\u011b zp\u016fsoben\u00e9 pandemi\u00ed koronaviru.\",\"breadcrumb\":{\"@id\":\"https:\\\/\\\/www.mzone.cz\\\/bude-letos-tedx-pripravy-jsou-v-plnem-proudu\\\/#breadcrumb\"},\"inLanguage\":\"en-US\",\"potentialAction\":[{\"@type\":\"ReadAction\",\"target\":[\"https:\\\/\\\/www.mzone.cz\\\/bude-letos-tedx-pripravy-jsou-v-plnem-proudu\\\/\"]}]},{\"@type\":\"ImageObject\",\"inLanguage\":\"en-US\",\"@id\":\"https:\\\/\\\/www.mzone.cz\\\/bude-letos-tedx-pripravy-jsou-v-plnem-proudu\\\/#primaryimage\",\"url\":\"https:\\\/\\\/www.mzone.cz\\\/wp-content\\\/uploads\\\/2020\\\/03\\\/TEDxPrague.jpg\",\"contentUrl\":\"https:\\\/\\\/www.mzone.cz\\\/wp-content\\\/uploads\\\/2020\\\/03\\\/TEDxPrague.jpg\",\"width\":1781,\"height\":1187},{\"@type\":\"BreadcrumbList\",\"@id\":\"https:\\\/\\\/www.mzone.cz\\\/bude-letos-tedx-pripravy-jsou-v-plnem-proudu\\\/#breadcrumb\",\"itemListElement\":[{\"@type\":\"ListItem\",\"position\":1,\"name\":\"Dom\u016f\",\"item\":\"https:\\\/\\\/www.mzone.cz\\\/\"},{\"@type\":\"ListItem\",\"position\":2,\"name\":\"Bude letos TEDx? P\u0159\u00edpravy jsou v pln\u00e9m proudu navzdory celorepublikov\u00e9 karant\u00e9n\u011b\"}]},{\"@type\":\"WebSite\",\"@id\":\"https:\\\/\\\/www.mzone.cz\\\/#website\",\"url\":\"https:\\\/\\\/www.mzone.cz\\\/\",\"name\":\"Mzone\",\"description\":\"Magaz\u00edn nejen pro mu\u017ee\",\"potentialAction\":[{\"@type\":\"SearchAction\",\"target\":{\"@type\":\"EntryPoint\",\"urlTemplate\":\"https:\\\/\\\/www.mzone.cz\\\/?s={search_term_string}\"},\"query-input\":{\"@type\":\"PropertyValueSpecification\",\"valueRequired\":true,\"valueName\":\"search_term_string\"}}],\"inLanguage\":\"en-US\"},{\"@type\":\"Person\",\"@id\":\"https:\\\/\\\/www.mzone.cz\\\/#\\\/schema\\\/person\\\/9bc20cc422a99cac4af6ff9297da32d4\",\"name\":\"Mzone\",\"image\":{\"@type\":\"ImageObject\",\"inLanguage\":\"en-US\",\"@id\":\"https:\\\/\\\/secure.gravatar.com\\\/avatar\\\/e780a8630f3182a3d06dd667ab6bea151a0d155b0951bc15fe22633acdac0676?s=96&d=mm&r=g\",\"url\":\"https:\\\/\\\/secure.gravatar.com\\\/avatar\\\/e780a8630f3182a3d06dd667ab6bea151a0d155b0951bc15fe22633acdac0676?s=96&d=mm&r=g\",\"contentUrl\":\"https:\\\/\\\/secure.gravatar.com\\\/avatar\\\/e780a8630f3182a3d06dd667ab6bea151a0d155b0951bc15fe22633acdac0676?s=96&d=mm&r=g\",\"caption\":\"Mzone\"},\"url\":\"https:\\\/\\\/www.mzone.cz\\\/en\\\/author\\\/jakub\\\/\"}]}<\/script>\n<!-- \/ Yoast SEO plugin. -->","yoast_head_json":{"title":"Bude letos TEDx? P\u0159\u00edpravy jsou v pln\u00e9m proudu navzdory celorepublikov\u00e9 karant\u00e9n\u011b - Mzone","description":"Dobr\u00fdch zpr\u00e1v nen\u00ed v t\u00e9to komplikovan\u00e9 dob\u011b nikdy dost. Pat\u0159\u00ed mezi n\u011b i zpr\u00e1va, \u017ee tak\u00e9 letos na podzim se zat\u00edm po\u010d\u00edt\u00e1 s uskute\u010dn\u011bn\u00edm akce s n\u00e1zvem TEDxPrague. P\u0159\u00edpravy pra\u017esk\u00e9ho TEDu jsou u\u017e te\u010f v pln\u00e9m proudu, a to navzdory celorepublikov\u00e9 karant\u00e9n\u011b zp\u016fsoben\u00e9 pandemi\u00ed koronaviru.","robots":{"index":"index","follow":"follow","max-snippet":"max-snippet:-1","max-image-preview":"max-image-preview:large","max-video-preview":"max-video-preview:-1"},"canonical":"https:\/\/www.mzone.cz\/en\/bude-letos-tedx-pripravy-jsou-v-plnem-proudu\/","og_locale":"en_US","og_type":"article","og_title":"Bude letos TEDx? P\u0159\u00edpravy jsou v pln\u00e9m proudu navzdory celorepublikov\u00e9 karant\u00e9n\u011b - Mzone","og_description":"Dobr\u00fdch zpr\u00e1v nen\u00ed v t\u00e9to komplikovan\u00e9 dob\u011b nikdy dost. Pat\u0159\u00ed mezi n\u011b i zpr\u00e1va, \u017ee tak\u00e9 letos na podzim se zat\u00edm po\u010d\u00edt\u00e1 s uskute\u010dn\u011bn\u00edm akce s n\u00e1zvem TEDxPrague. P\u0159\u00edpravy pra\u017esk\u00e9ho TEDu jsou u\u017e te\u010f v pln\u00e9m proudu, a to navzdory celorepublikov\u00e9 karant\u00e9n\u011b zp\u016fsoben\u00e9 pandemi\u00ed koronaviru.","og_url":"https:\/\/www.mzone.cz\/en\/bude-letos-tedx-pripravy-jsou-v-plnem-proudu\/","og_site_name":"Mzone","article_publisher":"https:\/\/www.facebook.com\/MzoneCZ\/","article_published_time":"2020-03-28T04:00:00+00:00","og_image":[{"width":1781,"height":1187,"url":"https:\/\/www.mzone.cz\/wp-content\/uploads\/2020\/03\/TEDxPrague.jpg","type":"image\/jpeg"}],"author":"Mzone","twitter_card":"summary_large_image","twitter_misc":{"Written by":"Mzone","Est. reading time":"2 minutes"},"schema":{"@context":"https:\/\/schema.org","@graph":[{"@type":"Article","@id":"https:\/\/www.mzone.cz\/bude-letos-tedx-pripravy-jsou-v-plnem-proudu\/#article","isPartOf":{"@id":"https:\/\/www.mzone.cz\/bude-letos-tedx-pripravy-jsou-v-plnem-proudu\/"},"author":{"name":"Mzone","@id":"https:\/\/www.mzone.cz\/#\/schema\/person\/9bc20cc422a99cac4af6ff9297da32d4"},"headline":"Bude letos TEDx? P\u0159\u00edpravy jsou v pln\u00e9m proudu navzdory celorepublikov\u00e9 karant\u00e9n\u011b","datePublished":"2020-03-28T04:00:00+00:00","mainEntityOfPage":{"@id":"https:\/\/www.mzone.cz\/bude-letos-tedx-pripravy-jsou-v-plnem-proudu\/"},"wordCount":425,"commentCount":0,"image":{"@id":"https:\/\/www.mzone.cz\/bude-letos-tedx-pripravy-jsou-v-plnem-proudu\/#primaryimage"},"thumbnailUrl":"https:\/\/www.mzone.cz\/wp-content\/uploads\/2020\/03\/TEDxPrague.jpg","keywords":["akce","COVID-19","Forum Karl\u00edn","karant\u00e9na","komplikace","konference","koronavirus","Praha","pra\u017esk\u00fd TEDx","p\u0159\u00edpravy","style","TED","TEDx","TEDxPrague"],"articleSection":["Lifestyle","Style"],"inLanguage":"en-US","potentialAction":[{"@type":"CommentAction","name":"Comment","target":["https:\/\/www.mzone.cz\/bude-letos-tedx-pripravy-jsou-v-plnem-proudu\/#respond"]}]},{"@type":"WebPage","@id":"https:\/\/www.mzone.cz\/bude-letos-tedx-pripravy-jsou-v-plnem-proudu\/","url":"https:\/\/www.mzone.cz\/bude-letos-tedx-pripravy-jsou-v-plnem-proudu\/","name":"Bude letos TEDx? P\u0159\u00edpravy jsou v pln\u00e9m proudu navzdory celorepublikov\u00e9 karant\u00e9n\u011b - Mzone","isPartOf":{"@id":"https:\/\/www.mzone.cz\/#website"},"primaryImageOfPage":{"@id":"https:\/\/www.mzone.cz\/bude-letos-tedx-pripravy-jsou-v-plnem-proudu\/#primaryimage"},"image":{"@id":"https:\/\/www.mzone.cz\/bude-letos-tedx-pripravy-jsou-v-plnem-proudu\/#primaryimage"},"thumbnailUrl":"https:\/\/www.mzone.cz\/wp-content\/uploads\/2020\/03\/TEDxPrague.jpg","datePublished":"2020-03-28T04:00:00+00:00","author":{"@id":"https:\/\/www.mzone.cz\/#\/schema\/person\/9bc20cc422a99cac4af6ff9297da32d4"},"description":"Dobr\u00fdch zpr\u00e1v nen\u00ed v t\u00e9to komplikovan\u00e9 dob\u011b nikdy dost. Pat\u0159\u00ed mezi n\u011b i zpr\u00e1va, \u017ee tak\u00e9 letos na podzim se zat\u00edm po\u010d\u00edt\u00e1 s uskute\u010dn\u011bn\u00edm akce s n\u00e1zvem TEDxPrague. P\u0159\u00edpravy pra\u017esk\u00e9ho TEDu jsou u\u017e te\u010f v pln\u00e9m proudu, a to navzdory celorepublikov\u00e9 karant\u00e9n\u011b zp\u016fsoben\u00e9 pandemi\u00ed koronaviru.","breadcrumb":{"@id":"https:\/\/www.mzone.cz\/bude-letos-tedx-pripravy-jsou-v-plnem-proudu\/#breadcrumb"},"inLanguage":"en-US","potentialAction":[{"@type":"ReadAction","target":["https:\/\/www.mzone.cz\/bude-letos-tedx-pripravy-jsou-v-plnem-proudu\/"]}]},{"@type":"ImageObject","inLanguage":"en-US","@id":"https:\/\/www.mzone.cz\/bude-letos-tedx-pripravy-jsou-v-plnem-proudu\/#primaryimage","url":"https:\/\/www.mzone.cz\/wp-content\/uploads\/2020\/03\/TEDxPrague.jpg","contentUrl":"https:\/\/www.mzone.cz\/wp-content\/uploads\/2020\/03\/TEDxPrague.jpg","width":1781,"height":1187},{"@type":"BreadcrumbList","@id":"https:\/\/www.mzone.cz\/bude-letos-tedx-pripravy-jsou-v-plnem-proudu\/#breadcrumb","itemListElement":[{"@type":"ListItem","position":1,"name":"Dom\u016f","item":"https:\/\/www.mzone.cz\/"},{"@type":"ListItem","position":2,"name":"Bude letos TEDx? P\u0159\u00edpravy jsou v pln\u00e9m proudu navzdory celorepublikov\u00e9 karant\u00e9n\u011b"}]},{"@type":"WebSite","@id":"https:\/\/www.mzone.cz\/#website","url":"https:\/\/www.mzone.cz\/","name":"Mzone","description":"Magaz\u00edn nejen pro mu\u017ee","potentialAction":[{"@type":"SearchAction","target":{"@type":"EntryPoint","urlTemplate":"https:\/\/www.mzone.cz\/?s={search_term_string}"},"query-input":{"@type":"PropertyValueSpecification","valueRequired":true,"valueName":"search_term_string"}}],"inLanguage":"en-US"},{"@type":"Person","@id":"https:\/\/www.mzone.cz\/#\/schema\/person\/9bc20cc422a99cac4af6ff9297da32d4","name":"Mzone","image":{"@type":"ImageObject","inLanguage":"en-US","@id":"https:\/\/secure.gravatar.com\/avatar\/e780a8630f3182a3d06dd667ab6bea151a0d155b0951bc15fe22633acdac0676?s=96&d=mm&r=g","url":"https:\/\/secure.gravatar.com\/avatar\/e780a8630f3182a3d06dd667ab6bea151a0d155b0951bc15fe22633acdac0676?s=96&d=mm&r=g","contentUrl":"https:\/\/secure.gravatar.com\/avatar\/e780a8630f3182a3d06dd667ab6bea151a0d155b0951bc15fe22633acdac0676?s=96&d=mm&r=g","caption":"Mzone"},"url":"https:\/\/www.mzone.cz\/en\/author\/jakub\/"}]}},"_links":{"self":[{"href":"https:\/\/www.mzone.cz\/en\/wp-json\/wp\/v2\/posts\/19597","targetHints":{"allow":["GET"]}}],"collection":[{"href":"https:\/\/www.mzone.cz\/en\/wp-json\/wp\/v2\/posts"}],"about":[{"href":"https:\/\/www.mzone.cz\/en\/wp-json\/wp\/v2\/types\/post"}],"author":[{"embeddable":true,"href":"https:\/\/www.mzone.cz\/en\/wp-json\/wp\/v2\/users\/4"}],"replies":[{"embeddable":true,"href":"https:\/\/www.mzone.cz\/en\/wp-json\/wp\/v2\/comments?post=19597"}],"version-history":[{"count":6,"href":"https:\/\/www.mzone.cz\/en\/wp-json\/wp\/v2\/posts\/19597\/revisions"}],"predecessor-version":[{"id":19607,"href":"https:\/\/www.mzone.cz\/en\/wp-json\/wp\/v2\/posts\/19597\/revisions\/19607"}],"wp:featuredmedia":[{"embeddable":true,"href":"https:\/\/www.mzone.cz\/en\/wp-json\/wp\/v2\/media\/19598"}],"wp:attachment":[{"href":"https:\/\/www.mzone.cz\/en\/wp-json\/wp\/v2\/media?parent=19597"}],"wp:term":[{"taxonomy":"category","embeddable":true,"href":"https:\/\/www.mzone.cz\/en\/wp-json\/wp\/v2\/categories?post=19597"},{"taxonomy":"post_tag","embeddable":true,"href":"https:\/\/www.mzone.cz\/en\/wp-json\/wp\/v2\/tags?post=19597"}],"curies":[{"name":"wp","href":"https:\/\/api.w.org\/{rel}","templated":true}]}}