{"id":19663,"date":"2020-11-02T05:00:00","date_gmt":"2020-11-02T04:00:00","guid":{"rendered":"https:\/\/www.mzone.cz\/?p=19663"},"modified":"2020-09-25T15:09:01","modified_gmt":"2020-09-25T13:09:01","slug":"skladovani-energie-ze-slunce-i-vetru","status":"publish","type":"post","link":"https:\/\/www.mzone.cz\/en\/skladovani-energie-ze-slunce-i-vetru\/","title":{"rendered":"P\u0159elomov\u00e9 \u0159e\u0161en\u00ed? Akumul\u00e1tory skladuj\u00ed energii ze slunce i v\u011btru"},"content":{"rendered":"<p><strong>Jednou z hlavn\u00edch v\u00fdzev, kter\u00e9 jsou spojeny s vyu\u017e\u00edv\u00e1n\u00edm obnoviteln\u00fdch zdroj\u016f energie, je jej\u00ed skladov\u00e1n\u00ed, kter\u00e9 by umo\u017e\u0148ovalo vyrovn\u00e1v\u00e1n\u00ed popt\u00e1vky po energii a jej\u00ed nab\u00eddky. Automobilka Renault te\u010f vyv\u00edj\u00ed \u0159e\u0161en\u00ed, kter\u00e9 by umo\u017enilo vyu\u017e\u00edt pro tyto \u00fa\u010dely automobilov\u00e9 akumul\u00e1tory.<\/strong><\/p><br>\n\n\n\n<p>Stacion\u00e1rn\u00ed sklady energie jsou d\u016fle\u017eitou sou\u010d\u00e1st\u00ed inteligentn\u00edch elektrick\u00fdch ekosyst\u00e9m\u016f na ostrovech Porto Santo a Belle-\u00cele-en-Mer. Skupina Renault vyv\u00edj\u00ed tak\u00e9 nejv\u011bt\u0161\u00ed evropsk\u00fd syst\u00e9m skladov\u00e1n\u00ed energie zalo\u017een\u00fd na autobateri\u00edch pro elektromobily.<\/p>\n\n\n\n<blockquote class=\"wp-block-quote is-layout-flow wp-block-quote-is-layout-flow\"><p>Slunce a v\u00edtr jsou velmi d\u016fle\u017eit\u00fdmi a nevy\u010derpateln\u00fdm\u00ed zdroji obnoviteln\u00e9 energie, ale mno\u017estv\u00ed elekt\u0159iny vyr\u00e1b\u011bn\u00e9 d\u00edky v\u011btrn\u00fdm turb\u00edn\u00e1m nebo fotovoltaick\u00fdm panel\u016fm je prom\u011bnliv\u00e9 a nav\u00edc je z\u00e1visl\u00e9 krom\u011b jin\u00e9ho i na po\u010das\u00ed. To znamen\u00e1, \u017ee spot\u0159eba elekt\u0159iny se nemus\u00ed v\u017edy shodovat s mno\u017estv\u00edm elekt\u0159iny, kter\u00e9 je zrovna v nab\u00eddce.<\/p><\/blockquote>\n\n\n\n<p>\u0158e\u0161en\u00edm tohoto probl\u00e9mu je samoz\u0159ejm\u011b skladov\u00e1n\u00ed elektrick\u00e9 energie. K tomuto c\u00edli mohou poslou\u017eit akumul\u00e1tory do elektromobil\u016f. V sou\u010dasn\u00e9 dob\u011b Renault vyv\u00edj\u00ed syst\u00e9my stacion\u00e1rn\u00edho skladov\u00e1n\u00ed energie, a d\u00e1v\u00e1 tak druh\u00fd \u017eivot akumul\u00e1tor\u016fm poch\u00e1zej\u00edc\u00edm ze zna\u010dkov\u00fdch elektromobil\u016f.<\/p><br>\n\n\n\n<h2 class=\"wp-block-heading\">Elektrick\u00e9 ekosyst\u00e9my<\/h2>\n\n\n\n<p>Podm\u00ednky panuj\u00edc\u00ed na portugalsk\u00e9m ostrov\u011b Porto Santo jsou p\u0159\u00edzniv\u00e9 pro v\u00fdrobu energie ze slunce a v\u011btru. M\u00edstn\u00ed \u00fa\u0159ady a energetick\u00e1 spole\u010dnost <a href=\"https:\/\/www.eem.pt\/\" target=\"_blank\" rel=\"noreferrer noopener\">EEM<\/a> (Empresa de Electricidade da Madeira) zah\u00e1jily v roce 2018 spolupr\u00e1ci se skupinou Renault, aby na ostrov\u011b za jej\u00ed pomoci vybudovaly inteligentn\u00ed elektrick\u00fd ekosyst\u00e9m v r\u00e1mci progamu \u201eSmart Fossil Free Island\u201d. Tento syst\u00e9m je zalo\u017een na elektrick\u00fdch automobilech, inteligentn\u00edm nab\u00edjen\u00ed, reverzibiln\u00edm nab\u00edjen\u00ed a rovn\u011b\u017e i na skladov\u00e1n\u00ed energie.<\/p><br>\n\n\n\n<p>Pro \u00fa\u010dely skladov\u00e1n\u00ed energie vytv\u00e1\u0159en\u00e9 v\u011btrn\u00fdmi a slune\u010dn\u00edmi elektr\u00e1rnami jsou regenerov\u00e1ny autobaterie, kter\u00e9 poch\u00e1zej\u00ed z elektromobil\u016f Renault. Ty krom\u011b jin\u00e9ho pln\u00ed tak\u00e9 d\u016fle\u017eitou roli v m\u00edstn\u00ed elektrick\u00e9 s\u00edti: reguluj\u00ed a stabilizuj\u00ed s\u00ed\u0165ov\u00e9 nap\u011bt\u00ed a akumuluj\u00ed energii produkovanou lok\u00e1ln\u00edmi slune\u010dn\u00edmi a v\u011btrn\u00fdmi elektr\u00e1rnami.<\/p><br>\n\n\n\n<figure class=\"wp-block-image size-large\"><img loading=\"lazy\" decoding=\"async\" width=\"1024\" height=\"594\" src=\"https:\/\/www.mzone.cz\/wp-content\/uploads\/2020\/03\/21204578_smart-charging-for-electric-vehicles-1024x594.jpg\" alt=\"Skladov\u00e1n\u00ed energie\" class=\"wp-image-19676\" srcset=\"https:\/\/www.mzone.cz\/wp-content\/uploads\/2020\/03\/21204578_smart-charging-for-electric-vehicles-1024x594.jpg 1024w, https:\/\/www.mzone.cz\/wp-content\/uploads\/2020\/03\/21204578_smart-charging-for-electric-vehicles-300x174.jpg 300w, https:\/\/www.mzone.cz\/wp-content\/uploads\/2020\/03\/21204578_smart-charging-for-electric-vehicles-768x446.jpg 768w, https:\/\/www.mzone.cz\/wp-content\/uploads\/2020\/03\/21204578_smart-charging-for-electric-vehicles-1536x891.jpg 1536w, https:\/\/www.mzone.cz\/wp-content\/uploads\/2020\/03\/21204578_smart-charging-for-electric-vehicles-2048x1188.jpg 2048w, https:\/\/www.mzone.cz\/wp-content\/uploads\/2020\/03\/21204578_smart-charging-for-electric-vehicles-590x342.jpg 590w\" sizes=\"auto, (max-width: 1024px) 100vw, 1024px\" \/><\/figure><br>\n\n\n\n<p>Na podobn\u00fdch principech funguje i program \u201eFlexMob\u2019ile\u201d na francouzsk\u00e9m ostrov\u011b Belle-\u00cele-en-Mer. V r\u00e1mci tohoto programu skupina Renault vybavila ostrov sv\u00fdmi akumul\u00e1tory. C\u00edlem programu \u201eFlexMob\u2019ile\u201d je podpora transformace elektrick\u00e9 energie.<\/p>\n\n\n\n<blockquote class=\"wp-block-quote is-layout-flow wp-block-quote-is-layout-flow\"><p>Baterie poch\u00e1zej\u00edc\u00ed z elektromobil\u016f mohou b\u00fdt vyu\u017e\u00edv\u00e1ny pro skladov\u00e1n\u00ed p\u0159ebyte\u010dn\u00e9 energie, kterou v pr\u016fb\u011bhu dne vyrob\u00ed fotovoltaick\u00e9 panely um\u00edst\u011bn\u00e9 na st\u0159ech\u00e1ch budov. Nashrom\u00e1\u017ed\u011bn\u00e1 energie n\u00e1sledn\u011b slou\u017e\u00ed pro nap\u00e1jen\u00ed elektromobil\u016f nebo pro vyt\u00e1p\u011bn\u00ed rekrea\u010dn\u00edch dom\u016f.<\/p><\/blockquote>\n\n\n\n<h2 class=\"wp-block-heading\">Nejv\u011bt\u0161\u00ed syst\u00e9m tohoto typu v Evrop\u011b<\/h2>\n\n\n\n<p>V tomto roce by m\u011bl b\u00fdt dokon\u010den tak\u00e9 projekt \u201eAdvanced Battery Storage\u201d. Tento projekt p\u0159edpokl\u00e1d\u00e1 vytvo\u0159en\u00ed nejv\u011bt\u0161\u00edho stacion\u00e1rn\u00edho syst\u00e9mu skladov\u00e1n\u00ed energi\u00ed s vyu\u017eit\u00edm trak\u010dn\u00edch bateri\u00ed z elektrick\u00fdch automobil\u016f, jak\u00fd kdy byl vytvo\u0159en v Evrop\u011b.<\/p><br>\n\n\n\n<figure class=\"wp-block-image size-large\"><img loading=\"lazy\" decoding=\"async\" width=\"1024\" height=\"521\" src=\"https:\/\/www.mzone.cz\/wp-content\/uploads\/2020\/03\/21216364_2018_-_the_launch_of_advanced_battery_storage-1024x521.jpg\" alt=\"Skladov\u00e1n\u00ed energie\" class=\"wp-image-19672\" srcset=\"https:\/\/www.mzone.cz\/wp-content\/uploads\/2020\/03\/21216364_2018_-_the_launch_of_advanced_battery_storage-1024x521.jpg 1024w, https:\/\/www.mzone.cz\/wp-content\/uploads\/2020\/03\/21216364_2018_-_the_launch_of_advanced_battery_storage-300x153.jpg 300w, https:\/\/www.mzone.cz\/wp-content\/uploads\/2020\/03\/21216364_2018_-_the_launch_of_advanced_battery_storage-768x391.jpg 768w, https:\/\/www.mzone.cz\/wp-content\/uploads\/2020\/03\/21216364_2018_-_the_launch_of_advanced_battery_storage-1536x782.jpg 1536w, https:\/\/www.mzone.cz\/wp-content\/uploads\/2020\/03\/21216364_2018_-_the_launch_of_advanced_battery_storage-590x300.jpg 590w, https:\/\/www.mzone.cz\/wp-content\/uploads\/2020\/03\/21216364_2018_-_the_launch_of_advanced_battery_storage.jpg 1852w\" sizes=\"auto, (max-width: 1024px) 100vw, 1024px\" \/><\/figure><br>\n\n\n\n<p>Tento syst\u00e9m bude schopen akumulovat minim\u00e1ln\u011b 60 MWh a bude disponovat kapacitou 70 MW. Bude rozm\u00edst\u011bn v mnoha m\u011bstech ve Francii a N\u011bmecku a bude schopen skladovat energii, kter\u00e1 odpov\u00edd\u00e1 ro\u010dn\u00ed spot\u0159eb\u011b v\u00edce ne\u017e 5 000 dom\u00e1cnost\u00ed. D\u00edky tomu pom\u016f\u017ee zachov\u00e1vat spr\u00e1vnou frekvenci nap\u011bt\u00ed v s\u00edti. Projekt \u201eAdvanced Battery Storage\u201d je sou\u010d\u00e1st\u00ed strategie pro rozvoj inteligentn\u00edho elektrick\u00e9ho ekosyst\u00e9mu podporuj\u00edc\u00edho transformaci elektrick\u00e9 energie.<\/p><br>\n\n\n\n<div class=\"wp-block-image\"><figure class=\"alignleft size-large is-resized\"><img loading=\"lazy\" decoding=\"async\" src=\"https:\/\/www.mzone.cz\/wp-content\/uploads\/2019\/12\/Elektrick\u00e1-doprava-1024x683.jpg\" alt=\"\" class=\"wp-image-15406\" width=\"129\" height=\"85\" srcset=\"https:\/\/www.mzone.cz\/wp-content\/uploads\/2019\/12\/Elektrick\u00e1-doprava-1024x683.jpg 1024w, https:\/\/www.mzone.cz\/wp-content\/uploads\/2019\/12\/Elektrick\u00e1-doprava-300x200.jpg 300w, https:\/\/www.mzone.cz\/wp-content\/uploads\/2019\/12\/Elektrick\u00e1-doprava-768x512.jpg 768w, https:\/\/www.mzone.cz\/wp-content\/uploads\/2019\/12\/Elektrick\u00e1-doprava-800x533.jpg 800w, https:\/\/www.mzone.cz\/wp-content\/uploads\/2019\/12\/Elektrick\u00e1-doprava-400x267.jpg 400w, https:\/\/www.mzone.cz\/wp-content\/uploads\/2019\/12\/Elektrick\u00e1-doprava-500x333.jpg 500w, https:\/\/www.mzone.cz\/wp-content\/uploads\/2019\/12\/Elektrick\u00e1-doprava-590x393.jpg 590w, https:\/\/www.mzone.cz\/wp-content\/uploads\/2019\/12\/Elektrick\u00e1-doprava.jpg 1095w\" sizes=\"auto, (max-width: 129px) 100vw, 129px\" \/><\/figure><\/div>\n\n\n\n<h4><a href=\"https:\/\/www.mzone.cz\/elektricky-po-zemi-po-vode-nebo-vzduchem\/\">Doba elektrick\u00e1? Elektricky nejen po zemi, ale i po vod\u011b nebo vzduchem<\/a><\/h4><br>","protected":false},"excerpt":{"rendered":"<p>Jednou z hlavn\u00edch v\u00fdzev, kter\u00e9 jsou spojeny s vyu\u017e\u00edv\u00e1n\u00edm obnoviteln\u00fdch zdroj\u016f energie, je jej\u00ed skladov\u00e1n\u00ed, kter\u00e9 by umo\u017e\u0148ovalo vyrovn\u00e1v\u00e1n\u00ed popt\u00e1vky po energii a jej\u00ed nab\u00eddky. Automobilka Renault te\u010f vyv\u00edj\u00ed \u0159e\u0161en\u00ed, kter\u00e9 by umo\u017enilo vyu\u017e\u00edt pro tyto \u00fa\u010dely automobilov\u00e9 akumul\u00e1tory. Stacion\u00e1rn\u00ed sklady energie jsou d\u016fle\u017eitou sou\u010d\u00e1st\u00ed inteligentn\u00edch elektrick\u00fdch ekosyst\u00e9m\u016f na ostrovech Porto Santo a Belle-\u00cele-en-Mer. Skupina [&hellip;]<\/p>\n","protected":false},"author":4,"featured_media":19665,"comment_status":"open","ping_status":"closed","sticky":false,"template":"","format":"standard","meta":{"kk_blocks_editor_width":"","_kiokenblocks_attr":"","_kiokenblocks_dimensions":"","footnotes":""},"categories":[66,65],"tags":[3633,950,3145,3041,3634,1823,3410,1095,3635,3632,434,19],"class_list":["post-19663","post","type-post","status-publish","format-standard","has-post-thumbnail","hentry","category-elektro","category-technika","tag-akumulatory","tag-budoucnost","tag-elektricka-energie","tag-elektrina","tag-energetika","tag-energie","tag-obnovitelne-zdroje","tag-prumysl","tag-renault","tag-skladovani","tag-technika","tag-technologie"],"yoast_head":"<!-- This site is optimized with the Yoast SEO plugin v27.5 - https:\/\/yoast.com\/product\/yoast-seo-wordpress\/ -->\n<title>P\u0159elomov\u00e9 \u0159e\u0161en\u00ed? Akumul\u00e1tory skladuj\u00ed energii ze slunce i v\u011btru - Mzone<\/title>\n<meta name=\"description\" content=\"Jednou z hlavn\u00edch v\u00fdzev, kter\u00e9 jsou spojeny s vyu\u017e\u00edv\u00e1n\u00edm obnoviteln\u00fdch zdroj\u016f energie, je jej\u00ed skladov\u00e1n\u00ed, kter\u00e9 by umo\u017e\u0148ovalo vyrovn\u00e1v\u00e1n\u00ed popt\u00e1vky po energii a jej\u00ed nab\u00eddky.\" \/>\n<meta name=\"robots\" content=\"index, follow, max-snippet:-1, max-image-preview:large, max-video-preview:-1\" \/>\n<link rel=\"canonical\" href=\"https:\/\/www.mzone.cz\/en\/skladovani-energie-ze-slunce-i-vetru\/\" \/>\n<meta property=\"og:locale\" content=\"en_US\" \/>\n<meta property=\"og:type\" content=\"article\" \/>\n<meta property=\"og:title\" content=\"P\u0159elomov\u00e9 \u0159e\u0161en\u00ed? Akumul\u00e1tory skladuj\u00ed energii ze slunce i v\u011btru - Mzone\" \/>\n<meta property=\"og:description\" content=\"Jednou z hlavn\u00edch v\u00fdzev, kter\u00e9 jsou spojeny s vyu\u017e\u00edv\u00e1n\u00edm obnoviteln\u00fdch zdroj\u016f energie, je jej\u00ed skladov\u00e1n\u00ed, kter\u00e9 by umo\u017e\u0148ovalo vyrovn\u00e1v\u00e1n\u00ed popt\u00e1vky po energii a jej\u00ed nab\u00eddky.\" \/>\n<meta property=\"og:url\" content=\"https:\/\/www.mzone.cz\/en\/skladovani-energie-ze-slunce-i-vetru\/\" \/>\n<meta property=\"og:site_name\" content=\"Mzone\" \/>\n<meta property=\"article:publisher\" content=\"https:\/\/www.facebook.com\/MzoneCZ\/\" \/>\n<meta property=\"article:published_time\" content=\"2020-11-02T04:00:00+00:00\" \/>\n<meta property=\"og:image\" content=\"https:\/\/www.mzone.cz\/wp-content\/uploads\/2020\/08\/Skladov\u00e1n\u00ed-energie.jpg\" \/>\n\t<meta property=\"og:image:width\" content=\"1313\" \/>\n\t<meta property=\"og:image:height\" content=\"875\" \/>\n\t<meta property=\"og:image:type\" content=\"image\/jpeg\" \/>\n<meta name=\"author\" content=\"Mzone\" \/>\n<meta name=\"twitter:card\" content=\"summary_large_image\" \/>\n<meta name=\"twitter:label1\" content=\"Written by\" \/>\n\t<meta name=\"twitter:data1\" content=\"Mzone\" \/>\n\t<meta name=\"twitter:label2\" content=\"Est. reading time\" \/>\n\t<meta name=\"twitter:data2\" content=\"3 minutes\" \/>\n<script type=\"application\/ld+json\" class=\"yoast-schema-graph\">{\"@context\":\"https:\\\/\\\/schema.org\",\"@graph\":[{\"@type\":\"Article\",\"@id\":\"https:\\\/\\\/www.mzone.cz\\\/skladovani-energie-ze-slunce-i-vetru\\\/#article\",\"isPartOf\":{\"@id\":\"https:\\\/\\\/www.mzone.cz\\\/skladovani-energie-ze-slunce-i-vetru\\\/\"},\"author\":{\"name\":\"Mzone\",\"@id\":\"https:\\\/\\\/www.mzone.cz\\\/#\\\/schema\\\/person\\\/9bc20cc422a99cac4af6ff9297da32d4\"},\"headline\":\"P\u0159elomov\u00e9 \u0159e\u0161en\u00ed? Akumul\u00e1tory skladuj\u00ed energii ze slunce i v\u011btru\",\"datePublished\":\"2020-11-02T04:00:00+00:00\",\"mainEntityOfPage\":{\"@id\":\"https:\\\/\\\/www.mzone.cz\\\/skladovani-energie-ze-slunce-i-vetru\\\/\"},\"wordCount\":650,\"commentCount\":0,\"image\":{\"@id\":\"https:\\\/\\\/www.mzone.cz\\\/skladovani-energie-ze-slunce-i-vetru\\\/#primaryimage\"},\"thumbnailUrl\":\"https:\\\/\\\/www.mzone.cz\\\/wp-content\\\/uploads\\\/2020\\\/08\\\/Skladov\u00e1n\u00ed-energie.jpg\",\"keywords\":[\"akumul\u00e1tory\",\"budoucnost\",\"elektrick\u00e1 energie\",\"elekt\u0159ina\",\"energetika\",\"energie\",\"obnoviteln\u00e9 zdroje\",\"pr\u016fmysl\",\"Renault\",\"skladov\u00e1n\u00ed\",\"technika\",\"Technologie\"],\"articleSection\":[\"Elektro\",\"Technika\"],\"inLanguage\":\"en-US\",\"potentialAction\":[{\"@type\":\"CommentAction\",\"name\":\"Comment\",\"target\":[\"https:\\\/\\\/www.mzone.cz\\\/skladovani-energie-ze-slunce-i-vetru\\\/#respond\"]}]},{\"@type\":\"WebPage\",\"@id\":\"https:\\\/\\\/www.mzone.cz\\\/skladovani-energie-ze-slunce-i-vetru\\\/\",\"url\":\"https:\\\/\\\/www.mzone.cz\\\/skladovani-energie-ze-slunce-i-vetru\\\/\",\"name\":\"P\u0159elomov\u00e9 \u0159e\u0161en\u00ed? Akumul\u00e1tory skladuj\u00ed energii ze slunce i v\u011btru - Mzone\",\"isPartOf\":{\"@id\":\"https:\\\/\\\/www.mzone.cz\\\/#website\"},\"primaryImageOfPage\":{\"@id\":\"https:\\\/\\\/www.mzone.cz\\\/skladovani-energie-ze-slunce-i-vetru\\\/#primaryimage\"},\"image\":{\"@id\":\"https:\\\/\\\/www.mzone.cz\\\/skladovani-energie-ze-slunce-i-vetru\\\/#primaryimage\"},\"thumbnailUrl\":\"https:\\\/\\\/www.mzone.cz\\\/wp-content\\\/uploads\\\/2020\\\/08\\\/Skladov\u00e1n\u00ed-energie.jpg\",\"datePublished\":\"2020-11-02T04:00:00+00:00\",\"author\":{\"@id\":\"https:\\\/\\\/www.mzone.cz\\\/#\\\/schema\\\/person\\\/9bc20cc422a99cac4af6ff9297da32d4\"},\"description\":\"Jednou z hlavn\u00edch v\u00fdzev, kter\u00e9 jsou spojeny s vyu\u017e\u00edv\u00e1n\u00edm obnoviteln\u00fdch zdroj\u016f energie, je jej\u00ed skladov\u00e1n\u00ed, kter\u00e9 by umo\u017e\u0148ovalo vyrovn\u00e1v\u00e1n\u00ed popt\u00e1vky po energii a jej\u00ed nab\u00eddky.\",\"breadcrumb\":{\"@id\":\"https:\\\/\\\/www.mzone.cz\\\/skladovani-energie-ze-slunce-i-vetru\\\/#breadcrumb\"},\"inLanguage\":\"en-US\",\"potentialAction\":[{\"@type\":\"ReadAction\",\"target\":[\"https:\\\/\\\/www.mzone.cz\\\/skladovani-energie-ze-slunce-i-vetru\\\/\"]}]},{\"@type\":\"ImageObject\",\"inLanguage\":\"en-US\",\"@id\":\"https:\\\/\\\/www.mzone.cz\\\/skladovani-energie-ze-slunce-i-vetru\\\/#primaryimage\",\"url\":\"https:\\\/\\\/www.mzone.cz\\\/wp-content\\\/uploads\\\/2020\\\/08\\\/Skladov\u00e1n\u00ed-energie.jpg\",\"contentUrl\":\"https:\\\/\\\/www.mzone.cz\\\/wp-content\\\/uploads\\\/2020\\\/08\\\/Skladov\u00e1n\u00ed-energie.jpg\",\"width\":1313,\"height\":875},{\"@type\":\"BreadcrumbList\",\"@id\":\"https:\\\/\\\/www.mzone.cz\\\/skladovani-energie-ze-slunce-i-vetru\\\/#breadcrumb\",\"itemListElement\":[{\"@type\":\"ListItem\",\"position\":1,\"name\":\"Dom\u016f\",\"item\":\"https:\\\/\\\/www.mzone.cz\\\/\"},{\"@type\":\"ListItem\",\"position\":2,\"name\":\"P\u0159elomov\u00e9 \u0159e\u0161en\u00ed? Akumul\u00e1tory skladuj\u00ed energii ze slunce i v\u011btru\"}]},{\"@type\":\"WebSite\",\"@id\":\"https:\\\/\\\/www.mzone.cz\\\/#website\",\"url\":\"https:\\\/\\\/www.mzone.cz\\\/\",\"name\":\"Mzone\",\"description\":\"Magaz\u00edn nejen pro mu\u017ee\",\"potentialAction\":[{\"@type\":\"SearchAction\",\"target\":{\"@type\":\"EntryPoint\",\"urlTemplate\":\"https:\\\/\\\/www.mzone.cz\\\/?s={search_term_string}\"},\"query-input\":{\"@type\":\"PropertyValueSpecification\",\"valueRequired\":true,\"valueName\":\"search_term_string\"}}],\"inLanguage\":\"en-US\"},{\"@type\":\"Person\",\"@id\":\"https:\\\/\\\/www.mzone.cz\\\/#\\\/schema\\\/person\\\/9bc20cc422a99cac4af6ff9297da32d4\",\"name\":\"Mzone\",\"image\":{\"@type\":\"ImageObject\",\"inLanguage\":\"en-US\",\"@id\":\"https:\\\/\\\/secure.gravatar.com\\\/avatar\\\/e780a8630f3182a3d06dd667ab6bea151a0d155b0951bc15fe22633acdac0676?s=96&d=mm&r=g\",\"url\":\"https:\\\/\\\/secure.gravatar.com\\\/avatar\\\/e780a8630f3182a3d06dd667ab6bea151a0d155b0951bc15fe22633acdac0676?s=96&d=mm&r=g\",\"contentUrl\":\"https:\\\/\\\/secure.gravatar.com\\\/avatar\\\/e780a8630f3182a3d06dd667ab6bea151a0d155b0951bc15fe22633acdac0676?s=96&d=mm&r=g\",\"caption\":\"Mzone\"},\"url\":\"https:\\\/\\\/www.mzone.cz\\\/en\\\/author\\\/jakub\\\/\"}]}<\/script>\n<!-- \/ Yoast SEO plugin. -->","yoast_head_json":{"title":"P\u0159elomov\u00e9 \u0159e\u0161en\u00ed? Akumul\u00e1tory skladuj\u00ed energii ze slunce i v\u011btru - Mzone","description":"Jednou z hlavn\u00edch v\u00fdzev, kter\u00e9 jsou spojeny s vyu\u017e\u00edv\u00e1n\u00edm obnoviteln\u00fdch zdroj\u016f energie, je jej\u00ed skladov\u00e1n\u00ed, kter\u00e9 by umo\u017e\u0148ovalo vyrovn\u00e1v\u00e1n\u00ed popt\u00e1vky po energii a jej\u00ed nab\u00eddky.","robots":{"index":"index","follow":"follow","max-snippet":"max-snippet:-1","max-image-preview":"max-image-preview:large","max-video-preview":"max-video-preview:-1"},"canonical":"https:\/\/www.mzone.cz\/en\/skladovani-energie-ze-slunce-i-vetru\/","og_locale":"en_US","og_type":"article","og_title":"P\u0159elomov\u00e9 \u0159e\u0161en\u00ed? Akumul\u00e1tory skladuj\u00ed energii ze slunce i v\u011btru - Mzone","og_description":"Jednou z hlavn\u00edch v\u00fdzev, kter\u00e9 jsou spojeny s vyu\u017e\u00edv\u00e1n\u00edm obnoviteln\u00fdch zdroj\u016f energie, je jej\u00ed skladov\u00e1n\u00ed, kter\u00e9 by umo\u017e\u0148ovalo vyrovn\u00e1v\u00e1n\u00ed popt\u00e1vky po energii a jej\u00ed nab\u00eddky.","og_url":"https:\/\/www.mzone.cz\/en\/skladovani-energie-ze-slunce-i-vetru\/","og_site_name":"Mzone","article_publisher":"https:\/\/www.facebook.com\/MzoneCZ\/","article_published_time":"2020-11-02T04:00:00+00:00","og_image":[{"width":1313,"height":875,"url":"https:\/\/www.mzone.cz\/wp-content\/uploads\/2020\/08\/Skladov\u00e1n\u00ed-energie.jpg","type":"image\/jpeg"}],"author":"Mzone","twitter_card":"summary_large_image","twitter_misc":{"Written by":"Mzone","Est. reading time":"3 minutes"},"schema":{"@context":"https:\/\/schema.org","@graph":[{"@type":"Article","@id":"https:\/\/www.mzone.cz\/skladovani-energie-ze-slunce-i-vetru\/#article","isPartOf":{"@id":"https:\/\/www.mzone.cz\/skladovani-energie-ze-slunce-i-vetru\/"},"author":{"name":"Mzone","@id":"https:\/\/www.mzone.cz\/#\/schema\/person\/9bc20cc422a99cac4af6ff9297da32d4"},"headline":"P\u0159elomov\u00e9 \u0159e\u0161en\u00ed? Akumul\u00e1tory skladuj\u00ed energii ze slunce i v\u011btru","datePublished":"2020-11-02T04:00:00+00:00","mainEntityOfPage":{"@id":"https:\/\/www.mzone.cz\/skladovani-energie-ze-slunce-i-vetru\/"},"wordCount":650,"commentCount":0,"image":{"@id":"https:\/\/www.mzone.cz\/skladovani-energie-ze-slunce-i-vetru\/#primaryimage"},"thumbnailUrl":"https:\/\/www.mzone.cz\/wp-content\/uploads\/2020\/08\/Skladov\u00e1n\u00ed-energie.jpg","keywords":["akumul\u00e1tory","budoucnost","elektrick\u00e1 energie","elekt\u0159ina","energetika","energie","obnoviteln\u00e9 zdroje","pr\u016fmysl","Renault","skladov\u00e1n\u00ed","technika","Technologie"],"articleSection":["Elektro","Technika"],"inLanguage":"en-US","potentialAction":[{"@type":"CommentAction","name":"Comment","target":["https:\/\/www.mzone.cz\/skladovani-energie-ze-slunce-i-vetru\/#respond"]}]},{"@type":"WebPage","@id":"https:\/\/www.mzone.cz\/skladovani-energie-ze-slunce-i-vetru\/","url":"https:\/\/www.mzone.cz\/skladovani-energie-ze-slunce-i-vetru\/","name":"P\u0159elomov\u00e9 \u0159e\u0161en\u00ed? Akumul\u00e1tory skladuj\u00ed energii ze slunce i v\u011btru - Mzone","isPartOf":{"@id":"https:\/\/www.mzone.cz\/#website"},"primaryImageOfPage":{"@id":"https:\/\/www.mzone.cz\/skladovani-energie-ze-slunce-i-vetru\/#primaryimage"},"image":{"@id":"https:\/\/www.mzone.cz\/skladovani-energie-ze-slunce-i-vetru\/#primaryimage"},"thumbnailUrl":"https:\/\/www.mzone.cz\/wp-content\/uploads\/2020\/08\/Skladov\u00e1n\u00ed-energie.jpg","datePublished":"2020-11-02T04:00:00+00:00","author":{"@id":"https:\/\/www.mzone.cz\/#\/schema\/person\/9bc20cc422a99cac4af6ff9297da32d4"},"description":"Jednou z hlavn\u00edch v\u00fdzev, kter\u00e9 jsou spojeny s vyu\u017e\u00edv\u00e1n\u00edm obnoviteln\u00fdch zdroj\u016f energie, je jej\u00ed skladov\u00e1n\u00ed, kter\u00e9 by umo\u017e\u0148ovalo vyrovn\u00e1v\u00e1n\u00ed popt\u00e1vky po energii a jej\u00ed nab\u00eddky.","breadcrumb":{"@id":"https:\/\/www.mzone.cz\/skladovani-energie-ze-slunce-i-vetru\/#breadcrumb"},"inLanguage":"en-US","potentialAction":[{"@type":"ReadAction","target":["https:\/\/www.mzone.cz\/skladovani-energie-ze-slunce-i-vetru\/"]}]},{"@type":"ImageObject","inLanguage":"en-US","@id":"https:\/\/www.mzone.cz\/skladovani-energie-ze-slunce-i-vetru\/#primaryimage","url":"https:\/\/www.mzone.cz\/wp-content\/uploads\/2020\/08\/Skladov\u00e1n\u00ed-energie.jpg","contentUrl":"https:\/\/www.mzone.cz\/wp-content\/uploads\/2020\/08\/Skladov\u00e1n\u00ed-energie.jpg","width":1313,"height":875},{"@type":"BreadcrumbList","@id":"https:\/\/www.mzone.cz\/skladovani-energie-ze-slunce-i-vetru\/#breadcrumb","itemListElement":[{"@type":"ListItem","position":1,"name":"Dom\u016f","item":"https:\/\/www.mzone.cz\/"},{"@type":"ListItem","position":2,"name":"P\u0159elomov\u00e9 \u0159e\u0161en\u00ed? Akumul\u00e1tory skladuj\u00ed energii ze slunce i v\u011btru"}]},{"@type":"WebSite","@id":"https:\/\/www.mzone.cz\/#website","url":"https:\/\/www.mzone.cz\/","name":"Mzone","description":"Magaz\u00edn nejen pro mu\u017ee","potentialAction":[{"@type":"SearchAction","target":{"@type":"EntryPoint","urlTemplate":"https:\/\/www.mzone.cz\/?s={search_term_string}"},"query-input":{"@type":"PropertyValueSpecification","valueRequired":true,"valueName":"search_term_string"}}],"inLanguage":"en-US"},{"@type":"Person","@id":"https:\/\/www.mzone.cz\/#\/schema\/person\/9bc20cc422a99cac4af6ff9297da32d4","name":"Mzone","image":{"@type":"ImageObject","inLanguage":"en-US","@id":"https:\/\/secure.gravatar.com\/avatar\/e780a8630f3182a3d06dd667ab6bea151a0d155b0951bc15fe22633acdac0676?s=96&d=mm&r=g","url":"https:\/\/secure.gravatar.com\/avatar\/e780a8630f3182a3d06dd667ab6bea151a0d155b0951bc15fe22633acdac0676?s=96&d=mm&r=g","contentUrl":"https:\/\/secure.gravatar.com\/avatar\/e780a8630f3182a3d06dd667ab6bea151a0d155b0951bc15fe22633acdac0676?s=96&d=mm&r=g","caption":"Mzone"},"url":"https:\/\/www.mzone.cz\/en\/author\/jakub\/"}]}},"_links":{"self":[{"href":"https:\/\/www.mzone.cz\/en\/wp-json\/wp\/v2\/posts\/19663","targetHints":{"allow":["GET"]}}],"collection":[{"href":"https:\/\/www.mzone.cz\/en\/wp-json\/wp\/v2\/posts"}],"about":[{"href":"https:\/\/www.mzone.cz\/en\/wp-json\/wp\/v2\/types\/post"}],"author":[{"embeddable":true,"href":"https:\/\/www.mzone.cz\/en\/wp-json\/wp\/v2\/users\/4"}],"replies":[{"embeddable":true,"href":"https:\/\/www.mzone.cz\/en\/wp-json\/wp\/v2\/comments?post=19663"}],"version-history":[{"count":12,"href":"https:\/\/www.mzone.cz\/en\/wp-json\/wp\/v2\/posts\/19663\/revisions"}],"predecessor-version":[{"id":23498,"href":"https:\/\/www.mzone.cz\/en\/wp-json\/wp\/v2\/posts\/19663\/revisions\/23498"}],"wp:featuredmedia":[{"embeddable":true,"href":"https:\/\/www.mzone.cz\/en\/wp-json\/wp\/v2\/media\/19665"}],"wp:attachment":[{"href":"https:\/\/www.mzone.cz\/en\/wp-json\/wp\/v2\/media?parent=19663"}],"wp:term":[{"taxonomy":"category","embeddable":true,"href":"https:\/\/www.mzone.cz\/en\/wp-json\/wp\/v2\/categories?post=19663"},{"taxonomy":"post_tag","embeddable":true,"href":"https:\/\/www.mzone.cz\/en\/wp-json\/wp\/v2\/tags?post=19663"}],"curies":[{"name":"wp","href":"https:\/\/api.w.org\/{rel}","templated":true}]}}