{"id":19683,"date":"2020-04-08T05:00:00","date_gmt":"2020-04-08T03:00:00","guid":{"rendered":"https:\/\/www.mzone.cz\/?p=19683"},"modified":"2020-03-30T12:03:41","modified_gmt":"2020-03-30T10:03:41","slug":"cestovani-uci-pokore-vuli-a-odpovednosti-rika-tomas-gavlas","status":"publish","type":"post","link":"https:\/\/www.mzone.cz\/en\/cestovani-uci-pokore-vuli-a-odpovednosti-rika-tomas-gavlas\/","title":{"rendered":"Cestov\u00e1n\u00ed u\u010d\u00ed poko\u0159e, v\u016fli a odpov\u011bdnosti, \u0159\u00edk\u00e1 poutn\u00edk a spisovatel Tom\u00e1\u0161 Gavlas"},"content":{"rendered":"<p><strong>Str\u00e1vil dlouh\u00e9 m\u011bs\u00edce na cest\u00e1ch, zakusil samotu a nepohodl\u00ed, ale i \u017eivot v kl\u00e1\u0161te\u0159e. \u00dasp\u011b\u0161n\u00fd byznys ned\u00e1vno pov\u011bsil na h\u0159eb\u00edk a napsal hlubokou duchovn\u00ed knihu. \u0158e\u010d je o Tom\u00e1\u0161i Gavlasovi, poutn\u00edku a spisovateli, kter\u00fd nyn\u00ed poskytl exkluzivn\u00ed rozhovor pro n\u00e1\u0161 web.<\/strong><\/p><br>\n\n\n\n<p>Tom\u00e1\u0161 Gavlas (32) je dvoumetrov\u00fd autor, podnikatel a poutn\u00edk. Vystudoval kulturologii na Univerzit\u011b Karlov\u011b, kde zkoumal fenom\u00e9n poutnictv\u00ed, kter\u00e9 s\u00e1m s oblibou praktikuje. B\u011bhem deseti let, kdy pracoval v marketingu, zalo\u017eil a vedl n\u011bkolik \u00fasp\u011b\u0161n\u00fdch firem. Jako \u0159e\u010dn\u00edk se z\u00fa\u010dastnil odborn\u00fdch konferenc\u00ed a pravideln\u011b vystupoval v m\u00e9di\u00edch. N\u00e1sledn\u011b v\u0161e na \u010das odlo\u017eil, aby dokon\u010dil knihu <a href=\"https:\/\/www.karlaz.cz\">KARLAZ: Cesta \u010dlov\u011bka<\/a>.<\/p>\n\n\n\n<blockquote class=\"wp-block-quote is-layout-flow wp-block-quote-is-layout-flow\"><p>Tom\u00e1\u0161 v\u011b\u0159\u00ed, \u017ee smysl \u017eivota spo\u010d\u00edv\u00e1 v hled\u00e1n\u00ed a napl\u0148ov\u00e1n\u00ed vlastn\u00edho \u017eivotn\u00edho posl\u00e1n\u00ed. R\u00e1d odch\u00e1z\u00ed na odlehl\u00e1 m\u00edsta, kde m\u016f\u017ee o tom sv\u00e9m neru\u0161en\u011b p\u0159em\u00fd\u0161let.<\/p><\/blockquote>\n\n\n\n<p>Inspiraci nach\u00e1z\u00ed ve star\u00fdch textech, na poutn\u00edch cest\u00e1ch, ale tak\u00e9 na chat\u011b u Vltavy. O sv\u00fdch cest\u00e1ch, my\u0161lenk\u00e1ch i n\u00e1zorech se nyn\u00ed rozpov\u00eddal pro Mzone.cz. Pohodln\u011b se usa\u010fte a \u010dt\u011bte d\u00e1l!<\/p><br>\n\n\n\n<h4 class=\"has-vivid-red-color has-text-color wp-block-heading\">Tom\u00e1\u0161i, jak se to stane, \u017ee se z \u00fasp\u011b\u0161n\u00e9ho podnikatele stane spisovatel a myslitel? D\u00e1 se takov\u00e1 prom\u011bna uskute\u010dnit ze dne na den, nebo je to dlouh\u00fd proces?<\/h4>\n\n\n\n<p>K podnik\u00e1n\u00ed v marketingu a m\u00e9di\u00edch jsem sm\u011b\u0159oval u\u017e od st\u0159edn\u00ed. Sice jsem na to \u0161el takovou v\u011bt\u0161\u00ed oklikou p\u0159es Filosofickou fakultu a po\u0159\u00e1d\u00e1n\u00ed festival\u016f, ale p\u0159ed t\u0159ic\u00edtkou se mi poda\u0159ilo provozovat, relativn\u011b dob\u0159e funguj\u00edci agenturu.<\/p>\n\n\n\n<blockquote class=\"wp-block-quote is-layout-flow wp-block-quote-is-layout-flow\"><p>Myslel jsem si, \u017ee to je c\u00edl ke kter\u00e9mu sm\u011b\u0159uji, ale po n\u011bkolika letech v agenturn\u00edm sv\u011bt\u011b jsem si uv\u011bdomil, \u017ee moje cesta za dobrodru\u017estv\u00edm by je\u0161t\u011b m\u011bla pokra\u010dovat.<\/p><\/blockquote>\n\n\n\n<p>Podnik\u00e1n\u00ed m\u011b bavilo, stejn\u011b jako pr\u00e1ce s lidma, jen jsem u\u017e nec\u00edtil, \u017ee v agentu\u0159e, jak byla postavena, m\u016f\u017eu d\u00e1l r\u016fst. Bylo t\u011b\u017ek\u00e9 se toho v\u0161eho vzd\u00e1t a odej\u00edt zase do nezn\u00e1ma. Promyslet to rozhodnut\u00ed a v\u0161e napl\u00e1novat, aby to neohrozilo kolegy z agentury, trvalo p\u0159es rok.<\/p><br>\n\n\n\n<h4 class=\"has-vivid-red-color has-text-color wp-block-heading\">Jak u tebe ten proces za\u010dal? Co byl ten impulz?<\/h4>\n\n\n\n<p>Jednak jsem, jako t\u00e9m\u011b\u0159 ka\u017ed\u00fd, za\u017eil n\u011bjak\u00e1 temn\u00e1 obdob\u00ed. D\u00edky nim jsem za\u010dal hledat odpov\u011bdi na ot\u00e1zku: Jak se m\u00e1m v \u017eivot\u011b rozhodovat, abych se u\u017e do podobn\u00fdch obdob\u00ed nedostal? Za\u010dal jsem sou\u010dasn\u00fdmi poznatky neurov\u011bd, psychologie a behavior\u00e1ln\u00ed ekonomie, postupn\u011b jsem se ale v \u010dase vracel zp\u011bt a\u017e k nejstar\u0161\u00edm filosofick\u00fdm a n\u00e1bo\u017eensk\u00fdm text\u016fm. Cel\u00fd tenhle v\u00fdzkum jsem p\u0159ipravoval pro sebe, abych si s\u00e1m roz\u0161\u00ed\u0159il sv\u016fj \u017eivotn\u00ed r\u00e1mec, bez z\u00e1m\u011bru to vydat. M\u011bl jsem 700 str\u00e1nek pozn\u00e1mek a o hlub\u0161\u00edch t\u00e9matech, na kter\u00e1 jsem nar\u00e1\u017eel, jsem \u010dasto mluvil s klienty, kolegy a kamar\u00e1dy. P\u0159ekvapovalo m\u011b, kolik lid\u00ed se hlub\u0161\u00edm t\u00e9mat\u016fm otev\u0159e, kdy\u017e se neboj\u00ed, \u017ee by je za to n\u011bkdo soudil. Tehdy se m\u011b kamar\u00e1d Eda Peti\u0161ka zeptal, jestli bych to necht\u011bl ud\u011blat jako kn\u00ed\u017eku.<\/p><br>\n\n\n\n<figure class=\"wp-block-image size-large\"><img loading=\"lazy\" decoding=\"async\" width=\"1024\" height=\"683\" src=\"https:\/\/www.mzone.cz\/wp-content\/uploads\/2020\/03\/DSC00950-1024x683.jpg\" alt=\"\" class=\"wp-image-19695\" srcset=\"https:\/\/www.mzone.cz\/wp-content\/uploads\/2020\/03\/DSC00950-1024x683.jpg 1024w, https:\/\/www.mzone.cz\/wp-content\/uploads\/2020\/03\/DSC00950-300x200.jpg 300w, https:\/\/www.mzone.cz\/wp-content\/uploads\/2020\/03\/DSC00950-768x512.jpg 768w, https:\/\/www.mzone.cz\/wp-content\/uploads\/2020\/03\/DSC00950-1536x1024.jpg 1536w, https:\/\/www.mzone.cz\/wp-content\/uploads\/2020\/03\/DSC00950-2048x1365.jpg 2048w, https:\/\/www.mzone.cz\/wp-content\/uploads\/2020\/03\/DSC00950-800x533.jpg 800w, https:\/\/www.mzone.cz\/wp-content\/uploads\/2020\/03\/DSC00950-400x267.jpg 400w, https:\/\/www.mzone.cz\/wp-content\/uploads\/2020\/03\/DSC00950-500x333.jpg 500w, https:\/\/www.mzone.cz\/wp-content\/uploads\/2020\/03\/DSC00950-1170x780.jpg 1170w, https:\/\/www.mzone.cz\/wp-content\/uploads\/2020\/03\/DSC00950-590x393.jpg 590w\" sizes=\"auto, (max-width: 1024px) 100vw, 1024px\" \/><\/figure><br>\n\n\n\n<h4 class=\"has-vivid-red-color has-text-color wp-block-heading\">Hodn\u011b \u010dasu jsi v posledn\u00edch letech str\u00e1vil na cest\u00e1ch. Co je to nejcenn\u011bj\u0161\u00ed, co ti tyto cesty daly?<\/h4>\n\n\n\n<p>Mnoho v\u011bc\u00ed. \u010casto jsem cestoval s\u00e1m. To m\u011b nau\u010dilo samostatnosti, poko\u0159e, odpov\u011bdnosti a v\u016fli se p\u0159ekonat a doj\u00edt k c\u00edli. Obecn\u011b, kdy\u017e \u010dlov\u011bk cestuje s\u00e1m v ciz\u00ed zemi, tak je to ide\u00e1ln\u00ed doba pro p\u0159irozen\u00e9 sebepozn\u00e1v\u00e1n\u00ed.<\/p><br>\n\n\n\n<h4 class=\"has-vivid-red-color has-text-color wp-block-heading\">Jak\u00fd byl nejt\u011b\u017e\u0161\u00ed okam\u017eik, jak\u00fd jsi na sv\u00fdch pout\u00edch za\u017eil?<\/h4>\n\n\n\n<p>Na pout\u00edch je v\u011bt\u0161inou t\u011b\u017ek\u00e1 jejich d\u00e9lka a nutnost j\u00edt, i kdy\u017e podm\u00ednky nejsou ide\u00e1ln\u00ed. Te\u017ek\u00e9 chv\u00edle v\u011bt\u0161inou p\u0159ich\u00e1zej\u00ed vlivem fyzick\u00e9ho zran\u011bn\u00ed nebo onemocn\u011bn\u00ed, kter\u00e9 \u010dlov\u011bka o samot\u011b v ciz\u00edm prost\u0159ed\u00ed d\u011bl\u00e1 je\u0161t\u011b \u201czraniteln\u011bj\u0161\u00edm\u201d.<\/p>\n\n\n\n<blockquote class=\"wp-block-quote is-layout-flow wp-block-quote-is-layout-flow\"><p>Na\u0161t\u011bst\u00ed se mi nikdy nic vylo\u017een\u011b \u0161patn\u00e9ho nestalo. Naposled m\u011b hodn\u011b vyd\u011bsilo, kdy\u017e jsem se na chv\u00edli ztratil na pouti v Norsku v ba\u017ein\u00e1ch, kde nebyl sign\u00e1l.<\/p><\/blockquote>\n\n\n\n<p>Hned c\u00edt\u00edte, jak na to reaguje t\u011blo, za\u010dne v\u00e1m tlouct srdce, zachv\u00e1t\u00ed v\u00e1s panika a v\u0161echny my\u0161lenky se up\u00ednaj\u00ed k tomu, jak se rychle dostat zp\u00e1tky na spr\u00e1vnou cestu.<\/p><br>\n\n\n\n<figure class=\"wp-block-image size-large\"><img loading=\"lazy\" decoding=\"async\" width=\"1024\" height=\"682\" src=\"https:\/\/www.mzone.cz\/wp-content\/uploads\/2020\/03\/Camino-Assisi-6-1024x682.jpg\" alt=\"\" class=\"wp-image-19698\" srcset=\"https:\/\/www.mzone.cz\/wp-content\/uploads\/2020\/03\/Camino-Assisi-6-1024x682.jpg 1024w, https:\/\/www.mzone.cz\/wp-content\/uploads\/2020\/03\/Camino-Assisi-6-300x200.jpg 300w, https:\/\/www.mzone.cz\/wp-content\/uploads\/2020\/03\/Camino-Assisi-6-768x512.jpg 768w, https:\/\/www.mzone.cz\/wp-content\/uploads\/2020\/03\/Camino-Assisi-6-800x533.jpg 800w, https:\/\/www.mzone.cz\/wp-content\/uploads\/2020\/03\/Camino-Assisi-6-400x267.jpg 400w, https:\/\/www.mzone.cz\/wp-content\/uploads\/2020\/03\/Camino-Assisi-6-500x333.jpg 500w, https:\/\/www.mzone.cz\/wp-content\/uploads\/2020\/03\/Camino-Assisi-6-590x393.jpg 590w, https:\/\/www.mzone.cz\/wp-content\/uploads\/2020\/03\/Camino-Assisi-6.jpg 1144w\" sizes=\"auto, (max-width: 1024px) 100vw, 1024px\" \/><\/figure><br>\n\n\n\n<h4 class=\"has-vivid-red-color has-text-color wp-block-heading\">Doporu\u010dil bys absolvovat pou\u0165 ka\u017ed\u00e9mu, nebo je to vhodn\u00e9 jen pro ur\u010dit\u00e9 typy lid\u00ed? A te\u010f nemysl\u00edme z hlediska fyzick\u00e9 zdatnosti, ale sp\u00ed\u0161e t\u00e9 duchovn\u00ed.<\/h4>\n\n\n\n<p>Pou\u0165 bych doporu\u010dil ka\u017ed\u00e9mu, kdo o n\u00ed n\u011bkdy p\u0159em\u00fd\u0161lel. Pro n\u011bkoho je pou\u0165 prim\u00e1rn\u011b duchovn\u00ed z\u00e1\u017eitek nebo vnit\u0159n\u00ed obroda, jin\u00fd jde pro z\u00e1bavu a dal\u0161\u00ed jako sportovn\u00ed v\u00fdzvu. Mysl\u00edm, \u017ee \u010das o samot\u011b spojen\u00fd s fyzick\u00fdm p\u0159ekon\u00e1n\u00edm ale n\u011bjak\u00e9 duchovn\u00ed ovoce nese a lep\u0161\u00ed pozn\u00e1n\u00ed sebe sama p\u0159inese ka\u017ed\u00e9mu. Pr\u00e1v\u011b v tichu a samot\u011b toti\u017e z \u010dlov\u011bka \u010dasto za\u010dnou vyv\u011brat vzpom\u00ednky, my\u0161lenky a emoce, kter\u00e9 se v b\u011b\u017en\u00e9m re\u017eimu nemaj\u00ed \u0161anci dostat na povrch. To samo o sob\u011b je skv\u011bl\u00e9.<\/p><br>\n\n\n\n<h4 class=\"has-vivid-red-color has-text-color wp-block-heading\">Dnes je v m\u00f3d\u011b zab\u00fdvat se ot\u00e1zkami ducha. \u010c\u00edm d\u00e1l v\u00edc lid\u00ed se v\u011bnuje j\u00f3ze nebo meditaci, dal\u0161\u00ed se nap\u0159\u00edklad nech\u00e1vaj\u00ed na t\u00fdden zav\u0159\u00edt do izolace do tmy. Jak to vn\u00edm\u00e1\u0161? Je to jen m\u00f3dn\u00ed trend, nebo se skute\u010dn\u011b lid\u00e9 za\u010d\u00ednaj\u00ed v\u00edc zaj\u00edmat o duchovno kv\u016fli sob\u011b?<\/h4>\n\n\n\n<p>Lid\u00e9 hledaj\u00ed hloubku, ale nen\u00ed u n\u00e1s \u00fapln\u011b siln\u00e1 duchovn\u00ed tradice, tak to pak m\u016f\u017ee vypadat trochu jako zmatek mnoha r\u016fzn\u00fdch proud\u016f. I m\u011b trochu chyb\u00ed, \u017ee tu nen\u00ed n\u011bjak\u00fd spole\u010dn\u00fd duchovn\u00ed r\u00e1mec pro v\u0161echny. Mysl\u00edm, \u017ee lid\u00e9 by se o duchovn\u00edch t\u00e9matech pak v\u00edce bavili. U v\u0161ech t\u011bchto praktik je ot\u00e1zka, pro\u010d to lid\u00e9 d\u011blaj\u00ed. N\u011bkte\u0159\u00ed cht\u011bj\u00ed instantn\u00ed z\u00e1\u017eitek nebo z\u00e1bavu, u t\u011bch je to sp\u00ed\u0161 asi ta m\u00f3da. A pak jsou lid\u00e9, kte\u0159\u00ed se podobn\u00fdmi sebezku\u0161enostmi cht\u011bj\u00ed skute\u010dn\u011b poznat a zm\u011bnit. Je to tak i u meditace.<\/p>\n\n\n\n<blockquote class=\"wp-block-quote is-layout-flow wp-block-quote-is-layout-flow\"><p>M\u016f\u017eete za\u017e\u00edt n\u011bjakou mezn\u00ed zku\u0161enost, ale proto prim\u00e1rn\u011b nemeditujete. Meditujete, abyste se prom\u011bnili, abyste o\u010distili svou mysl. Tak to alespo\u0148 u\u010dil Buddha.<\/p><\/blockquote>\n\n\n\n<h4 class=\"has-vivid-red-color has-text-color wp-block-heading\">Kdy p\u0159esn\u011b jsi se rozhodl, \u017ee nap\u00ed\u0161e\u0161 knihu? Co byl ten impulz?<\/h4>\n\n\n\n<p>Bylo to ve chv\u00edli, kdy jsem pro ni m\u011bl dost obsahu a t\u00e9mat, o kter\u00fdch chci ps\u00e1t. Ten impulz bych popsal jako dlouhodob\u00e9 vnit\u0159n\u00ed puzen\u00ed k n\u011b\u010demu hlub\u0161\u00edmu. Konkr\u00e9tn\u00ed podobu to nakonec z\u00edskalo v Karlazovi. Vlastn\u011b nev\u00edm, jestli jsem se pro to napsat knihu rozhodl, nebo jsem se prost\u011b nemohl rozhodnout jinak.<\/p><br>\n\n\n\n<figure class=\"wp-block-image size-large\"><img loading=\"lazy\" decoding=\"async\" width=\"1024\" height=\"683\" src=\"https:\/\/www.mzone.cz\/wp-content\/uploads\/2020\/03\/DSC00836-1024x683.jpg\" alt=\"\" class=\"wp-image-19706\" srcset=\"https:\/\/www.mzone.cz\/wp-content\/uploads\/2020\/03\/DSC00836-1024x683.jpg 1024w, https:\/\/www.mzone.cz\/wp-content\/uploads\/2020\/03\/DSC00836-300x200.jpg 300w, https:\/\/www.mzone.cz\/wp-content\/uploads\/2020\/03\/DSC00836-768x512.jpg 768w, https:\/\/www.mzone.cz\/wp-content\/uploads\/2020\/03\/DSC00836-1536x1024.jpg 1536w, https:\/\/www.mzone.cz\/wp-content\/uploads\/2020\/03\/DSC00836-2048x1365.jpg 2048w, https:\/\/www.mzone.cz\/wp-content\/uploads\/2020\/03\/DSC00836-800x533.jpg 800w, https:\/\/www.mzone.cz\/wp-content\/uploads\/2020\/03\/DSC00836-400x267.jpg 400w, https:\/\/www.mzone.cz\/wp-content\/uploads\/2020\/03\/DSC00836-500x333.jpg 500w, https:\/\/www.mzone.cz\/wp-content\/uploads\/2020\/03\/DSC00836-1170x780.jpg 1170w, https:\/\/www.mzone.cz\/wp-content\/uploads\/2020\/03\/DSC00836-590x393.jpg 590w\" sizes=\"auto, (max-width: 1024px) 100vw, 1024px\" \/><\/figure><br>\n\n\n\n<h4 class=\"has-vivid-red-color has-text-color wp-block-heading\">Kdy\u017e jsi za\u010d\u00ednal ps\u00e1t, v\u011bd\u011bl jsi tedy p\u0159esn\u011b, co v knize bude, anebo \u010d\u00e1st obsahu vykrystalizovala p\u0159ece jen a\u017e v pr\u016fb\u011bhu psan\u00ed?<\/h4>\n\n\n\n<p>Je\u0161t\u011b ne\u017e jsem se rozhodl knihu napsat, odjel jsem dr\u017eet t\u00fddenn\u00ed p\u016fst a pokusil se b\u011bhem n\u011bj zorganizovat stovky stran pozn\u00e1mek, kter\u00e9 jsem m\u011bl. Vznikla s\u00e9rie okruh\u016f, kter\u00e9 se podobaj\u00ed dvaceti dev\u00edti okruh\u016fm, kter\u00e9 se dnes daj\u00ed naj\u00edt v Karlazovi. Forma, kterou kniha dnes m\u00e1, se vyv\u00edjela. Za\u010dal jsem ji ps\u00e1t formou anonymn\u00edho vypr\u00e1v\u011bn\u00ed ke \u010dten\u00e1\u0159i. Pozd\u011bji jsem vytvo\u0159il postavu Karlaze, jak\u00e9hosi moudr\u00e9ho pr\u016fvodce-poutn\u00edka a nakonec jsem v\u0161e p\u0159epsal do kr\u00e1tk\u00fdch p\u0159\u00edb\u011bh\u016f a podobenstv\u00ed, aby text fungoval nad\u010dasov\u011b. Tedy aby kniha d\u00e1vala smysl p\u0159ed sto lety i za sto let. Cel\u00e9 to trvalo p\u0159es dva tis\u00edce hodin.<\/p><br>\n\n\n\n<h4 class=\"has-vivid-red-color has-text-color wp-block-heading\">Co ti bylo inspirac\u00ed? Studoval jsi star\u00e9 texty a knihy filozof\u016f, nebo jsi \u010derpal p\u0159ev\u00e1\u017en\u011b ze sv\u00fdch zku\u0161enost\u00ed?<\/h4>\n\n\n\n<p>Mysl\u00edm, \u017ee to je vyv\u00e1\u017een\u00e9. \u010c\u00e1st moudrosti, kter\u00e1 se v knize d\u00e1 objevit, jsem si zaslou\u017eil, ale pro mnoho my\u0161lenek jsem se inspiroval ve star\u00fdch n\u00e1bo\u017eensk\u00fdch a filosofick\u00fdch textech. Hodn\u011b m\u011b ovliv\u0148uj\u00ed my\u0161lenky k\u0159es\u0165asntv\u00ed, \u0159eck\u00e9 filosofie, Theravadov\u00e9ho k\u00e1nonu, Zoroastrismu a podobn\u011b. Seznam myslitel\u016f, kte\u0159\u00ed m\u011b inspirovali, je na konci knihy, je to p\u0159es 40 jmen. Jinak m\u00e1m to \u0161t\u011bst\u00ed, \u017ee na to, \u017ee jsem relativn\u011b mlad\u00fd, jsem toho poznal u\u017e docela dost, to mi tak\u00e9 dost pomohlo.<\/p><br>\n\n\n\n<figure class=\"wp-block-image size-large\"><img loading=\"lazy\" decoding=\"async\" width=\"1024\" height=\"683\" src=\"https:\/\/www.mzone.cz\/wp-content\/uploads\/2020\/03\/DSC01134-1024x683.jpg\" alt=\"\" class=\"wp-image-19711\" srcset=\"https:\/\/www.mzone.cz\/wp-content\/uploads\/2020\/03\/DSC01134-1024x683.jpg 1024w, https:\/\/www.mzone.cz\/wp-content\/uploads\/2020\/03\/DSC01134-300x200.jpg 300w, https:\/\/www.mzone.cz\/wp-content\/uploads\/2020\/03\/DSC01134-768x512.jpg 768w, https:\/\/www.mzone.cz\/wp-content\/uploads\/2020\/03\/DSC01134-1536x1024.jpg 1536w, https:\/\/www.mzone.cz\/wp-content\/uploads\/2020\/03\/DSC01134-2048x1365.jpg 2048w, https:\/\/www.mzone.cz\/wp-content\/uploads\/2020\/03\/DSC01134-800x533.jpg 800w, https:\/\/www.mzone.cz\/wp-content\/uploads\/2020\/03\/DSC01134-400x267.jpg 400w, https:\/\/www.mzone.cz\/wp-content\/uploads\/2020\/03\/DSC01134-500x333.jpg 500w, https:\/\/www.mzone.cz\/wp-content\/uploads\/2020\/03\/DSC01134-1170x780.jpg 1170w, https:\/\/www.mzone.cz\/wp-content\/uploads\/2020\/03\/DSC01134-590x393.jpg 590w\" sizes=\"auto, (max-width: 1024px) 100vw, 1024px\" \/><\/figure><br>\n\n\n\n<h4 class=\"has-vivid-red-color has-text-color wp-block-heading\">Je ti 33 let, ale kniha p\u016fsob\u00ed, jakoby ji psal moudr\u00fd sta\u0159ec, jak je to mo\u017en\u00e9?<\/h4>\n\n\n\n<p>To jsem r\u00e1d, \u017ee na tebe, tak p\u016fsob\u00ed. Rozhodn\u011b to ale nen\u00ed moje st\u00e1l\u00e9 vnit\u0159n\u00ed nastaven\u00ed, kter\u00e9 m\u00e1m. Jak \u0159\u00edk\u00e1\u0161, bude mi 33 a aktu\u00e1ln\u011b vn\u00edm\u00e1m, \u017ee se pohybuji n\u011bkde mezi mal\u00fdm, nezodpov\u011bdn\u00fdm a vystra\u0161en\u00fdm klukem a t\u00edmhle moudr\u00fdm a trochu p\u0159\u00edsn\u00fdm starcem. Jung pro postavu vnit\u0159n\u00edho moudr\u00e9ho starce pou\u017e\u00edval pojem Filemon. Mysl\u00edm, \u017ee ka\u017ed\u00fd z n\u00e1s v sob\u011b hlas a veden\u00ed star\u00e9ho moudr\u00e9ho \u010dlov\u011bka m\u00e1, ot\u00e1zka je, jak se s n\u00edm dost\u00e1v\u00e1 do kontaktu a jak ten kontakt udr\u017eet.<\/p><br>\n\n\n\n<h4 class=\"has-vivid-red-color has-text-color wp-block-heading\">\u017dije\u0161 ty osobn\u011b podle my\u0161lenek, kter\u00e9 Karlaz v knize hl\u00e1s\u00e1?<\/h4>\n\n\n\n<p>Karlazova slova stanovuj\u00ed jak\u00fdsi ide\u00e1l, nebo maxima, se kter\u00fdmi se m\u016f\u017eu na sv\u00e9 cest\u011b porovn\u00e1vat. Prim\u00e1rn\u011b je to vnit\u0159n\u00ed ide\u00e1l, kter\u00fd mi zabra\u0148uje vzd\u00e1vat se odpov\u011bdnosti za vlastn\u00ed rozhodnut\u00ed a za to, jak\u00fd \u017eivot \u017eiju.<\/p>\n\n\n\n<blockquote class=\"wp-block-quote is-layout-flow wp-block-quote-is-layout-flow\"><p>J\u00e1 osobn\u011b si mysl\u00edm, \u017ee \u017e\u00e1dn\u00fdm ide\u00e1lem nejsem, sp\u00ed\u0161 se na n\u011bj ve sv\u00e9 knize sna\u017e\u00edm uk\u00e1zat.<\/p><\/blockquote>\n\n\n\n<h4 class=\"has-vivid-red-color has-text-color wp-block-heading\">A d\u00e1 se to v\u016fbec v dne\u0161n\u00edm sv\u011bt\u011b stoprocentn\u011b dodr\u017eovat?<\/h4>\n\n\n\n<p>Ono to snad nikdy v historii nebylo lehk\u00e9. Jako lid\u00e9 m\u00e1me slabou v\u016fli, snadno podl\u00e9h\u00e1me r\u016fzn\u00fdm neuspo\u0159\u00e1dan\u00fdm n\u00e1klonnostem. Sm\u011b\u0159ovat se sv\u00fdm \u017eivotem k n\u011bjak\u00e9mu ide\u00e1lu, kter\u00fd n\u00e1s p\u0159esahuje, je t\u011b\u017ek\u00e9, ale pr\u00e1v\u011b proto je to n\u011b\u010d\u00edm vz\u00e1cn\u00e9. Je to ta je\u017e\u00ed\u0161ova \u201c\u00fazk\u00e1 cesta\u201d.<\/p><br>\n\n\n\n<h4 class=\"has-vivid-red-color has-text-color wp-block-heading\">V knize mluv\u00ed Karlaz o posl\u00e1n\u00ed \u010dlov\u011bka. Jak\u00e9 je tvoje posl\u00e1n\u00ed?<\/h4>\n\n\n\n<p>Vn\u00edm\u00e1m, \u017ee ne ka\u017ed\u00fd m\u00e1 v \u017eivot\u011b vykonat jednu v\u011bc. N\u011bkte\u0159\u00ed lid\u00e9 jsou b\u011bhem \u017eivota povol\u00e1ni k r\u016fzn\u00fdm, t\u0159eba naprosto rozd\u00edln\u00fdm \u00fakol\u016fm. D\u0159\u00edve to pro m\u011b bylo podnik\u00e1n\u00ed v reklam\u011b. Te\u010f je to prim\u00e1rn\u011b pr\u00e1ce na Karlazovi, p\u0159iprava p\u0159edn\u00e1\u0161ek, podcastu, p\u0159eklad do angli\u010dtiny a pr\u00e1ce na pokra\u010dov\u00e1n\u00ed.&nbsp;K \u010demu budu d\u00e1l povol\u00e1n? Kdo v\u00ed. Samoz\u0159ejm\u011b, sna\u017e\u00edm se stanovovat si c\u00edle, ale z\u00e1rove\u0148 neb\u00fdt py\u0161n\u00fd, \u017ee v\u0161echno v\u00edm, proto\u017ee okolnosti se v \u017eivot\u011b mohou velmi rychle m\u011bnit. V\u011bt\u0161inou se o nov\u00e9m sm\u011bru rozhoduji podle my\u0161lenek, kter\u00e9 se mnou dok\u00e1\u017e\u00ed z\u016fstat del\u0161\u00ed dobu. T\u0159eba rok nebo dva. Ty v\u011bt\u0161inou uk\u00e1\u017eou, kter\u00fdm sm\u011brem se d\u00e1l vyd\u00e1m.<\/p><br>\n\n\n\n<figure class=\"wp-block-image size-large\"><img loading=\"lazy\" decoding=\"async\" width=\"1024\" height=\"682\" src=\"https:\/\/www.mzone.cz\/wp-content\/uploads\/2020\/03\/Tom\u00e1\u0161-Gavlas-1024x682.jpg\" alt=\"\" class=\"wp-image-19684\" srcset=\"https:\/\/www.mzone.cz\/wp-content\/uploads\/2020\/03\/Tom\u00e1\u0161-Gavlas-1024x682.jpg 1024w, https:\/\/www.mzone.cz\/wp-content\/uploads\/2020\/03\/Tom\u00e1\u0161-Gavlas-300x200.jpg 300w, https:\/\/www.mzone.cz\/wp-content\/uploads\/2020\/03\/Tom\u00e1\u0161-Gavlas-768x512.jpg 768w, https:\/\/www.mzone.cz\/wp-content\/uploads\/2020\/03\/Tom\u00e1\u0161-Gavlas-800x533.jpg 800w, https:\/\/www.mzone.cz\/wp-content\/uploads\/2020\/03\/Tom\u00e1\u0161-Gavlas-400x267.jpg 400w, https:\/\/www.mzone.cz\/wp-content\/uploads\/2020\/03\/Tom\u00e1\u0161-Gavlas-500x333.jpg 500w, https:\/\/www.mzone.cz\/wp-content\/uploads\/2020\/03\/Tom\u00e1\u0161-Gavlas-1170x780.jpg 1170w, https:\/\/www.mzone.cz\/wp-content\/uploads\/2020\/03\/Tom\u00e1\u0161-Gavlas-590x393.jpg 590w, https:\/\/www.mzone.cz\/wp-content\/uploads\/2020\/03\/Tom\u00e1\u0161-Gavlas.jpg 1378w\" sizes=\"auto, (max-width: 1024px) 100vw, 1024px\" \/><\/figure><br>\n\n\n\n<h4 class=\"has-vivid-red-color has-text-color wp-block-heading\">V\u011b\u0159\u00ed\u0161 na \u017eivot za sn\u011b\u017enou \u010darou?<\/h4>\n\n\n\n<p>Stejn\u011b jako Blaise Pascal bych si \u201cvsadil\u201d, \u017ee po smrti n\u011bco existuje a je lep\u0161\u00ed \u017e\u00edt tak, \u017ee n\u011bco existuje, proto\u017ee, t\u00edm po smrti m\u016f\u017eu jen z\u00edskat. A pokud nic nebude, tak vlastn\u011b o nic nep\u0159ijdu. Tak\u017ee j\u00e1 dnes v\u011b\u0159\u00edm. Mysl\u00edm, \u017ee je dobr\u00e9, aby si tu ot\u00e1zku \u010dlov\u011bk s\u00e1m p\u0159ed sebou zkusil alespo\u0148 cvi\u010dn\u011b zodpov\u011bd\u011bt. Jestli m\u016f\u017ee n\u011bco po smrti existovat a jestli m\u016f\u017eu n\u011bjak ovlivnit, jak\u00e9 to bude. Je to takov\u00e1 univerz\u00e1ln\u00ed ot\u00e1zka, na kterou hled\u00e1me odpov\u011bdi u\u017e tis\u00edce let. D\u00e1 se br\u00e1t jako my\u0161lenkov\u00e9 cvi\u010den\u00ed.<\/p><br>\n\n\n\n<h4 class=\"has-vivid-red-color has-text-color wp-block-heading\">Kdy\u017e jsi se vzdal sv\u00e9 firmy, co t\u011b vlastn\u011b v sou\u010dasnosti \u017eiv\u00ed? Je to jen vydan\u00e1 kniha? D\u00e1 se vyd\u00e1n\u00edm jedn\u00e9 kn\u00ed\u017eky v \u010cesku u\u017eivit?<\/h4>\n\n\n\n<p>D\u011blal jsem n\u011bjak\u00e9 konzultace, ale pak jsem v\u0161e se\u0161krtal, abych se mohl v\u011bnovat jen Karlazovi a rodin\u011b. B\u011bhem podnik\u00e1n\u00ed jsem \u017eil relativn\u011b skromn\u011b, tak\u017ee jsem m\u011bl n\u011bjak\u00e9 pen\u00edze na\u0161et\u0159en\u00e9. Te\u010f se mi prodejemi knihy pen\u00edze vrac\u00ed, ale na jist\u00e9 u\u017eiven\u00ed to zat\u00edm nen\u00ed. Uvid\u00edme za rok.<\/p>\n\n\n\n<blockquote class=\"wp-block-quote is-layout-flow wp-block-quote-is-layout-flow\"><p>Obecn\u011b se psan\u00edm u\u017eiv\u00ed jednotky pisate\u016f v \u010cesku, a to v\u011bt\u0161inou ti, kte\u0159\u00ed maj\u00ed p\u0159\u00edstupn\u011bj\u0161\u00ed \u017e\u00e1nr. Karlaz je po\u0159\u00e1d duchovn\u00ed meditace, kter\u00e1 nen\u00ed pro ka\u017ed\u00e9ho.<\/p><\/blockquote>\n\n\n\n<p>P\u0159\u00e1l bych si ale, aby se kniha prod\u00e1vala st\u00e1le tak, jako dosud. Je to kr\u00e1sn\u00fd pocit, \u017ee si lid\u00e9 kn\u00ed\u017eku kupuj\u00ed a pak mi t\u0159eba nap\u00ed\u0161ou, co se jim l\u00edbilo a pro\u010d, p\u0159\u00edpadn\u011b jak jim Karlaz pomohl. Hnedka c\u00edt\u00edm, \u017ee d\u011bl\u00e1m n\u011bco smyslupln\u00e9ho a pod\u00edl\u00edm se na n\u011b\u010dem, co je vz\u00e1cn\u011bj\u0161\u00ed, ne\u017e jen \u017eiven\u00ed trhu s rychloobr\u00e1tkov\u00fdm zbo\u017e\u00edm.<\/p><br>\n\n\n\n<h4 class=\"has-vivid-red-color has-text-color\"><strong>Tom\u00e1\u0161i, d\u011bkujeme za rozhovor a p\u0159ejeme hodn\u011b \u0161t\u011bst\u00ed v dal\u0161\u00edm putov\u00e1n\u00ed \u017eivotem!<\/strong><\/h4><br>\n\n\n\n<div class=\"wp-block-image\"><figure class=\"alignright size-large is-resized\"><img loading=\"lazy\" decoding=\"async\" src=\"https:\/\/www.mzone.cz\/wp-content\/uploads\/2020\/03\/karlaz_kniha.jpg\" alt=\"\" class=\"wp-image-19719\" width=\"117\" height=\"180\" srcset=\"https:\/\/www.mzone.cz\/wp-content\/uploads\/2020\/03\/karlaz_kniha.jpg 596w, https:\/\/www.mzone.cz\/wp-content\/uploads\/2020\/03\/karlaz_kniha-195x300.jpg 195w, https:\/\/www.mzone.cz\/wp-content\/uploads\/2020\/03\/karlaz_kniha-590x906.jpg 590w\" sizes=\"auto, (max-width: 117px) 100vw, 117px\" \/><\/figure><\/div>\n\n\n\n<p class=\"has-background has-very-light-gray-background-color\"><strong>O knize KARLAZ: Cesta \u010dlov\u011bka<\/strong><br>Karlaz v dvaceti dev\u00edti promluv\u00e1ch vyslov\u00ed, co je v \u017eivot\u011b d\u016fle\u017eit\u00e9. O\u017eiv\u00ed p\u0159\u00edb\u011bhy d\u00e1vno zapomenut\u00fdch kl\u00e1\u0161ter\u016f, pou\u0161tn\u00edch o\u00e1z i zanikl\u00fdch m\u011bst. V nad\u010dasov\u00fdch rozmluv\u00e1ch s chrom\u00fdmi poustevn\u00edky, zku\u0161en\u00fdmi l\u00e9\u010ditelkami a mocn\u00fdmi vl\u00e1dci nab\u00eddne praktick\u00e9 instrukce k \u0159e\u0161en\u00ed z\u00e1sadn\u00edch \u017eivotn\u00edch ot\u00e1zek. Dotkne se t\u00e9mat, jako jsou vztahy, sebepozn\u00e1n\u00ed, mluven\u00ed, h\u0159\u00edch, temn\u00e1 noc, strach, bolest, v\u00edra, \u010das, smrt, po\u0159\u00e1dek, pen\u00edze, vd\u011b\u010dnost, odpu\u0161t\u011bn\u00ed, lp\u011bn\u00ed, meditace, c\u00edt\u011bn\u00ed, my\u0161len\u00ed a hled\u00e1n\u00ed \u017eivotn\u00edho posl\u00e1n\u00ed.<\/p><br>\n\n\n\n<div class=\"wp-block-image\"><figure class=\"alignleft size-large is-resized\"><img loading=\"lazy\" decoding=\"async\" src=\"https:\/\/www.mzone.cz\/wp-content\/uploads\/2019\/11\/Boxerka-z-kl\u00e1\u0161tera-1024x683.jpg\" alt=\"\" class=\"wp-image-14294\" width=\"157\" height=\"104\" srcset=\"https:\/\/www.mzone.cz\/wp-content\/uploads\/2019\/11\/Boxerka-z-kl\u00e1\u0161tera-1024x683.jpg 1024w, https:\/\/www.mzone.cz\/wp-content\/uploads\/2019\/11\/Boxerka-z-kl\u00e1\u0161tera-300x200.jpg 300w, https:\/\/www.mzone.cz\/wp-content\/uploads\/2019\/11\/Boxerka-z-kl\u00e1\u0161tera-768x512.jpg 768w, https:\/\/www.mzone.cz\/wp-content\/uploads\/2019\/11\/Boxerka-z-kl\u00e1\u0161tera-1536x1024.jpg 1536w, https:\/\/www.mzone.cz\/wp-content\/uploads\/2019\/11\/Boxerka-z-kl\u00e1\u0161tera-2048x1365.jpg 2048w, https:\/\/www.mzone.cz\/wp-content\/uploads\/2019\/11\/Boxerka-z-kl\u00e1\u0161tera-800x533.jpg 800w, https:\/\/www.mzone.cz\/wp-content\/uploads\/2019\/11\/Boxerka-z-kl\u00e1\u0161tera-400x267.jpg 400w, https:\/\/www.mzone.cz\/wp-content\/uploads\/2019\/11\/Boxerka-z-kl\u00e1\u0161tera-500x333.jpg 500w, https:\/\/www.mzone.cz\/wp-content\/uploads\/2019\/11\/Boxerka-z-kl\u00e1\u0161tera-1170x780.jpg 1170w, https:\/\/www.mzone.cz\/wp-content\/uploads\/2019\/11\/Boxerka-z-kl\u00e1\u0161tera-590x393.jpg 590w\" sizes=\"auto, (max-width: 157px) 100vw, 157px\" \/><\/figure><\/div>\n\n\n\n<h4><a href=\"https:\/\/www.mzone.cz\/vira-v-boha-je-u-mladych-lidi-anomalii-rika-reziserka-dokumentu-boxerka-z-klastera\/\">V\u00edra v Boha je u mlad\u00fdch lid\u00ed anom\u00e1li\u00ed, \u0159\u00edk\u00e1 re\u017eis\u00e9rka dokumentu Boxerka z kl\u00e1\u0161tera<\/a><\/h4><br>","protected":false},"excerpt":{"rendered":"<p>Str\u00e1vil dlouh\u00e9 m\u011bs\u00edce na cest\u00e1ch, zakusil samotu a nepohodl\u00ed, ale i \u017eivot v kl\u00e1\u0161te\u0159e. \u00dasp\u011b\u0161n\u00fd byznys ned\u00e1vno pov\u011bsil na h\u0159eb\u00edk a napsal hlubokou duchovn\u00ed knihu. \u0158e\u010d je o Tom\u00e1\u0161i Gavlasovi, poutn\u00edku a spisovateli, kter\u00fd nyn\u00ed poskytl exkluzivn\u00ed rozhovor pro n\u00e1\u0161 web. Tom\u00e1\u0161 Gavlas (32) je dvoumetrov\u00fd autor, podnikatel a poutn\u00edk. Vystudoval kulturologii na Univerzit\u011b Karlov\u011b, [&hellip;]<\/p>\n","protected":false},"author":4,"featured_media":19684,"comment_status":"open","ping_status":"closed","sticky":false,"template":"","format":"standard","meta":{"kk_blocks_editor_width":"","_kiokenblocks_attr":"","_kiokenblocks_dimensions":"","footnotes":""},"categories":[71,29,1846,25],"tags":[2271,3637,3640,3641,1487,1658,1806,3636,856,857,31,17,858,664,3638,37,1782,490,3639,157],"class_list":["post-19683","post","type-post","status-publish","format-standard","has-post-thumbnail","hentry","category-kultura","category-lifestyle","category-literatura","category-style","tag-autor","tag-cesta-cloveka","tag-cestovatel","tag-duchovno","tag-duse","tag-filosofie","tag-interview","tag-karlaz","tag-kniha","tag-knihy","tag-kultura","tag-lifestyle","tag-literatura","tag-meditace","tag-poutnik","tag-rozhovor","tag-spisovatel","tag-style","tag-tomas-gavlas","tag-zivot"],"yoast_head":"<!-- This site is optimized with the Yoast SEO plugin v27.5 - https:\/\/yoast.com\/product\/yoast-seo-wordpress\/ -->\n<title>Cestov\u00e1n\u00ed u\u010d\u00ed poko\u0159e, v\u016fli a odpov\u011bdnosti, \u0159\u00edk\u00e1 poutn\u00edk a spisovatel Tom\u00e1\u0161 Gavlas - Mzone<\/title>\n<meta name=\"description\" content=\"Str\u00e1vil dlouh\u00e9 m\u011bs\u00edce na cest\u00e1ch, zakusil samotu a nepohodl\u00ed, ale i \u017eivot v kl\u00e1\u0161te\u0159e. \u00dasp\u011b\u0161n\u00fd byznys ned\u00e1vno pov\u011bsil na h\u0159eb\u00edk a napsal hlubokou duchovn\u00ed knihu. \u0158e\u010d je o Tom\u00e1\u0161i Gavlasovi, poutn\u00edku a spisovateli, kter\u00fd nyn\u00ed poskytl exkluzivn\u00ed rozhovor pro n\u00e1\u0161 web.\" \/>\n<meta name=\"robots\" content=\"index, follow, max-snippet:-1, max-image-preview:large, max-video-preview:-1\" \/>\n<link rel=\"canonical\" href=\"https:\/\/www.mzone.cz\/en\/cestovani-uci-pokore-vuli-a-odpovednosti-rika-tomas-gavlas\/\" \/>\n<meta property=\"og:locale\" content=\"en_US\" \/>\n<meta property=\"og:type\" content=\"article\" \/>\n<meta property=\"og:title\" content=\"Cestov\u00e1n\u00ed u\u010d\u00ed poko\u0159e, v\u016fli a odpov\u011bdnosti, \u0159\u00edk\u00e1 poutn\u00edk a spisovatel Tom\u00e1\u0161 Gavlas - Mzone\" \/>\n<meta property=\"og:description\" content=\"Str\u00e1vil dlouh\u00e9 m\u011bs\u00edce na cest\u00e1ch, zakusil samotu a nepohodl\u00ed, ale i \u017eivot v kl\u00e1\u0161te\u0159e. \u00dasp\u011b\u0161n\u00fd byznys ned\u00e1vno pov\u011bsil na h\u0159eb\u00edk a napsal hlubokou duchovn\u00ed knihu. \u0158e\u010d je o Tom\u00e1\u0161i Gavlasovi, poutn\u00edku a spisovateli, kter\u00fd nyn\u00ed poskytl exkluzivn\u00ed rozhovor pro n\u00e1\u0161 web.\" \/>\n<meta property=\"og:url\" content=\"https:\/\/www.mzone.cz\/en\/cestovani-uci-pokore-vuli-a-odpovednosti-rika-tomas-gavlas\/\" \/>\n<meta property=\"og:site_name\" content=\"Mzone\" \/>\n<meta property=\"article:publisher\" content=\"https:\/\/www.facebook.com\/MzoneCZ\/\" \/>\n<meta property=\"article:published_time\" content=\"2020-04-08T03:00:00+00:00\" \/>\n<meta property=\"og:image\" content=\"https:\/\/www.mzone.cz\/wp-content\/uploads\/2020\/03\/Tom\u00e1\u0161-Gavlas.jpg\" \/>\n\t<meta property=\"og:image:width\" content=\"1378\" \/>\n\t<meta property=\"og:image:height\" content=\"918\" \/>\n\t<meta property=\"og:image:type\" content=\"image\/jpeg\" \/>\n<meta name=\"author\" content=\"Mzone\" \/>\n<meta name=\"twitter:card\" content=\"summary_large_image\" \/>\n<meta name=\"twitter:label1\" content=\"Written by\" \/>\n\t<meta name=\"twitter:data1\" content=\"Mzone\" \/>\n\t<meta name=\"twitter:label2\" content=\"Est. reading time\" \/>\n\t<meta name=\"twitter:data2\" content=\"12 minutes\" \/>\n<script type=\"application\/ld+json\" class=\"yoast-schema-graph\">{\"@context\":\"https:\\\/\\\/schema.org\",\"@graph\":[{\"@type\":\"Article\",\"@id\":\"https:\\\/\\\/www.mzone.cz\\\/cestovani-uci-pokore-vuli-a-odpovednosti-rika-tomas-gavlas\\\/#article\",\"isPartOf\":{\"@id\":\"https:\\\/\\\/www.mzone.cz\\\/cestovani-uci-pokore-vuli-a-odpovednosti-rika-tomas-gavlas\\\/\"},\"author\":{\"name\":\"Mzone\",\"@id\":\"https:\\\/\\\/www.mzone.cz\\\/#\\\/schema\\\/person\\\/9bc20cc422a99cac4af6ff9297da32d4\"},\"headline\":\"Cestov\u00e1n\u00ed u\u010d\u00ed poko\u0159e, v\u016fli a odpov\u011bdnosti, \u0159\u00edk\u00e1 poutn\u00edk a spisovatel Tom\u00e1\u0161 Gavlas\",\"datePublished\":\"2020-04-08T03:00:00+00:00\",\"mainEntityOfPage\":{\"@id\":\"https:\\\/\\\/www.mzone.cz\\\/cestovani-uci-pokore-vuli-a-odpovednosti-rika-tomas-gavlas\\\/\"},\"wordCount\":2483,\"commentCount\":0,\"image\":{\"@id\":\"https:\\\/\\\/www.mzone.cz\\\/cestovani-uci-pokore-vuli-a-odpovednosti-rika-tomas-gavlas\\\/#primaryimage\"},\"thumbnailUrl\":\"https:\\\/\\\/www.mzone.cz\\\/wp-content\\\/uploads\\\/2020\\\/03\\\/Tom\u00e1\u0161-Gavlas.jpg\",\"keywords\":[\"autor\",\"cesta \u010dlov\u011bka\",\"cestovatel\",\"duchovno\",\"du\u0161e\",\"filosofie\",\"interview\",\"Karlaz\",\"kniha\",\"knihy\",\"Kultura\",\"Lifestyle\",\"literatura\",\"meditace\",\"poutn\u00edk\",\"Rozhovor\",\"spisovatel\",\"style\",\"Tom\u00e1\u0161 Gavlas\",\"\u017eivot\"],\"articleSection\":[\"Kultura\",\"Lifestyle\",\"Literatura\",\"Style\"],\"inLanguage\":\"en-US\",\"potentialAction\":[{\"@type\":\"CommentAction\",\"name\":\"Comment\",\"target\":[\"https:\\\/\\\/www.mzone.cz\\\/cestovani-uci-pokore-vuli-a-odpovednosti-rika-tomas-gavlas\\\/#respond\"]}]},{\"@type\":\"WebPage\",\"@id\":\"https:\\\/\\\/www.mzone.cz\\\/cestovani-uci-pokore-vuli-a-odpovednosti-rika-tomas-gavlas\\\/\",\"url\":\"https:\\\/\\\/www.mzone.cz\\\/cestovani-uci-pokore-vuli-a-odpovednosti-rika-tomas-gavlas\\\/\",\"name\":\"Cestov\u00e1n\u00ed u\u010d\u00ed poko\u0159e, v\u016fli a odpov\u011bdnosti, \u0159\u00edk\u00e1 poutn\u00edk a spisovatel Tom\u00e1\u0161 Gavlas - Mzone\",\"isPartOf\":{\"@id\":\"https:\\\/\\\/www.mzone.cz\\\/#website\"},\"primaryImageOfPage\":{\"@id\":\"https:\\\/\\\/www.mzone.cz\\\/cestovani-uci-pokore-vuli-a-odpovednosti-rika-tomas-gavlas\\\/#primaryimage\"},\"image\":{\"@id\":\"https:\\\/\\\/www.mzone.cz\\\/cestovani-uci-pokore-vuli-a-odpovednosti-rika-tomas-gavlas\\\/#primaryimage\"},\"thumbnailUrl\":\"https:\\\/\\\/www.mzone.cz\\\/wp-content\\\/uploads\\\/2020\\\/03\\\/Tom\u00e1\u0161-Gavlas.jpg\",\"datePublished\":\"2020-04-08T03:00:00+00:00\",\"author\":{\"@id\":\"https:\\\/\\\/www.mzone.cz\\\/#\\\/schema\\\/person\\\/9bc20cc422a99cac4af6ff9297da32d4\"},\"description\":\"Str\u00e1vil dlouh\u00e9 m\u011bs\u00edce na cest\u00e1ch, zakusil samotu a nepohodl\u00ed, ale i \u017eivot v kl\u00e1\u0161te\u0159e. \u00dasp\u011b\u0161n\u00fd byznys ned\u00e1vno pov\u011bsil na h\u0159eb\u00edk a napsal hlubokou duchovn\u00ed knihu. \u0158e\u010d je o Tom\u00e1\u0161i Gavlasovi, poutn\u00edku a spisovateli, kter\u00fd nyn\u00ed poskytl exkluzivn\u00ed rozhovor pro n\u00e1\u0161 web.\",\"breadcrumb\":{\"@id\":\"https:\\\/\\\/www.mzone.cz\\\/cestovani-uci-pokore-vuli-a-odpovednosti-rika-tomas-gavlas\\\/#breadcrumb\"},\"inLanguage\":\"en-US\",\"potentialAction\":[{\"@type\":\"ReadAction\",\"target\":[\"https:\\\/\\\/www.mzone.cz\\\/cestovani-uci-pokore-vuli-a-odpovednosti-rika-tomas-gavlas\\\/\"]}]},{\"@type\":\"ImageObject\",\"inLanguage\":\"en-US\",\"@id\":\"https:\\\/\\\/www.mzone.cz\\\/cestovani-uci-pokore-vuli-a-odpovednosti-rika-tomas-gavlas\\\/#primaryimage\",\"url\":\"https:\\\/\\\/www.mzone.cz\\\/wp-content\\\/uploads\\\/2020\\\/03\\\/Tom\u00e1\u0161-Gavlas.jpg\",\"contentUrl\":\"https:\\\/\\\/www.mzone.cz\\\/wp-content\\\/uploads\\\/2020\\\/03\\\/Tom\u00e1\u0161-Gavlas.jpg\",\"width\":1378,\"height\":918},{\"@type\":\"BreadcrumbList\",\"@id\":\"https:\\\/\\\/www.mzone.cz\\\/cestovani-uci-pokore-vuli-a-odpovednosti-rika-tomas-gavlas\\\/#breadcrumb\",\"itemListElement\":[{\"@type\":\"ListItem\",\"position\":1,\"name\":\"Dom\u016f\",\"item\":\"https:\\\/\\\/www.mzone.cz\\\/\"},{\"@type\":\"ListItem\",\"position\":2,\"name\":\"Cestov\u00e1n\u00ed u\u010d\u00ed poko\u0159e, v\u016fli a odpov\u011bdnosti, \u0159\u00edk\u00e1 poutn\u00edk a spisovatel Tom\u00e1\u0161 Gavlas\"}]},{\"@type\":\"WebSite\",\"@id\":\"https:\\\/\\\/www.mzone.cz\\\/#website\",\"url\":\"https:\\\/\\\/www.mzone.cz\\\/\",\"name\":\"Mzone\",\"description\":\"Magaz\u00edn nejen pro mu\u017ee\",\"potentialAction\":[{\"@type\":\"SearchAction\",\"target\":{\"@type\":\"EntryPoint\",\"urlTemplate\":\"https:\\\/\\\/www.mzone.cz\\\/?s={search_term_string}\"},\"query-input\":{\"@type\":\"PropertyValueSpecification\",\"valueRequired\":true,\"valueName\":\"search_term_string\"}}],\"inLanguage\":\"en-US\"},{\"@type\":\"Person\",\"@id\":\"https:\\\/\\\/www.mzone.cz\\\/#\\\/schema\\\/person\\\/9bc20cc422a99cac4af6ff9297da32d4\",\"name\":\"Mzone\",\"image\":{\"@type\":\"ImageObject\",\"inLanguage\":\"en-US\",\"@id\":\"https:\\\/\\\/secure.gravatar.com\\\/avatar\\\/e780a8630f3182a3d06dd667ab6bea151a0d155b0951bc15fe22633acdac0676?s=96&d=mm&r=g\",\"url\":\"https:\\\/\\\/secure.gravatar.com\\\/avatar\\\/e780a8630f3182a3d06dd667ab6bea151a0d155b0951bc15fe22633acdac0676?s=96&d=mm&r=g\",\"contentUrl\":\"https:\\\/\\\/secure.gravatar.com\\\/avatar\\\/e780a8630f3182a3d06dd667ab6bea151a0d155b0951bc15fe22633acdac0676?s=96&d=mm&r=g\",\"caption\":\"Mzone\"},\"url\":\"https:\\\/\\\/www.mzone.cz\\\/en\\\/author\\\/jakub\\\/\"}]}<\/script>\n<!-- \/ Yoast SEO plugin. -->","yoast_head_json":{"title":"Cestov\u00e1n\u00ed u\u010d\u00ed poko\u0159e, v\u016fli a odpov\u011bdnosti, \u0159\u00edk\u00e1 poutn\u00edk a spisovatel Tom\u00e1\u0161 Gavlas - Mzone","description":"Str\u00e1vil dlouh\u00e9 m\u011bs\u00edce na cest\u00e1ch, zakusil samotu a nepohodl\u00ed, ale i \u017eivot v kl\u00e1\u0161te\u0159e. \u00dasp\u011b\u0161n\u00fd byznys ned\u00e1vno pov\u011bsil na h\u0159eb\u00edk a napsal hlubokou duchovn\u00ed knihu. \u0158e\u010d je o Tom\u00e1\u0161i Gavlasovi, poutn\u00edku a spisovateli, kter\u00fd nyn\u00ed poskytl exkluzivn\u00ed rozhovor pro n\u00e1\u0161 web.","robots":{"index":"index","follow":"follow","max-snippet":"max-snippet:-1","max-image-preview":"max-image-preview:large","max-video-preview":"max-video-preview:-1"},"canonical":"https:\/\/www.mzone.cz\/en\/cestovani-uci-pokore-vuli-a-odpovednosti-rika-tomas-gavlas\/","og_locale":"en_US","og_type":"article","og_title":"Cestov\u00e1n\u00ed u\u010d\u00ed poko\u0159e, v\u016fli a odpov\u011bdnosti, \u0159\u00edk\u00e1 poutn\u00edk a spisovatel Tom\u00e1\u0161 Gavlas - Mzone","og_description":"Str\u00e1vil dlouh\u00e9 m\u011bs\u00edce na cest\u00e1ch, zakusil samotu a nepohodl\u00ed, ale i \u017eivot v kl\u00e1\u0161te\u0159e. \u00dasp\u011b\u0161n\u00fd byznys ned\u00e1vno pov\u011bsil na h\u0159eb\u00edk a napsal hlubokou duchovn\u00ed knihu. \u0158e\u010d je o Tom\u00e1\u0161i Gavlasovi, poutn\u00edku a spisovateli, kter\u00fd nyn\u00ed poskytl exkluzivn\u00ed rozhovor pro n\u00e1\u0161 web.","og_url":"https:\/\/www.mzone.cz\/en\/cestovani-uci-pokore-vuli-a-odpovednosti-rika-tomas-gavlas\/","og_site_name":"Mzone","article_publisher":"https:\/\/www.facebook.com\/MzoneCZ\/","article_published_time":"2020-04-08T03:00:00+00:00","og_image":[{"width":1378,"height":918,"url":"https:\/\/www.mzone.cz\/wp-content\/uploads\/2020\/03\/Tom\u00e1\u0161-Gavlas.jpg","type":"image\/jpeg"}],"author":"Mzone","twitter_card":"summary_large_image","twitter_misc":{"Written by":"Mzone","Est. reading time":"12 minutes"},"schema":{"@context":"https:\/\/schema.org","@graph":[{"@type":"Article","@id":"https:\/\/www.mzone.cz\/cestovani-uci-pokore-vuli-a-odpovednosti-rika-tomas-gavlas\/#article","isPartOf":{"@id":"https:\/\/www.mzone.cz\/cestovani-uci-pokore-vuli-a-odpovednosti-rika-tomas-gavlas\/"},"author":{"name":"Mzone","@id":"https:\/\/www.mzone.cz\/#\/schema\/person\/9bc20cc422a99cac4af6ff9297da32d4"},"headline":"Cestov\u00e1n\u00ed u\u010d\u00ed poko\u0159e, v\u016fli a odpov\u011bdnosti, \u0159\u00edk\u00e1 poutn\u00edk a spisovatel Tom\u00e1\u0161 Gavlas","datePublished":"2020-04-08T03:00:00+00:00","mainEntityOfPage":{"@id":"https:\/\/www.mzone.cz\/cestovani-uci-pokore-vuli-a-odpovednosti-rika-tomas-gavlas\/"},"wordCount":2483,"commentCount":0,"image":{"@id":"https:\/\/www.mzone.cz\/cestovani-uci-pokore-vuli-a-odpovednosti-rika-tomas-gavlas\/#primaryimage"},"thumbnailUrl":"https:\/\/www.mzone.cz\/wp-content\/uploads\/2020\/03\/Tom\u00e1\u0161-Gavlas.jpg","keywords":["autor","cesta \u010dlov\u011bka","cestovatel","duchovno","du\u0161e","filosofie","interview","Karlaz","kniha","knihy","Kultura","Lifestyle","literatura","meditace","poutn\u00edk","Rozhovor","spisovatel","style","Tom\u00e1\u0161 Gavlas","\u017eivot"],"articleSection":["Kultura","Lifestyle","Literatura","Style"],"inLanguage":"en-US","potentialAction":[{"@type":"CommentAction","name":"Comment","target":["https:\/\/www.mzone.cz\/cestovani-uci-pokore-vuli-a-odpovednosti-rika-tomas-gavlas\/#respond"]}]},{"@type":"WebPage","@id":"https:\/\/www.mzone.cz\/cestovani-uci-pokore-vuli-a-odpovednosti-rika-tomas-gavlas\/","url":"https:\/\/www.mzone.cz\/cestovani-uci-pokore-vuli-a-odpovednosti-rika-tomas-gavlas\/","name":"Cestov\u00e1n\u00ed u\u010d\u00ed poko\u0159e, v\u016fli a odpov\u011bdnosti, \u0159\u00edk\u00e1 poutn\u00edk a spisovatel Tom\u00e1\u0161 Gavlas - Mzone","isPartOf":{"@id":"https:\/\/www.mzone.cz\/#website"},"primaryImageOfPage":{"@id":"https:\/\/www.mzone.cz\/cestovani-uci-pokore-vuli-a-odpovednosti-rika-tomas-gavlas\/#primaryimage"},"image":{"@id":"https:\/\/www.mzone.cz\/cestovani-uci-pokore-vuli-a-odpovednosti-rika-tomas-gavlas\/#primaryimage"},"thumbnailUrl":"https:\/\/www.mzone.cz\/wp-content\/uploads\/2020\/03\/Tom\u00e1\u0161-Gavlas.jpg","datePublished":"2020-04-08T03:00:00+00:00","author":{"@id":"https:\/\/www.mzone.cz\/#\/schema\/person\/9bc20cc422a99cac4af6ff9297da32d4"},"description":"Str\u00e1vil dlouh\u00e9 m\u011bs\u00edce na cest\u00e1ch, zakusil samotu a nepohodl\u00ed, ale i \u017eivot v kl\u00e1\u0161te\u0159e. \u00dasp\u011b\u0161n\u00fd byznys ned\u00e1vno pov\u011bsil na h\u0159eb\u00edk a napsal hlubokou duchovn\u00ed knihu. \u0158e\u010d je o Tom\u00e1\u0161i Gavlasovi, poutn\u00edku a spisovateli, kter\u00fd nyn\u00ed poskytl exkluzivn\u00ed rozhovor pro n\u00e1\u0161 web.","breadcrumb":{"@id":"https:\/\/www.mzone.cz\/cestovani-uci-pokore-vuli-a-odpovednosti-rika-tomas-gavlas\/#breadcrumb"},"inLanguage":"en-US","potentialAction":[{"@type":"ReadAction","target":["https:\/\/www.mzone.cz\/cestovani-uci-pokore-vuli-a-odpovednosti-rika-tomas-gavlas\/"]}]},{"@type":"ImageObject","inLanguage":"en-US","@id":"https:\/\/www.mzone.cz\/cestovani-uci-pokore-vuli-a-odpovednosti-rika-tomas-gavlas\/#primaryimage","url":"https:\/\/www.mzone.cz\/wp-content\/uploads\/2020\/03\/Tom\u00e1\u0161-Gavlas.jpg","contentUrl":"https:\/\/www.mzone.cz\/wp-content\/uploads\/2020\/03\/Tom\u00e1\u0161-Gavlas.jpg","width":1378,"height":918},{"@type":"BreadcrumbList","@id":"https:\/\/www.mzone.cz\/cestovani-uci-pokore-vuli-a-odpovednosti-rika-tomas-gavlas\/#breadcrumb","itemListElement":[{"@type":"ListItem","position":1,"name":"Dom\u016f","item":"https:\/\/www.mzone.cz\/"},{"@type":"ListItem","position":2,"name":"Cestov\u00e1n\u00ed u\u010d\u00ed poko\u0159e, v\u016fli a odpov\u011bdnosti, \u0159\u00edk\u00e1 poutn\u00edk a spisovatel Tom\u00e1\u0161 Gavlas"}]},{"@type":"WebSite","@id":"https:\/\/www.mzone.cz\/#website","url":"https:\/\/www.mzone.cz\/","name":"Mzone","description":"Magaz\u00edn nejen pro mu\u017ee","potentialAction":[{"@type":"SearchAction","target":{"@type":"EntryPoint","urlTemplate":"https:\/\/www.mzone.cz\/?s={search_term_string}"},"query-input":{"@type":"PropertyValueSpecification","valueRequired":true,"valueName":"search_term_string"}}],"inLanguage":"en-US"},{"@type":"Person","@id":"https:\/\/www.mzone.cz\/#\/schema\/person\/9bc20cc422a99cac4af6ff9297da32d4","name":"Mzone","image":{"@type":"ImageObject","inLanguage":"en-US","@id":"https:\/\/secure.gravatar.com\/avatar\/e780a8630f3182a3d06dd667ab6bea151a0d155b0951bc15fe22633acdac0676?s=96&d=mm&r=g","url":"https:\/\/secure.gravatar.com\/avatar\/e780a8630f3182a3d06dd667ab6bea151a0d155b0951bc15fe22633acdac0676?s=96&d=mm&r=g","contentUrl":"https:\/\/secure.gravatar.com\/avatar\/e780a8630f3182a3d06dd667ab6bea151a0d155b0951bc15fe22633acdac0676?s=96&d=mm&r=g","caption":"Mzone"},"url":"https:\/\/www.mzone.cz\/en\/author\/jakub\/"}]}},"_links":{"self":[{"href":"https:\/\/www.mzone.cz\/en\/wp-json\/wp\/v2\/posts\/19683","targetHints":{"allow":["GET"]}}],"collection":[{"href":"https:\/\/www.mzone.cz\/en\/wp-json\/wp\/v2\/posts"}],"about":[{"href":"https:\/\/www.mzone.cz\/en\/wp-json\/wp\/v2\/types\/post"}],"author":[{"embeddable":true,"href":"https:\/\/www.mzone.cz\/en\/wp-json\/wp\/v2\/users\/4"}],"replies":[{"embeddable":true,"href":"https:\/\/www.mzone.cz\/en\/wp-json\/wp\/v2\/comments?post=19683"}],"version-history":[{"count":28,"href":"https:\/\/www.mzone.cz\/en\/wp-json\/wp\/v2\/posts\/19683\/revisions"}],"predecessor-version":[{"id":19727,"href":"https:\/\/www.mzone.cz\/en\/wp-json\/wp\/v2\/posts\/19683\/revisions\/19727"}],"wp:featuredmedia":[{"embeddable":true,"href":"https:\/\/www.mzone.cz\/en\/wp-json\/wp\/v2\/media\/19684"}],"wp:attachment":[{"href":"https:\/\/www.mzone.cz\/en\/wp-json\/wp\/v2\/media?parent=19683"}],"wp:term":[{"taxonomy":"category","embeddable":true,"href":"https:\/\/www.mzone.cz\/en\/wp-json\/wp\/v2\/categories?post=19683"},{"taxonomy":"post_tag","embeddable":true,"href":"https:\/\/www.mzone.cz\/en\/wp-json\/wp\/v2\/tags?post=19683"}],"curies":[{"name":"wp","href":"https:\/\/api.w.org\/{rel}","templated":true}]}}