{"id":2049,"date":"2018-12-13T06:00:19","date_gmt":"2018-12-13T05:00:19","guid":{"rendered":"http:\/\/www.mzone.cz\/?p=2049"},"modified":"2019-10-02T17:04:12","modified_gmt":"2019-10-02T15:04:12","slug":"jedna-perla-za-druhou-tohle-se-resi-na-diskuznich-forech-automobilovych-nadsencu","status":"publish","type":"post","link":"https:\/\/www.mzone.cz\/en\/jedna-perla-za-druhou-tohle-se-resi-na-diskuznich-forech-automobilovych-nadsencu\/","title":{"rendered":"Jedna perla za druhou! Tohle se \u0159e\u0161\u00ed na diskuzn\u00edch f\u00f3rech automobilov\u00fdch nad\u0161enc\u016f"},"content":{"rendered":"<p><strong>Ka\u017ed\u00e1 automobilka m\u00e1 sv\u00e9 specifikum. N\u011bkter\u00e1 je za\u017eit\u00e1 jako spolehliv\u00e1, jin\u00e1 si d\u00edky sv\u00e9 nevaln\u00e9 pov\u011bsti vyslou\u017eila p\u011bknou \u0159\u00e1dku posm\u011b\u0161n\u00fdch vt\u00edpk\u016f. A v\u016fz \u010dasto vypov\u00edd\u00e1 i leccos o sv\u00e9m majiteli. Ti se pak sch\u00e1zej\u00ed na internetov\u00fdch f\u00f3rech a prob\u00edraj\u00ed tam sv\u00e9 zku\u0161enosti a probl\u00e9my s vozy. Takhle to na nich vypad\u00e1!<\/strong><\/p>\n<p>N\u00ed\u017ee sepsan\u00e9 dotazy a post\u0159ehy nejsp\u00ed\u0161 na f\u00f3rech ve skute\u010dnosti nenajdete. Ale v\u0161ichni ve skrytu du\u0161e v\u00edme, \u017ee tam n\u011bkde jsou\u2026<\/p>\n<p><strong>Lamborghini f\u00f3rum: <\/strong><br \/>\nP\u0159i rychlostech nad 330 km\/h m\u011b stra\u0161n\u011b ru\u0161\u00ed hluk obt\u00e9kaj\u00edc\u00edho vzduchu. Nev\u00edte, co s t\u00edm?<\/p>\n<p><strong>Audi A8 f\u00f3rum: <\/strong><br \/>\nKde mi nejrychleji oprav\u00ed moje Rolexky?<\/p>\n<p><strong>Fiat f\u00f3rum: <\/strong><br \/>\nHal\u00f3\u00f3\u00f3? To jsem tu s\u00e1m?!?<\/p>\n<blockquote><p><strong>Mercedes-Benz C-Klasse f\u00f3rum:<\/strong><br \/>\nDobr\u00fd den, m\u016fj Mercedes v ned\u011bli p\u0159i cest\u011b z n\u00e1kup\u016f zmoknul. Nev\u00edte, co m\u00e1m te\u010f d\u011blat?<\/p><\/blockquote>\n<p><strong>Alfa Romeo f\u00f3rum:<\/strong><br \/>\nNev\u00edte n\u011bkdo, jak se \u017eije mimo servis?<\/p>\n<p><strong>Mazda MX-5 f\u00f3rum:<\/strong><br \/>\nHo\u0161i, n\u011bjakej z\u00e1les\u00e1k mi dneska Touaregem p\u0159ejel auto, d\u00e1vejte v lese pozor!<\/p>\n<p><img loading=\"lazy\" decoding=\"async\" src=\"http:\/\/www.mzone.cz\/wp-content\/uploads\/2018\/12\/Mazda-MX-5-2009-1280-1c-1024x713.jpg\" width=\"600\" height=\"418\" class=\"alignnone size-large wp-image-2055\" srcset=\"https:\/\/www.mzone.cz\/wp-content\/uploads\/2018\/12\/Mazda-MX-5-2009-1280-1c-1024x713.jpg 1024w, https:\/\/www.mzone.cz\/wp-content\/uploads\/2018\/12\/Mazda-MX-5-2009-1280-1c-300x209.jpg 300w, https:\/\/www.mzone.cz\/wp-content\/uploads\/2018\/12\/Mazda-MX-5-2009-1280-1c-768x535.jpg 768w, https:\/\/www.mzone.cz\/wp-content\/uploads\/2018\/12\/Mazda-MX-5-2009-1280-1c-590x411.jpg 590w, https:\/\/www.mzone.cz\/wp-content\/uploads\/2018\/12\/Mazda-MX-5-2009-1280-1c.jpg 1280w\" sizes=\"auto, (max-width: 600px) 100vw, 600px\" \/><\/p>\n<p><strong>Touareg f\u00f3rum:<\/strong><br \/>\nChlapi, m\u00e1m v podvozku zara\u017eenou MX-5ku. Nev\u00edte, jestli s t\u00edm m\u016f\u017eu d\u00e1l jezdit nebo to musim dostat ven?<\/p>\n<p><strong>Bentley f\u00f3rum:<\/strong><br \/>\nDneska jsem musel pou\u017e\u00edt v aut\u011b popeln\u00edk. Kde ho m\u016f\u017eu nechat vym\u011bnit?<\/p>\n<p><strong>Porsche Cayenne f\u00f3rum:<\/strong><br \/>\nSpot\u0159eba pod 40 l\/100 km &#8211; porucha motoru???<\/p>\n<blockquote><p><strong>Renault f\u00f3rum:<\/strong><br \/>\nProd\u00e1m m\u011bs\u00ed\u010dn\u00ed tramvajenku. Zn. auto se vr\u00e1tilo ze servisu d\u0159\u00edv.<\/p><\/blockquote>\n<p><strong>Mustang f\u00f3rum:<\/strong><br \/>\nN\u011bjakej idiot v Civicu se m\u011b dneska sna\u017eil p\u0159edjet!<\/p>\n<p><strong>Civic f\u00f3rum:<\/strong><br \/>\nN\u011bjakej idiot v Mustangu se m\u011b dneska sna\u017eil p\u0159edjet!<\/p>\n<p><strong>Honda Accord f\u00f3rum:<\/strong><br \/>\nDostal jsem auto od mamky. Kde se\u017eenu n\u011bjak\u00e9 levn\u00e9 18-palcov\u00e9 disky?<\/p>\n<p><strong>BMW M3 f\u00f3rum:<\/strong><br \/>\nKluci, nev\u00edte kde se daj\u00ed sehnat zrc\u00e1tka z trojkov\u00fdho Golfu?<\/p>\n<p><img loading=\"lazy\" decoding=\"async\" src=\"http:\/\/www.mzone.cz\/wp-content\/uploads\/2018\/12\/BMW-M3-2001-1280-25-1024x682.jpg\" width=\"600\" height=\"400\" class=\"alignnone size-large wp-image-2057\" srcset=\"https:\/\/www.mzone.cz\/wp-content\/uploads\/2018\/12\/BMW-M3-2001-1280-25-1024x682.jpg 1024w, https:\/\/www.mzone.cz\/wp-content\/uploads\/2018\/12\/BMW-M3-2001-1280-25-300x200.jpg 300w, https:\/\/www.mzone.cz\/wp-content\/uploads\/2018\/12\/BMW-M3-2001-1280-25-768x512.jpg 768w, https:\/\/www.mzone.cz\/wp-content\/uploads\/2018\/12\/BMW-M3-2001-1280-25-800x533.jpg 800w, https:\/\/www.mzone.cz\/wp-content\/uploads\/2018\/12\/BMW-M3-2001-1280-25-400x267.jpg 400w, https:\/\/www.mzone.cz\/wp-content\/uploads\/2018\/12\/BMW-M3-2001-1280-25-500x333.jpg 500w, https:\/\/www.mzone.cz\/wp-content\/uploads\/2018\/12\/BMW-M3-2001-1280-25-1170x780.jpg 1170w, https:\/\/www.mzone.cz\/wp-content\/uploads\/2018\/12\/BMW-M3-2001-1280-25-590x393.jpg 590w, https:\/\/www.mzone.cz\/wp-content\/uploads\/2018\/12\/BMW-M3-2001-1280-25.jpg 1261w\" sizes=\"auto, (max-width: 600px) 100vw, 600px\" \/><\/p>\n<p><strong>Viper f\u00f3rum:<\/strong><br \/>\nPomoc! Smart v nas\u00e1vac\u00edm potrub\u00ed! Jak ho dostanu ven?<\/p>\n<p><strong>Ford Fiesta f\u00f3rum:<\/strong><br \/>\nZjistil jsem, \u017ee m\u00e1m pod kapotou m\u00edsto motoru \u0161ic\u00ed stroj. Jezd\u00edm s t\u00edm nejsp\u00ed\u0161 ale u\u017e v\u00edce jak rok. M\u00e1m to n\u011bjak \u0159e\u0161it nebo je to norm\u00e1ln\u00ed?<\/p>\n<p><strong>Mercedes-Benz 190D f\u00f3rum:<\/strong><br \/>\nPros\u00edm pomoc! Kupec na moji k\u00e1ru mi poslal p\u00e1r ot\u00e1zek ohledn\u011b auta &#8211; neum\u00edte n\u011bkdo beng\u00e1lsky?<\/p>\n<blockquote><p><strong>Hummer f\u00f3rum:<\/strong><br \/>\nDneska jsem si po\u0161kr\u00e1bal n\u00e1razn\u00edk \ud83d\ude41 10 mrtv\u00fdch a 27 zran\u011bn\u00fdch \ud83d\ude41 Mus\u00edm \u010dern\u00fd lak koupit p\u0159\u00edmo u distributora Hummeru, nebo se d\u00e1 pou\u017e\u00edt i jin\u00fd? Distributor je 25 kilometr\u016f od\u011b m\u011b a nechce se mi kv\u016fli tomu d\u00e1vat t\u0159i tis\u00edce za benz\u00edn\u2026<\/p><\/blockquote>\n<p><strong>Yugo f\u00f3rum:<\/strong><br \/>\nKdy v\u00e1m auto naposledy jelo?<\/p>\n<p><strong>Honda Civic CRX f\u00f3rum:<\/strong><br \/>\nSousedovic pes sp\u00e1v\u00e1 v m\u00e9m v\u00fdfuku, m\u016f\u017eu i s n\u00edm klidn\u011b nastartovat?<\/p>\n<p><strong>Mercedes S-Klasse f\u00f3rum:<\/strong><br \/>\nP\u00e1nov\u00e9, moje \u017eena se m\u011b sna\u017e\u00ed s jej\u00edm smradlav\u00fdm pr\u00e1vn\u00edkem o\u0161kubat. N\u011bjak\u00e9 n\u00e1pady, jak se jich nen\u00e1padn\u011b zbavit? Odm\u011bna jist\u00e1.<\/p>\n<p><strong>Ferrari f\u00f3rum:<\/strong><br \/>\nKluci, je\u0161t\u011b jsem nebyl mimo m\u011bsto. Jak se d\u00e1vaj\u00ed rychlostn\u00ed stupn\u011b 3, 4, 5 a d\u00e1l?<\/p>\n<p><img loading=\"lazy\" decoding=\"async\" src=\"http:\/\/www.mzone.cz\/wp-content\/uploads\/2018\/12\/pexels-photo-1024x576.jpg\" width=\"600\" height=\"338\" class=\"alignnone size-large wp-image-2059\" srcset=\"https:\/\/www.mzone.cz\/wp-content\/uploads\/2018\/12\/pexels-photo-1024x576.jpg 1024w, https:\/\/www.mzone.cz\/wp-content\/uploads\/2018\/12\/pexels-photo-300x169.jpg 300w, https:\/\/www.mzone.cz\/wp-content\/uploads\/2018\/12\/pexels-photo-768x432.jpg 768w, https:\/\/www.mzone.cz\/wp-content\/uploads\/2018\/12\/pexels-photo-590x332.jpg 590w, https:\/\/www.mzone.cz\/wp-content\/uploads\/2018\/12\/pexels-photo.jpg 1920w\" sizes=\"auto, (max-width: 600px) 100vw, 600px\" \/><\/p>\n<p><strong>Porsche f\u00f3rum:<\/strong><br \/>\nStal se mi defekt kola. Nev\u00edte, co vyjde levn\u011bji &#8211; zp\u011btn\u00fd prodej leasingovce, nebo se m\u00e1m pokusit auto prodat s\u00e1m?<\/p>\n<p><strong>Twingo f\u00f3rum:<\/strong><br \/>\nSh\u00e1n\u00edm mra\u010d\u00edtka na p\u0159edn\u00ed sv\u011btla z prav\u00e9 ko\u0148sk\u00e9 h\u0159\u00edvy! Sp\u011bch\u00e1!<\/p>\n<p><strong>BMW 7xx f\u00f3rum:<\/strong><br \/>\nPomoc! Nechal jsem si p\u0159eprogramovat \u0159\u00edd\u00edc\u00ed jednotku a te\u010f nem\u016f\u017eu p\u0159inutit popeln\u00edk, aby se zav\u0159el!<\/p>","protected":false},"excerpt":{"rendered":"<p>Ka\u017ed\u00e1 automobilka m\u00e1 sv\u00e9 specifikum. N\u011bkter\u00e1 je za\u017eit\u00e1 jako spolehliv\u00e1, jin\u00e1 si d\u00edky sv\u00e9 nevaln\u00e9 pov\u011bsti vyslou\u017eila p\u011bknou \u0159\u00e1dku posm\u011b\u0161n\u00fdch vt\u00edpk\u016f. A v\u016fz \u010dasto vypov\u00edd\u00e1 i leccos o sv\u00e9m majiteli. Ti se pak sch\u00e1zej\u00ed na internetov\u00fdch f\u00f3rech a prob\u00edraj\u00ed tam sv\u00e9 zku\u0161enosti a probl\u00e9my s vozy. Takhle to na nich vypad\u00e1! N\u00ed\u017ee sepsan\u00e9 dotazy a [&hellip;]<\/p>\n","protected":false},"author":4,"featured_media":2050,"comment_status":"open","ping_status":"open","sticky":false,"template":"","format":"standard","meta":{"kk_blocks_editor_width":"","_kiokenblocks_attr":"","_kiokenblocks_dimensions":"","footnotes":""},"categories":[69],"tags":[585,462,749,746,744,745,747,141,748,20],"class_list":["post-2049","post","type-post","status-publish","format-standard","has-post-thumbnail","hentry","category-auto-moto","tag-auta","tag-auto-moto","tag-diskuze","tag-forum","tag-internet","tag-nadsenci","tag-nazory","tag-rady","tag-vtipy","tag-zabava"],"yoast_head":"<!-- This site is optimized with the Yoast SEO plugin v27.5 - https:\/\/yoast.com\/product\/yoast-seo-wordpress\/ -->\n<title>Jedna perla za druhou! Tohle se \u0159e\u0161\u00ed na diskuzn\u00edch f\u00f3rech automobilov\u00fdch nad\u0161enc\u016f - Mzone<\/title>\n<meta name=\"description\" content=\"Ka\u017ed\u00e1 automobilka m\u00e1 sv\u00e9 specifikum. N\u011bkter\u00e1 je za\u017eit\u00e1 jako spolehliv\u00e1, jin\u00e1 si d\u00edky sv\u00e9 nevaln\u00e9 pov\u011bsti vyslou\u017eila p\u011bknou \u0159\u00e1dku posm\u011b\u0161n\u00fdch vt\u00edpk\u016f. A v\u016fz \u010dasto vypov\u00edd\u00e1 i leccos o sv\u00e9m majiteli. Ti se pak sch\u00e1zej\u00ed na internetov\u00fdch f\u00f3rech a prob\u00edraj\u00ed tam sv\u00e9 zku\u0161enosti a probl\u00e9my s vozy. Takhle to na nich vypad\u00e1!\" \/>\n<meta name=\"robots\" content=\"index, follow, max-snippet:-1, max-image-preview:large, max-video-preview:-1\" \/>\n<link rel=\"canonical\" href=\"https:\/\/www.mzone.cz\/en\/jedna-perla-za-druhou-tohle-se-resi-na-diskuznich-forech-automobilovych-nadsencu\/\" \/>\n<meta property=\"og:locale\" content=\"en_US\" \/>\n<meta property=\"og:type\" content=\"article\" \/>\n<meta property=\"og:title\" content=\"Jedna perla za druhou! Tohle se \u0159e\u0161\u00ed na diskuzn\u00edch f\u00f3rech automobilov\u00fdch nad\u0161enc\u016f - Mzone\" \/>\n<meta property=\"og:description\" content=\"Ka\u017ed\u00e1 automobilka m\u00e1 sv\u00e9 specifikum. N\u011bkter\u00e1 je za\u017eit\u00e1 jako spolehliv\u00e1, jin\u00e1 si d\u00edky sv\u00e9 nevaln\u00e9 pov\u011bsti vyslou\u017eila p\u011bknou \u0159\u00e1dku posm\u011b\u0161n\u00fdch vt\u00edpk\u016f. A v\u016fz \u010dasto vypov\u00edd\u00e1 i leccos o sv\u00e9m majiteli. Ti se pak sch\u00e1zej\u00ed na internetov\u00fdch f\u00f3rech a prob\u00edraj\u00ed tam sv\u00e9 zku\u0161enosti a probl\u00e9my s vozy. Takhle to na nich vypad\u00e1!\" \/>\n<meta property=\"og:url\" content=\"https:\/\/www.mzone.cz\/en\/jedna-perla-za-druhou-tohle-se-resi-na-diskuznich-forech-automobilovych-nadsencu\/\" \/>\n<meta property=\"og:site_name\" content=\"Mzone\" \/>\n<meta property=\"article:publisher\" content=\"https:\/\/www.facebook.com\/MzoneCZ\/\" \/>\n<meta property=\"article:published_time\" content=\"2018-12-13T05:00:19+00:00\" \/>\n<meta property=\"article:modified_time\" content=\"2019-10-02T15:04:12+00:00\" \/>\n<meta property=\"og:image\" content=\"https:\/\/www.mzone.cz\/wp-content\/uploads\/2018\/11\/Depositphotos_24149105_l-2015.jpg\" \/>\n\t<meta property=\"og:image:width\" content=\"2000\" \/>\n\t<meta property=\"og:image:height\" content=\"1384\" \/>\n\t<meta property=\"og:image:type\" content=\"image\/jpeg\" \/>\n<meta name=\"author\" content=\"Mzone\" \/>\n<meta name=\"twitter:card\" content=\"summary_large_image\" \/>\n<meta name=\"twitter:label1\" content=\"Written by\" \/>\n\t<meta name=\"twitter:data1\" content=\"Mzone\" \/>\n\t<meta name=\"twitter:label2\" content=\"Est. reading time\" \/>\n\t<meta name=\"twitter:data2\" content=\"3 minutes\" \/>\n<script type=\"application\/ld+json\" class=\"yoast-schema-graph\">{\"@context\":\"https:\\\/\\\/schema.org\",\"@graph\":[{\"@type\":\"Article\",\"@id\":\"https:\\\/\\\/www.mzone.cz\\\/jedna-perla-za-druhou-tohle-se-resi-na-diskuznich-forech-automobilovych-nadsencu\\\/#article\",\"isPartOf\":{\"@id\":\"https:\\\/\\\/www.mzone.cz\\\/jedna-perla-za-druhou-tohle-se-resi-na-diskuznich-forech-automobilovych-nadsencu\\\/\"},\"author\":{\"name\":\"Mzone\",\"@id\":\"https:\\\/\\\/www.mzone.cz\\\/#\\\/schema\\\/person\\\/9bc20cc422a99cac4af6ff9297da32d4\"},\"headline\":\"Jedna perla za druhou! Tohle se \u0159e\u0161\u00ed na diskuzn\u00edch f\u00f3rech automobilov\u00fdch nad\u0161enc\u016f\",\"datePublished\":\"2018-12-13T05:00:19+00:00\",\"dateModified\":\"2019-10-02T15:04:12+00:00\",\"mainEntityOfPage\":{\"@id\":\"https:\\\/\\\/www.mzone.cz\\\/jedna-perla-za-druhou-tohle-se-resi-na-diskuznich-forech-automobilovych-nadsencu\\\/\"},\"wordCount\":658,\"commentCount\":0,\"image\":{\"@id\":\"https:\\\/\\\/www.mzone.cz\\\/jedna-perla-za-druhou-tohle-se-resi-na-diskuznich-forech-automobilovych-nadsencu\\\/#primaryimage\"},\"thumbnailUrl\":\"https:\\\/\\\/www.mzone.cz\\\/wp-content\\\/uploads\\\/2018\\\/11\\\/Depositphotos_24149105_l-2015.jpg\",\"keywords\":[\"auta\",\"auto-moto\",\"diskuze\",\"f\u00f3rum\",\"internet\",\"nad\u0161enci\",\"n\u00e1zory\",\"rady\",\"vtipy\",\"Z\u00e1bava\"],\"articleSection\":[\"Auto-moto\"],\"inLanguage\":\"en-US\",\"potentialAction\":[{\"@type\":\"CommentAction\",\"name\":\"Comment\",\"target\":[\"https:\\\/\\\/www.mzone.cz\\\/jedna-perla-za-druhou-tohle-se-resi-na-diskuznich-forech-automobilovych-nadsencu\\\/#respond\"]}]},{\"@type\":\"WebPage\",\"@id\":\"https:\\\/\\\/www.mzone.cz\\\/jedna-perla-za-druhou-tohle-se-resi-na-diskuznich-forech-automobilovych-nadsencu\\\/\",\"url\":\"https:\\\/\\\/www.mzone.cz\\\/jedna-perla-za-druhou-tohle-se-resi-na-diskuznich-forech-automobilovych-nadsencu\\\/\",\"name\":\"Jedna perla za druhou! Tohle se \u0159e\u0161\u00ed na diskuzn\u00edch f\u00f3rech automobilov\u00fdch nad\u0161enc\u016f - Mzone\",\"isPartOf\":{\"@id\":\"https:\\\/\\\/www.mzone.cz\\\/#website\"},\"primaryImageOfPage\":{\"@id\":\"https:\\\/\\\/www.mzone.cz\\\/jedna-perla-za-druhou-tohle-se-resi-na-diskuznich-forech-automobilovych-nadsencu\\\/#primaryimage\"},\"image\":{\"@id\":\"https:\\\/\\\/www.mzone.cz\\\/jedna-perla-za-druhou-tohle-se-resi-na-diskuznich-forech-automobilovych-nadsencu\\\/#primaryimage\"},\"thumbnailUrl\":\"https:\\\/\\\/www.mzone.cz\\\/wp-content\\\/uploads\\\/2018\\\/11\\\/Depositphotos_24149105_l-2015.jpg\",\"datePublished\":\"2018-12-13T05:00:19+00:00\",\"dateModified\":\"2019-10-02T15:04:12+00:00\",\"author\":{\"@id\":\"https:\\\/\\\/www.mzone.cz\\\/#\\\/schema\\\/person\\\/9bc20cc422a99cac4af6ff9297da32d4\"},\"description\":\"Ka\u017ed\u00e1 automobilka m\u00e1 sv\u00e9 specifikum. N\u011bkter\u00e1 je za\u017eit\u00e1 jako spolehliv\u00e1, jin\u00e1 si d\u00edky sv\u00e9 nevaln\u00e9 pov\u011bsti vyslou\u017eila p\u011bknou \u0159\u00e1dku posm\u011b\u0161n\u00fdch vt\u00edpk\u016f. A v\u016fz \u010dasto vypov\u00edd\u00e1 i leccos o sv\u00e9m majiteli. Ti se pak sch\u00e1zej\u00ed na internetov\u00fdch f\u00f3rech a prob\u00edraj\u00ed tam sv\u00e9 zku\u0161enosti a probl\u00e9my s vozy. Takhle to na nich vypad\u00e1!\",\"breadcrumb\":{\"@id\":\"https:\\\/\\\/www.mzone.cz\\\/jedna-perla-za-druhou-tohle-se-resi-na-diskuznich-forech-automobilovych-nadsencu\\\/#breadcrumb\"},\"inLanguage\":\"en-US\",\"potentialAction\":[{\"@type\":\"ReadAction\",\"target\":[\"https:\\\/\\\/www.mzone.cz\\\/jedna-perla-za-druhou-tohle-se-resi-na-diskuznich-forech-automobilovych-nadsencu\\\/\"]}]},{\"@type\":\"ImageObject\",\"inLanguage\":\"en-US\",\"@id\":\"https:\\\/\\\/www.mzone.cz\\\/jedna-perla-za-druhou-tohle-se-resi-na-diskuznich-forech-automobilovych-nadsencu\\\/#primaryimage\",\"url\":\"https:\\\/\\\/www.mzone.cz\\\/wp-content\\\/uploads\\\/2018\\\/11\\\/Depositphotos_24149105_l-2015.jpg\",\"contentUrl\":\"https:\\\/\\\/www.mzone.cz\\\/wp-content\\\/uploads\\\/2018\\\/11\\\/Depositphotos_24149105_l-2015.jpg\",\"width\":2000,\"height\":1384},{\"@type\":\"BreadcrumbList\",\"@id\":\"https:\\\/\\\/www.mzone.cz\\\/jedna-perla-za-druhou-tohle-se-resi-na-diskuznich-forech-automobilovych-nadsencu\\\/#breadcrumb\",\"itemListElement\":[{\"@type\":\"ListItem\",\"position\":1,\"name\":\"Dom\u016f\",\"item\":\"https:\\\/\\\/www.mzone.cz\\\/\"},{\"@type\":\"ListItem\",\"position\":2,\"name\":\"Jedna perla za druhou! Tohle se \u0159e\u0161\u00ed na diskuzn\u00edch f\u00f3rech automobilov\u00fdch nad\u0161enc\u016f\"}]},{\"@type\":\"WebSite\",\"@id\":\"https:\\\/\\\/www.mzone.cz\\\/#website\",\"url\":\"https:\\\/\\\/www.mzone.cz\\\/\",\"name\":\"Mzone\",\"description\":\"Magaz\u00edn nejen pro mu\u017ee\",\"potentialAction\":[{\"@type\":\"SearchAction\",\"target\":{\"@type\":\"EntryPoint\",\"urlTemplate\":\"https:\\\/\\\/www.mzone.cz\\\/?s={search_term_string}\"},\"query-input\":{\"@type\":\"PropertyValueSpecification\",\"valueRequired\":true,\"valueName\":\"search_term_string\"}}],\"inLanguage\":\"en-US\"},{\"@type\":\"Person\",\"@id\":\"https:\\\/\\\/www.mzone.cz\\\/#\\\/schema\\\/person\\\/9bc20cc422a99cac4af6ff9297da32d4\",\"name\":\"Mzone\",\"image\":{\"@type\":\"ImageObject\",\"inLanguage\":\"en-US\",\"@id\":\"https:\\\/\\\/secure.gravatar.com\\\/avatar\\\/e780a8630f3182a3d06dd667ab6bea151a0d155b0951bc15fe22633acdac0676?s=96&d=mm&r=g\",\"url\":\"https:\\\/\\\/secure.gravatar.com\\\/avatar\\\/e780a8630f3182a3d06dd667ab6bea151a0d155b0951bc15fe22633acdac0676?s=96&d=mm&r=g\",\"contentUrl\":\"https:\\\/\\\/secure.gravatar.com\\\/avatar\\\/e780a8630f3182a3d06dd667ab6bea151a0d155b0951bc15fe22633acdac0676?s=96&d=mm&r=g\",\"caption\":\"Mzone\"},\"url\":\"https:\\\/\\\/www.mzone.cz\\\/en\\\/author\\\/jakub\\\/\"}]}<\/script>\n<!-- \/ Yoast SEO plugin. -->","yoast_head_json":{"title":"Jedna perla za druhou! Tohle se \u0159e\u0161\u00ed na diskuzn\u00edch f\u00f3rech automobilov\u00fdch nad\u0161enc\u016f - Mzone","description":"Ka\u017ed\u00e1 automobilka m\u00e1 sv\u00e9 specifikum. N\u011bkter\u00e1 je za\u017eit\u00e1 jako spolehliv\u00e1, jin\u00e1 si d\u00edky sv\u00e9 nevaln\u00e9 pov\u011bsti vyslou\u017eila p\u011bknou \u0159\u00e1dku posm\u011b\u0161n\u00fdch vt\u00edpk\u016f. A v\u016fz \u010dasto vypov\u00edd\u00e1 i leccos o sv\u00e9m majiteli. Ti se pak sch\u00e1zej\u00ed na internetov\u00fdch f\u00f3rech a prob\u00edraj\u00ed tam sv\u00e9 zku\u0161enosti a probl\u00e9my s vozy. Takhle to na nich vypad\u00e1!","robots":{"index":"index","follow":"follow","max-snippet":"max-snippet:-1","max-image-preview":"max-image-preview:large","max-video-preview":"max-video-preview:-1"},"canonical":"https:\/\/www.mzone.cz\/en\/jedna-perla-za-druhou-tohle-se-resi-na-diskuznich-forech-automobilovych-nadsencu\/","og_locale":"en_US","og_type":"article","og_title":"Jedna perla za druhou! Tohle se \u0159e\u0161\u00ed na diskuzn\u00edch f\u00f3rech automobilov\u00fdch nad\u0161enc\u016f - Mzone","og_description":"Ka\u017ed\u00e1 automobilka m\u00e1 sv\u00e9 specifikum. N\u011bkter\u00e1 je za\u017eit\u00e1 jako spolehliv\u00e1, jin\u00e1 si d\u00edky sv\u00e9 nevaln\u00e9 pov\u011bsti vyslou\u017eila p\u011bknou \u0159\u00e1dku posm\u011b\u0161n\u00fdch vt\u00edpk\u016f. A v\u016fz \u010dasto vypov\u00edd\u00e1 i leccos o sv\u00e9m majiteli. Ti se pak sch\u00e1zej\u00ed na internetov\u00fdch f\u00f3rech a prob\u00edraj\u00ed tam sv\u00e9 zku\u0161enosti a probl\u00e9my s vozy. Takhle to na nich vypad\u00e1!","og_url":"https:\/\/www.mzone.cz\/en\/jedna-perla-za-druhou-tohle-se-resi-na-diskuznich-forech-automobilovych-nadsencu\/","og_site_name":"Mzone","article_publisher":"https:\/\/www.facebook.com\/MzoneCZ\/","article_published_time":"2018-12-13T05:00:19+00:00","article_modified_time":"2019-10-02T15:04:12+00:00","og_image":[{"width":2000,"height":1384,"url":"https:\/\/www.mzone.cz\/wp-content\/uploads\/2018\/11\/Depositphotos_24149105_l-2015.jpg","type":"image\/jpeg"}],"author":"Mzone","twitter_card":"summary_large_image","twitter_misc":{"Written by":"Mzone","Est. reading time":"3 minutes"},"schema":{"@context":"https:\/\/schema.org","@graph":[{"@type":"Article","@id":"https:\/\/www.mzone.cz\/jedna-perla-za-druhou-tohle-se-resi-na-diskuznich-forech-automobilovych-nadsencu\/#article","isPartOf":{"@id":"https:\/\/www.mzone.cz\/jedna-perla-za-druhou-tohle-se-resi-na-diskuznich-forech-automobilovych-nadsencu\/"},"author":{"name":"Mzone","@id":"https:\/\/www.mzone.cz\/#\/schema\/person\/9bc20cc422a99cac4af6ff9297da32d4"},"headline":"Jedna perla za druhou! Tohle se \u0159e\u0161\u00ed na diskuzn\u00edch f\u00f3rech automobilov\u00fdch nad\u0161enc\u016f","datePublished":"2018-12-13T05:00:19+00:00","dateModified":"2019-10-02T15:04:12+00:00","mainEntityOfPage":{"@id":"https:\/\/www.mzone.cz\/jedna-perla-za-druhou-tohle-se-resi-na-diskuznich-forech-automobilovych-nadsencu\/"},"wordCount":658,"commentCount":0,"image":{"@id":"https:\/\/www.mzone.cz\/jedna-perla-za-druhou-tohle-se-resi-na-diskuznich-forech-automobilovych-nadsencu\/#primaryimage"},"thumbnailUrl":"https:\/\/www.mzone.cz\/wp-content\/uploads\/2018\/11\/Depositphotos_24149105_l-2015.jpg","keywords":["auta","auto-moto","diskuze","f\u00f3rum","internet","nad\u0161enci","n\u00e1zory","rady","vtipy","Z\u00e1bava"],"articleSection":["Auto-moto"],"inLanguage":"en-US","potentialAction":[{"@type":"CommentAction","name":"Comment","target":["https:\/\/www.mzone.cz\/jedna-perla-za-druhou-tohle-se-resi-na-diskuznich-forech-automobilovych-nadsencu\/#respond"]}]},{"@type":"WebPage","@id":"https:\/\/www.mzone.cz\/jedna-perla-za-druhou-tohle-se-resi-na-diskuznich-forech-automobilovych-nadsencu\/","url":"https:\/\/www.mzone.cz\/jedna-perla-za-druhou-tohle-se-resi-na-diskuznich-forech-automobilovych-nadsencu\/","name":"Jedna perla za druhou! Tohle se \u0159e\u0161\u00ed na diskuzn\u00edch f\u00f3rech automobilov\u00fdch nad\u0161enc\u016f - Mzone","isPartOf":{"@id":"https:\/\/www.mzone.cz\/#website"},"primaryImageOfPage":{"@id":"https:\/\/www.mzone.cz\/jedna-perla-za-druhou-tohle-se-resi-na-diskuznich-forech-automobilovych-nadsencu\/#primaryimage"},"image":{"@id":"https:\/\/www.mzone.cz\/jedna-perla-za-druhou-tohle-se-resi-na-diskuznich-forech-automobilovych-nadsencu\/#primaryimage"},"thumbnailUrl":"https:\/\/www.mzone.cz\/wp-content\/uploads\/2018\/11\/Depositphotos_24149105_l-2015.jpg","datePublished":"2018-12-13T05:00:19+00:00","dateModified":"2019-10-02T15:04:12+00:00","author":{"@id":"https:\/\/www.mzone.cz\/#\/schema\/person\/9bc20cc422a99cac4af6ff9297da32d4"},"description":"Ka\u017ed\u00e1 automobilka m\u00e1 sv\u00e9 specifikum. N\u011bkter\u00e1 je za\u017eit\u00e1 jako spolehliv\u00e1, jin\u00e1 si d\u00edky sv\u00e9 nevaln\u00e9 pov\u011bsti vyslou\u017eila p\u011bknou \u0159\u00e1dku posm\u011b\u0161n\u00fdch vt\u00edpk\u016f. A v\u016fz \u010dasto vypov\u00edd\u00e1 i leccos o sv\u00e9m majiteli. Ti se pak sch\u00e1zej\u00ed na internetov\u00fdch f\u00f3rech a prob\u00edraj\u00ed tam sv\u00e9 zku\u0161enosti a probl\u00e9my s vozy. Takhle to na nich vypad\u00e1!","breadcrumb":{"@id":"https:\/\/www.mzone.cz\/jedna-perla-za-druhou-tohle-se-resi-na-diskuznich-forech-automobilovych-nadsencu\/#breadcrumb"},"inLanguage":"en-US","potentialAction":[{"@type":"ReadAction","target":["https:\/\/www.mzone.cz\/jedna-perla-za-druhou-tohle-se-resi-na-diskuznich-forech-automobilovych-nadsencu\/"]}]},{"@type":"ImageObject","inLanguage":"en-US","@id":"https:\/\/www.mzone.cz\/jedna-perla-za-druhou-tohle-se-resi-na-diskuznich-forech-automobilovych-nadsencu\/#primaryimage","url":"https:\/\/www.mzone.cz\/wp-content\/uploads\/2018\/11\/Depositphotos_24149105_l-2015.jpg","contentUrl":"https:\/\/www.mzone.cz\/wp-content\/uploads\/2018\/11\/Depositphotos_24149105_l-2015.jpg","width":2000,"height":1384},{"@type":"BreadcrumbList","@id":"https:\/\/www.mzone.cz\/jedna-perla-za-druhou-tohle-se-resi-na-diskuznich-forech-automobilovych-nadsencu\/#breadcrumb","itemListElement":[{"@type":"ListItem","position":1,"name":"Dom\u016f","item":"https:\/\/www.mzone.cz\/"},{"@type":"ListItem","position":2,"name":"Jedna perla za druhou! Tohle se \u0159e\u0161\u00ed na diskuzn\u00edch f\u00f3rech automobilov\u00fdch nad\u0161enc\u016f"}]},{"@type":"WebSite","@id":"https:\/\/www.mzone.cz\/#website","url":"https:\/\/www.mzone.cz\/","name":"Mzone","description":"Magaz\u00edn nejen pro mu\u017ee","potentialAction":[{"@type":"SearchAction","target":{"@type":"EntryPoint","urlTemplate":"https:\/\/www.mzone.cz\/?s={search_term_string}"},"query-input":{"@type":"PropertyValueSpecification","valueRequired":true,"valueName":"search_term_string"}}],"inLanguage":"en-US"},{"@type":"Person","@id":"https:\/\/www.mzone.cz\/#\/schema\/person\/9bc20cc422a99cac4af6ff9297da32d4","name":"Mzone","image":{"@type":"ImageObject","inLanguage":"en-US","@id":"https:\/\/secure.gravatar.com\/avatar\/e780a8630f3182a3d06dd667ab6bea151a0d155b0951bc15fe22633acdac0676?s=96&d=mm&r=g","url":"https:\/\/secure.gravatar.com\/avatar\/e780a8630f3182a3d06dd667ab6bea151a0d155b0951bc15fe22633acdac0676?s=96&d=mm&r=g","contentUrl":"https:\/\/secure.gravatar.com\/avatar\/e780a8630f3182a3d06dd667ab6bea151a0d155b0951bc15fe22633acdac0676?s=96&d=mm&r=g","caption":"Mzone"},"url":"https:\/\/www.mzone.cz\/en\/author\/jakub\/"}]}},"_links":{"self":[{"href":"https:\/\/www.mzone.cz\/en\/wp-json\/wp\/v2\/posts\/2049","targetHints":{"allow":["GET"]}}],"collection":[{"href":"https:\/\/www.mzone.cz\/en\/wp-json\/wp\/v2\/posts"}],"about":[{"href":"https:\/\/www.mzone.cz\/en\/wp-json\/wp\/v2\/types\/post"}],"author":[{"embeddable":true,"href":"https:\/\/www.mzone.cz\/en\/wp-json\/wp\/v2\/users\/4"}],"replies":[{"embeddable":true,"href":"https:\/\/www.mzone.cz\/en\/wp-json\/wp\/v2\/comments?post=2049"}],"version-history":[{"count":1,"href":"https:\/\/www.mzone.cz\/en\/wp-json\/wp\/v2\/posts\/2049\/revisions"}],"predecessor-version":[{"id":13177,"href":"https:\/\/www.mzone.cz\/en\/wp-json\/wp\/v2\/posts\/2049\/revisions\/13177"}],"wp:featuredmedia":[{"embeddable":true,"href":"https:\/\/www.mzone.cz\/en\/wp-json\/wp\/v2\/media\/2050"}],"wp:attachment":[{"href":"https:\/\/www.mzone.cz\/en\/wp-json\/wp\/v2\/media?parent=2049"}],"wp:term":[{"taxonomy":"category","embeddable":true,"href":"https:\/\/www.mzone.cz\/en\/wp-json\/wp\/v2\/categories?post=2049"},{"taxonomy":"post_tag","embeddable":true,"href":"https:\/\/www.mzone.cz\/en\/wp-json\/wp\/v2\/tags?post=2049"}],"curies":[{"name":"wp","href":"https:\/\/api.w.org\/{rel}","templated":true}]}}