{"id":21427,"date":"2020-05-28T05:00:00","date_gmt":"2020-05-28T03:00:00","guid":{"rendered":"https:\/\/www.mzone.cz\/?p=21427"},"modified":"2020-05-28T07:51:20","modified_gmt":"2020-05-28T05:51:20","slug":"v-klipu-mariana-cekovskeho-buraceji-harleje","status":"publish","type":"post","link":"https:\/\/www.mzone.cz\/en\/v-klipu-mariana-cekovskeho-buraceji-harleje\/","title":{"rendered":"Drs\u0148\u00e1k ze SuperStar? V nov\u00e9m klipu Mari\u00e1na \u010cekovsk\u00e9ho bur\u00e1cej\u00ed harleje"},"content":{"rendered":"<p><strong>Harley\u00e1\u0159i se mohou py\u0161nit nov\u00fdm songem a videoklipem, kter\u00fd je oslavou \u017eivota motork\u00e1\u0159\u016f. Postaral se o n\u011bj slovensk\u00fd zp\u011bv\u00e1k, muzikant a aktu\u00e1ln\u011b i potoce SuperStar Mari\u00e1n \u010cekovsk\u00fd.<\/strong><\/p><br>\n\n\n\n<p>Singl s&nbsp;n\u00e1zvem \u201ePo polnoci\u201c z&nbsp;aktu\u00e1ln\u00edho alba \u010cekovsk\u00e9ho Best On z\u00edskal nyn\u00ed i svoji klipovou podobu. P\u00edse\u0148, kter\u00e1 oslavuje \u017eivot, energii, mu\u017esk\u00fd sv\u011bt a j\u00edzdu se nat\u00e1\u010dela p\u0159\u00edmo na dealerstv\u00ed Harley-Davidson v&nbsp;Pre\u0161ov\u011b. Nechyb\u00ed v&nbsp;n\u011bm tak siln\u00e9 stroje, pohodov\u00e9 vyj\u00ed\u017e\u010fky na ikonick\u00fdch motocyklech, nadhled, humor i dokonal\u00fd kontrast se superrychl\u00fdm vozem.&nbsp;<\/p>\n\n\n\n<blockquote class=\"wp-block-quote is-layout-flow wp-block-quote-is-layout-flow\"><p>Mari\u00e1n \u010cekovsk\u00fd je v&nbsp;civilu v\u00e1\u0161niv\u00fdm motork\u00e1\u0159em, majitelem motocyklu Harley-Davidson a slovensk\u00fdm ambasadorem zna\u010dky. Do klipu proto p\u0159izval svoje kamar\u00e1dy z&nbsp;Harley-Davidson Pre\u0161ov, ale i zp\u011bv\u00e1ka Martina Mihal\u010d\u00edna a jezdce rallye Igora Drot\u00e1ra.<\/p><\/blockquote>\n\n\n\n<p>Klip se nat\u00e1\u010del na dealerstv\u00ed Harley-Davidson Pre\u0161ov a v Road Cafe, ale i na trase Pre\u0161ov \u2013 Ko\u0161ice nebo v&nbsp;gar\u00e1\u017ei Mari\u00e1na \u010cekovsk\u00e9ho. Jako auto\u0159i jsou pod skladbou podeps\u00e1ni p\u0159\u00edmo Mari\u00e1n \u010cekovsk\u00fd (hudba) a Milan Lasica (text).<\/p><br>\n\n\n\n<figure class=\"wp-block-image size-large\"><img loading=\"lazy\" decoding=\"async\" width=\"1024\" height=\"476\" src=\"https:\/\/www.mzone.cz\/wp-content\/uploads\/2020\/05\/Po-Polnoci_nat\u00e1\u010den\u00ed_2-1024x476.jpeg\" alt=\"\" class=\"wp-image-21433\" srcset=\"https:\/\/www.mzone.cz\/wp-content\/uploads\/2020\/05\/Po-Polnoci_nat\u00e1\u010den\u00ed_2-1024x476.jpeg 1024w, https:\/\/www.mzone.cz\/wp-content\/uploads\/2020\/05\/Po-Polnoci_nat\u00e1\u010den\u00ed_2-300x139.jpeg 300w, https:\/\/www.mzone.cz\/wp-content\/uploads\/2020\/05\/Po-Polnoci_nat\u00e1\u010den\u00ed_2-768x357.jpeg 768w, https:\/\/www.mzone.cz\/wp-content\/uploads\/2020\/05\/Po-Polnoci_nat\u00e1\u010den\u00ed_2-590x274.jpeg 590w, https:\/\/www.mzone.cz\/wp-content\/uploads\/2020\/05\/Po-Polnoci_nat\u00e1\u010den\u00ed_2.jpeg 1145w\" sizes=\"auto, (max-width: 1024px) 100vw, 1024px\" \/><\/figure><br>\n\n\n\n<p>V\u00fdchodn\u00ed Slovensko nav\u00edc nen\u00ed jen muzikantsk\u00fd kraj, ale i kraj motork\u00e1\u0159sk\u00fd, a pr\u00e1v\u011b v&nbsp;novince \u201ePo polnoci\u201c \u010cekovsk\u00fd oba tyto sv\u011bty spojuje.<\/p><br>\n\n\n\n<p>\u201eSe startem nov\u00e9 moto sez\u00f3ny jsem m\u011bl pot\u0159ebu jako ambasador Harley-Davidson ud\u011blat hymnu. U\u017e jen proto, \u017ee jsme leto\u0161n\u00ed sez\u00f3nu nemohli odstartovat se v\u0161\u00edm, co k&nbsp;n\u00ed pat\u0159\u00ed. Byl bych r\u00e1d, kdyby se klip stal poctou ka\u017ed\u00e9mu motork\u00e1\u0159ovi. Text napsal skv\u011bl\u00fd Milan Lasica, kter\u00fd kdyby mohl, tak by hned jezdil s&nbsp;n\u00e1mi. Co ale nen\u00ed mo\u017en\u00e9 te\u010f, bude t\u0159eba mo\u017en\u00e9 v&nbsp;budoucnu,\u201c \u0159\u00edk\u00e1 Mari\u00e1n \u010cekovsk\u00fd.<\/p><br>\n\n\n\n<p>Singl i videoklip \u201ePo polnoci\u201c je v\u011bnov\u00e1n motocykl\u016fm a m\u00e1 b\u00fdt jejich oslavou, proto\u017ee mu\u017ei je pova\u017euj\u00ed na svoje l\u00e1sky, podobn\u011b jako sv\u00e9 \u017eeny, ale ani na ty tv\u016frci nezapom\u00ednaj\u00ed.<\/p><br>\n\n\n\n<figure class=\"wp-block-image size-large\"><img loading=\"lazy\" decoding=\"async\" width=\"1024\" height=\"477\" src=\"https:\/\/www.mzone.cz\/wp-content\/uploads\/2020\/05\/Po-Polnoci_nat\u00e1\u010den\u00ed_3-1024x477.jpeg\" alt=\"\" class=\"wp-image-21435\" srcset=\"https:\/\/www.mzone.cz\/wp-content\/uploads\/2020\/05\/Po-Polnoci_nat\u00e1\u010den\u00ed_3-1024x477.jpeg 1024w, https:\/\/www.mzone.cz\/wp-content\/uploads\/2020\/05\/Po-Polnoci_nat\u00e1\u010den\u00ed_3-300x140.jpeg 300w, https:\/\/www.mzone.cz\/wp-content\/uploads\/2020\/05\/Po-Polnoci_nat\u00e1\u010den\u00ed_3-768x358.jpeg 768w, https:\/\/www.mzone.cz\/wp-content\/uploads\/2020\/05\/Po-Polnoci_nat\u00e1\u010den\u00ed_3-590x275.jpeg 590w, https:\/\/www.mzone.cz\/wp-content\/uploads\/2020\/05\/Po-Polnoci_nat\u00e1\u010den\u00ed_3.jpeg 1144w\" sizes=\"auto, (max-width: 1024px) 100vw, 1024px\" \/><\/figure><br>\n\n\n\n<p>\u201eJe to motorkov\u00e1 l\u00e1ska, chlap motorku pova\u017euje za svoji \u017eenu, d\u016fv\u011b\u0159uje ji. Z\u00e1rove\u0148 je skladba v\u011bnov\u00e1na i \u017een\u00e1m, aby v\u011bd\u011bly, \u017ee my chlapi pro\u017e\u00edv\u00e1me na\u0161e d\u011btsk\u00e1 l\u00e9ta i ve vy\u0161\u0161\u00edm v\u011bku a&nbsp;naz\u00fdv\u00e1me to l\u00e1skou. Je\u017ed\u011bn\u00ed na motocyklu je v\u00e1\u0161e\u0148 a&nbsp;velk\u00fd relax, kter\u00fd si s&nbsp;n\u00e1mi u\u017e\u00edvaj\u00ed i \u017eeny motork\u00e1\u0159ky,\u201c vysv\u011btluje \u010cekovsk\u00fd.<\/p><br>\n\n\n\n<p><strong>Jak se klip k&nbsp;p\u00edsni \u201ePo polnoci\u201c povedl m\u016f\u017eete posoudit zde:<\/strong><\/p>\n\n\n\n<figure class=\"wp-block-embed-youtube wp-block-embed is-type-video is-provider-youtube wp-embed-aspect-16-9 wp-has-aspect-ratio\"><div class=\"wp-block-embed__wrapper\">\n<iframe loading=\"lazy\" title=\"Mari\u00e1n \u010cekovsk\u00fd, Martin Mihal\u010d\u00edn, Robert Roth - Po Polnoci\" width=\"600\" height=\"338\" src=\"https:\/\/www.youtube.com\/embed\/H1Nn0DIKarY?feature=oembed\" frameborder=\"0\" allow=\"accelerometer; autoplay; clipboard-write; encrypted-media; gyroscope; picture-in-picture; web-share\" referrerpolicy=\"strict-origin-when-cross-origin\" allowfullscreen><\/iframe>\n<\/div><\/figure><br>\n\n\n\n<div class=\"wp-block-image\"><figure class=\"alignleft size-large is-resized\"><img loading=\"lazy\" decoding=\"async\" src=\"https:\/\/www.mzone.cz\/wp-content\/uploads\/2019\/12\/Tv\u016frci-klipu-Na\u0161e-cesty-1024x683.jpg\" alt=\"\" class=\"wp-image-14372\" width=\"154\" height=\"102\" srcset=\"https:\/\/www.mzone.cz\/wp-content\/uploads\/2019\/12\/Tv\u016frci-klipu-Na\u0161e-cesty-1024x683.jpg 1024w, https:\/\/www.mzone.cz\/wp-content\/uploads\/2019\/12\/Tv\u016frci-klipu-Na\u0161e-cesty-300x200.jpg 300w, https:\/\/www.mzone.cz\/wp-content\/uploads\/2019\/12\/Tv\u016frci-klipu-Na\u0161e-cesty-768x512.jpg 768w, https:\/\/www.mzone.cz\/wp-content\/uploads\/2019\/12\/Tv\u016frci-klipu-Na\u0161e-cesty-1536x1024.jpg 1536w, https:\/\/www.mzone.cz\/wp-content\/uploads\/2019\/12\/Tv\u016frci-klipu-Na\u0161e-cesty-2048x1366.jpg 2048w, https:\/\/www.mzone.cz\/wp-content\/uploads\/2019\/12\/Tv\u016frci-klipu-Na\u0161e-cesty-800x533.jpg 800w, https:\/\/www.mzone.cz\/wp-content\/uploads\/2019\/12\/Tv\u016frci-klipu-Na\u0161e-cesty-400x267.jpg 400w, https:\/\/www.mzone.cz\/wp-content\/uploads\/2019\/12\/Tv\u016frci-klipu-Na\u0161e-cesty-500x333.jpg 500w, https:\/\/www.mzone.cz\/wp-content\/uploads\/2019\/12\/Tv\u016frci-klipu-Na\u0161e-cesty-1170x780.jpg 1170w, https:\/\/www.mzone.cz\/wp-content\/uploads\/2019\/12\/Tv\u016frci-klipu-Na\u0161e-cesty-590x393.jpg 590w\" sizes=\"auto, (max-width: 154px) 100vw, 154px\" \/><\/figure><\/div>\n\n\n\n<h4><a href=\"https:\/\/www.mzone.cz\/svoboda-nebyla-vzdy-samozrejmosti-rikaji-tvurci-noveho-klipu-marka-ztraceneho-nase-cesty\/\">Svoboda nebyla v\u017edy samoz\u0159ejmost\u00ed, \u0159\u00edkaj\u00ed tv\u016frci nov\u00e9ho klipu Marka Ztracen\u00e9ho Na\u0161e cesty<\/a><\/h4><br>","protected":false},"excerpt":{"rendered":"<p>Harley\u00e1\u0159i se mohou py\u0161nit nov\u00fdm songem a videoklipem, kter\u00fd je oslavou \u017eivota motork\u00e1\u0159\u016f. Postaral se o n\u011bj slovensk\u00fd zp\u011bv\u00e1k, muzikant a aktu\u00e1ln\u011b i potoce SuperStar Mari\u00e1n \u010cekovsk\u00fd. Singl s&nbsp;n\u00e1zvem \u201ePo polnoci\u201c z&nbsp;aktu\u00e1ln\u00edho alba \u010cekovsk\u00e9ho Best On z\u00edskal nyn\u00ed i svoji klipovou podobu. P\u00edse\u0148, kter\u00e1 oslavuje \u017eivot, energii, mu\u017esk\u00fd sv\u011bt a j\u00edzdu se nat\u00e1\u010dela p\u0159\u00edmo na [&hellip;]<\/p>\n","protected":false},"author":4,"featured_media":21428,"comment_status":"open","ping_status":"closed","sticky":false,"template":"","format":"standard","meta":{"kk_blocks_editor_width":"","_kiokenblocks_attr":"","_kiokenblocks_dimensions":"","footnotes":""},"categories":[76,71,30],"tags":[601,1147,2488,31,3868,604,464,463,1580,3867,3865,3866,36,2489,1891],"class_list":["post-21427","post","type-post","status-publish","format-standard","has-post-thumbnail","hentry","category-hudba","category-kultura","category-video","tag-harley-davidson","tag-hudba","tag-klip","tag-kultura","tag-marian-cekovsky","tag-moto","tag-motocykly","tag-motorky","tag-muzika","tag-muzikant","tag-porotce","tag-superstar","tag-video","tag-videoklip","tag-zpevak"],"yoast_head":"<!-- This site is optimized with the Yoast SEO plugin v27.5 - https:\/\/yoast.com\/product\/yoast-seo-wordpress\/ -->\n<title>Drs\u0148\u00e1k ze SuperStar? V nov\u00e9m klipu Mari\u00e1na \u010cekovsk\u00e9ho bur\u00e1cej\u00ed harleje - Mzone<\/title>\n<meta name=\"description\" content=\"Harley\u00e1\u0159i se mohou py\u0161nit nov\u00fdm songem a videoklipem, kter\u00fd je oslavou \u017eivota motork\u00e1\u0159\u016f. Postaral se o n\u011bj slovensk\u00fd zp\u011bv\u00e1k, muzikant a aktu\u00e1ln\u011b i potoce SuperStar Mari\u00e1n \u010cekovsk\u00fd.\" \/>\n<meta name=\"robots\" content=\"index, follow, max-snippet:-1, max-image-preview:large, max-video-preview:-1\" \/>\n<link rel=\"canonical\" href=\"https:\/\/www.mzone.cz\/en\/v-klipu-mariana-cekovskeho-buraceji-harleje\/\" \/>\n<meta property=\"og:locale\" content=\"en_US\" \/>\n<meta property=\"og:type\" content=\"article\" \/>\n<meta property=\"og:title\" content=\"Drs\u0148\u00e1k ze SuperStar? V nov\u00e9m klipu Mari\u00e1na \u010cekovsk\u00e9ho bur\u00e1cej\u00ed harleje - Mzone\" \/>\n<meta property=\"og:description\" content=\"Harley\u00e1\u0159i se mohou py\u0161nit nov\u00fdm songem a videoklipem, kter\u00fd je oslavou \u017eivota motork\u00e1\u0159\u016f. Postaral se o n\u011bj slovensk\u00fd zp\u011bv\u00e1k, muzikant a aktu\u00e1ln\u011b i potoce SuperStar Mari\u00e1n \u010cekovsk\u00fd.\" \/>\n<meta property=\"og:url\" content=\"https:\/\/www.mzone.cz\/en\/v-klipu-mariana-cekovskeho-buraceji-harleje\/\" \/>\n<meta property=\"og:site_name\" content=\"Mzone\" \/>\n<meta property=\"article:publisher\" content=\"https:\/\/www.facebook.com\/MzoneCZ\/\" \/>\n<meta property=\"article:published_time\" content=\"2020-05-28T03:00:00+00:00\" \/>\n<meta property=\"article:modified_time\" content=\"2020-05-28T05:51:20+00:00\" \/>\n<meta property=\"og:image\" content=\"https:\/\/www.mzone.cz\/wp-content\/uploads\/2020\/05\/Klip_Mari\u00e1n-\u010cekovsk\u00fd.jpg\" \/>\n\t<meta property=\"og:image:width\" content=\"797\" \/>\n\t<meta property=\"og:image:height\" content=\"531\" \/>\n\t<meta property=\"og:image:type\" content=\"image\/jpeg\" \/>\n<meta name=\"author\" content=\"Mzone\" \/>\n<meta name=\"twitter:card\" content=\"summary_large_image\" \/>\n<meta name=\"twitter:label1\" content=\"Written by\" \/>\n\t<meta name=\"twitter:data1\" content=\"Mzone\" \/>\n\t<meta name=\"twitter:label2\" content=\"Est. reading time\" \/>\n\t<meta name=\"twitter:data2\" content=\"2 minutes\" \/>\n<script type=\"application\/ld+json\" class=\"yoast-schema-graph\">{\"@context\":\"https:\\\/\\\/schema.org\",\"@graph\":[{\"@type\":\"Article\",\"@id\":\"https:\\\/\\\/www.mzone.cz\\\/v-klipu-mariana-cekovskeho-buraceji-harleje\\\/#article\",\"isPartOf\":{\"@id\":\"https:\\\/\\\/www.mzone.cz\\\/v-klipu-mariana-cekovskeho-buraceji-harleje\\\/\"},\"author\":{\"name\":\"Mzone\",\"@id\":\"https:\\\/\\\/www.mzone.cz\\\/#\\\/schema\\\/person\\\/9bc20cc422a99cac4af6ff9297da32d4\"},\"headline\":\"Drs\u0148\u00e1k ze SuperStar? V nov\u00e9m klipu Mari\u00e1na \u010cekovsk\u00e9ho bur\u00e1cej\u00ed harleje\",\"datePublished\":\"2020-05-28T03:00:00+00:00\",\"dateModified\":\"2020-05-28T05:51:20+00:00\",\"mainEntityOfPage\":{\"@id\":\"https:\\\/\\\/www.mzone.cz\\\/v-klipu-mariana-cekovskeho-buraceji-harleje\\\/\"},\"wordCount\":494,\"commentCount\":1,\"image\":{\"@id\":\"https:\\\/\\\/www.mzone.cz\\\/v-klipu-mariana-cekovskeho-buraceji-harleje\\\/#primaryimage\"},\"thumbnailUrl\":\"https:\\\/\\\/www.mzone.cz\\\/wp-content\\\/uploads\\\/2020\\\/05\\\/Klip_Mari\u00e1n-\u010cekovsk\u00fd.jpg\",\"keywords\":[\"Harley-Davidson\",\"hudba\",\"klip\",\"Kultura\",\"Mari\u00e1n \u010cekovsk\u00fd\",\"moto\",\"motocykly\",\"motorky\",\"muzika\",\"muzikant\",\"porotce\",\"SuperStar\",\"Video\",\"videoklip\",\"zp\u011bv\u00e1k\"],\"articleSection\":[\"Hudba\",\"Kultura\",\"Video\"],\"inLanguage\":\"en-US\",\"potentialAction\":[{\"@type\":\"CommentAction\",\"name\":\"Comment\",\"target\":[\"https:\\\/\\\/www.mzone.cz\\\/v-klipu-mariana-cekovskeho-buraceji-harleje\\\/#respond\"]}]},{\"@type\":\"WebPage\",\"@id\":\"https:\\\/\\\/www.mzone.cz\\\/v-klipu-mariana-cekovskeho-buraceji-harleje\\\/\",\"url\":\"https:\\\/\\\/www.mzone.cz\\\/v-klipu-mariana-cekovskeho-buraceji-harleje\\\/\",\"name\":\"Drs\u0148\u00e1k ze SuperStar? V nov\u00e9m klipu Mari\u00e1na \u010cekovsk\u00e9ho bur\u00e1cej\u00ed harleje - Mzone\",\"isPartOf\":{\"@id\":\"https:\\\/\\\/www.mzone.cz\\\/#website\"},\"primaryImageOfPage\":{\"@id\":\"https:\\\/\\\/www.mzone.cz\\\/v-klipu-mariana-cekovskeho-buraceji-harleje\\\/#primaryimage\"},\"image\":{\"@id\":\"https:\\\/\\\/www.mzone.cz\\\/v-klipu-mariana-cekovskeho-buraceji-harleje\\\/#primaryimage\"},\"thumbnailUrl\":\"https:\\\/\\\/www.mzone.cz\\\/wp-content\\\/uploads\\\/2020\\\/05\\\/Klip_Mari\u00e1n-\u010cekovsk\u00fd.jpg\",\"datePublished\":\"2020-05-28T03:00:00+00:00\",\"dateModified\":\"2020-05-28T05:51:20+00:00\",\"author\":{\"@id\":\"https:\\\/\\\/www.mzone.cz\\\/#\\\/schema\\\/person\\\/9bc20cc422a99cac4af6ff9297da32d4\"},\"description\":\"Harley\u00e1\u0159i se mohou py\u0161nit nov\u00fdm songem a videoklipem, kter\u00fd je oslavou \u017eivota motork\u00e1\u0159\u016f. Postaral se o n\u011bj slovensk\u00fd zp\u011bv\u00e1k, muzikant a aktu\u00e1ln\u011b i potoce SuperStar Mari\u00e1n \u010cekovsk\u00fd.\",\"breadcrumb\":{\"@id\":\"https:\\\/\\\/www.mzone.cz\\\/v-klipu-mariana-cekovskeho-buraceji-harleje\\\/#breadcrumb\"},\"inLanguage\":\"en-US\",\"potentialAction\":[{\"@type\":\"ReadAction\",\"target\":[\"https:\\\/\\\/www.mzone.cz\\\/v-klipu-mariana-cekovskeho-buraceji-harleje\\\/\"]}]},{\"@type\":\"ImageObject\",\"inLanguage\":\"en-US\",\"@id\":\"https:\\\/\\\/www.mzone.cz\\\/v-klipu-mariana-cekovskeho-buraceji-harleje\\\/#primaryimage\",\"url\":\"https:\\\/\\\/www.mzone.cz\\\/wp-content\\\/uploads\\\/2020\\\/05\\\/Klip_Mari\u00e1n-\u010cekovsk\u00fd.jpg\",\"contentUrl\":\"https:\\\/\\\/www.mzone.cz\\\/wp-content\\\/uploads\\\/2020\\\/05\\\/Klip_Mari\u00e1n-\u010cekovsk\u00fd.jpg\",\"width\":797,\"height\":531},{\"@type\":\"BreadcrumbList\",\"@id\":\"https:\\\/\\\/www.mzone.cz\\\/v-klipu-mariana-cekovskeho-buraceji-harleje\\\/#breadcrumb\",\"itemListElement\":[{\"@type\":\"ListItem\",\"position\":1,\"name\":\"Dom\u016f\",\"item\":\"https:\\\/\\\/www.mzone.cz\\\/\"},{\"@type\":\"ListItem\",\"position\":2,\"name\":\"Drs\u0148\u00e1k ze SuperStar? V nov\u00e9m klipu Mari\u00e1na \u010cekovsk\u00e9ho bur\u00e1cej\u00ed harleje\"}]},{\"@type\":\"WebSite\",\"@id\":\"https:\\\/\\\/www.mzone.cz\\\/#website\",\"url\":\"https:\\\/\\\/www.mzone.cz\\\/\",\"name\":\"Mzone\",\"description\":\"Magaz\u00edn nejen pro mu\u017ee\",\"potentialAction\":[{\"@type\":\"SearchAction\",\"target\":{\"@type\":\"EntryPoint\",\"urlTemplate\":\"https:\\\/\\\/www.mzone.cz\\\/?s={search_term_string}\"},\"query-input\":{\"@type\":\"PropertyValueSpecification\",\"valueRequired\":true,\"valueName\":\"search_term_string\"}}],\"inLanguage\":\"en-US\"},{\"@type\":\"Person\",\"@id\":\"https:\\\/\\\/www.mzone.cz\\\/#\\\/schema\\\/person\\\/9bc20cc422a99cac4af6ff9297da32d4\",\"name\":\"Mzone\",\"image\":{\"@type\":\"ImageObject\",\"inLanguage\":\"en-US\",\"@id\":\"https:\\\/\\\/secure.gravatar.com\\\/avatar\\\/e780a8630f3182a3d06dd667ab6bea151a0d155b0951bc15fe22633acdac0676?s=96&d=mm&r=g\",\"url\":\"https:\\\/\\\/secure.gravatar.com\\\/avatar\\\/e780a8630f3182a3d06dd667ab6bea151a0d155b0951bc15fe22633acdac0676?s=96&d=mm&r=g\",\"contentUrl\":\"https:\\\/\\\/secure.gravatar.com\\\/avatar\\\/e780a8630f3182a3d06dd667ab6bea151a0d155b0951bc15fe22633acdac0676?s=96&d=mm&r=g\",\"caption\":\"Mzone\"},\"url\":\"https:\\\/\\\/www.mzone.cz\\\/en\\\/author\\\/jakub\\\/\"}]}<\/script>\n<!-- \/ Yoast SEO plugin. -->","yoast_head_json":{"title":"Drs\u0148\u00e1k ze SuperStar? V nov\u00e9m klipu Mari\u00e1na \u010cekovsk\u00e9ho bur\u00e1cej\u00ed harleje - Mzone","description":"Harley\u00e1\u0159i se mohou py\u0161nit nov\u00fdm songem a videoklipem, kter\u00fd je oslavou \u017eivota motork\u00e1\u0159\u016f. Postaral se o n\u011bj slovensk\u00fd zp\u011bv\u00e1k, muzikant a aktu\u00e1ln\u011b i potoce SuperStar Mari\u00e1n \u010cekovsk\u00fd.","robots":{"index":"index","follow":"follow","max-snippet":"max-snippet:-1","max-image-preview":"max-image-preview:large","max-video-preview":"max-video-preview:-1"},"canonical":"https:\/\/www.mzone.cz\/en\/v-klipu-mariana-cekovskeho-buraceji-harleje\/","og_locale":"en_US","og_type":"article","og_title":"Drs\u0148\u00e1k ze SuperStar? V nov\u00e9m klipu Mari\u00e1na \u010cekovsk\u00e9ho bur\u00e1cej\u00ed harleje - Mzone","og_description":"Harley\u00e1\u0159i se mohou py\u0161nit nov\u00fdm songem a videoklipem, kter\u00fd je oslavou \u017eivota motork\u00e1\u0159\u016f. Postaral se o n\u011bj slovensk\u00fd zp\u011bv\u00e1k, muzikant a aktu\u00e1ln\u011b i potoce SuperStar Mari\u00e1n \u010cekovsk\u00fd.","og_url":"https:\/\/www.mzone.cz\/en\/v-klipu-mariana-cekovskeho-buraceji-harleje\/","og_site_name":"Mzone","article_publisher":"https:\/\/www.facebook.com\/MzoneCZ\/","article_published_time":"2020-05-28T03:00:00+00:00","article_modified_time":"2020-05-28T05:51:20+00:00","og_image":[{"width":797,"height":531,"url":"https:\/\/www.mzone.cz\/wp-content\/uploads\/2020\/05\/Klip_Mari\u00e1n-\u010cekovsk\u00fd.jpg","type":"image\/jpeg"}],"author":"Mzone","twitter_card":"summary_large_image","twitter_misc":{"Written by":"Mzone","Est. reading time":"2 minutes"},"schema":{"@context":"https:\/\/schema.org","@graph":[{"@type":"Article","@id":"https:\/\/www.mzone.cz\/v-klipu-mariana-cekovskeho-buraceji-harleje\/#article","isPartOf":{"@id":"https:\/\/www.mzone.cz\/v-klipu-mariana-cekovskeho-buraceji-harleje\/"},"author":{"name":"Mzone","@id":"https:\/\/www.mzone.cz\/#\/schema\/person\/9bc20cc422a99cac4af6ff9297da32d4"},"headline":"Drs\u0148\u00e1k ze SuperStar? V nov\u00e9m klipu Mari\u00e1na \u010cekovsk\u00e9ho bur\u00e1cej\u00ed harleje","datePublished":"2020-05-28T03:00:00+00:00","dateModified":"2020-05-28T05:51:20+00:00","mainEntityOfPage":{"@id":"https:\/\/www.mzone.cz\/v-klipu-mariana-cekovskeho-buraceji-harleje\/"},"wordCount":494,"commentCount":1,"image":{"@id":"https:\/\/www.mzone.cz\/v-klipu-mariana-cekovskeho-buraceji-harleje\/#primaryimage"},"thumbnailUrl":"https:\/\/www.mzone.cz\/wp-content\/uploads\/2020\/05\/Klip_Mari\u00e1n-\u010cekovsk\u00fd.jpg","keywords":["Harley-Davidson","hudba","klip","Kultura","Mari\u00e1n \u010cekovsk\u00fd","moto","motocykly","motorky","muzika","muzikant","porotce","SuperStar","Video","videoklip","zp\u011bv\u00e1k"],"articleSection":["Hudba","Kultura","Video"],"inLanguage":"en-US","potentialAction":[{"@type":"CommentAction","name":"Comment","target":["https:\/\/www.mzone.cz\/v-klipu-mariana-cekovskeho-buraceji-harleje\/#respond"]}]},{"@type":"WebPage","@id":"https:\/\/www.mzone.cz\/v-klipu-mariana-cekovskeho-buraceji-harleje\/","url":"https:\/\/www.mzone.cz\/v-klipu-mariana-cekovskeho-buraceji-harleje\/","name":"Drs\u0148\u00e1k ze SuperStar? V nov\u00e9m klipu Mari\u00e1na \u010cekovsk\u00e9ho bur\u00e1cej\u00ed harleje - Mzone","isPartOf":{"@id":"https:\/\/www.mzone.cz\/#website"},"primaryImageOfPage":{"@id":"https:\/\/www.mzone.cz\/v-klipu-mariana-cekovskeho-buraceji-harleje\/#primaryimage"},"image":{"@id":"https:\/\/www.mzone.cz\/v-klipu-mariana-cekovskeho-buraceji-harleje\/#primaryimage"},"thumbnailUrl":"https:\/\/www.mzone.cz\/wp-content\/uploads\/2020\/05\/Klip_Mari\u00e1n-\u010cekovsk\u00fd.jpg","datePublished":"2020-05-28T03:00:00+00:00","dateModified":"2020-05-28T05:51:20+00:00","author":{"@id":"https:\/\/www.mzone.cz\/#\/schema\/person\/9bc20cc422a99cac4af6ff9297da32d4"},"description":"Harley\u00e1\u0159i se mohou py\u0161nit nov\u00fdm songem a videoklipem, kter\u00fd je oslavou \u017eivota motork\u00e1\u0159\u016f. Postaral se o n\u011bj slovensk\u00fd zp\u011bv\u00e1k, muzikant a aktu\u00e1ln\u011b i potoce SuperStar Mari\u00e1n \u010cekovsk\u00fd.","breadcrumb":{"@id":"https:\/\/www.mzone.cz\/v-klipu-mariana-cekovskeho-buraceji-harleje\/#breadcrumb"},"inLanguage":"en-US","potentialAction":[{"@type":"ReadAction","target":["https:\/\/www.mzone.cz\/v-klipu-mariana-cekovskeho-buraceji-harleje\/"]}]},{"@type":"ImageObject","inLanguage":"en-US","@id":"https:\/\/www.mzone.cz\/v-klipu-mariana-cekovskeho-buraceji-harleje\/#primaryimage","url":"https:\/\/www.mzone.cz\/wp-content\/uploads\/2020\/05\/Klip_Mari\u00e1n-\u010cekovsk\u00fd.jpg","contentUrl":"https:\/\/www.mzone.cz\/wp-content\/uploads\/2020\/05\/Klip_Mari\u00e1n-\u010cekovsk\u00fd.jpg","width":797,"height":531},{"@type":"BreadcrumbList","@id":"https:\/\/www.mzone.cz\/v-klipu-mariana-cekovskeho-buraceji-harleje\/#breadcrumb","itemListElement":[{"@type":"ListItem","position":1,"name":"Dom\u016f","item":"https:\/\/www.mzone.cz\/"},{"@type":"ListItem","position":2,"name":"Drs\u0148\u00e1k ze SuperStar? V nov\u00e9m klipu Mari\u00e1na \u010cekovsk\u00e9ho bur\u00e1cej\u00ed harleje"}]},{"@type":"WebSite","@id":"https:\/\/www.mzone.cz\/#website","url":"https:\/\/www.mzone.cz\/","name":"Mzone","description":"Magaz\u00edn nejen pro mu\u017ee","potentialAction":[{"@type":"SearchAction","target":{"@type":"EntryPoint","urlTemplate":"https:\/\/www.mzone.cz\/?s={search_term_string}"},"query-input":{"@type":"PropertyValueSpecification","valueRequired":true,"valueName":"search_term_string"}}],"inLanguage":"en-US"},{"@type":"Person","@id":"https:\/\/www.mzone.cz\/#\/schema\/person\/9bc20cc422a99cac4af6ff9297da32d4","name":"Mzone","image":{"@type":"ImageObject","inLanguage":"en-US","@id":"https:\/\/secure.gravatar.com\/avatar\/e780a8630f3182a3d06dd667ab6bea151a0d155b0951bc15fe22633acdac0676?s=96&d=mm&r=g","url":"https:\/\/secure.gravatar.com\/avatar\/e780a8630f3182a3d06dd667ab6bea151a0d155b0951bc15fe22633acdac0676?s=96&d=mm&r=g","contentUrl":"https:\/\/secure.gravatar.com\/avatar\/e780a8630f3182a3d06dd667ab6bea151a0d155b0951bc15fe22633acdac0676?s=96&d=mm&r=g","caption":"Mzone"},"url":"https:\/\/www.mzone.cz\/en\/author\/jakub\/"}]}},"_links":{"self":[{"href":"https:\/\/www.mzone.cz\/en\/wp-json\/wp\/v2\/posts\/21427","targetHints":{"allow":["GET"]}}],"collection":[{"href":"https:\/\/www.mzone.cz\/en\/wp-json\/wp\/v2\/posts"}],"about":[{"href":"https:\/\/www.mzone.cz\/en\/wp-json\/wp\/v2\/types\/post"}],"author":[{"embeddable":true,"href":"https:\/\/www.mzone.cz\/en\/wp-json\/wp\/v2\/users\/4"}],"replies":[{"embeddable":true,"href":"https:\/\/www.mzone.cz\/en\/wp-json\/wp\/v2\/comments?post=21427"}],"version-history":[{"count":10,"href":"https:\/\/www.mzone.cz\/en\/wp-json\/wp\/v2\/posts\/21427\/revisions"}],"predecessor-version":[{"id":21682,"href":"https:\/\/www.mzone.cz\/en\/wp-json\/wp\/v2\/posts\/21427\/revisions\/21682"}],"wp:featuredmedia":[{"embeddable":true,"href":"https:\/\/www.mzone.cz\/en\/wp-json\/wp\/v2\/media\/21428"}],"wp:attachment":[{"href":"https:\/\/www.mzone.cz\/en\/wp-json\/wp\/v2\/media?parent=21427"}],"wp:term":[{"taxonomy":"category","embeddable":true,"href":"https:\/\/www.mzone.cz\/en\/wp-json\/wp\/v2\/categories?post=21427"},{"taxonomy":"post_tag","embeddable":true,"href":"https:\/\/www.mzone.cz\/en\/wp-json\/wp\/v2\/tags?post=21427"}],"curies":[{"name":"wp","href":"https:\/\/api.w.org\/{rel}","templated":true}]}}