{"id":21887,"date":"2020-08-16T05:00:00","date_gmt":"2020-08-16T03:00:00","guid":{"rendered":"https:\/\/www.mzone.cz\/?p=21887"},"modified":"2020-07-13T16:53:54","modified_gmt":"2020-07-13T14:53:54","slug":"jizdni-kola-skoda-modely","status":"publish","type":"post","link":"https:\/\/www.mzone.cz\/en\/jizdni-kola-skoda-modely\/","title":{"rendered":"Mysleli jste si, \u017ee \u0160kodovka vyr\u00e1b\u00ed jen auta? Omyl, d\u011bl\u00e1 tak\u00e9 do cyklistiky!"},"content":{"rendered":"<p><strong>J\u00edzdn\u00ed kola \u0160koda jsou dal\u0161\u00edm produktem mladoboleslavsk\u00e9 spole\u010dnosti, kter\u00e1 se jinak v\u011bnuje prim\u00e1rn\u011b v\u00fdrob\u011b automobil\u016f. Poj\u010fte se s n\u00e1mi pod\u00edvat, jak\u00e1 kola automobilka vyr\u00e1b\u00ed!<\/strong><\/p><br>\n\n\n\n<p>Produktov\u00e1 paleta zna\u010dky \u0160koda zahrnuje vedle osobn\u00edch voz\u016f tak\u00e9 \u0161irokou nab\u00eddku j\u00edzdn\u00edch kol. S nimi ostatn\u011b v&nbsp;roce 1895 \u00fasp\u011b\u0161n\u00e1 historie firmy za\u010dala. A je\u0161t\u011b dnes m\u00e1 tradi\u010dn\u00ed \u010desk\u00e1&nbsp;automobilka, kter\u00e1 si letos p\u0159ipom\u00edn\u00e1 125. v\u00fdro\u010d\u00ed sv\u00e9ho zalo\u017een\u00ed,&nbsp;k&nbsp;j\u00edzdn\u00edm kol\u016fm \u00fazk\u00fd vztah \u2013&nbsp;nejen v&nbsp;r\u00e1mci&nbsp;dlouholet\u00e9&nbsp;sponzorsk\u00e9&nbsp;podpory Tour de France.<\/p>\n\n\n\n<blockquote class=\"wp-block-quote is-layout-flow wp-block-quote-is-layout-flow\"><p>Aktu\u00e1ln\u00ed kolekce j\u00edzdn\u00edch kol \u0160koda&nbsp;zahrnuje 17&nbsp;model\u016f \u2013&nbsp;od d\u011btsk\u00e9ho kola p\u0159es klasick\u00e1 m\u011bstsk\u00e1 kola, kvalitn\u00ed horsk\u00e1 a z\u00e1vodn\u00ed kola a\u017e po&nbsp;elektrokola.<\/p><\/blockquote>\n\n\n\n<p>Praktick\u00e9 skl\u00e1dac\u00ed kolo, kter\u00e9 se vejde do kufru ka\u017ed\u00e9ho modelu zna\u010dky, je nav\u00edc tzv. Simply Clever \u0159e\u0161en\u00edm.<\/p><br>\n\n\n\n<figure class=\"wp-block-image size-large\"><img loading=\"lazy\" decoding=\"async\" width=\"1024\" height=\"683\" src=\"https:\/\/www.mzone.cz\/wp-content\/uploads\/2020\/06\/200603_city_bike_photo_1-1024x683.jpg\" alt=\"\u0160kodovka nab\u00edz\u00ed j\u00edzdn\u00ed kola doslova pro v\u0161echny\" class=\"wp-image-21893\" srcset=\"https:\/\/www.mzone.cz\/wp-content\/uploads\/2020\/06\/200603_city_bike_photo_1-1024x683.jpg 1024w, https:\/\/www.mzone.cz\/wp-content\/uploads\/2020\/06\/200603_city_bike_photo_1-300x200.jpg 300w, https:\/\/www.mzone.cz\/wp-content\/uploads\/2020\/06\/200603_city_bike_photo_1-768x512.jpg 768w, https:\/\/www.mzone.cz\/wp-content\/uploads\/2020\/06\/200603_city_bike_photo_1-1536x1024.jpg 1536w, https:\/\/www.mzone.cz\/wp-content\/uploads\/2020\/06\/200603_city_bike_photo_1-2048x1365.jpg 2048w, https:\/\/www.mzone.cz\/wp-content\/uploads\/2020\/06\/200603_city_bike_photo_1-800x533.jpg 800w, https:\/\/www.mzone.cz\/wp-content\/uploads\/2020\/06\/200603_city_bike_photo_1-400x267.jpg 400w, https:\/\/www.mzone.cz\/wp-content\/uploads\/2020\/06\/200603_city_bike_photo_1-500x333.jpg 500w, https:\/\/www.mzone.cz\/wp-content\/uploads\/2020\/06\/200603_city_bike_photo_1-1170x780.jpg 1170w, https:\/\/www.mzone.cz\/wp-content\/uploads\/2020\/06\/200603_city_bike_photo_1-590x393.jpg 590w\" sizes=\"auto, (max-width: 1024px) 100vw, 1024px\" \/><\/figure><br>\n\n\n\n<h2 class=\"wp-block-heading\">Jak to za\u010dalo<\/h2>\n\n\n\n<p>Oba zakladatel\u00e9, V\u00e1clav Laurin a V\u00e1clav Klement, zalo\u017een\u00edm manufaktury na v\u00fdrobu j\u00edzdn\u00edch kol&nbsp;v roce 1895&nbsp;polo\u017eili z\u00e1klad \u00fasp\u011b\u0161n\u00e9 historie podniku.&nbsp;A\u017e pozd\u011bji se&nbsp;oba&nbsp;za\u010dali v\u011bnovat v\u00fdrob\u011b motocykl\u016f&nbsp;a&nbsp;automobil\u016f. A\u017e do dne\u0161n\u00edch dn\u00ed ale z\u016fstala \u010desk\u00e1 automobilka \u00fazce spojena s&nbsp;j\u00edzdn\u00edm kolem:&nbsp;u\u017e&nbsp;16&nbsp;let je ofici\u00e1ln\u00edm hlavn\u00edm partnerem&nbsp;Tour de France&nbsp;a poskytuje vozy, kter\u00e9 pot\u0159ebuj\u00ed organiz\u00e1to\u0159i a veden\u00ed z\u00e1vodu i \u010detn\u00e9 z\u00e1vodn\u00ed st\u00e1je.<\/p><br>\n\n\n\n<p>S ohledem na historii dodnes&nbsp;s\u00e1z\u00ed&nbsp;automobilka vedle v\u00fdroby automobil\u016f tak\u00e9&nbsp;na bicykly. Automobilka v&nbsp;minul\u00fdch letech pr\u016fb\u011b\u017en\u011b roz\u0161i\u0159ovala svou kolekci j\u00edzdn\u00edch kol a nab\u00edz\u00ed pro ka\u017ed\u00e9 vyu\u017eit\u00ed odpov\u00eddaj\u00edc\u00ed variantu. V&nbsp;sou\u010dasn\u00e9 dob\u011b nab\u00eddka zahrnuje&nbsp;17&nbsp;kvalitn\u00edch model\u016f, mezi kter\u00fdmi jsou z\u00e1vodn\u00ed kola, horsk\u00e1 kola, d\u011btsk\u00e1 kola, m\u011bstsk\u00e1 kola i modern\u00ed kola elektrick\u00e1.<\/p>\n\n\n\n<blockquote class=\"wp-block-quote is-layout-flow wp-block-quote-is-layout-flow\"><p>Design se&nbsp;vyzna\u010duje pro zna\u010dku typick\u00fdmi detaily, jako jsou krystalick\u00e9 prvky, zelen\u00e9 a st\u0159\u00edbrn\u00e9 barevn\u00e9 te\u010dky a konturovan\u00fd n\u00e1pis \u0160koda.<\/p><\/blockquote>\n\n\n\n<h2 class=\"wp-block-heading\">Horsk\u00e1 elektrokola<\/h2>\n\n\n\n<figure class=\"wp-block-image size-large\"><img loading=\"lazy\" decoding=\"async\" width=\"1024\" height=\"683\" src=\"https:\/\/www.mzone.cz\/wp-content\/uploads\/2020\/06\/200603_EMTB-FULL_4-1024x683.jpg\" alt=\"Horsk\u00e9 elektrokolo \u0160koda\" class=\"wp-image-21898\" srcset=\"https:\/\/www.mzone.cz\/wp-content\/uploads\/2020\/06\/200603_EMTB-FULL_4-1024x683.jpg 1024w, https:\/\/www.mzone.cz\/wp-content\/uploads\/2020\/06\/200603_EMTB-FULL_4-300x200.jpg 300w, https:\/\/www.mzone.cz\/wp-content\/uploads\/2020\/06\/200603_EMTB-FULL_4-768x512.jpg 768w, https:\/\/www.mzone.cz\/wp-content\/uploads\/2020\/06\/200603_EMTB-FULL_4-1536x1024.jpg 1536w, https:\/\/www.mzone.cz\/wp-content\/uploads\/2020\/06\/200603_EMTB-FULL_4-2048x1365.jpg 2048w, https:\/\/www.mzone.cz\/wp-content\/uploads\/2020\/06\/200603_EMTB-FULL_4-800x533.jpg 800w, https:\/\/www.mzone.cz\/wp-content\/uploads\/2020\/06\/200603_EMTB-FULL_4-400x267.jpg 400w, https:\/\/www.mzone.cz\/wp-content\/uploads\/2020\/06\/200603_EMTB-FULL_4-500x333.jpg 500w, https:\/\/www.mzone.cz\/wp-content\/uploads\/2020\/06\/200603_EMTB-FULL_4-1170x780.jpg 1170w, https:\/\/www.mzone.cz\/wp-content\/uploads\/2020\/06\/200603_EMTB-FULL_4-590x393.jpg 590w\" sizes=\"auto, (max-width: 1024px) 100vw, 1024px\" \/><\/figure>\n\n\n\n<p>St\u00e1vaj\u00edc\u00ed nab\u00eddka krosov\u00fdch elektrokol <strong>E-Bike<\/strong> a <strong>E-Bike Lady<\/strong> se sm\u011brem nahoru roz\u0161i\u0159uje&nbsp;na horsk\u00e1&nbsp;elektrokola <strong>EMTB Full<\/strong> a <strong>EMTB<\/strong>. EMTB Full&nbsp;je celoodpru\u017een\u00e9 horsk\u00e9 elektrokolo, zat\u00edmco sestersk\u00fd&nbsp;model EMTB&nbsp;m\u00e1 jako takzvan\u00fd hardtail odpru\u017eenou p\u0159edn\u00ed vidlici.&nbsp;Oba modely vyu\u017e\u00edvaj\u00ed siln\u00fd pohon Shimano STEPS E7000 a v\u00fdkonn\u00e9 akumul\u00e1tory typu&nbsp;STEPS BT-E8010 s kapacitou 504 Wh.<\/p><br>\n\n\n\n<h2 class=\"wp-block-heading\">D\u011btsk\u00e1 kola<\/h2>\n\n\n\n<p>Pro nejmen\u0161\u00ed cyklisty nab\u00edz\u00ed \u0160kodovka d\u011btsk\u00e1 kola&nbsp;<strong>KID 16<\/strong>, <strong>KID 20<\/strong> a <strong>KID 24<\/strong> s koly o velikosti od 16 do 24&nbsp;palc\u016f.&nbsp;V\u0161echny modely se p\u0159edstavily ve sv\u011b\u017e\u00edm designu,&nbsp;kombinuj\u00edc\u00edm b\u00edl\u00fd r\u00e1m&nbsp;s&nbsp;krystalick\u00fdmi motivy, \u017elutou a zelenou barvou a st\u0159\u00edbrn\u00fdm n\u00e1pisem \u0160koda.<\/p><br>\n\n\n\n<h2 class=\"wp-block-heading\">Silni\u010dn\u00ed kola<\/h2>\n\n\n\n<figure class=\"wp-block-image size-large\"><img loading=\"lazy\" decoding=\"async\" width=\"1024\" height=\"683\" src=\"https:\/\/www.mzone.cz\/wp-content\/uploads\/2020\/06\/Cyklista-\u0160koda-1024x683.jpg\" alt=\"Silni\u010dn\u00ed kolo \u0160koda\" class=\"wp-image-21888\" srcset=\"https:\/\/www.mzone.cz\/wp-content\/uploads\/2020\/06\/Cyklista-\u0160koda-1024x683.jpg 1024w, https:\/\/www.mzone.cz\/wp-content\/uploads\/2020\/06\/Cyklista-\u0160koda-300x200.jpg 300w, https:\/\/www.mzone.cz\/wp-content\/uploads\/2020\/06\/Cyklista-\u0160koda-768x512.jpg 768w, https:\/\/www.mzone.cz\/wp-content\/uploads\/2020\/06\/Cyklista-\u0160koda-1536x1024.jpg 1536w, https:\/\/www.mzone.cz\/wp-content\/uploads\/2020\/06\/Cyklista-\u0160koda-2048x1365.jpg 2048w, https:\/\/www.mzone.cz\/wp-content\/uploads\/2020\/06\/Cyklista-\u0160koda-800x533.jpg 800w, https:\/\/www.mzone.cz\/wp-content\/uploads\/2020\/06\/Cyklista-\u0160koda-400x267.jpg 400w, https:\/\/www.mzone.cz\/wp-content\/uploads\/2020\/06\/Cyklista-\u0160koda-500x333.jpg 500w, https:\/\/www.mzone.cz\/wp-content\/uploads\/2020\/06\/Cyklista-\u0160koda-1170x780.jpg 1170w, https:\/\/www.mzone.cz\/wp-content\/uploads\/2020\/06\/Cyklista-\u0160koda-590x393.jpg 590w\" sizes=\"auto, (max-width: 1024px) 100vw, 1024px\" \/><\/figure>\n\n\n\n<p>Jako\u017eto ofici\u00e1ln\u00ed partner Tour de France nab\u00edz\u00ed \u0160kodovka ve sv\u00e9 kolekci j\u00edzdn\u00edch kol tak\u00e9 dv\u011b kvalitn\u00ed z\u00e1vodn\u00ed kola vybaven\u00e1 u\u0161lechtil\u00fdmi komponenty. Ob\u011b maj\u00ed lehk\u00fd r\u00e1m a vidlice z karbonu. \u0160pi\u010dkov\u00fd&nbsp;model <strong>Road Elite<\/strong>&nbsp;o v\u00e1ze 7,9 kilogram\u016f je vybaven komponenty Shimano Ultegra R8000 a jezd\u00ed na bezdu\u0161ov\u00fdch pneumatik\u00e1ch s koly zna\u010dky DT Swiss. Model <strong>Road<\/strong> v\u00e1\u017e\u00ed 9,6 kilogram\u016f a,&nbsp;stejn\u011b jako vrcholn\u00e1 varianta, je k&nbsp;dispozici ve \u010dty\u0159ech velikostech r\u00e1mu.<\/p><br>\n\n\n\n<h2 class=\"wp-block-heading\">Horsk\u00e1 kola<\/h2>\n\n\n\n<p>Pro jezdce,&nbsp;kte\u0159\u00ed se nejrad\u011bji pohybuj\u00ed mimo asfaltov\u00e9 silnice,&nbsp;jsou horsk\u00e1 kola&nbsp;<strong>MTB 29 Full<\/strong>, <strong>MTB 29<\/strong> nebo <strong>MTB Lady<\/strong>&nbsp;ur\u010dit\u011b t\u00edm spr\u00e1vn\u00fdm \u0159e\u0161en\u00edm.<\/p>\n\n\n\n<blockquote class=\"wp-block-quote is-layout-flow wp-block-quote-is-layout-flow\"><p>Celoodpru\u017een\u00fd model MTB 29 Full s karbonov\u00fdm r\u00e1mem je bestsellerem v portfoliu zna\u010dky. D\u00edky komponent\u016fm, jako je p\u0159ehazova\u010dka Sram Eagle a pru\u017een\u00ed DT Swiss se zdvihem 100 milimetr\u016f a nastavitelnou tuhost\u00ed pru\u017een\u00ed, bude&nbsp;v\u00fdlet do ter\u00e9nu hra\u010dkou.<\/p><\/blockquote>\n\n\n\n<p>Kolo MTB 29 ve variant\u011b hardtail m\u00e1 odpru\u017eenou p\u0159edn\u00ed vidlici a je,&nbsp;stejn\u011b jako sestersk\u00fd model, k&nbsp;dispozici ve t\u0159ech velikostech r\u00e1mu. Kolo MTB Lady se nab\u00edz\u00ed ve dvou velikostech r\u00e1mu a m\u00e1 speci\u00e1ln\u00ed geometrii r\u00e1mu. D\u00e1msk\u00fd model se od v\u0161ech ostatn\u00edch horsk\u00fdch kol li\u0161\u00ed i opticky.<\/p><br>\n\n\n\n<h2 class=\"wp-block-heading\">M\u011bstsk\u00e1 kola<\/h2>\n\n\n\n<figure class=\"wp-block-image size-large\"><img loading=\"lazy\" decoding=\"async\" width=\"1024\" height=\"439\" src=\"https:\/\/www.mzone.cz\/wp-content\/uploads\/2020\/06\/200603_retro_bike_3-1024x439.jpg\" alt=\"\u0160kodovka d\u011bl\u00e1 i m\u011bstsk\u00e1 kola do m\u011bsta\" class=\"wp-image-21907\" srcset=\"https:\/\/www.mzone.cz\/wp-content\/uploads\/2020\/06\/200603_retro_bike_3-1024x439.jpg 1024w, https:\/\/www.mzone.cz\/wp-content\/uploads\/2020\/06\/200603_retro_bike_3-300x129.jpg 300w, https:\/\/www.mzone.cz\/wp-content\/uploads\/2020\/06\/200603_retro_bike_3-768x330.jpg 768w, https:\/\/www.mzone.cz\/wp-content\/uploads\/2020\/06\/200603_retro_bike_3-1536x659.jpg 1536w, https:\/\/www.mzone.cz\/wp-content\/uploads\/2020\/06\/200603_retro_bike_3-2048x879.jpg 2048w, https:\/\/www.mzone.cz\/wp-content\/uploads\/2020\/06\/200603_retro_bike_3-590x253.jpg 590w\" sizes=\"auto, (max-width: 1024px) 100vw, 1024px\" \/><\/figure>\n\n\n\n<p>M\u011bstsk\u00e1 kola v&nbsp;retro stylu&nbsp;se opticky podobaj\u00ed j\u00edzdn\u00edm kol\u016fm z dob po\u010d\u00e1tk\u016f automobilky, nab\u00edz\u00ed ale modern\u00ed techniku a jsou vhodn\u00e9 pro ka\u017edodenn\u00ed pou\u017eit\u00ed. <strong>Voiturette<\/strong> a <strong>City<\/strong> jsou lakovan\u00e9 v klasick\u00e9m \u010dern\u00e9m odst\u00ednu a maj\u00ed hn\u011bd\u00e9 sedlo, hn\u011bd\u00e9 rukojeti&nbsp;\u0159\u00edd\u00edtek a b\u00e9\u017eov\u00e9pneumatiky.<\/p>\n\n\n\n<blockquote class=\"wp-block-quote is-layout-flow wp-block-quote-is-layout-flow\"><p>Model&nbsp;<strong>City Lady<\/strong> m\u00e1 kr\u00e9mov\u00fd lak a hn\u011bd\u00e9 pneumatiky. Sedmistup\u0148ov\u00e1 p\u0159ehazova\u010dka od firmy Shimano je synonymem spolehlivosti a prakti\u010dnosti.<\/p><\/blockquote>\n\n\n\n<p>\u010cist\u00fd a mimo\u0159\u00e1dn\u011b pohodln\u00fd&nbsp;pohon u&nbsp;modelu Voiturette zaji\u0161\u0165uje modern\u00ed hnac\u00ed \u0159emen nahrazuj\u00edc\u00ed b\u011b\u017en\u00fd \u0159et\u011bz.<\/p><br>\n\n\n\n<div class=\"wp-block-image\"><figure class=\"alignleft size-large is-resized\"><img loading=\"lazy\" decoding=\"async\" src=\"https:\/\/www.mzone.cz\/wp-content\/uploads\/2020\/03\/slavie-versus-festka-1024x682.jpg\" alt=\"\" class=\"wp-image-16780\" width=\"128\" height=\"84\" srcset=\"https:\/\/www.mzone.cz\/wp-content\/uploads\/2020\/03\/slavie-versus-festka-1024x682.jpg 1024w, https:\/\/www.mzone.cz\/wp-content\/uploads\/2020\/03\/slavie-versus-festka-300x200.jpg 300w, https:\/\/www.mzone.cz\/wp-content\/uploads\/2020\/03\/slavie-versus-festka-768x512.jpg 768w, https:\/\/www.mzone.cz\/wp-content\/uploads\/2020\/03\/slavie-versus-festka-1536x1024.jpg 1536w, https:\/\/www.mzone.cz\/wp-content\/uploads\/2020\/03\/slavie-versus-festka-800x533.jpg 800w, https:\/\/www.mzone.cz\/wp-content\/uploads\/2020\/03\/slavie-versus-festka-400x267.jpg 400w, https:\/\/www.mzone.cz\/wp-content\/uploads\/2020\/03\/slavie-versus-festka-500x333.jpg 500w, https:\/\/www.mzone.cz\/wp-content\/uploads\/2020\/03\/slavie-versus-festka-1170x780.jpg 1170w, https:\/\/www.mzone.cz\/wp-content\/uploads\/2020\/03\/slavie-versus-festka-590x393.jpg 590w, https:\/\/www.mzone.cz\/wp-content\/uploads\/2020\/03\/slavie-versus-festka.jpg 1631w\" sizes=\"auto, (max-width: 128px) 100vw, 128px\" \/><\/figure><\/div>\n\n\n\n<h4><a href=\"https:\/\/www.mzone.cz\/slavia-versus-festka-scalatore\/\">Slavia versus Festka Scalatore: 120 let cyklistick\u00e9 evoluce<\/a><\/h4><br>\n\n\n\n<p>A&nbsp;s&nbsp;modelem <strong>Stretchgo<\/strong> si na sv\u00e9 p\u0159ijdou i automobilist\u00e9. Praktick\u00e9 skl\u00e1dac\u00ed kolo se toti\u017e vejde do zavazadlov\u00e9ho prostoru a je tak dokonal\u00fdm pr\u016fvodcem&nbsp;pro&nbsp;posledn\u00ed m\u00edli. M\u00e1 sedmistup\u0148ovou p\u0159ehazova\u010dku Shimano&nbsp;a&nbsp;nab\u00edz\u00ed pohodln\u00fd posez&nbsp;i&nbsp;dobr\u00fd p\u0159ehled&nbsp;v&nbsp;m\u011bstsk\u00e9m provozu. V\u0161echna v\u00fd\u0161e zm\u00edn\u011bn\u00e1 kola najdete ke koupi ve <a href=\"https:\/\/eshop.skoda-auto.cz\/cs_CZ\/cyklistika\/c\/skodaCycling?gclid=EAIaIQobChMImbuPwdbi6QIVB-7tCh0Wqgs7EAAYASABEgLPxfD_BwE&amp;gclsrc=aw.ds\" target=\"_blank\" rel=\"noreferrer noopener\">\u0160koda E-shopu<\/a>.<\/p><br>","protected":false},"excerpt":{"rendered":"<p>J\u00edzdn\u00ed kola \u0160koda jsou dal\u0161\u00edm produktem mladoboleslavsk\u00e9 spole\u010dnosti, kter\u00e1 se jinak v\u011bnuje prim\u00e1rn\u011b v\u00fdrob\u011b automobil\u016f. Poj\u010fte se s n\u00e1mi pod\u00edvat, jak\u00e1 kola automobilka vyr\u00e1b\u00ed! Produktov\u00e1 paleta zna\u010dky \u0160koda zahrnuje vedle osobn\u00edch voz\u016f tak\u00e9 \u0161irokou nab\u00eddku j\u00edzdn\u00edch kol. S nimi ostatn\u011b v&nbsp;roce 1895 \u00fasp\u011b\u0161n\u00e1 historie firmy za\u010dala. A je\u0161t\u011b dnes m\u00e1 tradi\u010dn\u00ed \u010desk\u00e1&nbsp;automobilka, kter\u00e1 si letos [&hellip;]<\/p>\n","protected":false},"author":4,"featured_media":21888,"comment_status":"open","ping_status":"closed","sticky":false,"template":"","format":"standard","meta":{"kk_blocks_editor_width":"","_kiokenblocks_attr":"","_kiokenblocks_dimensions":"","footnotes":""},"categories":[80],"tags":[1950,3057,3283,3282,792,2429,1711,1715,1716,42,801],"class_list":["post-21887","post","type-post","status-publish","format-standard","has-post-thumbnail","hentry","category-sport","tag-cyklistika","tag-jizda-na-kole","tag-jizdni-kola","tag-kola","tag-modely","tag-mtb","tag-skoda","tag-skoda-auto","tag-skodovka","tag-sport","tag-volny-cas"],"yoast_head":"<!-- This site is optimized with the Yoast SEO plugin v27.5 - https:\/\/yoast.com\/product\/yoast-seo-wordpress\/ -->\n<title>Mysleli jste si, \u017ee \u0160kodovka vyr\u00e1b\u00ed jen auta? Omyl, d\u011bl\u00e1 tak\u00e9 do cyklistiky! - Mzone<\/title>\n<meta name=\"description\" content=\"J\u00edzdn\u00ed kola \u0160koda jsou dal\u0161\u00edm produktem mladoboleslavsk\u00e9 spole\u010dnosti, kter\u00e1 se jinak v\u011bnuje prim\u00e1rn\u011b v\u00fdrob\u011b automobil\u016f. Poj\u010fte se s n\u00e1mi pod\u00edvat, jak\u00e1 kola automobilka vyr\u00e1b\u00ed!\" \/>\n<meta name=\"robots\" content=\"index, follow, max-snippet:-1, max-image-preview:large, max-video-preview:-1\" \/>\n<link rel=\"canonical\" href=\"https:\/\/www.mzone.cz\/en\/jizdni-kola-skoda-modely\/\" \/>\n<meta property=\"og:locale\" content=\"en_US\" \/>\n<meta property=\"og:type\" content=\"article\" \/>\n<meta property=\"og:title\" content=\"Mysleli jste si, \u017ee \u0160kodovka vyr\u00e1b\u00ed jen auta? Omyl, d\u011bl\u00e1 tak\u00e9 do cyklistiky! - Mzone\" \/>\n<meta property=\"og:description\" content=\"J\u00edzdn\u00ed kola \u0160koda jsou dal\u0161\u00edm produktem mladoboleslavsk\u00e9 spole\u010dnosti, kter\u00e1 se jinak v\u011bnuje prim\u00e1rn\u011b v\u00fdrob\u011b automobil\u016f. Poj\u010fte se s n\u00e1mi pod\u00edvat, jak\u00e1 kola automobilka vyr\u00e1b\u00ed!\" \/>\n<meta property=\"og:url\" content=\"https:\/\/www.mzone.cz\/en\/jizdni-kola-skoda-modely\/\" \/>\n<meta property=\"og:site_name\" content=\"Mzone\" \/>\n<meta property=\"article:publisher\" content=\"https:\/\/www.facebook.com\/MzoneCZ\/\" \/>\n<meta property=\"article:published_time\" content=\"2020-08-16T03:00:00+00:00\" \/>\n<meta property=\"og:image\" content=\"https:\/\/www.mzone.cz\/wp-content\/uploads\/2020\/06\/Cyklista-\u0160koda-scaled.jpg\" \/>\n\t<meta property=\"og:image:width\" content=\"2560\" \/>\n\t<meta property=\"og:image:height\" content=\"1707\" \/>\n\t<meta property=\"og:image:type\" content=\"image\/jpeg\" \/>\n<meta name=\"author\" content=\"Mzone\" \/>\n<meta name=\"twitter:card\" content=\"summary_large_image\" \/>\n<meta name=\"twitter:label1\" content=\"Written by\" \/>\n\t<meta name=\"twitter:data1\" content=\"Mzone\" \/>\n\t<meta name=\"twitter:label2\" content=\"Est. reading time\" \/>\n\t<meta name=\"twitter:data2\" content=\"5 minutes\" \/>\n<script type=\"application\/ld+json\" class=\"yoast-schema-graph\">{\"@context\":\"https:\\\/\\\/schema.org\",\"@graph\":[{\"@type\":\"Article\",\"@id\":\"https:\\\/\\\/www.mzone.cz\\\/jizdni-kola-skoda-modely\\\/#article\",\"isPartOf\":{\"@id\":\"https:\\\/\\\/www.mzone.cz\\\/jizdni-kola-skoda-modely\\\/\"},\"author\":{\"name\":\"Mzone\",\"@id\":\"https:\\\/\\\/www.mzone.cz\\\/#\\\/schema\\\/person\\\/9bc20cc422a99cac4af6ff9297da32d4\"},\"headline\":\"Mysleli jste si, \u017ee \u0160kodovka vyr\u00e1b\u00ed jen auta? Omyl, d\u011bl\u00e1 tak\u00e9 do cyklistiky!\",\"datePublished\":\"2020-08-16T03:00:00+00:00\",\"mainEntityOfPage\":{\"@id\":\"https:\\\/\\\/www.mzone.cz\\\/jizdni-kola-skoda-modely\\\/\"},\"wordCount\":971,\"commentCount\":1,\"image\":{\"@id\":\"https:\\\/\\\/www.mzone.cz\\\/jizdni-kola-skoda-modely\\\/#primaryimage\"},\"thumbnailUrl\":\"https:\\\/\\\/www.mzone.cz\\\/wp-content\\\/uploads\\\/2020\\\/06\\\/Cyklista-\u0160koda-scaled.jpg\",\"keywords\":[\"cyklistika\",\"j\u00edzda na kole\",\"j\u00edzdn\u00ed kola\",\"kola\",\"modely\",\"MTB\",\"\u0160koda\",\"\u0160koda Auto\",\"\u0160kodovka\",\"Sport\",\"voln\u00fd \u010das\"],\"articleSection\":[\"Sport\"],\"inLanguage\":\"en-US\",\"potentialAction\":[{\"@type\":\"CommentAction\",\"name\":\"Comment\",\"target\":[\"https:\\\/\\\/www.mzone.cz\\\/jizdni-kola-skoda-modely\\\/#respond\"]}]},{\"@type\":\"WebPage\",\"@id\":\"https:\\\/\\\/www.mzone.cz\\\/jizdni-kola-skoda-modely\\\/\",\"url\":\"https:\\\/\\\/www.mzone.cz\\\/jizdni-kola-skoda-modely\\\/\",\"name\":\"Mysleli jste si, \u017ee \u0160kodovka vyr\u00e1b\u00ed jen auta? Omyl, d\u011bl\u00e1 tak\u00e9 do cyklistiky! - Mzone\",\"isPartOf\":{\"@id\":\"https:\\\/\\\/www.mzone.cz\\\/#website\"},\"primaryImageOfPage\":{\"@id\":\"https:\\\/\\\/www.mzone.cz\\\/jizdni-kola-skoda-modely\\\/#primaryimage\"},\"image\":{\"@id\":\"https:\\\/\\\/www.mzone.cz\\\/jizdni-kola-skoda-modely\\\/#primaryimage\"},\"thumbnailUrl\":\"https:\\\/\\\/www.mzone.cz\\\/wp-content\\\/uploads\\\/2020\\\/06\\\/Cyklista-\u0160koda-scaled.jpg\",\"datePublished\":\"2020-08-16T03:00:00+00:00\",\"author\":{\"@id\":\"https:\\\/\\\/www.mzone.cz\\\/#\\\/schema\\\/person\\\/9bc20cc422a99cac4af6ff9297da32d4\"},\"description\":\"J\u00edzdn\u00ed kola \u0160koda jsou dal\u0161\u00edm produktem mladoboleslavsk\u00e9 spole\u010dnosti, kter\u00e1 se jinak v\u011bnuje prim\u00e1rn\u011b v\u00fdrob\u011b automobil\u016f. Poj\u010fte se s n\u00e1mi pod\u00edvat, jak\u00e1 kola automobilka vyr\u00e1b\u00ed!\",\"breadcrumb\":{\"@id\":\"https:\\\/\\\/www.mzone.cz\\\/jizdni-kola-skoda-modely\\\/#breadcrumb\"},\"inLanguage\":\"en-US\",\"potentialAction\":[{\"@type\":\"ReadAction\",\"target\":[\"https:\\\/\\\/www.mzone.cz\\\/jizdni-kola-skoda-modely\\\/\"]}]},{\"@type\":\"ImageObject\",\"inLanguage\":\"en-US\",\"@id\":\"https:\\\/\\\/www.mzone.cz\\\/jizdni-kola-skoda-modely\\\/#primaryimage\",\"url\":\"https:\\\/\\\/www.mzone.cz\\\/wp-content\\\/uploads\\\/2020\\\/06\\\/Cyklista-\u0160koda-scaled.jpg\",\"contentUrl\":\"https:\\\/\\\/www.mzone.cz\\\/wp-content\\\/uploads\\\/2020\\\/06\\\/Cyklista-\u0160koda-scaled.jpg\",\"width\":2560,\"height\":1707},{\"@type\":\"BreadcrumbList\",\"@id\":\"https:\\\/\\\/www.mzone.cz\\\/jizdni-kola-skoda-modely\\\/#breadcrumb\",\"itemListElement\":[{\"@type\":\"ListItem\",\"position\":1,\"name\":\"Dom\u016f\",\"item\":\"https:\\\/\\\/www.mzone.cz\\\/\"},{\"@type\":\"ListItem\",\"position\":2,\"name\":\"Mysleli jste si, \u017ee \u0160kodovka vyr\u00e1b\u00ed jen auta? Omyl, d\u011bl\u00e1 tak\u00e9 do cyklistiky!\"}]},{\"@type\":\"WebSite\",\"@id\":\"https:\\\/\\\/www.mzone.cz\\\/#website\",\"url\":\"https:\\\/\\\/www.mzone.cz\\\/\",\"name\":\"Mzone\",\"description\":\"Magaz\u00edn nejen pro mu\u017ee\",\"potentialAction\":[{\"@type\":\"SearchAction\",\"target\":{\"@type\":\"EntryPoint\",\"urlTemplate\":\"https:\\\/\\\/www.mzone.cz\\\/?s={search_term_string}\"},\"query-input\":{\"@type\":\"PropertyValueSpecification\",\"valueRequired\":true,\"valueName\":\"search_term_string\"}}],\"inLanguage\":\"en-US\"},{\"@type\":\"Person\",\"@id\":\"https:\\\/\\\/www.mzone.cz\\\/#\\\/schema\\\/person\\\/9bc20cc422a99cac4af6ff9297da32d4\",\"name\":\"Mzone\",\"image\":{\"@type\":\"ImageObject\",\"inLanguage\":\"en-US\",\"@id\":\"https:\\\/\\\/secure.gravatar.com\\\/avatar\\\/e780a8630f3182a3d06dd667ab6bea151a0d155b0951bc15fe22633acdac0676?s=96&d=mm&r=g\",\"url\":\"https:\\\/\\\/secure.gravatar.com\\\/avatar\\\/e780a8630f3182a3d06dd667ab6bea151a0d155b0951bc15fe22633acdac0676?s=96&d=mm&r=g\",\"contentUrl\":\"https:\\\/\\\/secure.gravatar.com\\\/avatar\\\/e780a8630f3182a3d06dd667ab6bea151a0d155b0951bc15fe22633acdac0676?s=96&d=mm&r=g\",\"caption\":\"Mzone\"},\"url\":\"https:\\\/\\\/www.mzone.cz\\\/en\\\/author\\\/jakub\\\/\"}]}<\/script>\n<!-- \/ Yoast SEO plugin. -->","yoast_head_json":{"title":"Mysleli jste si, \u017ee \u0160kodovka vyr\u00e1b\u00ed jen auta? Omyl, d\u011bl\u00e1 tak\u00e9 do cyklistiky! - Mzone","description":"J\u00edzdn\u00ed kola \u0160koda jsou dal\u0161\u00edm produktem mladoboleslavsk\u00e9 spole\u010dnosti, kter\u00e1 se jinak v\u011bnuje prim\u00e1rn\u011b v\u00fdrob\u011b automobil\u016f. Poj\u010fte se s n\u00e1mi pod\u00edvat, jak\u00e1 kola automobilka vyr\u00e1b\u00ed!","robots":{"index":"index","follow":"follow","max-snippet":"max-snippet:-1","max-image-preview":"max-image-preview:large","max-video-preview":"max-video-preview:-1"},"canonical":"https:\/\/www.mzone.cz\/en\/jizdni-kola-skoda-modely\/","og_locale":"en_US","og_type":"article","og_title":"Mysleli jste si, \u017ee \u0160kodovka vyr\u00e1b\u00ed jen auta? Omyl, d\u011bl\u00e1 tak\u00e9 do cyklistiky! - Mzone","og_description":"J\u00edzdn\u00ed kola \u0160koda jsou dal\u0161\u00edm produktem mladoboleslavsk\u00e9 spole\u010dnosti, kter\u00e1 se jinak v\u011bnuje prim\u00e1rn\u011b v\u00fdrob\u011b automobil\u016f. Poj\u010fte se s n\u00e1mi pod\u00edvat, jak\u00e1 kola automobilka vyr\u00e1b\u00ed!","og_url":"https:\/\/www.mzone.cz\/en\/jizdni-kola-skoda-modely\/","og_site_name":"Mzone","article_publisher":"https:\/\/www.facebook.com\/MzoneCZ\/","article_published_time":"2020-08-16T03:00:00+00:00","og_image":[{"width":2560,"height":1707,"url":"https:\/\/www.mzone.cz\/wp-content\/uploads\/2020\/06\/Cyklista-\u0160koda-scaled.jpg","type":"image\/jpeg"}],"author":"Mzone","twitter_card":"summary_large_image","twitter_misc":{"Written by":"Mzone","Est. reading time":"5 minutes"},"schema":{"@context":"https:\/\/schema.org","@graph":[{"@type":"Article","@id":"https:\/\/www.mzone.cz\/jizdni-kola-skoda-modely\/#article","isPartOf":{"@id":"https:\/\/www.mzone.cz\/jizdni-kola-skoda-modely\/"},"author":{"name":"Mzone","@id":"https:\/\/www.mzone.cz\/#\/schema\/person\/9bc20cc422a99cac4af6ff9297da32d4"},"headline":"Mysleli jste si, \u017ee \u0160kodovka vyr\u00e1b\u00ed jen auta? Omyl, d\u011bl\u00e1 tak\u00e9 do cyklistiky!","datePublished":"2020-08-16T03:00:00+00:00","mainEntityOfPage":{"@id":"https:\/\/www.mzone.cz\/jizdni-kola-skoda-modely\/"},"wordCount":971,"commentCount":1,"image":{"@id":"https:\/\/www.mzone.cz\/jizdni-kola-skoda-modely\/#primaryimage"},"thumbnailUrl":"https:\/\/www.mzone.cz\/wp-content\/uploads\/2020\/06\/Cyklista-\u0160koda-scaled.jpg","keywords":["cyklistika","j\u00edzda na kole","j\u00edzdn\u00ed kola","kola","modely","MTB","\u0160koda","\u0160koda Auto","\u0160kodovka","Sport","voln\u00fd \u010das"],"articleSection":["Sport"],"inLanguage":"en-US","potentialAction":[{"@type":"CommentAction","name":"Comment","target":["https:\/\/www.mzone.cz\/jizdni-kola-skoda-modely\/#respond"]}]},{"@type":"WebPage","@id":"https:\/\/www.mzone.cz\/jizdni-kola-skoda-modely\/","url":"https:\/\/www.mzone.cz\/jizdni-kola-skoda-modely\/","name":"Mysleli jste si, \u017ee \u0160kodovka vyr\u00e1b\u00ed jen auta? Omyl, d\u011bl\u00e1 tak\u00e9 do cyklistiky! - Mzone","isPartOf":{"@id":"https:\/\/www.mzone.cz\/#website"},"primaryImageOfPage":{"@id":"https:\/\/www.mzone.cz\/jizdni-kola-skoda-modely\/#primaryimage"},"image":{"@id":"https:\/\/www.mzone.cz\/jizdni-kola-skoda-modely\/#primaryimage"},"thumbnailUrl":"https:\/\/www.mzone.cz\/wp-content\/uploads\/2020\/06\/Cyklista-\u0160koda-scaled.jpg","datePublished":"2020-08-16T03:00:00+00:00","author":{"@id":"https:\/\/www.mzone.cz\/#\/schema\/person\/9bc20cc422a99cac4af6ff9297da32d4"},"description":"J\u00edzdn\u00ed kola \u0160koda jsou dal\u0161\u00edm produktem mladoboleslavsk\u00e9 spole\u010dnosti, kter\u00e1 se jinak v\u011bnuje prim\u00e1rn\u011b v\u00fdrob\u011b automobil\u016f. Poj\u010fte se s n\u00e1mi pod\u00edvat, jak\u00e1 kola automobilka vyr\u00e1b\u00ed!","breadcrumb":{"@id":"https:\/\/www.mzone.cz\/jizdni-kola-skoda-modely\/#breadcrumb"},"inLanguage":"en-US","potentialAction":[{"@type":"ReadAction","target":["https:\/\/www.mzone.cz\/jizdni-kola-skoda-modely\/"]}]},{"@type":"ImageObject","inLanguage":"en-US","@id":"https:\/\/www.mzone.cz\/jizdni-kola-skoda-modely\/#primaryimage","url":"https:\/\/www.mzone.cz\/wp-content\/uploads\/2020\/06\/Cyklista-\u0160koda-scaled.jpg","contentUrl":"https:\/\/www.mzone.cz\/wp-content\/uploads\/2020\/06\/Cyklista-\u0160koda-scaled.jpg","width":2560,"height":1707},{"@type":"BreadcrumbList","@id":"https:\/\/www.mzone.cz\/jizdni-kola-skoda-modely\/#breadcrumb","itemListElement":[{"@type":"ListItem","position":1,"name":"Dom\u016f","item":"https:\/\/www.mzone.cz\/"},{"@type":"ListItem","position":2,"name":"Mysleli jste si, \u017ee \u0160kodovka vyr\u00e1b\u00ed jen auta? Omyl, d\u011bl\u00e1 tak\u00e9 do cyklistiky!"}]},{"@type":"WebSite","@id":"https:\/\/www.mzone.cz\/#website","url":"https:\/\/www.mzone.cz\/","name":"Mzone","description":"Magaz\u00edn nejen pro mu\u017ee","potentialAction":[{"@type":"SearchAction","target":{"@type":"EntryPoint","urlTemplate":"https:\/\/www.mzone.cz\/?s={search_term_string}"},"query-input":{"@type":"PropertyValueSpecification","valueRequired":true,"valueName":"search_term_string"}}],"inLanguage":"en-US"},{"@type":"Person","@id":"https:\/\/www.mzone.cz\/#\/schema\/person\/9bc20cc422a99cac4af6ff9297da32d4","name":"Mzone","image":{"@type":"ImageObject","inLanguage":"en-US","@id":"https:\/\/secure.gravatar.com\/avatar\/e780a8630f3182a3d06dd667ab6bea151a0d155b0951bc15fe22633acdac0676?s=96&d=mm&r=g","url":"https:\/\/secure.gravatar.com\/avatar\/e780a8630f3182a3d06dd667ab6bea151a0d155b0951bc15fe22633acdac0676?s=96&d=mm&r=g","contentUrl":"https:\/\/secure.gravatar.com\/avatar\/e780a8630f3182a3d06dd667ab6bea151a0d155b0951bc15fe22633acdac0676?s=96&d=mm&r=g","caption":"Mzone"},"url":"https:\/\/www.mzone.cz\/en\/author\/jakub\/"}]}},"_links":{"self":[{"href":"https:\/\/www.mzone.cz\/en\/wp-json\/wp\/v2\/posts\/21887","targetHints":{"allow":["GET"]}}],"collection":[{"href":"https:\/\/www.mzone.cz\/en\/wp-json\/wp\/v2\/posts"}],"about":[{"href":"https:\/\/www.mzone.cz\/en\/wp-json\/wp\/v2\/types\/post"}],"author":[{"embeddable":true,"href":"https:\/\/www.mzone.cz\/en\/wp-json\/wp\/v2\/users\/4"}],"replies":[{"embeddable":true,"href":"https:\/\/www.mzone.cz\/en\/wp-json\/wp\/v2\/comments?post=21887"}],"version-history":[{"count":20,"href":"https:\/\/www.mzone.cz\/en\/wp-json\/wp\/v2\/posts\/21887\/revisions"}],"predecessor-version":[{"id":22439,"href":"https:\/\/www.mzone.cz\/en\/wp-json\/wp\/v2\/posts\/21887\/revisions\/22439"}],"wp:featuredmedia":[{"embeddable":true,"href":"https:\/\/www.mzone.cz\/en\/wp-json\/wp\/v2\/media\/21888"}],"wp:attachment":[{"href":"https:\/\/www.mzone.cz\/en\/wp-json\/wp\/v2\/media?parent=21887"}],"wp:term":[{"taxonomy":"category","embeddable":true,"href":"https:\/\/www.mzone.cz\/en\/wp-json\/wp\/v2\/categories?post=21887"},{"taxonomy":"post_tag","embeddable":true,"href":"https:\/\/www.mzone.cz\/en\/wp-json\/wp\/v2\/tags?post=21887"}],"curies":[{"name":"wp","href":"https:\/\/api.w.org\/{rel}","templated":true}]}}